{"id":4347,"date":"2010-10-19T21:08:46","date_gmt":"2010-10-19T20:08:46","guid":{"rendered":"http:\/\/fjala.shkoder.net\/?p=4347"},"modified":"2010-10-19T21:08:46","modified_gmt":"2010-10-19T20:08:46","slug":"hajdute-si-ne","status":"publish","type":"post","link":"https:\/\/fjala.info\/2009-2015\/hajdute-si-ne\/","title":{"rendered":"Hajdut\u00eb \u2026si \u201cNe\u201d!"},"content":{"rendered":"<p><img loading=\"lazy\" decoding=\"async\" src=\"http:\/\/fjala.shkoder.net\/wp-content\/uploads\/2010\/10\/mero_baze14.jpg\" alt=\"\" title=\"Mero Baze\" width=\"149\" height=\"200\" class=\"alignright size-full wp-image-4348\" \/><\/p>\n<p>Nga <strong>Mero Baze<\/strong><\/p>\n<p>Standardi m\u00eb i ri q\u00eb ka p\u00ebrqafuar qeveria shqiptare p\u00ebr t\u00eb p\u00ebrballuar fushat\u00ebn anti-korrupsion t\u00eb opozit\u00ebs \u00ebsht\u00eb p\u00ebrpjekja p\u00ebr t\u00eb krijuar nj\u00eb simetri qoft\u00eb dhe fallco n\u00eb akuza. T\u00eb pafuqish\u00ebm p\u00ebr t\u00eb kund\u00ebrshtuar dhe shpjeguar shqiptar\u00ebve faktet e hidhura, q\u00eb po publikohen p\u00ebrdit\u00eb, p\u00ebr pla\u00e7kitjen e pasuris\u00eb komb\u00ebtare nga nj\u00eb tuf\u00eb kunet\u00ebrish, baxhanak\u00ebsh, kush\u00ebrinjsh dhe farefisni qeveritar\u00ebsh, njer\u00ebzit e pushtetit kan\u00eb kaluar n\u00eb pozita mbrojt\u00ebse, duke u shfaj\u00ebsuar se \u201cedhe Ju\u201d, pra ju t\u00eb opozit\u00ebs, jeni hajdut\u00eb si Ne.<\/p>\n<p>I pari q\u00eb e adoptoi k\u00ebt\u00eb skem\u00eb ishte Sali Berisha. Duke qen\u00eb se ai \u00ebsht\u00eb zyrtari i par\u00eb m\u00eb i lart\u00eb i shtetit shqiptar q\u00eb iu kap n\u00eb vjedhje djali, vajza, gruaja, baxhanaku dhe gjith\u00eb farefisi i mbesave dhe gruas s\u00eb tij, ai shpalli fushat\u00ebn e \u201c20 p\u00ebrqind\u00ebshit\u201d, nj\u00eb sajim qesharak, q\u00eb bazohet n\u00eb vet\u00eb deklaratat e Berish\u00ebs. K\u00ebshtu vajza e Sali Berish\u00ebs, Argita Malltezi, \u00ebsht\u00eb e vetmja q\u00eb deri m\u00eb sot \u00ebsht\u00eb kapur me presh n\u00eb duar, duke i k\u00ebrkuar nj\u00eb biznesmeni nga Lindja e Mesme 3 p\u00ebr qind \u201cfee success\u201d, p\u00ebr nj\u00eb projekt termocentrali n\u00eb Portoromano, n\u00eb tok\u00ebn e klientit t\u00eb vajz\u00ebs s\u00eb kryeministrit, Damir Fazlli\u00e7. <\/p>\n<p>Vajza e tij \u00ebsht\u00eb e vetmja pinjolle e nj\u00eb kryeministri n\u00eb Shqip\u00ebri, q\u00eb k\u00ebrkon 3 p\u00ebr qind t\u00eb vler\u00ebs s\u00eb investimit p\u00ebr firm\u00ebn e babait t\u00eb vet. Djali i kryeministrit, \u00ebsht\u00eb i p\u00ebrfshir\u00eb si sekser zyrtar n\u00eb shumic\u00ebn e bizneseve q\u00eb kan\u00eb nevoj\u00eb p\u00ebr firm\u00ebn e qeveris\u00eb, duke u detyruar ta deklaroj\u00eb dhe n\u00eb deklarat\u00ebn e pasuris\u00eb se ka b\u00ebr\u00eb qindra- mij\u00ebra dollar\u00eb si nd\u00ebrmjet\u00ebsues. Gruaja e tij po ashtu \u00ebsht\u00eb ende subjekti m\u00eb i pahetuar n\u00eb vend p\u00ebr m\u00ebnyr\u00ebn se si ka menaxhuar miliona euro q\u00eb mbledh n\u00eb ballot e bamir\u00ebsis\u00eb, nd\u00ebrkoh\u00eb q\u00eb qendrat e saj kund\u00ebr autizmit, kan\u00eb \u00e7mime shum\u00eb m\u00eb t\u00eb kripura se spitalet analoge private jasht\u00eb Shqip\u00ebris\u00eb. <\/p>\n<p>Nuk dua t\u00eb zgjatem m\u00eb tej me list\u00ebn e njer\u00ebzve t\u00eb af\u00ebrt t\u00eb kryeministrit, p\u00ebrfshir\u00eb n\u00eb biznese dhe veprimtari si sekser\u00eb. N\u00ebn shembullin e tij kemi kunet\u00ebrit, kunatat, vjehrr\u00ebt, vjehrrat, kush\u00ebrinjt\u00eb dhe t\u00eb af\u00ebrmit e gjith\u00eb ministrave q\u00eb u jan\u00eb turrur licencave dhe koncesioneve duke u futur ortak\u00eb me nga 20 deri 30 p\u00ebrqind n\u00eb \u00e7do biznes si gjob\u00eb e qenies s\u00eb tyre n\u00eb pushtet. Po botojm\u00eb sot disa kompani t\u00eb kush\u00ebririt t\u00eb ish-ministrit t\u00eb Ekonomis\u00eb, Genc Ruli, i cili ka hyr\u00eb partner nga 20 deri 30 p\u00ebrqind n\u00eb disa kompani, q\u00eb kan\u00eb p\u00ebrfituar licenca dhe koncensione nga ministri Ruli. Nuk duam t\u00eb themi automatikisht se Ruli e ka taks\u00ebn 30 p\u00ebrqind, por shihet qart\u00eb se e gjith\u00eb kjo procedur\u00eb bie er\u00eb e praktikave korruptive tribale t\u00eb qeveris\u00eb s\u00eb Sali Berish\u00ebs.<\/p>\n<p>P\u00ebrball\u00eb k\u00ebtyre fakteve kok\u00ebforte, tani kemi nj\u00eb strategji mbrojt\u00ebse qesharake t\u00eb qeveris\u00eb. Mbrojtja e tyre e vetme \u00ebsht\u00eb, \u201cedhe ju jeni hajdut\u00eb\u201d. Ti u thua vajza e kryeministrit \u00ebsht\u00eb seksere, dhe Berisha p\u00ebrgjigjet \u201cedhe Tan Lepuri \u00ebsht\u00eb sekser\u201d. Ti thua kunati i ministres Bregu \u00ebsht\u00eb mafioz, Berisha p\u00ebrgjigjet \u201cedhe v\u00ebllai i Fatmir Xhaf\u00ebs \u00ebsht\u00eb arrestuar nj\u00eb her\u00eb\u201d. Ti u thua shqiptar\u00ebve q\u00eb k\u00ebta po ua japin gjith\u00eb licencat dhe koncesionet kunet\u00ebrve, baxhanak\u00ebve dhe kush\u00ebrinjve t\u00eb par\u00eb, Berisha del thot\u00eb \u201cpo dhe ju i keni dh\u00ebn\u00eb leje nd\u00ebrtimi kunatit t\u00eb Dash Pez\u00ebs\u201d. <\/p>\n<p>Ti u thua shqiptar\u00ebve k\u00ebta kan\u00eb privilegjuar bizneset serbe n\u00eb Shqip\u00ebri dhe po financohen nga parat\u00eb publike, k\u00ebta t\u00eb thon\u00eb \u201cedhe Ramiz Alia ka gisht n\u00eb masakr\u00ebn e Tivarit\u201d. Ti u thua q\u00eb motrat Vokshi kan\u00eb privatizuar n\u00ebntok\u00ebn, tok\u00ebn dhe ajrin e Shqip\u00ebris\u00eb, k\u00ebta t\u00eb thon\u00eb \u201cdhe gruaja e nj\u00eb deputeti socialist ka punuar tek ministria e licencave\u201d. E gjith\u00eb kjo panoram\u00eb tragji-komike, po p\u00ebrpiqet t\u00eb paraqitet tani si mjedis i ndotur nga akuza reciproke. Kjo n\u00eb fakt \u00ebsht\u00eb shum\u00eb qesharake. E gjith\u00eb kjo, jo vet\u00ebm q\u00eb nuk \u00ebsht\u00eb nj\u00eb tablo reciproke mes dy pal\u00ebve, por \u00ebsht\u00eb nj\u00eb dor\u00ebzim pa kushte i shumic\u00ebs p\u00ebr t\u2019u mbrojtur nga akuzat p\u00ebr korrupsion. <\/p>\n<p>Ata kan\u00eb pranuar tashm\u00eb se jan\u00eb hajdut\u00eb, se i kan\u00eb b\u00ebr\u00eb t\u00eb gjitha ato q\u00eb thuhen dhe jan\u00eb n\u00eb k\u00ebrkim t\u00eb bashk\u00ebfajtor\u00ebve. Si t\u00eb paturpsh\u00ebm q\u00eb jan\u00eb, nuk vrasin shum\u00eb mendje se \u00e7far\u00eb kushtesh duhet t\u00eb plot\u00ebsoj\u00eb nj\u00eb bashk\u00ebfajtor me dik\u00eb q\u00eb merr pare p\u00ebr firm\u00ebn e babait kryeminist\u00ebr, me nj\u00eb bashk\u00ebfajtor q\u00eb privatizon p\u00ebr kunatin n\u00ebntok\u00ebn, tok\u00ebn dhe ajrin, me nj\u00eb minist\u00ebr q\u00eb u jep njer\u00ebzve t\u00eb vet kasat fiskale, me nj\u00eb minist\u00ebr tjet\u00ebr q\u00eb i jep djalit t\u00eb xhaxhait licenca koncensionesh p\u00ebr plehra dhe energji. Nuk vrasin mendje fare s\u00eb paku t\u00eb gjejn\u00eb di\u00e7ka t\u00eb ngjashme. U intereson vet\u00ebm nj\u00eb fjali: \u201cHajdut\u00eb jeni edhe ju, &#8230; si Ne!\u201d.<\/p>\n","protected":false},"excerpt":{"rendered":"<p>Nga Mero Baze Standardi m\u00eb i ri q\u00eb ka p\u00ebrqafuar qeveria shqiptare p\u00ebr t\u00eb p\u00ebrballuar fushat\u00ebn anti-korrupsion t\u00eb opozit\u00ebs \u00ebsht\u00eb p\u00ebrpjekja p\u00ebr t\u00eb krijuar nj\u00eb simetri qoft\u00eb dhe fallco n\u00eb akuza. T\u00eb pafuqish\u00ebm p\u00ebr t\u00eb kund\u00ebrshtuar dhe shpjeguar shqiptar\u00ebve faktet e hidhura, q\u00eb po publikohen p\u00ebrdit\u00eb, p\u00ebr pla\u00e7kitjen e pasuris\u00eb komb\u00ebtare nga nj\u00eb tuf\u00eb kunet\u00ebrish, [&hellip;]<\/p>\n","protected":false},"author":1,"featured_media":0,"comment_status":"open","ping_status":"closed","sticky":false,"template":"","format":"standard","meta":{"footnotes":""},"categories":[2],"tags":[],"class_list":{"0":"post-4347","1":"post","2":"type-post","3":"status-publish","4":"format-standard","6":"category-artikuj"},"yoast_head":"<!-- This site is optimized with the Yoast SEO plugin v27.4 - https:\/\/yoast.com\/product\/yoast-seo-wordpress\/ -->\n<title>Hajdut\u00eb \u2026si \u201cNe\u201d! - FjALA e LIR\u00cb - Arkivi<\/title>\n<meta name=\"robots\" content=\"index, follow, max-snippet:-1, max-image-preview:large, max-video-preview:-1\" \/>\n<link rel=\"canonical\" href=\"https:\/\/fjala.info\/2009-2015\/hajdute-si-ne\/\" \/>\n<meta property=\"og:locale\" content=\"sq_AL\" \/>\n<meta property=\"og:type\" content=\"article\" \/>\n<meta property=\"og:title\" content=\"Hajdut\u00eb \u2026si \u201cNe\u201d! - FjALA e LIR\u00cb - Arkivi\" \/>\n<meta property=\"og:description\" content=\"Nga Mero Baze Standardi m\u00eb i ri q\u00eb ka p\u00ebrqafuar qeveria shqiptare p\u00ebr t\u00eb p\u00ebrballuar fushat\u00ebn anti-korrupsion t\u00eb opozit\u00ebs \u00ebsht\u00eb p\u00ebrpjekja p\u00ebr t\u00eb krijuar nj\u00eb simetri qoft\u00eb dhe fallco n\u00eb akuza. T\u00eb pafuqish\u00ebm p\u00ebr t\u00eb kund\u00ebrshtuar dhe shpjeguar shqiptar\u00ebve faktet e hidhura, q\u00eb po publikohen p\u00ebrdit\u00eb, p\u00ebr pla\u00e7kitjen e pasuris\u00eb komb\u00ebtare nga nj\u00eb tuf\u00eb kunet\u00ebrish, [&hellip;]\" \/>\n<meta property=\"og:url\" content=\"https:\/\/fjala.info\/2009-2015\/hajdute-si-ne\/\" \/>\n<meta property=\"og:site_name\" content=\"FjALA e LIR\u00cb - Arkivi\" \/>\n<meta property=\"article:published_time\" content=\"2010-10-19T20:08:46+00:00\" \/>\n<meta property=\"og:image\" content=\"http:\/\/fjala.shkoder.net\/wp-content\/uploads\/2010\/10\/mero_baze14.jpg\" \/>\n<meta name=\"author\" content=\"admin\" \/>\n<meta name=\"twitter:card\" content=\"summary_large_image\" \/>\n<meta name=\"twitter:label1\" content=\"Written by\" \/>\n\t<meta name=\"twitter:data1\" content=\"admin\" \/>\n\t<meta name=\"twitter:label2\" content=\"Est. reading time\" \/>\n\t<meta name=\"twitter:data2\" content=\"4 minutes\" \/>\n<script type=\"application\/ld+json\" class=\"yoast-schema-graph\">{\"@context\":\"https:\\\/\\\/schema.org\",\"@graph\":[{\"@type\":\"Article\",\"@id\":\"https:\\\/\\\/fjala.info\\\/2009-2015\\\/hajdute-si-ne\\\/#article\",\"isPartOf\":{\"@id\":\"https:\\\/\\\/fjala.info\\\/2009-2015\\\/hajdute-si-ne\\\/\"},\"author\":{\"name\":\"admin\",\"@id\":\"https:\\\/\\\/fjala.info\\\/2009-2015\\\/#\\\/schema\\\/person\\\/3aa1163ef05469c496fc94e77611ada2\"},\"headline\":\"Hajdut\u00eb \u2026si \u201cNe\u201d!\",\"datePublished\":\"2010-10-19T20:08:46+00:00\",\"mainEntityOfPage\":{\"@id\":\"https:\\\/\\\/fjala.info\\\/2009-2015\\\/hajdute-si-ne\\\/\"},\"wordCount\":866,\"commentCount\":0,\"publisher\":{\"@id\":\"https:\\\/\\\/fjala.info\\\/2009-2015\\\/#organization\"},\"image\":{\"@id\":\"https:\\\/\\\/fjala.info\\\/2009-2015\\\/hajdute-si-ne\\\/#primaryimage\"},\"thumbnailUrl\":\"http:\\\/\\\/fjala.shkoder.net\\\/wp-content\\\/uploads\\\/2010\\\/10\\\/mero_baze14.jpg\",\"articleSection\":[\"Artikuj\"],\"inLanguage\":\"sq-AL\",\"potentialAction\":[{\"@type\":\"CommentAction\",\"name\":\"Comment\",\"target\":[\"https:\\\/\\\/fjala.info\\\/2009-2015\\\/hajdute-si-ne\\\/#respond\"]}]},{\"@type\":\"WebPage\",\"@id\":\"https:\\\/\\\/fjala.info\\\/2009-2015\\\/hajdute-si-ne\\\/\",\"url\":\"https:\\\/\\\/fjala.info\\\/2009-2015\\\/hajdute-si-ne\\\/\",\"name\":\"Hajdut\u00eb \u2026si \u201cNe\u201d! - FjALA e LIR\u00cb - Arkivi\",\"isPartOf\":{\"@id\":\"https:\\\/\\\/fjala.info\\\/2009-2015\\\/#website\"},\"primaryImageOfPage\":{\"@id\":\"https:\\\/\\\/fjala.info\\\/2009-2015\\\/hajdute-si-ne\\\/#primaryimage\"},\"image\":{\"@id\":\"https:\\\/\\\/fjala.info\\\/2009-2015\\\/hajdute-si-ne\\\/#primaryimage\"},\"thumbnailUrl\":\"http:\\\/\\\/fjala.shkoder.net\\\/wp-content\\\/uploads\\\/2010\\\/10\\\/mero_baze14.jpg\",\"datePublished\":\"2010-10-19T20:08:46+00:00\",\"breadcrumb\":{\"@id\":\"https:\\\/\\\/fjala.info\\\/2009-2015\\\/hajdute-si-ne\\\/#breadcrumb\"},\"inLanguage\":\"sq-AL\",\"potentialAction\":[{\"@type\":\"ReadAction\",\"target\":[\"https:\\\/\\\/fjala.info\\\/2009-2015\\\/hajdute-si-ne\\\/\"]}]},{\"@type\":\"ImageObject\",\"inLanguage\":\"sq-AL\",\"@id\":\"https:\\\/\\\/fjala.info\\\/2009-2015\\\/hajdute-si-ne\\\/#primaryimage\",\"url\":\"http:\\\/\\\/fjala.shkoder.net\\\/wp-content\\\/uploads\\\/2010\\\/10\\\/mero_baze14.jpg\",\"contentUrl\":\"http:\\\/\\\/fjala.shkoder.net\\\/wp-content\\\/uploads\\\/2010\\\/10\\\/mero_baze14.jpg\"},{\"@type\":\"BreadcrumbList\",\"@id\":\"https:\\\/\\\/fjala.info\\\/2009-2015\\\/hajdute-si-ne\\\/#breadcrumb\",\"itemListElement\":[{\"@type\":\"ListItem\",\"position\":1,\"name\":\"Home\",\"item\":\"https:\\\/\\\/fjala.info\\\/2009-2015\\\/\"},{\"@type\":\"ListItem\",\"position\":2,\"name\":\"Hajdut\u00eb \u2026si \u201cNe\u201d!\"}]},{\"@type\":\"WebSite\",\"@id\":\"https:\\\/\\\/fjala.info\\\/2009-2015\\\/#website\",\"url\":\"https:\\\/\\\/fjala.info\\\/2009-2015\\\/\",\"name\":\"FjALA e LIR\u00cb - Arkivi\",\"description\":\"Arkivi 2009-2015\",\"publisher\":{\"@id\":\"https:\\\/\\\/fjala.info\\\/2009-2015\\\/#organization\"},\"potentialAction\":[{\"@type\":\"SearchAction\",\"target\":{\"@type\":\"EntryPoint\",\"urlTemplate\":\"https:\\\/\\\/fjala.info\\\/2009-2015\\\/?s={search_term_string}\"},\"query-input\":{\"@type\":\"PropertyValueSpecification\",\"valueRequired\":true,\"valueName\":\"search_term_string\"}}],\"inLanguage\":\"sq-AL\"},{\"@type\":\"Organization\",\"@id\":\"https:\\\/\\\/fjala.info\\\/2009-2015\\\/#organization\",\"name\":\"FjALA e LIR\u00cb - Arkivi\",\"url\":\"https:\\\/\\\/fjala.info\\\/2009-2015\\\/\",\"logo\":{\"@type\":\"ImageObject\",\"inLanguage\":\"sq-AL\",\"@id\":\"https:\\\/\\\/fjala.info\\\/2009-2015\\\/#\\\/schema\\\/logo\\\/image\\\/\",\"url\":\"\",\"contentUrl\":\"\",\"caption\":\"FjALA e LIR\u00cb - Arkivi\"},\"image\":{\"@id\":\"https:\\\/\\\/fjala.info\\\/2009-2015\\\/#\\\/schema\\\/logo\\\/image\\\/\"}},{\"@type\":\"Person\",\"@id\":\"https:\\\/\\\/fjala.info\\\/2009-2015\\\/#\\\/schema\\\/person\\\/3aa1163ef05469c496fc94e77611ada2\",\"name\":\"admin\",\"image\":{\"@type\":\"ImageObject\",\"inLanguage\":\"sq-AL\",\"@id\":\"https:\\\/\\\/fjala.info\\\/2009-2015\\\/wp-content\\\/uploads\\\/2012\\\/02\\\/arben_cokaj-120x150.jpg\",\"url\":\"https:\\\/\\\/fjala.info\\\/2009-2015\\\/wp-content\\\/uploads\\\/2012\\\/02\\\/arben_cokaj-120x150.jpg\",\"contentUrl\":\"https:\\\/\\\/fjala.info\\\/2009-2015\\\/wp-content\\\/uploads\\\/2012\\\/02\\\/arben_cokaj-120x150.jpg\",\"caption\":\"admin\"},\"description\":\"Admin, Fjala e Lir\u00eb\",\"sameAs\":[\"https:\\\/\\\/fjala.info\\\/\"],\"url\":\"https:\\\/\\\/fjala.info\\\/2009-2015\\\/author\\\/admin\\\/\"}]}<\/script>\n<!-- \/ Yoast SEO plugin. -->","yoast_head_json":{"title":"Hajdut\u00eb \u2026si \u201cNe\u201d! - FjALA e LIR\u00cb - Arkivi","robots":{"index":"index","follow":"follow","max-snippet":"max-snippet:-1","max-image-preview":"max-image-preview:large","max-video-preview":"max-video-preview:-1"},"canonical":"https:\/\/fjala.info\/2009-2015\/hajdute-si-ne\/","og_locale":"sq_AL","og_type":"article","og_title":"Hajdut\u00eb \u2026si \u201cNe\u201d! - FjALA e LIR\u00cb - Arkivi","og_description":"Nga Mero Baze Standardi m\u00eb i ri q\u00eb ka p\u00ebrqafuar qeveria shqiptare p\u00ebr t\u00eb p\u00ebrballuar fushat\u00ebn anti-korrupsion t\u00eb opozit\u00ebs \u00ebsht\u00eb p\u00ebrpjekja p\u00ebr t\u00eb krijuar nj\u00eb simetri qoft\u00eb dhe fallco n\u00eb akuza. T\u00eb pafuqish\u00ebm p\u00ebr t\u00eb kund\u00ebrshtuar dhe shpjeguar shqiptar\u00ebve faktet e hidhura, q\u00eb po publikohen p\u00ebrdit\u00eb, p\u00ebr pla\u00e7kitjen e pasuris\u00eb komb\u00ebtare nga nj\u00eb tuf\u00eb kunet\u00ebrish, [&hellip;]","og_url":"https:\/\/fjala.info\/2009-2015\/hajdute-si-ne\/","og_site_name":"FjALA e LIR\u00cb - Arkivi","article_published_time":"2010-10-19T20:08:46+00:00","og_image":[{"url":"http:\/\/fjala.shkoder.net\/wp-content\/uploads\/2010\/10\/mero_baze14.jpg","type":"","width":"","height":""}],"author":"admin","twitter_card":"summary_large_image","twitter_misc":{"Written by":"admin","Est. reading time":"4 minutes"},"schema":{"@context":"https:\/\/schema.org","@graph":[{"@type":"Article","@id":"https:\/\/fjala.info\/2009-2015\/hajdute-si-ne\/#article","isPartOf":{"@id":"https:\/\/fjala.info\/2009-2015\/hajdute-si-ne\/"},"author":{"name":"admin","@id":"https:\/\/fjala.info\/2009-2015\/#\/schema\/person\/3aa1163ef05469c496fc94e77611ada2"},"headline":"Hajdut\u00eb \u2026si \u201cNe\u201d!","datePublished":"2010-10-19T20:08:46+00:00","mainEntityOfPage":{"@id":"https:\/\/fjala.info\/2009-2015\/hajdute-si-ne\/"},"wordCount":866,"commentCount":0,"publisher":{"@id":"https:\/\/fjala.info\/2009-2015\/#organization"},"image":{"@id":"https:\/\/fjala.info\/2009-2015\/hajdute-si-ne\/#primaryimage"},"thumbnailUrl":"http:\/\/fjala.shkoder.net\/wp-content\/uploads\/2010\/10\/mero_baze14.jpg","articleSection":["Artikuj"],"inLanguage":"sq-AL","potentialAction":[{"@type":"CommentAction","name":"Comment","target":["https:\/\/fjala.info\/2009-2015\/hajdute-si-ne\/#respond"]}]},{"@type":"WebPage","@id":"https:\/\/fjala.info\/2009-2015\/hajdute-si-ne\/","url":"https:\/\/fjala.info\/2009-2015\/hajdute-si-ne\/","name":"Hajdut\u00eb \u2026si \u201cNe\u201d! - FjALA e LIR\u00cb - Arkivi","isPartOf":{"@id":"https:\/\/fjala.info\/2009-2015\/#website"},"primaryImageOfPage":{"@id":"https:\/\/fjala.info\/2009-2015\/hajdute-si-ne\/#primaryimage"},"image":{"@id":"https:\/\/fjala.info\/2009-2015\/hajdute-si-ne\/#primaryimage"},"thumbnailUrl":"http:\/\/fjala.shkoder.net\/wp-content\/uploads\/2010\/10\/mero_baze14.jpg","datePublished":"2010-10-19T20:08:46+00:00","breadcrumb":{"@id":"https:\/\/fjala.info\/2009-2015\/hajdute-si-ne\/#breadcrumb"},"inLanguage":"sq-AL","potentialAction":[{"@type":"ReadAction","target":["https:\/\/fjala.info\/2009-2015\/hajdute-si-ne\/"]}]},{"@type":"ImageObject","inLanguage":"sq-AL","@id":"https:\/\/fjala.info\/2009-2015\/hajdute-si-ne\/#primaryimage","url":"http:\/\/fjala.shkoder.net\/wp-content\/uploads\/2010\/10\/mero_baze14.jpg","contentUrl":"http:\/\/fjala.shkoder.net\/wp-content\/uploads\/2010\/10\/mero_baze14.jpg"},{"@type":"BreadcrumbList","@id":"https:\/\/fjala.info\/2009-2015\/hajdute-si-ne\/#breadcrumb","itemListElement":[{"@type":"ListItem","position":1,"name":"Home","item":"https:\/\/fjala.info\/2009-2015\/"},{"@type":"ListItem","position":2,"name":"Hajdut\u00eb \u2026si \u201cNe\u201d!"}]},{"@type":"WebSite","@id":"https:\/\/fjala.info\/2009-2015\/#website","url":"https:\/\/fjala.info\/2009-2015\/","name":"FjALA e LIR\u00cb - Arkivi","description":"Arkivi 2009-2015","publisher":{"@id":"https:\/\/fjala.info\/2009-2015\/#organization"},"potentialAction":[{"@type":"SearchAction","target":{"@type":"EntryPoint","urlTemplate":"https:\/\/fjala.info\/2009-2015\/?s={search_term_string}"},"query-input":{"@type":"PropertyValueSpecification","valueRequired":true,"valueName":"search_term_string"}}],"inLanguage":"sq-AL"},{"@type":"Organization","@id":"https:\/\/fjala.info\/2009-2015\/#organization","name":"FjALA e LIR\u00cb - Arkivi","url":"https:\/\/fjala.info\/2009-2015\/","logo":{"@type":"ImageObject","inLanguage":"sq-AL","@id":"https:\/\/fjala.info\/2009-2015\/#\/schema\/logo\/image\/","url":"","contentUrl":"","caption":"FjALA e LIR\u00cb - Arkivi"},"image":{"@id":"https:\/\/fjala.info\/2009-2015\/#\/schema\/logo\/image\/"}},{"@type":"Person","@id":"https:\/\/fjala.info\/2009-2015\/#\/schema\/person\/3aa1163ef05469c496fc94e77611ada2","name":"admin","image":{"@type":"ImageObject","inLanguage":"sq-AL","@id":"https:\/\/fjala.info\/2009-2015\/wp-content\/uploads\/2012\/02\/arben_cokaj-120x150.jpg","url":"https:\/\/fjala.info\/2009-2015\/wp-content\/uploads\/2012\/02\/arben_cokaj-120x150.jpg","contentUrl":"https:\/\/fjala.info\/2009-2015\/wp-content\/uploads\/2012\/02\/arben_cokaj-120x150.jpg","caption":"admin"},"description":"Admin, Fjala e Lir\u00eb","sameAs":["https:\/\/fjala.info\/"],"url":"https:\/\/fjala.info\/2009-2015\/author\/admin\/"}]}},"_links":{"self":[{"href":"https:\/\/fjala.info\/2009-2015\/wp-json\/wp\/v2\/posts\/4347","targetHints":{"allow":["GET"]}}],"collection":[{"href":"https:\/\/fjala.info\/2009-2015\/wp-json\/wp\/v2\/posts"}],"about":[{"href":"https:\/\/fjala.info\/2009-2015\/wp-json\/wp\/v2\/types\/post"}],"author":[{"embeddable":true,"href":"https:\/\/fjala.info\/2009-2015\/wp-json\/wp\/v2\/users\/1"}],"replies":[{"embeddable":true,"href":"https:\/\/fjala.info\/2009-2015\/wp-json\/wp\/v2\/comments?post=4347"}],"version-history":[{"count":0,"href":"https:\/\/fjala.info\/2009-2015\/wp-json\/wp\/v2\/posts\/4347\/revisions"}],"wp:attachment":[{"href":"https:\/\/fjala.info\/2009-2015\/wp-json\/wp\/v2\/media?parent=4347"}],"wp:term":[{"taxonomy":"category","embeddable":true,"href":"https:\/\/fjala.info\/2009-2015\/wp-json\/wp\/v2\/categories?post=4347"},{"taxonomy":"post_tag","embeddable":true,"href":"https:\/\/fjala.info\/2009-2015\/wp-json\/wp\/v2\/tags?post=4347"}],"curies":[{"name":"wp","href":"https:\/\/api.w.org\/{rel}","templated":true}]}}