{"id":4338,"date":"2012-08-10T22:51:21","date_gmt":"2012-08-10T21:51:21","guid":{"rendered":"http:\/\/www.fjala.info\/?p=4338"},"modified":"2012-08-10T22:51:21","modified_gmt":"2012-08-10T21:51:21","slug":"arber-qendro-me-ne-mik-i-dashur","status":"publish","type":"post","link":"https:\/\/fjala.info\/2009-2015\/arber-qendro-me-ne-mik-i-dashur\/","title":{"rendered":"Arb\u00ebr, q\u00ebndro me ne mik i dashur"},"content":{"rendered":"<p><img decoding=\"async\" class=\"alignleft size-thumbnail wp-image-7236\" title=\"Arb\u00ebn Xhaferri\" src=\"http:\/\/www.fjala.info\/2012\/arben_xhaferi1.jpg\" alt=\"\" width=\"300\" \/> Nga <strong>Adrian Thano<\/strong>, <em>10 gusht 2012<\/em><\/p>\n<p>S\u00ebmundja (ai nuk fliste kurr\u00eb p\u00ebr t\u00eb) ia kish\u2019 ngadal\u00ebsuar prej koh\u00ebsh t\u00eb folur\u00ebn, l\u00ebvizjet, ecjen&#8230; N\u00eb nj\u00ebfar\u00eb m\u00ebnyre ti e di q\u00eb do ndodh\u00eb nj\u00eb dit\u00eb, por prap\u00eb, lajmi nuk t\u00eb vjen ashtu i pabeft\u00eb; p\u00ebrkundrazi, t\u00eb kap papritur, t\u00eb b\u00ebn t\u00eb vuash, t\u00eb dhemb n\u00eb zem\u00ebr; kujton telefonat\u00ebn e fundit, emailin e pak dit\u00ebve m\u00eb par\u00eb dhe ndjen nj\u00eb l\u00ebmsh t\u00eb ngat\u00ebrruar hidh\u00ebrimi pafund.<\/p>\n<p>Sa her\u00eb flisja me Arb\u00ebrin n\u00eb telefon, n\u00eb ato pauzat e mundimshme t\u00eb bised\u00ebs q\u00eb ia krijonte pamund\u00ebsia prej s\u00ebmundjes p\u00ebr t\u00eb folur rrjedhsh\u00ebm, i b\u00ebja vetes pyetjen: Ku e gjen forc\u00ebn ky njeri? Shum\u00ebkush tjet\u00ebr do ishte dor\u00ebzuar me koh\u00eb. S\u00ebmundja? Fati? Po \u00e7&#8217;\u00ebsht\u00eb &#8220;fati&#8221;? Nj\u00eb justifikim p\u00ebr ata q\u00eb nuk kan\u00eb vendosm\u00ebri. Ky \u00ebsht\u00eb vet\u00ebm nj\u00eb nga m\u00ebsimet q\u00eb m\u00eb ka dh\u00ebn\u00eb Arb\u00ebri.<\/p>\n<p>Kur e kam takuar p\u00ebr her\u00eb t\u00eb par\u00eb rreth vitit 2000, pata at\u00eb ndjesin\u00eb q\u00eb t\u00eb duket se njeriun p\u00ebrball\u00eb e ke njohur prej koh\u00ebsh, kur n\u00eb fakt sapo e ke njohur. \u00cbsht\u00eb nj\u00eb nga ngjarjet q\u00eb m\u00eb kan\u00eb bindur se miq\u00ebsia &#8211; ajo e v\u00ebrteta &#8211; \u00ebsht\u00eb nj\u00eb ndjesi q\u00eb \u2018rritet\u2019 n\u00eb t\u00eb shkuar\u00ebn: nj\u00eb mik i mir\u00eb \u201c\u00ebsht\u00eb\u201d gjithmon\u00eb me ty; ka qen\u00eb edhe para se ta njoh\u00ebsh. Ky ishte m\u00ebsimi i dyt\u00eb q\u00eb kam marr\u00eb nga Arb\u00ebri.<\/p>\n<p>Kam njohur burra e gra n\u00eb k\u00ebt\u00eb jet\u00eb q\u00eb flasin e flasin pa fund. N\u00eb k\u00ebt\u00eb katund t\u00eb Europ\u00ebs ku ndajm\u00eb jet\u00ebt tona, k\u00ebta kan\u00eb b\u00ebr\u00eb \u00e7\u2019kan\u00eb dashur, megjith\u00ebse nuk kan\u00eb zot\u00ebsi t\u00eb tjera ve\u00e7 nj\u00ebr\u00ebs: e njohin mir\u00eb artin e fjal\u00ebve boshe. Kur bisedoja me Arb\u00ebrin, (nuk ia kam th\u00ebn\u00eb kurr\u00eb) mendoja: O Zot&#8230; P\u00ebrse i ke marr\u00eb goj\u00ebn k\u00ebtij njeriu q\u00eb di kaq shum\u00eb dhe ka kaq shum\u00eb p\u00ebr t\u00eb na th\u00ebn\u00eb dhe ua ke l\u00ebn\u00eb atyre q\u00eb nuk kan\u00eb asgj\u00eb p\u00ebr t\u00eb th\u00ebn\u00eb, por nuk pushojn\u00eb kurr\u00eb s\u00eb foluri?&#8230;<\/p>\n<p>E p\u00ebrfytyroj mikun tim t\u00eb urt\u00eb k\u00ebt\u00eb m\u00ebngjes mes jet\u00ebs dhe vdekjes, n\u00eb koma, n\u00eb at\u00eb shtrat spitali n\u00eb Shkupin e larg\u00ebt. Ndoshta \u00ebsht\u00eb ende me ne, ndoshta na ka l\u00ebn\u00eb tashm\u00eb. Ndihem v\u00ebrtet keq. Keq sa s\u2019thuhet. Arb\u00ebr, do donim shum\u00eb t\u00eb mos ikje. Ende jo.<\/p>\n<p>&#8212;&#8212;&#8212;&#8212;&#8212;&#8211;<\/p>\n<p><strong>Ka qen\u00eb Tha\u00e7i q\u00eb e ka gjetur Xhaferrin n\u00eb sht\u00ebpi pa ndjenja<\/strong><\/p>\n<p><strong>ResPublica.al<\/strong>, <em>10 gusht 2012<\/em><\/p>\n<p>Informacionet q\u00eb vijn\u00eb nga Shkupi flasin ende p\u00ebr nj\u00eb gjendje t\u00eb r\u00ebnd\u00eb sh\u00ebndet\u00ebsore t\u00eb Arb\u00ebn Xhaferrit. Por nd\u00ebrkoh\u00eb sakt\u00ebsohen rrethanat, n\u00eb t\u00eb cilat ai \u00ebsht\u00eb gjendur n\u00eb koma. Ka qen\u00eb i vet\u00ebm n\u00eb sht\u00ebpi, pasi familja e tij e ndan koh\u00ebn e q\u00ebndrimit midis Prishtin\u00ebs e Tetov\u00ebs. N\u00eb nj\u00eb moment, shoferi i tij \u00ebsht\u00eb shqet\u00ebsuar nga fakti q\u00eb ai nuk po b\u00ebhej i gjall\u00eb.<\/p>\n<p>Por nuk ka guxuar t\u00eb hyj\u00eb e t\u00eb interesohet, e p\u00ebr k\u00ebt\u00eb arsye ka marr\u00eb n\u00eb telefon njer\u00ebzit e Menduh Tha\u00e7it, pasardh\u00ebsit t\u00eb vet n\u00eb krye t\u00eb PDSH-s\u00eb. Sipas Panoram\u00ebs s\u00eb sotme, ka mb\u00ebrritur vet\u00eb ky i fundit, dhe \u00ebsht\u00eb detyruar t\u00eb hyj\u00eb nga dritarja e apartamentit, ku banon Xhaferri. Aty e ka gjetur pa ndjenja.<\/p>\n<p>E gjitha kjo ka ndodhur pardje n\u00eb mbr\u00ebmje, nd\u00ebrsa lajmi doli t\u00eb nes\u00ebrmen n\u00eb m\u00ebngjes.<\/p>\n<p><strong>Re.Pu.<\/strong><\/p>\n","protected":false},"excerpt":{"rendered":"<p>Nga Adrian Thano, 10 gusht 2012 S\u00ebmundja (ai nuk fliste kurr\u00eb p\u00ebr t\u00eb) ia kish\u2019 ngadal\u00ebsuar prej koh\u00ebsh t\u00eb folur\u00ebn, l\u00ebvizjet, ecjen&#8230; N\u00eb nj\u00ebfar\u00eb m\u00ebnyre ti e di q\u00eb do ndodh\u00eb nj\u00eb dit\u00eb, por prap\u00eb, lajmi nuk t\u00eb vjen ashtu i pabeft\u00eb; p\u00ebrkundrazi, t\u00eb kap papritur, t\u00eb b\u00ebn t\u00eb vuash, t\u00eb dhemb n\u00eb zem\u00ebr; kujton [&hellip;]<\/p>\n","protected":false},"author":1,"featured_media":0,"comment_status":"open","ping_status":"closed","sticky":false,"template":"","format":"standard","meta":{"footnotes":""},"categories":[2],"tags":[],"class_list":{"0":"post-4338","1":"post","2":"type-post","3":"status-publish","4":"format-standard","6":"category-artikuj"},"yoast_head":"<!-- This site is optimized with the Yoast SEO plugin v27.4 - https:\/\/yoast.com\/product\/yoast-seo-wordpress\/ -->\n<title>Arb\u00ebr, q\u00ebndro me ne mik i dashur - FjALA e LIR\u00cb - Arkivi<\/title>\n<meta name=\"robots\" content=\"index, follow, max-snippet:-1, max-image-preview:large, max-video-preview:-1\" \/>\n<link rel=\"canonical\" href=\"https:\/\/fjala.info\/2009-2015\/arber-qendro-me-ne-mik-i-dashur\/\" \/>\n<meta property=\"og:locale\" content=\"sq_AL\" \/>\n<meta property=\"og:type\" content=\"article\" \/>\n<meta property=\"og:title\" content=\"Arb\u00ebr, q\u00ebndro me ne mik i dashur - FjALA e LIR\u00cb - Arkivi\" \/>\n<meta property=\"og:description\" content=\"Nga Adrian Thano, 10 gusht 2012 S\u00ebmundja (ai nuk fliste kurr\u00eb p\u00ebr t\u00eb) ia kish\u2019 ngadal\u00ebsuar prej koh\u00ebsh t\u00eb folur\u00ebn, l\u00ebvizjet, ecjen&#8230; N\u00eb nj\u00ebfar\u00eb m\u00ebnyre ti e di q\u00eb do ndodh\u00eb nj\u00eb dit\u00eb, por prap\u00eb, lajmi nuk t\u00eb vjen ashtu i pabeft\u00eb; p\u00ebrkundrazi, t\u00eb kap papritur, t\u00eb b\u00ebn t\u00eb vuash, t\u00eb dhemb n\u00eb zem\u00ebr; kujton [&hellip;]\" \/>\n<meta property=\"og:url\" content=\"https:\/\/fjala.info\/2009-2015\/arber-qendro-me-ne-mik-i-dashur\/\" \/>\n<meta property=\"og:site_name\" content=\"FjALA e LIR\u00cb - Arkivi\" \/>\n<meta property=\"article:published_time\" content=\"2012-08-10T21:51:21+00:00\" \/>\n<meta property=\"og:image\" content=\"http:\/\/www.fjala.info\/2012\/arben_xhaferi1.jpg\" \/>\n<meta name=\"author\" content=\"admin\" \/>\n<meta name=\"twitter:card\" content=\"summary_large_image\" \/>\n<meta name=\"twitter:label1\" content=\"Written by\" \/>\n\t<meta name=\"twitter:data1\" content=\"admin\" \/>\n\t<meta name=\"twitter:label2\" content=\"Est. reading time\" \/>\n\t<meta name=\"twitter:data2\" content=\"3 minutes\" \/>\n<script type=\"application\/ld+json\" class=\"yoast-schema-graph\">{\"@context\":\"https:\\\/\\\/schema.org\",\"@graph\":[{\"@type\":\"Article\",\"@id\":\"https:\\\/\\\/fjala.info\\\/2009-2015\\\/arber-qendro-me-ne-mik-i-dashur\\\/#article\",\"isPartOf\":{\"@id\":\"https:\\\/\\\/fjala.info\\\/2009-2015\\\/arber-qendro-me-ne-mik-i-dashur\\\/\"},\"author\":{\"name\":\"admin\",\"@id\":\"https:\\\/\\\/fjala.info\\\/2009-2015\\\/#\\\/schema\\\/person\\\/3aa1163ef05469c496fc94e77611ada2\"},\"headline\":\"Arb\u00ebr, q\u00ebndro me ne mik i dashur\",\"datePublished\":\"2012-08-10T21:51:21+00:00\",\"mainEntityOfPage\":{\"@id\":\"https:\\\/\\\/fjala.info\\\/2009-2015\\\/arber-qendro-me-ne-mik-i-dashur\\\/\"},\"wordCount\":616,\"commentCount\":0,\"publisher\":{\"@id\":\"https:\\\/\\\/fjala.info\\\/2009-2015\\\/#organization\"},\"image\":{\"@id\":\"https:\\\/\\\/fjala.info\\\/2009-2015\\\/arber-qendro-me-ne-mik-i-dashur\\\/#primaryimage\"},\"thumbnailUrl\":\"http:\\\/\\\/www.fjala.info\\\/2012\\\/arben_xhaferi1.jpg\",\"articleSection\":[\"Artikuj\"],\"inLanguage\":\"sq-AL\",\"potentialAction\":[{\"@type\":\"CommentAction\",\"name\":\"Comment\",\"target\":[\"https:\\\/\\\/fjala.info\\\/2009-2015\\\/arber-qendro-me-ne-mik-i-dashur\\\/#respond\"]}]},{\"@type\":\"WebPage\",\"@id\":\"https:\\\/\\\/fjala.info\\\/2009-2015\\\/arber-qendro-me-ne-mik-i-dashur\\\/\",\"url\":\"https:\\\/\\\/fjala.info\\\/2009-2015\\\/arber-qendro-me-ne-mik-i-dashur\\\/\",\"name\":\"Arb\u00ebr, q\u00ebndro me ne mik i dashur - FjALA e LIR\u00cb - Arkivi\",\"isPartOf\":{\"@id\":\"https:\\\/\\\/fjala.info\\\/2009-2015\\\/#website\"},\"primaryImageOfPage\":{\"@id\":\"https:\\\/\\\/fjala.info\\\/2009-2015\\\/arber-qendro-me-ne-mik-i-dashur\\\/#primaryimage\"},\"image\":{\"@id\":\"https:\\\/\\\/fjala.info\\\/2009-2015\\\/arber-qendro-me-ne-mik-i-dashur\\\/#primaryimage\"},\"thumbnailUrl\":\"http:\\\/\\\/www.fjala.info\\\/2012\\\/arben_xhaferi1.jpg\",\"datePublished\":\"2012-08-10T21:51:21+00:00\",\"breadcrumb\":{\"@id\":\"https:\\\/\\\/fjala.info\\\/2009-2015\\\/arber-qendro-me-ne-mik-i-dashur\\\/#breadcrumb\"},\"inLanguage\":\"sq-AL\",\"potentialAction\":[{\"@type\":\"ReadAction\",\"target\":[\"https:\\\/\\\/fjala.info\\\/2009-2015\\\/arber-qendro-me-ne-mik-i-dashur\\\/\"]}]},{\"@type\":\"ImageObject\",\"inLanguage\":\"sq-AL\",\"@id\":\"https:\\\/\\\/fjala.info\\\/2009-2015\\\/arber-qendro-me-ne-mik-i-dashur\\\/#primaryimage\",\"url\":\"http:\\\/\\\/www.fjala.info\\\/2012\\\/arben_xhaferi1.jpg\",\"contentUrl\":\"http:\\\/\\\/www.fjala.info\\\/2012\\\/arben_xhaferi1.jpg\"},{\"@type\":\"BreadcrumbList\",\"@id\":\"https:\\\/\\\/fjala.info\\\/2009-2015\\\/arber-qendro-me-ne-mik-i-dashur\\\/#breadcrumb\",\"itemListElement\":[{\"@type\":\"ListItem\",\"position\":1,\"name\":\"Home\",\"item\":\"https:\\\/\\\/fjala.info\\\/2009-2015\\\/\"},{\"@type\":\"ListItem\",\"position\":2,\"name\":\"Arb\u00ebr, q\u00ebndro me ne mik i dashur\"}]},{\"@type\":\"WebSite\",\"@id\":\"https:\\\/\\\/fjala.info\\\/2009-2015\\\/#website\",\"url\":\"https:\\\/\\\/fjala.info\\\/2009-2015\\\/\",\"name\":\"FjALA e LIR\u00cb - Arkivi\",\"description\":\"Arkivi 2009-2015\",\"publisher\":{\"@id\":\"https:\\\/\\\/fjala.info\\\/2009-2015\\\/#organization\"},\"potentialAction\":[{\"@type\":\"SearchAction\",\"target\":{\"@type\":\"EntryPoint\",\"urlTemplate\":\"https:\\\/\\\/fjala.info\\\/2009-2015\\\/?s={search_term_string}\"},\"query-input\":{\"@type\":\"PropertyValueSpecification\",\"valueRequired\":true,\"valueName\":\"search_term_string\"}}],\"inLanguage\":\"sq-AL\"},{\"@type\":\"Organization\",\"@id\":\"https:\\\/\\\/fjala.info\\\/2009-2015\\\/#organization\",\"name\":\"FjALA e LIR\u00cb - Arkivi\",\"url\":\"https:\\\/\\\/fjala.info\\\/2009-2015\\\/\",\"logo\":{\"@type\":\"ImageObject\",\"inLanguage\":\"sq-AL\",\"@id\":\"https:\\\/\\\/fjala.info\\\/2009-2015\\\/#\\\/schema\\\/logo\\\/image\\\/\",\"url\":\"\",\"contentUrl\":\"\",\"caption\":\"FjALA e LIR\u00cb - Arkivi\"},\"image\":{\"@id\":\"https:\\\/\\\/fjala.info\\\/2009-2015\\\/#\\\/schema\\\/logo\\\/image\\\/\"}},{\"@type\":\"Person\",\"@id\":\"https:\\\/\\\/fjala.info\\\/2009-2015\\\/#\\\/schema\\\/person\\\/3aa1163ef05469c496fc94e77611ada2\",\"name\":\"admin\",\"image\":{\"@type\":\"ImageObject\",\"inLanguage\":\"sq-AL\",\"@id\":\"https:\\\/\\\/fjala.info\\\/2009-2015\\\/wp-content\\\/uploads\\\/2012\\\/02\\\/arben_cokaj-120x150.jpg\",\"url\":\"https:\\\/\\\/fjala.info\\\/2009-2015\\\/wp-content\\\/uploads\\\/2012\\\/02\\\/arben_cokaj-120x150.jpg\",\"contentUrl\":\"https:\\\/\\\/fjala.info\\\/2009-2015\\\/wp-content\\\/uploads\\\/2012\\\/02\\\/arben_cokaj-120x150.jpg\",\"caption\":\"admin\"},\"description\":\"Admin, Fjala e Lir\u00eb\",\"sameAs\":[\"https:\\\/\\\/fjala.info\\\/\"],\"url\":\"https:\\\/\\\/fjala.info\\\/2009-2015\\\/author\\\/admin\\\/\"}]}<\/script>\n<!-- \/ Yoast SEO plugin. -->","yoast_head_json":{"title":"Arb\u00ebr, q\u00ebndro me ne mik i dashur - FjALA e LIR\u00cb - Arkivi","robots":{"index":"index","follow":"follow","max-snippet":"max-snippet:-1","max-image-preview":"max-image-preview:large","max-video-preview":"max-video-preview:-1"},"canonical":"https:\/\/fjala.info\/2009-2015\/arber-qendro-me-ne-mik-i-dashur\/","og_locale":"sq_AL","og_type":"article","og_title":"Arb\u00ebr, q\u00ebndro me ne mik i dashur - FjALA e LIR\u00cb - Arkivi","og_description":"Nga Adrian Thano, 10 gusht 2012 S\u00ebmundja (ai nuk fliste kurr\u00eb p\u00ebr t\u00eb) ia kish\u2019 ngadal\u00ebsuar prej koh\u00ebsh t\u00eb folur\u00ebn, l\u00ebvizjet, ecjen&#8230; N\u00eb nj\u00ebfar\u00eb m\u00ebnyre ti e di q\u00eb do ndodh\u00eb nj\u00eb dit\u00eb, por prap\u00eb, lajmi nuk t\u00eb vjen ashtu i pabeft\u00eb; p\u00ebrkundrazi, t\u00eb kap papritur, t\u00eb b\u00ebn t\u00eb vuash, t\u00eb dhemb n\u00eb zem\u00ebr; kujton [&hellip;]","og_url":"https:\/\/fjala.info\/2009-2015\/arber-qendro-me-ne-mik-i-dashur\/","og_site_name":"FjALA e LIR\u00cb - Arkivi","article_published_time":"2012-08-10T21:51:21+00:00","og_image":[{"url":"http:\/\/www.fjala.info\/2012\/arben_xhaferi1.jpg","type":"","width":"","height":""}],"author":"admin","twitter_card":"summary_large_image","twitter_misc":{"Written by":"admin","Est. reading time":"3 minutes"},"schema":{"@context":"https:\/\/schema.org","@graph":[{"@type":"Article","@id":"https:\/\/fjala.info\/2009-2015\/arber-qendro-me-ne-mik-i-dashur\/#article","isPartOf":{"@id":"https:\/\/fjala.info\/2009-2015\/arber-qendro-me-ne-mik-i-dashur\/"},"author":{"name":"admin","@id":"https:\/\/fjala.info\/2009-2015\/#\/schema\/person\/3aa1163ef05469c496fc94e77611ada2"},"headline":"Arb\u00ebr, q\u00ebndro me ne mik i dashur","datePublished":"2012-08-10T21:51:21+00:00","mainEntityOfPage":{"@id":"https:\/\/fjala.info\/2009-2015\/arber-qendro-me-ne-mik-i-dashur\/"},"wordCount":616,"commentCount":0,"publisher":{"@id":"https:\/\/fjala.info\/2009-2015\/#organization"},"image":{"@id":"https:\/\/fjala.info\/2009-2015\/arber-qendro-me-ne-mik-i-dashur\/#primaryimage"},"thumbnailUrl":"http:\/\/www.fjala.info\/2012\/arben_xhaferi1.jpg","articleSection":["Artikuj"],"inLanguage":"sq-AL","potentialAction":[{"@type":"CommentAction","name":"Comment","target":["https:\/\/fjala.info\/2009-2015\/arber-qendro-me-ne-mik-i-dashur\/#respond"]}]},{"@type":"WebPage","@id":"https:\/\/fjala.info\/2009-2015\/arber-qendro-me-ne-mik-i-dashur\/","url":"https:\/\/fjala.info\/2009-2015\/arber-qendro-me-ne-mik-i-dashur\/","name":"Arb\u00ebr, q\u00ebndro me ne mik i dashur - FjALA e LIR\u00cb - Arkivi","isPartOf":{"@id":"https:\/\/fjala.info\/2009-2015\/#website"},"primaryImageOfPage":{"@id":"https:\/\/fjala.info\/2009-2015\/arber-qendro-me-ne-mik-i-dashur\/#primaryimage"},"image":{"@id":"https:\/\/fjala.info\/2009-2015\/arber-qendro-me-ne-mik-i-dashur\/#primaryimage"},"thumbnailUrl":"http:\/\/www.fjala.info\/2012\/arben_xhaferi1.jpg","datePublished":"2012-08-10T21:51:21+00:00","breadcrumb":{"@id":"https:\/\/fjala.info\/2009-2015\/arber-qendro-me-ne-mik-i-dashur\/#breadcrumb"},"inLanguage":"sq-AL","potentialAction":[{"@type":"ReadAction","target":["https:\/\/fjala.info\/2009-2015\/arber-qendro-me-ne-mik-i-dashur\/"]}]},{"@type":"ImageObject","inLanguage":"sq-AL","@id":"https:\/\/fjala.info\/2009-2015\/arber-qendro-me-ne-mik-i-dashur\/#primaryimage","url":"http:\/\/www.fjala.info\/2012\/arben_xhaferi1.jpg","contentUrl":"http:\/\/www.fjala.info\/2012\/arben_xhaferi1.jpg"},{"@type":"BreadcrumbList","@id":"https:\/\/fjala.info\/2009-2015\/arber-qendro-me-ne-mik-i-dashur\/#breadcrumb","itemListElement":[{"@type":"ListItem","position":1,"name":"Home","item":"https:\/\/fjala.info\/2009-2015\/"},{"@type":"ListItem","position":2,"name":"Arb\u00ebr, q\u00ebndro me ne mik i dashur"}]},{"@type":"WebSite","@id":"https:\/\/fjala.info\/2009-2015\/#website","url":"https:\/\/fjala.info\/2009-2015\/","name":"FjALA e LIR\u00cb - Arkivi","description":"Arkivi 2009-2015","publisher":{"@id":"https:\/\/fjala.info\/2009-2015\/#organization"},"potentialAction":[{"@type":"SearchAction","target":{"@type":"EntryPoint","urlTemplate":"https:\/\/fjala.info\/2009-2015\/?s={search_term_string}"},"query-input":{"@type":"PropertyValueSpecification","valueRequired":true,"valueName":"search_term_string"}}],"inLanguage":"sq-AL"},{"@type":"Organization","@id":"https:\/\/fjala.info\/2009-2015\/#organization","name":"FjALA e LIR\u00cb - Arkivi","url":"https:\/\/fjala.info\/2009-2015\/","logo":{"@type":"ImageObject","inLanguage":"sq-AL","@id":"https:\/\/fjala.info\/2009-2015\/#\/schema\/logo\/image\/","url":"","contentUrl":"","caption":"FjALA e LIR\u00cb - Arkivi"},"image":{"@id":"https:\/\/fjala.info\/2009-2015\/#\/schema\/logo\/image\/"}},{"@type":"Person","@id":"https:\/\/fjala.info\/2009-2015\/#\/schema\/person\/3aa1163ef05469c496fc94e77611ada2","name":"admin","image":{"@type":"ImageObject","inLanguage":"sq-AL","@id":"https:\/\/fjala.info\/2009-2015\/wp-content\/uploads\/2012\/02\/arben_cokaj-120x150.jpg","url":"https:\/\/fjala.info\/2009-2015\/wp-content\/uploads\/2012\/02\/arben_cokaj-120x150.jpg","contentUrl":"https:\/\/fjala.info\/2009-2015\/wp-content\/uploads\/2012\/02\/arben_cokaj-120x150.jpg","caption":"admin"},"description":"Admin, Fjala e Lir\u00eb","sameAs":["https:\/\/fjala.info\/"],"url":"https:\/\/fjala.info\/2009-2015\/author\/admin\/"}]}},"_links":{"self":[{"href":"https:\/\/fjala.info\/2009-2015\/wp-json\/wp\/v2\/posts\/4338","targetHints":{"allow":["GET"]}}],"collection":[{"href":"https:\/\/fjala.info\/2009-2015\/wp-json\/wp\/v2\/posts"}],"about":[{"href":"https:\/\/fjala.info\/2009-2015\/wp-json\/wp\/v2\/types\/post"}],"author":[{"embeddable":true,"href":"https:\/\/fjala.info\/2009-2015\/wp-json\/wp\/v2\/users\/1"}],"replies":[{"embeddable":true,"href":"https:\/\/fjala.info\/2009-2015\/wp-json\/wp\/v2\/comments?post=4338"}],"version-history":[{"count":0,"href":"https:\/\/fjala.info\/2009-2015\/wp-json\/wp\/v2\/posts\/4338\/revisions"}],"wp:attachment":[{"href":"https:\/\/fjala.info\/2009-2015\/wp-json\/wp\/v2\/media?parent=4338"}],"wp:term":[{"taxonomy":"category","embeddable":true,"href":"https:\/\/fjala.info\/2009-2015\/wp-json\/wp\/v2\/categories?post=4338"},{"taxonomy":"post_tag","embeddable":true,"href":"https:\/\/fjala.info\/2009-2015\/wp-json\/wp\/v2\/tags?post=4338"}],"curies":[{"name":"wp","href":"https:\/\/api.w.org\/{rel}","templated":true}]}}