{"id":4337,"date":"2010-10-19T20:26:51","date_gmt":"2010-10-19T19:26:51","guid":{"rendered":"http:\/\/fjala.shkoder.net\/?p=4337"},"modified":"2010-10-19T20:26:51","modified_gmt":"2010-10-19T19:26:51","slug":"serbia-manipulon-me-rajone","status":"publish","type":"post","link":"https:\/\/fjala.info\/2009-2015\/serbia-manipulon-me-rajone\/","title":{"rendered":"Serbia manipulon me rajone"},"content":{"rendered":"<p><img loading=\"lazy\" decoding=\"async\" class=\"alignleft size-full wp-image-4338\" title=\"Hysen Ibrahimi\" src=\"http:\/\/fjala.shkoder.net\/wp-content\/uploads\/2010\/10\/hysen_ibrahimi1.jpg\" alt=\"\" width=\"120\" height=\"90\" \/><\/p>\n<p><em>Stockholm\/F\u00f6rsl\u00f6v, 19.10.2010<\/em><\/p>\n<p><strong>Hysen Ibrahimi<\/strong><\/p>\n<p><em>Reagim ndaj artikullit<\/em>: <em>N. M. Jovanovi\u0107 t\u00eb dat\u00ebs 18. 10. 2010, partija serbe G17 plus, n\u00eb programin e tyre, e cila \u00ebsht\u00eb n\u00eb kulicion me partner\u00ebt e saj n\u00eb qeverisje, parashohin nj\u00eb program p\u00ebr \u201eUnionin e regjioneve t\u00eb Serbis\u00eb\u201c http:\/\/www.blic.rs\/Vesti\/Politika\/212428\/Srbiji-dosta-200-poslanika<\/em><\/p>\n<p>Kjo s\u00ebmundje nuk mund t\u00eb quhet ndryshe p\u00ebrve\u00e7 se: \u201ek\u00ebrkon gjakim i t\u00eb zez\u00ebs mbi t\u00eb bardhen, ikja nga e bardha n\u00eb t\u00eb zezen, nga realiteti n\u00eb absurditet\u201c.<\/p>\n<p>Ndodh\u00eb edhe kjo! \u201eSipas agjensis\u00eb s\u00eb mediave serbe \u201eBlic\u201c N. M. Jovanovi\u0107 t\u00eb dat\u00ebs 18. 10. 2010, partija serbe G17 plus, n\u00eb programin e tyre, e cila \u00ebsht\u00eb n\u00eb kulicion me partner\u00ebt e saj n\u00eb qeverisje, parashohin nj\u00eb program p\u00ebr \u201eUnionin e regjioneve t\u00eb Serbis\u00eb\u201c i cili do t\u00eb prezentohet n\u00eb fund t\u00eb tetorit 2010.<\/p>\n<p>Sipas tyre Serbija do t\u00eb ndahet n\u00eb shtat\u00eb regjone, Vojvodina, Beogradi, Shumadija, Srbija verilindore, Srbija veriore, Srbija peredimore dhe Kosova ! Sipas tyre Kosova dhe Vojvodina do ta ken\u00eb statusin Krahin\u00eb Autonome por q\u00eb do t\u00eb jen\u00eb n\u00eb regjion\u201c !<\/p>\n<p>Ndon\u00ebse nuk jan\u00eb t\u00eb reja k\u00ebto plane t\u00eb Serbis\u00eb p\u00ebr ndarje regjionesh, p\u00ebr gllabrim tokash shqiptare dhe t\u00eb huaja, p\u00ebr kolonizimin e tokave jo serbe, sepse k\u00ebt\u00eb e kan\u00eb n\u00eb gjenin e tyre prej koh\u00ebve t\u00eb lashta. E ve\u00e7anta e k\u00ebsaj serbije \u00ebsht\u00eb q\u00eb t\u00eb sajon plane gjith\u00ebher\u00eb kur e shofin se mund t\u00eb ndikoj n\u00eb propaganden e saj, sidomos tani kur e kan\u00eb lakun n\u00eb fyt\u00eb nga Bashk\u00ebsia Nd\u00ebrkomb\u00ebtare p\u00ebr t\u00eb filluar bisedimet teknike me Kosov\u00ebn dhe t\u00eb p\u00ebrfundon m\u00eb n\u00eb fund me njohjen e Kosov\u00ebs si shtet i pavarur nga vet Serbija. Temat e tilla n\u00eb k\u00ebto momente jan\u00eb tejet delikate p\u00ebr Serbin\u00eb do ti quaja \u201eTema spitalore\u201c sepse motivi nxit\u00ebs i k\u00ebsaj teme \u00ebsht\u00eb pik\u00ebrisht s\u00ebmundja e tyre p\u00ebr t\u2019u marr\u00eb me g\u00ebnjeshtra pa kurfar fije turpi, qoft tani edhe para bot\u00ebs, q\u00eb po dalin mjaft qesharak.<\/p>\n<p>Politika Serbe, \u00ebsht\u00eb duke u udh\u00ebhqeur nga njer\u00ebzit e s\u00ebmur\u00eb q\u00eb n\u00eb fokus e kan\u00eb grabitjen e tokave Dardane, por m\u00eb n\u00eb fund kjo d\u00ebshtoi nj\u00ebher\u00eb e p\u00ebrgjithmon\u00eb, kurr m\u00eb Kosova n\u00ebn serbin\u00eb. K\u00ebta po d\u00ebshmohen se e kan\u00eb ndjenjen e edukuar nga mendja e s\u00ebmur\u00eb e t\u00eb par\u00ebve t\u00eb tyre, sepse p\u00ebr \u00e7do \u00e7\u00ebshtje q\u00eb e shofin rrezikun, tentojn\u00eb p\u00ebr t\u00eb sajuar plane, p\u00ebr t\u00eb reaguar n\u00eb situata t\u00eb caktuara duke u thirrur n\u00eb ate \u201ese po ruajm\u00eb identitetin, kishat dhe lasht\u00ebsin\u00eb serbe\u201c! Kjo s\u00ebmundje nuk mund t\u00eb quhet ndryshe p\u00ebrve\u00e7 se: \u201ek\u00ebrkon gjakim i t\u00eb zez\u00ebs mbi t\u00eb bardhen, ikja nga e bardha n\u00eb t\u00eb zezen, nga realiteti n\u00eb absurditet\u201c.<\/p>\n<p>Pra Serbia prek interesat e mbrendshme t\u00eb shtetit t\u00eb Republik\u00ebs s\u00eb Kosov\u00ebs, ku duke d\u00ebrguar mercenar\u00ebt e vet n\u00ebp\u00ebr bot\u00eb p\u00ebr t\u00eb denigruar popullin Shqiptar me djegien e Flamurit komb\u00ebtar Shqiptar, sikurse q\u00eb ndodhi para pak kohe n\u00eb Itali, tani kur planifikon t\u00eb sajon regjione p\u00ebr t\u00eb fut\u00eb Kosov\u00ebn n\u00ebn serbi etj, duhet t\u00eb sinjalizohet nga Institucionet e shtetit t\u00eb Kosov\u00ebs, se kjo nuk i kontribuon stabilitetit t\u00eb Rajonit dhe fillimin e bisedimeve teknike n\u00eb mes dy shteteve t\u00eb barabarta, Kosov\u00ebs dhe Serbis\u00eb. Serbia, n\u00eb fokus duhet ta ket njeriun, identitetin dhe ndjenjen e tij, p\u00ebrndryshe do t\u00eb p\u00ebrballet me mos p\u00ebrkrajen e Republik\u00ebs s\u00eb Kosov\u00ebs p\u00ebr tu integruar n\u00eb BE.<\/p>\n<p>Institucionet e Kosov\u00ebs, kan\u00eb rastin p\u00ebr nj\u00eb regim institucional dhe p\u00ebr t\u00eb ngritur akuz\u00ebn ndaj krimeve, burgosjeve, maltretimve, pla\u00e7kitjes, dhunimeve t\u00eb Serbis\u00eb mbi popullin shqiptar\u00eb n\u00eb Kosov\u00eb, pran\u00eb Gjykat\u00ebs Nd\u00ebrkomb\u00ebtare p\u00ebr Drejt\u00ebsi n\u00eb Hag\u00eb.<\/p>\n<p>Duhet ditur edhe nj\u00eb, q\u00eb Serbija gjith\u00ebher\u00eb i ka humbur t\u00eb gjitha luft\u00ebrat n\u00eb betej\u00eb, por \u00ebsht\u00eb e njohur q\u00eb me dinak\u00ebrin\u00eb e saj q\u00eb ti fitoj t\u00eb gjitha betejat n\u00eb tavolin\u00eb. Prandaj, bisedat me Serbin\u00eb n\u00eb tavolin\u00eb gjithsesi, me \u00e7do kusht t\u00eb zhvillohen me pranin\u00eb e SHBA-ve.<\/p>\n","protected":false},"excerpt":{"rendered":"<p>Stockholm\/F\u00f6rsl\u00f6v, 19.10.2010 Hysen Ibrahimi Reagim ndaj artikullit: N. M. Jovanovi\u0107 t\u00eb dat\u00ebs 18. 10. 2010, partija serbe G17 plus, n\u00eb programin e tyre, e cila \u00ebsht\u00eb n\u00eb kulicion me partner\u00ebt e saj n\u00eb qeverisje, parashohin nj\u00eb program p\u00ebr \u201eUnionin e regjioneve t\u00eb Serbis\u00eb\u201c http:\/\/www.blic.rs\/Vesti\/Politika\/212428\/Srbiji-dosta-200-poslanika Kjo s\u00ebmundje nuk mund t\u00eb quhet ndryshe p\u00ebrve\u00e7 se: \u201ek\u00ebrkon gjakim [&hellip;]<\/p>\n","protected":false},"author":1,"featured_media":0,"comment_status":"open","ping_status":"closed","sticky":false,"template":"","format":"standard","meta":{"footnotes":""},"categories":[2],"tags":[],"class_list":{"0":"post-4337","1":"post","2":"type-post","3":"status-publish","4":"format-standard","6":"category-artikuj"},"yoast_head":"<!-- This site is optimized with the Yoast SEO plugin v27.4 - https:\/\/yoast.com\/product\/yoast-seo-wordpress\/ -->\n<title>Serbia manipulon me rajone - FjALA e LIR\u00cb - Arkivi<\/title>\n<meta name=\"robots\" content=\"index, follow, max-snippet:-1, max-image-preview:large, max-video-preview:-1\" \/>\n<link rel=\"canonical\" href=\"https:\/\/fjala.info\/2009-2015\/serbia-manipulon-me-rajone\/\" \/>\n<meta property=\"og:locale\" content=\"sq_AL\" \/>\n<meta property=\"og:type\" content=\"article\" \/>\n<meta property=\"og:title\" content=\"Serbia manipulon me rajone - FjALA e LIR\u00cb - Arkivi\" \/>\n<meta property=\"og:description\" content=\"Stockholm\/F\u00f6rsl\u00f6v, 19.10.2010 Hysen Ibrahimi Reagim ndaj artikullit: N. M. Jovanovi\u0107 t\u00eb dat\u00ebs 18. 10. 2010, partija serbe G17 plus, n\u00eb programin e tyre, e cila \u00ebsht\u00eb n\u00eb kulicion me partner\u00ebt e saj n\u00eb qeverisje, parashohin nj\u00eb program p\u00ebr \u201eUnionin e regjioneve t\u00eb Serbis\u00eb\u201c http:\/\/www.blic.rs\/Vesti\/Politika\/212428\/Srbiji-dosta-200-poslanika Kjo s\u00ebmundje nuk mund t\u00eb quhet ndryshe p\u00ebrve\u00e7 se: \u201ek\u00ebrkon gjakim [&hellip;]\" \/>\n<meta property=\"og:url\" content=\"https:\/\/fjala.info\/2009-2015\/serbia-manipulon-me-rajone\/\" \/>\n<meta property=\"og:site_name\" content=\"FjALA e LIR\u00cb - Arkivi\" \/>\n<meta property=\"article:published_time\" content=\"2010-10-19T19:26:51+00:00\" \/>\n<meta property=\"og:image\" content=\"http:\/\/fjala.shkoder.net\/wp-content\/uploads\/2010\/10\/hysen_ibrahimi1.jpg\" \/>\n<meta name=\"author\" content=\"admin\" \/>\n<meta name=\"twitter:card\" content=\"summary_large_image\" \/>\n<meta name=\"twitter:label1\" content=\"Written by\" \/>\n\t<meta name=\"twitter:data1\" content=\"admin\" \/>\n\t<meta name=\"twitter:label2\" content=\"Est. reading time\" \/>\n\t<meta name=\"twitter:data2\" content=\"4 minutes\" \/>\n<script type=\"application\/ld+json\" class=\"yoast-schema-graph\">{\"@context\":\"https:\\\/\\\/schema.org\",\"@graph\":[{\"@type\":\"Article\",\"@id\":\"https:\\\/\\\/fjala.info\\\/2009-2015\\\/serbia-manipulon-me-rajone\\\/#article\",\"isPartOf\":{\"@id\":\"https:\\\/\\\/fjala.info\\\/2009-2015\\\/serbia-manipulon-me-rajone\\\/\"},\"author\":{\"name\":\"admin\",\"@id\":\"https:\\\/\\\/fjala.info\\\/2009-2015\\\/#\\\/schema\\\/person\\\/3aa1163ef05469c496fc94e77611ada2\"},\"headline\":\"Serbia manipulon me rajone\",\"datePublished\":\"2010-10-19T19:26:51+00:00\",\"mainEntityOfPage\":{\"@id\":\"https:\\\/\\\/fjala.info\\\/2009-2015\\\/serbia-manipulon-me-rajone\\\/\"},\"wordCount\":704,\"commentCount\":0,\"publisher\":{\"@id\":\"https:\\\/\\\/fjala.info\\\/2009-2015\\\/#organization\"},\"image\":{\"@id\":\"https:\\\/\\\/fjala.info\\\/2009-2015\\\/serbia-manipulon-me-rajone\\\/#primaryimage\"},\"thumbnailUrl\":\"http:\\\/\\\/fjala.shkoder.net\\\/wp-content\\\/uploads\\\/2010\\\/10\\\/hysen_ibrahimi1.jpg\",\"articleSection\":[\"Artikuj\"],\"inLanguage\":\"sq-AL\",\"potentialAction\":[{\"@type\":\"CommentAction\",\"name\":\"Comment\",\"target\":[\"https:\\\/\\\/fjala.info\\\/2009-2015\\\/serbia-manipulon-me-rajone\\\/#respond\"]}]},{\"@type\":\"WebPage\",\"@id\":\"https:\\\/\\\/fjala.info\\\/2009-2015\\\/serbia-manipulon-me-rajone\\\/\",\"url\":\"https:\\\/\\\/fjala.info\\\/2009-2015\\\/serbia-manipulon-me-rajone\\\/\",\"name\":\"Serbia manipulon me rajone - FjALA e LIR\u00cb - Arkivi\",\"isPartOf\":{\"@id\":\"https:\\\/\\\/fjala.info\\\/2009-2015\\\/#website\"},\"primaryImageOfPage\":{\"@id\":\"https:\\\/\\\/fjala.info\\\/2009-2015\\\/serbia-manipulon-me-rajone\\\/#primaryimage\"},\"image\":{\"@id\":\"https:\\\/\\\/fjala.info\\\/2009-2015\\\/serbia-manipulon-me-rajone\\\/#primaryimage\"},\"thumbnailUrl\":\"http:\\\/\\\/fjala.shkoder.net\\\/wp-content\\\/uploads\\\/2010\\\/10\\\/hysen_ibrahimi1.jpg\",\"datePublished\":\"2010-10-19T19:26:51+00:00\",\"breadcrumb\":{\"@id\":\"https:\\\/\\\/fjala.info\\\/2009-2015\\\/serbia-manipulon-me-rajone\\\/#breadcrumb\"},\"inLanguage\":\"sq-AL\",\"potentialAction\":[{\"@type\":\"ReadAction\",\"target\":[\"https:\\\/\\\/fjala.info\\\/2009-2015\\\/serbia-manipulon-me-rajone\\\/\"]}]},{\"@type\":\"ImageObject\",\"inLanguage\":\"sq-AL\",\"@id\":\"https:\\\/\\\/fjala.info\\\/2009-2015\\\/serbia-manipulon-me-rajone\\\/#primaryimage\",\"url\":\"http:\\\/\\\/fjala.shkoder.net\\\/wp-content\\\/uploads\\\/2010\\\/10\\\/hysen_ibrahimi1.jpg\",\"contentUrl\":\"http:\\\/\\\/fjala.shkoder.net\\\/wp-content\\\/uploads\\\/2010\\\/10\\\/hysen_ibrahimi1.jpg\"},{\"@type\":\"BreadcrumbList\",\"@id\":\"https:\\\/\\\/fjala.info\\\/2009-2015\\\/serbia-manipulon-me-rajone\\\/#breadcrumb\",\"itemListElement\":[{\"@type\":\"ListItem\",\"position\":1,\"name\":\"Home\",\"item\":\"https:\\\/\\\/fjala.info\\\/2009-2015\\\/\"},{\"@type\":\"ListItem\",\"position\":2,\"name\":\"Serbia manipulon me rajone\"}]},{\"@type\":\"WebSite\",\"@id\":\"https:\\\/\\\/fjala.info\\\/2009-2015\\\/#website\",\"url\":\"https:\\\/\\\/fjala.info\\\/2009-2015\\\/\",\"name\":\"FjALA e LIR\u00cb - Arkivi\",\"description\":\"Arkivi 2009-2015\",\"publisher\":{\"@id\":\"https:\\\/\\\/fjala.info\\\/2009-2015\\\/#organization\"},\"potentialAction\":[{\"@type\":\"SearchAction\",\"target\":{\"@type\":\"EntryPoint\",\"urlTemplate\":\"https:\\\/\\\/fjala.info\\\/2009-2015\\\/?s={search_term_string}\"},\"query-input\":{\"@type\":\"PropertyValueSpecification\",\"valueRequired\":true,\"valueName\":\"search_term_string\"}}],\"inLanguage\":\"sq-AL\"},{\"@type\":\"Organization\",\"@id\":\"https:\\\/\\\/fjala.info\\\/2009-2015\\\/#organization\",\"name\":\"FjALA e LIR\u00cb - Arkivi\",\"url\":\"https:\\\/\\\/fjala.info\\\/2009-2015\\\/\",\"logo\":{\"@type\":\"ImageObject\",\"inLanguage\":\"sq-AL\",\"@id\":\"https:\\\/\\\/fjala.info\\\/2009-2015\\\/#\\\/schema\\\/logo\\\/image\\\/\",\"url\":\"\",\"contentUrl\":\"\",\"caption\":\"FjALA e LIR\u00cb - Arkivi\"},\"image\":{\"@id\":\"https:\\\/\\\/fjala.info\\\/2009-2015\\\/#\\\/schema\\\/logo\\\/image\\\/\"}},{\"@type\":\"Person\",\"@id\":\"https:\\\/\\\/fjala.info\\\/2009-2015\\\/#\\\/schema\\\/person\\\/3aa1163ef05469c496fc94e77611ada2\",\"name\":\"admin\",\"image\":{\"@type\":\"ImageObject\",\"inLanguage\":\"sq-AL\",\"@id\":\"https:\\\/\\\/fjala.info\\\/2009-2015\\\/wp-content\\\/uploads\\\/2012\\\/02\\\/arben_cokaj-120x150.jpg\",\"url\":\"https:\\\/\\\/fjala.info\\\/2009-2015\\\/wp-content\\\/uploads\\\/2012\\\/02\\\/arben_cokaj-120x150.jpg\",\"contentUrl\":\"https:\\\/\\\/fjala.info\\\/2009-2015\\\/wp-content\\\/uploads\\\/2012\\\/02\\\/arben_cokaj-120x150.jpg\",\"caption\":\"admin\"},\"description\":\"Admin, Fjala e Lir\u00eb\",\"sameAs\":[\"https:\\\/\\\/fjala.info\\\/\"],\"url\":\"https:\\\/\\\/fjala.info\\\/2009-2015\\\/author\\\/admin\\\/\"}]}<\/script>\n<!-- \/ Yoast SEO plugin. -->","yoast_head_json":{"title":"Serbia manipulon me rajone - FjALA e LIR\u00cb - Arkivi","robots":{"index":"index","follow":"follow","max-snippet":"max-snippet:-1","max-image-preview":"max-image-preview:large","max-video-preview":"max-video-preview:-1"},"canonical":"https:\/\/fjala.info\/2009-2015\/serbia-manipulon-me-rajone\/","og_locale":"sq_AL","og_type":"article","og_title":"Serbia manipulon me rajone - FjALA e LIR\u00cb - Arkivi","og_description":"Stockholm\/F\u00f6rsl\u00f6v, 19.10.2010 Hysen Ibrahimi Reagim ndaj artikullit: N. M. Jovanovi\u0107 t\u00eb dat\u00ebs 18. 10. 2010, partija serbe G17 plus, n\u00eb programin e tyre, e cila \u00ebsht\u00eb n\u00eb kulicion me partner\u00ebt e saj n\u00eb qeverisje, parashohin nj\u00eb program p\u00ebr \u201eUnionin e regjioneve t\u00eb Serbis\u00eb\u201c http:\/\/www.blic.rs\/Vesti\/Politika\/212428\/Srbiji-dosta-200-poslanika Kjo s\u00ebmundje nuk mund t\u00eb quhet ndryshe p\u00ebrve\u00e7 se: \u201ek\u00ebrkon gjakim [&hellip;]","og_url":"https:\/\/fjala.info\/2009-2015\/serbia-manipulon-me-rajone\/","og_site_name":"FjALA e LIR\u00cb - Arkivi","article_published_time":"2010-10-19T19:26:51+00:00","og_image":[{"url":"http:\/\/fjala.shkoder.net\/wp-content\/uploads\/2010\/10\/hysen_ibrahimi1.jpg","type":"","width":"","height":""}],"author":"admin","twitter_card":"summary_large_image","twitter_misc":{"Written by":"admin","Est. reading time":"4 minutes"},"schema":{"@context":"https:\/\/schema.org","@graph":[{"@type":"Article","@id":"https:\/\/fjala.info\/2009-2015\/serbia-manipulon-me-rajone\/#article","isPartOf":{"@id":"https:\/\/fjala.info\/2009-2015\/serbia-manipulon-me-rajone\/"},"author":{"name":"admin","@id":"https:\/\/fjala.info\/2009-2015\/#\/schema\/person\/3aa1163ef05469c496fc94e77611ada2"},"headline":"Serbia manipulon me rajone","datePublished":"2010-10-19T19:26:51+00:00","mainEntityOfPage":{"@id":"https:\/\/fjala.info\/2009-2015\/serbia-manipulon-me-rajone\/"},"wordCount":704,"commentCount":0,"publisher":{"@id":"https:\/\/fjala.info\/2009-2015\/#organization"},"image":{"@id":"https:\/\/fjala.info\/2009-2015\/serbia-manipulon-me-rajone\/#primaryimage"},"thumbnailUrl":"http:\/\/fjala.shkoder.net\/wp-content\/uploads\/2010\/10\/hysen_ibrahimi1.jpg","articleSection":["Artikuj"],"inLanguage":"sq-AL","potentialAction":[{"@type":"CommentAction","name":"Comment","target":["https:\/\/fjala.info\/2009-2015\/serbia-manipulon-me-rajone\/#respond"]}]},{"@type":"WebPage","@id":"https:\/\/fjala.info\/2009-2015\/serbia-manipulon-me-rajone\/","url":"https:\/\/fjala.info\/2009-2015\/serbia-manipulon-me-rajone\/","name":"Serbia manipulon me rajone - FjALA e LIR\u00cb - Arkivi","isPartOf":{"@id":"https:\/\/fjala.info\/2009-2015\/#website"},"primaryImageOfPage":{"@id":"https:\/\/fjala.info\/2009-2015\/serbia-manipulon-me-rajone\/#primaryimage"},"image":{"@id":"https:\/\/fjala.info\/2009-2015\/serbia-manipulon-me-rajone\/#primaryimage"},"thumbnailUrl":"http:\/\/fjala.shkoder.net\/wp-content\/uploads\/2010\/10\/hysen_ibrahimi1.jpg","datePublished":"2010-10-19T19:26:51+00:00","breadcrumb":{"@id":"https:\/\/fjala.info\/2009-2015\/serbia-manipulon-me-rajone\/#breadcrumb"},"inLanguage":"sq-AL","potentialAction":[{"@type":"ReadAction","target":["https:\/\/fjala.info\/2009-2015\/serbia-manipulon-me-rajone\/"]}]},{"@type":"ImageObject","inLanguage":"sq-AL","@id":"https:\/\/fjala.info\/2009-2015\/serbia-manipulon-me-rajone\/#primaryimage","url":"http:\/\/fjala.shkoder.net\/wp-content\/uploads\/2010\/10\/hysen_ibrahimi1.jpg","contentUrl":"http:\/\/fjala.shkoder.net\/wp-content\/uploads\/2010\/10\/hysen_ibrahimi1.jpg"},{"@type":"BreadcrumbList","@id":"https:\/\/fjala.info\/2009-2015\/serbia-manipulon-me-rajone\/#breadcrumb","itemListElement":[{"@type":"ListItem","position":1,"name":"Home","item":"https:\/\/fjala.info\/2009-2015\/"},{"@type":"ListItem","position":2,"name":"Serbia manipulon me rajone"}]},{"@type":"WebSite","@id":"https:\/\/fjala.info\/2009-2015\/#website","url":"https:\/\/fjala.info\/2009-2015\/","name":"FjALA e LIR\u00cb - Arkivi","description":"Arkivi 2009-2015","publisher":{"@id":"https:\/\/fjala.info\/2009-2015\/#organization"},"potentialAction":[{"@type":"SearchAction","target":{"@type":"EntryPoint","urlTemplate":"https:\/\/fjala.info\/2009-2015\/?s={search_term_string}"},"query-input":{"@type":"PropertyValueSpecification","valueRequired":true,"valueName":"search_term_string"}}],"inLanguage":"sq-AL"},{"@type":"Organization","@id":"https:\/\/fjala.info\/2009-2015\/#organization","name":"FjALA e LIR\u00cb - Arkivi","url":"https:\/\/fjala.info\/2009-2015\/","logo":{"@type":"ImageObject","inLanguage":"sq-AL","@id":"https:\/\/fjala.info\/2009-2015\/#\/schema\/logo\/image\/","url":"","contentUrl":"","caption":"FjALA e LIR\u00cb - Arkivi"},"image":{"@id":"https:\/\/fjala.info\/2009-2015\/#\/schema\/logo\/image\/"}},{"@type":"Person","@id":"https:\/\/fjala.info\/2009-2015\/#\/schema\/person\/3aa1163ef05469c496fc94e77611ada2","name":"admin","image":{"@type":"ImageObject","inLanguage":"sq-AL","@id":"https:\/\/fjala.info\/2009-2015\/wp-content\/uploads\/2012\/02\/arben_cokaj-120x150.jpg","url":"https:\/\/fjala.info\/2009-2015\/wp-content\/uploads\/2012\/02\/arben_cokaj-120x150.jpg","contentUrl":"https:\/\/fjala.info\/2009-2015\/wp-content\/uploads\/2012\/02\/arben_cokaj-120x150.jpg","caption":"admin"},"description":"Admin, Fjala e Lir\u00eb","sameAs":["https:\/\/fjala.info\/"],"url":"https:\/\/fjala.info\/2009-2015\/author\/admin\/"}]}},"_links":{"self":[{"href":"https:\/\/fjala.info\/2009-2015\/wp-json\/wp\/v2\/posts\/4337","targetHints":{"allow":["GET"]}}],"collection":[{"href":"https:\/\/fjala.info\/2009-2015\/wp-json\/wp\/v2\/posts"}],"about":[{"href":"https:\/\/fjala.info\/2009-2015\/wp-json\/wp\/v2\/types\/post"}],"author":[{"embeddable":true,"href":"https:\/\/fjala.info\/2009-2015\/wp-json\/wp\/v2\/users\/1"}],"replies":[{"embeddable":true,"href":"https:\/\/fjala.info\/2009-2015\/wp-json\/wp\/v2\/comments?post=4337"}],"version-history":[{"count":0,"href":"https:\/\/fjala.info\/2009-2015\/wp-json\/wp\/v2\/posts\/4337\/revisions"}],"wp:attachment":[{"href":"https:\/\/fjala.info\/2009-2015\/wp-json\/wp\/v2\/media?parent=4337"}],"wp:term":[{"taxonomy":"category","embeddable":true,"href":"https:\/\/fjala.info\/2009-2015\/wp-json\/wp\/v2\/categories?post=4337"},{"taxonomy":"post_tag","embeddable":true,"href":"https:\/\/fjala.info\/2009-2015\/wp-json\/wp\/v2\/tags?post=4337"}],"curies":[{"name":"wp","href":"https:\/\/api.w.org\/{rel}","templated":true}]}}