{"id":4331,"date":"2010-10-19T09:10:37","date_gmt":"2010-10-19T08:10:37","guid":{"rendered":"http:\/\/fjala.shkoder.net\/?p=4331"},"modified":"2010-10-19T09:10:37","modified_gmt":"2010-10-19T08:10:37","slug":"fundi-i-keq-i-nje-qeverie-te-deshtuar","status":"publish","type":"post","link":"https:\/\/fjala.info\/2009-2015\/fundi-i-keq-i-nje-qeverie-te-deshtuar\/","title":{"rendered":"Fundi i keq i nj\u00eb qeverie t\u00eb d\u00ebshtuar"},"content":{"rendered":"<p>Nga <strong>Blerim Shala<\/strong><\/p>\n<p>Mesdita e t\u00eb shtun\u00ebs s\u00eb 16 tetorit 2010, na ktheu, rr\u00ebmbimthi, aty ku politika dhe shoq\u00ebria kosovare ishin n\u00eb mesnat\u00ebn e t\u00eb enjtes s\u00eb 19 n\u00ebntorit 2009, n\u00eb ngjarjen politike t\u00eb njohur si \u201cNata e Zanzibarit\u201d, kur n\u00eb nj\u00eb kafeteri t\u00eb Prishtin\u00ebs, nj\u00eb grusht politikan\u00ebsh t\u00eb PDK-s\u00eb, provuan ta gatuajn\u00eb fatin e Kosov\u00ebs, t\u00eb gjith\u00eb qytetar\u00ebve t\u00eb saj, n\u00eb nj\u00eb p\u00ebrpjekje tragji-komike t\u00eb grushtshtetit. <\/p>\n<p>Tani, LDK b\u00ebri at\u00eb q\u00eb \u00ebsht\u00eb dashur ta b\u00ebj\u00eb n\u00eb m\u00ebngjesin e 20 n\u00ebntorit t\u00eb vitit t\u00eb kaluar: Pra, LDK mori q\u00ebndrimin t\u00eb dal\u00eb nga Qeveria e Kosov\u00ebs, ku objektivisht asnj\u00ebher\u00eb nuk kishte hyr\u00eb si duhet, vendosi ta prish\u00eb nj\u00eb Qeveri, q\u00eb realisht kurr\u00eb nuk ishte ndreq\u00eb si duhet, apo, t\u2019i jap\u00eb fund nj\u00eb koalicioni t\u00eb \u00e7uditsh\u00ebm, i cili asnj\u00ebher\u00eb nuk kishte pasur nism\u00ebn e mbar\u00eb. <\/p>\n<p>\u00cbsht\u00eb ky nj\u00eb epilog i natyrsh\u00ebm, i logjiksh\u00ebm, i nj\u00eb procesi politik, i nj\u00eb koalicioni qeveris\u00ebs t\u00eb b\u00ebr\u00eb midis dy partive, t\u00eb cilat, t\u00eb thuash, nuk kan\u00eb gj\u00eb t\u00eb p\u00ebrbashk\u00ebt, dhe t\u00eb cilat nuk kan\u00eb mundur t\u00eb bashk\u00ebqeverisin: \u00cbsht\u00eb ditur menj\u00ebher\u00eb q\u00eb dikush do t\u00eb p\u00ebsoj\u00eb n\u00eb nj\u00eb koalicion t\u00eb k\u00ebsisojt dhe nga nj\u00eb koalicion i k\u00ebtill\u00eb. LDK \u00ebsht\u00eb d\u00ebmi kolateral i k\u00ebsaj qeverisje. I d\u00ebmtuari kryesor, ai q\u00eb m\u00eb s\u00eb shumti ka p\u00ebsuar, \u00ebsht\u00eb qytetari i Kosov\u00ebs, ose, Kosova n\u00eb p\u00ebrgjith\u00ebsi. <\/p>\n<p>Logjika dhe politika e Zanzibarit ka qen\u00eb n\u00eb pushtet, k\u00ebmb\u00ebkryq, n\u00eb kabinetin e Kryeministrit Tha\u00e7i jo nga 19 n\u00ebntori 2009, por nga 9 janari i vitit 2008, kur edhe u b\u00eb Qeveria e tij. Por, q\u00eb prej n\u00ebntorit t\u00eb vitit t\u00eb kaluar, Kosova, po q\u00eb se provojm\u00eb t\u2019i analizojm\u00eb dukurit\u00eb politike me gjakftoht\u00ebsi, as q\u00eb ka pasur Qeveri t\u00eb nj\u00ebmendt\u00eb, por vet\u00ebm Kryeminist\u00ebr. Q\u00eb prej at\u00ebher\u00eb e k\u00ebndej, n\u00eb dhjet\u00eb muajt e kaluar pra, \u00ebsht\u00eb zhveshur dhe ka dal\u00eb para nesh krejt lakuriq, si ai mbreti i p\u00ebrrall\u00ebs, politika plot\u00ebsisht e d\u00ebshtuar e Hashim Tha\u00e7it, Kryep\u00ebrgjegj\u00ebsit p\u00ebr gjendjen kaotike n\u00eb t\u00eb cil\u00ebn ka mb\u00ebrritur Kosova n\u00eb vitin e tret\u00eb t\u00eb ekzistimit t\u00eb shtet. <\/p>\n<p>A mbani n\u00eb mend \u00e7far\u00eb ka ndodhur krejt q\u00eb nga Zanzibari e k\u00ebndej? A mundeni, n\u00ebse p\u00ebr pak \u00e7aste mendoni n\u00eb vete, t\u00eb spikatni qoft\u00eb edhe dy-tri ngjarje t\u00eb mira q\u00eb jan\u00eb sh\u00ebnuar tek ne, e q\u00eb kan\u00eb si autor Kryeministrin Tha\u00e7i, n\u00eb k\u00ebt\u00eb harkun kohor q\u00eb lidh vjeshtat e dy viteve t\u00eb kaluara? <\/p>\n<p>P\u00ebr gati pes\u00eb muaj, prej n\u00ebntorit 2009 e k\u00ebndej, Kryeministri Tha\u00e7i u p\u00ebrpoq t\u00eb na bind\u00eb se e ka kuptuar q\u00eb duhet t\u00eb ndryshoj\u00eb goxha shum\u00eb qeverin\u00eb dhe qeverisjen, dhe q\u00eb k\u00ebt\u00eb do ta b\u00ebj\u00eb p\u00ebrmes riformatizimit t\u00eb saj. Ky ishte q\u00ebndrim i tij, jo i dikujt tjet\u00ebr. N\u00eb fund, e dim\u00eb t\u00eb gjith\u00eb se \u00e7far\u00eb u b\u00eb me ndryshimet n\u00eb Qeverin\u00eb e prir\u00eb prej tij. Gj\u00eb prej gj\u00ebje. <\/p>\n<p>Tre muajt vijues, prej prillit 2010 e k\u00ebndej, pra, Kryeministri Tha\u00e7i u vet\u00eb-vu (u vet\u00eb-em\u00ebrua), Lideri i luft\u00ebs kund\u00ebr korrupsionit dhe t\u00eb korruptuarve, duke premtuar fundin e k\u00ebsaj dukurie q\u00eb k\u00ebrc\u00ebnon n\u00eb palc\u00eb shtetin e Kosov\u00ebs. Ky ishte q\u00ebndrim i tij, jo i dikujt tjet\u00ebr. N\u00eb fund, e dim\u00eb t\u00eb gjith\u00eb se \u00e7far\u00eb u b\u00eb me luft\u00ebn kund\u00ebr korrupsionit t\u00eb prir\u00eb prej tij. Gj\u00eb prej gj\u00ebje. <\/p>\n<p>N\u00eb dy muajt vijues, gusht, shtator, Kryeministri Tha\u00e7i mori edhe timonin e diplomacis\u00eb kosovare, duke na paralajm\u00ebruar dhjet\u00ebra njohje t\u00eb reja t\u00eb shtetit t\u00eb Kosov\u00ebs, duke na bindur, madje, q\u00eb edhe Serbia na ka njohur si shtet (edhe pse k\u00ebt\u00eb, p\u00ebrndryshe, nuk po e dim\u00eb as ne n\u00eb Prishtin\u00eb dhe as ata n\u00eb Beograd). Flitej, madje q\u00eb Kosova shum\u00eb shpejt do t\u00eb mund t\u00eb trokas\u00eb edhe n\u00eb dyert e OKB-s\u00eb. Ky ishte q\u00ebndrim i tij, jo i dikujt tjet\u00ebr. N\u00eb fund, e dim\u00eb t\u00eb gjith\u00eb se \u00e7far\u00eb u b\u00eb me njohjet e reja t\u00eb Kosov\u00ebs. Nj\u00eb shtet i vet\u00ebm ka pranuar pavar\u00ebsin\u00eb e Kosov\u00ebs. <\/p>\n<p>N\u00eb shtator, Kryeministri Tha\u00e7i dhe Ministri i tij i Pun\u00ebve t\u00eb Brendshme, Bajram Rexhepi, dhjet\u00ebra her\u00eb p\u00ebrs\u00ebrit\u00ebn q\u00eb Kosova hi\u00e7 m\u00eb larg se kah gjysma e k\u00ebtij muaji (shtator), do ta marr\u00eb Strategjin\u00eb p\u00ebr Liberalizimin e vizave. Ky ishte q\u00ebndrim i tyre, e jo i dikujt tjet\u00ebr. Nj\u00eb muaj e m\u00eb shum\u00eb m\u00eb pas, ende nuk dihet se kur do ta nis\u00eb Kosova rrug\u00ebtimin p\u00ebr t\u00eb siguruar udh\u00ebtimin e qytetar\u00ebve t\u00eb saj pa viza n\u00eb Evrop\u00eb. <\/p>\n<p>Kryeministri Tha\u00e7i \u00ebsht\u00eb p\u00ebrpjekur vazhduesh\u00ebm t\u00eb na b\u00ebj\u00eb p\u00ebr vete kur b\u00ebhet fjal\u00eb p\u00ebr agjend\u00ebn ekonomike t\u00eb tij, e cila \u00ebsht\u00eb dashur t\u00eb garantoj\u00eb zhvillim t\u00eb q\u00ebndruesh\u00ebm ekonomik, ulje t\u00eb papun\u00ebsis\u00eb, investime nga jasht\u00eb, rritje t\u00eb buxhetit. Asgj\u00eb prej k\u00ebtyre premtimeve nuk \u00ebsht\u00eb realizuar. \u00c7far\u00eb dihet q\u00eb tash \u00ebsht\u00eb q\u00eb kuleta-buxheti i Kosov\u00ebs p\u00ebr vitin 2011, do ta ket\u00eb nj\u00eb deficit prej af\u00ebr 330 milion\u00eb Eurosh, (apo, nj\u00eb \u00e7erek t\u00eb buxhetit t\u00eb t\u00ebr\u00ebsish\u00ebm t\u00eb Kosov\u00ebs p\u00ebr vitin vijues), dhe q\u00eb kjo grop\u00eb buxhetore mund t\u00eb shnd\u00ebrrohet n\u00eb humner\u00eb financiare dhe politike p\u00ebr Republik\u00ebn e Kosov\u00ebs, po q\u00eb se n\u00eb nd\u00ebrkoh\u00eb nuk shitet PTK-ja p\u00ebr diku 300 milion\u00eb Euro. <\/p>\n<p>Dhe k\u00ebshtu me radh\u00eb. Kjo list\u00eb e d\u00ebshtimeve t\u00eb m\u00ebdha t\u00eb Tha\u00e7it dhe t\u00eb Qeveris\u00eb s\u00eb tij, ka vazhdime sa serialet turko-latino-amerikane. Por, p\u00ebr dallim prej tyre, nuk ka fund t\u00eb lumtur. <\/p>\n<p>N\u00eb p\u00ebrgjith\u00ebsi, q\u00eb prej se ka marr\u00eb n\u00eb duart e tij qeverisjen me vendin, Hashim Tha\u00e7i, Kryetari i PDK-s\u00eb, ka preferuar politik\u00ebn e aktit t\u00eb kryer, duke mos e b\u00ebr\u00eb hesap ask\u00ebnd n\u00eb k\u00ebt\u00eb politik\u00ebn vendore, thuajse vet\u00eb i ka s\u00eb paku 61 deputet\u00eb n\u00eb Kuvendin e Kosov\u00ebs, dhe thuajse n\u00eb Kosov\u00eb nuk ka demokraci ku duhet t\u00eb respektohen ligjet dhe procedurat. <\/p>\n<p>Kulmi i k\u00ebsaj politike t\u00eb mbrapsht\u00eb t\u00eb Kryeministrit Tha\u00e7i u pa n\u00eb mbledhjen e fundit t\u00eb Kuvendit t\u00eb Kosov\u00ebs, kur u trajtua tema e privatizimit t\u00eb PTK-s\u00eb. <\/p>\n<p>Kryeministri Tha\u00e7i, n\u00eb k\u00ebt\u00eb rast, si asnj\u00eb tjet\u00ebr politikan n\u00eb k\u00ebt\u00eb historin\u00eb dhjet\u00ebvje\u00e7are t\u00eb demokracis\u00eb kosovare, talli dhe posht\u00ebroi Kuvendin e Kosov\u00ebs. N\u00eb k\u00ebt\u00eb m\u00ebnyr\u00eb, ai shkeli demokracin\u00eb kosovare dhe n\u00ebp\u00ebrk\u00ebmbi t\u00eb gjith\u00eb qytetar\u00ebt e Kosov\u00ebs. <\/p>\n<p>Ky politikan, thjesht, ka qeverisur keq, shum\u00eb keq me Kosov\u00ebn. Ky \u00ebsht\u00eb thelbi i Qeveris\u00eb Tha\u00e7i. Kjo \u00ebsht\u00eb p\u00ebrditshm\u00ebria e saj. E nj\u00eb Qeverie q\u00eb duhet s\u00eb shpejti t\u2019i takoj\u00eb t\u00eb kaluar\u00ebs. N\u00eb m\u00ebnyr\u00eb q\u00eb Kosova t\u00eb ket\u00eb t\u00eb ardhme. <\/p>\n","protected":false},"excerpt":{"rendered":"<p>Nga Blerim Shala Mesdita e t\u00eb shtun\u00ebs s\u00eb 16 tetorit 2010, na ktheu, rr\u00ebmbimthi, aty ku politika dhe shoq\u00ebria kosovare ishin n\u00eb mesnat\u00ebn e t\u00eb enjtes s\u00eb 19 n\u00ebntorit 2009, n\u00eb ngjarjen politike t\u00eb njohur si \u201cNata e Zanzibarit\u201d, kur n\u00eb nj\u00eb kafeteri t\u00eb Prishtin\u00ebs, nj\u00eb grusht politikan\u00ebsh t\u00eb PDK-s\u00eb, provuan ta gatuajn\u00eb fatin e [&hellip;]<\/p>\n","protected":false},"author":1,"featured_media":0,"comment_status":"open","ping_status":"closed","sticky":false,"template":"","format":"standard","meta":{"footnotes":""},"categories":[2],"tags":[],"class_list":{"0":"post-4331","1":"post","2":"type-post","3":"status-publish","4":"format-standard","6":"category-artikuj"},"yoast_head":"<!-- This site is optimized with the Yoast SEO plugin v27.4 - https:\/\/yoast.com\/product\/yoast-seo-wordpress\/ -->\n<title>Fundi i keq i nj\u00eb qeverie t\u00eb d\u00ebshtuar - FjALA e LIR\u00cb - Arkivi<\/title>\n<meta name=\"robots\" content=\"index, follow, max-snippet:-1, max-image-preview:large, max-video-preview:-1\" \/>\n<link rel=\"canonical\" href=\"https:\/\/fjala.info\/2009-2015\/fundi-i-keq-i-nje-qeverie-te-deshtuar\/\" \/>\n<meta property=\"og:locale\" content=\"sq_AL\" \/>\n<meta property=\"og:type\" content=\"article\" \/>\n<meta property=\"og:title\" content=\"Fundi i keq i nj\u00eb qeverie t\u00eb d\u00ebshtuar - FjALA e LIR\u00cb - Arkivi\" \/>\n<meta property=\"og:description\" content=\"Nga Blerim Shala Mesdita e t\u00eb shtun\u00ebs s\u00eb 16 tetorit 2010, na ktheu, rr\u00ebmbimthi, aty ku politika dhe shoq\u00ebria kosovare ishin n\u00eb mesnat\u00ebn e t\u00eb enjtes s\u00eb 19 n\u00ebntorit 2009, n\u00eb ngjarjen politike t\u00eb njohur si \u201cNata e Zanzibarit\u201d, kur n\u00eb nj\u00eb kafeteri t\u00eb Prishtin\u00ebs, nj\u00eb grusht politikan\u00ebsh t\u00eb PDK-s\u00eb, provuan ta gatuajn\u00eb fatin e [&hellip;]\" \/>\n<meta property=\"og:url\" content=\"https:\/\/fjala.info\/2009-2015\/fundi-i-keq-i-nje-qeverie-te-deshtuar\/\" \/>\n<meta property=\"og:site_name\" content=\"FjALA e LIR\u00cb - Arkivi\" \/>\n<meta property=\"article:published_time\" content=\"2010-10-19T08:10:37+00:00\" \/>\n<meta name=\"author\" content=\"admin\" \/>\n<meta name=\"twitter:card\" content=\"summary_large_image\" \/>\n<meta name=\"twitter:label1\" content=\"Written by\" \/>\n\t<meta name=\"twitter:data1\" content=\"admin\" \/>\n\t<meta name=\"twitter:label2\" content=\"Est. reading time\" \/>\n\t<meta name=\"twitter:data2\" content=\"6 minutes\" \/>\n<script type=\"application\/ld+json\" class=\"yoast-schema-graph\">{\"@context\":\"https:\\\/\\\/schema.org\",\"@graph\":[{\"@type\":\"Article\",\"@id\":\"https:\\\/\\\/fjala.info\\\/2009-2015\\\/fundi-i-keq-i-nje-qeverie-te-deshtuar\\\/#article\",\"isPartOf\":{\"@id\":\"https:\\\/\\\/fjala.info\\\/2009-2015\\\/fundi-i-keq-i-nje-qeverie-te-deshtuar\\\/\"},\"author\":{\"name\":\"admin\",\"@id\":\"https:\\\/\\\/fjala.info\\\/2009-2015\\\/#\\\/schema\\\/person\\\/3aa1163ef05469c496fc94e77611ada2\"},\"headline\":\"Fundi i keq i nj\u00eb qeverie t\u00eb d\u00ebshtuar\",\"datePublished\":\"2010-10-19T08:10:37+00:00\",\"mainEntityOfPage\":{\"@id\":\"https:\\\/\\\/fjala.info\\\/2009-2015\\\/fundi-i-keq-i-nje-qeverie-te-deshtuar\\\/\"},\"wordCount\":1181,\"commentCount\":0,\"publisher\":{\"@id\":\"https:\\\/\\\/fjala.info\\\/2009-2015\\\/#organization\"},\"articleSection\":[\"Artikuj\"],\"inLanguage\":\"sq-AL\",\"potentialAction\":[{\"@type\":\"CommentAction\",\"name\":\"Comment\",\"target\":[\"https:\\\/\\\/fjala.info\\\/2009-2015\\\/fundi-i-keq-i-nje-qeverie-te-deshtuar\\\/#respond\"]}]},{\"@type\":\"WebPage\",\"@id\":\"https:\\\/\\\/fjala.info\\\/2009-2015\\\/fundi-i-keq-i-nje-qeverie-te-deshtuar\\\/\",\"url\":\"https:\\\/\\\/fjala.info\\\/2009-2015\\\/fundi-i-keq-i-nje-qeverie-te-deshtuar\\\/\",\"name\":\"Fundi i keq i nj\u00eb qeverie t\u00eb d\u00ebshtuar - FjALA e LIR\u00cb - Arkivi\",\"isPartOf\":{\"@id\":\"https:\\\/\\\/fjala.info\\\/2009-2015\\\/#website\"},\"datePublished\":\"2010-10-19T08:10:37+00:00\",\"breadcrumb\":{\"@id\":\"https:\\\/\\\/fjala.info\\\/2009-2015\\\/fundi-i-keq-i-nje-qeverie-te-deshtuar\\\/#breadcrumb\"},\"inLanguage\":\"sq-AL\",\"potentialAction\":[{\"@type\":\"ReadAction\",\"target\":[\"https:\\\/\\\/fjala.info\\\/2009-2015\\\/fundi-i-keq-i-nje-qeverie-te-deshtuar\\\/\"]}]},{\"@type\":\"BreadcrumbList\",\"@id\":\"https:\\\/\\\/fjala.info\\\/2009-2015\\\/fundi-i-keq-i-nje-qeverie-te-deshtuar\\\/#breadcrumb\",\"itemListElement\":[{\"@type\":\"ListItem\",\"position\":1,\"name\":\"Home\",\"item\":\"https:\\\/\\\/fjala.info\\\/2009-2015\\\/\"},{\"@type\":\"ListItem\",\"position\":2,\"name\":\"Fundi i keq i nj\u00eb qeverie t\u00eb d\u00ebshtuar\"}]},{\"@type\":\"WebSite\",\"@id\":\"https:\\\/\\\/fjala.info\\\/2009-2015\\\/#website\",\"url\":\"https:\\\/\\\/fjala.info\\\/2009-2015\\\/\",\"name\":\"FjALA e LIR\u00cb - Arkivi\",\"description\":\"Arkivi 2009-2015\",\"publisher\":{\"@id\":\"https:\\\/\\\/fjala.info\\\/2009-2015\\\/#organization\"},\"potentialAction\":[{\"@type\":\"SearchAction\",\"target\":{\"@type\":\"EntryPoint\",\"urlTemplate\":\"https:\\\/\\\/fjala.info\\\/2009-2015\\\/?s={search_term_string}\"},\"query-input\":{\"@type\":\"PropertyValueSpecification\",\"valueRequired\":true,\"valueName\":\"search_term_string\"}}],\"inLanguage\":\"sq-AL\"},{\"@type\":\"Organization\",\"@id\":\"https:\\\/\\\/fjala.info\\\/2009-2015\\\/#organization\",\"name\":\"FjALA e LIR\u00cb - Arkivi\",\"url\":\"https:\\\/\\\/fjala.info\\\/2009-2015\\\/\",\"logo\":{\"@type\":\"ImageObject\",\"inLanguage\":\"sq-AL\",\"@id\":\"https:\\\/\\\/fjala.info\\\/2009-2015\\\/#\\\/schema\\\/logo\\\/image\\\/\",\"url\":\"\",\"contentUrl\":\"\",\"caption\":\"FjALA e LIR\u00cb - Arkivi\"},\"image\":{\"@id\":\"https:\\\/\\\/fjala.info\\\/2009-2015\\\/#\\\/schema\\\/logo\\\/image\\\/\"}},{\"@type\":\"Person\",\"@id\":\"https:\\\/\\\/fjala.info\\\/2009-2015\\\/#\\\/schema\\\/person\\\/3aa1163ef05469c496fc94e77611ada2\",\"name\":\"admin\",\"image\":{\"@type\":\"ImageObject\",\"inLanguage\":\"sq-AL\",\"@id\":\"https:\\\/\\\/fjala.info\\\/2009-2015\\\/wp-content\\\/uploads\\\/2012\\\/02\\\/arben_cokaj-120x150.jpg\",\"url\":\"https:\\\/\\\/fjala.info\\\/2009-2015\\\/wp-content\\\/uploads\\\/2012\\\/02\\\/arben_cokaj-120x150.jpg\",\"contentUrl\":\"https:\\\/\\\/fjala.info\\\/2009-2015\\\/wp-content\\\/uploads\\\/2012\\\/02\\\/arben_cokaj-120x150.jpg\",\"caption\":\"admin\"},\"description\":\"Admin, Fjala e Lir\u00eb\",\"sameAs\":[\"https:\\\/\\\/fjala.info\\\/\"],\"url\":\"https:\\\/\\\/fjala.info\\\/2009-2015\\\/author\\\/admin\\\/\"}]}<\/script>\n<!-- \/ Yoast SEO plugin. -->","yoast_head_json":{"title":"Fundi i keq i nj\u00eb qeverie t\u00eb d\u00ebshtuar - FjALA e LIR\u00cb - Arkivi","robots":{"index":"index","follow":"follow","max-snippet":"max-snippet:-1","max-image-preview":"max-image-preview:large","max-video-preview":"max-video-preview:-1"},"canonical":"https:\/\/fjala.info\/2009-2015\/fundi-i-keq-i-nje-qeverie-te-deshtuar\/","og_locale":"sq_AL","og_type":"article","og_title":"Fundi i keq i nj\u00eb qeverie t\u00eb d\u00ebshtuar - FjALA e LIR\u00cb - Arkivi","og_description":"Nga Blerim Shala Mesdita e t\u00eb shtun\u00ebs s\u00eb 16 tetorit 2010, na ktheu, rr\u00ebmbimthi, aty ku politika dhe shoq\u00ebria kosovare ishin n\u00eb mesnat\u00ebn e t\u00eb enjtes s\u00eb 19 n\u00ebntorit 2009, n\u00eb ngjarjen politike t\u00eb njohur si \u201cNata e Zanzibarit\u201d, kur n\u00eb nj\u00eb kafeteri t\u00eb Prishtin\u00ebs, nj\u00eb grusht politikan\u00ebsh t\u00eb PDK-s\u00eb, provuan ta gatuajn\u00eb fatin e [&hellip;]","og_url":"https:\/\/fjala.info\/2009-2015\/fundi-i-keq-i-nje-qeverie-te-deshtuar\/","og_site_name":"FjALA e LIR\u00cb - Arkivi","article_published_time":"2010-10-19T08:10:37+00:00","author":"admin","twitter_card":"summary_large_image","twitter_misc":{"Written by":"admin","Est. reading time":"6 minutes"},"schema":{"@context":"https:\/\/schema.org","@graph":[{"@type":"Article","@id":"https:\/\/fjala.info\/2009-2015\/fundi-i-keq-i-nje-qeverie-te-deshtuar\/#article","isPartOf":{"@id":"https:\/\/fjala.info\/2009-2015\/fundi-i-keq-i-nje-qeverie-te-deshtuar\/"},"author":{"name":"admin","@id":"https:\/\/fjala.info\/2009-2015\/#\/schema\/person\/3aa1163ef05469c496fc94e77611ada2"},"headline":"Fundi i keq i nj\u00eb qeverie t\u00eb d\u00ebshtuar","datePublished":"2010-10-19T08:10:37+00:00","mainEntityOfPage":{"@id":"https:\/\/fjala.info\/2009-2015\/fundi-i-keq-i-nje-qeverie-te-deshtuar\/"},"wordCount":1181,"commentCount":0,"publisher":{"@id":"https:\/\/fjala.info\/2009-2015\/#organization"},"articleSection":["Artikuj"],"inLanguage":"sq-AL","potentialAction":[{"@type":"CommentAction","name":"Comment","target":["https:\/\/fjala.info\/2009-2015\/fundi-i-keq-i-nje-qeverie-te-deshtuar\/#respond"]}]},{"@type":"WebPage","@id":"https:\/\/fjala.info\/2009-2015\/fundi-i-keq-i-nje-qeverie-te-deshtuar\/","url":"https:\/\/fjala.info\/2009-2015\/fundi-i-keq-i-nje-qeverie-te-deshtuar\/","name":"Fundi i keq i nj\u00eb qeverie t\u00eb d\u00ebshtuar - FjALA e LIR\u00cb - Arkivi","isPartOf":{"@id":"https:\/\/fjala.info\/2009-2015\/#website"},"datePublished":"2010-10-19T08:10:37+00:00","breadcrumb":{"@id":"https:\/\/fjala.info\/2009-2015\/fundi-i-keq-i-nje-qeverie-te-deshtuar\/#breadcrumb"},"inLanguage":"sq-AL","potentialAction":[{"@type":"ReadAction","target":["https:\/\/fjala.info\/2009-2015\/fundi-i-keq-i-nje-qeverie-te-deshtuar\/"]}]},{"@type":"BreadcrumbList","@id":"https:\/\/fjala.info\/2009-2015\/fundi-i-keq-i-nje-qeverie-te-deshtuar\/#breadcrumb","itemListElement":[{"@type":"ListItem","position":1,"name":"Home","item":"https:\/\/fjala.info\/2009-2015\/"},{"@type":"ListItem","position":2,"name":"Fundi i keq i nj\u00eb qeverie t\u00eb d\u00ebshtuar"}]},{"@type":"WebSite","@id":"https:\/\/fjala.info\/2009-2015\/#website","url":"https:\/\/fjala.info\/2009-2015\/","name":"FjALA e LIR\u00cb - Arkivi","description":"Arkivi 2009-2015","publisher":{"@id":"https:\/\/fjala.info\/2009-2015\/#organization"},"potentialAction":[{"@type":"SearchAction","target":{"@type":"EntryPoint","urlTemplate":"https:\/\/fjala.info\/2009-2015\/?s={search_term_string}"},"query-input":{"@type":"PropertyValueSpecification","valueRequired":true,"valueName":"search_term_string"}}],"inLanguage":"sq-AL"},{"@type":"Organization","@id":"https:\/\/fjala.info\/2009-2015\/#organization","name":"FjALA e LIR\u00cb - Arkivi","url":"https:\/\/fjala.info\/2009-2015\/","logo":{"@type":"ImageObject","inLanguage":"sq-AL","@id":"https:\/\/fjala.info\/2009-2015\/#\/schema\/logo\/image\/","url":"","contentUrl":"","caption":"FjALA e LIR\u00cb - Arkivi"},"image":{"@id":"https:\/\/fjala.info\/2009-2015\/#\/schema\/logo\/image\/"}},{"@type":"Person","@id":"https:\/\/fjala.info\/2009-2015\/#\/schema\/person\/3aa1163ef05469c496fc94e77611ada2","name":"admin","image":{"@type":"ImageObject","inLanguage":"sq-AL","@id":"https:\/\/fjala.info\/2009-2015\/wp-content\/uploads\/2012\/02\/arben_cokaj-120x150.jpg","url":"https:\/\/fjala.info\/2009-2015\/wp-content\/uploads\/2012\/02\/arben_cokaj-120x150.jpg","contentUrl":"https:\/\/fjala.info\/2009-2015\/wp-content\/uploads\/2012\/02\/arben_cokaj-120x150.jpg","caption":"admin"},"description":"Admin, Fjala e Lir\u00eb","sameAs":["https:\/\/fjala.info\/"],"url":"https:\/\/fjala.info\/2009-2015\/author\/admin\/"}]}},"_links":{"self":[{"href":"https:\/\/fjala.info\/2009-2015\/wp-json\/wp\/v2\/posts\/4331","targetHints":{"allow":["GET"]}}],"collection":[{"href":"https:\/\/fjala.info\/2009-2015\/wp-json\/wp\/v2\/posts"}],"about":[{"href":"https:\/\/fjala.info\/2009-2015\/wp-json\/wp\/v2\/types\/post"}],"author":[{"embeddable":true,"href":"https:\/\/fjala.info\/2009-2015\/wp-json\/wp\/v2\/users\/1"}],"replies":[{"embeddable":true,"href":"https:\/\/fjala.info\/2009-2015\/wp-json\/wp\/v2\/comments?post=4331"}],"version-history":[{"count":0,"href":"https:\/\/fjala.info\/2009-2015\/wp-json\/wp\/v2\/posts\/4331\/revisions"}],"wp:attachment":[{"href":"https:\/\/fjala.info\/2009-2015\/wp-json\/wp\/v2\/media?parent=4331"}],"wp:term":[{"taxonomy":"category","embeddable":true,"href":"https:\/\/fjala.info\/2009-2015\/wp-json\/wp\/v2\/categories?post=4331"},{"taxonomy":"post_tag","embeddable":true,"href":"https:\/\/fjala.info\/2009-2015\/wp-json\/wp\/v2\/tags?post=4331"}],"curies":[{"name":"wp","href":"https:\/\/api.w.org\/{rel}","templated":true}]}}