{"id":4325,"date":"2010-10-19T08:31:31","date_gmt":"2010-10-19T07:31:31","guid":{"rendered":"http:\/\/fjala.shkoder.net\/?p=4325"},"modified":"2010-10-19T08:31:31","modified_gmt":"2010-10-19T07:31:31","slug":"smajl-martini-ivezaj-i-grudes-princi-i-maleve-kreshnike-te-malesise","status":"publish","type":"post","link":"https:\/\/fjala.info\/2009-2015\/smajl-martini-ivezaj-i-grudes-princi-i-maleve-kreshnike-te-malesise\/","title":{"rendered":"Smajl Martini Ivezaj i Grud\u00ebs &#8211; Princi i Maleve Kreshnike t\u00eb Mal\u00ebsis\u00eb"},"content":{"rendered":"<p>Nga <strong>Gjon Frani Ivezaj<\/strong>, <em>historian<\/em><\/p>\n<p>Shqiptar\u00ebt me stoiciz\u00ebm i kan\u00eb rezistuar stuhive t\u00eb p\u00ebrbindshme t\u00eb hordhive pushtuese, q\u00eb kan\u00eb synuar n\u00ebnshtrimin e maleve dhe banor\u00ebve kreshnik\u00eb autokton\u00eb ilir-arb\u00ebror\u00eb.<\/p>\n<p>Nga burimet historike, m\u00ebsojm\u00eb se luftrat ose kryengritjet m\u00eb t\u00eb njohura t\u00eb Grud\u00ebs jan\u00eb ato q\u00eb jan\u00eb zhvilluar gjat\u00eb periudh\u00ebs s\u00eb viteve 1565-1575, 1883 etj. Por nga ana e tjet\u00ebr, nuk duhet harruar<br \/>\nedhe Kryengritja liridash\u00ebse t\u00eb shekujve t\u00eb m\u00ebvonsh\u00ebm, n\u00eb t\u00eb cil\u00ebn kulmon ajo e vitit 1911, ku mal\u00ebsor\u00ebt n\u00ebnshkruan historin\u00eb e lavdishme t\u00eb popullit shqiptar. Vendosm\u00ebria e shqiptar\u00ebve mal\u00ebsor\u00eb p\u00ebr t\u00eb q\u00ebndruar deri n\u00eb fund alarmuan si Fuqit\u00eb e M\u00ebdha t\u00eb koh\u00ebs ashtu edhe Perandoris\u00eb Otomane, q\u00eb ishte n\u00eb faz\u00ebn e kalb\u00ebrizmit dhe tjet\u00ebrsimit t\u00eb plot\u00eb n\u00eb br\u00ebnd\u00ebsi t\u00eb saj.<\/p>\n<p>Populli yn\u00eb ka luftuar p\u00ebr t\u00eb mbrojtur kombin, gjuh\u00ebn, traditat, zakonet, fen\u00eb, kultur\u00ebn, d\u00ebshmit\u00eb e vijimsis\u00eb s\u00eb artit dhe kultur\u00ebs etnike. Nga ana e tjet\u00ebr m\u00eb t\u00eb gjith\u00eb mjetet dhe format e saj, pushtuesit shum\u00ebshekullor\u00eb otoman, kan\u00eb synuar jet\u00ebgjat\u00ebsine e sundimit t\u00eb p\u00ebrjetsh\u00ebm, duke u munduar hap mbas hapi t\u00eb asimilojn\u00eb kombin ton\u00eb. Ata e kan\u00eb filluar me shkat\u00ebrrimin e qyteteve t\u00eb hershme dhe t\u00eb lasht\u00eb n\u00eb kultur\u00eb, duke u munduar t\u00eb b\u00ebnin turqizimin e tyre.<\/p>\n<p>Me q\u00ebllim q\u00eb t\u00eb largonte rrezikun e shp\u00ebrthimit t\u00eb Kryengritjes antiosmane n\u00eb Mal\u00ebsi, Porta e Lart\u00eb shpalli n\u00eb ver\u00ebn e vitit 1875 se nuk do ti p\u00ebrseriste m\u00eb ekspeditat ushtarake p\u00ebr vendosjen e pushtetit t\u00eb saj n\u00eb krahinat e pan\u00ebnshtruara asaj. Por ky vendim, me t\u00eb cilin Perandoria Otomane vuloste fundin e periudh\u00ebs s\u00eb Tanzimatit n\u00eb trojet shqiptare, nuk e ndryshoi gjendjen e mjerueshme t\u00eb Mal\u00ebsis\u00eb. Por kur interesat e atdheut k\u00ebrkonin flijimin dhe pushk\u00ebn engrehur p\u00ebr Shqip\u00ebri, fatosat e liris\u00eb t\u00eb Mal\u00ebsis\u00eb menj\u00ebher\u00eb u rreshtuan n\u00eb betejat e p\u00ebrgjashme kund\u00ebr \u00e7do pushtuesi t\u00eb trojeve tona dhe nd\u00ebr shekuj ishin mmburoj\u00eb e herkut e atdhedashuris\u00eb.<\/p>\n<p>Gjith\u00ebnj\u00eb ushtria otomane \u00ebsht\u00eb p\u00ebrpjekur p\u00ebr t\u00eb shuar zjarrin e luft\u00ebs p\u00ebr liri t\u00eb popullit shqiptar dhe n\u00eb vecanti tek mal\u00ebsor\u00ebt kreshnik\u00eb. M\u00eb konkretisht n\u00eb Grud\u00eb, sipas burimeve historike me ardhjen e Vuksan Gel\u00ebs, krijohet nj\u00eb em\u00ebr shum\u00eb m\u00eb i njohur i Grud\u00ebn kreshnike. Trim\u00ebria, besa dhe burr\u00ebria u b\u00ebn\u00eb pjes\u00eb e jet\u00ebs s\u00eb k\u00ebsaj krahin\u00eb fam\u00ebmadhe, duke rip\u00ebrt\u00ebrir\u00eb edhe m\u00eb shum\u00eb k\u00ebto vlera t\u00eb pasuris\u00eb shqiptare. Gruda u b\u00eb epiqendra e luftrave p\u00ebr liri dhe\u00a0 pavar\u00ebsi, duke shkruar me zjarrin e pukshk\u00ebs historin\u00eb e lavdishme t\u00eb<br \/>\nkrahin\u00ebs dhe vet\u00eb Shqip\u00ebris\u00eb askohe.<\/p>\n<p>Pasardh\u00ebsit e k\u00ebsaj dere t\u00eb njohur p\u00ebr trim\u00ebri dhe patriotizem qe shkruan histori me gryken e pushkes ishin prij\u00ebsit e idealeve t\u00eb liris\u00eb kund\u00ebr kolonizator\u00ebve turq, si: Prec\u00eb Vuksani dhe Bac\u00eb Vuksani q\u00eb ishin nga gjaku dhe themelet e Vuksan Gel\u00ebs s\u00eb famsh\u00ebm n\u00eb histori. Ata mbet\u00ebn nj\u00eb shpat\u00eb e fort\u00eb e mpreht\u00eb kund\u00ebr hordhive barbare turke, duke i prir\u00eb mal\u00ebsor\u00ebve n\u00eb shum\u00eb luftra dhe beteja t\u00eb p\u00ebrgjashme n\u00eb mbrotje t\u00eb trojeve etnike shqiptare.<\/p>\n<p>Prij\u00ebsi i Grud\u00ebs Prec Vuksani, sipas d\u00ebshmive historike t\u00eb Imzot Simonit, ishte gjithnj\u00eb n\u00eb krye t\u00eb betejave p\u00ebrkrah trimave t\u00eb tjer\u00eb mal\u00ebsor\u00eb. Historiani tregon se si ky prij\u00ebs legjendar\u00eb n\u00eb vitin 1790 ishte tmerre i ushtrive turke, tek luftonte ball\u00eb p\u00ebr ball\u00eb dhe trup me trup me forcat turke. Mbas shum\u00eb p\u00ebrpjekjeve e luftrave, Prec\u00eb Vuksani ra d\u00ebshmor n\u00eb mbrojtje t\u00eb trojeve tona n\u00eb Kalan\u00eb e Rozafatit t\u00eb Shkodr\u00ebs. Gjaku i tij u b\u00eb drit\u00eb dhe burim frym\u00ebzimi n\u00eb luftrat e tjera t\u00eb nj\u00ebpasnj\u00ebshme, q\u00eb do t\u00eb b\u00ebnin mal\u00ebsor\u00ebt e Grud\u00ebs dhe gjith\u00eb Mal\u00ebsis\u00eb kund\u00ebr ushtrive turke.<\/p>\n<p>Historiani Imzot Simoni (PP013, fq. 20), e p\u00ebrshkruan figurativisht dimbjen dhe trim\u00ebrin\u00eb e k\u00ebtij prij\u00ebsi t\u00eb dashur n\u00eb t\u00eb gjith\u00eb Mal\u00ebsin\u00eb. Nd\u00ebr t\u00eb tjera ai varg\u00ebzon si nj\u00eb rapsod popullor\u00eb:<\/p>\n<blockquote><p>\u201c<em>Kur ra gjaku i ktij fatosi,<br \/>\nN\u2019kalan e Rozafatit<br \/>\nU dridh toka e ra termeku<br \/>\nUshtuen malet e l\u2019kundet deti&#8230;\u201d<\/em><\/p><\/blockquote>\n<p>Edhe pse vdekja heroike tronditi gjith\u00eb Mal\u00ebsin\u00eb, flamuri shqiptar nuk ra n\u00eb tok\u00eb, por ishte v\u00ebllai i tij Bac\u00eb Vuksani ai q\u00eb do t\u00eb vijonte dhe mbante lart ne dore flamurin e Gjergj Kastriotit me nder e lavdi shembullore. Ai mori pjes\u00eb n\u00eb shum\u00eb beteja, si n\u00eb luft\u00ebn e Lezh\u00ebs kund\u00ebr ushtris\u00eb otomane turke, n\u00eb luft\u00ebn e p\u00ebrgjakshme t\u00eb Shkodr\u00ebs, Vran\u00ebs etj. Ai n\u00eb luftimet trup me trup me ushtrin\u00eb turke, ra heroikisht n\u00eb fush\u00ebn e betej\u00ebs n\u00eb Kalan\u00eb e Spuzhit t\u00eb vitit 1797.<\/p>\n<p>Prej der\u00ebs s\u00eb trimave t\u00eb sht\u00ebpis\u00eb s\u00eb Prec\u00eb Vuksanit lid\u00ebn edhe m\u00eb von\u00eb figura m\u00eb legjendare t\u00eb maleve kreshnike t\u00eb Mal\u00ebsis\u00eb. Prej k\u00ebsaj votre heroike lindi parardh\u00ebsi legjendar Smajl Martini Ivezaj i Grud\u00ebs<br \/>\nheroike.<\/p>\n<p>Qysh n\u00eb f\u00ebmij\u00ebri ai u ushqye nga prind\u00ebrit e tij fisnik me dashurin\u00eb p\u00ebr tokat shqiptare, respektin dhe traditat e t\u00eb par\u00ebve t\u00eb der\u00ebs kreshnike. Ai i d\u00ebgjonte dhe mbante n\u00eb kujtes\u00eb t\u00eb gjith\u00eb ngjarjet historike t\u00eb lavdishme t\u00eb treguar n\u00eb odat e burrave nga t\u00eb gjith\u00eb antar\u00ebt e familjes s\u00eb tij, miqt\u00eb dhe personalitetet e shquara t\u00eb kombit shqiptar, q\u00eb kan\u00eb bujtur dhe ishin miq e k\u00ebsaj dere bujare dhe fisnike.<\/p>\n<p>K\u00ebshtu burimet historike tregojn\u00eb se Smajl Martini Ivezaj ishte qysh n\u00eb mosh\u00ebn 18-vjecare nj\u00eb prij\u00ebs trim i mal\u00ebsor\u00ebve t\u00eb Grud\u00ebs, duke mbajtur me nder dhe lavdi emrin e bajraktarit t\u00eb Grud\u00ebs e mir\u00ebnjohur n\u00eb histori dhe krahin\u00ebn e Mal\u00ebsis\u00eb. Smajli mori pjes\u00eb n\u00eb shum\u00eb luftra clirimtare kund\u00ebr pushtuesve turq. T\u00eb tilla jan\u00eb luftrat n\u00eb Shkod\u00ebr, lufta e Vran\u00ebs, lufta n\u00eb Shipshanikut dhe rrethinat e kalas\u00eb s\u00eb Deciqit, lufta e Bukovikut q\u00eb u b\u00eb n\u00eb Rugov\u00eb t\u00eb Kosov\u00ebs, n\u00eb luft\u00ebn e Plav\u00ebs dhe Gucis\u00eb, luft\u00ebn e Pej\u00ebs, kryengritje e p\u00ebrgjashme n\u00eb tok\u00ebn e Maqedonis\u00eb kund\u00ebr Sadri Aga Pash\u00ebs etj., etj. Ai iste n\u00eb ball\u00eb t\u00eb kryengritjeve liridash\u00ebse.<\/p>\n<p>Fatosat e liris\u00eb gjat\u00eb shekujve kan\u00eb luftuar burr\u00ebrisht p\u00ebr ti b\u00ebr\u00eb ball\u00eb forcave turke t\u00eb armatosura deri n\u00eb dh\u00ebmb. Shqiptar\u00ebt luftuan t\u00eb shtyr\u00eb nga ideja komb\u00ebtare, gj\u00eb q\u00eb b\u00ebri t\u00eb mundur q\u00eb opinioni europian<br \/>\nt\u00eb shikoj\u00eb dhe ndryshoj mendim p\u00ebr shqiptar\u00ebt, q\u00eb po i b\u00ebnin ball\u00eb ekspeditave nd\u00ebshmimore t\u00eb ushtrive mizore turke.<\/p>\n<p>Fitoret e shqiptar\u00ebve kund\u00ebr ushtrive turke pat\u00ebn jehon\u00eb t\u00eb madhe n\u00eb shtypin nd\u00ebrkomb\u00ebtar. Ata forcuan edhe m\u00eb tej bindjen se shqiptar\u00ebt mal\u00ebsor\u00eb ishin t\u00eb zot\u00eb t\u00eb mbronin vet\u00eb trojet e tyre pa ndihm\u00ebn e askujt, mbasi ata ushqeheshin nga dashuria p\u00ebr atdheun e tyre, q\u00eb ishte dhe mbeti motivi m\u00eb frym\u00ebzues i t\u00eb gjith\u00eb mal\u00ebsor\u00ebve. K\u00ebshtu Fuqit\u00eb e M\u00ebdha, Perandoria Otomane u detyruan pas p\u00ebrpjekjeve pa rezultat t\u00eb hiqnin dor\u00eb nga vendimi i Kongresit t\u00eb Berlinit n\u00eb lidhje me tokat shqiptare, \u00e7ka sh\u00ebnon nj\u00eb fitore t\u00eb re t\u00eb diplomacis\u00eb q\u00eb korr\u00ebn shqiptar\u00ebt n\u00eb aren\u00ebn nd\u00ebrkomb\u00ebtare.<\/p>\n<p>K\u00ebta fatosa t\u00eb liris\u00eb ishin luft\u00ebtar\u00ebt m\u00eb t\u00eb shquar, njer\u00ebz bujar, sht\u00ebpia t\u00eb njohur n\u00eb gjith\u00eb Mal\u00ebsin\u00eb, shquheshin p\u00ebr urt\u00ebsi, njer\u00ebz t\u00eb bes\u00ebs dhe nderit, mikprit\u00ebsa dhe zem\u00ebrmir\u00eb. Ata u m\u00ebsuan edhe f\u00ebmij\u00ebve<br \/>\nnip\u00ebrve, mbesave dhe gjeneratave t\u00eb tjera q\u00eb erdh\u00ebn mbas shembullit t\u00eb tyre heroik historin\u00eb e lavdishme t\u00eb Mal\u00ebsis\u00eb kreshnike t\u00eb shkruar me zjarin e pushk\u00ebs s\u00eb liris\u00eb.<\/p>\n<p>Smajl Martini Ivezaj (Bajraktar i Grud\u00ebs), njeri nd\u00ebr luftetar\u00ebt m\u00eb t\u00eb m\u00ebdhenj q\u00eb pati Mal\u00ebsia, i cili luftoi krejt jet\u00ebn kund\u00ebr turqve, rreth vitit 1883 arrestohet n\u00eb Shkod\u00ebr nga turqit dhe p\u00ebr d\u00ebnim e syrgjynojn\u00eb n\u00eb Diari Bekir, ku nuk u kthye kurr\u00eb m\u00eb dhe as nuk i dihet vorri.<br \/>\nSmajlit i mbet\u00ebn dy djem n\u00eb betejat kundra pushtuesve t\u00eb huaj. Shqiptar\u00ebt u lidh\u00ebn m\u00eb shum\u00eb se kurr\u00eb mes vedit n\u00eb mbrotje t\u00eb trojeve etnike shqiptare, vatrave t\u00eb trash\u00ebguar brez mbas brezi nga t\u00eb par\u00ebt e tyre.<br \/>\nKjo der\u00eb z\u00ebmadhe, ka nxjerr\u00eb trima si heronj komb\u00ebtar\u00eb, duke kulmuar me Tring\u00ebn e famshme legjendare, Sokol Bacin e pamposhtur n\u00eb luftra e beteja t\u00eb p\u00ebrgjakshme p\u00ebr liri e pavar\u00ebsi, Smajl Martinin Ivezaj e mir\u00ebnjohur n\u00eb t\u00eb gjith\u00eb Mal\u00ebisin\u00eb p\u00ebr bes\u00eb, urti, trim\u00ebri dhe pushk\u00eb e ngrehur p\u00ebr Shqip\u00ebri, ashtu sikurse edhe Ded\u00eb Nik\u00eb Ivezaj Bajraktarin e Grud\u00ebs, Zef Martinin Ivezaj etj., heroina komb\u00ebtare shqiptare Tringa<br \/>\ne Smajlit, q\u00eb ishin dhe mbet\u00ebn ndera e historis\u00eb s\u00eb lavdishme t\u00eb Mal\u00ebsis\u00eb dhe e gjith\u00eb Shqip\u00ebris\u00eb gjat\u00eb shekullit XVII, XVIII, XIX dhe XX.<br \/>\nUdh\u00ebheq\u00ebsit mal\u00ebsor\u00eb duke q\u00ebn\u00eb t\u00eb par\u00ebt n\u00eb frontin e luft\u00ebs treguan gatishm\u00ebri p\u00eb rt\u00eb mobilizuar forca t\u00eb ndryshme nga krahinat e mal\u00ebsive dhe fiseve t\u00eb njohura, sipas zakonitu zotuan t\u00eb mobilizonin t\u00eb gjith\u00eb<br \/>\nburrat e aft\u00eb p\u00ebr arm\u00eb n\u00eb mbrojtje t\u00eb tokave amtare. Porta e Lart\u00eb asnj\u00ebher\u00eb nuk u pajtua m\u00eb k\u00ebt\u00eb gjendje gatishm\u00ebrie p\u00ebr luft\u00eb t\u00eb mal\u00ebsor\u00ebve kund\u00ebr ushtrive t\u00eb tyre pushtuese.<br \/>\nTringa \u00ebsht\u00eb vajza e tij sokolesh\u00eb, pra Tringa e Smajlit ose Tringa e Grud\u00ebs e cila krah p\u00ebr krah me burra luftoj gjithnj\u00eb pa u trembur me arm\u00eb n\u00eb dor\u00eb kundra armikut, q\u00eb kishte zaptuar trojet tona shqiptare,<br \/>\nq\u00eb gjithnj\u00eb jan\u00eb lar\u00eb me gjakun e shenjt\u00eb t\u00eb martir\u00ebve t\u00eb liris\u00eb. Prec\u00eb Vuksani dhe Bac\u00eb Vuksani ishin princat e Grud\u00ebs, t\u00eb cil\u00ebt heroikisht luftonin kund\u00ebr ushtris\u00eb mizore otomane turke. Simbas nj\u00eb Ipeshkvit t\u00eb Vnecias Toni Assgazino, q\u00eb shkruante p\u00ebr q\u00ebndres\u00ebn e banor\u00ebve vendas mal\u00ebsor\u00eb gjat\u00eb luftrave liridash\u00ebse t\u00eb vitit 1780, nd\u00ebr t\u00eb tjera ai p\u00ebrmend me shum\u00eb respekt edhe bajraktar\u00ebt e Grud\u00ebs: Bac\u00eb Vuksanin Ivezaj dhe Prec\u00eb Vuksanin Ivezaj, q\u00eb u dalluan n\u00eb mbrojtje heroike t\u00eb kalas\u00eb s\u00eb Rozafatit n\u00eb qytetit antik t\u00eb Shkodr\u00ebs.<\/p>\n<p>Ne vitin 1835 Smajl Martini Ivezaj i vuri gjoksin me heroiz\u00ebm t\u00eb papar\u00eb mbrojtjes s\u00eb Kalas\u00eb dhe Kish\u00ebs rr\u00ebz\u00eb kalas\u00eb q\u00eb njihet edhe sot me emrin \u201cZoja e Shkodr\u00ebs\u201d. Edhe pse ajo kish\u00eb ishte pothuajse t\u00ebr\u00ebsisht e shkat\u00ebrruar nga invazioni turk, sipas autorit t\u00eb sip\u00ebrcituar, Smajl Martini Ivezaj, ishte nj\u00eb trim i spikatur, duke u dallua p\u00ebr shpirtin atdhetar n\u00eb mbrotje t\u00eb tokave, objekteve t\u00eb kultit kristian autokton dhe monumenteve t\u00eb kultur\u00ebs t\u00eb trash\u00ebguar brez mbas mbrezi.<br \/>\nVet\u00eb historiania Gradizhinia n\u00eb vitin 1836-1837 p\u00ebrshkruan luftrat kreshnike t\u00eb mal\u00ebsor\u00ebve t\u00eb Mal\u00ebsis\u00eb, ku n\u00eb ball\u00eb t\u00eb betejave ishte Smajl Martni Ivezaj bajraktari i Grud\u00ebs. Ai u dallua p\u00ebr guximin dhe trim\u00ebrin\u00eb n\u00eb p\u00ebrleshjet e p\u00ebrgjakshme kund\u00ebr hordhive barbare turke q\u00eb prej shekuj mbanin t\u00eb pushtuar tokat shqiptare.<br \/>\nMal\u00ebsia e Madhe deri me 1576 mbante lidhje t\u00eb mira dhe t\u00eb ngushta me Venedikun. Jan\u00eb t\u00eb njohura p\u00ebrsonat historik q\u00eb mbanin q\u00ebndrime t\u00eb tilla dhe mbeshtet\u00ebshin n\u00eb Venedik si Anaro Hoti, Vuksa Gela, Vuksa Gjeca. Poashtu, deri me at\u00ebher\u00eb Mal\u00ebsia mbante lidhje edhe me Dinastit\u00eb e Ballshajve dhe Cernovekaseve t\u00eb etnosit shqiptar\u00eb. Vendimi i padrejt\u00eb Stambollit ngriti s\u00ebrisht n\u00eb k\u00ebmb\u00eb mal\u00ebsor\u00ebt<br \/>\nliridash\u00ebs. Plava e Gucia u b\u00ebn\u00eb aren\u00eb e p\u00ebrleshjeve p\u00ebr liri dhe pavar\u00ebsi komb\u00ebtare. Meqen\u00ebse Plava dhe Gucia b\u00ebnin pjes\u00eb ne vilajetin e Kosov\u00ebs, barr\u00ebn e drejtimit t\u00eb organizmit t\u00eb luft\u00ebs liridash\u00ebse p\u00ebr mbrojtjen e tyre e mori p\u00ebrsip\u00ebr Komiteti Nd\u00ebrkrahinor i Prizrenit, i cili nga ana e vet formoi nj\u00eb shtab ushtarak t\u00eb posa\u00e7\u00ebm me n\u00eb krye Ali pash\u00eb Gucin\u00eb.<br \/>\nNga ana e vet Porta e Lart\u00eb u k\u00ebrkoi Fufive t\u00eb M\u00ebdha t\u00eb d\u00ebrgonte n\u00eb Plav\u00eb e Guci nj\u00eb komision nd\u00ebrkomb\u00ebtar p\u00ebr t\u2019u bindur mbi v\u00ebshtir\u00ebsit\u00eb q\u00eb ajo gjente tek shqiptar\u00ebt e eg\u00ebrsuar nga padrejt\u00ebsit\u00eb e Kongresit t\u00eb Berlinit. Porta e Lart\u00eb provoi por pa dobi q\u00eb t\u00eb binte zem\u00ebrimin e ligjsh\u00ebm t\u00eb mal\u00ebsor\u00ebve, duke i detyruar q\u00eb t\u00eb hiqnin dor\u00eb nga q\u00ebndresa e m\u00ebtejshme duke u premtuar familjeve shqiptare kompensim toke ne<br \/>\nvende t\u00eb tjera, a thua se Shqip\u00ebria ishte \u00e7iflik i sulltan\u00ebve t\u00eb Stambollit, q\u00eb mund ti shisnin dhe shp\u00ebrndanin si t\u00eb donin ata. Por shqiptar\u00ebt nuk u l\u00ebkund\u00ebn nga vendimi i tyre komb\u00ebtar m\u00ebse i drejt\u00eb.<br \/>\nKryeprifti i Grud\u00ebs dhe i gjith\u00eb Mal\u00ebsis\u00eb Imzot Karlo Della Mirandella, do t\u00eb organizoj\u00eb n\u00eb brigjet e lumit Cem bes\u00eblidhje n\u00eb mes maleve dhe do t\u00eb hapi shkoll\u00ebn e par\u00eb n\u00eb gjuh\u00ebn shqipe n\u00eb Prift\u00eb t\u00eb Grud\u00ebs. Edhe pse Porta e Lart\u00eb d\u00ebshironte t\u00eb asgjesonte institucionet e kultit kristian n\u00eb trojet tona, Vuksan Gela me bijt\u00eb e tij i vun\u00eb gjoksin mbrotjes s\u00eb vlerave materiale dhe shpirt\u00ebrore etnike shqiptare t\u00eb l\u00ebn\u00eb trash\u00ebgim nga t\u00eb par\u00ebt tan\u00eb.<br \/>\nTurqit nga ana e tyre b\u00ebjn\u00eb p\u00ebrpjekje t\u00eb vazhdueshme p\u00ebr t\u00eb ndaluar gjat\u00eb shekujve t\u00eb kolonizimit t\u00eb tyre \u00e7do nism\u00eb e aksion kulturor\u00eb dhe p\u00ebrparimtar\u00eb t\u00eb gjuh\u00ebs dhe traditave etnike shqiptare. Mal\u00ebsor\u00ebt ishin<br \/>\nt\u00eb besimit katolik deri me ardhjen e turqve, at\u00ebher\u00eb fillon me dhum\u00eb dhe p\u00ebrmes takses s\u00eb gjizes p\u00ebrhapja e besimit islam, q\u00eb u shoq\u00ebrua me dhun\u00eb, vrasje, masakrime, syrgjenime t\u00eb besimtar\u00ebve aktokton\u00eb t\u00eb ritit<br \/>\nkatolik\u00eb, q\u00eb nuk e pranuan konvertimin e fes\u00eb katolike t\u00eb t\u00eb par\u00ebve t\u00eb tyre.<br \/>\nKishat katolike shqiptare kryesore q\u00eb ishin dhe jan\u00eb edhe sot vlera dhe monumente kulturore dhe fetare tradicionale t\u00eb mal\u00ebsor\u00ebve jan\u00eb: Kisha e Grud\u00ebs (m\u00eb e vjetra) Kisha e Sh\u00ebn Mhillit n\u00eb Dinosh\u00eb, Kisha n\u00eb<br \/>\nArz\u00eb, Kisha n\u00eb Brigje t\u00eb Hotit, Kisha n\u00eb Triepsh, Kisha n\u00eb Selc\u00eb, Kisha n\u00eb Bajz\u00eb, Kisha n\u00eb Tuz etj.<br \/>\nMe 1880-1881 n\u00eb Vrane, Gruda do t\u00eb fitoj e p\u00ebrs\u00ebri dallohet luft\u00ebtari i liris\u00eb Smajl Martini, q\u00eb ishte bajraktar i nderuar i Grud\u00ebs. N\u00eb luft\u00ebn e p\u00ebrgjashme q\u00eb Smajl Martini Ivezaj b\u00ebri n\u00eb Shkod\u00ebr, ai kishte pran\u00eb vet\u00ebs edhe bij t\u00eb tjer\u00eb trima t\u00eb mal\u00ebsis\u00eb. Nd\u00ebr t\u00eb tjer\u00eb mund t\u00eb p\u00ebrmendim: Mat Hasani Ivezaj, Pllumb Gjeka Kalaj, Prel\u00eb Marashi Ivezaj, Tom\u00eb Kol\u00eb Gjoni Sinishtaj, Prek Gjoruka Ivezaj, Smak Deda Ivezaj etj., etj., prej fiseve t\u00eb Grud\u00ebs kreshnike, t\u00eb cil\u00ebt luftuan t\u00eb udh\u00ebhequr nga kryetrimi legjendar Smajl Martini dhe bajraktar\u00eb t\u00eb tjer\u00eb, si: Ded\u00eb Nik\u00eb Bajraktari Ivezaj, Zef Prel\u00eb Marashi Ivezaj, Tom Zoli Ivezaj, Pjet\u00ebr Nika Ivezaj, Major Dod\u00eb Nikoll\u00eb Zefi Ivezaj, etj. etj., prej fiseve t\u00eb Grud\u00ebs q\u00eb treguan heroiz\u00ebm shembullor\u00eb n\u00eb mbrotje te tokave shqiptare.<\/p>\n<p>Me 1883 dhe 1886 gjyqi ushtarak i sulltanit do t\u00eb d\u00ebnoj\u00eb nj\u00eb num\u00ebr t\u00eb madh\u00eb t\u00eb krer\u00ebve t\u00eb Hotit dhe Grud\u00ebs p\u00ebr shkak se po prishnin synimet grabiqare t\u00eb Perandorin\u00eb Turke. Me i njohuri nga t\u00eb d\u00ebnuarit ishte luft\u00ebtari trim antiturk Smajl Martini Ivezaj q\u00eb do t\u00eb internohet me krer\u00ebt e Grud\u00ebs n\u00eb Diari-Bekir Turqi. Rapsodi popullor p\u00ebr trim\u00ebrin\u00eb dhe dhimbjen q\u00eb ndjenin trojet tona p\u00ebr udh\u00ebheq\u00ebsin e shquar Smajl Martinin Ivezaj, nd\u00ebr t\u00eb tjera do t\u00eb varg\u00ebzoj\u00eb k\u00ebshtu:<\/p>\n<blockquote><p>\n<em>\u201cPo vijn shqypet per hava<br \/>\nN\u2019oborrin e Smajlit paskan ra<br \/>\nSa shpejt Smajli n\u2019kamb asht cua<br \/>\nKan nis shqypet me lot me lotua<br \/>\nA je Smajlo princi i Malcis<br \/>\nShpata e Shkodres e e Shqypnis<br \/>\nKem ardh Princo me tu ankua:<br \/>\nPse nuk mundena token shqiptare me flutrua?!<br \/>\nSa shpejt Smajli asht ngushtua<br \/>\nEdhe shtypeve ua drejtua:<br \/>\nPo ua nap besen e Zotit<br \/>\nE pasha gjakun e Kastriotit:<br \/>\nSa te jet\u00eb gjall Smajli n\u2019Malci<br \/>\nNuk la anadoll t\u2019Turkis<br \/>\nAs nuk nuk la sllav t\u2019Serbis<br \/>\nPer me shkel tokat e Shqypnis.\u201d<\/em><\/p><\/blockquote>\n<p>Disa nga krer\u00ebt e Mal\u00ebsis\u00eb do t\u00eb marrin pjes\u00eb edhe n\u00eb Lidhjen e Prizrenit n\u00eb Qershor 1878. T\u00eb till\u00eb ishin: Smajl Martini Ivezaj, Ded\u00eb Gjon Luli, Baca Kurti etj.<br \/>\nMe vendimin e Xhibales (komisionit turk p\u00ebr Mal\u00ebsi), sipas Arqipeshkvit shkodran me mission shpirt\u00ebror n\u00eb Athin\u00eb t\u00eb Greqis\u00eb historianit Pjet\u00ebr Arben Teodori (ACC.PO, fq. 117), n\u00eb vitin 1856 Mal\u00ebsia e Madhe ndahet n\u00eb dy pjes\u00eb: Triepshi dhe Koja do t\u00eb hyjn\u00eb me Cetin\u00eb, kurse pjesa tjet\u00ebr e Mal\u00ebsis\u00eb: Hoti, Gruda, Kelmendi, Kastrati dhe Shkreli mbet\u00ebn n\u00ebn ndikimin e vezirave te Shkodr\u00ebs.<br \/>\nPrij\u00ebsi i mal\u00ebsor\u00ebve apo bajraktari i mir\u00ebnjohur p\u00ebr bes\u00eb burr\u00ebri, luftra dhe urt\u00ebsi n\u00eb kuvendet e burrave Smajl Martini Ivezaj, kur filloi kuvendi duke par\u00eb synimet mashtruese t\u00eb p\u00ebrfaqsusve turq p\u00ebr coptimin e Mal\u00ebsis\u00eb at\u00ebher\u00eb n\u00eb shenj\u00eb proteste doli menjeher\u00eb nga mbledhja, duke u shprehur se: \u201cNuk kishte qen\u00eb dhe s\u2019do t\u00eb jet\u00eb kurr\u00eb p\u00ebr cop\u00ebtimin e trojeve tona t\u00eb shtrenjta t\u00eb l\u00ebn\u00eb trash\u00ebgim nga t\u00eb par\u00ebt tan\u00eb.\u201d<br \/>\nRevulucionin e xhonturqeve n\u00eb vitin 1908, mal\u00ebsor\u00ebt do ta perkrahin, duke shpresuar se ai do t\u00eb sjell\u00eb demokracin\u00eb, jet\u00eb e lir\u00eb, perparim, realizimin e t\u00eb drejtave nacionale-etnike, hapjen e shkollave n\u00eb<br \/>\ngjuh\u00ebn shqipe etj., por nuk ndodhi ashtu. Turqit, n\u00ebp\u00ebr mes misionar\u00ebve t\u00eb tyr\u00eb e tradhtuan \u201creform\u00ebn xhonturke\u201d dhe mal\u00ebsor\u00ebt p\u00ebr t\u00eb realizuar t\u00eb drejtat e veta, sikurse do t\u00eb shprehet Faik Konica, \u201cfilluan luft\u00ebn kund\u00ebr shum\u00eb ujq\u00ebve\u201d, jo t\u00eb sigurt se ushtarakisht do t\u00eb fitojn\u00eb, por do t\u00eb terhjekin v\u00ebmendjen e Europ\u00ebs, dhe mbas themelimit t\u00eb Komitetit Nacional Shqiptar\u00eb n\u00eb Podgoric\u00eb n\u00eb shkurt 1911, n\u00eb krye t\u00eb s\u00eb cilit v\u00ebndoset trimi i vendosur Sokol Baci Ivezaj dhe Kol\u00eb Sokol Baci Ivezaj (sekretar) dhe bashk\u00ebpun\u00ebtor\u00ebt e shquar, si: Ded\u00eb Gjon Luli Dedvukaj, Nikoll\u00eb Soga, Luigj Gurakuqi etj.<br \/>\nKryetari i Komiteti Sokol Baci Ivezaj p\u00ebr s\u2019af\u00ebrmi bashk\u00ebpunonte me patriot\u00ebt e nderuar t\u00eb kombit shqiptar, si: Pat\u00ebr Gjergj Fisht\u00ebn, Dom Ndre Mjeden, Imzot Jak Serreqi, Pat\u00ebr Bona Gje\u00e7aj, Isa Boletinin, Ismail Qemali, Dod\u00eb Braj\u00e7in, Mehmet Shpendin etj.<\/p>\n","protected":false},"excerpt":{"rendered":"<p>Nga Gjon Frani Ivezaj, historian Shqiptar\u00ebt me stoiciz\u00ebm i kan\u00eb rezistuar stuhive t\u00eb p\u00ebrbindshme t\u00eb hordhive pushtuese, q\u00eb kan\u00eb synuar n\u00ebnshtrimin e maleve dhe banor\u00ebve kreshnik\u00eb autokton\u00eb ilir-arb\u00ebror\u00eb. Nga burimet historike, m\u00ebsojm\u00eb se luftrat ose kryengritjet m\u00eb t\u00eb njohura t\u00eb Grud\u00ebs jan\u00eb ato q\u00eb jan\u00eb zhvilluar gjat\u00eb periudh\u00ebs s\u00eb viteve 1565-1575, 1883 etj. Por nga [&hellip;]<\/p>\n","protected":false},"author":1,"featured_media":0,"comment_status":"open","ping_status":"closed","sticky":false,"template":"","format":"standard","meta":{"footnotes":""},"categories":[2],"tags":[],"class_list":{"0":"post-4325","1":"post","2":"type-post","3":"status-publish","4":"format-standard","6":"category-artikuj"},"yoast_head":"<!-- This site is optimized with the Yoast SEO plugin v27.4 - https:\/\/yoast.com\/product\/yoast-seo-wordpress\/ -->\n<title>Smajl Martini Ivezaj i Grud\u00ebs - Princi i Maleve Kreshnike t\u00eb Mal\u00ebsis\u00eb - FjALA e LIR\u00cb - Arkivi<\/title>\n<meta name=\"robots\" content=\"index, follow, max-snippet:-1, max-image-preview:large, max-video-preview:-1\" \/>\n<link rel=\"canonical\" href=\"https:\/\/fjala.info\/2009-2015\/smajl-martini-ivezaj-i-grudes-princi-i-maleve-kreshnike-te-malesise\/\" \/>\n<meta property=\"og:locale\" content=\"sq_AL\" \/>\n<meta property=\"og:type\" content=\"article\" \/>\n<meta property=\"og:title\" content=\"Smajl Martini Ivezaj i Grud\u00ebs - Princi i Maleve Kreshnike t\u00eb Mal\u00ebsis\u00eb - FjALA e LIR\u00cb - Arkivi\" \/>\n<meta property=\"og:description\" content=\"Nga Gjon Frani Ivezaj, historian Shqiptar\u00ebt me stoiciz\u00ebm i kan\u00eb rezistuar stuhive t\u00eb p\u00ebrbindshme t\u00eb hordhive pushtuese, q\u00eb kan\u00eb synuar n\u00ebnshtrimin e maleve dhe banor\u00ebve kreshnik\u00eb autokton\u00eb ilir-arb\u00ebror\u00eb. Nga burimet historike, m\u00ebsojm\u00eb se luftrat ose kryengritjet m\u00eb t\u00eb njohura t\u00eb Grud\u00ebs jan\u00eb ato q\u00eb jan\u00eb zhvilluar gjat\u00eb periudh\u00ebs s\u00eb viteve 1565-1575, 1883 etj. Por nga [&hellip;]\" \/>\n<meta property=\"og:url\" content=\"https:\/\/fjala.info\/2009-2015\/smajl-martini-ivezaj-i-grudes-princi-i-maleve-kreshnike-te-malesise\/\" \/>\n<meta property=\"og:site_name\" content=\"FjALA e LIR\u00cb - Arkivi\" \/>\n<meta property=\"article:published_time\" content=\"2010-10-19T07:31:31+00:00\" \/>\n<meta name=\"author\" content=\"admin\" \/>\n<meta name=\"twitter:card\" content=\"summary_large_image\" \/>\n<meta name=\"twitter:label1\" content=\"Written by\" \/>\n\t<meta name=\"twitter:data1\" content=\"admin\" \/>\n\t<meta name=\"twitter:label2\" content=\"Est. reading time\" \/>\n\t<meta name=\"twitter:data2\" content=\"16 minutes\" \/>\n<script type=\"application\/ld+json\" class=\"yoast-schema-graph\">{\"@context\":\"https:\\\/\\\/schema.org\",\"@graph\":[{\"@type\":\"Article\",\"@id\":\"https:\\\/\\\/fjala.info\\\/2009-2015\\\/smajl-martini-ivezaj-i-grudes-princi-i-maleve-kreshnike-te-malesise\\\/#article\",\"isPartOf\":{\"@id\":\"https:\\\/\\\/fjala.info\\\/2009-2015\\\/smajl-martini-ivezaj-i-grudes-princi-i-maleve-kreshnike-te-malesise\\\/\"},\"author\":{\"name\":\"admin\",\"@id\":\"https:\\\/\\\/fjala.info\\\/2009-2015\\\/#\\\/schema\\\/person\\\/3aa1163ef05469c496fc94e77611ada2\"},\"headline\":\"Smajl Martini Ivezaj i Grud\u00ebs &#8211; Princi i Maleve Kreshnike t\u00eb Mal\u00ebsis\u00eb\",\"datePublished\":\"2010-10-19T07:31:31+00:00\",\"mainEntityOfPage\":{\"@id\":\"https:\\\/\\\/fjala.info\\\/2009-2015\\\/smajl-martini-ivezaj-i-grudes-princi-i-maleve-kreshnike-te-malesise\\\/\"},\"wordCount\":3155,\"commentCount\":0,\"publisher\":{\"@id\":\"https:\\\/\\\/fjala.info\\\/2009-2015\\\/#organization\"},\"articleSection\":[\"Artikuj\"],\"inLanguage\":\"sq-AL\",\"potentialAction\":[{\"@type\":\"CommentAction\",\"name\":\"Comment\",\"target\":[\"https:\\\/\\\/fjala.info\\\/2009-2015\\\/smajl-martini-ivezaj-i-grudes-princi-i-maleve-kreshnike-te-malesise\\\/#respond\"]}]},{\"@type\":\"WebPage\",\"@id\":\"https:\\\/\\\/fjala.info\\\/2009-2015\\\/smajl-martini-ivezaj-i-grudes-princi-i-maleve-kreshnike-te-malesise\\\/\",\"url\":\"https:\\\/\\\/fjala.info\\\/2009-2015\\\/smajl-martini-ivezaj-i-grudes-princi-i-maleve-kreshnike-te-malesise\\\/\",\"name\":\"Smajl Martini Ivezaj i Grud\u00ebs - Princi i Maleve Kreshnike t\u00eb Mal\u00ebsis\u00eb - FjALA e LIR\u00cb - Arkivi\",\"isPartOf\":{\"@id\":\"https:\\\/\\\/fjala.info\\\/2009-2015\\\/#website\"},\"datePublished\":\"2010-10-19T07:31:31+00:00\",\"breadcrumb\":{\"@id\":\"https:\\\/\\\/fjala.info\\\/2009-2015\\\/smajl-martini-ivezaj-i-grudes-princi-i-maleve-kreshnike-te-malesise\\\/#breadcrumb\"},\"inLanguage\":\"sq-AL\",\"potentialAction\":[{\"@type\":\"ReadAction\",\"target\":[\"https:\\\/\\\/fjala.info\\\/2009-2015\\\/smajl-martini-ivezaj-i-grudes-princi-i-maleve-kreshnike-te-malesise\\\/\"]}]},{\"@type\":\"BreadcrumbList\",\"@id\":\"https:\\\/\\\/fjala.info\\\/2009-2015\\\/smajl-martini-ivezaj-i-grudes-princi-i-maleve-kreshnike-te-malesise\\\/#breadcrumb\",\"itemListElement\":[{\"@type\":\"ListItem\",\"position\":1,\"name\":\"Home\",\"item\":\"https:\\\/\\\/fjala.info\\\/2009-2015\\\/\"},{\"@type\":\"ListItem\",\"position\":2,\"name\":\"Smajl Martini Ivezaj i Grud\u00ebs &#8211; Princi i Maleve Kreshnike t\u00eb Mal\u00ebsis\u00eb\"}]},{\"@type\":\"WebSite\",\"@id\":\"https:\\\/\\\/fjala.info\\\/2009-2015\\\/#website\",\"url\":\"https:\\\/\\\/fjala.info\\\/2009-2015\\\/\",\"name\":\"FjALA e LIR\u00cb - Arkivi\",\"description\":\"Arkivi 2009-2015\",\"publisher\":{\"@id\":\"https:\\\/\\\/fjala.info\\\/2009-2015\\\/#organization\"},\"potentialAction\":[{\"@type\":\"SearchAction\",\"target\":{\"@type\":\"EntryPoint\",\"urlTemplate\":\"https:\\\/\\\/fjala.info\\\/2009-2015\\\/?s={search_term_string}\"},\"query-input\":{\"@type\":\"PropertyValueSpecification\",\"valueRequired\":true,\"valueName\":\"search_term_string\"}}],\"inLanguage\":\"sq-AL\"},{\"@type\":\"Organization\",\"@id\":\"https:\\\/\\\/fjala.info\\\/2009-2015\\\/#organization\",\"name\":\"FjALA e LIR\u00cb - Arkivi\",\"url\":\"https:\\\/\\\/fjala.info\\\/2009-2015\\\/\",\"logo\":{\"@type\":\"ImageObject\",\"inLanguage\":\"sq-AL\",\"@id\":\"https:\\\/\\\/fjala.info\\\/2009-2015\\\/#\\\/schema\\\/logo\\\/image\\\/\",\"url\":\"\",\"contentUrl\":\"\",\"caption\":\"FjALA e LIR\u00cb - Arkivi\"},\"image\":{\"@id\":\"https:\\\/\\\/fjala.info\\\/2009-2015\\\/#\\\/schema\\\/logo\\\/image\\\/\"}},{\"@type\":\"Person\",\"@id\":\"https:\\\/\\\/fjala.info\\\/2009-2015\\\/#\\\/schema\\\/person\\\/3aa1163ef05469c496fc94e77611ada2\",\"name\":\"admin\",\"image\":{\"@type\":\"ImageObject\",\"inLanguage\":\"sq-AL\",\"@id\":\"https:\\\/\\\/fjala.info\\\/2009-2015\\\/wp-content\\\/uploads\\\/2012\\\/02\\\/arben_cokaj-120x150.jpg\",\"url\":\"https:\\\/\\\/fjala.info\\\/2009-2015\\\/wp-content\\\/uploads\\\/2012\\\/02\\\/arben_cokaj-120x150.jpg\",\"contentUrl\":\"https:\\\/\\\/fjala.info\\\/2009-2015\\\/wp-content\\\/uploads\\\/2012\\\/02\\\/arben_cokaj-120x150.jpg\",\"caption\":\"admin\"},\"description\":\"Admin, Fjala e Lir\u00eb\",\"sameAs\":[\"https:\\\/\\\/fjala.info\\\/\"],\"url\":\"https:\\\/\\\/fjala.info\\\/2009-2015\\\/author\\\/admin\\\/\"}]}<\/script>\n<!-- \/ Yoast SEO plugin. -->","yoast_head_json":{"title":"Smajl Martini Ivezaj i Grud\u00ebs - Princi i Maleve Kreshnike t\u00eb Mal\u00ebsis\u00eb - FjALA e LIR\u00cb - Arkivi","robots":{"index":"index","follow":"follow","max-snippet":"max-snippet:-1","max-image-preview":"max-image-preview:large","max-video-preview":"max-video-preview:-1"},"canonical":"https:\/\/fjala.info\/2009-2015\/smajl-martini-ivezaj-i-grudes-princi-i-maleve-kreshnike-te-malesise\/","og_locale":"sq_AL","og_type":"article","og_title":"Smajl Martini Ivezaj i Grud\u00ebs - Princi i Maleve Kreshnike t\u00eb Mal\u00ebsis\u00eb - FjALA e LIR\u00cb - Arkivi","og_description":"Nga Gjon Frani Ivezaj, historian Shqiptar\u00ebt me stoiciz\u00ebm i kan\u00eb rezistuar stuhive t\u00eb p\u00ebrbindshme t\u00eb hordhive pushtuese, q\u00eb kan\u00eb synuar n\u00ebnshtrimin e maleve dhe banor\u00ebve kreshnik\u00eb autokton\u00eb ilir-arb\u00ebror\u00eb. Nga burimet historike, m\u00ebsojm\u00eb se luftrat ose kryengritjet m\u00eb t\u00eb njohura t\u00eb Grud\u00ebs jan\u00eb ato q\u00eb jan\u00eb zhvilluar gjat\u00eb periudh\u00ebs s\u00eb viteve 1565-1575, 1883 etj. Por nga [&hellip;]","og_url":"https:\/\/fjala.info\/2009-2015\/smajl-martini-ivezaj-i-grudes-princi-i-maleve-kreshnike-te-malesise\/","og_site_name":"FjALA e LIR\u00cb - Arkivi","article_published_time":"2010-10-19T07:31:31+00:00","author":"admin","twitter_card":"summary_large_image","twitter_misc":{"Written by":"admin","Est. reading time":"16 minutes"},"schema":{"@context":"https:\/\/schema.org","@graph":[{"@type":"Article","@id":"https:\/\/fjala.info\/2009-2015\/smajl-martini-ivezaj-i-grudes-princi-i-maleve-kreshnike-te-malesise\/#article","isPartOf":{"@id":"https:\/\/fjala.info\/2009-2015\/smajl-martini-ivezaj-i-grudes-princi-i-maleve-kreshnike-te-malesise\/"},"author":{"name":"admin","@id":"https:\/\/fjala.info\/2009-2015\/#\/schema\/person\/3aa1163ef05469c496fc94e77611ada2"},"headline":"Smajl Martini Ivezaj i Grud\u00ebs &#8211; Princi i Maleve Kreshnike t\u00eb Mal\u00ebsis\u00eb","datePublished":"2010-10-19T07:31:31+00:00","mainEntityOfPage":{"@id":"https:\/\/fjala.info\/2009-2015\/smajl-martini-ivezaj-i-grudes-princi-i-maleve-kreshnike-te-malesise\/"},"wordCount":3155,"commentCount":0,"publisher":{"@id":"https:\/\/fjala.info\/2009-2015\/#organization"},"articleSection":["Artikuj"],"inLanguage":"sq-AL","potentialAction":[{"@type":"CommentAction","name":"Comment","target":["https:\/\/fjala.info\/2009-2015\/smajl-martini-ivezaj-i-grudes-princi-i-maleve-kreshnike-te-malesise\/#respond"]}]},{"@type":"WebPage","@id":"https:\/\/fjala.info\/2009-2015\/smajl-martini-ivezaj-i-grudes-princi-i-maleve-kreshnike-te-malesise\/","url":"https:\/\/fjala.info\/2009-2015\/smajl-martini-ivezaj-i-grudes-princi-i-maleve-kreshnike-te-malesise\/","name":"Smajl Martini Ivezaj i Grud\u00ebs - Princi i Maleve Kreshnike t\u00eb Mal\u00ebsis\u00eb - FjALA e LIR\u00cb - Arkivi","isPartOf":{"@id":"https:\/\/fjala.info\/2009-2015\/#website"},"datePublished":"2010-10-19T07:31:31+00:00","breadcrumb":{"@id":"https:\/\/fjala.info\/2009-2015\/smajl-martini-ivezaj-i-grudes-princi-i-maleve-kreshnike-te-malesise\/#breadcrumb"},"inLanguage":"sq-AL","potentialAction":[{"@type":"ReadAction","target":["https:\/\/fjala.info\/2009-2015\/smajl-martini-ivezaj-i-grudes-princi-i-maleve-kreshnike-te-malesise\/"]}]},{"@type":"BreadcrumbList","@id":"https:\/\/fjala.info\/2009-2015\/smajl-martini-ivezaj-i-grudes-princi-i-maleve-kreshnike-te-malesise\/#breadcrumb","itemListElement":[{"@type":"ListItem","position":1,"name":"Home","item":"https:\/\/fjala.info\/2009-2015\/"},{"@type":"ListItem","position":2,"name":"Smajl Martini Ivezaj i Grud\u00ebs &#8211; Princi i Maleve Kreshnike t\u00eb Mal\u00ebsis\u00eb"}]},{"@type":"WebSite","@id":"https:\/\/fjala.info\/2009-2015\/#website","url":"https:\/\/fjala.info\/2009-2015\/","name":"FjALA e LIR\u00cb - Arkivi","description":"Arkivi 2009-2015","publisher":{"@id":"https:\/\/fjala.info\/2009-2015\/#organization"},"potentialAction":[{"@type":"SearchAction","target":{"@type":"EntryPoint","urlTemplate":"https:\/\/fjala.info\/2009-2015\/?s={search_term_string}"},"query-input":{"@type":"PropertyValueSpecification","valueRequired":true,"valueName":"search_term_string"}}],"inLanguage":"sq-AL"},{"@type":"Organization","@id":"https:\/\/fjala.info\/2009-2015\/#organization","name":"FjALA e LIR\u00cb - Arkivi","url":"https:\/\/fjala.info\/2009-2015\/","logo":{"@type":"ImageObject","inLanguage":"sq-AL","@id":"https:\/\/fjala.info\/2009-2015\/#\/schema\/logo\/image\/","url":"","contentUrl":"","caption":"FjALA e LIR\u00cb - Arkivi"},"image":{"@id":"https:\/\/fjala.info\/2009-2015\/#\/schema\/logo\/image\/"}},{"@type":"Person","@id":"https:\/\/fjala.info\/2009-2015\/#\/schema\/person\/3aa1163ef05469c496fc94e77611ada2","name":"admin","image":{"@type":"ImageObject","inLanguage":"sq-AL","@id":"https:\/\/fjala.info\/2009-2015\/wp-content\/uploads\/2012\/02\/arben_cokaj-120x150.jpg","url":"https:\/\/fjala.info\/2009-2015\/wp-content\/uploads\/2012\/02\/arben_cokaj-120x150.jpg","contentUrl":"https:\/\/fjala.info\/2009-2015\/wp-content\/uploads\/2012\/02\/arben_cokaj-120x150.jpg","caption":"admin"},"description":"Admin, Fjala e Lir\u00eb","sameAs":["https:\/\/fjala.info\/"],"url":"https:\/\/fjala.info\/2009-2015\/author\/admin\/"}]}},"_links":{"self":[{"href":"https:\/\/fjala.info\/2009-2015\/wp-json\/wp\/v2\/posts\/4325","targetHints":{"allow":["GET"]}}],"collection":[{"href":"https:\/\/fjala.info\/2009-2015\/wp-json\/wp\/v2\/posts"}],"about":[{"href":"https:\/\/fjala.info\/2009-2015\/wp-json\/wp\/v2\/types\/post"}],"author":[{"embeddable":true,"href":"https:\/\/fjala.info\/2009-2015\/wp-json\/wp\/v2\/users\/1"}],"replies":[{"embeddable":true,"href":"https:\/\/fjala.info\/2009-2015\/wp-json\/wp\/v2\/comments?post=4325"}],"version-history":[{"count":0,"href":"https:\/\/fjala.info\/2009-2015\/wp-json\/wp\/v2\/posts\/4325\/revisions"}],"wp:attachment":[{"href":"https:\/\/fjala.info\/2009-2015\/wp-json\/wp\/v2\/media?parent=4325"}],"wp:term":[{"taxonomy":"category","embeddable":true,"href":"https:\/\/fjala.info\/2009-2015\/wp-json\/wp\/v2\/categories?post=4325"},{"taxonomy":"post_tag","embeddable":true,"href":"https:\/\/fjala.info\/2009-2015\/wp-json\/wp\/v2\/tags?post=4325"}],"curies":[{"name":"wp","href":"https:\/\/api.w.org\/{rel}","templated":true}]}}