{"id":432,"date":"2011-12-02T22:54:58","date_gmt":"2011-12-02T21:54:58","guid":{"rendered":"http:\/\/fjala.shkoder.net\/?p=432"},"modified":"2011-12-02T22:54:58","modified_gmt":"2011-12-02T21:54:58","slug":"vdiq-mbreti-rrofte-berisha","status":"publish","type":"post","link":"https:\/\/fjala.info\/2009-2015\/vdiq-mbreti-rrofte-berisha\/","title":{"rendered":"Vdiq mbreti, rroft\u00eb\u2026 Berisha"},"content":{"rendered":"<p><img decoding=\"async\" class=\"alignright size-thumbnail wp-image-7236\" title=\"Adrian Thano\" src=\"http:\/\/www.shkoder.net\/images\/fjala\/adrian_thano.jpg\" alt=\"\" width=\"150\" \/> <strong>Adrian Thano<\/strong><\/p>\n<p>Rexhep Qosja e quan Sali Berish\u00ebn nj\u00eb autokrat blegtoral. Kjo autokraci blegtorale, gjetiu nuk pi uj\u00eb, por n\u00eb Shqip\u00ebri h\u00eb p\u00ebr h\u00eb mjafton p\u00ebr t\u00eb q\u00ebndruar n\u00eb pushtet edhe pasi ke vrar\u00eb. Madje, nuk vuan shum\u00eb t\u00eb gjesh k\u00ebtyre an\u00ebve t\u00eb Ballkanit edhe fjal\u00ebthur\u00ebs q\u00eb do ta quanin kundrejt pages\u00ebs p\u00ebrkat\u00ebse, blegtoralin e Qoses, politikan t\u00eb rafinuar.<\/p>\n<p>N\u00eb fakt, blegtorali i Qoses \u00ebsht\u00eb nj\u00eb kafsh\u00eb pune n\u00eb politik\u00eb, prodhon aq shum\u00eb retorik\u00eb brenda nj\u00eb dite n\u00ebp\u00ebr media sa homolog\u00eb t\u00eb tij gjetiu nuk prodhojn\u00eb as n\u00eb gjasht\u00eb muaj. Duket qart\u00eb q\u00eb ai jeton p\u00ebr t\u00eb b\u00ebr\u00eb politik\u00eb (qoft\u00eb kjo dhe blegtorale) dhe nuk b\u00ebn politik\u00eb p\u00ebr t\u00eb jetuar, si\u00e7 b\u00ebjn\u00eb koleg\u00ebt apo rival\u00ebt q\u00eb ka anash, p\u00ebrball\u00eb, prapa apo tej kufijve.<\/p>\n<p>Duke pasur t\u00eb b\u00ebjm\u00eb, pra, me nj\u00eb njeri q\u00eb b\u00ebn politik\u00eb edhe kur blen djath\u00eb dhie, \u00ebsht\u00eb naive t\u00eb mendosh se rip\u00ebrtypja e dendur q\u00eb ai po i b\u00ebn jav\u00ebt e fundit \u201cargumentit zogist\u201d \u00ebsht\u00eb p\u00ebr nevojat e librave t\u00eb historis\u00eb. Blegtorali i Qoses apo kafsha politike, (t\u00eb kuptohemi, k\u00ebtu e kemi fjal\u00ebn p\u00ebr or\u00ebt e gjumit), e ka mendjen s\u00ebrish tek i vetmi ngacmues i serotonin\u00ebs s\u00eb tij: pushteti i pafund dhe i pakufizuar.<\/p>\n<p>Por p\u00ebr \u00e7far\u00eb i hyn n\u00eb pun\u00eb Ahmeti apo i ndjeri Leka? Nuk \u00ebsht\u00eb fort e v\u00ebshtir\u00eb p\u00ebr t\u2019u kuptuar. Me fragmentimin e s\u00eb djatht\u00ebs p\u00ebr shkak t\u00eb l\u00ebvizjeve t\u00eb pritshme t\u00eb Bamir Topit, Berisha synon (ri)shnd\u00ebrrimin e ndjesive monarkiste n\u00eb zona t\u00eb veriut (ndjesi t\u00eb shp\u00ebrthyera nj\u00ebher\u00eb n\u00eb \u201897-n) \u2013 n\u00eb arsye t\u00eb reja p\u00ebr t\u00eb votuar partin\u00eb e tij t\u00eb tkurrur tashm\u00eb dhe me perspektiv\u00eb p\u00ebr tkurrje t\u00eb m\u00ebtejshme nga faktori Topi.<\/p>\n<p>Ndaj i jep Lek\u00ebs s\u00eb shkret\u00eb pas vdekjes \u201csihariqin\u201d se e paska fituar referendumin p\u00ebr monarki n\u00eb 97-n, por at\u00ebher\u00eb qenka zbatuar parimi \u201cju votoni, un\u00eb num\u00ebroj\u201d (!) (e th\u00ebn\u00eb nga Berisha kjo fjali \u00ebsht\u00eb nj\u00eb psiko-thriller m\u00eb vete).<\/p>\n<p>Gjithsesi, prodhon apo nuk prodhon vota zogizmi apo monarkia, kjo \u00ebsht\u00eb nj\u00eb p\u00ebrgjigje q\u00eb nuk e gjen dot leht\u00eb. Dhe n\u00eb t\u00eb gjitha rastet, Berisha nuk ka \u00e7far\u00eb t\u00eb humb\u00eb dhe as e ka problem t\u00eb k\u00ebrcej\u00eb nga nj\u00ebra ideologji te tjetra, nga nj\u00ebra deg\u00eb n\u00eb tjetr\u00ebn, nga nj\u00ebri ekstrem sjellje n\u00eb ekstremin tjet\u00ebr, n\u00ebse b\u00ebhet fjal\u00eb p\u00ebr pushtetin. Edhe n\u00ebse kjo prodhon konflikt apo urrejtje shtes\u00eb, \u00e7far\u00eb problemi ka? Berisha duket si ato \u201cterminator\u00ebt\u201d e fantashkenc\u00ebs q\u00eb rigjenerohen nga p\u00ebrplasja dhe konflikti u jep jet\u00eb.<\/p>\n<p>Edhe vet\u00eb grimasat, veprimet apo gjestet e tij, duket sikur marrin kuptim vet\u00ebm n\u00eb kushte konflikti. Paqja e zgjatur me siguri do ta b\u00ebnte t\u00eb dukej i \u00e7uditsh\u00ebm. Gjetiu do t\u00eb kishte nj\u00eb kufi p\u00ebr gjith\u00eb k\u00ebt\u00eb. K\u00ebtu ende jo. K\u00ebtu prej nes\u00ebr do t\u00eb dalin fjal\u00ebthur\u00ebsit me pages\u00eb q\u00eb do flasin p\u00ebr \u201cmbretin e madh\u201d t\u00eb shqiptar\u00ebve. Do flasin p\u00ebr Ahmetin e p\u00ebr Lek\u00ebn, ve\u00e7se nuk do ta ken\u00eb fjal\u00ebn p\u00ebr ta. \u201cMuerto el rey, viva el rey\u201d, k\u00ebtu do na p\u00ebrkthehet \u201cVdiq mbreti, rroft\u00eb\u2026 Berisha\u201d.<\/p>\n","protected":false},"excerpt":{"rendered":"<p>Adrian Thano Rexhep Qosja e quan Sali Berish\u00ebn nj\u00eb autokrat blegtoral. Kjo autokraci blegtorale, gjetiu nuk pi uj\u00eb, por n\u00eb Shqip\u00ebri h\u00eb p\u00ebr h\u00eb mjafton p\u00ebr t\u00eb q\u00ebndruar n\u00eb pushtet edhe pasi ke vrar\u00eb. Madje, nuk vuan shum\u00eb t\u00eb gjesh k\u00ebtyre an\u00ebve t\u00eb Ballkanit edhe fjal\u00ebthur\u00ebs q\u00eb do ta quanin kundrejt pages\u00ebs p\u00ebrkat\u00ebse, blegtoralin e [&hellip;]<\/p>\n","protected":false},"author":1,"featured_media":0,"comment_status":"open","ping_status":"closed","sticky":false,"template":"","format":"standard","meta":{"footnotes":""},"categories":[2],"tags":[],"class_list":{"0":"post-432","1":"post","2":"type-post","3":"status-publish","4":"format-standard","6":"category-artikuj"},"yoast_head":"<!-- This site is optimized with the Yoast SEO plugin v27.4 - https:\/\/yoast.com\/product\/yoast-seo-wordpress\/ -->\n<title>Vdiq mbreti, rroft\u00eb\u2026 Berisha - FjALA e LIR\u00cb - Arkivi<\/title>\n<meta name=\"robots\" content=\"index, follow, max-snippet:-1, max-image-preview:large, max-video-preview:-1\" \/>\n<link rel=\"canonical\" href=\"https:\/\/fjala.info\/2009-2015\/vdiq-mbreti-rrofte-berisha\/\" \/>\n<meta property=\"og:locale\" content=\"sq_AL\" \/>\n<meta property=\"og:type\" content=\"article\" \/>\n<meta property=\"og:title\" content=\"Vdiq mbreti, rroft\u00eb\u2026 Berisha - FjALA e LIR\u00cb - Arkivi\" \/>\n<meta property=\"og:description\" content=\"Adrian Thano Rexhep Qosja e quan Sali Berish\u00ebn nj\u00eb autokrat blegtoral. Kjo autokraci blegtorale, gjetiu nuk pi uj\u00eb, por n\u00eb Shqip\u00ebri h\u00eb p\u00ebr h\u00eb mjafton p\u00ebr t\u00eb q\u00ebndruar n\u00eb pushtet edhe pasi ke vrar\u00eb. Madje, nuk vuan shum\u00eb t\u00eb gjesh k\u00ebtyre an\u00ebve t\u00eb Ballkanit edhe fjal\u00ebthur\u00ebs q\u00eb do ta quanin kundrejt pages\u00ebs p\u00ebrkat\u00ebse, blegtoralin e [&hellip;]\" \/>\n<meta property=\"og:url\" content=\"https:\/\/fjala.info\/2009-2015\/vdiq-mbreti-rrofte-berisha\/\" \/>\n<meta property=\"og:site_name\" content=\"FjALA e LIR\u00cb - Arkivi\" \/>\n<meta property=\"article:published_time\" content=\"2011-12-02T21:54:58+00:00\" \/>\n<meta property=\"og:image\" content=\"http:\/\/www.shkoder.net\/images\/fjala\/adrian_thano.jpg\" \/>\n<meta name=\"author\" content=\"admin\" \/>\n<meta name=\"twitter:card\" content=\"summary_large_image\" \/>\n<meta name=\"twitter:label1\" content=\"Written by\" \/>\n\t<meta name=\"twitter:data1\" content=\"admin\" \/>\n\t<meta name=\"twitter:label2\" content=\"Est. reading time\" \/>\n\t<meta name=\"twitter:data2\" content=\"3 minutes\" \/>\n<script type=\"application\/ld+json\" class=\"yoast-schema-graph\">{\"@context\":\"https:\\\/\\\/schema.org\",\"@graph\":[{\"@type\":\"Article\",\"@id\":\"https:\\\/\\\/fjala.info\\\/2009-2015\\\/vdiq-mbreti-rrofte-berisha\\\/#article\",\"isPartOf\":{\"@id\":\"https:\\\/\\\/fjala.info\\\/2009-2015\\\/vdiq-mbreti-rrofte-berisha\\\/\"},\"author\":{\"name\":\"admin\",\"@id\":\"https:\\\/\\\/fjala.info\\\/2009-2015\\\/#\\\/schema\\\/person\\\/3aa1163ef05469c496fc94e77611ada2\"},\"headline\":\"Vdiq mbreti, rroft\u00eb\u2026 Berisha\",\"datePublished\":\"2011-12-02T21:54:58+00:00\",\"mainEntityOfPage\":{\"@id\":\"https:\\\/\\\/fjala.info\\\/2009-2015\\\/vdiq-mbreti-rrofte-berisha\\\/\"},\"wordCount\":573,\"commentCount\":0,\"publisher\":{\"@id\":\"https:\\\/\\\/fjala.info\\\/2009-2015\\\/#organization\"},\"image\":{\"@id\":\"https:\\\/\\\/fjala.info\\\/2009-2015\\\/vdiq-mbreti-rrofte-berisha\\\/#primaryimage\"},\"thumbnailUrl\":\"http:\\\/\\\/www.shkoder.net\\\/images\\\/fjala\\\/adrian_thano.jpg\",\"articleSection\":[\"Artikuj\"],\"inLanguage\":\"sq-AL\",\"potentialAction\":[{\"@type\":\"CommentAction\",\"name\":\"Comment\",\"target\":[\"https:\\\/\\\/fjala.info\\\/2009-2015\\\/vdiq-mbreti-rrofte-berisha\\\/#respond\"]}]},{\"@type\":\"WebPage\",\"@id\":\"https:\\\/\\\/fjala.info\\\/2009-2015\\\/vdiq-mbreti-rrofte-berisha\\\/\",\"url\":\"https:\\\/\\\/fjala.info\\\/2009-2015\\\/vdiq-mbreti-rrofte-berisha\\\/\",\"name\":\"Vdiq mbreti, rroft\u00eb\u2026 Berisha - FjALA e LIR\u00cb - Arkivi\",\"isPartOf\":{\"@id\":\"https:\\\/\\\/fjala.info\\\/2009-2015\\\/#website\"},\"primaryImageOfPage\":{\"@id\":\"https:\\\/\\\/fjala.info\\\/2009-2015\\\/vdiq-mbreti-rrofte-berisha\\\/#primaryimage\"},\"image\":{\"@id\":\"https:\\\/\\\/fjala.info\\\/2009-2015\\\/vdiq-mbreti-rrofte-berisha\\\/#primaryimage\"},\"thumbnailUrl\":\"http:\\\/\\\/www.shkoder.net\\\/images\\\/fjala\\\/adrian_thano.jpg\",\"datePublished\":\"2011-12-02T21:54:58+00:00\",\"breadcrumb\":{\"@id\":\"https:\\\/\\\/fjala.info\\\/2009-2015\\\/vdiq-mbreti-rrofte-berisha\\\/#breadcrumb\"},\"inLanguage\":\"sq-AL\",\"potentialAction\":[{\"@type\":\"ReadAction\",\"target\":[\"https:\\\/\\\/fjala.info\\\/2009-2015\\\/vdiq-mbreti-rrofte-berisha\\\/\"]}]},{\"@type\":\"ImageObject\",\"inLanguage\":\"sq-AL\",\"@id\":\"https:\\\/\\\/fjala.info\\\/2009-2015\\\/vdiq-mbreti-rrofte-berisha\\\/#primaryimage\",\"url\":\"http:\\\/\\\/www.shkoder.net\\\/images\\\/fjala\\\/adrian_thano.jpg\",\"contentUrl\":\"http:\\\/\\\/www.shkoder.net\\\/images\\\/fjala\\\/adrian_thano.jpg\"},{\"@type\":\"BreadcrumbList\",\"@id\":\"https:\\\/\\\/fjala.info\\\/2009-2015\\\/vdiq-mbreti-rrofte-berisha\\\/#breadcrumb\",\"itemListElement\":[{\"@type\":\"ListItem\",\"position\":1,\"name\":\"Home\",\"item\":\"https:\\\/\\\/fjala.info\\\/2009-2015\\\/\"},{\"@type\":\"ListItem\",\"position\":2,\"name\":\"Vdiq mbreti, rroft\u00eb\u2026 Berisha\"}]},{\"@type\":\"WebSite\",\"@id\":\"https:\\\/\\\/fjala.info\\\/2009-2015\\\/#website\",\"url\":\"https:\\\/\\\/fjala.info\\\/2009-2015\\\/\",\"name\":\"FjALA e LIR\u00cb - Arkivi\",\"description\":\"Arkivi 2009-2015\",\"publisher\":{\"@id\":\"https:\\\/\\\/fjala.info\\\/2009-2015\\\/#organization\"},\"potentialAction\":[{\"@type\":\"SearchAction\",\"target\":{\"@type\":\"EntryPoint\",\"urlTemplate\":\"https:\\\/\\\/fjala.info\\\/2009-2015\\\/?s={search_term_string}\"},\"query-input\":{\"@type\":\"PropertyValueSpecification\",\"valueRequired\":true,\"valueName\":\"search_term_string\"}}],\"inLanguage\":\"sq-AL\"},{\"@type\":\"Organization\",\"@id\":\"https:\\\/\\\/fjala.info\\\/2009-2015\\\/#organization\",\"name\":\"FjALA e LIR\u00cb - Arkivi\",\"url\":\"https:\\\/\\\/fjala.info\\\/2009-2015\\\/\",\"logo\":{\"@type\":\"ImageObject\",\"inLanguage\":\"sq-AL\",\"@id\":\"https:\\\/\\\/fjala.info\\\/2009-2015\\\/#\\\/schema\\\/logo\\\/image\\\/\",\"url\":\"\",\"contentUrl\":\"\",\"caption\":\"FjALA e LIR\u00cb - Arkivi\"},\"image\":{\"@id\":\"https:\\\/\\\/fjala.info\\\/2009-2015\\\/#\\\/schema\\\/logo\\\/image\\\/\"}},{\"@type\":\"Person\",\"@id\":\"https:\\\/\\\/fjala.info\\\/2009-2015\\\/#\\\/schema\\\/person\\\/3aa1163ef05469c496fc94e77611ada2\",\"name\":\"admin\",\"image\":{\"@type\":\"ImageObject\",\"inLanguage\":\"sq-AL\",\"@id\":\"https:\\\/\\\/fjala.info\\\/2009-2015\\\/wp-content\\\/uploads\\\/2012\\\/02\\\/arben_cokaj-120x150.jpg\",\"url\":\"https:\\\/\\\/fjala.info\\\/2009-2015\\\/wp-content\\\/uploads\\\/2012\\\/02\\\/arben_cokaj-120x150.jpg\",\"contentUrl\":\"https:\\\/\\\/fjala.info\\\/2009-2015\\\/wp-content\\\/uploads\\\/2012\\\/02\\\/arben_cokaj-120x150.jpg\",\"caption\":\"admin\"},\"description\":\"Admin, Fjala e Lir\u00eb\",\"sameAs\":[\"https:\\\/\\\/fjala.info\\\/\"],\"url\":\"https:\\\/\\\/fjala.info\\\/2009-2015\\\/author\\\/admin\\\/\"}]}<\/script>\n<!-- \/ Yoast SEO plugin. -->","yoast_head_json":{"title":"Vdiq mbreti, rroft\u00eb\u2026 Berisha - FjALA e LIR\u00cb - Arkivi","robots":{"index":"index","follow":"follow","max-snippet":"max-snippet:-1","max-image-preview":"max-image-preview:large","max-video-preview":"max-video-preview:-1"},"canonical":"https:\/\/fjala.info\/2009-2015\/vdiq-mbreti-rrofte-berisha\/","og_locale":"sq_AL","og_type":"article","og_title":"Vdiq mbreti, rroft\u00eb\u2026 Berisha - FjALA e LIR\u00cb - Arkivi","og_description":"Adrian Thano Rexhep Qosja e quan Sali Berish\u00ebn nj\u00eb autokrat blegtoral. Kjo autokraci blegtorale, gjetiu nuk pi uj\u00eb, por n\u00eb Shqip\u00ebri h\u00eb p\u00ebr h\u00eb mjafton p\u00ebr t\u00eb q\u00ebndruar n\u00eb pushtet edhe pasi ke vrar\u00eb. Madje, nuk vuan shum\u00eb t\u00eb gjesh k\u00ebtyre an\u00ebve t\u00eb Ballkanit edhe fjal\u00ebthur\u00ebs q\u00eb do ta quanin kundrejt pages\u00ebs p\u00ebrkat\u00ebse, blegtoralin e [&hellip;]","og_url":"https:\/\/fjala.info\/2009-2015\/vdiq-mbreti-rrofte-berisha\/","og_site_name":"FjALA e LIR\u00cb - Arkivi","article_published_time":"2011-12-02T21:54:58+00:00","og_image":[{"url":"http:\/\/www.shkoder.net\/images\/fjala\/adrian_thano.jpg","type":"","width":"","height":""}],"author":"admin","twitter_card":"summary_large_image","twitter_misc":{"Written by":"admin","Est. reading time":"3 minutes"},"schema":{"@context":"https:\/\/schema.org","@graph":[{"@type":"Article","@id":"https:\/\/fjala.info\/2009-2015\/vdiq-mbreti-rrofte-berisha\/#article","isPartOf":{"@id":"https:\/\/fjala.info\/2009-2015\/vdiq-mbreti-rrofte-berisha\/"},"author":{"name":"admin","@id":"https:\/\/fjala.info\/2009-2015\/#\/schema\/person\/3aa1163ef05469c496fc94e77611ada2"},"headline":"Vdiq mbreti, rroft\u00eb\u2026 Berisha","datePublished":"2011-12-02T21:54:58+00:00","mainEntityOfPage":{"@id":"https:\/\/fjala.info\/2009-2015\/vdiq-mbreti-rrofte-berisha\/"},"wordCount":573,"commentCount":0,"publisher":{"@id":"https:\/\/fjala.info\/2009-2015\/#organization"},"image":{"@id":"https:\/\/fjala.info\/2009-2015\/vdiq-mbreti-rrofte-berisha\/#primaryimage"},"thumbnailUrl":"http:\/\/www.shkoder.net\/images\/fjala\/adrian_thano.jpg","articleSection":["Artikuj"],"inLanguage":"sq-AL","potentialAction":[{"@type":"CommentAction","name":"Comment","target":["https:\/\/fjala.info\/2009-2015\/vdiq-mbreti-rrofte-berisha\/#respond"]}]},{"@type":"WebPage","@id":"https:\/\/fjala.info\/2009-2015\/vdiq-mbreti-rrofte-berisha\/","url":"https:\/\/fjala.info\/2009-2015\/vdiq-mbreti-rrofte-berisha\/","name":"Vdiq mbreti, rroft\u00eb\u2026 Berisha - FjALA e LIR\u00cb - Arkivi","isPartOf":{"@id":"https:\/\/fjala.info\/2009-2015\/#website"},"primaryImageOfPage":{"@id":"https:\/\/fjala.info\/2009-2015\/vdiq-mbreti-rrofte-berisha\/#primaryimage"},"image":{"@id":"https:\/\/fjala.info\/2009-2015\/vdiq-mbreti-rrofte-berisha\/#primaryimage"},"thumbnailUrl":"http:\/\/www.shkoder.net\/images\/fjala\/adrian_thano.jpg","datePublished":"2011-12-02T21:54:58+00:00","breadcrumb":{"@id":"https:\/\/fjala.info\/2009-2015\/vdiq-mbreti-rrofte-berisha\/#breadcrumb"},"inLanguage":"sq-AL","potentialAction":[{"@type":"ReadAction","target":["https:\/\/fjala.info\/2009-2015\/vdiq-mbreti-rrofte-berisha\/"]}]},{"@type":"ImageObject","inLanguage":"sq-AL","@id":"https:\/\/fjala.info\/2009-2015\/vdiq-mbreti-rrofte-berisha\/#primaryimage","url":"http:\/\/www.shkoder.net\/images\/fjala\/adrian_thano.jpg","contentUrl":"http:\/\/www.shkoder.net\/images\/fjala\/adrian_thano.jpg"},{"@type":"BreadcrumbList","@id":"https:\/\/fjala.info\/2009-2015\/vdiq-mbreti-rrofte-berisha\/#breadcrumb","itemListElement":[{"@type":"ListItem","position":1,"name":"Home","item":"https:\/\/fjala.info\/2009-2015\/"},{"@type":"ListItem","position":2,"name":"Vdiq mbreti, rroft\u00eb\u2026 Berisha"}]},{"@type":"WebSite","@id":"https:\/\/fjala.info\/2009-2015\/#website","url":"https:\/\/fjala.info\/2009-2015\/","name":"FjALA e LIR\u00cb - Arkivi","description":"Arkivi 2009-2015","publisher":{"@id":"https:\/\/fjala.info\/2009-2015\/#organization"},"potentialAction":[{"@type":"SearchAction","target":{"@type":"EntryPoint","urlTemplate":"https:\/\/fjala.info\/2009-2015\/?s={search_term_string}"},"query-input":{"@type":"PropertyValueSpecification","valueRequired":true,"valueName":"search_term_string"}}],"inLanguage":"sq-AL"},{"@type":"Organization","@id":"https:\/\/fjala.info\/2009-2015\/#organization","name":"FjALA e LIR\u00cb - Arkivi","url":"https:\/\/fjala.info\/2009-2015\/","logo":{"@type":"ImageObject","inLanguage":"sq-AL","@id":"https:\/\/fjala.info\/2009-2015\/#\/schema\/logo\/image\/","url":"","contentUrl":"","caption":"FjALA e LIR\u00cb - Arkivi"},"image":{"@id":"https:\/\/fjala.info\/2009-2015\/#\/schema\/logo\/image\/"}},{"@type":"Person","@id":"https:\/\/fjala.info\/2009-2015\/#\/schema\/person\/3aa1163ef05469c496fc94e77611ada2","name":"admin","image":{"@type":"ImageObject","inLanguage":"sq-AL","@id":"https:\/\/fjala.info\/2009-2015\/wp-content\/uploads\/2012\/02\/arben_cokaj-120x150.jpg","url":"https:\/\/fjala.info\/2009-2015\/wp-content\/uploads\/2012\/02\/arben_cokaj-120x150.jpg","contentUrl":"https:\/\/fjala.info\/2009-2015\/wp-content\/uploads\/2012\/02\/arben_cokaj-120x150.jpg","caption":"admin"},"description":"Admin, Fjala e Lir\u00eb","sameAs":["https:\/\/fjala.info\/"],"url":"https:\/\/fjala.info\/2009-2015\/author\/admin\/"}]}},"_links":{"self":[{"href":"https:\/\/fjala.info\/2009-2015\/wp-json\/wp\/v2\/posts\/432","targetHints":{"allow":["GET"]}}],"collection":[{"href":"https:\/\/fjala.info\/2009-2015\/wp-json\/wp\/v2\/posts"}],"about":[{"href":"https:\/\/fjala.info\/2009-2015\/wp-json\/wp\/v2\/types\/post"}],"author":[{"embeddable":true,"href":"https:\/\/fjala.info\/2009-2015\/wp-json\/wp\/v2\/users\/1"}],"replies":[{"embeddable":true,"href":"https:\/\/fjala.info\/2009-2015\/wp-json\/wp\/v2\/comments?post=432"}],"version-history":[{"count":0,"href":"https:\/\/fjala.info\/2009-2015\/wp-json\/wp\/v2\/posts\/432\/revisions"}],"wp:attachment":[{"href":"https:\/\/fjala.info\/2009-2015\/wp-json\/wp\/v2\/media?parent=432"}],"wp:term":[{"taxonomy":"category","embeddable":true,"href":"https:\/\/fjala.info\/2009-2015\/wp-json\/wp\/v2\/categories?post=432"},{"taxonomy":"post_tag","embeddable":true,"href":"https:\/\/fjala.info\/2009-2015\/wp-json\/wp\/v2\/tags?post=432"}],"curies":[{"name":"wp","href":"https:\/\/api.w.org\/{rel}","templated":true}]}}