{"id":4316,"date":"2010-10-14T10:39:38","date_gmt":"2010-10-14T09:39:38","guid":{"rendered":"http:\/\/fjala.shkoder.net\/?p=4316"},"modified":"2010-10-14T10:39:38","modified_gmt":"2010-10-14T09:39:38","slug":"vizat-nje-mundesi-por-jo-nje-zgjidhje","status":"publish","type":"post","link":"https:\/\/fjala.info\/2009-2015\/vizat-nje-mundesi-por-jo-nje-zgjidhje\/","title":{"rendered":"Vizat, nj\u00eb mund\u00ebsi, por jo nj\u00eb zgjidhje"},"content":{"rendered":"<p><img loading=\"lazy\" decoding=\"async\" src=\"http:\/\/fjala.shkoder.net\/wp-content\/uploads\/2010\/10\/prec_zogaj-150x150.jpg\" alt=\"\" title=\"Pre\u00e7 Zogaj\" width=\"150\" height=\"150\" class=\"alignleft size-thumbnail wp-image-4317\" \/><br \/>\n<strong>Pre\u00e7 Zogaj<\/strong>, <em>14.10.2010<\/em><\/p>\n<p>Dit\u00ebn kur shqiptari i par\u00eb t\u00eb shkel\u00eb pa viz\u00eb n\u00eb tok\u00ebn e Italis\u00eb, Greqis\u00eb apo t\u00eb ndonj\u00eb vendi tjet\u00ebr t\u00eb hap\u00ebsir\u00ebs &#8220;Shengen&#8221;, ia vlen t&#8217;u biem kambanave, t\u00eb hedhim fishekzjarr\u00eb, t\u00eb b\u00ebjm\u00eb fest\u00eb me t\u00eb gjitha m\u00ebnyrat e larmishme t\u00eb festimit tradicional dhe modern.<\/p>\n<p>Do t\u00eb jet\u00eb v\u00ebrtet nj\u00eb dit\u00eb e madhe, q\u00eb do t\u00eb na bashkoj\u00eb me qytetar\u00ebt e Ballkanit dhe Evrop\u00ebs n\u00eb planin e t\u00eb drejtave.<\/p>\n<p>Do t\u00eb jet\u00eb fundi i nj\u00eb kalvari pothuajse shekullor, q\u00eb i ka par\u00eb shqiptar\u00ebt t\u00eb mbyllur n\u00eb gulagun e regjimit komunist, pastaj n\u00eb eksodet e tyre biblike drejt Per\u00ebndimit, pastaj n\u00eb radh\u00ebt e gjata e t\u00eb pambaruara p\u00ebrpara konsullatave, apo duke ikur ilegalisht, me kok\u00eb n\u00eb torb\u00eb, dy nga dy e dhjet\u00eb nga dhjet\u00eb, p\u00ebrmes detit dhe tok\u00ebs.<\/p>\n<p>Kjo histori e pashembullt meriton t\u00eb kujtohet pik\u00ebrisht n\u00eb dit\u00ebn e saj t\u00eb fundit, q\u00eb \u00ebsht\u00eb nj\u00ebkoh\u00ebsisht dita e par\u00eb e historis\u00eb s\u00eb re t\u00eb l\u00ebvizjes s\u00eb lir\u00eb.<\/p>\n<p>Do t\u00eb jet\u00eb rasti p\u00ebr t\u00eb kujtuar me nj\u00eb minut\u00eb heshtje t\u00eb gjith\u00eb ata q\u00eb kan\u00eb humbur jet\u00ebn n\u00eb p\u00ebrpjekjen e tyre t\u00eb d\u00ebshp\u00ebruar p\u00ebr t\u00eb shkelur nj\u00eb or\u00eb e m\u00eb par\u00eb n\u00eb bot\u00ebn e lir\u00eb, n\u00eb vendet e shpres\u00ebs dhe mund\u00ebsive. Kemi humbur njer\u00ebz n\u00eb tok\u00eb, por m\u00eb shum\u00eb kemi humbur n\u00eb det. Nuk besoj se ka nj\u00eb popull tjet\u00ebr q\u00eb ka paguar aq shtrenjt\u00eb p\u00ebr l\u00ebvizjen e lir\u00eb.<\/p>\n<p>Ne kujtojm\u00eb t\u00eb vdekurit dhe \u00ebsht\u00eb e drejt\u00eb t\u00eb kujtohen ata q\u00eb nuk mund t\u00eb kthehen m\u00eb, por nuk mund t\u00eb harrohen ata mij\u00ebra e mij\u00ebra shqiptar\u00eb q\u00eb ia dol\u00ebn t\u00eb kaptonin malet dhe detet, q\u00eb sfiduan pengesat dhe rregullat me t\u00eb drejt\u00ebn e njer\u00ebzve t\u00eb lir\u00eb q\u00eb nuk mund t\u00eb mbahen pengje t\u00eb tiranis\u00eb apo varf\u00ebris\u00eb. Ata jan\u00eb shumica d\u00ebrmuese e emigrant\u00ebve tan\u00eb t\u00eb fillimit dhe vazhdimit.<\/p>\n<p>Jan\u00eb Shqip\u00ebria q\u00eb punon n\u00eb Greqi, n\u00eb Itali, n\u00eb Gjermani e deri tutje n\u00eb Australin\u00eb e larg\u00ebt. Ata nderuan mikpritjen e k\u00ebtyre vendeve dhe merituan respektin e qeverive dhe qytetar\u00ebve atje.<\/p>\n<p>Ata ishin pararoja e shqiptar\u00ebve q\u00eb do t\u00eb shkojn\u00eb s\u00eb shpejti pa viza n\u00eb Evrop\u00eb. Edhe pse nuk thuhet, ata jan\u00eb garancia se l\u00ebvizja e lir\u00eb e shqiptar\u00ebve nuk do t\u00eb prodhoj\u00eb geto apo bidonvile n\u00eb periferi t\u00eb qyteteve t\u00eb Evrop\u00ebs, si\u00e7 ka ndodhur me qytetar\u00ebt e ndonj\u00eb vendi tjet\u00ebr.<\/p>\n<p>Vitet e fundit ka pasur nj\u00eb leht\u00ebsim t\u00eb regjimit t\u00eb vizave p\u00ebr disa grupe shoq\u00ebrore. Ka ardhur duke u pak\u00ebsuar numri i njer\u00ebzve q\u00eb e kishin &#8220;moll\u00eb t\u00eb ndaluar&#8221; udh\u00ebtimin n\u00eb Greqi, Itali e gjetk\u00eb.<\/p>\n<p>Megjithat\u00eb, heqja fare e vizave \u00ebsht\u00eb p\u00ebrtej \u00e7do leht\u00ebsimi dhe krijon nj\u00eb realitet t\u00eb ri psikologjik n\u00eb raportet e qytetarit shqiptar me Evrop\u00ebn. Ai shkon atje gati-gati si n\u00eb sht\u00ebpin\u00eb e vet, pa qen\u00eb nevoja t\u00eb marr\u00eb leje. Prind\u00ebrit q\u00eb do t\u00eb duan t\u00eb vizitojn\u00eb f\u00ebmij\u00ebt dhe apo t\u00eb af\u00ebrmit e tyre emigrant\u00eb jan\u00eb kategoria q\u00eb p\u00ebrfitojn\u00eb m\u00eb shum\u00eb. T\u00eb gjith\u00eb p\u00ebrfitojn\u00eb.<\/p>\n<p>Por, ata q\u00eb do t\u00eb shkojn\u00eb tani e tutje pa viza, nuk do t\u00eb rrethohen me bujarin\u00eb dhe toleranc\u00ebn q\u00eb ka rrethuar shpeshher\u00eb ata q\u00eb kan\u00eb ikur me par\u00eb me viza ose si klandestin\u00eb. Duket si paradoksale, por k\u00ebshtu \u00ebsht\u00eb.<\/p>\n<p>N\u00eb prag t\u00eb heqjes s\u00eb vizave, qeveria, mediat, shoq\u00ebria civile jan\u00eb ftuar t\u00eb sqarojn\u00eb opinionin publik p\u00ebr rregullat strikte q\u00eb duhen respektuar nga \u00e7do individ.<\/p>\n<p>Fushata sqaruese ka nisur. Ajo do t\u00eb b\u00ebhet akoma m\u00eb intensive, paralel me rritjen e perceptimit sikur numri i shqiptar\u00ebve q\u00eb po e presin k\u00ebt\u00eb dit\u00eb p\u00ebr t&#8217;ia mbathur nga vendi i tyre \u00ebsht\u00eb shum\u00eb i madh.<\/p>\n<p>Koha e q\u00ebndrimit pa viz\u00eb n\u00eb hap\u00ebsir\u00ebn Shengen nuk duhet t\u00eb kaloj\u00eb n\u00ebnt\u00ebdhjet\u00eb dit\u00ebt. P\u00ebrtej k\u00ebtij afati fillojn\u00eb sanksionet! Afati \u00ebsht\u00eb nj\u00eb prej kufizimeve kryesore, q\u00eb tani po shqiptohet me z\u00eb t\u00eb fort\u00eb edhe nga p\u00ebrfaq\u00ebsuesit e qeveris\u00eb.<\/p>\n<p>Qeveria \u00ebsht\u00eb n\u00eb pararoj\u00eb t\u00eb sqarimit jo vet\u00ebn se e ka p\u00ebr detyr\u00eb, por ajo e ka t\u00eb qart\u00eb se nj\u00eb v\u00ebrshim masiv i shqiptar\u00ebve drejt Evrop\u00ebs do t\u00eb griste vellon e propagand\u00ebs sikur Shqip\u00ebria \u00ebsht\u00eb nj\u00eb kopsht me lule dhe do ta padiste k\u00ebt\u00eb qeveri n\u00eb syt\u00eb e per\u00ebndimor\u00ebve me keq se sa do ta padiste shtyrja e vizave n\u00eb syt\u00eb e shqiptar\u00ebve.<\/p>\n<p>Sqarimet po e shfryjn\u00eb retorik\u00ebn e deritanishme p\u00ebr heqjen e vizave. \u00cbsht\u00eb nj\u00eb ngjarje, por nuk \u00ebsht\u00eb shp\u00ebtimi.<\/p>\n<p>Ka shijen e nj\u00eb suksesi, por jo t\u00eb nj\u00eb triumfi. \u00cbsht\u00eb nj\u00eb e drejt\u00eb, \u00ebsht\u00eb nj\u00eb mund\u00ebsi, por nuk \u00ebsht\u00eb nj\u00eb zgjidhje. Pavar\u00ebsisht nga sqarimet dhe paralajm\u00ebrimet, shqiptar\u00ebt do t\u00eb provojn\u00eb t\u00eb nxjerrin maksimumin nga heqja e vizave, pa e rrezikuar at\u00eb si arritje. Liberalizmi i vizave pas nj\u00ebzet vjet\u00ebve duhej t\u00eb kishte ardhur si nj\u00eb far\u00eb luksi p\u00ebr bashkatdhetar\u00ebt tan\u00eb , &#8211; m\u00eb shkruante k\u00ebto dit\u00eb nj\u00eb miku im shqiptar me banim n\u00eb SHBA.<\/p>\n<p>Na p\u00eblqen apo jo, liberalizmi po vjen n\u00eb nj\u00eb dit\u00eb tjet\u00ebr t\u00eb v\u00ebshtir\u00eb p\u00ebr ta, kur mund\u00ebsit\u00eb p\u00ebr pun\u00eb dhe pun\u00ebsim jan\u00eb reduktuar shum\u00eb dhe perspektiva e zgjedhjeve t\u00eb lira e t\u00eb ndershme duket s\u00ebrish e rrezikuar.<\/p>\n<p>R\u00ebnia drastike e investimeve t\u00eb brendshme dhe t\u00eb huaja gjat\u00eb k\u00ebtij viti ka penalizuar mij\u00ebra njer\u00ebz q\u00eb kishin nj\u00eb pun\u00eb por e kan\u00eb humbur. Mij\u00ebra t\u00eb tjer\u00eb, q\u00eb kan\u00eb arritur nd\u00ebrkoh\u00eb mosh\u00ebn e pun\u00ebs, nuk kan\u00eb ku t\u00eb trokasin.<\/p>\n<p>(Sa p\u00ebr sakt\u00ebsim, n\u00eb lidhje me investimet e huaja, kryeministri Berisha ishte korrekt kur i thoshte intervistuesit t\u00eb tij t\u00eb revist\u00ebs &#8220;Forbes&#8221; se Shqip\u00ebria kishte rreth 6 miliard dollar\u00eb investime t\u00eb huaja n\u00eb kontrat\u00eb, por &#8220;Forbes&#8221; &#8220;nuk e kishte mendjen&#8221;; i merrte k\u00ebto miliarda sikur po investoheshin p\u00ebrnj\u00ebmend n\u00eb parqe energjetike, n\u00eb hidrocentrale t\u00eb vegj\u00ebl, n\u00eb zona ekonomike, kur n\u00eb fakt k\u00ebto investime aktualisht jan\u00eb vet\u00ebm n\u00eb let\u00ebr).<\/p>\n<p>P\u00ebr k\u00ebta njer\u00ebz pa shpres\u00eb, heqja e vizave vjen si nj\u00eb shkelje e re syri nga matan\u00eb kufirit. Shum\u00eb prej tyre do t\u00eb provojn\u00eb t\u00eb gjejn\u00eb pun\u00eb brenda afatit n\u00ebnt\u00ebdhjet\u00eb ditor t\u00eb q\u00ebndrimit jasht\u00eb vendit. Disa do t&#8217;ia dalin, t\u00eb tjer\u00ebt do t\u00eb kthehen p\u00ebr t\u00eb provuar shansin nj\u00eb her\u00eb tjet\u00ebr.<\/p>\n<p>N\u00eb k\u00ebt\u00eb &#8220;ik e eja&#8221; do t\u00eb kuptohet p\u00ebrfundimisht se liberalizimi i vizave \u00ebsht\u00eb nj\u00eb mund\u00ebsi, por jo nj\u00eb zgjidhje n\u00eb kuptimin e plot\u00eb t\u00eb fjal\u00ebs. Zgjidhja e v\u00ebrtet\u00eb p\u00ebr shqiptar\u00ebt \u00ebsht\u00eb n\u00eb nj\u00eb Shqip\u00ebri t\u00eb zhvilluar. Askund tjet\u00ebr.<\/p>\n<p>L\u00ebvizja e lir\u00eb ka nj\u00eb t\u00eb mir\u00eb tjet\u00ebr t\u00eb madhe, sepse heq nga tapeti i temave t\u00eb konfliktit politik nj\u00eb \u00e7\u00ebshtje e cila \u00ebsht\u00eb p\u00ebrdorur e p\u00ebrdoret p\u00ebr t\u00eb mbuluar paaft\u00ebsin\u00eb e elit\u00ebs politike p\u00ebr t\u00eb propozuar e v\u00ebn\u00eb n\u00eb jet\u00eb zgjidhje e programe t\u00eb reja zhvillimi.<\/p>\n<p>Shum\u00eb t\u00eb ashtuquajtur politikan\u00eb e politikane, q\u00eb nuk din\u00eb t\u00eb b\u00ebjn\u00eb gj\u00eb tjet\u00ebr ve\u00e7se t\u00eb akuzojn\u00eb nj\u00ebri-tjetrin, do t\u00eb mbesin si &#8220;peshku pa uj\u00eb&#8221; kur Evropa t\u00eb hap\u00eb p\u00ebrfundimisht drit\u00ebn jeshile p\u00ebr shqiptar\u00ebt.<\/p>\n<p>Ky do t\u00eb jet\u00eb momenti kur duhet t\u00eb ndihen e ndoshta do t\u00eb ndihen me fort ata q\u00eb kan\u00eb ide, zgjidhje dhe projekte p\u00ebr t\u00eb zgjuar nga letargjia dhe gjumi i thell\u00eb resurset e m\u00ebdha t\u00eb Shqip\u00ebris\u00eb.<\/p>\n","protected":false},"excerpt":{"rendered":"<p>Pre\u00e7 Zogaj, 14.10.2010 Dit\u00ebn kur shqiptari i par\u00eb t\u00eb shkel\u00eb pa viz\u00eb n\u00eb tok\u00ebn e Italis\u00eb, Greqis\u00eb apo t\u00eb ndonj\u00eb vendi tjet\u00ebr t\u00eb hap\u00ebsir\u00ebs &#8220;Shengen&#8221;, ia vlen t&#8217;u biem kambanave, t\u00eb hedhim fishekzjarr\u00eb, t\u00eb b\u00ebjm\u00eb fest\u00eb me t\u00eb gjitha m\u00ebnyrat e larmishme t\u00eb festimit tradicional dhe modern. Do t\u00eb jet\u00eb v\u00ebrtet nj\u00eb dit\u00eb e madhe, [&hellip;]<\/p>\n","protected":false},"author":1,"featured_media":0,"comment_status":"open","ping_status":"closed","sticky":false,"template":"","format":"standard","meta":{"footnotes":""},"categories":[2],"tags":[],"class_list":{"0":"post-4316","1":"post","2":"type-post","3":"status-publish","4":"format-standard","6":"category-artikuj"},"yoast_head":"<!-- This site is optimized with the Yoast SEO plugin v27.4 - https:\/\/yoast.com\/product\/yoast-seo-wordpress\/ -->\n<title>Vizat, nj\u00eb mund\u00ebsi, por jo nj\u00eb zgjidhje - FjALA e LIR\u00cb - Arkivi<\/title>\n<meta name=\"robots\" content=\"index, follow, max-snippet:-1, max-image-preview:large, max-video-preview:-1\" \/>\n<link rel=\"canonical\" href=\"https:\/\/fjala.info\/2009-2015\/vizat-nje-mundesi-por-jo-nje-zgjidhje\/\" \/>\n<meta property=\"og:locale\" content=\"sq_AL\" \/>\n<meta property=\"og:type\" content=\"article\" \/>\n<meta property=\"og:title\" content=\"Vizat, nj\u00eb mund\u00ebsi, por jo nj\u00eb zgjidhje - FjALA e LIR\u00cb - Arkivi\" \/>\n<meta property=\"og:description\" content=\"Pre\u00e7 Zogaj, 14.10.2010 Dit\u00ebn kur shqiptari i par\u00eb t\u00eb shkel\u00eb pa viz\u00eb n\u00eb tok\u00ebn e Italis\u00eb, Greqis\u00eb apo t\u00eb ndonj\u00eb vendi tjet\u00ebr t\u00eb hap\u00ebsir\u00ebs &#8220;Shengen&#8221;, ia vlen t&#8217;u biem kambanave, t\u00eb hedhim fishekzjarr\u00eb, t\u00eb b\u00ebjm\u00eb fest\u00eb me t\u00eb gjitha m\u00ebnyrat e larmishme t\u00eb festimit tradicional dhe modern. Do t\u00eb jet\u00eb v\u00ebrtet nj\u00eb dit\u00eb e madhe, [&hellip;]\" \/>\n<meta property=\"og:url\" content=\"https:\/\/fjala.info\/2009-2015\/vizat-nje-mundesi-por-jo-nje-zgjidhje\/\" \/>\n<meta property=\"og:site_name\" content=\"FjALA e LIR\u00cb - Arkivi\" \/>\n<meta property=\"article:published_time\" content=\"2010-10-14T09:39:38+00:00\" \/>\n<meta property=\"og:image\" content=\"http:\/\/fjala.shkoder.net\/wp-content\/uploads\/2010\/10\/prec_zogaj-150x150.jpg\" \/>\n<meta name=\"author\" content=\"admin\" \/>\n<meta name=\"twitter:card\" content=\"summary_large_image\" \/>\n<meta name=\"twitter:label1\" content=\"Written by\" \/>\n\t<meta name=\"twitter:data1\" content=\"admin\" \/>\n\t<meta name=\"twitter:label2\" content=\"Est. reading time\" \/>\n\t<meta name=\"twitter:data2\" content=\"6 minutes\" \/>\n<script type=\"application\/ld+json\" class=\"yoast-schema-graph\">{\"@context\":\"https:\\\/\\\/schema.org\",\"@graph\":[{\"@type\":\"Article\",\"@id\":\"https:\\\/\\\/fjala.info\\\/2009-2015\\\/vizat-nje-mundesi-por-jo-nje-zgjidhje\\\/#article\",\"isPartOf\":{\"@id\":\"https:\\\/\\\/fjala.info\\\/2009-2015\\\/vizat-nje-mundesi-por-jo-nje-zgjidhje\\\/\"},\"author\":{\"name\":\"admin\",\"@id\":\"https:\\\/\\\/fjala.info\\\/2009-2015\\\/#\\\/schema\\\/person\\\/3aa1163ef05469c496fc94e77611ada2\"},\"headline\":\"Vizat, nj\u00eb mund\u00ebsi, por jo nj\u00eb zgjidhje\",\"datePublished\":\"2010-10-14T09:39:38+00:00\",\"mainEntityOfPage\":{\"@id\":\"https:\\\/\\\/fjala.info\\\/2009-2015\\\/vizat-nje-mundesi-por-jo-nje-zgjidhje\\\/\"},\"wordCount\":1303,\"commentCount\":0,\"publisher\":{\"@id\":\"https:\\\/\\\/fjala.info\\\/2009-2015\\\/#organization\"},\"image\":{\"@id\":\"https:\\\/\\\/fjala.info\\\/2009-2015\\\/vizat-nje-mundesi-por-jo-nje-zgjidhje\\\/#primaryimage\"},\"thumbnailUrl\":\"http:\\\/\\\/fjala.shkoder.net\\\/wp-content\\\/uploads\\\/2010\\\/10\\\/prec_zogaj-150x150.jpg\",\"articleSection\":[\"Artikuj\"],\"inLanguage\":\"sq-AL\",\"potentialAction\":[{\"@type\":\"CommentAction\",\"name\":\"Comment\",\"target\":[\"https:\\\/\\\/fjala.info\\\/2009-2015\\\/vizat-nje-mundesi-por-jo-nje-zgjidhje\\\/#respond\"]}]},{\"@type\":\"WebPage\",\"@id\":\"https:\\\/\\\/fjala.info\\\/2009-2015\\\/vizat-nje-mundesi-por-jo-nje-zgjidhje\\\/\",\"url\":\"https:\\\/\\\/fjala.info\\\/2009-2015\\\/vizat-nje-mundesi-por-jo-nje-zgjidhje\\\/\",\"name\":\"Vizat, nj\u00eb mund\u00ebsi, por jo nj\u00eb zgjidhje - FjALA e LIR\u00cb - Arkivi\",\"isPartOf\":{\"@id\":\"https:\\\/\\\/fjala.info\\\/2009-2015\\\/#website\"},\"primaryImageOfPage\":{\"@id\":\"https:\\\/\\\/fjala.info\\\/2009-2015\\\/vizat-nje-mundesi-por-jo-nje-zgjidhje\\\/#primaryimage\"},\"image\":{\"@id\":\"https:\\\/\\\/fjala.info\\\/2009-2015\\\/vizat-nje-mundesi-por-jo-nje-zgjidhje\\\/#primaryimage\"},\"thumbnailUrl\":\"http:\\\/\\\/fjala.shkoder.net\\\/wp-content\\\/uploads\\\/2010\\\/10\\\/prec_zogaj-150x150.jpg\",\"datePublished\":\"2010-10-14T09:39:38+00:00\",\"breadcrumb\":{\"@id\":\"https:\\\/\\\/fjala.info\\\/2009-2015\\\/vizat-nje-mundesi-por-jo-nje-zgjidhje\\\/#breadcrumb\"},\"inLanguage\":\"sq-AL\",\"potentialAction\":[{\"@type\":\"ReadAction\",\"target\":[\"https:\\\/\\\/fjala.info\\\/2009-2015\\\/vizat-nje-mundesi-por-jo-nje-zgjidhje\\\/\"]}]},{\"@type\":\"ImageObject\",\"inLanguage\":\"sq-AL\",\"@id\":\"https:\\\/\\\/fjala.info\\\/2009-2015\\\/vizat-nje-mundesi-por-jo-nje-zgjidhje\\\/#primaryimage\",\"url\":\"http:\\\/\\\/fjala.shkoder.net\\\/wp-content\\\/uploads\\\/2010\\\/10\\\/prec_zogaj-150x150.jpg\",\"contentUrl\":\"http:\\\/\\\/fjala.shkoder.net\\\/wp-content\\\/uploads\\\/2010\\\/10\\\/prec_zogaj-150x150.jpg\"},{\"@type\":\"BreadcrumbList\",\"@id\":\"https:\\\/\\\/fjala.info\\\/2009-2015\\\/vizat-nje-mundesi-por-jo-nje-zgjidhje\\\/#breadcrumb\",\"itemListElement\":[{\"@type\":\"ListItem\",\"position\":1,\"name\":\"Home\",\"item\":\"https:\\\/\\\/fjala.info\\\/2009-2015\\\/\"},{\"@type\":\"ListItem\",\"position\":2,\"name\":\"Vizat, nj\u00eb mund\u00ebsi, por jo nj\u00eb zgjidhje\"}]},{\"@type\":\"WebSite\",\"@id\":\"https:\\\/\\\/fjala.info\\\/2009-2015\\\/#website\",\"url\":\"https:\\\/\\\/fjala.info\\\/2009-2015\\\/\",\"name\":\"FjALA e LIR\u00cb - Arkivi\",\"description\":\"Arkivi 2009-2015\",\"publisher\":{\"@id\":\"https:\\\/\\\/fjala.info\\\/2009-2015\\\/#organization\"},\"potentialAction\":[{\"@type\":\"SearchAction\",\"target\":{\"@type\":\"EntryPoint\",\"urlTemplate\":\"https:\\\/\\\/fjala.info\\\/2009-2015\\\/?s={search_term_string}\"},\"query-input\":{\"@type\":\"PropertyValueSpecification\",\"valueRequired\":true,\"valueName\":\"search_term_string\"}}],\"inLanguage\":\"sq-AL\"},{\"@type\":\"Organization\",\"@id\":\"https:\\\/\\\/fjala.info\\\/2009-2015\\\/#organization\",\"name\":\"FjALA e LIR\u00cb - Arkivi\",\"url\":\"https:\\\/\\\/fjala.info\\\/2009-2015\\\/\",\"logo\":{\"@type\":\"ImageObject\",\"inLanguage\":\"sq-AL\",\"@id\":\"https:\\\/\\\/fjala.info\\\/2009-2015\\\/#\\\/schema\\\/logo\\\/image\\\/\",\"url\":\"\",\"contentUrl\":\"\",\"caption\":\"FjALA e LIR\u00cb - Arkivi\"},\"image\":{\"@id\":\"https:\\\/\\\/fjala.info\\\/2009-2015\\\/#\\\/schema\\\/logo\\\/image\\\/\"}},{\"@type\":\"Person\",\"@id\":\"https:\\\/\\\/fjala.info\\\/2009-2015\\\/#\\\/schema\\\/person\\\/3aa1163ef05469c496fc94e77611ada2\",\"name\":\"admin\",\"image\":{\"@type\":\"ImageObject\",\"inLanguage\":\"sq-AL\",\"@id\":\"https:\\\/\\\/fjala.info\\\/2009-2015\\\/wp-content\\\/uploads\\\/2012\\\/02\\\/arben_cokaj-120x150.jpg\",\"url\":\"https:\\\/\\\/fjala.info\\\/2009-2015\\\/wp-content\\\/uploads\\\/2012\\\/02\\\/arben_cokaj-120x150.jpg\",\"contentUrl\":\"https:\\\/\\\/fjala.info\\\/2009-2015\\\/wp-content\\\/uploads\\\/2012\\\/02\\\/arben_cokaj-120x150.jpg\",\"caption\":\"admin\"},\"description\":\"Admin, Fjala e Lir\u00eb\",\"sameAs\":[\"https:\\\/\\\/fjala.info\\\/\"],\"url\":\"https:\\\/\\\/fjala.info\\\/2009-2015\\\/author\\\/admin\\\/\"}]}<\/script>\n<!-- \/ Yoast SEO plugin. -->","yoast_head_json":{"title":"Vizat, nj\u00eb mund\u00ebsi, por jo nj\u00eb zgjidhje - FjALA e LIR\u00cb - Arkivi","robots":{"index":"index","follow":"follow","max-snippet":"max-snippet:-1","max-image-preview":"max-image-preview:large","max-video-preview":"max-video-preview:-1"},"canonical":"https:\/\/fjala.info\/2009-2015\/vizat-nje-mundesi-por-jo-nje-zgjidhje\/","og_locale":"sq_AL","og_type":"article","og_title":"Vizat, nj\u00eb mund\u00ebsi, por jo nj\u00eb zgjidhje - FjALA e LIR\u00cb - Arkivi","og_description":"Pre\u00e7 Zogaj, 14.10.2010 Dit\u00ebn kur shqiptari i par\u00eb t\u00eb shkel\u00eb pa viz\u00eb n\u00eb tok\u00ebn e Italis\u00eb, Greqis\u00eb apo t\u00eb ndonj\u00eb vendi tjet\u00ebr t\u00eb hap\u00ebsir\u00ebs &#8220;Shengen&#8221;, ia vlen t&#8217;u biem kambanave, t\u00eb hedhim fishekzjarr\u00eb, t\u00eb b\u00ebjm\u00eb fest\u00eb me t\u00eb gjitha m\u00ebnyrat e larmishme t\u00eb festimit tradicional dhe modern. Do t\u00eb jet\u00eb v\u00ebrtet nj\u00eb dit\u00eb e madhe, [&hellip;]","og_url":"https:\/\/fjala.info\/2009-2015\/vizat-nje-mundesi-por-jo-nje-zgjidhje\/","og_site_name":"FjALA e LIR\u00cb - Arkivi","article_published_time":"2010-10-14T09:39:38+00:00","og_image":[{"url":"http:\/\/fjala.shkoder.net\/wp-content\/uploads\/2010\/10\/prec_zogaj-150x150.jpg","type":"","width":"","height":""}],"author":"admin","twitter_card":"summary_large_image","twitter_misc":{"Written by":"admin","Est. reading time":"6 minutes"},"schema":{"@context":"https:\/\/schema.org","@graph":[{"@type":"Article","@id":"https:\/\/fjala.info\/2009-2015\/vizat-nje-mundesi-por-jo-nje-zgjidhje\/#article","isPartOf":{"@id":"https:\/\/fjala.info\/2009-2015\/vizat-nje-mundesi-por-jo-nje-zgjidhje\/"},"author":{"name":"admin","@id":"https:\/\/fjala.info\/2009-2015\/#\/schema\/person\/3aa1163ef05469c496fc94e77611ada2"},"headline":"Vizat, nj\u00eb mund\u00ebsi, por jo nj\u00eb zgjidhje","datePublished":"2010-10-14T09:39:38+00:00","mainEntityOfPage":{"@id":"https:\/\/fjala.info\/2009-2015\/vizat-nje-mundesi-por-jo-nje-zgjidhje\/"},"wordCount":1303,"commentCount":0,"publisher":{"@id":"https:\/\/fjala.info\/2009-2015\/#organization"},"image":{"@id":"https:\/\/fjala.info\/2009-2015\/vizat-nje-mundesi-por-jo-nje-zgjidhje\/#primaryimage"},"thumbnailUrl":"http:\/\/fjala.shkoder.net\/wp-content\/uploads\/2010\/10\/prec_zogaj-150x150.jpg","articleSection":["Artikuj"],"inLanguage":"sq-AL","potentialAction":[{"@type":"CommentAction","name":"Comment","target":["https:\/\/fjala.info\/2009-2015\/vizat-nje-mundesi-por-jo-nje-zgjidhje\/#respond"]}]},{"@type":"WebPage","@id":"https:\/\/fjala.info\/2009-2015\/vizat-nje-mundesi-por-jo-nje-zgjidhje\/","url":"https:\/\/fjala.info\/2009-2015\/vizat-nje-mundesi-por-jo-nje-zgjidhje\/","name":"Vizat, nj\u00eb mund\u00ebsi, por jo nj\u00eb zgjidhje - FjALA e LIR\u00cb - Arkivi","isPartOf":{"@id":"https:\/\/fjala.info\/2009-2015\/#website"},"primaryImageOfPage":{"@id":"https:\/\/fjala.info\/2009-2015\/vizat-nje-mundesi-por-jo-nje-zgjidhje\/#primaryimage"},"image":{"@id":"https:\/\/fjala.info\/2009-2015\/vizat-nje-mundesi-por-jo-nje-zgjidhje\/#primaryimage"},"thumbnailUrl":"http:\/\/fjala.shkoder.net\/wp-content\/uploads\/2010\/10\/prec_zogaj-150x150.jpg","datePublished":"2010-10-14T09:39:38+00:00","breadcrumb":{"@id":"https:\/\/fjala.info\/2009-2015\/vizat-nje-mundesi-por-jo-nje-zgjidhje\/#breadcrumb"},"inLanguage":"sq-AL","potentialAction":[{"@type":"ReadAction","target":["https:\/\/fjala.info\/2009-2015\/vizat-nje-mundesi-por-jo-nje-zgjidhje\/"]}]},{"@type":"ImageObject","inLanguage":"sq-AL","@id":"https:\/\/fjala.info\/2009-2015\/vizat-nje-mundesi-por-jo-nje-zgjidhje\/#primaryimage","url":"http:\/\/fjala.shkoder.net\/wp-content\/uploads\/2010\/10\/prec_zogaj-150x150.jpg","contentUrl":"http:\/\/fjala.shkoder.net\/wp-content\/uploads\/2010\/10\/prec_zogaj-150x150.jpg"},{"@type":"BreadcrumbList","@id":"https:\/\/fjala.info\/2009-2015\/vizat-nje-mundesi-por-jo-nje-zgjidhje\/#breadcrumb","itemListElement":[{"@type":"ListItem","position":1,"name":"Home","item":"https:\/\/fjala.info\/2009-2015\/"},{"@type":"ListItem","position":2,"name":"Vizat, nj\u00eb mund\u00ebsi, por jo nj\u00eb zgjidhje"}]},{"@type":"WebSite","@id":"https:\/\/fjala.info\/2009-2015\/#website","url":"https:\/\/fjala.info\/2009-2015\/","name":"FjALA e LIR\u00cb - Arkivi","description":"Arkivi 2009-2015","publisher":{"@id":"https:\/\/fjala.info\/2009-2015\/#organization"},"potentialAction":[{"@type":"SearchAction","target":{"@type":"EntryPoint","urlTemplate":"https:\/\/fjala.info\/2009-2015\/?s={search_term_string}"},"query-input":{"@type":"PropertyValueSpecification","valueRequired":true,"valueName":"search_term_string"}}],"inLanguage":"sq-AL"},{"@type":"Organization","@id":"https:\/\/fjala.info\/2009-2015\/#organization","name":"FjALA e LIR\u00cb - Arkivi","url":"https:\/\/fjala.info\/2009-2015\/","logo":{"@type":"ImageObject","inLanguage":"sq-AL","@id":"https:\/\/fjala.info\/2009-2015\/#\/schema\/logo\/image\/","url":"","contentUrl":"","caption":"FjALA e LIR\u00cb - Arkivi"},"image":{"@id":"https:\/\/fjala.info\/2009-2015\/#\/schema\/logo\/image\/"}},{"@type":"Person","@id":"https:\/\/fjala.info\/2009-2015\/#\/schema\/person\/3aa1163ef05469c496fc94e77611ada2","name":"admin","image":{"@type":"ImageObject","inLanguage":"sq-AL","@id":"https:\/\/fjala.info\/2009-2015\/wp-content\/uploads\/2012\/02\/arben_cokaj-120x150.jpg","url":"https:\/\/fjala.info\/2009-2015\/wp-content\/uploads\/2012\/02\/arben_cokaj-120x150.jpg","contentUrl":"https:\/\/fjala.info\/2009-2015\/wp-content\/uploads\/2012\/02\/arben_cokaj-120x150.jpg","caption":"admin"},"description":"Admin, Fjala e Lir\u00eb","sameAs":["https:\/\/fjala.info\/"],"url":"https:\/\/fjala.info\/2009-2015\/author\/admin\/"}]}},"_links":{"self":[{"href":"https:\/\/fjala.info\/2009-2015\/wp-json\/wp\/v2\/posts\/4316","targetHints":{"allow":["GET"]}}],"collection":[{"href":"https:\/\/fjala.info\/2009-2015\/wp-json\/wp\/v2\/posts"}],"about":[{"href":"https:\/\/fjala.info\/2009-2015\/wp-json\/wp\/v2\/types\/post"}],"author":[{"embeddable":true,"href":"https:\/\/fjala.info\/2009-2015\/wp-json\/wp\/v2\/users\/1"}],"replies":[{"embeddable":true,"href":"https:\/\/fjala.info\/2009-2015\/wp-json\/wp\/v2\/comments?post=4316"}],"version-history":[{"count":0,"href":"https:\/\/fjala.info\/2009-2015\/wp-json\/wp\/v2\/posts\/4316\/revisions"}],"wp:attachment":[{"href":"https:\/\/fjala.info\/2009-2015\/wp-json\/wp\/v2\/media?parent=4316"}],"wp:term":[{"taxonomy":"category","embeddable":true,"href":"https:\/\/fjala.info\/2009-2015\/wp-json\/wp\/v2\/categories?post=4316"},{"taxonomy":"post_tag","embeddable":true,"href":"https:\/\/fjala.info\/2009-2015\/wp-json\/wp\/v2\/tags?post=4316"}],"curies":[{"name":"wp","href":"https:\/\/api.w.org\/{rel}","templated":true}]}}