{"id":4313,"date":"2010-10-14T10:36:27","date_gmt":"2010-10-14T09:36:27","guid":{"rendered":"http:\/\/fjala.shkoder.net\/?p=4313"},"modified":"2010-10-14T10:36:27","modified_gmt":"2010-10-14T09:36:27","slug":"feja-islame-armike-e-shoqerise","status":"publish","type":"post","link":"https:\/\/fjala.info\/2009-2015\/feja-islame-armike-e-shoqerise\/","title":{"rendered":"Feja islame armike e shoq\u00ebris\u00eb?"},"content":{"rendered":"<p><strong>Deutchse Welle<\/strong>, <em>13.10.2010<\/em><\/p>\n<p>N\u00eb disa vende evropiane populist\u00ebt e djatht\u00eb nxisin frik\u00ebn nga imigrant\u00ebt mysliman\u00eb. Ata i shesin ideologjit\u00eb e tyre si t\u00eb domosdoshme p\u00ebr mbrojtjen e vlerave evropiane, t\u00eb cilat, sipas tyre, rrezikohen nga mysliman\u00ebt.<\/p>\n<p>N\u00eb Gjermani dhe vende t\u00eb tjera evropiane po nxitet nj\u00eb frym\u00eb e re e nj\u00eb populizmi t\u00eb djatht\u00eb anti-islamik. P\u00ebrfaq\u00ebsuesit e k\u00ebtyre rrymave &#8211; si p\u00ebr shembull n\u00eb Suedi apo Holand\u00eb &#8211; arrijn\u00eb madje t\u00eb ndikojn\u00eb n\u00eb krijimin e qeverive duke marr\u00eb p\u00ebrsip\u00ebr fuksione t\u00eb r\u00ebnd\u00ebsishme politike. K\u00ebshtu p\u00ebr shembull populisti i djatht\u00eb hollandez Geert Wilders, i cili erdhi n\u00eb Berlin p\u00ebr t\u00eb k\u00ebrkuar mb\u00ebshtet\u00ebs t\u00eb rinj t\u00eb ideologjis\u00eb s\u00eb tij: \u201eIdentiteti komb\u00ebtar i Gjermanis\u00eb, demokracia dhe prosperiteti i saj ekonomik rrezikohen nga idelogjia politike e fes\u00eb islame.&#8221;<\/p>\n<p>Jo vet\u00ebm njer\u00ebzit q\u00eb morr\u00ebn pjes\u00eb n\u00eb miting ishin dakord me fjal\u00ebt e Wilders-it. N\u00eb nj\u00eb sondazh q\u00eb u zhvillua dit\u00ebt e fundit rezultoi se 55 p\u00ebr qind e gjerman\u00ebve mendojn\u00eb se imigrimi i mysliman\u00ebve n\u00eb Gjermani &#8220;i kushton sektorit social dhe ekonomik t\u00eb vendit shum\u00eb m\u00eb tep\u00ebr sesa p\u00ebrfitimiq\u00eb sjell.&#8221; Sidomos n\u00eb landet lindore t\u00eb Gjermanis\u00eb, rreth 70 p\u00ebr qind t\u00eb popullsis\u00eb jan\u00eb t\u00eb k\u00ebtij mendimi.<\/p>\n<p><strong>Frika nga mysliman\u00ebt komplet e pabazuar<\/strong><\/p>\n<p>Por profesori Werner Schiffauer, etnolog dhe publicist pran\u00eb Universitetit t\u00eb Evrop\u00ebs, nuk gjen dot nj\u00eb arsye logjike p\u00ebr k\u00ebt\u00eb q\u00ebndrim. Sipas tij n\u00eb shoq\u00ebrin\u00eb gjermane po zhvillohet fenomeni i nj\u00eb forme mendimi neoliberal, sipas t\u00eb cilit secili \u00ebsht\u00eb vet\u00eb p\u00ebrgjegj\u00ebs p\u00ebr at\u00eb q\u00eb ndodh. Por kjo form\u00eb mendimi nxit racizmin, ndon\u00ebse n\u00eb m\u00ebnyr\u00eb m\u00eb t\u00eb fshehur, tek njer\u00ebzit, mendon ai: &#8220;&#8230;k\u00ebshtu krijohen grupe q\u00eb krahasohen brenda nj\u00ebri-tjetrit n\u00eb baz\u00eb t\u00eb arritjeve q\u00eb d\u00ebshmojn\u00eb dhe m\u00eb pas vler\u00ebsohen n\u00eb m\u00ebnyr\u00eb t\u00eb p\u00ebrgjithshme.&#8221;<\/p>\n<p>Politikan\u00ebve u mungon shpesh kurajoja p\u00ebr t\u00eb marr\u00eb vendimet e duhura dhe k\u00ebshtu g\u00ebrsh\u00ebra mes asaj q\u00eb duan t\u00eb shpjegojn\u00eb politikan\u00ebt kur flasin p\u00ebr dialogun nd\u00ebrfetar dhe realitetit zmadhohet nga dita n\u00eb dit\u00eb. Nga ky problem nuk preket vet\u00ebm Gjermania por edhe disa shtete t\u00eb tjera evropiane. Ky fenomon filloi me 11 shtatorin, shpjegon profesori Schiffauer, por u forcua duksh\u00ebm kur Bashkimi Evropian p\u00ebsoi nj\u00eb kriz\u00eb t\u00eb thell\u00eb identiteti: BE-ja u dyfishua brenda nj\u00eb periudhe shum\u00eb t\u00eb shkurt\u00ebr dhe debatet mbi kushtetut\u00ebn evropiane d\u00ebshmuan se njer\u00ebzit nuk e dinin m\u00eb p\u00ebr \u00e7far\u00eb q\u00ebndron Evropa e bashkuar:<\/p>\n<p>\u201eN\u00eb k\u00ebto momente \u00ebsht\u00eb m\u00eb leht\u00eb t\u00eb p\u00ebrkufizosh di\u00e7ka apo dik\u00eb nga i cili distancohesh, pra t\u00eb krijosh apo t\u00eb gjesh nj\u00eb imazh klasik armiku. Dhe k\u00ebshtu mysliman\u00ebt shnd\u00ebrrohen n\u00eb gjith\u00e7ka q\u00eb q\u00ebndron kund\u00ebr vlerave tona: pra ata kthehen n\u00eb homofob\u00eb, antisemit\u00eb, t\u00eb padrejt\u00eb me grat\u00eb, q\u00eb s&#8217;jan\u00eb t\u00eb sqaruar nga ana politike dhe q\u00eb nuk jan\u00eb n\u00eb gjendje t\u00eb jetojn\u00eb n\u00eb nj\u00eb sistem demokratik.&#8221;<\/p>\n<p><strong>Paragjykime sidomos n\u00eb lande gjermane ku nuk jetojn\u00eb mysliman\u00eb<\/strong><\/p>\n<p>Por q\u00eb n\u00eb fakt asnj\u00eb nga k\u00ebto paragjykime s&#8217;ka t\u00eb b\u00ebj\u00eb me nj\u00eb distancim t\u00eb arsyesh\u00ebm nga feja islame, d\u00ebshmohet sidomos n\u00ebp\u00ebrmjet q\u00ebndrimit t\u00eb popullsis\u00eb gjermane n\u00eb lindje t\u00eb vendit. Sepse aty pothuajse nuk jetojn\u00eb fare mysliman\u00eb dhe k\u00ebshtu nuk ekzistojn\u00eb p\u00ebrvoja personale bashk\u00ebjetese: &#8220;T\u00eb nj\u00ebjtin fenomen kishim me ndalimin e nd\u00ebrtimit t\u00eb xhamis\u00eb n\u00eb Zvic\u00ebr. Atje qytetet n\u00eb t\u00eb cilat jetojn\u00eb mysliman\u00eb protestuan kund\u00ebr vendimit p\u00ebr ta ndaluar nd\u00ebrtimin e xhamis\u00eb, nd\u00ebrkoh\u00eb q\u00eb n\u00eb qytetet ku nuk jetojn\u00eb mysliman\u00eb, u votua p\u00ebr ndalimin e nd\u00ebrtimit t\u00eb xhamis\u00eb.&#8221;<\/p>\n<p><strong>Franca ndalon ferexhen\u00eb<\/strong><\/p>\n<p>Ligjv\u00ebn\u00ebsit francez\u00eb kan\u00eb aprovuar ligjin q\u00eb ndalon mbajtjen e ferexhes\u00eb n\u00eb publik. Kjo mas\u00eb ndikon n\u00eb pakic\u00ebn myslimane t\u00eb Franc\u00ebs q\u00eb mbulon t\u00ebr\u00eb fytyr\u00ebn me shami.<\/p>\n<p>N\u00ebse verifikohet se burrat i kan\u00eb detyruar ato t\u00eb mbajn\u00eb shamin\u00eb n\u00eb fytyr\u00eb, at\u00ebher\u00eb d\u00ebnimi p\u00ebr burrat do t\u00eb jet\u00eb 30 mij\u00eb euro, madje edhe mund t\u00eb burgosen.<\/p>\n<p>Ndalimi i ferexheve \u00ebsht\u00eb b\u00ebr\u00eb p\u00ebr vende publike, si: nd\u00ebrtesat qeveritare, sh\u00ebrbimet publike, rrug\u00ebt dhe vendet arg\u00ebtuese.<\/p>\n<p>P\u00ebrkrah\u00ebsit e k\u00ebtij ligji thon\u00eb se femrat q\u00eb mbajn\u00eb shamit\u00eb n\u00eb fytyr\u00eb p\u00ebrb\u00ebjn\u00eb rrezik sigurie, bien ndesh me vlerat sekulare t\u00eb Franc\u00ebs dhe jan\u00eb kund\u00ebr dinjitetit t\u00eb gruas.<\/p>\n<p>Franca \u00ebsht\u00eb vendi me numrin m\u00eb t\u00eb madh t\u00eb mysliman\u00ebve n\u00eb Evrop\u00ebn per\u00ebndimore. Atje llogariten se 5-10 % e popullat\u00ebs 64-milion\u00ebshe jan\u00eb mysliman\u00eb, shumica prej t\u00eb cil\u00ebve jan\u00eb nga Algjeria dhe Maroku.<\/p>\n<p>Shifrat zyrtare thon\u00eb se 1900 gra myslimane mbajn\u00eb veshjen q\u00eb mbulon kok\u00ebn n\u00eb t\u00ebr\u00ebsi, p\u00ebrfshir\u00eb edhe syt\u00eb.<\/p>\n<p>&#8212;<\/p>\n<p><strong>Economist: &#8216;Ndalimi i ferexhes &#8211; nj\u00eb ide e keqe&#8217;<\/strong><\/p>\n<p>Shum\u00eb e vler\u00ebsuan si skandal deklarat\u00ebn e disa viteve m\u00eb par\u00eb t\u00eb politikanit labursit britanik, Xhek Str\u043eu, lidhur me ferexhen. &#8220;Nuk ndihem rehat kur takohem e bisedoj me dik\u00eb, q\u00eb nuk mund t&#8217;i shoh fytyr\u00ebn&#8221;, tha at\u00ebbot\u00eb Strou.<\/p>\n<p>Sot, disa qeveri evropiane po shkojn\u00eb m\u00eb larg se deklarata e zotit Strou.<\/p>\n<p>Armiq\u00ebsia e evropian\u00ebve ndaj ferexhes dhe veshjeve t\u00eb ngjashme \u00ebsht\u00eb e kuptueshme. Nuk b\u00ebhet fjal\u00eb thjesht se gruas i hiqet e drejta t\u00eb tregoj\u00eb bukurin\u00eb e saj, por kjo veshje fyen sekularizmin, q\u00eb i ka rr\u00ebnj\u00ebt e thella n\u00eb tradit\u00ebn evropiane.<\/p>\n<p>Qeverit\u00eb evropiane kan\u00eb t\u00eb drejt\u00eb t&#8217;i kufizojn\u00eb veshjet islamike ku mbulohet dhe fytyra n\u00eb vende si shkolla apo gjykata. Por, evropian\u00ebt duhet ta kuptojn\u00eb se ndalimi i ferexhes dhe veshjeve t\u00eb ngjashme cenon lirit\u00eb individuale.<\/p>\n<p>Mbi t\u00eb gjith\u00eb, francez\u00ebt duhet ta din\u00eb k\u00ebt\u00eb. N\u00ebse do t\u00eb frazonim Volterin, do t\u00eb thoshim: &#8220;Nuk e miratoj veshjen t\u00ebnde, por do ta mbroj deri n\u00eb vdekje t\u00eb drejt\u00ebn t\u00ebnde p\u00ebr t&#8217;u veshur sipas bindjes&#8221;.<\/p>\n","protected":false},"excerpt":{"rendered":"<p>Deutchse Welle, 13.10.2010 N\u00eb disa vende evropiane populist\u00ebt e djatht\u00eb nxisin frik\u00ebn nga imigrant\u00ebt mysliman\u00eb. Ata i shesin ideologjit\u00eb e tyre si t\u00eb domosdoshme p\u00ebr mbrojtjen e vlerave evropiane, t\u00eb cilat, sipas tyre, rrezikohen nga mysliman\u00ebt. N\u00eb Gjermani dhe vende t\u00eb tjera evropiane po nxitet nj\u00eb frym\u00eb e re e nj\u00eb populizmi t\u00eb djatht\u00eb anti-islamik. [&hellip;]<\/p>\n","protected":false},"author":1,"featured_media":0,"comment_status":"open","ping_status":"closed","sticky":false,"template":"","format":"standard","meta":{"footnotes":""},"categories":[2],"tags":[],"class_list":{"0":"post-4313","1":"post","2":"type-post","3":"status-publish","4":"format-standard","6":"category-artikuj"},"yoast_head":"<!-- This site is optimized with the Yoast SEO plugin v27.4 - https:\/\/yoast.com\/product\/yoast-seo-wordpress\/ -->\n<title>Feja islame armike e shoq\u00ebris\u00eb? - FjALA e LIR\u00cb - Arkivi<\/title>\n<meta name=\"robots\" content=\"index, follow, max-snippet:-1, max-image-preview:large, max-video-preview:-1\" \/>\n<link rel=\"canonical\" href=\"https:\/\/fjala.info\/2009-2015\/feja-islame-armike-e-shoqerise\/\" \/>\n<meta property=\"og:locale\" content=\"sq_AL\" \/>\n<meta property=\"og:type\" content=\"article\" \/>\n<meta property=\"og:title\" content=\"Feja islame armike e shoq\u00ebris\u00eb? - FjALA e LIR\u00cb - Arkivi\" \/>\n<meta property=\"og:description\" content=\"Deutchse Welle, 13.10.2010 N\u00eb disa vende evropiane populist\u00ebt e djatht\u00eb nxisin frik\u00ebn nga imigrant\u00ebt mysliman\u00eb. Ata i shesin ideologjit\u00eb e tyre si t\u00eb domosdoshme p\u00ebr mbrojtjen e vlerave evropiane, t\u00eb cilat, sipas tyre, rrezikohen nga mysliman\u00ebt. N\u00eb Gjermani dhe vende t\u00eb tjera evropiane po nxitet nj\u00eb frym\u00eb e re e nj\u00eb populizmi t\u00eb djatht\u00eb anti-islamik. [&hellip;]\" \/>\n<meta property=\"og:url\" content=\"https:\/\/fjala.info\/2009-2015\/feja-islame-armike-e-shoqerise\/\" \/>\n<meta property=\"og:site_name\" content=\"FjALA e LIR\u00cb - Arkivi\" \/>\n<meta property=\"article:published_time\" content=\"2010-10-14T09:36:27+00:00\" \/>\n<meta name=\"author\" content=\"admin\" \/>\n<meta name=\"twitter:card\" content=\"summary_large_image\" \/>\n<meta name=\"twitter:label1\" content=\"Written by\" \/>\n\t<meta name=\"twitter:data1\" content=\"admin\" \/>\n\t<meta name=\"twitter:label2\" content=\"Est. reading time\" \/>\n\t<meta name=\"twitter:data2\" content=\"5 minutes\" \/>\n<script type=\"application\/ld+json\" class=\"yoast-schema-graph\">{\"@context\":\"https:\\\/\\\/schema.org\",\"@graph\":[{\"@type\":\"Article\",\"@id\":\"https:\\\/\\\/fjala.info\\\/2009-2015\\\/feja-islame-armike-e-shoqerise\\\/#article\",\"isPartOf\":{\"@id\":\"https:\\\/\\\/fjala.info\\\/2009-2015\\\/feja-islame-armike-e-shoqerise\\\/\"},\"author\":{\"name\":\"admin\",\"@id\":\"https:\\\/\\\/fjala.info\\\/2009-2015\\\/#\\\/schema\\\/person\\\/3aa1163ef05469c496fc94e77611ada2\"},\"headline\":\"Feja islame armike e shoq\u00ebris\u00eb?\",\"datePublished\":\"2010-10-14T09:36:27+00:00\",\"mainEntityOfPage\":{\"@id\":\"https:\\\/\\\/fjala.info\\\/2009-2015\\\/feja-islame-armike-e-shoqerise\\\/\"},\"wordCount\":1010,\"commentCount\":0,\"publisher\":{\"@id\":\"https:\\\/\\\/fjala.info\\\/2009-2015\\\/#organization\"},\"articleSection\":[\"Artikuj\"],\"inLanguage\":\"sq-AL\",\"potentialAction\":[{\"@type\":\"CommentAction\",\"name\":\"Comment\",\"target\":[\"https:\\\/\\\/fjala.info\\\/2009-2015\\\/feja-islame-armike-e-shoqerise\\\/#respond\"]}]},{\"@type\":\"WebPage\",\"@id\":\"https:\\\/\\\/fjala.info\\\/2009-2015\\\/feja-islame-armike-e-shoqerise\\\/\",\"url\":\"https:\\\/\\\/fjala.info\\\/2009-2015\\\/feja-islame-armike-e-shoqerise\\\/\",\"name\":\"Feja islame armike e shoq\u00ebris\u00eb? - FjALA e LIR\u00cb - Arkivi\",\"isPartOf\":{\"@id\":\"https:\\\/\\\/fjala.info\\\/2009-2015\\\/#website\"},\"datePublished\":\"2010-10-14T09:36:27+00:00\",\"breadcrumb\":{\"@id\":\"https:\\\/\\\/fjala.info\\\/2009-2015\\\/feja-islame-armike-e-shoqerise\\\/#breadcrumb\"},\"inLanguage\":\"sq-AL\",\"potentialAction\":[{\"@type\":\"ReadAction\",\"target\":[\"https:\\\/\\\/fjala.info\\\/2009-2015\\\/feja-islame-armike-e-shoqerise\\\/\"]}]},{\"@type\":\"BreadcrumbList\",\"@id\":\"https:\\\/\\\/fjala.info\\\/2009-2015\\\/feja-islame-armike-e-shoqerise\\\/#breadcrumb\",\"itemListElement\":[{\"@type\":\"ListItem\",\"position\":1,\"name\":\"Home\",\"item\":\"https:\\\/\\\/fjala.info\\\/2009-2015\\\/\"},{\"@type\":\"ListItem\",\"position\":2,\"name\":\"Feja islame armike e shoq\u00ebris\u00eb?\"}]},{\"@type\":\"WebSite\",\"@id\":\"https:\\\/\\\/fjala.info\\\/2009-2015\\\/#website\",\"url\":\"https:\\\/\\\/fjala.info\\\/2009-2015\\\/\",\"name\":\"FjALA e LIR\u00cb - Arkivi\",\"description\":\"Arkivi 2009-2015\",\"publisher\":{\"@id\":\"https:\\\/\\\/fjala.info\\\/2009-2015\\\/#organization\"},\"potentialAction\":[{\"@type\":\"SearchAction\",\"target\":{\"@type\":\"EntryPoint\",\"urlTemplate\":\"https:\\\/\\\/fjala.info\\\/2009-2015\\\/?s={search_term_string}\"},\"query-input\":{\"@type\":\"PropertyValueSpecification\",\"valueRequired\":true,\"valueName\":\"search_term_string\"}}],\"inLanguage\":\"sq-AL\"},{\"@type\":\"Organization\",\"@id\":\"https:\\\/\\\/fjala.info\\\/2009-2015\\\/#organization\",\"name\":\"FjALA e LIR\u00cb - Arkivi\",\"url\":\"https:\\\/\\\/fjala.info\\\/2009-2015\\\/\",\"logo\":{\"@type\":\"ImageObject\",\"inLanguage\":\"sq-AL\",\"@id\":\"https:\\\/\\\/fjala.info\\\/2009-2015\\\/#\\\/schema\\\/logo\\\/image\\\/\",\"url\":\"\",\"contentUrl\":\"\",\"caption\":\"FjALA e LIR\u00cb - Arkivi\"},\"image\":{\"@id\":\"https:\\\/\\\/fjala.info\\\/2009-2015\\\/#\\\/schema\\\/logo\\\/image\\\/\"}},{\"@type\":\"Person\",\"@id\":\"https:\\\/\\\/fjala.info\\\/2009-2015\\\/#\\\/schema\\\/person\\\/3aa1163ef05469c496fc94e77611ada2\",\"name\":\"admin\",\"image\":{\"@type\":\"ImageObject\",\"inLanguage\":\"sq-AL\",\"@id\":\"https:\\\/\\\/fjala.info\\\/2009-2015\\\/wp-content\\\/uploads\\\/2012\\\/02\\\/arben_cokaj-120x150.jpg\",\"url\":\"https:\\\/\\\/fjala.info\\\/2009-2015\\\/wp-content\\\/uploads\\\/2012\\\/02\\\/arben_cokaj-120x150.jpg\",\"contentUrl\":\"https:\\\/\\\/fjala.info\\\/2009-2015\\\/wp-content\\\/uploads\\\/2012\\\/02\\\/arben_cokaj-120x150.jpg\",\"caption\":\"admin\"},\"description\":\"Admin, Fjala e Lir\u00eb\",\"sameAs\":[\"https:\\\/\\\/fjala.info\\\/\"],\"url\":\"https:\\\/\\\/fjala.info\\\/2009-2015\\\/author\\\/admin\\\/\"}]}<\/script>\n<!-- \/ Yoast SEO plugin. -->","yoast_head_json":{"title":"Feja islame armike e shoq\u00ebris\u00eb? - FjALA e LIR\u00cb - Arkivi","robots":{"index":"index","follow":"follow","max-snippet":"max-snippet:-1","max-image-preview":"max-image-preview:large","max-video-preview":"max-video-preview:-1"},"canonical":"https:\/\/fjala.info\/2009-2015\/feja-islame-armike-e-shoqerise\/","og_locale":"sq_AL","og_type":"article","og_title":"Feja islame armike e shoq\u00ebris\u00eb? - FjALA e LIR\u00cb - Arkivi","og_description":"Deutchse Welle, 13.10.2010 N\u00eb disa vende evropiane populist\u00ebt e djatht\u00eb nxisin frik\u00ebn nga imigrant\u00ebt mysliman\u00eb. Ata i shesin ideologjit\u00eb e tyre si t\u00eb domosdoshme p\u00ebr mbrojtjen e vlerave evropiane, t\u00eb cilat, sipas tyre, rrezikohen nga mysliman\u00ebt. N\u00eb Gjermani dhe vende t\u00eb tjera evropiane po nxitet nj\u00eb frym\u00eb e re e nj\u00eb populizmi t\u00eb djatht\u00eb anti-islamik. [&hellip;]","og_url":"https:\/\/fjala.info\/2009-2015\/feja-islame-armike-e-shoqerise\/","og_site_name":"FjALA e LIR\u00cb - Arkivi","article_published_time":"2010-10-14T09:36:27+00:00","author":"admin","twitter_card":"summary_large_image","twitter_misc":{"Written by":"admin","Est. reading time":"5 minutes"},"schema":{"@context":"https:\/\/schema.org","@graph":[{"@type":"Article","@id":"https:\/\/fjala.info\/2009-2015\/feja-islame-armike-e-shoqerise\/#article","isPartOf":{"@id":"https:\/\/fjala.info\/2009-2015\/feja-islame-armike-e-shoqerise\/"},"author":{"name":"admin","@id":"https:\/\/fjala.info\/2009-2015\/#\/schema\/person\/3aa1163ef05469c496fc94e77611ada2"},"headline":"Feja islame armike e shoq\u00ebris\u00eb?","datePublished":"2010-10-14T09:36:27+00:00","mainEntityOfPage":{"@id":"https:\/\/fjala.info\/2009-2015\/feja-islame-armike-e-shoqerise\/"},"wordCount":1010,"commentCount":0,"publisher":{"@id":"https:\/\/fjala.info\/2009-2015\/#organization"},"articleSection":["Artikuj"],"inLanguage":"sq-AL","potentialAction":[{"@type":"CommentAction","name":"Comment","target":["https:\/\/fjala.info\/2009-2015\/feja-islame-armike-e-shoqerise\/#respond"]}]},{"@type":"WebPage","@id":"https:\/\/fjala.info\/2009-2015\/feja-islame-armike-e-shoqerise\/","url":"https:\/\/fjala.info\/2009-2015\/feja-islame-armike-e-shoqerise\/","name":"Feja islame armike e shoq\u00ebris\u00eb? - FjALA e LIR\u00cb - Arkivi","isPartOf":{"@id":"https:\/\/fjala.info\/2009-2015\/#website"},"datePublished":"2010-10-14T09:36:27+00:00","breadcrumb":{"@id":"https:\/\/fjala.info\/2009-2015\/feja-islame-armike-e-shoqerise\/#breadcrumb"},"inLanguage":"sq-AL","potentialAction":[{"@type":"ReadAction","target":["https:\/\/fjala.info\/2009-2015\/feja-islame-armike-e-shoqerise\/"]}]},{"@type":"BreadcrumbList","@id":"https:\/\/fjala.info\/2009-2015\/feja-islame-armike-e-shoqerise\/#breadcrumb","itemListElement":[{"@type":"ListItem","position":1,"name":"Home","item":"https:\/\/fjala.info\/2009-2015\/"},{"@type":"ListItem","position":2,"name":"Feja islame armike e shoq\u00ebris\u00eb?"}]},{"@type":"WebSite","@id":"https:\/\/fjala.info\/2009-2015\/#website","url":"https:\/\/fjala.info\/2009-2015\/","name":"FjALA e LIR\u00cb - Arkivi","description":"Arkivi 2009-2015","publisher":{"@id":"https:\/\/fjala.info\/2009-2015\/#organization"},"potentialAction":[{"@type":"SearchAction","target":{"@type":"EntryPoint","urlTemplate":"https:\/\/fjala.info\/2009-2015\/?s={search_term_string}"},"query-input":{"@type":"PropertyValueSpecification","valueRequired":true,"valueName":"search_term_string"}}],"inLanguage":"sq-AL"},{"@type":"Organization","@id":"https:\/\/fjala.info\/2009-2015\/#organization","name":"FjALA e LIR\u00cb - Arkivi","url":"https:\/\/fjala.info\/2009-2015\/","logo":{"@type":"ImageObject","inLanguage":"sq-AL","@id":"https:\/\/fjala.info\/2009-2015\/#\/schema\/logo\/image\/","url":"","contentUrl":"","caption":"FjALA e LIR\u00cb - Arkivi"},"image":{"@id":"https:\/\/fjala.info\/2009-2015\/#\/schema\/logo\/image\/"}},{"@type":"Person","@id":"https:\/\/fjala.info\/2009-2015\/#\/schema\/person\/3aa1163ef05469c496fc94e77611ada2","name":"admin","image":{"@type":"ImageObject","inLanguage":"sq-AL","@id":"https:\/\/fjala.info\/2009-2015\/wp-content\/uploads\/2012\/02\/arben_cokaj-120x150.jpg","url":"https:\/\/fjala.info\/2009-2015\/wp-content\/uploads\/2012\/02\/arben_cokaj-120x150.jpg","contentUrl":"https:\/\/fjala.info\/2009-2015\/wp-content\/uploads\/2012\/02\/arben_cokaj-120x150.jpg","caption":"admin"},"description":"Admin, Fjala e Lir\u00eb","sameAs":["https:\/\/fjala.info\/"],"url":"https:\/\/fjala.info\/2009-2015\/author\/admin\/"}]}},"_links":{"self":[{"href":"https:\/\/fjala.info\/2009-2015\/wp-json\/wp\/v2\/posts\/4313","targetHints":{"allow":["GET"]}}],"collection":[{"href":"https:\/\/fjala.info\/2009-2015\/wp-json\/wp\/v2\/posts"}],"about":[{"href":"https:\/\/fjala.info\/2009-2015\/wp-json\/wp\/v2\/types\/post"}],"author":[{"embeddable":true,"href":"https:\/\/fjala.info\/2009-2015\/wp-json\/wp\/v2\/users\/1"}],"replies":[{"embeddable":true,"href":"https:\/\/fjala.info\/2009-2015\/wp-json\/wp\/v2\/comments?post=4313"}],"version-history":[{"count":0,"href":"https:\/\/fjala.info\/2009-2015\/wp-json\/wp\/v2\/posts\/4313\/revisions"}],"wp:attachment":[{"href":"https:\/\/fjala.info\/2009-2015\/wp-json\/wp\/v2\/media?parent=4313"}],"wp:term":[{"taxonomy":"category","embeddable":true,"href":"https:\/\/fjala.info\/2009-2015\/wp-json\/wp\/v2\/categories?post=4313"},{"taxonomy":"post_tag","embeddable":true,"href":"https:\/\/fjala.info\/2009-2015\/wp-json\/wp\/v2\/tags?post=4313"}],"curies":[{"name":"wp","href":"https:\/\/api.w.org\/{rel}","templated":true}]}}