{"id":4309,"date":"2010-10-14T10:32:25","date_gmt":"2010-10-14T09:32:25","guid":{"rendered":"http:\/\/fjala.shkoder.net\/?p=4309"},"modified":"2010-10-14T10:32:25","modified_gmt":"2010-10-14T09:32:25","slug":"ish-ministri-braktis-lsi-tan-lepurin-rames-ia-prezantoi-iliri","status":"publish","type":"post","link":"https:\/\/fjala.info\/2009-2015\/ish-ministri-braktis-lsi-tan-lepurin-rames-ia-prezantoi-iliri\/","title":{"rendered":"Ish ministri braktis LSI: Tan Lepurin, Ram\u00ebs ia prezantoi Iliri"},"content":{"rendered":"<p><img loading=\"lazy\" decoding=\"async\" src=\"http:\/\/fjala.shkoder.net\/wp-content\/uploads\/2010\/10\/meta_lsi-300x186.jpg\" alt=\"\" title=\"Ilir Meta - LSI\" width=\"300\" height=\"186\" class=\"alignright size-medium wp-image-4311\" \/><br \/>\nShp\u00ebrthen Dritan Prifti. Ish-ministri \u00ebsht\u00eb larguar dje nga LSI-ja, duke l\u00ebshuar n\u00eb dy faza akuza t\u00eb ashpra ndaj kryetarit t\u00eb LSI-s\u00eb Ilir Meta. Nd\u00ebrkoh\u00eb q\u00eb n\u00eb letr\u00ebn e largimin, hedh akuza t\u00eb renda, n\u00eb intervist\u00ebn e dh\u00ebn\u00eb p\u00ebr emisionin \u201cOra e Intervist\u00ebs\u201d t\u00eb gazetarit Alfred Peza, Prifti deklaroi se Meta ka marr\u00eb mandatin e deputetit me ndihm\u00ebn e PS-s\u00eb.<\/p>\n<p><strong>Intervista<\/strong><br \/>\nDilema se kush p\u00ebrfitoi m\u00eb shum\u00eb nga t\u00eb gjith\u00eb n\u00eb zgjedhjet e 28 qershorit ka gjas\u00eb t\u00eb ket\u00eb marr\u00eb nj\u00eb p\u00ebrgjigje t\u00eb par\u00eb dje nga ish-ministri i Ekonomis\u00eb, Dritan Prifti. Sipas tij, ky person, \u00ebsht\u00eb kryetari i L\u00ebvizjes Socialiste p\u00ebr Integrim, Ilir Meta, q\u00eb p\u00ebrkundrejt t\u00eb gjith\u00eb politikan\u00ebve t\u00eb tjer\u00eb arriti t\u00eb siguroj\u00eb mbijetes\u00ebn politike duke manovruar madje djathtas me votat e Partis\u00eb Socialiste. \u201cMeta u lidh me Ko\u00e7o Kok\u00ebdhim\u00ebn dhe i tha \u201cshko te Edi Rama dhe thuaj q\u00eb t\u00eb m\u00eb siguroj\u00eb mandatin n\u00eb Tiran\u00eb, sepse un\u00eb nuk e \u00e7oj mandatin te Beerisha\u201d. <\/p>\n<p>Un\u00eb di q\u00eb PS i dha mbi 3000 vota Met\u00ebs q\u00eb merrte mandatin. N\u00ebse ato kuti hapen nuk e nxjerrin deputet Met\u00ebn. Edi Rama ja ka dh\u00ebn\u00eb mandatin Met\u00ebs n\u00eb Tiran\u00eb. N\u00ebse del ndryshe un\u00eb e dor\u00ebzoj mandatin tim. Jam i sigurt q\u00eb mandati i Met\u00ebs \u00ebsht\u00eb i PS-s\u00eb. Tani \u00ebsht\u00eb ora e t\u00eb v\u00ebrtet\u00ebs. Ai \u00ebsht\u00eb me mandat t\u00eb pamerituar n\u00eb Tiran\u00eb. Meta \u00ebsht\u00eb deputet me votat e PS n\u00eb Tiran\u00eb\u201d, tha Dritan Prifti dje n\u00eb nj\u00eb intervist\u00eb televizive. Ai ka zbuluar k\u00ebshtu nj\u00eb version t\u00eb ngjarjeve q\u00eb shoq\u00ebruan zgjedhjet e fundit parlamentare p\u00ebr t\u00eb cilat aktualisht ka nj\u00eb k\u00ebrkes\u00eb p\u00ebr hetim nga ana e opozit\u00ebs. <\/p>\n<p>Mekanizmi \u00ebsht\u00eb d\u00ebshmuar shum\u00eb i thjesht\u00eb; mandati i nj\u00eb deputeti t\u00eb Republik\u00ebs s\u00eb Shqip\u00ebris\u00eb \u00ebsht\u00eb b\u00ebr\u00eb formal dhe ka fituar fuqi ligjore p\u00ebrmes nj\u00eb tregtimi votash t\u00eb nd\u00ebrmjet\u00ebsuar nga njer\u00ebz t\u00eb af\u00ebrt me politikan\u00ebt kryesor\u00eb. N\u00ebse nj\u00eb gj\u00eb e till\u00eb \u00ebsht\u00eb e v\u00ebrtet\u00eb, at\u00ebher\u00eb pa asnj\u00eb dyshim morali i k\u00ebrkes\u00ebs s\u00eb selis\u00eb roz\u00eb p\u00ebr t\u00eb hetuar bie posht\u00eb, sikurse edhe legjitimiteti i zv.kryeminisitrit aktual dhe qeveris\u00eb ku ai b\u00ebn pjes\u00eb. Ajo q\u00eb mund t\u00eb kuptohet nga deklarimi i Dritan Priftit \u00ebhst\u00eb fakti se pazari i 28 qershoruit ka prodhuar nj\u00eb qeveri artificiale dhe t\u00eb pavotuar, p\u00ebrmes nj\u00eb improvizimi politik ku \u00ebsht\u00eb b\u00ebr\u00eb pjes\u00eb edhe pse si humb\u00ebse edhe Partia Socialiste. S.zaimi<\/p>\n<p><strong>Letra<\/strong><br \/>\nDritan Prifti \u00ebsht\u00eb larguar dje zyrtarisht nga L\u00ebvizja Socialiste p\u00ebr Integrim. Ajo q\u00eb ndihej dhe pranohej si p\u00ebrmbyllje logjike e konfliktit mes tij dhe Ilir Met\u00ebs \u00ebsht\u00eb sigluar dje p\u00ebrmes nj\u00eb letre t\u00eb vullnetit t\u00eb lir\u00eb, por q\u00eb natyrisht pasqyron disa rrethana jo aq normale. P\u00ebrmes k\u00ebtij dokumenti politik, q\u00eb vjen edhe n\u00eb form\u00ebn e nj\u00eb d\u00ebshmie, ai ka b\u00ebr\u00eb t\u00eb ditur shkaqet e k\u00ebtij vendimi q\u00eb kan\u00eb ardhur pas nj\u00eb situate t\u00eb mbyllur dhe t\u00eb r\u00ebnd\u00eb komunikimi mes tij dhe kreut Ilir Meta, si dy bashk\u00ebthemelues t\u00eb LSI-s\u00eb. <\/p>\n<p>Akuza, shantazhe p\u00ebr jet\u00ebn, k\u00ebrc\u00ebnime dhe kurthe, k\u00ebto, sipas Priftit, kan\u00eb karakterizuar periudh\u00ebn e fundit t\u00eb aktivitetit t\u00eb tij si pjes\u00ebtar i LSI-s\u00eb, parti t\u00eb cil\u00ebn ai e braktis pas 6 vjet\u00ebsh. Letra e largimit p\u00ebrfundimtar \u00ebsht\u00eb plot akuza t\u00eb r\u00ebnda ndaj ish-mikut t\u00eb tij, q\u00eb nga k\u00ebrc\u00ebnimi p\u00ebr jet\u00ebn, korrupsioni, e deri te tentativa p\u00ebr blerjen e deputet\u00ebve t\u00eb opozit\u00ebs nga ana e kryetarit t\u00eb LSI-s\u00eb. Por p\u00ebrplasja n\u00eb distanc\u00eb mes Priftit dhe Met\u00ebs ka vazhduar dje gjat\u00eb gjith\u00eb dit\u00ebs n\u00eb progresion t\u00eb deklaratave t\u00eb nd\u00ebrsjella. <\/p>\n<p>Menj\u00ebher\u00eb pas akuzave t\u00eb shprehura nga LSI-ja p\u00ebr ish-ministrin e saj, Prifti tha p\u00ebr \u201cShqip\u201d se \u201cata mund t\u00eb m\u00eb akuzojn\u00eb mua se do t\u00eb shkoj te prehri i Tan Lepurit, por un\u00eb dua t\u2019ju them se Edi Ram\u00ebs, Tan Lepurin ia ka prezantuar Ilir Meta dhe Monika Kryemadhi. Un\u00eb personalisht nuk e njoh p\u00ebr fytyr\u00eb Tan Lepurin, jo m\u00eb t\u00eb kem njohje personale me t\u00eb\u201d. Emblematike n\u00eb k\u00ebt\u00eb situat\u00eb t\u00eb krijuar \u00ebsht\u00eb arsyeja e cituar si shkak fillestar i \u00e7arjes me Ilir Met\u00ebn. <\/p>\n<p>\u201cSakrificat, miq\u00ebsia, bashk\u00ebpunimi dhe kontributi im filluan t\u00eb hidhen posht\u00eb kur nj\u00eb tender n\u00eb \u2018Albpetrol\u2019 nuk e fitoi BH, sepse komisioni atje e skualifikoi p\u00ebr mang\u00ebsi n\u00eb dokumentacion. Gj\u00ebrat u p\u00ebrkeq\u00ebsuan kur nj\u00eb koncesion gjykata nuk lejonte t\u2019ja jepje dot YT. M\u00eb von\u00eb u prish\u00ebn m\u00eb keq pun\u00ebt kur nj\u00eb privatizim nuk mund ta meritonte \u2018M\u2019, pavar\u00ebsisht se ai kishte merituar t\u00eb tjera m\u00eb par\u00eb\u201d, thuhet n\u00eb letr\u00ebn e ish-ministrit t\u00eb Ekonomis\u00eb. Sipas k\u00ebtyre fjal\u00ebve, Dritan Priftin, n\u00ebnkryetarin e LSI-s\u00eb, e ka nd\u00ebshkuar ndershm\u00ebria dhe p\u00ebrkushtimi n\u00eb detyr\u00eb, zbatimi me rigorozitet i ligjit, q\u00eb p\u00ebr t\u00eb ka qen\u00eb mbi k\u00ebrkesat politike t\u00eb partis\u00eb. <\/p>\n<p>Duke p\u00ebrvijuar dy m\u00ebnyra t\u00eb ushtrimit t\u00eb pushtetit, mes ligjit dhe arbitraritetit, Prifti ka nxjerr\u00eb n\u00eb sip\u00ebrfaqe se konflikti me Ilir Met\u00ebn \u00ebsht\u00eb i natyr\u00ebs ekonomike. Tender\u00eb dhe iniciale q\u00eb mbushin vargun e pak\u00ebnaq\u00ebsive mes dy drejtuesve t\u00eb LSI-s\u00eb, shpalosen k\u00ebshtu nga ish-ministri i Ekonomis\u00eb n\u00eb nj\u00eb rr\u00ebfim q\u00eb pik\u00ebrisht jep t\u00eb kuptoj\u00eb se cilat jan\u00eb marr\u00ebdh\u00ebniet e shum\u00ebfishta t\u00eb interesit, n\u00eb finale e zbrazin veten nga kuptimi moral. N\u00eb nj\u00eb far\u00eb m\u00ebnyre, edhe vet\u00eb deputeti n\u00eb fjal\u00eb e ka n\u00ebnvizuar k\u00ebt\u00eb gj\u00eb, duke b\u00ebr\u00eb t\u00eb njohur se n\u00eb raport me Ilir Met\u00ebn komunikimi i tij mediatik do t\u00eb jet\u00eb n\u00eb proporcion me akuzat. <\/p>\n<p>\u201cSi burracak ka frym\u00ebzuar disa media dhe opozit\u00ebn q\u00eb t\u00eb n\u00ebp\u00ebrk\u00ebmbin deklarimin transparent t\u00eb pasuris\u00eb q\u00eb ka b\u00ebr\u00eb bashk\u00ebshortja ime. Un\u00eb nuk jam marr\u00eb kurr\u00eb me bashk\u00ebshorten e tij, jo se jam i paaft\u00eb t\u00eb merrem, por sepse respektoj disa norma shqiptare dhe qytetare. Un\u00eb nuk jam marr\u00eb kurr\u00eb me pasurin\u00eb e tij, jo se jam i paaft\u00eb t\u00eb merrem. N\u00eb t\u00eb ardhmen e af\u00ebrt un\u00eb do t\u2019i p\u00ebrgjigjem atij me t\u00eb nj\u00ebjt\u00ebn monedh\u00eb, p\u00ebr \u00e7far\u00ebdo gj\u00ebje q\u00eb ai zgjedh t\u00eb merret me mua, p\u00ebrfshi pasurin\u00eb\u201d, thuhet n\u00eb letr\u00ebn e ish-ministrit t\u00eb Ekonomis\u00eb. <\/p>\n<p>Nj\u00eb informacion me vler\u00eb e dh\u00ebn\u00eb prej tij, \u00ebsht\u00eb edhe ajo q\u00eb ka t\u00eb b\u00ebj\u00eb me p\u00ebrpjekjet p\u00ebr ndryshimin e hart\u00ebs parlamentare, p\u00ebr t\u00eb cil\u00ebn po investohet shum\u00eb nga subjektet politike. \u201cJam shum\u00eb i zhg\u00ebnjyer q\u00eb ai ka nxjerr\u00eb sekser\u00ebt e tij n\u00eb treg p\u00ebr t\u00eb bler\u00eb deputet\u00eb t\u00eb Partis\u00eb Socialiste me \u00e7mime skandaloze. Dje, sekser\u00ebt e tij i kan\u00eb b\u00ebr\u00eb k\u00ebt\u00eb ofert\u00eb nj\u00eb deputeti t\u00eb PS-s\u00eb nga Fieri. I kan\u00eb ofruar shum\u00eb para, kontroll t\u00eb plot\u00eb mbi \u201cAlbpetrolin\u201d si nd\u00ebrmarrje dhe vendin nr. 1 n\u00eb listat e LSI-s\u00eb n\u00eb Qarkun Fier\u201d, deklaroi Dritan Prifti.<\/p>\n","protected":false},"excerpt":{"rendered":"<p>Shp\u00ebrthen Dritan Prifti. Ish-ministri \u00ebsht\u00eb larguar dje nga LSI-ja, duke l\u00ebshuar n\u00eb dy faza akuza t\u00eb ashpra ndaj kryetarit t\u00eb LSI-s\u00eb Ilir Meta. Nd\u00ebrkoh\u00eb q\u00eb n\u00eb letr\u00ebn e largimin, hedh akuza t\u00eb renda, n\u00eb intervist\u00ebn e dh\u00ebn\u00eb p\u00ebr emisionin \u201cOra e Intervist\u00ebs\u201d t\u00eb gazetarit Alfred Peza, Prifti deklaroi se Meta ka marr\u00eb mandatin e deputetit [&hellip;]<\/p>\n","protected":false},"author":1,"featured_media":0,"comment_status":"open","ping_status":"closed","sticky":false,"template":"","format":"standard","meta":{"footnotes":""},"categories":[2],"tags":[],"class_list":{"0":"post-4309","1":"post","2":"type-post","3":"status-publish","4":"format-standard","6":"category-artikuj"},"yoast_head":"<!-- This site is optimized with the Yoast SEO plugin v27.4 - https:\/\/yoast.com\/product\/yoast-seo-wordpress\/ -->\n<title>Ish ministri braktis LSI: Tan Lepurin, Ram\u00ebs ia prezantoi Iliri - FjALA e LIR\u00cb - Arkivi<\/title>\n<meta name=\"robots\" content=\"index, follow, max-snippet:-1, max-image-preview:large, max-video-preview:-1\" \/>\n<link rel=\"canonical\" href=\"https:\/\/fjala.info\/2009-2015\/ish-ministri-braktis-lsi-tan-lepurin-rames-ia-prezantoi-iliri\/\" \/>\n<meta property=\"og:locale\" content=\"sq_AL\" \/>\n<meta property=\"og:type\" content=\"article\" \/>\n<meta property=\"og:title\" content=\"Ish ministri braktis LSI: Tan Lepurin, Ram\u00ebs ia prezantoi Iliri - FjALA e LIR\u00cb - Arkivi\" \/>\n<meta property=\"og:description\" content=\"Shp\u00ebrthen Dritan Prifti. Ish-ministri \u00ebsht\u00eb larguar dje nga LSI-ja, duke l\u00ebshuar n\u00eb dy faza akuza t\u00eb ashpra ndaj kryetarit t\u00eb LSI-s\u00eb Ilir Meta. Nd\u00ebrkoh\u00eb q\u00eb n\u00eb letr\u00ebn e largimin, hedh akuza t\u00eb renda, n\u00eb intervist\u00ebn e dh\u00ebn\u00eb p\u00ebr emisionin \u201cOra e Intervist\u00ebs\u201d t\u00eb gazetarit Alfred Peza, Prifti deklaroi se Meta ka marr\u00eb mandatin e deputetit [&hellip;]\" \/>\n<meta property=\"og:url\" content=\"https:\/\/fjala.info\/2009-2015\/ish-ministri-braktis-lsi-tan-lepurin-rames-ia-prezantoi-iliri\/\" \/>\n<meta property=\"og:site_name\" content=\"FjALA e LIR\u00cb - Arkivi\" \/>\n<meta property=\"article:published_time\" content=\"2010-10-14T09:32:25+00:00\" \/>\n<meta property=\"og:image\" content=\"http:\/\/fjala.shkoder.net\/wp-content\/uploads\/2010\/10\/meta_lsi-300x186.jpg\" \/>\n<meta name=\"author\" content=\"admin\" \/>\n<meta name=\"twitter:card\" content=\"summary_large_image\" \/>\n<meta name=\"twitter:label1\" content=\"Written by\" \/>\n\t<meta name=\"twitter:data1\" content=\"admin\" \/>\n\t<meta name=\"twitter:label2\" content=\"Est. reading time\" \/>\n\t<meta name=\"twitter:data2\" content=\"6 minutes\" \/>\n<script type=\"application\/ld+json\" class=\"yoast-schema-graph\">{\"@context\":\"https:\\\/\\\/schema.org\",\"@graph\":[{\"@type\":\"Article\",\"@id\":\"https:\\\/\\\/fjala.info\\\/2009-2015\\\/ish-ministri-braktis-lsi-tan-lepurin-rames-ia-prezantoi-iliri\\\/#article\",\"isPartOf\":{\"@id\":\"https:\\\/\\\/fjala.info\\\/2009-2015\\\/ish-ministri-braktis-lsi-tan-lepurin-rames-ia-prezantoi-iliri\\\/\"},\"author\":{\"name\":\"admin\",\"@id\":\"https:\\\/\\\/fjala.info\\\/2009-2015\\\/#\\\/schema\\\/person\\\/3aa1163ef05469c496fc94e77611ada2\"},\"headline\":\"Ish ministri braktis LSI: Tan Lepurin, Ram\u00ebs ia prezantoi Iliri\",\"datePublished\":\"2010-10-14T09:32:25+00:00\",\"mainEntityOfPage\":{\"@id\":\"https:\\\/\\\/fjala.info\\\/2009-2015\\\/ish-ministri-braktis-lsi-tan-lepurin-rames-ia-prezantoi-iliri\\\/\"},\"wordCount\":1204,\"commentCount\":0,\"publisher\":{\"@id\":\"https:\\\/\\\/fjala.info\\\/2009-2015\\\/#organization\"},\"image\":{\"@id\":\"https:\\\/\\\/fjala.info\\\/2009-2015\\\/ish-ministri-braktis-lsi-tan-lepurin-rames-ia-prezantoi-iliri\\\/#primaryimage\"},\"thumbnailUrl\":\"http:\\\/\\\/fjala.shkoder.net\\\/wp-content\\\/uploads\\\/2010\\\/10\\\/meta_lsi-300x186.jpg\",\"articleSection\":[\"Artikuj\"],\"inLanguage\":\"sq-AL\",\"potentialAction\":[{\"@type\":\"CommentAction\",\"name\":\"Comment\",\"target\":[\"https:\\\/\\\/fjala.info\\\/2009-2015\\\/ish-ministri-braktis-lsi-tan-lepurin-rames-ia-prezantoi-iliri\\\/#respond\"]}]},{\"@type\":\"WebPage\",\"@id\":\"https:\\\/\\\/fjala.info\\\/2009-2015\\\/ish-ministri-braktis-lsi-tan-lepurin-rames-ia-prezantoi-iliri\\\/\",\"url\":\"https:\\\/\\\/fjala.info\\\/2009-2015\\\/ish-ministri-braktis-lsi-tan-lepurin-rames-ia-prezantoi-iliri\\\/\",\"name\":\"Ish ministri braktis LSI: Tan Lepurin, Ram\u00ebs ia prezantoi Iliri - FjALA e LIR\u00cb - Arkivi\",\"isPartOf\":{\"@id\":\"https:\\\/\\\/fjala.info\\\/2009-2015\\\/#website\"},\"primaryImageOfPage\":{\"@id\":\"https:\\\/\\\/fjala.info\\\/2009-2015\\\/ish-ministri-braktis-lsi-tan-lepurin-rames-ia-prezantoi-iliri\\\/#primaryimage\"},\"image\":{\"@id\":\"https:\\\/\\\/fjala.info\\\/2009-2015\\\/ish-ministri-braktis-lsi-tan-lepurin-rames-ia-prezantoi-iliri\\\/#primaryimage\"},\"thumbnailUrl\":\"http:\\\/\\\/fjala.shkoder.net\\\/wp-content\\\/uploads\\\/2010\\\/10\\\/meta_lsi-300x186.jpg\",\"datePublished\":\"2010-10-14T09:32:25+00:00\",\"breadcrumb\":{\"@id\":\"https:\\\/\\\/fjala.info\\\/2009-2015\\\/ish-ministri-braktis-lsi-tan-lepurin-rames-ia-prezantoi-iliri\\\/#breadcrumb\"},\"inLanguage\":\"sq-AL\",\"potentialAction\":[{\"@type\":\"ReadAction\",\"target\":[\"https:\\\/\\\/fjala.info\\\/2009-2015\\\/ish-ministri-braktis-lsi-tan-lepurin-rames-ia-prezantoi-iliri\\\/\"]}]},{\"@type\":\"ImageObject\",\"inLanguage\":\"sq-AL\",\"@id\":\"https:\\\/\\\/fjala.info\\\/2009-2015\\\/ish-ministri-braktis-lsi-tan-lepurin-rames-ia-prezantoi-iliri\\\/#primaryimage\",\"url\":\"http:\\\/\\\/fjala.shkoder.net\\\/wp-content\\\/uploads\\\/2010\\\/10\\\/meta_lsi-300x186.jpg\",\"contentUrl\":\"http:\\\/\\\/fjala.shkoder.net\\\/wp-content\\\/uploads\\\/2010\\\/10\\\/meta_lsi-300x186.jpg\"},{\"@type\":\"BreadcrumbList\",\"@id\":\"https:\\\/\\\/fjala.info\\\/2009-2015\\\/ish-ministri-braktis-lsi-tan-lepurin-rames-ia-prezantoi-iliri\\\/#breadcrumb\",\"itemListElement\":[{\"@type\":\"ListItem\",\"position\":1,\"name\":\"Home\",\"item\":\"https:\\\/\\\/fjala.info\\\/2009-2015\\\/\"},{\"@type\":\"ListItem\",\"position\":2,\"name\":\"Ish ministri braktis LSI: Tan Lepurin, Ram\u00ebs ia prezantoi Iliri\"}]},{\"@type\":\"WebSite\",\"@id\":\"https:\\\/\\\/fjala.info\\\/2009-2015\\\/#website\",\"url\":\"https:\\\/\\\/fjala.info\\\/2009-2015\\\/\",\"name\":\"FjALA e LIR\u00cb - Arkivi\",\"description\":\"Arkivi 2009-2015\",\"publisher\":{\"@id\":\"https:\\\/\\\/fjala.info\\\/2009-2015\\\/#organization\"},\"potentialAction\":[{\"@type\":\"SearchAction\",\"target\":{\"@type\":\"EntryPoint\",\"urlTemplate\":\"https:\\\/\\\/fjala.info\\\/2009-2015\\\/?s={search_term_string}\"},\"query-input\":{\"@type\":\"PropertyValueSpecification\",\"valueRequired\":true,\"valueName\":\"search_term_string\"}}],\"inLanguage\":\"sq-AL\"},{\"@type\":\"Organization\",\"@id\":\"https:\\\/\\\/fjala.info\\\/2009-2015\\\/#organization\",\"name\":\"FjALA e LIR\u00cb - Arkivi\",\"url\":\"https:\\\/\\\/fjala.info\\\/2009-2015\\\/\",\"logo\":{\"@type\":\"ImageObject\",\"inLanguage\":\"sq-AL\",\"@id\":\"https:\\\/\\\/fjala.info\\\/2009-2015\\\/#\\\/schema\\\/logo\\\/image\\\/\",\"url\":\"\",\"contentUrl\":\"\",\"caption\":\"FjALA e LIR\u00cb - Arkivi\"},\"image\":{\"@id\":\"https:\\\/\\\/fjala.info\\\/2009-2015\\\/#\\\/schema\\\/logo\\\/image\\\/\"}},{\"@type\":\"Person\",\"@id\":\"https:\\\/\\\/fjala.info\\\/2009-2015\\\/#\\\/schema\\\/person\\\/3aa1163ef05469c496fc94e77611ada2\",\"name\":\"admin\",\"image\":{\"@type\":\"ImageObject\",\"inLanguage\":\"sq-AL\",\"@id\":\"https:\\\/\\\/fjala.info\\\/2009-2015\\\/wp-content\\\/uploads\\\/2012\\\/02\\\/arben_cokaj-120x150.jpg\",\"url\":\"https:\\\/\\\/fjala.info\\\/2009-2015\\\/wp-content\\\/uploads\\\/2012\\\/02\\\/arben_cokaj-120x150.jpg\",\"contentUrl\":\"https:\\\/\\\/fjala.info\\\/2009-2015\\\/wp-content\\\/uploads\\\/2012\\\/02\\\/arben_cokaj-120x150.jpg\",\"caption\":\"admin\"},\"description\":\"Admin, Fjala e Lir\u00eb\",\"sameAs\":[\"https:\\\/\\\/fjala.info\\\/\"],\"url\":\"https:\\\/\\\/fjala.info\\\/2009-2015\\\/author\\\/admin\\\/\"}]}<\/script>\n<!-- \/ Yoast SEO plugin. -->","yoast_head_json":{"title":"Ish ministri braktis LSI: Tan Lepurin, Ram\u00ebs ia prezantoi Iliri - FjALA e LIR\u00cb - Arkivi","robots":{"index":"index","follow":"follow","max-snippet":"max-snippet:-1","max-image-preview":"max-image-preview:large","max-video-preview":"max-video-preview:-1"},"canonical":"https:\/\/fjala.info\/2009-2015\/ish-ministri-braktis-lsi-tan-lepurin-rames-ia-prezantoi-iliri\/","og_locale":"sq_AL","og_type":"article","og_title":"Ish ministri braktis LSI: Tan Lepurin, Ram\u00ebs ia prezantoi Iliri - FjALA e LIR\u00cb - Arkivi","og_description":"Shp\u00ebrthen Dritan Prifti. Ish-ministri \u00ebsht\u00eb larguar dje nga LSI-ja, duke l\u00ebshuar n\u00eb dy faza akuza t\u00eb ashpra ndaj kryetarit t\u00eb LSI-s\u00eb Ilir Meta. Nd\u00ebrkoh\u00eb q\u00eb n\u00eb letr\u00ebn e largimin, hedh akuza t\u00eb renda, n\u00eb intervist\u00ebn e dh\u00ebn\u00eb p\u00ebr emisionin \u201cOra e Intervist\u00ebs\u201d t\u00eb gazetarit Alfred Peza, Prifti deklaroi se Meta ka marr\u00eb mandatin e deputetit [&hellip;]","og_url":"https:\/\/fjala.info\/2009-2015\/ish-ministri-braktis-lsi-tan-lepurin-rames-ia-prezantoi-iliri\/","og_site_name":"FjALA e LIR\u00cb - Arkivi","article_published_time":"2010-10-14T09:32:25+00:00","og_image":[{"url":"http:\/\/fjala.shkoder.net\/wp-content\/uploads\/2010\/10\/meta_lsi-300x186.jpg","type":"","width":"","height":""}],"author":"admin","twitter_card":"summary_large_image","twitter_misc":{"Written by":"admin","Est. reading time":"6 minutes"},"schema":{"@context":"https:\/\/schema.org","@graph":[{"@type":"Article","@id":"https:\/\/fjala.info\/2009-2015\/ish-ministri-braktis-lsi-tan-lepurin-rames-ia-prezantoi-iliri\/#article","isPartOf":{"@id":"https:\/\/fjala.info\/2009-2015\/ish-ministri-braktis-lsi-tan-lepurin-rames-ia-prezantoi-iliri\/"},"author":{"name":"admin","@id":"https:\/\/fjala.info\/2009-2015\/#\/schema\/person\/3aa1163ef05469c496fc94e77611ada2"},"headline":"Ish ministri braktis LSI: Tan Lepurin, Ram\u00ebs ia prezantoi Iliri","datePublished":"2010-10-14T09:32:25+00:00","mainEntityOfPage":{"@id":"https:\/\/fjala.info\/2009-2015\/ish-ministri-braktis-lsi-tan-lepurin-rames-ia-prezantoi-iliri\/"},"wordCount":1204,"commentCount":0,"publisher":{"@id":"https:\/\/fjala.info\/2009-2015\/#organization"},"image":{"@id":"https:\/\/fjala.info\/2009-2015\/ish-ministri-braktis-lsi-tan-lepurin-rames-ia-prezantoi-iliri\/#primaryimage"},"thumbnailUrl":"http:\/\/fjala.shkoder.net\/wp-content\/uploads\/2010\/10\/meta_lsi-300x186.jpg","articleSection":["Artikuj"],"inLanguage":"sq-AL","potentialAction":[{"@type":"CommentAction","name":"Comment","target":["https:\/\/fjala.info\/2009-2015\/ish-ministri-braktis-lsi-tan-lepurin-rames-ia-prezantoi-iliri\/#respond"]}]},{"@type":"WebPage","@id":"https:\/\/fjala.info\/2009-2015\/ish-ministri-braktis-lsi-tan-lepurin-rames-ia-prezantoi-iliri\/","url":"https:\/\/fjala.info\/2009-2015\/ish-ministri-braktis-lsi-tan-lepurin-rames-ia-prezantoi-iliri\/","name":"Ish ministri braktis LSI: Tan Lepurin, Ram\u00ebs ia prezantoi Iliri - FjALA e LIR\u00cb - Arkivi","isPartOf":{"@id":"https:\/\/fjala.info\/2009-2015\/#website"},"primaryImageOfPage":{"@id":"https:\/\/fjala.info\/2009-2015\/ish-ministri-braktis-lsi-tan-lepurin-rames-ia-prezantoi-iliri\/#primaryimage"},"image":{"@id":"https:\/\/fjala.info\/2009-2015\/ish-ministri-braktis-lsi-tan-lepurin-rames-ia-prezantoi-iliri\/#primaryimage"},"thumbnailUrl":"http:\/\/fjala.shkoder.net\/wp-content\/uploads\/2010\/10\/meta_lsi-300x186.jpg","datePublished":"2010-10-14T09:32:25+00:00","breadcrumb":{"@id":"https:\/\/fjala.info\/2009-2015\/ish-ministri-braktis-lsi-tan-lepurin-rames-ia-prezantoi-iliri\/#breadcrumb"},"inLanguage":"sq-AL","potentialAction":[{"@type":"ReadAction","target":["https:\/\/fjala.info\/2009-2015\/ish-ministri-braktis-lsi-tan-lepurin-rames-ia-prezantoi-iliri\/"]}]},{"@type":"ImageObject","inLanguage":"sq-AL","@id":"https:\/\/fjala.info\/2009-2015\/ish-ministri-braktis-lsi-tan-lepurin-rames-ia-prezantoi-iliri\/#primaryimage","url":"http:\/\/fjala.shkoder.net\/wp-content\/uploads\/2010\/10\/meta_lsi-300x186.jpg","contentUrl":"http:\/\/fjala.shkoder.net\/wp-content\/uploads\/2010\/10\/meta_lsi-300x186.jpg"},{"@type":"BreadcrumbList","@id":"https:\/\/fjala.info\/2009-2015\/ish-ministri-braktis-lsi-tan-lepurin-rames-ia-prezantoi-iliri\/#breadcrumb","itemListElement":[{"@type":"ListItem","position":1,"name":"Home","item":"https:\/\/fjala.info\/2009-2015\/"},{"@type":"ListItem","position":2,"name":"Ish ministri braktis LSI: Tan Lepurin, Ram\u00ebs ia prezantoi Iliri"}]},{"@type":"WebSite","@id":"https:\/\/fjala.info\/2009-2015\/#website","url":"https:\/\/fjala.info\/2009-2015\/","name":"FjALA e LIR\u00cb - Arkivi","description":"Arkivi 2009-2015","publisher":{"@id":"https:\/\/fjala.info\/2009-2015\/#organization"},"potentialAction":[{"@type":"SearchAction","target":{"@type":"EntryPoint","urlTemplate":"https:\/\/fjala.info\/2009-2015\/?s={search_term_string}"},"query-input":{"@type":"PropertyValueSpecification","valueRequired":true,"valueName":"search_term_string"}}],"inLanguage":"sq-AL"},{"@type":"Organization","@id":"https:\/\/fjala.info\/2009-2015\/#organization","name":"FjALA e LIR\u00cb - Arkivi","url":"https:\/\/fjala.info\/2009-2015\/","logo":{"@type":"ImageObject","inLanguage":"sq-AL","@id":"https:\/\/fjala.info\/2009-2015\/#\/schema\/logo\/image\/","url":"","contentUrl":"","caption":"FjALA e LIR\u00cb - Arkivi"},"image":{"@id":"https:\/\/fjala.info\/2009-2015\/#\/schema\/logo\/image\/"}},{"@type":"Person","@id":"https:\/\/fjala.info\/2009-2015\/#\/schema\/person\/3aa1163ef05469c496fc94e77611ada2","name":"admin","image":{"@type":"ImageObject","inLanguage":"sq-AL","@id":"https:\/\/fjala.info\/2009-2015\/wp-content\/uploads\/2012\/02\/arben_cokaj-120x150.jpg","url":"https:\/\/fjala.info\/2009-2015\/wp-content\/uploads\/2012\/02\/arben_cokaj-120x150.jpg","contentUrl":"https:\/\/fjala.info\/2009-2015\/wp-content\/uploads\/2012\/02\/arben_cokaj-120x150.jpg","caption":"admin"},"description":"Admin, Fjala e Lir\u00eb","sameAs":["https:\/\/fjala.info\/"],"url":"https:\/\/fjala.info\/2009-2015\/author\/admin\/"}]}},"_links":{"self":[{"href":"https:\/\/fjala.info\/2009-2015\/wp-json\/wp\/v2\/posts\/4309","targetHints":{"allow":["GET"]}}],"collection":[{"href":"https:\/\/fjala.info\/2009-2015\/wp-json\/wp\/v2\/posts"}],"about":[{"href":"https:\/\/fjala.info\/2009-2015\/wp-json\/wp\/v2\/types\/post"}],"author":[{"embeddable":true,"href":"https:\/\/fjala.info\/2009-2015\/wp-json\/wp\/v2\/users\/1"}],"replies":[{"embeddable":true,"href":"https:\/\/fjala.info\/2009-2015\/wp-json\/wp\/v2\/comments?post=4309"}],"version-history":[{"count":0,"href":"https:\/\/fjala.info\/2009-2015\/wp-json\/wp\/v2\/posts\/4309\/revisions"}],"wp:attachment":[{"href":"https:\/\/fjala.info\/2009-2015\/wp-json\/wp\/v2\/media?parent=4309"}],"wp:term":[{"taxonomy":"category","embeddable":true,"href":"https:\/\/fjala.info\/2009-2015\/wp-json\/wp\/v2\/categories?post=4309"},{"taxonomy":"post_tag","embeddable":true,"href":"https:\/\/fjala.info\/2009-2015\/wp-json\/wp\/v2\/tags?post=4309"}],"curies":[{"name":"wp","href":"https:\/\/api.w.org\/{rel}","templated":true}]}}