{"id":4305,"date":"2010-10-14T09:39:32","date_gmt":"2010-10-14T08:39:32","guid":{"rendered":"http:\/\/fjala.shkoder.net\/?p=4305"},"modified":"2010-10-14T09:39:32","modified_gmt":"2010-10-14T08:39:32","slug":"pse-eshte-thaci-optimist","status":"publish","type":"post","link":"https:\/\/fjala.info\/2009-2015\/pse-eshte-thaci-optimist\/","title":{"rendered":"Pse \u00ebsht\u00eb Tha\u00e7i optimist?"},"content":{"rendered":"<p><img loading=\"lazy\" decoding=\"async\" class=\"alignright size-thumbnail wp-image-4306\" title=\"Shk\u00eblzen Maliqi\" src=\"http:\/\/fjala.shkoder.net\/wp-content\/uploads\/2010\/10\/shkelzen_maliqi-150x112.jpg\" alt=\"\" width=\"150\" height=\"112\" \/><\/p>\n<p>Nga. <strong>SHKELZEN MALIQI<\/strong>, <em>13 Tetor 2010<\/em><\/p>\n<p>Si sot dhjet\u00eb vjet m\u00eb par\u00eb, Dr. Ali Spahia nd\u00ebrroi jet\u00eb n\u00eb nj\u00eb spital n\u00eb Pavia (n\u00eb veri t\u00eb Italis\u00eb), i rrethuar nga miqt\u00eb, i ngush\u00eblluar deri n\u00eb dit\u00ebt e fundit t\u00eb jet\u00ebs s\u00eb tij nga gruaja dhe familja t\u00eb cil\u00ebn e donte aq shum\u00eb. Un\u00eb isha &#8211; dhe akoma jam &#8211; nj\u00eb nga miqt\u00eb q\u00eb kishin privilegjin t\u00eb ndjekin nga af\u00ebr aktivitetin e tij politik q\u00eb n\u00eb koh\u00ebn kur punonte si kryetar i Bashkis\u00eb s\u00eb Shkodr\u00ebs dhe gjat\u00eb gjith\u00eb karrier\u00ebs s\u00eb tij si deputet (1991-1997) dhe si nj\u00eb nga udh\u00ebheq\u00ebsit kryesor\u00eb t\u00eb Partis\u00eb Demokratike t\u00eb Shqip\u00ebris\u00eb.<\/p>\n<p>Viti 2000 sh\u00ebnon p\u00ebr ne sot vet\u00ebm gjysm\u00ebn e rrug\u00ebs q\u00eb nga fillimi i kthes\u00ebs vendimtare politike p\u00ebr Europ\u00ebn dhe Shqip\u00ebrin\u00eb n\u00eb vitin 1990. Dhjet\u00eb vjet m\u00eb pas, Shqip\u00ebria vuante ende pasojat e ngjarjeve traumatike t\u00eb 97-s dhe n\u00eb t\u00eb nj\u00ebjt\u00ebn koh\u00eb duhej t\u00eb p\u00ebrballej me pasoja t\u00eb r\u00ebnda t\u00eb luft\u00ebs n\u00eb Kosov\u00eb n\u00eb 1999-n. Por drejtimi i vendosur politik q\u00eb Shqip\u00ebria kishte zgjedhur dhe nd\u00ebrmarr\u00eb n\u00eb fillim t\u00eb viteve &#8217;90, fal\u00eb politikan\u00ebve kurajoz\u00eb si Ali Spahia, nuk ishte v\u00ebn\u00eb kurr\u00eb n\u00eb diskutim.<\/p>\n<p>N\u00eb t\u00eb v\u00ebrtet\u00eb, nuk kishte m\u00ebdyshje p\u00ebr aspirat\u00ebn europiane t\u00eb Shqip\u00ebris\u00eb, gj\u00eb q\u00eb ishte konfirmuar me an\u00ebtar\u00ebsimin e Shqip\u00ebris\u00eb n\u00eb K\u00ebshillin e Europ\u00ebs, m\u00eb 13 korrik, 1995, nj\u00eb nga arritjet kryesore t\u00eb p\u00ebrpjekjeve politike t\u00eb Ali Spahis\u00eb. P\u00ebrpjekjet e Shqip\u00ebris\u00eb drejt Europ\u00ebs \u00e7uan n\u00eb an\u00ebtar\u00ebsimin n\u00eb NATO, si dhe n\u00eb aplikimin formal p\u00ebr an\u00ebtar\u00ebsim n\u00eb Bashkimin Europian n\u00eb vitin 2009, me nj\u00eb perspektiv\u00eb pozitive t\u00eb deklaruar nga vet\u00eb BE-ja. Pas pak dit\u00ebve, shqiptar\u00ebve do t&#8217;u jepet e drejta t\u00eb l\u00ebvizin lirsh\u00ebm dhe pa viza n\u00eb shumic\u00ebn e vendeve t\u00eb Europ\u00ebs!<\/p>\n<p>Dr. Ali Spahia vizitoi K\u00ebshillin e Europ\u00ebs n\u00eb Strasburg q\u00eb n\u00eb vitin 1991, p\u00ebr t\u00eb filluar programet e para t\u00eb asistenc\u00ebs europiane p\u00ebr vendin e tij duke hedhur bazat p\u00ebr pjes\u00ebmarrjen e Shqip\u00ebris\u00eb n\u00eb punimet e Asambles\u00eb Parlamentare t\u00eb K\u00ebshillit si dhe n\u00eb Kongresin e Autoriteteve Lokale e Rajonale. Q\u00eb n\u00eb vitin 1992, ai p\u00ebr pes\u00eb vjet ishte an\u00ebtar, dhe m\u00eb pas kryetar i Delegacionit t\u00eb Parlamentit t\u00eb Shqip\u00ebris\u00eb pran\u00eb K\u00ebshillit t\u00eb Europ\u00ebs.<\/p>\n<p>N\u00eb k\u00ebt\u00eb funksion, Ali Spahia, s\u00ebbashku me politikan\u00eb t\u00eb tjer\u00eb, luajti nj\u00eb rol aktiv n\u00eb diskutime e fjalime p\u00ebr \u00e7\u00ebshtje si shp\u00ebrb\u00ebrja e ish-Jugosllavis\u00eb, politika e Shqip\u00ebris\u00eb n\u00eb Ballkan, zhvillimet n\u00eb Shqip\u00ebri si dhe p\u00ebr an\u00ebtar\u00ebsimin e m\u00ebtejsh\u00ebm t\u00eb disa vendeve t\u00eb tjera t\u00eb Europ\u00ebs Lindore (ish-Bashkimi Sovietik) n\u00eb familjen e vendeve demokratike t\u00eb K\u00ebshillit t\u00eb Europ\u00ebs. Angazhimi i Ali Spahis\u00eb vler\u00ebsohej gjithmon\u00eb shum\u00eb pozitivisht nga koleg\u00ebt e tij nga shum\u00eb shtete nga t\u00eb cil\u00ebt g\u00ebzonte respekt dhe shpesh her\u00eb interesim dhe mb\u00ebshtetje miq\u00ebsore, jo vet\u00ebm p\u00ebr diskutimet e tij brilante, p\u00ebr durimin dhe v\u00ebmendjen e tij t\u00eb jasht\u00ebzakonshme, por edhe p\u00ebr kontributet e mir\u00ebp\u00ebrgatitura dhe mir\u00ebarsyetuara gjat\u00eb diskutimeve.<\/p>\n<p>Vet\u00eb Dr. Ali Spahia ishte nj\u00eb europian i v\u00ebrtet\u00eb. Ai ndiente personalisht shum\u00ebllojshm\u00ebrin\u00eb e pasur dhe t\u00eb gjithanshme t\u00eb traditave kulturore europiane si nj\u00eb eksperienc\u00eb jete. P\u00ebr t\u00eb, Europa ishte rruga drejt arritjeve m\u00eb t\u00eb larta t\u00eb mundshme t\u00eb njer\u00ebzimit bazuar n\u00eb lirin\u00eb fizike dhe shpirt\u00ebrore t\u00eb gjithsecilit si dhe njohja dhe vler\u00ebsimi i dinjitetit t\u00eb \u00e7do individi pa asnj\u00eb dallim. Liria \u00ebsht\u00eb \u00e7el\u00ebsi n\u00eb k\u00ebt\u00eb vizion t\u00eb bot\u00ebs dhe t\u00eb njer\u00ebzimit, liria e bazuar n\u00eb hapjen e mendjeve t\u00eb njer\u00ebzve dhe t\u00eb shoq\u00ebris\u00eb, e kombinuar me nj\u00eb sens real t\u00eb p\u00ebrgjegj\u00ebsis\u00eb personale dhe shoq\u00ebrore.<\/p>\n<p>Ai kurr\u00eb nuk ishte dakord me iden\u00eb q\u00eb Europa ishte thjesht nj\u00eb bashkim p\u00ebr rritje ekonomike. At\u00eb e shqet\u00ebsonin problemet q\u00eb mund t\u00eb lindnin n\u00eb nj\u00eb vend ku mendjet e njer\u00ebzve jan\u00eb t\u00eb p\u00ebrqendruara vet\u00ebm tek paraja dhe p\u00ebrfitimi ekonomik.<\/p>\n<p>Ai ndante gjithmon\u00eb shqet\u00ebsimin kryesor p\u00ebr siguri dhe stabilitet p\u00ebr bashk\u00ebkomb\u00ebsit dhe p\u00ebr kombin e tij n\u00eb raport me fqinj\u00ebt.<br \/>\nPor ai ishte gjithashtu i bindur se bashk\u00ebqytetar\u00ebt dhe vendi i tij meritonin m\u00eb shum\u00eb se thjesht prosperitet dhe stabilitet. Europa n\u00eb fakt, \u00ebsht\u00eb me t\u00eb v\u00ebrtet\u00eb m\u00eb shum\u00eb se aq! Ajo do t\u00eb thot\u00eb pjes\u00ebmarrje e barabart\u00eb nd\u00ebrmjet qeverive dhe institucioneve, dhe madje akoma m\u00eb shum\u00eb nd\u00ebrmjet vet\u00eb njer\u00ebzve, p\u00ebrtej kufijve komb\u00ebtar\u00eb n\u00eb t\u00eb gjith\u00eb Europ\u00ebn pa linja ndar\u00ebse.<\/p>\n<p>\u00cbsht\u00eb nj\u00eb rreze e gjer\u00eb bashk\u00ebpunimi gjith\u00ebp\u00ebrfshir\u00ebse europiane. \u00cbsht\u00eb integrimi i t\u00eb gjith\u00ebve n\u00eb nj\u00eb projekt dhe vizion t\u00eb p\u00ebrbashk\u00ebt europian p\u00ebr t\u00eb ardhmen, q\u00eb \u00ebsht\u00eb krijimi, konsolidimi dhe shijimi i nj\u00eb zone t\u00eb gjer\u00eb demokracie t\u00eb v\u00ebrtet\u00eb, shtetit t\u00eb s\u00eb drejt\u00ebs dhe mbrojtjes s\u00eb t\u00eb drejtave t\u00eb njeriut.<\/p>\n<p>P\u00ebr Dr. Spahin\u00eb ishte padyshim k\u00ebshtu. N\u00eb jet\u00ebn e tij politike, ai kishte kaluar nj\u00eb s\u00ebr\u00eb p\u00ebrvojash q\u00eb kishin lidhje me politik\u00ebn n\u00eb nj\u00eb sens demokratik: Nuk \u00ebsht\u00eb lufta p\u00ebr pushtet si nj\u00eb pron\u00eb private, por p\u00ebr ndarjen e p\u00ebrkohshme dhe t\u00eb revokueshme t\u00eb kompetencave dhe p\u00ebrgjegj\u00ebsive. T\u00eb gjith\u00eb pjes\u00ebmarr\u00ebsit, partia n\u00eb pushtet, opozita si dhe qeveria, jan\u00eb partner\u00eb q\u00eb luajn\u00eb dhe shk\u00ebmbejn\u00eb role t\u00eb ndryshme n\u00eb t\u00eb nj\u00ebjt\u00ebn loj\u00eb.<\/p>\n<p>Kund\u00ebrshtar\u00ebt nuk jan\u00eb armiq, por t\u00eb lidhur bashk\u00eb p\u00ebr t\u00eb mir\u00ebn e ndarjes s\u00eb p\u00ebrgjegj\u00ebsive dhe p\u00ebr funksionimin e rregullt t\u00eb institucioneve demokratike. N\u00eb t\u00eb v\u00ebrtet\u00eb, Ali Spahia kishte nj\u00eb koncept shum\u00eb k\u00ebrkues ndaj rolit t\u00eb politikan\u00ebve, i karakterizuar nga nj\u00ebra an\u00eb nga mungesa e interesit personal, nga integriteti, modestia, sensi i drejt\u00ebsis\u00eb dhe p\u00ebrmbajtjes (personalisht urrente vjedhjen dhe korrupsionin) dhe nga ana tjet\u00ebr nga besimi dhe p\u00ebrgjegj\u00ebsia strikte personale.<\/p>\n<p>N\u00eb t\u00eb gjitha k\u00ebto aspekte, Dr. Ali Spahia i ka l\u00ebn\u00eb vendit t\u00eb tij nj\u00eb trash\u00ebgimi t\u00eb r\u00ebnd\u00ebsishme shpirt\u00ebrore dhe ka ve\u00e7an\u00ebrisht nj\u00eb aspekt ku trash\u00ebgimia e tij \u00ebsht\u00eb shfryt\u00ebzuar me rezultate jasht\u00ebzakonisht pozitive, ky aspekt \u00ebsht\u00eb pozicioni i sot\u00ebm i Shqip\u00ebris\u00eb n\u00eb Europ\u00eb. Vitet e fundit, Shqip\u00ebria ka b\u00ebr\u00eb progres t\u00eb jasht\u00ebzakonsh\u00ebm n\u00eb rrug\u00ebn e saj drejt Europ\u00ebs t\u00eb shtruar m\u00eb her\u00ebt nga politikan\u00eb si Ali Spahia. Sot, Shqip\u00ebria \u00ebsht\u00eb fare pran\u00eb integrimit t\u00eb plot\u00eb n\u00eb Europ\u00eb dhe n\u00eb institucionet e saj t\u00eb p\u00ebrbashk\u00ebta m\u00eb t\u00eb p\u00ebrparuara.<\/p>\n<p>Shqip\u00ebria respektohet si nj\u00eb partner aktiv n\u00eb nj\u00eb s\u00ebr\u00eb programesh dhe projektesh t\u00eb bashk\u00ebpunimit europian dhe si nj\u00eb faktor i besuesh\u00ebm dhe stabilizues n\u00eb rajon. Shqiptar\u00ebt e kan\u00eb mundur pesimizmin dhe kan\u00eb besim n\u00eb t\u00eb ardhmen e tyre, ata g\u00ebzojn\u00eb lirin\u00eb e tyre p\u00ebr iniciativa t\u00eb suksesshme individuale dhe kolektive dhe m\u00eb n\u00eb fund shqiptar\u00ebt jan\u00eb n\u00eb gjendje t\u00eb l\u00ebvizin lirsh\u00ebm p\u00ebrtej kufijve dhe t\u00eb nd\u00ebrveprojn\u00eb me popujt e tjer\u00eb n\u00eb t\u00eb gjith\u00eb Europ\u00ebn; n\u00eb t\u00eb nj\u00ebjt\u00ebn koh\u00eb ata po p\u00ebrjetojn\u00eb rritjen e l\u00ebvizshm\u00ebris\u00eb brenda territorit t\u00eb tyre dhe lidhje t\u00eb shpejta me vendet fqinje.<\/p>\n<p>\u00c7far\u00eb arritjeje e admirueshme krahasuar me gjendjen e para 20 vjet\u00ebve!<br \/>\nUn\u00eb jam i sigurt q\u00eb askush nuk do ishte aq thell\u00ebsisht i padrejt\u00eb sa t\u00eb injoronte meritat e pafund t\u00eb Dr. Ali Spahis\u00eb p\u00ebr k\u00ebt\u00eb arritje.<br \/>\nAi do t\u00eb mbetet p\u00ebrher\u00eb n\u00eb kujtes\u00ebn ton\u00eb nj\u00eb europian i v\u00ebrtet\u00eb dhe nj\u00ebkoh\u00ebsisht nj\u00eb shqiptar i madh.<br \/>\nP\u00ebr mua ai mbetet miku im. N\u00ebse m\u00eb pyesni p\u00ebrse, un\u00eb do t\u00eb p\u00ebrgjigjesha si Montaigne: sepse ishte ai!<\/p>\n<p>*<em>Ish-drejtor i P\u00ebrgjithsh\u00ebm i \u00c7\u00ebshtjeve Politike n\u00eb K\u00ebshillin e Europ\u00ebs<\/em><\/p>\n","protected":false},"excerpt":{"rendered":"<p>Nga. SHKELZEN MALIQI, 13 Tetor 2010 Si sot dhjet\u00eb vjet m\u00eb par\u00eb, Dr. Ali Spahia nd\u00ebrroi jet\u00eb n\u00eb nj\u00eb spital n\u00eb Pavia (n\u00eb veri t\u00eb Italis\u00eb), i rrethuar nga miqt\u00eb, i ngush\u00eblluar deri n\u00eb dit\u00ebt e fundit t\u00eb jet\u00ebs s\u00eb tij nga gruaja dhe familja t\u00eb cil\u00ebn e donte aq shum\u00eb. Un\u00eb isha &#8211; dhe [&hellip;]<\/p>\n","protected":false},"author":1,"featured_media":0,"comment_status":"open","ping_status":"closed","sticky":false,"template":"","format":"standard","meta":{"footnotes":""},"categories":[2],"tags":[],"class_list":{"0":"post-4305","1":"post","2":"type-post","3":"status-publish","4":"format-standard","6":"category-artikuj"},"yoast_head":"<!-- This site is optimized with the Yoast SEO plugin v27.4 - https:\/\/yoast.com\/product\/yoast-seo-wordpress\/ -->\n<title>Pse \u00ebsht\u00eb Tha\u00e7i optimist? - FjALA e LIR\u00cb - Arkivi<\/title>\n<meta name=\"robots\" content=\"index, follow, max-snippet:-1, max-image-preview:large, max-video-preview:-1\" \/>\n<link rel=\"canonical\" href=\"https:\/\/fjala.info\/2009-2015\/pse-eshte-thaci-optimist\/\" \/>\n<meta property=\"og:locale\" content=\"sq_AL\" \/>\n<meta property=\"og:type\" content=\"article\" \/>\n<meta property=\"og:title\" content=\"Pse \u00ebsht\u00eb Tha\u00e7i optimist? - FjALA e LIR\u00cb - Arkivi\" \/>\n<meta property=\"og:description\" content=\"Nga. SHKELZEN MALIQI, 13 Tetor 2010 Si sot dhjet\u00eb vjet m\u00eb par\u00eb, Dr. Ali Spahia nd\u00ebrroi jet\u00eb n\u00eb nj\u00eb spital n\u00eb Pavia (n\u00eb veri t\u00eb Italis\u00eb), i rrethuar nga miqt\u00eb, i ngush\u00eblluar deri n\u00eb dit\u00ebt e fundit t\u00eb jet\u00ebs s\u00eb tij nga gruaja dhe familja t\u00eb cil\u00ebn e donte aq shum\u00eb. Un\u00eb isha &#8211; dhe [&hellip;]\" \/>\n<meta property=\"og:url\" content=\"https:\/\/fjala.info\/2009-2015\/pse-eshte-thaci-optimist\/\" \/>\n<meta property=\"og:site_name\" content=\"FjALA e LIR\u00cb - Arkivi\" \/>\n<meta property=\"article:published_time\" content=\"2010-10-14T08:39:32+00:00\" \/>\n<meta property=\"og:image\" content=\"http:\/\/fjala.shkoder.net\/wp-content\/uploads\/2010\/10\/shkelzen_maliqi-150x112.jpg\" \/>\n<meta name=\"author\" content=\"admin\" \/>\n<meta name=\"twitter:card\" content=\"summary_large_image\" \/>\n<meta name=\"twitter:label1\" content=\"Written by\" \/>\n\t<meta name=\"twitter:data1\" content=\"admin\" \/>\n\t<meta name=\"twitter:label2\" content=\"Est. reading time\" \/>\n\t<meta name=\"twitter:data2\" content=\"7 minutes\" \/>\n<script type=\"application\/ld+json\" class=\"yoast-schema-graph\">{\"@context\":\"https:\\\/\\\/schema.org\",\"@graph\":[{\"@type\":\"Article\",\"@id\":\"https:\\\/\\\/fjala.info\\\/2009-2015\\\/pse-eshte-thaci-optimist\\\/#article\",\"isPartOf\":{\"@id\":\"https:\\\/\\\/fjala.info\\\/2009-2015\\\/pse-eshte-thaci-optimist\\\/\"},\"author\":{\"name\":\"admin\",\"@id\":\"https:\\\/\\\/fjala.info\\\/2009-2015\\\/#\\\/schema\\\/person\\\/3aa1163ef05469c496fc94e77611ada2\"},\"headline\":\"Pse \u00ebsht\u00eb Tha\u00e7i optimist?\",\"datePublished\":\"2010-10-14T08:39:32+00:00\",\"mainEntityOfPage\":{\"@id\":\"https:\\\/\\\/fjala.info\\\/2009-2015\\\/pse-eshte-thaci-optimist\\\/\"},\"wordCount\":1365,\"commentCount\":0,\"publisher\":{\"@id\":\"https:\\\/\\\/fjala.info\\\/2009-2015\\\/#organization\"},\"image\":{\"@id\":\"https:\\\/\\\/fjala.info\\\/2009-2015\\\/pse-eshte-thaci-optimist\\\/#primaryimage\"},\"thumbnailUrl\":\"http:\\\/\\\/fjala.shkoder.net\\\/wp-content\\\/uploads\\\/2010\\\/10\\\/shkelzen_maliqi-150x112.jpg\",\"articleSection\":[\"Artikuj\"],\"inLanguage\":\"sq-AL\",\"potentialAction\":[{\"@type\":\"CommentAction\",\"name\":\"Comment\",\"target\":[\"https:\\\/\\\/fjala.info\\\/2009-2015\\\/pse-eshte-thaci-optimist\\\/#respond\"]}]},{\"@type\":\"WebPage\",\"@id\":\"https:\\\/\\\/fjala.info\\\/2009-2015\\\/pse-eshte-thaci-optimist\\\/\",\"url\":\"https:\\\/\\\/fjala.info\\\/2009-2015\\\/pse-eshte-thaci-optimist\\\/\",\"name\":\"Pse \u00ebsht\u00eb Tha\u00e7i optimist? - FjALA e LIR\u00cb - Arkivi\",\"isPartOf\":{\"@id\":\"https:\\\/\\\/fjala.info\\\/2009-2015\\\/#website\"},\"primaryImageOfPage\":{\"@id\":\"https:\\\/\\\/fjala.info\\\/2009-2015\\\/pse-eshte-thaci-optimist\\\/#primaryimage\"},\"image\":{\"@id\":\"https:\\\/\\\/fjala.info\\\/2009-2015\\\/pse-eshte-thaci-optimist\\\/#primaryimage\"},\"thumbnailUrl\":\"http:\\\/\\\/fjala.shkoder.net\\\/wp-content\\\/uploads\\\/2010\\\/10\\\/shkelzen_maliqi-150x112.jpg\",\"datePublished\":\"2010-10-14T08:39:32+00:00\",\"breadcrumb\":{\"@id\":\"https:\\\/\\\/fjala.info\\\/2009-2015\\\/pse-eshte-thaci-optimist\\\/#breadcrumb\"},\"inLanguage\":\"sq-AL\",\"potentialAction\":[{\"@type\":\"ReadAction\",\"target\":[\"https:\\\/\\\/fjala.info\\\/2009-2015\\\/pse-eshte-thaci-optimist\\\/\"]}]},{\"@type\":\"ImageObject\",\"inLanguage\":\"sq-AL\",\"@id\":\"https:\\\/\\\/fjala.info\\\/2009-2015\\\/pse-eshte-thaci-optimist\\\/#primaryimage\",\"url\":\"http:\\\/\\\/fjala.shkoder.net\\\/wp-content\\\/uploads\\\/2010\\\/10\\\/shkelzen_maliqi-150x112.jpg\",\"contentUrl\":\"http:\\\/\\\/fjala.shkoder.net\\\/wp-content\\\/uploads\\\/2010\\\/10\\\/shkelzen_maliqi-150x112.jpg\"},{\"@type\":\"BreadcrumbList\",\"@id\":\"https:\\\/\\\/fjala.info\\\/2009-2015\\\/pse-eshte-thaci-optimist\\\/#breadcrumb\",\"itemListElement\":[{\"@type\":\"ListItem\",\"position\":1,\"name\":\"Home\",\"item\":\"https:\\\/\\\/fjala.info\\\/2009-2015\\\/\"},{\"@type\":\"ListItem\",\"position\":2,\"name\":\"Pse \u00ebsht\u00eb Tha\u00e7i optimist?\"}]},{\"@type\":\"WebSite\",\"@id\":\"https:\\\/\\\/fjala.info\\\/2009-2015\\\/#website\",\"url\":\"https:\\\/\\\/fjala.info\\\/2009-2015\\\/\",\"name\":\"FjALA e LIR\u00cb - Arkivi\",\"description\":\"Arkivi 2009-2015\",\"publisher\":{\"@id\":\"https:\\\/\\\/fjala.info\\\/2009-2015\\\/#organization\"},\"potentialAction\":[{\"@type\":\"SearchAction\",\"target\":{\"@type\":\"EntryPoint\",\"urlTemplate\":\"https:\\\/\\\/fjala.info\\\/2009-2015\\\/?s={search_term_string}\"},\"query-input\":{\"@type\":\"PropertyValueSpecification\",\"valueRequired\":true,\"valueName\":\"search_term_string\"}}],\"inLanguage\":\"sq-AL\"},{\"@type\":\"Organization\",\"@id\":\"https:\\\/\\\/fjala.info\\\/2009-2015\\\/#organization\",\"name\":\"FjALA e LIR\u00cb - Arkivi\",\"url\":\"https:\\\/\\\/fjala.info\\\/2009-2015\\\/\",\"logo\":{\"@type\":\"ImageObject\",\"inLanguage\":\"sq-AL\",\"@id\":\"https:\\\/\\\/fjala.info\\\/2009-2015\\\/#\\\/schema\\\/logo\\\/image\\\/\",\"url\":\"\",\"contentUrl\":\"\",\"caption\":\"FjALA e LIR\u00cb - Arkivi\"},\"image\":{\"@id\":\"https:\\\/\\\/fjala.info\\\/2009-2015\\\/#\\\/schema\\\/logo\\\/image\\\/\"}},{\"@type\":\"Person\",\"@id\":\"https:\\\/\\\/fjala.info\\\/2009-2015\\\/#\\\/schema\\\/person\\\/3aa1163ef05469c496fc94e77611ada2\",\"name\":\"admin\",\"image\":{\"@type\":\"ImageObject\",\"inLanguage\":\"sq-AL\",\"@id\":\"https:\\\/\\\/fjala.info\\\/2009-2015\\\/wp-content\\\/uploads\\\/2012\\\/02\\\/arben_cokaj-120x150.jpg\",\"url\":\"https:\\\/\\\/fjala.info\\\/2009-2015\\\/wp-content\\\/uploads\\\/2012\\\/02\\\/arben_cokaj-120x150.jpg\",\"contentUrl\":\"https:\\\/\\\/fjala.info\\\/2009-2015\\\/wp-content\\\/uploads\\\/2012\\\/02\\\/arben_cokaj-120x150.jpg\",\"caption\":\"admin\"},\"description\":\"Admin, Fjala e Lir\u00eb\",\"sameAs\":[\"https:\\\/\\\/fjala.info\\\/\"],\"url\":\"https:\\\/\\\/fjala.info\\\/2009-2015\\\/author\\\/admin\\\/\"}]}<\/script>\n<!-- \/ Yoast SEO plugin. -->","yoast_head_json":{"title":"Pse \u00ebsht\u00eb Tha\u00e7i optimist? - FjALA e LIR\u00cb - Arkivi","robots":{"index":"index","follow":"follow","max-snippet":"max-snippet:-1","max-image-preview":"max-image-preview:large","max-video-preview":"max-video-preview:-1"},"canonical":"https:\/\/fjala.info\/2009-2015\/pse-eshte-thaci-optimist\/","og_locale":"sq_AL","og_type":"article","og_title":"Pse \u00ebsht\u00eb Tha\u00e7i optimist? - FjALA e LIR\u00cb - Arkivi","og_description":"Nga. SHKELZEN MALIQI, 13 Tetor 2010 Si sot dhjet\u00eb vjet m\u00eb par\u00eb, Dr. Ali Spahia nd\u00ebrroi jet\u00eb n\u00eb nj\u00eb spital n\u00eb Pavia (n\u00eb veri t\u00eb Italis\u00eb), i rrethuar nga miqt\u00eb, i ngush\u00eblluar deri n\u00eb dit\u00ebt e fundit t\u00eb jet\u00ebs s\u00eb tij nga gruaja dhe familja t\u00eb cil\u00ebn e donte aq shum\u00eb. Un\u00eb isha &#8211; dhe [&hellip;]","og_url":"https:\/\/fjala.info\/2009-2015\/pse-eshte-thaci-optimist\/","og_site_name":"FjALA e LIR\u00cb - Arkivi","article_published_time":"2010-10-14T08:39:32+00:00","og_image":[{"url":"http:\/\/fjala.shkoder.net\/wp-content\/uploads\/2010\/10\/shkelzen_maliqi-150x112.jpg","type":"","width":"","height":""}],"author":"admin","twitter_card":"summary_large_image","twitter_misc":{"Written by":"admin","Est. reading time":"7 minutes"},"schema":{"@context":"https:\/\/schema.org","@graph":[{"@type":"Article","@id":"https:\/\/fjala.info\/2009-2015\/pse-eshte-thaci-optimist\/#article","isPartOf":{"@id":"https:\/\/fjala.info\/2009-2015\/pse-eshte-thaci-optimist\/"},"author":{"name":"admin","@id":"https:\/\/fjala.info\/2009-2015\/#\/schema\/person\/3aa1163ef05469c496fc94e77611ada2"},"headline":"Pse \u00ebsht\u00eb Tha\u00e7i optimist?","datePublished":"2010-10-14T08:39:32+00:00","mainEntityOfPage":{"@id":"https:\/\/fjala.info\/2009-2015\/pse-eshte-thaci-optimist\/"},"wordCount":1365,"commentCount":0,"publisher":{"@id":"https:\/\/fjala.info\/2009-2015\/#organization"},"image":{"@id":"https:\/\/fjala.info\/2009-2015\/pse-eshte-thaci-optimist\/#primaryimage"},"thumbnailUrl":"http:\/\/fjala.shkoder.net\/wp-content\/uploads\/2010\/10\/shkelzen_maliqi-150x112.jpg","articleSection":["Artikuj"],"inLanguage":"sq-AL","potentialAction":[{"@type":"CommentAction","name":"Comment","target":["https:\/\/fjala.info\/2009-2015\/pse-eshte-thaci-optimist\/#respond"]}]},{"@type":"WebPage","@id":"https:\/\/fjala.info\/2009-2015\/pse-eshte-thaci-optimist\/","url":"https:\/\/fjala.info\/2009-2015\/pse-eshte-thaci-optimist\/","name":"Pse \u00ebsht\u00eb Tha\u00e7i optimist? - FjALA e LIR\u00cb - Arkivi","isPartOf":{"@id":"https:\/\/fjala.info\/2009-2015\/#website"},"primaryImageOfPage":{"@id":"https:\/\/fjala.info\/2009-2015\/pse-eshte-thaci-optimist\/#primaryimage"},"image":{"@id":"https:\/\/fjala.info\/2009-2015\/pse-eshte-thaci-optimist\/#primaryimage"},"thumbnailUrl":"http:\/\/fjala.shkoder.net\/wp-content\/uploads\/2010\/10\/shkelzen_maliqi-150x112.jpg","datePublished":"2010-10-14T08:39:32+00:00","breadcrumb":{"@id":"https:\/\/fjala.info\/2009-2015\/pse-eshte-thaci-optimist\/#breadcrumb"},"inLanguage":"sq-AL","potentialAction":[{"@type":"ReadAction","target":["https:\/\/fjala.info\/2009-2015\/pse-eshte-thaci-optimist\/"]}]},{"@type":"ImageObject","inLanguage":"sq-AL","@id":"https:\/\/fjala.info\/2009-2015\/pse-eshte-thaci-optimist\/#primaryimage","url":"http:\/\/fjala.shkoder.net\/wp-content\/uploads\/2010\/10\/shkelzen_maliqi-150x112.jpg","contentUrl":"http:\/\/fjala.shkoder.net\/wp-content\/uploads\/2010\/10\/shkelzen_maliqi-150x112.jpg"},{"@type":"BreadcrumbList","@id":"https:\/\/fjala.info\/2009-2015\/pse-eshte-thaci-optimist\/#breadcrumb","itemListElement":[{"@type":"ListItem","position":1,"name":"Home","item":"https:\/\/fjala.info\/2009-2015\/"},{"@type":"ListItem","position":2,"name":"Pse \u00ebsht\u00eb Tha\u00e7i optimist?"}]},{"@type":"WebSite","@id":"https:\/\/fjala.info\/2009-2015\/#website","url":"https:\/\/fjala.info\/2009-2015\/","name":"FjALA e LIR\u00cb - Arkivi","description":"Arkivi 2009-2015","publisher":{"@id":"https:\/\/fjala.info\/2009-2015\/#organization"},"potentialAction":[{"@type":"SearchAction","target":{"@type":"EntryPoint","urlTemplate":"https:\/\/fjala.info\/2009-2015\/?s={search_term_string}"},"query-input":{"@type":"PropertyValueSpecification","valueRequired":true,"valueName":"search_term_string"}}],"inLanguage":"sq-AL"},{"@type":"Organization","@id":"https:\/\/fjala.info\/2009-2015\/#organization","name":"FjALA e LIR\u00cb - Arkivi","url":"https:\/\/fjala.info\/2009-2015\/","logo":{"@type":"ImageObject","inLanguage":"sq-AL","@id":"https:\/\/fjala.info\/2009-2015\/#\/schema\/logo\/image\/","url":"","contentUrl":"","caption":"FjALA e LIR\u00cb - Arkivi"},"image":{"@id":"https:\/\/fjala.info\/2009-2015\/#\/schema\/logo\/image\/"}},{"@type":"Person","@id":"https:\/\/fjala.info\/2009-2015\/#\/schema\/person\/3aa1163ef05469c496fc94e77611ada2","name":"admin","image":{"@type":"ImageObject","inLanguage":"sq-AL","@id":"https:\/\/fjala.info\/2009-2015\/wp-content\/uploads\/2012\/02\/arben_cokaj-120x150.jpg","url":"https:\/\/fjala.info\/2009-2015\/wp-content\/uploads\/2012\/02\/arben_cokaj-120x150.jpg","contentUrl":"https:\/\/fjala.info\/2009-2015\/wp-content\/uploads\/2012\/02\/arben_cokaj-120x150.jpg","caption":"admin"},"description":"Admin, Fjala e Lir\u00eb","sameAs":["https:\/\/fjala.info\/"],"url":"https:\/\/fjala.info\/2009-2015\/author\/admin\/"}]}},"_links":{"self":[{"href":"https:\/\/fjala.info\/2009-2015\/wp-json\/wp\/v2\/posts\/4305","targetHints":{"allow":["GET"]}}],"collection":[{"href":"https:\/\/fjala.info\/2009-2015\/wp-json\/wp\/v2\/posts"}],"about":[{"href":"https:\/\/fjala.info\/2009-2015\/wp-json\/wp\/v2\/types\/post"}],"author":[{"embeddable":true,"href":"https:\/\/fjala.info\/2009-2015\/wp-json\/wp\/v2\/users\/1"}],"replies":[{"embeddable":true,"href":"https:\/\/fjala.info\/2009-2015\/wp-json\/wp\/v2\/comments?post=4305"}],"version-history":[{"count":0,"href":"https:\/\/fjala.info\/2009-2015\/wp-json\/wp\/v2\/posts\/4305\/revisions"}],"wp:attachment":[{"href":"https:\/\/fjala.info\/2009-2015\/wp-json\/wp\/v2\/media?parent=4305"}],"wp:term":[{"taxonomy":"category","embeddable":true,"href":"https:\/\/fjala.info\/2009-2015\/wp-json\/wp\/v2\/categories?post=4305"},{"taxonomy":"post_tag","embeddable":true,"href":"https:\/\/fjala.info\/2009-2015\/wp-json\/wp\/v2\/tags?post=4305"}],"curies":[{"name":"wp","href":"https:\/\/api.w.org\/{rel}","templated":true}]}}