{"id":4303,"date":"2012-08-09T22:50:29","date_gmt":"2012-08-09T21:50:29","guid":{"rendered":"http:\/\/www.fjala.info\/?p=4303"},"modified":"2012-08-09T22:50:29","modified_gmt":"2012-08-09T21:50:29","slug":"krimi-qeveria-dhe-qytetaret","status":"publish","type":"post","link":"https:\/\/fjala.info\/2009-2015\/krimi-qeveria-dhe-qytetaret\/","title":{"rendered":"Krimi, qeveria dhe qytetar\u00ebt"},"content":{"rendered":"<p><img decoding=\"async\" class=\"alignleft size-thumbnail wp-image-7236\" title=\"Pjerin Ndreu\" src=\"http:\/\/www.fjala.info\/2012\/pjerin_ndreu.jpg\" alt=\"\" width=\"150\" \/>Analiz\u00eb nga <strong>PJERIN NDREU<\/strong><\/p>\n<p>P\u00ebr t\u00eb tretin vit rradhazi, krimi ka marr\u00eb frenat n\u00eb dor\u00eb dhe shfaqet kudo, vret, vjedh, dhunon k\u00ebdo q\u00eb i del para. Kurba e krimit ka marr\u00eb trajektore ngjit\u00ebse si asnj\u00ebher\u00eb tjet\u00ebr pas vitit t\u00eb mbrapsht\u00eb \u201897. Vrasjet, vet\u00ebvrasjet, aksidentet automobilistike jan\u00eb kthyer tema t\u00eb dit\u00ebs ku me dhjet\u00ebra njer\u00ebz humbin jet\u00ebn tragjikisht. Siguria p\u00ebr jet\u00ebn ka r\u00ebn\u00eb ndjesh\u00ebm. Paniku ka filluar t\u00eb shtohet tek njer\u00ebzit, nd\u00ebrsa qeveritar\u00ebt vazhdojn\u00eb ritualin alla komunist, ku gjith\u00e7ka \u00ebsht\u00eb sukses dhe asgj\u00eb nuk ndodh. Pohime t\u00eb pap\u00ebrgjegjshme se vrasjet jan\u00eb m\u00eb t\u00eb ul\u00ebta se n\u00eb BE, se media e ka fajin se i zmadhon krimet, apo kemi zhduk krimin e organizuar, d\u00ebgjohen \u00e7do dit\u00eb nga politikan\u00ebt n\u00eb pozit\u00eb, duke shurdhuar vesh\u00ebt e lodhur t\u00eb shqiptar\u00ebve me kronik\u00ebn e p\u00ebrditshme t\u00eb zez\u00eb.<\/p>\n<p>Krimi godet n\u00eb qend\u00ebr t\u00eb qyteteve, n\u00eb periferi, af\u00ebr komisariateve t\u00eb policis\u00eb, n\u00eb objekte ushtarake t\u00eb mbrojtura, krimi godet n\u00eb plazh, n\u00eb r\u00ebr\u00eb, krimi godet n\u00eb rrug\u00eb, n\u00eb banes\u00eb, n\u00eb biznes, krimi \u00ebsht\u00eb zot i gjith\u00e7kaje duke ushqyer kronikat e zeza t\u00eb mediave q\u00eb jan\u00eb t\u00eb vetmet q\u00eb b\u00ebjn\u00eb prezent se \u00e7\u2019ndodh n\u00eb t\u00eb v\u00ebrtet\u00eb. Krimi godet, deputetin, gjyqtarin, kryetarin e komun\u00ebs, ish- kryepolicin e Tiran\u00ebs dhe prap\u00eb ndjehet i sigurt se askush nuk thot\u00eb se kemi probleme. Qeveria i ka \u201csiguruar\u201d t\u00eb gjitha sipas saj. Por ka harruar t\u2019u b\u00ebj\u00eb me dije shtetasve t\u00eb vet se niveli i ul\u00ebt ekonomik, papun\u00ebsia e lart\u00eb pjellin kriminalitet. Se njer\u00ebzit duan pun\u00eb, duan t\u00eb han\u00eb, por s\u2019kan\u00eb \u00e7far\u00eb..!<\/p>\n<p>Rruga e krimit \u00ebsht\u00eb nj\u00eb nd\u00ebr rrug\u00ebt e pasurimit, pavar\u00ebsisht se \u00ebsht\u00eb fatale, por s\u2019kan\u00eb rrug\u00eb tjeter..! Se investimet sociale l\u00ebn\u00eb p\u00ebr t\u00eb d\u00ebshiruar, se familja ka probleme, se arsimi \u00ebsht\u00eb n\u00eb nivel t\u00eb ul\u00ebt, se \u00e7erdhja, kopshti, objektet social kulturore jan\u00eb anemike, se institucionet jan\u00eb t\u00eb dobta e te mbushura me injorante e te papergjegjshem, se bashkepunimi mes tyre \u00ebsht\u00eb inekzistent, se OJF q\u00eb kan\u00eb si objekt k\u00ebto probleme jan\u00eb krejt n\u00eb periferi t\u00eb zbutura n\u00ebn hududin e qeveris\u00eb q\u00eb ju hedh nga nj\u00eb kock\u00eb p\u00ebr t\u00eb mbyllur goj\u00ebn. Se organet ligjzbatuese funksionojn\u00eb t\u00eb ndara p\u00ebr shkak dhe t\u00eb var\u00ebsis\u00eb, ca (policia dhe burgjet) nga qeveria e ca (prokurori dhe gjykata) t\u00eb pavarura.<\/p>\n<p>Politika, qeveria jo vet\u00ebm q\u00eb si ka l\u00ebn\u00eb t\u00eb bashk\u00ebpunojn\u00eb, po ka futur mes tyre helmin e urrejtjes, t\u00eb planeve kund\u00ebrshtare e t\u00eb luft\u00ebs mes tyre. Ata q\u00eb ka mundur si policin\u00eb e shtetit, e ka degraduar, duke sfumuar profesionalizmin e nxitur tribalizmin e klientelizmin apo militantizmin partiak n\u00eb rekrutimin e personelit, duke e nxjerr\u00eb n\u00eb fakt jasht\u00eb misionit. E ka korruptuar dhe detyruar q\u00eb t\u00eb performoj\u00eb n\u00eb rrug\u00eb pa forc\u00eb dhe me standarte t\u00eb dyfishta ku politikan\u00ebt, njer\u00ebzit af\u00ebr tyre jan\u00eb t\u00eb pand\u00ebshkuesh\u00ebm nga ligji nj\u00eblloj si qytetar\u00ebt e tjer\u00eb. Prokuroris\u00eb i ka b\u00ebr\u00eb presion, dhe gjykat\u00ebs i ka k\u00ebrcyer n\u00eb fyt! Pra n\u00eb k\u00ebt\u00eb derexhe nj\u00ebri institucion ligjzbatues i bie thumbit e tjetri patkoit.<\/p>\n<p>Qeveria s\u2019ka bere publik asnje objektiv per uljen e kriminalitetit dhe rrugen se si do ta beje kete. Per kete aresye ska as strategji te parandalimit te krimit, ska as ze teknicienesh, police, juriste, psikologe, mesues, sociologe, pjestare te komunitetit etj.. Qeveria e ka mbeshtetur luften ndaj krimit ne disa veprime haxhiqamiliste me deklarata kuturu e pa asnje lloj organizimi. Gjithe filozofia antikrim eshte emri i nj\u00eb ministri qe akoma pa hyre n\u00eb zyr\u00eb, dikush i shkruan nj\u00eb let\u00ebr e ai, vrap n\u00eb media i st\u00ebrmunduar p\u00ebr t\u00eb deshifruat termat e p\u00ebr t\u00eb treguar se sa i \u201cvendosur\u201d ka ardh\u00eb n\u00eb at\u00eb dikaster p\u00ebr t\u00eb luftuar krimin.<\/p>\n<p>Ky \u00ebsht\u00eb kaos dhe me dashje apo padashje i hap rrug\u00ebn lul\u00ebzimit t\u00eb krimit. M\u00eb q\u00eb m\u2019u kujtua, ishte tamam ai Luli q\u00eb \u00ebsht\u00eb n\u00eb bashki tani, q\u00eb n\u00eb 2010 dha urdh\u00ebr t\u00eb zhdukeshin dhe statistikat e krimit nga faqja e internetit e policis\u00eb se shtetit. Q\u00eb at\u00ebher\u00eb \u00ebsht\u00eb ruajtur me fanatiz\u00ebm ajo porosi absurde. Shifra nuk gjenden gj\u00ebkundi! Por ndoshta kan\u00eb t\u00eb drejt\u00eb\u201d se ne vitin 2005 raportoheshin 8250 krime, n\u00eb vitin 2011 u raportuan 17680 krime, m\u00eb shum\u00eb se dyfishi.<\/p>\n<p>Pa dh\u00ebn\u00eb asnj\u00eb fakt apo shifer ministri I radhes thote se e kemi krimin ne kontroll ! Ndersa rruget pergjaken cdo dite dhe krimi vepron serbes. Por ne gjithe kete zallamahi qeveritare jane qytetaret ata qe e ndjejne peshen e rende te krimit. Sepse ne qeveri as ne te aferm te tyre nuk ka ndodhur as te vritet e as te vidhet kush, ose ka ndodhur krejt rralle. Qytetaret jane dukshem te pasigurte per jeten dhe pasurine. Jane te penalizuar edhe nga ligji, sepse atyre su lejohet ta shkelin, se i plasin ne burg per te njejten shkelje ku qeveritaret dhe te afermit e tyre ju kerkohet falje nga polici !<\/p>\n<p>Qytetaret vdesin ne konflike banalet se policet flene gjume. Diku nje shef komisariati I thote ati qe denoncon se dikush do ti vrase dhe se sillet rrotull me arme, qe filmoi ti dheme sill kaseten ti shoh me arme ne brez..!!! Diku tjeter nje vrases thote jam pronar i reres se detit, dhe vret dy vete, plagos dy te tjere. Ne polican ne sy te efektivave tane \u201ctrima\u201d te ushtrise Imami, pas ngjarjes tragjike, dikush vjen dhe me sharre druri i pret koken nje viktime..!!!<\/p>\n<p>E tjetri ne mes te Rreshenit ben ne krim tjeter, nje konflikt banal perfundon me perdorim arme, se kontigjentin e krimit as nuk e evidenton e as nuk e kontrollon njeri e so on&#8230;Qytetaret jane te paret thoshte Luli I bashkise pasi zhduku statistikat e krimit dhe shkaterroi dhe ate pak profesionalizem qe kishte ngele ne policine e shtetit. Krimi vepron I qete, qeveritaret hargalisen te kenaqur me pushtetin dhe perfitimet e tyre, qytetaret jane te paret, por per te vdekur, jo per te jetuar e shijuar jeten.<\/p>\n<p>(<em>gm\/Shqiptarja.com<\/em>)<\/p>\n","protected":false},"excerpt":{"rendered":"<p>Analiz\u00eb nga PJERIN NDREU P\u00ebr t\u00eb tretin vit rradhazi, krimi ka marr\u00eb frenat n\u00eb dor\u00eb dhe shfaqet kudo, vret, vjedh, dhunon k\u00ebdo q\u00eb i del para. Kurba e krimit ka marr\u00eb trajektore ngjit\u00ebse si asnj\u00ebher\u00eb tjet\u00ebr pas vitit t\u00eb mbrapsht\u00eb \u201897. Vrasjet, vet\u00ebvrasjet, aksidentet automobilistike jan\u00eb kthyer tema t\u00eb dit\u00ebs ku me dhjet\u00ebra njer\u00ebz humbin [&hellip;]<\/p>\n","protected":false},"author":1,"featured_media":0,"comment_status":"open","ping_status":"closed","sticky":false,"template":"","format":"standard","meta":{"footnotes":""},"categories":[2],"tags":[],"class_list":{"0":"post-4303","1":"post","2":"type-post","3":"status-publish","4":"format-standard","6":"category-artikuj"},"yoast_head":"<!-- This site is optimized with the Yoast SEO plugin v27.4 - https:\/\/yoast.com\/product\/yoast-seo-wordpress\/ -->\n<title>Krimi, qeveria dhe qytetar\u00ebt - FjALA e LIR\u00cb - Arkivi<\/title>\n<meta name=\"robots\" content=\"index, follow, max-snippet:-1, max-image-preview:large, max-video-preview:-1\" \/>\n<link rel=\"canonical\" href=\"https:\/\/fjala.info\/2009-2015\/krimi-qeveria-dhe-qytetaret\/\" \/>\n<meta property=\"og:locale\" content=\"sq_AL\" \/>\n<meta property=\"og:type\" content=\"article\" \/>\n<meta property=\"og:title\" content=\"Krimi, qeveria dhe qytetar\u00ebt - FjALA e LIR\u00cb - Arkivi\" \/>\n<meta property=\"og:description\" content=\"Analiz\u00eb nga PJERIN NDREU P\u00ebr t\u00eb tretin vit rradhazi, krimi ka marr\u00eb frenat n\u00eb dor\u00eb dhe shfaqet kudo, vret, vjedh, dhunon k\u00ebdo q\u00eb i del para. Kurba e krimit ka marr\u00eb trajektore ngjit\u00ebse si asnj\u00ebher\u00eb tjet\u00ebr pas vitit t\u00eb mbrapsht\u00eb \u201897. Vrasjet, vet\u00ebvrasjet, aksidentet automobilistike jan\u00eb kthyer tema t\u00eb dit\u00ebs ku me dhjet\u00ebra njer\u00ebz humbin [&hellip;]\" \/>\n<meta property=\"og:url\" content=\"https:\/\/fjala.info\/2009-2015\/krimi-qeveria-dhe-qytetaret\/\" \/>\n<meta property=\"og:site_name\" content=\"FjALA e LIR\u00cb - Arkivi\" \/>\n<meta property=\"article:published_time\" content=\"2012-08-09T21:50:29+00:00\" \/>\n<meta property=\"og:image\" content=\"http:\/\/www.fjala.info\/2012\/pjerin_ndreu.jpg\" \/>\n<meta name=\"author\" content=\"admin\" \/>\n<meta name=\"twitter:card\" content=\"summary_large_image\" \/>\n<meta name=\"twitter:label1\" content=\"Written by\" \/>\n\t<meta name=\"twitter:data1\" content=\"admin\" \/>\n\t<meta name=\"twitter:label2\" content=\"Est. reading time\" \/>\n\t<meta name=\"twitter:data2\" content=\"5 minutes\" \/>\n<script type=\"application\/ld+json\" class=\"yoast-schema-graph\">{\"@context\":\"https:\\\/\\\/schema.org\",\"@graph\":[{\"@type\":\"Article\",\"@id\":\"https:\\\/\\\/fjala.info\\\/2009-2015\\\/krimi-qeveria-dhe-qytetaret\\\/#article\",\"isPartOf\":{\"@id\":\"https:\\\/\\\/fjala.info\\\/2009-2015\\\/krimi-qeveria-dhe-qytetaret\\\/\"},\"author\":{\"name\":\"admin\",\"@id\":\"https:\\\/\\\/fjala.info\\\/2009-2015\\\/#\\\/schema\\\/person\\\/3aa1163ef05469c496fc94e77611ada2\"},\"headline\":\"Krimi, qeveria dhe qytetar\u00ebt\",\"datePublished\":\"2012-08-09T21:50:29+00:00\",\"mainEntityOfPage\":{\"@id\":\"https:\\\/\\\/fjala.info\\\/2009-2015\\\/krimi-qeveria-dhe-qytetaret\\\/\"},\"wordCount\":1036,\"commentCount\":0,\"publisher\":{\"@id\":\"https:\\\/\\\/fjala.info\\\/2009-2015\\\/#organization\"},\"image\":{\"@id\":\"https:\\\/\\\/fjala.info\\\/2009-2015\\\/krimi-qeveria-dhe-qytetaret\\\/#primaryimage\"},\"thumbnailUrl\":\"http:\\\/\\\/www.fjala.info\\\/2012\\\/pjerin_ndreu.jpg\",\"articleSection\":[\"Artikuj\"],\"inLanguage\":\"sq-AL\",\"potentialAction\":[{\"@type\":\"CommentAction\",\"name\":\"Comment\",\"target\":[\"https:\\\/\\\/fjala.info\\\/2009-2015\\\/krimi-qeveria-dhe-qytetaret\\\/#respond\"]}]},{\"@type\":\"WebPage\",\"@id\":\"https:\\\/\\\/fjala.info\\\/2009-2015\\\/krimi-qeveria-dhe-qytetaret\\\/\",\"url\":\"https:\\\/\\\/fjala.info\\\/2009-2015\\\/krimi-qeveria-dhe-qytetaret\\\/\",\"name\":\"Krimi, qeveria dhe qytetar\u00ebt - FjALA e LIR\u00cb - Arkivi\",\"isPartOf\":{\"@id\":\"https:\\\/\\\/fjala.info\\\/2009-2015\\\/#website\"},\"primaryImageOfPage\":{\"@id\":\"https:\\\/\\\/fjala.info\\\/2009-2015\\\/krimi-qeveria-dhe-qytetaret\\\/#primaryimage\"},\"image\":{\"@id\":\"https:\\\/\\\/fjala.info\\\/2009-2015\\\/krimi-qeveria-dhe-qytetaret\\\/#primaryimage\"},\"thumbnailUrl\":\"http:\\\/\\\/www.fjala.info\\\/2012\\\/pjerin_ndreu.jpg\",\"datePublished\":\"2012-08-09T21:50:29+00:00\",\"breadcrumb\":{\"@id\":\"https:\\\/\\\/fjala.info\\\/2009-2015\\\/krimi-qeveria-dhe-qytetaret\\\/#breadcrumb\"},\"inLanguage\":\"sq-AL\",\"potentialAction\":[{\"@type\":\"ReadAction\",\"target\":[\"https:\\\/\\\/fjala.info\\\/2009-2015\\\/krimi-qeveria-dhe-qytetaret\\\/\"]}]},{\"@type\":\"ImageObject\",\"inLanguage\":\"sq-AL\",\"@id\":\"https:\\\/\\\/fjala.info\\\/2009-2015\\\/krimi-qeveria-dhe-qytetaret\\\/#primaryimage\",\"url\":\"http:\\\/\\\/www.fjala.info\\\/2012\\\/pjerin_ndreu.jpg\",\"contentUrl\":\"http:\\\/\\\/www.fjala.info\\\/2012\\\/pjerin_ndreu.jpg\"},{\"@type\":\"BreadcrumbList\",\"@id\":\"https:\\\/\\\/fjala.info\\\/2009-2015\\\/krimi-qeveria-dhe-qytetaret\\\/#breadcrumb\",\"itemListElement\":[{\"@type\":\"ListItem\",\"position\":1,\"name\":\"Home\",\"item\":\"https:\\\/\\\/fjala.info\\\/2009-2015\\\/\"},{\"@type\":\"ListItem\",\"position\":2,\"name\":\"Krimi, qeveria dhe qytetar\u00ebt\"}]},{\"@type\":\"WebSite\",\"@id\":\"https:\\\/\\\/fjala.info\\\/2009-2015\\\/#website\",\"url\":\"https:\\\/\\\/fjala.info\\\/2009-2015\\\/\",\"name\":\"FjALA e LIR\u00cb - Arkivi\",\"description\":\"Arkivi 2009-2015\",\"publisher\":{\"@id\":\"https:\\\/\\\/fjala.info\\\/2009-2015\\\/#organization\"},\"potentialAction\":[{\"@type\":\"SearchAction\",\"target\":{\"@type\":\"EntryPoint\",\"urlTemplate\":\"https:\\\/\\\/fjala.info\\\/2009-2015\\\/?s={search_term_string}\"},\"query-input\":{\"@type\":\"PropertyValueSpecification\",\"valueRequired\":true,\"valueName\":\"search_term_string\"}}],\"inLanguage\":\"sq-AL\"},{\"@type\":\"Organization\",\"@id\":\"https:\\\/\\\/fjala.info\\\/2009-2015\\\/#organization\",\"name\":\"FjALA e LIR\u00cb - Arkivi\",\"url\":\"https:\\\/\\\/fjala.info\\\/2009-2015\\\/\",\"logo\":{\"@type\":\"ImageObject\",\"inLanguage\":\"sq-AL\",\"@id\":\"https:\\\/\\\/fjala.info\\\/2009-2015\\\/#\\\/schema\\\/logo\\\/image\\\/\",\"url\":\"\",\"contentUrl\":\"\",\"caption\":\"FjALA e LIR\u00cb - Arkivi\"},\"image\":{\"@id\":\"https:\\\/\\\/fjala.info\\\/2009-2015\\\/#\\\/schema\\\/logo\\\/image\\\/\"}},{\"@type\":\"Person\",\"@id\":\"https:\\\/\\\/fjala.info\\\/2009-2015\\\/#\\\/schema\\\/person\\\/3aa1163ef05469c496fc94e77611ada2\",\"name\":\"admin\",\"image\":{\"@type\":\"ImageObject\",\"inLanguage\":\"sq-AL\",\"@id\":\"https:\\\/\\\/fjala.info\\\/2009-2015\\\/wp-content\\\/uploads\\\/2012\\\/02\\\/arben_cokaj-120x150.jpg\",\"url\":\"https:\\\/\\\/fjala.info\\\/2009-2015\\\/wp-content\\\/uploads\\\/2012\\\/02\\\/arben_cokaj-120x150.jpg\",\"contentUrl\":\"https:\\\/\\\/fjala.info\\\/2009-2015\\\/wp-content\\\/uploads\\\/2012\\\/02\\\/arben_cokaj-120x150.jpg\",\"caption\":\"admin\"},\"description\":\"Admin, Fjala e Lir\u00eb\",\"sameAs\":[\"https:\\\/\\\/fjala.info\\\/\"],\"url\":\"https:\\\/\\\/fjala.info\\\/2009-2015\\\/author\\\/admin\\\/\"}]}<\/script>\n<!-- \/ Yoast SEO plugin. -->","yoast_head_json":{"title":"Krimi, qeveria dhe qytetar\u00ebt - FjALA e LIR\u00cb - Arkivi","robots":{"index":"index","follow":"follow","max-snippet":"max-snippet:-1","max-image-preview":"max-image-preview:large","max-video-preview":"max-video-preview:-1"},"canonical":"https:\/\/fjala.info\/2009-2015\/krimi-qeveria-dhe-qytetaret\/","og_locale":"sq_AL","og_type":"article","og_title":"Krimi, qeveria dhe qytetar\u00ebt - FjALA e LIR\u00cb - Arkivi","og_description":"Analiz\u00eb nga PJERIN NDREU P\u00ebr t\u00eb tretin vit rradhazi, krimi ka marr\u00eb frenat n\u00eb dor\u00eb dhe shfaqet kudo, vret, vjedh, dhunon k\u00ebdo q\u00eb i del para. Kurba e krimit ka marr\u00eb trajektore ngjit\u00ebse si asnj\u00ebher\u00eb tjet\u00ebr pas vitit t\u00eb mbrapsht\u00eb \u201897. Vrasjet, vet\u00ebvrasjet, aksidentet automobilistike jan\u00eb kthyer tema t\u00eb dit\u00ebs ku me dhjet\u00ebra njer\u00ebz humbin [&hellip;]","og_url":"https:\/\/fjala.info\/2009-2015\/krimi-qeveria-dhe-qytetaret\/","og_site_name":"FjALA e LIR\u00cb - Arkivi","article_published_time":"2012-08-09T21:50:29+00:00","og_image":[{"url":"http:\/\/www.fjala.info\/2012\/pjerin_ndreu.jpg","type":"","width":"","height":""}],"author":"admin","twitter_card":"summary_large_image","twitter_misc":{"Written by":"admin","Est. reading time":"5 minutes"},"schema":{"@context":"https:\/\/schema.org","@graph":[{"@type":"Article","@id":"https:\/\/fjala.info\/2009-2015\/krimi-qeveria-dhe-qytetaret\/#article","isPartOf":{"@id":"https:\/\/fjala.info\/2009-2015\/krimi-qeveria-dhe-qytetaret\/"},"author":{"name":"admin","@id":"https:\/\/fjala.info\/2009-2015\/#\/schema\/person\/3aa1163ef05469c496fc94e77611ada2"},"headline":"Krimi, qeveria dhe qytetar\u00ebt","datePublished":"2012-08-09T21:50:29+00:00","mainEntityOfPage":{"@id":"https:\/\/fjala.info\/2009-2015\/krimi-qeveria-dhe-qytetaret\/"},"wordCount":1036,"commentCount":0,"publisher":{"@id":"https:\/\/fjala.info\/2009-2015\/#organization"},"image":{"@id":"https:\/\/fjala.info\/2009-2015\/krimi-qeveria-dhe-qytetaret\/#primaryimage"},"thumbnailUrl":"http:\/\/www.fjala.info\/2012\/pjerin_ndreu.jpg","articleSection":["Artikuj"],"inLanguage":"sq-AL","potentialAction":[{"@type":"CommentAction","name":"Comment","target":["https:\/\/fjala.info\/2009-2015\/krimi-qeveria-dhe-qytetaret\/#respond"]}]},{"@type":"WebPage","@id":"https:\/\/fjala.info\/2009-2015\/krimi-qeveria-dhe-qytetaret\/","url":"https:\/\/fjala.info\/2009-2015\/krimi-qeveria-dhe-qytetaret\/","name":"Krimi, qeveria dhe qytetar\u00ebt - FjALA e LIR\u00cb - Arkivi","isPartOf":{"@id":"https:\/\/fjala.info\/2009-2015\/#website"},"primaryImageOfPage":{"@id":"https:\/\/fjala.info\/2009-2015\/krimi-qeveria-dhe-qytetaret\/#primaryimage"},"image":{"@id":"https:\/\/fjala.info\/2009-2015\/krimi-qeveria-dhe-qytetaret\/#primaryimage"},"thumbnailUrl":"http:\/\/www.fjala.info\/2012\/pjerin_ndreu.jpg","datePublished":"2012-08-09T21:50:29+00:00","breadcrumb":{"@id":"https:\/\/fjala.info\/2009-2015\/krimi-qeveria-dhe-qytetaret\/#breadcrumb"},"inLanguage":"sq-AL","potentialAction":[{"@type":"ReadAction","target":["https:\/\/fjala.info\/2009-2015\/krimi-qeveria-dhe-qytetaret\/"]}]},{"@type":"ImageObject","inLanguage":"sq-AL","@id":"https:\/\/fjala.info\/2009-2015\/krimi-qeveria-dhe-qytetaret\/#primaryimage","url":"http:\/\/www.fjala.info\/2012\/pjerin_ndreu.jpg","contentUrl":"http:\/\/www.fjala.info\/2012\/pjerin_ndreu.jpg"},{"@type":"BreadcrumbList","@id":"https:\/\/fjala.info\/2009-2015\/krimi-qeveria-dhe-qytetaret\/#breadcrumb","itemListElement":[{"@type":"ListItem","position":1,"name":"Home","item":"https:\/\/fjala.info\/2009-2015\/"},{"@type":"ListItem","position":2,"name":"Krimi, qeveria dhe qytetar\u00ebt"}]},{"@type":"WebSite","@id":"https:\/\/fjala.info\/2009-2015\/#website","url":"https:\/\/fjala.info\/2009-2015\/","name":"FjALA e LIR\u00cb - Arkivi","description":"Arkivi 2009-2015","publisher":{"@id":"https:\/\/fjala.info\/2009-2015\/#organization"},"potentialAction":[{"@type":"SearchAction","target":{"@type":"EntryPoint","urlTemplate":"https:\/\/fjala.info\/2009-2015\/?s={search_term_string}"},"query-input":{"@type":"PropertyValueSpecification","valueRequired":true,"valueName":"search_term_string"}}],"inLanguage":"sq-AL"},{"@type":"Organization","@id":"https:\/\/fjala.info\/2009-2015\/#organization","name":"FjALA e LIR\u00cb - Arkivi","url":"https:\/\/fjala.info\/2009-2015\/","logo":{"@type":"ImageObject","inLanguage":"sq-AL","@id":"https:\/\/fjala.info\/2009-2015\/#\/schema\/logo\/image\/","url":"","contentUrl":"","caption":"FjALA e LIR\u00cb - Arkivi"},"image":{"@id":"https:\/\/fjala.info\/2009-2015\/#\/schema\/logo\/image\/"}},{"@type":"Person","@id":"https:\/\/fjala.info\/2009-2015\/#\/schema\/person\/3aa1163ef05469c496fc94e77611ada2","name":"admin","image":{"@type":"ImageObject","inLanguage":"sq-AL","@id":"https:\/\/fjala.info\/2009-2015\/wp-content\/uploads\/2012\/02\/arben_cokaj-120x150.jpg","url":"https:\/\/fjala.info\/2009-2015\/wp-content\/uploads\/2012\/02\/arben_cokaj-120x150.jpg","contentUrl":"https:\/\/fjala.info\/2009-2015\/wp-content\/uploads\/2012\/02\/arben_cokaj-120x150.jpg","caption":"admin"},"description":"Admin, Fjala e Lir\u00eb","sameAs":["https:\/\/fjala.info\/"],"url":"https:\/\/fjala.info\/2009-2015\/author\/admin\/"}]}},"_links":{"self":[{"href":"https:\/\/fjala.info\/2009-2015\/wp-json\/wp\/v2\/posts\/4303","targetHints":{"allow":["GET"]}}],"collection":[{"href":"https:\/\/fjala.info\/2009-2015\/wp-json\/wp\/v2\/posts"}],"about":[{"href":"https:\/\/fjala.info\/2009-2015\/wp-json\/wp\/v2\/types\/post"}],"author":[{"embeddable":true,"href":"https:\/\/fjala.info\/2009-2015\/wp-json\/wp\/v2\/users\/1"}],"replies":[{"embeddable":true,"href":"https:\/\/fjala.info\/2009-2015\/wp-json\/wp\/v2\/comments?post=4303"}],"version-history":[{"count":0,"href":"https:\/\/fjala.info\/2009-2015\/wp-json\/wp\/v2\/posts\/4303\/revisions"}],"wp:attachment":[{"href":"https:\/\/fjala.info\/2009-2015\/wp-json\/wp\/v2\/media?parent=4303"}],"wp:term":[{"taxonomy":"category","embeddable":true,"href":"https:\/\/fjala.info\/2009-2015\/wp-json\/wp\/v2\/categories?post=4303"},{"taxonomy":"post_tag","embeddable":true,"href":"https:\/\/fjala.info\/2009-2015\/wp-json\/wp\/v2\/tags?post=4303"}],"curies":[{"name":"wp","href":"https:\/\/api.w.org\/{rel}","templated":true}]}}