{"id":4301,"date":"2012-08-09T22:45:37","date_gmt":"2012-08-09T21:45:37","guid":{"rendered":"http:\/\/www.fjala.info\/?p=4301"},"modified":"2012-08-09T22:45:37","modified_gmt":"2012-08-09T21:45:37","slug":"genjeni-por-me-finese","status":"publish","type":"post","link":"https:\/\/fjala.info\/2009-2015\/genjeni-por-me-finese\/","title":{"rendered":"G\u00ebnjeni, por me fines\u00eb!!"},"content":{"rendered":"<p><img decoding=\"async\" class=\"alignright size-thumbnail wp-image-7236\" title=\"Arben Manaj\" src=\"http:\/\/www.fjala.info\/2012\/arben_manaj.jpg\" alt=\"\" width=\"150\" \/> Nga <strong>Arben Manaj<\/strong>, <em>9 Gusht 2012<\/em><\/p>\n<p>Deklarimi i pasuris\u00eb s\u00eb mamuth\u00ebve t\u00eb politik\u00ebs shqiptare tashm\u00eb e ka humbur sensin e kuriozitetit dhe \u00ebsht\u00eb shnd\u00ebrruar n\u00eb versionin veror t\u00eb Portokallis\u00eb.<\/p>\n<p>Gallat\u00eb apo hajgare n\u00eb var\u00ebsi se n\u00eb cil\u00ebn an\u00eb t\u00eb kufirit shtet\u00ebror shqiptar, do t\u00eb ishte fjala e par\u00eb q\u00eb t\u00eb vjen n\u00eb m\u00ebnd, nd\u00ebrkoh\u00eb n\u00eb stomak t\u00eb shkakton g\u00ebrditje e nevoj\u00eb akute p\u00ebr t\u00eb nxjerr\u00eb zorr\u00ebt.<\/p>\n<p>Mir\u00eb q\u00eb vjedhin dhe pasurohen p\u00ebr dhjet\u00eb breza, por k\u00ebta edhe tallen t\u00ebr\u00eb ciniz\u00ebm!<\/p>\n<p>Them vjedhin, pasi \u00e7do njeri me logjik\u00eb normale dhe jo naiv\u00eb, e kupton se k\u00ebta t\u00eb gjith\u00eb nuk jan\u00eb aq t\u00eb vobekt\u00eb sa deklarohen zyrtarisht. P\u00ebrse e them k\u00ebt\u00eb?<\/p>\n<p>Deduksonin e nxjerr jo nga fakte konkrete normalisht, pasi nuk kam t\u00eb tilla dhe s\u2019ka sesi t\u2019i kem. Kjo \u00ebsht\u00eb pun\u00eb e t\u00eb tjer\u00ebve \u201cq\u00eb s\u2019jan\u00eb p\u00ebr at\u00eb pun\u00eb\u201d!<\/p>\n<p>Por, do e elaboroj mendimin nisur nga perceptimi dhe nga mekanizimi i praktik\u00ebs q\u00eb dihet tashm\u00eb nga t\u00eb gjith\u00eb n\u00eb Shqip\u00ebri, por jo vet\u00ebm.<\/p>\n<p>T\u00eb mendosh se Kryeministri i Shqip\u00ebris\u00eb ka vet\u00ebm 1 milion e ca lek\u00eb t\u00eb akumuluara \u00ebsht\u00eb paradoksale!!!<\/p>\n<p>Ka shume naiv\u00eb ose pseudo-naiv\u00eb n\u00eb Shqip\u00ebri q\u00eb predikojn\u00eb se Berisha \u00ebsht\u00eb njeriu m\u00eb i ndersh\u00ebm!!!<\/p>\n<p>Po n\u00ebse b\u00ebn miliona euro dhe fiton tendera Fahriu, apo eminenca t\u00eb tjera gri t\u00eb Kryeministrit apo edhe shoferi, ministrat dhe njer\u00ebz t\u00eb af\u00ebrt me t\u00eb, \u00ebsht\u00eb e paimagjinueshme q\u00eb ai t\u00eb mos p\u00ebrlyhet ose t\u00eb mos marr\u00eb p\u00ebrqindjen e tij.<\/p>\n<p>Edhe n\u00ebse p\u00ebr nj\u00eb moment pranojm\u00eb argumentin se ai vet\u00eb \u00ebsht\u00eb i past\u00ebr dhe lejon t\u00eb tjer\u00ebt pran\u00eb tij t\u00eb korruptohen nga lidhjet me pushtetin e tij, s\u00ebrish \u00ebsht\u00eb i nakatosur dhe m\u00ebkatar p\u00ebr lul\u00ebzimin ose neglizhimin e korrupsionit n\u00ebn hund\u00ebn e tij. Edhe Lenini do korruptohej n\u00eb k\u00ebt\u00eb sistem t\u00eb instaluar t\u00eb funksionimit t\u00eb shtetit.<\/p>\n<p>P\u00ebr analogji t\u00eb th\u00ebnies se Fatos Nanos se socialist\u00ebt nuk ishin budallenj t\u00eb mos p\u00ebrfitonin gjat\u00eb ndarjes s\u00eb pron\u00ebs dhe shanseve t\u00eb pushtetit, edhe demokratikasit nuk jan\u00eb m\u00eb pak \u201cbudallenj\u201d t\u00eb mos p\u00ebrfitojn\u00eb nga pushteti n\u00ebn parimin \u201cn\u00ebse nuk e shfryt\u00ebzon, \u00e7\u2019t\u00eb duhet pushteti!!!\u201d.<\/p>\n<p>P\u00ebr naiv\u00ebt, dhe vet\u00ebm p\u00ebr ata, do t\u00eb jap vet\u00ebm nj\u00eb element q\u00eb ndoshta v\u00ebrteton se shpenzimet e politikan\u00ebve jan\u00eb m\u00eb t\u00eb m\u00ebdha sesa dietat ose rrogat zyrtare t\u00eb Berish\u00ebs, Ram\u00ebs, Met\u00ebs and co.<\/p>\n<p>Shikoni vet\u00ebm kostumet firmato, kollaret, k\u00ebmishat, shamit\u00eb elegante n\u00ebp\u00ebr xhaketa apo aksesor\u00eb t\u00eb tjer\u00eb mode t\u00eb k\u00ebtyre t\u00eb vobekt\u00ebve.<\/p>\n<p>Minimalisht nj\u00eb kostum normal n\u00eb Per\u00ebndim ose k\u00ebtu n\u00eb Lond\u00ebr, kushton nga 300 euro deri n\u00eb disa mij\u00ebra. K\u00ebta zot\u00ebrinjt\u00eb i nd\u00ebrrojn\u00eb thuajse \u00e7do dit\u00eb kostumet me t\u00eb cilat dalin \u00e7do m\u00ebngjes e mbr\u00ebmje p\u00ebrpara shqiptar\u00ebve.<\/p>\n<p>Sikur ndonj\u00eb televizion do t\u00eb nxirrte nga arkivi i kronikave televizive t\u00eb \u00e7do dite, veshjet e ndryshme t\u00eb tyre gjat\u00eb 5-10 vjet\u00ebve t\u00eb fundit dhe n\u00eb gjysm\u00ebn e ekranit t\u00eb vihej shifra minimale e blerjes s\u00eb tyre dhe automatikisht t\u00eb b\u00ebhej mbledhja e shum\u00ebs, sa her\u00eb nd\u00ebrronte kostumin secili nga elefant\u00ebt e politik\u00ebs, do t\u00eb shikoni se shuma do t\u00eb jet\u00eb stratosferike dhe demaskuese.<\/p>\n<p>Kjo shum\u00eb do t\u00eb tejkalonte padyshim \u00e7do t\u00eb ardhur zyrtare t\u00eb tyre edhe do t\u00eb rezultonte se ata q\u00eb nga dita e ardhjes n\u00eb politik\u00eb do t\u00eb kishin agj\u00ebruar dhe jo nj\u00eb muaj, por gjat\u00eb t\u00ebr\u00eb mandateve t\u00eb tyre qeveritare, apo parlamentare.<\/p>\n<p>Pres q\u00eb dikush ta b\u00ebj\u00eb k\u00ebt\u00eb dhe personalisht nuk do te habitesha dhe isha kurioz p\u00ebr shifrat pasi i marr me m\u00ebnd. N\u00ebse thon\u00eb se jan\u00eb dhurata, edhe k\u00ebto duhen deklaruar p\u00ebr k\u00ebt\u00eb kategori personash publik.<\/p>\n<p>Un\u00eb jetoj prej 20 vjet\u00ebsh n\u00eb Per\u00ebndim dhe kam pasur nj\u00eb rrog\u00eb nga BBC-ja m\u00ebse komode, shum\u00eb mbi mesataren e anglez\u00ebve dhe t\u00eb ardhura nga aktivitete t\u00eb tjera biznesi t\u00eb deklaruara, dhe nuk kam aq shum\u00eb kostume sa k\u00ebta zot\u00ebrinj t\u00eb nj\u00eb prej vendeve m\u00eb t\u00eb varfra n\u00eb Evrop\u00eb dhe me rroga q\u00eb zyrtarisht nuk i afrohen edhe sot rrog\u00ebs time, ende m\u00eb e lart\u00eb sesa \u00e7do e till\u00eb n\u00eb shtetin e sot\u00ebm shqiptar.<\/p>\n<p>Nuk po flas p\u00ebr sht\u00ebpit\u00eb, p\u00ebr pushimet jasht\u00eb shtetit, makinat luksoze e xhipat, vilat etj, etj q\u00eb ata kan\u00eb. Kjo vlen edhe p\u00ebr z.Rama apo z.Meta, Basha e t\u00eb tjer\u00ebt.<\/p>\n<p>Jan\u00eb me disa qindra pallatet e nd\u00ebrtuara n\u00eb Tiran\u00eb dhe n\u00ebse marrim t\u00eb mir\u00ebqen\u00eb vet\u00ebm, jo p\u00ebrqindjet e p\u00ebrfolura, por \u201cqerasjet\u201d apo edhe \u201cpije nj\u00eb kafe nga un\u00eb\u201d p\u00ebr lejet e nd\u00ebrtimit, i bie q\u00eb minimalisht t\u00eb mos jet\u00eb i pastreh\u00eb z.Rama apo me vil\u00eb berluskoniane z.Meta, q\u00eb edhe k\u00ebmishat deri p\u00ebrpara se t\u00eb hynte n\u00eb qeveri i kishte me inicialet e tij \u201cI.M\u201d.<\/p>\n<p>N\u00ebse asgj\u00eb nga k\u00ebto q\u00eb them nuk q\u00ebndrojn\u00eb, le t\u00eb nxjerrin faturat e ter\u00eb garderob\u00ebs firmato, n\u00eb rastin m\u00eb t\u00eb pak\u00ebt p\u00ebr t\u00eb na bindur p\u00ebr t\u00eb kund\u00ebrt\u00ebn, pasi pamjet filmike jan\u00eb n\u00eb arkivat e thuajse \u00e7do televizioni n\u00eb Shqip\u00ebri.<\/p>\n<p>Fatkeq\u00ebsisht ka nj\u00eb institucion q\u00eb n\u00eb Shqip\u00ebri merret me verifikimin e pasuris\u00eb s\u00eb pushtetar\u00ebve, nj\u00eb institucion i pavler\u00eb q\u00eb p\u00ebr ironi t\u00eb ironis\u00eb, em\u00ebrohet nga ata q\u00eb jan\u00eb objekt i pun\u00ebs s\u00eb tyre.<\/p>\n<p>Edhe inefektivitetin ose kot\u00ebsin\u00eb e shkuarjes s\u00eb tyre \u00e7do m\u00ebngjes n\u00ebp\u00ebr zyra luksoze t\u00eb arreduara me shijen m\u00eb t\u00eb fundit, e q\u00eb do b\u00ebnin t\u00eb dukeshin t\u00eb varf\u00ebr \u00e7do zyr\u00eb t\u00eb zyrtar\u00ebve t\u00eb lart\u00eb britanik, e kuptoj.<\/p>\n<p>Por at\u00eb q\u00eb nuk e kuptoj dot n\u00eb t\u00ebr\u00eb k\u00ebt\u00eb mesele, \u00ebsht\u00eb guximi i pashembullt p\u00ebr tu tallur, q\u00eb politikan\u00ebt kan\u00eb me k\u00ebt\u00eb popull.<\/p>\n<p>Ose me sakt\u00eb, munges\u00ebn e tentativ\u00ebs p\u00ebr t\u00eb qen\u00eb paksa m\u00eb t\u00eb holl\u00eb ose m\u00eb fin kur deklarojn\u00eb pasurit\u00eb dhe t\u00eb ardhurat e tyre.<\/p>\n<p>Ky fakt dhe vet\u00ebm ky, epitomikisht d\u00ebshmon n\u00eb m\u00ebnyr\u00eb voluminoze, sa p\u00ebrbuzjen q\u00eb kan\u00eb p\u00ebr intelektin e shqiptareve, aq edhe garancin\u00eb se asnj\u00eb gjemb nuk u hyn n\u00eb k\u00ebmb\u00eb.<\/p>\n<p>N\u00eb subkoshienc\u00ebn e tyre kur plot\u00ebsojn\u00eb formular\u00ebt e deklarimit t\u00eb pasuris\u00eb, mbizot\u00ebron mendimi se lajmi dhe \u00e7udia e deklarimeve t\u00eb tyre fiktive do t\u00eb zgjas vet\u00ebm 3 dit\u00eb.<\/p>\n<p>\u201cPasuria \u00ebsht\u00eb hall, shkruante k\u00ebto dit\u00eb n\u00eb Facebook nj\u00eb miku im jo-hallexhi, por ai kishte vendosur t\u00eb shtonte hallet!!!\u201d<\/p>\n<p>Hallexhinj t\u00eb politik\u00ebs dhe pushtetit, VIDHNI se u ka ardhur dita, me nj\u00eb popull q\u00eb k\u00ebrcen kur e urdh\u00ebroni ju t\u00eb k\u00ebrcej\u00eb dhe ulet kur s\u00ebrish e urdh\u00ebroni ju!<\/p>\n<p>Por t\u00eb pakt\u00ebn deklarimin e pasurive b\u00ebjeni me pak m\u00eb shum\u00eb fines\u00eb dhe klas, n\u00eb debutimin e Olimpiad\u00ebs s\u00eb G\u00ebnjeshtr\u00ebs, please!!!!<\/p>\n","protected":false},"excerpt":{"rendered":"<p>Nga Arben Manaj, 9 Gusht 2012 Deklarimi i pasuris\u00eb s\u00eb mamuth\u00ebve t\u00eb politik\u00ebs shqiptare tashm\u00eb e ka humbur sensin e kuriozitetit dhe \u00ebsht\u00eb shnd\u00ebrruar n\u00eb versionin veror t\u00eb Portokallis\u00eb. Gallat\u00eb apo hajgare n\u00eb var\u00ebsi se n\u00eb cil\u00ebn an\u00eb t\u00eb kufirit shtet\u00ebror shqiptar, do t\u00eb ishte fjala e par\u00eb q\u00eb t\u00eb vjen n\u00eb m\u00ebnd, nd\u00ebrkoh\u00eb n\u00eb [&hellip;]<\/p>\n","protected":false},"author":1,"featured_media":0,"comment_status":"open","ping_status":"closed","sticky":false,"template":"","format":"standard","meta":{"footnotes":""},"categories":[2],"tags":[],"class_list":{"0":"post-4301","1":"post","2":"type-post","3":"status-publish","4":"format-standard","6":"category-artikuj"},"yoast_head":"<!-- This site is optimized with the Yoast SEO plugin v27.4 - https:\/\/yoast.com\/product\/yoast-seo-wordpress\/ -->\n<title>G\u00ebnjeni, por me fines\u00eb!! - FjALA e LIR\u00cb - Arkivi<\/title>\n<meta name=\"robots\" content=\"index, follow, max-snippet:-1, max-image-preview:large, max-video-preview:-1\" \/>\n<link rel=\"canonical\" href=\"https:\/\/fjala.info\/2009-2015\/genjeni-por-me-finese\/\" \/>\n<meta property=\"og:locale\" content=\"sq_AL\" \/>\n<meta property=\"og:type\" content=\"article\" \/>\n<meta property=\"og:title\" content=\"G\u00ebnjeni, por me fines\u00eb!! - FjALA e LIR\u00cb - Arkivi\" \/>\n<meta property=\"og:description\" content=\"Nga Arben Manaj, 9 Gusht 2012 Deklarimi i pasuris\u00eb s\u00eb mamuth\u00ebve t\u00eb politik\u00ebs shqiptare tashm\u00eb e ka humbur sensin e kuriozitetit dhe \u00ebsht\u00eb shnd\u00ebrruar n\u00eb versionin veror t\u00eb Portokallis\u00eb. Gallat\u00eb apo hajgare n\u00eb var\u00ebsi se n\u00eb cil\u00ebn an\u00eb t\u00eb kufirit shtet\u00ebror shqiptar, do t\u00eb ishte fjala e par\u00eb q\u00eb t\u00eb vjen n\u00eb m\u00ebnd, nd\u00ebrkoh\u00eb n\u00eb [&hellip;]\" \/>\n<meta property=\"og:url\" content=\"https:\/\/fjala.info\/2009-2015\/genjeni-por-me-finese\/\" \/>\n<meta property=\"og:site_name\" content=\"FjALA e LIR\u00cb - Arkivi\" \/>\n<meta property=\"article:published_time\" content=\"2012-08-09T21:45:37+00:00\" \/>\n<meta property=\"og:image\" content=\"http:\/\/www.fjala.info\/2012\/arben_manaj.jpg\" \/>\n<meta name=\"author\" content=\"admin\" \/>\n<meta name=\"twitter:card\" content=\"summary_large_image\" \/>\n<meta name=\"twitter:label1\" content=\"Written by\" \/>\n\t<meta name=\"twitter:data1\" content=\"admin\" \/>\n\t<meta name=\"twitter:label2\" content=\"Est. reading time\" \/>\n\t<meta name=\"twitter:data2\" content=\"6 minutes\" \/>\n<script type=\"application\/ld+json\" class=\"yoast-schema-graph\">{\"@context\":\"https:\\\/\\\/schema.org\",\"@graph\":[{\"@type\":\"Article\",\"@id\":\"https:\\\/\\\/fjala.info\\\/2009-2015\\\/genjeni-por-me-finese\\\/#article\",\"isPartOf\":{\"@id\":\"https:\\\/\\\/fjala.info\\\/2009-2015\\\/genjeni-por-me-finese\\\/\"},\"author\":{\"name\":\"admin\",\"@id\":\"https:\\\/\\\/fjala.info\\\/2009-2015\\\/#\\\/schema\\\/person\\\/3aa1163ef05469c496fc94e77611ada2\"},\"headline\":\"G\u00ebnjeni, por me fines\u00eb!!\",\"datePublished\":\"2012-08-09T21:45:37+00:00\",\"mainEntityOfPage\":{\"@id\":\"https:\\\/\\\/fjala.info\\\/2009-2015\\\/genjeni-por-me-finese\\\/\"},\"wordCount\":1201,\"commentCount\":0,\"publisher\":{\"@id\":\"https:\\\/\\\/fjala.info\\\/2009-2015\\\/#organization\"},\"image\":{\"@id\":\"https:\\\/\\\/fjala.info\\\/2009-2015\\\/genjeni-por-me-finese\\\/#primaryimage\"},\"thumbnailUrl\":\"http:\\\/\\\/www.fjala.info\\\/2012\\\/arben_manaj.jpg\",\"articleSection\":[\"Artikuj\"],\"inLanguage\":\"sq-AL\",\"potentialAction\":[{\"@type\":\"CommentAction\",\"name\":\"Comment\",\"target\":[\"https:\\\/\\\/fjala.info\\\/2009-2015\\\/genjeni-por-me-finese\\\/#respond\"]}]},{\"@type\":\"WebPage\",\"@id\":\"https:\\\/\\\/fjala.info\\\/2009-2015\\\/genjeni-por-me-finese\\\/\",\"url\":\"https:\\\/\\\/fjala.info\\\/2009-2015\\\/genjeni-por-me-finese\\\/\",\"name\":\"G\u00ebnjeni, por me fines\u00eb!! - FjALA e LIR\u00cb - Arkivi\",\"isPartOf\":{\"@id\":\"https:\\\/\\\/fjala.info\\\/2009-2015\\\/#website\"},\"primaryImageOfPage\":{\"@id\":\"https:\\\/\\\/fjala.info\\\/2009-2015\\\/genjeni-por-me-finese\\\/#primaryimage\"},\"image\":{\"@id\":\"https:\\\/\\\/fjala.info\\\/2009-2015\\\/genjeni-por-me-finese\\\/#primaryimage\"},\"thumbnailUrl\":\"http:\\\/\\\/www.fjala.info\\\/2012\\\/arben_manaj.jpg\",\"datePublished\":\"2012-08-09T21:45:37+00:00\",\"breadcrumb\":{\"@id\":\"https:\\\/\\\/fjala.info\\\/2009-2015\\\/genjeni-por-me-finese\\\/#breadcrumb\"},\"inLanguage\":\"sq-AL\",\"potentialAction\":[{\"@type\":\"ReadAction\",\"target\":[\"https:\\\/\\\/fjala.info\\\/2009-2015\\\/genjeni-por-me-finese\\\/\"]}]},{\"@type\":\"ImageObject\",\"inLanguage\":\"sq-AL\",\"@id\":\"https:\\\/\\\/fjala.info\\\/2009-2015\\\/genjeni-por-me-finese\\\/#primaryimage\",\"url\":\"http:\\\/\\\/www.fjala.info\\\/2012\\\/arben_manaj.jpg\",\"contentUrl\":\"http:\\\/\\\/www.fjala.info\\\/2012\\\/arben_manaj.jpg\"},{\"@type\":\"BreadcrumbList\",\"@id\":\"https:\\\/\\\/fjala.info\\\/2009-2015\\\/genjeni-por-me-finese\\\/#breadcrumb\",\"itemListElement\":[{\"@type\":\"ListItem\",\"position\":1,\"name\":\"Home\",\"item\":\"https:\\\/\\\/fjala.info\\\/2009-2015\\\/\"},{\"@type\":\"ListItem\",\"position\":2,\"name\":\"G\u00ebnjeni, por me fines\u00eb!!\"}]},{\"@type\":\"WebSite\",\"@id\":\"https:\\\/\\\/fjala.info\\\/2009-2015\\\/#website\",\"url\":\"https:\\\/\\\/fjala.info\\\/2009-2015\\\/\",\"name\":\"FjALA e LIR\u00cb - Arkivi\",\"description\":\"Arkivi 2009-2015\",\"publisher\":{\"@id\":\"https:\\\/\\\/fjala.info\\\/2009-2015\\\/#organization\"},\"potentialAction\":[{\"@type\":\"SearchAction\",\"target\":{\"@type\":\"EntryPoint\",\"urlTemplate\":\"https:\\\/\\\/fjala.info\\\/2009-2015\\\/?s={search_term_string}\"},\"query-input\":{\"@type\":\"PropertyValueSpecification\",\"valueRequired\":true,\"valueName\":\"search_term_string\"}}],\"inLanguage\":\"sq-AL\"},{\"@type\":\"Organization\",\"@id\":\"https:\\\/\\\/fjala.info\\\/2009-2015\\\/#organization\",\"name\":\"FjALA e LIR\u00cb - Arkivi\",\"url\":\"https:\\\/\\\/fjala.info\\\/2009-2015\\\/\",\"logo\":{\"@type\":\"ImageObject\",\"inLanguage\":\"sq-AL\",\"@id\":\"https:\\\/\\\/fjala.info\\\/2009-2015\\\/#\\\/schema\\\/logo\\\/image\\\/\",\"url\":\"\",\"contentUrl\":\"\",\"caption\":\"FjALA e LIR\u00cb - Arkivi\"},\"image\":{\"@id\":\"https:\\\/\\\/fjala.info\\\/2009-2015\\\/#\\\/schema\\\/logo\\\/image\\\/\"}},{\"@type\":\"Person\",\"@id\":\"https:\\\/\\\/fjala.info\\\/2009-2015\\\/#\\\/schema\\\/person\\\/3aa1163ef05469c496fc94e77611ada2\",\"name\":\"admin\",\"image\":{\"@type\":\"ImageObject\",\"inLanguage\":\"sq-AL\",\"@id\":\"https:\\\/\\\/fjala.info\\\/2009-2015\\\/wp-content\\\/uploads\\\/2012\\\/02\\\/arben_cokaj-120x150.jpg\",\"url\":\"https:\\\/\\\/fjala.info\\\/2009-2015\\\/wp-content\\\/uploads\\\/2012\\\/02\\\/arben_cokaj-120x150.jpg\",\"contentUrl\":\"https:\\\/\\\/fjala.info\\\/2009-2015\\\/wp-content\\\/uploads\\\/2012\\\/02\\\/arben_cokaj-120x150.jpg\",\"caption\":\"admin\"},\"description\":\"Admin, Fjala e Lir\u00eb\",\"sameAs\":[\"https:\\\/\\\/fjala.info\\\/\"],\"url\":\"https:\\\/\\\/fjala.info\\\/2009-2015\\\/author\\\/admin\\\/\"}]}<\/script>\n<!-- \/ Yoast SEO plugin. -->","yoast_head_json":{"title":"G\u00ebnjeni, por me fines\u00eb!! - FjALA e LIR\u00cb - Arkivi","robots":{"index":"index","follow":"follow","max-snippet":"max-snippet:-1","max-image-preview":"max-image-preview:large","max-video-preview":"max-video-preview:-1"},"canonical":"https:\/\/fjala.info\/2009-2015\/genjeni-por-me-finese\/","og_locale":"sq_AL","og_type":"article","og_title":"G\u00ebnjeni, por me fines\u00eb!! - FjALA e LIR\u00cb - Arkivi","og_description":"Nga Arben Manaj, 9 Gusht 2012 Deklarimi i pasuris\u00eb s\u00eb mamuth\u00ebve t\u00eb politik\u00ebs shqiptare tashm\u00eb e ka humbur sensin e kuriozitetit dhe \u00ebsht\u00eb shnd\u00ebrruar n\u00eb versionin veror t\u00eb Portokallis\u00eb. Gallat\u00eb apo hajgare n\u00eb var\u00ebsi se n\u00eb cil\u00ebn an\u00eb t\u00eb kufirit shtet\u00ebror shqiptar, do t\u00eb ishte fjala e par\u00eb q\u00eb t\u00eb vjen n\u00eb m\u00ebnd, nd\u00ebrkoh\u00eb n\u00eb [&hellip;]","og_url":"https:\/\/fjala.info\/2009-2015\/genjeni-por-me-finese\/","og_site_name":"FjALA e LIR\u00cb - Arkivi","article_published_time":"2012-08-09T21:45:37+00:00","og_image":[{"url":"http:\/\/www.fjala.info\/2012\/arben_manaj.jpg","type":"","width":"","height":""}],"author":"admin","twitter_card":"summary_large_image","twitter_misc":{"Written by":"admin","Est. reading time":"6 minutes"},"schema":{"@context":"https:\/\/schema.org","@graph":[{"@type":"Article","@id":"https:\/\/fjala.info\/2009-2015\/genjeni-por-me-finese\/#article","isPartOf":{"@id":"https:\/\/fjala.info\/2009-2015\/genjeni-por-me-finese\/"},"author":{"name":"admin","@id":"https:\/\/fjala.info\/2009-2015\/#\/schema\/person\/3aa1163ef05469c496fc94e77611ada2"},"headline":"G\u00ebnjeni, por me fines\u00eb!!","datePublished":"2012-08-09T21:45:37+00:00","mainEntityOfPage":{"@id":"https:\/\/fjala.info\/2009-2015\/genjeni-por-me-finese\/"},"wordCount":1201,"commentCount":0,"publisher":{"@id":"https:\/\/fjala.info\/2009-2015\/#organization"},"image":{"@id":"https:\/\/fjala.info\/2009-2015\/genjeni-por-me-finese\/#primaryimage"},"thumbnailUrl":"http:\/\/www.fjala.info\/2012\/arben_manaj.jpg","articleSection":["Artikuj"],"inLanguage":"sq-AL","potentialAction":[{"@type":"CommentAction","name":"Comment","target":["https:\/\/fjala.info\/2009-2015\/genjeni-por-me-finese\/#respond"]}]},{"@type":"WebPage","@id":"https:\/\/fjala.info\/2009-2015\/genjeni-por-me-finese\/","url":"https:\/\/fjala.info\/2009-2015\/genjeni-por-me-finese\/","name":"G\u00ebnjeni, por me fines\u00eb!! - FjALA e LIR\u00cb - Arkivi","isPartOf":{"@id":"https:\/\/fjala.info\/2009-2015\/#website"},"primaryImageOfPage":{"@id":"https:\/\/fjala.info\/2009-2015\/genjeni-por-me-finese\/#primaryimage"},"image":{"@id":"https:\/\/fjala.info\/2009-2015\/genjeni-por-me-finese\/#primaryimage"},"thumbnailUrl":"http:\/\/www.fjala.info\/2012\/arben_manaj.jpg","datePublished":"2012-08-09T21:45:37+00:00","breadcrumb":{"@id":"https:\/\/fjala.info\/2009-2015\/genjeni-por-me-finese\/#breadcrumb"},"inLanguage":"sq-AL","potentialAction":[{"@type":"ReadAction","target":["https:\/\/fjala.info\/2009-2015\/genjeni-por-me-finese\/"]}]},{"@type":"ImageObject","inLanguage":"sq-AL","@id":"https:\/\/fjala.info\/2009-2015\/genjeni-por-me-finese\/#primaryimage","url":"http:\/\/www.fjala.info\/2012\/arben_manaj.jpg","contentUrl":"http:\/\/www.fjala.info\/2012\/arben_manaj.jpg"},{"@type":"BreadcrumbList","@id":"https:\/\/fjala.info\/2009-2015\/genjeni-por-me-finese\/#breadcrumb","itemListElement":[{"@type":"ListItem","position":1,"name":"Home","item":"https:\/\/fjala.info\/2009-2015\/"},{"@type":"ListItem","position":2,"name":"G\u00ebnjeni, por me fines\u00eb!!"}]},{"@type":"WebSite","@id":"https:\/\/fjala.info\/2009-2015\/#website","url":"https:\/\/fjala.info\/2009-2015\/","name":"FjALA e LIR\u00cb - Arkivi","description":"Arkivi 2009-2015","publisher":{"@id":"https:\/\/fjala.info\/2009-2015\/#organization"},"potentialAction":[{"@type":"SearchAction","target":{"@type":"EntryPoint","urlTemplate":"https:\/\/fjala.info\/2009-2015\/?s={search_term_string}"},"query-input":{"@type":"PropertyValueSpecification","valueRequired":true,"valueName":"search_term_string"}}],"inLanguage":"sq-AL"},{"@type":"Organization","@id":"https:\/\/fjala.info\/2009-2015\/#organization","name":"FjALA e LIR\u00cb - Arkivi","url":"https:\/\/fjala.info\/2009-2015\/","logo":{"@type":"ImageObject","inLanguage":"sq-AL","@id":"https:\/\/fjala.info\/2009-2015\/#\/schema\/logo\/image\/","url":"","contentUrl":"","caption":"FjALA e LIR\u00cb - Arkivi"},"image":{"@id":"https:\/\/fjala.info\/2009-2015\/#\/schema\/logo\/image\/"}},{"@type":"Person","@id":"https:\/\/fjala.info\/2009-2015\/#\/schema\/person\/3aa1163ef05469c496fc94e77611ada2","name":"admin","image":{"@type":"ImageObject","inLanguage":"sq-AL","@id":"https:\/\/fjala.info\/2009-2015\/wp-content\/uploads\/2012\/02\/arben_cokaj-120x150.jpg","url":"https:\/\/fjala.info\/2009-2015\/wp-content\/uploads\/2012\/02\/arben_cokaj-120x150.jpg","contentUrl":"https:\/\/fjala.info\/2009-2015\/wp-content\/uploads\/2012\/02\/arben_cokaj-120x150.jpg","caption":"admin"},"description":"Admin, Fjala e Lir\u00eb","sameAs":["https:\/\/fjala.info\/"],"url":"https:\/\/fjala.info\/2009-2015\/author\/admin\/"}]}},"_links":{"self":[{"href":"https:\/\/fjala.info\/2009-2015\/wp-json\/wp\/v2\/posts\/4301","targetHints":{"allow":["GET"]}}],"collection":[{"href":"https:\/\/fjala.info\/2009-2015\/wp-json\/wp\/v2\/posts"}],"about":[{"href":"https:\/\/fjala.info\/2009-2015\/wp-json\/wp\/v2\/types\/post"}],"author":[{"embeddable":true,"href":"https:\/\/fjala.info\/2009-2015\/wp-json\/wp\/v2\/users\/1"}],"replies":[{"embeddable":true,"href":"https:\/\/fjala.info\/2009-2015\/wp-json\/wp\/v2\/comments?post=4301"}],"version-history":[{"count":0,"href":"https:\/\/fjala.info\/2009-2015\/wp-json\/wp\/v2\/posts\/4301\/revisions"}],"wp:attachment":[{"href":"https:\/\/fjala.info\/2009-2015\/wp-json\/wp\/v2\/media?parent=4301"}],"wp:term":[{"taxonomy":"category","embeddable":true,"href":"https:\/\/fjala.info\/2009-2015\/wp-json\/wp\/v2\/categories?post=4301"},{"taxonomy":"post_tag","embeddable":true,"href":"https:\/\/fjala.info\/2009-2015\/wp-json\/wp\/v2\/tags?post=4301"}],"curies":[{"name":"wp","href":"https:\/\/api.w.org\/{rel}","templated":true}]}}