{"id":4297,"date":"2010-10-12T21:05:33","date_gmt":"2010-10-12T20:05:33","guid":{"rendered":"http:\/\/fjala.shkoder.net\/?p=4297"},"modified":"2010-10-12T21:05:33","modified_gmt":"2010-10-12T20:05:33","slug":"imunitetet-kurthi-i-ri-per-opoziten","status":"publish","type":"post","link":"https:\/\/fjala.info\/2009-2015\/imunitetet-kurthi-i-ri-per-opoziten\/","title":{"rendered":"IMUNITETET, KURTHI I RI P\u00cbR OPOZIT\u00cbN"},"content":{"rendered":"<p><img loading=\"lazy\" decoding=\"async\" class=\"alignleft size-full wp-image-4298\" title=\"Andrea Stefani\" src=\"http:\/\/fjala.shkoder.net\/wp-content\/uploads\/2010\/10\/andrea_stefani3.jpg\" alt=\"\" width=\"108\" height=\"118\" \/><\/p>\n<p><strong>Andrea Stefani<\/strong><\/p>\n<p>P\u00ebr t\u00eb kuruar imazhin e d\u00ebmtuar r\u00ebnd\u00eb nga denoncimi i korrupsionit deri edhe lidhjeve mafioze ministrash n\u00eb kabinetin e tij, Berisha ka hedhur p\u00ebrs\u00ebri n\u00eb qarkullim iden\u00eb e heqjes s\u00eb imunitetit t\u00eb deputet\u00ebve. Nj\u00eb ide q\u00eb fatkeq\u00ebsisht e mb\u00ebshteti k\u00ebto dit\u00eb edhe Presidenti i Republik\u00ebs. N\u00eb fakt, q\u00ebllimi i Kryeministrit nuk \u00ebsht\u00eb q\u00eb me heqjen e imuniteteve t\u00eb luftoj\u00eb korrupsionin, por q\u00eb t\u2019i shtoj\u00eb edhe nj\u00eb tjet\u00ebr mjet arsenalit t\u00eb tij t\u00eb shantazhimit t\u00eb opozit\u00ebs. Kjo b\u00ebhet edhe m\u00eb e mundur n\u00eb kushtet kur n\u00eb Shqip\u00ebri nuk ekziston nj\u00eb drejt\u00ebsi qartazi e pavarur nga pushteti dhe kur pavar\u00ebsia e institucionit t\u00eb prokuroris\u00eb \u00ebsht\u00eb reduktuar edhe m\u00eb shum\u00eb pas amendimeve kushtetuese t\u00eb prillit 2008. Jan\u00eb k\u00ebto dyshime t\u00eb ngritura me koh\u00eb edhe nga Komisioni i Venecias n\u00eb nj\u00eb opinion t\u00eb dh\u00ebn\u00eb p\u00ebr k\u00ebt\u00eb \u00e7\u00ebshtje m\u00eb shum\u00eb se 4 vjet m\u00eb par\u00eb.<\/p>\n<p style=\"text-align: center;\">* * *<\/p>\n<p>Heqja e imuniteteve t\u00eb deputet\u00ebve \u00ebsht\u00eb nj\u00eb ambicie e hershme e Berish\u00ebs, e ngjashme me at\u00eb t\u00eb ujkut t\u00eb fabul\u00ebs q\u00eb i k\u00ebshillon demit t\u00eb heq\u00eb brir\u00ebt, se ashtu \u201cduket m\u00eb bukur\u201d. Prandaj q\u00eb n\u00eb vitin 2005, qeveria i b\u00ebri nj\u00eb k\u00ebrkes\u00eb Komisionit t\u00eb Venecias p\u00ebr nj\u00eb opinion mbi projektligjin \u201cP\u00ebr kufizimin e imunitetit t\u00eb deputet\u00ebve\u201d, p\u00ebr rastet e krimeve korruptive dhe abuzimit me detyr\u00ebn. Opinioni mb\u00ebrriti nga Venecia n\u00eb mars 2006 dhe nuk qe aq optimist p\u00ebr iniciativ\u00ebn e Berish\u00ebs q\u00eb ende ruante imazhin e \u201cprincit blu q\u00eb do vriste ku\u00e7edr\u00ebn e korrupsionit\u201d.<\/p>\n<p>Sipas Komisionit t\u00eb Venecias, imuniteti parlamentar \u00ebsht\u00eb dizenjuar, para s\u00eb gjithash, q\u00eb t\u00eb mos e lejoj\u00eb pushtetin ekzekutiv (qeverin\u00eb) dhe shumic\u00ebn parlamentare q\u00eb ta pengojn\u00eb Parlamentin n\u00eb funksionet e tij normale dhe ve\u00e7an\u00ebrisht duke dob\u00ebsuar opozit\u00ebn me hetime selektive. A mund t\u00eb besohet se autoritaristi Berisha nuk mund t\u00eb mos ushqej\u00eb ambicie t\u00eb tilla kur qysh n\u00eb fillim t\u00eb karrier\u00ebs s\u00eb tij si pushtetar, nj\u00eb nga manipulimet e para q\u00eb realizoi me an\u00eb prokuror\u00ebsh dhe gjykat\u00ebsish t\u00eb kapur ishte burgosja e liderit t\u00eb opozit\u00ebs Fatos Nano?<\/p>\n<p>Imuniteti parlamentar \u00ebsht\u00eb nj\u00eb element i r\u00ebnd\u00ebsish\u00ebm i organizmit t\u00eb institucioneve t\u00eb mbik\u00ebqyrura nga Kushtetuta dhe ka t\u00eb b\u00ebj\u00eb edhe me pozicionin e Parlamentit n\u00eb korniz\u00ebn kushtetuese dhe me marr\u00ebdh\u00ebniet e tij me pushtetet e tjera t\u00eb shtetit. Prandaj Komisioni i Venecias ka hedhur dyshime n\u00ebse v\u00ebrtet ekziston nj\u00eb nevoj\u00eb urgjente n\u00eb Shqip\u00ebri p\u00ebr kufizimin e imunitetit t\u00eb deputet\u00ebve. \u201cDuhet n\u00ebnvizuar se deri n\u00eb dit\u00ebn e sotme\u2013 theksohet n\u00eb opinionin e Komisionit t\u00eb Venecias -ka pasur vet\u00ebm nj\u00eb rast n\u00eb t\u00eb cilin \u00ebsht\u00eb diskutuar heqja e imunitetit t\u00eb deputet\u00ebve n\u00eb baz\u00eb t\u00eb Kushtetut\u00ebs ekzistuese. \u00c7\u00ebshtja nuk kishte t\u00eb b\u00ebnte me korrupsionin dhe nuk \u00e7oi n\u00eb heqjen e imunitetit.<\/p>\n<p>Ky sfond historik hedh hije dyshimi n\u00ebse v\u00ebrtet ekziston nj\u00eb nevoj\u00eb urgjente p\u00ebr k\u00ebt\u00eb reform\u00eb, sikund\u00ebr pretendohet n\u00eb shpjegimet e d\u00ebrguara nga qeveria shqiptare\u201d, shpjegonin ekspert\u00ebt e Venecias. Sot, pas m\u00eb shum\u00eb se 4 vjet\u00ebsh, situata \u00ebsht\u00eb po ajo. Vet\u00eb shumica dhe Berisha q\u00eb st\u00ebrbetohen se nuk do fshihen pas imunitetit, n\u00eb prapasken\u00eb kan\u00eb b\u00ebr\u00eb dhe b\u00ebjn\u00eb lloj-lloj makinacionesh q\u00eb ministra t\u00eb akuzuar p\u00ebr korrupsion, si Fatmir Mediu apo Lulzim Basha, t\u2019i shmangen p\u00ebrballjes me ligjin. N\u00ebse v\u00ebrtet do kish vullnet p\u00ebr t\u00eb luftuar korrupsionin, Berisha duhej ta demonstronte k\u00ebt\u00eb me t\u00eb vet\u00ebt. Dhe ekzistojn\u00eb t\u00eb gjitha kushtet ligjore p\u00ebr nj\u00eb gj\u00eb t\u00eb till\u00eb. Imuniteti n\u00eb fakt nuk p\u00ebrb\u00ebn penges\u00eb n\u00ebse shumica ka vullnet ta luftoj\u00eb korrupsionin n\u00eb radh\u00eb t\u00eb par\u00eb aty ku ai \u00ebsht\u00eb m\u00eb prezent, n\u00eb radh\u00ebt e pushtetit dhe qeveris\u00eb.<\/p>\n<p>Edhe Komisioni i Venecias ka sqaruar se Parlamenti ka t\u00eb drejt\u00eb t\u2019ia heq\u00eb imunitetin \u00e7do deputeti t\u00eb tij, sepse imuniteti nuk \u00ebsht\u00eb nj\u00eb privilegj privat i deputetit, por nj\u00eb rregull p\u00ebr t\u00eb mbrojtur vet\u00eb Parlamentin dhe funksionimin e tij normal. Prandaj edhe Kushtetuta e Republik\u00ebs i njeh Kuvendit t\u00eb drejt\u00ebn t\u00eb heq\u00eb imunitetin p\u00ebr secilin nga an\u00ebtar\u00ebt e tij. \u00c7do t\u00eb thot\u00eb kjo? Kjo do t\u00eb thot\u00eb se Kushtetuta shqiptare i ka t\u00eb gjitha standardet europiane lidhur me heqjen e imunitetit t\u00eb deputet\u00ebve. Kjo do t\u00eb thot\u00eb se heqja e imunitetit n\u00eb t\u00ebr\u00ebsi jo vet\u00ebm nuk favorizon luft\u00ebn kund\u00ebr korrupsionit, por v\u00eb n\u00eb rrezik funksionimin normal t\u00eb Parlamentit, duke rrezikuar opozit\u00ebn p\u00ebrball\u00eb nj\u00eb pushteti autoritarist dhe t\u00eb korruptuar.<\/p>\n<p style=\"text-align: center;\">* * *<\/p>\n<p>A duhet t\u00eb hiqet imuniteti i deputetit rast pas rasti, apo n\u00eb avanc\u00eb p\u00ebr t\u00eb gjith\u00eb deputet\u00ebt? Ky \u00ebsht\u00eb problemi q\u00eb ngrihet dhe Komisioni i Venecias shqyrton rreziqet e nj\u00eb persekutimi t\u00eb mundsh\u00ebm politik t\u00eb opozit\u00ebs.<\/p>\n<p>Dhe thekson se v\u00ebrtet ka nj\u00eb praktik\u00eb t\u00eb Bundestagut (Parlamentit) gjerman p\u00ebr heqjen e pjesshme t\u00eb imunitetit p\u00ebr t\u00eb gjith\u00eb periudh\u00ebn e mandatuar parlamentare, por shton se edhe Gjykata Kushtetuese n\u00eb Gjermani nuk ka mundur akoma t\u00eb vendos\u00eb n\u00ebse kjo praktik\u00eb \u00ebsht\u00eb me t\u00eb v\u00ebrtet\u00eb kushtetuese. N\u00eb literatur\u00ebn gjyq\u00ebsore jan\u00eb shfaqur shum\u00eb dyshime p\u00ebr k\u00ebt\u00eb problem. \u201cDyshimet bazohen pjes\u00ebrisht n\u00eb shqet\u00ebsimin se heqja e p\u00ebrgjithshme e imunitetit mund t\u00eb ndikoj\u00eb n\u00eb pun\u00ebn e Parlamentit, sepse mund t\u00eb lejoj\u00eb hetime selektive, arbitrare ose edhe politikisht t\u00eb motivuara\u201d, thuhet n\u00eb opinionin e Venecias. Ndaj dhe sugjeron q\u00eb \u00e7\u00ebshtja t\u00eb shqyrtohet me seriozitet dhe n\u00eb kontekstin shqiptar, sepse n\u00eb Gjermani, krejt ndryshe nga Shqip\u00ebria, ekzistojn\u00eb nd\u00ebrkaq masa mbrojt\u00ebse dhe mbi t\u00eb gjitha nj\u00eb drejt\u00ebsi shum\u00eb m\u00eb e pavarur q\u00eb mbrojn\u00eb deputet\u00ebt nga hetime selektive me motive arbitrare.<\/p>\n<p>\u201cNj\u00eb tjet\u00ebr set rregullash q\u00eb mbrojn\u00eb kund\u00ebr hetimeve arbitrare dhe politikisht t\u00eb motivuara jan\u00eb ato q\u00eb mbrojn\u00eb pavar\u00ebsin\u00eb e prokuroris\u00eb nga ndikimet politike dhe marrjes s\u00eb instruksioneve nga nivele t\u00eb ndryshme politike\u201d, thuhet n\u00eb opinionin e komisionit. Kjo \u00ebsht\u00eb tamam situata q\u00eb shqet\u00ebson n\u00eb Shqip\u00ebri. Nga instruksionet e Topallit p\u00ebr Kryeprokuroren Ina Rama n\u00eb rastin e hetimit t\u00eb G\u00ebrdecit e deri te presionet e koh\u00ebpaskohshme t\u00eb Kryeministrit mbi Prokurorin\u00eb, si dhe projektet e tij p\u00ebr heqjen e imunitetit t\u00eb prokuror\u00ebve dhe gjykat\u00ebsve. Komisioni i Venecias sqaron se \u201cn\u00eb Gjermani prokuror\u00ebt jan\u00eb normalisht organe t\u00eb shteteve Lande, q\u00eb do t\u00eb thot\u00eb se ata nuk varen nga shumica qeveris\u00ebse n\u00eb nivel federal\u201d. Nj\u00eb distanc\u00eb e till\u00eb nuk ekziston n\u00eb Shqip\u00ebri dhe mund\u00ebsit\u00eb e shumic\u00ebs qeveris\u00ebse p\u00ebr t\u00eb ndikuar mbi prokurorin\u00eb jan\u00eb shtuar shum\u00eb tani q\u00eb, pas ndryshimeve kushtetuese, Kryeprokurori nuk ka m\u00eb nj\u00eb mandat t\u00eb pakufizuar, por vet\u00ebm 5-vje\u00e7ar.<\/p>\n<p>K\u00ebshtu, n\u00eb kontekstin e Shqip\u00ebris\u00eb, ku mungojn\u00eb ende garancit\u00eb dhe balancat, dhe nj\u00eb tendenc\u00eb e fuqishme autoritariste ekziston n\u00eb kok\u00ebn e politik\u00ebs, heqja e imunitetit p\u00ebr t\u00eb gjith\u00eb deputet\u00ebt nuk mund t\u00eb mos \u00e7oj\u00eb n\u00eb hetime selektive dhe politikisht t\u00eb motivuara. Duhet t\u00eb jesh i verb\u00ebr t\u00eb mos shoh\u00ebsh se ky \u00ebsht\u00eb edhe q\u00ebllimi i k\u00ebsaj \u201creforme\u201d t\u00eb iniciuar nga Kryeministri Berisha q\u00eb n\u00eb momentet e para t\u00eb riardhjes s\u00eb tij n\u00eb pushtet. Nj\u00eb kurth i ri politik po projektohet p\u00ebrs\u00ebri n\u00eb horizont p\u00ebr opozit\u00ebn. Nuk \u00ebsht\u00eb nj\u00eb rast\u00ebsi q\u00eb edhe Komisioni i Venecias ka konstatuar se drafti i qeveris\u00eb nuk parashikon plot\u00ebsimin e ndonj\u00eb prej kushteve q\u00eb do ta b\u00ebnin t\u00eb pamundur hetimin selektiv dhe t\u00eb motivuar politikisht t\u00eb deputet\u00ebve.<\/p>\n","protected":false},"excerpt":{"rendered":"<p>Andrea Stefani P\u00ebr t\u00eb kuruar imazhin e d\u00ebmtuar r\u00ebnd\u00eb nga denoncimi i korrupsionit deri edhe lidhjeve mafioze ministrash n\u00eb kabinetin e tij, Berisha ka hedhur p\u00ebrs\u00ebri n\u00eb qarkullim iden\u00eb e heqjes s\u00eb imunitetit t\u00eb deputet\u00ebve. Nj\u00eb ide q\u00eb fatkeq\u00ebsisht e mb\u00ebshteti k\u00ebto dit\u00eb edhe Presidenti i Republik\u00ebs. N\u00eb fakt, q\u00ebllimi i Kryeministrit nuk \u00ebsht\u00eb q\u00eb [&hellip;]<\/p>\n","protected":false},"author":1,"featured_media":0,"comment_status":"open","ping_status":"closed","sticky":false,"template":"","format":"standard","meta":{"footnotes":""},"categories":[2],"tags":[],"class_list":{"0":"post-4297","1":"post","2":"type-post","3":"status-publish","4":"format-standard","6":"category-artikuj"},"yoast_head":"<!-- This site is optimized with the Yoast SEO plugin v27.4 - https:\/\/yoast.com\/product\/yoast-seo-wordpress\/ -->\n<title>IMUNITETET, KURTHI I RI P\u00cbR OPOZIT\u00cbN - FjALA e LIR\u00cb - Arkivi<\/title>\n<meta name=\"robots\" content=\"index, follow, max-snippet:-1, max-image-preview:large, max-video-preview:-1\" \/>\n<link rel=\"canonical\" href=\"https:\/\/fjala.info\/2009-2015\/imunitetet-kurthi-i-ri-per-opoziten\/\" \/>\n<meta property=\"og:locale\" content=\"sq_AL\" \/>\n<meta property=\"og:type\" content=\"article\" \/>\n<meta property=\"og:title\" content=\"IMUNITETET, KURTHI I RI P\u00cbR OPOZIT\u00cbN - FjALA e LIR\u00cb - Arkivi\" \/>\n<meta property=\"og:description\" content=\"Andrea Stefani P\u00ebr t\u00eb kuruar imazhin e d\u00ebmtuar r\u00ebnd\u00eb nga denoncimi i korrupsionit deri edhe lidhjeve mafioze ministrash n\u00eb kabinetin e tij, Berisha ka hedhur p\u00ebrs\u00ebri n\u00eb qarkullim iden\u00eb e heqjes s\u00eb imunitetit t\u00eb deputet\u00ebve. Nj\u00eb ide q\u00eb fatkeq\u00ebsisht e mb\u00ebshteti k\u00ebto dit\u00eb edhe Presidenti i Republik\u00ebs. N\u00eb fakt, q\u00ebllimi i Kryeministrit nuk \u00ebsht\u00eb q\u00eb [&hellip;]\" \/>\n<meta property=\"og:url\" content=\"https:\/\/fjala.info\/2009-2015\/imunitetet-kurthi-i-ri-per-opoziten\/\" \/>\n<meta property=\"og:site_name\" content=\"FjALA e LIR\u00cb - Arkivi\" \/>\n<meta property=\"article:published_time\" content=\"2010-10-12T20:05:33+00:00\" \/>\n<meta property=\"og:image\" content=\"http:\/\/fjala.shkoder.net\/wp-content\/uploads\/2010\/10\/andrea_stefani3.jpg\" \/>\n<meta name=\"author\" content=\"admin\" \/>\n<meta name=\"twitter:card\" content=\"summary_large_image\" \/>\n<meta name=\"twitter:label1\" content=\"Written by\" \/>\n\t<meta name=\"twitter:data1\" content=\"admin\" \/>\n\t<meta name=\"twitter:label2\" content=\"Est. reading time\" \/>\n\t<meta name=\"twitter:data2\" content=\"6 minutes\" \/>\n<script type=\"application\/ld+json\" class=\"yoast-schema-graph\">{\"@context\":\"https:\\\/\\\/schema.org\",\"@graph\":[{\"@type\":\"Article\",\"@id\":\"https:\\\/\\\/fjala.info\\\/2009-2015\\\/imunitetet-kurthi-i-ri-per-opoziten\\\/#article\",\"isPartOf\":{\"@id\":\"https:\\\/\\\/fjala.info\\\/2009-2015\\\/imunitetet-kurthi-i-ri-per-opoziten\\\/\"},\"author\":{\"name\":\"admin\",\"@id\":\"https:\\\/\\\/fjala.info\\\/2009-2015\\\/#\\\/schema\\\/person\\\/3aa1163ef05469c496fc94e77611ada2\"},\"headline\":\"IMUNITETET, KURTHI I RI P\u00cbR OPOZIT\u00cbN\",\"datePublished\":\"2010-10-12T20:05:33+00:00\",\"mainEntityOfPage\":{\"@id\":\"https:\\\/\\\/fjala.info\\\/2009-2015\\\/imunitetet-kurthi-i-ri-per-opoziten\\\/\"},\"wordCount\":1290,\"commentCount\":0,\"publisher\":{\"@id\":\"https:\\\/\\\/fjala.info\\\/2009-2015\\\/#organization\"},\"image\":{\"@id\":\"https:\\\/\\\/fjala.info\\\/2009-2015\\\/imunitetet-kurthi-i-ri-per-opoziten\\\/#primaryimage\"},\"thumbnailUrl\":\"http:\\\/\\\/fjala.shkoder.net\\\/wp-content\\\/uploads\\\/2010\\\/10\\\/andrea_stefani3.jpg\",\"articleSection\":[\"Artikuj\"],\"inLanguage\":\"sq-AL\",\"potentialAction\":[{\"@type\":\"CommentAction\",\"name\":\"Comment\",\"target\":[\"https:\\\/\\\/fjala.info\\\/2009-2015\\\/imunitetet-kurthi-i-ri-per-opoziten\\\/#respond\"]}]},{\"@type\":\"WebPage\",\"@id\":\"https:\\\/\\\/fjala.info\\\/2009-2015\\\/imunitetet-kurthi-i-ri-per-opoziten\\\/\",\"url\":\"https:\\\/\\\/fjala.info\\\/2009-2015\\\/imunitetet-kurthi-i-ri-per-opoziten\\\/\",\"name\":\"IMUNITETET, KURTHI I RI P\u00cbR OPOZIT\u00cbN - FjALA e LIR\u00cb - Arkivi\",\"isPartOf\":{\"@id\":\"https:\\\/\\\/fjala.info\\\/2009-2015\\\/#website\"},\"primaryImageOfPage\":{\"@id\":\"https:\\\/\\\/fjala.info\\\/2009-2015\\\/imunitetet-kurthi-i-ri-per-opoziten\\\/#primaryimage\"},\"image\":{\"@id\":\"https:\\\/\\\/fjala.info\\\/2009-2015\\\/imunitetet-kurthi-i-ri-per-opoziten\\\/#primaryimage\"},\"thumbnailUrl\":\"http:\\\/\\\/fjala.shkoder.net\\\/wp-content\\\/uploads\\\/2010\\\/10\\\/andrea_stefani3.jpg\",\"datePublished\":\"2010-10-12T20:05:33+00:00\",\"breadcrumb\":{\"@id\":\"https:\\\/\\\/fjala.info\\\/2009-2015\\\/imunitetet-kurthi-i-ri-per-opoziten\\\/#breadcrumb\"},\"inLanguage\":\"sq-AL\",\"potentialAction\":[{\"@type\":\"ReadAction\",\"target\":[\"https:\\\/\\\/fjala.info\\\/2009-2015\\\/imunitetet-kurthi-i-ri-per-opoziten\\\/\"]}]},{\"@type\":\"ImageObject\",\"inLanguage\":\"sq-AL\",\"@id\":\"https:\\\/\\\/fjala.info\\\/2009-2015\\\/imunitetet-kurthi-i-ri-per-opoziten\\\/#primaryimage\",\"url\":\"http:\\\/\\\/fjala.shkoder.net\\\/wp-content\\\/uploads\\\/2010\\\/10\\\/andrea_stefani3.jpg\",\"contentUrl\":\"http:\\\/\\\/fjala.shkoder.net\\\/wp-content\\\/uploads\\\/2010\\\/10\\\/andrea_stefani3.jpg\"},{\"@type\":\"BreadcrumbList\",\"@id\":\"https:\\\/\\\/fjala.info\\\/2009-2015\\\/imunitetet-kurthi-i-ri-per-opoziten\\\/#breadcrumb\",\"itemListElement\":[{\"@type\":\"ListItem\",\"position\":1,\"name\":\"Home\",\"item\":\"https:\\\/\\\/fjala.info\\\/2009-2015\\\/\"},{\"@type\":\"ListItem\",\"position\":2,\"name\":\"IMUNITETET, KURTHI I RI P\u00cbR OPOZIT\u00cbN\"}]},{\"@type\":\"WebSite\",\"@id\":\"https:\\\/\\\/fjala.info\\\/2009-2015\\\/#website\",\"url\":\"https:\\\/\\\/fjala.info\\\/2009-2015\\\/\",\"name\":\"FjALA e LIR\u00cb - Arkivi\",\"description\":\"Arkivi 2009-2015\",\"publisher\":{\"@id\":\"https:\\\/\\\/fjala.info\\\/2009-2015\\\/#organization\"},\"potentialAction\":[{\"@type\":\"SearchAction\",\"target\":{\"@type\":\"EntryPoint\",\"urlTemplate\":\"https:\\\/\\\/fjala.info\\\/2009-2015\\\/?s={search_term_string}\"},\"query-input\":{\"@type\":\"PropertyValueSpecification\",\"valueRequired\":true,\"valueName\":\"search_term_string\"}}],\"inLanguage\":\"sq-AL\"},{\"@type\":\"Organization\",\"@id\":\"https:\\\/\\\/fjala.info\\\/2009-2015\\\/#organization\",\"name\":\"FjALA e LIR\u00cb - Arkivi\",\"url\":\"https:\\\/\\\/fjala.info\\\/2009-2015\\\/\",\"logo\":{\"@type\":\"ImageObject\",\"inLanguage\":\"sq-AL\",\"@id\":\"https:\\\/\\\/fjala.info\\\/2009-2015\\\/#\\\/schema\\\/logo\\\/image\\\/\",\"url\":\"\",\"contentUrl\":\"\",\"caption\":\"FjALA e LIR\u00cb - Arkivi\"},\"image\":{\"@id\":\"https:\\\/\\\/fjala.info\\\/2009-2015\\\/#\\\/schema\\\/logo\\\/image\\\/\"}},{\"@type\":\"Person\",\"@id\":\"https:\\\/\\\/fjala.info\\\/2009-2015\\\/#\\\/schema\\\/person\\\/3aa1163ef05469c496fc94e77611ada2\",\"name\":\"admin\",\"image\":{\"@type\":\"ImageObject\",\"inLanguage\":\"sq-AL\",\"@id\":\"https:\\\/\\\/fjala.info\\\/2009-2015\\\/wp-content\\\/uploads\\\/2012\\\/02\\\/arben_cokaj-120x150.jpg\",\"url\":\"https:\\\/\\\/fjala.info\\\/2009-2015\\\/wp-content\\\/uploads\\\/2012\\\/02\\\/arben_cokaj-120x150.jpg\",\"contentUrl\":\"https:\\\/\\\/fjala.info\\\/2009-2015\\\/wp-content\\\/uploads\\\/2012\\\/02\\\/arben_cokaj-120x150.jpg\",\"caption\":\"admin\"},\"description\":\"Admin, Fjala e Lir\u00eb\",\"sameAs\":[\"https:\\\/\\\/fjala.info\\\/\"],\"url\":\"https:\\\/\\\/fjala.info\\\/2009-2015\\\/author\\\/admin\\\/\"}]}<\/script>\n<!-- \/ Yoast SEO plugin. -->","yoast_head_json":{"title":"IMUNITETET, KURTHI I RI P\u00cbR OPOZIT\u00cbN - FjALA e LIR\u00cb - Arkivi","robots":{"index":"index","follow":"follow","max-snippet":"max-snippet:-1","max-image-preview":"max-image-preview:large","max-video-preview":"max-video-preview:-1"},"canonical":"https:\/\/fjala.info\/2009-2015\/imunitetet-kurthi-i-ri-per-opoziten\/","og_locale":"sq_AL","og_type":"article","og_title":"IMUNITETET, KURTHI I RI P\u00cbR OPOZIT\u00cbN - FjALA e LIR\u00cb - Arkivi","og_description":"Andrea Stefani P\u00ebr t\u00eb kuruar imazhin e d\u00ebmtuar r\u00ebnd\u00eb nga denoncimi i korrupsionit deri edhe lidhjeve mafioze ministrash n\u00eb kabinetin e tij, Berisha ka hedhur p\u00ebrs\u00ebri n\u00eb qarkullim iden\u00eb e heqjes s\u00eb imunitetit t\u00eb deputet\u00ebve. Nj\u00eb ide q\u00eb fatkeq\u00ebsisht e mb\u00ebshteti k\u00ebto dit\u00eb edhe Presidenti i Republik\u00ebs. N\u00eb fakt, q\u00ebllimi i Kryeministrit nuk \u00ebsht\u00eb q\u00eb [&hellip;]","og_url":"https:\/\/fjala.info\/2009-2015\/imunitetet-kurthi-i-ri-per-opoziten\/","og_site_name":"FjALA e LIR\u00cb - Arkivi","article_published_time":"2010-10-12T20:05:33+00:00","og_image":[{"url":"http:\/\/fjala.shkoder.net\/wp-content\/uploads\/2010\/10\/andrea_stefani3.jpg","type":"","width":"","height":""}],"author":"admin","twitter_card":"summary_large_image","twitter_misc":{"Written by":"admin","Est. reading time":"6 minutes"},"schema":{"@context":"https:\/\/schema.org","@graph":[{"@type":"Article","@id":"https:\/\/fjala.info\/2009-2015\/imunitetet-kurthi-i-ri-per-opoziten\/#article","isPartOf":{"@id":"https:\/\/fjala.info\/2009-2015\/imunitetet-kurthi-i-ri-per-opoziten\/"},"author":{"name":"admin","@id":"https:\/\/fjala.info\/2009-2015\/#\/schema\/person\/3aa1163ef05469c496fc94e77611ada2"},"headline":"IMUNITETET, KURTHI I RI P\u00cbR OPOZIT\u00cbN","datePublished":"2010-10-12T20:05:33+00:00","mainEntityOfPage":{"@id":"https:\/\/fjala.info\/2009-2015\/imunitetet-kurthi-i-ri-per-opoziten\/"},"wordCount":1290,"commentCount":0,"publisher":{"@id":"https:\/\/fjala.info\/2009-2015\/#organization"},"image":{"@id":"https:\/\/fjala.info\/2009-2015\/imunitetet-kurthi-i-ri-per-opoziten\/#primaryimage"},"thumbnailUrl":"http:\/\/fjala.shkoder.net\/wp-content\/uploads\/2010\/10\/andrea_stefani3.jpg","articleSection":["Artikuj"],"inLanguage":"sq-AL","potentialAction":[{"@type":"CommentAction","name":"Comment","target":["https:\/\/fjala.info\/2009-2015\/imunitetet-kurthi-i-ri-per-opoziten\/#respond"]}]},{"@type":"WebPage","@id":"https:\/\/fjala.info\/2009-2015\/imunitetet-kurthi-i-ri-per-opoziten\/","url":"https:\/\/fjala.info\/2009-2015\/imunitetet-kurthi-i-ri-per-opoziten\/","name":"IMUNITETET, KURTHI I RI P\u00cbR OPOZIT\u00cbN - FjALA e LIR\u00cb - Arkivi","isPartOf":{"@id":"https:\/\/fjala.info\/2009-2015\/#website"},"primaryImageOfPage":{"@id":"https:\/\/fjala.info\/2009-2015\/imunitetet-kurthi-i-ri-per-opoziten\/#primaryimage"},"image":{"@id":"https:\/\/fjala.info\/2009-2015\/imunitetet-kurthi-i-ri-per-opoziten\/#primaryimage"},"thumbnailUrl":"http:\/\/fjala.shkoder.net\/wp-content\/uploads\/2010\/10\/andrea_stefani3.jpg","datePublished":"2010-10-12T20:05:33+00:00","breadcrumb":{"@id":"https:\/\/fjala.info\/2009-2015\/imunitetet-kurthi-i-ri-per-opoziten\/#breadcrumb"},"inLanguage":"sq-AL","potentialAction":[{"@type":"ReadAction","target":["https:\/\/fjala.info\/2009-2015\/imunitetet-kurthi-i-ri-per-opoziten\/"]}]},{"@type":"ImageObject","inLanguage":"sq-AL","@id":"https:\/\/fjala.info\/2009-2015\/imunitetet-kurthi-i-ri-per-opoziten\/#primaryimage","url":"http:\/\/fjala.shkoder.net\/wp-content\/uploads\/2010\/10\/andrea_stefani3.jpg","contentUrl":"http:\/\/fjala.shkoder.net\/wp-content\/uploads\/2010\/10\/andrea_stefani3.jpg"},{"@type":"BreadcrumbList","@id":"https:\/\/fjala.info\/2009-2015\/imunitetet-kurthi-i-ri-per-opoziten\/#breadcrumb","itemListElement":[{"@type":"ListItem","position":1,"name":"Home","item":"https:\/\/fjala.info\/2009-2015\/"},{"@type":"ListItem","position":2,"name":"IMUNITETET, KURTHI I RI P\u00cbR OPOZIT\u00cbN"}]},{"@type":"WebSite","@id":"https:\/\/fjala.info\/2009-2015\/#website","url":"https:\/\/fjala.info\/2009-2015\/","name":"FjALA e LIR\u00cb - Arkivi","description":"Arkivi 2009-2015","publisher":{"@id":"https:\/\/fjala.info\/2009-2015\/#organization"},"potentialAction":[{"@type":"SearchAction","target":{"@type":"EntryPoint","urlTemplate":"https:\/\/fjala.info\/2009-2015\/?s={search_term_string}"},"query-input":{"@type":"PropertyValueSpecification","valueRequired":true,"valueName":"search_term_string"}}],"inLanguage":"sq-AL"},{"@type":"Organization","@id":"https:\/\/fjala.info\/2009-2015\/#organization","name":"FjALA e LIR\u00cb - Arkivi","url":"https:\/\/fjala.info\/2009-2015\/","logo":{"@type":"ImageObject","inLanguage":"sq-AL","@id":"https:\/\/fjala.info\/2009-2015\/#\/schema\/logo\/image\/","url":"","contentUrl":"","caption":"FjALA e LIR\u00cb - Arkivi"},"image":{"@id":"https:\/\/fjala.info\/2009-2015\/#\/schema\/logo\/image\/"}},{"@type":"Person","@id":"https:\/\/fjala.info\/2009-2015\/#\/schema\/person\/3aa1163ef05469c496fc94e77611ada2","name":"admin","image":{"@type":"ImageObject","inLanguage":"sq-AL","@id":"https:\/\/fjala.info\/2009-2015\/wp-content\/uploads\/2012\/02\/arben_cokaj-120x150.jpg","url":"https:\/\/fjala.info\/2009-2015\/wp-content\/uploads\/2012\/02\/arben_cokaj-120x150.jpg","contentUrl":"https:\/\/fjala.info\/2009-2015\/wp-content\/uploads\/2012\/02\/arben_cokaj-120x150.jpg","caption":"admin"},"description":"Admin, Fjala e Lir\u00eb","sameAs":["https:\/\/fjala.info\/"],"url":"https:\/\/fjala.info\/2009-2015\/author\/admin\/"}]}},"_links":{"self":[{"href":"https:\/\/fjala.info\/2009-2015\/wp-json\/wp\/v2\/posts\/4297","targetHints":{"allow":["GET"]}}],"collection":[{"href":"https:\/\/fjala.info\/2009-2015\/wp-json\/wp\/v2\/posts"}],"about":[{"href":"https:\/\/fjala.info\/2009-2015\/wp-json\/wp\/v2\/types\/post"}],"author":[{"embeddable":true,"href":"https:\/\/fjala.info\/2009-2015\/wp-json\/wp\/v2\/users\/1"}],"replies":[{"embeddable":true,"href":"https:\/\/fjala.info\/2009-2015\/wp-json\/wp\/v2\/comments?post=4297"}],"version-history":[{"count":0,"href":"https:\/\/fjala.info\/2009-2015\/wp-json\/wp\/v2\/posts\/4297\/revisions"}],"wp:attachment":[{"href":"https:\/\/fjala.info\/2009-2015\/wp-json\/wp\/v2\/media?parent=4297"}],"wp:term":[{"taxonomy":"category","embeddable":true,"href":"https:\/\/fjala.info\/2009-2015\/wp-json\/wp\/v2\/categories?post=4297"},{"taxonomy":"post_tag","embeddable":true,"href":"https:\/\/fjala.info\/2009-2015\/wp-json\/wp\/v2\/tags?post=4297"}],"curies":[{"name":"wp","href":"https:\/\/api.w.org\/{rel}","templated":true}]}}