{"id":4295,"date":"2012-08-09T22:36:01","date_gmt":"2012-08-09T21:36:01","guid":{"rendered":"http:\/\/www.fjala.info\/?p=4295"},"modified":"2012-08-09T22:36:01","modified_gmt":"2012-08-09T21:36:01","slug":"bare-na-duhet-nje-rilindje-shqiptare-qe-vendi-te-shpetoje-nga-berisha-dhe-familja-e-tij","status":"publish","type":"post","link":"https:\/\/fjala.info\/2009-2015\/bare-na-duhet-nje-rilindje-shqiptare-qe-vendi-te-shpetoje-nga-berisha-dhe-familja-e-tij\/","title":{"rendered":"Bare: Na duhet nj\u00eb Rilindje Shqiptare q\u00eb vendi t\u00eb shp\u00ebtoj\u00eb nga Berisha dhe familja e tij"},"content":{"rendered":"<p><img decoding=\"async\" class=\"alignright size-thumbnail wp-image-7236\" title=\"Besnik Baraj\" src=\"http:\/\/www.fjala.info\/2012\/besnik_baraj.jpg\" alt=\"\" width=\"200\" \/> <strong>TemA<\/strong>, <em>9 Gusht 2012<\/em><\/p>\n<p>Partia Socialiste reagoi me an\u00eb t\u00eb deputetit Besnik Bare n\u00eb lidhje me shkarkimin e kreut t\u00eb SHISH, Bahri Shaqiri. Bare tha se kjo ishte prova se opozita mbrojti nj\u00eb kauz\u00eb t\u00eb drejt\u00eb kur k\u00ebrkoi president konsensual.<\/p>\n<p>\u201cVendimi i sot\u00ebm i Presidentit t\u00eb Republik\u00ebs p\u00ebr t\u2019iu bindur pa m\u00eb t\u00eb voglin dyshim urdhrit politik t\u00eb Sali Berish\u00ebs, duke shkarkuar Drejtorin e Sh\u00ebrbimit Informativ Shqiptar p\u00ebr t\u00eb em\u00ebruar n\u00eb vend t\u00eb Zotit Shaqiri nj\u00eb sh\u00ebrb\u00ebtor t\u00eb pushtetit, \u00ebsht\u00eb prova m\u00eb e fort\u00eb se gjat\u00eb gjith\u00eb k\u00ebtyre muajve opozita ka mbrojtur nj\u00eb kauz\u00eb t\u00eb drejt\u00eb.<\/p>\n<p>Opozita ka patur t\u00eb drejt\u00eb kur k\u00ebrkonte nj\u00eb President konsensual, nj\u00ebsoj si\u00e7 e k\u00ebrkonte edhe Bashkimi Europian, dhe jo nj\u00eb sh\u00ebrb\u00ebtor t\u00eb Saliut q\u00eb do t\u2019i hiqte viz\u00ebn pavar\u00ebsis\u00eb s\u00eb institucioneve nj\u00ebsoj si\u00e7 po b\u00ebn Bujar Nishani.<\/p>\n<p>Opozita ka patur t\u00eb drejt\u00eb kur k\u00ebrkonte q\u00eb krahas kufizimit t\u00eb imunitetit t\u00eb votohej edhe n\u00eb favor t\u00eb nj\u00eb drejt\u00ebsie t\u00eb pavarur, jo t\u00eb gjunj\u00ebzuar si\u00e7 e do Saliu,\u201d tha Bare.<\/p>\n<p>Deputeti socialist tha se u provua se presidenti do ishte sh\u00ebrb\u00ebtor i Berish\u00ebs. Ai shtoi se vendit i duhet nj\u00eb Rilindje Shqiptare q\u00eb vendi t\u00eb shp\u00ebtoj\u00eb nga Berisha e familja e tij.<\/p>\n<p>\u201cOpozita dyshonte se Presidenti i ri nuk do t\u00eb ishte garant i unitetit komb\u00ebtar, por sh\u00ebrb\u00ebtor i Saliut. Kjo u v\u00ebrtetua sot. Pasi em\u00ebroi si N\u00ebnkryetar t\u00eb K\u00ebshillit t\u00eb Lart\u00eb t\u00eb Drejt\u00ebsis\u00eb njeriun e af\u00ebrt t\u00eb kryeministrit, Bujar Nishani sot shkarkoi Drejtorin e SHISH, edhe pse p\u00ebr m\u00eb shum\u00eb se dy vjet rresht partner\u00ebt tan\u00eb strategjike dhe opozita jan\u00eb shprehur kund\u00ebr kontrollit t\u00eb sh\u00ebrbimeve sekrete nga Sali Berisha.<\/p>\n<p>Nga nj\u00ebra an\u00eb Saliu k\u00ebrkon kufizimin e imunitetit, nga ana tjet\u00ebr p\u00ebrmes sh\u00ebrb\u00ebtorit Bujar po nxiton t\u00eb v\u00ebr\u00eb n\u00ebn kontroll t\u00eb plot\u00eb \u00e7do institucion t\u00eb pavarur kushtetues. Kjo nuk \u00ebsht\u00eb demokraci. Ky nuk \u00ebsht\u00eb shtet i s\u00eb drejt\u00ebs.<\/p>\n<p>Sot m\u00eb shum\u00eb se kurr\u00eb nevojitet nj\u00eb Rilindje Shqiptare, q\u00eb institucionet e k\u00ebsaj Republike t\u00eb kthehen n\u00eb var\u00ebsin\u00eb e popullit dhe t\u00eb Kushtetut\u00ebs. Q\u00eb Shqip\u00ebria dhe shqiptar\u00ebt t\u00eb shp\u00ebtojn\u00eb nj\u00eb her\u00eb e mir\u00eb nga Sali Berisha dhe familja e tij, q\u00eb p\u00ebr plot\u00eb shtat\u00eb vjet kan\u00eb vjedhur dhe grabitur sa \u00e7\u2019nuk \u00ebsht\u00eb vjedhur e grabitur n\u00eb 100 vjet t\u00eb shtetit shqiptar.\u201d<\/p>\n","protected":false},"excerpt":{"rendered":"<p>TemA, 9 Gusht 2012 Partia Socialiste reagoi me an\u00eb t\u00eb deputetit Besnik Bare n\u00eb lidhje me shkarkimin e kreut t\u00eb SHISH, Bahri Shaqiri. Bare tha se kjo ishte prova se opozita mbrojti nj\u00eb kauz\u00eb t\u00eb drejt\u00eb kur k\u00ebrkoi president konsensual. \u201cVendimi i sot\u00ebm i Presidentit t\u00eb Republik\u00ebs p\u00ebr t\u2019iu bindur pa m\u00eb t\u00eb voglin dyshim [&hellip;]<\/p>\n","protected":false},"author":1,"featured_media":0,"comment_status":"open","ping_status":"closed","sticky":false,"template":"","format":"standard","meta":{"footnotes":""},"categories":[2],"tags":[],"class_list":{"0":"post-4295","1":"post","2":"type-post","3":"status-publish","4":"format-standard","6":"category-artikuj"},"yoast_head":"<!-- This site is optimized with the Yoast SEO plugin v27.4 - https:\/\/yoast.com\/product\/yoast-seo-wordpress\/ -->\n<title>Bare: Na duhet nj\u00eb Rilindje Shqiptare q\u00eb vendi t\u00eb shp\u00ebtoj\u00eb nga Berisha dhe familja e tij - FjALA e LIR\u00cb - Arkivi<\/title>\n<meta name=\"robots\" content=\"index, follow, max-snippet:-1, max-image-preview:large, max-video-preview:-1\" \/>\n<link rel=\"canonical\" href=\"https:\/\/fjala.info\/2009-2015\/bare-na-duhet-nje-rilindje-shqiptare-qe-vendi-te-shpetoje-nga-berisha-dhe-familja-e-tij\/\" \/>\n<meta property=\"og:locale\" content=\"sq_AL\" \/>\n<meta property=\"og:type\" content=\"article\" \/>\n<meta property=\"og:title\" content=\"Bare: Na duhet nj\u00eb Rilindje Shqiptare q\u00eb vendi t\u00eb shp\u00ebtoj\u00eb nga Berisha dhe familja e tij - FjALA e LIR\u00cb - Arkivi\" \/>\n<meta property=\"og:description\" content=\"TemA, 9 Gusht 2012 Partia Socialiste reagoi me an\u00eb t\u00eb deputetit Besnik Bare n\u00eb lidhje me shkarkimin e kreut t\u00eb SHISH, Bahri Shaqiri. Bare tha se kjo ishte prova se opozita mbrojti nj\u00eb kauz\u00eb t\u00eb drejt\u00eb kur k\u00ebrkoi president konsensual. \u201cVendimi i sot\u00ebm i Presidentit t\u00eb Republik\u00ebs p\u00ebr t\u2019iu bindur pa m\u00eb t\u00eb voglin dyshim [&hellip;]\" \/>\n<meta property=\"og:url\" content=\"https:\/\/fjala.info\/2009-2015\/bare-na-duhet-nje-rilindje-shqiptare-qe-vendi-te-shpetoje-nga-berisha-dhe-familja-e-tij\/\" \/>\n<meta property=\"og:site_name\" content=\"FjALA e LIR\u00cb - Arkivi\" \/>\n<meta property=\"article:published_time\" content=\"2012-08-09T21:36:01+00:00\" \/>\n<meta property=\"og:image\" content=\"http:\/\/www.fjala.info\/2012\/besnik_baraj.jpg\" \/>\n<meta name=\"author\" content=\"admin\" \/>\n<meta name=\"twitter:card\" content=\"summary_large_image\" \/>\n<meta name=\"twitter:label1\" content=\"Written by\" \/>\n\t<meta name=\"twitter:data1\" content=\"admin\" \/>\n\t<meta name=\"twitter:label2\" content=\"Est. reading time\" \/>\n\t<meta name=\"twitter:data2\" content=\"2 minutes\" \/>\n<script type=\"application\/ld+json\" class=\"yoast-schema-graph\">{\"@context\":\"https:\\\/\\\/schema.org\",\"@graph\":[{\"@type\":\"Article\",\"@id\":\"https:\\\/\\\/fjala.info\\\/2009-2015\\\/bare-na-duhet-nje-rilindje-shqiptare-qe-vendi-te-shpetoje-nga-berisha-dhe-familja-e-tij\\\/#article\",\"isPartOf\":{\"@id\":\"https:\\\/\\\/fjala.info\\\/2009-2015\\\/bare-na-duhet-nje-rilindje-shqiptare-qe-vendi-te-shpetoje-nga-berisha-dhe-familja-e-tij\\\/\"},\"author\":{\"name\":\"admin\",\"@id\":\"https:\\\/\\\/fjala.info\\\/2009-2015\\\/#\\\/schema\\\/person\\\/3aa1163ef05469c496fc94e77611ada2\"},\"headline\":\"Bare: Na duhet nj\u00eb Rilindje Shqiptare q\u00eb vendi t\u00eb shp\u00ebtoj\u00eb nga Berisha dhe familja e tij\",\"datePublished\":\"2012-08-09T21:36:01+00:00\",\"mainEntityOfPage\":{\"@id\":\"https:\\\/\\\/fjala.info\\\/2009-2015\\\/bare-na-duhet-nje-rilindje-shqiptare-qe-vendi-te-shpetoje-nga-berisha-dhe-familja-e-tij\\\/\"},\"wordCount\":435,\"commentCount\":0,\"publisher\":{\"@id\":\"https:\\\/\\\/fjala.info\\\/2009-2015\\\/#organization\"},\"image\":{\"@id\":\"https:\\\/\\\/fjala.info\\\/2009-2015\\\/bare-na-duhet-nje-rilindje-shqiptare-qe-vendi-te-shpetoje-nga-berisha-dhe-familja-e-tij\\\/#primaryimage\"},\"thumbnailUrl\":\"http:\\\/\\\/www.fjala.info\\\/2012\\\/besnik_baraj.jpg\",\"articleSection\":[\"Artikuj\"],\"inLanguage\":\"sq-AL\",\"potentialAction\":[{\"@type\":\"CommentAction\",\"name\":\"Comment\",\"target\":[\"https:\\\/\\\/fjala.info\\\/2009-2015\\\/bare-na-duhet-nje-rilindje-shqiptare-qe-vendi-te-shpetoje-nga-berisha-dhe-familja-e-tij\\\/#respond\"]}]},{\"@type\":\"WebPage\",\"@id\":\"https:\\\/\\\/fjala.info\\\/2009-2015\\\/bare-na-duhet-nje-rilindje-shqiptare-qe-vendi-te-shpetoje-nga-berisha-dhe-familja-e-tij\\\/\",\"url\":\"https:\\\/\\\/fjala.info\\\/2009-2015\\\/bare-na-duhet-nje-rilindje-shqiptare-qe-vendi-te-shpetoje-nga-berisha-dhe-familja-e-tij\\\/\",\"name\":\"Bare: Na duhet nj\u00eb Rilindje Shqiptare q\u00eb vendi t\u00eb shp\u00ebtoj\u00eb nga Berisha dhe familja e tij - FjALA e LIR\u00cb - Arkivi\",\"isPartOf\":{\"@id\":\"https:\\\/\\\/fjala.info\\\/2009-2015\\\/#website\"},\"primaryImageOfPage\":{\"@id\":\"https:\\\/\\\/fjala.info\\\/2009-2015\\\/bare-na-duhet-nje-rilindje-shqiptare-qe-vendi-te-shpetoje-nga-berisha-dhe-familja-e-tij\\\/#primaryimage\"},\"image\":{\"@id\":\"https:\\\/\\\/fjala.info\\\/2009-2015\\\/bare-na-duhet-nje-rilindje-shqiptare-qe-vendi-te-shpetoje-nga-berisha-dhe-familja-e-tij\\\/#primaryimage\"},\"thumbnailUrl\":\"http:\\\/\\\/www.fjala.info\\\/2012\\\/besnik_baraj.jpg\",\"datePublished\":\"2012-08-09T21:36:01+00:00\",\"breadcrumb\":{\"@id\":\"https:\\\/\\\/fjala.info\\\/2009-2015\\\/bare-na-duhet-nje-rilindje-shqiptare-qe-vendi-te-shpetoje-nga-berisha-dhe-familja-e-tij\\\/#breadcrumb\"},\"inLanguage\":\"sq-AL\",\"potentialAction\":[{\"@type\":\"ReadAction\",\"target\":[\"https:\\\/\\\/fjala.info\\\/2009-2015\\\/bare-na-duhet-nje-rilindje-shqiptare-qe-vendi-te-shpetoje-nga-berisha-dhe-familja-e-tij\\\/\"]}]},{\"@type\":\"ImageObject\",\"inLanguage\":\"sq-AL\",\"@id\":\"https:\\\/\\\/fjala.info\\\/2009-2015\\\/bare-na-duhet-nje-rilindje-shqiptare-qe-vendi-te-shpetoje-nga-berisha-dhe-familja-e-tij\\\/#primaryimage\",\"url\":\"http:\\\/\\\/www.fjala.info\\\/2012\\\/besnik_baraj.jpg\",\"contentUrl\":\"http:\\\/\\\/www.fjala.info\\\/2012\\\/besnik_baraj.jpg\"},{\"@type\":\"BreadcrumbList\",\"@id\":\"https:\\\/\\\/fjala.info\\\/2009-2015\\\/bare-na-duhet-nje-rilindje-shqiptare-qe-vendi-te-shpetoje-nga-berisha-dhe-familja-e-tij\\\/#breadcrumb\",\"itemListElement\":[{\"@type\":\"ListItem\",\"position\":1,\"name\":\"Home\",\"item\":\"https:\\\/\\\/fjala.info\\\/2009-2015\\\/\"},{\"@type\":\"ListItem\",\"position\":2,\"name\":\"Bare: Na duhet nj\u00eb Rilindje Shqiptare q\u00eb vendi t\u00eb shp\u00ebtoj\u00eb nga Berisha dhe familja e tij\"}]},{\"@type\":\"WebSite\",\"@id\":\"https:\\\/\\\/fjala.info\\\/2009-2015\\\/#website\",\"url\":\"https:\\\/\\\/fjala.info\\\/2009-2015\\\/\",\"name\":\"FjALA e LIR\u00cb - Arkivi\",\"description\":\"Arkivi 2009-2015\",\"publisher\":{\"@id\":\"https:\\\/\\\/fjala.info\\\/2009-2015\\\/#organization\"},\"potentialAction\":[{\"@type\":\"SearchAction\",\"target\":{\"@type\":\"EntryPoint\",\"urlTemplate\":\"https:\\\/\\\/fjala.info\\\/2009-2015\\\/?s={search_term_string}\"},\"query-input\":{\"@type\":\"PropertyValueSpecification\",\"valueRequired\":true,\"valueName\":\"search_term_string\"}}],\"inLanguage\":\"sq-AL\"},{\"@type\":\"Organization\",\"@id\":\"https:\\\/\\\/fjala.info\\\/2009-2015\\\/#organization\",\"name\":\"FjALA e LIR\u00cb - Arkivi\",\"url\":\"https:\\\/\\\/fjala.info\\\/2009-2015\\\/\",\"logo\":{\"@type\":\"ImageObject\",\"inLanguage\":\"sq-AL\",\"@id\":\"https:\\\/\\\/fjala.info\\\/2009-2015\\\/#\\\/schema\\\/logo\\\/image\\\/\",\"url\":\"\",\"contentUrl\":\"\",\"caption\":\"FjALA e LIR\u00cb - Arkivi\"},\"image\":{\"@id\":\"https:\\\/\\\/fjala.info\\\/2009-2015\\\/#\\\/schema\\\/logo\\\/image\\\/\"}},{\"@type\":\"Person\",\"@id\":\"https:\\\/\\\/fjala.info\\\/2009-2015\\\/#\\\/schema\\\/person\\\/3aa1163ef05469c496fc94e77611ada2\",\"name\":\"admin\",\"image\":{\"@type\":\"ImageObject\",\"inLanguage\":\"sq-AL\",\"@id\":\"https:\\\/\\\/fjala.info\\\/2009-2015\\\/wp-content\\\/uploads\\\/2012\\\/02\\\/arben_cokaj-120x150.jpg\",\"url\":\"https:\\\/\\\/fjala.info\\\/2009-2015\\\/wp-content\\\/uploads\\\/2012\\\/02\\\/arben_cokaj-120x150.jpg\",\"contentUrl\":\"https:\\\/\\\/fjala.info\\\/2009-2015\\\/wp-content\\\/uploads\\\/2012\\\/02\\\/arben_cokaj-120x150.jpg\",\"caption\":\"admin\"},\"description\":\"Admin, Fjala e Lir\u00eb\",\"sameAs\":[\"https:\\\/\\\/fjala.info\\\/\"],\"url\":\"https:\\\/\\\/fjala.info\\\/2009-2015\\\/author\\\/admin\\\/\"}]}<\/script>\n<!-- \/ Yoast SEO plugin. -->","yoast_head_json":{"title":"Bare: Na duhet nj\u00eb Rilindje Shqiptare q\u00eb vendi t\u00eb shp\u00ebtoj\u00eb nga Berisha dhe familja e tij - FjALA e LIR\u00cb - Arkivi","robots":{"index":"index","follow":"follow","max-snippet":"max-snippet:-1","max-image-preview":"max-image-preview:large","max-video-preview":"max-video-preview:-1"},"canonical":"https:\/\/fjala.info\/2009-2015\/bare-na-duhet-nje-rilindje-shqiptare-qe-vendi-te-shpetoje-nga-berisha-dhe-familja-e-tij\/","og_locale":"sq_AL","og_type":"article","og_title":"Bare: Na duhet nj\u00eb Rilindje Shqiptare q\u00eb vendi t\u00eb shp\u00ebtoj\u00eb nga Berisha dhe familja e tij - FjALA e LIR\u00cb - Arkivi","og_description":"TemA, 9 Gusht 2012 Partia Socialiste reagoi me an\u00eb t\u00eb deputetit Besnik Bare n\u00eb lidhje me shkarkimin e kreut t\u00eb SHISH, Bahri Shaqiri. Bare tha se kjo ishte prova se opozita mbrojti nj\u00eb kauz\u00eb t\u00eb drejt\u00eb kur k\u00ebrkoi president konsensual. \u201cVendimi i sot\u00ebm i Presidentit t\u00eb Republik\u00ebs p\u00ebr t\u2019iu bindur pa m\u00eb t\u00eb voglin dyshim [&hellip;]","og_url":"https:\/\/fjala.info\/2009-2015\/bare-na-duhet-nje-rilindje-shqiptare-qe-vendi-te-shpetoje-nga-berisha-dhe-familja-e-tij\/","og_site_name":"FjALA e LIR\u00cb - Arkivi","article_published_time":"2012-08-09T21:36:01+00:00","og_image":[{"url":"http:\/\/www.fjala.info\/2012\/besnik_baraj.jpg","type":"","width":"","height":""}],"author":"admin","twitter_card":"summary_large_image","twitter_misc":{"Written by":"admin","Est. reading time":"2 minutes"},"schema":{"@context":"https:\/\/schema.org","@graph":[{"@type":"Article","@id":"https:\/\/fjala.info\/2009-2015\/bare-na-duhet-nje-rilindje-shqiptare-qe-vendi-te-shpetoje-nga-berisha-dhe-familja-e-tij\/#article","isPartOf":{"@id":"https:\/\/fjala.info\/2009-2015\/bare-na-duhet-nje-rilindje-shqiptare-qe-vendi-te-shpetoje-nga-berisha-dhe-familja-e-tij\/"},"author":{"name":"admin","@id":"https:\/\/fjala.info\/2009-2015\/#\/schema\/person\/3aa1163ef05469c496fc94e77611ada2"},"headline":"Bare: Na duhet nj\u00eb Rilindje Shqiptare q\u00eb vendi t\u00eb shp\u00ebtoj\u00eb nga Berisha dhe familja e tij","datePublished":"2012-08-09T21:36:01+00:00","mainEntityOfPage":{"@id":"https:\/\/fjala.info\/2009-2015\/bare-na-duhet-nje-rilindje-shqiptare-qe-vendi-te-shpetoje-nga-berisha-dhe-familja-e-tij\/"},"wordCount":435,"commentCount":0,"publisher":{"@id":"https:\/\/fjala.info\/2009-2015\/#organization"},"image":{"@id":"https:\/\/fjala.info\/2009-2015\/bare-na-duhet-nje-rilindje-shqiptare-qe-vendi-te-shpetoje-nga-berisha-dhe-familja-e-tij\/#primaryimage"},"thumbnailUrl":"http:\/\/www.fjala.info\/2012\/besnik_baraj.jpg","articleSection":["Artikuj"],"inLanguage":"sq-AL","potentialAction":[{"@type":"CommentAction","name":"Comment","target":["https:\/\/fjala.info\/2009-2015\/bare-na-duhet-nje-rilindje-shqiptare-qe-vendi-te-shpetoje-nga-berisha-dhe-familja-e-tij\/#respond"]}]},{"@type":"WebPage","@id":"https:\/\/fjala.info\/2009-2015\/bare-na-duhet-nje-rilindje-shqiptare-qe-vendi-te-shpetoje-nga-berisha-dhe-familja-e-tij\/","url":"https:\/\/fjala.info\/2009-2015\/bare-na-duhet-nje-rilindje-shqiptare-qe-vendi-te-shpetoje-nga-berisha-dhe-familja-e-tij\/","name":"Bare: Na duhet nj\u00eb Rilindje Shqiptare q\u00eb vendi t\u00eb shp\u00ebtoj\u00eb nga Berisha dhe familja e tij - FjALA e LIR\u00cb - Arkivi","isPartOf":{"@id":"https:\/\/fjala.info\/2009-2015\/#website"},"primaryImageOfPage":{"@id":"https:\/\/fjala.info\/2009-2015\/bare-na-duhet-nje-rilindje-shqiptare-qe-vendi-te-shpetoje-nga-berisha-dhe-familja-e-tij\/#primaryimage"},"image":{"@id":"https:\/\/fjala.info\/2009-2015\/bare-na-duhet-nje-rilindje-shqiptare-qe-vendi-te-shpetoje-nga-berisha-dhe-familja-e-tij\/#primaryimage"},"thumbnailUrl":"http:\/\/www.fjala.info\/2012\/besnik_baraj.jpg","datePublished":"2012-08-09T21:36:01+00:00","breadcrumb":{"@id":"https:\/\/fjala.info\/2009-2015\/bare-na-duhet-nje-rilindje-shqiptare-qe-vendi-te-shpetoje-nga-berisha-dhe-familja-e-tij\/#breadcrumb"},"inLanguage":"sq-AL","potentialAction":[{"@type":"ReadAction","target":["https:\/\/fjala.info\/2009-2015\/bare-na-duhet-nje-rilindje-shqiptare-qe-vendi-te-shpetoje-nga-berisha-dhe-familja-e-tij\/"]}]},{"@type":"ImageObject","inLanguage":"sq-AL","@id":"https:\/\/fjala.info\/2009-2015\/bare-na-duhet-nje-rilindje-shqiptare-qe-vendi-te-shpetoje-nga-berisha-dhe-familja-e-tij\/#primaryimage","url":"http:\/\/www.fjala.info\/2012\/besnik_baraj.jpg","contentUrl":"http:\/\/www.fjala.info\/2012\/besnik_baraj.jpg"},{"@type":"BreadcrumbList","@id":"https:\/\/fjala.info\/2009-2015\/bare-na-duhet-nje-rilindje-shqiptare-qe-vendi-te-shpetoje-nga-berisha-dhe-familja-e-tij\/#breadcrumb","itemListElement":[{"@type":"ListItem","position":1,"name":"Home","item":"https:\/\/fjala.info\/2009-2015\/"},{"@type":"ListItem","position":2,"name":"Bare: Na duhet nj\u00eb Rilindje Shqiptare q\u00eb vendi t\u00eb shp\u00ebtoj\u00eb nga Berisha dhe familja e tij"}]},{"@type":"WebSite","@id":"https:\/\/fjala.info\/2009-2015\/#website","url":"https:\/\/fjala.info\/2009-2015\/","name":"FjALA e LIR\u00cb - Arkivi","description":"Arkivi 2009-2015","publisher":{"@id":"https:\/\/fjala.info\/2009-2015\/#organization"},"potentialAction":[{"@type":"SearchAction","target":{"@type":"EntryPoint","urlTemplate":"https:\/\/fjala.info\/2009-2015\/?s={search_term_string}"},"query-input":{"@type":"PropertyValueSpecification","valueRequired":true,"valueName":"search_term_string"}}],"inLanguage":"sq-AL"},{"@type":"Organization","@id":"https:\/\/fjala.info\/2009-2015\/#organization","name":"FjALA e LIR\u00cb - Arkivi","url":"https:\/\/fjala.info\/2009-2015\/","logo":{"@type":"ImageObject","inLanguage":"sq-AL","@id":"https:\/\/fjala.info\/2009-2015\/#\/schema\/logo\/image\/","url":"","contentUrl":"","caption":"FjALA e LIR\u00cb - Arkivi"},"image":{"@id":"https:\/\/fjala.info\/2009-2015\/#\/schema\/logo\/image\/"}},{"@type":"Person","@id":"https:\/\/fjala.info\/2009-2015\/#\/schema\/person\/3aa1163ef05469c496fc94e77611ada2","name":"admin","image":{"@type":"ImageObject","inLanguage":"sq-AL","@id":"https:\/\/fjala.info\/2009-2015\/wp-content\/uploads\/2012\/02\/arben_cokaj-120x150.jpg","url":"https:\/\/fjala.info\/2009-2015\/wp-content\/uploads\/2012\/02\/arben_cokaj-120x150.jpg","contentUrl":"https:\/\/fjala.info\/2009-2015\/wp-content\/uploads\/2012\/02\/arben_cokaj-120x150.jpg","caption":"admin"},"description":"Admin, Fjala e Lir\u00eb","sameAs":["https:\/\/fjala.info\/"],"url":"https:\/\/fjala.info\/2009-2015\/author\/admin\/"}]}},"_links":{"self":[{"href":"https:\/\/fjala.info\/2009-2015\/wp-json\/wp\/v2\/posts\/4295","targetHints":{"allow":["GET"]}}],"collection":[{"href":"https:\/\/fjala.info\/2009-2015\/wp-json\/wp\/v2\/posts"}],"about":[{"href":"https:\/\/fjala.info\/2009-2015\/wp-json\/wp\/v2\/types\/post"}],"author":[{"embeddable":true,"href":"https:\/\/fjala.info\/2009-2015\/wp-json\/wp\/v2\/users\/1"}],"replies":[{"embeddable":true,"href":"https:\/\/fjala.info\/2009-2015\/wp-json\/wp\/v2\/comments?post=4295"}],"version-history":[{"count":0,"href":"https:\/\/fjala.info\/2009-2015\/wp-json\/wp\/v2\/posts\/4295\/revisions"}],"wp:attachment":[{"href":"https:\/\/fjala.info\/2009-2015\/wp-json\/wp\/v2\/media?parent=4295"}],"wp:term":[{"taxonomy":"category","embeddable":true,"href":"https:\/\/fjala.info\/2009-2015\/wp-json\/wp\/v2\/categories?post=4295"},{"taxonomy":"post_tag","embeddable":true,"href":"https:\/\/fjala.info\/2009-2015\/wp-json\/wp\/v2\/tags?post=4295"}],"curies":[{"name":"wp","href":"https:\/\/api.w.org\/{rel}","templated":true}]}}