{"id":4293,"date":"2012-08-09T22:32:33","date_gmt":"2012-08-09T21:32:33","guid":{"rendered":"http:\/\/www.fjala.info\/?p=4293"},"modified":"2012-08-09T22:32:33","modified_gmt":"2012-08-09T21:32:33","slug":"ak-perendimi-te-izoloje-berishen-pas-kontrollit-mbi-shish","status":"publish","type":"post","link":"https:\/\/fjala.info\/2009-2015\/ak-perendimi-te-izoloje-berishen-pas-kontrollit-mbi-shish\/","title":{"rendered":"AK: Per\u00ebndimi t\u00eb izoloj\u00eb Berish\u00ebn pas kontrollit mbi SHISH"},"content":{"rendered":"<p><img decoding=\"async\" class=\"alignright size-thumbnail wp-image-7236\" title=\"AK takim\" src=\"http:\/\/www.fjala.info\/2012\/ak_takim2.jpg\" alt=\"\" width=\"300\" \/> <strong>TemA Online<\/strong>, <em>9 Gusht 2012<\/em><\/p>\n<p>Aleanca KuqeZi reagon ashp\u00ebr ndaj dekretit t\u00eb Presidentit t\u00eb Republik\u00ebs, Bujar Nishani, p\u00ebr shkarkimin nga detyra t\u00eb Drejtorit t\u00eb Sh\u00ebrbimit Informativ.<\/p>\n<p>\u201cAleanca KuqeZi paralajm\u00ebron nj\u00eb periudh\u00eb t\u00eb v\u00ebshtir\u00eb p\u00ebr mbar\u00eb qytetar\u00ebt, politikan\u00ebt, mediat dhe shoq\u00ebrin\u00eb civile gjat\u00eb vitit t\u00eb ardhsh\u00ebm pasi Sali Berisha po k\u00ebrkon t\u00eb p\u00ebrs\u00ebris\u00eb historin\u00eb e zez\u00eb, at\u00eb t\u00eb vitit 1996,\u201d thuhet n\u00eb deklarat\u00ebn e AK.<\/p>\n<p>N\u00eb deklarat\u00eb theksohet se qytetar\u00ebt duhet t\u00eb ken\u00eb kujdes pasi SHISH \u00ebsht\u00eb kthyer n\u00eb seksion t\u00eb PD-s\u00eb.<\/p>\n<p>\u201cSali Berisha po u tregon e v\u00ebrteton shqiptar\u00ebve se n\u00eb 22 vite nuk ka ndryshuar, \u00ebsht\u00eb po i nj\u00ebjti, por m\u00eb i sofistikuar duke marr\u00eb n\u00ebn kontroll t\u00eb gjitha institucionet e r\u00ebnd\u00ebsis\u00eb s\u00eb ve\u00e7ant\u00eb. Aleanca KuqeZi ka qen\u00eb gjithmon\u00eb pro k\u00ebndv\u00ebshtrimit t\u00eb Shteteve t\u00eb Bashkuara t\u00eb Amerik\u00ebs, t\u00eb cil\u00ebt kan\u00eb insistuar n\u00eb pavar\u00ebsin\u00eb e Prokuroris\u00eb s\u00eb P\u00ebrgjithshme dhe SHISH, t\u00eb cil\u00ebt tashm\u00eb jan\u00eb vet\u00ebm nj\u00eb dekret larg pengmarrjes.<\/p>\n<p>N\u00eb k\u00ebto kushte, Aleanca KuqeZi i b\u00ebn thirrje faktorit nd\u00ebrkomb\u00ebtar q\u00eb t\u00eb rikonsideroj\u00eb marr\u00ebdh\u00ebniet me Sali Berish\u00ebn, kryeministrin e Shqip\u00ebris\u00eb, por jo t\u00eb shqiptar\u00ebve, pasi sjelljet e fundit t\u00eb kryeministrit tregojn\u00eb qart\u00eb se ai \u00ebsht\u00eb i gatsh\u00ebm t\u00eb rrezikoj\u00eb dhe marr\u00ebdh\u00ebniet me SHBA, BE dhe NATO vet\u00ebm p\u00ebr t\u00eb arritur q\u00ebllimet e tij t\u00eb err\u00ebta,\u201d thekson deklarata e AK.<\/p>\n<p>\u201cAleanca KuqeZi e konsideron tashm\u00eb nj\u00eb kapitullim t\u00eb institucioneve t\u00eb pavarura shkarkimin e Drejtorit t\u00eb SHISH dhe i k\u00ebrkon Sali Berish\u00ebs t\u00eb ket\u00eb vet\u00ebm durim derisa n\u00eb vitin 2013 kur shqiptar\u00ebt dhe Aleanca KuqeZi do t\u2019i japin m\u00ebsimin e merituar duke e nxjerr\u00eb n\u00eb pension\u201d.<\/p>\n","protected":false},"excerpt":{"rendered":"<p>TemA Online, 9 Gusht 2012 Aleanca KuqeZi reagon ashp\u00ebr ndaj dekretit t\u00eb Presidentit t\u00eb Republik\u00ebs, Bujar Nishani, p\u00ebr shkarkimin nga detyra t\u00eb Drejtorit t\u00eb Sh\u00ebrbimit Informativ. \u201cAleanca KuqeZi paralajm\u00ebron nj\u00eb periudh\u00eb t\u00eb v\u00ebshtir\u00eb p\u00ebr mbar\u00eb qytetar\u00ebt, politikan\u00ebt, mediat dhe shoq\u00ebrin\u00eb civile gjat\u00eb vitit t\u00eb ardhsh\u00ebm pasi Sali Berisha po k\u00ebrkon t\u00eb p\u00ebrs\u00ebris\u00eb historin\u00eb e zez\u00eb, [&hellip;]<\/p>\n","protected":false},"author":1,"featured_media":0,"comment_status":"open","ping_status":"closed","sticky":false,"template":"","format":"standard","meta":{"footnotes":""},"categories":[2],"tags":[],"class_list":{"0":"post-4293","1":"post","2":"type-post","3":"status-publish","4":"format-standard","6":"category-artikuj"},"yoast_head":"<!-- This site is optimized with the Yoast SEO plugin v27.4 - https:\/\/yoast.com\/product\/yoast-seo-wordpress\/ -->\n<title>AK: Per\u00ebndimi t\u00eb izoloj\u00eb Berish\u00ebn pas kontrollit mbi SHISH - FjALA e LIR\u00cb - Arkivi<\/title>\n<meta name=\"robots\" content=\"index, follow, max-snippet:-1, max-image-preview:large, max-video-preview:-1\" \/>\n<link rel=\"canonical\" href=\"https:\/\/fjala.info\/2009-2015\/ak-perendimi-te-izoloje-berishen-pas-kontrollit-mbi-shish\/\" \/>\n<meta property=\"og:locale\" content=\"sq_AL\" \/>\n<meta property=\"og:type\" content=\"article\" \/>\n<meta property=\"og:title\" content=\"AK: Per\u00ebndimi t\u00eb izoloj\u00eb Berish\u00ebn pas kontrollit mbi SHISH - FjALA e LIR\u00cb - Arkivi\" \/>\n<meta property=\"og:description\" content=\"TemA Online, 9 Gusht 2012 Aleanca KuqeZi reagon ashp\u00ebr ndaj dekretit t\u00eb Presidentit t\u00eb Republik\u00ebs, Bujar Nishani, p\u00ebr shkarkimin nga detyra t\u00eb Drejtorit t\u00eb Sh\u00ebrbimit Informativ. \u201cAleanca KuqeZi paralajm\u00ebron nj\u00eb periudh\u00eb t\u00eb v\u00ebshtir\u00eb p\u00ebr mbar\u00eb qytetar\u00ebt, politikan\u00ebt, mediat dhe shoq\u00ebrin\u00eb civile gjat\u00eb vitit t\u00eb ardhsh\u00ebm pasi Sali Berisha po k\u00ebrkon t\u00eb p\u00ebrs\u00ebris\u00eb historin\u00eb e zez\u00eb, [&hellip;]\" \/>\n<meta property=\"og:url\" content=\"https:\/\/fjala.info\/2009-2015\/ak-perendimi-te-izoloje-berishen-pas-kontrollit-mbi-shish\/\" \/>\n<meta property=\"og:site_name\" content=\"FjALA e LIR\u00cb - Arkivi\" \/>\n<meta property=\"article:published_time\" content=\"2012-08-09T21:32:33+00:00\" \/>\n<meta property=\"og:image\" content=\"http:\/\/www.fjala.info\/2012\/ak_takim2.jpg\" \/>\n<meta name=\"author\" content=\"admin\" \/>\n<meta name=\"twitter:card\" content=\"summary_large_image\" \/>\n<meta name=\"twitter:label1\" content=\"Written by\" \/>\n\t<meta name=\"twitter:data1\" content=\"admin\" \/>\n\t<meta name=\"twitter:label2\" content=\"Est. reading time\" \/>\n\t<meta name=\"twitter:data2\" content=\"2 minutes\" \/>\n<script type=\"application\/ld+json\" class=\"yoast-schema-graph\">{\"@context\":\"https:\\\/\\\/schema.org\",\"@graph\":[{\"@type\":\"Article\",\"@id\":\"https:\\\/\\\/fjala.info\\\/2009-2015\\\/ak-perendimi-te-izoloje-berishen-pas-kontrollit-mbi-shish\\\/#article\",\"isPartOf\":{\"@id\":\"https:\\\/\\\/fjala.info\\\/2009-2015\\\/ak-perendimi-te-izoloje-berishen-pas-kontrollit-mbi-shish\\\/\"},\"author\":{\"name\":\"admin\",\"@id\":\"https:\\\/\\\/fjala.info\\\/2009-2015\\\/#\\\/schema\\\/person\\\/3aa1163ef05469c496fc94e77611ada2\"},\"headline\":\"AK: Per\u00ebndimi t\u00eb izoloj\u00eb Berish\u00ebn pas kontrollit mbi SHISH\",\"datePublished\":\"2012-08-09T21:32:33+00:00\",\"mainEntityOfPage\":{\"@id\":\"https:\\\/\\\/fjala.info\\\/2009-2015\\\/ak-perendimi-te-izoloje-berishen-pas-kontrollit-mbi-shish\\\/\"},\"wordCount\":312,\"commentCount\":0,\"publisher\":{\"@id\":\"https:\\\/\\\/fjala.info\\\/2009-2015\\\/#organization\"},\"image\":{\"@id\":\"https:\\\/\\\/fjala.info\\\/2009-2015\\\/ak-perendimi-te-izoloje-berishen-pas-kontrollit-mbi-shish\\\/#primaryimage\"},\"thumbnailUrl\":\"http:\\\/\\\/www.fjala.info\\\/2012\\\/ak_takim2.jpg\",\"articleSection\":[\"Artikuj\"],\"inLanguage\":\"sq-AL\",\"potentialAction\":[{\"@type\":\"CommentAction\",\"name\":\"Comment\",\"target\":[\"https:\\\/\\\/fjala.info\\\/2009-2015\\\/ak-perendimi-te-izoloje-berishen-pas-kontrollit-mbi-shish\\\/#respond\"]}]},{\"@type\":\"WebPage\",\"@id\":\"https:\\\/\\\/fjala.info\\\/2009-2015\\\/ak-perendimi-te-izoloje-berishen-pas-kontrollit-mbi-shish\\\/\",\"url\":\"https:\\\/\\\/fjala.info\\\/2009-2015\\\/ak-perendimi-te-izoloje-berishen-pas-kontrollit-mbi-shish\\\/\",\"name\":\"AK: Per\u00ebndimi t\u00eb izoloj\u00eb Berish\u00ebn pas kontrollit mbi SHISH - FjALA e LIR\u00cb - Arkivi\",\"isPartOf\":{\"@id\":\"https:\\\/\\\/fjala.info\\\/2009-2015\\\/#website\"},\"primaryImageOfPage\":{\"@id\":\"https:\\\/\\\/fjala.info\\\/2009-2015\\\/ak-perendimi-te-izoloje-berishen-pas-kontrollit-mbi-shish\\\/#primaryimage\"},\"image\":{\"@id\":\"https:\\\/\\\/fjala.info\\\/2009-2015\\\/ak-perendimi-te-izoloje-berishen-pas-kontrollit-mbi-shish\\\/#primaryimage\"},\"thumbnailUrl\":\"http:\\\/\\\/www.fjala.info\\\/2012\\\/ak_takim2.jpg\",\"datePublished\":\"2012-08-09T21:32:33+00:00\",\"breadcrumb\":{\"@id\":\"https:\\\/\\\/fjala.info\\\/2009-2015\\\/ak-perendimi-te-izoloje-berishen-pas-kontrollit-mbi-shish\\\/#breadcrumb\"},\"inLanguage\":\"sq-AL\",\"potentialAction\":[{\"@type\":\"ReadAction\",\"target\":[\"https:\\\/\\\/fjala.info\\\/2009-2015\\\/ak-perendimi-te-izoloje-berishen-pas-kontrollit-mbi-shish\\\/\"]}]},{\"@type\":\"ImageObject\",\"inLanguage\":\"sq-AL\",\"@id\":\"https:\\\/\\\/fjala.info\\\/2009-2015\\\/ak-perendimi-te-izoloje-berishen-pas-kontrollit-mbi-shish\\\/#primaryimage\",\"url\":\"http:\\\/\\\/www.fjala.info\\\/2012\\\/ak_takim2.jpg\",\"contentUrl\":\"http:\\\/\\\/www.fjala.info\\\/2012\\\/ak_takim2.jpg\"},{\"@type\":\"BreadcrumbList\",\"@id\":\"https:\\\/\\\/fjala.info\\\/2009-2015\\\/ak-perendimi-te-izoloje-berishen-pas-kontrollit-mbi-shish\\\/#breadcrumb\",\"itemListElement\":[{\"@type\":\"ListItem\",\"position\":1,\"name\":\"Home\",\"item\":\"https:\\\/\\\/fjala.info\\\/2009-2015\\\/\"},{\"@type\":\"ListItem\",\"position\":2,\"name\":\"AK: Per\u00ebndimi t\u00eb izoloj\u00eb Berish\u00ebn pas kontrollit mbi SHISH\"}]},{\"@type\":\"WebSite\",\"@id\":\"https:\\\/\\\/fjala.info\\\/2009-2015\\\/#website\",\"url\":\"https:\\\/\\\/fjala.info\\\/2009-2015\\\/\",\"name\":\"FjALA e LIR\u00cb - Arkivi\",\"description\":\"Arkivi 2009-2015\",\"publisher\":{\"@id\":\"https:\\\/\\\/fjala.info\\\/2009-2015\\\/#organization\"},\"potentialAction\":[{\"@type\":\"SearchAction\",\"target\":{\"@type\":\"EntryPoint\",\"urlTemplate\":\"https:\\\/\\\/fjala.info\\\/2009-2015\\\/?s={search_term_string}\"},\"query-input\":{\"@type\":\"PropertyValueSpecification\",\"valueRequired\":true,\"valueName\":\"search_term_string\"}}],\"inLanguage\":\"sq-AL\"},{\"@type\":\"Organization\",\"@id\":\"https:\\\/\\\/fjala.info\\\/2009-2015\\\/#organization\",\"name\":\"FjALA e LIR\u00cb - Arkivi\",\"url\":\"https:\\\/\\\/fjala.info\\\/2009-2015\\\/\",\"logo\":{\"@type\":\"ImageObject\",\"inLanguage\":\"sq-AL\",\"@id\":\"https:\\\/\\\/fjala.info\\\/2009-2015\\\/#\\\/schema\\\/logo\\\/image\\\/\",\"url\":\"\",\"contentUrl\":\"\",\"caption\":\"FjALA e LIR\u00cb - Arkivi\"},\"image\":{\"@id\":\"https:\\\/\\\/fjala.info\\\/2009-2015\\\/#\\\/schema\\\/logo\\\/image\\\/\"}},{\"@type\":\"Person\",\"@id\":\"https:\\\/\\\/fjala.info\\\/2009-2015\\\/#\\\/schema\\\/person\\\/3aa1163ef05469c496fc94e77611ada2\",\"name\":\"admin\",\"image\":{\"@type\":\"ImageObject\",\"inLanguage\":\"sq-AL\",\"@id\":\"https:\\\/\\\/fjala.info\\\/2009-2015\\\/wp-content\\\/uploads\\\/2012\\\/02\\\/arben_cokaj-120x150.jpg\",\"url\":\"https:\\\/\\\/fjala.info\\\/2009-2015\\\/wp-content\\\/uploads\\\/2012\\\/02\\\/arben_cokaj-120x150.jpg\",\"contentUrl\":\"https:\\\/\\\/fjala.info\\\/2009-2015\\\/wp-content\\\/uploads\\\/2012\\\/02\\\/arben_cokaj-120x150.jpg\",\"caption\":\"admin\"},\"description\":\"Admin, Fjala e Lir\u00eb\",\"sameAs\":[\"https:\\\/\\\/fjala.info\\\/\"],\"url\":\"https:\\\/\\\/fjala.info\\\/2009-2015\\\/author\\\/admin\\\/\"}]}<\/script>\n<!-- \/ Yoast SEO plugin. -->","yoast_head_json":{"title":"AK: Per\u00ebndimi t\u00eb izoloj\u00eb Berish\u00ebn pas kontrollit mbi SHISH - FjALA e LIR\u00cb - Arkivi","robots":{"index":"index","follow":"follow","max-snippet":"max-snippet:-1","max-image-preview":"max-image-preview:large","max-video-preview":"max-video-preview:-1"},"canonical":"https:\/\/fjala.info\/2009-2015\/ak-perendimi-te-izoloje-berishen-pas-kontrollit-mbi-shish\/","og_locale":"sq_AL","og_type":"article","og_title":"AK: Per\u00ebndimi t\u00eb izoloj\u00eb Berish\u00ebn pas kontrollit mbi SHISH - FjALA e LIR\u00cb - Arkivi","og_description":"TemA Online, 9 Gusht 2012 Aleanca KuqeZi reagon ashp\u00ebr ndaj dekretit t\u00eb Presidentit t\u00eb Republik\u00ebs, Bujar Nishani, p\u00ebr shkarkimin nga detyra t\u00eb Drejtorit t\u00eb Sh\u00ebrbimit Informativ. \u201cAleanca KuqeZi paralajm\u00ebron nj\u00eb periudh\u00eb t\u00eb v\u00ebshtir\u00eb p\u00ebr mbar\u00eb qytetar\u00ebt, politikan\u00ebt, mediat dhe shoq\u00ebrin\u00eb civile gjat\u00eb vitit t\u00eb ardhsh\u00ebm pasi Sali Berisha po k\u00ebrkon t\u00eb p\u00ebrs\u00ebris\u00eb historin\u00eb e zez\u00eb, [&hellip;]","og_url":"https:\/\/fjala.info\/2009-2015\/ak-perendimi-te-izoloje-berishen-pas-kontrollit-mbi-shish\/","og_site_name":"FjALA e LIR\u00cb - Arkivi","article_published_time":"2012-08-09T21:32:33+00:00","og_image":[{"url":"http:\/\/www.fjala.info\/2012\/ak_takim2.jpg","type":"","width":"","height":""}],"author":"admin","twitter_card":"summary_large_image","twitter_misc":{"Written by":"admin","Est. reading time":"2 minutes"},"schema":{"@context":"https:\/\/schema.org","@graph":[{"@type":"Article","@id":"https:\/\/fjala.info\/2009-2015\/ak-perendimi-te-izoloje-berishen-pas-kontrollit-mbi-shish\/#article","isPartOf":{"@id":"https:\/\/fjala.info\/2009-2015\/ak-perendimi-te-izoloje-berishen-pas-kontrollit-mbi-shish\/"},"author":{"name":"admin","@id":"https:\/\/fjala.info\/2009-2015\/#\/schema\/person\/3aa1163ef05469c496fc94e77611ada2"},"headline":"AK: Per\u00ebndimi t\u00eb izoloj\u00eb Berish\u00ebn pas kontrollit mbi SHISH","datePublished":"2012-08-09T21:32:33+00:00","mainEntityOfPage":{"@id":"https:\/\/fjala.info\/2009-2015\/ak-perendimi-te-izoloje-berishen-pas-kontrollit-mbi-shish\/"},"wordCount":312,"commentCount":0,"publisher":{"@id":"https:\/\/fjala.info\/2009-2015\/#organization"},"image":{"@id":"https:\/\/fjala.info\/2009-2015\/ak-perendimi-te-izoloje-berishen-pas-kontrollit-mbi-shish\/#primaryimage"},"thumbnailUrl":"http:\/\/www.fjala.info\/2012\/ak_takim2.jpg","articleSection":["Artikuj"],"inLanguage":"sq-AL","potentialAction":[{"@type":"CommentAction","name":"Comment","target":["https:\/\/fjala.info\/2009-2015\/ak-perendimi-te-izoloje-berishen-pas-kontrollit-mbi-shish\/#respond"]}]},{"@type":"WebPage","@id":"https:\/\/fjala.info\/2009-2015\/ak-perendimi-te-izoloje-berishen-pas-kontrollit-mbi-shish\/","url":"https:\/\/fjala.info\/2009-2015\/ak-perendimi-te-izoloje-berishen-pas-kontrollit-mbi-shish\/","name":"AK: Per\u00ebndimi t\u00eb izoloj\u00eb Berish\u00ebn pas kontrollit mbi SHISH - FjALA e LIR\u00cb - Arkivi","isPartOf":{"@id":"https:\/\/fjala.info\/2009-2015\/#website"},"primaryImageOfPage":{"@id":"https:\/\/fjala.info\/2009-2015\/ak-perendimi-te-izoloje-berishen-pas-kontrollit-mbi-shish\/#primaryimage"},"image":{"@id":"https:\/\/fjala.info\/2009-2015\/ak-perendimi-te-izoloje-berishen-pas-kontrollit-mbi-shish\/#primaryimage"},"thumbnailUrl":"http:\/\/www.fjala.info\/2012\/ak_takim2.jpg","datePublished":"2012-08-09T21:32:33+00:00","breadcrumb":{"@id":"https:\/\/fjala.info\/2009-2015\/ak-perendimi-te-izoloje-berishen-pas-kontrollit-mbi-shish\/#breadcrumb"},"inLanguage":"sq-AL","potentialAction":[{"@type":"ReadAction","target":["https:\/\/fjala.info\/2009-2015\/ak-perendimi-te-izoloje-berishen-pas-kontrollit-mbi-shish\/"]}]},{"@type":"ImageObject","inLanguage":"sq-AL","@id":"https:\/\/fjala.info\/2009-2015\/ak-perendimi-te-izoloje-berishen-pas-kontrollit-mbi-shish\/#primaryimage","url":"http:\/\/www.fjala.info\/2012\/ak_takim2.jpg","contentUrl":"http:\/\/www.fjala.info\/2012\/ak_takim2.jpg"},{"@type":"BreadcrumbList","@id":"https:\/\/fjala.info\/2009-2015\/ak-perendimi-te-izoloje-berishen-pas-kontrollit-mbi-shish\/#breadcrumb","itemListElement":[{"@type":"ListItem","position":1,"name":"Home","item":"https:\/\/fjala.info\/2009-2015\/"},{"@type":"ListItem","position":2,"name":"AK: Per\u00ebndimi t\u00eb izoloj\u00eb Berish\u00ebn pas kontrollit mbi SHISH"}]},{"@type":"WebSite","@id":"https:\/\/fjala.info\/2009-2015\/#website","url":"https:\/\/fjala.info\/2009-2015\/","name":"FjALA e LIR\u00cb - Arkivi","description":"Arkivi 2009-2015","publisher":{"@id":"https:\/\/fjala.info\/2009-2015\/#organization"},"potentialAction":[{"@type":"SearchAction","target":{"@type":"EntryPoint","urlTemplate":"https:\/\/fjala.info\/2009-2015\/?s={search_term_string}"},"query-input":{"@type":"PropertyValueSpecification","valueRequired":true,"valueName":"search_term_string"}}],"inLanguage":"sq-AL"},{"@type":"Organization","@id":"https:\/\/fjala.info\/2009-2015\/#organization","name":"FjALA e LIR\u00cb - Arkivi","url":"https:\/\/fjala.info\/2009-2015\/","logo":{"@type":"ImageObject","inLanguage":"sq-AL","@id":"https:\/\/fjala.info\/2009-2015\/#\/schema\/logo\/image\/","url":"","contentUrl":"","caption":"FjALA e LIR\u00cb - Arkivi"},"image":{"@id":"https:\/\/fjala.info\/2009-2015\/#\/schema\/logo\/image\/"}},{"@type":"Person","@id":"https:\/\/fjala.info\/2009-2015\/#\/schema\/person\/3aa1163ef05469c496fc94e77611ada2","name":"admin","image":{"@type":"ImageObject","inLanguage":"sq-AL","@id":"https:\/\/fjala.info\/2009-2015\/wp-content\/uploads\/2012\/02\/arben_cokaj-120x150.jpg","url":"https:\/\/fjala.info\/2009-2015\/wp-content\/uploads\/2012\/02\/arben_cokaj-120x150.jpg","contentUrl":"https:\/\/fjala.info\/2009-2015\/wp-content\/uploads\/2012\/02\/arben_cokaj-120x150.jpg","caption":"admin"},"description":"Admin, Fjala e Lir\u00eb","sameAs":["https:\/\/fjala.info\/"],"url":"https:\/\/fjala.info\/2009-2015\/author\/admin\/"}]}},"_links":{"self":[{"href":"https:\/\/fjala.info\/2009-2015\/wp-json\/wp\/v2\/posts\/4293","targetHints":{"allow":["GET"]}}],"collection":[{"href":"https:\/\/fjala.info\/2009-2015\/wp-json\/wp\/v2\/posts"}],"about":[{"href":"https:\/\/fjala.info\/2009-2015\/wp-json\/wp\/v2\/types\/post"}],"author":[{"embeddable":true,"href":"https:\/\/fjala.info\/2009-2015\/wp-json\/wp\/v2\/users\/1"}],"replies":[{"embeddable":true,"href":"https:\/\/fjala.info\/2009-2015\/wp-json\/wp\/v2\/comments?post=4293"}],"version-history":[{"count":0,"href":"https:\/\/fjala.info\/2009-2015\/wp-json\/wp\/v2\/posts\/4293\/revisions"}],"wp:attachment":[{"href":"https:\/\/fjala.info\/2009-2015\/wp-json\/wp\/v2\/media?parent=4293"}],"wp:term":[{"taxonomy":"category","embeddable":true,"href":"https:\/\/fjala.info\/2009-2015\/wp-json\/wp\/v2\/categories?post=4293"},{"taxonomy":"post_tag","embeddable":true,"href":"https:\/\/fjala.info\/2009-2015\/wp-json\/wp\/v2\/tags?post=4293"}],"curies":[{"name":"wp","href":"https:\/\/api.w.org\/{rel}","templated":true}]}}