{"id":4292,"date":"2010-10-12T10:06:02","date_gmt":"2010-10-12T09:06:02","guid":{"rendered":"http:\/\/fjala.shkoder.net\/?p=4292"},"modified":"2010-10-12T10:06:02","modified_gmt":"2010-10-12T09:06:02","slug":"cfare-i-ben-pershtypje-rinise-shqiptare","status":"publish","type":"post","link":"https:\/\/fjala.info\/2009-2015\/cfare-i-ben-pershtypje-rinise-shqiptare\/","title":{"rendered":"\u00c7far\u00eb i b\u00ebn p\u00ebrshtypje rinis\u00eb shqiptare?"},"content":{"rendered":"<p>Nga <strong>Enton Palushi<\/strong><\/p>\n<p>Para disa dit\u00ebsh, nj\u00eb grup organizatash rinore, t\u00eb quajtur \u201cfederalist\u00ebt e rinj\u201d, takuan kryeministrin Sali Berisha dhe m\u00eb pas hartuan nj\u00eb rezolut\u00eb, ku me t\u00eb drejt\u00eb k\u00ebrkonin nga Bashkimi Europian heqjen e vizave p\u00ebr Shqip\u00ebrin\u00eb dhe Bosnjen. L\u00ebvizja e lir\u00eb \u00ebsht\u00eb nj\u00eb problem i madh p\u00ebr shoq\u00ebrin\u00eb ton\u00eb, e sidomos p\u00ebr rinin\u00eb. <\/p>\n<p>Kur sheh k\u00ebt\u00eb iniciativ\u00eb q\u00eb grumbulloi me dhjet\u00ebra organizata t\u00eb rinjsh, t\u00eb lind pyetja se \u00e7far\u00eb i b\u00ebn p\u00ebrshtypje rinis\u00eb s\u00eb fjetur shqiptare? A thua \u00ebsht\u00eb problemi i heqjes s\u00eb vizave ai q\u00eb ka ngelur p\u00ebr tu zgjidhur p\u00ebr ta?<\/p>\n<p>A i b\u00ebn p\u00ebrshtypje rinis\u00eb s\u00eb k\u00ebtij vendi fakti q\u00eb Organizata Bot\u00ebrore e Sh\u00ebndet\u00ebsis\u00eb jep alarmin se Shqip\u00ebria e Rusia kan\u00eb nivel rekord vrasjesh t\u00eb t\u00eb rinjve? <\/p>\n<p>A thua nuk e gjejn\u00eb shqet\u00ebsues faktin se ndryshe nga Rusia, m\u00ebnyra dhe q\u00ebllimet e vrasjes s\u00eb t\u00eb rinjve k\u00ebtu jan\u00eb m\u00eb makabre?<\/p>\n<p>Si ndjehen ata kur d\u00ebgjojn\u00eb q\u00eb nj\u00eb i ri shuhet p\u00ebr nj\u00eb var\u00ebse, p\u00ebr nj\u00eb parakalim me makin\u00eb, apo edhe p\u00ebr nj\u00eb shikim n\u00eb sy?<\/p>\n<p>A ndjehen keq ata kur shohin q\u00eb nj\u00eb pastor i ri, q\u00eb kishte zgjedhur rrug\u00ebn e Zotit, vritet n\u00eb mes t\u00eb dit\u00ebs, n\u00eb qend\u00ebr t\u00eb nj\u00eb qyteti, pa b\u00ebr\u00eb asnj\u00eb faj?<\/p>\n<p>Si u duken atyre lajmet e vrasjeve t\u00eb nj\u00ebpasnj\u00ebshme n\u00eb familje?<\/p>\n<p>Si e shohin ata rritjen ekonomike n\u00eb vend, q\u00eb nuk p\u00ebrkthehet \u00e7udit\u00ebrisht n\u00eb vende t\u00eb reja pune? Sapo raportoi rritje ekonomike n\u00eb tremujorin e par\u00eb t\u00eb sivjet\u00ebm, Gjermania e p\u00ebrktheu direkt at\u00eb n\u00eb ulje papun\u00ebsie. Po ashtu Brazili, nd\u00ebrsa nderon presidentin e larguar, Lula, kujton se rritja ekonomike aty solli ulje t\u00eb ndjeshme t\u00eb papun\u00ebsis\u00eb.<\/p>\n<p>\u00c7far\u00eb mendon rinia jon\u00eb kur sheh kryeministrin shqiptar, q\u00eb pret shirita inagurimi n\u00ebp\u00ebr dyqane e supermarkete, por jo aty ku gjenerohen vende pune?<\/p>\n<p>A u duket e p\u00ebshtir\u00eb kur shohin se n\u00eb prezantimin e mb\u00ebrritjes s\u00eb makin\u00ebs BMW X6 n\u00eb Shqip\u00ebri, sheh nj\u00eb dyzin\u00eb qeveritar\u00ebsh?<\/p>\n<p>\u00c7far\u00eb simbolike ka kjo makin\u00eb luksi p\u00ebr vendin ton\u00eb t\u00eb varf\u00ebr e p\u00ebr ministrat e pasur?<\/p>\n<p>Si ndjehen kur shohin moshatar\u00eb t\u00eb tyre q\u00eb \u00e7ojn\u00eb gjith\u00eb dit\u00ebn d\u00ebm duke sh\u00ebtitur n\u00eb po k\u00ebto makina?<\/p>\n<p>A e kan\u00eb lexuar lajmin e renditjes s\u00eb universiteteve shqiptare n\u00eb list\u00ebn e universiteteve bot\u00ebore?<\/p>\n<p>\u00c7\u2019mendojn\u00eb p\u00ebr kryeministrin q\u00eb flet p\u00ebr rritjen e numrit t\u00eb student\u00ebve me mij\u00ebra, pas k\u00ebsaj renditje posht\u00ebruese?<\/p>\n<p>M\u00eb e r\u00ebnd\u00ebsishmja, si u duket atyre q\u00eb kemi zgjedhur t\u00eb jetojm\u00eb n\u00eb nj\u00eb sistem, q\u00eb dallon nga i m\u00ebparshmi nga e drejta e vot\u00ebs, e k\u00ebt\u00eb t\u00eb drejt\u00eb nuk e kemi arritur ende?<\/p>\n<p>Si ju duket atyre q\u00eb pas 20 viteve ne nuk jemi askund pran\u00eb standardit t\u00eb zgjedhjeve t\u00eb ndershme, q\u00eb n\u00ebnkupton pjes\u00ebn e mosmanipulimit me flet\u00ebn t\u00ebnde t\u00eb votimit?<\/p>\n<p>A nuk \u00ebsht\u00eb e v\u00ebrtet\u00eb kjo p\u00ebr sa koh\u00eb nuk shohim \u00e7far\u00eb \u00ebsht\u00eb hedhur n\u00eb kuti?<\/p>\n<p>P\u00ebr t\u00eb mos folur pastaj p\u00ebr t\u00eb shkuar tek zgjedhjet e lira, ku gjithkush e shpreh hapur mendimin e tij. Duke th\u00ebn\u00eb k\u00ebt\u00eb, m\u00eb kujtohet nj\u00eb reportazh i ca aktivist\u00ebve t\u00eb shoq\u00ebris\u00eb civile shqiptare nga zgjedhjet n\u00eb Bjellorusi. Pasi monitoruan procesin zgjedhor, pan\u00eb se nuk kishte asnj\u00eb parregullsi, por Lukashenko u shpall fitues. Sigurisht nuk fol\u00ebn p\u00ebr parregullsi, por p\u00ebr faktin se njer\u00ebzit nuk ishin t\u00eb lir\u00eb t\u00eb votonin at\u00eb q\u00eb donin. Sa larg jemi ne q\u00eb nuk kemi as liri, e madje vota na vidhet n\u00eb kuti?<\/p>\n<p>A nuk \u00ebsht\u00eb posht\u00ebruese nd\u00ebrsa sheh diskutime pa fund p\u00ebr reforma zgjedhore apo propozime t\u00eb kryeministrit p\u00ebr votim elektronik, kur kjo qeveri nuk num\u00ebron disa copa letrash me nj\u00eb kryq sip\u00ebr?<\/p>\n<p>A e dini se \u00e7\u2019thoshin monitoruesit nd\u00ebrkomb\u00ebtare p\u00ebr teknologjin\u00eb e monitorimit me kamera t\u00eb num\u00ebrimit t\u00eb votave n\u00eb vendin ton\u00eb?<\/p>\n<p>A mendon rinia jon\u00eb se problemi i votave, tenderave e prokurimeve ka ngecur se nuk ka hyr\u00eb akoma online? Sa p\u00ebr ilustrim, para pak dit\u00ebsh stafi i revist\u00ebs \u201cForbes\u201d, b\u00ebri nj\u00eb parashikim p\u00ebr ngjarjet q\u00eb do ndodhnin n\u00eb 10 vitet e ardhshme. Sipas tyre n\u00eb vitin 2016 Amerika do votoj\u00eb p\u00ebrmes internetit, por ky proces do shoq\u00ebrohet me abuzime.<\/p>\n<p>Si ndjehen ata kur lexojn\u00eb mediat e Brukselit, q\u00eb thon\u00eb se po t\u00eb mos ishte presioni europian, kryeministrat Berisha, Dodik e Gruevski nuk nd\u00ebrmarrin asnj\u00eb reform\u00eb?<\/p>\n<p>A thua \u00e7far\u00eb mund t\u00eb imagjinojm\u00eb ne n\u00ebse do t\u00eb ishim shtetas t\u00eb kontinentit aziatik, amerikano-jugor apo afrikan, me t\u00eb nj\u00ebjtin kryeminist\u00ebr?<\/p>\n<p>Ndaj gj\u00ebja e vetme q\u00eb duhet t\u00eb thoshin n\u00eb at\u00eb takim me kryeministrin Berisha duhej t\u00eb ishte kjo: E keqja m\u00eb e vog\u00ebl, shyqyr Zotit q\u00eb lind\u00ebm n\u00eb k\u00ebt\u00eb kontinent!<\/p>\n","protected":false},"excerpt":{"rendered":"<p>Nga Enton Palushi Para disa dit\u00ebsh, nj\u00eb grup organizatash rinore, t\u00eb quajtur \u201cfederalist\u00ebt e rinj\u201d, takuan kryeministrin Sali Berisha dhe m\u00eb pas hartuan nj\u00eb rezolut\u00eb, ku me t\u00eb drejt\u00eb k\u00ebrkonin nga Bashkimi Europian heqjen e vizave p\u00ebr Shqip\u00ebrin\u00eb dhe Bosnjen. L\u00ebvizja e lir\u00eb \u00ebsht\u00eb nj\u00eb problem i madh p\u00ebr shoq\u00ebrin\u00eb ton\u00eb, e sidomos p\u00ebr rinin\u00eb. [&hellip;]<\/p>\n","protected":false},"author":1,"featured_media":0,"comment_status":"open","ping_status":"closed","sticky":false,"template":"","format":"standard","meta":{"footnotes":""},"categories":[2],"tags":[],"class_list":{"0":"post-4292","1":"post","2":"type-post","3":"status-publish","4":"format-standard","6":"category-artikuj"},"yoast_head":"<!-- This site is optimized with the Yoast SEO plugin v27.4 - https:\/\/yoast.com\/product\/yoast-seo-wordpress\/ -->\n<title>\u00c7far\u00eb i b\u00ebn p\u00ebrshtypje rinis\u00eb shqiptare? - FjALA e LIR\u00cb - Arkivi<\/title>\n<meta name=\"robots\" content=\"index, follow, max-snippet:-1, max-image-preview:large, max-video-preview:-1\" \/>\n<link rel=\"canonical\" href=\"https:\/\/fjala.info\/2009-2015\/cfare-i-ben-pershtypje-rinise-shqiptare\/\" \/>\n<meta property=\"og:locale\" content=\"sq_AL\" \/>\n<meta property=\"og:type\" content=\"article\" \/>\n<meta property=\"og:title\" content=\"\u00c7far\u00eb i b\u00ebn p\u00ebrshtypje rinis\u00eb shqiptare? - FjALA e LIR\u00cb - Arkivi\" \/>\n<meta property=\"og:description\" content=\"Nga Enton Palushi Para disa dit\u00ebsh, nj\u00eb grup organizatash rinore, t\u00eb quajtur \u201cfederalist\u00ebt e rinj\u201d, takuan kryeministrin Sali Berisha dhe m\u00eb pas hartuan nj\u00eb rezolut\u00eb, ku me t\u00eb drejt\u00eb k\u00ebrkonin nga Bashkimi Europian heqjen e vizave p\u00ebr Shqip\u00ebrin\u00eb dhe Bosnjen. L\u00ebvizja e lir\u00eb \u00ebsht\u00eb nj\u00eb problem i madh p\u00ebr shoq\u00ebrin\u00eb ton\u00eb, e sidomos p\u00ebr rinin\u00eb. [&hellip;]\" \/>\n<meta property=\"og:url\" content=\"https:\/\/fjala.info\/2009-2015\/cfare-i-ben-pershtypje-rinise-shqiptare\/\" \/>\n<meta property=\"og:site_name\" content=\"FjALA e LIR\u00cb - Arkivi\" \/>\n<meta property=\"article:published_time\" content=\"2010-10-12T09:06:02+00:00\" \/>\n<meta name=\"author\" content=\"admin\" \/>\n<meta name=\"twitter:card\" content=\"summary_large_image\" \/>\n<meta name=\"twitter:label1\" content=\"Written by\" \/>\n\t<meta name=\"twitter:data1\" content=\"admin\" \/>\n\t<meta name=\"twitter:label2\" content=\"Est. reading time\" \/>\n\t<meta name=\"twitter:data2\" content=\"4 minutes\" \/>\n<script type=\"application\/ld+json\" class=\"yoast-schema-graph\">{\"@context\":\"https:\\\/\\\/schema.org\",\"@graph\":[{\"@type\":\"Article\",\"@id\":\"https:\\\/\\\/fjala.info\\\/2009-2015\\\/cfare-i-ben-pershtypje-rinise-shqiptare\\\/#article\",\"isPartOf\":{\"@id\":\"https:\\\/\\\/fjala.info\\\/2009-2015\\\/cfare-i-ben-pershtypje-rinise-shqiptare\\\/\"},\"author\":{\"name\":\"admin\",\"@id\":\"https:\\\/\\\/fjala.info\\\/2009-2015\\\/#\\\/schema\\\/person\\\/3aa1163ef05469c496fc94e77611ada2\"},\"headline\":\"\u00c7far\u00eb i b\u00ebn p\u00ebrshtypje rinis\u00eb shqiptare?\",\"datePublished\":\"2010-10-12T09:06:02+00:00\",\"mainEntityOfPage\":{\"@id\":\"https:\\\/\\\/fjala.info\\\/2009-2015\\\/cfare-i-ben-pershtypje-rinise-shqiptare\\\/\"},\"wordCount\":849,\"commentCount\":0,\"publisher\":{\"@id\":\"https:\\\/\\\/fjala.info\\\/2009-2015\\\/#organization\"},\"articleSection\":[\"Artikuj\"],\"inLanguage\":\"sq-AL\",\"potentialAction\":[{\"@type\":\"CommentAction\",\"name\":\"Comment\",\"target\":[\"https:\\\/\\\/fjala.info\\\/2009-2015\\\/cfare-i-ben-pershtypje-rinise-shqiptare\\\/#respond\"]}]},{\"@type\":\"WebPage\",\"@id\":\"https:\\\/\\\/fjala.info\\\/2009-2015\\\/cfare-i-ben-pershtypje-rinise-shqiptare\\\/\",\"url\":\"https:\\\/\\\/fjala.info\\\/2009-2015\\\/cfare-i-ben-pershtypje-rinise-shqiptare\\\/\",\"name\":\"\u00c7far\u00eb i b\u00ebn p\u00ebrshtypje rinis\u00eb shqiptare? - FjALA e LIR\u00cb - Arkivi\",\"isPartOf\":{\"@id\":\"https:\\\/\\\/fjala.info\\\/2009-2015\\\/#website\"},\"datePublished\":\"2010-10-12T09:06:02+00:00\",\"breadcrumb\":{\"@id\":\"https:\\\/\\\/fjala.info\\\/2009-2015\\\/cfare-i-ben-pershtypje-rinise-shqiptare\\\/#breadcrumb\"},\"inLanguage\":\"sq-AL\",\"potentialAction\":[{\"@type\":\"ReadAction\",\"target\":[\"https:\\\/\\\/fjala.info\\\/2009-2015\\\/cfare-i-ben-pershtypje-rinise-shqiptare\\\/\"]}]},{\"@type\":\"BreadcrumbList\",\"@id\":\"https:\\\/\\\/fjala.info\\\/2009-2015\\\/cfare-i-ben-pershtypje-rinise-shqiptare\\\/#breadcrumb\",\"itemListElement\":[{\"@type\":\"ListItem\",\"position\":1,\"name\":\"Home\",\"item\":\"https:\\\/\\\/fjala.info\\\/2009-2015\\\/\"},{\"@type\":\"ListItem\",\"position\":2,\"name\":\"\u00c7far\u00eb i b\u00ebn p\u00ebrshtypje rinis\u00eb shqiptare?\"}]},{\"@type\":\"WebSite\",\"@id\":\"https:\\\/\\\/fjala.info\\\/2009-2015\\\/#website\",\"url\":\"https:\\\/\\\/fjala.info\\\/2009-2015\\\/\",\"name\":\"FjALA e LIR\u00cb - Arkivi\",\"description\":\"Arkivi 2009-2015\",\"publisher\":{\"@id\":\"https:\\\/\\\/fjala.info\\\/2009-2015\\\/#organization\"},\"potentialAction\":[{\"@type\":\"SearchAction\",\"target\":{\"@type\":\"EntryPoint\",\"urlTemplate\":\"https:\\\/\\\/fjala.info\\\/2009-2015\\\/?s={search_term_string}\"},\"query-input\":{\"@type\":\"PropertyValueSpecification\",\"valueRequired\":true,\"valueName\":\"search_term_string\"}}],\"inLanguage\":\"sq-AL\"},{\"@type\":\"Organization\",\"@id\":\"https:\\\/\\\/fjala.info\\\/2009-2015\\\/#organization\",\"name\":\"FjALA e LIR\u00cb - Arkivi\",\"url\":\"https:\\\/\\\/fjala.info\\\/2009-2015\\\/\",\"logo\":{\"@type\":\"ImageObject\",\"inLanguage\":\"sq-AL\",\"@id\":\"https:\\\/\\\/fjala.info\\\/2009-2015\\\/#\\\/schema\\\/logo\\\/image\\\/\",\"url\":\"\",\"contentUrl\":\"\",\"caption\":\"FjALA e LIR\u00cb - Arkivi\"},\"image\":{\"@id\":\"https:\\\/\\\/fjala.info\\\/2009-2015\\\/#\\\/schema\\\/logo\\\/image\\\/\"}},{\"@type\":\"Person\",\"@id\":\"https:\\\/\\\/fjala.info\\\/2009-2015\\\/#\\\/schema\\\/person\\\/3aa1163ef05469c496fc94e77611ada2\",\"name\":\"admin\",\"image\":{\"@type\":\"ImageObject\",\"inLanguage\":\"sq-AL\",\"@id\":\"https:\\\/\\\/fjala.info\\\/2009-2015\\\/wp-content\\\/uploads\\\/2012\\\/02\\\/arben_cokaj-120x150.jpg\",\"url\":\"https:\\\/\\\/fjala.info\\\/2009-2015\\\/wp-content\\\/uploads\\\/2012\\\/02\\\/arben_cokaj-120x150.jpg\",\"contentUrl\":\"https:\\\/\\\/fjala.info\\\/2009-2015\\\/wp-content\\\/uploads\\\/2012\\\/02\\\/arben_cokaj-120x150.jpg\",\"caption\":\"admin\"},\"description\":\"Admin, Fjala e Lir\u00eb\",\"sameAs\":[\"https:\\\/\\\/fjala.info\\\/\"],\"url\":\"https:\\\/\\\/fjala.info\\\/2009-2015\\\/author\\\/admin\\\/\"}]}<\/script>\n<!-- \/ Yoast SEO plugin. -->","yoast_head_json":{"title":"\u00c7far\u00eb i b\u00ebn p\u00ebrshtypje rinis\u00eb shqiptare? - FjALA e LIR\u00cb - Arkivi","robots":{"index":"index","follow":"follow","max-snippet":"max-snippet:-1","max-image-preview":"max-image-preview:large","max-video-preview":"max-video-preview:-1"},"canonical":"https:\/\/fjala.info\/2009-2015\/cfare-i-ben-pershtypje-rinise-shqiptare\/","og_locale":"sq_AL","og_type":"article","og_title":"\u00c7far\u00eb i b\u00ebn p\u00ebrshtypje rinis\u00eb shqiptare? - FjALA e LIR\u00cb - Arkivi","og_description":"Nga Enton Palushi Para disa dit\u00ebsh, nj\u00eb grup organizatash rinore, t\u00eb quajtur \u201cfederalist\u00ebt e rinj\u201d, takuan kryeministrin Sali Berisha dhe m\u00eb pas hartuan nj\u00eb rezolut\u00eb, ku me t\u00eb drejt\u00eb k\u00ebrkonin nga Bashkimi Europian heqjen e vizave p\u00ebr Shqip\u00ebrin\u00eb dhe Bosnjen. L\u00ebvizja e lir\u00eb \u00ebsht\u00eb nj\u00eb problem i madh p\u00ebr shoq\u00ebrin\u00eb ton\u00eb, e sidomos p\u00ebr rinin\u00eb. [&hellip;]","og_url":"https:\/\/fjala.info\/2009-2015\/cfare-i-ben-pershtypje-rinise-shqiptare\/","og_site_name":"FjALA e LIR\u00cb - Arkivi","article_published_time":"2010-10-12T09:06:02+00:00","author":"admin","twitter_card":"summary_large_image","twitter_misc":{"Written by":"admin","Est. reading time":"4 minutes"},"schema":{"@context":"https:\/\/schema.org","@graph":[{"@type":"Article","@id":"https:\/\/fjala.info\/2009-2015\/cfare-i-ben-pershtypje-rinise-shqiptare\/#article","isPartOf":{"@id":"https:\/\/fjala.info\/2009-2015\/cfare-i-ben-pershtypje-rinise-shqiptare\/"},"author":{"name":"admin","@id":"https:\/\/fjala.info\/2009-2015\/#\/schema\/person\/3aa1163ef05469c496fc94e77611ada2"},"headline":"\u00c7far\u00eb i b\u00ebn p\u00ebrshtypje rinis\u00eb shqiptare?","datePublished":"2010-10-12T09:06:02+00:00","mainEntityOfPage":{"@id":"https:\/\/fjala.info\/2009-2015\/cfare-i-ben-pershtypje-rinise-shqiptare\/"},"wordCount":849,"commentCount":0,"publisher":{"@id":"https:\/\/fjala.info\/2009-2015\/#organization"},"articleSection":["Artikuj"],"inLanguage":"sq-AL","potentialAction":[{"@type":"CommentAction","name":"Comment","target":["https:\/\/fjala.info\/2009-2015\/cfare-i-ben-pershtypje-rinise-shqiptare\/#respond"]}]},{"@type":"WebPage","@id":"https:\/\/fjala.info\/2009-2015\/cfare-i-ben-pershtypje-rinise-shqiptare\/","url":"https:\/\/fjala.info\/2009-2015\/cfare-i-ben-pershtypje-rinise-shqiptare\/","name":"\u00c7far\u00eb i b\u00ebn p\u00ebrshtypje rinis\u00eb shqiptare? - FjALA e LIR\u00cb - Arkivi","isPartOf":{"@id":"https:\/\/fjala.info\/2009-2015\/#website"},"datePublished":"2010-10-12T09:06:02+00:00","breadcrumb":{"@id":"https:\/\/fjala.info\/2009-2015\/cfare-i-ben-pershtypje-rinise-shqiptare\/#breadcrumb"},"inLanguage":"sq-AL","potentialAction":[{"@type":"ReadAction","target":["https:\/\/fjala.info\/2009-2015\/cfare-i-ben-pershtypje-rinise-shqiptare\/"]}]},{"@type":"BreadcrumbList","@id":"https:\/\/fjala.info\/2009-2015\/cfare-i-ben-pershtypje-rinise-shqiptare\/#breadcrumb","itemListElement":[{"@type":"ListItem","position":1,"name":"Home","item":"https:\/\/fjala.info\/2009-2015\/"},{"@type":"ListItem","position":2,"name":"\u00c7far\u00eb i b\u00ebn p\u00ebrshtypje rinis\u00eb shqiptare?"}]},{"@type":"WebSite","@id":"https:\/\/fjala.info\/2009-2015\/#website","url":"https:\/\/fjala.info\/2009-2015\/","name":"FjALA e LIR\u00cb - Arkivi","description":"Arkivi 2009-2015","publisher":{"@id":"https:\/\/fjala.info\/2009-2015\/#organization"},"potentialAction":[{"@type":"SearchAction","target":{"@type":"EntryPoint","urlTemplate":"https:\/\/fjala.info\/2009-2015\/?s={search_term_string}"},"query-input":{"@type":"PropertyValueSpecification","valueRequired":true,"valueName":"search_term_string"}}],"inLanguage":"sq-AL"},{"@type":"Organization","@id":"https:\/\/fjala.info\/2009-2015\/#organization","name":"FjALA e LIR\u00cb - Arkivi","url":"https:\/\/fjala.info\/2009-2015\/","logo":{"@type":"ImageObject","inLanguage":"sq-AL","@id":"https:\/\/fjala.info\/2009-2015\/#\/schema\/logo\/image\/","url":"","contentUrl":"","caption":"FjALA e LIR\u00cb - Arkivi"},"image":{"@id":"https:\/\/fjala.info\/2009-2015\/#\/schema\/logo\/image\/"}},{"@type":"Person","@id":"https:\/\/fjala.info\/2009-2015\/#\/schema\/person\/3aa1163ef05469c496fc94e77611ada2","name":"admin","image":{"@type":"ImageObject","inLanguage":"sq-AL","@id":"https:\/\/fjala.info\/2009-2015\/wp-content\/uploads\/2012\/02\/arben_cokaj-120x150.jpg","url":"https:\/\/fjala.info\/2009-2015\/wp-content\/uploads\/2012\/02\/arben_cokaj-120x150.jpg","contentUrl":"https:\/\/fjala.info\/2009-2015\/wp-content\/uploads\/2012\/02\/arben_cokaj-120x150.jpg","caption":"admin"},"description":"Admin, Fjala e Lir\u00eb","sameAs":["https:\/\/fjala.info\/"],"url":"https:\/\/fjala.info\/2009-2015\/author\/admin\/"}]}},"_links":{"self":[{"href":"https:\/\/fjala.info\/2009-2015\/wp-json\/wp\/v2\/posts\/4292","targetHints":{"allow":["GET"]}}],"collection":[{"href":"https:\/\/fjala.info\/2009-2015\/wp-json\/wp\/v2\/posts"}],"about":[{"href":"https:\/\/fjala.info\/2009-2015\/wp-json\/wp\/v2\/types\/post"}],"author":[{"embeddable":true,"href":"https:\/\/fjala.info\/2009-2015\/wp-json\/wp\/v2\/users\/1"}],"replies":[{"embeddable":true,"href":"https:\/\/fjala.info\/2009-2015\/wp-json\/wp\/v2\/comments?post=4292"}],"version-history":[{"count":0,"href":"https:\/\/fjala.info\/2009-2015\/wp-json\/wp\/v2\/posts\/4292\/revisions"}],"wp:attachment":[{"href":"https:\/\/fjala.info\/2009-2015\/wp-json\/wp\/v2\/media?parent=4292"}],"wp:term":[{"taxonomy":"category","embeddable":true,"href":"https:\/\/fjala.info\/2009-2015\/wp-json\/wp\/v2\/categories?post=4292"},{"taxonomy":"post_tag","embeddable":true,"href":"https:\/\/fjala.info\/2009-2015\/wp-json\/wp\/v2\/tags?post=4292"}],"curies":[{"name":"wp","href":"https:\/\/api.w.org\/{rel}","templated":true}]}}