{"id":4289,"date":"2010-10-12T10:04:17","date_gmt":"2010-10-12T09:04:17","guid":{"rendered":"http:\/\/fjala.shkoder.net\/?p=4289"},"modified":"2010-10-12T10:04:17","modified_gmt":"2010-10-12T09:04:17","slug":"berisha-licenson-damir-fazllic-per-tregtimin-e-energjise-ne-shqiperi","status":"publish","type":"post","link":"https:\/\/fjala.info\/2009-2015\/berisha-licenson-damir-fazllic-per-tregtimin-e-energjise-ne-shqiperi\/","title":{"rendered":"Berisha licenson Damir Fazlli\u00e7 p\u00ebr tregtimin e energjis\u00eb n\u00eb Shqip\u00ebri"},"content":{"rendered":"<p><img decoding=\"async\" class=\"alignright size-full wp-image-4290\" title=\"Damir Fazlli\u00e7\" src=\"http:\/\/fjala.shkoder.net\/wp-content\/uploads\/2010\/10\/damir_fazllic.jpg\" alt=\"\" width=\"150\" \/><br \/>\nNga <strong>Tema<\/strong><\/p>\n<p>Enti Rregullator i Energjis\u00eb ka hapur procedurat p\u00ebr licencimin n\u00eb fush\u00ebn e tregtimit t\u00eb energjis\u00eb p\u00ebr kompanin\u00eb \u201cRudnap Energy Tirana\u201d. Vendimi \u00ebsht\u00eb marr\u00eb m\u00eb 8 shtator t\u00eb muajit t\u00eb kaluar, nd\u00ebrsa kompania n\u00eb fjal\u00eb, n\u00eb baz\u00eb t\u00eb t\u00eb dh\u00ebnave t\u00eb depozituara n\u00eb Qendr\u00ebn e Regjistrimit t\u00eb Bizneseve n\u00eb Tiran\u00eb, rezulton se \u00ebsht\u00eb n\u00eb pron\u00ebsi t\u00eb Damir Fazlli\u00e7. Kjo kompani u regjistrua n\u00eb muajin korrik n\u00eb Tiran\u00eb dhe ka p\u00ebrfaq\u00ebsues ligjor\u00eb shtetasit serb\u00eb Vladimir Djordjevi\u00e7, Vladimir Marjanovi\u00e7 dhe p\u00ebrfaq\u00ebsuesin shqiptar Fatjon Mahmutaj. Kompania n\u00eb fjal\u00eb \u00ebsht\u00eb t\u00ebr\u00ebsisht n\u00eb pron\u00ebsi t\u00eb kompanis\u00eb qipriote \u201cAltaria Research Limited\u201d.<\/p>\n<p>Damir Fazlli\u00e7 ka pranuar se kjo kompni, pra \u201cAltaria Research Limited\u201d, \u00ebsht\u00eb n\u00eb pron\u00ebsi t\u00eb tij. \u201cAltaria Research Limited\u201d \u00ebsht\u00eb kompania qipriote q\u00eb u hetua nga prokuroria pasi bleu kompanin\u00eb tjet\u00ebr t\u00eb Fazlli\u00e7 n\u00eb Shqip\u00ebri t\u00eb quajtur \u201cCrovvn Acquisition\u201d n\u00eb vler\u00ebn e 1.75 milion\u00eb eurove n\u00eb vitin 2007, skandal q\u00eb u b\u00eb publik nga gazeta Tema dhe Faktor Plus. Nga ana tjet\u00ebr, kompania serbe \u201cRudnap Group\u201d, ligj\u00ebrisht \u00ebsht\u00eb konfiguruar si nj\u00eb \u201cbij\u00eb\u201d e kompanis\u00eb qipriote \u201cAltaria Research Limited\u201d, duke e kaluar gjith\u00eb kontrollin dhe var\u00ebsin\u00eb e gjigandit serb t\u00eb energjis\u00eb n\u00ebn var\u00ebsin\u00eb e qipriotes \u201cAltaria Research Limited\u201d.<\/p>\n<p><strong>Rudnap Energy Tirana<\/strong><\/p>\n<p>Objekti i veprimtaris\u00eb s\u00eb kompanis\u00eb s\u00eb licensuar, \u201cRudnap Energy Tirana\u201d, \u00ebsht\u00eb t\u00ebr\u00ebsisht i fokusuar n\u00eb shitblerjet e energjis\u00eb elektrike brenda Shqip\u00ebris\u00eb, por edhe n\u00eb marr\u00ebdh\u00ebniet me jasht\u00eb. Statuti i kompanis\u00eb ka p\u00ebrcaktuar si objekt tregtimin dhe furnizimin me shumic\u00eb dhe pakic\u00eb t\u00eb energjis\u00eb elektrike brenda dhe jasht\u00eb vendit, zhvillimin dhe zbatimin e projekteve inxhinierike elektrike, prodhimin e energjis\u00eb elektrike, prodhimin dhe tregtimin e produkteve t\u00eb energjise, duke p\u00ebrfshir\u00eb, por jo ekskluzivisht, vaj, gaz qymyr etj, brenda dhe jasht\u00eb Shqiperise, duke pasqyruar sh\u00ebrbime me prodhimin e energjis\u00eb elektrike dhe t\u00eb produkteve t\u00eb energjis\u00eb. Kompania q\u00eb u regjistrua n\u00eb muajin korrik n\u00eb Tiran\u00eb ka nj\u00eb kapital themeltar prej 30 mij\u00eb eurosh, nd\u00ebrsa p\u00ebrfaq\u00ebsuesit ligjor\u00eb t\u00eb saj nuk kan\u00eb t\u00eb drejt\u00eb t\u00eb n\u00ebnshkruajn\u00eb kontrata me vler\u00eb m\u00eb t\u00eb lart\u00eb se 30 mij\u00eb euro.<\/p>\n<p><strong>Rrjeti i kompanive<\/strong><\/p>\n<p>Aktualisht n\u00eb Shqip\u00ebri grupi serb \u201cRudnap\u201d ka nj\u00eb rrjet prej pes\u00eb kompanish t\u00eb ndryshme, t\u00eb dedikuara t\u00ebr\u00ebsisht n\u00eb tregtimin e energjis\u00eb dhe produkteve t\u00eb saj. Dy prej k\u00ebtyre kompanive kan\u00eb qen\u00eb n\u00eb fillim n\u00eb pron\u00ebsi t\u00ebr\u00ebsisht t\u00eb Damir Fazlli\u00e7 dhe m\u00eb pas i jan\u00eb shitur grupit Rudnap. T\u00eb tilla jan\u00eb kompanit\u00eb \u201cCrovvn Acquisition\u201d si dhe \u201cAlpha sh.p.k\u201d, q\u00eb t\u00eb dyja shitur n\u00eb Qipro n\u00ebp\u00ebrmjet \u201cAltaria Research Limited\u201d dhe \u201cIrongold Services Limited\u201d, nd\u00ebrsa pas shitjes s\u00eb dy t\u00eb tij kompanive t\u00eb tij tek Rudnap Group, Damir Fazlli\u00e7 rezulton se edhe n\u00eb vitin 2010 \u00ebsht\u00eb administrator i tyre.<\/p>\n<p>K\u00ebt\u00eb gj\u00eb e v\u00ebrtetojn\u00eb t\u00eb dh\u00ebnat zyrtare t\u00eb QKR-s\u00eb, ku n\u00eb lidhje me kompanin\u00eb \u201cAlpha shpk\u201d, Fazlli\u00e7 ka autorizuar regjistrimin p\u00ebr llogari t\u00eb kompanis\u00eb \u201cAlpha sh.p.k\u201d t\u00eb nj\u00eb prone n\u00eb zon\u00ebn energjetike n\u00eb Porto Romano, k\u00ebt\u00eb autorizim Fazlli\u00e7 e ka l\u00ebshuar n\u00eb cil\u00ebsin\u00eb e administratorit. P\u00ebrve\u00e7 dy kompanive q\u00eb Fazlli\u00e7 ia ka shitur \u201cRudnap Group\u201d, ky i fundit ka hapur n\u00eb m\u00ebnyr\u00eb t\u00eb pavarur n\u00eb Shqip\u00ebri dy kompani t\u00eb tjera. Nj\u00ebra \u00ebsht\u00eb \u201cRudnap Energy Tirana\u201d, s\u00eb cil\u00ebs sapo i \u00ebsht\u00eb pranuar aplikimi p\u00ebr tregtimin e energjis\u00eb n\u00eb Shqip\u00ebri, nd\u00ebrsa tjetra \u00ebsht\u00eb \u201cRudnap Construction Group\u201d, e regjistruar nj\u00eb vit m\u00eb par\u00eb me objekt t\u00eb ngjash\u00ebm, por m\u00eb shum\u00eb e dedikuar n\u00eb nd\u00ebrtimin dhe realizimin e veprave energjetike.<\/p>\n<p>Kompania e pest\u00eb ku \u201cRudnap Group\u201d \u00ebsht\u00eb prezent n\u00eb Tiran\u00eb \u00ebsht\u00eb \u201cSlovenia Petrol Albania\u201d, nj\u00eb kompani bij\u00eb e \u201cSlovenia Petrol\u201d t\u00eb Sllovenis\u00eb, ku Damir Fazlli\u00e7 dhe Vojin Lazarevi\u00e7 (pronari i Rudnap-it), rezultojn\u00eb aksioner\u00eb s\u00eb bashku n\u00eb filialin e Tiran\u00ebs. \u201cRudnap Group\u201d \u00ebsht\u00eb nj\u00eb nd\u00ebr asetet m\u00eb t\u00eb r\u00ebnd\u00ebsishme t\u00eb shtetit serb dhe prej vitesh ka manifestuar influenc\u00ebn dhe strategjin\u00eb e k\u00ebtij shteti n\u00eb sektorin energjeitik n\u00eb mbar\u00eb bot\u00ebn. Gjat\u00eb vitit 2008, kur KESH drejtohej nga Gjergj Bojaxhiu, kjo kompani pati kontrata shit-blerje me KESH deri n\u00eb 70 milion\u00eb euro.<\/p>\n","protected":false},"excerpt":{"rendered":"<p>Nga Tema Enti Rregullator i Energjis\u00eb ka hapur procedurat p\u00ebr licencimin n\u00eb fush\u00ebn e tregtimit t\u00eb energjis\u00eb p\u00ebr kompanin\u00eb \u201cRudnap Energy Tirana\u201d. Vendimi \u00ebsht\u00eb marr\u00eb m\u00eb 8 shtator t\u00eb muajit t\u00eb kaluar, nd\u00ebrsa kompania n\u00eb fjal\u00eb, n\u00eb baz\u00eb t\u00eb t\u00eb dh\u00ebnave t\u00eb depozituara n\u00eb Qendr\u00ebn e Regjistrimit t\u00eb Bizneseve n\u00eb Tiran\u00eb, rezulton se \u00ebsht\u00eb n\u00eb [&hellip;]<\/p>\n","protected":false},"author":1,"featured_media":0,"comment_status":"open","ping_status":"closed","sticky":false,"template":"","format":"standard","meta":{"footnotes":""},"categories":[2],"tags":[],"class_list":{"0":"post-4289","1":"post","2":"type-post","3":"status-publish","4":"format-standard","6":"category-artikuj"},"yoast_head":"<!-- This site is optimized with the Yoast SEO plugin v27.4 - https:\/\/yoast.com\/product\/yoast-seo-wordpress\/ -->\n<title>Berisha licenson Damir Fazlli\u00e7 p\u00ebr tregtimin e energjis\u00eb n\u00eb Shqip\u00ebri - FjALA e LIR\u00cb - Arkivi<\/title>\n<meta name=\"robots\" content=\"index, follow, max-snippet:-1, max-image-preview:large, max-video-preview:-1\" \/>\n<link rel=\"canonical\" href=\"https:\/\/fjala.info\/2009-2015\/berisha-licenson-damir-fazllic-per-tregtimin-e-energjise-ne-shqiperi\/\" \/>\n<meta property=\"og:locale\" content=\"sq_AL\" \/>\n<meta property=\"og:type\" content=\"article\" \/>\n<meta property=\"og:title\" content=\"Berisha licenson Damir Fazlli\u00e7 p\u00ebr tregtimin e energjis\u00eb n\u00eb Shqip\u00ebri - FjALA e LIR\u00cb - Arkivi\" \/>\n<meta property=\"og:description\" content=\"Nga Tema Enti Rregullator i Energjis\u00eb ka hapur procedurat p\u00ebr licencimin n\u00eb fush\u00ebn e tregtimit t\u00eb energjis\u00eb p\u00ebr kompanin\u00eb \u201cRudnap Energy Tirana\u201d. Vendimi \u00ebsht\u00eb marr\u00eb m\u00eb 8 shtator t\u00eb muajit t\u00eb kaluar, nd\u00ebrsa kompania n\u00eb fjal\u00eb, n\u00eb baz\u00eb t\u00eb t\u00eb dh\u00ebnave t\u00eb depozituara n\u00eb Qendr\u00ebn e Regjistrimit t\u00eb Bizneseve n\u00eb Tiran\u00eb, rezulton se \u00ebsht\u00eb n\u00eb [&hellip;]\" \/>\n<meta property=\"og:url\" content=\"https:\/\/fjala.info\/2009-2015\/berisha-licenson-damir-fazllic-per-tregtimin-e-energjise-ne-shqiperi\/\" \/>\n<meta property=\"og:site_name\" content=\"FjALA e LIR\u00cb - Arkivi\" \/>\n<meta property=\"article:published_time\" content=\"2010-10-12T09:04:17+00:00\" \/>\n<meta property=\"og:image\" content=\"http:\/\/fjala.shkoder.net\/wp-content\/uploads\/2010\/10\/damir_fazllic.jpg\" \/>\n<meta name=\"author\" content=\"admin\" \/>\n<meta name=\"twitter:card\" content=\"summary_large_image\" \/>\n<meta name=\"twitter:label1\" content=\"Written by\" \/>\n\t<meta name=\"twitter:data1\" content=\"admin\" \/>\n\t<meta name=\"twitter:label2\" content=\"Est. reading time\" \/>\n\t<meta name=\"twitter:data2\" content=\"3 minutes\" \/>\n<script type=\"application\/ld+json\" class=\"yoast-schema-graph\">{\"@context\":\"https:\\\/\\\/schema.org\",\"@graph\":[{\"@type\":\"Article\",\"@id\":\"https:\\\/\\\/fjala.info\\\/2009-2015\\\/berisha-licenson-damir-fazllic-per-tregtimin-e-energjise-ne-shqiperi\\\/#article\",\"isPartOf\":{\"@id\":\"https:\\\/\\\/fjala.info\\\/2009-2015\\\/berisha-licenson-damir-fazllic-per-tregtimin-e-energjise-ne-shqiperi\\\/\"},\"author\":{\"name\":\"admin\",\"@id\":\"https:\\\/\\\/fjala.info\\\/2009-2015\\\/#\\\/schema\\\/person\\\/3aa1163ef05469c496fc94e77611ada2\"},\"headline\":\"Berisha licenson Damir Fazlli\u00e7 p\u00ebr tregtimin e energjis\u00eb n\u00eb Shqip\u00ebri\",\"datePublished\":\"2010-10-12T09:04:17+00:00\",\"mainEntityOfPage\":{\"@id\":\"https:\\\/\\\/fjala.info\\\/2009-2015\\\/berisha-licenson-damir-fazllic-per-tregtimin-e-energjise-ne-shqiperi\\\/\"},\"wordCount\":708,\"commentCount\":0,\"publisher\":{\"@id\":\"https:\\\/\\\/fjala.info\\\/2009-2015\\\/#organization\"},\"image\":{\"@id\":\"https:\\\/\\\/fjala.info\\\/2009-2015\\\/berisha-licenson-damir-fazllic-per-tregtimin-e-energjise-ne-shqiperi\\\/#primaryimage\"},\"thumbnailUrl\":\"http:\\\/\\\/fjala.shkoder.net\\\/wp-content\\\/uploads\\\/2010\\\/10\\\/damir_fazllic.jpg\",\"articleSection\":[\"Artikuj\"],\"inLanguage\":\"sq-AL\",\"potentialAction\":[{\"@type\":\"CommentAction\",\"name\":\"Comment\",\"target\":[\"https:\\\/\\\/fjala.info\\\/2009-2015\\\/berisha-licenson-damir-fazllic-per-tregtimin-e-energjise-ne-shqiperi\\\/#respond\"]}]},{\"@type\":\"WebPage\",\"@id\":\"https:\\\/\\\/fjala.info\\\/2009-2015\\\/berisha-licenson-damir-fazllic-per-tregtimin-e-energjise-ne-shqiperi\\\/\",\"url\":\"https:\\\/\\\/fjala.info\\\/2009-2015\\\/berisha-licenson-damir-fazllic-per-tregtimin-e-energjise-ne-shqiperi\\\/\",\"name\":\"Berisha licenson Damir Fazlli\u00e7 p\u00ebr tregtimin e energjis\u00eb n\u00eb Shqip\u00ebri - FjALA e LIR\u00cb - Arkivi\",\"isPartOf\":{\"@id\":\"https:\\\/\\\/fjala.info\\\/2009-2015\\\/#website\"},\"primaryImageOfPage\":{\"@id\":\"https:\\\/\\\/fjala.info\\\/2009-2015\\\/berisha-licenson-damir-fazllic-per-tregtimin-e-energjise-ne-shqiperi\\\/#primaryimage\"},\"image\":{\"@id\":\"https:\\\/\\\/fjala.info\\\/2009-2015\\\/berisha-licenson-damir-fazllic-per-tregtimin-e-energjise-ne-shqiperi\\\/#primaryimage\"},\"thumbnailUrl\":\"http:\\\/\\\/fjala.shkoder.net\\\/wp-content\\\/uploads\\\/2010\\\/10\\\/damir_fazllic.jpg\",\"datePublished\":\"2010-10-12T09:04:17+00:00\",\"breadcrumb\":{\"@id\":\"https:\\\/\\\/fjala.info\\\/2009-2015\\\/berisha-licenson-damir-fazllic-per-tregtimin-e-energjise-ne-shqiperi\\\/#breadcrumb\"},\"inLanguage\":\"sq-AL\",\"potentialAction\":[{\"@type\":\"ReadAction\",\"target\":[\"https:\\\/\\\/fjala.info\\\/2009-2015\\\/berisha-licenson-damir-fazllic-per-tregtimin-e-energjise-ne-shqiperi\\\/\"]}]},{\"@type\":\"ImageObject\",\"inLanguage\":\"sq-AL\",\"@id\":\"https:\\\/\\\/fjala.info\\\/2009-2015\\\/berisha-licenson-damir-fazllic-per-tregtimin-e-energjise-ne-shqiperi\\\/#primaryimage\",\"url\":\"http:\\\/\\\/fjala.shkoder.net\\\/wp-content\\\/uploads\\\/2010\\\/10\\\/damir_fazllic.jpg\",\"contentUrl\":\"http:\\\/\\\/fjala.shkoder.net\\\/wp-content\\\/uploads\\\/2010\\\/10\\\/damir_fazllic.jpg\"},{\"@type\":\"BreadcrumbList\",\"@id\":\"https:\\\/\\\/fjala.info\\\/2009-2015\\\/berisha-licenson-damir-fazllic-per-tregtimin-e-energjise-ne-shqiperi\\\/#breadcrumb\",\"itemListElement\":[{\"@type\":\"ListItem\",\"position\":1,\"name\":\"Home\",\"item\":\"https:\\\/\\\/fjala.info\\\/2009-2015\\\/\"},{\"@type\":\"ListItem\",\"position\":2,\"name\":\"Berisha licenson Damir Fazlli\u00e7 p\u00ebr tregtimin e energjis\u00eb n\u00eb Shqip\u00ebri\"}]},{\"@type\":\"WebSite\",\"@id\":\"https:\\\/\\\/fjala.info\\\/2009-2015\\\/#website\",\"url\":\"https:\\\/\\\/fjala.info\\\/2009-2015\\\/\",\"name\":\"FjALA e LIR\u00cb - Arkivi\",\"description\":\"Arkivi 2009-2015\",\"publisher\":{\"@id\":\"https:\\\/\\\/fjala.info\\\/2009-2015\\\/#organization\"},\"potentialAction\":[{\"@type\":\"SearchAction\",\"target\":{\"@type\":\"EntryPoint\",\"urlTemplate\":\"https:\\\/\\\/fjala.info\\\/2009-2015\\\/?s={search_term_string}\"},\"query-input\":{\"@type\":\"PropertyValueSpecification\",\"valueRequired\":true,\"valueName\":\"search_term_string\"}}],\"inLanguage\":\"sq-AL\"},{\"@type\":\"Organization\",\"@id\":\"https:\\\/\\\/fjala.info\\\/2009-2015\\\/#organization\",\"name\":\"FjALA e LIR\u00cb - Arkivi\",\"url\":\"https:\\\/\\\/fjala.info\\\/2009-2015\\\/\",\"logo\":{\"@type\":\"ImageObject\",\"inLanguage\":\"sq-AL\",\"@id\":\"https:\\\/\\\/fjala.info\\\/2009-2015\\\/#\\\/schema\\\/logo\\\/image\\\/\",\"url\":\"\",\"contentUrl\":\"\",\"caption\":\"FjALA e LIR\u00cb - Arkivi\"},\"image\":{\"@id\":\"https:\\\/\\\/fjala.info\\\/2009-2015\\\/#\\\/schema\\\/logo\\\/image\\\/\"}},{\"@type\":\"Person\",\"@id\":\"https:\\\/\\\/fjala.info\\\/2009-2015\\\/#\\\/schema\\\/person\\\/3aa1163ef05469c496fc94e77611ada2\",\"name\":\"admin\",\"image\":{\"@type\":\"ImageObject\",\"inLanguage\":\"sq-AL\",\"@id\":\"https:\\\/\\\/fjala.info\\\/2009-2015\\\/wp-content\\\/uploads\\\/2012\\\/02\\\/arben_cokaj-120x150.jpg\",\"url\":\"https:\\\/\\\/fjala.info\\\/2009-2015\\\/wp-content\\\/uploads\\\/2012\\\/02\\\/arben_cokaj-120x150.jpg\",\"contentUrl\":\"https:\\\/\\\/fjala.info\\\/2009-2015\\\/wp-content\\\/uploads\\\/2012\\\/02\\\/arben_cokaj-120x150.jpg\",\"caption\":\"admin\"},\"description\":\"Admin, Fjala e Lir\u00eb\",\"sameAs\":[\"https:\\\/\\\/fjala.info\\\/\"],\"url\":\"https:\\\/\\\/fjala.info\\\/2009-2015\\\/author\\\/admin\\\/\"}]}<\/script>\n<!-- \/ Yoast SEO plugin. -->","yoast_head_json":{"title":"Berisha licenson Damir Fazlli\u00e7 p\u00ebr tregtimin e energjis\u00eb n\u00eb Shqip\u00ebri - FjALA e LIR\u00cb - Arkivi","robots":{"index":"index","follow":"follow","max-snippet":"max-snippet:-1","max-image-preview":"max-image-preview:large","max-video-preview":"max-video-preview:-1"},"canonical":"https:\/\/fjala.info\/2009-2015\/berisha-licenson-damir-fazllic-per-tregtimin-e-energjise-ne-shqiperi\/","og_locale":"sq_AL","og_type":"article","og_title":"Berisha licenson Damir Fazlli\u00e7 p\u00ebr tregtimin e energjis\u00eb n\u00eb Shqip\u00ebri - FjALA e LIR\u00cb - Arkivi","og_description":"Nga Tema Enti Rregullator i Energjis\u00eb ka hapur procedurat p\u00ebr licencimin n\u00eb fush\u00ebn e tregtimit t\u00eb energjis\u00eb p\u00ebr kompanin\u00eb \u201cRudnap Energy Tirana\u201d. Vendimi \u00ebsht\u00eb marr\u00eb m\u00eb 8 shtator t\u00eb muajit t\u00eb kaluar, nd\u00ebrsa kompania n\u00eb fjal\u00eb, n\u00eb baz\u00eb t\u00eb t\u00eb dh\u00ebnave t\u00eb depozituara n\u00eb Qendr\u00ebn e Regjistrimit t\u00eb Bizneseve n\u00eb Tiran\u00eb, rezulton se \u00ebsht\u00eb n\u00eb [&hellip;]","og_url":"https:\/\/fjala.info\/2009-2015\/berisha-licenson-damir-fazllic-per-tregtimin-e-energjise-ne-shqiperi\/","og_site_name":"FjALA e LIR\u00cb - Arkivi","article_published_time":"2010-10-12T09:04:17+00:00","og_image":[{"url":"http:\/\/fjala.shkoder.net\/wp-content\/uploads\/2010\/10\/damir_fazllic.jpg","type":"","width":"","height":""}],"author":"admin","twitter_card":"summary_large_image","twitter_misc":{"Written by":"admin","Est. reading time":"3 minutes"},"schema":{"@context":"https:\/\/schema.org","@graph":[{"@type":"Article","@id":"https:\/\/fjala.info\/2009-2015\/berisha-licenson-damir-fazllic-per-tregtimin-e-energjise-ne-shqiperi\/#article","isPartOf":{"@id":"https:\/\/fjala.info\/2009-2015\/berisha-licenson-damir-fazllic-per-tregtimin-e-energjise-ne-shqiperi\/"},"author":{"name":"admin","@id":"https:\/\/fjala.info\/2009-2015\/#\/schema\/person\/3aa1163ef05469c496fc94e77611ada2"},"headline":"Berisha licenson Damir Fazlli\u00e7 p\u00ebr tregtimin e energjis\u00eb n\u00eb Shqip\u00ebri","datePublished":"2010-10-12T09:04:17+00:00","mainEntityOfPage":{"@id":"https:\/\/fjala.info\/2009-2015\/berisha-licenson-damir-fazllic-per-tregtimin-e-energjise-ne-shqiperi\/"},"wordCount":708,"commentCount":0,"publisher":{"@id":"https:\/\/fjala.info\/2009-2015\/#organization"},"image":{"@id":"https:\/\/fjala.info\/2009-2015\/berisha-licenson-damir-fazllic-per-tregtimin-e-energjise-ne-shqiperi\/#primaryimage"},"thumbnailUrl":"http:\/\/fjala.shkoder.net\/wp-content\/uploads\/2010\/10\/damir_fazllic.jpg","articleSection":["Artikuj"],"inLanguage":"sq-AL","potentialAction":[{"@type":"CommentAction","name":"Comment","target":["https:\/\/fjala.info\/2009-2015\/berisha-licenson-damir-fazllic-per-tregtimin-e-energjise-ne-shqiperi\/#respond"]}]},{"@type":"WebPage","@id":"https:\/\/fjala.info\/2009-2015\/berisha-licenson-damir-fazllic-per-tregtimin-e-energjise-ne-shqiperi\/","url":"https:\/\/fjala.info\/2009-2015\/berisha-licenson-damir-fazllic-per-tregtimin-e-energjise-ne-shqiperi\/","name":"Berisha licenson Damir Fazlli\u00e7 p\u00ebr tregtimin e energjis\u00eb n\u00eb Shqip\u00ebri - FjALA e LIR\u00cb - Arkivi","isPartOf":{"@id":"https:\/\/fjala.info\/2009-2015\/#website"},"primaryImageOfPage":{"@id":"https:\/\/fjala.info\/2009-2015\/berisha-licenson-damir-fazllic-per-tregtimin-e-energjise-ne-shqiperi\/#primaryimage"},"image":{"@id":"https:\/\/fjala.info\/2009-2015\/berisha-licenson-damir-fazllic-per-tregtimin-e-energjise-ne-shqiperi\/#primaryimage"},"thumbnailUrl":"http:\/\/fjala.shkoder.net\/wp-content\/uploads\/2010\/10\/damir_fazllic.jpg","datePublished":"2010-10-12T09:04:17+00:00","breadcrumb":{"@id":"https:\/\/fjala.info\/2009-2015\/berisha-licenson-damir-fazllic-per-tregtimin-e-energjise-ne-shqiperi\/#breadcrumb"},"inLanguage":"sq-AL","potentialAction":[{"@type":"ReadAction","target":["https:\/\/fjala.info\/2009-2015\/berisha-licenson-damir-fazllic-per-tregtimin-e-energjise-ne-shqiperi\/"]}]},{"@type":"ImageObject","inLanguage":"sq-AL","@id":"https:\/\/fjala.info\/2009-2015\/berisha-licenson-damir-fazllic-per-tregtimin-e-energjise-ne-shqiperi\/#primaryimage","url":"http:\/\/fjala.shkoder.net\/wp-content\/uploads\/2010\/10\/damir_fazllic.jpg","contentUrl":"http:\/\/fjala.shkoder.net\/wp-content\/uploads\/2010\/10\/damir_fazllic.jpg"},{"@type":"BreadcrumbList","@id":"https:\/\/fjala.info\/2009-2015\/berisha-licenson-damir-fazllic-per-tregtimin-e-energjise-ne-shqiperi\/#breadcrumb","itemListElement":[{"@type":"ListItem","position":1,"name":"Home","item":"https:\/\/fjala.info\/2009-2015\/"},{"@type":"ListItem","position":2,"name":"Berisha licenson Damir Fazlli\u00e7 p\u00ebr tregtimin e energjis\u00eb n\u00eb Shqip\u00ebri"}]},{"@type":"WebSite","@id":"https:\/\/fjala.info\/2009-2015\/#website","url":"https:\/\/fjala.info\/2009-2015\/","name":"FjALA e LIR\u00cb - Arkivi","description":"Arkivi 2009-2015","publisher":{"@id":"https:\/\/fjala.info\/2009-2015\/#organization"},"potentialAction":[{"@type":"SearchAction","target":{"@type":"EntryPoint","urlTemplate":"https:\/\/fjala.info\/2009-2015\/?s={search_term_string}"},"query-input":{"@type":"PropertyValueSpecification","valueRequired":true,"valueName":"search_term_string"}}],"inLanguage":"sq-AL"},{"@type":"Organization","@id":"https:\/\/fjala.info\/2009-2015\/#organization","name":"FjALA e LIR\u00cb - Arkivi","url":"https:\/\/fjala.info\/2009-2015\/","logo":{"@type":"ImageObject","inLanguage":"sq-AL","@id":"https:\/\/fjala.info\/2009-2015\/#\/schema\/logo\/image\/","url":"","contentUrl":"","caption":"FjALA e LIR\u00cb - Arkivi"},"image":{"@id":"https:\/\/fjala.info\/2009-2015\/#\/schema\/logo\/image\/"}},{"@type":"Person","@id":"https:\/\/fjala.info\/2009-2015\/#\/schema\/person\/3aa1163ef05469c496fc94e77611ada2","name":"admin","image":{"@type":"ImageObject","inLanguage":"sq-AL","@id":"https:\/\/fjala.info\/2009-2015\/wp-content\/uploads\/2012\/02\/arben_cokaj-120x150.jpg","url":"https:\/\/fjala.info\/2009-2015\/wp-content\/uploads\/2012\/02\/arben_cokaj-120x150.jpg","contentUrl":"https:\/\/fjala.info\/2009-2015\/wp-content\/uploads\/2012\/02\/arben_cokaj-120x150.jpg","caption":"admin"},"description":"Admin, Fjala e Lir\u00eb","sameAs":["https:\/\/fjala.info\/"],"url":"https:\/\/fjala.info\/2009-2015\/author\/admin\/"}]}},"_links":{"self":[{"href":"https:\/\/fjala.info\/2009-2015\/wp-json\/wp\/v2\/posts\/4289","targetHints":{"allow":["GET"]}}],"collection":[{"href":"https:\/\/fjala.info\/2009-2015\/wp-json\/wp\/v2\/posts"}],"about":[{"href":"https:\/\/fjala.info\/2009-2015\/wp-json\/wp\/v2\/types\/post"}],"author":[{"embeddable":true,"href":"https:\/\/fjala.info\/2009-2015\/wp-json\/wp\/v2\/users\/1"}],"replies":[{"embeddable":true,"href":"https:\/\/fjala.info\/2009-2015\/wp-json\/wp\/v2\/comments?post=4289"}],"version-history":[{"count":0,"href":"https:\/\/fjala.info\/2009-2015\/wp-json\/wp\/v2\/posts\/4289\/revisions"}],"wp:attachment":[{"href":"https:\/\/fjala.info\/2009-2015\/wp-json\/wp\/v2\/media?parent=4289"}],"wp:term":[{"taxonomy":"category","embeddable":true,"href":"https:\/\/fjala.info\/2009-2015\/wp-json\/wp\/v2\/categories?post=4289"},{"taxonomy":"post_tag","embeddable":true,"href":"https:\/\/fjala.info\/2009-2015\/wp-json\/wp\/v2\/tags?post=4289"}],"curies":[{"name":"wp","href":"https:\/\/api.w.org\/{rel}","templated":true}]}}