{"id":4286,"date":"2010-10-12T09:59:25","date_gmt":"2010-10-12T08:59:25","guid":{"rendered":"http:\/\/fjala.shkoder.net\/?p=4286"},"modified":"2010-10-12T09:59:25","modified_gmt":"2010-10-12T08:59:25","slug":"bizneset-e-liri-berishes-dhe-kontrolli-mbi-saliun","status":"publish","type":"post","link":"https:\/\/fjala.info\/2009-2015\/bizneset-e-liri-berishes-dhe-kontrolli-mbi-saliun\/","title":{"rendered":"Bizneset e Liri Berish\u00ebs dhe kontrolli mbi Saliun"},"content":{"rendered":"<p><img loading=\"lazy\" decoding=\"async\" class=\"alignleft size-medium wp-image-4287\" title=\"Sali dhe Liri Berisha\" src=\"http:\/\/fjala.shkoder.net\/wp-content\/uploads\/2010\/10\/sali_liri_berisha2-300x288.jpg\" alt=\"\" width=\"300\" height=\"288\" \/><strong>Mero Baze<\/strong>, <em>12.10.2010<\/em><\/p>\n<p>&#8220;Gruaja e tij \u00ebsht\u00eb njeriu q\u00eb ka m\u00eb shum\u00eb se kushdo tjet\u00ebr ndikim mbi t\u00eb dhe ka nj\u00eb pushtet t\u00eb paduksh\u00ebm p\u00ebr publikun, por shum\u00eb kapilar. Pas vitit 2005 ka dhe frenat e pushtetit, dhe kontrollon si me magji gjith\u00eb satelit\u00ebt rreth pushtetit t\u00eb tij&#8221;. Mero Baze e thot\u00eb hapur se ish-miku i tij Sali Berisha \u00ebsht\u00eb p\u00ebr t\u00eb tashm\u00eb nj\u00eb g\u00ebnjesht\u00ebr e madhe, por ana m\u00eb e dhimbshme dhe q\u00eb ka koston reale p\u00ebr vendin \u00ebsht\u00eb fakti se kryeministri komandohet n\u00eb \u00e7do vendimarrje nga bashk\u00ebshortja e tij, Liri Berisha.<\/p>\n<p>N\u00eb nj\u00eb intervist\u00eb me gazetarin Mustafa Nano p\u00ebr blogun e ri Respublica, Baze flet p\u00ebr librin e sapohedhur n\u00eb treg &#8220;Viti &#8217;97, prapaskenat e kriz\u00ebs q\u00eb rr\u00ebnuan shtetin&#8221;, duke u ndalur sidomos te ana e panjohur e pushtetit t\u00eb Sali Berish\u00ebs. &#8220;Ka filluar t\u00eb spekulloj\u00eb me nj\u00eb s\u00ebmundje t\u00eb dhimbshme e shum\u00eb t\u00eb p\u00ebrhapur tek f\u00ebmij\u00ebt, si\u00e7 \u00ebsht\u00eb autizmi, ku nj\u00eb seanc\u00eb k\u00ebshillimi kushton 30 mij\u00eb lek\u00eb, dhe ndalon me dor\u00eb t\u00eb hekurt \u00e7do iniciativ\u00eb paralele n\u00eb k\u00ebt\u00eb drejtim. Kjo \u00ebsht\u00eb nyja e panjohur e pushtetit t\u00eb friksh\u00ebm t\u00eb Berish\u00ebs&#8221;-thot\u00eb mes t\u00eb tjerave Baze, duke rr\u00ebfyer procesin e krijimit t\u00eb librit me t\u00eb panjohurat e viteve 1996-1997.<\/p>\n<p><em>Mero, \u00e7&#8217;po m\u00eb d\u00ebgjojn\u00eb vesh\u00ebt? Do dilni prap\u00eb me Tem\u00ebn?<\/em><br \/>\nNes\u00ebr shpresoj t\u00eb jemi n\u00eb treg.<\/p>\n<p><em>E nj\u00ebjta gazet\u00eb? Me t\u00eb nj\u00ebjtin format?<\/em><br \/>\nPo, e nj\u00ebjta gazet\u00eb, i nj\u00ebjti titull, i nj\u00ebjti ekip.<\/p>\n<p><em>Dikush q\u00eb kish lexuar librin tuaj, q\u00eb sapo ka dal\u00eb, mbi vitin 1997 m\u00eb tha: Sa mir\u00eb q\u00eb ia prish\u00ebn gazet\u00ebn Meros, pasi u shtrua t\u00eb b\u00ebj\u00eb nj\u00eb lib\u00ebr t\u00eb fort\u00eb.<\/em><br \/>\n\u00cbsht\u00eb mir\u00eb, kur tek \u00e7do e keqe shikon nj\u00eb t\u00eb mir\u00eb, por kjo nuk \u00ebsht\u00eb arsyeja pse un\u00eb e shkruajta at\u00eb lib\u00ebr.<\/p>\n<p><em>N\u00eb lib\u00ebr thoni se nuk ju \u00ebsht\u00eb dashur shum\u00eb koh\u00eb p\u00ebr ta shkruar.<\/em><br \/>\nAi ishte nj\u00eb lib\u00ebr, t\u00eb cilin e kisha shkruar pak nga pak; muajt e fundit thjesht u ula, dhe e hodha n\u00eb let\u00ebr.<\/p>\n<p><em>Sa koh\u00eb ju \u00ebsht\u00eb dashur sakt\u00ebsisht?<\/em><br \/>\nBrenda muajit qershor e kam shkruar dhe sistemuar t\u00eb t\u00ebrin. Un\u00eb kur ulem t\u00eb shkruaj, rri gjat\u00eb. Kam punuar deri m\u00eb 2 t\u00eb nat\u00ebs, dhe pa nd\u00ebrprerje, p\u00ebr shkak t\u00eb nevoj\u00ebs p\u00ebr t&#8217;i krijuar vetes atmosfer\u00ebn e librit<\/p>\n<p>Doni t\u00eb n\u00ebnvizoni faktin, q\u00eb libri ka atmosfer\u00ebn e territ, t\u00eb nat\u00ebs?<br \/>\nT\u00eb tilla ishin ato koh\u00eb p\u00ebrpjekjet e shumic\u00ebs p\u00ebr t\u00eb eksportuar kriz\u00ebn elektorale n\u00eb kriz\u00eb t\u00eb opozit\u00ebs, apo p\u00ebrpjekjet p\u00ebr t\u00eb bllokuar median, z\u00ebrat kritik\u00eb, dhe p\u00ebr t\u00eb futur s\u00ebrish vendin n\u00eb spiralen e raporteve negative me per\u00ebndimin<\/p>\n<p><em>Po si ju lindi ideja p\u00ebr ta b\u00ebr\u00eb k\u00ebt\u00eb lib\u00ebr? Mund ta kishit b\u00ebr\u00eb m\u00eb par\u00eb, mund ta linit edhe p\u00ebr m\u00eb von\u00eb. Apo jo?<\/em><br \/>\nE kam menduar prej koh\u00ebsh. Nj\u00eb pjes\u00eb t\u00eb tij e kam shkruar n\u00eb vitin 2000. E kam fjal\u00ebn p\u00ebr pjes\u00ebn e par\u00eb, ku flitet p\u00ebr raportet Meta-Berisha. Bile, disa pjes\u00eb i kam botuar n\u00eb gazet\u00ebn Tema n\u00eb vitin 2001, por kan\u00eb kaluar pa v\u00ebmendje. Nd\u00ebrsa vendimin p\u00ebr t\u00eb b\u00ebr\u00eb nj\u00eb lib\u00ebr t\u00eb plot\u00eb p\u00ebr kriz\u00ebn e vitit &#8217;96 -&#8217;97, natyrisht, e mora k\u00ebt\u00eb pranver\u00eb, kur n\u00eb t\u00eb v\u00ebrtet\u00eb po shikoja se shum\u00eb nga simptomat e asaj krize po rishfaqeshin.<\/p>\n<p><em>Dy &#8220;personazhet negativ\u00eb&#8221; t\u00eb librit jan\u00eb Berisha e Meta. Nuk keni frik\u00eb se do ta marrin p\u00ebr nj\u00eb mesazh t\u00eb k\u00ebrkuar, si nj\u00eb tendenc\u00eb tuaj\u00ebn n\u00eb kontekstin e sot\u00ebm politik?<\/em><br \/>\nNuk jan\u00eb vet\u00ebm ata t\u00eb dy negativ\u00eb. Vende-vende jam dhe un\u00eb, dhe koleg\u00eb t\u00eb mij.<\/p>\n<p><em>Do kthehem tek &#8220;ju dhe koleg\u00ebt&#8221; &#8230;, por le t\u00eb ndalemi dhe tek nj\u00eb &#8220;personazh i madh negativ&#8221;, fjala vjen, tek Genc Pollo, i cili z\u00eb shum\u00eb vend n\u00eb lib\u00ebr. \u00c7&#8217;\u00ebsht\u00eb ky personazh?<\/em><br \/>\nNj\u00eb &#8220;identitet&#8221; interesant i pluralizmit, nj\u00eb grim i fasad\u00ebs s\u00eb pagdhendur t\u00eb Berish\u00ebs, i cili nuk \u00ebsht\u00eb se ia ka dal\u00eb ta trukoj\u00eb plot\u00ebsisht at\u00eb.<\/p>\n<p><em>Ka dhe t\u00eb tjer\u00eb si Pollo&#8230;.<\/em><br \/>\nJo, nuk besoj se ka shum\u00eb si ai. Por pakica nuk \u00ebsht\u00eb gjithmon\u00eb e art\u00eb, dhe as gjithmon\u00eb e keqe. Thjesht \u00ebsht\u00eb. Pollo ka imituar n\u00eb karrier\u00ebn e tij politike Berish\u00ebn me t\u00eb mirat dhe t\u00eb k\u00ebqijat. Ka imituar at\u00eb q\u00eb Berisha u ka b\u00ebr\u00eb kund\u00ebrshtar\u00ebve n\u00eb parti dhe kund\u00ebrshtar\u00ebve politik\u00eb p\u00ebrball\u00eb. Dhe n\u00eb fund jan\u00eb prap\u00eb bashk\u00eb.<\/p>\n<p><em>E di, Mero? Gjat\u00eb koh\u00ebs q\u00eb lexoja librin nuk m\u00eb shqitej asosacjoni, se po lexoja ngjarjet q\u00eb ndodhin n\u00eb nj\u00eb fshat t\u00eb \u00e7mendur. Po t\u00eb ish p\u00ebr mua, do ta titulloja librin &#8220;Fshati i \u00e7mendur n\u00eb nj\u00eb vit t\u00eb \u00e7mendur&#8221;.<\/em><br \/>\nN\u00eb t\u00eb v\u00ebrtet\u00eb, kur historia e nj\u00eb vendi ngushtohet tek aq pak njer\u00ebz, tek aq pak personazhe, tek aq pak aktor\u00eb publik\u00eb, p\u00ebr shkak t\u00eb reduktimit t\u00eb lirive dhe shanseve, i je afruar realisht kufijve t\u00eb \u00e7menduris\u00eb. Dhe kur kjo ndodh n\u00eb nj\u00eb kriz\u00eb aq t\u00eb fort\u00eb sa kriza q\u00eb kaluam n\u00eb at\u00eb vit, duhen shum\u00eb aktor\u00eb dhe p\u00ebrvoj\u00eb demokracie q\u00eb t\u00eb b\u00ebjn\u00eb t\u00eb mundur kalimin e kriz\u00ebs pa trauma. Kriza e vitit &#8217;97 ishte n\u00eb thelb nj\u00eb kriz\u00eb e demokracis\u00eb n\u00eb Shqip\u00ebri. U degraduan, jo vet\u00ebm standardet e demokracis\u00eb, por dhe personalitetet e njer\u00ebzve, dhe fatet e tyre fizike dhe politike<\/p>\n<p><em>\u00cbsht\u00eb e ndryshme Shqip\u00ebria e sotme? Mua m\u00eb duket, shpesh e n\u00eb shum\u00eb drejtime, e nj\u00ebjt\u00eb me at\u00eb &#8220;fshatin e \u00e7mendur&#8221;. Apo \u00ebsht\u00eb nj\u00eb paranoj\u00eb e imja?<br \/>\n<\/em>P\u00ebr fat t\u00eb keq aktor\u00ebt jan\u00eb t\u00eb nj\u00ebjt\u00eb, por Shqip\u00ebria ka ndryshuar. Ka m\u00eb pak liri p\u00ebr t\u00eb b\u00ebr\u00eb \u00e7mendurira si n\u00eb vitin 1997. P\u00ebr fatin ton\u00eb t\u00eb mir\u00eb tani nuk jemi vet\u00ebm ne q\u00eb vuajm\u00eb disa mungesa lirie p\u00ebr t\u00eb q\u00ebn\u00eb qytetar\u00eb dinjitoz\u00eb, por dhe Berisha, Meta, Rama, Nano, etj, vuajn\u00eb lirin\u00eb p\u00ebr t\u00eb b\u00ebr\u00eb at\u00eb q\u00eb kan\u00eb b\u00ebr\u00eb n\u00eb vitin 1997.<\/p>\n<p><em>Jeni i sigurt\u00eb q\u00eb nuk e kan\u00eb lirin\u00eb p\u00ebr t\u00eb b\u00ebr\u00eb d\u00ebme? Un\u00eb vet\u00eb nuk jam aq i sigurt\u00eb&#8230;<br \/>\n<\/em>Kemi disa institucione m\u00eb shum\u00eb, kemi nj\u00eb institucion presidenti, disa gjykata dhe institucione t\u00eb tjera drejt\u00ebsie q\u00eb jan\u00eb nj\u00eb hap para. Sipas meje, nuk e kan\u00eb at\u00eb liri q\u00eb kan\u00eb pasur, por e frikshme \u00ebsht\u00eb se po punojn\u00eb shum\u00eb, dhe po arrijn\u00eb suksese, p\u00ebr ta ripasur at\u00eb liri. Ky do ishte fundi.<\/p>\n<p><em>Keni p\u00ebrfundimisht nj\u00eb ide t\u00eb qart\u00eb mbi Berish\u00ebn? Dua t\u00eb them se e dini mir\u00eb m\u00eb n\u00eb fund, se kush \u00ebsht\u00eb, se \u00e7&#8217;motivacione ka, se \u00e7&#8217;q\u00ebllime?<\/em><br \/>\n<strong>Sali Berisha \u00ebsht\u00eb nj\u00eb g\u00ebnjesht\u00ebr<\/strong>.<\/p>\n<p>Dua q\u00eb t\u00eb jeni pak m\u00eb konkret. Un\u00eb vet\u00eb, n\u00eb instanc\u00eb t\u00eb fundit, e kam par\u00eb si nj\u00eb njeri t\u00eb marrosur pas pushtetit. Mir\u00ebpo ju n\u00eb lib\u00ebr b\u00ebni ndonj\u00eb aluzion, sipas t\u00eb cilit ai del dhe njeri q\u00eb punon p\u00ebr kauza t\u00eb tjera.<br \/>\nPo, ai \u00e7do gj\u00eb e ka n\u00eb funksion t\u00eb pushtetit. Ajo \u00ebsht\u00eb dashuria e vetme; dhe pasioni i vet\u00ebm i tij. Edhe kur b\u00ebn luft\u00eb apo paqe me per\u00ebndimin, me fqinj\u00ebt, me muxhahedin\u00ebt, me familjen e tij, me miqt\u00eb dhe f\u00ebmij\u00ebt e vet, ai ka parasysh pushtetin. Ndaj them q\u00eb m\u00eb ngjan me nj\u00eb G\u00ebnjesht\u00ebr t\u00eb Madhe.<\/p>\n<p><em>Ka patur ndonj\u00eb moment t\u00eb caktuar, n\u00eb t\u00eb cilin ju ka lindur dyshimi i par\u00eb serioz mbi t\u00eb? Apo dyshimi mbi t\u00eb ju \u00ebsht\u00eb krijuar e rritur ngadal\u00eb-ngadal\u00eb?<\/em><br \/>\nKa shum\u00eb momente t\u00eb raporteve t\u00eb mija personale t\u00eb mbushura me dyshime. Por tek un\u00eb ka ekzistuar nj\u00eb indoktrinim sa i p\u00ebrket ides\u00eb s\u00eb pamund\u00ebsis\u00eb q\u00eb ai ka pasur p\u00ebr t\u00eb b\u00ebr\u00eb di\u00e7ka n\u00eb politik\u00eb. Kisha iden\u00eb pra, se at\u00eb nuk e lan\u00eb t\u00eb tregonte se \u00e7&#8217;qe i zoti t\u00eb b\u00ebnte n\u00eb politik\u00eb. Rikthimi i tij n\u00eb pushtet qe zhg\u00ebnjimi i madh, dhe fundi i iluzioneve<\/p>\n<p><em>E keni menduar ndonj\u00ebher\u00eb, se \u00e7far\u00eb mund t\u00eb mendoj\u00eb Berisha p\u00ebr ju sot?<\/em><br \/>\nJo, se nuk rroj p\u00ebr t\u00eb.<\/p>\n<p><em>Po mir\u00eb, po jua b\u00ebj un\u00eb si pyetje: \u00e7far\u00eb mendon ai p\u00ebr ju sot?<\/em><br \/>\nBesoj, se mendon thjesht p\u00ebr t\u00eb m\u00eb hequr qafe nga skena mediatike, dhe p\u00ebr t\u00eb m\u00eb mbyllur goj\u00ebn. Nuk besoj se ka ndonj\u00eb zhg\u00ebnjim apo di\u00e7ka t\u00eb ngjashme, pasi shihet qart\u00eb se nuk \u00ebsht\u00eb njeri q\u00eb i ka mbetur ndonj\u00eb mik n\u00eb jet\u00eb. Nuk ka trajtuar ask\u00ebnd si t\u00eb till\u00eb.<\/p>\n<p><em>Ju vet\u00eb e keni par\u00eb si mik ndonj\u00ebher\u00eb?<\/em><br \/>\nPo. Dhe nuk jam i penduar pasi, n\u00ebse nuk do ta shikoja si mik, nuk do kisha asnj\u00eb arsye t\u00eb isha me t\u00eb. Interesant n\u00eb k\u00ebt\u00eb raport \u00ebsht\u00eb gruaja e tij.<\/p>\n<p><em>Gruaja? Liria? Pse?<\/em><br \/>\nAjo duket se ia njeh mir\u00eb munges\u00ebn e sensit p\u00ebr miqt\u00eb, dhe n\u00eb momente t\u00eb v\u00ebshtira t\u00eb jet\u00ebs s\u00eb tij politike, p\u00ebrpiqej t&#8217;i forconte iden\u00eb, se un\u00eb isha nj\u00eb mik, bile nj\u00eb mik i vet\u00ebm i tyre. Gruaja e tij \u00ebsht\u00eb njeriu q\u00eb ka m\u00eb shum\u00eb se kushdo tjet\u00ebr ndikim mbi t\u00eb. ka nj\u00eb pushtet t\u00eb paduksh\u00ebm p\u00ebr publikun, por shum\u00eb kapilar. Pas vitit 2005 ka dhe frenat e pushtetit, dhe kontrollon si me magji gjith\u00eb satelit\u00ebt rreth pushtetit t\u00eb tij. \u00cbsht\u00eb paksa tribale, bazohet tek fisi dhe familja, dhe nuk i beson askujt<\/p>\n<p><em>Duket sikur po i jepni nj\u00eb rol m\u00eb t\u00eb madh, se sa e ka n\u00eb t\u00eb v\u00ebrtet\u00eb..<\/em><br \/>\nAspak. Praktikisht, ajo \u00ebsht\u00eb Ministrja e Sh\u00ebndet\u00ebsis\u00eb prej 5 vitesh, ka nj\u00eb veprimtari t\u00eb frikshme korruptive sa i p\u00ebrket fondacionit q\u00eb drejton, ku grumbullon miliona, dhe s&#8217;i jep llogari askujt. Ka filluar t\u00eb spekulloj\u00eb me nj\u00eb s\u00ebmundje t\u00eb dhimbshme e shum\u00eb t\u00eb p\u00ebrhapur tek f\u00ebmij\u00ebt, si\u00e7 \u00ebsht\u00eb autizmi, ku nj\u00eb seanc\u00eb k\u00ebshillimi kushton 30 mij\u00eb lek\u00eb, dhe ndalon me dor\u00eb t\u00eb hekurt cdo iniciativ\u00eb paralele n\u00eb k\u00ebt\u00eb drejtim. \u00cbsht\u00eb nyja e panjohur e pushtetit t\u00eb friksh\u00ebm t\u00eb Berish\u00ebs<\/p>\n<p><em>N\u00eb fakt, nga jasht\u00eb nuk duket se \u00ebsht\u00eb k\u00ebshtu. Ajo edhe sikur s&#8217;ta mbush mendjen, ngaq\u00eb duket nj\u00eb gj\u00eb e urt\u00eb, e ndrojtur, e bindur, e thyeshme, e komandueshme &#8230;<\/em><br \/>\nKy \u00ebsht\u00eb kujdesi q\u00eb ajo b\u00ebn p\u00ebr t\u00eb fshehur pushtetin. Por ajo \u00ebsht\u00eb e padrejt\u00eb dhe n\u00eb ndarjen e pushtetit brenda familjes. N\u00ebse i hedh nj\u00eb sy, e shikon se dhe brenda familjes s\u00eb tyre, njer\u00ebzit e fisit t\u00eb gruas jan\u00eb njer\u00ebzit n\u00eb pushtet, nd\u00ebrsa njer\u00ebzit e Berish\u00ebs jan\u00eb pak dhe thuajse rrug\u00ebve. Frenat e biznesit, kapitalet bankare, televizionet, shendet\u00ebsin\u00eb, real estate, etj, i ka ajo. Berisha ka dy nipa n\u00eb pun\u00eb t\u00eb r\u00ebndomta, q\u00eb vuajn\u00eb pasojat e t\u00eb qenit nipa t\u00eb tij. Ajo dhe vajz\u00ebn e kush\u00ebririt t\u00eb 5-t\u00eb e ka drejtoresh\u00eb. Un\u00eb, q\u00eb e njoh nga af\u00ebr, kam dhjet\u00ebra detaje q\u00eb tregojn\u00eb se ajo k\u00ebshtu ka q\u00ebn\u00eb gjithmon\u00eb, edhe kur Berisha ishte n\u00eb opozit\u00eb.<\/p>\n<p><em>Kjo q\u00eb po thoni duhet t\u00eb jet\u00eb nj\u00eb gj\u00eb e re p\u00ebr publikun.<br \/>\nPor \u00ebsht\u00eb nj\u00eb gj\u00eb e prekshme dhe e verifikueshme shum\u00eb leht\u00eb. Ju jeni nj\u00eb nga gazetar\u00ebt e par\u00eb, ndoshta i vetmi, q\u00eb e keni kapur me intuit\u00eb falsitetin e saj. Keni shkruar para ca koh\u00ebsh nj\u00eb shkrim p\u00ebr t\u00eb. Mos gaboj keni shkruar nj\u00eb shkrim me titull &#8220;Pushoni, po flet Nexhmije Berisha&#8221;.<\/em><\/p>\n<p>Po, m\u00eb kujtohet. \u00cbsht\u00eb nj\u00eb shkrim q\u00eb e kam b\u00ebr\u00eb pas G\u00ebrdecit. Ishte momenti kur ajo shkoi n\u00eb nj\u00eb familje t\u00eb l\u00ebnduar (me viktima) nga tragjedia, dhe u tha &#8220;Saliu dhe un\u00eb vet\u00ebm tek ju e kemi mendjen&#8221;. M&#8217;u duk frikshm\u00ebrisht shtinjake.<br \/>\nPo, tamam. Nj\u00eb her\u00eb foli, dhe tregoi dh\u00ebmb\u00ebt, hipokrizin\u00eb, dhe prirjen p\u00ebr t\u00eb pasur pushtet. Duket larg pushtetit, ngaq\u00eb rri larg media-s. Por her\u00eb pas here e tradhton veten. Shikoni posht\u00ebrimin q\u00eb i b\u00ebn kunatit t\u00eb vrar\u00eb, shikoni deklaratat e kund\u00ebrta me ato t\u00eb motr\u00ebs s\u00eb saj. Asnj\u00eb fem\u00ebr n\u00eb bot\u00eb s&#8217;mund t\u00eb shkel\u00eb mbi motr\u00ebn p\u00ebr hir t\u00eb pushtetit, ashtu si ajo. Vet\u00ebm pushteti i saj e ka b\u00ebr\u00eb Berish\u00ebn t\u00eb shtiret sikur nuk e ka njohur baxhanakun e tij. Vet\u00ebm pushteti i nj\u00eb gruaje mund t\u00eb trasformoj\u00eb k\u00ebshtu nj\u00eb njeri.<\/p>\n<p><em>Dhe nj\u00eb gj\u00eb t\u00eb fundit p\u00ebr t\u00eb shoqin e saj. Si e mendoni ikjen e tij nga politika? Me probleme p\u00ebr t\u00eb? Me probleme p\u00ebr vendin? Me probleme p\u00ebr PD? Apo nj\u00eb ikje normale?<\/em><br \/>\nTek dikush q\u00eb s&#8217;ka pasur asgj\u00eb normale n\u00eb jet\u00eb, s&#8217;mund t\u00eb jet\u00eb normale ikja. Besoj se do ik\u00eb me probleme p\u00ebr vendin. Sa p\u00ebr PD-n\u00eb, ajo tani nuk \u00ebsht\u00eb m\u00eb problem i shqiptar\u00ebve, por problem i Berish\u00ebs q\u00eb ik\u00ebn bashk\u00eb me t\u00eb.<\/p>\n<p><em>Para se t\u00eb fillonim k\u00ebt\u00eb chat s\u00eb bashku, po lexoja nj\u00eb lajm nga jeta politike italiane. Bersani, shefi i s\u00eb majt\u00ebs, ka th\u00ebn\u00eb sot, q\u00eb &#8220;mos e mendoni t\u00eb kollajt\u00eb ikjen e Berlusconi-t; do b\u00ebj\u00eb d\u00ebme ai para se t\u00eb ik\u00eb&#8221;. Nga kjo ngjarje mora shkak q\u00eb ju pyeta. Kur e thon\u00eb p\u00ebr Berlusconin n\u00eb Itali, ku ka nj\u00eb qerre me institucione t\u00eb forta e t\u00eb pavarura e nj\u00eb ushtri t\u00eb madhe me opozit\u00eb e me shoq\u00ebri civile, p\u00ebrfytyroni se \u00e7&#8217;duhet t\u00eb themi ne p\u00ebr Berlusconi-n ton\u00eb!<\/em><br \/>\nNuk duhet t\u00eb kemi frik\u00eb t\u00eb pranojm\u00eb, se do kemi probleme nga ikja e tij. Por \u00ebsht\u00eb nj\u00eb betej\u00eb q\u00eb duhet ta p\u00ebrballojm\u00eb.<\/p>\n<p><em>Do ik\u00eb shpejt? Apo pas 36 vitesh? M\u00eb duket, se kaq, 36 vjet, e ka parashikuar mandatin e dyt\u00eb si me t\u00eb qeshur&#8230;<\/em><br \/>\nNuk do ik\u00eb aq shpejt sa duam ne, por nuk do jet\u00eb aq gjat\u00eb sa do ai.<\/p>\n<p><em>I keni th\u00ebn\u00eb t\u00eb gjitha n\u00eb lib\u00ebr? Ka gj\u00ebra t\u00eb tjera pa th\u00ebn\u00eb?<\/em><br \/>\nP\u00ebr ato vite, po. Dhe p\u00ebr Berish\u00ebn e atyre viteve. Tani do t\u00eb filloj pun\u00ebn p\u00ebr nj\u00eb lib\u00ebr shterues p\u00ebr t\u00eb, p\u00ebr rikthimin n\u00eb pushtet, dhe p\u00ebrs\u00ebritjen e historis\u00eb. Ndoshta pas nj\u00eb viti.<\/p>\n<p><em>Keni nj\u00eb p\u00ebrgjigje p\u00ebr ata q\u00eb thon\u00eb, se &#8220;Mero Baze motivohet goxh\u00e1 n\u00eb gj\u00ebrat q\u00eb thot\u00eb sot edhe nga nj\u00eb zem\u00ebrim e animozitet personal, q\u00eb i vjen nga nj\u00eb marr\u00ebdh\u00ebnie e d\u00ebshtuar dhe e prishur, politike e humane, e prandaj nuk duhet besuar deri n\u00eb fund p\u00ebr gj\u00ebrat q\u00eb thot\u00eb&#8221;?<\/em><br \/>\nNuk kam p\u00ebrgjigje p\u00ebr ata q\u00eb duan t\u00eb mos flas, dhe q\u00eb shpikin arsye q\u00eb un\u00eb t\u00eb mos flas. Por \u00ebsht\u00eb e v\u00ebrtet\u00eb, se pasioni dominon shpesh pun\u00ebn time si gazetar i angazhuar. Besoj se n\u00eb k\u00ebt\u00eb vend b\u00ebjn\u00eb m\u00eb shum\u00eb d\u00ebm ata q\u00eb nuk flasin nga frika, se sa ata q\u00eb angazhohen nga pasioni. E kam th\u00ebn\u00eb nes\u00ebr (t\u00eb diel\u00ebn) n\u00eb nj\u00eb editorial t\u00eb gazet\u00ebs Tema, se n\u00eb vendin ton\u00eb, ka mb\u00ebrritur dita, q\u00eb intelektual\u00ebt, n\u00eb vend t\u00eb dijeve, shesin heshtjen. Kjo \u00ebsht\u00eb posht\u00ebruese<\/p>\n<p>N\u00eb lib\u00ebr thoni se, me k\u00ebt\u00eb lib\u00ebr, ju po i paguani dhe nj\u00eb borxh profesionit t\u00eb gazetarit? I keni akoma borxhe?<br \/>\nBorxhet n\u00eb profesion nuk jan\u00eb sasi, po cil\u00ebsi. Dhe kur them se po i kthej nj\u00eb borxh, kam parasysh faktin q\u00eb kam qen\u00eb gazetar i angazhuar n\u00eb kauza q\u00eb i besoja, dhe q\u00eb kam d\u00ebshtuar. Nuk ka r\u00ebnd\u00ebsi n\u00ebse un\u00eb e kam b\u00ebr\u00eb dy her\u00eb, apo kat\u00ebr, at\u00eb gabim. \u00cbsht\u00eb nj\u00eb lloj gabimi q\u00eb s&#8217;duhet t\u00eb p\u00ebrs\u00ebritet.<\/p>\n<p>Ju uroj suksese me gazet\u00ebn Tema! Jam vecant\u00ebrisht i sinqert\u00eb kur ju uroj suksese n\u00eb k\u00ebt\u00eb mes, ngaq\u00eb po shoh se po vdes media opozitare dhe po pak\u00ebsohen n\u00eb numur gazetar\u00ebt opozitar\u00eb. Supozoj se Tema do jet\u00eb n\u00eb binar\u00eb t\u00eb opozit\u00ebs. Shqip\u00ebria ka nevoj\u00eb p\u00ebr opozit\u00eb. Ka nevoj\u00eb, jo domosdoshm\u00ebrisht p\u00ebr t&#8217;u rreshtuar me opozit\u00ebn, por p\u00ebr t\u00eb b\u00ebr\u00eb opozit\u00eb.<br \/>\nFaleminderit!. Suksese dhe juve n\u00eb sprov\u00ebn e gazetaris\u00eb ne \u00ebeb. Ndoshta po hapni nj\u00eb dritare shprese kund\u00ebr prangave t\u00eb parave, q\u00eb na duhen p\u00ebr t\u00eb botuar artikujt tan\u00eb.<\/p>\n<p style=\"text-align: center;\">\n* * *<\/p>\n<p><strong>Pjes\u00eb nga libri &#8220;Viti &#8217;97&#8221;: Nisja e trazira n\u00eb Lushnj\u00eb dhe fillimi i kaosit t\u00eb shtetit piramidal<\/strong><\/p>\n<p><strong>Tritan Shehu, peng i turmave n\u00eb Lushnj\u00eb<\/strong><\/p>\n<p>Kishin marr\u00eb peng Tritan Shehun. Z\u00ebvend\u00ebskryeministri dhe kryetari i Partis\u00eb Demokratike ishte ulur n\u00eb nj\u00eb fush\u00eb politike t\u00eb minuar. N\u00eb stadiumin e Lushnj\u00ebs, ku ishin mbledhur protestuesit, tri dit\u00eb pasi ishte shpallur falimentimi i skemave piramidale &#8220;Xhaferri&#8221; dhe &#8220;Populli&#8221;, zem\u00ebrimi dhe manipulimi i turm\u00ebs arrit\u00ebn t\u00eb krijonin simbolin e posht\u00ebrimit t\u00eb shtetit dhe t\u00eb r\u00ebnies s\u00eb tij. Z\u00ebvend\u00ebskryeministri, i cili, me siguri q\u00eb gjith\u00eb jet\u00ebn s&#8217;do ia shpjegoj\u00eb dot vetes se \u00e7far\u00eb do t\u00eb sqaronte me turmat, u ul aty s\u00eb bashku me ministrin e Drejt\u00ebsis\u00eb, Kristofor Pe\u00e7in, dhe u mor peng p\u00ebr disa or\u00eb nga protestuesit, t\u00eb cil\u00ebt ishin irrituar nga arrestimet e dy dit\u00ebve t\u00eb fundit n\u00eb Lushnj\u00eb. Lajmi mb\u00ebrriti me shpejt\u00ebsi n\u00eb Tiran\u00eb dhe masat q\u00eb mund t\u00eb merreshin ishin t\u00eb pakta.<br \/>\nUn\u00eb kisha qen\u00eb dy dit\u00eb m\u00eb par\u00eb n\u00eb Lushnj\u00eb, kur ishte djegur qyteti dhe kur kishin bllokuar rrug\u00ebn n\u00eb Plug . E kisha parasysh fare mir\u00eb sa banale ishte situata me turmat e zem\u00ebruara, por nuk arrija t\u00eb kuptoja se \u00e7&#8217;k\u00ebrkonte atje, madje pa asnj\u00eb mision t\u00eb nj\u00ebmendt\u00eb, figura simbol e grumbullimit forrnal t\u00eb pushtetit t\u00eb PD-s\u00eb.<\/p>\n<p>N\u00eb dit\u00ebn e par\u00eb t\u00eb bllokimit t\u00eb rrug\u00ebs n\u00eb Lushnj\u00eb, m\u00eb 24 janar, isha nisur aty bashk\u00eb me Lutfi Dervishin, me makin\u00ebn time t\u00eb vog\u00ebl Golf. Pengesa e par\u00eb ishte n\u00eb Dushk t\u00eb Madh, ku rruga devijonte rr\u00ebz\u00eb kodr\u00ebs, posht\u00eb shinave t\u00eb trenit. Forcat speciale ishin rreshtuar n\u00eb formacion luftimi n\u00eb an\u00ebn e poshtme t\u00eb rrug\u00ebs, kurse mbi hekurudh\u00eb, nj\u00eb tuf\u00eb e madhe f\u00ebmij\u00ebsh dhe adoleshent\u00ebsh i q\u00ebllonin me gur\u00eb. Ushtar\u00ebt rrinin t\u00eb strukur pas mburojave t\u00eb tejdukshme. Ishte nj\u00eb situat\u00eb e paqart\u00eb n\u00ebse duhej t\u00eb kaloje ose jo. Ndalova makin\u00ebn dhe pyeta dik\u00eb nga djemt\u00eb sip\u00ebr hekurudh\u00ebs.<br \/>\n&#8211; A t\u00eb kaloj un\u00eb, se jam p\u00ebr n\u00eb Jug, &#8211; u thash\u00eb.?<br \/>\n&#8211; Kalo, kalo ti, e kemi me k\u00ebta t\u00eb Saliut ne. Nuk i l\u00ebm\u00eb ne t\u00eb ikin k\u00ebta&#8230;<br \/>\nKalova me shpejt\u00ebsi dhe, fal\u00eb Zotit, nja dy gur\u00eb t\u00eb vegj\u00ebl q\u00eb u p\u00ebrplas\u00ebn n\u00eb makin\u00eb, nuk b\u00ebn\u00eb ndonj\u00eb d\u00ebm. Sa kalova rrezikun, ndalova. Nxora mikrofonin, me shpres\u00eb se mos kapte thirrjet e tyre, por ishin pak larg. Nj\u00eb oficer q\u00eb drejtonte forcat speciale, m&#8217;u afrua dhe m\u00eb foli n\u00eb em\u00ebr.<br \/>\n&#8211; Pse ndaloni prej k\u00ebtyre? &#8211; e pyeta. &#8211; Kaq rrezik \u00ebsht\u00eb?<br \/>\n&#8211; S&#8217;jemi t\u00eb qart\u00eb se ku do t\u00eb shkojm\u00eb. Ky \u00ebsht\u00eb rrezik i vog\u00ebl. Po presim urdh\u00ebr se \u00e7&#8217;t\u00eb b\u00ebjm\u00eb.<br \/>\nTunda kok\u00ebn n\u00eb shenj\u00eb ngush\u00ebllimi. N\u00eb fakt, oficeri di\u00e7ka donte t\u00eb m\u00eb thoshte m\u00eb shum\u00eb, sikur t\u00eb m\u00eb lutej q\u00eb t\u00eb lidhesha me ndonj\u00eb nga shefat e tij lart. Ishte i d\u00ebshp\u00ebruar dhe krejt i pamotivuar p\u00ebr pun\u00ebn e tij. Pamjet e ushtar\u00ebve t\u00eb strukur n\u00ebn gur\u00ebt e adoleshent\u00ebve, ishin nj\u00eb inkurajim i madh kund\u00ebr fuqis\u00eb s\u00eb shtetit.<\/p>\n<p>K\u00ebrkesat e protestuesve ishin nga m\u00eb t\u00eb \u00e7uditshmet. N\u00eb qend\u00ebr t\u00eb tyre ishte Rrapush Xhaferri, kreu i Fondacionit &#8220;Populli&#8221;. Ata besonin se ai i kishte parat\u00eb e tyre, por se qeveria e kishte arrestuar q\u00eb t&#8217;ia merrte ato. K\u00ebrkonin q\u00eb urgjent ai t\u00eb vinte aty me helikopter dhe pastaj \u00e7do gj\u00eb zgjidhej. T\u00eb tjer\u00eb pak m\u00eb tutje mbanin gazet\u00ebn &#8220;Koha Jon\u00eb&#8221; n\u00eb dor\u00eb dhe puthnin portretin e Rrapushit. Ishte nj\u00eb histeri e pap\u00ebrballueshme.<\/p>\n<p>N\u00eb rrug\u00eb ishin vendosur disa tuba hekuri dhe makina e kishte t\u00eb pamundur t\u00eb vazhdonte m\u00eb tej. Dy djem m\u00eb ndihmuan dhe m\u00eb tregun nj\u00eb rrug\u00eb p\u00ebrmes fush\u00ebs, ku kalonte zetori i jonxh\u00ebs. I mora n\u00eb makin\u00eb dhe ia dol\u00ebm pas 500 metrash. Nuk m\u00eb ndaloi m\u00eb askush deri te kthesa e Plugut, ku kishin ngritur barrikad\u00ebn. Djemt\u00eb q\u00eb kisha me vete m\u00eb ndihmuan q\u00eb njer\u00ebzit e tjer\u00eb mos ishin armiq\u00ebsor\u00eb me mua. Hip\u00ebn sip\u00ebr makin\u00ebs si roje, nd\u00ebrsa un\u00eb nga brenda transmetova p\u00ebr &#8220;Z\u00ebrin e Amerik\u00ebs&#8221; direkt, duke par\u00eb nga larg qytetin dhe duke p\u00ebrshkruar turm\u00ebn. K\u00ebmb\u00ebt e tyre t\u00eb varura mbi xhamin e makin\u00ebs dhe zgjatja her\u00eb pas here e kok\u00ebs p\u00ebr t\u00eb kuptuar se \u00e7far\u00eb po b\u00ebja me telefonin, ishin bezdia e vetme q\u00eb kisha.<\/p>\n<p>Transmetimi im nga kthesa e Plugut ishte nj\u00eb problem m\u00eb vete. Shihja vet\u00ebm qytetin e Lushnj\u00ebs dhe disa sht\u00ebllunga tymi q\u00eb dilnin sip\u00ebr tij. Nuk kisha ask\u00ebnd q\u00eb ta pyesja se \u00e7&#8217;ndodhte n\u00eb qytet. Telefoni celular aty kapte vet\u00ebm n\u00eb disa pika af\u00ebr post\u00ebs dhe thuajse asnj\u00eb nuk kishte celular n\u00eb qytet. Pyeta dik\u00eb nga ata q\u00eb kishin bllokuar rrug\u00ebn, q\u00eb t\u00eb merrja vesh se nga dilte tymi.<br \/>\n-Kan\u00eb djegur Bashkin\u00eb, &#8211; tha ai. &#8211; Do t&#8217;u v\u00ebm\u00eb zjarrin t\u00eb gjithave: Bashkis\u00eb, Komitetit&#8230; \u00e7&#8217;t\u00eb jet\u00eb.<br \/>\nM\u00eb erdhi p\u00ebr t\u00eb qeshur, pasi Bashkia n\u00eb t\u00eb v\u00ebrtet\u00eb ishte pasardh\u00ebsja e Komitetit Ekzekutiv, por n\u00eb mendjen e djalit asgj\u00eb nuk kishte ndryshuar. N\u00eb raportin tim e p\u00ebrshkrova situat\u00ebn t\u00eb r\u00ebnd\u00eb dhe citova protestuesit t\u00eb thoshin se po digjej Bashkia. N\u00eb t\u00eb v\u00ebrtet\u00eb, ishin djegur zyrat e Hipotek\u00ebs dhe disa zyra t\u00eb Tatim-Taksave t\u00eb Lushnj\u00ebs.<br \/>\nKur mbarova, dola jasht\u00eb dhe i p\u00ebrsh\u00ebndeta. Shumica ishin 17 &#8211; 20 vje\u00e7ar\u00eb.<br \/>\n&#8211; \u00c7far\u00eb k\u00ebrkoni tamam? &#8211; u thash\u00eb. &#8211; Pse e keni z\u00ebn\u00eb rrug\u00ebn?<br \/>\n-Na ka vjedh Saliu lek\u00ebt, ere!<br \/>\n-Ku i keni pasur lek\u00ebt?<br \/>\n-Te &#8220;Xhaferri&#8221; i kishim, ere. E ka arrestuar Saliu, q\u00eb t&#8217;ia marr\u00eb lek\u00ebt dhe na g\u00ebnjen neve. Thot\u00eb q\u00eb \u00ebsht\u00eb piramid\u00eb. Po e ham\u00eb ne at\u00eb, ere? Ta nxjerr\u00eb Xhaferrin, q\u00eb ta thot\u00eb vet\u00eb&#8230;<br \/>\n-Po e nxori, ere, &#8211; u thash\u00eb un\u00eb. &#8211; A nuk ishte Xhaferri ai q\u00eb doli dje n\u00eb televizion dhe tha q\u00eb s&#8217;kishte lek\u00eb?<br \/>\nNj\u00eb nat\u00eb m\u00eb par\u00eb, n\u00eb nj\u00eb kamer\u00eb bardh\u00eb e zi, nga ato q\u00eb regjistronin n\u00eb qeli, TVSh-ja kishte dh\u00ebn\u00eb pamje n\u00eb qeli nga intervista e prokurorit me Rrapush Xhaferrin. Pamja e tij e shfytyruar dhe filmi bardh\u00eb e zi e kishin zhburr\u00ebruar &#8220;gjeneralin&#8221; n\u00eb syt\u00eb e idhujve t\u00eb vet, por ata nuk donin ta pranonin q\u00eb ai ishte &#8220;gjenerali i tyre&#8221;.<br \/>\n-Jo, ere, jo. Ai ishte Pali Miska. Ne do t\u00eb na e hedh\u00eb Saliu, e? Jo, ere, duam Xhaferrin ne. Ka lek\u00eb ai, ka sa t\u00eb duash. Por ia ka marr\u00eb Saliu, ai qeni!<br \/>\nNd\u00ebrsa debatoja me kalamajt\u00eb q\u00eb m\u00eb kishin rrethuar, z\u00ebdh\u00ebn\u00ebsi i Ministris\u00eb s\u00eb Brendshme, Ndrek\u00eb Gjini, i alarmuar, m\u00eb mori n\u00eb telefon:<br \/>\n-\u00c7&#8217;b\u00ebre n\u00eb radio?<br \/>\n&#8211; Pse, \u00e7far\u00eb ka ndodhur? &#8211; e pyeta.<br \/>\nKur po flisje ti n\u00eb radio, s&#8217;kishte marr\u00eb flak\u00eb ende, tani po e djegin. M\u00eb duket se d\u00ebgjuan radion, kur the &#8220;po djegin Bashkin\u00eb&#8221; dhe kan\u00eb shkuar aty.<br \/>\nU trondita nga arsyetimi i tij.<br \/>\n&#8211; Je i sigurt q\u00eb ata shkuan pasi d\u00ebgjuan radion? &#8211; i thash\u00eb. &#8211; Un\u00eb s&#8217;kam dhjet\u00eb minuta q\u00eb raportova. Ata s&#8217;besoj se kan\u00eb radio dore me vete.<br \/>\n&#8211; Ohu, un\u00eb t\u00eb them k\u00ebshtu, ti s&#8217;do, &#8211; tha. &#8211; Nji tash kan\u00eb hy n\u00eb Bashki.<\/p>\n<p>E mbylla telefonin, por shqet\u00ebsimi nuk m\u00eb iku. Nuk jam ende fort i sigurt p\u00ebr at\u00eb q\u00eb ka ndodhur, por ishte nj\u00eb leksion i eg\u00ebr i p\u00ebrgjegjshm\u00ebris\u00eb q\u00eb duhet t\u00eb ket\u00eb nj\u00eb gazetar kur raporton nga trazirat. P\u00ebrvoja jon\u00eb n\u00eb k\u00ebt\u00eb drejtim ishte zero. Rrethanat ishin po ashtu shum\u00eb spekulative. Gjith\u00e7ka m\u00eb b\u00ebri t\u00eb ndihesha keq, nd\u00ebrsa udh\u00ebtoja drejt Tiran\u00ebs. I lash\u00eb dy f\u00ebmij\u00ebt n\u00eb Dushk dhe nd\u00ebrkoh\u00eb, nj\u00eb grua e re, s\u00eb bashku me burrin, k\u00ebrkuan t\u00eb vinin deri n\u00eb Tiran\u00eb me mua. I mora, sepse ndihesha keq vet\u00ebm. Nuk fola thuajse fare me ta gjith\u00eb rrug\u00ebs, p\u00ebrve\u00e7 pes\u00eb minutave t\u00eb para, kur ata m\u00eb shpjeguan se do t\u00eb shkonin tek motra e asaj gruas, q\u00eb t\u00eb rrinin ca koh\u00eb, deri sa t\u00eb mbaronin rr\u00ebmujat. Kishte nisur ikja nga zona e &#8220;luft\u00ebs&#8221;.<\/p>\n<p style=\"text-align: center;\">* * *<\/p>\n<p><strong>Baze: Takimi me Fatos Nanon n\u00eb burg<\/strong><\/p>\n<p>Vijon nga e diela &#8211; Kishte thuajse dy jav\u00eb q\u00eb zhvillohej nj\u00eb luft\u00eb e ftoht\u00eb mes katit t\u00eb dyt\u00eb dhe katit t\u00eb tret\u00eb n\u00eb godin\u00ebn e Partis\u00eb Socialiste. N\u00eb katin e dyt\u00eb ishin n\u00ebnkryetar\u00ebt. Q\u00eb nga burgu, Nanoja i kishte quajtur si &#8220;njer\u00ebzit e spaletave&#8221;. N\u00eb qend\u00ebr t\u00eb sulmit ishte Ilir Meta, por arsyetimi p\u00ebr sulm ishte konservatorizmi i Servet P\u00ebllumbit dhe dogmatizmi i Namik Dokles. N\u00eb katin e tret\u00eb, Kastriot Islami mbante hapur zyr\u00ebn e shtypit. Rrotull tij v\u00ebrtitej Pandeli Majko. Ishte nj\u00eb kompozim q\u00eb nuk kishte shum\u00eb shpjegime.<\/p>\n<p>Nj\u00eb vit m\u00eb par\u00eb, Pandeli Majko u hoq nga detyra e kryetarit t\u00eb Forumit Rinor Eurosocialist me arsyetimet e n\u00ebndheshme se ishte kund\u00ebr &#8220;udh\u00ebheqjes&#8221; dhe se duhej q\u00eb partia ta kishte n\u00ebn kontroll FRESSH-in. P\u00ebr ne q\u00eb e shikonim nga jasht\u00eb gjith\u00eb k\u00ebt\u00eb proces, dukej sikur Pandeli Majko ishte kund\u00ebr Fatos Nanos dhe po z\u00ebvend\u00ebsohej nga nj\u00eb besnik i Fatosit. N\u00eb t\u00eb v\u00ebrtet\u00eb, &#8220;udh\u00ebheqja&#8221; kishte filluar t\u00eb mos ishte m\u00eb me Fatos Nanon, por n\u00ebnkryetar\u00ebt. Nj\u00eb vit m\u00eb von\u00eb, pasardh\u00ebsi i Pandeli Majkos n\u00eb FRESSH, Ilir Meta, ishte armiku real i Fatos Nanos, nd\u00ebrsa Pandeli Majkoja, mb\u00ebshtet\u00ebs i tij.<\/p>\n<p>Nd\u00ebrkoh\u00eb, Kastriot Islami p\u00ebrpiqej t\u00eb b\u00ebnte nj\u00eb vend brenda partis\u00eb, pas nj\u00eb mungese disavje\u00e7are n\u00eb Gjermani, ku u strehua p\u00ebr disa vite, qysh kur u arrestua Fatos Nanoja, i trembur se deklarata e tij &#8220;demokrat\u00ebve do t&#8217;ua thyejm\u00eb kafkat&#8221; do t\u00eb p\u00ebrb\u00ebnte objekt p\u00ebr vep\u00ebr penale. Gramoz Ru\u00e7i, njeriu i hekurt brenda Partis\u00eb Socialiste, ishte larguar n\u00eb Greqi. Ai ishte njoftuar gjysm\u00ebzyrtarisht se prokuroria po hapte \u00e7\u00ebshtje penale ndaj tij dhe brenda nat\u00ebs u largua p\u00ebr n\u00eb Tepelen\u00eb. T\u00eb nes\u00ebrmen, nj\u00eb mik i tij n\u00eb polici e shoq\u00ebroi p\u00ebr n\u00eb Kakavij\u00eb dhe ai kaloi n\u00eb Greqi.<\/p>\n<p>Berisha kishte k\u00ebrkuar rihapjen e hetimeve p\u00ebr 2 prillin pik\u00ebrisht p\u00ebr t\u00eb mbajtur n\u00ebn tension njeriun q\u00eb mendonte se e mbante partin\u00eb t\u00eb bashkuar rreth Fatos Nanos. K\u00ebshtu q\u00eb n\u00eb PS ishin tre n\u00ebnkryetar\u00ebt &#8211; Servet P\u00ebllumbi, Namik Dokle dhe Ilir Meta &#8211; n\u00eb nj\u00ebr\u00ebn an\u00eb dhe Islami e Majko n\u00eb an\u00ebn tjet\u00ebr.<br \/>\nAt\u00eb pasdite korriku kisha nj\u00eb raport p\u00ebr zhvillimet brenda Partis\u00eb Socialiste, q\u00eb do t\u00eb transmetohej n\u00eb or\u00ebn 18.00. Ishte mbledhur kryesia e Partis\u00eb Socialiste dhe kishin kund\u00ebrshtuar &#8220;Mocionin p\u00ebr debat&#8221;, q\u00eb kryetari i tyre, Fatos Nano, e kishte d\u00ebrguar nga burgu. Mocioni, si\u00e7 u njoh m\u00eb von\u00eb gjer\u00ebsisht, ishte sjell\u00eb nga gruaja e tij, Rexhina, dhe i ishte dor\u00ebzuar Pandeli Majkos dhe Kastriot Islamit dhe, pasi ishte zb\u00ebrthyer n\u00eb form\u00ebn e nj\u00eb dokumenti politik, i ishte parashtruar kryesis\u00eb.<\/p>\n<p>Kryesia reagoi ashp\u00ebr dhe publikisht kund\u00ebr tij. Thelbi i reagimit, sipas tyre, ishte se Fatos Nanoja k\u00ebrkonte t\u00eb faj\u00ebsonte kryesin\u00eb p\u00ebr zgjedhjet e 26 majit, nd\u00ebrkoh\u00eb q\u00eb k\u00ebshtu shmangte hedhjen e p\u00ebrgjegj\u00ebsis\u00eb mbi Berish\u00ebn. Servet P\u00ebllumbi kishte dal\u00eb hapur kund\u00ebr Fatos Nanos. Namik Dokle, po ashtu, di\u00e7ka kishte p\u00ebrtypur n\u00ebp\u00ebr dh\u00ebmb\u00eb. Kisha dal\u00eb t\u00eb pija nj\u00eb kafe dhe po e ndiqja emisionin me radio dore. N\u00eb fund t\u00eb emisionit, si\u00e7 ndodh r\u00ebndom, mbeten tri minuta bosh dhe nj\u00eb kolege nga studioja, lajm\u00ebroi se do t\u00eb kishte n\u00eb linj\u00eb kolegun tim. U lidh. Pyetja ishte po p\u00ebr zhvillimet brenda Partis\u00eb Socialiste. Kolegia nga studioja i sugjeroi se kishte dhe dy grupime dhe iu lut q\u00eb t&#8217;i p\u00ebrshkruante ato. Kolegu im i b\u00ebri asaj nj\u00eb p\u00ebrshkrim standard, duke paraqitur nga nj\u00ebra an\u00eb Fatos Nanon me mb\u00ebshtet\u00ebsit e tij, t\u00eb cil\u00ebt ai i quajti reformator\u00eb, kurse n\u00eb an\u00ebn tjet\u00ebr Servet P\u00ebllumbin me n\u00ebnkryetar\u00ebt, q\u00eb ai i quajti konservator\u00eb.<\/p>\n<p>Ra menj\u00ebher\u00eb zilja e telefonit. Ishte Ilir Meta.<br \/>\n&#8211; Un\u00eb nuk jam konservator, &#8211; tha ai. &#8211; Keni filluar t&#8217;i sh\u00ebrbeni atij plehr\u00ebs, atij burgaxhiut&#8230;<br \/>\n&#8211; Mos u nxeh, &#8211; i thash\u00eb. &#8211; Nuk e di se \u00e7far\u00eb ka ndodhur, por eja t\u00eb bisedojm\u00eb m\u00eb nga af\u00ebr.<br \/>\nLam\u00eb t\u00eb pinim nj\u00eb kafe pak m\u00eb von\u00eb. Dukej q\u00eb ishte i irrituar, por m\u00eb shum\u00eb i trembur.<br \/>\n&#8211; Pse e b\u00ebri at\u00eb vler\u00ebsim? A ishte v\u00ebrtet rast\u00ebsi? Si mund ta korrigjojm\u00eb? A ia kan\u00eb th\u00ebn\u00eb amerikan\u00ebt? A jua diktojn\u00eb ata q\u00ebndrimet politike?<br \/>\nSidomos te kjo e fundit k\u00ebmb\u00ebngulte shum\u00eb. K\u00ebto ishin shqet\u00ebsimet tij, q\u00eb i tha pa marr\u00eb ende frym\u00eb. E brente dyshimi se e kishte humbur prej koh\u00ebsh mb\u00ebshtetjen e SHBA-ve. Fakti q\u00eb at\u00eb vit Ambasada e SHBA-ve n\u00eb Tiran\u00eb kishte \u00e7uar n\u00eb SHBA Pandeli Majkon dhe jo at\u00eb, ndoshta i ishte b\u00ebr\u00eb fiksim.<br \/>\nBiseduam gjat\u00eb. I thash\u00eb se po teprohej me paraqitjen e grupit t\u00eb tyre n\u00eb radio, por nd\u00ebrkaq duhej si pal\u00eb Fatos Nanoja. Un\u00eb mund t\u00eb shkoja n\u00eb burg e t&#8217;i merrja nj\u00eb intervist\u00eb.<br \/>\nN\u00eb fillim iu duk propozim i dyshimt\u00eb, pastaj filloi t\u00eb b\u00ebhej entusiazt. Bisedova me Elez Biberajn p\u00ebr mund\u00ebsin\u00eb e intervist\u00ebs. Ai u befasua pak, por m\u00eb inkurajoi menj\u00ebher\u00eb. Megjithat\u00eb, nuk harroi t\u00eb m\u00eb porosiste se nuk duhej t&#8217;i lutesha shum\u00eb shtetit p\u00ebr leje hyrjeje.<br \/>\nKrisja mes qeveris\u00eb s\u00eb Partis\u00eb Demokratike dhe qeveris\u00eb amerikane kishte filluar. Tashm\u00eb mbetej edhe nj\u00eb penges\u00eb tjet\u00ebr. Sali Berisha duhej t\u00eb siguronte lejen e hyrjes. Ia thash\u00eb n\u00eb telefon se m\u00eb duhej t\u00eb intervistoja Fatos Nanon n\u00eb burg. U vendos pak heshtje.<br \/>\n&#8211; Kush ta k\u00ebrkoi? &#8211; tha.<br \/>\n&#8211; M\u00eb duhet p\u00ebr balanc\u00eb, &#8211; i thash\u00eb, &#8211; se po japim vet\u00ebm pal\u00ebn e n\u00ebnkryetar\u00ebve. Fola me Ilir Met\u00ebn dhe ai \u00ebsht\u00eb dakord. Ai mendon se i b\u00ebn pun\u00eb prononcimi i tij.<br \/>\nIlir Meta ishte nj\u00eb referenc\u00eb shp\u00ebtuese p\u00ebr mua. Berisha tha menj\u00ebher\u00eb &#8220;po&#8221;, madje me entusiaz\u00ebm.<br \/>\n&#8211; Dometh\u00ebn\u00eb, ke folur me ta, &#8211; m\u00eb pyeti, &#8211; nuk u prish pun\u00eb?<br \/>\n&#8211; Jo, jo, aspak! &#8211; i thash\u00eb. &#8211; Fola, madje ma rekomanduan vet\u00eb.<br \/>\n&#8211; Shum\u00eb mir\u00eb, &#8211; tha. &#8211; Shko at\u00ebher\u00eb!<br \/>\n&#8211; Po flas me Hektorin, q\u00eb t\u00eb hyj nes\u00ebr, &#8211; ia ktheva, &#8211; po i them n\u00eb em\u00ebr t\u00ebnd.<br \/>\n&#8211; S&#8217;ka problem, i b\u00ebj un\u00eb telefon, &#8211; tha Berisha.<\/p>\n<p>Mora n\u00eb telefon ministrin e at\u00ebhersh\u00ebm t\u00eb Drejt\u00ebsis\u00eb, Hektor Frash\u00ebrin, nj\u00eb burr\u00eb gjithmon\u00eb kavalier dhe i gatsh\u00ebm p\u00ebr t\u00eb t\u00eb ndihmuar. I shpjegova si e kisha pun\u00ebn. Duhej t\u00eb udh\u00ebtoja p\u00ebr gjith\u00eb nat\u00ebn dhe n\u00eb m\u00ebngjes t\u00eb isha n\u00eb B\u00ebn\u00e7\u00eb. Leje nuk kisha ku t\u00eb merrja, ndaj duhej njoftuar drejtori i burgut t\u00eb m\u00eb lejonte t\u00eb hyja, pa ndonj\u00eb let\u00ebr n\u00eb xhep. Gjith\u00e7ka e b\u00ebra t\u00eb koordinuar, me q\u00ebllim q\u00eb t\u00eb mos e regjistroja emrin si njeri q\u00eb kisha hyr\u00eb n\u00eb burg. Porosia e shefit tim n\u00eb &#8220;Z\u00ebrin e Amerik\u00ebs&#8221;, q\u00eb un\u00eb nuk duhej t\u00eb lutesha shum\u00eb p\u00ebr leje, ishte n\u00eb sfond t\u00eb t\u00eb gjitha k\u00ebtyre makinacioneve. Ishte nj\u00eb intervist\u00eb q\u00eb m\u00eb duhej doemos. Ilir Meta dhe Sali Berisha nuk m\u00eb hynin m\u00eb n\u00eb pun\u00eb pas k\u00ebsaj. M\u00eb kishin ndihmuar n\u00eb planin tim p\u00ebr t\u00eb shkuar n\u00eb B\u00ebn\u00e7\u00eb.<br \/>\nHektor Frash\u00ebri kishte folur n\u00eb telefon me Bujar Kaloshin, t\u00eb cilin e ekzekutuan nj\u00eb jav\u00eb m\u00eb pas.<br \/>\nBujari tha se do t\u00eb urdh\u00ebronte drejtorin t\u00eb m\u00eb priste te dera. Nuk kishte asnj\u00eb problem. K\u00ebshtu u b\u00eb. P\u00ebr gjith\u00eb nat\u00ebn, u nisa me nj\u00eb makin\u00eb Golf drejt Tepelen\u00ebs. Pas nj\u00eb defekti af\u00ebr Durr\u00ebsit, m&#8217;u desh t\u00eb kthehesha n\u00eb Golem; ku mora nj\u00eb nipin tim dhe vazhdova udh\u00ebtimin.<br \/>\nN\u00eb or\u00ebn 06.30 minuta isha n\u00eb Tepelen\u00eb.<\/p>\n<p>Pasi shkuam p\u00ebr nj\u00eb kafe n\u00eb qytet, zbrit\u00ebm te dera e burgut, n\u00eb krah t\u00eb p\u00ebrroit t\u00eb B\u00ebn\u00e7\u00ebs.<br \/>\nTe dera priste nj\u00eb djal\u00eb me trup mesatar, i cili m&#8217;u prezantua si drejtori. M\u00eb njihte si fytyr\u00eb dhe nuk kisha nevoj\u00eb t\u00eb prezantohesha. M\u00eb ftoi n\u00eb zyr\u00ebn e tij p\u00ebr nj\u00eb kafe. Ishte nj\u00eb zyr\u00eb e ngusht\u00eb, e keqe, q\u00eb t\u00eb kujtonte zyrat e ROGL-s\u00eb s\u00eb dikurshme, ku b\u00ebheshin dezhurne.<br \/>\nFilloi t\u00eb b\u00ebnte nj\u00eb kafe turke. Nd\u00ebrsa po ma servirte, m\u00eb pyeti duke m\u00eb par\u00eb me bisht t\u00eb syrit:<br \/>\n-Do t&#8217;i b\u00ebsh intervist\u00eb atij qenit?<br \/>\n-Do t\u00eb intervistoj Fatosin, &#8211; i thash\u00eb.<br \/>\n-H\u00eb, por ai mund t\u00eb shaj\u00eb Presidentin&#8230;<br \/>\n-Hajt, o burr\u00eb, mos u b\u00ebj merak, se pun\u00eb q\u00eb rregullohet, &#8211; ia ktheva. &#8211; Si rregullohet? Se ti, mir\u00eb q\u00eb e jep te &#8220;Z\u00ebri i Amerik\u00ebs&#8221;, po at\u00eb e transmeton edhe Radio-Tirana m\u00eb 20.30&#8230;<br \/>\n-Hajt, pi kafe pa merak, se ia fut un\u00eb p\u00ebr at\u00eb pun\u00eb, &#8211; u p\u00ebrpoqa ta qet\u00ebsoja.<br \/>\n&#8211; Dometh\u00ebn\u00eb, nuk e l\u00eb ta shaj\u00eb Presidentin? &#8211; pyeti ai<br \/>\n&#8211; Mos u m\u00ebrzit, t\u00eb thash\u00eb q\u00eb kam p\u00ebr t&#8217;ia futur.<\/p>\n<p>Ishte nj\u00eb bised\u00eb gjysm\u00ebbanale, por e nevojshme p\u00ebr t\u00eb kaluar nj\u00eb barrier\u00eb q\u00eb mund t\u00eb ngrihej papritur para meje e q\u00eb quhej drejtor i burgut. Un\u00eb isha nj\u00eb njeri pa autorizim p\u00ebr t&#8217;u futur n\u00eb at\u00eb burg. M\u00eb silleshin n\u00eb kok\u00eb historit\u00eb p\u00ebr drejtor\u00ebt e atij burgu. I pari, qysh kur u fut Fatos Nanoja n\u00eb burg, arriti t\u00eb merrte sht\u00ebpi n\u00eb Tepelen\u00eb prej Fatos Nanos, ngaq\u00eb Bashkia drejtohej nga socialist\u00ebt. I dyti, nj\u00eb djal\u00eb i hedhur, t\u00eb cilin e kisha pasur shok fakulteti, u akuzua se e nxirrte Fatos Nanon nga burgu dhe i b\u00ebnte sh\u00ebtitje. Kuptohej q\u00eb ishte ekzagjerim, por q\u00eb portretizonte tipin e tij liberal dhe aspak fanatik. Shoq\u00ebria e tij m\u00eb e madhe shkonte te miqt\u00eb e Fatos Nanos, q\u00eb vinin dhe e vizitonin n\u00eb burg, kryesisht Gaz Demi. I treti ishte zgjedhur si dor\u00eb e fort\u00eb dhe kjo m\u00eb krijonte problem, kur ai pyeste me fanatiz\u00ebm se mos Fatos Nanoja shante Presidentin.<br \/>\nMes k\u00ebtyre dilemave, ai m\u00eb shoq\u00ebroi drejt qelis\u00eb s\u00eb Fatos Nanos, nj\u00eb ndarje m\u00eb vete e burgut q\u00eb po rikonstruktohej, me nj\u00eb minioborr t\u00eb vetin, nj\u00eb korridor t\u00eb shkurt\u00ebr dhe der\u00ebn gjysm\u00eb t\u00eb hapur.<br \/>\nMe nj\u00eb kostum sportiv, tuta sporti dhe bluz\u00eb t\u00eb bardh\u00eb, Fatosi u ngrit menj\u00ebher\u00eb m\u00eb k\u00ebmb\u00eb dhe m\u00eb zgjati dor\u00ebn.<br \/>\n&#8211; Mir\u00eb se erdhe, zoti Baze! \u00c7&#8217;e mir\u00eb t\u00eb solli? E dija q\u00eb nj\u00eb dit\u00eb &#8220;Z\u00ebri i Amerik\u00ebs&#8221; do t\u00eb trokiste k\u00ebtu&#8230;<br \/>\nPas p\u00ebrsh\u00ebndetjeve t\u00eb para, m\u00eb ftoi t\u00eb ulesha p\u00ebrfund shtratit. Dhoma e tij ishte e vog\u00ebl, por e mbushur. Te koka e shtratit kishte nj\u00eb radiomagnetofon Gruding shum\u00eb t\u00eb mir\u00eb. M\u00eb tej, nj\u00eb stiv\u00eb me libra t\u00eb hedhur pa kujdes dhe p\u00ebrball\u00eb shtratit nj\u00eb banak, ku ishte nj\u00eb ekspres i vog\u00ebl kafeje, nj\u00eb thek\u00ebse buke, disa libra t\u00eb tjer\u00eb dhe kaq.<br \/>\nSidoqoft\u00eb, p\u00ebr kushtet e burgut ishte dhom\u00eb e mir\u00eb. As ai nuk ankohej.<br \/>\nDrejtori ndenji pak dhe u largua. Der\u00ebn e la pak t\u00eb hapur, sipas rregullores. P\u00ebr afat m\u00eb dha nj\u00eb or\u00eb, por m\u00eb shkeli syrin se edhe mund ta kaloja.<br \/>\nFilluam t\u00eb bisedonim p\u00ebr gj\u00ebra t\u00eb kota e n\u00eb p\u00ebrgjith\u00ebsi. Pas \u00e7do fjale, Nanoja p\u00ebrpiqej t\u00eb hetonte n\u00ebse kishte ndonj\u00eb prapavij\u00eb vizita ime papritur n\u00eb burg.<br \/>\nM\u00eb hapi nj\u00eb lib\u00ebr t\u00eb madh sh\u00ebnimesh, q\u00eb me siguri ishte nga ato blloget e vjetra t\u00eb reparteve ushtarake, ku mbante skeda lajmesh.<br \/>\n&#8211; Dje ke pasur nj\u00eb raport p\u00ebr PS-n\u00eb, &#8211; m\u00eb tha.<br \/>\n&#8211; Po, isha n\u00eb seli, kur dol\u00ebn nga kryesia. Serveti ishte i ashp\u00ebr.<br \/>\n&#8211; E d\u00ebgjova te BBC-ja. E dhan\u00eb t\u00eb plot\u00eb. Ti ma fute pak me at\u00eb pun\u00ebn e Namikut.<br \/>\n-I mbajtke sh\u00ebnim? i thash\u00eb. &#8211; Pa m&#8217;i num\u00ebro, sa raporte kam b\u00ebr\u00eb gjith\u00eb muajin, se m\u00eb duhen p\u00ebr rrog\u00ebn.<br \/>\nQeshi dhe e kaloi me shaka, por fare papritur u b\u00eb kurioz p\u00ebr selin\u00eb dhe p\u00ebr partin\u00eb. Fillova t&#8217;ia shpjegoj edhe nj\u00ebher\u00eb gjendjen e nj\u00eb dite m\u00eb par\u00eb atje. Pastaj po e st\u00ebrzgjatja shpjegimin duke i th\u00ebn\u00eb se, pas k\u00ebsaj, shkuam te &#8220;Fideli&#8221; p\u00ebr kafe&#8230;<br \/>\n-M\u00eb fal, &#8211; tha, &#8211; por kur kam hyr\u00eb n\u00eb burg, n\u00eb parkun &#8220;Rinia&#8221; kan\u00eb qen\u00eb vet\u00ebm dy kafe, kafe &#8220;Stil&#8221; dhe &#8220;Kumanova&#8221;. T\u00eb tjerat nuk i p\u00ebrfytyroj dot se ku jan\u00eb.<br \/>\nM\u00eb erdhi pak keq, pasi isha duke i treguar p\u00ebr disa reporter\u00eb t\u00eb gazetave &#8220;Koha Jon\u00eb&#8221; dhe &#8220;Dita Informacion&#8221;, q\u00eb nuk e kishin par\u00eb kurr\u00eb at\u00eb nga af\u00ebr dhe e kishin idhull, p\u00ebr t\u00eb cilin edhe mund t\u00eb vriteshin.<br \/>\n-Oho, mos jan\u00eb ata q\u00eb citojn\u00eb \u00e7do dit\u00eb Arben Imamin? &#8211; tha dhe qeshi.<\/p>\n<p style=\"text-align: center;\">* * *<\/p>\n<p><strong>Tre versionet q\u00eb m\u00eb tha p\u00ebr &#8220;qypin me flori&#8221; intervista q\u00eb i mora p\u00ebr radion &#8220;Z\u00ebri i Amerik\u00ebs&#8221;<\/strong><\/p>\n<p><strong>R\u00ebndimi psikologjik i kryetarit t\u00eb PS-s\u00eb n\u00eb burgun e B\u00ebn\u00e7\u00ebs<\/strong><\/p>\n<p>Nanoja m\u00eb pyeti p\u00ebr origjin\u00ebn time dhe un\u00eb, q\u00eb nga dritarja e qelis\u00eb, ia tregova drejtimin e saj, q\u00eb ishte shum\u00eb af\u00ebr burgut. Di\u00e7ka donte t\u00eb portretizonte te toleranca e Jugut dhe menj\u00ebher\u00eb n\u00eb tru i mbiu Berisha.<br \/>\n&#8211; Goca ime \u00ebsht\u00eb n\u00eb nj\u00eb shkoll\u00eb me djalin e Berish\u00ebs, &#8211; ia nisi ai. &#8211; Nj\u00eb nat\u00eb, kishin shkuar bashk\u00eb n\u00eb disko. Ajo erdhi k\u00ebtu n\u00eb burg dhe ma tregoi t\u00eb gjith\u00eb k\u00ebt\u00eb. I thash\u00eb se nuk kishte b\u00ebr\u00eb asgj\u00eb t\u00eb keqe, se ata i p\u00ebrkasin nj\u00eb brezi tjet\u00ebr. Ajo u k\u00ebnaq shum\u00eb dhe m\u00eb tha di\u00e7ka q\u00eb un\u00eb nuk do ta harroj kurr\u00eb. E pabesueshme, sa bukur e gjeti: &#8220;Partia Socialiste \u00ebsht\u00eb nj\u00eb qyp me flori, q\u00eb ka sip\u00ebr saj ca guralec\u00eb!&#8221; H\u00eb, a t\u00eb duket e bukur, &#8211; p\u00ebrs\u00ebriti me nj\u00eb t\u00eb qeshur q\u00eb zgjati.<br \/>\nN\u00eb fakt, batuta ishte shum\u00eb e zgjedhur q\u00eb t&#8217;i p\u00ebrkiste vajz\u00ebs s\u00eb tij, por nd\u00ebrkaq, e qeshura e tij e beft\u00eb, nuk po m\u00eb linte ta shijoja. M\u00eb tej, biseda kaloi te familja. M\u00eb tregoi se si, nj\u00eb dit\u00eb m\u00eb par\u00eb, kishte qen\u00eb Thanasi, babai i tij, me motr\u00ebn dhe kunatin, Fatos Pustin\u00ebn.<br \/>\n&#8211; Rojet u soll\u00ebn keq, &#8211; tha, &#8211; dhe kontrolluan gjith\u00e7ka. Ai dh\u00ebndri u k\u00ebnaq, se ai \u00ebsht\u00eb me ju, &#8211; m&#8217;u drejtua mua, &#8211; kurse Thanasi u t\u00ebrbua fare.<\/p>\n<p>E pash\u00eb q\u00eb biseda po degradonte pak dhe iu luta t\u00eb fillonim intervist\u00ebn. Vendosa ta lija t\u00eb fliste gjat\u00eb, q\u00eb t\u00eb zgjidhja di\u00e7ka t\u00eb mir\u00eb. Filloi t\u00eb fliste pa pushim. Dukej se donte t\u00eb nxirrte gjith\u00eb \u00e7&#8217;kishte n\u00eb mendje p\u00ebr partin\u00eb e vet. Derisa, nj\u00eb \u00e7ast, mbaroi kaseta.<br \/>\n&#8211; Stop, &#8211; i thash\u00eb. &#8211; Intervista \u00ebsht\u00eb tep\u00ebr e gjat\u00eb. E fillojm\u00eb edhe nj\u00eb her\u00eb. Her\u00ebn e dyt\u00eb u koncentrua n\u00eb kat\u00ebr-pes\u00eb pyetjet q\u00eb i thash\u00eb.<br \/>\nNgurroi p\u00ebr nj\u00eb \u00e7ast, por e nisi me shum\u00eb vullnet. Ishte m\u00eb racional her\u00ebn e dyt\u00eb.<br \/>\nIden\u00eb e tij p\u00ebr Partin\u00eb Socialiste nisi t\u00eb ma ilustronte me nj\u00eb let\u00ebr t\u00eb nj\u00eb gjimnazisteje nga Vora, e cila i pask\u00ebsh shkruar se Partia Socialiste \u00ebsht\u00eb &#8220;nj\u00eb qyp me flori, q\u00eb ka ca guralec\u00eb p\u00ebrsip\u00ebr&#8221;.<br \/>\n-M\u00eb falni, jeni duke th\u00ebn\u00eb se zhavorri n\u00eb krye t\u00eb k\u00ebtij qypi \u00ebsht\u00eb kryesia e Partis\u00eb Socialiste? &#8211; ishte pyetja ime. U step p\u00ebr nj\u00eb sekond\u00eb.<br \/>\n&#8211; \u00c7do krahasim \u00e7alon, &#8211; tha dhe vazhdoi ta shtjellonte s\u00ebrish sulmin mbi kryesin\u00eb.<br \/>\n&#8211; Faleminderit, i thash\u00eb dhe e nd\u00ebrpreva intervist\u00ebn.<br \/>\nAi po rrinte ende i pavendosur t\u00eb thoshte faleminderit.<br \/>\n&#8211; A b\u00ebjm\u00eb nj\u00eb kompromis? &#8211; tha. &#8211; M\u00eb b\u00ebj edhe nj\u00eb pyetje! Duhet ta zbus pak. \u00cbsht\u00eb shum\u00eb e ashp\u00ebr.<br \/>\nRam\u00eb dakord dhe i b\u00ebm\u00eb nj\u00eb mbyllje m\u00eb t\u00eb but\u00eb. Pas k\u00ebsaj, intervista quhej e mbaruar. Ai u ngrit i leht\u00ebsuar dhe filloi t\u00eb b\u00ebnte s\u00ebrish nj\u00eb kafe. Ndenja dhe rreth 20 minuta m\u00eb pas. Po i tregoja nj\u00eb histori q\u00eb m\u00eb kishte ngjar\u00eb nj\u00eb vit m\u00eb par\u00eb, kur kisha qen\u00eb s\u00ebrish n\u00eb at\u00eb burg p\u00ebr intervist\u00eb e q\u00eb kishte t\u00eb b\u00ebnte me vrasjet n\u00eb kufi dhe kisha intervistuar Zylyftar Ramizin. Po i tregoja sken\u00ebn kur duke pritur te dera, nj\u00eb burr\u00eb i vjet\u00ebr, gati si lyp\u00ebs, na u afrua mua dhe shoferit tim, i cili n\u00eb at\u00eb udh\u00ebtim timin t\u00eb par\u00eb n\u00eb B\u00ebn\u00e7\u00eb ishte Mond Tufina, dhe na pyeti se k\u00eb do t\u00eb takonim n\u00eb burg.<br \/>\n-Fatos Nanon, &#8211; i tha shoferi, Mond Tufina, i cili nuk mund t\u00eb rrinte n\u00eb asnj\u00eb \u00e7ast pa b\u00ebr\u00eb ndonj\u00eb karagjozll\u00ebk.<br \/>\n&#8211; Po \u00e7&#8217;e keni Fatos Nanon? &#8211; pyeti burri.<br \/>\n-Un\u00eb s&#8217;e kam gj\u00eb, s&#8217;dua t&#8217;ia shikoj syt\u00eb, por ky shefi im e ka \u00e7un tezeje, &#8211; ia ktheu dhe tregoi nga un\u00eb.<br \/>\n&#8211; Djal\u00eb tezeje e ke ti Fatosin? &#8211; m\u00eb pyeti burri.<br \/>\nI detyruar t&#8217;i mbaja iso Mondit, i thash\u00eb po. Kaq duhej dhe burri ia plasi t\u00eb qarit&#8230;<br \/>\n-Mos u b\u00ebj merak! &#8211; m\u00eb tha mes t\u00eb qarash. &#8211; Mos ki merak fare! E mban Gjergji im n\u00eb p\u00ebll\u00ebmb\u00eb t\u00eb dor\u00ebs. \u00cbsht\u00eb oficer n\u00eb qeli Gjergji. N\u00eb p\u00ebll\u00ebmb\u00eb t\u00eb dor\u00ebs e mban. Dhe Palin e ka pasur ca koh\u00eb, Pali Misk\u00ebn, por Fatosin e do shum\u00eb. Edhe ai e do. I thot\u00eb ngaher\u00eb: &#8220;\u00c7&#8217;t\u00eb b\u00ebj, mo Gjergji, q\u00eb jam k\u00ebtu, se kur t\u00eb shkoj n\u00eb Tiran\u00eb do t\u00eb t\u00eb marr oficer n\u00eb Presidenc\u00eb&#8221;. Fliste dhe ngash\u00ebrehej.<\/p>\n<p>&#8211; Faleminderit, &#8211; i thash\u00eb. &#8211; I thuaj dhe djalit faleminderit nga ne. Ua pa\u00e7im borxh!<br \/>\n&#8211; E kemi p\u00ebr detyr\u00eb, &#8211; tha. &#8211; Do ta mbajm\u00eb n\u00eb p\u00ebll\u00ebmb\u00eb t\u00eb dor\u00ebs t\u00eb gjith\u00eb. &#8211; Dhe ngash\u00ebrehej.<br \/>\nPasi mbarova pun\u00eb n\u00eb burg, shkova lart n\u00eb qytet dhe takova shefin e komisariatit, nj\u00eb ish-m\u00ebsues historie n\u00eb shkoll\u00ebn ku un\u00eb kisha b\u00ebr\u00eb tet\u00ebvje\u00e7aren dhe m\u00eb pas nj\u00eb trajner i njohur i ekipit t\u00eb volejbollit p\u00ebr femra t\u00eb &#8220;Minatorit&#8221;. Po bisedonim rreth burgut dhe un\u00eb po ia tregoja me humor historin\u00eb q\u00eb m\u00eb kishte ndodhur.<br \/>\nAi u vrenjt papritur n\u00eb fytyr\u00eb, sikur ta kishte pickuar gjarpri. &#8211; Gjergji, the!? Po ne e kemi \u00e7uar atje si t\u00eb besuar!<br \/>\n&#8211; Nuk di si e keni \u00e7uar, &#8211; i thash\u00eb. &#8211; T\u00eb lutem, tani q\u00eb ia p\u00ebrmenda emrin, mos guxoni ta hiqni nga puna, se do ta mbroj un\u00eb. Ju e keni b\u00ebr\u00eb detyr\u00ebn tuaj. Tani ai nuk mund t\u00eb b\u00ebhet viktim\u00eb e imja.<br \/>\nShefit t\u00eb komisariatit nuk i ikte inati.<br \/>\n&#8211; Dhe ma ka sjell\u00eb kryetari i PD-s\u00eb! &#8211; tha. &#8211; Ai m\u00eb tha se \u00ebsht\u00eb demokrat i vendosur.<br \/>\nMua m\u00eb qeshej edhe m\u00eb shum\u00eb. Nd\u00ebrkoh\u00eb, erdhi kryetari i PD-s\u00eb, Tomor Xhani, nj\u00eb tip i shkath\u00ebt m\u00eb shum\u00eb se politik. Shefi i komisariatit po i thoshte se un\u00eb kisha mbresa t\u00eb mira nga Gjergji, polici i Fatos Nanos.<\/p>\n<p>Kryetari nuk e kuptoi ironin\u00eb dhe tha:<br \/>\n&#8211; Nuk e ke njohur baban\u00eb e tij \u00e7&#8217;demokrat q\u00eb \u00ebsht\u00eb! Ka themeluar PD-n\u00eb n\u00eb Veliqot. Njeri i mir\u00eb shum\u00eb.<br \/>\nPor un\u00eb nuk e mbaja dot t\u00eb qeshur\u00ebn.<br \/>\n&#8211; N\u00eb fakt, un\u00eb baban\u00eb e tij e njoh, &#8211; i thash\u00eb. &#8211; E gjeta te dera e burgut dhe po qante p\u00ebr Fatos Nanon. Pastaj, kur i thash\u00eb q\u00eb jam djali i tezes s\u00eb Nanos, u shkri fare.<br \/>\nKryetari e pa q\u00eb ishte pun\u00eb me zarar ajo q\u00eb kishte b\u00ebr\u00eb dhe heshti. &#8211; S&#8217;di si ndryshojn\u00eb njer\u00ebzit, &#8211; tha. &#8211; Ata demokrat\u00eb kan\u00eb qen\u00eb.<br \/>\nMua m\u00eb qeshej. Iu luta q\u00eb Gjergjin t\u00eb mos e preknin dhe ika.<br \/>\nKur po ia tregoja k\u00ebt\u00eb Nanos, ai d\u00ebgjonte me nj\u00eb n\u00ebnqeshje t\u00eb leht\u00eb. &#8211; K\u00ebtu e kam Gjergjin, k\u00ebtu, &#8211; tha dhe tregoi nga korridori.<br \/>\nM\u00eb n\u00eb fund, po dilja nga qelia.<br \/>\nE pyeta n\u00ebse kishte ndonj\u00eb porosi p\u00ebr dik\u00eb n\u00eb Tiran\u00eb.<br \/>\n&#8211; Jo, &#8211; tha. &#8211; Ishte Thanasi dje. I \u00e7ova me t\u00eb porosit\u00eb. Pastaj, p\u00ebr k\u00eb t\u00eb \u00e7oj? Ata&#8230; e di un\u00eb \u00e7&#8217;duan. T\u00eb jap nj\u00eb f\u00ebrsh\u00ebllim\u00eb un\u00eb q\u00eb k\u00ebtej dhe t&#8217;i flakin nga zyrat me gjith\u00eb karrige! Tha mir\u00eb Thanasi p\u00ebr at\u00eb parti: &#8220;Ajo \u00ebsht\u00eb nj\u00eb qyp me flori, q\u00eb ka p\u00ebrsip\u00ebr ca guralec\u00eb&#8221;.<br \/>\nTunda kok\u00ebn dhe u p\u00ebrsh\u00ebndet\u00ebm. E p\u00ebrs\u00ebriti p\u00ebr her\u00eb t\u00eb tret\u00eb batut\u00ebn, duke ua veshur tre njer\u00ebzve t\u00eb ndrysh\u00ebm. Dukej se ishte di\u00e7ka q\u00eb e kishte bluar gjat\u00eb n\u00eb mendje dhe duhej ta thoshte patjet\u00ebr. Ishte, po ashtu, shenj\u00eb e r\u00ebndimit t\u00eb tij psikologjik. Nuk desha t&#8217;i bija n\u00eb sy q\u00eb e kishte p\u00ebrdorur ndryshe pak m\u00eb par\u00eb. U largova aty rreth or\u00ebs 10.30.<br \/>\nM\u00eb duhej t\u00eb shkoja deri n\u00eb Gjirokast\u00ebr, q\u00eb ta transmetoja intervist\u00ebn p\u00ebr Uashingtonin dhe pastaj t\u00eb nisesha p\u00ebr Tiran\u00eb.<br \/>\nN\u00eb mbr\u00ebmje, af\u00ebr Lushnj\u00ebs, ra goma e makin\u00ebs dhe k\u00ebrkova ndihm\u00ebn e dy kalimtar\u00ebve. Duke m\u00eb ndihmuar, m\u00eb pyet\u00ebn se ku punoja.<br \/>\n&#8211; Gazetar, u thash\u00eb, &#8211; te &#8220;Z\u00ebri i Amerik\u00ebs&#8221;.<br \/>\nDy bashk\u00ebbiseduesit nuk fol\u00ebn.<br \/>\n-Ju jeni me Sal\u00ebn, m\u00eb duket, &#8211; tha nj\u00ebri. &#8211; Ata t\u00eb BBC-s\u00eb jan\u00eb me Nanon, pasi tani transmetuan nj\u00eb intervist\u00eb nga burgu me t\u00eb.<br \/>\n&#8211; \u00c7far\u00eb tha ndonj\u00eb gj\u00eb? &#8211; pyeta.<br \/>\n-Tha plot gj\u00ebra, tha q\u00eb PS-ja \u00ebsht\u00eb nj\u00eb qyp me florinj, q\u00eb ka p\u00ebrsip\u00ebr saj ca zhavorr. E qau fare! Ashtu jan\u00eb ata. Nd\u00ebrkoh\u00eb q\u00eb ata po merreshin me gom\u00ebn dhe un\u00eb po bisedoja me ta, nj\u00ebri prej tyre m\u00eb njohu nga z\u00ebri.<br \/>\n-Ore, ti ishe n\u00eb radio pak m\u00eb par\u00eb? &#8211; m\u00eb tha.<br \/>\n-Jo, ore, \u00e7&#8217;ne, &#8211; i thash\u00eb. &#8211; Un\u00eb jam i &#8220;Z\u00ebrit t\u00eb Amerik\u00ebs&#8221;.<br \/>\n-Jo ore, ti ishe, &#8211; tha. &#8211; Dhe mos na g\u00ebnje, se i BBC-s\u00eb je!<br \/>\n&#8211; M\u00eb vjen keq, &#8211; u thash\u00eb, &#8211; por jam i &#8220;Z\u00ebrit t\u00eb Amerik\u00ebs&#8221;.<br \/>\n-Ik o, ik, ne t\u00eb d\u00ebgjuam me k\u00ebta vesh\u00eb. Ja, qy z\u00eb ishte. Je i BBC-s\u00eb ti! Ata t\u00eb Amerik\u00ebs nuk e duan Fatosin.<br \/>\nMe k\u00ebt\u00eb episod u mbyll ajo dit\u00eb e lodhshme.<\/p>\n","protected":false},"excerpt":{"rendered":"<p>Mero Baze, 12.10.2010 &#8220;Gruaja e tij \u00ebsht\u00eb njeriu q\u00eb ka m\u00eb shum\u00eb se kushdo tjet\u00ebr ndikim mbi t\u00eb dhe ka nj\u00eb pushtet t\u00eb paduksh\u00ebm p\u00ebr publikun, por shum\u00eb kapilar. Pas vitit 2005 ka dhe frenat e pushtetit, dhe kontrollon si me magji gjith\u00eb satelit\u00ebt rreth pushtetit t\u00eb tij&#8221;. Mero Baze e thot\u00eb hapur se ish-miku [&hellip;]<\/p>\n","protected":false},"author":1,"featured_media":0,"comment_status":"open","ping_status":"closed","sticky":false,"template":"","format":"standard","meta":{"footnotes":""},"categories":[2],"tags":[],"class_list":{"0":"post-4286","1":"post","2":"type-post","3":"status-publish","4":"format-standard","6":"category-artikuj"},"yoast_head":"<!-- This site is optimized with the Yoast SEO plugin v27.4 - https:\/\/yoast.com\/product\/yoast-seo-wordpress\/ -->\n<title>Bizneset e Liri Berish\u00ebs dhe kontrolli mbi Saliun - FjALA e LIR\u00cb - Arkivi<\/title>\n<meta name=\"robots\" content=\"index, follow, max-snippet:-1, max-image-preview:large, max-video-preview:-1\" \/>\n<link rel=\"canonical\" href=\"https:\/\/fjala.info\/2009-2015\/bizneset-e-liri-berishes-dhe-kontrolli-mbi-saliun\/\" \/>\n<meta property=\"og:locale\" content=\"sq_AL\" \/>\n<meta property=\"og:type\" content=\"article\" \/>\n<meta property=\"og:title\" content=\"Bizneset e Liri Berish\u00ebs dhe kontrolli mbi Saliun - FjALA e LIR\u00cb - Arkivi\" \/>\n<meta property=\"og:description\" content=\"Mero Baze, 12.10.2010 &#8220;Gruaja e tij \u00ebsht\u00eb njeriu q\u00eb ka m\u00eb shum\u00eb se kushdo tjet\u00ebr ndikim mbi t\u00eb dhe ka nj\u00eb pushtet t\u00eb paduksh\u00ebm p\u00ebr publikun, por shum\u00eb kapilar. Pas vitit 2005 ka dhe frenat e pushtetit, dhe kontrollon si me magji gjith\u00eb satelit\u00ebt rreth pushtetit t\u00eb tij&#8221;. Mero Baze e thot\u00eb hapur se ish-miku [&hellip;]\" \/>\n<meta property=\"og:url\" content=\"https:\/\/fjala.info\/2009-2015\/bizneset-e-liri-berishes-dhe-kontrolli-mbi-saliun\/\" \/>\n<meta property=\"og:site_name\" content=\"FjALA e LIR\u00cb - Arkivi\" \/>\n<meta property=\"article:published_time\" content=\"2010-10-12T08:59:25+00:00\" \/>\n<meta property=\"og:image\" content=\"http:\/\/fjala.shkoder.net\/wp-content\/uploads\/2010\/10\/sali_liri_berisha2-300x288.jpg\" \/>\n<meta name=\"author\" content=\"admin\" \/>\n<meta name=\"twitter:card\" content=\"summary_large_image\" \/>\n<meta name=\"twitter:label1\" content=\"Written by\" \/>\n\t<meta name=\"twitter:data1\" content=\"admin\" \/>\n\t<meta name=\"twitter:label2\" content=\"Est. reading time\" \/>\n\t<meta name=\"twitter:data2\" content=\"40 minutes\" \/>\n<script type=\"application\/ld+json\" class=\"yoast-schema-graph\">{\"@context\":\"https:\\\/\\\/schema.org\",\"@graph\":[{\"@type\":\"Article\",\"@id\":\"https:\\\/\\\/fjala.info\\\/2009-2015\\\/bizneset-e-liri-berishes-dhe-kontrolli-mbi-saliun\\\/#article\",\"isPartOf\":{\"@id\":\"https:\\\/\\\/fjala.info\\\/2009-2015\\\/bizneset-e-liri-berishes-dhe-kontrolli-mbi-saliun\\\/\"},\"author\":{\"name\":\"admin\",\"@id\":\"https:\\\/\\\/fjala.info\\\/2009-2015\\\/#\\\/schema\\\/person\\\/3aa1163ef05469c496fc94e77611ada2\"},\"headline\":\"Bizneset e Liri Berish\u00ebs dhe kontrolli mbi Saliun\",\"datePublished\":\"2010-10-12T08:59:25+00:00\",\"mainEntityOfPage\":{\"@id\":\"https:\\\/\\\/fjala.info\\\/2009-2015\\\/bizneset-e-liri-berishes-dhe-kontrolli-mbi-saliun\\\/\"},\"wordCount\":7985,\"commentCount\":0,\"publisher\":{\"@id\":\"https:\\\/\\\/fjala.info\\\/2009-2015\\\/#organization\"},\"image\":{\"@id\":\"https:\\\/\\\/fjala.info\\\/2009-2015\\\/bizneset-e-liri-berishes-dhe-kontrolli-mbi-saliun\\\/#primaryimage\"},\"thumbnailUrl\":\"http:\\\/\\\/fjala.shkoder.net\\\/wp-content\\\/uploads\\\/2010\\\/10\\\/sali_liri_berisha2-300x288.jpg\",\"articleSection\":[\"Artikuj\"],\"inLanguage\":\"sq-AL\",\"potentialAction\":[{\"@type\":\"CommentAction\",\"name\":\"Comment\",\"target\":[\"https:\\\/\\\/fjala.info\\\/2009-2015\\\/bizneset-e-liri-berishes-dhe-kontrolli-mbi-saliun\\\/#respond\"]}]},{\"@type\":\"WebPage\",\"@id\":\"https:\\\/\\\/fjala.info\\\/2009-2015\\\/bizneset-e-liri-berishes-dhe-kontrolli-mbi-saliun\\\/\",\"url\":\"https:\\\/\\\/fjala.info\\\/2009-2015\\\/bizneset-e-liri-berishes-dhe-kontrolli-mbi-saliun\\\/\",\"name\":\"Bizneset e Liri Berish\u00ebs dhe kontrolli mbi Saliun - FjALA e LIR\u00cb - Arkivi\",\"isPartOf\":{\"@id\":\"https:\\\/\\\/fjala.info\\\/2009-2015\\\/#website\"},\"primaryImageOfPage\":{\"@id\":\"https:\\\/\\\/fjala.info\\\/2009-2015\\\/bizneset-e-liri-berishes-dhe-kontrolli-mbi-saliun\\\/#primaryimage\"},\"image\":{\"@id\":\"https:\\\/\\\/fjala.info\\\/2009-2015\\\/bizneset-e-liri-berishes-dhe-kontrolli-mbi-saliun\\\/#primaryimage\"},\"thumbnailUrl\":\"http:\\\/\\\/fjala.shkoder.net\\\/wp-content\\\/uploads\\\/2010\\\/10\\\/sali_liri_berisha2-300x288.jpg\",\"datePublished\":\"2010-10-12T08:59:25+00:00\",\"breadcrumb\":{\"@id\":\"https:\\\/\\\/fjala.info\\\/2009-2015\\\/bizneset-e-liri-berishes-dhe-kontrolli-mbi-saliun\\\/#breadcrumb\"},\"inLanguage\":\"sq-AL\",\"potentialAction\":[{\"@type\":\"ReadAction\",\"target\":[\"https:\\\/\\\/fjala.info\\\/2009-2015\\\/bizneset-e-liri-berishes-dhe-kontrolli-mbi-saliun\\\/\"]}]},{\"@type\":\"ImageObject\",\"inLanguage\":\"sq-AL\",\"@id\":\"https:\\\/\\\/fjala.info\\\/2009-2015\\\/bizneset-e-liri-berishes-dhe-kontrolli-mbi-saliun\\\/#primaryimage\",\"url\":\"http:\\\/\\\/fjala.shkoder.net\\\/wp-content\\\/uploads\\\/2010\\\/10\\\/sali_liri_berisha2-300x288.jpg\",\"contentUrl\":\"http:\\\/\\\/fjala.shkoder.net\\\/wp-content\\\/uploads\\\/2010\\\/10\\\/sali_liri_berisha2-300x288.jpg\"},{\"@type\":\"BreadcrumbList\",\"@id\":\"https:\\\/\\\/fjala.info\\\/2009-2015\\\/bizneset-e-liri-berishes-dhe-kontrolli-mbi-saliun\\\/#breadcrumb\",\"itemListElement\":[{\"@type\":\"ListItem\",\"position\":1,\"name\":\"Home\",\"item\":\"https:\\\/\\\/fjala.info\\\/2009-2015\\\/\"},{\"@type\":\"ListItem\",\"position\":2,\"name\":\"Bizneset e Liri Berish\u00ebs dhe kontrolli mbi Saliun\"}]},{\"@type\":\"WebSite\",\"@id\":\"https:\\\/\\\/fjala.info\\\/2009-2015\\\/#website\",\"url\":\"https:\\\/\\\/fjala.info\\\/2009-2015\\\/\",\"name\":\"FjALA e LIR\u00cb - Arkivi\",\"description\":\"Arkivi 2009-2015\",\"publisher\":{\"@id\":\"https:\\\/\\\/fjala.info\\\/2009-2015\\\/#organization\"},\"potentialAction\":[{\"@type\":\"SearchAction\",\"target\":{\"@type\":\"EntryPoint\",\"urlTemplate\":\"https:\\\/\\\/fjala.info\\\/2009-2015\\\/?s={search_term_string}\"},\"query-input\":{\"@type\":\"PropertyValueSpecification\",\"valueRequired\":true,\"valueName\":\"search_term_string\"}}],\"inLanguage\":\"sq-AL\"},{\"@type\":\"Organization\",\"@id\":\"https:\\\/\\\/fjala.info\\\/2009-2015\\\/#organization\",\"name\":\"FjALA e LIR\u00cb - Arkivi\",\"url\":\"https:\\\/\\\/fjala.info\\\/2009-2015\\\/\",\"logo\":{\"@type\":\"ImageObject\",\"inLanguage\":\"sq-AL\",\"@id\":\"https:\\\/\\\/fjala.info\\\/2009-2015\\\/#\\\/schema\\\/logo\\\/image\\\/\",\"url\":\"\",\"contentUrl\":\"\",\"caption\":\"FjALA e LIR\u00cb - Arkivi\"},\"image\":{\"@id\":\"https:\\\/\\\/fjala.info\\\/2009-2015\\\/#\\\/schema\\\/logo\\\/image\\\/\"}},{\"@type\":\"Person\",\"@id\":\"https:\\\/\\\/fjala.info\\\/2009-2015\\\/#\\\/schema\\\/person\\\/3aa1163ef05469c496fc94e77611ada2\",\"name\":\"admin\",\"image\":{\"@type\":\"ImageObject\",\"inLanguage\":\"sq-AL\",\"@id\":\"https:\\\/\\\/fjala.info\\\/2009-2015\\\/wp-content\\\/uploads\\\/2012\\\/02\\\/arben_cokaj-120x150.jpg\",\"url\":\"https:\\\/\\\/fjala.info\\\/2009-2015\\\/wp-content\\\/uploads\\\/2012\\\/02\\\/arben_cokaj-120x150.jpg\",\"contentUrl\":\"https:\\\/\\\/fjala.info\\\/2009-2015\\\/wp-content\\\/uploads\\\/2012\\\/02\\\/arben_cokaj-120x150.jpg\",\"caption\":\"admin\"},\"description\":\"Admin, Fjala e Lir\u00eb\",\"sameAs\":[\"https:\\\/\\\/fjala.info\\\/\"],\"url\":\"https:\\\/\\\/fjala.info\\\/2009-2015\\\/author\\\/admin\\\/\"}]}<\/script>\n<!-- \/ Yoast SEO plugin. -->","yoast_head_json":{"title":"Bizneset e Liri Berish\u00ebs dhe kontrolli mbi Saliun - FjALA e LIR\u00cb - Arkivi","robots":{"index":"index","follow":"follow","max-snippet":"max-snippet:-1","max-image-preview":"max-image-preview:large","max-video-preview":"max-video-preview:-1"},"canonical":"https:\/\/fjala.info\/2009-2015\/bizneset-e-liri-berishes-dhe-kontrolli-mbi-saliun\/","og_locale":"sq_AL","og_type":"article","og_title":"Bizneset e Liri Berish\u00ebs dhe kontrolli mbi Saliun - FjALA e LIR\u00cb - Arkivi","og_description":"Mero Baze, 12.10.2010 &#8220;Gruaja e tij \u00ebsht\u00eb njeriu q\u00eb ka m\u00eb shum\u00eb se kushdo tjet\u00ebr ndikim mbi t\u00eb dhe ka nj\u00eb pushtet t\u00eb paduksh\u00ebm p\u00ebr publikun, por shum\u00eb kapilar. Pas vitit 2005 ka dhe frenat e pushtetit, dhe kontrollon si me magji gjith\u00eb satelit\u00ebt rreth pushtetit t\u00eb tij&#8221;. Mero Baze e thot\u00eb hapur se ish-miku [&hellip;]","og_url":"https:\/\/fjala.info\/2009-2015\/bizneset-e-liri-berishes-dhe-kontrolli-mbi-saliun\/","og_site_name":"FjALA e LIR\u00cb - Arkivi","article_published_time":"2010-10-12T08:59:25+00:00","og_image":[{"url":"http:\/\/fjala.shkoder.net\/wp-content\/uploads\/2010\/10\/sali_liri_berisha2-300x288.jpg","type":"","width":"","height":""}],"author":"admin","twitter_card":"summary_large_image","twitter_misc":{"Written by":"admin","Est. reading time":"40 minutes"},"schema":{"@context":"https:\/\/schema.org","@graph":[{"@type":"Article","@id":"https:\/\/fjala.info\/2009-2015\/bizneset-e-liri-berishes-dhe-kontrolli-mbi-saliun\/#article","isPartOf":{"@id":"https:\/\/fjala.info\/2009-2015\/bizneset-e-liri-berishes-dhe-kontrolli-mbi-saliun\/"},"author":{"name":"admin","@id":"https:\/\/fjala.info\/2009-2015\/#\/schema\/person\/3aa1163ef05469c496fc94e77611ada2"},"headline":"Bizneset e Liri Berish\u00ebs dhe kontrolli mbi Saliun","datePublished":"2010-10-12T08:59:25+00:00","mainEntityOfPage":{"@id":"https:\/\/fjala.info\/2009-2015\/bizneset-e-liri-berishes-dhe-kontrolli-mbi-saliun\/"},"wordCount":7985,"commentCount":0,"publisher":{"@id":"https:\/\/fjala.info\/2009-2015\/#organization"},"image":{"@id":"https:\/\/fjala.info\/2009-2015\/bizneset-e-liri-berishes-dhe-kontrolli-mbi-saliun\/#primaryimage"},"thumbnailUrl":"http:\/\/fjala.shkoder.net\/wp-content\/uploads\/2010\/10\/sali_liri_berisha2-300x288.jpg","articleSection":["Artikuj"],"inLanguage":"sq-AL","potentialAction":[{"@type":"CommentAction","name":"Comment","target":["https:\/\/fjala.info\/2009-2015\/bizneset-e-liri-berishes-dhe-kontrolli-mbi-saliun\/#respond"]}]},{"@type":"WebPage","@id":"https:\/\/fjala.info\/2009-2015\/bizneset-e-liri-berishes-dhe-kontrolli-mbi-saliun\/","url":"https:\/\/fjala.info\/2009-2015\/bizneset-e-liri-berishes-dhe-kontrolli-mbi-saliun\/","name":"Bizneset e Liri Berish\u00ebs dhe kontrolli mbi Saliun - FjALA e LIR\u00cb - Arkivi","isPartOf":{"@id":"https:\/\/fjala.info\/2009-2015\/#website"},"primaryImageOfPage":{"@id":"https:\/\/fjala.info\/2009-2015\/bizneset-e-liri-berishes-dhe-kontrolli-mbi-saliun\/#primaryimage"},"image":{"@id":"https:\/\/fjala.info\/2009-2015\/bizneset-e-liri-berishes-dhe-kontrolli-mbi-saliun\/#primaryimage"},"thumbnailUrl":"http:\/\/fjala.shkoder.net\/wp-content\/uploads\/2010\/10\/sali_liri_berisha2-300x288.jpg","datePublished":"2010-10-12T08:59:25+00:00","breadcrumb":{"@id":"https:\/\/fjala.info\/2009-2015\/bizneset-e-liri-berishes-dhe-kontrolli-mbi-saliun\/#breadcrumb"},"inLanguage":"sq-AL","potentialAction":[{"@type":"ReadAction","target":["https:\/\/fjala.info\/2009-2015\/bizneset-e-liri-berishes-dhe-kontrolli-mbi-saliun\/"]}]},{"@type":"ImageObject","inLanguage":"sq-AL","@id":"https:\/\/fjala.info\/2009-2015\/bizneset-e-liri-berishes-dhe-kontrolli-mbi-saliun\/#primaryimage","url":"http:\/\/fjala.shkoder.net\/wp-content\/uploads\/2010\/10\/sali_liri_berisha2-300x288.jpg","contentUrl":"http:\/\/fjala.shkoder.net\/wp-content\/uploads\/2010\/10\/sali_liri_berisha2-300x288.jpg"},{"@type":"BreadcrumbList","@id":"https:\/\/fjala.info\/2009-2015\/bizneset-e-liri-berishes-dhe-kontrolli-mbi-saliun\/#breadcrumb","itemListElement":[{"@type":"ListItem","position":1,"name":"Home","item":"https:\/\/fjala.info\/2009-2015\/"},{"@type":"ListItem","position":2,"name":"Bizneset e Liri Berish\u00ebs dhe kontrolli mbi Saliun"}]},{"@type":"WebSite","@id":"https:\/\/fjala.info\/2009-2015\/#website","url":"https:\/\/fjala.info\/2009-2015\/","name":"FjALA e LIR\u00cb - Arkivi","description":"Arkivi 2009-2015","publisher":{"@id":"https:\/\/fjala.info\/2009-2015\/#organization"},"potentialAction":[{"@type":"SearchAction","target":{"@type":"EntryPoint","urlTemplate":"https:\/\/fjala.info\/2009-2015\/?s={search_term_string}"},"query-input":{"@type":"PropertyValueSpecification","valueRequired":true,"valueName":"search_term_string"}}],"inLanguage":"sq-AL"},{"@type":"Organization","@id":"https:\/\/fjala.info\/2009-2015\/#organization","name":"FjALA e LIR\u00cb - Arkivi","url":"https:\/\/fjala.info\/2009-2015\/","logo":{"@type":"ImageObject","inLanguage":"sq-AL","@id":"https:\/\/fjala.info\/2009-2015\/#\/schema\/logo\/image\/","url":"","contentUrl":"","caption":"FjALA e LIR\u00cb - Arkivi"},"image":{"@id":"https:\/\/fjala.info\/2009-2015\/#\/schema\/logo\/image\/"}},{"@type":"Person","@id":"https:\/\/fjala.info\/2009-2015\/#\/schema\/person\/3aa1163ef05469c496fc94e77611ada2","name":"admin","image":{"@type":"ImageObject","inLanguage":"sq-AL","@id":"https:\/\/fjala.info\/2009-2015\/wp-content\/uploads\/2012\/02\/arben_cokaj-120x150.jpg","url":"https:\/\/fjala.info\/2009-2015\/wp-content\/uploads\/2012\/02\/arben_cokaj-120x150.jpg","contentUrl":"https:\/\/fjala.info\/2009-2015\/wp-content\/uploads\/2012\/02\/arben_cokaj-120x150.jpg","caption":"admin"},"description":"Admin, Fjala e Lir\u00eb","sameAs":["https:\/\/fjala.info\/"],"url":"https:\/\/fjala.info\/2009-2015\/author\/admin\/"}]}},"_links":{"self":[{"href":"https:\/\/fjala.info\/2009-2015\/wp-json\/wp\/v2\/posts\/4286","targetHints":{"allow":["GET"]}}],"collection":[{"href":"https:\/\/fjala.info\/2009-2015\/wp-json\/wp\/v2\/posts"}],"about":[{"href":"https:\/\/fjala.info\/2009-2015\/wp-json\/wp\/v2\/types\/post"}],"author":[{"embeddable":true,"href":"https:\/\/fjala.info\/2009-2015\/wp-json\/wp\/v2\/users\/1"}],"replies":[{"embeddable":true,"href":"https:\/\/fjala.info\/2009-2015\/wp-json\/wp\/v2\/comments?post=4286"}],"version-history":[{"count":0,"href":"https:\/\/fjala.info\/2009-2015\/wp-json\/wp\/v2\/posts\/4286\/revisions"}],"wp:attachment":[{"href":"https:\/\/fjala.info\/2009-2015\/wp-json\/wp\/v2\/media?parent=4286"}],"wp:term":[{"taxonomy":"category","embeddable":true,"href":"https:\/\/fjala.info\/2009-2015\/wp-json\/wp\/v2\/categories?post=4286"},{"taxonomy":"post_tag","embeddable":true,"href":"https:\/\/fjala.info\/2009-2015\/wp-json\/wp\/v2\/tags?post=4286"}],"curies":[{"name":"wp","href":"https:\/\/api.w.org\/{rel}","templated":true}]}}