{"id":4285,"date":"2012-08-09T08:23:22","date_gmt":"2012-08-09T07:23:22","guid":{"rendered":"http:\/\/www.fjala.info\/?p=4285"},"modified":"2012-08-09T08:23:22","modified_gmt":"2012-08-09T07:23:22","slug":"ja-pasurite-e-politikaneve-kryesore-ne-shqiperi","status":"publish","type":"post","link":"https:\/\/fjala.info\/2009-2015\/ja-pasurite-e-politikaneve-kryesore-ne-shqiperi\/","title":{"rendered":"Ja PASURITE e politikan\u00ebve kryesor\u00eb n\u00eb Shqip\u00ebri"},"content":{"rendered":"<p><img decoding=\"async\" class=\"alignleft size-thumbnail wp-image-7236\" title=\"Cash n\u00eb dollar\u00eb\" src=\"http:\/\/www.fjala.info\/2012\/cash_usd.jpg\" alt=\"\" width=\"300\" \/> <strong>TemA<\/strong>, <em>8 Gusht 2012<\/em><\/p>\n<p>Nd\u00ebrsa krimi i rrug\u00ebs lul\u00ebzon hapur dit\u00eb e nat\u00eb, ndoshta duhet t\u00eb ndjejm\u00eb keqardhje dhe p\u00ebr politikan\u00ebt varfanjak\u00eb. Pasurit\u00eb e tyre p\u00ebr vitin 2011, sipas Inspektoratit t\u00eb Lart\u00eb t\u00eb Deklarimit t\u00eb Pasurive diku jan\u00eb tkurrur, diku jan\u00eb zgjeruar. Dhe ta mendosh se jan\u00eb vet\u00ebm deklarime zyrtare. Ndiqni m\u00eb posht\u00eb pasurit\u00eb e tyre.<\/p>\n<p>&#8211; Sali Berisha dhe bashk\u00ebshortja e tij deklarojn\u00eb t\u00eb ardhura modeste dhe q\u00ebndrojn\u00eb larg shit-blerjeve personale t\u00eb pronave t\u00eb paluajtshme. Ndryshimi i vet\u00ebm n\u00eb pasurin\u00eb e tij \u00ebsht\u00eb shtimi i parave cash, ku kryeministri deklaron se ka 1 milion lek\u00eb t\u00eb akumuluara, p\u00ebrve\u00e7 llogarive bankare.<\/p>\n<p>&#8211; Shk\u00eblzen Berisha p\u00ebr vitin 2011 ka deklaruar si t\u00eb ardhura rreth 1.8 milion\u00eb lek\u00eb nga ushtrimi i konsulencave juridike si person fizik. Mungojn\u00eb shifrat prej 150-200 mij\u00eb euro k\u00ebsaj here p\u00ebr Shk\u00eblzenin. T\u00eb ardhurat e tij jan\u00eb tkurrur dhe duken n\u00eb pak\u00ebsimin e llogarive bankare me rreth 30 mij\u00eb euro n\u00eb total.<\/p>\n<p>&#8211; Argita Berisha deklaron t\u00eb ardhura pak a shum\u00eb t\u00eb nj\u00ebjta me vitin e kaluar. Ajo ka arritur t\u00eb rris\u00eb t\u00eb ardhurat personale si pasoj\u00eb e konsulencave juridike duke e \u00e7uar shifr\u00ebn n\u00eb 35 mij\u00eb euro. Gjithashtu, ajo ka shtuar edhe t\u00eb ardhurat q\u00eb i vijn\u00eb nga nj\u00eb apartament i tret\u00eb n\u00eb Tiran\u00eb.<\/p>\n<p>&#8211; Bamir Topi gjat\u00eb vitit t\u00eb kaluar ka paguar nj\u00eb shum\u00eb prej 7 milion\u00eb lek\u00ebsh dhe po k\u00ebshtu ka t\u00ebrhequr 35 mij\u00eb euro nga depozita personale p\u00ebr t\u00eb investuar n\u00eb nj\u00eb apartament n\u00eb Shkoz\u00eb. 400 mij\u00eb lek\u00eb ka bler\u00eb nj\u00eb tok\u00eb are po n\u00eb k\u00ebt\u00eb vend dhe ka p\u00ebrfituar 3.6 milion\u00eb lek\u00eb nga kompensimi i pronave sepse s\u00eb bashku me familjar\u00ebt g\u00ebzon statusin e ish-pronarit. Rroga e tij si president p\u00ebr vitin 2011 n\u00eb shifr\u00ebn rreth 2.5 milion\u00eb lek\u00eb. Vijon t\u00eb shlyej\u00eb nj\u00eb kredi.<\/p>\n<p>&#8211; Jozefina Topalli vijon t\u00eb ket\u00eb rrog\u00eb m\u00eb t\u00eb lart\u00eb se Kryeministri. Si kryeparlamentare ajo ka p\u00ebrfituar shum\u00ebn prej 3 milion\u00eb e 500 mij\u00eb lek\u00ebsh. 2 milion\u00eb i ka p\u00ebrfituar nga p\u00ebrfituar nga kompensimi i pronave dhe nuk l\u00eb pa p\u00ebrmendur 1 milion lek\u00eb shpenzime p\u00ebr vajz\u00ebn e saj n\u00eb Franc\u00eb. Bashk\u00ebshorti i saj Ndoc Topalli ka p\u00ebrfituar 4 milion\u00eb lek\u00eb n\u00eb profesionin e noterit. Me 3.5 milion lek\u00eb ajo ka restauruar sht\u00ebpin\u00eb e saj n\u00eb Shkod\u00ebr.<\/p>\n<p>&#8211; Bujar Nishani ka deklaruar t\u00eb ardhura t\u00eb k\u00ebnaqshme si minist\u00ebr i Brendsh\u00ebm. P\u00ebrve\u00e7 pag\u00ebs 1.3 milion\u00eb lek\u00eb si minist\u00ebr, ka deklaruar 100 mij\u00eb lek\u00eb q\u00eb i ka p\u00ebrfituar nga an\u00ebtar\u00ebsimi n\u00eb KLD dhe po k\u00ebshtu nga pagesa si an\u00ebtar n\u00eb K\u00ebshillin e Rregullimit t\u00eb Territorit. Ka dhe dy apartamente me qira n\u00eb Durr\u00ebs, trash\u00ebgimi e bashk\u00ebshortes. Gjithashtu Nishani ka nj\u00eb kredi prej 120 mij\u00eb eurosh ,t\u00eb cil\u00ebn do t\u00eb vijoj\u00eb ta shlyej\u00eb gjat\u00eb k\u00ebtij viti. 13 mij\u00eb euro i paguan kolegjin t\u00eb bij\u00ebs n\u00eb Vjen\u00eb.<\/p>\n<p>&#8211; Majlinda Bregu ka marr\u00eb kredi 145 mij\u00eb euro m\u00eb 2010, por nuk i p\u00ebrdor dhe ka vijuar t\u00eb marr\u00eb overdraft me vler\u00eb 5000 euro m\u00eb 2011.<\/p>\n<p>&#8211; Genc Ruli ka nd\u00ebrtuar dhe mobiluar vil\u00ebn n\u00eb Fark\u00eb p\u00ebr 150 mij\u00eb euro. Vila \u00ebsht\u00eb 468 met\u00ebr katror\u00eb. Ai ka p\u00ebrfituar rreth 300 mij\u00eb lek\u00eb nga interesat e bonove t\u00eb thesarit dhe 1500 nga USD nga depozita.<\/p>\n<p>&#8211; Ridvan Bode ka deklaruar se harxhuar 5 milion lek p\u00ebr t\u00eb rind\u00ebrtuar nj\u00eb sht\u00ebpi n\u00eb Rakick\u00eb t\u00eb Kor\u00e7\u00ebs.<\/p>\n<p>&#8211; Arben Ristani thot\u00eb se rritur pasurin\u00eb e tij me 30 miji\u00eb dollar\u00eb p\u00ebr vitin 2011.<\/p>\n<p>&#8211; Kryetari i LSI, Ilir Meta deklaron se gjat\u00eb vitit 2011 ka p\u00ebrfituar vet\u00ebm nga paga e tij si deputet dhe e Monik\u00ebs si sekretare organizative e LSI-s\u00eb.<\/p>\n<p>&#8211; Edi Rama ka pasur shtim n\u00eb llogarit\u00eb rrjedh\u00ebse n\u00eb vler\u00ebn 792.427 lek\u00eb. I jan\u00eb pak\u00ebsuar parat\u00eb cash n\u00eb shum\u00ebn prej 160 mij\u00eb lek\u00ebve. Sipas pag\u00ebs vjetore ka p\u00ebrfituar 932.954 lek\u00eb. N\u00eb nj\u00eb llogari bankare ka 0,007 lek\u00eb n\u00eb nj\u00eb tjet\u00ebr 23.419 lek\u00eb. Ai vijon t\u00eb shlyej\u00eb nj\u00eb kredi dhe i ka mbetur shuma 705.490 lek\u00ebsh t\u00eb reja. Nd\u00ebrsa bashk\u00ebshortja e tij Linda fiton m\u00eb shum\u00eb para. Ka shtim t\u00eb llogaris\u00eb rrjedh\u00ebse 16.850,60 euro. Nga pagesa vitin e kaluar ka p\u00ebrfituar shum\u00ebn prej 480 mij\u00eb lek\u00ebve si p\u00ebrgjegj\u00ebse e sektorit k\u00ebrkimor n\u00eb Qendr\u00ebn p\u00ebr Nxitjen dhe Zhvillimin Njer\u00ebzor. Nga kjo qend\u00ebr p\u00ebr ekspertiz\u00ebn e ofruar ka p\u00ebrfituar shum\u00ebn 11.800 euro dhe 10.500 dollar\u00eb amerikan. Merr qiran\u00eb e nj\u00eb apartamenti, ka ku ka p\u00ebrfituar 9.720 euro. Shkollimi i vajz\u00ebs i kushton 3000 franga zvicerane.<\/p>\n<p>&#8211; Gramoz Ru\u00e7i, kreu i grupit parlamentar t\u00eb PS-s\u00eb ka p\u00ebrfituar nj\u00eb pag\u00eb vjetore vitin e kaluar 2.293.435 lek\u00eb t\u00eb reja. I biri i tij Ledian Ru\u00e7i \u00ebsht\u00eb n\u00eb borxh sepse ka nj\u00eb kredi prej 100 mij\u00eb eurosh dhe ka bler\u00eb lokal.<\/p>\n<p>&#8211; Deputeti i PS-s\u00eb, Sadri Abazi ka shtuar nj\u00eb pasuri prej 174 milion\u00eb lek\u00ebsh gjat\u00eb vitit 2011.<\/p>\n<p>&#8211; Fidel Ylli ka shtuar shum\u00ebn prej 630 mij\u00eb eurosh.<\/p>\n<p>&#8211; Tom Doshi duket se ka qen\u00eb i pafat p\u00ebr k\u00ebt\u00eb vit sepse llogarit\u00eb e tij bankare jan\u00eb pak\u00ebsuar me 115 milion\u00eb lek\u00eb.<\/p>\n<p>&#8211; Petrit Vasili ka para cash t\u00eb shtuara ka 350.000, t\u00eb ardhurat si minist\u00ebr jan\u00eb 1,668,793 dhe si kryetar bordi 117,090 lek\u00eb.<\/p>\n<p>&#8211; Fatmir Mediu ka shitur apartamentin e tij 226 met\u00ebr katror tek Shallvaret p\u00ebr 220 mij\u00eb euro dhe ka legalizuar truallin e vil\u00ebs s\u00eb tij n\u00eb Golem, edhe pse duhet t\u00eb mbroj\u00eb t\u00eb drejtat e pronar\u00ebve.<\/p>\n<p>&#8211; Sokol Olldashi ka bler\u00eb nj\u00eb vil\u00eb dubleks 151 met\u00ebr katror n\u00eb Gjirin e Lalzit p\u00ebr 57 mij\u00eb euro dhe nga paga vjetore si minist\u00ebr dhe an\u00ebtar i KRRTRSH p\u00ebrfiton 1,688,285 lek\u00eb.<\/p>\n<p>&#8211; Nd\u00ebrsa Basha ka deklaruar vet\u00ebm t\u00eb ardhurat si kryebashkiak. T\u00eb ardhura nga paga shkojn\u00eb n\u00eb vler\u00ebn e 734,162 lek\u00eb. Dhe t\u00eb ardhurat e bashk\u00ebshortes nga leja e lindjes n\u00eb Holland\u00eb prej 10.808 euro.<\/p>\n<p>&#8211; Astrit Patozi ka deklaruar se ka bler\u00eb dy makina p\u00ebr vitin 2011. Nj\u00eb makin\u00eb Peugeot p\u00ebr 13 mij\u00eb euro dhe nj\u00eb Benz p\u00ebr 300 mij\u00eb lek\u00eb.<\/p>\n","protected":false},"excerpt":{"rendered":"<p>TemA, 8 Gusht 2012 Nd\u00ebrsa krimi i rrug\u00ebs lul\u00ebzon hapur dit\u00eb e nat\u00eb, ndoshta duhet t\u00eb ndjejm\u00eb keqardhje dhe p\u00ebr politikan\u00ebt varfanjak\u00eb. Pasurit\u00eb e tyre p\u00ebr vitin 2011, sipas Inspektoratit t\u00eb Lart\u00eb t\u00eb Deklarimit t\u00eb Pasurive diku jan\u00eb tkurrur, diku jan\u00eb zgjeruar. Dhe ta mendosh se jan\u00eb vet\u00ebm deklarime zyrtare. Ndiqni m\u00eb posht\u00eb pasurit\u00eb e [&hellip;]<\/p>\n","protected":false},"author":1,"featured_media":0,"comment_status":"open","ping_status":"closed","sticky":false,"template":"","format":"standard","meta":{"footnotes":""},"categories":[2],"tags":[],"class_list":{"0":"post-4285","1":"post","2":"type-post","3":"status-publish","4":"format-standard","6":"category-artikuj"},"yoast_head":"<!-- This site is optimized with the Yoast SEO plugin v27.4 - https:\/\/yoast.com\/product\/yoast-seo-wordpress\/ -->\n<title>Ja PASURITE e politikan\u00ebve kryesor\u00eb n\u00eb Shqip\u00ebri - FjALA e LIR\u00cb - Arkivi<\/title>\n<meta name=\"robots\" content=\"index, follow, max-snippet:-1, max-image-preview:large, max-video-preview:-1\" \/>\n<link rel=\"canonical\" href=\"https:\/\/fjala.info\/2009-2015\/ja-pasurite-e-politikaneve-kryesore-ne-shqiperi\/\" \/>\n<meta property=\"og:locale\" content=\"sq_AL\" \/>\n<meta property=\"og:type\" content=\"article\" \/>\n<meta property=\"og:title\" content=\"Ja PASURITE e politikan\u00ebve kryesor\u00eb n\u00eb Shqip\u00ebri - FjALA e LIR\u00cb - Arkivi\" \/>\n<meta property=\"og:description\" content=\"TemA, 8 Gusht 2012 Nd\u00ebrsa krimi i rrug\u00ebs lul\u00ebzon hapur dit\u00eb e nat\u00eb, ndoshta duhet t\u00eb ndjejm\u00eb keqardhje dhe p\u00ebr politikan\u00ebt varfanjak\u00eb. Pasurit\u00eb e tyre p\u00ebr vitin 2011, sipas Inspektoratit t\u00eb Lart\u00eb t\u00eb Deklarimit t\u00eb Pasurive diku jan\u00eb tkurrur, diku jan\u00eb zgjeruar. Dhe ta mendosh se jan\u00eb vet\u00ebm deklarime zyrtare. Ndiqni m\u00eb posht\u00eb pasurit\u00eb e [&hellip;]\" \/>\n<meta property=\"og:url\" content=\"https:\/\/fjala.info\/2009-2015\/ja-pasurite-e-politikaneve-kryesore-ne-shqiperi\/\" \/>\n<meta property=\"og:site_name\" content=\"FjALA e LIR\u00cb - Arkivi\" \/>\n<meta property=\"article:published_time\" content=\"2012-08-09T07:23:22+00:00\" \/>\n<meta property=\"og:image\" content=\"http:\/\/www.fjala.info\/2012\/cash_usd.jpg\" \/>\n<meta name=\"author\" content=\"admin\" \/>\n<meta name=\"twitter:card\" content=\"summary_large_image\" \/>\n<meta name=\"twitter:label1\" content=\"Written by\" \/>\n\t<meta name=\"twitter:data1\" content=\"admin\" \/>\n\t<meta name=\"twitter:label2\" content=\"Est. reading time\" \/>\n\t<meta name=\"twitter:data2\" content=\"5 minutes\" \/>\n<script type=\"application\/ld+json\" class=\"yoast-schema-graph\">{\"@context\":\"https:\\\/\\\/schema.org\",\"@graph\":[{\"@type\":\"Article\",\"@id\":\"https:\\\/\\\/fjala.info\\\/2009-2015\\\/ja-pasurite-e-politikaneve-kryesore-ne-shqiperi\\\/#article\",\"isPartOf\":{\"@id\":\"https:\\\/\\\/fjala.info\\\/2009-2015\\\/ja-pasurite-e-politikaneve-kryesore-ne-shqiperi\\\/\"},\"author\":{\"name\":\"admin\",\"@id\":\"https:\\\/\\\/fjala.info\\\/2009-2015\\\/#\\\/schema\\\/person\\\/3aa1163ef05469c496fc94e77611ada2\"},\"headline\":\"Ja PASURITE e politikan\u00ebve kryesor\u00eb n\u00eb Shqip\u00ebri\",\"datePublished\":\"2012-08-09T07:23:22+00:00\",\"mainEntityOfPage\":{\"@id\":\"https:\\\/\\\/fjala.info\\\/2009-2015\\\/ja-pasurite-e-politikaneve-kryesore-ne-shqiperi\\\/\"},\"wordCount\":1026,\"commentCount\":0,\"publisher\":{\"@id\":\"https:\\\/\\\/fjala.info\\\/2009-2015\\\/#organization\"},\"image\":{\"@id\":\"https:\\\/\\\/fjala.info\\\/2009-2015\\\/ja-pasurite-e-politikaneve-kryesore-ne-shqiperi\\\/#primaryimage\"},\"thumbnailUrl\":\"http:\\\/\\\/www.fjala.info\\\/2012\\\/cash_usd.jpg\",\"articleSection\":[\"Artikuj\"],\"inLanguage\":\"sq-AL\",\"potentialAction\":[{\"@type\":\"CommentAction\",\"name\":\"Comment\",\"target\":[\"https:\\\/\\\/fjala.info\\\/2009-2015\\\/ja-pasurite-e-politikaneve-kryesore-ne-shqiperi\\\/#respond\"]}]},{\"@type\":\"WebPage\",\"@id\":\"https:\\\/\\\/fjala.info\\\/2009-2015\\\/ja-pasurite-e-politikaneve-kryesore-ne-shqiperi\\\/\",\"url\":\"https:\\\/\\\/fjala.info\\\/2009-2015\\\/ja-pasurite-e-politikaneve-kryesore-ne-shqiperi\\\/\",\"name\":\"Ja PASURITE e politikan\u00ebve kryesor\u00eb n\u00eb Shqip\u00ebri - FjALA e LIR\u00cb - Arkivi\",\"isPartOf\":{\"@id\":\"https:\\\/\\\/fjala.info\\\/2009-2015\\\/#website\"},\"primaryImageOfPage\":{\"@id\":\"https:\\\/\\\/fjala.info\\\/2009-2015\\\/ja-pasurite-e-politikaneve-kryesore-ne-shqiperi\\\/#primaryimage\"},\"image\":{\"@id\":\"https:\\\/\\\/fjala.info\\\/2009-2015\\\/ja-pasurite-e-politikaneve-kryesore-ne-shqiperi\\\/#primaryimage\"},\"thumbnailUrl\":\"http:\\\/\\\/www.fjala.info\\\/2012\\\/cash_usd.jpg\",\"datePublished\":\"2012-08-09T07:23:22+00:00\",\"breadcrumb\":{\"@id\":\"https:\\\/\\\/fjala.info\\\/2009-2015\\\/ja-pasurite-e-politikaneve-kryesore-ne-shqiperi\\\/#breadcrumb\"},\"inLanguage\":\"sq-AL\",\"potentialAction\":[{\"@type\":\"ReadAction\",\"target\":[\"https:\\\/\\\/fjala.info\\\/2009-2015\\\/ja-pasurite-e-politikaneve-kryesore-ne-shqiperi\\\/\"]}]},{\"@type\":\"ImageObject\",\"inLanguage\":\"sq-AL\",\"@id\":\"https:\\\/\\\/fjala.info\\\/2009-2015\\\/ja-pasurite-e-politikaneve-kryesore-ne-shqiperi\\\/#primaryimage\",\"url\":\"http:\\\/\\\/www.fjala.info\\\/2012\\\/cash_usd.jpg\",\"contentUrl\":\"http:\\\/\\\/www.fjala.info\\\/2012\\\/cash_usd.jpg\"},{\"@type\":\"BreadcrumbList\",\"@id\":\"https:\\\/\\\/fjala.info\\\/2009-2015\\\/ja-pasurite-e-politikaneve-kryesore-ne-shqiperi\\\/#breadcrumb\",\"itemListElement\":[{\"@type\":\"ListItem\",\"position\":1,\"name\":\"Home\",\"item\":\"https:\\\/\\\/fjala.info\\\/2009-2015\\\/\"},{\"@type\":\"ListItem\",\"position\":2,\"name\":\"Ja PASURITE e politikan\u00ebve kryesor\u00eb n\u00eb Shqip\u00ebri\"}]},{\"@type\":\"WebSite\",\"@id\":\"https:\\\/\\\/fjala.info\\\/2009-2015\\\/#website\",\"url\":\"https:\\\/\\\/fjala.info\\\/2009-2015\\\/\",\"name\":\"FjALA e LIR\u00cb - Arkivi\",\"description\":\"Arkivi 2009-2015\",\"publisher\":{\"@id\":\"https:\\\/\\\/fjala.info\\\/2009-2015\\\/#organization\"},\"potentialAction\":[{\"@type\":\"SearchAction\",\"target\":{\"@type\":\"EntryPoint\",\"urlTemplate\":\"https:\\\/\\\/fjala.info\\\/2009-2015\\\/?s={search_term_string}\"},\"query-input\":{\"@type\":\"PropertyValueSpecification\",\"valueRequired\":true,\"valueName\":\"search_term_string\"}}],\"inLanguage\":\"sq-AL\"},{\"@type\":\"Organization\",\"@id\":\"https:\\\/\\\/fjala.info\\\/2009-2015\\\/#organization\",\"name\":\"FjALA e LIR\u00cb - Arkivi\",\"url\":\"https:\\\/\\\/fjala.info\\\/2009-2015\\\/\",\"logo\":{\"@type\":\"ImageObject\",\"inLanguage\":\"sq-AL\",\"@id\":\"https:\\\/\\\/fjala.info\\\/2009-2015\\\/#\\\/schema\\\/logo\\\/image\\\/\",\"url\":\"\",\"contentUrl\":\"\",\"caption\":\"FjALA e LIR\u00cb - Arkivi\"},\"image\":{\"@id\":\"https:\\\/\\\/fjala.info\\\/2009-2015\\\/#\\\/schema\\\/logo\\\/image\\\/\"}},{\"@type\":\"Person\",\"@id\":\"https:\\\/\\\/fjala.info\\\/2009-2015\\\/#\\\/schema\\\/person\\\/3aa1163ef05469c496fc94e77611ada2\",\"name\":\"admin\",\"image\":{\"@type\":\"ImageObject\",\"inLanguage\":\"sq-AL\",\"@id\":\"https:\\\/\\\/fjala.info\\\/2009-2015\\\/wp-content\\\/uploads\\\/2012\\\/02\\\/arben_cokaj-120x150.jpg\",\"url\":\"https:\\\/\\\/fjala.info\\\/2009-2015\\\/wp-content\\\/uploads\\\/2012\\\/02\\\/arben_cokaj-120x150.jpg\",\"contentUrl\":\"https:\\\/\\\/fjala.info\\\/2009-2015\\\/wp-content\\\/uploads\\\/2012\\\/02\\\/arben_cokaj-120x150.jpg\",\"caption\":\"admin\"},\"description\":\"Admin, Fjala e Lir\u00eb\",\"sameAs\":[\"https:\\\/\\\/fjala.info\\\/\"],\"url\":\"https:\\\/\\\/fjala.info\\\/2009-2015\\\/author\\\/admin\\\/\"}]}<\/script>\n<!-- \/ Yoast SEO plugin. -->","yoast_head_json":{"title":"Ja PASURITE e politikan\u00ebve kryesor\u00eb n\u00eb Shqip\u00ebri - FjALA e LIR\u00cb - Arkivi","robots":{"index":"index","follow":"follow","max-snippet":"max-snippet:-1","max-image-preview":"max-image-preview:large","max-video-preview":"max-video-preview:-1"},"canonical":"https:\/\/fjala.info\/2009-2015\/ja-pasurite-e-politikaneve-kryesore-ne-shqiperi\/","og_locale":"sq_AL","og_type":"article","og_title":"Ja PASURITE e politikan\u00ebve kryesor\u00eb n\u00eb Shqip\u00ebri - FjALA e LIR\u00cb - Arkivi","og_description":"TemA, 8 Gusht 2012 Nd\u00ebrsa krimi i rrug\u00ebs lul\u00ebzon hapur dit\u00eb e nat\u00eb, ndoshta duhet t\u00eb ndjejm\u00eb keqardhje dhe p\u00ebr politikan\u00ebt varfanjak\u00eb. Pasurit\u00eb e tyre p\u00ebr vitin 2011, sipas Inspektoratit t\u00eb Lart\u00eb t\u00eb Deklarimit t\u00eb Pasurive diku jan\u00eb tkurrur, diku jan\u00eb zgjeruar. Dhe ta mendosh se jan\u00eb vet\u00ebm deklarime zyrtare. Ndiqni m\u00eb posht\u00eb pasurit\u00eb e [&hellip;]","og_url":"https:\/\/fjala.info\/2009-2015\/ja-pasurite-e-politikaneve-kryesore-ne-shqiperi\/","og_site_name":"FjALA e LIR\u00cb - Arkivi","article_published_time":"2012-08-09T07:23:22+00:00","og_image":[{"url":"http:\/\/www.fjala.info\/2012\/cash_usd.jpg","type":"","width":"","height":""}],"author":"admin","twitter_card":"summary_large_image","twitter_misc":{"Written by":"admin","Est. reading time":"5 minutes"},"schema":{"@context":"https:\/\/schema.org","@graph":[{"@type":"Article","@id":"https:\/\/fjala.info\/2009-2015\/ja-pasurite-e-politikaneve-kryesore-ne-shqiperi\/#article","isPartOf":{"@id":"https:\/\/fjala.info\/2009-2015\/ja-pasurite-e-politikaneve-kryesore-ne-shqiperi\/"},"author":{"name":"admin","@id":"https:\/\/fjala.info\/2009-2015\/#\/schema\/person\/3aa1163ef05469c496fc94e77611ada2"},"headline":"Ja PASURITE e politikan\u00ebve kryesor\u00eb n\u00eb Shqip\u00ebri","datePublished":"2012-08-09T07:23:22+00:00","mainEntityOfPage":{"@id":"https:\/\/fjala.info\/2009-2015\/ja-pasurite-e-politikaneve-kryesore-ne-shqiperi\/"},"wordCount":1026,"commentCount":0,"publisher":{"@id":"https:\/\/fjala.info\/2009-2015\/#organization"},"image":{"@id":"https:\/\/fjala.info\/2009-2015\/ja-pasurite-e-politikaneve-kryesore-ne-shqiperi\/#primaryimage"},"thumbnailUrl":"http:\/\/www.fjala.info\/2012\/cash_usd.jpg","articleSection":["Artikuj"],"inLanguage":"sq-AL","potentialAction":[{"@type":"CommentAction","name":"Comment","target":["https:\/\/fjala.info\/2009-2015\/ja-pasurite-e-politikaneve-kryesore-ne-shqiperi\/#respond"]}]},{"@type":"WebPage","@id":"https:\/\/fjala.info\/2009-2015\/ja-pasurite-e-politikaneve-kryesore-ne-shqiperi\/","url":"https:\/\/fjala.info\/2009-2015\/ja-pasurite-e-politikaneve-kryesore-ne-shqiperi\/","name":"Ja PASURITE e politikan\u00ebve kryesor\u00eb n\u00eb Shqip\u00ebri - FjALA e LIR\u00cb - Arkivi","isPartOf":{"@id":"https:\/\/fjala.info\/2009-2015\/#website"},"primaryImageOfPage":{"@id":"https:\/\/fjala.info\/2009-2015\/ja-pasurite-e-politikaneve-kryesore-ne-shqiperi\/#primaryimage"},"image":{"@id":"https:\/\/fjala.info\/2009-2015\/ja-pasurite-e-politikaneve-kryesore-ne-shqiperi\/#primaryimage"},"thumbnailUrl":"http:\/\/www.fjala.info\/2012\/cash_usd.jpg","datePublished":"2012-08-09T07:23:22+00:00","breadcrumb":{"@id":"https:\/\/fjala.info\/2009-2015\/ja-pasurite-e-politikaneve-kryesore-ne-shqiperi\/#breadcrumb"},"inLanguage":"sq-AL","potentialAction":[{"@type":"ReadAction","target":["https:\/\/fjala.info\/2009-2015\/ja-pasurite-e-politikaneve-kryesore-ne-shqiperi\/"]}]},{"@type":"ImageObject","inLanguage":"sq-AL","@id":"https:\/\/fjala.info\/2009-2015\/ja-pasurite-e-politikaneve-kryesore-ne-shqiperi\/#primaryimage","url":"http:\/\/www.fjala.info\/2012\/cash_usd.jpg","contentUrl":"http:\/\/www.fjala.info\/2012\/cash_usd.jpg"},{"@type":"BreadcrumbList","@id":"https:\/\/fjala.info\/2009-2015\/ja-pasurite-e-politikaneve-kryesore-ne-shqiperi\/#breadcrumb","itemListElement":[{"@type":"ListItem","position":1,"name":"Home","item":"https:\/\/fjala.info\/2009-2015\/"},{"@type":"ListItem","position":2,"name":"Ja PASURITE e politikan\u00ebve kryesor\u00eb n\u00eb Shqip\u00ebri"}]},{"@type":"WebSite","@id":"https:\/\/fjala.info\/2009-2015\/#website","url":"https:\/\/fjala.info\/2009-2015\/","name":"FjALA e LIR\u00cb - Arkivi","description":"Arkivi 2009-2015","publisher":{"@id":"https:\/\/fjala.info\/2009-2015\/#organization"},"potentialAction":[{"@type":"SearchAction","target":{"@type":"EntryPoint","urlTemplate":"https:\/\/fjala.info\/2009-2015\/?s={search_term_string}"},"query-input":{"@type":"PropertyValueSpecification","valueRequired":true,"valueName":"search_term_string"}}],"inLanguage":"sq-AL"},{"@type":"Organization","@id":"https:\/\/fjala.info\/2009-2015\/#organization","name":"FjALA e LIR\u00cb - Arkivi","url":"https:\/\/fjala.info\/2009-2015\/","logo":{"@type":"ImageObject","inLanguage":"sq-AL","@id":"https:\/\/fjala.info\/2009-2015\/#\/schema\/logo\/image\/","url":"","contentUrl":"","caption":"FjALA e LIR\u00cb - Arkivi"},"image":{"@id":"https:\/\/fjala.info\/2009-2015\/#\/schema\/logo\/image\/"}},{"@type":"Person","@id":"https:\/\/fjala.info\/2009-2015\/#\/schema\/person\/3aa1163ef05469c496fc94e77611ada2","name":"admin","image":{"@type":"ImageObject","inLanguage":"sq-AL","@id":"https:\/\/fjala.info\/2009-2015\/wp-content\/uploads\/2012\/02\/arben_cokaj-120x150.jpg","url":"https:\/\/fjala.info\/2009-2015\/wp-content\/uploads\/2012\/02\/arben_cokaj-120x150.jpg","contentUrl":"https:\/\/fjala.info\/2009-2015\/wp-content\/uploads\/2012\/02\/arben_cokaj-120x150.jpg","caption":"admin"},"description":"Admin, Fjala e Lir\u00eb","sameAs":["https:\/\/fjala.info\/"],"url":"https:\/\/fjala.info\/2009-2015\/author\/admin\/"}]}},"_links":{"self":[{"href":"https:\/\/fjala.info\/2009-2015\/wp-json\/wp\/v2\/posts\/4285","targetHints":{"allow":["GET"]}}],"collection":[{"href":"https:\/\/fjala.info\/2009-2015\/wp-json\/wp\/v2\/posts"}],"about":[{"href":"https:\/\/fjala.info\/2009-2015\/wp-json\/wp\/v2\/types\/post"}],"author":[{"embeddable":true,"href":"https:\/\/fjala.info\/2009-2015\/wp-json\/wp\/v2\/users\/1"}],"replies":[{"embeddable":true,"href":"https:\/\/fjala.info\/2009-2015\/wp-json\/wp\/v2\/comments?post=4285"}],"version-history":[{"count":0,"href":"https:\/\/fjala.info\/2009-2015\/wp-json\/wp\/v2\/posts\/4285\/revisions"}],"wp:attachment":[{"href":"https:\/\/fjala.info\/2009-2015\/wp-json\/wp\/v2\/media?parent=4285"}],"wp:term":[{"taxonomy":"category","embeddable":true,"href":"https:\/\/fjala.info\/2009-2015\/wp-json\/wp\/v2\/categories?post=4285"},{"taxonomy":"post_tag","embeddable":true,"href":"https:\/\/fjala.info\/2009-2015\/wp-json\/wp\/v2\/tags?post=4285"}],"curies":[{"name":"wp","href":"https:\/\/api.w.org\/{rel}","templated":true}]}}