{"id":4283,"date":"2010-10-12T09:41:22","date_gmt":"2010-10-12T08:41:22","guid":{"rendered":"http:\/\/fjala.shkoder.net\/?p=4283"},"modified":"2010-10-12T09:41:22","modified_gmt":"2010-10-12T08:41:22","slug":"anketa-e-soros-vetem-40-perqind-e-shqiptareve-mbeshtesin-qeverine","status":"publish","type":"post","link":"https:\/\/fjala.info\/2009-2015\/anketa-e-soros-vetem-40-perqind-e-shqiptareve-mbeshtesin-qeverine\/","title":{"rendered":"Anketa e Soros: Vet\u00ebm 40 p\u00ebrqind e shqiptar\u00ebve mb\u00ebshtesin qeverin\u00eb"},"content":{"rendered":"<p><img loading=\"lazy\" decoding=\"async\" class=\"alignleft size-medium wp-image-4284\" title=\"Berisha - ekspozite\" src=\"http:\/\/fjala.shkoder.net\/wp-content\/uploads\/2010\/10\/berisha_ekspozite-300x176.jpg\" alt=\"\" width=\"300\" height=\"176\" \/><\/p>\n<p><strong>Shekulli Online<\/strong>, <em>11.10.2010<\/em><\/p>\n<p>N\u00eb kuad\u00ebr t\u00eb programit t\u00eb mir\u00ebqeverisjes, Fondacioni Shoq\u00ebria e Hapur p\u00ebr Shqip\u00ebrin\u00eb ka komisionuar kryerjen e nj\u00eb studimi mbi perceptimin e publikut p\u00ebr performanc\u00ebn e qeveris\u00eb, demokracin\u00eb n\u00eb vend dhe \u00e7\u00ebshtjet e nd\u00ebrlidhura t\u00eb kriz\u00ebs politike (hapja e kutive, greva opozitare), dhe integrimin n\u00eb BE, korrupsionin dhe transparenc\u00ebn, sh\u00ebndetsin\u00eb dhe arsimin. Gjithashtu, qytetar\u00ebt jan\u00eb pyetur se cilat jan\u00eb \u00e7\u00ebshtjet madhore p\u00ebr ta, n\u00eb m\u00ebnyr\u00eb q\u00eb t\u00eb mund\u00ebsohet nj\u00eb krahasim me \u00e7\u00ebshtjet madhore n\u00eb debatin publik politik. M\u00eb posht\u00eb jan\u00eb rezultatet e studimit t\u00eb fondacionit n\u00eb fjal\u00eb, i cili investohet nga rrjeti Soros<\/p>\n<p>Studimi paraqet nj\u00eb popullat\u00eb t\u00eb dyzuar p\u00ebr sa i p\u00ebrket nivelit t\u00eb k\u00ebnaq\u00ebsis\u00eb me ecurin\u00eb e p\u00ebrgjithshme t\u00eb demokracis\u00eb n\u00eb vend, ku 48.6% e tyre shprehen se jan\u00eb shum\u00eb ose mjaftuesh\u00ebm t\u00eb k\u00ebnaqur p\u00ebrkundrejt 49.1%, t\u00eb cil\u00ebt pohojn\u00eb se jan\u00eb t\u00eb aspak ose jo shum\u00eb t\u00eb k\u00ebnaqur dhe mendojn\u00eb se ka gj\u00ebra q\u00eb duhen p\u00ebrmir\u00ebsuar.<\/p>\n<p>N\u00eb vijim logjik, e nj\u00ebjta situat\u00eb e dyzuar paraqitet edhe p\u00ebr \u00e7\u00ebshtjen e \u201ehapjes s\u00eb kutive&#8221; ku 47.5% e t\u00eb anketuarve mendojn\u00eb se ajo ishte nj\u00eb kauz\u00eb e drejt\u00eb dhe 45.8% e tyre se ishte e gabuar. Nd\u00ebrkoh\u00eb, pjesa d\u00ebrrmuese (66.7%) pohojn\u00eb se Shumica (Qeveri, PD+LSI) ka p\u00ebrgjegj\u00ebsin\u00eb m\u00eb t\u00eb madhe p\u00ebr zgjidhjen e krizave t\u00eb tilla politike.<\/p>\n<p>Gjithashtu, shumica e t\u00eb anketuarve (52.5%) shprehen se greva as e dob\u00ebsoi dhe as e forcoi gjendjen e demokracis\u00eb n\u00eb vend dhe (61%) se as e vonoi dhe as nuk e ndihmoi procesin e integrimit t\u00eb Shqip\u00ebris\u00eb drejt BE-s\u00eb.<\/p>\n<p>40.1% \u00ebsht\u00eb shkalla e miratimit t\u00eb pun\u00ebs aktuale t\u00eb kryer nga Qeveria. N\u00eb lidhje me transparenc\u00ebn n\u00eb qeverisje, qytetar\u00ebt kan\u00eb renditur organet e pushtetit vendor si m\u00eb transparent\u00eb (65.9% mendojn\u00eb se jan\u00eb transparent\u00eb p\u00ebrkundrejt 29% q\u00eb mendojn\u00eb t\u00eb kund\u00ebrt\u00ebn), t\u00eb ndjekur nga Parlamenti(63.3% vs. 32.8%), dhe K\u00ebshilli i Ministrave (59.3% vs. 33.9%). Specifikisht p\u00ebr nivelin e korrupsionit tek zyrtar\u00ebt publik\u00eb p\u00ebrgjat\u00eb vitit t\u00eb kaluar, 39.5% e t\u00eb anketuarve vler\u00ebsojn\u00eb se niveli i tij \u00ebsht\u00eb rritur, 35.6% se ka mbetur i nj\u00ebjt\u00eb dhe 18.6% se \u00ebsht\u00eb pak\u00ebsuar.<\/p>\n<p>Studimi gjithashtu paraqet p\u00ebrfundime t\u00eb r\u00ebnd\u00ebsishme p\u00ebr sa i p\u00ebrket sektorit t\u00eb sh\u00ebndet\u00ebsis\u00eb, i vler\u00ebsuar negativisht nga 65 % e t\u00eb anketuarve. N\u00eb sh\u00ebndet\u00ebsi, qytetar\u00ebt mendojn\u00eb se prioritet i duhet dh\u00ebn\u00eb teknologjis\u00eb, infrastruktur\u00ebs dhe mjediseve spitalore, rritjes s\u00eb p\u00ebrgjegjshm\u00ebris\u00eb s\u00eb mjek\u00ebve, p\u00ebrgatitjes dhe pagave t\u00eb tyre, dhe subvencionimit t\u00eb medikamenteve t\u00eb list\u00ebs (dhe jo t\u00eb skaduara me origjin\u00eb indiane) t\u00eb cilat duhet t\u00eb jen\u00eb cil\u00ebsore dhe ato q\u00eb jan\u00eb t\u00eb shtrenjta.<\/p>\n<p>Nd\u00ebrkoh\u00eb q\u00eb duket qart\u00eb se t\u00eb anketuarit nuk kan\u00eb njohurit\u00eb e duhura apo edhe t\u00eb mjaftueshme p\u00ebr skem\u00ebn e ofrimit t\u00eb sh\u00ebrbimit sh\u00ebndet\u00ebsor kompensuar me sigurimet sh\u00ebndet\u00ebsore, apo m\u00ebnyr\u00ebn e funksionimit t\u00eb sh\u00ebrbimit mjek\u00ebsor par\u00ebsor dhe dyt\u00ebsor, apo ndihm\u00ebn psikologjike q\u00eb ofrohet nga personeli mjek\u00ebsor n\u00eb raste kur pacienti p\u00ebrballet me humbjen e personave t\u00eb dashur.<\/p>\n<p>\u201eMendimet e qytetar\u00ebve q\u00eb ky studim na paraqet mbi \u00e7\u00ebshtjet madhore t\u00eb vendit duket t\u00eb pasqyroj\u00eb polarizimin e situat\u00ebs politike. Shqiptar\u00ebt nuk shohin fitues, identifikojn\u00eb p\u00ebrgjegj\u00ebs kryesor p\u00ebr zgjidhjen e ng\u00ebr\u00e7it politik, dhe mbi t\u00eb gjitha shprehin \u00e7\u00ebshtjet e tyre m\u00eb kryesore: pun\u00ebsimi, ekonomia, lufta ndaj korrupsionit dhe arsimi. K\u00ebto jan\u00eb rezultate t\u00eb cilat duhet t\u00eb \u00e7ojn\u00eb aktor\u00ebt politik n\u00eb reflektim dhe t\u00eb informojn\u00eb qasjet ndaj zgjidhjes s\u00eb ng\u00ebr\u00e7it politik. Ky studim, s\u00eb bashku me shum\u00eb p\u00ebrpjekje t\u00eb tjera t\u00eb shoq\u00ebris\u00eb civile duhet t\u00eb mir\u00ebp\u00ebrdoren nga aktor\u00ebt politik dhe qeveris\u00ebs si mjete nd\u00ebrtimi politikash t\u00eb informuara, n\u00eb p\u00ebrgjigje t\u00eb shqet\u00ebsimeve t\u00eb qytetar\u00ebve&#8221;, tha Drejtori Ekzekutiv i Fondacionit Shoq\u00ebria e Hapur p\u00ebr Shqip\u00ebrin\u00eb, z. Andi Dobrushi.<\/p>\n<p>Nevoja e menj\u00ebhershme e k\u00ebtij studimi \u00ebsht\u00eb diktuar nga atmosfera t\u00ebr\u00ebsisht e politizuar dhe e tensionuar e muajve t\u00eb fundit n\u00eb Shqip\u00ebri, nj\u00eb nga pasojat e menj\u00ebhershme t\u00eb t\u00eb cil\u00ebs, sidomos koh\u00ebt e fundit me shp\u00ebrthimin e nj\u00eb fushat\u00eb t\u00eb eg\u00ebr akuzash t\u00eb nd\u00ebrsjellta p\u00ebr korrupsion, ka q\u00ebn\u00eb v\u00ebshtir\u00ebsimi i vler\u00ebsimit objektiv dhe t\u00eb paansh\u00ebm t\u00eb pun\u00ebs s\u00eb qeveris\u00eb.<\/p>\n<p>Ky studim paraqet mendimet e tre grupesh p\u00ebrfaq\u00ebsuese t\u00eb shoq\u00ebris\u00eb shqiptare mbi 18 vje\u00e7, n\u00eb qytetet Tiran\u00eb, Durr\u00ebs, Fier, Vlor\u00eb, Elbasan, Kor\u00e7\u00eb dhe Shkod\u00ebr: (a) An\u00ebtar\u00eb t\u00eb Administrat\u00ebs Publike Qendrore apo Vendore; (b) T\u00eb vet\u00ebpun\u00ebsuar n\u00eb SME apo sip\u00ebrmarrje tjet\u00ebr biznesi t\u00eb mes\u00ebm apo t\u00eb madh; dhe (c) An\u00ebtar\u00eb t\u00eb OJF-ve aktive apo t\u00eb shoq\u00ebris\u00eb civile n\u00eb zonat e sip\u00ebrp\u00ebrmendura.<\/p>\n","protected":false},"excerpt":{"rendered":"<p>Shekulli Online, 11.10.2010 N\u00eb kuad\u00ebr t\u00eb programit t\u00eb mir\u00ebqeverisjes, Fondacioni Shoq\u00ebria e Hapur p\u00ebr Shqip\u00ebrin\u00eb ka komisionuar kryerjen e nj\u00eb studimi mbi perceptimin e publikut p\u00ebr performanc\u00ebn e qeveris\u00eb, demokracin\u00eb n\u00eb vend dhe \u00e7\u00ebshtjet e nd\u00ebrlidhura t\u00eb kriz\u00ebs politike (hapja e kutive, greva opozitare), dhe integrimin n\u00eb BE, korrupsionin dhe transparenc\u00ebn, sh\u00ebndetsin\u00eb dhe arsimin. Gjithashtu, [&hellip;]<\/p>\n","protected":false},"author":1,"featured_media":0,"comment_status":"open","ping_status":"closed","sticky":false,"template":"","format":"standard","meta":{"footnotes":""},"categories":[2],"tags":[],"class_list":{"0":"post-4283","1":"post","2":"type-post","3":"status-publish","4":"format-standard","6":"category-artikuj"},"yoast_head":"<!-- This site is optimized with the Yoast SEO plugin v27.4 - https:\/\/yoast.com\/product\/yoast-seo-wordpress\/ -->\n<title>Anketa e Soros: Vet\u00ebm 40 p\u00ebrqind e shqiptar\u00ebve mb\u00ebshtesin qeverin\u00eb - FjALA e LIR\u00cb - Arkivi<\/title>\n<meta name=\"robots\" content=\"index, follow, max-snippet:-1, max-image-preview:large, max-video-preview:-1\" \/>\n<link rel=\"canonical\" href=\"https:\/\/fjala.info\/2009-2015\/anketa-e-soros-vetem-40-perqind-e-shqiptareve-mbeshtesin-qeverine\/\" \/>\n<meta property=\"og:locale\" content=\"sq_AL\" \/>\n<meta property=\"og:type\" content=\"article\" \/>\n<meta property=\"og:title\" content=\"Anketa e Soros: Vet\u00ebm 40 p\u00ebrqind e shqiptar\u00ebve mb\u00ebshtesin qeverin\u00eb - FjALA e LIR\u00cb - Arkivi\" \/>\n<meta property=\"og:description\" content=\"Shekulli Online, 11.10.2010 N\u00eb kuad\u00ebr t\u00eb programit t\u00eb mir\u00ebqeverisjes, Fondacioni Shoq\u00ebria e Hapur p\u00ebr Shqip\u00ebrin\u00eb ka komisionuar kryerjen e nj\u00eb studimi mbi perceptimin e publikut p\u00ebr performanc\u00ebn e qeveris\u00eb, demokracin\u00eb n\u00eb vend dhe \u00e7\u00ebshtjet e nd\u00ebrlidhura t\u00eb kriz\u00ebs politike (hapja e kutive, greva opozitare), dhe integrimin n\u00eb BE, korrupsionin dhe transparenc\u00ebn, sh\u00ebndetsin\u00eb dhe arsimin. Gjithashtu, [&hellip;]\" \/>\n<meta property=\"og:url\" content=\"https:\/\/fjala.info\/2009-2015\/anketa-e-soros-vetem-40-perqind-e-shqiptareve-mbeshtesin-qeverine\/\" \/>\n<meta property=\"og:site_name\" content=\"FjALA e LIR\u00cb - Arkivi\" \/>\n<meta property=\"article:published_time\" content=\"2010-10-12T08:41:22+00:00\" \/>\n<meta property=\"og:image\" content=\"http:\/\/fjala.shkoder.net\/wp-content\/uploads\/2010\/10\/berisha_ekspozite-300x176.jpg\" \/>\n<meta name=\"author\" content=\"admin\" \/>\n<meta name=\"twitter:card\" content=\"summary_large_image\" \/>\n<meta name=\"twitter:label1\" content=\"Written by\" \/>\n\t<meta name=\"twitter:data1\" content=\"admin\" \/>\n\t<meta name=\"twitter:label2\" content=\"Est. reading time\" \/>\n\t<meta name=\"twitter:data2\" content=\"4 minutes\" \/>\n<script type=\"application\/ld+json\" class=\"yoast-schema-graph\">{\"@context\":\"https:\\\/\\\/schema.org\",\"@graph\":[{\"@type\":\"Article\",\"@id\":\"https:\\\/\\\/fjala.info\\\/2009-2015\\\/anketa-e-soros-vetem-40-perqind-e-shqiptareve-mbeshtesin-qeverine\\\/#article\",\"isPartOf\":{\"@id\":\"https:\\\/\\\/fjala.info\\\/2009-2015\\\/anketa-e-soros-vetem-40-perqind-e-shqiptareve-mbeshtesin-qeverine\\\/\"},\"author\":{\"name\":\"admin\",\"@id\":\"https:\\\/\\\/fjala.info\\\/2009-2015\\\/#\\\/schema\\\/person\\\/3aa1163ef05469c496fc94e77611ada2\"},\"headline\":\"Anketa e Soros: Vet\u00ebm 40 p\u00ebrqind e shqiptar\u00ebve mb\u00ebshtesin qeverin\u00eb\",\"datePublished\":\"2010-10-12T08:41:22+00:00\",\"mainEntityOfPage\":{\"@id\":\"https:\\\/\\\/fjala.info\\\/2009-2015\\\/anketa-e-soros-vetem-40-perqind-e-shqiptareve-mbeshtesin-qeverine\\\/\"},\"wordCount\":834,\"commentCount\":0,\"publisher\":{\"@id\":\"https:\\\/\\\/fjala.info\\\/2009-2015\\\/#organization\"},\"image\":{\"@id\":\"https:\\\/\\\/fjala.info\\\/2009-2015\\\/anketa-e-soros-vetem-40-perqind-e-shqiptareve-mbeshtesin-qeverine\\\/#primaryimage\"},\"thumbnailUrl\":\"http:\\\/\\\/fjala.shkoder.net\\\/wp-content\\\/uploads\\\/2010\\\/10\\\/berisha_ekspozite-300x176.jpg\",\"articleSection\":[\"Artikuj\"],\"inLanguage\":\"sq-AL\",\"potentialAction\":[{\"@type\":\"CommentAction\",\"name\":\"Comment\",\"target\":[\"https:\\\/\\\/fjala.info\\\/2009-2015\\\/anketa-e-soros-vetem-40-perqind-e-shqiptareve-mbeshtesin-qeverine\\\/#respond\"]}]},{\"@type\":\"WebPage\",\"@id\":\"https:\\\/\\\/fjala.info\\\/2009-2015\\\/anketa-e-soros-vetem-40-perqind-e-shqiptareve-mbeshtesin-qeverine\\\/\",\"url\":\"https:\\\/\\\/fjala.info\\\/2009-2015\\\/anketa-e-soros-vetem-40-perqind-e-shqiptareve-mbeshtesin-qeverine\\\/\",\"name\":\"Anketa e Soros: Vet\u00ebm 40 p\u00ebrqind e shqiptar\u00ebve mb\u00ebshtesin qeverin\u00eb - FjALA e LIR\u00cb - Arkivi\",\"isPartOf\":{\"@id\":\"https:\\\/\\\/fjala.info\\\/2009-2015\\\/#website\"},\"primaryImageOfPage\":{\"@id\":\"https:\\\/\\\/fjala.info\\\/2009-2015\\\/anketa-e-soros-vetem-40-perqind-e-shqiptareve-mbeshtesin-qeverine\\\/#primaryimage\"},\"image\":{\"@id\":\"https:\\\/\\\/fjala.info\\\/2009-2015\\\/anketa-e-soros-vetem-40-perqind-e-shqiptareve-mbeshtesin-qeverine\\\/#primaryimage\"},\"thumbnailUrl\":\"http:\\\/\\\/fjala.shkoder.net\\\/wp-content\\\/uploads\\\/2010\\\/10\\\/berisha_ekspozite-300x176.jpg\",\"datePublished\":\"2010-10-12T08:41:22+00:00\",\"breadcrumb\":{\"@id\":\"https:\\\/\\\/fjala.info\\\/2009-2015\\\/anketa-e-soros-vetem-40-perqind-e-shqiptareve-mbeshtesin-qeverine\\\/#breadcrumb\"},\"inLanguage\":\"sq-AL\",\"potentialAction\":[{\"@type\":\"ReadAction\",\"target\":[\"https:\\\/\\\/fjala.info\\\/2009-2015\\\/anketa-e-soros-vetem-40-perqind-e-shqiptareve-mbeshtesin-qeverine\\\/\"]}]},{\"@type\":\"ImageObject\",\"inLanguage\":\"sq-AL\",\"@id\":\"https:\\\/\\\/fjala.info\\\/2009-2015\\\/anketa-e-soros-vetem-40-perqind-e-shqiptareve-mbeshtesin-qeverine\\\/#primaryimage\",\"url\":\"http:\\\/\\\/fjala.shkoder.net\\\/wp-content\\\/uploads\\\/2010\\\/10\\\/berisha_ekspozite-300x176.jpg\",\"contentUrl\":\"http:\\\/\\\/fjala.shkoder.net\\\/wp-content\\\/uploads\\\/2010\\\/10\\\/berisha_ekspozite-300x176.jpg\"},{\"@type\":\"BreadcrumbList\",\"@id\":\"https:\\\/\\\/fjala.info\\\/2009-2015\\\/anketa-e-soros-vetem-40-perqind-e-shqiptareve-mbeshtesin-qeverine\\\/#breadcrumb\",\"itemListElement\":[{\"@type\":\"ListItem\",\"position\":1,\"name\":\"Home\",\"item\":\"https:\\\/\\\/fjala.info\\\/2009-2015\\\/\"},{\"@type\":\"ListItem\",\"position\":2,\"name\":\"Anketa e Soros: Vet\u00ebm 40 p\u00ebrqind e shqiptar\u00ebve mb\u00ebshtesin qeverin\u00eb\"}]},{\"@type\":\"WebSite\",\"@id\":\"https:\\\/\\\/fjala.info\\\/2009-2015\\\/#website\",\"url\":\"https:\\\/\\\/fjala.info\\\/2009-2015\\\/\",\"name\":\"FjALA e LIR\u00cb - Arkivi\",\"description\":\"Arkivi 2009-2015\",\"publisher\":{\"@id\":\"https:\\\/\\\/fjala.info\\\/2009-2015\\\/#organization\"},\"potentialAction\":[{\"@type\":\"SearchAction\",\"target\":{\"@type\":\"EntryPoint\",\"urlTemplate\":\"https:\\\/\\\/fjala.info\\\/2009-2015\\\/?s={search_term_string}\"},\"query-input\":{\"@type\":\"PropertyValueSpecification\",\"valueRequired\":true,\"valueName\":\"search_term_string\"}}],\"inLanguage\":\"sq-AL\"},{\"@type\":\"Organization\",\"@id\":\"https:\\\/\\\/fjala.info\\\/2009-2015\\\/#organization\",\"name\":\"FjALA e LIR\u00cb - Arkivi\",\"url\":\"https:\\\/\\\/fjala.info\\\/2009-2015\\\/\",\"logo\":{\"@type\":\"ImageObject\",\"inLanguage\":\"sq-AL\",\"@id\":\"https:\\\/\\\/fjala.info\\\/2009-2015\\\/#\\\/schema\\\/logo\\\/image\\\/\",\"url\":\"\",\"contentUrl\":\"\",\"caption\":\"FjALA e LIR\u00cb - Arkivi\"},\"image\":{\"@id\":\"https:\\\/\\\/fjala.info\\\/2009-2015\\\/#\\\/schema\\\/logo\\\/image\\\/\"}},{\"@type\":\"Person\",\"@id\":\"https:\\\/\\\/fjala.info\\\/2009-2015\\\/#\\\/schema\\\/person\\\/3aa1163ef05469c496fc94e77611ada2\",\"name\":\"admin\",\"image\":{\"@type\":\"ImageObject\",\"inLanguage\":\"sq-AL\",\"@id\":\"https:\\\/\\\/fjala.info\\\/2009-2015\\\/wp-content\\\/uploads\\\/2012\\\/02\\\/arben_cokaj-120x150.jpg\",\"url\":\"https:\\\/\\\/fjala.info\\\/2009-2015\\\/wp-content\\\/uploads\\\/2012\\\/02\\\/arben_cokaj-120x150.jpg\",\"contentUrl\":\"https:\\\/\\\/fjala.info\\\/2009-2015\\\/wp-content\\\/uploads\\\/2012\\\/02\\\/arben_cokaj-120x150.jpg\",\"caption\":\"admin\"},\"description\":\"Admin, Fjala e Lir\u00eb\",\"sameAs\":[\"https:\\\/\\\/fjala.info\\\/\"],\"url\":\"https:\\\/\\\/fjala.info\\\/2009-2015\\\/author\\\/admin\\\/\"}]}<\/script>\n<!-- \/ Yoast SEO plugin. -->","yoast_head_json":{"title":"Anketa e Soros: Vet\u00ebm 40 p\u00ebrqind e shqiptar\u00ebve mb\u00ebshtesin qeverin\u00eb - FjALA e LIR\u00cb - Arkivi","robots":{"index":"index","follow":"follow","max-snippet":"max-snippet:-1","max-image-preview":"max-image-preview:large","max-video-preview":"max-video-preview:-1"},"canonical":"https:\/\/fjala.info\/2009-2015\/anketa-e-soros-vetem-40-perqind-e-shqiptareve-mbeshtesin-qeverine\/","og_locale":"sq_AL","og_type":"article","og_title":"Anketa e Soros: Vet\u00ebm 40 p\u00ebrqind e shqiptar\u00ebve mb\u00ebshtesin qeverin\u00eb - FjALA e LIR\u00cb - Arkivi","og_description":"Shekulli Online, 11.10.2010 N\u00eb kuad\u00ebr t\u00eb programit t\u00eb mir\u00ebqeverisjes, Fondacioni Shoq\u00ebria e Hapur p\u00ebr Shqip\u00ebrin\u00eb ka komisionuar kryerjen e nj\u00eb studimi mbi perceptimin e publikut p\u00ebr performanc\u00ebn e qeveris\u00eb, demokracin\u00eb n\u00eb vend dhe \u00e7\u00ebshtjet e nd\u00ebrlidhura t\u00eb kriz\u00ebs politike (hapja e kutive, greva opozitare), dhe integrimin n\u00eb BE, korrupsionin dhe transparenc\u00ebn, sh\u00ebndetsin\u00eb dhe arsimin. Gjithashtu, [&hellip;]","og_url":"https:\/\/fjala.info\/2009-2015\/anketa-e-soros-vetem-40-perqind-e-shqiptareve-mbeshtesin-qeverine\/","og_site_name":"FjALA e LIR\u00cb - Arkivi","article_published_time":"2010-10-12T08:41:22+00:00","og_image":[{"url":"http:\/\/fjala.shkoder.net\/wp-content\/uploads\/2010\/10\/berisha_ekspozite-300x176.jpg","type":"","width":"","height":""}],"author":"admin","twitter_card":"summary_large_image","twitter_misc":{"Written by":"admin","Est. reading time":"4 minutes"},"schema":{"@context":"https:\/\/schema.org","@graph":[{"@type":"Article","@id":"https:\/\/fjala.info\/2009-2015\/anketa-e-soros-vetem-40-perqind-e-shqiptareve-mbeshtesin-qeverine\/#article","isPartOf":{"@id":"https:\/\/fjala.info\/2009-2015\/anketa-e-soros-vetem-40-perqind-e-shqiptareve-mbeshtesin-qeverine\/"},"author":{"name":"admin","@id":"https:\/\/fjala.info\/2009-2015\/#\/schema\/person\/3aa1163ef05469c496fc94e77611ada2"},"headline":"Anketa e Soros: Vet\u00ebm 40 p\u00ebrqind e shqiptar\u00ebve mb\u00ebshtesin qeverin\u00eb","datePublished":"2010-10-12T08:41:22+00:00","mainEntityOfPage":{"@id":"https:\/\/fjala.info\/2009-2015\/anketa-e-soros-vetem-40-perqind-e-shqiptareve-mbeshtesin-qeverine\/"},"wordCount":834,"commentCount":0,"publisher":{"@id":"https:\/\/fjala.info\/2009-2015\/#organization"},"image":{"@id":"https:\/\/fjala.info\/2009-2015\/anketa-e-soros-vetem-40-perqind-e-shqiptareve-mbeshtesin-qeverine\/#primaryimage"},"thumbnailUrl":"http:\/\/fjala.shkoder.net\/wp-content\/uploads\/2010\/10\/berisha_ekspozite-300x176.jpg","articleSection":["Artikuj"],"inLanguage":"sq-AL","potentialAction":[{"@type":"CommentAction","name":"Comment","target":["https:\/\/fjala.info\/2009-2015\/anketa-e-soros-vetem-40-perqind-e-shqiptareve-mbeshtesin-qeverine\/#respond"]}]},{"@type":"WebPage","@id":"https:\/\/fjala.info\/2009-2015\/anketa-e-soros-vetem-40-perqind-e-shqiptareve-mbeshtesin-qeverine\/","url":"https:\/\/fjala.info\/2009-2015\/anketa-e-soros-vetem-40-perqind-e-shqiptareve-mbeshtesin-qeverine\/","name":"Anketa e Soros: Vet\u00ebm 40 p\u00ebrqind e shqiptar\u00ebve mb\u00ebshtesin qeverin\u00eb - FjALA e LIR\u00cb - Arkivi","isPartOf":{"@id":"https:\/\/fjala.info\/2009-2015\/#website"},"primaryImageOfPage":{"@id":"https:\/\/fjala.info\/2009-2015\/anketa-e-soros-vetem-40-perqind-e-shqiptareve-mbeshtesin-qeverine\/#primaryimage"},"image":{"@id":"https:\/\/fjala.info\/2009-2015\/anketa-e-soros-vetem-40-perqind-e-shqiptareve-mbeshtesin-qeverine\/#primaryimage"},"thumbnailUrl":"http:\/\/fjala.shkoder.net\/wp-content\/uploads\/2010\/10\/berisha_ekspozite-300x176.jpg","datePublished":"2010-10-12T08:41:22+00:00","breadcrumb":{"@id":"https:\/\/fjala.info\/2009-2015\/anketa-e-soros-vetem-40-perqind-e-shqiptareve-mbeshtesin-qeverine\/#breadcrumb"},"inLanguage":"sq-AL","potentialAction":[{"@type":"ReadAction","target":["https:\/\/fjala.info\/2009-2015\/anketa-e-soros-vetem-40-perqind-e-shqiptareve-mbeshtesin-qeverine\/"]}]},{"@type":"ImageObject","inLanguage":"sq-AL","@id":"https:\/\/fjala.info\/2009-2015\/anketa-e-soros-vetem-40-perqind-e-shqiptareve-mbeshtesin-qeverine\/#primaryimage","url":"http:\/\/fjala.shkoder.net\/wp-content\/uploads\/2010\/10\/berisha_ekspozite-300x176.jpg","contentUrl":"http:\/\/fjala.shkoder.net\/wp-content\/uploads\/2010\/10\/berisha_ekspozite-300x176.jpg"},{"@type":"BreadcrumbList","@id":"https:\/\/fjala.info\/2009-2015\/anketa-e-soros-vetem-40-perqind-e-shqiptareve-mbeshtesin-qeverine\/#breadcrumb","itemListElement":[{"@type":"ListItem","position":1,"name":"Home","item":"https:\/\/fjala.info\/2009-2015\/"},{"@type":"ListItem","position":2,"name":"Anketa e Soros: Vet\u00ebm 40 p\u00ebrqind e shqiptar\u00ebve mb\u00ebshtesin qeverin\u00eb"}]},{"@type":"WebSite","@id":"https:\/\/fjala.info\/2009-2015\/#website","url":"https:\/\/fjala.info\/2009-2015\/","name":"FjALA e LIR\u00cb - Arkivi","description":"Arkivi 2009-2015","publisher":{"@id":"https:\/\/fjala.info\/2009-2015\/#organization"},"potentialAction":[{"@type":"SearchAction","target":{"@type":"EntryPoint","urlTemplate":"https:\/\/fjala.info\/2009-2015\/?s={search_term_string}"},"query-input":{"@type":"PropertyValueSpecification","valueRequired":true,"valueName":"search_term_string"}}],"inLanguage":"sq-AL"},{"@type":"Organization","@id":"https:\/\/fjala.info\/2009-2015\/#organization","name":"FjALA e LIR\u00cb - Arkivi","url":"https:\/\/fjala.info\/2009-2015\/","logo":{"@type":"ImageObject","inLanguage":"sq-AL","@id":"https:\/\/fjala.info\/2009-2015\/#\/schema\/logo\/image\/","url":"","contentUrl":"","caption":"FjALA e LIR\u00cb - Arkivi"},"image":{"@id":"https:\/\/fjala.info\/2009-2015\/#\/schema\/logo\/image\/"}},{"@type":"Person","@id":"https:\/\/fjala.info\/2009-2015\/#\/schema\/person\/3aa1163ef05469c496fc94e77611ada2","name":"admin","image":{"@type":"ImageObject","inLanguage":"sq-AL","@id":"https:\/\/fjala.info\/2009-2015\/wp-content\/uploads\/2012\/02\/arben_cokaj-120x150.jpg","url":"https:\/\/fjala.info\/2009-2015\/wp-content\/uploads\/2012\/02\/arben_cokaj-120x150.jpg","contentUrl":"https:\/\/fjala.info\/2009-2015\/wp-content\/uploads\/2012\/02\/arben_cokaj-120x150.jpg","caption":"admin"},"description":"Admin, Fjala e Lir\u00eb","sameAs":["https:\/\/fjala.info\/"],"url":"https:\/\/fjala.info\/2009-2015\/author\/admin\/"}]}},"_links":{"self":[{"href":"https:\/\/fjala.info\/2009-2015\/wp-json\/wp\/v2\/posts\/4283","targetHints":{"allow":["GET"]}}],"collection":[{"href":"https:\/\/fjala.info\/2009-2015\/wp-json\/wp\/v2\/posts"}],"about":[{"href":"https:\/\/fjala.info\/2009-2015\/wp-json\/wp\/v2\/types\/post"}],"author":[{"embeddable":true,"href":"https:\/\/fjala.info\/2009-2015\/wp-json\/wp\/v2\/users\/1"}],"replies":[{"embeddable":true,"href":"https:\/\/fjala.info\/2009-2015\/wp-json\/wp\/v2\/comments?post=4283"}],"version-history":[{"count":0,"href":"https:\/\/fjala.info\/2009-2015\/wp-json\/wp\/v2\/posts\/4283\/revisions"}],"wp:attachment":[{"href":"https:\/\/fjala.info\/2009-2015\/wp-json\/wp\/v2\/media?parent=4283"}],"wp:term":[{"taxonomy":"category","embeddable":true,"href":"https:\/\/fjala.info\/2009-2015\/wp-json\/wp\/v2\/categories?post=4283"},{"taxonomy":"post_tag","embeddable":true,"href":"https:\/\/fjala.info\/2009-2015\/wp-json\/wp\/v2\/tags?post=4283"}],"curies":[{"name":"wp","href":"https:\/\/api.w.org\/{rel}","templated":true}]}}