{"id":4281,"date":"2012-08-09T08:16:11","date_gmt":"2012-08-09T07:16:11","guid":{"rendered":"http:\/\/www.fjala.info\/?p=4281"},"modified":"2012-08-09T08:16:11","modified_gmt":"2012-08-09T07:16:11","slug":"grate-qe-urrejne-grate","status":"publish","type":"post","link":"https:\/\/fjala.info\/2009-2015\/grate-qe-urrejne-grate\/","title":{"rendered":"Grat\u00eb q\u00eb urrejn\u00eb grat\u00eb"},"content":{"rendered":"<p><img decoding=\"async\" class=\"alignleft size-thumbnail wp-image-7236\" title=\"Mesila sherr me Majlind\u00ebn\" src=\"http:\/\/www.fjala.info\/2012\/mesila_sherr_me_majlinden.jpg\" alt=\"\" width=\"300\" \/> <strong><em>Nuk din\u00eb t\u00eb b\u00ebjn\u00eb lobing, pengojn\u00eb nj\u00ebra-tjetr\u00ebn dhe zihen. Nga k\u00ebng\u00ebtaret tek politikanet, l\u00ebvizja feministe duket se e ka humbur kuptimin. M\u00eb shum\u00eb se bashk\u00ebpunim dhe luft\u00eb p\u00ebr t\u00eb v\u00ebn\u00eb drejt\u00ebsin\u00eb n\u00eb vend, bota fem\u00ebrore ofron rivalitet dhe armiq\u00ebsi t\u00eb heshtur, nj\u00ebsoj si tek burrat<\/em><\/strong><\/p>\n<p>Nga <strong>Alba Demiri<\/strong>, <em>Revista KLAN<\/em>, <em>8 Gusht 2012<\/em><\/p>\n<p>Me shum\u00eb gjas\u00eb edhe n\u00eb vitin elektoral q\u00eb troket n\u00eb Shqip\u00ebri pas pak muajsh do t\u00eb d\u00ebgjohet refreni i shum\u00ebp\u00ebrs\u00ebritur: Grat\u00eb n\u00eb vendimmarrje. Do t\u00eb diskutohen ligjet, listat elektorale, zotimet dhe p\u00ebrbetimet mashkullore se n\u00eb fakt nuk kan\u00eb asgj\u00eb kund\u00ebr grave n\u00eb karrier\u00eb dhe sigurisht do t\u00eb dalin dhe t\u00eb flasin edhe ato q\u00eb i kan\u00eb hyr\u00eb k\u00ebsaj rruge duke marr\u00eb shembuj politik\u00ebn, artin, kineman\u00eb, teatrin, k\u00ebng\u00ebn. Do t\u00eb thuhet p\u00ebr t\u00eb disat\u00ebn her\u00eb se praktikisht meshkujt nuk hapin edhe aq kollaj rrug\u00eb, por grat\u00eb s\u00ebrish do ta provojn\u00eb. Fundja kjo \u00ebsht\u00eb koha e duhur dhe imazhi i femrave p\u00ebrkrah nj\u00ebra tjetr\u00ebs, nga ato q\u00eb duhen si t\u00eb ishin motra, \u00ebsht\u00eb p\u00ebrkufizuar edhe si ndjenja q\u00eb mund t\u00eb shp\u00ebtoj\u00eb bot\u00ebn nga p\u00ebrhapja e \u00e7mendur e t\u00eb papun\u00ebve dhe sidomos nga apatia politike. Jo shum\u00eb jav\u00eb t\u00eb shkuara e famshmja \u201cNew York Times\u201d e ngriti n\u00eb qiell \u201cmot\u00ebrzimin\u201d duke e quajtur nj\u00eb tjet\u00ebr \u201cpranver\u00eb arabe\u201d, por e shpirtit k\u00ebsaj here. Feminilitet. Duartrokitje\u2026 Koh\u00eb t\u00eb paq\u00ebta moderne pra, me gruan n\u00eb krye.<\/p>\n<p>Ve\u00e7se lajmet q\u00eb vijn\u00eb koh\u00eb pas kohe transmetojn\u00eb nj\u00eb atmosfer\u00eb aspak roz\u00eb n\u00eb k\u00ebt\u00eb fush\u00eb. Grat\u00eb, ndoshta po mundohen t\u00eb b\u00ebjn\u00eb p\u00ebrpara, por me nj\u00ebra tjetr\u00ebn vet\u00ebm si motra q\u00eb nuk jan\u00eb. Meq\u00eb \u00ebsht\u00eb i fresk\u00ebt, kushdo mund t\u00eb ket\u00eb d\u00ebgjuar p\u00ebr rivalitetin e shpallur dhe \u201cgaf\u00ebn e par\u00eb franceze\u201d, menj\u00ebher\u00eb pas betimit t\u00eb Fransua Holand n\u00eb krye t\u00eb Franc\u00ebs. Ish bashk\u00ebshortja dhe gruaja me t\u00eb cil\u00ebn ndan jet\u00ebn u soll\u00ebn si dy fqinje q\u00eb nuk shihen dot me sy, shum\u00eb xheloze, hapur, nj\u00ebra me tjetr\u00ebn.<\/p>\n<p>Nd\u00ebrsa, sa p\u00ebr ta shqiptarizuar, jo m\u00eb larg se fushata e kaluar elektorale shqiptare, pik\u00ebrisht kur diskutohej i famshmi 30 p\u00ebrqind-\u00ebsh i pjes\u00ebmarrjes fem\u00ebrore n\u00eb vendimmarrje, nj\u00eb mbr\u00ebmje grarore n\u00eb \u201cOpinionin\u201d e Fevziut nuk b\u00ebri tjet\u00ebr ve\u00e7se v\u00ebrtetoi at\u00eb q\u00eb dihet: grat\u00eb nuk \u00ebsht\u00eb se jan\u00eb edhe aq t\u00eb dashura, si t\u00eb ishin motra, nj\u00ebra me tjetr\u00ebn. Emisioni degjeneroi n\u00eb nj\u00eb kakofoni z\u00ebrash grric\u00ebs aq sa t\u00eb krijohej bindja se pas sigl\u00ebs mbyll\u00ebse, t\u00eb ftuarat do t\u00eb ziheshin p\u00ebr flok\u00ebsh, nd\u00ebrkoh\u00eb q\u00eb, me t\u00eb drejt\u00eb, drejtuesi i tij e tha n\u00eb fjal\u00ebn e fundit: imagjinoni sikur 30 p\u00ebr qind e parlamentit do t\u00eb ishin gra! Dhe nuk merr fund me kaq.<\/p>\n<p>Ajo q\u00eb ndodhi n\u00eb \u201cOpinion\u201d, di\u00e7ka rreth tre vjet m\u00eb par\u00eb, nuk ishte vet\u00ebm nj\u00eb p\u00ebrballje e ndezur mendimesh pro dhe kund\u00ebr, televizive. N\u00eb t\u00eb v\u00ebrtet\u00eb, si\u00e7 ndodh kudo tjet\u00ebr n\u00eb bot\u00ebn e zhvilluar, p\u00ebrtej imazhit t\u00eb but\u00eb fem\u00ebror, veshur me kostume elegante, bizhu t\u00eb \u00e7muara dhe parfume ndjell\u00ebs, fshihet mungesa e aft\u00ebsis\u00eb p\u00ebr t\u00eb punuar n\u00eb grup, mungesa e stim\u00ebs p\u00ebr veten \u2013 si\u00e7 thon\u00eb disa \u2013 dhe morali i l\u00ebvizjeve feministe p\u00ebrfundon i shkelur nga takat e larta, t\u00eb veshura, mbi t\u00eb gjitha, p\u00ebr t\u00eb r\u00ebn\u00eb n\u00eb sy.<\/p>\n<p>Fjala vjen, pavar\u00ebsisht se nga jasht\u00eb gjith\u00e7ka duket n\u00eb rregull, brenda politik\u00ebs ton\u00eb v\u00ebshtir\u00eb t\u2019i b\u00ebsh bashk\u00eb, si dy shoqe t\u00eb mira, dy femra q\u00eb aspirojn\u00eb karrier\u00ebn politike dhe q\u00eb jan\u00eb aktualisht n\u00eb parlament apo karriget e larta t\u00eb qeveris\u00eb.<\/p>\n<p>Me apo pa fakte, t\u00eb zeza mbi t\u00eb bardh\u00eb, si\u00e7 ishte rasti i zonj\u00ebs s\u00eb par\u00eb franceze Valeri Triervailer me ish bashk\u00ebshorten e Holand, Segolen Ruajal, k\u00ebtu tek ne dihet dhe thuhet n\u00ebn z\u00eb, p\u00ebr shembull, q\u00eb kryetarja e Kuvendit Jozefina Topalli nuk e honeps edhe aq ministren e Integrimit, Majlinda Bregu ashtu si\u00e7 edhe kjo e fundit nuk e ka pritur me fort entuziaz\u00ebm em\u00ebrimin e z\u00ebvend\u00ebses s\u00eb saj, Grida Duma. Topalli dhe Bregu i kan\u00eb inatet e hershme dhe me aq sa komentohet pas \u00e7do shkalle q\u00eb kan\u00eb ngjitur n\u00eb karrier\u00eb, dy grat\u00eb i p\u00ebrkasin grupeve t\u00eb ndryshme brenda PD-s\u00eb, pra jan\u00eb t\u00eb shpallura rivale, sado q\u00eb n\u00eb heshtje, dhe si t\u00eb tilla nuk komunikojn\u00eb nj\u00ebra me tjetr\u00ebn. Luftojn\u00eb p\u00ebr karrier\u00eb secila n\u00eb hesapin e vet dhe n\u00ebse u jepet rasti nuk e mendojn\u00eb dy her\u00eb t\u2019i v\u00ebn\u00eb shkopinj n\u00ebn rrota nj\u00ebra-tjetr\u00ebs.<\/p>\n<p>Nd\u00ebrsa Duma si e re n\u00eb qeveri u pa si \u00e7udi edhe nga vet\u00eb eprorja Bregu. Nj\u00eb fem\u00ebr e bukur e katapultuar pa pritur e kujtuar n\u00eb postet m\u00eb t\u00eb larta t\u00eb ministris\u00eb q\u00eb punon vet\u00ebm p\u00ebr integrimin n\u00eb BE, mund t\u00eb ishte pse jo edhe nj\u00eb rrezik i fort\u00eb konkurrence, pra nuk u prit me entuziaz\u00ebm e as me buqeta lulesh, pse shefja e madhe ishte fem\u00ebr si ajo, kur shkeli zyr\u00ebn dit\u00ebn e par\u00eb. Dy grat\u00eb e Ministris\u00eb s\u00eb Integrimit, dit\u00ebt e para pas em\u00ebrimit t\u00eb Dum\u00ebs si zv.ministre, e shpreh\u00ebn pa dashje mosp\u00eblqimin edhe n\u00eb shfaqjet e para n\u00eb publik, n\u00eb mbledhje rutine pune ku ishte i duksh\u00ebm moskomunikimi e mbase edhe nj\u00eb lloj armiq\u00ebsie e heshtur.<\/p>\n<p>N\u00eb kahun e kund\u00ebrt dihet gjithashtu se Luiza Xhuvani nuk i qas p\u00ebr fare dy koleget e saj n\u00eb politik\u00eb, q\u00eb gjithashtu vijn\u00eb nga bota e artit, Rajmonda Bulku dhe Yllka Mujo. Por inati mes tyre \u00ebsht\u00eb shum\u00eb m\u00eb i hersh\u00ebm sesa dita kur pranuan t\u00eb ngrinin flamurin e forcave respektive politike. T\u00eb treja jan\u00eb munduar t\u2019i prishin pun\u00eb nj\u00ebra tjetr\u00ebs, me aq sa kan\u00eb mundur, qysh n\u00eb koh\u00ebt e hershme t\u00eb rinis\u00eb, kur ishin yje n\u00eb ngjitje n\u00eb teatrin dhe kineman\u00eb shqiptare. Luiza, bashk\u00ebshorte e nj\u00eb regjisori me em\u00ebr, kishte p\u00ebrball\u00eb Rajmond\u00ebn, e njohur nd\u00ebrkaq si aktore, fem\u00ebr e bukur dhe e talentuar.<\/p>\n<p>Kjo e fundit pa gjithmon\u00eb si rivale t\u00eb p\u00ebrjetshme, p\u00ebrve\u00e7 Luiz\u00ebs, edhe Yllk\u00ebn, e cila, me aq sa thon\u00eb koleg\u00eb t\u00eb tyre, ka humbur jo pak role prej k\u00ebsaj konkurence t\u00eb zhvilluar n\u00eb heshtje prej vitesh. Pastaj erdhi politika, nj\u00eb arsye m\u00eb shum\u00eb p\u00ebr ta kthyer kok\u00ebn n\u00eb an\u00ebn tjet\u00ebr n\u00ebse grat\u00eb ndesheshin n\u00eb rrug\u00eb. Tani debati se cila ishte m\u00eb e zonja ka marr\u00eb nj\u00eb drejtim t\u00eb ri. Nj\u00ebra krenohet se i ka hyr\u00eb shum\u00eb vite m\u00eb par\u00eb politik\u00ebs se koleget e veta dhe tjetra se p\u00ebrkushtimi, por edhe shanset p\u00ebr t\u00eb b\u00ebr\u00eb p\u00ebrpara i ka m\u00eb t\u00eb m\u00ebdha. Kudoqofshin, n\u00eb sken\u00ebn e nj\u00eb teatri, sheshxhirimin e nj\u00eb filmi, apo n\u00eb sall\u00eb parlamenti, ato thjesht\u00eb nuk b\u00ebhen nj\u00ebra me tjetr\u00ebn.<\/p>\n<p>N\u00ebse politika \u00ebsht\u00eb b\u00ebr\u00eb m\u00eb \u201ce eg\u00ebr\u201d p\u00ebr faj t\u00eb burrave dhe iluzioni se grat\u00eb mund ta zbusin at\u00eb na ka g\u00ebnjyer nj\u00eb cop\u00eb her\u00eb t\u00eb mir\u00eb, edhe \u201cqeveria hije\u201d, pra Partia Socialiste, nuk \u00ebsht\u00eb pa shembuj t\u00eb till\u00eb \u201cmir\u00ebkuptimi\u201d. Mb\u00ebrritja e papritur e Megi Ajtyres\u00ebs tek forumi rinor i partis\u00eb, e po ashtu largimi i heshtur i saj, hyrja an\u00ebsore e Ajola Xox\u00ebs apo m\u00eb pas trokitja e fort\u00eb e Elisa Spiropalit n\u00eb krye t\u00eb FRESSH-it, t\u00eb gjitha k\u00ebto po l\u00ebn\u00eb shenja n\u00eb mjedisin fem\u00ebror socialist. Pa harruar f\u00ebrkimet e thashethemuara mes Arta Dades e Ermonela Felajt, pra garda e vjet\u00ebr dhe ajo e re n\u00eb parti, apo t\u00ebrheqjen e koh\u00ebve t\u00eb fundit t\u00eb Olta Xha\u00e7k\u00ebs\u2026 Aleancat dhe armiq\u00ebsit\u00eb mes grave, nuk u l\u00ebn\u00eb asgj\u00eb mang\u00ebt atyre t\u00eb burrave.<\/p>\n<p>Por, p\u00ebrse grat\u00eb at\u00ebher\u00eb lodhen duke b\u00ebr\u00eb lobing, marrin n\u00eb patronazh dhe betohen se do t\u00eb ndihmojn\u00eb nj\u00ebra-tjetr\u00ebn n\u00eb betejen p\u00ebr pushtet, p\u00ebrball\u00eb meshkujve? Ka teori q\u00eb thon\u00eb se femrat nuk i njohin si\u00e7 duhet mekanizmat e pushtetit, disa t\u00eb tjera se grat\u00eb jan\u00eb edukuar prej shekujsh t\u00eb jen\u00eb t\u00eb \u00ebmbla, t\u00eb sjellshme dhe n\u00eb plan t\u00eb dyt\u00eb, shum\u00eb larg sallave ku merren vendime t\u00eb m\u00ebdha ose b\u00ebhen pun\u00eb t\u00eb m\u00ebdha. Dhe sidomos shpjegohet m\u00eb at\u00eb pun\u00ebn e munges\u00ebs s\u00eb p\u00ebrvoj\u00ebs p\u00ebr t\u00eb luajtur n\u00eb skuad\u00ebr: qysh n\u00eb vegj\u00ebli, nd\u00ebrsa djemt\u00eb luanin futboll, femrat merreshin me kukullat, vet\u00ebm.<\/p>\n<p>Hirushja urrehej nga motrat e saj, sepse ishin pothuaj n\u00eb t\u00eb nj\u00ebjt\u00ebn mosh\u00eb dhe n\u00eb aj\u00ebr vinte aroma martes\u00eb. Rezarta Shkurta, pasi u rrah me Rozana Radin, aq sa desh i nxorri syrin, doli e tha se fajin e kishte kjo e fundit: gjithmon\u00eb i kishte gjuajtur t\u00eb fejuarin. Kjo pun\u00eb doli sheshit pas mosmarr\u00ebveshjesh t\u00eb nisura n\u00eb nj\u00eb reality show n\u00eb Kosov\u00eb dhe t\u00eb importuara n\u00eb Tiran\u00eb, n\u00eb fund t\u00eb t\u00eb cilave u poll nj\u00eb p\u00ebrleshje fizike, n\u00eb t\u00eb cil\u00ebn merrte pjes\u00eb edhe i fejuari i Rezart\u00ebs, ai pra q\u00eb k\u00ebng\u00ebtarja pretendonte se Rozi donte t\u2019ia merrte. T\u00eb dyja pal\u00ebt b\u00ebn\u00eb denoncim n\u00eb polici dhe aktualisht \u00e7\u00ebshtja \u00ebsht\u00eb n\u00eb gjyq. Ka p\u00ebrfunduar n\u00eb Gjykat\u00ebn e Faktit dhe priten zhvillimet n\u00eb Apel.<\/p>\n<p>P\u00ebr nj\u00eb mashkull thon\u00eb se ka lindur edhe armiq\u00ebsia e betuar mes Altuna Sejdiut dhe Adelina Tahirit. Shkak q\u00eb dy k\u00ebng\u00ebtaret nga Maqedonia nuk flasin \u00ebsht\u00eb aktori Blerim Destani. Ky i fundit, fort i lakmuar nga vajzat e ekranit, u shfaq n\u00eb nj\u00eb dit\u00eblindje p\u00ebrkrah Tun\u00ebs. Mediat hamend\u00ebsuan p\u00ebr lidhje dhe pas k\u00ebsaj n\u00eb sulm u hodh Adelina, e cila gjithashtu p\u00ebrflitet p\u00ebr nj\u00eb histori dashurie me Destanin. Nj\u00eb mashkull, me aq sa thon\u00eb, \u00ebsht\u00eb sebepi edhe p\u00ebr nj\u00eb tjet\u00ebr armiq\u00ebsie sa i takon k\u00ebng\u00ebtareve: Fjolla Morina dhe Drenusha Latifi.<\/p>\n<p>Dhe meq\u00eb n\u00eb k\u00ebt\u00eb fush\u00eb armiq\u00ebsit\u00eb fem\u00ebrore nuk jan\u00eb aq t\u00eb kamufluara sa n\u00eb politik\u00eb, mjafton t\u2019ju kujtojm\u00eb nj\u00eb sherr, q\u00eb megjith\u00ebse \u00ebsht\u00eb i hersh\u00ebm n\u00eb koh\u00eb, p\u00ebrmendet sot e gjith\u00eb dit\u00ebn: ai mes Adelina Ismajlit dhe Leonora Jakupit. Dy vajzat, kur ishin n\u00eb kulmet e veta, u zun\u00eb p\u00ebr flok\u00ebsh n\u00eb paskuintat e nj\u00eb skene dhe lajmi mori dhen\u00eb. Mor\u00ebn nj\u00eb doz\u00eb t\u00eb mir\u00eb publiciteti, ama shoq\u00ebria, n\u00ebse ka pasur ndonj\u00ebher\u00eb t\u00eb till\u00eb mes tyre, mori fund p\u00ebrgjithmon\u00eb. Edhe sot, n\u00eb \u00e7do intervist\u00eb secila syresh e p\u00ebrmend p\u00ebrplasjen fizike, sigurisht duke ia hedhur fajin sho-shoqes.<\/p>\n<p>N\u00eb vitin 1968 feminizmi e b\u00ebri mot\u00ebrzimin slogan, duke teorizuar se individualitete t\u00eb ndrysh\u00ebm mund t\u00eb bashk\u00ebjetonin p\u00ebr bukuri n\u00ebse b\u00ebhej fjal\u00eb p\u00ebr nj\u00eb q\u00ebllim t\u00eb p\u00ebrbashk\u00ebt: ruajtjen e dinjitetit fem\u00ebror, mbrojtjen e nderit, fitimi i t\u00eb drejtave t\u00eb barabarta me meshkujt etj. L\u00ebvizjet merituan duartrokitje me shumic\u00eb. Mir\u00ebpo k\u00ebto koh\u00eb l\u00ebvizja i ka ndryshuar konceptet deri n\u00eb kufijt\u00eb m\u00eb t\u00eb paimagjinuesh\u00ebm, aq sa po jepen shembujt m\u00eb t\u00eb k\u00ebqinj t\u00eb mundsh\u00ebm. Thuhet se brenda llojit po konsumohet nj\u00eb luft\u00eb e ashp\u00ebr dhe grat\u00eb po b\u00ebjn\u00eb at\u00eb q\u00eb din\u00eb t\u00eb b\u00ebjn\u00eb m\u00eb mir\u00eb: rr\u00ebzojn\u00eb nj\u00ebra tjetr\u00ebn. K\u00ebt\u00eb sezon televiziv ka shum\u00eb mund\u00ebsi q\u00eb Albana Osmani t\u00eb mos marr\u00eb asnj\u00eb emision, qoft\u00eb edhe ndonj\u00eb nga ata rinor\u00eb, n\u00eb t\u00eb cil\u00ebt prezantohet vet\u00ebm muzik\u00eb dhe thashetheme p\u00ebr personazhet e njohur.<\/p>\n<p>Ka nj\u00eb rivale t\u00eb fort\u00eb brenda Top Channel: prezantuesen m\u00eb t\u00eb mir\u00eb t\u00eb momentit n\u00eb k\u00ebt\u00eb televizion q\u00eb rast\u00ebsisht ka nj\u00eb em\u00ebr shum\u00eb t\u00eb ngjash\u00ebm dhe mbiem\u00ebr t\u00eb nj\u00ebjt\u00eb me t\u00eb, Arbana Osmani. Vajzat nuk \u00ebsht\u00eb se jan\u00eb z\u00ebn\u00eb ndonj\u00ebher\u00eb nga flok\u00ebt, si\u00e7 b\u00ebjn\u00eb k\u00ebng\u00ebtaret, por ama n\u00ebp\u00ebr rrethet e tyre shoq\u00ebrore nuk ia p\u00ebrtojn\u00eb t\u2019i hedhin thumba nj\u00ebra-tjetr\u00ebs. Albana \u00ebsht\u00eb e gjat\u00eb, trup modeleje, vishet bukur. Arbana ama \u00ebsht\u00eb e zonja n\u00eb prezantim, nuk i rr\u00ebshqet kurr\u00eb situata nga dora me ndonj\u00eb fjal\u00eb pa kuptim n\u00eb shqip dhe mbi t\u00eb gjitha mban nj\u00eb vend nderi n\u00eb list\u00ebn e prezantueseve. E kan\u00eb z\u00ebn\u00eb me inat dhe si t\u00eb tilla nuk humbasin asnj\u00eb rast po t\u00eb jet\u00eb fjala p\u00ebr t\u00eb prishur pun\u00eb.<\/p>\n<p>Nga ana tjet\u00ebr edhe Xhemi Shehu nuk \u00ebsht\u00eb se shkrihet nga k\u00ebnaq\u00ebsia kur p\u00ebrballet me Eneda Tarif\u00ebn n\u00eb ambjentet e Top Channel dhe jasht\u00eb tij. Ajo aty \u00ebsht\u00eb prezantuese prej vitesh, \u00ebsht\u00eb vajz\u00eb e bukur dhe ka investuar n\u00eb fush\u00ebn e prezantimit, por pas ikjes s\u00eb Amarda Tosk\u00ebs vendin e saj n\u00eb varieten\u00eb \u201cPortokalli\u201d e zuri Eneda. Erdhi nga jasht\u00eb, nuk kishte lidhje fare me prezantimin, por funksionoi, nuk b\u00ebhet fjal\u00eb ta l\u00ebr\u00eb at\u00eb spektak\u00ebl, p\u00ebr momentin t\u00eb pakt\u00ebn. Pra zuri nj\u00eb vend q\u00eb e synonte Xhemi, rrjedhimisht \u00ebsht\u00eb nj\u00eb rivale e saj, me t\u00eb cil\u00ebn v\u00ebshtir\u00eb t\u00eb flitet p\u00ebr shoq\u00ebri e aq m\u00eb pak p\u00ebr di\u00e7ka m\u00eb tep\u00ebr si\u00e7 mund t\u00eb jet\u00eb miq\u00ebsia.<\/p>\n<p>Pa nj\u00eb arsye q\u00eb t\u00eb thuhet me z\u00eb t\u00eb lart\u00eb, edhe miq\u00ebsia e ngusht\u00eb dikur, e Jonida Maliqit me stilisten Enada Atnikolla \u00ebsht\u00eb venitur aq shum\u00eb sa dy grat\u00eb e njohura p\u00ebr disa koh\u00eb as e p\u00ebrsh\u00ebndesnin nj\u00ebra-tjetr\u00ebn. N\u00ebse dikur miq\u00ebsia e tyre i kap\u00ebrcente kufijt\u00eb personal\u00eb, ishte edhe familjare, tani v\u00ebshtir\u00eb t\u00eb rrin\u00eb pran\u00eb e pran\u00eb n\u00eb t\u00eb nj\u00ebjtin ambient. Me kalimin e koh\u00ebs Jonida dhe Enada jan\u00eb afruar disi, thon\u00eb se t\u00eb pakt\u00ebn p\u00ebrsh\u00ebndeten po t\u00eb gjenden p\u00ebrball\u00eb, por p\u00ebr m\u00eb shum\u00eb nuk b\u00ebhet fjal\u00eb.<\/p>\n<p>Pas vitesh t\u00eb gjata miq\u00ebsi edhe shkrimtarja Diana \u00c7uli nuk ka m\u00eb t\u00eb nj\u00ebjtat raporte t\u00eb af\u00ebrta me familjen Kadare, sidomos me bashk\u00ebshorten e shkrimtarit, Helen\u00ebn. Ende edhe sot mbahet mend miq\u00ebsia e para \u201990-\u00ebs mes tyre, p\u00ebr m\u00eb tep\u00ebr q\u00eb Diana ishte mbes\u00eb e Sofokli Lazrit dhe ky i fundit e ka ndihmuar m\u00eb shum\u00eb se nj\u00eb her\u00eb familjen Kadare. Por pas ndryshimit t\u00eb sistemeve me sa duket ka marr\u00eb fund edhe ajo shoq\u00ebri e ngusht\u00eb e hershme dhe kjo u vu re sidomos pas botimit t\u00eb librit t\u00eb Helena Kadares\u00eb, n\u00eb t\u00eb cilin nuk p\u00ebrmendej n\u00eb asnj\u00eb rrjesht as emri i Sofokliut dhe as lidhjet e tij me ngjarjet e shkuara. E kot\u00eb t\u00eb thuhet se edhe shoq\u00ebria me Dian\u00ebn duket se \u00ebsht\u00eb fshir\u00eb nga kujtesa.<\/p>\n<p>Gjithnj\u00eb n\u00eb kurriz t\u00eb antipative personale, n\u00eb pozicione t\u00eb p\u00ebrhershme luftarake kan\u00eb qen\u00eb edhe prima balerina e Teatrit t\u00eb Operas dhe Baletit, Enada Hoxha, me balerin\u00ebn, dikur po e k\u00ebtij teatri, Anbeta Toromani. Dy vajzat ishin rivale t\u00eb betuara qysh n\u00eb bankat e shkoll\u00ebs dhe pas ikjes s\u00eb Anbet\u00ebs n\u00eb Itali u duk sikur luft\u00ebn e fitoi Enada. Kishte nj\u00eb partner-bashk\u00ebshort n\u00eb krah, gjithashtu balerin i talentuar, u em\u00ebruan t\u00eb dy prima balerin\u00eb, i hap\u00ebn rrug\u00eb vetes t\u00eb merren edhe me koreografi, pra misioni dukej i p\u00ebrfunduar. Por Anbeta nga ana tjet\u00ebr e ngriti karrier\u00ebn edhe aty ku shkoi, mori pjes\u00eb n\u00eb spektaklin \u201cAmici\u201d dhe sot g\u00ebzon nj\u00eb doz\u00eb t\u00eb mir\u00eb publiciteti n\u00eb Itali. Ka disa telashe personale pas ndarjes nga modeli Oni Pustina, por kjo nuk ka shum\u00eb lidhje me profesionin. Gjithsesi kjo nuk do t\u00eb thot\u00eb se rivalja e saj e dikurshme \u00ebsht\u00eb pik\u00eblluar kur ka d\u00ebgjuar p\u00ebr at\u00eb \u00e7\u00ebshtjen gjyq\u00ebsore q\u00eb Anbeta ka m\u00eb Onin dhe shum\u00ebn e parave q\u00eb balerina pretendon se i ka vjedhur ish i fejuari. P\u00ebrkundrazi.<\/p>\n<p>S\u00eb fundmi po qarkullon edhe lajmi tjet\u00ebr se dy rivale t\u00eb reja jan\u00eb shfaqur n\u00eb horizont: Elvana Gjata dhe Dafina Zeqiri po hahen kok\u00eb m\u00eb kok\u00eb p\u00ebr ekskluzivitet n\u00eb tregun muzikor dhe sidomos p\u00ebr koncerte, ftesat p\u00ebr t\u00eb cil\u00ebt nuk i pranojn\u00eb n\u00ebse nuk b\u00ebhet fjal\u00eb p\u00ebr pagesa 2500 euro e lart. Meq\u00eb Elvana \u00ebsht\u00eb shum\u00eb e preferuar n\u00eb Kosov\u00eb, Dafina i ka hedhur syt\u00eb k\u00ebtej kufirit, duke e dh\u00ebn\u00eb ekskluzivitetin e klipeve t\u00eb veta vet\u00ebm n\u00eb Tiran\u00eb. Pas prishjes s\u00eb miq\u00ebsis\u00eb s\u00eb Dafin\u00ebs me \u201cBaba Stars\u201d, thuhet se dy vajzat nuk takohen m\u00eb, sepse edhe sikur t\u00eb gjenden p\u00ebrball\u00eb nj\u00ebra tjetr\u00ebs rast\u00ebsisht rrezikojn\u00eb t\u00eb p\u00ebrfundojn\u00eb n\u00eb sherr.<\/p>\n<p>Kjo \u00ebsht\u00eb pasqyruar edhe tek fans\u00ebt, t\u00eb cil\u00ebt n\u00eb koncerte t\u00eb ndryshme n\u00eb Kosov\u00eb apo Shqip\u00ebri shfaqen me pankarta apo thirrje fyese kund\u00ebr kund\u00ebrshtares s\u00eb k\u00ebng\u00ebtares s\u00eb preferuar. Rivaliteti tani \u00ebsht\u00eb p\u00ebrqendruar tek koncertet meq\u00eb secila mundohet t\u00eb ket\u00eb m\u00eb shum\u00eb se kolegia e vet. Duhet th\u00ebn\u00eb edhe se Dafina nuk shquhet p\u00ebr k\u00ebng\u00ebtare q\u00eb di t\u00eb ruaj\u00eb lidhjet apo miq\u00ebsit\u00eb me koleg\u00ebt e saj. Num\u00ebrohen shum\u00eb syresh me t\u00eb cil\u00ebt ka prer\u00eb \u00e7do komunikim pas sherresh dhe inatesh t\u00eb momentit. Ve\u00e7se duhet shtuar edhe se k\u00ebto t\u00eb fundit e kan\u00eb ndihmuar m\u00eb shum\u00eb se k\u00ebnga q\u00eb t\u00eb b\u00ebhet nj\u00eb personazh i njohur dhe i p\u00ebrfolur kudo.<\/p>\n<p>Ja pra q\u00eb nuk b\u00ebhet fjal\u00eb as p\u00ebr l\u00ebvizje feministe e as p\u00ebr mot\u00ebrzimin si slogan. Koh\u00ebt moderne i kan\u00eb dh\u00ebn\u00eb p\u00ebrmasa t\u00eb tjera asaj q\u00eb nisi n\u00eb vitin 1968 dhe parashikimi optimist i \u201cNew York Times\u201d v\u00ebshtir\u00eb t\u00eb dal\u00eb dhe pranvera t\u00eb shfaqet n\u00eb horizont.<\/p>\n","protected":false},"excerpt":{"rendered":"<p>Nuk din\u00eb t\u00eb b\u00ebjn\u00eb lobing, pengojn\u00eb nj\u00ebra-tjetr\u00ebn dhe zihen. Nga k\u00ebng\u00ebtaret tek politikanet, l\u00ebvizja feministe duket se e ka humbur kuptimin. M\u00eb shum\u00eb se bashk\u00ebpunim dhe luft\u00eb p\u00ebr t\u00eb v\u00ebn\u00eb drejt\u00ebsin\u00eb n\u00eb vend, bota fem\u00ebrore ofron rivalitet dhe armiq\u00ebsi t\u00eb heshtur, nj\u00ebsoj si tek burrat Nga Alba Demiri, Revista KLAN, 8 Gusht 2012 Me shum\u00eb [&hellip;]<\/p>\n","protected":false},"author":1,"featured_media":0,"comment_status":"open","ping_status":"closed","sticky":false,"template":"","format":"standard","meta":{"footnotes":""},"categories":[2],"tags":[],"class_list":{"0":"post-4281","1":"post","2":"type-post","3":"status-publish","4":"format-standard","6":"category-artikuj"},"yoast_head":"<!-- This site is optimized with the Yoast SEO plugin v27.4 - https:\/\/yoast.com\/product\/yoast-seo-wordpress\/ -->\n<title>Grat\u00eb q\u00eb urrejn\u00eb grat\u00eb - FjALA e LIR\u00cb - Arkivi<\/title>\n<meta name=\"robots\" content=\"index, follow, max-snippet:-1, max-image-preview:large, max-video-preview:-1\" \/>\n<link rel=\"canonical\" href=\"https:\/\/fjala.info\/2009-2015\/grate-qe-urrejne-grate\/\" \/>\n<meta property=\"og:locale\" content=\"sq_AL\" \/>\n<meta property=\"og:type\" content=\"article\" \/>\n<meta property=\"og:title\" content=\"Grat\u00eb q\u00eb urrejn\u00eb grat\u00eb - FjALA e LIR\u00cb - Arkivi\" \/>\n<meta property=\"og:description\" content=\"Nuk din\u00eb t\u00eb b\u00ebjn\u00eb lobing, pengojn\u00eb nj\u00ebra-tjetr\u00ebn dhe zihen. Nga k\u00ebng\u00ebtaret tek politikanet, l\u00ebvizja feministe duket se e ka humbur kuptimin. M\u00eb shum\u00eb se bashk\u00ebpunim dhe luft\u00eb p\u00ebr t\u00eb v\u00ebn\u00eb drejt\u00ebsin\u00eb n\u00eb vend, bota fem\u00ebrore ofron rivalitet dhe armiq\u00ebsi t\u00eb heshtur, nj\u00ebsoj si tek burrat Nga Alba Demiri, Revista KLAN, 8 Gusht 2012 Me shum\u00eb [&hellip;]\" \/>\n<meta property=\"og:url\" content=\"https:\/\/fjala.info\/2009-2015\/grate-qe-urrejne-grate\/\" \/>\n<meta property=\"og:site_name\" content=\"FjALA e LIR\u00cb - Arkivi\" \/>\n<meta property=\"article:published_time\" content=\"2012-08-09T07:16:11+00:00\" \/>\n<meta property=\"og:image\" content=\"http:\/\/www.fjala.info\/2012\/mesila_sherr_me_majlinden.jpg\" \/>\n<meta name=\"author\" content=\"admin\" \/>\n<meta name=\"twitter:card\" content=\"summary_large_image\" \/>\n<meta name=\"twitter:label1\" content=\"Written by\" \/>\n\t<meta name=\"twitter:data1\" content=\"admin\" \/>\n\t<meta name=\"twitter:label2\" content=\"Est. reading time\" \/>\n\t<meta name=\"twitter:data2\" content=\"15 minutes\" \/>\n<script type=\"application\/ld+json\" class=\"yoast-schema-graph\">{\"@context\":\"https:\\\/\\\/schema.org\",\"@graph\":[{\"@type\":\"Article\",\"@id\":\"https:\\\/\\\/fjala.info\\\/2009-2015\\\/grate-qe-urrejne-grate\\\/#article\",\"isPartOf\":{\"@id\":\"https:\\\/\\\/fjala.info\\\/2009-2015\\\/grate-qe-urrejne-grate\\\/\"},\"author\":{\"name\":\"admin\",\"@id\":\"https:\\\/\\\/fjala.info\\\/2009-2015\\\/#\\\/schema\\\/person\\\/3aa1163ef05469c496fc94e77611ada2\"},\"headline\":\"Grat\u00eb q\u00eb urrejn\u00eb grat\u00eb\",\"datePublished\":\"2012-08-09T07:16:11+00:00\",\"mainEntityOfPage\":{\"@id\":\"https:\\\/\\\/fjala.info\\\/2009-2015\\\/grate-qe-urrejne-grate\\\/\"},\"wordCount\":3017,\"commentCount\":0,\"publisher\":{\"@id\":\"https:\\\/\\\/fjala.info\\\/2009-2015\\\/#organization\"},\"image\":{\"@id\":\"https:\\\/\\\/fjala.info\\\/2009-2015\\\/grate-qe-urrejne-grate\\\/#primaryimage\"},\"thumbnailUrl\":\"http:\\\/\\\/www.fjala.info\\\/2012\\\/mesila_sherr_me_majlinden.jpg\",\"articleSection\":[\"Artikuj\"],\"inLanguage\":\"sq-AL\",\"potentialAction\":[{\"@type\":\"CommentAction\",\"name\":\"Comment\",\"target\":[\"https:\\\/\\\/fjala.info\\\/2009-2015\\\/grate-qe-urrejne-grate\\\/#respond\"]}]},{\"@type\":\"WebPage\",\"@id\":\"https:\\\/\\\/fjala.info\\\/2009-2015\\\/grate-qe-urrejne-grate\\\/\",\"url\":\"https:\\\/\\\/fjala.info\\\/2009-2015\\\/grate-qe-urrejne-grate\\\/\",\"name\":\"Grat\u00eb q\u00eb urrejn\u00eb grat\u00eb - FjALA e LIR\u00cb - Arkivi\",\"isPartOf\":{\"@id\":\"https:\\\/\\\/fjala.info\\\/2009-2015\\\/#website\"},\"primaryImageOfPage\":{\"@id\":\"https:\\\/\\\/fjala.info\\\/2009-2015\\\/grate-qe-urrejne-grate\\\/#primaryimage\"},\"image\":{\"@id\":\"https:\\\/\\\/fjala.info\\\/2009-2015\\\/grate-qe-urrejne-grate\\\/#primaryimage\"},\"thumbnailUrl\":\"http:\\\/\\\/www.fjala.info\\\/2012\\\/mesila_sherr_me_majlinden.jpg\",\"datePublished\":\"2012-08-09T07:16:11+00:00\",\"breadcrumb\":{\"@id\":\"https:\\\/\\\/fjala.info\\\/2009-2015\\\/grate-qe-urrejne-grate\\\/#breadcrumb\"},\"inLanguage\":\"sq-AL\",\"potentialAction\":[{\"@type\":\"ReadAction\",\"target\":[\"https:\\\/\\\/fjala.info\\\/2009-2015\\\/grate-qe-urrejne-grate\\\/\"]}]},{\"@type\":\"ImageObject\",\"inLanguage\":\"sq-AL\",\"@id\":\"https:\\\/\\\/fjala.info\\\/2009-2015\\\/grate-qe-urrejne-grate\\\/#primaryimage\",\"url\":\"http:\\\/\\\/www.fjala.info\\\/2012\\\/mesila_sherr_me_majlinden.jpg\",\"contentUrl\":\"http:\\\/\\\/www.fjala.info\\\/2012\\\/mesila_sherr_me_majlinden.jpg\"},{\"@type\":\"BreadcrumbList\",\"@id\":\"https:\\\/\\\/fjala.info\\\/2009-2015\\\/grate-qe-urrejne-grate\\\/#breadcrumb\",\"itemListElement\":[{\"@type\":\"ListItem\",\"position\":1,\"name\":\"Home\",\"item\":\"https:\\\/\\\/fjala.info\\\/2009-2015\\\/\"},{\"@type\":\"ListItem\",\"position\":2,\"name\":\"Grat\u00eb q\u00eb urrejn\u00eb grat\u00eb\"}]},{\"@type\":\"WebSite\",\"@id\":\"https:\\\/\\\/fjala.info\\\/2009-2015\\\/#website\",\"url\":\"https:\\\/\\\/fjala.info\\\/2009-2015\\\/\",\"name\":\"FjALA e LIR\u00cb - Arkivi\",\"description\":\"Arkivi 2009-2015\",\"publisher\":{\"@id\":\"https:\\\/\\\/fjala.info\\\/2009-2015\\\/#organization\"},\"potentialAction\":[{\"@type\":\"SearchAction\",\"target\":{\"@type\":\"EntryPoint\",\"urlTemplate\":\"https:\\\/\\\/fjala.info\\\/2009-2015\\\/?s={search_term_string}\"},\"query-input\":{\"@type\":\"PropertyValueSpecification\",\"valueRequired\":true,\"valueName\":\"search_term_string\"}}],\"inLanguage\":\"sq-AL\"},{\"@type\":\"Organization\",\"@id\":\"https:\\\/\\\/fjala.info\\\/2009-2015\\\/#organization\",\"name\":\"FjALA e LIR\u00cb - Arkivi\",\"url\":\"https:\\\/\\\/fjala.info\\\/2009-2015\\\/\",\"logo\":{\"@type\":\"ImageObject\",\"inLanguage\":\"sq-AL\",\"@id\":\"https:\\\/\\\/fjala.info\\\/2009-2015\\\/#\\\/schema\\\/logo\\\/image\\\/\",\"url\":\"\",\"contentUrl\":\"\",\"caption\":\"FjALA e LIR\u00cb - Arkivi\"},\"image\":{\"@id\":\"https:\\\/\\\/fjala.info\\\/2009-2015\\\/#\\\/schema\\\/logo\\\/image\\\/\"}},{\"@type\":\"Person\",\"@id\":\"https:\\\/\\\/fjala.info\\\/2009-2015\\\/#\\\/schema\\\/person\\\/3aa1163ef05469c496fc94e77611ada2\",\"name\":\"admin\",\"image\":{\"@type\":\"ImageObject\",\"inLanguage\":\"sq-AL\",\"@id\":\"https:\\\/\\\/fjala.info\\\/2009-2015\\\/wp-content\\\/uploads\\\/2012\\\/02\\\/arben_cokaj-120x150.jpg\",\"url\":\"https:\\\/\\\/fjala.info\\\/2009-2015\\\/wp-content\\\/uploads\\\/2012\\\/02\\\/arben_cokaj-120x150.jpg\",\"contentUrl\":\"https:\\\/\\\/fjala.info\\\/2009-2015\\\/wp-content\\\/uploads\\\/2012\\\/02\\\/arben_cokaj-120x150.jpg\",\"caption\":\"admin\"},\"description\":\"Admin, Fjala e Lir\u00eb\",\"sameAs\":[\"https:\\\/\\\/fjala.info\\\/\"],\"url\":\"https:\\\/\\\/fjala.info\\\/2009-2015\\\/author\\\/admin\\\/\"}]}<\/script>\n<!-- \/ Yoast SEO plugin. -->","yoast_head_json":{"title":"Grat\u00eb q\u00eb urrejn\u00eb grat\u00eb - FjALA e LIR\u00cb - Arkivi","robots":{"index":"index","follow":"follow","max-snippet":"max-snippet:-1","max-image-preview":"max-image-preview:large","max-video-preview":"max-video-preview:-1"},"canonical":"https:\/\/fjala.info\/2009-2015\/grate-qe-urrejne-grate\/","og_locale":"sq_AL","og_type":"article","og_title":"Grat\u00eb q\u00eb urrejn\u00eb grat\u00eb - FjALA e LIR\u00cb - Arkivi","og_description":"Nuk din\u00eb t\u00eb b\u00ebjn\u00eb lobing, pengojn\u00eb nj\u00ebra-tjetr\u00ebn dhe zihen. Nga k\u00ebng\u00ebtaret tek politikanet, l\u00ebvizja feministe duket se e ka humbur kuptimin. M\u00eb shum\u00eb se bashk\u00ebpunim dhe luft\u00eb p\u00ebr t\u00eb v\u00ebn\u00eb drejt\u00ebsin\u00eb n\u00eb vend, bota fem\u00ebrore ofron rivalitet dhe armiq\u00ebsi t\u00eb heshtur, nj\u00ebsoj si tek burrat Nga Alba Demiri, Revista KLAN, 8 Gusht 2012 Me shum\u00eb [&hellip;]","og_url":"https:\/\/fjala.info\/2009-2015\/grate-qe-urrejne-grate\/","og_site_name":"FjALA e LIR\u00cb - Arkivi","article_published_time":"2012-08-09T07:16:11+00:00","og_image":[{"url":"http:\/\/www.fjala.info\/2012\/mesila_sherr_me_majlinden.jpg","type":"","width":"","height":""}],"author":"admin","twitter_card":"summary_large_image","twitter_misc":{"Written by":"admin","Est. reading time":"15 minutes"},"schema":{"@context":"https:\/\/schema.org","@graph":[{"@type":"Article","@id":"https:\/\/fjala.info\/2009-2015\/grate-qe-urrejne-grate\/#article","isPartOf":{"@id":"https:\/\/fjala.info\/2009-2015\/grate-qe-urrejne-grate\/"},"author":{"name":"admin","@id":"https:\/\/fjala.info\/2009-2015\/#\/schema\/person\/3aa1163ef05469c496fc94e77611ada2"},"headline":"Grat\u00eb q\u00eb urrejn\u00eb grat\u00eb","datePublished":"2012-08-09T07:16:11+00:00","mainEntityOfPage":{"@id":"https:\/\/fjala.info\/2009-2015\/grate-qe-urrejne-grate\/"},"wordCount":3017,"commentCount":0,"publisher":{"@id":"https:\/\/fjala.info\/2009-2015\/#organization"},"image":{"@id":"https:\/\/fjala.info\/2009-2015\/grate-qe-urrejne-grate\/#primaryimage"},"thumbnailUrl":"http:\/\/www.fjala.info\/2012\/mesila_sherr_me_majlinden.jpg","articleSection":["Artikuj"],"inLanguage":"sq-AL","potentialAction":[{"@type":"CommentAction","name":"Comment","target":["https:\/\/fjala.info\/2009-2015\/grate-qe-urrejne-grate\/#respond"]}]},{"@type":"WebPage","@id":"https:\/\/fjala.info\/2009-2015\/grate-qe-urrejne-grate\/","url":"https:\/\/fjala.info\/2009-2015\/grate-qe-urrejne-grate\/","name":"Grat\u00eb q\u00eb urrejn\u00eb grat\u00eb - FjALA e LIR\u00cb - Arkivi","isPartOf":{"@id":"https:\/\/fjala.info\/2009-2015\/#website"},"primaryImageOfPage":{"@id":"https:\/\/fjala.info\/2009-2015\/grate-qe-urrejne-grate\/#primaryimage"},"image":{"@id":"https:\/\/fjala.info\/2009-2015\/grate-qe-urrejne-grate\/#primaryimage"},"thumbnailUrl":"http:\/\/www.fjala.info\/2012\/mesila_sherr_me_majlinden.jpg","datePublished":"2012-08-09T07:16:11+00:00","breadcrumb":{"@id":"https:\/\/fjala.info\/2009-2015\/grate-qe-urrejne-grate\/#breadcrumb"},"inLanguage":"sq-AL","potentialAction":[{"@type":"ReadAction","target":["https:\/\/fjala.info\/2009-2015\/grate-qe-urrejne-grate\/"]}]},{"@type":"ImageObject","inLanguage":"sq-AL","@id":"https:\/\/fjala.info\/2009-2015\/grate-qe-urrejne-grate\/#primaryimage","url":"http:\/\/www.fjala.info\/2012\/mesila_sherr_me_majlinden.jpg","contentUrl":"http:\/\/www.fjala.info\/2012\/mesila_sherr_me_majlinden.jpg"},{"@type":"BreadcrumbList","@id":"https:\/\/fjala.info\/2009-2015\/grate-qe-urrejne-grate\/#breadcrumb","itemListElement":[{"@type":"ListItem","position":1,"name":"Home","item":"https:\/\/fjala.info\/2009-2015\/"},{"@type":"ListItem","position":2,"name":"Grat\u00eb q\u00eb urrejn\u00eb grat\u00eb"}]},{"@type":"WebSite","@id":"https:\/\/fjala.info\/2009-2015\/#website","url":"https:\/\/fjala.info\/2009-2015\/","name":"FjALA e LIR\u00cb - Arkivi","description":"Arkivi 2009-2015","publisher":{"@id":"https:\/\/fjala.info\/2009-2015\/#organization"},"potentialAction":[{"@type":"SearchAction","target":{"@type":"EntryPoint","urlTemplate":"https:\/\/fjala.info\/2009-2015\/?s={search_term_string}"},"query-input":{"@type":"PropertyValueSpecification","valueRequired":true,"valueName":"search_term_string"}}],"inLanguage":"sq-AL"},{"@type":"Organization","@id":"https:\/\/fjala.info\/2009-2015\/#organization","name":"FjALA e LIR\u00cb - Arkivi","url":"https:\/\/fjala.info\/2009-2015\/","logo":{"@type":"ImageObject","inLanguage":"sq-AL","@id":"https:\/\/fjala.info\/2009-2015\/#\/schema\/logo\/image\/","url":"","contentUrl":"","caption":"FjALA e LIR\u00cb - Arkivi"},"image":{"@id":"https:\/\/fjala.info\/2009-2015\/#\/schema\/logo\/image\/"}},{"@type":"Person","@id":"https:\/\/fjala.info\/2009-2015\/#\/schema\/person\/3aa1163ef05469c496fc94e77611ada2","name":"admin","image":{"@type":"ImageObject","inLanguage":"sq-AL","@id":"https:\/\/fjala.info\/2009-2015\/wp-content\/uploads\/2012\/02\/arben_cokaj-120x150.jpg","url":"https:\/\/fjala.info\/2009-2015\/wp-content\/uploads\/2012\/02\/arben_cokaj-120x150.jpg","contentUrl":"https:\/\/fjala.info\/2009-2015\/wp-content\/uploads\/2012\/02\/arben_cokaj-120x150.jpg","caption":"admin"},"description":"Admin, Fjala e Lir\u00eb","sameAs":["https:\/\/fjala.info\/"],"url":"https:\/\/fjala.info\/2009-2015\/author\/admin\/"}]}},"_links":{"self":[{"href":"https:\/\/fjala.info\/2009-2015\/wp-json\/wp\/v2\/posts\/4281","targetHints":{"allow":["GET"]}}],"collection":[{"href":"https:\/\/fjala.info\/2009-2015\/wp-json\/wp\/v2\/posts"}],"about":[{"href":"https:\/\/fjala.info\/2009-2015\/wp-json\/wp\/v2\/types\/post"}],"author":[{"embeddable":true,"href":"https:\/\/fjala.info\/2009-2015\/wp-json\/wp\/v2\/users\/1"}],"replies":[{"embeddable":true,"href":"https:\/\/fjala.info\/2009-2015\/wp-json\/wp\/v2\/comments?post=4281"}],"version-history":[{"count":0,"href":"https:\/\/fjala.info\/2009-2015\/wp-json\/wp\/v2\/posts\/4281\/revisions"}],"wp:attachment":[{"href":"https:\/\/fjala.info\/2009-2015\/wp-json\/wp\/v2\/media?parent=4281"}],"wp:term":[{"taxonomy":"category","embeddable":true,"href":"https:\/\/fjala.info\/2009-2015\/wp-json\/wp\/v2\/categories?post=4281"},{"taxonomy":"post_tag","embeddable":true,"href":"https:\/\/fjala.info\/2009-2015\/wp-json\/wp\/v2\/tags?post=4281"}],"curies":[{"name":"wp","href":"https:\/\/api.w.org\/{rel}","templated":true}]}}