{"id":4280,"date":"2010-10-12T09:31:07","date_gmt":"2010-10-12T08:31:07","guid":{"rendered":"http:\/\/fjala.shkoder.net\/?p=4280"},"modified":"2010-10-12T09:31:07","modified_gmt":"2010-10-12T08:31:07","slug":"keshillat-per-te-ndalur-renien-e-flokeve","status":"publish","type":"post","link":"https:\/\/fjala.info\/2009-2015\/keshillat-per-te-ndalur-renien-e-flokeve\/","title":{"rendered":"K\u00ebshillat p\u00ebr t\u00eb ndalur r\u00ebnien e flok\u00ebve"},"content":{"rendered":"<p><em><strong>R\u00ebnia e flok\u00ebve prek miliona njer\u00ebz n\u00eb t\u00eb gjith\u00eb bot\u00ebn, por sot \u00ebsht\u00eb nj\u00eb fenomen q\u00eb mund t\u00eb luftohet<\/strong><\/em><\/p>\n<p>Gjene dhe qeliza staminale. Jan\u00eb k\u00ebto fjal\u00ebt magjike p\u00ebr miliona njer\u00ebz, q\u00eb deri m\u00eb sot shkenca nuk ka arritur t\u2019u jap\u00eb asnj\u00eb lloj shpjegimi p\u00ebr r\u00ebnien e flok\u00ebve. Studimet e nisura vite m\u00eb par\u00eb, m\u00eb n\u00eb fund po shkojn\u00eb drejt nj\u00eb p\u00ebrfundimi m\u00eb shum\u00eb se thjesht teorik. Nj\u00eb shembull \u00ebsht\u00eb testi gjenetik, q\u00eb tregon p\u00ebr predispozit\u00ebn ndaj r\u00ebnies s\u00eb flok\u00ebve t\u00eb lidhur me testosteronin, ku m\u00eb e njohura \u00ebsht\u00eb androgjenetika. K\u00ebshtu shpjegon Antonella Tosti, docente dermatologjie n\u00eb Universitetin Shtet\u00ebror t\u00eb Parisit: \u201cTesti \u00ebsht\u00eb i pad\u00ebmsh\u00ebm dhe pa dhimbje, sepse b\u00ebhet me nj\u00eb kampion p\u00ebshtyme dhe analizon variantin e nj\u00eb gjeni, varianti G, i cili tregon nj\u00eb rrezik prej 70 p\u00ebr qind p\u00ebr t\u00eb zhvilluar nj\u00eb alopeci androgjenetike t\u00eb r\u00ebnd\u00eb para mosh\u00ebs 40-vje\u00e7are dhe varianti A, q\u00eb lidhet me nj\u00eb mund\u00ebsi rreth 70 p\u00ebr qind p\u00ebr t\u2019u prekur nga kjo s\u00ebmundje\u201d.<\/p>\n<p>Testi \u00ebsht\u00eb rezultati i par\u00eb konkret i nj\u00eb k\u00ebrkimi, q\u00eb p\u00ebr shum\u00eb vjet \u00ebsht\u00eb p\u00ebrqendruar n\u00eb gjetjen e gjenit p\u00ebrgjegj\u00ebs p\u00ebr r\u00ebnien e flok\u00ebve. Sforcimi ka \u00e7uar n\u00eb kuptimin e disa aspekteve thelb\u00ebsore t\u00eb fenomenit. Vet\u00ebm pak muaj m\u00eb par\u00eb u publikua n\u00eb numrin e ri t\u00eb \u201cNature Genetics\u201d dy studime t\u00eb konsideruara shum\u00eb t\u00eb r\u00ebnd\u00ebsishme. I pari u organizua nga k\u00ebrkuesit e Universitetit t\u00eb Bonit n\u00eb Dyseldorf, duke analizuar ADN-n\u00eb e 300 qeros\u00ebve dhe tregoi se ekzistojn\u00eb dy zona specifike t\u00eb kromozomit 20 t\u00eb lidhur ngusht\u00eb me r\u00ebnien e flokut. K\u00ebrkuesit gjerman\u00eb, m\u00eb 2005-n, kishin shpjeguar nj\u00eb tjet\u00ebr mister, duke treguar se format e trash\u00ebgueshme, p\u00ebrb\u00ebr\u00ebsi m\u00eb i fort\u00eb gjenetik, transmetohen vet\u00ebm nga n\u00ebna. P\u00ebr k\u00ebt\u00eb arsye, kush preket nga r\u00ebnia e flok\u00ebve duhet t\u00eb kujtoj\u00eb at\u00eb t\u00eb gjyshit ose paraardh\u00ebsve t\u00eb larg\u00ebt, gjithmon\u00eb nga rr\u00ebnj\u00ebt e s\u00eb \u00ebm\u00ebs.<\/p>\n<p>N\u00eb studimin e dyt\u00eb, shkenc\u00ebtar\u00ebt e Universitetit \u201cMCGill\u201d t\u00eb Montrealit kan\u00eb analizuar ADN-n\u00eb e m\u00eb shum\u00eb se 1200 burrave dhe kan\u00eb zbuluar se rreziku i r\u00ebnies s\u00eb flok\u00ebve rritet shum\u00eb n\u00ebse jan\u00eb t\u00eb pranishme disa profile gjenetike n\u00eb kromozomin 20. Studimi i b\u00ebr\u00eb nga \u201cGlaxoSmithKline\u201d tregoi se industria po p\u00ebrpiqet t\u00eb zbuloj\u00eb r\u00ebniet e mundshme klinike. \u201cN\u00eb t\u00eb ardhmen, shfryt\u00ebzimi i mir\u00eb i k\u00ebtyre njohurive, si edhe ato mbi gjene t\u00eb tjera t\u00eb treguara n\u00eb vitet e fundit, p\u00ebrgjegj\u00ebse p\u00ebr r\u00ebnien e flok\u00ebve, do t\u00eb na \u00e7oj\u00eb n\u00eb rezultate t\u00eb k\u00ebnaqshme\u201d, thot\u00eb Tosti. M\u00eb e af\u00ebrt duket mund\u00ebsia p\u00ebr shfryt\u00ebzimin e karakteristikave t\u00eb qelizave staminale t\u00eb rr\u00ebnj\u00ebs. Sipas specialist\u00ebve, stresi \u00ebsht\u00eb nj\u00eb nga faktor\u00ebt kryesor\u00eb q\u00eb redukton rezervat staminale t\u00eb pranishme n\u00eb rr\u00ebnj\u00ebt e flokut.<\/p>\n<p><strong>N\u00eb origjin\u00ebn e r\u00ebnies<\/strong><br \/>\nR\u00ebnia e flok\u00ebve mund t\u00eb jet\u00eb e pakthyeshme (si ajo me origjin\u00eb gjenetike apo androgjenetike), ose e p\u00ebrkohshme. Mesatarisht, \u00e7donj\u00ebri prej nesh ka 100-150 mij\u00eb fije floku dhe humb rreth 100 t\u00eb tilla n\u00eb dit\u00eb. Jeta mesatare e nj\u00eb fije floku \u00ebsht\u00eb 3-7 vjet dhe rritet \u00e7do dit\u00eb me 0.3 milimet\u00ebr, nd\u00ebrsa n\u00eb muaj 1 centimet\u00ebr.<\/p>\n<p><strong>Gjenetika<\/strong><br \/>\n\u00cbsht\u00eb shkaku kryesor i humbjes p\u00ebrfundimtare t\u00eb flok\u00ebve, e v\u00ebshtir\u00eb p\u00ebr t\u2019u parashikuar, sepse predispozita gjenetike p\u00ebr r\u00ebnien e flok\u00ebve kalon n\u00eb shum\u00eb breza. P\u00ebr momentin mund t\u00eb b\u00ebhet shum\u00eb pak.<\/p>\n<p><strong>Androgjenika<\/strong><br \/>\n\u00cbsht\u00eb shum\u00eb e p\u00ebrhapur, prek m\u00eb shum\u00eb burrat se grat\u00eb. Ajo varet nga sasia e tep\u00ebrt e testosteronit, q\u00eb duke reaguar me alfa-5 redukton didrotesteronin substanc\u00eb, i cili pengon zhvillimin e rr\u00ebnj\u00ebs dhe provokon atrofizimin.<\/p>\n<p><strong>Gjaku<\/strong><br \/>\nPrania jo e mjaftueshme e gjakut n\u00eb rr\u00ebnj\u00ebn e qimes \u00ebsht\u00eb nj\u00eb nga shkaqet m\u00eb t\u00eb shpeshta t\u00eb r\u00ebnies. Mund t\u00eb verifikohet kur en\u00ebt e gjakut jan\u00eb sklerotike, duke nisur nga mosha 40 vje\u00e7 ose m\u00eb par\u00eb. Shum\u00eb prej tyre q\u00eb vuajn\u00eb nga artroza cervikale e q\u00eb \u00e7on n\u00eb ngushtimin e en\u00ebve t\u00eb gjakut, kan\u00eb nj\u00eb humbje flok\u00ebsh q\u00eb mund t\u00eb pengohet me ila\u00e7e.<\/p>\n<p><strong>Mungesat ushqimore<\/strong><br \/>\nMungesa e hekurit dhe nj\u00eb r\u00ebnie e madhe n\u00eb pesh\u00eb ngadal\u00ebson metabolizmin normal t\u00eb rr\u00ebnj\u00ebs s\u00eb qimes. Marrja e hekurit dhe krip\u00ebrave t\u00eb nevojshme minerale mund ta kthejn\u00eb flokun n\u00eb gjendjen e m\u00ebparshme.<\/p>\n<p><strong>Ndryshimet hormonale<\/strong><br \/>\nMenopauza, lindja dhe shtatz\u00ebnia, me ndryshime hormonale, marrja e kontraceptiv\u00ebve dhe disa patologji t\u00eb tiroides favorizojn\u00eb r\u00ebnien.<\/p>\n<p><strong>Stresi dhe faktor\u00ebt psikosomatik\u00eb<\/strong><br \/>\nStresi aktivizon gjenet q\u00eb favorizojn\u00eb r\u00ebnien e flok\u00ebve. K\u00ebshtu, n\u00ebse vihen re shenja shqet\u00ebsuese mos u prekni nga paniku, por shkoni menj\u00ebher\u00eb te mjeku: ankthi vet\u00ebm mund ta p\u00ebrkeq\u00ebsoj\u00eb situat\u00ebn.<\/p>\n<p><strong>Ila\u00e7et<\/strong><br \/>\nNd\u00ebr shkaqet m\u00eb t\u00eb njohura t\u00eb r\u00ebnies s\u00eb flok\u00ebve \u00ebsht\u00eb kimioterapia. Megjithat\u00eb, edhe ila\u00e7e t\u00eb tjera mund ta dob\u00ebsojn\u00eb flokun: efektet zhduken gradualisht me mbarimin e terapis\u00eb. Edhe vitamina A dhe beta-karoteni me tepri mund t\u2019i dob\u00ebsojn\u00eb flok\u00ebt.<\/p>\n<p><strong>S\u00ebmundje t\u00eb tjera<\/strong><br \/>\nShum\u00eb patologji mund t\u00eb \u00e7ojn\u00eb n\u00eb r\u00ebnien e flok\u00ebve. K\u00ebshtu, infeksionet, mes t\u00eb cilave klamidia ose disa forma t\u00eb tjera tumorale si ai i vezores.<\/p>\n<p><strong>Gjithmon\u00eb n\u00eb form\u00eb<br \/>\n<\/strong>Si mund t\u00eb kemi flok\u00eb t\u00eb sh\u00ebndetsh\u00ebm? Ja se \u00e7far\u00eb k\u00ebshillojn\u00eb mjek\u00ebt<\/p>\n<p><strong>Gjithmon\u00eb t\u00eb past\u00ebr<br \/>\n<\/strong>Flok\u00ebt jan\u00eb shum\u00eb t\u00eb ndjesh\u00ebm ndaj papast\u00ebrtis\u00eb: ata bien m\u00eb shpejt dhe grumbullohen n\u00eb l\u00ebkur\u00eb, duke penguar ajrimin dhe favorizuar er\u00ebrat e k\u00ebqija dhe zbokthin. Lajini sa her\u00eb t\u00eb jet\u00eb e nevojshme. Ajo q\u00eb larja e shpesht\u00eb i d\u00ebmton \u00ebsht\u00eb thjesht nj\u00eb legjend\u00eb.<\/p>\n<p><strong>Si t\u2019i lajm\u00eb<br \/>\n<\/strong>P\u00ebrdorni pak shampo, sepse p\u00ebrb\u00ebr\u00ebsit kimik\u00eb t\u00eb saj e d\u00ebmtojn\u00eb flokun dhe l\u00ebkur\u00ebn e kok\u00ebs. Mos e mbani shum\u00eb flokun me shkum\u00eb.<\/p>\n<p><strong>Tharja<\/strong><br \/>\n\u00cbsht\u00eb mir\u00eb n\u00ebse lihen t\u00eb thahen vet\u00eb dhe jo me thar\u00ebse, q\u00eb favorizon d\u00ebmtimin e tyre.<\/p>\n<p><strong>Te parukeri<\/strong><br \/>\nLlaku dhe xheli nuk jan\u00eb t\u00eb d\u00ebmsh\u00ebm, por favorizojn\u00eb thithjen e papast\u00ebrtis\u00eb, ndaj edhe flok\u00ebt duhen lar\u00eb m\u00eb shpesh. Lyerjet dhe dekolorimet nuk i d\u00ebmtojn\u00eb, por kujdes nga produktet artizanale q\u00eb mund t\u00eb shkaktojn\u00eb alergji.<\/p>\n","protected":false},"excerpt":{"rendered":"<p>R\u00ebnia e flok\u00ebve prek miliona njer\u00ebz n\u00eb t\u00eb gjith\u00eb bot\u00ebn, por sot \u00ebsht\u00eb nj\u00eb fenomen q\u00eb mund t\u00eb luftohet Gjene dhe qeliza staminale. Jan\u00eb k\u00ebto fjal\u00ebt magjike p\u00ebr miliona njer\u00ebz, q\u00eb deri m\u00eb sot shkenca nuk ka arritur t\u2019u jap\u00eb asnj\u00eb lloj shpjegimi p\u00ebr r\u00ebnien e flok\u00ebve. Studimet e nisura vite m\u00eb par\u00eb, m\u00eb n\u00eb [&hellip;]<\/p>\n","protected":false},"author":1,"featured_media":0,"comment_status":"open","ping_status":"closed","sticky":false,"template":"","format":"standard","meta":{"footnotes":""},"categories":[2],"tags":[],"class_list":{"0":"post-4280","1":"post","2":"type-post","3":"status-publish","4":"format-standard","6":"category-artikuj"},"yoast_head":"<!-- This site is optimized with the Yoast SEO plugin v27.4 - https:\/\/yoast.com\/product\/yoast-seo-wordpress\/ -->\n<title>K\u00ebshillat p\u00ebr t\u00eb ndalur r\u00ebnien e flok\u00ebve - FjALA e LIR\u00cb - Arkivi<\/title>\n<meta name=\"robots\" content=\"index, follow, max-snippet:-1, max-image-preview:large, max-video-preview:-1\" \/>\n<link rel=\"canonical\" href=\"https:\/\/fjala.info\/2009-2015\/keshillat-per-te-ndalur-renien-e-flokeve\/\" \/>\n<meta property=\"og:locale\" content=\"sq_AL\" \/>\n<meta property=\"og:type\" content=\"article\" \/>\n<meta property=\"og:title\" content=\"K\u00ebshillat p\u00ebr t\u00eb ndalur r\u00ebnien e flok\u00ebve - FjALA e LIR\u00cb - Arkivi\" \/>\n<meta property=\"og:description\" content=\"R\u00ebnia e flok\u00ebve prek miliona njer\u00ebz n\u00eb t\u00eb gjith\u00eb bot\u00ebn, por sot \u00ebsht\u00eb nj\u00eb fenomen q\u00eb mund t\u00eb luftohet Gjene dhe qeliza staminale. Jan\u00eb k\u00ebto fjal\u00ebt magjike p\u00ebr miliona njer\u00ebz, q\u00eb deri m\u00eb sot shkenca nuk ka arritur t\u2019u jap\u00eb asnj\u00eb lloj shpjegimi p\u00ebr r\u00ebnien e flok\u00ebve. Studimet e nisura vite m\u00eb par\u00eb, m\u00eb n\u00eb [&hellip;]\" \/>\n<meta property=\"og:url\" content=\"https:\/\/fjala.info\/2009-2015\/keshillat-per-te-ndalur-renien-e-flokeve\/\" \/>\n<meta property=\"og:site_name\" content=\"FjALA e LIR\u00cb - Arkivi\" \/>\n<meta property=\"article:published_time\" content=\"2010-10-12T08:31:07+00:00\" \/>\n<meta name=\"author\" content=\"admin\" \/>\n<meta name=\"twitter:card\" content=\"summary_large_image\" \/>\n<meta name=\"twitter:label1\" content=\"Written by\" \/>\n\t<meta name=\"twitter:data1\" content=\"admin\" \/>\n\t<meta name=\"twitter:label2\" content=\"Est. reading time\" \/>\n\t<meta name=\"twitter:data2\" content=\"5 minutes\" \/>\n<script type=\"application\/ld+json\" class=\"yoast-schema-graph\">{\"@context\":\"https:\\\/\\\/schema.org\",\"@graph\":[{\"@type\":\"Article\",\"@id\":\"https:\\\/\\\/fjala.info\\\/2009-2015\\\/keshillat-per-te-ndalur-renien-e-flokeve\\\/#article\",\"isPartOf\":{\"@id\":\"https:\\\/\\\/fjala.info\\\/2009-2015\\\/keshillat-per-te-ndalur-renien-e-flokeve\\\/\"},\"author\":{\"name\":\"admin\",\"@id\":\"https:\\\/\\\/fjala.info\\\/2009-2015\\\/#\\\/schema\\\/person\\\/3aa1163ef05469c496fc94e77611ada2\"},\"headline\":\"K\u00ebshillat p\u00ebr t\u00eb ndalur r\u00ebnien e flok\u00ebve\",\"datePublished\":\"2010-10-12T08:31:07+00:00\",\"mainEntityOfPage\":{\"@id\":\"https:\\\/\\\/fjala.info\\\/2009-2015\\\/keshillat-per-te-ndalur-renien-e-flokeve\\\/\"},\"wordCount\":1096,\"commentCount\":0,\"publisher\":{\"@id\":\"https:\\\/\\\/fjala.info\\\/2009-2015\\\/#organization\"},\"articleSection\":[\"Artikuj\"],\"inLanguage\":\"sq-AL\",\"potentialAction\":[{\"@type\":\"CommentAction\",\"name\":\"Comment\",\"target\":[\"https:\\\/\\\/fjala.info\\\/2009-2015\\\/keshillat-per-te-ndalur-renien-e-flokeve\\\/#respond\"]}]},{\"@type\":\"WebPage\",\"@id\":\"https:\\\/\\\/fjala.info\\\/2009-2015\\\/keshillat-per-te-ndalur-renien-e-flokeve\\\/\",\"url\":\"https:\\\/\\\/fjala.info\\\/2009-2015\\\/keshillat-per-te-ndalur-renien-e-flokeve\\\/\",\"name\":\"K\u00ebshillat p\u00ebr t\u00eb ndalur r\u00ebnien e flok\u00ebve - FjALA e LIR\u00cb - Arkivi\",\"isPartOf\":{\"@id\":\"https:\\\/\\\/fjala.info\\\/2009-2015\\\/#website\"},\"datePublished\":\"2010-10-12T08:31:07+00:00\",\"breadcrumb\":{\"@id\":\"https:\\\/\\\/fjala.info\\\/2009-2015\\\/keshillat-per-te-ndalur-renien-e-flokeve\\\/#breadcrumb\"},\"inLanguage\":\"sq-AL\",\"potentialAction\":[{\"@type\":\"ReadAction\",\"target\":[\"https:\\\/\\\/fjala.info\\\/2009-2015\\\/keshillat-per-te-ndalur-renien-e-flokeve\\\/\"]}]},{\"@type\":\"BreadcrumbList\",\"@id\":\"https:\\\/\\\/fjala.info\\\/2009-2015\\\/keshillat-per-te-ndalur-renien-e-flokeve\\\/#breadcrumb\",\"itemListElement\":[{\"@type\":\"ListItem\",\"position\":1,\"name\":\"Home\",\"item\":\"https:\\\/\\\/fjala.info\\\/2009-2015\\\/\"},{\"@type\":\"ListItem\",\"position\":2,\"name\":\"K\u00ebshillat p\u00ebr t\u00eb ndalur r\u00ebnien e flok\u00ebve\"}]},{\"@type\":\"WebSite\",\"@id\":\"https:\\\/\\\/fjala.info\\\/2009-2015\\\/#website\",\"url\":\"https:\\\/\\\/fjala.info\\\/2009-2015\\\/\",\"name\":\"FjALA e LIR\u00cb - Arkivi\",\"description\":\"Arkivi 2009-2015\",\"publisher\":{\"@id\":\"https:\\\/\\\/fjala.info\\\/2009-2015\\\/#organization\"},\"potentialAction\":[{\"@type\":\"SearchAction\",\"target\":{\"@type\":\"EntryPoint\",\"urlTemplate\":\"https:\\\/\\\/fjala.info\\\/2009-2015\\\/?s={search_term_string}\"},\"query-input\":{\"@type\":\"PropertyValueSpecification\",\"valueRequired\":true,\"valueName\":\"search_term_string\"}}],\"inLanguage\":\"sq-AL\"},{\"@type\":\"Organization\",\"@id\":\"https:\\\/\\\/fjala.info\\\/2009-2015\\\/#organization\",\"name\":\"FjALA e LIR\u00cb - Arkivi\",\"url\":\"https:\\\/\\\/fjala.info\\\/2009-2015\\\/\",\"logo\":{\"@type\":\"ImageObject\",\"inLanguage\":\"sq-AL\",\"@id\":\"https:\\\/\\\/fjala.info\\\/2009-2015\\\/#\\\/schema\\\/logo\\\/image\\\/\",\"url\":\"\",\"contentUrl\":\"\",\"caption\":\"FjALA e LIR\u00cb - Arkivi\"},\"image\":{\"@id\":\"https:\\\/\\\/fjala.info\\\/2009-2015\\\/#\\\/schema\\\/logo\\\/image\\\/\"}},{\"@type\":\"Person\",\"@id\":\"https:\\\/\\\/fjala.info\\\/2009-2015\\\/#\\\/schema\\\/person\\\/3aa1163ef05469c496fc94e77611ada2\",\"name\":\"admin\",\"image\":{\"@type\":\"ImageObject\",\"inLanguage\":\"sq-AL\",\"@id\":\"https:\\\/\\\/fjala.info\\\/2009-2015\\\/wp-content\\\/uploads\\\/2012\\\/02\\\/arben_cokaj-120x150.jpg\",\"url\":\"https:\\\/\\\/fjala.info\\\/2009-2015\\\/wp-content\\\/uploads\\\/2012\\\/02\\\/arben_cokaj-120x150.jpg\",\"contentUrl\":\"https:\\\/\\\/fjala.info\\\/2009-2015\\\/wp-content\\\/uploads\\\/2012\\\/02\\\/arben_cokaj-120x150.jpg\",\"caption\":\"admin\"},\"description\":\"Admin, Fjala e Lir\u00eb\",\"sameAs\":[\"https:\\\/\\\/fjala.info\\\/\"],\"url\":\"https:\\\/\\\/fjala.info\\\/2009-2015\\\/author\\\/admin\\\/\"}]}<\/script>\n<!-- \/ Yoast SEO plugin. -->","yoast_head_json":{"title":"K\u00ebshillat p\u00ebr t\u00eb ndalur r\u00ebnien e flok\u00ebve - FjALA e LIR\u00cb - Arkivi","robots":{"index":"index","follow":"follow","max-snippet":"max-snippet:-1","max-image-preview":"max-image-preview:large","max-video-preview":"max-video-preview:-1"},"canonical":"https:\/\/fjala.info\/2009-2015\/keshillat-per-te-ndalur-renien-e-flokeve\/","og_locale":"sq_AL","og_type":"article","og_title":"K\u00ebshillat p\u00ebr t\u00eb ndalur r\u00ebnien e flok\u00ebve - FjALA e LIR\u00cb - Arkivi","og_description":"R\u00ebnia e flok\u00ebve prek miliona njer\u00ebz n\u00eb t\u00eb gjith\u00eb bot\u00ebn, por sot \u00ebsht\u00eb nj\u00eb fenomen q\u00eb mund t\u00eb luftohet Gjene dhe qeliza staminale. Jan\u00eb k\u00ebto fjal\u00ebt magjike p\u00ebr miliona njer\u00ebz, q\u00eb deri m\u00eb sot shkenca nuk ka arritur t\u2019u jap\u00eb asnj\u00eb lloj shpjegimi p\u00ebr r\u00ebnien e flok\u00ebve. Studimet e nisura vite m\u00eb par\u00eb, m\u00eb n\u00eb [&hellip;]","og_url":"https:\/\/fjala.info\/2009-2015\/keshillat-per-te-ndalur-renien-e-flokeve\/","og_site_name":"FjALA e LIR\u00cb - Arkivi","article_published_time":"2010-10-12T08:31:07+00:00","author":"admin","twitter_card":"summary_large_image","twitter_misc":{"Written by":"admin","Est. reading time":"5 minutes"},"schema":{"@context":"https:\/\/schema.org","@graph":[{"@type":"Article","@id":"https:\/\/fjala.info\/2009-2015\/keshillat-per-te-ndalur-renien-e-flokeve\/#article","isPartOf":{"@id":"https:\/\/fjala.info\/2009-2015\/keshillat-per-te-ndalur-renien-e-flokeve\/"},"author":{"name":"admin","@id":"https:\/\/fjala.info\/2009-2015\/#\/schema\/person\/3aa1163ef05469c496fc94e77611ada2"},"headline":"K\u00ebshillat p\u00ebr t\u00eb ndalur r\u00ebnien e flok\u00ebve","datePublished":"2010-10-12T08:31:07+00:00","mainEntityOfPage":{"@id":"https:\/\/fjala.info\/2009-2015\/keshillat-per-te-ndalur-renien-e-flokeve\/"},"wordCount":1096,"commentCount":0,"publisher":{"@id":"https:\/\/fjala.info\/2009-2015\/#organization"},"articleSection":["Artikuj"],"inLanguage":"sq-AL","potentialAction":[{"@type":"CommentAction","name":"Comment","target":["https:\/\/fjala.info\/2009-2015\/keshillat-per-te-ndalur-renien-e-flokeve\/#respond"]}]},{"@type":"WebPage","@id":"https:\/\/fjala.info\/2009-2015\/keshillat-per-te-ndalur-renien-e-flokeve\/","url":"https:\/\/fjala.info\/2009-2015\/keshillat-per-te-ndalur-renien-e-flokeve\/","name":"K\u00ebshillat p\u00ebr t\u00eb ndalur r\u00ebnien e flok\u00ebve - FjALA e LIR\u00cb - Arkivi","isPartOf":{"@id":"https:\/\/fjala.info\/2009-2015\/#website"},"datePublished":"2010-10-12T08:31:07+00:00","breadcrumb":{"@id":"https:\/\/fjala.info\/2009-2015\/keshillat-per-te-ndalur-renien-e-flokeve\/#breadcrumb"},"inLanguage":"sq-AL","potentialAction":[{"@type":"ReadAction","target":["https:\/\/fjala.info\/2009-2015\/keshillat-per-te-ndalur-renien-e-flokeve\/"]}]},{"@type":"BreadcrumbList","@id":"https:\/\/fjala.info\/2009-2015\/keshillat-per-te-ndalur-renien-e-flokeve\/#breadcrumb","itemListElement":[{"@type":"ListItem","position":1,"name":"Home","item":"https:\/\/fjala.info\/2009-2015\/"},{"@type":"ListItem","position":2,"name":"K\u00ebshillat p\u00ebr t\u00eb ndalur r\u00ebnien e flok\u00ebve"}]},{"@type":"WebSite","@id":"https:\/\/fjala.info\/2009-2015\/#website","url":"https:\/\/fjala.info\/2009-2015\/","name":"FjALA e LIR\u00cb - Arkivi","description":"Arkivi 2009-2015","publisher":{"@id":"https:\/\/fjala.info\/2009-2015\/#organization"},"potentialAction":[{"@type":"SearchAction","target":{"@type":"EntryPoint","urlTemplate":"https:\/\/fjala.info\/2009-2015\/?s={search_term_string}"},"query-input":{"@type":"PropertyValueSpecification","valueRequired":true,"valueName":"search_term_string"}}],"inLanguage":"sq-AL"},{"@type":"Organization","@id":"https:\/\/fjala.info\/2009-2015\/#organization","name":"FjALA e LIR\u00cb - Arkivi","url":"https:\/\/fjala.info\/2009-2015\/","logo":{"@type":"ImageObject","inLanguage":"sq-AL","@id":"https:\/\/fjala.info\/2009-2015\/#\/schema\/logo\/image\/","url":"","contentUrl":"","caption":"FjALA e LIR\u00cb - Arkivi"},"image":{"@id":"https:\/\/fjala.info\/2009-2015\/#\/schema\/logo\/image\/"}},{"@type":"Person","@id":"https:\/\/fjala.info\/2009-2015\/#\/schema\/person\/3aa1163ef05469c496fc94e77611ada2","name":"admin","image":{"@type":"ImageObject","inLanguage":"sq-AL","@id":"https:\/\/fjala.info\/2009-2015\/wp-content\/uploads\/2012\/02\/arben_cokaj-120x150.jpg","url":"https:\/\/fjala.info\/2009-2015\/wp-content\/uploads\/2012\/02\/arben_cokaj-120x150.jpg","contentUrl":"https:\/\/fjala.info\/2009-2015\/wp-content\/uploads\/2012\/02\/arben_cokaj-120x150.jpg","caption":"admin"},"description":"Admin, Fjala e Lir\u00eb","sameAs":["https:\/\/fjala.info\/"],"url":"https:\/\/fjala.info\/2009-2015\/author\/admin\/"}]}},"_links":{"self":[{"href":"https:\/\/fjala.info\/2009-2015\/wp-json\/wp\/v2\/posts\/4280","targetHints":{"allow":["GET"]}}],"collection":[{"href":"https:\/\/fjala.info\/2009-2015\/wp-json\/wp\/v2\/posts"}],"about":[{"href":"https:\/\/fjala.info\/2009-2015\/wp-json\/wp\/v2\/types\/post"}],"author":[{"embeddable":true,"href":"https:\/\/fjala.info\/2009-2015\/wp-json\/wp\/v2\/users\/1"}],"replies":[{"embeddable":true,"href":"https:\/\/fjala.info\/2009-2015\/wp-json\/wp\/v2\/comments?post=4280"}],"version-history":[{"count":0,"href":"https:\/\/fjala.info\/2009-2015\/wp-json\/wp\/v2\/posts\/4280\/revisions"}],"wp:attachment":[{"href":"https:\/\/fjala.info\/2009-2015\/wp-json\/wp\/v2\/media?parent=4280"}],"wp:term":[{"taxonomy":"category","embeddable":true,"href":"https:\/\/fjala.info\/2009-2015\/wp-json\/wp\/v2\/categories?post=4280"},{"taxonomy":"post_tag","embeddable":true,"href":"https:\/\/fjala.info\/2009-2015\/wp-json\/wp\/v2\/tags?post=4280"}],"curies":[{"name":"wp","href":"https:\/\/api.w.org\/{rel}","templated":true}]}}