{"id":4279,"date":"2012-08-09T07:52:55","date_gmt":"2012-08-09T06:52:55","guid":{"rendered":"http:\/\/www.fjala.info\/?p=4279"},"modified":"2012-08-09T07:52:55","modified_gmt":"2012-08-09T06:52:55","slug":"dr-zef-mulaj-me-nje-liber-te-ri-poetik-italisht","status":"publish","type":"post","link":"https:\/\/fjala.info\/2009-2015\/dr-zef-mulaj-me-nje-liber-te-ri-poetik-italisht\/","title":{"rendered":"DR. ZEF MULAJ, ME NJ\u00cb LIB\u00cbR T\u00cb RI POETIK, ITALISHT"},"content":{"rendered":"<p><img decoding=\"async\" class=\"alignleft size-thumbnail wp-image-7236\" title=\"Mero Baze\" src=\"http:\/\/www.fjala.info\/2012\/murat_gecaj2.jpg\" alt=\"\" width=\"200\" \/><em>\u201cSy t\u00eb tjer\u00eb n\u00eb horizont\u201d (Altri occhi all\u2019orizonte) Itali<\/em><\/p>\n<p>Nga: <strong>Prof. Murat Gecaj<\/strong><br \/>\n<em>publicist e studiues-Tiran\u00eb<\/em><\/p>\n<p><em>M. Gecaj<\/em><\/p>\n<p>Ky \u00ebsht\u00eb libri i shtat\u00eb i Dr.Zef Mulaj, me banim famijarisht n\u00eb Itali. Para 2 muajve publikoi n\u00eb Tiran\u00eb librin tjet\u00ebr me poezi, \u201cLulet e shpirtit\u201d. Nd\u00ebrsa nj\u00eb vit m\u00eb par\u00eb, po ne qytetin bregdetar italian Porto Recanati, paraqiti librin \u201cMerre p\u00ebrdore hijen time\u201d, i cili pati sukses edhe n\u00eb Europ\u00eb, pasi dhe u publikua n\u00eb kat\u00ebr gjuh\u00eb t\u00eb k\u00ebtij kontineti. Nd\u00ebr t\u00eb tjera, nj\u00eb kopje e k\u00ebtij libri autori ia dhuroi Presidentit t\u00eb Republik\u00ebs s\u00eb Itais\u00eb, Xh.Napolitano, i cili i d\u00ebrgoi nj\u00eb masazh fal\u00ebnderues. Gjithashtu, at\u00eb e mori Papa i Rom\u00ebs, Benedidikti i 16-t\u00eb.<\/p>\n<p>Pak vite m\u00eb par\u00eb, Dr. Z. Mulaj publikoi nj\u00eb lib\u00ebr unik n\u00eb llojin e vet, q\u00eb lidhet me profesionin e vet farmacist dhe origjin\u00ebn e tij. Aty ai p\u00ebrshkruan me kompentenc\u00eb shkencore bim\u00ebsin\u00eb e rrall\u00eb mjek\u00ebsor\u00eb t\u00eb Alpeve t\u00eb Shqip\u00ebris\u00eb, duke dh\u00ebn\u00eb edhe vlarat e shumta kurative t\u00eb tyre.<\/p>\n<p>Nd\u00ebrsa k\u00ebto dit\u00eb, nga Sht\u00ebpia Botuese \u201cSimple\u201d, doli libri i tij m\u00eb i ri, gjithashtu n\u00eb gjuhen italiane (\u201cAltri occi all\u2019 orizonte=Sy t\u00eb tjer\u00eb n\u00eb horizont\u201d), i cili do t\u00eb prurohet n\u00eb vendbanimin e tij, Porto Recanati, m\u00eb dat\u00ebn 22 gusht 2012.<\/p>\n<p>Kjo lib\u00ebr u botua n\u00ebn kujdesin e poetes s\u00eb njohur italiane, Novella Toregiani, e cila ka b\u00ebr\u00eb aty edhe nj\u00eb sh\u00ebnim vledr\u00ebsues p\u00ebr t\u00eb. Nd\u00ebsr t\u00eb tjera, ajo shprehet:<\/p>\n<p>\u201dEdhe poeti Zef Mulaj po len xibaldone, si poeti yn\u00eb i madh e filozofi, Xhakomo Leopardi. Temat q\u00eb trajtohen n\u00eb poezit\u00eb e v\u00ebllimit jan\u00eb t\u00eb ndryshme, duke prekur gjith\u00eb jet\u00ebn e shoq\u00eb\u00ebris\u00eb s\u00eb sotme, n\u00ebp\u00ebrmjet fjal\u00ebs poetike, si: dashuria, admirimi i madh p\u00ebr femr\u00ebn dhe respektin ndaj saj, p\u00ebr natyr\u00ebn dhe bukurit\u00eb e saj. Nj\u00eb nga temat m\u00eb t\u00eb trajtuera n\u00eb k\u00ebt\u00eb lib\u00ebr jan\u00eb problemet shoq\u00ebrore, t\u00eb cilat poeti Zef Mulaj i ndien n\u00eb m\u00ebnyr\u00eb t\u00eb thell\u00eb. Kam k\u00ebnaq\u00ebsi t\u00eb madhe, q\u00eb kam rastin t\u00eb jem rensionuese e k\u00ebtij libri poetik\u201d.<\/p>\n<p style=\"text-align: center;\"><img decoding=\"async\" class=\"aligncenter size-thumbnail wp-image-7236\" title=\"Zef Mulaj\" src=\"http:\/\/www.fjala.info\/2012\/zm_altri_occhi_all_orizzonte.jpg\" alt=\"\" width=\"450\" \/><strong>Kopertinat e librit: \u201cSy t\u00eb tjer\u00eb n\u00eb horizont\u201d<\/strong><\/p>\n<p>Gjithashtu, poeti dhe shkrimtari i njohur italian, Adriano Accorsi, n\u00eb parath\u00ebnjen e tij n\u00eb k\u00ebt\u00eb lib\u00ebr thot\u00eb, n\u00eb mes t\u00eb tjerave:<\/p>\n<p>\u201cSy t\u00eb tjer\u00eb n\u00eb horizont\u201d, botuar nga \u201cSimple macerata\u201d, \u00ebsht\u00eb libri m\u00eb i ri i poetit Zef Mulaj, cili konfirmon jo vet\u00ebm individualitetin, por \u00ebsht\u00eb edhe nj\u00eb poet i vlerave t\u00ebkonsiderueshme. 400 poezi- haiku n\u00eb lib\u00ebr rrjedhin natyrsh\u00ebm n\u00eb venat, zemr\u00ebn dhe mendjen e k\u00ebtij poeti dhe d\u00ebshmojn\u00eb p\u00ebr nj\u00eb sfond t\u00eb shquar t\u00eb tij kulturor. Haiku i Zef Mulajt, q\u00eb respekton simetrik\u00ebn klasike: 5-7-5 t\u00eb tre vargjeve, \u00ebsht\u00eb haiku modern, i nj\u00eb njeriu e autori t\u00eb ushqyer n\u00eb kultur\u00ebn per\u00ebndimore dhe me ndjeshm\u00ebri t\u00eb ve\u00e7ant\u00eb; at\u00ebher\u00eb, ajo \u00ebsht\u00eb shpesh m\u00eb shum\u00eb racionale se intuitive. Ja se si e shkreh\u00eb ai dashurin\u00eb, q\u00eb i jep forc\u00eb p\u00ebr t\u00eb kap\u00ebrcyer t\u00eb gjitha dhimbjet: \u201cgoja jote e \u00ebmb\u00ebl, \/ tani kam pi buzet tua \/ edhe dhimbjen\u201d.<\/p>\n<p>Pra, \u00ebshte poet i i njohur Zef Mulaj dhe me fjalen e tij kap\u00eb pikerisht at\u00eb \u00e7ast t\u00eb t\u00eb koh\u00ebs, t\u00eb cilin e kthen n\u00eb art p\u00ebr njer\u00ebzimin\u201d.<\/p>\n<p>P\u00ebr lexuesit dham\u00eb pak mendime, q\u00eb kan\u00eb shprehur poet\u00eb italian\u00eb p\u00ebr k\u00ebt\u00eb lib\u00ebr, t\u00eb cil\u00ebt d\u00ebshmojn\u00eb qartazi vlerat e k\u00ebtij v\u00ebllimi t\u00eb ri poetik. Me k\u00ebt\u00eb rast, e urojm\u00eb nga zemra Dr. Zef Mulaj p\u00ebr k\u00ebt\u00eb botim t\u00eb ri, duke i d\u00ebshiruar arritje n\u00eb profesionin e tij, krijimtari sa m\u00eb t\u00eb frytshme dhe lumturi n\u00eb familje!<\/p>\n<p><em>Tiran\u00eb, 10 gusht 2012<\/em><\/p>\n","protected":false},"excerpt":{"rendered":"<p>\u201cSy t\u00eb tjer\u00eb n\u00eb horizont\u201d (Altri occhi all\u2019orizonte) Itali Nga: Prof. Murat Gecaj publicist e studiues-Tiran\u00eb M. Gecaj Ky \u00ebsht\u00eb libri i shtat\u00eb i Dr.Zef Mulaj, me banim famijarisht n\u00eb Itali. Para 2 muajve publikoi n\u00eb Tiran\u00eb librin tjet\u00ebr me poezi, \u201cLulet e shpirtit\u201d. Nd\u00ebrsa nj\u00eb vit m\u00eb par\u00eb, po ne qytetin bregdetar italian Porto [&hellip;]<\/p>\n","protected":false},"author":1,"featured_media":0,"comment_status":"open","ping_status":"closed","sticky":false,"template":"","format":"standard","meta":{"footnotes":""},"categories":[2,7],"tags":[],"class_list":{"0":"post-4279","1":"post","2":"type-post","3":"status-publish","4":"format-standard","6":"category-artikuj","7":"category-letersi"},"yoast_head":"<!-- This site is optimized with the Yoast SEO plugin v27.4 - https:\/\/yoast.com\/product\/yoast-seo-wordpress\/ -->\n<title>DR. ZEF MULAJ, ME NJ\u00cb LIB\u00cbR T\u00cb RI POETIK, ITALISHT - FjALA e LIR\u00cb - Arkivi<\/title>\n<meta name=\"robots\" content=\"index, follow, max-snippet:-1, max-image-preview:large, max-video-preview:-1\" \/>\n<link rel=\"canonical\" href=\"https:\/\/fjala.info\/2009-2015\/dr-zef-mulaj-me-nje-liber-te-ri-poetik-italisht\/\" \/>\n<meta property=\"og:locale\" content=\"sq_AL\" \/>\n<meta property=\"og:type\" content=\"article\" \/>\n<meta property=\"og:title\" content=\"DR. ZEF MULAJ, ME NJ\u00cb LIB\u00cbR T\u00cb RI POETIK, ITALISHT - FjALA e LIR\u00cb - Arkivi\" \/>\n<meta property=\"og:description\" content=\"\u201cSy t\u00eb tjer\u00eb n\u00eb horizont\u201d (Altri occhi all\u2019orizonte) Itali Nga: Prof. Murat Gecaj publicist e studiues-Tiran\u00eb M. Gecaj Ky \u00ebsht\u00eb libri i shtat\u00eb i Dr.Zef Mulaj, me banim famijarisht n\u00eb Itali. Para 2 muajve publikoi n\u00eb Tiran\u00eb librin tjet\u00ebr me poezi, \u201cLulet e shpirtit\u201d. Nd\u00ebrsa nj\u00eb vit m\u00eb par\u00eb, po ne qytetin bregdetar italian Porto [&hellip;]\" \/>\n<meta property=\"og:url\" content=\"https:\/\/fjala.info\/2009-2015\/dr-zef-mulaj-me-nje-liber-te-ri-poetik-italisht\/\" \/>\n<meta property=\"og:site_name\" content=\"FjALA e LIR\u00cb - Arkivi\" \/>\n<meta property=\"article:published_time\" content=\"2012-08-09T06:52:55+00:00\" \/>\n<meta property=\"og:image\" content=\"http:\/\/www.fjala.info\/2012\/murat_gecaj2.jpg\" \/>\n<meta name=\"author\" content=\"admin\" \/>\n<meta name=\"twitter:card\" content=\"summary_large_image\" \/>\n<meta name=\"twitter:label1\" content=\"Written by\" \/>\n\t<meta name=\"twitter:data1\" content=\"admin\" \/>\n\t<meta name=\"twitter:label2\" content=\"Est. reading time\" \/>\n\t<meta name=\"twitter:data2\" content=\"3 minutes\" \/>\n<script type=\"application\/ld+json\" class=\"yoast-schema-graph\">{\"@context\":\"https:\\\/\\\/schema.org\",\"@graph\":[{\"@type\":\"Article\",\"@id\":\"https:\\\/\\\/fjala.info\\\/2009-2015\\\/dr-zef-mulaj-me-nje-liber-te-ri-poetik-italisht\\\/#article\",\"isPartOf\":{\"@id\":\"https:\\\/\\\/fjala.info\\\/2009-2015\\\/dr-zef-mulaj-me-nje-liber-te-ri-poetik-italisht\\\/\"},\"author\":{\"name\":\"admin\",\"@id\":\"https:\\\/\\\/fjala.info\\\/2009-2015\\\/#\\\/schema\\\/person\\\/3aa1163ef05469c496fc94e77611ada2\"},\"headline\":\"DR. ZEF MULAJ, ME NJ\u00cb LIB\u00cbR T\u00cb RI POETIK, ITALISHT\",\"datePublished\":\"2012-08-09T06:52:55+00:00\",\"mainEntityOfPage\":{\"@id\":\"https:\\\/\\\/fjala.info\\\/2009-2015\\\/dr-zef-mulaj-me-nje-liber-te-ri-poetik-italisht\\\/\"},\"wordCount\":655,\"commentCount\":0,\"publisher\":{\"@id\":\"https:\\\/\\\/fjala.info\\\/2009-2015\\\/#organization\"},\"image\":{\"@id\":\"https:\\\/\\\/fjala.info\\\/2009-2015\\\/dr-zef-mulaj-me-nje-liber-te-ri-poetik-italisht\\\/#primaryimage\"},\"thumbnailUrl\":\"http:\\\/\\\/www.fjala.info\\\/2012\\\/murat_gecaj2.jpg\",\"articleSection\":[\"Artikuj\",\"Let\u00ebrsi\"],\"inLanguage\":\"sq-AL\",\"potentialAction\":[{\"@type\":\"CommentAction\",\"name\":\"Comment\",\"target\":[\"https:\\\/\\\/fjala.info\\\/2009-2015\\\/dr-zef-mulaj-me-nje-liber-te-ri-poetik-italisht\\\/#respond\"]}]},{\"@type\":\"WebPage\",\"@id\":\"https:\\\/\\\/fjala.info\\\/2009-2015\\\/dr-zef-mulaj-me-nje-liber-te-ri-poetik-italisht\\\/\",\"url\":\"https:\\\/\\\/fjala.info\\\/2009-2015\\\/dr-zef-mulaj-me-nje-liber-te-ri-poetik-italisht\\\/\",\"name\":\"DR. ZEF MULAJ, ME NJ\u00cb LIB\u00cbR T\u00cb RI POETIK, ITALISHT - FjALA e LIR\u00cb - Arkivi\",\"isPartOf\":{\"@id\":\"https:\\\/\\\/fjala.info\\\/2009-2015\\\/#website\"},\"primaryImageOfPage\":{\"@id\":\"https:\\\/\\\/fjala.info\\\/2009-2015\\\/dr-zef-mulaj-me-nje-liber-te-ri-poetik-italisht\\\/#primaryimage\"},\"image\":{\"@id\":\"https:\\\/\\\/fjala.info\\\/2009-2015\\\/dr-zef-mulaj-me-nje-liber-te-ri-poetik-italisht\\\/#primaryimage\"},\"thumbnailUrl\":\"http:\\\/\\\/www.fjala.info\\\/2012\\\/murat_gecaj2.jpg\",\"datePublished\":\"2012-08-09T06:52:55+00:00\",\"breadcrumb\":{\"@id\":\"https:\\\/\\\/fjala.info\\\/2009-2015\\\/dr-zef-mulaj-me-nje-liber-te-ri-poetik-italisht\\\/#breadcrumb\"},\"inLanguage\":\"sq-AL\",\"potentialAction\":[{\"@type\":\"ReadAction\",\"target\":[\"https:\\\/\\\/fjala.info\\\/2009-2015\\\/dr-zef-mulaj-me-nje-liber-te-ri-poetik-italisht\\\/\"]}]},{\"@type\":\"ImageObject\",\"inLanguage\":\"sq-AL\",\"@id\":\"https:\\\/\\\/fjala.info\\\/2009-2015\\\/dr-zef-mulaj-me-nje-liber-te-ri-poetik-italisht\\\/#primaryimage\",\"url\":\"http:\\\/\\\/www.fjala.info\\\/2012\\\/murat_gecaj2.jpg\",\"contentUrl\":\"http:\\\/\\\/www.fjala.info\\\/2012\\\/murat_gecaj2.jpg\"},{\"@type\":\"BreadcrumbList\",\"@id\":\"https:\\\/\\\/fjala.info\\\/2009-2015\\\/dr-zef-mulaj-me-nje-liber-te-ri-poetik-italisht\\\/#breadcrumb\",\"itemListElement\":[{\"@type\":\"ListItem\",\"position\":1,\"name\":\"Home\",\"item\":\"https:\\\/\\\/fjala.info\\\/2009-2015\\\/\"},{\"@type\":\"ListItem\",\"position\":2,\"name\":\"DR. ZEF MULAJ, ME NJ\u00cb LIB\u00cbR T\u00cb RI POETIK, ITALISHT\"}]},{\"@type\":\"WebSite\",\"@id\":\"https:\\\/\\\/fjala.info\\\/2009-2015\\\/#website\",\"url\":\"https:\\\/\\\/fjala.info\\\/2009-2015\\\/\",\"name\":\"FjALA e LIR\u00cb - Arkivi\",\"description\":\"Arkivi 2009-2015\",\"publisher\":{\"@id\":\"https:\\\/\\\/fjala.info\\\/2009-2015\\\/#organization\"},\"potentialAction\":[{\"@type\":\"SearchAction\",\"target\":{\"@type\":\"EntryPoint\",\"urlTemplate\":\"https:\\\/\\\/fjala.info\\\/2009-2015\\\/?s={search_term_string}\"},\"query-input\":{\"@type\":\"PropertyValueSpecification\",\"valueRequired\":true,\"valueName\":\"search_term_string\"}}],\"inLanguage\":\"sq-AL\"},{\"@type\":\"Organization\",\"@id\":\"https:\\\/\\\/fjala.info\\\/2009-2015\\\/#organization\",\"name\":\"FjALA e LIR\u00cb - Arkivi\",\"url\":\"https:\\\/\\\/fjala.info\\\/2009-2015\\\/\",\"logo\":{\"@type\":\"ImageObject\",\"inLanguage\":\"sq-AL\",\"@id\":\"https:\\\/\\\/fjala.info\\\/2009-2015\\\/#\\\/schema\\\/logo\\\/image\\\/\",\"url\":\"\",\"contentUrl\":\"\",\"caption\":\"FjALA e LIR\u00cb - Arkivi\"},\"image\":{\"@id\":\"https:\\\/\\\/fjala.info\\\/2009-2015\\\/#\\\/schema\\\/logo\\\/image\\\/\"}},{\"@type\":\"Person\",\"@id\":\"https:\\\/\\\/fjala.info\\\/2009-2015\\\/#\\\/schema\\\/person\\\/3aa1163ef05469c496fc94e77611ada2\",\"name\":\"admin\",\"image\":{\"@type\":\"ImageObject\",\"inLanguage\":\"sq-AL\",\"@id\":\"https:\\\/\\\/fjala.info\\\/2009-2015\\\/wp-content\\\/uploads\\\/2012\\\/02\\\/arben_cokaj-120x150.jpg\",\"url\":\"https:\\\/\\\/fjala.info\\\/2009-2015\\\/wp-content\\\/uploads\\\/2012\\\/02\\\/arben_cokaj-120x150.jpg\",\"contentUrl\":\"https:\\\/\\\/fjala.info\\\/2009-2015\\\/wp-content\\\/uploads\\\/2012\\\/02\\\/arben_cokaj-120x150.jpg\",\"caption\":\"admin\"},\"description\":\"Admin, Fjala e Lir\u00eb\",\"sameAs\":[\"https:\\\/\\\/fjala.info\\\/\"],\"url\":\"https:\\\/\\\/fjala.info\\\/2009-2015\\\/author\\\/admin\\\/\"}]}<\/script>\n<!-- \/ Yoast SEO plugin. -->","yoast_head_json":{"title":"DR. ZEF MULAJ, ME NJ\u00cb LIB\u00cbR T\u00cb RI POETIK, ITALISHT - FjALA e LIR\u00cb - Arkivi","robots":{"index":"index","follow":"follow","max-snippet":"max-snippet:-1","max-image-preview":"max-image-preview:large","max-video-preview":"max-video-preview:-1"},"canonical":"https:\/\/fjala.info\/2009-2015\/dr-zef-mulaj-me-nje-liber-te-ri-poetik-italisht\/","og_locale":"sq_AL","og_type":"article","og_title":"DR. ZEF MULAJ, ME NJ\u00cb LIB\u00cbR T\u00cb RI POETIK, ITALISHT - FjALA e LIR\u00cb - Arkivi","og_description":"\u201cSy t\u00eb tjer\u00eb n\u00eb horizont\u201d (Altri occhi all\u2019orizonte) Itali Nga: Prof. Murat Gecaj publicist e studiues-Tiran\u00eb M. Gecaj Ky \u00ebsht\u00eb libri i shtat\u00eb i Dr.Zef Mulaj, me banim famijarisht n\u00eb Itali. Para 2 muajve publikoi n\u00eb Tiran\u00eb librin tjet\u00ebr me poezi, \u201cLulet e shpirtit\u201d. Nd\u00ebrsa nj\u00eb vit m\u00eb par\u00eb, po ne qytetin bregdetar italian Porto [&hellip;]","og_url":"https:\/\/fjala.info\/2009-2015\/dr-zef-mulaj-me-nje-liber-te-ri-poetik-italisht\/","og_site_name":"FjALA e LIR\u00cb - Arkivi","article_published_time":"2012-08-09T06:52:55+00:00","og_image":[{"url":"http:\/\/www.fjala.info\/2012\/murat_gecaj2.jpg","type":"","width":"","height":""}],"author":"admin","twitter_card":"summary_large_image","twitter_misc":{"Written by":"admin","Est. reading time":"3 minutes"},"schema":{"@context":"https:\/\/schema.org","@graph":[{"@type":"Article","@id":"https:\/\/fjala.info\/2009-2015\/dr-zef-mulaj-me-nje-liber-te-ri-poetik-italisht\/#article","isPartOf":{"@id":"https:\/\/fjala.info\/2009-2015\/dr-zef-mulaj-me-nje-liber-te-ri-poetik-italisht\/"},"author":{"name":"admin","@id":"https:\/\/fjala.info\/2009-2015\/#\/schema\/person\/3aa1163ef05469c496fc94e77611ada2"},"headline":"DR. ZEF MULAJ, ME NJ\u00cb LIB\u00cbR T\u00cb RI POETIK, ITALISHT","datePublished":"2012-08-09T06:52:55+00:00","mainEntityOfPage":{"@id":"https:\/\/fjala.info\/2009-2015\/dr-zef-mulaj-me-nje-liber-te-ri-poetik-italisht\/"},"wordCount":655,"commentCount":0,"publisher":{"@id":"https:\/\/fjala.info\/2009-2015\/#organization"},"image":{"@id":"https:\/\/fjala.info\/2009-2015\/dr-zef-mulaj-me-nje-liber-te-ri-poetik-italisht\/#primaryimage"},"thumbnailUrl":"http:\/\/www.fjala.info\/2012\/murat_gecaj2.jpg","articleSection":["Artikuj","Let\u00ebrsi"],"inLanguage":"sq-AL","potentialAction":[{"@type":"CommentAction","name":"Comment","target":["https:\/\/fjala.info\/2009-2015\/dr-zef-mulaj-me-nje-liber-te-ri-poetik-italisht\/#respond"]}]},{"@type":"WebPage","@id":"https:\/\/fjala.info\/2009-2015\/dr-zef-mulaj-me-nje-liber-te-ri-poetik-italisht\/","url":"https:\/\/fjala.info\/2009-2015\/dr-zef-mulaj-me-nje-liber-te-ri-poetik-italisht\/","name":"DR. ZEF MULAJ, ME NJ\u00cb LIB\u00cbR T\u00cb RI POETIK, ITALISHT - FjALA e LIR\u00cb - Arkivi","isPartOf":{"@id":"https:\/\/fjala.info\/2009-2015\/#website"},"primaryImageOfPage":{"@id":"https:\/\/fjala.info\/2009-2015\/dr-zef-mulaj-me-nje-liber-te-ri-poetik-italisht\/#primaryimage"},"image":{"@id":"https:\/\/fjala.info\/2009-2015\/dr-zef-mulaj-me-nje-liber-te-ri-poetik-italisht\/#primaryimage"},"thumbnailUrl":"http:\/\/www.fjala.info\/2012\/murat_gecaj2.jpg","datePublished":"2012-08-09T06:52:55+00:00","breadcrumb":{"@id":"https:\/\/fjala.info\/2009-2015\/dr-zef-mulaj-me-nje-liber-te-ri-poetik-italisht\/#breadcrumb"},"inLanguage":"sq-AL","potentialAction":[{"@type":"ReadAction","target":["https:\/\/fjala.info\/2009-2015\/dr-zef-mulaj-me-nje-liber-te-ri-poetik-italisht\/"]}]},{"@type":"ImageObject","inLanguage":"sq-AL","@id":"https:\/\/fjala.info\/2009-2015\/dr-zef-mulaj-me-nje-liber-te-ri-poetik-italisht\/#primaryimage","url":"http:\/\/www.fjala.info\/2012\/murat_gecaj2.jpg","contentUrl":"http:\/\/www.fjala.info\/2012\/murat_gecaj2.jpg"},{"@type":"BreadcrumbList","@id":"https:\/\/fjala.info\/2009-2015\/dr-zef-mulaj-me-nje-liber-te-ri-poetik-italisht\/#breadcrumb","itemListElement":[{"@type":"ListItem","position":1,"name":"Home","item":"https:\/\/fjala.info\/2009-2015\/"},{"@type":"ListItem","position":2,"name":"DR. ZEF MULAJ, ME NJ\u00cb LIB\u00cbR T\u00cb RI POETIK, ITALISHT"}]},{"@type":"WebSite","@id":"https:\/\/fjala.info\/2009-2015\/#website","url":"https:\/\/fjala.info\/2009-2015\/","name":"FjALA e LIR\u00cb - Arkivi","description":"Arkivi 2009-2015","publisher":{"@id":"https:\/\/fjala.info\/2009-2015\/#organization"},"potentialAction":[{"@type":"SearchAction","target":{"@type":"EntryPoint","urlTemplate":"https:\/\/fjala.info\/2009-2015\/?s={search_term_string}"},"query-input":{"@type":"PropertyValueSpecification","valueRequired":true,"valueName":"search_term_string"}}],"inLanguage":"sq-AL"},{"@type":"Organization","@id":"https:\/\/fjala.info\/2009-2015\/#organization","name":"FjALA e LIR\u00cb - Arkivi","url":"https:\/\/fjala.info\/2009-2015\/","logo":{"@type":"ImageObject","inLanguage":"sq-AL","@id":"https:\/\/fjala.info\/2009-2015\/#\/schema\/logo\/image\/","url":"","contentUrl":"","caption":"FjALA e LIR\u00cb - Arkivi"},"image":{"@id":"https:\/\/fjala.info\/2009-2015\/#\/schema\/logo\/image\/"}},{"@type":"Person","@id":"https:\/\/fjala.info\/2009-2015\/#\/schema\/person\/3aa1163ef05469c496fc94e77611ada2","name":"admin","image":{"@type":"ImageObject","inLanguage":"sq-AL","@id":"https:\/\/fjala.info\/2009-2015\/wp-content\/uploads\/2012\/02\/arben_cokaj-120x150.jpg","url":"https:\/\/fjala.info\/2009-2015\/wp-content\/uploads\/2012\/02\/arben_cokaj-120x150.jpg","contentUrl":"https:\/\/fjala.info\/2009-2015\/wp-content\/uploads\/2012\/02\/arben_cokaj-120x150.jpg","caption":"admin"},"description":"Admin, Fjala e Lir\u00eb","sameAs":["https:\/\/fjala.info\/"],"url":"https:\/\/fjala.info\/2009-2015\/author\/admin\/"}]}},"_links":{"self":[{"href":"https:\/\/fjala.info\/2009-2015\/wp-json\/wp\/v2\/posts\/4279","targetHints":{"allow":["GET"]}}],"collection":[{"href":"https:\/\/fjala.info\/2009-2015\/wp-json\/wp\/v2\/posts"}],"about":[{"href":"https:\/\/fjala.info\/2009-2015\/wp-json\/wp\/v2\/types\/post"}],"author":[{"embeddable":true,"href":"https:\/\/fjala.info\/2009-2015\/wp-json\/wp\/v2\/users\/1"}],"replies":[{"embeddable":true,"href":"https:\/\/fjala.info\/2009-2015\/wp-json\/wp\/v2\/comments?post=4279"}],"version-history":[{"count":0,"href":"https:\/\/fjala.info\/2009-2015\/wp-json\/wp\/v2\/posts\/4279\/revisions"}],"wp:attachment":[{"href":"https:\/\/fjala.info\/2009-2015\/wp-json\/wp\/v2\/media?parent=4279"}],"wp:term":[{"taxonomy":"category","embeddable":true,"href":"https:\/\/fjala.info\/2009-2015\/wp-json\/wp\/v2\/categories?post=4279"},{"taxonomy":"post_tag","embeddable":true,"href":"https:\/\/fjala.info\/2009-2015\/wp-json\/wp\/v2\/tags?post=4279"}],"curies":[{"name":"wp","href":"https:\/\/api.w.org\/{rel}","templated":true}]}}