{"id":4272,"date":"2010-10-12T07:53:03","date_gmt":"2010-10-12T06:53:03","guid":{"rendered":"http:\/\/fjala.shkoder.net\/?p=4272"},"modified":"2010-10-12T07:53:03","modified_gmt":"2010-10-12T06:53:03","slug":"ne-mes-te-populizmit-dhe-paaftesise","status":"publish","type":"post","link":"https:\/\/fjala.info\/2009-2015\/ne-mes-te-populizmit-dhe-paaftesise\/","title":{"rendered":"N\u00eb mes t\u00eb populizmit dhe paaft\u00ebsis\u00eb"},"content":{"rendered":"<p><img decoding=\"async\" class=\"alignright size-full wp-image-4274\" title=\"Kim Mehmeti\" src=\"http:\/\/fjala.shkoder.net\/wp-content\/uploads\/2010\/10\/kim_mehmeti.jpg\" alt=\"\" width=\"120\" \/><br \/>\n<strong>Kim Mehmeti<\/strong><\/p>\n<p><em>Gjat\u00eb historis\u00eb m\u00eb t\u00eb re t\u00eb k\u00ebtyre hap\u00ebsirave, shum\u00eb her\u00eb \u00ebsht\u00eb treguar se mjegulla m\u00eb e dendur e populizmit politik, se mbulesa m\u00eb e mir\u00eb e t\u00eb gjitha paaft\u00ebsive dhe pap\u00ebrgjegj\u00ebsive politike, \u00ebsht\u00eb nacionalromantizmi <\/em><\/p>\n<p>Populizmi \u00ebsht\u00eb em\u00ebrtim i l\u00ebvizjes letrare franceze, e cila frym\u00ebzohej nga dashuria ndaj popullit, e q\u00eb kishte p\u00ebr q\u00ebllim t\u00eb shpaloste jet\u00ebn e popullat\u00ebs dhe kuptimin e asaj jete. K\u00ebt\u00eb l\u00ebvizje e kan\u00eb p\u00ebrfaq\u00ebsuar krijues me shpirt revolucionar\u00eb, t\u00eb gatsh\u00ebm t\u2019i flijojn\u00eb dhuntit\u00eb e veta n\u00eb tempullin ku vlerat personale viktimizohen p\u00ebr t\u00eb mir\u00ebn kolektive. Pra, kjo l\u00ebvizje \u00ebsht\u00eb udh\u00ebhequr nga gatishm\u00ebria e krijuesve, q\u00eb aft\u00ebsit\u00eb krijuese t\u2019i v\u00ebn\u00eb n\u00eb sh\u00ebrbim t\u00eb shpalosjes s\u00eb t\u00eb v\u00ebrtetave jet\u00ebsore t\u00eb popullit t\u00eb tyre.<\/p>\n<p>Por, n\u00eb politik\u00eb, ky em\u00ebrtim ka kuptim krejt tjet\u00ebr: ka t\u00eb b\u00ebj\u00eb me politikan\u00eb q\u00eb vuajn\u00eb t\u00eb jen\u00eb t\u00eb dashurit e popullit dhe t\u00eb verb\u00ebruar nga kjo vuajtje, ata jan\u00eb t\u00eb gatsh\u00ebm ta flijojn\u00eb popullin n\u00eb em\u00ebr t\u00eb fam\u00ebs s\u00eb tyre politike dhe p\u00ebr t\u00eb mbetur p\u00ebrjet\u00eb n\u00eb pushtet. Andaj, n\u00ebse krijuesit populist\u00eb kan\u00eb pasur p\u00ebr q\u00ebllim shpalosjen e t\u00eb v\u00ebrtetave jet\u00ebsore t\u00eb popullit t\u00eb tyre, politikan\u00ebt populist\u00eb kan\u00eb q\u00ebllime krejt t\u00eb kund\u00ebrta: t\u00eb v\u00ebrtet\u00ebn p\u00ebr jet\u00ebn mjerane t\u00eb njeriut t\u00eb r\u00ebndomt\u00eb dhe pasionin e vet p\u00ebr t\u00eb mbetur p\u00ebrjet\u00eb n\u00eb pushtet, ta mbulojn\u00eb me mjegull\u00ebn e iluzioneve t\u00eb rrejshme.<\/p>\n<p>K\u00ebshtu q\u00eb, dallimi mes t\u00eb par\u00ebve e t\u00eb dyt\u00ebve, \u00ebsht\u00eb aq i madh e aq i thell\u00eb, sa jan\u00eb t\u00eb larg\u00ebta mes vete mburrja dhe turpi, saq\u00eb \u00ebsht\u00eb e larg\u00ebt krenaria e atyre q\u00eb dikur jan\u00eb quajtur krijues populist\u00eb dhe turpi q\u00eb duhet ta ndiejn\u00eb ata q\u00eb sot em\u00ebrtohen si politikan\u00eb populist\u00eb. \u2028Gjat\u00eb historis\u00eb m\u00eb t\u00eb re t\u00eb k\u00ebtyre hap\u00ebsirave, shum\u00eb her\u00eb \u00ebsht\u00eb treguar se mjegull m\u00eb e dendur e populizmit politik, se mbulesa m\u00eb e mir\u00eb e t\u00eb gjitha paaft\u00ebsive dhe pap\u00ebrgjegj\u00ebsive politike, \u00ebsht\u00eb nacionalromantizmi. Por, gjithashtu, \u00ebsht\u00eb d\u00ebshmuar se nacionalromantizmi \u00ebsht\u00eb kal\u00eb i ngutsh\u00ebm, i cili t\u00eb ngjit shum\u00eb shpejt n\u00eb lart\u00ebsit\u00eb marramend\u00ebse t\u00eb suksesit t\u00eb p\u00ebrkohsh\u00ebm politik, por ai kal\u00eb assesi nuk di t\u00eb t\u00eb zbres\u00eb nga ato lart\u00ebsi dhe n\u00eb t\u00eb shpesht\u00ebn e rasteve, rrokulliset teposht\u00eb s\u00eb bashku me kalor\u00ebsin\u00eb e vet.<\/p>\n<p>Kjo u pa n\u00eb m\u00ebnyr\u00eb shkollareske me nacionalromantik\u00ebt e vonuar t\u00eb Ballkanit t\u00eb para disa viteve, si p\u00ebr shembull me populizmin q\u00eb e promovoi Milloshevi\u00e7i fam\u00ebkeq, i cili ia doli t\u00eb fus\u00eb n\u00eb mjegull\u00ebn e mitomanis\u00eb pjes\u00ebn d\u00ebrrmuese t\u00eb popullit serb, t\u00eb grumbulloj\u00eb n\u00ebp\u00ebr mitingje me qindra mij\u00ebra mb\u00ebshtet\u00ebs q\u00eb k\u00ebrkonin t\u2019u shp\u00ebrndanin arm\u00eb p\u00ebr t\u00eb realizuar t\u00eb pamundur\u00ebn \u2013 iluzionin nacionalromantik, q\u00eb arriti nj\u00eb dekad\u00eb me radh\u00eb t\u2019i fitoj\u00eb zgjedhjet kund\u00ebr t\u00eb gjith\u00eb kund\u00ebrshtar\u00ebve t\u00eb vet politik dhe q\u00eb ia doli t\u2019i \u00e7onte t\u00eb gjitha mediat t\u2019i k\u00ebndonin k\u00ebng\u00eb adhurimi e trim\u00ebrie, por q\u00eb p\u00ebrfundoi i vetmuar n\u00eb qelin\u00eb e Burgut t\u00eb Hag\u00ebs.<\/p>\n<p>Por, Ballkani kurr\u00eb nuk ka qen\u00eb m\u00ebsues i mir\u00eb nga l\u00ebnda e historis\u00eb dhe e politik\u00ebs. Apo mbase fajtor\u00eb jan\u00eb nx\u00ebn\u00ebsit e shkollave t\u00eb k\u00ebtushme politike, t\u00eb cil\u00ebt \u00e7do gj\u00eb e kuptojn\u00eb mbrapsht, andaj, posa fillojn\u00eb t\u00eb merren me politik\u00eb, ia nisin nd\u00ebrtimin e p\u00ebrmendores s\u00eb lavdis\u00eb s\u00eb tyre, duke harruar se ajo duhet t\u00eb q\u00ebndroj\u00eb mbi bazamentin e fort\u00eb t\u00eb veprave q\u00eb l\u00ebn\u00eb pas vetes, e q\u00eb kan\u00eb t\u00eb b\u00ebjn\u00eb me shtetin q\u00eb drejtojn\u00eb.<\/p>\n<p>Nj\u00eb nd\u00ebr k\u00ebta nx\u00ebn\u00ebs t\u00eb shkollave politike ballkanase, \u00ebsht\u00eb edhe Kryeministri i Maqedonis\u00eb, Nikola Gruevski, t\u00eb cilit nuk i rri aq mir\u00eb petku populist e nacionalist. Edhe at\u00eb jo vet\u00ebm pse \u00ebsht\u00eb shum\u00eb i vonuar, jo edhe pse pas vetes ka popull q\u00eb numerikisht nuk e tejkalon numrin e prostitutave q\u00eb kan\u00eb metropolet e Europ\u00ebs, por ngaq\u00eb shteti shumetnik q\u00eb ai drejton, natyrsh\u00ebm e aborton \u00e7do projekt nj\u00eb etnik. Por, edhe si i till\u00eb, Gruevskit nuk duhet t\u2019i mohohet nj\u00eb e arrir\u00eb: ia doli q\u00eb edhe partit\u00eb shqiptare t\u2019i b\u00ebj\u00eb pjes\u00eb t\u00eb projekteve t\u00eb VMRO-DPMNE-s\u00eb n\u00eb pushtet dhe t\u2019i p\u00ebrfshij\u00eb edhe ato n\u00eb politik\u00ebb\u00ebrjen e mb\u00ebshtetur mbi nd\u00ebrtimin e shesheve dhe ngritjen e p\u00ebrmendoreve, edhe at\u00eb n\u00eb koh\u00eb kur qytetar\u00ebt e Maqedonis\u00eb e nd\u00ebrtojn\u00eb p\u00ebrmendoren e varf\u00ebris\u00eb dhe mjerimit t\u00eb vet ekonomik.<\/p>\n<p>Kur b\u00ebhet fjal\u00eb p\u00ebr populizmin dhe nacionalromantizmin maqedonas, t\u00eb cilin e ushqejn\u00eb dhe i prijn\u00eb pushtetar\u00ebt e sot\u00ebm maqedonas, duhet pasur parasysh se far\u00ebn e k\u00ebsaj bime ata e mbjellin n\u00eb ar\u00eb pjellore: mes popullit q\u00eb n\u00eb librin amz\u00eb t\u00eb t\u00eb lindurve \u00ebsht\u00eb regjistruar q\u00eb nga vitet e pas Luft\u00ebs s\u00eb Dyt\u00eb Bot\u00ebrore. Por, atyre nuk u p\u00ebrshtatet vet\u00ebm ara, p\u00ebr k\u00ebt\u00eb u ndihmon edhe klima politike: mospasje pandan politik shqiptar q\u00eb do t\u2019i pengonte t\u00eb mbillnin far\u00ebn e bim\u00ebs populiste n\u00eb fillim t\u00eb shekullit t\u00eb nj\u00ebzetenj\u00eb dhe n\u00eb nj\u00eb shtet me p\u00ebrb\u00ebrje shumetnike e shum\u00ebreligjioze. Ar\u00ebn populiste t\u00eb Gruevskit e b\u00ebn t\u00eb jet\u00eb pjellore edhe bindja e tij e sakt\u00eb, se bashk\u00ebsis\u00eb nd\u00ebrkomb\u00ebtare nuk do t\u2019i lejoj\u00eb t\u00eb d\u00ebshtoj\u00eb projekti i saj i quajtur Maqedoni shumetnike.<\/p>\n<p>Andaj, kur e shum\u00ebzon p\u00ebrshtypjen se lider\u00ebt e partive t\u00eb k\u00ebtushme shqiptare ia kan\u00eb zili heroit t\u00eb ardhur nga shekulli i n\u00ebnt\u00ebmb\u00ebdhjet\u00eb, me mosngutjen e bashk\u00ebsis\u00eb nd\u00ebrkomb\u00ebtare q\u00eb ta disiplinoj\u00eb miun q\u00eb \u00ebnd\u00ebrron t\u00eb b\u00ebhet luan, e fiton numrin e shqiptar\u00ebve t\u00eb d\u00ebshp\u00ebruar, t\u00eb cil\u00ebt e kan\u00eb humbur besimin n\u00eb partit\u00eb e tyre politike dhe q\u00eb v\u00ebshtir\u00eb se do gjejn\u00eb ndonj\u00eb motiv t\u2019u drejtohen kutive t\u00eb votimit n\u00eb zgjedhjet e ardhshme parlamentare. Dhe mbase ky motiv do t\u2019u mungoj\u00eb atyre edhe sikur Brukseli ta shpall\u00eb Ali Ahmetin hero t\u00eb pashoq sa i p\u00ebrket durimit e pritjes dhe si prototip t\u00eb liderit modern partiak q\u00eb ka arritur t\u00eb pamundur\u00ebn, e q\u00eb mbase mund t\u00eb arrihet vet\u00ebm n\u00eb bot\u00ebn shqiptare: t\u00eb nd\u00ebrtosh karrier\u00eb politike duke p\u00ebrs\u00ebritur vet\u00ebm nj\u00eb fraz\u00eb \u2013 at\u00eb p\u00ebr p\u00ebrkushtimin e partis\u00eb s\u00eb tij, q\u00eb Maqedonia sa m\u00eb shpejt t\u00eb an\u00ebtar\u00ebsohet n\u00eb NATO dhe n\u00eb BE.<\/p>\n<p>Me \u00e7far\u00eb ke p\u00ebrshtypjen se kryesuesit e BDI-s\u00eb nuk jan\u00eb p\u00ebrfaq\u00ebsues t\u00eb shqiptar\u00ebve t\u00eb k\u00ebtush\u00ebm, por t\u00eb deleguar t\u00eb NATO-s\u00eb p\u00ebr zgjerimin e saj n\u00eb Ballkan dhe euroambasador\u00eb q\u00eb kan\u00eb p\u00ebr detyr\u00eb ta regjistrojn\u00eb e t\u00eb raportojn\u00eb drejt p\u00ebr situat\u00ebn politike n\u00eb Maqedoni. \u2028Duke qen\u00eb Gruevski Kryemjeshtri i loj\u00ebs populiste, e BDI-ja v\u00ebzhguese pasive e loj\u00ebs s\u00eb tij, shqiptar\u00ebt e k\u00ebtush\u00ebm erdh\u00ebn n\u00eb pozit\u00eb t\u00eb ndihen si t\u00eb ngulfatur nga kthetrat e nacionalromantizmit t\u00eb VMRO-DPMNE-s\u00eb.<\/p>\n<p>Dhe duke u ndier ashtu, ata as q\u00eb v\u00ebrejn\u00eb se edhe parimi i Badenterit \u00ebsht\u00eb zbehur po aq sa e t\u00ebr\u00eb Marr\u00ebveshja e Ohrit. Andaj edhe nuk e pyesin BDI-n\u00eb pse miratimi i buxhetit t\u00eb shtetit, apo rebalanci i tij, nuk votohet sipas k\u00ebtij parimi \u2013 edhe me votat shumic\u00eb t\u00eb parlamentar\u00ebve shqiptar\u00eb? Pra, ata nuk e pyesin Ali Ahmetin se cili ligj \u00ebsht\u00eb m\u00eb i r\u00ebnd\u00ebsish\u00ebm p\u00ebr mbrojtjen e qenies komb\u00ebtare, se ai q\u00eb ka t\u00eb b\u00ebj\u00eb me ndarjen e buxhetit t\u00eb shtetit? Dhe duke mos shtruar k\u00ebt\u00eb pyetje, shqiptar\u00ebt e k\u00ebtush\u00ebm nuk ia dalin t\u00eb shohin pse Gruevski ka filluar t\u00eb b\u00ebhet m\u00eb dor\u00eblir\u00eb n\u00eb ndarjen e mjeteve p\u00ebr sheshet \u201cshqiptare\u201d n\u00eb form\u00eb t\u00eb garazheve n\u00ebntok\u00ebsore dhe p\u00ebr p\u00ebrmendoret e BDI-s\u00eb.<\/p>\n<p>Pra, ata nuk ia dalin t\u00eb shohin se dor\u00eblir\u00ebsia e tij ndaj shesheve \u201cshqiptare\u201d ka t\u00eb b\u00ebj\u00eb me mbulimin e harxhimeve anormale p\u00ebr ngritjen e p\u00ebrmendoreve t\u00eb veta dhe p\u00ebr teleferikun q\u00eb do t\u2019i \u00e7oj\u00eb shqiptar\u00ebt shkupjan\u00eb deri te kryqi n\u00eb Vodno. Dhe duke mos e par\u00eb k\u00ebt\u00eb, shqiptar\u00ebt e k\u00ebtush\u00ebm nuk e hetojn\u00eb q\u00ebllimin pervers t\u00eb Gruevskit: ai do t\u00eb arrij\u00eb t\u00eb pamundur\u00ebn \u2013 q\u00eb populizmit t\u00eb vet t\u2019i jap\u00eb ngjyra shumetnike. K\u00ebt\u00eb do ta arrij\u00eb duke e ndar\u00eb at\u00eb me BDI-n\u00eb dhe duke paguar nj\u00eb \u00e7mim aq sa kushton nj\u00eb \u00e7ar\u00e7af n\u00eb dhom\u00ebn e kompletuar t\u00eb fjetjes.<\/p>\n","protected":false},"excerpt":{"rendered":"<p>Kim Mehmeti Gjat\u00eb historis\u00eb m\u00eb t\u00eb re t\u00eb k\u00ebtyre hap\u00ebsirave, shum\u00eb her\u00eb \u00ebsht\u00eb treguar se mjegulla m\u00eb e dendur e populizmit politik, se mbulesa m\u00eb e mir\u00eb e t\u00eb gjitha paaft\u00ebsive dhe pap\u00ebrgjegj\u00ebsive politike, \u00ebsht\u00eb nacionalromantizmi Populizmi \u00ebsht\u00eb em\u00ebrtim i l\u00ebvizjes letrare franceze, e cila frym\u00ebzohej nga dashuria ndaj popullit, e q\u00eb kishte p\u00ebr q\u00ebllim [&hellip;]<\/p>\n","protected":false},"author":1,"featured_media":0,"comment_status":"open","ping_status":"closed","sticky":false,"template":"","format":"standard","meta":{"footnotes":""},"categories":[2],"tags":[],"class_list":{"0":"post-4272","1":"post","2":"type-post","3":"status-publish","4":"format-standard","6":"category-artikuj"},"yoast_head":"<!-- This site is optimized with the Yoast SEO plugin v27.4 - https:\/\/yoast.com\/product\/yoast-seo-wordpress\/ -->\n<title>N\u00eb mes t\u00eb populizmit dhe paaft\u00ebsis\u00eb - FjALA e LIR\u00cb - Arkivi<\/title>\n<meta name=\"robots\" content=\"index, follow, max-snippet:-1, max-image-preview:large, max-video-preview:-1\" \/>\n<link rel=\"canonical\" href=\"https:\/\/fjala.info\/2009-2015\/ne-mes-te-populizmit-dhe-paaftesise\/\" \/>\n<meta property=\"og:locale\" content=\"sq_AL\" \/>\n<meta property=\"og:type\" content=\"article\" \/>\n<meta property=\"og:title\" content=\"N\u00eb mes t\u00eb populizmit dhe paaft\u00ebsis\u00eb - FjALA e LIR\u00cb - Arkivi\" \/>\n<meta property=\"og:description\" content=\"Kim Mehmeti Gjat\u00eb historis\u00eb m\u00eb t\u00eb re t\u00eb k\u00ebtyre hap\u00ebsirave, shum\u00eb her\u00eb \u00ebsht\u00eb treguar se mjegulla m\u00eb e dendur e populizmit politik, se mbulesa m\u00eb e mir\u00eb e t\u00eb gjitha paaft\u00ebsive dhe pap\u00ebrgjegj\u00ebsive politike, \u00ebsht\u00eb nacionalromantizmi Populizmi \u00ebsht\u00eb em\u00ebrtim i l\u00ebvizjes letrare franceze, e cila frym\u00ebzohej nga dashuria ndaj popullit, e q\u00eb kishte p\u00ebr q\u00ebllim [&hellip;]\" \/>\n<meta property=\"og:url\" content=\"https:\/\/fjala.info\/2009-2015\/ne-mes-te-populizmit-dhe-paaftesise\/\" \/>\n<meta property=\"og:site_name\" content=\"FjALA e LIR\u00cb - Arkivi\" \/>\n<meta property=\"article:published_time\" content=\"2010-10-12T06:53:03+00:00\" \/>\n<meta property=\"og:image\" content=\"http:\/\/fjala.shkoder.net\/wp-content\/uploads\/2010\/10\/kim_mehmeti.jpg\" \/>\n<meta name=\"author\" content=\"admin\" \/>\n<meta name=\"twitter:card\" content=\"summary_large_image\" \/>\n<meta name=\"twitter:label1\" content=\"Written by\" \/>\n\t<meta name=\"twitter:data1\" content=\"admin\" \/>\n\t<meta name=\"twitter:label2\" content=\"Est. reading time\" \/>\n\t<meta name=\"twitter:data2\" content=\"7 minutes\" \/>\n<script type=\"application\/ld+json\" class=\"yoast-schema-graph\">{\"@context\":\"https:\\\/\\\/schema.org\",\"@graph\":[{\"@type\":\"Article\",\"@id\":\"https:\\\/\\\/fjala.info\\\/2009-2015\\\/ne-mes-te-populizmit-dhe-paaftesise\\\/#article\",\"isPartOf\":{\"@id\":\"https:\\\/\\\/fjala.info\\\/2009-2015\\\/ne-mes-te-populizmit-dhe-paaftesise\\\/\"},\"author\":{\"name\":\"admin\",\"@id\":\"https:\\\/\\\/fjala.info\\\/2009-2015\\\/#\\\/schema\\\/person\\\/3aa1163ef05469c496fc94e77611ada2\"},\"headline\":\"N\u00eb mes t\u00eb populizmit dhe paaft\u00ebsis\u00eb\",\"datePublished\":\"2010-10-12T06:53:03+00:00\",\"mainEntityOfPage\":{\"@id\":\"https:\\\/\\\/fjala.info\\\/2009-2015\\\/ne-mes-te-populizmit-dhe-paaftesise\\\/\"},\"wordCount\":1488,\"commentCount\":0,\"publisher\":{\"@id\":\"https:\\\/\\\/fjala.info\\\/2009-2015\\\/#organization\"},\"image\":{\"@id\":\"https:\\\/\\\/fjala.info\\\/2009-2015\\\/ne-mes-te-populizmit-dhe-paaftesise\\\/#primaryimage\"},\"thumbnailUrl\":\"http:\\\/\\\/fjala.shkoder.net\\\/wp-content\\\/uploads\\\/2010\\\/10\\\/kim_mehmeti.jpg\",\"articleSection\":[\"Artikuj\"],\"inLanguage\":\"sq-AL\",\"potentialAction\":[{\"@type\":\"CommentAction\",\"name\":\"Comment\",\"target\":[\"https:\\\/\\\/fjala.info\\\/2009-2015\\\/ne-mes-te-populizmit-dhe-paaftesise\\\/#respond\"]}]},{\"@type\":\"WebPage\",\"@id\":\"https:\\\/\\\/fjala.info\\\/2009-2015\\\/ne-mes-te-populizmit-dhe-paaftesise\\\/\",\"url\":\"https:\\\/\\\/fjala.info\\\/2009-2015\\\/ne-mes-te-populizmit-dhe-paaftesise\\\/\",\"name\":\"N\u00eb mes t\u00eb populizmit dhe paaft\u00ebsis\u00eb - FjALA e LIR\u00cb - Arkivi\",\"isPartOf\":{\"@id\":\"https:\\\/\\\/fjala.info\\\/2009-2015\\\/#website\"},\"primaryImageOfPage\":{\"@id\":\"https:\\\/\\\/fjala.info\\\/2009-2015\\\/ne-mes-te-populizmit-dhe-paaftesise\\\/#primaryimage\"},\"image\":{\"@id\":\"https:\\\/\\\/fjala.info\\\/2009-2015\\\/ne-mes-te-populizmit-dhe-paaftesise\\\/#primaryimage\"},\"thumbnailUrl\":\"http:\\\/\\\/fjala.shkoder.net\\\/wp-content\\\/uploads\\\/2010\\\/10\\\/kim_mehmeti.jpg\",\"datePublished\":\"2010-10-12T06:53:03+00:00\",\"breadcrumb\":{\"@id\":\"https:\\\/\\\/fjala.info\\\/2009-2015\\\/ne-mes-te-populizmit-dhe-paaftesise\\\/#breadcrumb\"},\"inLanguage\":\"sq-AL\",\"potentialAction\":[{\"@type\":\"ReadAction\",\"target\":[\"https:\\\/\\\/fjala.info\\\/2009-2015\\\/ne-mes-te-populizmit-dhe-paaftesise\\\/\"]}]},{\"@type\":\"ImageObject\",\"inLanguage\":\"sq-AL\",\"@id\":\"https:\\\/\\\/fjala.info\\\/2009-2015\\\/ne-mes-te-populizmit-dhe-paaftesise\\\/#primaryimage\",\"url\":\"http:\\\/\\\/fjala.shkoder.net\\\/wp-content\\\/uploads\\\/2010\\\/10\\\/kim_mehmeti.jpg\",\"contentUrl\":\"http:\\\/\\\/fjala.shkoder.net\\\/wp-content\\\/uploads\\\/2010\\\/10\\\/kim_mehmeti.jpg\"},{\"@type\":\"BreadcrumbList\",\"@id\":\"https:\\\/\\\/fjala.info\\\/2009-2015\\\/ne-mes-te-populizmit-dhe-paaftesise\\\/#breadcrumb\",\"itemListElement\":[{\"@type\":\"ListItem\",\"position\":1,\"name\":\"Home\",\"item\":\"https:\\\/\\\/fjala.info\\\/2009-2015\\\/\"},{\"@type\":\"ListItem\",\"position\":2,\"name\":\"N\u00eb mes t\u00eb populizmit dhe paaft\u00ebsis\u00eb\"}]},{\"@type\":\"WebSite\",\"@id\":\"https:\\\/\\\/fjala.info\\\/2009-2015\\\/#website\",\"url\":\"https:\\\/\\\/fjala.info\\\/2009-2015\\\/\",\"name\":\"FjALA e LIR\u00cb - Arkivi\",\"description\":\"Arkivi 2009-2015\",\"publisher\":{\"@id\":\"https:\\\/\\\/fjala.info\\\/2009-2015\\\/#organization\"},\"potentialAction\":[{\"@type\":\"SearchAction\",\"target\":{\"@type\":\"EntryPoint\",\"urlTemplate\":\"https:\\\/\\\/fjala.info\\\/2009-2015\\\/?s={search_term_string}\"},\"query-input\":{\"@type\":\"PropertyValueSpecification\",\"valueRequired\":true,\"valueName\":\"search_term_string\"}}],\"inLanguage\":\"sq-AL\"},{\"@type\":\"Organization\",\"@id\":\"https:\\\/\\\/fjala.info\\\/2009-2015\\\/#organization\",\"name\":\"FjALA e LIR\u00cb - Arkivi\",\"url\":\"https:\\\/\\\/fjala.info\\\/2009-2015\\\/\",\"logo\":{\"@type\":\"ImageObject\",\"inLanguage\":\"sq-AL\",\"@id\":\"https:\\\/\\\/fjala.info\\\/2009-2015\\\/#\\\/schema\\\/logo\\\/image\\\/\",\"url\":\"\",\"contentUrl\":\"\",\"caption\":\"FjALA e LIR\u00cb - Arkivi\"},\"image\":{\"@id\":\"https:\\\/\\\/fjala.info\\\/2009-2015\\\/#\\\/schema\\\/logo\\\/image\\\/\"}},{\"@type\":\"Person\",\"@id\":\"https:\\\/\\\/fjala.info\\\/2009-2015\\\/#\\\/schema\\\/person\\\/3aa1163ef05469c496fc94e77611ada2\",\"name\":\"admin\",\"image\":{\"@type\":\"ImageObject\",\"inLanguage\":\"sq-AL\",\"@id\":\"https:\\\/\\\/fjala.info\\\/2009-2015\\\/wp-content\\\/uploads\\\/2012\\\/02\\\/arben_cokaj-120x150.jpg\",\"url\":\"https:\\\/\\\/fjala.info\\\/2009-2015\\\/wp-content\\\/uploads\\\/2012\\\/02\\\/arben_cokaj-120x150.jpg\",\"contentUrl\":\"https:\\\/\\\/fjala.info\\\/2009-2015\\\/wp-content\\\/uploads\\\/2012\\\/02\\\/arben_cokaj-120x150.jpg\",\"caption\":\"admin\"},\"description\":\"Admin, Fjala e Lir\u00eb\",\"sameAs\":[\"https:\\\/\\\/fjala.info\\\/\"],\"url\":\"https:\\\/\\\/fjala.info\\\/2009-2015\\\/author\\\/admin\\\/\"}]}<\/script>\n<!-- \/ Yoast SEO plugin. -->","yoast_head_json":{"title":"N\u00eb mes t\u00eb populizmit dhe paaft\u00ebsis\u00eb - FjALA e LIR\u00cb - Arkivi","robots":{"index":"index","follow":"follow","max-snippet":"max-snippet:-1","max-image-preview":"max-image-preview:large","max-video-preview":"max-video-preview:-1"},"canonical":"https:\/\/fjala.info\/2009-2015\/ne-mes-te-populizmit-dhe-paaftesise\/","og_locale":"sq_AL","og_type":"article","og_title":"N\u00eb mes t\u00eb populizmit dhe paaft\u00ebsis\u00eb - FjALA e LIR\u00cb - Arkivi","og_description":"Kim Mehmeti Gjat\u00eb historis\u00eb m\u00eb t\u00eb re t\u00eb k\u00ebtyre hap\u00ebsirave, shum\u00eb her\u00eb \u00ebsht\u00eb treguar se mjegulla m\u00eb e dendur e populizmit politik, se mbulesa m\u00eb e mir\u00eb e t\u00eb gjitha paaft\u00ebsive dhe pap\u00ebrgjegj\u00ebsive politike, \u00ebsht\u00eb nacionalromantizmi Populizmi \u00ebsht\u00eb em\u00ebrtim i l\u00ebvizjes letrare franceze, e cila frym\u00ebzohej nga dashuria ndaj popullit, e q\u00eb kishte p\u00ebr q\u00ebllim [&hellip;]","og_url":"https:\/\/fjala.info\/2009-2015\/ne-mes-te-populizmit-dhe-paaftesise\/","og_site_name":"FjALA e LIR\u00cb - Arkivi","article_published_time":"2010-10-12T06:53:03+00:00","og_image":[{"url":"http:\/\/fjala.shkoder.net\/wp-content\/uploads\/2010\/10\/kim_mehmeti.jpg","type":"","width":"","height":""}],"author":"admin","twitter_card":"summary_large_image","twitter_misc":{"Written by":"admin","Est. reading time":"7 minutes"},"schema":{"@context":"https:\/\/schema.org","@graph":[{"@type":"Article","@id":"https:\/\/fjala.info\/2009-2015\/ne-mes-te-populizmit-dhe-paaftesise\/#article","isPartOf":{"@id":"https:\/\/fjala.info\/2009-2015\/ne-mes-te-populizmit-dhe-paaftesise\/"},"author":{"name":"admin","@id":"https:\/\/fjala.info\/2009-2015\/#\/schema\/person\/3aa1163ef05469c496fc94e77611ada2"},"headline":"N\u00eb mes t\u00eb populizmit dhe paaft\u00ebsis\u00eb","datePublished":"2010-10-12T06:53:03+00:00","mainEntityOfPage":{"@id":"https:\/\/fjala.info\/2009-2015\/ne-mes-te-populizmit-dhe-paaftesise\/"},"wordCount":1488,"commentCount":0,"publisher":{"@id":"https:\/\/fjala.info\/2009-2015\/#organization"},"image":{"@id":"https:\/\/fjala.info\/2009-2015\/ne-mes-te-populizmit-dhe-paaftesise\/#primaryimage"},"thumbnailUrl":"http:\/\/fjala.shkoder.net\/wp-content\/uploads\/2010\/10\/kim_mehmeti.jpg","articleSection":["Artikuj"],"inLanguage":"sq-AL","potentialAction":[{"@type":"CommentAction","name":"Comment","target":["https:\/\/fjala.info\/2009-2015\/ne-mes-te-populizmit-dhe-paaftesise\/#respond"]}]},{"@type":"WebPage","@id":"https:\/\/fjala.info\/2009-2015\/ne-mes-te-populizmit-dhe-paaftesise\/","url":"https:\/\/fjala.info\/2009-2015\/ne-mes-te-populizmit-dhe-paaftesise\/","name":"N\u00eb mes t\u00eb populizmit dhe paaft\u00ebsis\u00eb - FjALA e LIR\u00cb - Arkivi","isPartOf":{"@id":"https:\/\/fjala.info\/2009-2015\/#website"},"primaryImageOfPage":{"@id":"https:\/\/fjala.info\/2009-2015\/ne-mes-te-populizmit-dhe-paaftesise\/#primaryimage"},"image":{"@id":"https:\/\/fjala.info\/2009-2015\/ne-mes-te-populizmit-dhe-paaftesise\/#primaryimage"},"thumbnailUrl":"http:\/\/fjala.shkoder.net\/wp-content\/uploads\/2010\/10\/kim_mehmeti.jpg","datePublished":"2010-10-12T06:53:03+00:00","breadcrumb":{"@id":"https:\/\/fjala.info\/2009-2015\/ne-mes-te-populizmit-dhe-paaftesise\/#breadcrumb"},"inLanguage":"sq-AL","potentialAction":[{"@type":"ReadAction","target":["https:\/\/fjala.info\/2009-2015\/ne-mes-te-populizmit-dhe-paaftesise\/"]}]},{"@type":"ImageObject","inLanguage":"sq-AL","@id":"https:\/\/fjala.info\/2009-2015\/ne-mes-te-populizmit-dhe-paaftesise\/#primaryimage","url":"http:\/\/fjala.shkoder.net\/wp-content\/uploads\/2010\/10\/kim_mehmeti.jpg","contentUrl":"http:\/\/fjala.shkoder.net\/wp-content\/uploads\/2010\/10\/kim_mehmeti.jpg"},{"@type":"BreadcrumbList","@id":"https:\/\/fjala.info\/2009-2015\/ne-mes-te-populizmit-dhe-paaftesise\/#breadcrumb","itemListElement":[{"@type":"ListItem","position":1,"name":"Home","item":"https:\/\/fjala.info\/2009-2015\/"},{"@type":"ListItem","position":2,"name":"N\u00eb mes t\u00eb populizmit dhe paaft\u00ebsis\u00eb"}]},{"@type":"WebSite","@id":"https:\/\/fjala.info\/2009-2015\/#website","url":"https:\/\/fjala.info\/2009-2015\/","name":"FjALA e LIR\u00cb - Arkivi","description":"Arkivi 2009-2015","publisher":{"@id":"https:\/\/fjala.info\/2009-2015\/#organization"},"potentialAction":[{"@type":"SearchAction","target":{"@type":"EntryPoint","urlTemplate":"https:\/\/fjala.info\/2009-2015\/?s={search_term_string}"},"query-input":{"@type":"PropertyValueSpecification","valueRequired":true,"valueName":"search_term_string"}}],"inLanguage":"sq-AL"},{"@type":"Organization","@id":"https:\/\/fjala.info\/2009-2015\/#organization","name":"FjALA e LIR\u00cb - Arkivi","url":"https:\/\/fjala.info\/2009-2015\/","logo":{"@type":"ImageObject","inLanguage":"sq-AL","@id":"https:\/\/fjala.info\/2009-2015\/#\/schema\/logo\/image\/","url":"","contentUrl":"","caption":"FjALA e LIR\u00cb - Arkivi"},"image":{"@id":"https:\/\/fjala.info\/2009-2015\/#\/schema\/logo\/image\/"}},{"@type":"Person","@id":"https:\/\/fjala.info\/2009-2015\/#\/schema\/person\/3aa1163ef05469c496fc94e77611ada2","name":"admin","image":{"@type":"ImageObject","inLanguage":"sq-AL","@id":"https:\/\/fjala.info\/2009-2015\/wp-content\/uploads\/2012\/02\/arben_cokaj-120x150.jpg","url":"https:\/\/fjala.info\/2009-2015\/wp-content\/uploads\/2012\/02\/arben_cokaj-120x150.jpg","contentUrl":"https:\/\/fjala.info\/2009-2015\/wp-content\/uploads\/2012\/02\/arben_cokaj-120x150.jpg","caption":"admin"},"description":"Admin, Fjala e Lir\u00eb","sameAs":["https:\/\/fjala.info\/"],"url":"https:\/\/fjala.info\/2009-2015\/author\/admin\/"}]}},"_links":{"self":[{"href":"https:\/\/fjala.info\/2009-2015\/wp-json\/wp\/v2\/posts\/4272","targetHints":{"allow":["GET"]}}],"collection":[{"href":"https:\/\/fjala.info\/2009-2015\/wp-json\/wp\/v2\/posts"}],"about":[{"href":"https:\/\/fjala.info\/2009-2015\/wp-json\/wp\/v2\/types\/post"}],"author":[{"embeddable":true,"href":"https:\/\/fjala.info\/2009-2015\/wp-json\/wp\/v2\/users\/1"}],"replies":[{"embeddable":true,"href":"https:\/\/fjala.info\/2009-2015\/wp-json\/wp\/v2\/comments?post=4272"}],"version-history":[{"count":0,"href":"https:\/\/fjala.info\/2009-2015\/wp-json\/wp\/v2\/posts\/4272\/revisions"}],"wp:attachment":[{"href":"https:\/\/fjala.info\/2009-2015\/wp-json\/wp\/v2\/media?parent=4272"}],"wp:term":[{"taxonomy":"category","embeddable":true,"href":"https:\/\/fjala.info\/2009-2015\/wp-json\/wp\/v2\/categories?post=4272"},{"taxonomy":"post_tag","embeddable":true,"href":"https:\/\/fjala.info\/2009-2015\/wp-json\/wp\/v2\/tags?post=4272"}],"curies":[{"name":"wp","href":"https:\/\/api.w.org\/{rel}","templated":true}]}}