{"id":4263,"date":"2010-10-10T21:39:50","date_gmt":"2010-10-10T20:39:50","guid":{"rendered":"http:\/\/fjala.shkoder.net\/?p=4263"},"modified":"2010-10-10T21:39:50","modified_gmt":"2010-10-10T20:39:50","slug":"opozita-rikerkon-largimin-e-bregut-turpi-i-qeverise-e-shqiptareve","status":"publish","type":"post","link":"https:\/\/fjala.info\/2009-2015\/opozita-rikerkon-largimin-e-bregut-turpi-i-qeverise-e-shqiptareve\/","title":{"rendered":"Opozita rik\u00ebrkon largimin e Bregut: Turpi i qeveris\u00eb e shqiptar\u00ebve"},"content":{"rendered":"<p style=\"text-align: center;\"><strong><img loading=\"lazy\" decoding=\"async\" class=\"alignleft size-medium wp-image-4264\" title=\"Majlinda Bregu\" src=\"http:\/\/fjala.shkoder.net\/wp-content\/uploads\/2010\/10\/majlinda_bregu-300x193.jpg\" alt=\"\" width=\"300\" height=\"193\" \/><\/strong><\/p>\n<p><strong>Shekulli Online<\/strong>, <em>10.10.2010<\/em><\/p>\n<p>TIRAN\u00cb &#8211; Nd\u00ebrkoh\u00eb q\u00eb gjykata ka kospitur dosjen p\u00ebr lidhjen e kunet\u00ebrve t\u00eb ministres s\u00eb Integrimit, Majlinda Bregu me mafian, Partia Socialiste ka p\u00ebrs\u00ebritur s\u00ebrish sot k\u00ebrkes\u00ebn p\u00ebr largimin e saj.<\/p>\n<p>Gjat\u00eb nj\u00eb deklarate p\u00ebr mediat, deputetja Olta Xha\u00e7ka ka kujtuar se Bregu, ende nuk ka dh\u00ebn\u00eb shpjegime mbi lidhjet e familjar\u00ebve t\u00eb saj me mafian italiane t\u00eb Sacra Corona Unita.<br \/>\n&#8220;N\u00eb fillim Majlinda Bregu tha se nuk kishte lidhje me bizneset e motr\u00ebs dhe t\u00eb kunatit dhe se Prudentinon as nuk e njihte, por m\u00eb pas nxitoi t\u00eb justifikonte djalin e mafiozit italian t\u00eb Sacra Corona Unita duke nxjerre dhe dokumente personale t\u00eb Angelo Prudentinos&#8221;- tha ajo.<\/p>\n<p>Sipas Xha\u00e7k\u00ebs, nd\u00ebrhyrjet e zonj\u00ebs Bregu n\u00eb QKR jan\u00eb gjithashtu motiv p\u00ebr pik\u00ebpyetje t\u00eb m\u00ebdha n\u00eb lidhje me funksionimin, ose m\u00eb sakt\u00eb manipulimin q\u00eb i b\u00ebhet k\u00ebtij institucioni.<\/p>\n<p>&#8220;N\u00eb rast se kur b\u00ebhej fjal\u00eb p\u00ebr v\u00ebllain e bashk\u00ebshortit t\u00eb Majlinda Bregut, drejtori i QKR doli e justifikoi kunatin e Ministres duke th\u00ebn\u00eb se reflektimi i ndryshimeve n\u00eb QKR k\u00ebrkon muaj, n\u00eb rastin e kunatit tjet\u00ebr t\u00eb Ministres, k\u00ebtij t\u00eb lidhur n\u00eb biznes me Sacra Corona Unita, shohim se ndryshimet n\u00eb QKR ndodhin edhe m\u00eb shpejt se harku kohor i 24 or\u00ebve edhe pse n\u00eb k\u00ebt\u00eb rast b\u00ebhej fjal\u00eb p\u00ebr transaksione financiare q\u00eb ngren\u00eb dyshime t\u00eb m\u00ebdha p\u00ebr veprime t\u00eb pastra larjesh parash t\u00eb pista&#8221;- tha m\u00eb tej ajo.<\/p>\n<p>Xha\u00e7ka u ndal gjithashtu edhe n\u00eb mosdeklarimin e pasuris\u00eb s\u00eb Bregut, duke i kujtuar apartamentet n\u00eb qend\u00ebr t\u00eb Tiran\u00ebs.<\/p>\n<p style=\"text-align: center;\">* * *<\/p>\n<p>Perballe akuzave dhe fakteve, Ministrja e Integrimit Majlinda Bregu ka deklaruar dite me pare se ka denoncuar ligj\u00ebrisht kreun e Partis\u00eb Socialiste Edi Rama. E v\u00ebn\u00eb n\u00eb qend\u00ebr t\u00eb denoncimeve t\u00eb opozit\u00ebs koh\u00ebt e fundit p\u00ebr lidhjet t\u00eb familjar\u00ebve t\u00eb saj me mafian, Bregu tha se e sfidoj ligj\u00ebrisht Edi Ram\u00ebn.<\/p>\n<p>&#8220;T\u00eb sfidoj ligj\u00ebrisht ty Edvin Rama, pasi kam zgjedhur rrug\u00ebn ligjore p\u00ebr cdo akuz\u00eb ndaj meje&#8221;-tha Bregu<\/p>\n<p>M\u00eb tej ajo shtoi se tashm\u00eb ka paraqitur n\u00eb Gjykat\u00eb padin\u00eb p\u00ebr shpifje kund\u00ebr kreut t\u00eb PS-s\u00eb.<\/p>\n<p>Bregu tha se ajo p\u00ebrgjigjet dhe mban p\u00ebrgjegj\u00ebsi vet\u00ebm p\u00ebr bashk\u00ebshortin dhe dy f\u00ebmij\u00ebt e saj, nd\u00ebrsa k\u00ebrkoi nga ILDKP-ja t\u00eb shprehet zyrtarisht p\u00ebr pasurin\u00eb e saj.<\/p>\n<p style=\"text-align: center;\">* * *<\/p>\n<p>Gjate takimeve ne Fier dhe Shkoder, dy dite me pare kreu i opozites Edi Rama tha se askush nuk do na e mbylli goj\u00ebn, dhe kjo qeveri, sipas tij, \u00ebsht\u00eb v\u00ebn\u00eb me shpatulla p\u00ebr muri. Duke iu referuar shk\u00ebmbimit t\u00eb akuzave n\u00eb distance nd\u00ebrmjet PS-s\u00eb dhe Ministres s\u00eb Integrimit Majlinda Bregu, Rama tha se Bregu u justifikua duke sulmuar opozit\u00ebn, dhe se duke mos u distancuar nga motra dhe kunati ajo po b\u00ebhet mburoj\u00eb e gjith\u00eb k\u00ebtij aktiviteti.<\/p>\n<p>Qeveria \u00ebsht\u00eb e zhytur n\u00eb llumin e korrupsionit vazhdoi m\u00eb tej kreu socialist, faktet e korrupsionit po dalin n\u00eb drit\u00eb cdo dit\u00eb, dhe ne, provat e k\u00ebtij korrupsioni do t&#8217;I cojm\u00eb n\u00eb Prokurori, tha Rama<\/p>\n<p>Ka reaguar menj\u00ebher\u00eb pas deklaratave t\u00eb kreut t\u00eb PS-s\u00eb Edi Rama, Ministrja e Integrimit Majlinda Bregu, e cila tha se nuk do t\u00eb jap\u00eb dor\u00ebheqjen, pasi sipas saj nuk e detyron askush ta b\u00ebj\u00eb k\u00ebt\u00eb.<\/p>\n<p>Bregu mohoi t\u00eb kishte dijeni p\u00ebr bizneset e kunet\u00ebrve t\u00eb saj, por tha se motra e saj dhe bashk\u00ebshorti nuk kan\u00eb asnj\u00eb lidhje me t\u00eb arrestuarin Albino Prudentino.<\/p>\n<p>Sa i p\u00ebrket, regjistrimit n\u00eb QKR, Bregu tha se \u00ebsht\u00eb e v\u00ebrtet\u00eb q\u00eb tashm\u00eb Prudentino nuk ka aksione n\u00eb kompanin\u00eb BETTING SYSTEM ALBANIA, pasi pas nj\u00eb mbledhjeje t\u00eb aksioner\u00ebve, ai i shiti p\u00ebr shkak t\u00eb situat\u00ebs s\u00eb krijuar.<\/p>\n<p>Ajo tha se do t\u00eb depozitoj\u00eb padi penale dhe civile p\u00ebr shpifje, kund\u00ebr kreut t\u00eb PS Edi Rama<\/p>\n","protected":false},"excerpt":{"rendered":"<p>Shekulli Online, 10.10.2010 TIRAN\u00cb &#8211; Nd\u00ebrkoh\u00eb q\u00eb gjykata ka kospitur dosjen p\u00ebr lidhjen e kunet\u00ebrve t\u00eb ministres s\u00eb Integrimit, Majlinda Bregu me mafian, Partia Socialiste ka p\u00ebrs\u00ebritur s\u00ebrish sot k\u00ebrkes\u00ebn p\u00ebr largimin e saj. Gjat\u00eb nj\u00eb deklarate p\u00ebr mediat, deputetja Olta Xha\u00e7ka ka kujtuar se Bregu, ende nuk ka dh\u00ebn\u00eb shpjegime mbi lidhjet e familjar\u00ebve [&hellip;]<\/p>\n","protected":false},"author":1,"featured_media":0,"comment_status":"open","ping_status":"closed","sticky":false,"template":"","format":"standard","meta":{"footnotes":""},"categories":[2],"tags":[],"class_list":{"0":"post-4263","1":"post","2":"type-post","3":"status-publish","4":"format-standard","6":"category-artikuj"},"yoast_head":"<!-- This site is optimized with the Yoast SEO plugin v27.4 - https:\/\/yoast.com\/product\/yoast-seo-wordpress\/ -->\n<title>Opozita rik\u00ebrkon largimin e Bregut: Turpi i qeveris\u00eb e shqiptar\u00ebve - FjALA e LIR\u00cb - Arkivi<\/title>\n<meta name=\"robots\" content=\"index, follow, max-snippet:-1, max-image-preview:large, max-video-preview:-1\" \/>\n<link rel=\"canonical\" href=\"https:\/\/fjala.info\/2009-2015\/opozita-rikerkon-largimin-e-bregut-turpi-i-qeverise-e-shqiptareve\/\" \/>\n<meta property=\"og:locale\" content=\"sq_AL\" \/>\n<meta property=\"og:type\" content=\"article\" \/>\n<meta property=\"og:title\" content=\"Opozita rik\u00ebrkon largimin e Bregut: Turpi i qeveris\u00eb e shqiptar\u00ebve - FjALA e LIR\u00cb - Arkivi\" \/>\n<meta property=\"og:description\" content=\"Shekulli Online, 10.10.2010 TIRAN\u00cb &#8211; Nd\u00ebrkoh\u00eb q\u00eb gjykata ka kospitur dosjen p\u00ebr lidhjen e kunet\u00ebrve t\u00eb ministres s\u00eb Integrimit, Majlinda Bregu me mafian, Partia Socialiste ka p\u00ebrs\u00ebritur s\u00ebrish sot k\u00ebrkes\u00ebn p\u00ebr largimin e saj. Gjat\u00eb nj\u00eb deklarate p\u00ebr mediat, deputetja Olta Xha\u00e7ka ka kujtuar se Bregu, ende nuk ka dh\u00ebn\u00eb shpjegime mbi lidhjet e familjar\u00ebve [&hellip;]\" \/>\n<meta property=\"og:url\" content=\"https:\/\/fjala.info\/2009-2015\/opozita-rikerkon-largimin-e-bregut-turpi-i-qeverise-e-shqiptareve\/\" \/>\n<meta property=\"og:site_name\" content=\"FjALA e LIR\u00cb - Arkivi\" \/>\n<meta property=\"article:published_time\" content=\"2010-10-10T20:39:50+00:00\" \/>\n<meta property=\"og:image\" content=\"http:\/\/fjala.shkoder.net\/wp-content\/uploads\/2010\/10\/majlinda_bregu-300x193.jpg\" \/>\n<meta name=\"author\" content=\"admin\" \/>\n<meta name=\"twitter:card\" content=\"summary_large_image\" \/>\n<meta name=\"twitter:label1\" content=\"Written by\" \/>\n\t<meta name=\"twitter:data1\" content=\"admin\" \/>\n\t<meta name=\"twitter:label2\" content=\"Est. reading time\" \/>\n\t<meta name=\"twitter:data2\" content=\"3 minutes\" \/>\n<script type=\"application\/ld+json\" class=\"yoast-schema-graph\">{\"@context\":\"https:\\\/\\\/schema.org\",\"@graph\":[{\"@type\":\"Article\",\"@id\":\"https:\\\/\\\/fjala.info\\\/2009-2015\\\/opozita-rikerkon-largimin-e-bregut-turpi-i-qeverise-e-shqiptareve\\\/#article\",\"isPartOf\":{\"@id\":\"https:\\\/\\\/fjala.info\\\/2009-2015\\\/opozita-rikerkon-largimin-e-bregut-turpi-i-qeverise-e-shqiptareve\\\/\"},\"author\":{\"name\":\"admin\",\"@id\":\"https:\\\/\\\/fjala.info\\\/2009-2015\\\/#\\\/schema\\\/person\\\/3aa1163ef05469c496fc94e77611ada2\"},\"headline\":\"Opozita rik\u00ebrkon largimin e Bregut: Turpi i qeveris\u00eb e shqiptar\u00ebve\",\"datePublished\":\"2010-10-10T20:39:50+00:00\",\"mainEntityOfPage\":{\"@id\":\"https:\\\/\\\/fjala.info\\\/2009-2015\\\/opozita-rikerkon-largimin-e-bregut-turpi-i-qeverise-e-shqiptareve\\\/\"},\"wordCount\":694,\"commentCount\":0,\"publisher\":{\"@id\":\"https:\\\/\\\/fjala.info\\\/2009-2015\\\/#organization\"},\"image\":{\"@id\":\"https:\\\/\\\/fjala.info\\\/2009-2015\\\/opozita-rikerkon-largimin-e-bregut-turpi-i-qeverise-e-shqiptareve\\\/#primaryimage\"},\"thumbnailUrl\":\"http:\\\/\\\/fjala.shkoder.net\\\/wp-content\\\/uploads\\\/2010\\\/10\\\/majlinda_bregu-300x193.jpg\",\"articleSection\":[\"Artikuj\"],\"inLanguage\":\"sq-AL\",\"potentialAction\":[{\"@type\":\"CommentAction\",\"name\":\"Comment\",\"target\":[\"https:\\\/\\\/fjala.info\\\/2009-2015\\\/opozita-rikerkon-largimin-e-bregut-turpi-i-qeverise-e-shqiptareve\\\/#respond\"]}]},{\"@type\":\"WebPage\",\"@id\":\"https:\\\/\\\/fjala.info\\\/2009-2015\\\/opozita-rikerkon-largimin-e-bregut-turpi-i-qeverise-e-shqiptareve\\\/\",\"url\":\"https:\\\/\\\/fjala.info\\\/2009-2015\\\/opozita-rikerkon-largimin-e-bregut-turpi-i-qeverise-e-shqiptareve\\\/\",\"name\":\"Opozita rik\u00ebrkon largimin e Bregut: Turpi i qeveris\u00eb e shqiptar\u00ebve - FjALA e LIR\u00cb - Arkivi\",\"isPartOf\":{\"@id\":\"https:\\\/\\\/fjala.info\\\/2009-2015\\\/#website\"},\"primaryImageOfPage\":{\"@id\":\"https:\\\/\\\/fjala.info\\\/2009-2015\\\/opozita-rikerkon-largimin-e-bregut-turpi-i-qeverise-e-shqiptareve\\\/#primaryimage\"},\"image\":{\"@id\":\"https:\\\/\\\/fjala.info\\\/2009-2015\\\/opozita-rikerkon-largimin-e-bregut-turpi-i-qeverise-e-shqiptareve\\\/#primaryimage\"},\"thumbnailUrl\":\"http:\\\/\\\/fjala.shkoder.net\\\/wp-content\\\/uploads\\\/2010\\\/10\\\/majlinda_bregu-300x193.jpg\",\"datePublished\":\"2010-10-10T20:39:50+00:00\",\"breadcrumb\":{\"@id\":\"https:\\\/\\\/fjala.info\\\/2009-2015\\\/opozita-rikerkon-largimin-e-bregut-turpi-i-qeverise-e-shqiptareve\\\/#breadcrumb\"},\"inLanguage\":\"sq-AL\",\"potentialAction\":[{\"@type\":\"ReadAction\",\"target\":[\"https:\\\/\\\/fjala.info\\\/2009-2015\\\/opozita-rikerkon-largimin-e-bregut-turpi-i-qeverise-e-shqiptareve\\\/\"]}]},{\"@type\":\"ImageObject\",\"inLanguage\":\"sq-AL\",\"@id\":\"https:\\\/\\\/fjala.info\\\/2009-2015\\\/opozita-rikerkon-largimin-e-bregut-turpi-i-qeverise-e-shqiptareve\\\/#primaryimage\",\"url\":\"http:\\\/\\\/fjala.shkoder.net\\\/wp-content\\\/uploads\\\/2010\\\/10\\\/majlinda_bregu-300x193.jpg\",\"contentUrl\":\"http:\\\/\\\/fjala.shkoder.net\\\/wp-content\\\/uploads\\\/2010\\\/10\\\/majlinda_bregu-300x193.jpg\"},{\"@type\":\"BreadcrumbList\",\"@id\":\"https:\\\/\\\/fjala.info\\\/2009-2015\\\/opozita-rikerkon-largimin-e-bregut-turpi-i-qeverise-e-shqiptareve\\\/#breadcrumb\",\"itemListElement\":[{\"@type\":\"ListItem\",\"position\":1,\"name\":\"Home\",\"item\":\"https:\\\/\\\/fjala.info\\\/2009-2015\\\/\"},{\"@type\":\"ListItem\",\"position\":2,\"name\":\"Opozita rik\u00ebrkon largimin e Bregut: Turpi i qeveris\u00eb e shqiptar\u00ebve\"}]},{\"@type\":\"WebSite\",\"@id\":\"https:\\\/\\\/fjala.info\\\/2009-2015\\\/#website\",\"url\":\"https:\\\/\\\/fjala.info\\\/2009-2015\\\/\",\"name\":\"FjALA e LIR\u00cb - Arkivi\",\"description\":\"Arkivi 2009-2015\",\"publisher\":{\"@id\":\"https:\\\/\\\/fjala.info\\\/2009-2015\\\/#organization\"},\"potentialAction\":[{\"@type\":\"SearchAction\",\"target\":{\"@type\":\"EntryPoint\",\"urlTemplate\":\"https:\\\/\\\/fjala.info\\\/2009-2015\\\/?s={search_term_string}\"},\"query-input\":{\"@type\":\"PropertyValueSpecification\",\"valueRequired\":true,\"valueName\":\"search_term_string\"}}],\"inLanguage\":\"sq-AL\"},{\"@type\":\"Organization\",\"@id\":\"https:\\\/\\\/fjala.info\\\/2009-2015\\\/#organization\",\"name\":\"FjALA e LIR\u00cb - Arkivi\",\"url\":\"https:\\\/\\\/fjala.info\\\/2009-2015\\\/\",\"logo\":{\"@type\":\"ImageObject\",\"inLanguage\":\"sq-AL\",\"@id\":\"https:\\\/\\\/fjala.info\\\/2009-2015\\\/#\\\/schema\\\/logo\\\/image\\\/\",\"url\":\"\",\"contentUrl\":\"\",\"caption\":\"FjALA e LIR\u00cb - Arkivi\"},\"image\":{\"@id\":\"https:\\\/\\\/fjala.info\\\/2009-2015\\\/#\\\/schema\\\/logo\\\/image\\\/\"}},{\"@type\":\"Person\",\"@id\":\"https:\\\/\\\/fjala.info\\\/2009-2015\\\/#\\\/schema\\\/person\\\/3aa1163ef05469c496fc94e77611ada2\",\"name\":\"admin\",\"image\":{\"@type\":\"ImageObject\",\"inLanguage\":\"sq-AL\",\"@id\":\"https:\\\/\\\/fjala.info\\\/2009-2015\\\/wp-content\\\/uploads\\\/2012\\\/02\\\/arben_cokaj-120x150.jpg\",\"url\":\"https:\\\/\\\/fjala.info\\\/2009-2015\\\/wp-content\\\/uploads\\\/2012\\\/02\\\/arben_cokaj-120x150.jpg\",\"contentUrl\":\"https:\\\/\\\/fjala.info\\\/2009-2015\\\/wp-content\\\/uploads\\\/2012\\\/02\\\/arben_cokaj-120x150.jpg\",\"caption\":\"admin\"},\"description\":\"Admin, Fjala e Lir\u00eb\",\"sameAs\":[\"https:\\\/\\\/fjala.info\\\/\"],\"url\":\"https:\\\/\\\/fjala.info\\\/2009-2015\\\/author\\\/admin\\\/\"}]}<\/script>\n<!-- \/ Yoast SEO plugin. -->","yoast_head_json":{"title":"Opozita rik\u00ebrkon largimin e Bregut: Turpi i qeveris\u00eb e shqiptar\u00ebve - FjALA e LIR\u00cb - Arkivi","robots":{"index":"index","follow":"follow","max-snippet":"max-snippet:-1","max-image-preview":"max-image-preview:large","max-video-preview":"max-video-preview:-1"},"canonical":"https:\/\/fjala.info\/2009-2015\/opozita-rikerkon-largimin-e-bregut-turpi-i-qeverise-e-shqiptareve\/","og_locale":"sq_AL","og_type":"article","og_title":"Opozita rik\u00ebrkon largimin e Bregut: Turpi i qeveris\u00eb e shqiptar\u00ebve - FjALA e LIR\u00cb - Arkivi","og_description":"Shekulli Online, 10.10.2010 TIRAN\u00cb &#8211; Nd\u00ebrkoh\u00eb q\u00eb gjykata ka kospitur dosjen p\u00ebr lidhjen e kunet\u00ebrve t\u00eb ministres s\u00eb Integrimit, Majlinda Bregu me mafian, Partia Socialiste ka p\u00ebrs\u00ebritur s\u00ebrish sot k\u00ebrkes\u00ebn p\u00ebr largimin e saj. Gjat\u00eb nj\u00eb deklarate p\u00ebr mediat, deputetja Olta Xha\u00e7ka ka kujtuar se Bregu, ende nuk ka dh\u00ebn\u00eb shpjegime mbi lidhjet e familjar\u00ebve [&hellip;]","og_url":"https:\/\/fjala.info\/2009-2015\/opozita-rikerkon-largimin-e-bregut-turpi-i-qeverise-e-shqiptareve\/","og_site_name":"FjALA e LIR\u00cb - Arkivi","article_published_time":"2010-10-10T20:39:50+00:00","og_image":[{"url":"http:\/\/fjala.shkoder.net\/wp-content\/uploads\/2010\/10\/majlinda_bregu-300x193.jpg","type":"","width":"","height":""}],"author":"admin","twitter_card":"summary_large_image","twitter_misc":{"Written by":"admin","Est. reading time":"3 minutes"},"schema":{"@context":"https:\/\/schema.org","@graph":[{"@type":"Article","@id":"https:\/\/fjala.info\/2009-2015\/opozita-rikerkon-largimin-e-bregut-turpi-i-qeverise-e-shqiptareve\/#article","isPartOf":{"@id":"https:\/\/fjala.info\/2009-2015\/opozita-rikerkon-largimin-e-bregut-turpi-i-qeverise-e-shqiptareve\/"},"author":{"name":"admin","@id":"https:\/\/fjala.info\/2009-2015\/#\/schema\/person\/3aa1163ef05469c496fc94e77611ada2"},"headline":"Opozita rik\u00ebrkon largimin e Bregut: Turpi i qeveris\u00eb e shqiptar\u00ebve","datePublished":"2010-10-10T20:39:50+00:00","mainEntityOfPage":{"@id":"https:\/\/fjala.info\/2009-2015\/opozita-rikerkon-largimin-e-bregut-turpi-i-qeverise-e-shqiptareve\/"},"wordCount":694,"commentCount":0,"publisher":{"@id":"https:\/\/fjala.info\/2009-2015\/#organization"},"image":{"@id":"https:\/\/fjala.info\/2009-2015\/opozita-rikerkon-largimin-e-bregut-turpi-i-qeverise-e-shqiptareve\/#primaryimage"},"thumbnailUrl":"http:\/\/fjala.shkoder.net\/wp-content\/uploads\/2010\/10\/majlinda_bregu-300x193.jpg","articleSection":["Artikuj"],"inLanguage":"sq-AL","potentialAction":[{"@type":"CommentAction","name":"Comment","target":["https:\/\/fjala.info\/2009-2015\/opozita-rikerkon-largimin-e-bregut-turpi-i-qeverise-e-shqiptareve\/#respond"]}]},{"@type":"WebPage","@id":"https:\/\/fjala.info\/2009-2015\/opozita-rikerkon-largimin-e-bregut-turpi-i-qeverise-e-shqiptareve\/","url":"https:\/\/fjala.info\/2009-2015\/opozita-rikerkon-largimin-e-bregut-turpi-i-qeverise-e-shqiptareve\/","name":"Opozita rik\u00ebrkon largimin e Bregut: Turpi i qeveris\u00eb e shqiptar\u00ebve - FjALA e LIR\u00cb - Arkivi","isPartOf":{"@id":"https:\/\/fjala.info\/2009-2015\/#website"},"primaryImageOfPage":{"@id":"https:\/\/fjala.info\/2009-2015\/opozita-rikerkon-largimin-e-bregut-turpi-i-qeverise-e-shqiptareve\/#primaryimage"},"image":{"@id":"https:\/\/fjala.info\/2009-2015\/opozita-rikerkon-largimin-e-bregut-turpi-i-qeverise-e-shqiptareve\/#primaryimage"},"thumbnailUrl":"http:\/\/fjala.shkoder.net\/wp-content\/uploads\/2010\/10\/majlinda_bregu-300x193.jpg","datePublished":"2010-10-10T20:39:50+00:00","breadcrumb":{"@id":"https:\/\/fjala.info\/2009-2015\/opozita-rikerkon-largimin-e-bregut-turpi-i-qeverise-e-shqiptareve\/#breadcrumb"},"inLanguage":"sq-AL","potentialAction":[{"@type":"ReadAction","target":["https:\/\/fjala.info\/2009-2015\/opozita-rikerkon-largimin-e-bregut-turpi-i-qeverise-e-shqiptareve\/"]}]},{"@type":"ImageObject","inLanguage":"sq-AL","@id":"https:\/\/fjala.info\/2009-2015\/opozita-rikerkon-largimin-e-bregut-turpi-i-qeverise-e-shqiptareve\/#primaryimage","url":"http:\/\/fjala.shkoder.net\/wp-content\/uploads\/2010\/10\/majlinda_bregu-300x193.jpg","contentUrl":"http:\/\/fjala.shkoder.net\/wp-content\/uploads\/2010\/10\/majlinda_bregu-300x193.jpg"},{"@type":"BreadcrumbList","@id":"https:\/\/fjala.info\/2009-2015\/opozita-rikerkon-largimin-e-bregut-turpi-i-qeverise-e-shqiptareve\/#breadcrumb","itemListElement":[{"@type":"ListItem","position":1,"name":"Home","item":"https:\/\/fjala.info\/2009-2015\/"},{"@type":"ListItem","position":2,"name":"Opozita rik\u00ebrkon largimin e Bregut: Turpi i qeveris\u00eb e shqiptar\u00ebve"}]},{"@type":"WebSite","@id":"https:\/\/fjala.info\/2009-2015\/#website","url":"https:\/\/fjala.info\/2009-2015\/","name":"FjALA e LIR\u00cb - Arkivi","description":"Arkivi 2009-2015","publisher":{"@id":"https:\/\/fjala.info\/2009-2015\/#organization"},"potentialAction":[{"@type":"SearchAction","target":{"@type":"EntryPoint","urlTemplate":"https:\/\/fjala.info\/2009-2015\/?s={search_term_string}"},"query-input":{"@type":"PropertyValueSpecification","valueRequired":true,"valueName":"search_term_string"}}],"inLanguage":"sq-AL"},{"@type":"Organization","@id":"https:\/\/fjala.info\/2009-2015\/#organization","name":"FjALA e LIR\u00cb - Arkivi","url":"https:\/\/fjala.info\/2009-2015\/","logo":{"@type":"ImageObject","inLanguage":"sq-AL","@id":"https:\/\/fjala.info\/2009-2015\/#\/schema\/logo\/image\/","url":"","contentUrl":"","caption":"FjALA e LIR\u00cb - Arkivi"},"image":{"@id":"https:\/\/fjala.info\/2009-2015\/#\/schema\/logo\/image\/"}},{"@type":"Person","@id":"https:\/\/fjala.info\/2009-2015\/#\/schema\/person\/3aa1163ef05469c496fc94e77611ada2","name":"admin","image":{"@type":"ImageObject","inLanguage":"sq-AL","@id":"https:\/\/fjala.info\/2009-2015\/wp-content\/uploads\/2012\/02\/arben_cokaj-120x150.jpg","url":"https:\/\/fjala.info\/2009-2015\/wp-content\/uploads\/2012\/02\/arben_cokaj-120x150.jpg","contentUrl":"https:\/\/fjala.info\/2009-2015\/wp-content\/uploads\/2012\/02\/arben_cokaj-120x150.jpg","caption":"admin"},"description":"Admin, Fjala e Lir\u00eb","sameAs":["https:\/\/fjala.info\/"],"url":"https:\/\/fjala.info\/2009-2015\/author\/admin\/"}]}},"_links":{"self":[{"href":"https:\/\/fjala.info\/2009-2015\/wp-json\/wp\/v2\/posts\/4263","targetHints":{"allow":["GET"]}}],"collection":[{"href":"https:\/\/fjala.info\/2009-2015\/wp-json\/wp\/v2\/posts"}],"about":[{"href":"https:\/\/fjala.info\/2009-2015\/wp-json\/wp\/v2\/types\/post"}],"author":[{"embeddable":true,"href":"https:\/\/fjala.info\/2009-2015\/wp-json\/wp\/v2\/users\/1"}],"replies":[{"embeddable":true,"href":"https:\/\/fjala.info\/2009-2015\/wp-json\/wp\/v2\/comments?post=4263"}],"version-history":[{"count":0,"href":"https:\/\/fjala.info\/2009-2015\/wp-json\/wp\/v2\/posts\/4263\/revisions"}],"wp:attachment":[{"href":"https:\/\/fjala.info\/2009-2015\/wp-json\/wp\/v2\/media?parent=4263"}],"wp:term":[{"taxonomy":"category","embeddable":true,"href":"https:\/\/fjala.info\/2009-2015\/wp-json\/wp\/v2\/categories?post=4263"},{"taxonomy":"post_tag","embeddable":true,"href":"https:\/\/fjala.info\/2009-2015\/wp-json\/wp\/v2\/tags?post=4263"}],"curies":[{"name":"wp","href":"https:\/\/api.w.org\/{rel}","templated":true}]}}