{"id":426,"date":"2011-12-02T22:01:44","date_gmt":"2011-12-02T21:01:44","guid":{"rendered":"http:\/\/fjala.shkoder.net\/?p=426"},"modified":"2011-12-02T22:01:44","modified_gmt":"2011-12-02T21:01:44","slug":"mekati-i-edit","status":"publish","type":"post","link":"https:\/\/fjala.info\/2009-2015\/mekati-i-edit\/","title":{"rendered":"\u201cM\u00ebkati\u201d i Edit"},"content":{"rendered":"<p><img decoding=\"async\" class=\"alignright size-thumbnail wp-image-7236\" title=\"Rama - Tha\u00e7i\" src=\"http:\/\/www.shkoder.net\/images\/fjala\/2011\/rama_thaci.jpg\" alt=\"\" width=\"200\" \/> Nga <strong>Imer Mushkolaj<\/strong>, <em>2 Dhjetor 2011<\/em><\/p>\n<p>Si t\u2019i kuptosh kosovar\u00ebt q\u00eb e p\u00eblqejn\u00eb Tiran\u00ebn, por nuk e duan Edi Ram\u00ebn? Kryeqyteti shqiptar nuk mund t\u00eb paramendohet i till\u00eb \u00e7far\u00eb \u00ebsht\u00eb pa Ram\u00ebn. Pavar\u00ebsisht se kosovar\u00ebt nuk ia falin \u201cm\u00ebkatin\u201d: ai \u00ebsht\u00eb i majt\u00eb!<\/p>\n<p>Vet\u00ebm nj\u00eb her\u00eb kam shkruar p\u00ebr Edi Ram\u00ebn. Para gati nj\u00eb dekade, kur Tiran\u00ebs mo\u00e7al dhe t\u00eb pashpres\u00eb, ai nisi t\u2019i jap\u00eb nj\u00eb pamje tjet\u00ebr. At\u00ebher\u00eb Ram\u00ebn e shihja m\u00eb tep\u00ebr si artist. Nj\u00eb njeri plot zell e kreativitet, q\u00eb po b\u00ebnte di\u00e7ka t\u00eb pamundur, di\u00e7ka q\u00eb paraardh\u00ebsit e tij as q\u00eb e kishin menduar se mund t\u00eb arrihej ndonj\u00ebher\u00eb.<\/p>\n<p>Ata kosovar\u00eb q\u00eb e kan\u00eb \u201czbuluar\u201d Tiran\u00ebn s\u00eb voni, as mund ta sjellin nd\u00ebrmend se si ka qen\u00eb ajo n\u00eb koh\u00ebn e qeverisjes nga kryebashkiak\u00ebt demokrat\u00eb. Nuk mund ta paramendojn\u00eb lumin Lana si nj\u00eb kanalizim t\u00eb madh, plot kut\u00ebrbim e f\u00eblliq\u00ebsi, n\u00ebn urat e t\u00eb cilit ofrohej edhe seks \u201cekspres\u201d p\u00ebr pes\u00eb mij\u00eb lek\u00eb t\u00eb vjetra! Mos t\u00eb p\u00ebrmendim gjurulldin\u00eb me lokale t\u00eb \u00e7do lloji n\u00eb Parkun Rinia. Tirana at\u00ebbot\u00eb ishte nj\u00eb katund i madh, pa as M\u2019n\u00eb e metropolit. Sot \u00ebsht\u00eb ndryshe, krejt ndryshe.<\/p>\n<p>Kur pata shkruar p\u00ebr Tiran\u00ebn e Ram\u00ebs, isha i zhg\u00ebnjyer, si\u00e7 vazhdoj t\u00eb jem me Prishtin\u00ebn. Ndryshe nga Tirana, Prishtina tashm\u00eb \u00ebsht\u00eb shnd\u00ebrruar n\u00eb nj\u00eb qytet pa identitet, n\u00eb nj\u00eb qytet t\u00eb shp\u00ebrfytyruar deri n\u00eb palc\u00eb. At\u00ebbot\u00eb, madje as miq dhe koleg\u00eb t\u00eb mi nuk ma falnin q\u00eb po \u201clavd\u00ebroja\u201d nj\u00eb t\u00eb majt\u00eb. Disa edhe kishin t\u00eb drejt\u00eb. Sepse nuk e njihnin Tiran\u00ebn e qeverisur nga Sali Kelmendi e Albert Brojka, gjat\u00eb tet\u00eb vjet\u00ebve paraprak\u00eb. Mllefi nuk drejtohej ndaj Ram\u00ebs, pse ai po p\u00ebrpiqej t\u00eb b\u00ebnte ndryshimin, por pse ishte i majt\u00eb.<\/p>\n<p>Nj\u00eb budallall\u00ebk kosovar q\u00eb vazhdon edhe m\u00eb tutje. I gjenin edhe epitete t\u00eb tjera, si \u201cdrogirash\u201d. Madje, kur n\u00eb kud\u00ebr t\u00eb fushat\u00ebs denigruese kund\u00ebr tij, oponent\u00ebt politik\u00eb ia publikuan disa fotografi, t\u00eb b\u00ebra n\u00eb nj\u00eb plazh nudo, goditja antiRama arriti kulmin. Thua se n\u00eb plazhin nudo \u00ebsht\u00eb turp t\u00eb fotografohesh pa rroba!<\/p>\n<p style=\"text-align: center;\">* * *<\/p>\n<p>Tash dy dekada, t\u00eb keqen n\u00eb Shqip\u00ebri kosovar\u00ebt e simbolizojn\u00eb me t\u00eb majt\u00ebn. Me komunist\u00ebt. Me socialist\u00ebt. P\u00ebr vite me radh\u00eb, propaganda e Lidhjes Demokratike t\u00eb Kosov\u00ebs b\u00ebri q\u00eb t\u00eb majt\u00ebt atje t\u00eb shihen si monstrum\u00eb, nd\u00ebrkaq i miri, i dituri, patrioti, demokrati ishte Sali Berisha. Madje, duke lexuar lavdet e thurura p\u00ebr \u201cburrin e madh Berisha\u201d, t\u00eb krijohej p\u00ebrshtypja se Saliu ishte demokrat q\u00eb kur kishte lindur n\u00eb Vi\u00e7idol t\u00eb Tropoj\u00ebs. Kurse kund\u00ebrshtar\u00ebt e tij, \u201ct\u00eb kuqt\u00eb\u201d, i sillnin vendit tana t\u2019zezat.<\/p>\n<p>Kosovar\u00ebt ende nuk duan dhe nuk mund t\u00eb pranojn\u00eb se gjith\u00eb lufta e U\u00c7K\u2019s\u00eb n\u00eb Kosov\u00eb u zhvillua n\u00eb koh\u00ebn kur n\u00eb Shqip\u00ebri qeverisnin socialist\u00ebt. Nd\u00ebrkaq, me gjysm\u00eb z\u00ebri e p\u00ebrmendin si \u201csocialist t\u00eb mir\u00eb\u201d vet\u00ebm Pandeli Majkon, edhe pse s\u2019iu p\u00eblqen hi\u00e7 mbiemri q\u00eb ai mban. As nuk duan t\u00eb d\u00ebgjojn\u00eb se ishte edhe Edi Rama, q\u00eb bashk\u00eb me Berish\u00ebn e t\u00eb tjer\u00ebt krijuan forc\u00ebn e par\u00eb politike antikomuniste n\u00eb Shqip\u00ebri, por m\u00eb von\u00eb u largua pik\u00ebrisht p\u00ebr shkak t\u00eb mospajtimeve rreth \u00e7\u00ebshtjeve ideologjike me t\u00eb.<\/p>\n<p>Edhe p\u00ebr ngjarjet e vitit 1997, kosovar\u00ebt faj\u00ebsojn\u00eb t\u00eb majt\u00ebt. Harrojn\u00eb se ishte pik\u00ebrisht Berisha, president at\u00ebbot\u00eb, i cili lejoi t\u00eb lul\u00ebzojn\u00eb firmat pla\u00e7kit\u00ebse piramidale, q\u00eb e katandis\u00ebn vendin n\u00eb luft\u00eb qytetare. Sepse, \u201cBerisha \u00ebsht\u00eb si na\u201d, \u201ce do Kosov\u00ebn\u201d, \u201c\u00ebsht\u00eb demokrat\u201d.<\/p>\n<p>Edhe tash, kur Rama erdhi n\u00eb Kosov\u00eb p\u00ebr t\u00eb promovuar librin e tij, shum\u00eb kosovar\u00eb me siguri e kan\u00eb pyetur veten \u201c\u00e7ka po don tash ky ktu?\u201d.<\/p>\n<p>Thuajse nuk \u00ebsht\u00eb normale q\u00eb Prishtin\u00ebn ta vizitoj\u00eb lideri i opozit\u00ebs shqiptare, kushdoqoft\u00eb ai. Apo, mbase nuk ua mbush mendjen me mesazhet q\u00eb jep, sepse jan\u00eb m\u00ebsuar me folklorizmat kumbues t\u00eb Sali Berish\u00ebs kur p\u00ebrurojm\u00eb fillimin e autostrad\u00ebs apo ndonj\u00eb kilomet\u00ebr t\u00eb saj.<\/p>\n<p>Rama k\u00ebsaj radhe vizitoi Prishtin\u00ebn n\u00eb cil\u00ebsin\u00eb e publicistit, si autor i nj\u00eb libri n\u00eb t\u00eb cilin ka p\u00ebrmbledhur gjith\u00eb pun\u00ebn e tij 11 vje\u00e7are n\u00eb krye t\u00eb Tiran\u00ebs. Me titull \u201cKurban\u201d, libri rr\u00ebfen gjith\u00eb betej\u00ebn e tij p\u00ebr Tiran\u00ebn qytet. Kryeqytet. A thua \u00e7far\u00eb titulli do t\u00eb mund t\u2019iu vinin librave t\u00eb tyre kryetar\u00ebt e Prishtin\u00ebs? \u201cKurban\u201d nuk do t\u2019iu shkonte kurrsesi, sepse s\u2019kan\u00eb sakrifikuar asgj\u00eb nga vetja p\u00ebr k\u00ebt\u00eb qytet. \u201cUrban\u201d jo se jo. S\u2019kan\u00eb lidhje me urbanen.<\/p>\n<p>Mbase do t\u00eb duhej ta lexonin librin e Ram\u00ebs. Pavar\u00ebsisht se \u00ebsht\u00eb i shkruar nga nj\u00eb i majt\u00eb, nga nj\u00eb socialist. T\u00eb shohin \u00e7far\u00eb ka b\u00ebr\u00eb dhe \u00e7far\u00eb nuk ka b\u00ebr\u00eb n\u00eb Tiran\u00eb. Q\u00eb nga fasadat shum\u00ebngjyr\u00ebshe t\u00eb nd\u00ebrtesave, n\u00ebp\u00ebrmjet t\u00eb cilave provoi t\u00eb luftonte depresionin q\u00eb kishte kapluar tiranasit, deri te projektet tjera m\u00eb t\u00eb m\u00ebdha. Sepse, nuk ka qen\u00eb fare e leht\u00eb madje vet\u00ebm t\u00eb provosh p\u00ebr ta ndryshuar nj\u00eb qytet si Tirana. M\u00eb e v\u00ebshtir\u00eb, pastaj, t\u00eb ndryshohet.<\/p>\n<p>Si p\u00ebr inat t\u00eb Berish\u00ebs, Rama q\u00eblloi n\u00eb Prishtin\u00eb mu p\u00ebr fest\u00ebn e 28 N\u00ebntorit. Por nuk pati mesazhe folklorike, \u00e7far\u00eb u dhan\u00eb me boll\u00ebk nga t\u00eb tjer\u00ebt. Zgjodhi t\u00eb jet\u00eb ndryshe.<\/p>\n<p style=\"text-align: center;\">* * *<\/p>\n<p>Kjo \u00ebsht\u00eb hera e dyt\u00eb q\u00eb shkruaj p\u00ebr Edi Ram\u00ebn. E di, do t\u00eb ma thon\u00eb, po t\u00eb mos e p\u00ebrmend, edhe pun\u00ebn e \u00c7el\u00ebsit t\u00eb Tiran\u00ebs, q\u00eb Edi Rama ia dha Goran Bregovi\u00e7it, nj\u00eb artisti t\u00eb njohur nd\u00ebrkomb\u00ebtarisht.<\/p>\n<p>E di, po ashtu, se do t\u2019i nervozoj \u201ct\u00eb djatht\u00ebt\u201d tash, kur t\u00eb them se m\u00ebkat m\u00eb t\u00eb madh se Rama me Bregovi\u00e7in, b\u00ebri Sali Berisha, q\u00eb theu embargon p\u00ebr t\u2019i ndihmuar me naft\u00eb nj\u00eb krimineli t\u00eb njohur, po ashtu, nd\u00ebrkomb\u00ebtarisht \u2013 Sllobodan Miloshevi\u00e7it.<\/p>\n","protected":false},"excerpt":{"rendered":"<p>Nga Imer Mushkolaj, 2 Dhjetor 2011 Si t\u2019i kuptosh kosovar\u00ebt q\u00eb e p\u00eblqejn\u00eb Tiran\u00ebn, por nuk e duan Edi Ram\u00ebn? Kryeqyteti shqiptar nuk mund t\u00eb paramendohet i till\u00eb \u00e7far\u00eb \u00ebsht\u00eb pa Ram\u00ebn. Pavar\u00ebsisht se kosovar\u00ebt nuk ia falin \u201cm\u00ebkatin\u201d: ai \u00ebsht\u00eb i majt\u00eb! Vet\u00ebm nj\u00eb her\u00eb kam shkruar p\u00ebr Edi Ram\u00ebn. Para gati nj\u00eb dekade, [&hellip;]<\/p>\n","protected":false},"author":1,"featured_media":0,"comment_status":"open","ping_status":"closed","sticky":false,"template":"","format":"standard","meta":{"footnotes":""},"categories":[2],"tags":[],"class_list":{"0":"post-426","1":"post","2":"type-post","3":"status-publish","4":"format-standard","6":"category-artikuj"},"yoast_head":"<!-- This site is optimized with the Yoast SEO plugin v27.4 - https:\/\/yoast.com\/product\/yoast-seo-wordpress\/ -->\n<title>\u201cM\u00ebkati\u201d i Edit - FjALA e LIR\u00cb - Arkivi<\/title>\n<meta name=\"robots\" content=\"index, follow, max-snippet:-1, max-image-preview:large, max-video-preview:-1\" \/>\n<link rel=\"canonical\" href=\"https:\/\/fjala.info\/2009-2015\/mekati-i-edit\/\" \/>\n<meta property=\"og:locale\" content=\"sq_AL\" \/>\n<meta property=\"og:type\" content=\"article\" \/>\n<meta property=\"og:title\" content=\"\u201cM\u00ebkati\u201d i Edit - FjALA e LIR\u00cb - Arkivi\" \/>\n<meta property=\"og:description\" content=\"Nga Imer Mushkolaj, 2 Dhjetor 2011 Si t\u2019i kuptosh kosovar\u00ebt q\u00eb e p\u00eblqejn\u00eb Tiran\u00ebn, por nuk e duan Edi Ram\u00ebn? Kryeqyteti shqiptar nuk mund t\u00eb paramendohet i till\u00eb \u00e7far\u00eb \u00ebsht\u00eb pa Ram\u00ebn. Pavar\u00ebsisht se kosovar\u00ebt nuk ia falin \u201cm\u00ebkatin\u201d: ai \u00ebsht\u00eb i majt\u00eb! Vet\u00ebm nj\u00eb her\u00eb kam shkruar p\u00ebr Edi Ram\u00ebn. Para gati nj\u00eb dekade, [&hellip;]\" \/>\n<meta property=\"og:url\" content=\"https:\/\/fjala.info\/2009-2015\/mekati-i-edit\/\" \/>\n<meta property=\"og:site_name\" content=\"FjALA e LIR\u00cb - Arkivi\" \/>\n<meta property=\"article:published_time\" content=\"2011-12-02T21:01:44+00:00\" \/>\n<meta property=\"og:image\" content=\"http:\/\/www.shkoder.net\/images\/fjala\/2011\/rama_thaci.jpg\" \/>\n<meta name=\"author\" content=\"admin\" \/>\n<meta name=\"twitter:card\" content=\"summary_large_image\" \/>\n<meta name=\"twitter:label1\" content=\"Written by\" \/>\n\t<meta name=\"twitter:data1\" content=\"admin\" \/>\n\t<meta name=\"twitter:label2\" content=\"Est. reading time\" \/>\n\t<meta name=\"twitter:data2\" content=\"5 minutes\" \/>\n<script type=\"application\/ld+json\" class=\"yoast-schema-graph\">{\"@context\":\"https:\\\/\\\/schema.org\",\"@graph\":[{\"@type\":\"Article\",\"@id\":\"https:\\\/\\\/fjala.info\\\/2009-2015\\\/mekati-i-edit\\\/#article\",\"isPartOf\":{\"@id\":\"https:\\\/\\\/fjala.info\\\/2009-2015\\\/mekati-i-edit\\\/\"},\"author\":{\"name\":\"admin\",\"@id\":\"https:\\\/\\\/fjala.info\\\/2009-2015\\\/#\\\/schema\\\/person\\\/3aa1163ef05469c496fc94e77611ada2\"},\"headline\":\"\u201cM\u00ebkati\u201d i Edit\",\"datePublished\":\"2011-12-02T21:01:44+00:00\",\"mainEntityOfPage\":{\"@id\":\"https:\\\/\\\/fjala.info\\\/2009-2015\\\/mekati-i-edit\\\/\"},\"wordCount\":1058,\"commentCount\":0,\"publisher\":{\"@id\":\"https:\\\/\\\/fjala.info\\\/2009-2015\\\/#organization\"},\"image\":{\"@id\":\"https:\\\/\\\/fjala.info\\\/2009-2015\\\/mekati-i-edit\\\/#primaryimage\"},\"thumbnailUrl\":\"http:\\\/\\\/www.shkoder.net\\\/images\\\/fjala\\\/2011\\\/rama_thaci.jpg\",\"articleSection\":[\"Artikuj\"],\"inLanguage\":\"sq-AL\",\"potentialAction\":[{\"@type\":\"CommentAction\",\"name\":\"Comment\",\"target\":[\"https:\\\/\\\/fjala.info\\\/2009-2015\\\/mekati-i-edit\\\/#respond\"]}]},{\"@type\":\"WebPage\",\"@id\":\"https:\\\/\\\/fjala.info\\\/2009-2015\\\/mekati-i-edit\\\/\",\"url\":\"https:\\\/\\\/fjala.info\\\/2009-2015\\\/mekati-i-edit\\\/\",\"name\":\"\u201cM\u00ebkati\u201d i Edit - FjALA e LIR\u00cb - Arkivi\",\"isPartOf\":{\"@id\":\"https:\\\/\\\/fjala.info\\\/2009-2015\\\/#website\"},\"primaryImageOfPage\":{\"@id\":\"https:\\\/\\\/fjala.info\\\/2009-2015\\\/mekati-i-edit\\\/#primaryimage\"},\"image\":{\"@id\":\"https:\\\/\\\/fjala.info\\\/2009-2015\\\/mekati-i-edit\\\/#primaryimage\"},\"thumbnailUrl\":\"http:\\\/\\\/www.shkoder.net\\\/images\\\/fjala\\\/2011\\\/rama_thaci.jpg\",\"datePublished\":\"2011-12-02T21:01:44+00:00\",\"breadcrumb\":{\"@id\":\"https:\\\/\\\/fjala.info\\\/2009-2015\\\/mekati-i-edit\\\/#breadcrumb\"},\"inLanguage\":\"sq-AL\",\"potentialAction\":[{\"@type\":\"ReadAction\",\"target\":[\"https:\\\/\\\/fjala.info\\\/2009-2015\\\/mekati-i-edit\\\/\"]}]},{\"@type\":\"ImageObject\",\"inLanguage\":\"sq-AL\",\"@id\":\"https:\\\/\\\/fjala.info\\\/2009-2015\\\/mekati-i-edit\\\/#primaryimage\",\"url\":\"http:\\\/\\\/www.shkoder.net\\\/images\\\/fjala\\\/2011\\\/rama_thaci.jpg\",\"contentUrl\":\"http:\\\/\\\/www.shkoder.net\\\/images\\\/fjala\\\/2011\\\/rama_thaci.jpg\"},{\"@type\":\"BreadcrumbList\",\"@id\":\"https:\\\/\\\/fjala.info\\\/2009-2015\\\/mekati-i-edit\\\/#breadcrumb\",\"itemListElement\":[{\"@type\":\"ListItem\",\"position\":1,\"name\":\"Home\",\"item\":\"https:\\\/\\\/fjala.info\\\/2009-2015\\\/\"},{\"@type\":\"ListItem\",\"position\":2,\"name\":\"\u201cM\u00ebkati\u201d i Edit\"}]},{\"@type\":\"WebSite\",\"@id\":\"https:\\\/\\\/fjala.info\\\/2009-2015\\\/#website\",\"url\":\"https:\\\/\\\/fjala.info\\\/2009-2015\\\/\",\"name\":\"FjALA e LIR\u00cb - Arkivi\",\"description\":\"Arkivi 2009-2015\",\"publisher\":{\"@id\":\"https:\\\/\\\/fjala.info\\\/2009-2015\\\/#organization\"},\"potentialAction\":[{\"@type\":\"SearchAction\",\"target\":{\"@type\":\"EntryPoint\",\"urlTemplate\":\"https:\\\/\\\/fjala.info\\\/2009-2015\\\/?s={search_term_string}\"},\"query-input\":{\"@type\":\"PropertyValueSpecification\",\"valueRequired\":true,\"valueName\":\"search_term_string\"}}],\"inLanguage\":\"sq-AL\"},{\"@type\":\"Organization\",\"@id\":\"https:\\\/\\\/fjala.info\\\/2009-2015\\\/#organization\",\"name\":\"FjALA e LIR\u00cb - Arkivi\",\"url\":\"https:\\\/\\\/fjala.info\\\/2009-2015\\\/\",\"logo\":{\"@type\":\"ImageObject\",\"inLanguage\":\"sq-AL\",\"@id\":\"https:\\\/\\\/fjala.info\\\/2009-2015\\\/#\\\/schema\\\/logo\\\/image\\\/\",\"url\":\"\",\"contentUrl\":\"\",\"caption\":\"FjALA e LIR\u00cb - Arkivi\"},\"image\":{\"@id\":\"https:\\\/\\\/fjala.info\\\/2009-2015\\\/#\\\/schema\\\/logo\\\/image\\\/\"}},{\"@type\":\"Person\",\"@id\":\"https:\\\/\\\/fjala.info\\\/2009-2015\\\/#\\\/schema\\\/person\\\/3aa1163ef05469c496fc94e77611ada2\",\"name\":\"admin\",\"image\":{\"@type\":\"ImageObject\",\"inLanguage\":\"sq-AL\",\"@id\":\"https:\\\/\\\/fjala.info\\\/2009-2015\\\/wp-content\\\/uploads\\\/2012\\\/02\\\/arben_cokaj-120x150.jpg\",\"url\":\"https:\\\/\\\/fjala.info\\\/2009-2015\\\/wp-content\\\/uploads\\\/2012\\\/02\\\/arben_cokaj-120x150.jpg\",\"contentUrl\":\"https:\\\/\\\/fjala.info\\\/2009-2015\\\/wp-content\\\/uploads\\\/2012\\\/02\\\/arben_cokaj-120x150.jpg\",\"caption\":\"admin\"},\"description\":\"Admin, Fjala e Lir\u00eb\",\"sameAs\":[\"https:\\\/\\\/fjala.info\\\/\"],\"url\":\"https:\\\/\\\/fjala.info\\\/2009-2015\\\/author\\\/admin\\\/\"}]}<\/script>\n<!-- \/ Yoast SEO plugin. -->","yoast_head_json":{"title":"\u201cM\u00ebkati\u201d i Edit - FjALA e LIR\u00cb - Arkivi","robots":{"index":"index","follow":"follow","max-snippet":"max-snippet:-1","max-image-preview":"max-image-preview:large","max-video-preview":"max-video-preview:-1"},"canonical":"https:\/\/fjala.info\/2009-2015\/mekati-i-edit\/","og_locale":"sq_AL","og_type":"article","og_title":"\u201cM\u00ebkati\u201d i Edit - FjALA e LIR\u00cb - Arkivi","og_description":"Nga Imer Mushkolaj, 2 Dhjetor 2011 Si t\u2019i kuptosh kosovar\u00ebt q\u00eb e p\u00eblqejn\u00eb Tiran\u00ebn, por nuk e duan Edi Ram\u00ebn? Kryeqyteti shqiptar nuk mund t\u00eb paramendohet i till\u00eb \u00e7far\u00eb \u00ebsht\u00eb pa Ram\u00ebn. Pavar\u00ebsisht se kosovar\u00ebt nuk ia falin \u201cm\u00ebkatin\u201d: ai \u00ebsht\u00eb i majt\u00eb! Vet\u00ebm nj\u00eb her\u00eb kam shkruar p\u00ebr Edi Ram\u00ebn. Para gati nj\u00eb dekade, [&hellip;]","og_url":"https:\/\/fjala.info\/2009-2015\/mekati-i-edit\/","og_site_name":"FjALA e LIR\u00cb - Arkivi","article_published_time":"2011-12-02T21:01:44+00:00","og_image":[{"url":"http:\/\/www.shkoder.net\/images\/fjala\/2011\/rama_thaci.jpg","type":"","width":"","height":""}],"author":"admin","twitter_card":"summary_large_image","twitter_misc":{"Written by":"admin","Est. reading time":"5 minutes"},"schema":{"@context":"https:\/\/schema.org","@graph":[{"@type":"Article","@id":"https:\/\/fjala.info\/2009-2015\/mekati-i-edit\/#article","isPartOf":{"@id":"https:\/\/fjala.info\/2009-2015\/mekati-i-edit\/"},"author":{"name":"admin","@id":"https:\/\/fjala.info\/2009-2015\/#\/schema\/person\/3aa1163ef05469c496fc94e77611ada2"},"headline":"\u201cM\u00ebkati\u201d i Edit","datePublished":"2011-12-02T21:01:44+00:00","mainEntityOfPage":{"@id":"https:\/\/fjala.info\/2009-2015\/mekati-i-edit\/"},"wordCount":1058,"commentCount":0,"publisher":{"@id":"https:\/\/fjala.info\/2009-2015\/#organization"},"image":{"@id":"https:\/\/fjala.info\/2009-2015\/mekati-i-edit\/#primaryimage"},"thumbnailUrl":"http:\/\/www.shkoder.net\/images\/fjala\/2011\/rama_thaci.jpg","articleSection":["Artikuj"],"inLanguage":"sq-AL","potentialAction":[{"@type":"CommentAction","name":"Comment","target":["https:\/\/fjala.info\/2009-2015\/mekati-i-edit\/#respond"]}]},{"@type":"WebPage","@id":"https:\/\/fjala.info\/2009-2015\/mekati-i-edit\/","url":"https:\/\/fjala.info\/2009-2015\/mekati-i-edit\/","name":"\u201cM\u00ebkati\u201d i Edit - FjALA e LIR\u00cb - Arkivi","isPartOf":{"@id":"https:\/\/fjala.info\/2009-2015\/#website"},"primaryImageOfPage":{"@id":"https:\/\/fjala.info\/2009-2015\/mekati-i-edit\/#primaryimage"},"image":{"@id":"https:\/\/fjala.info\/2009-2015\/mekati-i-edit\/#primaryimage"},"thumbnailUrl":"http:\/\/www.shkoder.net\/images\/fjala\/2011\/rama_thaci.jpg","datePublished":"2011-12-02T21:01:44+00:00","breadcrumb":{"@id":"https:\/\/fjala.info\/2009-2015\/mekati-i-edit\/#breadcrumb"},"inLanguage":"sq-AL","potentialAction":[{"@type":"ReadAction","target":["https:\/\/fjala.info\/2009-2015\/mekati-i-edit\/"]}]},{"@type":"ImageObject","inLanguage":"sq-AL","@id":"https:\/\/fjala.info\/2009-2015\/mekati-i-edit\/#primaryimage","url":"http:\/\/www.shkoder.net\/images\/fjala\/2011\/rama_thaci.jpg","contentUrl":"http:\/\/www.shkoder.net\/images\/fjala\/2011\/rama_thaci.jpg"},{"@type":"BreadcrumbList","@id":"https:\/\/fjala.info\/2009-2015\/mekati-i-edit\/#breadcrumb","itemListElement":[{"@type":"ListItem","position":1,"name":"Home","item":"https:\/\/fjala.info\/2009-2015\/"},{"@type":"ListItem","position":2,"name":"\u201cM\u00ebkati\u201d i Edit"}]},{"@type":"WebSite","@id":"https:\/\/fjala.info\/2009-2015\/#website","url":"https:\/\/fjala.info\/2009-2015\/","name":"FjALA e LIR\u00cb - Arkivi","description":"Arkivi 2009-2015","publisher":{"@id":"https:\/\/fjala.info\/2009-2015\/#organization"},"potentialAction":[{"@type":"SearchAction","target":{"@type":"EntryPoint","urlTemplate":"https:\/\/fjala.info\/2009-2015\/?s={search_term_string}"},"query-input":{"@type":"PropertyValueSpecification","valueRequired":true,"valueName":"search_term_string"}}],"inLanguage":"sq-AL"},{"@type":"Organization","@id":"https:\/\/fjala.info\/2009-2015\/#organization","name":"FjALA e LIR\u00cb - Arkivi","url":"https:\/\/fjala.info\/2009-2015\/","logo":{"@type":"ImageObject","inLanguage":"sq-AL","@id":"https:\/\/fjala.info\/2009-2015\/#\/schema\/logo\/image\/","url":"","contentUrl":"","caption":"FjALA e LIR\u00cb - Arkivi"},"image":{"@id":"https:\/\/fjala.info\/2009-2015\/#\/schema\/logo\/image\/"}},{"@type":"Person","@id":"https:\/\/fjala.info\/2009-2015\/#\/schema\/person\/3aa1163ef05469c496fc94e77611ada2","name":"admin","image":{"@type":"ImageObject","inLanguage":"sq-AL","@id":"https:\/\/fjala.info\/2009-2015\/wp-content\/uploads\/2012\/02\/arben_cokaj-120x150.jpg","url":"https:\/\/fjala.info\/2009-2015\/wp-content\/uploads\/2012\/02\/arben_cokaj-120x150.jpg","contentUrl":"https:\/\/fjala.info\/2009-2015\/wp-content\/uploads\/2012\/02\/arben_cokaj-120x150.jpg","caption":"admin"},"description":"Admin, Fjala e Lir\u00eb","sameAs":["https:\/\/fjala.info\/"],"url":"https:\/\/fjala.info\/2009-2015\/author\/admin\/"}]}},"_links":{"self":[{"href":"https:\/\/fjala.info\/2009-2015\/wp-json\/wp\/v2\/posts\/426","targetHints":{"allow":["GET"]}}],"collection":[{"href":"https:\/\/fjala.info\/2009-2015\/wp-json\/wp\/v2\/posts"}],"about":[{"href":"https:\/\/fjala.info\/2009-2015\/wp-json\/wp\/v2\/types\/post"}],"author":[{"embeddable":true,"href":"https:\/\/fjala.info\/2009-2015\/wp-json\/wp\/v2\/users\/1"}],"replies":[{"embeddable":true,"href":"https:\/\/fjala.info\/2009-2015\/wp-json\/wp\/v2\/comments?post=426"}],"version-history":[{"count":0,"href":"https:\/\/fjala.info\/2009-2015\/wp-json\/wp\/v2\/posts\/426\/revisions"}],"wp:attachment":[{"href":"https:\/\/fjala.info\/2009-2015\/wp-json\/wp\/v2\/media?parent=426"}],"wp:term":[{"taxonomy":"category","embeddable":true,"href":"https:\/\/fjala.info\/2009-2015\/wp-json\/wp\/v2\/categories?post=426"},{"taxonomy":"post_tag","embeddable":true,"href":"https:\/\/fjala.info\/2009-2015\/wp-json\/wp\/v2\/tags?post=426"}],"curies":[{"name":"wp","href":"https:\/\/api.w.org\/{rel}","templated":true}]}}