{"id":4259,"date":"2010-10-10T21:34:11","date_gmt":"2010-10-10T20:34:11","guid":{"rendered":"http:\/\/fjala.shkoder.net\/?p=4259"},"modified":"2010-10-10T21:34:11","modified_gmt":"2010-10-10T20:34:11","slug":"medyshjet-e-berishes-mes-greqise-e-serbise","status":"publish","type":"post","link":"https:\/\/fjala.info\/2009-2015\/medyshjet-e-berishes-mes-greqise-e-serbise\/","title":{"rendered":"M\u00ebdyshjet e Berish\u00ebs mes Greqis\u00eb e Serbis\u00eb"},"content":{"rendered":"<p><strong>\u00a0<img loading=\"lazy\" decoding=\"async\" class=\"alignright size-medium wp-image-4261\" title=\"Sali dhe Liri Berisha\" src=\"http:\/\/fjala.shkoder.net\/wp-content\/uploads\/2010\/10\/sali_liri_berisha1-300x187.jpg\" alt=\"\" width=\"300\" height=\"187\" \/><\/strong><strong>Mero Baze<\/strong>, <em>10.10.2010<\/em><\/p>\n<p><strong><em>Hyrje redaksionale<\/em><\/strong><\/p>\n<p>A e ka p\u00ebrdorur pushtetin p\u00ebr t\u00eb mbajtur pushtetin e vet Sali Berisha? N\u00eb 1997, pasi iu rr\u00ebnua shteti piramidal q\u00eb kishte ngritur p\u00ebr pes\u00eb vjet, Berisha dhe njer\u00ebzit af\u00ebr tij anatemuam Greqin\u00eb apo SHBA-t\u00eb, si autor\u00eb t\u00eb pu\u00e7it kund\u00ebr tyre. N\u00eb vitin 2010, Berisha kryeminist\u00ebr \u00ebsht\u00eb vassal i gjithkujt e ndihmon at\u00eb t\u00eb q\u00ebndroj\u00eb i qet\u00eb n\u00eb pushtetin e tij t\u00eb pakufish\u00ebm n\u00eb Shqip\u00ebri. Do ta kishte b\u00ebr\u00eb edhe m\u00eb par\u00eb, si\u00e7 thot\u00eb gazetari Mero Baze n\u00eb librin &#8220;Viti 1997, prapaskenat e kriz\u00ebs q\u00eb rr\u00ebnuan shtetin&#8221;, nxjerr\u00eb n\u00eb treg nga sht\u00ebpia botuese &#8220;Toena&#8221;.<\/p>\n<p>Baze rr\u00ebfen dilemat politike t\u00eb Sali Berish\u00ebs n\u00eb 1996 pas damkosjes s\u00eb zgjedhjeve parlamentare t\u00eb 26 majit, p\u00ebr q\u00ebndrimin e grek\u00ebve ndaj Tiran\u00ebs zyrtare dhe gatishm\u00ebrin\u00eb e Jugosllavis\u00eb s\u00eb mbetur t\u00eb Milloshevi\u00e7it p\u00ebr t\u00eb qen\u00eb n\u00eb krah t\u00eb tij, sapo t&#8217;i jepte nj\u00eb shenj\u00eb. Dhe me nj\u00eb kap\u00ebrcim n\u00eb koh\u00eb, Baze konstaton se Berisha gjith\u00e7ka e ka b\u00ebr\u00eb p\u00ebr t\u00eb qen\u00eb n\u00eb sh\u00ebrbim t\u00eb mafies s\u00eb huaj dhe aspak p\u00ebr nacionaliz\u00ebm, si\u00e7 po b\u00ebn duke u v\u00ebn\u00eb n\u00eb sh\u00ebrbim t\u00eb sekser\u00ebve t\u00eb tipit Fazlli\u00e7.<\/p>\n<p><strong>M\u00ebdyshjet e Berish\u00ebs mes Greqis\u00eb e Serbis\u00eb<\/strong><\/p>\n<p>Nga <strong>Mero Baze<\/strong><\/p>\n<p><strong>\u00a0<\/strong><br \/>\nNd\u00ebrsa po udh\u00ebtoja nga Vlora p\u00ebr n\u00eb Tiran\u00eb, pas intervist\u00ebs me ish-Presidentin Xhorxh Bush, n\u00eb Fier takova dy drejtuesit e gazet\u00ebs RD, q\u00eb po ktheheshin nga Greqia. Laz\u00ebr Stani m\u00eb tregoi se kishte qen\u00eb n\u00eb nj\u00eb hotel me tre lider\u00ebt e opozit\u00ebs n\u00eb Athin\u00eb. Ishte takuar me Janis Repasin, z\u00ebdh\u00ebn\u00ebsin e qeveris\u00eb greke. M\u00eb b\u00ebri p\u00ebrshtypje fakti q\u00eb Repasi kishte theksuar se &#8220;Greqia d\u00ebshiron q\u00eb kjo gjendje stabiliteti dhe qet\u00ebsie t\u00eb vazhdoj\u00eb, pasi \u00ebsht\u00eb n\u00eb dobi t\u00eb rajonit t\u00eb Ballkanit&#8221;. Argument kryesor n\u00eb favor t\u00eb qeverisjes s\u00eb administrat\u00ebs s\u00eb Partis\u00eb Demokratike ishin, n\u00eb t\u00eb v\u00ebrtet\u00eb, rendi dhe qet\u00ebsia. Vlora ishte n\u00eb at\u00eb koh\u00eb qyteti ku mund t\u00eb pushonte nj\u00eb president amerikan. Disa muaj m\u00eb von\u00eb, u pa se z\u00ebdh\u00ebn\u00ebsi i qeveris\u00eb greke kishte goditur n\u00eb shenj\u00eb, kur kishte &#8220;uruar&#8221; me ciniz\u00ebm q\u00eb kjo qet\u00ebsi dhe ky stabilitet t\u00eb vazhdonte n\u00eb Shqip\u00ebri. N\u00eb Vlor\u00eb, nj\u00eb vit m\u00eb pas, nuk jetonin dot m\u00eb as banor\u00ebt e saj.<br \/>\nPor p\u00ebrshtypja q\u00eb kishte l\u00ebn\u00eb z\u00ebdh\u00ebn\u00ebsi grek te njer\u00ebzit e shtypit t\u00eb PD-s\u00eb ishte e mir\u00eb dhe ata mendonin se, me pak pun\u00eb, Berisha mund t&#8217;i p\u00ebrmir\u00ebsonte raportet me Greqin\u00eb. Gjat\u00eb fushat\u00ebs elektorale t\u00eb 26 majit, ai b\u00ebri kujdes q\u00eb k\u00ebto marr\u00ebdh\u00ebnie t&#8217;i vler\u00ebsonte si pozitive. Alfred Serreqi, si minist\u00ebr i Jasht\u00ebm, kishte vizituar Greqin\u00eb n\u00eb mes t\u00eb fushat\u00ebs dhe kishte mar\u00eb premtime p\u00ebr legalizimin e emigrant\u00ebve shqiptar\u00eb. N\u00eb prill ishte n\u00ebnshkruar Traktati i Miq\u00ebsis\u00eb mes dy vendeve dhe qenia e Teodor Pangallosit si minist\u00ebr i Jasht\u00ebm e kishte zbutur ndjesh\u00ebm situat\u00ebn. Berisha p\u00ebrpiqej t\u00eb b\u00ebnte ndarje t\u00eb fort\u00eb mes lobit grek n\u00eb SHBA dhe qeveris\u00eb greke, q\u00eb sipas tij ishte aleat\u00eb me Berish\u00ebn. Askush nuk e kuptonte dot sa uj\u00eb kishte rrjedhur posht\u00eb karriges s\u00eb pushtetit t\u00eb Berish\u00ebs, derisa turbullira u shfaq hapur. Nj\u00eb nat\u00eb m\u00eb pas, kur Berish\u00ebs po i komentoja p\u00ebrshtypjet e drejtuesve t\u00eb RD-se nga takimi me Repasin, ai u b\u00eb i heshtur.<\/p>\n<p>&#8211; Nuk e di, s&#8217;i kuptoj k\u00ebta greket, &#8211; tha. &#8211; K\u00ebta duhet t\u00eb jen\u00eb idiot\u00eb. K\u00ebta nuk e kuptojn\u00eb q\u00eb \u00ebsht\u00eb hera e par\u00eb q\u00eb ky vend u ofron miq\u00ebsi atyre. Un\u00eb u kam ofruar miq\u00ebsi. Ndryshe, ky vend e ka pasur gjithmon\u00eb hapur der\u00ebn n\u00eb Beograd. Nuk e kuptojn\u00eb k\u00ebta q\u00eb ne, po t\u00eb duam, nj\u00eb telefonat\u00eb larg e kemi Beogradin&#8230;<br \/>\nIshte nj\u00eb shfrim i rrjedhsh\u00ebm, pa asnj\u00eb penges\u00eb logjike n\u00eb tentativ\u00ebn p\u00ebr t\u00eb p\u00ebrzier analiz\u00ebn historike me nevoj\u00ebn p\u00ebr t\u00eb ruajtur pushtetin. Mua m\u00eb ra si bomb\u00eb ideja qe ne e pask\u00ebshim shum\u00eb t\u00eb leht\u00eb miq\u00ebsin\u00eb me Serbin\u00eb. I lindur dhe rritur n\u00eb Jug, me nj\u00eb distanc\u00eb edhe kulturore p\u00ebr ish-Jugosllavin\u00eb, por shum\u00eb i lidhur emocionalisht me Kosov\u00ebn, papritur, m&#8217;u duk vetja i pagdhendur p\u00ebr k\u00ebto pun\u00eb. Berisha ndoshta e kapi hutimin tim dhe vazhdoi:<br \/>\n&#8211; Po, k\u00ebshtu \u00ebsht\u00eb, dometh\u00ebn\u00eb, s&#8217;e kuptoj k\u00ebt\u00eb injoranc\u00ebn e tyre. Po k\u00ebmb\u00ebngulin pafund p\u00ebr luft\u00eb mes nesh. Mos shiko ti se kush \u00ebsht\u00eb tani n\u00eb Beograd, por i sigurt t\u00eb jesh ti q\u00eb ata e din\u00eb q\u00eb ne atje e kemi pas gjithmon\u00eb nj\u00eb ofert\u00eb gati. Ne&#8230; dometh\u00ebn\u00eb Shqip\u00ebria&#8230; nuk e kam fjal\u00ebn konkretisht ne si qeveri&#8230;<br \/>\nIshte nj\u00eb p\u00ebrpjekje e shpejt\u00eb, por e qet\u00eb, p\u00ebr t\u00eb ma larguar iden\u00eb se edhe ai vet\u00eb e kishte nj\u00eb ofert\u00eb gati n\u00eb Beograd. Nj\u00eb shpjegim i rr\u00ebmujsh\u00ebm, mes shfaj\u00ebsimit p\u00ebr keqkuptimin e mundsh\u00ebm dhe nj\u00eb t\u00eb v\u00ebrtet\u00eb historike q\u00eb n\u00eb Veri t\u00eb Shqiperise nuk ishte aq e panjohur dhe e larg\u00ebt sa n\u00eb Jug. Aleancat e Zogut dhe qeverit\u00eb provizore rebele t\u00eb mirditor\u00ebve q\u00eb nuk pajtoheshin me krer\u00ebt e shtetit t\u00eb ri shqiptar, e kishin zbuar k\u00ebt\u00eb paragjykim q\u00eb, per mua, ishte nj\u00eb tabu. Berisha nd\u00ebrroi bised\u00eb, por hutimi im, i ngecur me sa dukej n\u00eb shp\u00ebrq\u00ebndrimin e m\u00ebtejsh\u00ebm t\u00eb bised\u00ebs, na riktheu s\u00ebrish tek ish-Jugosllavia dhe Greqia, si dy fqinje me shanse t\u00eb ndryshme p\u00ebr miq\u00ebsi me Shqip\u00ebrin\u00eb.<\/p>\n<p>Shihej qart\u00eb q\u00eb, n\u00ebse n\u00eb Beograd nuk do t\u00eb kishte qen\u00eb Miloshevi\u00e7i dhe nuk do t\u00eb ndodhte ajo q\u00eb kishte ndodhur, pra n\u00ebse ne do t&#8217;i fillonim proceset demokratike kur n\u00eb Beograd t\u00eb kishte pasur nj\u00eb qeveri m\u00eb liberale, orientimi yn\u00eb do to kishte qen\u00eb Beogradi. Kur e mendoja ftoht\u00eb her\u00eb pas here k\u00ebt\u00eb, s&#8217;m\u00eb dukej dhe aq shokuese sa \u00e7&#8217;mu duk n\u00eb at\u00eb cast q\u00eb e d\u00ebgjova nga Sali Berisha. I pam\u00ebsuar t\u00eb jetoja me iden\u00eb se kemi fqinj\u00eb Serbin\u00eb apo Malin e Zi, madje i ndodhur dhe shum\u00eb larg kultur\u00ebs s\u00eb tyre politike, m\u00eb dukej si sforcim. Por s\u00ebrish, kur e rip\u00ebrtypja, kur mendoja p\u00ebr raportet e politikan\u00ebve kosovar\u00eb me Beogradin, raportet e politik\u00ebs shqiptar\u00eb deri n\u00eb vitin 1948 dhe kur, nj\u00eb \u00e7ast, mendoja se Sali Berisha ishte ndoshta politikani q\u00eb e njihte m\u00eb mir\u00eb Serbin\u00eb dhe Kosov\u00ebn, e justifikoja p\u00ebr at\u00eb q\u00eb tha.<\/p>\n<p>Pastaj turbullohesha s\u00ebrish kur m\u00eb shfaqej fantazma e martes\u00ebs s\u00eb tij me nj\u00eb grua me origjin\u00eb serbe, si dhe disa shkrime te egra, botuar n\u00eb shtypin e Kosov\u00ebs p\u00ebr lidhje t\u00eb familjes s\u00eb saj serbe me krer\u00eb t\u00eb UDB-s\u00eb. Dilemat p\u00ebr k\u00ebt\u00eb lidhje gjenealogjike, q\u00eb zgjonte ndjesi t\u00eb panjohura tek un\u00eb, me shtyn\u00eb nj\u00eb dite q\u00eb t\u00eb pyesja vet\u00eb Liri Berish\u00ebn p\u00ebr origjin\u00ebn e n\u00ebn\u00ebs s\u00eb saj serbe, nj\u00eb grua q\u00eb ka jetuar me dinjitet, p\u00ebr aq sa t\u00eb lejonte diktatura, si &#8220;grua jugosllave&#8221; n\u00eb Tiran\u00eb. Ishte e pabesueshme, por n\u00eb fund t\u00eb shpjegimit t\u00eb saj, un\u00eb isha m\u00eb i paqart\u00eb se n\u00eb fillim. Nuk m\u00eb tha asnj\u00eb fjali t\u00eb qart\u00eb, p\u00ebrve\u00e7 faktit q\u00eb n\u00ebna e saj ishte nj\u00eb jetime nga Vojvodina, q\u00eb nuk kishte fis dhe q\u00eb u martua me baban\u00eb e saj, Rexhepin, i cili ishte me origjin\u00eb nga Vuthaj, nj\u00eb fshat shqiptar, tashm\u00eb n\u00ebn territorin e Malit t\u00eb Zi.<\/p>\n<p>Martesa ishte b\u00ebr\u00eb n\u00eb vitet kur Shqip\u00ebria me JugosIlavine ishin n\u00eb &#8220;muajin e mjaltit&#8221;. Akuzat q\u00eb i b\u00ebheshin Liri Berish\u00ebs lidheshin me faktin se motra e n\u00ebn\u00ebs s\u00eb saj (d.m.th. tezja e saj) n\u00eb Beograd kishte qen\u00eb pjes\u00eb e OZNA-s, nd\u00ebrsa djali i tezes s\u00eb saj u b\u00eb m\u00eb pas nj\u00eb njeri i af\u00ebrt i Miloshevi\u00e7it. Gjith\u00e7ka ishte mes spekulimit dhe s\u00eb v\u00ebrtet\u00ebs. P\u00ebrkund\u00ebr k\u00ebsaj, n\u00ebna e Liri Berish\u00ebs, si shum\u00eb gra t\u00eb huaja t\u00eb martuara me burra shqiptar\u00eb gjat\u00eb komunizmit, ishte nj\u00eb grua q\u00eb vuajti pasojat e k\u00ebsaj martese. Asaj iu desh t\u00eb d\u00ebshmonte n\u00eb gjyqet e organizuara ndaj shoqeve t\u00eb saj, duke b\u00ebr\u00eb \u00e7&#8217;t\u00eb mundte q\u00eb t\u00eb mos e l\u00ebndonte t\u00eb ardhmen e tyre.<\/p>\n<p>Vet\u00eb i shp\u00ebtoi burgosjes, ndon\u00ebse shum\u00eb nga shoqet e af\u00ebrta t\u00eb saj p\u00ebrfunduan n\u00eb burg. Ishte nj\u00eb grua e fort\u00eb, q\u00eb duhet t\u00eb ket\u00eb vdekur krenare p\u00ebr jet\u00ebn e saj, nj\u00eb jet\u00eb q\u00eb e kishte mbajtur n\u00ebn tension gjith\u00eb familjen dhe f\u00ebmij\u00ebt e saj. Kur vdiq, n\u00eb janar t\u00eb vitit 2005, un\u00eb isha me Sali Berishen dhe gruan e tij n\u00eb Uashington. Kishim qen\u00eb dy jav\u00eb m\u00eb par\u00eb, bashk\u00eb me Berish\u00ebn, p\u00ebr t\u00eb lidhur marr\u00ebveshjen me kompanin\u00eb amerikane BG&amp;R dhe aty Berisha siguroi edhe nj\u00eb ftes\u00eb p\u00ebr n\u00eb M\u00ebngjesin e Lutjeve, e para pas nj\u00eb izolimi dhjet\u00ebvje\u00e7ar nga SHBA-t\u00eb. Ishte edhe Fatmir Mediu. Dit\u00ebn e dyt\u00eb t\u00eb vizit\u00ebs, kur me mundime t\u00eb m\u00ebdha ishin rregulluar disa takime t\u00eb r\u00ebnd\u00ebsishme n\u00eb Senat, n\u00eb Kongres dhe me ndihm\u00ebssekretaren e Shtetit p\u00ebr \u00e7\u00ebshtje Globale, n\u00eb hollin e hotelit, pash\u00eb q\u00eb Berisha ishte b\u00ebr\u00eb gati p\u00ebr rrug\u00eb.<br \/>\n&#8211; \u00c7far\u00eb ka ndodhur?<br \/>\n&#8211; Do t\u00eb kthehem, &#8211; tha. &#8211; Lilit i ka vdekur n\u00ebna.<br \/>\nU hutova aq shum\u00eb, sa nuk e ngush\u00ebllova fare. Mezi prisja takimet e tij dhe fare papritur gjith\u00e7ka b\u00ebhej zero. Fatmir Mediu m\u00eb b\u00ebnte grimasa pas shpin\u00ebs s\u00eb tij, me iden\u00eb se ishte budallall\u00ebk kthimi n\u00eb Tiran\u00eb p\u00ebr vjehrr\u00ebn. P\u00ebr t\u00eb qen\u00eb i sinqert\u00eb, edhe mua ashtu m\u00eb dukej. Guxova dhe ia thash\u00eb.<br \/>\n&#8211; A mund t\u00eb kthehet Lili vet\u00ebm me dik\u00eb nga ne?<br \/>\n&#8211; Jo, zot\u00ebri, ka mbaruar ajo pun\u00eb, do t\u00eb jem bashk\u00eb me t\u00eb.<br \/>\n&#8211; I thashe t\u00eb niset me Xhulin, time shoqe, &#8211; tha Fatmiri, &#8211; por nuk pranon. Vet\u00eb Lili nuk ka ndonj\u00eb kund\u00ebrshtim, &#8211; shtoi.<br \/>\nBerisha u b\u00eb nervoz nga biseda jon\u00eb.<br \/>\n-Mos u p\u00ebrzieni n\u00eb pun\u00ebt e mia! &#8211; tha. &#8211; E di vet\u00eb se \u00e7far\u00eb b\u00ebj. Hesht\u00ebm.<br \/>\nInstinkti p\u00ebr t\u00eb mos u dor\u00ebzuar m\u00eb b\u00ebri t\u00eb \u00e7ohesha, t\u00eb shkoja pak m\u00eb tutje dhe t&#8217;i telefonoja Agimit, v\u00ebllait t\u00eb Liris\u00eb n\u00eb Tiran\u00eb. E ngush\u00ebllova p\u00ebr t\u00eb \u00ebm\u00ebn dhe pastaj i shpjegova se Saliu do to kthehej bashk\u00eb me Lilin.<br \/>\n&#8211; I thashe t\u00eb mos kthehet, &#8211; tha ai, &#8211; por e ka fiksim. S&#8217;kam \u00e7&#8217;i b\u00ebj. S&#8217;ka \u00e7far\u00eb b\u00ebn, k\u00ebtu jemi t\u00eb gjith\u00eb.<br \/>\nBerisha e kuptoi q\u00eb po flisnim prap\u00eb p\u00ebr t\u00eb dhe nuk e mbajti nervozizmin.<br \/>\n&#8211; A ka mund\u00ebsi t\u00eb mos merresh me pun\u00ebt e mia? &#8211; tha i nxehur.<br \/>\n&#8211; Po flisja me Gimin, &#8211; i shpjegova. &#8211; E ngush\u00ebllova p\u00ebr n\u00ebn\u00ebn. &#8212; Dhe, si p\u00ebr t\u00eb zbutur nervozizmin e tij, e pyeta p\u00ebr Lilin.<br \/>\n-\u00cbsht\u00eb n\u00eb dhom\u00eb, &#8211; tha, &#8211; po b\u00ebn gati valixhen. Tani duhet t\u00eb b\u00ebjm\u00eb gati nj\u00eb plan, &#8211; vijoi nd\u00ebrkaq. &#8211; Deri n\u00eb or\u00ebn tre, kur duhet t\u00eb nisemi p\u00ebr n\u00eb aeroport, dua t\u00eb b\u00ebj nj\u00eb takim me spikerin e Kongresit dhe t\u00eb jap nj\u00eb interviste te VOA. Lidhu pak me ata t\u00eb VOA-s, q\u00eb t\u00eb vijn\u00eb n\u00eb Kongres p\u00ebr intervist\u00ebn.<\/p>\n<p>Pastaj u kujtua se duhej t\u00eb anulonte takimet dhe m\u00eb tha t&#8217;ia lija k\u00ebt\u00eb porosi nj\u00eb mikut ton\u00eb t\u00eb p\u00ebrbashk\u00ebt, q\u00eb kishte rregulluar shum\u00eb prej takimeve. Ashtu u b\u00eb. P\u00ebr rreth dy or\u00eb para nisjes, m&#8217;u desh t\u00eb prisja rrotull Kongresit, derisa ai mbaroi takimet dhe pastaj t\u00eb nisej drejt aeroportit, p\u00ebr t&#8217;u kthyer. Liria rrinte e heshtur n\u00eb makin\u00eb dhe her\u00eb pas here qante me d\u00ebnes\u00eb. Shihej qart\u00eb lidhja e saj e fort\u00eb me n\u00ebn\u00ebn, nj\u00eb lidhje q\u00eb dukej se e kishte b\u00ebr\u00eb m\u00eb t\u00eb fort\u00eb fati i keq i saj, q\u00eb jetoi gjith\u00eb jet\u00ebn larg njer\u00ebzve t\u00eb dashur dhe q\u00eb i ishte dashur t\u00eb p\u00ebrballej me shantazhin e shtetit p\u00ebr posht\u00ebrim, p\u00ebr ta p\u00ebrdorur kund\u00ebr grave t\u00eb tjera q\u00eb kishin t\u00eb nj\u00ebjtin fat me t\u00eb, t\u00eb martuara n\u00eb Shqip\u00ebri.<\/p>\n<p>Duke njohur k\u00ebt\u00eb lidhje t\u00eb fort\u00eb, Berisha anuloi takimet m\u00eb t\u00eb r\u00ebnd\u00ebsishme t\u00eb dhjet\u00eb viteve t\u00eb fundit t\u00eb tij n\u00eb politik\u00eb dhe u kthye bashk\u00eb me t\u00eb shoqen n\u00eb Tiran\u00eb. Lidhja e tij e fort\u00eb me gruan e vet ishte dimensioni m\u00eb i paduksh\u00ebm n\u00eb publik. Hija e fort\u00eb e pushtetit t\u00eb saj mbi t\u00eb nuk hetohej, po t\u00eb mos e njihje nga af\u00ebr. P\u00ebr shum\u00eb shqiptar\u00eb, edhe n\u00eb dit\u00ebt m\u00eb t\u00eb zeza t\u00eb Berishes, ajo ishte nj\u00eb \u00ebngj\u00ebll. Vet\u00ebm n\u00eb dit\u00ebt e para t\u00eb trazirave n\u00eb Vlor\u00eb u hodh\u00ebn parulla kund\u00ebr saj. Ishte ndoshta nj\u00eb instinkt i njer\u00ebzve t\u00eb revoltuar ndaj dy grave q\u00eb dukej se p\u00ebrfaq\u00ebsonin pushtetin e tij: Vjollca Vokshit dhe Liris\u00eb.<\/p>\n<p>Askush tjet\u00ebr n\u00eb Shqiperi nuk i ka hetuar dot shenjat e pafuqis\u00eb s\u00eb tij t\u00eb madhe para nj\u00eb gruaje. Vet\u00ebm nj\u00eb shoq\u00ebri mashkullore, si\u00e7 besohet q\u00eb \u00ebsht\u00eb Vlora, e ka gjithmon\u00eb t\u00eb ngritur \u00e7arkun e dyshimit n\u00eb k\u00ebt\u00eb pik\u00eb. N\u00eb t\u00eb v\u00ebrtet\u00eb, ajo ka pasur dhe ka pushtetin real mbi njeriun q\u00eb nxiton t\u00eb gllab\u00ebroj\u00eb \u00e7do pushtet. Dhe nuk di ta shpjegoj n\u00ebse mania e tij p\u00ebr superpushtet \u00ebsht\u00eb nj\u00eb lloj kompensimi nga oksigjeni i rralluar i pushtetit prej pranis\u00eb s\u00eb saj. \u00cbsht\u00eb nj\u00eb raport q\u00eb meriton nj\u00eb v\u00ebshtrim t\u00eb thell\u00eb, q\u00eb t\u00eb dep\u00ebrtoj\u00eb p\u00ebrtej \u00e7asteve personale, komplekseve t\u00eb tij ndaj jet\u00ebs s\u00eb qytetit, kuriozitetit p\u00ebr origjin\u00ebn e saj dhe, mbi t\u00eb gjitha, sigurin\u00eb q\u00eb i ka dh\u00ebn\u00eb ajo si nj\u00eb grua q\u00eb e mbronte nga \u00e7do ekspozim i pafuqis\u00eb s\u00eb tij para syve t\u00eb t\u00eb tjer\u00ebve.<br \/>\nVon\u00eb, shum\u00eb vite m\u00eb von\u00eb, kur raportet e Berish\u00ebs me Greqin\u00eb filluan t\u00eb shk\u00eblqenin dhe ai b\u00ebri l\u00ebshime p\u00ebr fqinjin ton\u00eb jugor m\u00eb shum\u00eb se \u00e7&#8217;do t\u00eb kishte b\u00ebr\u00eb Nikolas Gejxhi, po ta b\u00ebnim kryeminist\u00ebr t\u00eb vendit, e kuptova qart\u00eb se m\u00ebdyshjet e mia p\u00ebr raportet e tij me serb\u00ebt ishin nj\u00eb fllusk\u00eb sapuni. Nuk kishte n\u00eb to asgj\u00eb nostalgjike apo historike. Ato ishin thjesht nj\u00eb mund\u00ebsi pushteti. I lodhur nga lufta me Greqin\u00eb dhe shkuarja drejt gremin\u00ebs prej k\u00ebsaj lufte, ai sillte n\u00eb mendje aleanca t\u00eb tilla dhe at\u00eb shprehjen q\u00eb m\u00eb tronditi gjat\u00eb: &#8220;K\u00ebta grek\u00ebt qenkan idiot\u00eb, nuk e din\u00eb k\u00ebta q\u00eb ne Beogradin e kemi gati&#8230;&#8221;. Ishte nj\u00eb shfrim n\u00eb \u00e7astet e tij t\u00eb v\u00ebshtira, kur ai nxitonte t\u00eb sillte n\u00eb mendje gjith\u00e7ka q\u00eb ne t\u00eb tjer\u00ebve na dukej e pamundur: serb\u00ebt, islamik\u00ebt dhe, pse jo, uniformat ushtarake.<br \/>\nDhe n\u00eb k\u00ebt\u00eb p\u00ebrp\u00eblitjeje p\u00ebr aleanca, duket se lufta e Bosnjes dhe angazhimi i tij krah Izetbegovi\u00e7it, t\u00eb cilit i dhuroi avion\u00eb pa fund me arm\u00eb q\u00eb niseshin nga aeroporti i Gjadrit n\u00eb Lezh\u00eb, luajt\u00ebn nj\u00eb rol t\u00eb r\u00ebnd\u00ebsish\u00ebm. Njer\u00ebzit ky\u00e7 me t\u00eb cil\u00ebt ai i nd\u00ebrtoi k\u00ebto raporte jan\u00eb ende sot protagonist\u00eb t\u00eb mafies ballkanike t\u00eb arm\u00ebve dhe krahut financiar t\u00eb Al Qaeda-s n\u00eb Ballkan, nj\u00eb p\u00ebrzierje nga m\u00eb t\u00eb rrezikshmet, q\u00eb p\u00ebrfshin n\u00eb m\u00ebnyr\u00eb t\u00eb \u00e7uditshme brenda saj boshnjak\u00eb myslimane, serbo-boshnjak\u00eb, sudanez\u00eb, libanez\u00eb, zviceran\u00eb. Dhe e vetmja lidhje n\u00eb pushtet e tyre \u00ebsht\u00eb ende kryeministri i Shqip\u00ebris\u00eb, Sali Berisha, i cili nuk ka neglizhuar ask\u00ebnd prej tyre. Historit\u00eb e vrullshme t\u00eb tregtive t\u00eb arm\u00ebve pas vitit 2005 ringjall\u00ebn pik\u00ebrisht k\u00ebto lidhje dhe k\u00ebta emra, e lul\u00ebzuan industrin\u00eb e trafikut t\u00eb arm\u00ebve, fishek\u00ebve dhe raketave nga Shqiperia me Serbin\u00eb, Bosnj\u00ebn dhe Malin e Zi, drejt bot\u00ebs arabe, kryesisht drejt hezbollah\u00ebve dhe Iranit.<\/p>\n<p>N\u00eb qarkullim jan\u00eb t\u00eb nj\u00ebjtit njer\u00ebz nga mafia ish-jugosllave, t\u00eb nj\u00ebjtat lidhje, q\u00eb z\u00ebn\u00eb fill nga krahu islamik i kabinetit t\u00eb presidentit t\u00eb ndjer\u00eb boshnjak Izetbegovi\u00e7, si dhe t\u00eb nj\u00ebjtit njer\u00ebz q\u00eb u angazhuan nga kjo bot\u00eb n\u00eb procesin e rikthimit t\u00eb tij n\u00eb pushtet. Ishin ky treg q\u00eb i nxiti familjaret e Berish\u00ebs t\u00eb p\u00ebrfshiheshin n\u00eb projektin ogurzi t\u00eb demontimit t\u00eb arm\u00ebve n\u00eb G\u00ebrdec, q\u00eb nuk do t\u00eb kishte dal\u00eb kurr\u00eb n\u00eb drit\u00eb si nj\u00eb histori e pist\u00eb biznesi, sikur &#8220;aksidenti teknologjik&#8221; t\u00eb mos na verbonte syt\u00eb t\u00eb gjith\u00ebve me trupat e pajet\u00eb t\u00eb 26 vet\u00ebve, mes t\u00eb cil\u00ebve gra, f\u00ebmij\u00eb dhe qindra sht\u00ebpi t\u00eb shkat\u00ebrruara.<\/p>\n<p>T\u00eb gjitha hamendjet se Berisha ishte nj\u00eb nacionalist q\u00eb e \u00e7oi vendin drejt shkat\u00ebrrimit n\u00eb vitin 1997, rezultuan false. Rikthimi i tij n\u00eb pushtet provoi se ai \u00ebsht\u00eb politikani q\u00eb ka vendosur raporte t\u00ebr\u00ebsisht v\u00ebllaz\u00ebrore me qarqet m\u00eb nacionaliste greke dhe q\u00eb ka instaluar n\u00eb Shqip\u00ebri bizneset m\u00eb t\u00eb fuqishme t\u00eb ish-mafies jugosllave, q\u00eb kan\u00eb qen\u00eb pararojat e nacionalizmave sllave n\u00eb Ballkan. N\u00eb k\u00ebt\u00eb pik\u00eb Berish\u00ebn mund ta quajm\u00eb m\u00eb shum\u00eb nj\u00eb aleat t\u00eb madh t\u00eb nacionalist\u00ebve fqinj\u00eb, se sa nj\u00eb nacionalist shqiptar. Interesi i tij i vet\u00ebm \u00ebsht\u00eb pushteti n\u00eb Tiran\u00eb dhe p\u00ebr k\u00ebt\u00eb ai \u00ebsht\u00eb i gatsh\u00ebm t\u00eb t\u00ebrheq\u00eb n\u00eb vallen e interesave t\u00eb veta gjithk\u00ebnd q\u00eb i rrezikon qoft\u00eb edhe pak fare pushtetin e vet.<\/p>\n<p>____<\/p>\n<p><strong>Nga Fazllici te Gejxhi<\/strong><\/p>\n<p>N\u00eb sh\u00ebrbim t\u00eb mafies dhe nacionalist\u00ebve ballkanas<\/p>\n<p>Nga <strong>Arben Rrozhani<\/strong><\/p>\n<p>Libri i gazetarit Mero Baze, ka shkuar edhe n\u00eb duart e Sali Berish\u00ebs, me an\u00eb t\u00eb post\u00ebs. Kryeministri i \u00ebsht\u00eb p\u00ebrgjigjur mikut t\u00eb dikursh\u00ebm se p\u00ebrshtypjet do t&#8217;ia jap\u00eb pasi ta lexoj\u00eb librin. Nuk dihet se \u00e7far\u00eb shije do t&#8217;i ket\u00eb l\u00ebn\u00eb kryeministrit botimi i k\u00ebtyre kujtimeve, sidomos p\u00ebr m\u00ebdyshjet e tij mes Serbis\u00eb dhe Greqis\u00eb, por realiteti i sot\u00ebm ka v\u00ebrtetuar kat\u00ebrcip\u00ebrisht, ato q\u00eb hamend\u00ebson autori i librit. Sali Berisha \u00ebsht\u00eb n\u00eb pushtet p\u00ebr tu sh\u00ebrbyer jo shqiptar\u00ebve, por qarqeve mafioze serbe apo boshnjake dhe atyre greke.<\/p>\n<p>N\u00eb vitet e pushtetit t\u00eb tij si president 1992-1997, Sali Berisha i vuri regjimit t\u00eb Slobodan Milloshevi\u00e7it n\u00eb dispozicion karburantet e ndaluara nga embargoja e OKB-s\u00eb, p\u00ebr shkak t\u00eb agresionit serb n\u00eb Bosnje-Hercegovin\u00eb. Me fqinjin jugor Greqin\u00eb, marr\u00ebdh\u00ebniet nuk qen\u00eb asnj\u00ebher\u00eb t\u00eb mira, sepse qeveria e Tiran\u00ebs iu ishte p\u00ebrgjigjur me retorik\u00eb t\u00eb ashp\u00ebr dhe arrestime, sulmeve me arm\u00eb t\u00eb qarqeve virioepirote q\u00eb donin t\u00eb destabilizonin jugun e Shqip\u00ebris\u00eb.<br \/>\nKur erdhi n\u00eb pushtet n\u00eb 2005 si kryeminist\u00ebr, fushat\u00ebn ai kishte mb\u00ebshtetur edhe nj\u00eb sekser serbo-boshnjak, i quajtur Damir Fazllic, q\u00eb \u00ebsht\u00eb mbrojtur publikisht si miku i kryeministrit. Sot, pas pes\u00eb viteve, Fazllic e ka Tiran\u00ebn si sht\u00ebpin\u00eb e tij, nd\u00ebrsa ka shum\u00eb prona t\u00eb patundshme n\u00eb Shqip\u00ebri, dhe vet\u00ebm p\u00ebr nj\u00ebr\u00ebn ai e pranon se shkon n\u00eb rreth 50 milion\u00eb euro. Pas tij jan\u00eb shum\u00eb serb\u00eb t\u00eb tjer\u00eb. N\u00ebse do t\u00eb ishin qytetar\u00eb t\u00eb nderuar q\u00eb i kan\u00eb b\u00ebr\u00eb bizneset me djers\u00ebn e ballit ata do t\u00eb mir\u00ebpriteshin krah\u00ebhapur nga shqiptar\u00ebt. N\u00eb fakt, \u00ebsht\u00eb biznesi q\u00eb u rrit dhe b\u00ebri miliardat me pushtetin vras\u00ebs t\u00eb koh\u00ebs kur qeveriste Milloshevici, si\u00e7 \u00ebsht\u00eb fakti i Lazarevi\u00e7it, apo Mishkovi\u00e7it, emra t\u00eb njohur q\u00eb sot komandojn\u00eb bizneset n\u00eb Serbi dhe padyshim edhe n\u00eb Shqip\u00ebri.<br \/>\nDy vite m\u00eb par\u00eb, Berisha e mbrojti stoikisht mikun e tij serbo-boshnjak, pasi ishte ndaluar n\u00eb 4 tetor n\u00eb Sarajev\u00eb p\u00ebr llogari t\u00eb drejt\u00ebsis\u00eb boshnjake. N\u00eb Tiran\u00eb qeveria i b\u00ebri presion t\u00eb hapur Prokuroris\u00eb s\u00eb P\u00ebrgjithshme, e cila tentoi thjesht t&#8217;i merrte nj\u00eb d\u00ebshmi p\u00ebr bizneset n\u00eb Shqip\u00ebri, p\u00ebr t\u00eb cilat, sipas tatim-taksave, nuk kishte derdhur asnj\u00eb lek. Serbo-boshnjaku Damir Fazlli\u00e7, ka patur akuza nga drejt\u00ebsia serbe, p\u00ebr falsifikim identiteti, gjat\u00eb aktivitetit t\u00eb tij si &#8220;konsulent financiar&#8221;, si pronar i shoq\u00ebris\u00eb fantazm\u00eb &#8220;European Finance&#8221;. N\u00eb Bosnje Fazlli\u00e7 prezantohet si p\u00ebrfaq\u00ebsues i koorporat\u00ebs &#8220;Capital Investment Management&#8221; dhe emri i tij \u00ebsht\u00eb i lidhur me afaristin kroat Hrvoje Petrac, i cili nga ana e tij ka patur &#8220;biznese&#8221; me gjeneralin e luft\u00ebs Ante Gotovina.<br \/>\nBosnja ka qen\u00eb nj\u00eb baz\u00eb e hershme e operacioneve trafikimit t\u00eb arm\u00ebve nga Shqip\u00ebria. Disa muaj para shp\u00ebrthimit t\u00eb G\u00ebrdecit, raportohej se ngarkesat me baz\u00eb Shqip\u00ebrin\u00eb n\u00eb pjes\u00ebn d\u00ebrrmuese t\u00eb tyre porositeshin nga Bosnj\u00eb-Hercegovina, nd\u00ebrsa destinacionet kan\u00eb qen\u00eb kryesisht p\u00ebr n\u00eb vendet e Lindjes s\u00eb Mesme dhe t\u00eb Azis\u00eb. Damir Fazlli\u00e7 lidhej me nj\u00eb \u00e7\u00ebshtje t\u00eb trafikut t\u00eb &#8220;katjushkave&#8221;, apo p\u00ebr furnizimin me arm\u00eb ruse Siris\u00eb.<br \/>\nDamir Fazlli\u00e7 u b\u00eb shum\u00eb aktiv nga mesi i vitit 2005 n\u00eb Shqip\u00ebri, nd\u00ebrsa u njoh me kreun e PD, Berisha, n\u00eb Uashington, nd\u00ebrsa ky i fundit shkoi t\u00eb lidhte marr\u00ebveshjen me kompanin\u00eb e lobingut BG&amp;R. Roli i Fazlli\u00e7 n\u00eb PD dhe n\u00eb marr\u00ebdh\u00ebnie me Berish\u00ebn mori nj\u00eb tjet\u00ebr dimension, kur Fazlli\u00e7 pas fitores s\u00eb PD filloi t\u00eb negocioj\u00eb n\u00eb em\u00ebr t\u00eb pushtetit t\u00eb ri disa kontrata, ku p\u00ebrfshihen infrastruktura, energjia dhe Telekomi. Pak dit\u00eb m\u00eb par\u00eb n\u00eb Tiran\u00eb ishte n\u00eb krah t\u00eb gjeneralit Uesli Klark, p\u00ebr t\u00eb nd\u00ebrmjet\u00ebsuar p\u00ebr disa projekte n\u00eb energjetik\u00eb, si dhe duke organizuar nj\u00eb ankand bamir\u00ebsie p\u00ebr shitje pikturash, nd\u00ebrsa parat\u00eb e mbledhura shkojn\u00eb zyrtarisht p\u00ebr f\u00ebmij\u00ebt n\u00eb nevoj\u00eb.<br \/>\nTet\u00eb vite pas ikjes nga pushteti, Berisha kishte v\u00ebn\u00eb mend nga konflikti i gjat\u00eb me Greqin\u00eb dhe gjat\u00eb mandatit t\u00eb par\u00eb dhe t\u00eb dyt\u00eb si kryeminist\u00ebr, ua hapi dyert grek\u00ebve, madje edhe atyre figurave nacionaliste, q\u00eb ishin shpallur &#8220;non grata&#8221; dikur, p\u00ebr shkak t\u00eb politikave t\u00eb tyre armiq\u00ebsore ndaj Shqip\u00ebris\u00eb.<br \/>\nSali Berisha b\u00ebri t\u00eb pamundur\u00ebn p\u00ebr t&#8217;i dhuruar Greqis\u00eb mbi 355 km katror\u00eb det, me nj\u00eb marr\u00ebveshje t\u00eb dyshimt\u00eb p\u00ebr ndarjen e uj\u00ebrave dhe t\u00eb shelfit kontinental n\u00eb detin Jon, por q\u00eb p\u00ebr fat t\u00eb mir\u00eb u denoncuar n\u00eb koh\u00eb dhe u hodh posht\u00eb nga Gjykata Kushtetuese. Gjith\u00e7ka ka k\u00ebrkuar qeveria e Athin\u00ebs \u00ebsht\u00eb e miratuar nga ana e qeveris\u00eb shqiptare. Qarqet nacionaliste greke jan\u00eb t\u00eb lirsh\u00ebm dhe b\u00ebjn\u00eb propagand\u00eb si n\u00eb sht\u00ebpin\u00eb e tyre n\u00eb jug t\u00eb vendit. Precedent\u00eb si ai i Himar\u00ebs jan\u00eb treguesi i vasalitetit q\u00eb qeveria e Tiran\u00ebs ka ndaj asaj t\u00eb Athin\u00ebs, nacionalist\u00ebve t\u00eb thekur si Nikolas Gejxh, i cili vjen kur t\u00eb doj\u00eb p\u00ebr t\u00eb propaganduar jugun e Shqip\u00ebris\u00eb si pjes\u00eb t\u00eb Greqis\u00eb.<\/p>\n<p>&#8212;&#8212;-<\/p>\n<p><strong>Baze: Slogani &#8216;Me ne fitojn\u00eb t\u00eb gjith\u00eb&#8217;, thas\u00ebt me para n\u00eb koncerte, 26 maji n\u00eb PD<\/strong><\/p>\n<p><strong>Un\u00eb pag\u00ebzuesi i sloganit &#8220;Me ne fitojn\u00eb t\u00eb gjith\u00eb&#8221;<\/strong><\/p>\n<p>&#8216;&#8230;Kam dy rrug\u00ebzgjidhje, &#8211; i thash\u00eb Berish\u00ebs. Me sloganin do t\u00eb merrem vet\u00eb, nd\u00ebrsa p\u00ebr dizajnin e fushat\u00ebs duhet t\u00eb gjejm\u00eb nj\u00eb profesionist. Dhe un\u00eb e kam gjetur nj\u00eb t\u00eb till\u00eb.<br \/>\n&#8211; Kush \u00ebsht\u00eb?- pyeti ai.<br \/>\n&#8211; Esht\u00eb nj\u00eb dizajner nga Kosova, &#8211; i thash\u00eb. &#8211; Nekra e ka pseudonimin dhe \u00ebsht\u00eb nga karikaturist\u00ebt m\u00eb t\u00eb mir\u00eb t\u00eb Kosov\u00ebs. Ka fituar rreth 30 \u00e7mime t\u00eb para dhe ka shije t\u00eb mira p\u00ebr dizajn dhe pllakate. Ka par\u00eb dhe m\u00eb shum\u00eb fushata se ne, sepse Jugosllavia ka qen\u00eb vend m\u00eb i hapur.<br \/>\n&#8211; Si e ka emrin, si e ka?- k\u00ebmb\u00ebnguli Berisha.<br \/>\n&#8211; Nexhat Krasniqi, &#8211; i thash\u00eb, &#8211; por njihet si Nekra.<br \/>\n&#8211; Mir\u00eb, sille menj\u00ebher\u00eb, se s&#8217;kemi shum\u00eb koh\u00eb, &#8211; tha Berisha. Dhe vijoi: &#8211; Nd\u00ebrsa slogani m\u00eb duhet shpejt. Kam ca k\u00ebtu, q\u00eb m&#8217;i kan\u00eb propozuar k\u00ebta, por s&#8217;ma mbushin mendjen.<br \/>\nKam menduar di\u00e7ka, &#8211; i thash\u00eb. &#8211; Di\u00e7ka q\u00eb t\u00eb jet\u00eb m\u00eb p\u00ebrfshir\u00ebs dhe t\u00eb mos e ndaj\u00eb shoq\u00ebrin\u00eb n\u00eb &#8220;ne&#8221; dhe &#8220;ata&#8221;.<br \/>\nFushata spastruese n\u00eb em\u00ebr t\u00eb antikomunizmit dhe retorika e shtuar politike e kishin ndar\u00eb thell\u00eb shoq\u00ebrin\u00eb. E vetmja gj\u00eb q\u00eb e bashkonte n\u00eb horizonte, ishte ekonomia. N\u00ebse ajo rritej, n\u00ebse njer\u00ebzit fitonin, ajo duhej t\u00eb b\u00ebhej kal\u00eb beteje. Koha kur un\u00eb e mendoja k\u00ebt\u00eb gj\u00eb, ishte n\u00eb t\u00eb v\u00ebrtet\u00eb nj\u00eb periudh\u00eb e diskutueshme sa i p\u00ebrkiste rritjes ekonomike. Vendi sa kishte nisur t\u00eb ngrihej nga privatizimet e vogla, nd\u00ebrsa n\u00eb horizont ishin shfaqur gjigant\u00ebt e fajdeve, si: Vefa, Gjallica, Silva, Kamberi e Cenaj, q\u00eb nuk ishin skema t\u00eb mir\u00ebfillta piramidale, por ishin kompani q\u00eb po i rrisnin investimet duke u kredituar nga qytetar\u00ebt dhe q\u00eb, n\u00ebse nuk i b\u00ebnin eficiente investimet, p\u00ebrfundonin keq.<br \/>\nBerish\u00ebn e bezdisi p\u00ebrpjekja ime p\u00ebr t\u00eb shpjeguar motivin q\u00eb m\u00eb kishte nxitur t\u00eb mendoja p\u00ebr sloganin.<br \/>\n-Mos ma shpjego, m\u00eb thuaj propozimin, &#8211; tha ai.<br \/>\n-&#8220;Me ne fitojn\u00eb t\u00eb gjith\u00eb!&#8221;- thash\u00eb un\u00eb. U mendua nj\u00eb \u00e7ast.<br \/>\n&#8211; I shk\u00eblqyem! &#8211; tha. &#8211; E ke gjet. Lere, se na shp\u00ebtove. Hidhi posht\u00eb k\u00ebta! &#8211; shtoi dhe i shtyu letrat q\u00eb m\u00eb kishte v\u00ebn\u00eb p\u00ebrpara. &#8211; Ma gjej shpejt k\u00ebt\u00eb kosovarin dhe filloni pun\u00eb.<br \/>\nU ndam\u00eb. Deri n\u00eb or\u00ebn 01.00 pas mesnate, m\u00eb mori disa her\u00eb n\u00eb telefon dhe m\u00eb komentonte kuptimet e ndryshme t\u00eb sloganit. E kishte kapur &#8220;hilen&#8221; q\u00eb fshihte fjala &#8220;fitojn\u00eb&#8221;, q\u00eb binte dhe er\u00eb ekonomi dhe politik\u00eb.<br \/>\nM\u00eb von\u00eb, slogani u mallkua shum\u00eb. U mallkua sidomos p\u00ebr anatemimin q\u00eb opozita i b\u00ebri si slogan q\u00eb ka nxitur fajdet\u00eb. Madje, nj\u00ebher\u00eb ma p\u00ebrmendi dhe Tritan Shehu me gjysm\u00eb shakaje:<br \/>\n&#8211; Na more m\u00eb qaf\u00eb me at\u00eb slogan!<br \/>\n&#8211; Un\u00eb nuk ju thash\u00eb &#8220;fitojini t\u00eb gjitha&#8221;, por &#8220;fitojn\u00eb t\u00eb gjith\u00eb&#8221;, &#8211; ia preva.<br \/>\nPor Tritani e ka zakon q\u00eb s&#8217;t\u00eb d\u00ebgjon, kur i kthen p\u00ebrgjigje. Qesh dhe ik\u00ebn.<br \/>\nNekra erdhi pas dy ditesh. Si nj\u00eb artist eremit, me mjek\u00ebr t\u00eb l\u00ebshuar si murg i nj\u00eb manastiri, pa pasaport\u00eb, maleve t\u00eb Kuk\u00ebsit, ai kishte dep\u00ebrtuar n\u00eb Shqip\u00ebri. I tregova p\u00ebr pun\u00ebn q\u00eb duhej t\u00eb b\u00ebnim. K\u00ebrkoi nj\u00eb takim me Berish\u00ebn dhe t\u00eb nes\u00ebrmen ishte gati. Mori nj\u00eb fotoreporter dhe k\u00ebrkoi disa student\u00eb figurant\u00eb nga Akademia e Arteve. Pas nj\u00eb jav\u00eb, ai kishte dizajnuar ndoshta posterat m\u00eb t\u00eb bukur dhe m\u00eb t\u00eb haresh\u00ebm q\u00eb ka pasur ndonj\u00eb fushat\u00eb elektorale n\u00eb Shqip\u00ebri.<br \/>\nK\u00ebtu nisi dhe nj\u00eb problem. N\u00eb Tiran\u00eb nuk kishte asnj\u00eb shtypshkronj\u00eb ofset 70 x 100, q\u00eb t&#8217;i printonte posterat. Sipas Nekr\u00ebs, m\u00eb e mira gjendej n\u00eb Slloveni dhe ai madje kishte siguruar edhe nj\u00eb \u00e7mim shum\u00eb t\u00eb mir\u00eb. Por nuk kishte pasaport\u00eb. Ia gjet\u00ebm shpejt e shpejt edhe at\u00eb, nje pasaport\u00eb sh\u00ebrbimi me afat t\u00eb kufizuar. Por duheshin edhe lek\u00ebt. Dhe ishin shum\u00eb. Rreth 50 mij\u00eb marka. Fola me Berish\u00ebn dhe ky m\u00eb \u00e7oi te Tritani. Ky i fundit prap\u00eb te Berisha. Ishte nj\u00eb siklet i pamenduar. N\u00eb nj\u00eb parti ku parat\u00eb hynin e dilnin pa inventar, nuk gjendeshin kurr\u00eb pare p\u00ebr pun\u00eb serioze. Shumica e thas\u00ebve me para kishin filluar t\u00eb shoq\u00ebronin karvanin e koncerteve &#8220;Vizion 2000&#8221;, q\u00eb u printe Ardit Gjebrea me nj\u00eb shami t\u00eb lidhur n\u00eb ball\u00eb, ku shkruhej: &#8220;BERISHA Hero&#8221;.<\/p>\n<p style=\"text-align: center;\">* * *<\/p>\n<p>Nata e ethshme pas mbylljes s\u00eb qendrave t\u00eb votimit dhe p\u00ebrgatitja e skenarit p\u00ebr fitoren mbi &#8220;t\u00eb kuqt\u00eb&#8221;. \u00c7far\u00eb ndodhte n\u00eb selin\u00eb e PD-s\u00eb dit\u00ebn e zgjedhjeve t\u00eb 26 majit 1996. Konsultat e presidentit Berisha me kryeministrin dhe kryetarin e PD-s\u00eb. P\u00ebrpjekja e d\u00ebshp\u00ebruar p\u00ebr t\u00eb marr\u00eb sa m\u00eb shum\u00eb vota p\u00ebr seicilin kandidat dhe raporti i ODIHR-it q\u00eb nxinte zgjedhjet e organizuara nga Sali Berisha<\/p>\n<p>Berisha m\u00eb ftoi t\u00eb hipja n\u00eb makin\u00ebn e tij p\u00ebr t\u00eb shkuar nga Pallati Brigadave deri te selia e Partis\u00eb Demokratike, ngaq\u00eb nuk kisha makin\u00ebn time me vete. Rrug\u00ebs deri te selia, thuajse nuk foli. Kishte nj\u00eb ankth q\u00eb her\u00eb merrte form\u00ebn e g\u00ebzimit, here t\u00eb makthit. Tirana kishte filluar t\u00eb gjall\u00ebrohej nga borit\u00eb e makinave, q\u00eb dukej se vinin nga Rruga e Kavaj\u00ebs, nd\u00ebrsa rruga para Partise Demokratike ishte e tejmbushur me njer\u00ebz. Makinat e Berish\u00ebs mezi can\u00eb rrug\u00ebn deri af\u00ebr der\u00ebs kryesore, aty ku sot \u00ebsht\u00eb nj\u00eb qend\u00ebr biznesi. Njer\u00ebzit u turr\u00ebn te dyert e makin\u00ebs ku ishte vet\u00eb Berisha dhe ai thuajse filloi nj\u00eb beteje fizike me truprojat e tij p\u00ebr t\u00eb \u00e7ar\u00eb rrug\u00ebn.<br \/>\nUn\u00eb nuk dola menj\u00ebher\u00eb. M\u00eb duhej t\u00eb prisja. Nuk ishte etike t\u00eb zbrisja nga makina bashk\u00eb me t\u00eb. Kur ai i ishte afruar der\u00ebs kryesore, hapa der\u00ebn tjet\u00ebr t\u00eb makin\u00ebs, at\u00eb q\u00eb shikonte nga lulishtja e Kuvendit, pastaj zbrita. Thuajse askush nuk m\u00eb vuri re. Nxitova t\u00eb arrija te dera e selis\u00eb s\u00eb partis\u00eb. Ai nd\u00ebrkoh\u00eb kishte hyr\u00eb dhe te dera kishin hapur k\u00ebmb\u00ebt dy njer\u00ebz shtatlart\u00eb, q\u00eb nuk lejonin ask\u00ebnd t\u00eb hynte brenda.<br \/>\nM\u00eb ndal\u00ebn edhe mua.<br \/>\nFillova t&#8217;u shpjegohem se jam gazetar, u tregova kart\u00ebn e shtypit, por asgj\u00eb.<br \/>\nAta nuk t\u00eb lejonin.<br \/>\n&#8211; Nuk t\u00eb njohim, &#8211; than\u00eb. &#8211; Nuk lejohet!<br \/>\nAs un\u00eb nuk i njihja. Nuk ishin roje as t\u00eb Berish\u00ebs, as t\u00eb Meksit, as t\u00eb Arbnorit, as t\u00eb Tritan Shehut. Ishin &#8220;dikush\u00ebt&#8221; q\u00eb ishin shpikur at\u00eb nat\u00eb.<br \/>\nP\u00ebr fat, Arjani, nj\u00eb nga rojat e Berish\u00ebs, e kuptoi sken\u00ebn, u kthye mbrapsht, zgjati dor\u00ebn posht\u00eb tyre dhe m\u00eb t\u00ebrhoqi pa u folur. Ata pan\u00eb pak t\u00eb xhindosur dhe u kthyen serish nga turma para der\u00ebs.<br \/>\nN\u00eb katin e dyt\u00eb t\u00eb selis\u00eb s\u00eb Partis\u00eb Demokratike kishte m\u00eb pak njer\u00ebz, natyrisht m\u00eb t\u00eb p\u00ebrzgjedhurit. T\u00eb gjith\u00eb kishin kaluar prov\u00ebn e dy gorillave t\u00eb der\u00ebs s\u00eb jashtme. Un\u00eb njihja pak prej tyre. N\u00eb korridorin q\u00eb t\u00eb \u00e7onte te zyra e kryetarit, gjeta Shemsi Peposhin, gazetar i Tribun\u00ebs Demokratike. Pak m\u00eb tutje dhe nj\u00eb fotoreporter, Armando Babani. Armandoja hyri i pari dhe b\u00ebri disa fotografi, nd\u00ebrsa Berisha, Meksi dhe Tritani po bisedonin p\u00ebr shifrat e para.<\/p>\n<p>T\u00eb tre dukeshin t\u00eb g\u00ebzuar dhe misterioz\u00eb nj\u00ebkoh\u00ebsisht. E kam par\u00eb disa her\u00eb at\u00eb foto m\u00eb pas. Meksi dhe Shehu jan\u00eb duke folur nj\u00ebkoh\u00ebsisht dhe Berisha p\u00ebrpiqet t&#8217;i d\u00ebgjoj\u00eb, por m\u00eb shum\u00eb duket se mendon \u00e7far\u00eb t&#8217;u thot\u00eb. Esht\u00eb nj\u00eb konsult\u00eb paraprake, n\u00eb syt\u00eb e t\u00eb gjith\u00ebve, p\u00ebr at\u00eb q\u00eb po ndodhte dhe q\u00eb i ngjante nj\u00eb fitoreje t\u00eb madhe, q\u00eb mund t&#8217;i shtypte t\u00eb gjith\u00eb n\u00ebn vete, duke filluar nga fitimtar\u00ebt. Mungesa e radh\u00ebs p\u00ebr t\u00eb folur, irritimi n\u00eb syt\u00eb e tyre, p\u00ebrq\u00ebndrimi te nj\u00eb marifet q\u00eb dukej gjetur, e b\u00ebn t\u00eb lexueshme munges\u00ebn reale t\u00eb fitores.<br \/>\nT\u00eb tjer\u00ebt rrinin m\u00eb k\u00ebmb\u00eb p\u00ebrreth tyre. P\u00ebrs\u00ebri njihja pak vet\u00eb.<br \/>\nNj\u00eb mesoburr\u00eb, i gjat\u00eb dhe i sh\u00ebndosh\u00eb, me vetulla t\u00eb trasha, u drejtua nga Berisha, u p\u00ebrkul p\u00ebrgjysm\u00eb n\u00eb gjunj\u00eb dhe u mat t&#8217;i puthte dor\u00ebn. Berish\u00ebs i l\u00ebvizi nervi i vetull\u00ebs s\u00eb djatht\u00eb dhe t\u00ebrhoqi gjunj\u00ebt nga vetja. &#8211; Lerm\u00eb t\u00eb t\u00eb puth! Ku shkel k\u00ebmba jote, ka vet\u00ebm fitore!<br \/>\nIshte nj\u00eb sken\u00eb q\u00eb ngjante e sinqert\u00eb dhe konteksti n\u00eb t\u00eb cil\u00ebn ai p\u00ebrgj\u00ebrohej, nuk dukej aq bezdis\u00ebs sa \u00e7&#8217;ndihej n\u00eb t\u00eb v\u00ebrtet\u00eb i bezdisur Berisha.<br \/>\n-Kush \u00ebsht\u00eb ky njeri? &#8211; e pyeta Shemsiun, q\u00eb e kisha n\u00eb krah.<br \/>\n-Eshte drejtori i Bank\u00ebs Tregtare, Eduard Ypi. Nuk e njeh?<br \/>\n-Jo, &#8211; i thash\u00eb. &#8211; Mire q\u00eb ma the, se po e merrja sinqerisht gjith\u00eb sken\u00ebn. Pas pak, zyra ku ishin mbledhur po ngushtohej nga hyrjet e njer\u00ebzve. Po vinin me radh\u00eb ministrat, deputet\u00ebt dhe njer\u00ebzit e partis\u00eb.<br \/>\nDol\u00ebm jasht\u00eb. Turma ishte gati histerike. Ajo bymehej \u00e7do cast dhe fundi i saj kishte mb\u00ebrritur te busti i Qemal Staf\u00ebs, i vendosur n\u00eb at\u00eb koh\u00eb n\u00eb nj\u00eb lulishte p\u00ebrball\u00eb sall\u00ebs s\u00eb Kuvendit.<br \/>\nN\u00eb sheshin &#8220;Skenderbej&#8221;, nj\u00eb varg i madh makinash me targa t\u00eb Kavaj\u00ebs bllokuan rrugen me flamuj jasht\u00eb makinave dhe filluan t\u00eb shurdhonin me bori.<br \/>\nP\u00ebrreth Bank\u00ebs dhe nga Partia Socialiste, qet\u00ebsi e plot\u00eb. As drita nuk kishte n\u00eb seli.<br \/>\nBulevardi u kthye pas pak n\u00eb vend parade. Njer\u00ebz, makina, bori, flamuj dhe nj\u00eb g\u00ebzim i pakontrolluar. Dukej se ata njer\u00ebz donin t\u00eb ankoheshin diku p\u00ebr at\u00eb q\u00eb u dukej si padrejtesi, sikur t\u00eb mos kishin fituar at\u00eb nat\u00eb. Dhe ishin shum\u00eb dyshues, sapo e kuptonin q\u00eb ishe gazetar.<\/p>\n<p><strong>Reagimet e para<\/strong><\/p>\n<p>Gazeta &#8220;Albania&#8221; do t\u00eb thyente tradit\u00ebn. Edhe pse, si gjith\u00eb gazetat shqiptare t\u00eb asaj kohe, ajo nuk botohej t\u00eb h\u00ebn\u00ebn, at\u00eb nat\u00eb u vendos t\u00eb b\u00ebhej nj\u00eb botim special. Von\u00eb, rreth or\u00ebs 01.00 t\u00eb nat\u00ebs, shkova aty bashk\u00eb me Ylli Rakipin. Gazeta ishte b\u00ebr\u00eb gati. Do t\u00eb botoheshin vet\u00ebm 8 faqe. Ishte vet\u00ebm Astrit Patozi, kryeredaktori i gazet\u00ebs, faqos\u00ebsja dhe korrektorja. Mb\u00ebrriti dhe Albert Rakipi, v\u00ebllai i Ylli Rakipit, at\u00eb koh\u00eb zyrtar i Ministris\u00eb s\u00eb Jashtme. Gazeta kishte nj\u00eb koment, disa foto festimesh dhe asgj\u00eb m\u00eb. Duhej q\u00eb thjesht t\u00eb ishte n\u00eb treg, t\u00eb thoshte e para se \u00e7far\u00eb ndodhi. Po e vononte titulli i faqes s\u00eb par\u00eb.<\/p>\n<p>Astriti kishte zgjedhur disa variante titujsh t\u00eb shkurt\u00ebr. Ishte nj\u00eb dilem\u00eb p\u00ebr fitoren, p\u00ebr shkak t\u00eb bojkotit. Mes tyre kishte nj\u00eb version p\u00ebr ikjen e opozit\u00ebs nga zgjedhjet. E shkurtova p\u00ebr t&#8217;i dh\u00ebn\u00eb dy kuptime: &#8220;Komunistet ik\u00ebn!&#8221;. I kishte t\u00eb dy kuptimet: edhe q\u00eb kishin bojkotuar zgjedhjet, edhe q\u00eb ishin mundur p\u00ebrgjithmon\u00eb, sipas nesh. Titulli mbeti menj\u00ebher\u00eb si m\u00eb i pelqyeri. N\u00eb Tirane po gdhinte. Mua m\u00eb duhej t\u00eb p\u00ebrgatisja nj\u00eb kronik\u00eb p\u00ebr emisionin e m\u00ebngjesit te &#8220;Zeri i Amerik\u00ebs&#8221;. M\u00eb duheshin disa z\u00ebra larg PD-s\u00eb, q\u00eb t\u00eb flisnin p\u00ebr zgjedhjet. Bulevardi &#8220;D\u00ebshmor\u00ebt e Kombit&#8221; po zbrazej dal\u00ebngadal\u00eb nga makinat q\u00eb ecnin me shpejt\u00ebsi p\u00ebr t\u00eb festuar. Po binte nj\u00ebfar\u00eb qet\u00ebsie. Bar &#8220;Amerika&#8221;, nj\u00eb ish-kafene af\u00ebr kryq\u00ebzimit t\u00eb bulevardit kryesor me Lan\u00ebn, ishte hapur. Shkova t\u00eb pi nj\u00eb kafe. Nga ajo \u00e7far\u00eb kish ndodhur gjat\u00eb gjith\u00eb pasdites dhe mbr\u00ebmjes, isha si i mpir\u00eb. Nuk kisha asnj\u00eb emocion p\u00ebr rezultatin.<\/p>\n<p>Nuk m\u00eb dukej as fitore, as fest\u00eb dhe, mbi t\u00eb gjitha, as historike. Kisha parasysh Berish\u00ebn, ng\u00ebr\u00e7in e tij brenda n\u00eb zyr\u00eb, shfaqjen e tij t\u00eb ndryshme n\u00eb publik, panikun q\u00eb reflektohej nga reagimi i mundsh\u00ebm nd\u00ebrkomb\u00ebtar, arroganc\u00ebn q\u00eb shfaqej n\u00eb ballkonin e PD-s\u00eb. T\u00eb gjitha k\u00ebto e b\u00ebnin 26 majin nj\u00eb vazhdim t\u00eb ankthit t\u00eb fushat\u00ebs, nj\u00eb dit\u00eb q\u00eb nuk e ndali p\u00ebrpjekjen e stermundimshme p\u00ebr t\u00eb q\u00ebndruar n\u00eb pushtet. P\u00ebrkundrazi, ajo prodhoi nj\u00eb tension t\u00eb ri, nj\u00eb beteje t\u00eb re politike, q\u00eb n\u00eb muajt n\u00eb vazhdim do t\u00eb rr\u00ebnonte jo vet\u00ebm fitimtar\u00ebt e 26 majit, por gjith\u00eb shtetin shqiptar. I mb\u00ebrthyer nga ky emocion, shpeshher\u00eb m\u00eb dukej \u00e7udi q\u00eb njer\u00ebzit festonin dhe flisnin pa ndonje ng\u00ebr\u00e7 p\u00ebr fitore ose humbje n\u00eb ato zgjedhje. Vet\u00eb nuk arrita t\u00eb g\u00ebzohesha dot asnj\u00ebher\u00eb, edhe pse doja dhe isha p\u00ebrpjekur p\u00ebr k\u00ebt\u00eb.<br \/>\nAty te semafori i bulevardit kryesor takova Spartak Ngjel\u00ebn dhe Artur Zhejin. Po v\u00ebshtronin &#8220;mbeturinat&#8221; e mitingut t\u00eb nat\u00ebs. Ishte duke u gdhir\u00eb. N\u00eb at\u00eb zgjedhje, Spartak Ngjela kishte kandiduar p\u00ebr partin\u00eb L\u00ebvizja e Legalitetit, q\u00eb ndihej paksa m\u00eb af\u00ebr me PD-n\u00eb, por jo si pjes\u00eb e koalicionit. Artur Zheji punonte me nj\u00eb radio italiane, &#8220;Radio Radikale&#8221;, por dhe si bashkepun\u00ebtor i radios gjermane Dojce Velle. Kishte ardhur n\u00eb Shqip\u00ebri p\u00ebr zgjedhje dhe ishte nj\u00eb z\u00eb i pakonsumuar.<br \/>\n&#8211; Mir\u00eb q\u00eb ju gjeta. M\u00eb duhet nga nj\u00eb intervist\u00eb e shkurt\u00ebr p\u00ebr emisionin e m\u00ebngjesit. Sikur t&#8217;ju kisha porositur!<br \/>\nSpartak Ngjela anonte nga optimizmi. Tha pak a shum\u00eb se rikonfirmimi i forcave t\u00eb djathta n\u00eb pushtet ishte ndarje p\u00ebrfundimtare e Shqip\u00ebris\u00eb me Lindjen. &#8220;Prej sot, Shqip\u00ebria i perket Per\u00ebndimit&#8221;, tha ai. E par\u00eb nga jasht\u00eb dhe pa m\u00ebsuar ende p\u00ebr k\u00ebrdin\u00eb q\u00eb n\u00eb at\u00eb koh\u00eb kishte nisur t\u00eb behej n\u00eb komisione, p\u00ebrfytyrimi se &#8220;komunist\u00ebt ik\u00ebn&#8221; ishte i thjesht\u00eb. Por, n\u00eb t\u00eb v\u00ebrtet\u00eb, Shqip\u00ebria pik\u00ebrisht at\u00eb dit\u00eb nisi t\u00eb ndahej me Per\u00ebndimin.<br \/>\nArtur Zheji, po ashtu, e skicoi fitoren si nj\u00eb ndihmes\u00eb n\u00eb skemat gjeopolitike t\u00eb rajonit. U p\u00ebrpoq boll p\u00ebr t\u00eb mos qen\u00eb i qart\u00eb dhe i thjesht\u00eb. Sidoqoft\u00eb, kishte th\u00ebn\u00eb di\u00e7ka miratuese.<br \/>\nM\u00eb 27 maj, n\u00eb mengjes, e vetmja gazet\u00eb q\u00eb doli n\u00eb treg ishte &#8220;Albania&#8221;. Titulli i madh ishte simbolik dhe nervozues: &#8220;Komunistet ik\u00ebn!&#8221;.Gazeta shp\u00ebrndahej gati si n\u00ebn dor\u00eb rrug\u00ebve t\u00eb Tiran\u00ebs, por megjithat\u00eb g\u00ebzim nuk shihej askund. Gazetaret e huaj ishin nervoz\u00eb dhe nj\u00eb gazetar i &#8220;Corriere della Siera&#8221; ishte shum\u00eb i nervozuar edhe me faktin q\u00eb kishte dal\u00eb vet\u00ebm nj\u00eb gazet\u00eb, por edhe ajo pro zgjedhjeve.<br \/>\nPara selis\u00eb s\u00eb Partis\u00eb Demokratike kishte qindra njer\u00ebz q\u00eb festonin, por kamerat nuk ishin aty. Berisha doli n\u00eb nj\u00eb konferenc\u00eb p\u00ebr shtyp p\u00ebr t\u00eb mbrojtur fitoren. Ai fliste dhe mua m\u00eb kujtoheshin gjith\u00eb &#8220;ngjarjet&#8221; q\u00eb kishim prodhuar n\u00eb fushat\u00eb. Arsye kryesore p\u00ebr bojkotin shpalli &#8220;Frontin e kuq&#8221;, i cili, sipas tij, kishte z\u00ebvend\u00ebsuar frym\u00ebn europiane n\u00eb Partin\u00eb Socialiste dhe kishte sjell\u00eb figura t\u00eb inkriminuara. Argumenti tjet\u00ebr ishte se socialist\u00ebt nuk b\u00ebn\u00eb fushate, sepse desh\u00ebn t\u00eb sakrifikonin partin\u00eb, ngaq\u00eb vet\u00eb jan\u00eb t\u00eb inkriminuar dhe nuk kan\u00eb t\u00eb ardhme n\u00eb politik\u00eb. Ishte fjala p\u00ebr t\u00eb gjith\u00eb ata q\u00eb ishin p\u00ebrjashtuar nga kandidimi p\u00ebr shkak t\u00eb ligjit p\u00ebr past\u00ebrtin\u00eb e figurave. Theksoi pastaj faktin se shqiptar\u00ebt ndienin siguri t\u00eb pushteti i PD-s\u00eb dhe pasiguri nga ndryshimi. M\u00eb erdhi n\u00eb mendje slogani i fushat\u00ebs, q\u00eb e kisha gjetur vet\u00eb: &#8220;Me ne fitojn\u00eb t\u00eb gjith\u00eb&#8221;. E kishte besuar edhe Berisha.<br \/>\nPas nj\u00eb pushimi t\u00eb shkurt\u00ebr n\u00eb sht\u00ebpi, m\u00eb duhej t\u00eb dilja p\u00ebr konferencat e para p\u00ebr shtyp. Nj\u00eb v\u00ebzhgues i Helsinkit britanik, me emrin Daniel, m\u00eb kishte l\u00ebn\u00eb nj\u00eb takim te hotel &#8220;Miniri&#8221;, n\u00eb or\u00ebn 10.00. Ishte i kthjellet se \u00e7far\u00eb kishte ndodhur dhe po aq i vendosur p\u00ebr ta mbrojtur Berish\u00ebn. S\u00eb bashku me kat\u00ebr miq t\u00eb tij, ai kishte formuar nj\u00eb organizat\u00eb joqeveritare, e quajtur British Helsinki, ku b\u00ebnin pjes\u00eb konservator\u00eb t\u00eb thekur anglez\u00eb, mes te cileve dhe historiani Marc Almond. U p\u00ebrpoqen sa mund\u00ebn t\u00eb benin kakofoni me organizat\u00ebn e tyre. Kisha shum\u00eb simpati p\u00ebr qart\u00ebsin\u00eb me t\u00eb cil\u00ebn ata i thjeshtonin problemet dhe aft\u00ebsin\u00eb p\u00ebr t&#8217;u p\u00ebrqendruar te problemet tona.<\/p>\n<p>I q\u00ebndruan pran\u00eb Berish\u00ebs edhe gjat\u00eb muajve t\u00eb kriz\u00ebs dhe pas saj. Zhg\u00ebnjimi im i madh p\u00ebr ta, gati rr\u00ebnues, ishte n\u00eb vitin 1999, kur i pari Marc Almond dhe m\u00eb pas t\u00eb tjer\u00ebt u shfaq\u00ebn n\u00eb kamera n\u00eb Beograd, si mb\u00ebshtetesit e vet\u00ebm t\u00eb Miloshevicit n\u00eb vetmin\u00eb e tij t\u00eb madhe. D\u00ebnuan sulmet e NATO-s n\u00eb Kosov\u00eb dhe argumentuan, madje friksh\u00ebm n\u00eb m\u00ebnyr\u00eb bind\u00ebse, se po c\u00ebnohej sovraniteti i nj\u00eb shteti t\u00eb njohur nd\u00ebrkomb\u00ebtarisht. &#8220;E paskan profesion mb\u00ebshtetjen p\u00ebr lider\u00ebt e braktisur&#8221;, mendova me vete. Ia p\u00ebrmenda edhe Berish\u00ebs. Ai i kishte par\u00eb vet\u00eb. Qeshi n\u00eb at\u00eb m\u00ebnyr\u00ebn shfaj\u00ebsuese, sikur donte t\u00eb thoshte: &#8220;Ti e di vete si jan\u00eb ata&#8221;. Her\u00eb-her\u00eb m\u00eb dukej se ata m\u00eb shum\u00eb se seriozisht, e kishin arg\u00ebtim q\u00ebndrimin kontrovers, n\u00eb an\u00ebn m\u00eb problematike t\u00eb historis\u00eb. Por duhet t\u00eb pranoj se ato dit\u00eb maji m\u00eb dukeshin t\u00eb k\u00ebndsh\u00ebm dhe m\u00eb jepnin m\u00eb shum\u00eb siguri se \u00e7&#8217;duhej p\u00ebr t\u00eb par\u00eb t\u00eb v\u00ebrtet\u00ebn n\u00eb sy.<br \/>\nM\u00eb pas, n\u00eb or\u00ebn 11.00, ishte konferenca e par\u00eb p\u00ebr shtyp e delegacionit parlamentar t\u00eb Asambles\u00eb s\u00eb K\u00ebshillit t\u00eb Europ\u00ebs. Raporti kishte rezerva, por nuk ishte p\u00ebrjashtues p\u00ebr zgjedhjet. M&#8217;u kujtua biseda e nj\u00eb dite m\u00eb par\u00eb n\u00eb zyr\u00eb e Berish\u00ebs dhe r\u00ebnd\u00ebsia q\u00eb ai u kushtonte dy &#8220;raporteve&#8221; me sigl\u00ebn e OSBE-s\u00eb, raportit t\u00eb Asambles\u00eb dhe atij t\u00eb ODIHR-it. Po ashtu dhe dy &#8220;raporteve&#8221; t\u00eb v\u00ebzhguesve t\u00eb huaj, ku nj\u00ebra pal\u00eb, ajo e Helsinkit britanik, ishin partizan\u00eb t\u00eb tij. Pas Asamblese, doli raporti i ODIHR-it. Gjith\u00e7ka sterr\u00eb. V\u00ebrejtje nga m\u00eb t\u00eb holl\u00ebsishmet, deri tek aktet v\u00ebrtet t\u00eb r\u00ebnda. N\u00eb nj\u00eb pjes\u00eb flitej p\u00ebr listat e zverdhura, t\u00eb shkruara me makin\u00eb shkrimi dhe t\u00eb vendosura n\u00eb vende t\u00eb padukshme. Pastaj p\u00ebr k\u00ebrc\u00ebnime dhe dhun\u00eb ndaj komisioner\u00ebve socialist\u00eb.<\/p>\n<p>Fakti q\u00eb socialistet kishin braktisur zgjedhjet dhe num\u00ebrimin, p\u00ebrshkruhej si pasoj\u00eb. Ishte nj\u00eb raport q\u00eb pritej. Partite e djathta ishin po ashtu t\u00eb p\u00ebr\u00e7ara. Balli Komb\u00ebtar kishte pak shenja se do t&#8217;i pranonte zgjedhjet. Abaz Ermenji, i kthyer nga Franca, k\u00ebmb\u00ebngulte q\u00eb me Ballin jan\u00eb 60 p\u00ebr qind e shqiptar\u00ebve, por nuk po shfaqej ende n\u00eb tryezat e opozit\u00ebs n\u00eb Tiran\u00eb. Sabri Godoja ishte m\u00eb i kujdesshem, por n\u00ebnkryetari i tij, Fatmir Mediu, i kishte denoncuar i pari zgjedhjet, pasi n\u00eb zonen e tij elektorale kishte pasur probleme dhune. Fatmir Mediu kishte telefonuar n\u00eb Ambasad\u00ebn Amerikane dhe kishte deklaruar se ishte dhunuar n\u00eb zonen e vet nga Belul \u00c7elo, nj\u00eb drejtues i forumit rinor t\u00eb PD-s\u00eb n\u00eb Fier. Ul\u00ebrinte duke shpjeguar se si Berisha kishte ngritur n\u00eb pushtet ca naziskin\u00eb. Kishte fotografuar edhe gjurm\u00ebt e nj\u00eb kepuce q\u00eb kishte shkelur mbi xhamin e makin\u00ebs s\u00eb tij.<br \/>\nN\u00eb Partine e t\u00eb Drejtave t\u00eb Njeriut kishte perpjekje p\u00ebr t\u00eb mos qen\u00eb n\u00eb unitet me socialistet, por z\u00ebrat ishin t\u00eb dob\u00ebt. Nj\u00eb drejtuesi vendor t\u00eb PBDNj-se n\u00eb Kor\u00e7\u00eb iu dha hap\u00ebsir\u00eb n\u00eb shtyp p\u00ebr deklaratat e tij kund\u00ebr socialist\u00ebve. Vasil Meloja, nj\u00eb burre i urt\u00eb dhe antikomunist i thekur, rrezatonte mir\u00ebkuptim me opozit\u00ebn p\u00ebr at\u00eb q\u00eb kishte ndodhur dhe iu bashkua kontestimit t\u00eb saj. M\u00eb pas pati po aq mir\u00ebkuptim me Berish\u00ebn, kur pas balotazhit i riktheu nj\u00eb zon\u00eb n\u00eb Kuvend.<\/p>\n","protected":false},"excerpt":{"rendered":"<p>\u00a0Mero Baze, 10.10.2010 Hyrje redaksionale A e ka p\u00ebrdorur pushtetin p\u00ebr t\u00eb mbajtur pushtetin e vet Sali Berisha? N\u00eb 1997, pasi iu rr\u00ebnua shteti piramidal q\u00eb kishte ngritur p\u00ebr pes\u00eb vjet, Berisha dhe njer\u00ebzit af\u00ebr tij anatemuam Greqin\u00eb apo SHBA-t\u00eb, si autor\u00eb t\u00eb pu\u00e7it kund\u00ebr tyre. N\u00eb vitin 2010, Berisha kryeminist\u00ebr \u00ebsht\u00eb vassal i gjithkujt [&hellip;]<\/p>\n","protected":false},"author":1,"featured_media":0,"comment_status":"open","ping_status":"closed","sticky":false,"template":"","format":"standard","meta":{"footnotes":""},"categories":[2],"tags":[],"class_list":{"0":"post-4259","1":"post","2":"type-post","3":"status-publish","4":"format-standard","6":"category-artikuj"},"yoast_head":"<!-- This site is optimized with the Yoast SEO plugin v27.4 - https:\/\/yoast.com\/product\/yoast-seo-wordpress\/ -->\n<title>M\u00ebdyshjet e Berish\u00ebs mes Greqis\u00eb e Serbis\u00eb - FjALA e LIR\u00cb - Arkivi<\/title>\n<meta name=\"robots\" content=\"index, follow, max-snippet:-1, max-image-preview:large, max-video-preview:-1\" \/>\n<link rel=\"canonical\" href=\"https:\/\/fjala.info\/2009-2015\/medyshjet-e-berishes-mes-greqise-e-serbise\/\" \/>\n<meta property=\"og:locale\" content=\"sq_AL\" \/>\n<meta property=\"og:type\" content=\"article\" \/>\n<meta property=\"og:title\" content=\"M\u00ebdyshjet e Berish\u00ebs mes Greqis\u00eb e Serbis\u00eb - FjALA e LIR\u00cb - Arkivi\" \/>\n<meta property=\"og:description\" content=\"\u00a0Mero Baze, 10.10.2010 Hyrje redaksionale A e ka p\u00ebrdorur pushtetin p\u00ebr t\u00eb mbajtur pushtetin e vet Sali Berisha? N\u00eb 1997, pasi iu rr\u00ebnua shteti piramidal q\u00eb kishte ngritur p\u00ebr pes\u00eb vjet, Berisha dhe njer\u00ebzit af\u00ebr tij anatemuam Greqin\u00eb apo SHBA-t\u00eb, si autor\u00eb t\u00eb pu\u00e7it kund\u00ebr tyre. N\u00eb vitin 2010, Berisha kryeminist\u00ebr \u00ebsht\u00eb vassal i gjithkujt [&hellip;]\" \/>\n<meta property=\"og:url\" content=\"https:\/\/fjala.info\/2009-2015\/medyshjet-e-berishes-mes-greqise-e-serbise\/\" \/>\n<meta property=\"og:site_name\" content=\"FjALA e LIR\u00cb - Arkivi\" \/>\n<meta property=\"article:published_time\" content=\"2010-10-10T20:34:11+00:00\" \/>\n<meta property=\"og:image\" content=\"http:\/\/fjala.shkoder.net\/wp-content\/uploads\/2010\/10\/sali_liri_berisha1-300x187.jpg\" \/>\n<meta name=\"author\" content=\"admin\" \/>\n<meta name=\"twitter:card\" content=\"summary_large_image\" \/>\n<meta name=\"twitter:label1\" content=\"Written by\" \/>\n\t<meta name=\"twitter:data1\" content=\"admin\" \/>\n\t<meta name=\"twitter:label2\" content=\"Est. reading time\" \/>\n\t<meta name=\"twitter:data2\" content=\"36 minutes\" \/>\n<script type=\"application\/ld+json\" class=\"yoast-schema-graph\">{\"@context\":\"https:\\\/\\\/schema.org\",\"@graph\":[{\"@type\":\"Article\",\"@id\":\"https:\\\/\\\/fjala.info\\\/2009-2015\\\/medyshjet-e-berishes-mes-greqise-e-serbise\\\/#article\",\"isPartOf\":{\"@id\":\"https:\\\/\\\/fjala.info\\\/2009-2015\\\/medyshjet-e-berishes-mes-greqise-e-serbise\\\/\"},\"author\":{\"name\":\"admin\",\"@id\":\"https:\\\/\\\/fjala.info\\\/2009-2015\\\/#\\\/schema\\\/person\\\/3aa1163ef05469c496fc94e77611ada2\"},\"headline\":\"M\u00ebdyshjet e Berish\u00ebs mes Greqis\u00eb e Serbis\u00eb\",\"datePublished\":\"2010-10-10T20:34:11+00:00\",\"mainEntityOfPage\":{\"@id\":\"https:\\\/\\\/fjala.info\\\/2009-2015\\\/medyshjet-e-berishes-mes-greqise-e-serbise\\\/\"},\"wordCount\":7266,\"commentCount\":0,\"publisher\":{\"@id\":\"https:\\\/\\\/fjala.info\\\/2009-2015\\\/#organization\"},\"image\":{\"@id\":\"https:\\\/\\\/fjala.info\\\/2009-2015\\\/medyshjet-e-berishes-mes-greqise-e-serbise\\\/#primaryimage\"},\"thumbnailUrl\":\"http:\\\/\\\/fjala.shkoder.net\\\/wp-content\\\/uploads\\\/2010\\\/10\\\/sali_liri_berisha1-300x187.jpg\",\"articleSection\":[\"Artikuj\"],\"inLanguage\":\"sq-AL\",\"potentialAction\":[{\"@type\":\"CommentAction\",\"name\":\"Comment\",\"target\":[\"https:\\\/\\\/fjala.info\\\/2009-2015\\\/medyshjet-e-berishes-mes-greqise-e-serbise\\\/#respond\"]}]},{\"@type\":\"WebPage\",\"@id\":\"https:\\\/\\\/fjala.info\\\/2009-2015\\\/medyshjet-e-berishes-mes-greqise-e-serbise\\\/\",\"url\":\"https:\\\/\\\/fjala.info\\\/2009-2015\\\/medyshjet-e-berishes-mes-greqise-e-serbise\\\/\",\"name\":\"M\u00ebdyshjet e Berish\u00ebs mes Greqis\u00eb e Serbis\u00eb - FjALA e LIR\u00cb - Arkivi\",\"isPartOf\":{\"@id\":\"https:\\\/\\\/fjala.info\\\/2009-2015\\\/#website\"},\"primaryImageOfPage\":{\"@id\":\"https:\\\/\\\/fjala.info\\\/2009-2015\\\/medyshjet-e-berishes-mes-greqise-e-serbise\\\/#primaryimage\"},\"image\":{\"@id\":\"https:\\\/\\\/fjala.info\\\/2009-2015\\\/medyshjet-e-berishes-mes-greqise-e-serbise\\\/#primaryimage\"},\"thumbnailUrl\":\"http:\\\/\\\/fjala.shkoder.net\\\/wp-content\\\/uploads\\\/2010\\\/10\\\/sali_liri_berisha1-300x187.jpg\",\"datePublished\":\"2010-10-10T20:34:11+00:00\",\"breadcrumb\":{\"@id\":\"https:\\\/\\\/fjala.info\\\/2009-2015\\\/medyshjet-e-berishes-mes-greqise-e-serbise\\\/#breadcrumb\"},\"inLanguage\":\"sq-AL\",\"potentialAction\":[{\"@type\":\"ReadAction\",\"target\":[\"https:\\\/\\\/fjala.info\\\/2009-2015\\\/medyshjet-e-berishes-mes-greqise-e-serbise\\\/\"]}]},{\"@type\":\"ImageObject\",\"inLanguage\":\"sq-AL\",\"@id\":\"https:\\\/\\\/fjala.info\\\/2009-2015\\\/medyshjet-e-berishes-mes-greqise-e-serbise\\\/#primaryimage\",\"url\":\"http:\\\/\\\/fjala.shkoder.net\\\/wp-content\\\/uploads\\\/2010\\\/10\\\/sali_liri_berisha1-300x187.jpg\",\"contentUrl\":\"http:\\\/\\\/fjala.shkoder.net\\\/wp-content\\\/uploads\\\/2010\\\/10\\\/sali_liri_berisha1-300x187.jpg\"},{\"@type\":\"BreadcrumbList\",\"@id\":\"https:\\\/\\\/fjala.info\\\/2009-2015\\\/medyshjet-e-berishes-mes-greqise-e-serbise\\\/#breadcrumb\",\"itemListElement\":[{\"@type\":\"ListItem\",\"position\":1,\"name\":\"Home\",\"item\":\"https:\\\/\\\/fjala.info\\\/2009-2015\\\/\"},{\"@type\":\"ListItem\",\"position\":2,\"name\":\"M\u00ebdyshjet e Berish\u00ebs mes Greqis\u00eb e Serbis\u00eb\"}]},{\"@type\":\"WebSite\",\"@id\":\"https:\\\/\\\/fjala.info\\\/2009-2015\\\/#website\",\"url\":\"https:\\\/\\\/fjala.info\\\/2009-2015\\\/\",\"name\":\"FjALA e LIR\u00cb - Arkivi\",\"description\":\"Arkivi 2009-2015\",\"publisher\":{\"@id\":\"https:\\\/\\\/fjala.info\\\/2009-2015\\\/#organization\"},\"potentialAction\":[{\"@type\":\"SearchAction\",\"target\":{\"@type\":\"EntryPoint\",\"urlTemplate\":\"https:\\\/\\\/fjala.info\\\/2009-2015\\\/?s={search_term_string}\"},\"query-input\":{\"@type\":\"PropertyValueSpecification\",\"valueRequired\":true,\"valueName\":\"search_term_string\"}}],\"inLanguage\":\"sq-AL\"},{\"@type\":\"Organization\",\"@id\":\"https:\\\/\\\/fjala.info\\\/2009-2015\\\/#organization\",\"name\":\"FjALA e LIR\u00cb - Arkivi\",\"url\":\"https:\\\/\\\/fjala.info\\\/2009-2015\\\/\",\"logo\":{\"@type\":\"ImageObject\",\"inLanguage\":\"sq-AL\",\"@id\":\"https:\\\/\\\/fjala.info\\\/2009-2015\\\/#\\\/schema\\\/logo\\\/image\\\/\",\"url\":\"\",\"contentUrl\":\"\",\"caption\":\"FjALA e LIR\u00cb - Arkivi\"},\"image\":{\"@id\":\"https:\\\/\\\/fjala.info\\\/2009-2015\\\/#\\\/schema\\\/logo\\\/image\\\/\"}},{\"@type\":\"Person\",\"@id\":\"https:\\\/\\\/fjala.info\\\/2009-2015\\\/#\\\/schema\\\/person\\\/3aa1163ef05469c496fc94e77611ada2\",\"name\":\"admin\",\"image\":{\"@type\":\"ImageObject\",\"inLanguage\":\"sq-AL\",\"@id\":\"https:\\\/\\\/fjala.info\\\/2009-2015\\\/wp-content\\\/uploads\\\/2012\\\/02\\\/arben_cokaj-120x150.jpg\",\"url\":\"https:\\\/\\\/fjala.info\\\/2009-2015\\\/wp-content\\\/uploads\\\/2012\\\/02\\\/arben_cokaj-120x150.jpg\",\"contentUrl\":\"https:\\\/\\\/fjala.info\\\/2009-2015\\\/wp-content\\\/uploads\\\/2012\\\/02\\\/arben_cokaj-120x150.jpg\",\"caption\":\"admin\"},\"description\":\"Admin, Fjala e Lir\u00eb\",\"sameAs\":[\"https:\\\/\\\/fjala.info\\\/\"],\"url\":\"https:\\\/\\\/fjala.info\\\/2009-2015\\\/author\\\/admin\\\/\"}]}<\/script>\n<!-- \/ Yoast SEO plugin. -->","yoast_head_json":{"title":"M\u00ebdyshjet e Berish\u00ebs mes Greqis\u00eb e Serbis\u00eb - FjALA e LIR\u00cb - Arkivi","robots":{"index":"index","follow":"follow","max-snippet":"max-snippet:-1","max-image-preview":"max-image-preview:large","max-video-preview":"max-video-preview:-1"},"canonical":"https:\/\/fjala.info\/2009-2015\/medyshjet-e-berishes-mes-greqise-e-serbise\/","og_locale":"sq_AL","og_type":"article","og_title":"M\u00ebdyshjet e Berish\u00ebs mes Greqis\u00eb e Serbis\u00eb - FjALA e LIR\u00cb - Arkivi","og_description":"\u00a0Mero Baze, 10.10.2010 Hyrje redaksionale A e ka p\u00ebrdorur pushtetin p\u00ebr t\u00eb mbajtur pushtetin e vet Sali Berisha? N\u00eb 1997, pasi iu rr\u00ebnua shteti piramidal q\u00eb kishte ngritur p\u00ebr pes\u00eb vjet, Berisha dhe njer\u00ebzit af\u00ebr tij anatemuam Greqin\u00eb apo SHBA-t\u00eb, si autor\u00eb t\u00eb pu\u00e7it kund\u00ebr tyre. N\u00eb vitin 2010, Berisha kryeminist\u00ebr \u00ebsht\u00eb vassal i gjithkujt [&hellip;]","og_url":"https:\/\/fjala.info\/2009-2015\/medyshjet-e-berishes-mes-greqise-e-serbise\/","og_site_name":"FjALA e LIR\u00cb - Arkivi","article_published_time":"2010-10-10T20:34:11+00:00","og_image":[{"url":"http:\/\/fjala.shkoder.net\/wp-content\/uploads\/2010\/10\/sali_liri_berisha1-300x187.jpg","type":"","width":"","height":""}],"author":"admin","twitter_card":"summary_large_image","twitter_misc":{"Written by":"admin","Est. reading time":"36 minutes"},"schema":{"@context":"https:\/\/schema.org","@graph":[{"@type":"Article","@id":"https:\/\/fjala.info\/2009-2015\/medyshjet-e-berishes-mes-greqise-e-serbise\/#article","isPartOf":{"@id":"https:\/\/fjala.info\/2009-2015\/medyshjet-e-berishes-mes-greqise-e-serbise\/"},"author":{"name":"admin","@id":"https:\/\/fjala.info\/2009-2015\/#\/schema\/person\/3aa1163ef05469c496fc94e77611ada2"},"headline":"M\u00ebdyshjet e Berish\u00ebs mes Greqis\u00eb e Serbis\u00eb","datePublished":"2010-10-10T20:34:11+00:00","mainEntityOfPage":{"@id":"https:\/\/fjala.info\/2009-2015\/medyshjet-e-berishes-mes-greqise-e-serbise\/"},"wordCount":7266,"commentCount":0,"publisher":{"@id":"https:\/\/fjala.info\/2009-2015\/#organization"},"image":{"@id":"https:\/\/fjala.info\/2009-2015\/medyshjet-e-berishes-mes-greqise-e-serbise\/#primaryimage"},"thumbnailUrl":"http:\/\/fjala.shkoder.net\/wp-content\/uploads\/2010\/10\/sali_liri_berisha1-300x187.jpg","articleSection":["Artikuj"],"inLanguage":"sq-AL","potentialAction":[{"@type":"CommentAction","name":"Comment","target":["https:\/\/fjala.info\/2009-2015\/medyshjet-e-berishes-mes-greqise-e-serbise\/#respond"]}]},{"@type":"WebPage","@id":"https:\/\/fjala.info\/2009-2015\/medyshjet-e-berishes-mes-greqise-e-serbise\/","url":"https:\/\/fjala.info\/2009-2015\/medyshjet-e-berishes-mes-greqise-e-serbise\/","name":"M\u00ebdyshjet e Berish\u00ebs mes Greqis\u00eb e Serbis\u00eb - FjALA e LIR\u00cb - Arkivi","isPartOf":{"@id":"https:\/\/fjala.info\/2009-2015\/#website"},"primaryImageOfPage":{"@id":"https:\/\/fjala.info\/2009-2015\/medyshjet-e-berishes-mes-greqise-e-serbise\/#primaryimage"},"image":{"@id":"https:\/\/fjala.info\/2009-2015\/medyshjet-e-berishes-mes-greqise-e-serbise\/#primaryimage"},"thumbnailUrl":"http:\/\/fjala.shkoder.net\/wp-content\/uploads\/2010\/10\/sali_liri_berisha1-300x187.jpg","datePublished":"2010-10-10T20:34:11+00:00","breadcrumb":{"@id":"https:\/\/fjala.info\/2009-2015\/medyshjet-e-berishes-mes-greqise-e-serbise\/#breadcrumb"},"inLanguage":"sq-AL","potentialAction":[{"@type":"ReadAction","target":["https:\/\/fjala.info\/2009-2015\/medyshjet-e-berishes-mes-greqise-e-serbise\/"]}]},{"@type":"ImageObject","inLanguage":"sq-AL","@id":"https:\/\/fjala.info\/2009-2015\/medyshjet-e-berishes-mes-greqise-e-serbise\/#primaryimage","url":"http:\/\/fjala.shkoder.net\/wp-content\/uploads\/2010\/10\/sali_liri_berisha1-300x187.jpg","contentUrl":"http:\/\/fjala.shkoder.net\/wp-content\/uploads\/2010\/10\/sali_liri_berisha1-300x187.jpg"},{"@type":"BreadcrumbList","@id":"https:\/\/fjala.info\/2009-2015\/medyshjet-e-berishes-mes-greqise-e-serbise\/#breadcrumb","itemListElement":[{"@type":"ListItem","position":1,"name":"Home","item":"https:\/\/fjala.info\/2009-2015\/"},{"@type":"ListItem","position":2,"name":"M\u00ebdyshjet e Berish\u00ebs mes Greqis\u00eb e Serbis\u00eb"}]},{"@type":"WebSite","@id":"https:\/\/fjala.info\/2009-2015\/#website","url":"https:\/\/fjala.info\/2009-2015\/","name":"FjALA e LIR\u00cb - Arkivi","description":"Arkivi 2009-2015","publisher":{"@id":"https:\/\/fjala.info\/2009-2015\/#organization"},"potentialAction":[{"@type":"SearchAction","target":{"@type":"EntryPoint","urlTemplate":"https:\/\/fjala.info\/2009-2015\/?s={search_term_string}"},"query-input":{"@type":"PropertyValueSpecification","valueRequired":true,"valueName":"search_term_string"}}],"inLanguage":"sq-AL"},{"@type":"Organization","@id":"https:\/\/fjala.info\/2009-2015\/#organization","name":"FjALA e LIR\u00cb - Arkivi","url":"https:\/\/fjala.info\/2009-2015\/","logo":{"@type":"ImageObject","inLanguage":"sq-AL","@id":"https:\/\/fjala.info\/2009-2015\/#\/schema\/logo\/image\/","url":"","contentUrl":"","caption":"FjALA e LIR\u00cb - Arkivi"},"image":{"@id":"https:\/\/fjala.info\/2009-2015\/#\/schema\/logo\/image\/"}},{"@type":"Person","@id":"https:\/\/fjala.info\/2009-2015\/#\/schema\/person\/3aa1163ef05469c496fc94e77611ada2","name":"admin","image":{"@type":"ImageObject","inLanguage":"sq-AL","@id":"https:\/\/fjala.info\/2009-2015\/wp-content\/uploads\/2012\/02\/arben_cokaj-120x150.jpg","url":"https:\/\/fjala.info\/2009-2015\/wp-content\/uploads\/2012\/02\/arben_cokaj-120x150.jpg","contentUrl":"https:\/\/fjala.info\/2009-2015\/wp-content\/uploads\/2012\/02\/arben_cokaj-120x150.jpg","caption":"admin"},"description":"Admin, Fjala e Lir\u00eb","sameAs":["https:\/\/fjala.info\/"],"url":"https:\/\/fjala.info\/2009-2015\/author\/admin\/"}]}},"_links":{"self":[{"href":"https:\/\/fjala.info\/2009-2015\/wp-json\/wp\/v2\/posts\/4259","targetHints":{"allow":["GET"]}}],"collection":[{"href":"https:\/\/fjala.info\/2009-2015\/wp-json\/wp\/v2\/posts"}],"about":[{"href":"https:\/\/fjala.info\/2009-2015\/wp-json\/wp\/v2\/types\/post"}],"author":[{"embeddable":true,"href":"https:\/\/fjala.info\/2009-2015\/wp-json\/wp\/v2\/users\/1"}],"replies":[{"embeddable":true,"href":"https:\/\/fjala.info\/2009-2015\/wp-json\/wp\/v2\/comments?post=4259"}],"version-history":[{"count":0,"href":"https:\/\/fjala.info\/2009-2015\/wp-json\/wp\/v2\/posts\/4259\/revisions"}],"wp:attachment":[{"href":"https:\/\/fjala.info\/2009-2015\/wp-json\/wp\/v2\/media?parent=4259"}],"wp:term":[{"taxonomy":"category","embeddable":true,"href":"https:\/\/fjala.info\/2009-2015\/wp-json\/wp\/v2\/categories?post=4259"},{"taxonomy":"post_tag","embeddable":true,"href":"https:\/\/fjala.info\/2009-2015\/wp-json\/wp\/v2\/tags?post=4259"}],"curies":[{"name":"wp","href":"https:\/\/api.w.org\/{rel}","templated":true}]}}