{"id":4252,"date":"2010-10-10T09:48:12","date_gmt":"2010-10-10T08:48:12","guid":{"rendered":"http:\/\/fjala.shkoder.net\/?p=4252"},"modified":"2010-10-10T09:48:12","modified_gmt":"2010-10-10T08:48:12","slug":"cmimi-i-hidhur-i-heshtjes","status":"publish","type":"post","link":"https:\/\/fjala.info\/2009-2015\/cmimi-i-hidhur-i-heshtjes\/","title":{"rendered":"\u00c7mimi i hidhur i heshtjes"},"content":{"rendered":"<p><img loading=\"lazy\" decoding=\"async\" class=\"alignright size-full wp-image-4253\" title=\"Mero Baze\" src=\"http:\/\/fjala.shkoder.net\/wp-content\/uploads\/2010\/10\/mero_baze12.jpg\" alt=\"\" width=\"149\" height=\"200\" \/><\/p>\n<p>Nga <strong>Mero Baze<\/strong><\/p>\n<p>Gazeta TemA ridel sot n\u00eb treg n\u00eb nj\u00eb p\u00ebrpjekje t\u00eb re t\u00eb ekipit t\u00eb saj p\u00ebr t\u2019u rikthyer n\u00eb tregun pa rregulla t\u00eb medies s\u00eb mbetur shqiptare. N\u00eb t\u00eb v\u00ebrtet\u00eb asgj\u00eb nuk ka ndryshuar nga arsyet q\u00eb na detyruan t\u00eb mbyllim gazet\u00ebn muaj m\u00eb par\u00eb, kur p\u00ebr shkak t\u00eb brutalitetit t\u00eb qeveris\u00eb, gjobave politico- financiare dhe mbajtjes ende t\u00eb rrethuar t\u00eb aseteve t\u00eb saj me polic\u00eb, e pat\u00ebm t\u00eb pamundur mbijetes\u00ebn. E dhimbshme \u00ebsht\u00eb se tani q\u00eb po rikthehemi dhe kthejm\u00eb kok\u00ebn pas, shikojm\u00eb se gjat\u00eb k\u00ebsaj mungese, arsyet t\u00eb cilat na detyruan t\u00eb dalim me dhun\u00eb nga tregu jan\u00eb shtuar. Mbi t\u00eb gjitha jan\u00eb shtuar arsyet p\u00ebrse duhet mbijetuar n\u00eb k\u00ebt\u00eb betej\u00eb t\u00eb pamoralshme t\u00eb pushtetit me medien.<\/p>\n<p>Mbyllja e gazet\u00ebs TemA ngjalli frik\u00eb dhe deinkurajoi edhe pronar\u00eb t\u00eb tjer\u00eb t\u00eb medieve kritike, t\u00eb cil\u00ebt pas gjobave drakoniane kan\u00eb mbyllur redaksit\u00eb e tyre. Pra, nuk ka p\u00ebrfunduar asnj\u00eb prej arsyeve q\u00eb ne e mbyll\u00ebm gazet\u00ebn, por jan\u00eb shtuar arsyet p\u00ebrse duhet t\u00eb ridalim qoft\u00eb dhe me riskun e falimentimit financiar. Kushdo q\u00eb p\u00ebrpiqet t\u2019i hedh\u00eb nj\u00eb v\u00ebshtrim panoram\u00ebs s\u00eb medies shqiptare koh\u00ebt e fundit e shikon qartazi se media, jo vet\u00ebm q\u00eb \u00ebsht\u00eb vendosur n\u00ebn kontroll t\u00eb pushtetit, por \u00ebsht\u00eb sofistikuar dhe m\u00ebnyra e kontrollit t\u00eb saj.<\/p>\n<p>Sot kemi nj\u00eb larmi mediesh, t\u00eb cilat jan\u00eb t\u00eb lira t\u00eb mbrojn\u00eb qeverin\u00eb apo opozit\u00ebn, por jo t\u00eb kritikojn\u00eb pushtetin. N\u00eb k\u00ebt\u00eb shoq\u00ebri \u00ebsht\u00eb krijuar nj\u00eb standard q\u00eb lejohet t\u00eb flas\u00ebsh p\u00ebr gj\u00ebra q\u00eb nuk ka nevoj\u00eb t\u00eb d\u00ebgjohen, dhe po lul\u00ebzon nj\u00eb shtyp ku lejohet t\u00eb shkruhen gj\u00ebra q\u00eb nuk ka nevoj\u00eb t\u00eb lexohen. Kryeministri Berisha ka tentuar dhe ia ka arritur n\u00eb nj\u00eb far\u00eb m\u00ebnyre t\u00eb b\u00ebj\u00eb dhun\u00ebn ndaj meje dhe gazet\u00ebs TemA model nd\u00ebshkimi p\u00ebr gazetarin\u00eb kritike. Ai ka b\u00ebr\u00eb gjith\u00eb ato q\u00eb ka b\u00ebr\u00eb p\u00ebr t\u00eb ngjallur frik\u00eb tek kushdo q\u00eb do t\u00eb guxoj\u00eb t\u00eb thoj\u00eb ndonj\u00eb t\u00eb v\u00ebrtet\u00eb p\u00ebr t\u00eb dhe kriminalizimin e jet\u00ebs politike prej familjes s\u00eb tij.<\/p>\n<p>Duke nd\u00ebshkuar gazet\u00ebn TemA, me t\u00eb gjitha metodat, q\u00eb nga ato fizike, financiare, publike dhe deri tek nj\u00eb luft\u00eb klasash familjare ndaj meje dhe njer\u00ebzve t\u00eb af\u00ebrt t\u00eb mi, ai k\u00ebrkoi dhe ia arriti t\u00eb p\u00ebrcjell\u00eb nj\u00eb mesazh frike n\u00eb medien shqiptare. Tashm\u00eb pronar\u00ebt e k\u00ebtyre medieve, e din\u00eb se \u00e7far\u00eb duhet t\u00eb b\u00ebjn\u00eb, duhet t\u00eb mbajn\u00eb larg gazetar\u00ebt q\u00eb jan\u00eb p\u00ebrplasur me Sali Berish\u00ebn dhe t\u00eb gjith\u00eb vrapojn\u00eb drejt modelit t\u00eb dyt\u00eb, modelit t\u00eb shp\u00ebrblimit q\u00eb \u00ebsht\u00eb modeli i medies proqeveritare. Para dyerve t\u00eb k\u00ebtij institucioni amoral \u00ebsht\u00eb b\u00ebr\u00eb nj\u00eb radh\u00eb e gjat\u00eb pronar\u00ebsh mediesh q\u00eb duan t\u2019i bien n\u00eb sy qeveris\u00eb p\u00ebr mir\u00eb, por dhe k\u00ebtu e kan\u00eb mundimin e kot\u00eb pasi vendet p\u00ebr ata q\u00eb shp\u00ebrblehen jan\u00eb z\u00ebn\u00eb me koh\u00eb. Thjesht sa humbasin dinjitetin e tyre.<\/p>\n<p>Nj\u00eb tjet\u00ebr detaj i dhimbsh\u00ebm i panoram\u00ebs mediatike \u00ebsht\u00eb pafuqia e medies p\u00ebr t\u00eb prodhuar debat publik. Shikoni q\u00eb dhe aferat e r\u00ebndomte korruptive nuk i zbulon me media, por detyrohet opozita ti lexoj n\u00eb nj\u00eb podium q\u00eb ti citoj media. Edhe nj\u00eb super padrejt\u00ebsi q\u00eb \u00ebsht\u00eb b\u00ebr\u00eb ndaj televizionit m\u00eb t\u00eb madh n\u00eb vend Top Channel, si\u00e7 \u00ebsht\u00eb rasti i privatizimit t\u00eb ish- Ekspozit\u00ebs \u201cShqip\u00ebria Sot\u201d, ku prona q\u00eb i \u00ebsht\u00eb dh\u00ebn\u00eb televizionit, \u00ebsht\u00eb b\u00ebr\u00eb pre e motrave Vokshi dhe njer\u00ebzve t\u00eb familjes Berisha, dhe lajmin nuk e \u201czbulon\u201d Top Channel, pasi ka frik\u00eb nga gjoba, por pret t\u00eb dal\u00eb n\u00eb podium Eduard Shalsi q\u00eb ta jap\u00eb si reagim t\u00eb opozit\u00ebs. N\u00ebse media para vitit \u201897 p\u00ebrplasej me pushtetin dhe ndoshta p\u00ebrgjakej prej tij, sot \u00ebsht\u00eb e dor\u00ebzuar. Dhe ky \u00ebsht\u00eb standarti m\u00eb i ul\u00ebt p\u00ebr lirin\u00eb e fjal\u00ebs n\u00eb nj\u00eb vend.<\/p>\n<p>E fundit arsye q\u00eb na detyrojn\u00eb t\u00eb b\u00ebjm\u00eb nj\u00eb sporv\u00eb p\u00ebr mbijetes\u00eb \u00ebsht\u00eb dhe heshtja e frikshme e opinionit publik dhe atyre q\u00eb quhen elita intelektuale n\u00eb k\u00ebt\u00eb vend. Si n\u00eb asnj\u00eb rast tjet\u00ebr n\u00eb historin\u00eb e k\u00ebtyre 20 viteve, shoq\u00ebria po adapton standardet e diktuara nga pushteti pa rezistenc\u00eb. N\u00ebse pushteti t\u00eb shpall armik, edhe shoq\u00ebria t\u00eb shikon me keqardhje si armik. Shum\u00eb intelektual\u00eb apo njer\u00ebz t\u00eb letrave t\u00eb p\u00ebrsh\u00ebndesin fshehurazi n\u00eb rrug\u00eb, a thua je liruar nga burgu politik n\u00eb vitet 70-t\u00eb. Shum\u00eb njer\u00ebz t\u00eb njohur kan\u00eb frik\u00eb t\u00eb flasin publikisht p\u00ebr at\u00eb q\u00eb ndodh. N\u00eb m\u00ebnyr\u00eb paradoksale dhe t\u00eb dhimbshme jemi kthyer tek koha kur intelektual\u00ebt nuk shesin m\u00eb idet\u00eb e tyre, por heshtjen ndaj s\u00eb keqes. Dhe ky \u00ebsht\u00eb nj\u00eb standard i friksh\u00ebm p\u00ebr nj\u00eb shoq\u00ebri.<\/p>\n<p>Ne po ridalim n\u00eb treg pa pretendimin se do t\u00eb ndryshojm\u00eb shum\u00eb nga k\u00ebto gj\u00ebra, por s\u00eb paku t\u00eb mos jemi shembull ilustrues i pranimit t\u00eb s\u00eb keqes q\u00eb po vazhdon t\u00eb p\u00ebrhapet ngadal\u00eb duke na kufizuar p\u00ebrdit\u00eb lirit\u00eb dhe shanset p\u00ebr nj\u00eb shoq\u00ebri per\u00ebndimore. Ne po dalim qoft\u00eb dhe p\u00ebr t\u00eb treguar se nuk pranojm\u00eb q\u00eb t\u00eb tjer\u00eb t\u00eb shesin munges\u00ebn ton\u00eb, si heshtje.<\/p>\n","protected":false},"excerpt":{"rendered":"<p>Nga Mero Baze Gazeta TemA ridel sot n\u00eb treg n\u00eb nj\u00eb p\u00ebrpjekje t\u00eb re t\u00eb ekipit t\u00eb saj p\u00ebr t\u2019u rikthyer n\u00eb tregun pa rregulla t\u00eb medies s\u00eb mbetur shqiptare. N\u00eb t\u00eb v\u00ebrtet\u00eb asgj\u00eb nuk ka ndryshuar nga arsyet q\u00eb na detyruan t\u00eb mbyllim gazet\u00ebn muaj m\u00eb par\u00eb, kur p\u00ebr shkak t\u00eb brutalitetit t\u00eb qeveris\u00eb, [&hellip;]<\/p>\n","protected":false},"author":1,"featured_media":0,"comment_status":"open","ping_status":"closed","sticky":false,"template":"","format":"standard","meta":{"footnotes":""},"categories":[2],"tags":[],"class_list":{"0":"post-4252","1":"post","2":"type-post","3":"status-publish","4":"format-standard","6":"category-artikuj"},"yoast_head":"<!-- This site is optimized with the Yoast SEO plugin v27.4 - https:\/\/yoast.com\/product\/yoast-seo-wordpress\/ -->\n<title>\u00c7mimi i hidhur i heshtjes - FjALA e LIR\u00cb - Arkivi<\/title>\n<meta name=\"robots\" content=\"index, follow, max-snippet:-1, max-image-preview:large, max-video-preview:-1\" \/>\n<link rel=\"canonical\" href=\"https:\/\/fjala.info\/2009-2015\/cmimi-i-hidhur-i-heshtjes\/\" \/>\n<meta property=\"og:locale\" content=\"sq_AL\" \/>\n<meta property=\"og:type\" content=\"article\" \/>\n<meta property=\"og:title\" content=\"\u00c7mimi i hidhur i heshtjes - FjALA e LIR\u00cb - Arkivi\" \/>\n<meta property=\"og:description\" content=\"Nga Mero Baze Gazeta TemA ridel sot n\u00eb treg n\u00eb nj\u00eb p\u00ebrpjekje t\u00eb re t\u00eb ekipit t\u00eb saj p\u00ebr t\u2019u rikthyer n\u00eb tregun pa rregulla t\u00eb medies s\u00eb mbetur shqiptare. N\u00eb t\u00eb v\u00ebrtet\u00eb asgj\u00eb nuk ka ndryshuar nga arsyet q\u00eb na detyruan t\u00eb mbyllim gazet\u00ebn muaj m\u00eb par\u00eb, kur p\u00ebr shkak t\u00eb brutalitetit t\u00eb qeveris\u00eb, [&hellip;]\" \/>\n<meta property=\"og:url\" content=\"https:\/\/fjala.info\/2009-2015\/cmimi-i-hidhur-i-heshtjes\/\" \/>\n<meta property=\"og:site_name\" content=\"FjALA e LIR\u00cb - Arkivi\" \/>\n<meta property=\"article:published_time\" content=\"2010-10-10T08:48:12+00:00\" \/>\n<meta property=\"og:image\" content=\"http:\/\/fjala.shkoder.net\/wp-content\/uploads\/2010\/10\/mero_baze12.jpg\" \/>\n<meta name=\"author\" content=\"admin\" \/>\n<meta name=\"twitter:card\" content=\"summary_large_image\" \/>\n<meta name=\"twitter:label1\" content=\"Written by\" \/>\n\t<meta name=\"twitter:data1\" content=\"admin\" \/>\n\t<meta name=\"twitter:label2\" content=\"Est. reading time\" \/>\n\t<meta name=\"twitter:data2\" content=\"5 minutes\" \/>\n<script type=\"application\/ld+json\" class=\"yoast-schema-graph\">{\"@context\":\"https:\\\/\\\/schema.org\",\"@graph\":[{\"@type\":\"Article\",\"@id\":\"https:\\\/\\\/fjala.info\\\/2009-2015\\\/cmimi-i-hidhur-i-heshtjes\\\/#article\",\"isPartOf\":{\"@id\":\"https:\\\/\\\/fjala.info\\\/2009-2015\\\/cmimi-i-hidhur-i-heshtjes\\\/\"},\"author\":{\"name\":\"admin\",\"@id\":\"https:\\\/\\\/fjala.info\\\/2009-2015\\\/#\\\/schema\\\/person\\\/3aa1163ef05469c496fc94e77611ada2\"},\"headline\":\"\u00c7mimi i hidhur i heshtjes\",\"datePublished\":\"2010-10-10T08:48:12+00:00\",\"mainEntityOfPage\":{\"@id\":\"https:\\\/\\\/fjala.info\\\/2009-2015\\\/cmimi-i-hidhur-i-heshtjes\\\/\"},\"wordCount\":911,\"commentCount\":0,\"publisher\":{\"@id\":\"https:\\\/\\\/fjala.info\\\/2009-2015\\\/#organization\"},\"image\":{\"@id\":\"https:\\\/\\\/fjala.info\\\/2009-2015\\\/cmimi-i-hidhur-i-heshtjes\\\/#primaryimage\"},\"thumbnailUrl\":\"http:\\\/\\\/fjala.shkoder.net\\\/wp-content\\\/uploads\\\/2010\\\/10\\\/mero_baze12.jpg\",\"articleSection\":[\"Artikuj\"],\"inLanguage\":\"sq-AL\",\"potentialAction\":[{\"@type\":\"CommentAction\",\"name\":\"Comment\",\"target\":[\"https:\\\/\\\/fjala.info\\\/2009-2015\\\/cmimi-i-hidhur-i-heshtjes\\\/#respond\"]}]},{\"@type\":\"WebPage\",\"@id\":\"https:\\\/\\\/fjala.info\\\/2009-2015\\\/cmimi-i-hidhur-i-heshtjes\\\/\",\"url\":\"https:\\\/\\\/fjala.info\\\/2009-2015\\\/cmimi-i-hidhur-i-heshtjes\\\/\",\"name\":\"\u00c7mimi i hidhur i heshtjes - FjALA e LIR\u00cb - Arkivi\",\"isPartOf\":{\"@id\":\"https:\\\/\\\/fjala.info\\\/2009-2015\\\/#website\"},\"primaryImageOfPage\":{\"@id\":\"https:\\\/\\\/fjala.info\\\/2009-2015\\\/cmimi-i-hidhur-i-heshtjes\\\/#primaryimage\"},\"image\":{\"@id\":\"https:\\\/\\\/fjala.info\\\/2009-2015\\\/cmimi-i-hidhur-i-heshtjes\\\/#primaryimage\"},\"thumbnailUrl\":\"http:\\\/\\\/fjala.shkoder.net\\\/wp-content\\\/uploads\\\/2010\\\/10\\\/mero_baze12.jpg\",\"datePublished\":\"2010-10-10T08:48:12+00:00\",\"breadcrumb\":{\"@id\":\"https:\\\/\\\/fjala.info\\\/2009-2015\\\/cmimi-i-hidhur-i-heshtjes\\\/#breadcrumb\"},\"inLanguage\":\"sq-AL\",\"potentialAction\":[{\"@type\":\"ReadAction\",\"target\":[\"https:\\\/\\\/fjala.info\\\/2009-2015\\\/cmimi-i-hidhur-i-heshtjes\\\/\"]}]},{\"@type\":\"ImageObject\",\"inLanguage\":\"sq-AL\",\"@id\":\"https:\\\/\\\/fjala.info\\\/2009-2015\\\/cmimi-i-hidhur-i-heshtjes\\\/#primaryimage\",\"url\":\"http:\\\/\\\/fjala.shkoder.net\\\/wp-content\\\/uploads\\\/2010\\\/10\\\/mero_baze12.jpg\",\"contentUrl\":\"http:\\\/\\\/fjala.shkoder.net\\\/wp-content\\\/uploads\\\/2010\\\/10\\\/mero_baze12.jpg\"},{\"@type\":\"BreadcrumbList\",\"@id\":\"https:\\\/\\\/fjala.info\\\/2009-2015\\\/cmimi-i-hidhur-i-heshtjes\\\/#breadcrumb\",\"itemListElement\":[{\"@type\":\"ListItem\",\"position\":1,\"name\":\"Home\",\"item\":\"https:\\\/\\\/fjala.info\\\/2009-2015\\\/\"},{\"@type\":\"ListItem\",\"position\":2,\"name\":\"\u00c7mimi i hidhur i heshtjes\"}]},{\"@type\":\"WebSite\",\"@id\":\"https:\\\/\\\/fjala.info\\\/2009-2015\\\/#website\",\"url\":\"https:\\\/\\\/fjala.info\\\/2009-2015\\\/\",\"name\":\"FjALA e LIR\u00cb - Arkivi\",\"description\":\"Arkivi 2009-2015\",\"publisher\":{\"@id\":\"https:\\\/\\\/fjala.info\\\/2009-2015\\\/#organization\"},\"potentialAction\":[{\"@type\":\"SearchAction\",\"target\":{\"@type\":\"EntryPoint\",\"urlTemplate\":\"https:\\\/\\\/fjala.info\\\/2009-2015\\\/?s={search_term_string}\"},\"query-input\":{\"@type\":\"PropertyValueSpecification\",\"valueRequired\":true,\"valueName\":\"search_term_string\"}}],\"inLanguage\":\"sq-AL\"},{\"@type\":\"Organization\",\"@id\":\"https:\\\/\\\/fjala.info\\\/2009-2015\\\/#organization\",\"name\":\"FjALA e LIR\u00cb - Arkivi\",\"url\":\"https:\\\/\\\/fjala.info\\\/2009-2015\\\/\",\"logo\":{\"@type\":\"ImageObject\",\"inLanguage\":\"sq-AL\",\"@id\":\"https:\\\/\\\/fjala.info\\\/2009-2015\\\/#\\\/schema\\\/logo\\\/image\\\/\",\"url\":\"\",\"contentUrl\":\"\",\"caption\":\"FjALA e LIR\u00cb - Arkivi\"},\"image\":{\"@id\":\"https:\\\/\\\/fjala.info\\\/2009-2015\\\/#\\\/schema\\\/logo\\\/image\\\/\"}},{\"@type\":\"Person\",\"@id\":\"https:\\\/\\\/fjala.info\\\/2009-2015\\\/#\\\/schema\\\/person\\\/3aa1163ef05469c496fc94e77611ada2\",\"name\":\"admin\",\"image\":{\"@type\":\"ImageObject\",\"inLanguage\":\"sq-AL\",\"@id\":\"https:\\\/\\\/fjala.info\\\/2009-2015\\\/wp-content\\\/uploads\\\/2012\\\/02\\\/arben_cokaj-120x150.jpg\",\"url\":\"https:\\\/\\\/fjala.info\\\/2009-2015\\\/wp-content\\\/uploads\\\/2012\\\/02\\\/arben_cokaj-120x150.jpg\",\"contentUrl\":\"https:\\\/\\\/fjala.info\\\/2009-2015\\\/wp-content\\\/uploads\\\/2012\\\/02\\\/arben_cokaj-120x150.jpg\",\"caption\":\"admin\"},\"description\":\"Admin, Fjala e Lir\u00eb\",\"sameAs\":[\"https:\\\/\\\/fjala.info\\\/\"],\"url\":\"https:\\\/\\\/fjala.info\\\/2009-2015\\\/author\\\/admin\\\/\"}]}<\/script>\n<!-- \/ Yoast SEO plugin. -->","yoast_head_json":{"title":"\u00c7mimi i hidhur i heshtjes - FjALA e LIR\u00cb - Arkivi","robots":{"index":"index","follow":"follow","max-snippet":"max-snippet:-1","max-image-preview":"max-image-preview:large","max-video-preview":"max-video-preview:-1"},"canonical":"https:\/\/fjala.info\/2009-2015\/cmimi-i-hidhur-i-heshtjes\/","og_locale":"sq_AL","og_type":"article","og_title":"\u00c7mimi i hidhur i heshtjes - FjALA e LIR\u00cb - Arkivi","og_description":"Nga Mero Baze Gazeta TemA ridel sot n\u00eb treg n\u00eb nj\u00eb p\u00ebrpjekje t\u00eb re t\u00eb ekipit t\u00eb saj p\u00ebr t\u2019u rikthyer n\u00eb tregun pa rregulla t\u00eb medies s\u00eb mbetur shqiptare. N\u00eb t\u00eb v\u00ebrtet\u00eb asgj\u00eb nuk ka ndryshuar nga arsyet q\u00eb na detyruan t\u00eb mbyllim gazet\u00ebn muaj m\u00eb par\u00eb, kur p\u00ebr shkak t\u00eb brutalitetit t\u00eb qeveris\u00eb, [&hellip;]","og_url":"https:\/\/fjala.info\/2009-2015\/cmimi-i-hidhur-i-heshtjes\/","og_site_name":"FjALA e LIR\u00cb - Arkivi","article_published_time":"2010-10-10T08:48:12+00:00","og_image":[{"url":"http:\/\/fjala.shkoder.net\/wp-content\/uploads\/2010\/10\/mero_baze12.jpg","type":"","width":"","height":""}],"author":"admin","twitter_card":"summary_large_image","twitter_misc":{"Written by":"admin","Est. reading time":"5 minutes"},"schema":{"@context":"https:\/\/schema.org","@graph":[{"@type":"Article","@id":"https:\/\/fjala.info\/2009-2015\/cmimi-i-hidhur-i-heshtjes\/#article","isPartOf":{"@id":"https:\/\/fjala.info\/2009-2015\/cmimi-i-hidhur-i-heshtjes\/"},"author":{"name":"admin","@id":"https:\/\/fjala.info\/2009-2015\/#\/schema\/person\/3aa1163ef05469c496fc94e77611ada2"},"headline":"\u00c7mimi i hidhur i heshtjes","datePublished":"2010-10-10T08:48:12+00:00","mainEntityOfPage":{"@id":"https:\/\/fjala.info\/2009-2015\/cmimi-i-hidhur-i-heshtjes\/"},"wordCount":911,"commentCount":0,"publisher":{"@id":"https:\/\/fjala.info\/2009-2015\/#organization"},"image":{"@id":"https:\/\/fjala.info\/2009-2015\/cmimi-i-hidhur-i-heshtjes\/#primaryimage"},"thumbnailUrl":"http:\/\/fjala.shkoder.net\/wp-content\/uploads\/2010\/10\/mero_baze12.jpg","articleSection":["Artikuj"],"inLanguage":"sq-AL","potentialAction":[{"@type":"CommentAction","name":"Comment","target":["https:\/\/fjala.info\/2009-2015\/cmimi-i-hidhur-i-heshtjes\/#respond"]}]},{"@type":"WebPage","@id":"https:\/\/fjala.info\/2009-2015\/cmimi-i-hidhur-i-heshtjes\/","url":"https:\/\/fjala.info\/2009-2015\/cmimi-i-hidhur-i-heshtjes\/","name":"\u00c7mimi i hidhur i heshtjes - FjALA e LIR\u00cb - Arkivi","isPartOf":{"@id":"https:\/\/fjala.info\/2009-2015\/#website"},"primaryImageOfPage":{"@id":"https:\/\/fjala.info\/2009-2015\/cmimi-i-hidhur-i-heshtjes\/#primaryimage"},"image":{"@id":"https:\/\/fjala.info\/2009-2015\/cmimi-i-hidhur-i-heshtjes\/#primaryimage"},"thumbnailUrl":"http:\/\/fjala.shkoder.net\/wp-content\/uploads\/2010\/10\/mero_baze12.jpg","datePublished":"2010-10-10T08:48:12+00:00","breadcrumb":{"@id":"https:\/\/fjala.info\/2009-2015\/cmimi-i-hidhur-i-heshtjes\/#breadcrumb"},"inLanguage":"sq-AL","potentialAction":[{"@type":"ReadAction","target":["https:\/\/fjala.info\/2009-2015\/cmimi-i-hidhur-i-heshtjes\/"]}]},{"@type":"ImageObject","inLanguage":"sq-AL","@id":"https:\/\/fjala.info\/2009-2015\/cmimi-i-hidhur-i-heshtjes\/#primaryimage","url":"http:\/\/fjala.shkoder.net\/wp-content\/uploads\/2010\/10\/mero_baze12.jpg","contentUrl":"http:\/\/fjala.shkoder.net\/wp-content\/uploads\/2010\/10\/mero_baze12.jpg"},{"@type":"BreadcrumbList","@id":"https:\/\/fjala.info\/2009-2015\/cmimi-i-hidhur-i-heshtjes\/#breadcrumb","itemListElement":[{"@type":"ListItem","position":1,"name":"Home","item":"https:\/\/fjala.info\/2009-2015\/"},{"@type":"ListItem","position":2,"name":"\u00c7mimi i hidhur i heshtjes"}]},{"@type":"WebSite","@id":"https:\/\/fjala.info\/2009-2015\/#website","url":"https:\/\/fjala.info\/2009-2015\/","name":"FjALA e LIR\u00cb - Arkivi","description":"Arkivi 2009-2015","publisher":{"@id":"https:\/\/fjala.info\/2009-2015\/#organization"},"potentialAction":[{"@type":"SearchAction","target":{"@type":"EntryPoint","urlTemplate":"https:\/\/fjala.info\/2009-2015\/?s={search_term_string}"},"query-input":{"@type":"PropertyValueSpecification","valueRequired":true,"valueName":"search_term_string"}}],"inLanguage":"sq-AL"},{"@type":"Organization","@id":"https:\/\/fjala.info\/2009-2015\/#organization","name":"FjALA e LIR\u00cb - Arkivi","url":"https:\/\/fjala.info\/2009-2015\/","logo":{"@type":"ImageObject","inLanguage":"sq-AL","@id":"https:\/\/fjala.info\/2009-2015\/#\/schema\/logo\/image\/","url":"","contentUrl":"","caption":"FjALA e LIR\u00cb - Arkivi"},"image":{"@id":"https:\/\/fjala.info\/2009-2015\/#\/schema\/logo\/image\/"}},{"@type":"Person","@id":"https:\/\/fjala.info\/2009-2015\/#\/schema\/person\/3aa1163ef05469c496fc94e77611ada2","name":"admin","image":{"@type":"ImageObject","inLanguage":"sq-AL","@id":"https:\/\/fjala.info\/2009-2015\/wp-content\/uploads\/2012\/02\/arben_cokaj-120x150.jpg","url":"https:\/\/fjala.info\/2009-2015\/wp-content\/uploads\/2012\/02\/arben_cokaj-120x150.jpg","contentUrl":"https:\/\/fjala.info\/2009-2015\/wp-content\/uploads\/2012\/02\/arben_cokaj-120x150.jpg","caption":"admin"},"description":"Admin, Fjala e Lir\u00eb","sameAs":["https:\/\/fjala.info\/"],"url":"https:\/\/fjala.info\/2009-2015\/author\/admin\/"}]}},"_links":{"self":[{"href":"https:\/\/fjala.info\/2009-2015\/wp-json\/wp\/v2\/posts\/4252","targetHints":{"allow":["GET"]}}],"collection":[{"href":"https:\/\/fjala.info\/2009-2015\/wp-json\/wp\/v2\/posts"}],"about":[{"href":"https:\/\/fjala.info\/2009-2015\/wp-json\/wp\/v2\/types\/post"}],"author":[{"embeddable":true,"href":"https:\/\/fjala.info\/2009-2015\/wp-json\/wp\/v2\/users\/1"}],"replies":[{"embeddable":true,"href":"https:\/\/fjala.info\/2009-2015\/wp-json\/wp\/v2\/comments?post=4252"}],"version-history":[{"count":0,"href":"https:\/\/fjala.info\/2009-2015\/wp-json\/wp\/v2\/posts\/4252\/revisions"}],"wp:attachment":[{"href":"https:\/\/fjala.info\/2009-2015\/wp-json\/wp\/v2\/media?parent=4252"}],"wp:term":[{"taxonomy":"category","embeddable":true,"href":"https:\/\/fjala.info\/2009-2015\/wp-json\/wp\/v2\/categories?post=4252"},{"taxonomy":"post_tag","embeddable":true,"href":"https:\/\/fjala.info\/2009-2015\/wp-json\/wp\/v2\/tags?post=4252"}],"curies":[{"name":"wp","href":"https:\/\/api.w.org\/{rel}","templated":true}]}}