{"id":4251,"date":"2012-08-07T21:43:48","date_gmt":"2012-08-07T20:43:48","guid":{"rendered":"http:\/\/www.fjala.info\/?p=4251"},"modified":"2012-08-07T21:43:48","modified_gmt":"2012-08-07T20:43:48","slug":"ne-djall-statusi-dhe-integrimi-por-mblidhni-rinine","status":"publish","type":"post","link":"https:\/\/fjala.info\/2009-2015\/ne-djall-statusi-dhe-integrimi-por-mblidhni-rinine\/","title":{"rendered":"N\u00eb djall statusi dhe integrimi por mblidhni rinin\u00eb"},"content":{"rendered":"<p><img decoding=\"async\" class=\"alignright size-thumbnail wp-image-7236\" title=\"Mentor Kikia\" src=\"http:\/\/www.fjala.info\/2012\/mentor_kikia.jpg\" alt=\"\" width=\"150\" \/> Analize nga <strong>MENTOR KIKIA<\/strong><\/p>\n<p>Nj\u00eb rrugic\u00eb e re n\u00eb Tiran\u00eb, e sapoasfaltuar (tregues i pun\u00ebs q\u00eb po b\u00ebhet n\u00eb p\u00ebrmir\u00ebsimin e infrastruktur\u00ebs) u p\u00ebrskuq nga gjaku i nj\u00eb gruaje q\u00eb humbi jet\u00ebn dhe vajz\u00ebs s\u00eb saj q\u00eb u plagos. Vras\u00ebsit ishin dy adoleshent\u00eb dhe q\u00ebllimi i tyre ishte tu grabisnin var\u00ebset q\u00eb kishin n\u00eb qaf\u00eb gruaja dhe vajza e saj. N\u00ebse ky do t\u00eb kishte qen\u00eb nj\u00eb rast i shk\u00ebputur, ai do t\u00eb meritonte vet\u00ebm dy rreshta lajm. Por p\u00ebr fat t\u00eb keq ky nuk \u00ebsht\u00eb i shk\u00ebptur, nuk \u00ebsht\u00eb i vet\u00ebm, por \u00ebsht\u00eb kaq i p\u00ebrhapur, \u00ebsht\u00eb b\u00ebr\u00eb kaq i rreziksh\u00ebm, dhe \u00ebsht\u00eb kaq alarmant sa meriton t\u00eb ul\u00ebrijm\u00eb t\u00ebr\u00eb dit\u00ebn e t\u00ebr\u00eb nat\u00ebn.<\/p>\n<p>Krimi i bandave t\u00eb adoleshent\u00ebve \u00ebsht\u00eb n\u00eb lul\u00ebzimin e tij. Ata jan\u00eb b\u00ebr\u00eb tmerri i rrugicave, nat\u00ebn dhe dit\u00ebn, n\u00eb Tiran\u00eb por edhe qytete t\u00eb tjera. Kryesisht banor\u00eb t\u00eb zonave informale q\u00eb kan\u00eb zbarkuar perfierive t\u00eb kryeqytetit dhe qyteteve t\u00eb tjera, ata jan\u00eb b\u00ebr\u00eb sot si bandat e \u00c7ikagos s\u00eb shekullit t\u00eb 19-t\u00eb.<\/p>\n<p>Situata kriminale n\u00eb rritje nuk \u00ebsht\u00eb thjesht\u00eb nj\u00eb fenomen kriminal. Ajo \u00ebsht\u00eb s\u00eb pari nj\u00eb problem i madh social q\u00eb nuk duhet k\u00ebrkuar thjesht\u00eb tek mungesa e rendit, por tek degradimi dhe degjenerimi i nj\u00eb brezi t\u00eb t\u00ebr\u00eb, i cili p\u00ebr fat t\u00eb keq nuk po merr asnj\u00eb lloj v\u00ebmendjeje. Esht\u00eb nj\u00eb ushtri e t\u00ebr\u00eb t\u00eb rinjsh dhe adoleshent\u00ebsh sot q\u00eb nuk kan\u00eb arsimim t\u00eb mjaftuesh\u00ebm p\u00ebr tu orientuar n\u00eb jet\u00eb. Ata nuk kan\u00eb nj\u00eb profesion p\u00ebr t\u00eb punuar n\u00eb nj\u00eb fush\u00eb t\u00eb caktuar.<\/p>\n<p>Ata jan\u00eb rritur me prind\u00ebr q\u00eb punonin e punojn\u00eb n\u00eb Greqi e Itali e q\u00eb ktheheshin n\u00eb sht\u00ebpi nj\u00eb her\u00eb n\u00eb vit, p\u00ebr t\u00eb p\u00ebrmbushur q\u00ebllimin e vet\u00ebm t\u00eb jet\u00ebs, nd\u00ebrtimin e nj\u00eb sht\u00ebpie t\u00eb re, pa pyetur se ku jan\u00eb, \u00e7far\u00eb b\u00ebjn\u00eb dhe me se merren f\u00ebmij\u00ebt e tyre. Injorant\u00eb dhe t\u00eb parasimuar ata jetojn\u00eb n\u00eb nj\u00eb epok\u00eb \u201cmoderne\u201d, e cila i ka b\u00ebr\u00eb ta p\u00ebrbuzim pun\u00ebn e r\u00ebndomt\u00eb, m\u00eb t\u00eb cil\u00ebn p\u00ebrballeshin bashk\u00ebmoshatar\u00ebt e tyre n\u00eb koh\u00ebn e komunizmit. Ata jetojn\u00eb n\u00eb epok\u00ebn kur u duhet tu p\u00ebrshtaten t\u00eb tjera rregullave jetese.<\/p>\n<p>T\u00eb ken\u00eb nj\u00eb telefon celular, t\u00eb futen n\u00eb internet kafe, t\u00eb frekuentojn\u00eb kafenet\u00eb, t\u00eb tymosin duhan e shpesh edhe cannabis\u2026. Ata jetojn\u00eb n\u00eb nj\u00eb koh\u00eb kur \u00ebsht\u00eb \u201cfyese\u201d t\u00eb punosh n\u00eb ar\u00eb krah prind\u00ebrve, \u00ebsht\u00eb \u201cfyese\u201d t\u00eb shes\u00ebsh ne treg vet\u00ebm ose krah prind\u00ebrve, \u00ebsht\u00eb \u201cfyese\u201d t\u00eb punosh n\u00eb nd\u00ebrtim apo n\u00eb nd\u00ebrmarjen e sh\u00ebrbimeve t\u00eb qytetit. Ata t\u00eb jan\u00eb pa arsimin dhe pa formim profesional dhe nuk kan\u00eb asnj\u00eb shans p\u00ebr tu p\u00ebrthithur nga tregu kapitalist i pun\u00ebs. Po ku do ti gjejn\u00eb parat\u00eb ata p\u00ebr t\u00eb b\u00ebr\u00eb jet\u00ebn \u201cmoderne\u201d t\u00eb koh\u00ebs? Ku do ti gjejn\u00eb telefonat e ri, cigaret, drog\u00ebn, dhuratat p\u00ebr vajzat, t\u00eb pakt\u00ebn n\u00eb 14 shkurt?<\/p>\n<p>K\u00ebtu e merr shpjegimin nj\u00eb dukuri trondit\u00ebse e viteve t\u00eb fundit. Pjesa d\u00ebrrmuese e vjedhjeve dhe grabitjeve q\u00eb sh\u00ebnohen sot n\u00eb qytete dhe zona rurale kan\u00eb p\u00ebr autor\u00eb djem t\u00eb mosh\u00ebs nga 17 deri n\u00eb 23 vjec. Ata vjedhin \u00e7do gj\u00eb, rroba t\u00eb ndera n\u00eb tel e n\u00ebse nuk ka rroba edhe vet\u00ebm telin, bi\u00e7ikleta, \u00e7anta, kuleta, kabllo elektrik\u00eb, hekurishte, var\u00ebset n\u00eb qafat e grave, sinjalistik\u00ebn n\u00ebp\u00ebr rrug\u00eb e autostrada, bullonat e shinave dhe traversave t\u00eb hekurudh\u00ebs, telat e tend\u00ebs s\u00eb hardhive n\u00ebp\u00ebr pjergulla, bag\u00ebti n\u00ebp\u00ebr stane dhe pula n\u00ebp\u00ebr kotec\u00eb. Ata vjedhin dhe d\u00ebrgojn\u00eb n\u00eb treg p\u00ebr vet\u00ebm 2 mij\u00eb lek\u00eb t\u00eb vjetra \u00e7do gj\u00eb q\u00eb mund tu z\u00ebr\u00eb syri dhe mund t\u00eb shitet.<\/p>\n<p>Shum\u00eb prej k\u00ebtyre ngjarjeve policia nuk i regjistron m\u00eb. Por n\u00eb realitet kjo \u00ebsht\u00eb nj\u00eb epidemi. Drejt\u00ebsia nuk i merr n\u00eb konsiderat\u00eb kur vjedhin celular\u00eb e kuleta n\u00ebp\u00ebr autobuz\u00eb, por vet\u00ebm kur ata vrasin. Shteti nuk ka politika sociale. Qeveria \u00ebsht\u00eb mjaftuar t\u00eb shtroj\u00eb rrug\u00ebt, t\u00eb miratoj\u00eb ca ligje sa p\u00ebr sy e faqe, p\u00ebr t\u00eb plot\u00ebsuar kushtet e integrimit dhe\u2026.Shqip\u00ebria po shkon drejt realizimit t\u00eb \u00ebndrr\u00ebs europiane. Mu n\u00eb djall me gjith\u00eb k\u00ebt\u00eb \u00ebnd\u00ebrr, k\u00ebshtu sic e kemi nisur nuk dihet ku do t\u00eb p\u00ebrfundojm\u00eb\u2026Nuk zhvillohet nje vend dhe nje shoqeri vetem duke shtruar rruge o Sali Berisha.<\/p>\n<p>Refreni i vet\u00ebm q\u00eb d\u00ebgjohet nat\u00eb e dit\u00eb nga goja e zyrtar\u00ebve t\u00eb qeveris\u00eb \u00ebsht\u00eb Integrimi, Statusi dhe s\u00ebrish Integrimi. Por harrohet dhe lihet m\u00ebnjan\u00eb nj\u00eb problem kaq madhor si\u00e7 \u00ebsht\u00eb degradimi i nj\u00eb brezi. Dhe duhet ta dim\u00eb se ata q\u00eb vran\u00eb gruan p\u00ebr nj\u00eb var\u00ebse nuk e b\u00ebn\u00eb k\u00ebt\u00eb p\u00ebr ta shitur se nuk kan\u00eb c\u2019t\u00eb han\u00eb, nuk e b\u00ebn\u00eb k\u00ebt\u00eb t\u2019ua \u00e7ojn\u00eb parat\u00eb prind\u00ebrve p\u00ebr buk\u00eb. Jo jo, kjo nuk \u00ebsht\u00eb kriz\u00eb q\u00eb vjen nga varf\u00ebria ekonomike. Ky \u00ebsht\u00eb mjerimi n\u00eb rritje i nj\u00eb brezi, i nj\u00eb brezi q\u00eb nuk di asgj\u00eb, as t\u00eb shkruaj\u00eb, as t\u00eb mendoj\u00eb, as t\u00eb punoj\u00eb por vet\u00ebm di q\u00eb duhet t\u00eb ket\u00eb para n\u00eb dor\u00eb dhe p\u00ebr k\u00ebt\u00eb zgjedh rrug\u00ebn m\u00eb t\u00eb shkurt\u00ebr, at\u00eb t\u00eb vjedhjes dhe t\u00eb krimit. Ky \u00ebsht\u00eb brezi i tranzicionit, q\u00eb lindi, u edukua dhe u shkollua n\u00eb tranzicion. Kjo eshte krize shkolle, krize familjeje, krize shoqerore, kkrize sociale\u2026<\/p>\n<p>Kjo kriz\u00eb do t\u00eb vazhdoj\u00eb t\u00eb thellohet. Dhe e keqja \u00ebsht\u00eb se ne mendojm\u00eb se m\u00eb e madhe n\u00eb k\u00ebt\u00eb vend \u00ebsht\u00eb reforma zgjedhore dhe statusi i vendit kandidat. N\u00eb djall statusi, por mblidhni adoleshenc\u00ebn se po i v\u00eb zjarrin shoq\u00ebris\u00eb dhe vendit. Ky nuk \u00ebsht\u00eb nj\u00eb problem i nj\u00eb qeverie, as i nj\u00eb kryeministri dhe nuk zgjidhet as me largimin e nj\u00eb qeveria apo t\u00eb nj\u00eb kryeministri. Ky \u00ebsht\u00eb nj\u00eb problem i madh social dhe nj\u00eb min\u00eb me sahat, t\u00eb cil\u00ebn shoq\u00ebria e ka mu para syve duke i d\u00ebgjuar tik-takun, por q\u00eb nuk do ta shikoj\u00eb. Por t\u00eb jemi t\u00eb sigurt\u00eb, kjo bomb\u00eb po shp\u00ebrthen e po na vret cdo dit\u00eb.<\/p>\n<p><em>Marr\u00eb nga gazeta IDEA<\/em><br \/>\n(<em>sg\/shqiptarja.com<\/em>)<\/p>\n","protected":false},"excerpt":{"rendered":"<p>Analize nga MENTOR KIKIA Nj\u00eb rrugic\u00eb e re n\u00eb Tiran\u00eb, e sapoasfaltuar (tregues i pun\u00ebs q\u00eb po b\u00ebhet n\u00eb p\u00ebrmir\u00ebsimin e infrastruktur\u00ebs) u p\u00ebrskuq nga gjaku i nj\u00eb gruaje q\u00eb humbi jet\u00ebn dhe vajz\u00ebs s\u00eb saj q\u00eb u plagos. Vras\u00ebsit ishin dy adoleshent\u00eb dhe q\u00ebllimi i tyre ishte tu grabisnin var\u00ebset q\u00eb kishin n\u00eb qaf\u00eb [&hellip;]<\/p>\n","protected":false},"author":1,"featured_media":0,"comment_status":"open","ping_status":"closed","sticky":false,"template":"","format":"standard","meta":{"footnotes":""},"categories":[2],"tags":[],"class_list":{"0":"post-4251","1":"post","2":"type-post","3":"status-publish","4":"format-standard","6":"category-artikuj"},"yoast_head":"<!-- This site is optimized with the Yoast SEO plugin v27.4 - https:\/\/yoast.com\/product\/yoast-seo-wordpress\/ -->\n<title>N\u00eb djall statusi dhe integrimi por mblidhni rinin\u00eb - FjALA e LIR\u00cb - Arkivi<\/title>\n<meta name=\"robots\" content=\"index, follow, max-snippet:-1, max-image-preview:large, max-video-preview:-1\" \/>\n<link rel=\"canonical\" href=\"https:\/\/fjala.info\/2009-2015\/ne-djall-statusi-dhe-integrimi-por-mblidhni-rinine\/\" \/>\n<meta property=\"og:locale\" content=\"sq_AL\" \/>\n<meta property=\"og:type\" content=\"article\" \/>\n<meta property=\"og:title\" content=\"N\u00eb djall statusi dhe integrimi por mblidhni rinin\u00eb - FjALA e LIR\u00cb - Arkivi\" \/>\n<meta property=\"og:description\" content=\"Analize nga MENTOR KIKIA Nj\u00eb rrugic\u00eb e re n\u00eb Tiran\u00eb, e sapoasfaltuar (tregues i pun\u00ebs q\u00eb po b\u00ebhet n\u00eb p\u00ebrmir\u00ebsimin e infrastruktur\u00ebs) u p\u00ebrskuq nga gjaku i nj\u00eb gruaje q\u00eb humbi jet\u00ebn dhe vajz\u00ebs s\u00eb saj q\u00eb u plagos. Vras\u00ebsit ishin dy adoleshent\u00eb dhe q\u00ebllimi i tyre ishte tu grabisnin var\u00ebset q\u00eb kishin n\u00eb qaf\u00eb [&hellip;]\" \/>\n<meta property=\"og:url\" content=\"https:\/\/fjala.info\/2009-2015\/ne-djall-statusi-dhe-integrimi-por-mblidhni-rinine\/\" \/>\n<meta property=\"og:site_name\" content=\"FjALA e LIR\u00cb - Arkivi\" \/>\n<meta property=\"article:published_time\" content=\"2012-08-07T20:43:48+00:00\" \/>\n<meta property=\"og:image\" content=\"http:\/\/www.fjala.info\/2012\/mentor_kikia.jpg\" \/>\n<meta name=\"author\" content=\"admin\" \/>\n<meta name=\"twitter:card\" content=\"summary_large_image\" \/>\n<meta name=\"twitter:label1\" content=\"Written by\" \/>\n\t<meta name=\"twitter:data1\" content=\"admin\" \/>\n\t<meta name=\"twitter:label2\" content=\"Est. reading time\" \/>\n\t<meta name=\"twitter:data2\" content=\"5 minutes\" \/>\n<script type=\"application\/ld+json\" class=\"yoast-schema-graph\">{\"@context\":\"https:\\\/\\\/schema.org\",\"@graph\":[{\"@type\":\"Article\",\"@id\":\"https:\\\/\\\/fjala.info\\\/2009-2015\\\/ne-djall-statusi-dhe-integrimi-por-mblidhni-rinine\\\/#article\",\"isPartOf\":{\"@id\":\"https:\\\/\\\/fjala.info\\\/2009-2015\\\/ne-djall-statusi-dhe-integrimi-por-mblidhni-rinine\\\/\"},\"author\":{\"name\":\"admin\",\"@id\":\"https:\\\/\\\/fjala.info\\\/2009-2015\\\/#\\\/schema\\\/person\\\/3aa1163ef05469c496fc94e77611ada2\"},\"headline\":\"N\u00eb djall statusi dhe integrimi por mblidhni rinin\u00eb\",\"datePublished\":\"2012-08-07T20:43:48+00:00\",\"mainEntityOfPage\":{\"@id\":\"https:\\\/\\\/fjala.info\\\/2009-2015\\\/ne-djall-statusi-dhe-integrimi-por-mblidhni-rinine\\\/\"},\"wordCount\":1098,\"commentCount\":0,\"publisher\":{\"@id\":\"https:\\\/\\\/fjala.info\\\/2009-2015\\\/#organization\"},\"image\":{\"@id\":\"https:\\\/\\\/fjala.info\\\/2009-2015\\\/ne-djall-statusi-dhe-integrimi-por-mblidhni-rinine\\\/#primaryimage\"},\"thumbnailUrl\":\"http:\\\/\\\/www.fjala.info\\\/2012\\\/mentor_kikia.jpg\",\"articleSection\":[\"Artikuj\"],\"inLanguage\":\"sq-AL\",\"potentialAction\":[{\"@type\":\"CommentAction\",\"name\":\"Comment\",\"target\":[\"https:\\\/\\\/fjala.info\\\/2009-2015\\\/ne-djall-statusi-dhe-integrimi-por-mblidhni-rinine\\\/#respond\"]}]},{\"@type\":\"WebPage\",\"@id\":\"https:\\\/\\\/fjala.info\\\/2009-2015\\\/ne-djall-statusi-dhe-integrimi-por-mblidhni-rinine\\\/\",\"url\":\"https:\\\/\\\/fjala.info\\\/2009-2015\\\/ne-djall-statusi-dhe-integrimi-por-mblidhni-rinine\\\/\",\"name\":\"N\u00eb djall statusi dhe integrimi por mblidhni rinin\u00eb - FjALA e LIR\u00cb - Arkivi\",\"isPartOf\":{\"@id\":\"https:\\\/\\\/fjala.info\\\/2009-2015\\\/#website\"},\"primaryImageOfPage\":{\"@id\":\"https:\\\/\\\/fjala.info\\\/2009-2015\\\/ne-djall-statusi-dhe-integrimi-por-mblidhni-rinine\\\/#primaryimage\"},\"image\":{\"@id\":\"https:\\\/\\\/fjala.info\\\/2009-2015\\\/ne-djall-statusi-dhe-integrimi-por-mblidhni-rinine\\\/#primaryimage\"},\"thumbnailUrl\":\"http:\\\/\\\/www.fjala.info\\\/2012\\\/mentor_kikia.jpg\",\"datePublished\":\"2012-08-07T20:43:48+00:00\",\"breadcrumb\":{\"@id\":\"https:\\\/\\\/fjala.info\\\/2009-2015\\\/ne-djall-statusi-dhe-integrimi-por-mblidhni-rinine\\\/#breadcrumb\"},\"inLanguage\":\"sq-AL\",\"potentialAction\":[{\"@type\":\"ReadAction\",\"target\":[\"https:\\\/\\\/fjala.info\\\/2009-2015\\\/ne-djall-statusi-dhe-integrimi-por-mblidhni-rinine\\\/\"]}]},{\"@type\":\"ImageObject\",\"inLanguage\":\"sq-AL\",\"@id\":\"https:\\\/\\\/fjala.info\\\/2009-2015\\\/ne-djall-statusi-dhe-integrimi-por-mblidhni-rinine\\\/#primaryimage\",\"url\":\"http:\\\/\\\/www.fjala.info\\\/2012\\\/mentor_kikia.jpg\",\"contentUrl\":\"http:\\\/\\\/www.fjala.info\\\/2012\\\/mentor_kikia.jpg\"},{\"@type\":\"BreadcrumbList\",\"@id\":\"https:\\\/\\\/fjala.info\\\/2009-2015\\\/ne-djall-statusi-dhe-integrimi-por-mblidhni-rinine\\\/#breadcrumb\",\"itemListElement\":[{\"@type\":\"ListItem\",\"position\":1,\"name\":\"Home\",\"item\":\"https:\\\/\\\/fjala.info\\\/2009-2015\\\/\"},{\"@type\":\"ListItem\",\"position\":2,\"name\":\"N\u00eb djall statusi dhe integrimi por mblidhni rinin\u00eb\"}]},{\"@type\":\"WebSite\",\"@id\":\"https:\\\/\\\/fjala.info\\\/2009-2015\\\/#website\",\"url\":\"https:\\\/\\\/fjala.info\\\/2009-2015\\\/\",\"name\":\"FjALA e LIR\u00cb - Arkivi\",\"description\":\"Arkivi 2009-2015\",\"publisher\":{\"@id\":\"https:\\\/\\\/fjala.info\\\/2009-2015\\\/#organization\"},\"potentialAction\":[{\"@type\":\"SearchAction\",\"target\":{\"@type\":\"EntryPoint\",\"urlTemplate\":\"https:\\\/\\\/fjala.info\\\/2009-2015\\\/?s={search_term_string}\"},\"query-input\":{\"@type\":\"PropertyValueSpecification\",\"valueRequired\":true,\"valueName\":\"search_term_string\"}}],\"inLanguage\":\"sq-AL\"},{\"@type\":\"Organization\",\"@id\":\"https:\\\/\\\/fjala.info\\\/2009-2015\\\/#organization\",\"name\":\"FjALA e LIR\u00cb - Arkivi\",\"url\":\"https:\\\/\\\/fjala.info\\\/2009-2015\\\/\",\"logo\":{\"@type\":\"ImageObject\",\"inLanguage\":\"sq-AL\",\"@id\":\"https:\\\/\\\/fjala.info\\\/2009-2015\\\/#\\\/schema\\\/logo\\\/image\\\/\",\"url\":\"\",\"contentUrl\":\"\",\"caption\":\"FjALA e LIR\u00cb - Arkivi\"},\"image\":{\"@id\":\"https:\\\/\\\/fjala.info\\\/2009-2015\\\/#\\\/schema\\\/logo\\\/image\\\/\"}},{\"@type\":\"Person\",\"@id\":\"https:\\\/\\\/fjala.info\\\/2009-2015\\\/#\\\/schema\\\/person\\\/3aa1163ef05469c496fc94e77611ada2\",\"name\":\"admin\",\"image\":{\"@type\":\"ImageObject\",\"inLanguage\":\"sq-AL\",\"@id\":\"https:\\\/\\\/fjala.info\\\/2009-2015\\\/wp-content\\\/uploads\\\/2012\\\/02\\\/arben_cokaj-120x150.jpg\",\"url\":\"https:\\\/\\\/fjala.info\\\/2009-2015\\\/wp-content\\\/uploads\\\/2012\\\/02\\\/arben_cokaj-120x150.jpg\",\"contentUrl\":\"https:\\\/\\\/fjala.info\\\/2009-2015\\\/wp-content\\\/uploads\\\/2012\\\/02\\\/arben_cokaj-120x150.jpg\",\"caption\":\"admin\"},\"description\":\"Admin, Fjala e Lir\u00eb\",\"sameAs\":[\"https:\\\/\\\/fjala.info\\\/\"],\"url\":\"https:\\\/\\\/fjala.info\\\/2009-2015\\\/author\\\/admin\\\/\"}]}<\/script>\n<!-- \/ Yoast SEO plugin. -->","yoast_head_json":{"title":"N\u00eb djall statusi dhe integrimi por mblidhni rinin\u00eb - FjALA e LIR\u00cb - Arkivi","robots":{"index":"index","follow":"follow","max-snippet":"max-snippet:-1","max-image-preview":"max-image-preview:large","max-video-preview":"max-video-preview:-1"},"canonical":"https:\/\/fjala.info\/2009-2015\/ne-djall-statusi-dhe-integrimi-por-mblidhni-rinine\/","og_locale":"sq_AL","og_type":"article","og_title":"N\u00eb djall statusi dhe integrimi por mblidhni rinin\u00eb - FjALA e LIR\u00cb - Arkivi","og_description":"Analize nga MENTOR KIKIA Nj\u00eb rrugic\u00eb e re n\u00eb Tiran\u00eb, e sapoasfaltuar (tregues i pun\u00ebs q\u00eb po b\u00ebhet n\u00eb p\u00ebrmir\u00ebsimin e infrastruktur\u00ebs) u p\u00ebrskuq nga gjaku i nj\u00eb gruaje q\u00eb humbi jet\u00ebn dhe vajz\u00ebs s\u00eb saj q\u00eb u plagos. Vras\u00ebsit ishin dy adoleshent\u00eb dhe q\u00ebllimi i tyre ishte tu grabisnin var\u00ebset q\u00eb kishin n\u00eb qaf\u00eb [&hellip;]","og_url":"https:\/\/fjala.info\/2009-2015\/ne-djall-statusi-dhe-integrimi-por-mblidhni-rinine\/","og_site_name":"FjALA e LIR\u00cb - Arkivi","article_published_time":"2012-08-07T20:43:48+00:00","og_image":[{"url":"http:\/\/www.fjala.info\/2012\/mentor_kikia.jpg","type":"","width":"","height":""}],"author":"admin","twitter_card":"summary_large_image","twitter_misc":{"Written by":"admin","Est. reading time":"5 minutes"},"schema":{"@context":"https:\/\/schema.org","@graph":[{"@type":"Article","@id":"https:\/\/fjala.info\/2009-2015\/ne-djall-statusi-dhe-integrimi-por-mblidhni-rinine\/#article","isPartOf":{"@id":"https:\/\/fjala.info\/2009-2015\/ne-djall-statusi-dhe-integrimi-por-mblidhni-rinine\/"},"author":{"name":"admin","@id":"https:\/\/fjala.info\/2009-2015\/#\/schema\/person\/3aa1163ef05469c496fc94e77611ada2"},"headline":"N\u00eb djall statusi dhe integrimi por mblidhni rinin\u00eb","datePublished":"2012-08-07T20:43:48+00:00","mainEntityOfPage":{"@id":"https:\/\/fjala.info\/2009-2015\/ne-djall-statusi-dhe-integrimi-por-mblidhni-rinine\/"},"wordCount":1098,"commentCount":0,"publisher":{"@id":"https:\/\/fjala.info\/2009-2015\/#organization"},"image":{"@id":"https:\/\/fjala.info\/2009-2015\/ne-djall-statusi-dhe-integrimi-por-mblidhni-rinine\/#primaryimage"},"thumbnailUrl":"http:\/\/www.fjala.info\/2012\/mentor_kikia.jpg","articleSection":["Artikuj"],"inLanguage":"sq-AL","potentialAction":[{"@type":"CommentAction","name":"Comment","target":["https:\/\/fjala.info\/2009-2015\/ne-djall-statusi-dhe-integrimi-por-mblidhni-rinine\/#respond"]}]},{"@type":"WebPage","@id":"https:\/\/fjala.info\/2009-2015\/ne-djall-statusi-dhe-integrimi-por-mblidhni-rinine\/","url":"https:\/\/fjala.info\/2009-2015\/ne-djall-statusi-dhe-integrimi-por-mblidhni-rinine\/","name":"N\u00eb djall statusi dhe integrimi por mblidhni rinin\u00eb - FjALA e LIR\u00cb - Arkivi","isPartOf":{"@id":"https:\/\/fjala.info\/2009-2015\/#website"},"primaryImageOfPage":{"@id":"https:\/\/fjala.info\/2009-2015\/ne-djall-statusi-dhe-integrimi-por-mblidhni-rinine\/#primaryimage"},"image":{"@id":"https:\/\/fjala.info\/2009-2015\/ne-djall-statusi-dhe-integrimi-por-mblidhni-rinine\/#primaryimage"},"thumbnailUrl":"http:\/\/www.fjala.info\/2012\/mentor_kikia.jpg","datePublished":"2012-08-07T20:43:48+00:00","breadcrumb":{"@id":"https:\/\/fjala.info\/2009-2015\/ne-djall-statusi-dhe-integrimi-por-mblidhni-rinine\/#breadcrumb"},"inLanguage":"sq-AL","potentialAction":[{"@type":"ReadAction","target":["https:\/\/fjala.info\/2009-2015\/ne-djall-statusi-dhe-integrimi-por-mblidhni-rinine\/"]}]},{"@type":"ImageObject","inLanguage":"sq-AL","@id":"https:\/\/fjala.info\/2009-2015\/ne-djall-statusi-dhe-integrimi-por-mblidhni-rinine\/#primaryimage","url":"http:\/\/www.fjala.info\/2012\/mentor_kikia.jpg","contentUrl":"http:\/\/www.fjala.info\/2012\/mentor_kikia.jpg"},{"@type":"BreadcrumbList","@id":"https:\/\/fjala.info\/2009-2015\/ne-djall-statusi-dhe-integrimi-por-mblidhni-rinine\/#breadcrumb","itemListElement":[{"@type":"ListItem","position":1,"name":"Home","item":"https:\/\/fjala.info\/2009-2015\/"},{"@type":"ListItem","position":2,"name":"N\u00eb djall statusi dhe integrimi por mblidhni rinin\u00eb"}]},{"@type":"WebSite","@id":"https:\/\/fjala.info\/2009-2015\/#website","url":"https:\/\/fjala.info\/2009-2015\/","name":"FjALA e LIR\u00cb - Arkivi","description":"Arkivi 2009-2015","publisher":{"@id":"https:\/\/fjala.info\/2009-2015\/#organization"},"potentialAction":[{"@type":"SearchAction","target":{"@type":"EntryPoint","urlTemplate":"https:\/\/fjala.info\/2009-2015\/?s={search_term_string}"},"query-input":{"@type":"PropertyValueSpecification","valueRequired":true,"valueName":"search_term_string"}}],"inLanguage":"sq-AL"},{"@type":"Organization","@id":"https:\/\/fjala.info\/2009-2015\/#organization","name":"FjALA e LIR\u00cb - Arkivi","url":"https:\/\/fjala.info\/2009-2015\/","logo":{"@type":"ImageObject","inLanguage":"sq-AL","@id":"https:\/\/fjala.info\/2009-2015\/#\/schema\/logo\/image\/","url":"","contentUrl":"","caption":"FjALA e LIR\u00cb - Arkivi"},"image":{"@id":"https:\/\/fjala.info\/2009-2015\/#\/schema\/logo\/image\/"}},{"@type":"Person","@id":"https:\/\/fjala.info\/2009-2015\/#\/schema\/person\/3aa1163ef05469c496fc94e77611ada2","name":"admin","image":{"@type":"ImageObject","inLanguage":"sq-AL","@id":"https:\/\/fjala.info\/2009-2015\/wp-content\/uploads\/2012\/02\/arben_cokaj-120x150.jpg","url":"https:\/\/fjala.info\/2009-2015\/wp-content\/uploads\/2012\/02\/arben_cokaj-120x150.jpg","contentUrl":"https:\/\/fjala.info\/2009-2015\/wp-content\/uploads\/2012\/02\/arben_cokaj-120x150.jpg","caption":"admin"},"description":"Admin, Fjala e Lir\u00eb","sameAs":["https:\/\/fjala.info\/"],"url":"https:\/\/fjala.info\/2009-2015\/author\/admin\/"}]}},"_links":{"self":[{"href":"https:\/\/fjala.info\/2009-2015\/wp-json\/wp\/v2\/posts\/4251","targetHints":{"allow":["GET"]}}],"collection":[{"href":"https:\/\/fjala.info\/2009-2015\/wp-json\/wp\/v2\/posts"}],"about":[{"href":"https:\/\/fjala.info\/2009-2015\/wp-json\/wp\/v2\/types\/post"}],"author":[{"embeddable":true,"href":"https:\/\/fjala.info\/2009-2015\/wp-json\/wp\/v2\/users\/1"}],"replies":[{"embeddable":true,"href":"https:\/\/fjala.info\/2009-2015\/wp-json\/wp\/v2\/comments?post=4251"}],"version-history":[{"count":0,"href":"https:\/\/fjala.info\/2009-2015\/wp-json\/wp\/v2\/posts\/4251\/revisions"}],"wp:attachment":[{"href":"https:\/\/fjala.info\/2009-2015\/wp-json\/wp\/v2\/media?parent=4251"}],"wp:term":[{"taxonomy":"category","embeddable":true,"href":"https:\/\/fjala.info\/2009-2015\/wp-json\/wp\/v2\/categories?post=4251"},{"taxonomy":"post_tag","embeddable":true,"href":"https:\/\/fjala.info\/2009-2015\/wp-json\/wp\/v2\/tags?post=4251"}],"curies":[{"name":"wp","href":"https:\/\/api.w.org\/{rel}","templated":true}]}}