{"id":4246,"date":"2012-08-07T21:35:16","date_gmt":"2012-08-07T20:35:16","guid":{"rendered":"http:\/\/www.fjala.info\/?p=4246"},"modified":"2012-08-07T21:35:16","modified_gmt":"2012-08-07T20:35:16","slug":"ja-40-krimet-per-te-cilat-sali-berisha-duhet-te-qepe-gojen","status":"publish","type":"post","link":"https:\/\/fjala.info\/2009-2015\/ja-40-krimet-per-te-cilat-sali-berisha-duhet-te-qepe-gojen\/","title":{"rendered":"Ja 40 krimet, p\u00ebr t\u00eb cilat Sali Berisha duhet t\u00eb \u201cqep\u00eb\u201d goj\u00ebn\u2026"},"content":{"rendered":"<p><img decoding=\"async\" class=\"alignleft size-thumbnail wp-image-7236\" title=\"Sali Berisha - real\" src=\"http:\/\/www.fjala.info\/2012\/sali_berisha_real.jpg\" alt=\"\" width=\"300\" \/>Nga <strong>P\u00ebrparim Halili<\/strong>, <em>7 Gusht 2012<\/em><\/p>\n<p>Duke shfryt\u00ebzuar edhe procesin e (mos)heqjes s\u00eb imunitetit politiko-qeveritar, \u201cdjalli\u201d Sali Berisha b\u00ebri nj\u00eb tjet\u00ebr show demagogjik p\u00ebrpara shqiptar\u00ebve, duke u vet-prezantuar n\u00eb m\u00ebnyr\u00eb tep\u00ebr groteske si \u201cengj\u00ebll\u201d, me recitime dogmash t\u00eb dala boje pre 20 vitesh. Ai \u201cqau me dhimbje\u201d p\u00ebr t\u00eb varfrit, p\u00ebr t\u00eb papun\u00ebt, p\u00ebr t\u00eb pastreh\u00ebt, p\u00ebr t\u00eb ardhmen e t\u00eb rinjve, p\u00ebr luft\u00ebn kund\u00ebr korrupsionit e mafies, p\u00ebr pronat dhe pronar\u00ebt, p\u00ebr bizneset, p\u00ebr pagat, p\u00ebr pensionet, p\u00ebr t\u00eb ish-t\u00eb p\u00ebrndjekurit politik\u00eb, p\u00ebr luft\u00ebn kund\u00ebr krimit ekonomik e njer\u00ebzor, p\u00ebr miliardat q\u00eb i vidhen popullit, p\u00ebr taksat, p\u00ebr investimet, p\u00ebr integrimin n\u00eb BE etj, etj. Ai bro\u00e7kolliti s\u00ebrish n\u00eb parlament sikur krimi, korrupsioni, varf\u00ebria, papun\u00ebsia, grabitja e pronave, shitja e atdheut, p\u00ebr\u00e7arjet komb\u00ebtare dhe traumat sociale shoq\u00ebrore shqiptare dhe tranzicioni 20 vje\u00e7ar, t\u00eb jen\u00eb \u201cvepra kriminale\u201d t\u00eb b\u00ebr\u00eb nga \u201cUFO\u201d-t!<\/p>\n<p>Po kush \u00ebsht\u00eb autori i k\u00ebtyre traumave q\u00eb po vuajm\u00eb? Faktet provojn\u00eb, se ashtu si n\u00eb vitet 1992-1997 dhe tani prej 7 vitesh, krimi ka vet\u00ebm nj\u00eb \u201cdispe\u00e7eri\u201d qendrore: familjen mafioze \u201cBerisha\u201d, me soj-sorollopin e tij ministra, deputet\u00eb, sharlatan\u00eb-sekser\u00eb diplomat\u00eb t\u00eb huaj, krye-polic\u00eb, gjyqtar\u00eb, prokuror\u00eb, bodigard\u00eb e deri shofer\u00eb, q\u00eb veprojn\u00eb si n\u00eb xhung\u00ebl. Edhe pse \u201cdjalli\u201d Sali Berisha vazhdon e vet-prezantohet si \u201cengj\u00ebll\u201d, faktet tregojn\u00eb se nuk ka asnj\u00eb vuajtje shqiptar\u00ebsh, nuk ka asnj\u00eb krim shtet\u00ebror, nuk ka asnj\u00eb kriz\u00eb politike, ekonomike, financiare e shoq\u00ebrore, nuk ka asnj\u00eb intrig\u00eb e prapasken\u00eb, nuk ka asnj\u00eb l\u00ebvizje anti-komb\u00ebtare, nuk asnj\u00eb veprimtari p\u00ebr\u00e7ar\u00ebse t\u00eb kombit, nuk ka asnj\u00eb struktur\u00eb mafioze etj, etj, ku t\u00eb mos ket\u00eb \u201cgjurm\u00eb gishtash\u201d dhe \u201cfirm\u00eb e vul\u00eb\u201d t\u00eb krye-banditit politiko-qeveris\u00ebs Sali Ram Berisha.<\/p>\n<p>Duke qen\u00eb se po p\u00ebrgatis nj\u00eb lib\u00ebr me titull \u201c20 vjet, djalli Sali Berisha\u201d, p\u00ebr t\u00eb qen\u00eb sa m\u00eb i sakt\u00eb n\u00eb p\u00ebrcaktimin e karakterit dhe personalitetit t\u00eb Saliut si njeri, si qeveris\u00ebs e politikan, k\u00ebrkova konsulenc\u00ebn e nj\u00eb mikut tim specialist piskolog. Ai m\u00eb tha: \u201cN\u00ebse p\u00ebr mua si psikolog ka nj\u00eb gj\u00eb t\u00eb pamundur p\u00ebr ta konkluduar, kjo \u00ebsht\u00eb \u201cetiketimi\u201d i tiparit baz\u00eb p\u00ebrfaq\u00ebsues t\u00eb karakterit e personalitetit, t\u00eb species njer\u00ebzore Sali Berisha. Karakteri dhe personaliteti i shfaqur i tij ka shum\u00eb plane q\u00eb nuk p\u00ebrmblidhen e nuk etiketohen dot shkenc\u00ebrisht n\u00eb nj\u00eb t\u00eb vet\u00ebm. P.sh, Sali Berish\u00ebs nuk mund t\u2019i thuash vet\u00ebm intrigant, sepse \u00ebsht\u00eb dhe prapaskenist. Nuk mund t\u2019i thuash vet\u00ebm me karakter t\u00eb l\u00ebkundur e t\u00eb dyzuar, sepse \u00ebsht\u00eb dhe i pabes\u00eb. Nuk mund t\u2019i thuash vet\u00ebm demagog klasi, sepse \u00ebsht\u00eb dhe mashtrues ekstra. Nuk mund t\u2019i thuash vet\u00ebm mbrojt\u00ebs krimi, sepse \u00ebsht\u00eb dhe kriminel. Nuk mund t\u2019i thuash vet\u00ebm mb\u00ebshtet\u00ebs i hajdut\u00ebve e mafioz\u00ebve, sepse \u00ebsht\u00eb dhe hajdut e mafioz. Nuk mund ta quash as me ekuilib\u00ebr mendor minimal, mbasi ai qesh kur duhet qar\u00eb dhe qan kur duhet qeshur.<\/p>\n<p>Ai flet ngadal\u00eb, kur duhet \u201cul\u00ebritur\u201d dhe ul\u00ebrin\u00eb kur duhet folur qet\u00eb. Ai shan kur duhet nderuar dhe nderon kur duhet shar\u00eb! Ose, p.sh nuk mund t\u2019i thuash indiferent ndaj vuajtjeve njer\u00ebzore, sepse \u00ebsht\u00eb dhe anti-human, nxit\u00ebs, shkaktar e organizator i k\u00ebtyre vuajtjeve\u201d. Ky profil i shkrehur psikologjik, i p\u00ebrzier me stresin e ankthit ekstrem t\u00eb v\u00ebnies p\u00ebrball\u00eb drejt\u00ebsis\u00eb s\u00eb pritshme, aktivizon p\u00ebrp\u00eblitjet demagogjike p\u00ebr \u201ct\u00eb dal\u00eb i lar\u00eb\u201d prej krimit ku \u00ebsht\u00eb zhytur. Kjo gjendje nxit Sali Berish\u00ebn t\u00eb guxoj\u00eb e t\u00eb ligj\u00ebroj\u00eb p\u00ebrball\u00eb shqiptar\u00ebve \u201cp\u00ebr drejt\u00ebsi\u201d mbi zullumet dhe krimet q\u00eb ka b\u00ebr\u00eb vet, me familjen dhe n\u00eb grup. Po p\u00ebr \u00e7far\u00eb duhet t\u00eb \u201cqep\u00eb\u201d goj\u00ebn Sali Berisha e t\u00eb mos flas\u00eb m\u00eb p\u00ebrball\u00eb shqiptar\u00ebve?<\/p>\n<p><strong>1<\/strong>. Sali Berisha duhet t\u00eb \u201cqep\u00eb\u201d goj\u00ebn e t\u00eb mos belb\u00ebzoj\u00eb p\u00ebr lirin\u00eb e shprehjes, mbasi ka k\u00ebrc\u00ebnuar, bllokuar, gjobitur e djegur gazeta, ka paralizuar, ka burgosur gazetar\u00eb dhe kund\u00ebrshtar\u00eb t\u00eb pushtetit t\u00eb tij.<\/p>\n<p><strong>2<\/strong>. Sali Berisha duhet t\u00eb \u201cqep\u00eb\u201d goj\u00ebn e t\u00eb mos belb\u00ebzoj\u00eb p\u00ebr biznesmen\u00ebt, mbasi ka zbatuar sistem gjobash kriminale private ndaj tyre, i ka rr\u00ebmbyer e zhdukur.<\/p>\n<p><strong>3<\/strong>. Sali Berisha duhet t\u00eb \u201cqep\u00eb\u201d goj\u00ebn e t\u00eb mos belb\u00ebzoj\u00eb p\u00ebr ekonomin\u00eb, mbasi e ka e kthyer at\u00eb n\u00eb \u201cekonomi trafiqesh, bingosh, kazinosh e motelesh\u201d.<\/p>\n<p><strong>4<\/strong>. Sali Berisha duhet t\u00eb \u201cqep\u00eb\u201d goj\u00ebn e t\u00eb mos belb\u00ebzoj\u00eb p\u00ebr mir\u00ebqenien e shqiptar\u00ebve, mbasi i zhvati ata me firmat piramidale, deri tek\u2026 brek\u00ebt.<\/p>\n<p><strong>5<\/strong>. Sali Berisha duhet t\u00eb \u201cqep\u00eb\u201d goj\u00ebn e t\u00eb mos belb\u00ebzoj\u00eb p\u00ebr pavar\u00ebsin\u00eb e Kosov\u00ebs, mbasi \u00ebsht\u00eb furnitori kryesor i Miloshevi\u00e7it me arm\u00eb e karburante.<\/p>\n<p><strong>6<\/strong>. Sali Berisha duhet t\u00eb \u201cqep\u00eb\u201d goj\u00ebn e t\u00eb mos belb\u00ebzoj\u00eb p\u00ebr sigurin\u00eb e jet\u00ebs, mbasi n\u00eb pushtet-bandat e tij jan\u00eb vrar\u00eb e zhdukur afro 21 mij\u00eb shqiptar\u00eb.<\/p>\n<p><strong>7<\/strong>. Sali Berisha duhet t\u00eb \u201cqep\u00eb\u201d goj\u00ebn e t\u00eb mos belb\u00ebzoj\u00eb p\u00ebr privatizimet, mbasi pushtet-banda dhe familja e tij, kan\u00eb grabitur 95% t\u00eb ekonomis\u00eb komb\u00ebtare.<\/p>\n<p><strong>8<\/strong>. Sali Berisha duhet t\u00eb \u201cqep\u00eb\u201d goj\u00ebn e t\u00eb mos belb\u00ebzoj\u00eb p\u00ebr kthimin e pronave, mbasi ka 20 vjet q\u00eb mashtron pronar\u00ebt dhe zhvat pronat me dhun\u00eb e falsifikime.<\/p>\n<p><strong>9<\/strong>. Sali Berisha duhet t\u00eb \u201cqep\u00eb\u201d goj\u00ebn e t\u00eb mos belb\u00ebzoj\u00eb p\u00ebr rinin\u00eb, mbasi e ka l\u00ebn\u00eb at\u00eb pa t\u00eb ardhme duke i l\u00ebn\u00eb si rrug\u00eb t\u00eb vetme emigracionin dhe krimin.<\/p>\n<p><strong>10<\/strong>. Sali Berisha duhet t\u00eb \u201cqep\u00eb\u201d goj\u00ebn e t\u00eb mos belb\u00ebzoj\u00eb p\u00ebr t\u00eb drejtat n\u00ebnat, motrat e grat\u00eb, mbasi ato dhunohen, vriten, lihen pa pun\u00eb e madje denigrohen publikisht prej vet Sali Berish\u00ebs.<\/p>\n<p><strong>11<\/strong>. Sali Berisha duhet t\u00eb \u201cqep\u00eb\u201d goj\u00ebn e t\u00eb mos belb\u00ebzoj\u00eb p\u00ebr t\u00eb drejtat e f\u00ebmij\u00ebve, mbasi ka 70 mij\u00eb t\u00eb mitur q\u00eb lypin, dhunohen, q\u00eb punojn\u00eb si skllev\u00ebr buke dhe p\u00ebrdoren prej krimit.<\/p>\n<p><strong>12<\/strong>. Sali Berisha duhet t\u00eb \u201cqep\u00eb\u201d goj\u00ebn e t\u00eb mos belb\u00ebzoj\u00eb p\u00ebr d\u00ebmshp\u00ebrblimet e t\u00eb p\u00ebrndjekurve politik (viktimave t\u00eb tij si spiun), mbasi ka 20 vjet q\u00eb i mashtron.<\/p>\n<p><strong>13<\/strong>. Sali Berisha duhet t\u00eb \u201cqep\u00eb\u201d goj\u00ebn e t\u00eb mos belb\u00ebzoj\u00eb p\u00ebr paqen mes shqiptar\u00ebve, mbasi \u00ebsht\u00eb p\u00ebr\u00e7ar\u00ebsi dhe fut\u00ebsi i tyre n\u00eb hasm\u00ebri.<\/p>\n<p><strong>14<\/strong>. Sali Berisha duhet t\u00eb \u201cqep\u00eb\u201d goj\u00ebn e t\u00eb mos belb\u00ebzoj\u00eb p\u00ebr trafiqet qeveritare, mbasi \u00ebsht\u00eb kupola dhe p\u00ebrfituesi i trafiqeve mafioze shqiptare e rajonale.<\/p>\n<p><strong>15<\/strong>. Sali Berisha duhet t\u00eb \u201cqep\u00eb\u201d goj\u00ebn e t\u00eb mos belb\u00ebzoj\u00eb p\u00ebr barazin\u00eb p\u00ebrpara ligjit, mbasi \u00ebsht\u00eb \u201cshefi\u201d i nj\u00eb bande familjare, klanore, politike e qeveritare t\u00eb paprekur e t\u00eb mbrojtur nga drejt\u00ebsia.<\/p>\n<p><strong>16<\/strong>. Sali Berisha duhet t\u00eb \u201cqep\u00eb\u201d goj\u00ebn e t\u00eb mos belb\u00ebzoj\u00eb p\u00ebr respektimin e institucioneve, mbasi \u00ebsht\u00eb kryebanditi q\u00eb k\u00ebrc\u00ebnon, korrupton, dhunon, denigron dhe sulmon me arm\u00eb institucionet.<\/p>\n<p><strong>17<\/strong>. Sali Berisha duhet t\u00eb \u201cqep\u00eb\u201d goj\u00ebn e t\u00eb mos belb\u00ebzoj\u00eb p\u00ebr papun\u00ebsin\u00eb, mbasi ka me pushtetin e tij ka \u201cprodhuar\u201d afro 1 milion t\u00eb papun\u00eb.<\/p>\n<p><strong>18<\/strong>. Sali Berisha duhet t\u00eb \u201cqep\u00eb\u201d goj\u00ebn e t\u00eb mos belb\u00ebzoj\u00eb p\u00ebr varf\u00ebrin\u00eb, mbasi n\u00ebn qeverisjen e tij 60% e popullsis\u00eb \u00ebsht\u00eb n\u00eb varf\u00ebri ekstreme.<\/p>\n<p><strong>19<\/strong>. Sali Berisha duhet t\u00eb \u201cqep\u00eb\u201d goj\u00ebn e t\u00eb mos belb\u00ebzoj\u00eb p\u00ebr t\u00eb ngujuarit, mbasi 80% tyre jan\u00eb produkt i p\u00ebr\u00e7arjes dhe padrejt\u00ebsive t\u00eb pushtetit t\u00eb tij.<\/p>\n<p><strong>20<\/strong>. Sali Berisha duhet t\u00eb \u201cqep\u00eb\u201d goj\u00ebn e t\u00eb mos belb\u00ebzoj\u00eb p\u00ebr korrupsionin, mbasi \u201crezidenc\u00ebn\u201d dhe \u201cbos\u00ebt\u201d e korrupsionit i ka n\u00eb familje dhe qeveri.<\/p>\n<p>21. Sali Berisha duhet t\u00eb \u201cqep\u00eb\u201d goj\u00ebn e t\u00eb mos belb\u00ebzoj\u00eb p\u00ebr mjedisin, mbasi ai b\u00ebri ligj mafioz, p\u00ebr mbushjen e Shqip\u00ebris\u00eb me plehra importi.<\/p>\n<p>22. Sali Berisha duhet t\u00eb \u201cqep\u00eb\u201d goj\u00ebn e t\u00eb mos belb\u00ebzoj\u00eb p\u00ebr taksat, mbasi ato po i p\u00ebrdor si ryshfete tek diplomat\u00eb sharlatan\u00eb, p\u00ebr deklarime PRO pushtetit t\u00eb tij.<\/p>\n<p>23. Sali Berisha duhet t\u00eb \u201cqep\u00eb\u201d goj\u00ebn e t\u00eb mos belb\u00ebzoj\u00eb p\u00ebr krimin shtet\u00ebror, mbasi ka t\u00eb \u201cdamkosur n\u00eb ball\u00eb\u201d Remzi Hoxh\u00ebn, Piramidat, G\u00ebrdecin, Kosta Trebick\u00ebn, 21 Janarin etj\u2026.<\/p>\n<p>24. Sali Berisha duhet t\u00eb \u201cqep\u00eb\u201d goj\u00ebn e t\u00eb mos belb\u00ebzoj\u00eb p\u00ebr pazaret politike, mbasi n\u00eb 20 vjet ka p\u00ebshtyr\u00eb e ka l\u00ebpir\u00eb dhe vrim\u00ebn e \u201c\u00cbC\u201d, n\u00eb em\u00ebr t\u00eb marrjes e mbajtjes s\u00eb pushtetit.<\/p>\n<p>25. Sali Berisha duhet t\u00eb \u201cqep\u00eb\u201d goj\u00ebn e t\u00eb mos belb\u00ebzoj\u00eb p\u00ebr familjet mafioze, mbasi model t\u00eb till\u00eb ka familjen e tij dhe 10 familje t\u00eb tjera ministrash, ortak\u00ebsh e deputet\u00ebsh t\u00eb PD.<\/p>\n<p>26. Sali Berisha duhet t\u00eb \u201cqep\u00eb\u201d goj\u00ebn e t\u00eb mos belb\u00ebzoj\u00eb p\u00ebr nd\u00ebrtimin e rrug\u00ebve, mbasi familja dhe kupola e pushtetit t\u00eb tij, jan\u00eb mafia e tenderave t\u00eb tyre.<\/p>\n<p>27. Sali Berisha duhet t\u00eb \u201cqep\u00eb\u201d goj\u00ebn e t\u00eb mos belb\u00ebzoj\u00eb p\u00ebr \u201cpushtet familjar e klanor\u201d, mbasi pushteti PD-LSI, drejtohet, kontrollohet dhe p\u00ebrdoret vet\u00ebm nga dy familjet dhe klanet \u201cBERISHA-META\u201d.<\/p>\n<p>28. Sali Berisha duhet t\u00eb \u201cqep\u00eb\u201d goj\u00ebn e t\u00eb mos belb\u00ebzoj\u00eb p\u00ebr vot\u00ebn e lir\u00eb, mbasi \u00ebsht\u00eb dhunuesi, mohuesi, hajduti dhe shp\u00ebrdoruesi i k\u00ebsaj vote.<\/p>\n<p>29. Sali Berisha duhet t\u00eb \u201cqep\u00eb\u201d goj\u00ebn e t\u00eb mos belb\u00ebzoj\u00eb p\u00ebr policin\u00eb, mbasi n\u00eb t\u00eb 2 pushtetet ka nd\u00ebrtuar \u201cPolici-KGB\u201d, n\u00eb sh\u00ebrbim t\u00eb interesave t\u00eb tij.<\/p>\n<p>30. Sali Berisha duhet t\u00eb \u201cqep\u00eb\u201d goj\u00ebn e t\u00eb mos belb\u00ebzoj\u00eb p\u00ebr ushtrin\u00eb, mbasi e shkat\u00ebrroi, e denigroi dhe e pla\u00e7kiti at\u00eb deri tek\u2026 benevrek\u00ebt e ushtar\u00ebve.<\/p>\n<p>31. Sali Berisha duhet t\u00eb \u201cqep\u00eb\u201d goj\u00ebn e t\u00eb mos belb\u00ebzoj\u00eb p\u00ebr sh\u00ebndet\u00ebsin\u00eb, mbasi e ka kthyer n\u00eb g\u00ebrmadh\u00eb, pron\u00eb dhe qend\u00ebr p\u00ebrfitimesh e vjedhjesh familjare.<\/p>\n<p>32. Sali Berisha duhet t\u00eb \u201cqep\u00eb\u201d goj\u00ebn e t\u00eb mos belb\u00ebzoj\u00eb p\u00ebr sh\u00ebndet\u00ebsin\u00eb n\u00eb fshatra, mbasi n\u00eb 85% t\u00eb zonave fshatare, ky sh\u00ebrbim nuk ekziston fare.<\/p>\n<p>33. Sali Berisha duhet t\u00eb \u201cqep\u00eb\u201d goj\u00ebn e t\u00eb mos belb\u00ebzoj\u00eb p\u00ebr universitetet, mbasi i ka tjet\u00ebrsuar ato n\u00eb modelin e ish-kurseve t\u00eb analfabetizimit, t\u00eb viteve 1944-1946.<\/p>\n<p>34. Sali Berisha duhet t\u00eb \u201cqep\u00eb\u201d goj\u00ebn e t\u00eb mos belb\u00ebzoj\u00eb p\u00ebr arsimin 9 vje\u00e7ar e t\u00eb mes\u00ebm n\u00eb fshatra, mbasi 40% e fshatar\u00ebve jan\u00eb pa shkolla e me shkolla\u2026stalla.<\/p>\n<p>35. Sali Berisha duhet t\u00eb \u201cqep\u00eb\u201d goj\u00ebn e t\u00eb mos belb\u00ebzoj\u00eb p\u00ebr komunitetin rom, mbasi e ka l\u00ebn\u00eb n\u00eb rrug\u00eb, n\u00eb mjerim e denigrim dhe s\u00eb fundi, i ka v\u00ebrsulur policin\u00eb p\u00ebr t\u00eb mos e lejuar t\u00eb nxjerr as buk\u00ebn e goj\u00ebs n\u00ebp\u00ebr\u2026 plehra.<\/p>\n<p>36. Sali Berisha duhet t\u00eb \u201cqep\u00eb\u201d goj\u00ebn e t\u00eb mos belb\u00ebzoj\u00eb p\u00ebr diplomacin\u00eb, mbasi e ka em\u00ebruar minist\u00ebr e ambasador\u00eb \u201clolo\u201d, q\u00eb nuk p\u00ebrfillen n\u00eb asnj\u00eb shtet.<\/p>\n<p>37. Sali Berisha duhet t\u00eb \u201cqep\u00eb\u201d goj\u00ebn e t\u00eb mos belb\u00ebzoj\u00eb p\u00ebr administrat\u00ebn, mbasi \u00e7do ministri. drejtori e zyr\u00eb pushtet \u00ebsht\u00eb mbushur me nepotiz\u00ebm, injorant\u00eb, hajdut\u00eb e njer\u00ebz t\u00eb dhunsh\u00ebm.<\/p>\n<p>38. Sali Berisha duhet t\u00eb \u201cqep\u00eb\u201d goj\u00ebn e t\u00eb mos belb\u00ebzoj\u00eb p\u00ebr trojet shqiptare, mbasi i cop\u00ebtoi ato, duke i falur territorin detar Greqis\u00eb.<\/p>\n<p>39. Sali Berisha duhet t\u00eb \u201cqep\u00eb\u201d goj\u00ebn e t\u00eb mos belb\u00ebzoj\u00eb p\u00ebr dosjet e spiun\u00ebve, mbasi ka qen\u00eb spiun sigurimi e vazhdon t\u00eb jet\u00eb agjent serbo-grek, me mision shkat\u00ebrrimin dhe mbajtjen e Shqip\u00ebris\u00eb jasht\u00eb Europ\u00ebs.<\/p>\n<p>40. Sali Berisha duhet t\u00eb \u201cqep\u00eb\u201d goj\u00ebn e t\u00eb mos belb\u00ebzoj\u00eb p\u00ebr imunitetin, mbasi prej 20 vjet\u00ebsh e ka (keq)p\u00ebrdorur si deputet, president e kryeminist\u00ebr, p\u00ebr t\u2019i shp\u00ebtuar drejt\u00ebsis\u00eb p\u00ebr mij\u00ebra krimet q\u00eb ka b\u00ebr\u00eb ndaj k\u00ebtij vendi e ndaj k\u00ebtij populli.<\/p>\n","protected":false},"excerpt":{"rendered":"<p>Nga P\u00ebrparim Halili, 7 Gusht 2012 Duke shfryt\u00ebzuar edhe procesin e (mos)heqjes s\u00eb imunitetit politiko-qeveritar, \u201cdjalli\u201d Sali Berisha b\u00ebri nj\u00eb tjet\u00ebr show demagogjik p\u00ebrpara shqiptar\u00ebve, duke u vet-prezantuar n\u00eb m\u00ebnyr\u00eb tep\u00ebr groteske si \u201cengj\u00ebll\u201d, me recitime dogmash t\u00eb dala boje pre 20 vitesh. Ai \u201cqau me dhimbje\u201d p\u00ebr t\u00eb varfrit, p\u00ebr t\u00eb papun\u00ebt, p\u00ebr t\u00eb [&hellip;]<\/p>\n","protected":false},"author":1,"featured_media":0,"comment_status":"open","ping_status":"closed","sticky":false,"template":"","format":"standard","meta":{"footnotes":""},"categories":[2],"tags":[],"class_list":{"0":"post-4246","1":"post","2":"type-post","3":"status-publish","4":"format-standard","6":"category-artikuj"},"yoast_head":"<!-- This site is optimized with the Yoast SEO plugin v27.4 - https:\/\/yoast.com\/product\/yoast-seo-wordpress\/ -->\n<title>Ja 40 krimet, p\u00ebr t\u00eb cilat Sali Berisha duhet t\u00eb \u201cqep\u00eb\u201d goj\u00ebn\u2026 - FjALA e LIR\u00cb - Arkivi<\/title>\n<meta name=\"robots\" content=\"index, follow, max-snippet:-1, max-image-preview:large, max-video-preview:-1\" \/>\n<link rel=\"canonical\" href=\"https:\/\/fjala.info\/2009-2015\/ja-40-krimet-per-te-cilat-sali-berisha-duhet-te-qepe-gojen\/\" \/>\n<meta property=\"og:locale\" content=\"sq_AL\" \/>\n<meta property=\"og:type\" content=\"article\" \/>\n<meta property=\"og:title\" content=\"Ja 40 krimet, p\u00ebr t\u00eb cilat Sali Berisha duhet t\u00eb \u201cqep\u00eb\u201d goj\u00ebn\u2026 - FjALA e LIR\u00cb - Arkivi\" \/>\n<meta property=\"og:description\" content=\"Nga P\u00ebrparim Halili, 7 Gusht 2012 Duke shfryt\u00ebzuar edhe procesin e (mos)heqjes s\u00eb imunitetit politiko-qeveritar, \u201cdjalli\u201d Sali Berisha b\u00ebri nj\u00eb tjet\u00ebr show demagogjik p\u00ebrpara shqiptar\u00ebve, duke u vet-prezantuar n\u00eb m\u00ebnyr\u00eb tep\u00ebr groteske si \u201cengj\u00ebll\u201d, me recitime dogmash t\u00eb dala boje pre 20 vitesh. Ai \u201cqau me dhimbje\u201d p\u00ebr t\u00eb varfrit, p\u00ebr t\u00eb papun\u00ebt, p\u00ebr t\u00eb [&hellip;]\" \/>\n<meta property=\"og:url\" content=\"https:\/\/fjala.info\/2009-2015\/ja-40-krimet-per-te-cilat-sali-berisha-duhet-te-qepe-gojen\/\" \/>\n<meta property=\"og:site_name\" content=\"FjALA e LIR\u00cb - Arkivi\" \/>\n<meta property=\"article:published_time\" content=\"2012-08-07T20:35:16+00:00\" \/>\n<meta property=\"og:image\" content=\"http:\/\/www.fjala.info\/2012\/sali_berisha_real.jpg\" \/>\n<meta name=\"author\" content=\"admin\" \/>\n<meta name=\"twitter:card\" content=\"summary_large_image\" \/>\n<meta name=\"twitter:label1\" content=\"Written by\" \/>\n\t<meta name=\"twitter:data1\" content=\"admin\" \/>\n\t<meta name=\"twitter:label2\" content=\"Est. reading time\" \/>\n\t<meta name=\"twitter:data2\" content=\"10 minutes\" \/>\n<script type=\"application\/ld+json\" class=\"yoast-schema-graph\">{\"@context\":\"https:\\\/\\\/schema.org\",\"@graph\":[{\"@type\":\"Article\",\"@id\":\"https:\\\/\\\/fjala.info\\\/2009-2015\\\/ja-40-krimet-per-te-cilat-sali-berisha-duhet-te-qepe-gojen\\\/#article\",\"isPartOf\":{\"@id\":\"https:\\\/\\\/fjala.info\\\/2009-2015\\\/ja-40-krimet-per-te-cilat-sali-berisha-duhet-te-qepe-gojen\\\/\"},\"author\":{\"name\":\"admin\",\"@id\":\"https:\\\/\\\/fjala.info\\\/2009-2015\\\/#\\\/schema\\\/person\\\/3aa1163ef05469c496fc94e77611ada2\"},\"headline\":\"Ja 40 krimet, p\u00ebr t\u00eb cilat Sali Berisha duhet t\u00eb \u201cqep\u00eb\u201d goj\u00ebn\u2026\",\"datePublished\":\"2012-08-07T20:35:16+00:00\",\"mainEntityOfPage\":{\"@id\":\"https:\\\/\\\/fjala.info\\\/2009-2015\\\/ja-40-krimet-per-te-cilat-sali-berisha-duhet-te-qepe-gojen\\\/\"},\"wordCount\":2038,\"commentCount\":0,\"publisher\":{\"@id\":\"https:\\\/\\\/fjala.info\\\/2009-2015\\\/#organization\"},\"image\":{\"@id\":\"https:\\\/\\\/fjala.info\\\/2009-2015\\\/ja-40-krimet-per-te-cilat-sali-berisha-duhet-te-qepe-gojen\\\/#primaryimage\"},\"thumbnailUrl\":\"http:\\\/\\\/www.fjala.info\\\/2012\\\/sali_berisha_real.jpg\",\"articleSection\":[\"Artikuj\"],\"inLanguage\":\"sq-AL\",\"potentialAction\":[{\"@type\":\"CommentAction\",\"name\":\"Comment\",\"target\":[\"https:\\\/\\\/fjala.info\\\/2009-2015\\\/ja-40-krimet-per-te-cilat-sali-berisha-duhet-te-qepe-gojen\\\/#respond\"]}]},{\"@type\":\"WebPage\",\"@id\":\"https:\\\/\\\/fjala.info\\\/2009-2015\\\/ja-40-krimet-per-te-cilat-sali-berisha-duhet-te-qepe-gojen\\\/\",\"url\":\"https:\\\/\\\/fjala.info\\\/2009-2015\\\/ja-40-krimet-per-te-cilat-sali-berisha-duhet-te-qepe-gojen\\\/\",\"name\":\"Ja 40 krimet, p\u00ebr t\u00eb cilat Sali Berisha duhet t\u00eb \u201cqep\u00eb\u201d goj\u00ebn\u2026 - FjALA e LIR\u00cb - Arkivi\",\"isPartOf\":{\"@id\":\"https:\\\/\\\/fjala.info\\\/2009-2015\\\/#website\"},\"primaryImageOfPage\":{\"@id\":\"https:\\\/\\\/fjala.info\\\/2009-2015\\\/ja-40-krimet-per-te-cilat-sali-berisha-duhet-te-qepe-gojen\\\/#primaryimage\"},\"image\":{\"@id\":\"https:\\\/\\\/fjala.info\\\/2009-2015\\\/ja-40-krimet-per-te-cilat-sali-berisha-duhet-te-qepe-gojen\\\/#primaryimage\"},\"thumbnailUrl\":\"http:\\\/\\\/www.fjala.info\\\/2012\\\/sali_berisha_real.jpg\",\"datePublished\":\"2012-08-07T20:35:16+00:00\",\"breadcrumb\":{\"@id\":\"https:\\\/\\\/fjala.info\\\/2009-2015\\\/ja-40-krimet-per-te-cilat-sali-berisha-duhet-te-qepe-gojen\\\/#breadcrumb\"},\"inLanguage\":\"sq-AL\",\"potentialAction\":[{\"@type\":\"ReadAction\",\"target\":[\"https:\\\/\\\/fjala.info\\\/2009-2015\\\/ja-40-krimet-per-te-cilat-sali-berisha-duhet-te-qepe-gojen\\\/\"]}]},{\"@type\":\"ImageObject\",\"inLanguage\":\"sq-AL\",\"@id\":\"https:\\\/\\\/fjala.info\\\/2009-2015\\\/ja-40-krimet-per-te-cilat-sali-berisha-duhet-te-qepe-gojen\\\/#primaryimage\",\"url\":\"http:\\\/\\\/www.fjala.info\\\/2012\\\/sali_berisha_real.jpg\",\"contentUrl\":\"http:\\\/\\\/www.fjala.info\\\/2012\\\/sali_berisha_real.jpg\"},{\"@type\":\"BreadcrumbList\",\"@id\":\"https:\\\/\\\/fjala.info\\\/2009-2015\\\/ja-40-krimet-per-te-cilat-sali-berisha-duhet-te-qepe-gojen\\\/#breadcrumb\",\"itemListElement\":[{\"@type\":\"ListItem\",\"position\":1,\"name\":\"Home\",\"item\":\"https:\\\/\\\/fjala.info\\\/2009-2015\\\/\"},{\"@type\":\"ListItem\",\"position\":2,\"name\":\"Ja 40 krimet, p\u00ebr t\u00eb cilat Sali Berisha duhet t\u00eb \u201cqep\u00eb\u201d goj\u00ebn\u2026\"}]},{\"@type\":\"WebSite\",\"@id\":\"https:\\\/\\\/fjala.info\\\/2009-2015\\\/#website\",\"url\":\"https:\\\/\\\/fjala.info\\\/2009-2015\\\/\",\"name\":\"FjALA e LIR\u00cb - Arkivi\",\"description\":\"Arkivi 2009-2015\",\"publisher\":{\"@id\":\"https:\\\/\\\/fjala.info\\\/2009-2015\\\/#organization\"},\"potentialAction\":[{\"@type\":\"SearchAction\",\"target\":{\"@type\":\"EntryPoint\",\"urlTemplate\":\"https:\\\/\\\/fjala.info\\\/2009-2015\\\/?s={search_term_string}\"},\"query-input\":{\"@type\":\"PropertyValueSpecification\",\"valueRequired\":true,\"valueName\":\"search_term_string\"}}],\"inLanguage\":\"sq-AL\"},{\"@type\":\"Organization\",\"@id\":\"https:\\\/\\\/fjala.info\\\/2009-2015\\\/#organization\",\"name\":\"FjALA e LIR\u00cb - Arkivi\",\"url\":\"https:\\\/\\\/fjala.info\\\/2009-2015\\\/\",\"logo\":{\"@type\":\"ImageObject\",\"inLanguage\":\"sq-AL\",\"@id\":\"https:\\\/\\\/fjala.info\\\/2009-2015\\\/#\\\/schema\\\/logo\\\/image\\\/\",\"url\":\"\",\"contentUrl\":\"\",\"caption\":\"FjALA e LIR\u00cb - Arkivi\"},\"image\":{\"@id\":\"https:\\\/\\\/fjala.info\\\/2009-2015\\\/#\\\/schema\\\/logo\\\/image\\\/\"}},{\"@type\":\"Person\",\"@id\":\"https:\\\/\\\/fjala.info\\\/2009-2015\\\/#\\\/schema\\\/person\\\/3aa1163ef05469c496fc94e77611ada2\",\"name\":\"admin\",\"image\":{\"@type\":\"ImageObject\",\"inLanguage\":\"sq-AL\",\"@id\":\"https:\\\/\\\/fjala.info\\\/2009-2015\\\/wp-content\\\/uploads\\\/2012\\\/02\\\/arben_cokaj-120x150.jpg\",\"url\":\"https:\\\/\\\/fjala.info\\\/2009-2015\\\/wp-content\\\/uploads\\\/2012\\\/02\\\/arben_cokaj-120x150.jpg\",\"contentUrl\":\"https:\\\/\\\/fjala.info\\\/2009-2015\\\/wp-content\\\/uploads\\\/2012\\\/02\\\/arben_cokaj-120x150.jpg\",\"caption\":\"admin\"},\"description\":\"Admin, Fjala e Lir\u00eb\",\"sameAs\":[\"https:\\\/\\\/fjala.info\\\/\"],\"url\":\"https:\\\/\\\/fjala.info\\\/2009-2015\\\/author\\\/admin\\\/\"}]}<\/script>\n<!-- \/ Yoast SEO plugin. -->","yoast_head_json":{"title":"Ja 40 krimet, p\u00ebr t\u00eb cilat Sali Berisha duhet t\u00eb \u201cqep\u00eb\u201d goj\u00ebn\u2026 - FjALA e LIR\u00cb - Arkivi","robots":{"index":"index","follow":"follow","max-snippet":"max-snippet:-1","max-image-preview":"max-image-preview:large","max-video-preview":"max-video-preview:-1"},"canonical":"https:\/\/fjala.info\/2009-2015\/ja-40-krimet-per-te-cilat-sali-berisha-duhet-te-qepe-gojen\/","og_locale":"sq_AL","og_type":"article","og_title":"Ja 40 krimet, p\u00ebr t\u00eb cilat Sali Berisha duhet t\u00eb \u201cqep\u00eb\u201d goj\u00ebn\u2026 - FjALA e LIR\u00cb - Arkivi","og_description":"Nga P\u00ebrparim Halili, 7 Gusht 2012 Duke shfryt\u00ebzuar edhe procesin e (mos)heqjes s\u00eb imunitetit politiko-qeveritar, \u201cdjalli\u201d Sali Berisha b\u00ebri nj\u00eb tjet\u00ebr show demagogjik p\u00ebrpara shqiptar\u00ebve, duke u vet-prezantuar n\u00eb m\u00ebnyr\u00eb tep\u00ebr groteske si \u201cengj\u00ebll\u201d, me recitime dogmash t\u00eb dala boje pre 20 vitesh. Ai \u201cqau me dhimbje\u201d p\u00ebr t\u00eb varfrit, p\u00ebr t\u00eb papun\u00ebt, p\u00ebr t\u00eb [&hellip;]","og_url":"https:\/\/fjala.info\/2009-2015\/ja-40-krimet-per-te-cilat-sali-berisha-duhet-te-qepe-gojen\/","og_site_name":"FjALA e LIR\u00cb - Arkivi","article_published_time":"2012-08-07T20:35:16+00:00","og_image":[{"url":"http:\/\/www.fjala.info\/2012\/sali_berisha_real.jpg","type":"","width":"","height":""}],"author":"admin","twitter_card":"summary_large_image","twitter_misc":{"Written by":"admin","Est. reading time":"10 minutes"},"schema":{"@context":"https:\/\/schema.org","@graph":[{"@type":"Article","@id":"https:\/\/fjala.info\/2009-2015\/ja-40-krimet-per-te-cilat-sali-berisha-duhet-te-qepe-gojen\/#article","isPartOf":{"@id":"https:\/\/fjala.info\/2009-2015\/ja-40-krimet-per-te-cilat-sali-berisha-duhet-te-qepe-gojen\/"},"author":{"name":"admin","@id":"https:\/\/fjala.info\/2009-2015\/#\/schema\/person\/3aa1163ef05469c496fc94e77611ada2"},"headline":"Ja 40 krimet, p\u00ebr t\u00eb cilat Sali Berisha duhet t\u00eb \u201cqep\u00eb\u201d goj\u00ebn\u2026","datePublished":"2012-08-07T20:35:16+00:00","mainEntityOfPage":{"@id":"https:\/\/fjala.info\/2009-2015\/ja-40-krimet-per-te-cilat-sali-berisha-duhet-te-qepe-gojen\/"},"wordCount":2038,"commentCount":0,"publisher":{"@id":"https:\/\/fjala.info\/2009-2015\/#organization"},"image":{"@id":"https:\/\/fjala.info\/2009-2015\/ja-40-krimet-per-te-cilat-sali-berisha-duhet-te-qepe-gojen\/#primaryimage"},"thumbnailUrl":"http:\/\/www.fjala.info\/2012\/sali_berisha_real.jpg","articleSection":["Artikuj"],"inLanguage":"sq-AL","potentialAction":[{"@type":"CommentAction","name":"Comment","target":["https:\/\/fjala.info\/2009-2015\/ja-40-krimet-per-te-cilat-sali-berisha-duhet-te-qepe-gojen\/#respond"]}]},{"@type":"WebPage","@id":"https:\/\/fjala.info\/2009-2015\/ja-40-krimet-per-te-cilat-sali-berisha-duhet-te-qepe-gojen\/","url":"https:\/\/fjala.info\/2009-2015\/ja-40-krimet-per-te-cilat-sali-berisha-duhet-te-qepe-gojen\/","name":"Ja 40 krimet, p\u00ebr t\u00eb cilat Sali Berisha duhet t\u00eb \u201cqep\u00eb\u201d goj\u00ebn\u2026 - FjALA e LIR\u00cb - Arkivi","isPartOf":{"@id":"https:\/\/fjala.info\/2009-2015\/#website"},"primaryImageOfPage":{"@id":"https:\/\/fjala.info\/2009-2015\/ja-40-krimet-per-te-cilat-sali-berisha-duhet-te-qepe-gojen\/#primaryimage"},"image":{"@id":"https:\/\/fjala.info\/2009-2015\/ja-40-krimet-per-te-cilat-sali-berisha-duhet-te-qepe-gojen\/#primaryimage"},"thumbnailUrl":"http:\/\/www.fjala.info\/2012\/sali_berisha_real.jpg","datePublished":"2012-08-07T20:35:16+00:00","breadcrumb":{"@id":"https:\/\/fjala.info\/2009-2015\/ja-40-krimet-per-te-cilat-sali-berisha-duhet-te-qepe-gojen\/#breadcrumb"},"inLanguage":"sq-AL","potentialAction":[{"@type":"ReadAction","target":["https:\/\/fjala.info\/2009-2015\/ja-40-krimet-per-te-cilat-sali-berisha-duhet-te-qepe-gojen\/"]}]},{"@type":"ImageObject","inLanguage":"sq-AL","@id":"https:\/\/fjala.info\/2009-2015\/ja-40-krimet-per-te-cilat-sali-berisha-duhet-te-qepe-gojen\/#primaryimage","url":"http:\/\/www.fjala.info\/2012\/sali_berisha_real.jpg","contentUrl":"http:\/\/www.fjala.info\/2012\/sali_berisha_real.jpg"},{"@type":"BreadcrumbList","@id":"https:\/\/fjala.info\/2009-2015\/ja-40-krimet-per-te-cilat-sali-berisha-duhet-te-qepe-gojen\/#breadcrumb","itemListElement":[{"@type":"ListItem","position":1,"name":"Home","item":"https:\/\/fjala.info\/2009-2015\/"},{"@type":"ListItem","position":2,"name":"Ja 40 krimet, p\u00ebr t\u00eb cilat Sali Berisha duhet t\u00eb \u201cqep\u00eb\u201d goj\u00ebn\u2026"}]},{"@type":"WebSite","@id":"https:\/\/fjala.info\/2009-2015\/#website","url":"https:\/\/fjala.info\/2009-2015\/","name":"FjALA e LIR\u00cb - Arkivi","description":"Arkivi 2009-2015","publisher":{"@id":"https:\/\/fjala.info\/2009-2015\/#organization"},"potentialAction":[{"@type":"SearchAction","target":{"@type":"EntryPoint","urlTemplate":"https:\/\/fjala.info\/2009-2015\/?s={search_term_string}"},"query-input":{"@type":"PropertyValueSpecification","valueRequired":true,"valueName":"search_term_string"}}],"inLanguage":"sq-AL"},{"@type":"Organization","@id":"https:\/\/fjala.info\/2009-2015\/#organization","name":"FjALA e LIR\u00cb - Arkivi","url":"https:\/\/fjala.info\/2009-2015\/","logo":{"@type":"ImageObject","inLanguage":"sq-AL","@id":"https:\/\/fjala.info\/2009-2015\/#\/schema\/logo\/image\/","url":"","contentUrl":"","caption":"FjALA e LIR\u00cb - Arkivi"},"image":{"@id":"https:\/\/fjala.info\/2009-2015\/#\/schema\/logo\/image\/"}},{"@type":"Person","@id":"https:\/\/fjala.info\/2009-2015\/#\/schema\/person\/3aa1163ef05469c496fc94e77611ada2","name":"admin","image":{"@type":"ImageObject","inLanguage":"sq-AL","@id":"https:\/\/fjala.info\/2009-2015\/wp-content\/uploads\/2012\/02\/arben_cokaj-120x150.jpg","url":"https:\/\/fjala.info\/2009-2015\/wp-content\/uploads\/2012\/02\/arben_cokaj-120x150.jpg","contentUrl":"https:\/\/fjala.info\/2009-2015\/wp-content\/uploads\/2012\/02\/arben_cokaj-120x150.jpg","caption":"admin"},"description":"Admin, Fjala e Lir\u00eb","sameAs":["https:\/\/fjala.info\/"],"url":"https:\/\/fjala.info\/2009-2015\/author\/admin\/"}]}},"_links":{"self":[{"href":"https:\/\/fjala.info\/2009-2015\/wp-json\/wp\/v2\/posts\/4246","targetHints":{"allow":["GET"]}}],"collection":[{"href":"https:\/\/fjala.info\/2009-2015\/wp-json\/wp\/v2\/posts"}],"about":[{"href":"https:\/\/fjala.info\/2009-2015\/wp-json\/wp\/v2\/types\/post"}],"author":[{"embeddable":true,"href":"https:\/\/fjala.info\/2009-2015\/wp-json\/wp\/v2\/users\/1"}],"replies":[{"embeddable":true,"href":"https:\/\/fjala.info\/2009-2015\/wp-json\/wp\/v2\/comments?post=4246"}],"version-history":[{"count":0,"href":"https:\/\/fjala.info\/2009-2015\/wp-json\/wp\/v2\/posts\/4246\/revisions"}],"wp:attachment":[{"href":"https:\/\/fjala.info\/2009-2015\/wp-json\/wp\/v2\/media?parent=4246"}],"wp:term":[{"taxonomy":"category","embeddable":true,"href":"https:\/\/fjala.info\/2009-2015\/wp-json\/wp\/v2\/categories?post=4246"},{"taxonomy":"post_tag","embeddable":true,"href":"https:\/\/fjala.info\/2009-2015\/wp-json\/wp\/v2\/tags?post=4246"}],"curies":[{"name":"wp","href":"https:\/\/api.w.org\/{rel}","templated":true}]}}