{"id":4244,"date":"2010-10-10T09:33:43","date_gmt":"2010-10-10T08:33:43","guid":{"rendered":"http:\/\/fjala.shkoder.net\/?p=4244"},"modified":"2010-10-10T09:33:43","modified_gmt":"2010-10-10T08:33:43","slug":"berisha-zhurmon-brukselin-me-pakenaqesine-amerikane-per-opoziten","status":"publish","type":"post","link":"https:\/\/fjala.info\/2009-2015\/berisha-zhurmon-brukselin-me-pakenaqesine-amerikane-per-opoziten\/","title":{"rendered":"Berisha \u201czhurmon\u201d Brukselin me \u201cpak\u00ebnaq\u00ebsin\u00eb\u201d amerikane p\u00ebr opozit\u00ebn"},"content":{"rendered":"<p><img loading=\"lazy\" decoding=\"async\" src=\"http:\/\/fjala.shkoder.net\/wp-content\/uploads\/2010\/10\/sali_berisha_komunist-300x145.jpg\" alt=\"\" title=\"Sali Berisha - komunist\" width=\"300\" height=\"145\" class=\"alignright size-medium wp-image-4247\" \/><\/p>\n<p>Nga <strong>Tema<\/strong><\/p>\n<p>Kryeministri Sali Berisha po p\u00ebrpiqet t\u00eb b\u00ebj\u00eb objekt t\u00eb debatit politik d\u00ebshtimin e miratimit t\u00eb projektligjit p\u00ebr Gjykat\u00ebn Administrative, q\u00eb k\u00ebrkon domosdoshm\u00ebrisht votat e opozit\u00ebs. I ndodhur n\u00eb Sarand\u00eb, gjat\u00eb p\u00ebrurimit t\u00eb nj\u00eb rruge p\u00ebr n\u00eb plazhin e Lukov\u00ebs, Berisha iu rikthye polemikave n\u00eb distanc\u00eb me liderin e opozit\u00ebs, Edi Rama, duke i kujtuar atij \u201cdetyrimin\u201d p\u00ebr t\u00eb votuar projektligjin e qeveris\u00eb p\u00ebr Gjykat\u00ebn Administrative.<\/p>\n<p>Duke shpresuar t\u00eb p\u00ebrdor\u00eb politikisht nj\u00eb deklarat\u00eb politike t\u00eb ambasad\u00ebs s\u00eb SHBA n\u00eb Tiran\u00eb, q\u00eb shprehte pak\u00ebnaq\u00ebsin\u00eb p\u00ebr mosmiratimin e k\u00ebtij ligji, Berisha shpreson se fushata e tij e re do t\u00eb ngulis\u00eb n\u00eb opinionin publik \u201cprobleme\u201d t\u00eb opozit\u00ebs me faktorin nd\u00ebrkomb\u00ebtar.<\/p>\n<p>Berisha i b\u00ebri k\u00ebto komente nj\u00eb dit\u00eb pasi kryetari i opozit\u00ebs qart\u00ebsoi q\u00ebndrimin e tij politik dhe teknik mbi ligjin. Zoti Rama theksoi nj\u00eb dit\u00eb m\u00eb par\u00eb se politikisht opozita nuk \u00ebsht\u00eb e gatshme t\u00eb ofroj\u00eb votat e saj p\u00ebr nj\u00eb projektligj, pa p\u00ebrfunduar m\u00eb par\u00eb procesi i transparenc\u00ebs s\u00eb zgjedhjeve. Rama tha se opozita nuk ka nd\u00ebrmend t\u2019i ofroj\u00eb Berish\u00ebs nj\u00eb gjykat\u00eb tjet\u00ebr n\u00eb var\u00ebsi t\u00eb tij, n\u00ebse ai nuk jep prova q\u00eb respekton institucionet n\u00eb Shqip\u00ebri. \u201cNuk jemi aspak t\u00eb predispozuar q\u00eb t\u2019i japim Sali Berish\u00ebs nj\u00eb tjet\u00ebr gjykat\u00eb, me t\u00eb cil\u00ebn ai t\u00eb b\u00ebj\u00eb \u00e7far\u00eb t\u00eb doj\u00eb. Nd\u00ebrkoh\u00eb q\u00eb pa pik\u00eb dyshimi jemi t\u00eb gatsh\u00ebm t\u00eb japim kontributin ton\u00eb p\u00ebr t\u00eb \u00e7uar t\u00eb gjitha gjerat p\u00ebrpara duke zhbllokuar parlamentin p\u00ebrmes hapjes se procesit t\u00eb transparenc\u00ebs, duke kontribuar n\u00eb transformimin e k\u00ebtij drafti kaq problematik n\u00eb nj\u00eb draft t\u00eb gjith\u00ebpranuar\u201d.<\/p>\n<p>Nga ana tjet\u00ebr, opozita theksoi se qeveria nuk ka respektuar as v\u00ebrejtjet dhe sugjerimet e institucioneve nd\u00ebrkomb\u00ebtare p\u00ebr k\u00ebt\u00eb ligj, duke iu referuar 22 sugjerimeve q\u00eb EURALIUS, USAID, Millenium Challenge Corporation dhe OSBE m\u00eb 30 mars t\u00eb k\u00ebtij viti i kan\u00eb depozituar Kuvendit t\u00eb Shqip\u00ebris\u00eb.<\/p>\n<p>Kryetari i Komisionit t\u00eb Ligjeve, Ilir Rusmali, i cili ka marr\u00eb k\u00ebto v\u00ebrejtje n\u00eb pranver\u00eb t\u00eb k\u00ebtij viti, ka shprehur gatishm\u00ebrin\u00eb e shumic\u00ebs p\u00ebr t\u2019i respektuar ato, por u ka k\u00ebrkuar nd\u00ebrkomb\u00ebtareve t\u00eb nd\u00ebrmjet\u00ebsojn\u00eb tek opozita p\u00ebr pranimin e tyre. Institucionet per\u00ebndimore, q\u00eb jan\u00eb marr\u00eb me hartimin e draftit, n\u00eb t\u00eb v\u00ebrtet\u00eb jan\u00eb v\u00ebn\u00eb n\u00eb pozit\u00eb t\u00eb v\u00ebshtir\u00eb p\u00ebr shkak se nuk kane dashur t\u00eb p\u00ebrfshihen n\u00eb spekulimin politik rreth k\u00ebsaj \u00e7\u00ebshtje, edhe pse deklarata e ambasad\u00ebs s\u00eb SHBA, duket se e tejkaloi nivelin e shqet\u00ebsimit teknik p\u00ebr k\u00ebt\u00eb \u00e7\u00ebshtje.<\/p>\n<p><strong>Berisha p\u00ebrpiqet t\u00eb zhurmoj\u00eb letr\u00ebn e Komisionerit p\u00ebr Zgjerim, Stefan Fyle<\/strong><\/p>\n<p>Kryeministri Berisha u p\u00ebrpoq dje t\u00eb injoronte letr\u00ebn e Komisionerit Fyle rreth kriz\u00ebs politike n\u00eb vend, duke u \u201ckujtuar\u201d p\u00ebr p\u00ebrgjegj\u00ebsin\u00eb e opozit\u00ebs rreth Gjykat\u00ebs Administrative. Edhe pse opozita e ka b\u00ebr\u00eb t\u00eb qart\u00eb q\u00ebndrimin e saj se refuzimi p\u00ebr Gjykat\u00ebn Administrative \u00ebsht\u00eb s\u00eb pari politik, Berisha vazhdoi dhe dje t\u00eb fliste p\u00ebr nj\u00eb q\u00ebndrim antiper\u00ebndimor t\u00eb opozit\u00ebs rreth k\u00ebsaj \u00e7\u00ebshtje. N\u00eb q\u00ebndrimin e saj pas kthimit n\u00eb Kuvend, opozita ka theksuar se do t\u00eb ngrij\u00eb bashk\u00ebpunimin institucional me shumic\u00ebn n\u00ebse nuk respektohet k\u00ebrkesa e saj themelore p\u00ebr transparenc\u00ebn e zgjedhjeve. Kriza politike e prodhuar nga ky q\u00ebndrim, \u00ebsht\u00eb kthyer n\u00eb problem nd\u00ebrkomb\u00ebtar dhe ka qen\u00eb objekti i misioneve politike t\u00eb K\u00ebshillit t\u00eb Evrop\u00ebs dhe m\u00eb pas t\u00eb Bashkimit Evropian.<\/p>\n<p>Dje Komisioneri p\u00ebr Zgjerim, Stefan Fyle, i \u00ebsht\u00eb drejtuar Berish\u00ebs me nj\u00eb let\u00ebr ku k\u00ebrkon q\u00eb kryeministri i vendit t\u00eb marr\u00eb p\u00ebrgjegj\u00ebsi p\u00ebr zgjidhjen e kriz\u00ebs politike, e cila buron nga shmangia e k\u00ebtkes\u00ebs p\u00ebr transparenc\u00eb t\u00eb zgjedhjeve prej opozit\u00ebs. Deklarata e Komisionerit p\u00ebr Zgjerim, e cila rikthen p\u00ebrgjegj\u00ebsin\u00eb tek qeveria shqiptare dhe fokuson raportet e saj t\u00eb brishta me Brukselin, duket se ka nxitur Berish\u00ebn t\u00eb \u201cbarazoj\u00eb\u201d pesh\u00ebn e p\u00ebrgjegj\u00ebsis\u00eb s\u00eb tij p\u00ebr kriz\u00ebn politike, me pesh\u00ebn e p\u00ebrgjegj\u00ebsis\u00eb q\u00eb opozita ka p\u00ebr refuzimin e miratimit t\u00eb ligjit p\u00ebr Gjykat\u00ebn Administrative.<\/p>\n<p>Sulmi i djesh\u00ebm nga Lukova p\u00ebr Gjykat\u00ebn Administrative ngjan m\u00eb tep\u00ebr si nj\u00eb p\u00ebrpjekje p\u00ebr zhurmim e letr\u00ebs s\u00eb Komisionierit Evropian sesa si shqet\u00ebsim p\u00ebr mosmiratimin e ligjit p\u00ebr Gjykat\u00ebn Administrative.<\/p>\n<p><strong>V\u00ebrejtet euro-amerikane p\u00ebr projektin \u2018Berisha\u2019 rreth Gjykat\u00ebs Administrative<\/strong><\/p>\n<p>Edhe pse q\u00ebndrimi i opozit\u00ebs kund\u00ebr projektligjit p\u00ebr Gjykat\u00ebn Administrative \u00ebsht\u00eb politik, s\u00ebrish ka dhe nj\u00eb an\u00eb teknike. Organizatat m\u00eb serioze n\u00eb vend, q\u00eb merren me asistenc\u00eb ligjore p\u00ebr shtetin shqiptar, EURALIUS, USAID, Millenium Challenge Corporation dhe OSBE, m\u00eb 30 mars t\u00eb k\u00ebtij viti i kan\u00eb depozituar Kuvendit t\u00eb Shqip\u00ebris\u00eb v\u00ebrejtjet e tyre p\u00ebr k\u00ebt\u00eb projekt.<\/p>\n<p>N\u00eb nj\u00eb draft me 22 v\u00ebrejtje p\u00ebr projektin, ekspert\u00ebt ligjor\u00eb nd\u00ebrkomb\u00ebtar\u00eb i sugjerojn\u00eb Kuvendit disa v\u00ebrejtje thelb\u00ebsore p\u00ebr projektin.<\/p>\n<p>K\u00ebshtu p\u00ebr shembull nj\u00eb v\u00ebrejtje serioze ka t\u00eb b\u00ebj\u00eb me p\u00ebrvoj\u00ebn e gjyqtar\u00ebve n\u00eb Gjykat\u00ebn Administrative. N\u00eb v\u00ebrejtjet e sugjeruara k\u00ebrkohet qart\u00eb q\u00eb an\u00ebtar\u00ebt e Gjykat\u00ebs Administrative duhet t\u00eb ken\u00eb nj\u00eb eksperienc\u00eb 5-vje\u00e7are n\u00eb k\u00ebt\u00eb fush\u00eb. Ekspert\u00ebt propozojn\u00eb ndryshimin e nenit 5, n\u00eb pik\u00ebn 2 t\u00eb draftit p\u00ebr k\u00ebt\u00eb c\u00ebshtje ku theksohet se p\u00ebrvoja e gjyqtarit n\u00eb Gjykat\u00ebn Administrative t\u00eb shkall\u00ebs s\u00eb par\u00eb apo n\u00eb seksionin administrativ t\u00eb gjykat\u00ebs s\u00eb shkall\u00ebs s\u00eb par\u00eb n\u00eb pes\u00eb vitet e fundit p\u00ebrpara hyrjes n\u00eb fuqi t\u00eb k\u00ebtij ligji, p\u00ebrb\u00ebn p\u00ebrpar\u00ebsi t\u00eb kandidatit n\u00eb em\u00ebrimin e tij gjyqtar n\u00eb Gjykat\u00ebn Administrative t\u00eb Apelit.<\/p>\n<p>Ekspert\u00ebt e huaj sugjerojn\u00eb se n\u00eb pes\u00eb vitet e para t\u00eb pun\u00ebs s\u00eb k\u00ebtyre gjykatave, p\u00ebrvoja si gjyqtar n\u00eb nj\u00eb prej seksioneve administrative t\u00eb zakonshme \u00ebsht\u00eb e mjaftueshme. V\u00ebrejtet e tjera kan\u00eb t\u00eb b\u00ebjn\u00eb me afatet e shqyrtimit t\u00eb k\u00ebrkesave, m\u00ebnyr\u00ebn se duhet t\u00eb financohet Gjykata, koh\u00ebn kur duhet t\u00eb hyj\u00eb n\u00eb fuqi ligji si dhe p\u00ebrfshirjen n\u00eb buxhetin e vitit q\u00eb vjen t\u00eb buxhetit t\u00eb Gjykat\u00ebs Administrative. Ka po ashtu v\u00ebrejtje dhe sugjerime rreth nivelit t\u00eb shkall\u00ebve t\u00eb gjykimit dhe shqyrtimin e ankesave nga gjykata t\u00eb tjera.<\/p>\n<p>Eskpert\u00ebt kan\u00eb b\u00ebr\u00eb propozimet e tyre dhe me m\u00ebnyr\u00ebn se si duhet dhe kur duhet t\u00eb shfuqizohen nenet e ligjit p\u00ebr Komisionin e Sh\u00ebrbimit Civil.<\/p>\n","protected":false},"excerpt":{"rendered":"<p>Nga Tema Kryeministri Sali Berisha po p\u00ebrpiqet t\u00eb b\u00ebj\u00eb objekt t\u00eb debatit politik d\u00ebshtimin e miratimit t\u00eb projektligjit p\u00ebr Gjykat\u00ebn Administrative, q\u00eb k\u00ebrkon domosdoshm\u00ebrisht votat e opozit\u00ebs. I ndodhur n\u00eb Sarand\u00eb, gjat\u00eb p\u00ebrurimit t\u00eb nj\u00eb rruge p\u00ebr n\u00eb plazhin e Lukov\u00ebs, Berisha iu rikthye polemikave n\u00eb distanc\u00eb me liderin e opozit\u00ebs, Edi Rama, duke i [&hellip;]<\/p>\n","protected":false},"author":1,"featured_media":0,"comment_status":"open","ping_status":"closed","sticky":false,"template":"","format":"standard","meta":{"footnotes":""},"categories":[2],"tags":[],"class_list":{"0":"post-4244","1":"post","2":"type-post","3":"status-publish","4":"format-standard","6":"category-artikuj"},"yoast_head":"<!-- This site is optimized with the Yoast SEO plugin v27.4 - https:\/\/yoast.com\/product\/yoast-seo-wordpress\/ -->\n<title>Berisha \u201czhurmon\u201d Brukselin me \u201cpak\u00ebnaq\u00ebsin\u00eb\u201d amerikane p\u00ebr opozit\u00ebn - FjALA e LIR\u00cb - Arkivi<\/title>\n<meta name=\"robots\" content=\"index, follow, max-snippet:-1, max-image-preview:large, max-video-preview:-1\" \/>\n<link rel=\"canonical\" href=\"https:\/\/fjala.info\/2009-2015\/berisha-zhurmon-brukselin-me-pakenaqesine-amerikane-per-opoziten\/\" \/>\n<meta property=\"og:locale\" content=\"sq_AL\" \/>\n<meta property=\"og:type\" content=\"article\" \/>\n<meta property=\"og:title\" content=\"Berisha \u201czhurmon\u201d Brukselin me \u201cpak\u00ebnaq\u00ebsin\u00eb\u201d amerikane p\u00ebr opozit\u00ebn - FjALA e LIR\u00cb - Arkivi\" \/>\n<meta property=\"og:description\" content=\"Nga Tema Kryeministri Sali Berisha po p\u00ebrpiqet t\u00eb b\u00ebj\u00eb objekt t\u00eb debatit politik d\u00ebshtimin e miratimit t\u00eb projektligjit p\u00ebr Gjykat\u00ebn Administrative, q\u00eb k\u00ebrkon domosdoshm\u00ebrisht votat e opozit\u00ebs. I ndodhur n\u00eb Sarand\u00eb, gjat\u00eb p\u00ebrurimit t\u00eb nj\u00eb rruge p\u00ebr n\u00eb plazhin e Lukov\u00ebs, Berisha iu rikthye polemikave n\u00eb distanc\u00eb me liderin e opozit\u00ebs, Edi Rama, duke i [&hellip;]\" \/>\n<meta property=\"og:url\" content=\"https:\/\/fjala.info\/2009-2015\/berisha-zhurmon-brukselin-me-pakenaqesine-amerikane-per-opoziten\/\" \/>\n<meta property=\"og:site_name\" content=\"FjALA e LIR\u00cb - Arkivi\" \/>\n<meta property=\"article:published_time\" content=\"2010-10-10T08:33:43+00:00\" \/>\n<meta property=\"og:image\" content=\"http:\/\/fjala.shkoder.net\/wp-content\/uploads\/2010\/10\/sali_berisha_komunist-300x145.jpg\" \/>\n<meta name=\"author\" content=\"admin\" \/>\n<meta name=\"twitter:card\" content=\"summary_large_image\" \/>\n<meta name=\"twitter:label1\" content=\"Written by\" \/>\n\t<meta name=\"twitter:data1\" content=\"admin\" \/>\n\t<meta name=\"twitter:label2\" content=\"Est. reading time\" \/>\n\t<meta name=\"twitter:data2\" content=\"6 minutes\" \/>\n<script type=\"application\/ld+json\" class=\"yoast-schema-graph\">{\"@context\":\"https:\\\/\\\/schema.org\",\"@graph\":[{\"@type\":\"Article\",\"@id\":\"https:\\\/\\\/fjala.info\\\/2009-2015\\\/berisha-zhurmon-brukselin-me-pakenaqesine-amerikane-per-opoziten\\\/#article\",\"isPartOf\":{\"@id\":\"https:\\\/\\\/fjala.info\\\/2009-2015\\\/berisha-zhurmon-brukselin-me-pakenaqesine-amerikane-per-opoziten\\\/\"},\"author\":{\"name\":\"admin\",\"@id\":\"https:\\\/\\\/fjala.info\\\/2009-2015\\\/#\\\/schema\\\/person\\\/3aa1163ef05469c496fc94e77611ada2\"},\"headline\":\"Berisha \u201czhurmon\u201d Brukselin me \u201cpak\u00ebnaq\u00ebsin\u00eb\u201d amerikane p\u00ebr opozit\u00ebn\",\"datePublished\":\"2010-10-10T08:33:43+00:00\",\"mainEntityOfPage\":{\"@id\":\"https:\\\/\\\/fjala.info\\\/2009-2015\\\/berisha-zhurmon-brukselin-me-pakenaqesine-amerikane-per-opoziten\\\/\"},\"wordCount\":1171,\"commentCount\":0,\"publisher\":{\"@id\":\"https:\\\/\\\/fjala.info\\\/2009-2015\\\/#organization\"},\"image\":{\"@id\":\"https:\\\/\\\/fjala.info\\\/2009-2015\\\/berisha-zhurmon-brukselin-me-pakenaqesine-amerikane-per-opoziten\\\/#primaryimage\"},\"thumbnailUrl\":\"http:\\\/\\\/fjala.shkoder.net\\\/wp-content\\\/uploads\\\/2010\\\/10\\\/sali_berisha_komunist-300x145.jpg\",\"articleSection\":[\"Artikuj\"],\"inLanguage\":\"sq-AL\",\"potentialAction\":[{\"@type\":\"CommentAction\",\"name\":\"Comment\",\"target\":[\"https:\\\/\\\/fjala.info\\\/2009-2015\\\/berisha-zhurmon-brukselin-me-pakenaqesine-amerikane-per-opoziten\\\/#respond\"]}]},{\"@type\":\"WebPage\",\"@id\":\"https:\\\/\\\/fjala.info\\\/2009-2015\\\/berisha-zhurmon-brukselin-me-pakenaqesine-amerikane-per-opoziten\\\/\",\"url\":\"https:\\\/\\\/fjala.info\\\/2009-2015\\\/berisha-zhurmon-brukselin-me-pakenaqesine-amerikane-per-opoziten\\\/\",\"name\":\"Berisha \u201czhurmon\u201d Brukselin me \u201cpak\u00ebnaq\u00ebsin\u00eb\u201d amerikane p\u00ebr opozit\u00ebn - FjALA e LIR\u00cb - Arkivi\",\"isPartOf\":{\"@id\":\"https:\\\/\\\/fjala.info\\\/2009-2015\\\/#website\"},\"primaryImageOfPage\":{\"@id\":\"https:\\\/\\\/fjala.info\\\/2009-2015\\\/berisha-zhurmon-brukselin-me-pakenaqesine-amerikane-per-opoziten\\\/#primaryimage\"},\"image\":{\"@id\":\"https:\\\/\\\/fjala.info\\\/2009-2015\\\/berisha-zhurmon-brukselin-me-pakenaqesine-amerikane-per-opoziten\\\/#primaryimage\"},\"thumbnailUrl\":\"http:\\\/\\\/fjala.shkoder.net\\\/wp-content\\\/uploads\\\/2010\\\/10\\\/sali_berisha_komunist-300x145.jpg\",\"datePublished\":\"2010-10-10T08:33:43+00:00\",\"breadcrumb\":{\"@id\":\"https:\\\/\\\/fjala.info\\\/2009-2015\\\/berisha-zhurmon-brukselin-me-pakenaqesine-amerikane-per-opoziten\\\/#breadcrumb\"},\"inLanguage\":\"sq-AL\",\"potentialAction\":[{\"@type\":\"ReadAction\",\"target\":[\"https:\\\/\\\/fjala.info\\\/2009-2015\\\/berisha-zhurmon-brukselin-me-pakenaqesine-amerikane-per-opoziten\\\/\"]}]},{\"@type\":\"ImageObject\",\"inLanguage\":\"sq-AL\",\"@id\":\"https:\\\/\\\/fjala.info\\\/2009-2015\\\/berisha-zhurmon-brukselin-me-pakenaqesine-amerikane-per-opoziten\\\/#primaryimage\",\"url\":\"http:\\\/\\\/fjala.shkoder.net\\\/wp-content\\\/uploads\\\/2010\\\/10\\\/sali_berisha_komunist-300x145.jpg\",\"contentUrl\":\"http:\\\/\\\/fjala.shkoder.net\\\/wp-content\\\/uploads\\\/2010\\\/10\\\/sali_berisha_komunist-300x145.jpg\"},{\"@type\":\"BreadcrumbList\",\"@id\":\"https:\\\/\\\/fjala.info\\\/2009-2015\\\/berisha-zhurmon-brukselin-me-pakenaqesine-amerikane-per-opoziten\\\/#breadcrumb\",\"itemListElement\":[{\"@type\":\"ListItem\",\"position\":1,\"name\":\"Home\",\"item\":\"https:\\\/\\\/fjala.info\\\/2009-2015\\\/\"},{\"@type\":\"ListItem\",\"position\":2,\"name\":\"Berisha \u201czhurmon\u201d Brukselin me \u201cpak\u00ebnaq\u00ebsin\u00eb\u201d amerikane p\u00ebr opozit\u00ebn\"}]},{\"@type\":\"WebSite\",\"@id\":\"https:\\\/\\\/fjala.info\\\/2009-2015\\\/#website\",\"url\":\"https:\\\/\\\/fjala.info\\\/2009-2015\\\/\",\"name\":\"FjALA e LIR\u00cb - Arkivi\",\"description\":\"Arkivi 2009-2015\",\"publisher\":{\"@id\":\"https:\\\/\\\/fjala.info\\\/2009-2015\\\/#organization\"},\"potentialAction\":[{\"@type\":\"SearchAction\",\"target\":{\"@type\":\"EntryPoint\",\"urlTemplate\":\"https:\\\/\\\/fjala.info\\\/2009-2015\\\/?s={search_term_string}\"},\"query-input\":{\"@type\":\"PropertyValueSpecification\",\"valueRequired\":true,\"valueName\":\"search_term_string\"}}],\"inLanguage\":\"sq-AL\"},{\"@type\":\"Organization\",\"@id\":\"https:\\\/\\\/fjala.info\\\/2009-2015\\\/#organization\",\"name\":\"FjALA e LIR\u00cb - Arkivi\",\"url\":\"https:\\\/\\\/fjala.info\\\/2009-2015\\\/\",\"logo\":{\"@type\":\"ImageObject\",\"inLanguage\":\"sq-AL\",\"@id\":\"https:\\\/\\\/fjala.info\\\/2009-2015\\\/#\\\/schema\\\/logo\\\/image\\\/\",\"url\":\"\",\"contentUrl\":\"\",\"caption\":\"FjALA e LIR\u00cb - Arkivi\"},\"image\":{\"@id\":\"https:\\\/\\\/fjala.info\\\/2009-2015\\\/#\\\/schema\\\/logo\\\/image\\\/\"}},{\"@type\":\"Person\",\"@id\":\"https:\\\/\\\/fjala.info\\\/2009-2015\\\/#\\\/schema\\\/person\\\/3aa1163ef05469c496fc94e77611ada2\",\"name\":\"admin\",\"image\":{\"@type\":\"ImageObject\",\"inLanguage\":\"sq-AL\",\"@id\":\"https:\\\/\\\/fjala.info\\\/2009-2015\\\/wp-content\\\/uploads\\\/2012\\\/02\\\/arben_cokaj-120x150.jpg\",\"url\":\"https:\\\/\\\/fjala.info\\\/2009-2015\\\/wp-content\\\/uploads\\\/2012\\\/02\\\/arben_cokaj-120x150.jpg\",\"contentUrl\":\"https:\\\/\\\/fjala.info\\\/2009-2015\\\/wp-content\\\/uploads\\\/2012\\\/02\\\/arben_cokaj-120x150.jpg\",\"caption\":\"admin\"},\"description\":\"Admin, Fjala e Lir\u00eb\",\"sameAs\":[\"https:\\\/\\\/fjala.info\\\/\"],\"url\":\"https:\\\/\\\/fjala.info\\\/2009-2015\\\/author\\\/admin\\\/\"}]}<\/script>\n<!-- \/ Yoast SEO plugin. -->","yoast_head_json":{"title":"Berisha \u201czhurmon\u201d Brukselin me \u201cpak\u00ebnaq\u00ebsin\u00eb\u201d amerikane p\u00ebr opozit\u00ebn - FjALA e LIR\u00cb - Arkivi","robots":{"index":"index","follow":"follow","max-snippet":"max-snippet:-1","max-image-preview":"max-image-preview:large","max-video-preview":"max-video-preview:-1"},"canonical":"https:\/\/fjala.info\/2009-2015\/berisha-zhurmon-brukselin-me-pakenaqesine-amerikane-per-opoziten\/","og_locale":"sq_AL","og_type":"article","og_title":"Berisha \u201czhurmon\u201d Brukselin me \u201cpak\u00ebnaq\u00ebsin\u00eb\u201d amerikane p\u00ebr opozit\u00ebn - FjALA e LIR\u00cb - Arkivi","og_description":"Nga Tema Kryeministri Sali Berisha po p\u00ebrpiqet t\u00eb b\u00ebj\u00eb objekt t\u00eb debatit politik d\u00ebshtimin e miratimit t\u00eb projektligjit p\u00ebr Gjykat\u00ebn Administrative, q\u00eb k\u00ebrkon domosdoshm\u00ebrisht votat e opozit\u00ebs. I ndodhur n\u00eb Sarand\u00eb, gjat\u00eb p\u00ebrurimit t\u00eb nj\u00eb rruge p\u00ebr n\u00eb plazhin e Lukov\u00ebs, Berisha iu rikthye polemikave n\u00eb distanc\u00eb me liderin e opozit\u00ebs, Edi Rama, duke i [&hellip;]","og_url":"https:\/\/fjala.info\/2009-2015\/berisha-zhurmon-brukselin-me-pakenaqesine-amerikane-per-opoziten\/","og_site_name":"FjALA e LIR\u00cb - Arkivi","article_published_time":"2010-10-10T08:33:43+00:00","og_image":[{"url":"http:\/\/fjala.shkoder.net\/wp-content\/uploads\/2010\/10\/sali_berisha_komunist-300x145.jpg","type":"","width":"","height":""}],"author":"admin","twitter_card":"summary_large_image","twitter_misc":{"Written by":"admin","Est. reading time":"6 minutes"},"schema":{"@context":"https:\/\/schema.org","@graph":[{"@type":"Article","@id":"https:\/\/fjala.info\/2009-2015\/berisha-zhurmon-brukselin-me-pakenaqesine-amerikane-per-opoziten\/#article","isPartOf":{"@id":"https:\/\/fjala.info\/2009-2015\/berisha-zhurmon-brukselin-me-pakenaqesine-amerikane-per-opoziten\/"},"author":{"name":"admin","@id":"https:\/\/fjala.info\/2009-2015\/#\/schema\/person\/3aa1163ef05469c496fc94e77611ada2"},"headline":"Berisha \u201czhurmon\u201d Brukselin me \u201cpak\u00ebnaq\u00ebsin\u00eb\u201d amerikane p\u00ebr opozit\u00ebn","datePublished":"2010-10-10T08:33:43+00:00","mainEntityOfPage":{"@id":"https:\/\/fjala.info\/2009-2015\/berisha-zhurmon-brukselin-me-pakenaqesine-amerikane-per-opoziten\/"},"wordCount":1171,"commentCount":0,"publisher":{"@id":"https:\/\/fjala.info\/2009-2015\/#organization"},"image":{"@id":"https:\/\/fjala.info\/2009-2015\/berisha-zhurmon-brukselin-me-pakenaqesine-amerikane-per-opoziten\/#primaryimage"},"thumbnailUrl":"http:\/\/fjala.shkoder.net\/wp-content\/uploads\/2010\/10\/sali_berisha_komunist-300x145.jpg","articleSection":["Artikuj"],"inLanguage":"sq-AL","potentialAction":[{"@type":"CommentAction","name":"Comment","target":["https:\/\/fjala.info\/2009-2015\/berisha-zhurmon-brukselin-me-pakenaqesine-amerikane-per-opoziten\/#respond"]}]},{"@type":"WebPage","@id":"https:\/\/fjala.info\/2009-2015\/berisha-zhurmon-brukselin-me-pakenaqesine-amerikane-per-opoziten\/","url":"https:\/\/fjala.info\/2009-2015\/berisha-zhurmon-brukselin-me-pakenaqesine-amerikane-per-opoziten\/","name":"Berisha \u201czhurmon\u201d Brukselin me \u201cpak\u00ebnaq\u00ebsin\u00eb\u201d amerikane p\u00ebr opozit\u00ebn - FjALA e LIR\u00cb - Arkivi","isPartOf":{"@id":"https:\/\/fjala.info\/2009-2015\/#website"},"primaryImageOfPage":{"@id":"https:\/\/fjala.info\/2009-2015\/berisha-zhurmon-brukselin-me-pakenaqesine-amerikane-per-opoziten\/#primaryimage"},"image":{"@id":"https:\/\/fjala.info\/2009-2015\/berisha-zhurmon-brukselin-me-pakenaqesine-amerikane-per-opoziten\/#primaryimage"},"thumbnailUrl":"http:\/\/fjala.shkoder.net\/wp-content\/uploads\/2010\/10\/sali_berisha_komunist-300x145.jpg","datePublished":"2010-10-10T08:33:43+00:00","breadcrumb":{"@id":"https:\/\/fjala.info\/2009-2015\/berisha-zhurmon-brukselin-me-pakenaqesine-amerikane-per-opoziten\/#breadcrumb"},"inLanguage":"sq-AL","potentialAction":[{"@type":"ReadAction","target":["https:\/\/fjala.info\/2009-2015\/berisha-zhurmon-brukselin-me-pakenaqesine-amerikane-per-opoziten\/"]}]},{"@type":"ImageObject","inLanguage":"sq-AL","@id":"https:\/\/fjala.info\/2009-2015\/berisha-zhurmon-brukselin-me-pakenaqesine-amerikane-per-opoziten\/#primaryimage","url":"http:\/\/fjala.shkoder.net\/wp-content\/uploads\/2010\/10\/sali_berisha_komunist-300x145.jpg","contentUrl":"http:\/\/fjala.shkoder.net\/wp-content\/uploads\/2010\/10\/sali_berisha_komunist-300x145.jpg"},{"@type":"BreadcrumbList","@id":"https:\/\/fjala.info\/2009-2015\/berisha-zhurmon-brukselin-me-pakenaqesine-amerikane-per-opoziten\/#breadcrumb","itemListElement":[{"@type":"ListItem","position":1,"name":"Home","item":"https:\/\/fjala.info\/2009-2015\/"},{"@type":"ListItem","position":2,"name":"Berisha \u201czhurmon\u201d Brukselin me \u201cpak\u00ebnaq\u00ebsin\u00eb\u201d amerikane p\u00ebr opozit\u00ebn"}]},{"@type":"WebSite","@id":"https:\/\/fjala.info\/2009-2015\/#website","url":"https:\/\/fjala.info\/2009-2015\/","name":"FjALA e LIR\u00cb - Arkivi","description":"Arkivi 2009-2015","publisher":{"@id":"https:\/\/fjala.info\/2009-2015\/#organization"},"potentialAction":[{"@type":"SearchAction","target":{"@type":"EntryPoint","urlTemplate":"https:\/\/fjala.info\/2009-2015\/?s={search_term_string}"},"query-input":{"@type":"PropertyValueSpecification","valueRequired":true,"valueName":"search_term_string"}}],"inLanguage":"sq-AL"},{"@type":"Organization","@id":"https:\/\/fjala.info\/2009-2015\/#organization","name":"FjALA e LIR\u00cb - Arkivi","url":"https:\/\/fjala.info\/2009-2015\/","logo":{"@type":"ImageObject","inLanguage":"sq-AL","@id":"https:\/\/fjala.info\/2009-2015\/#\/schema\/logo\/image\/","url":"","contentUrl":"","caption":"FjALA e LIR\u00cb - Arkivi"},"image":{"@id":"https:\/\/fjala.info\/2009-2015\/#\/schema\/logo\/image\/"}},{"@type":"Person","@id":"https:\/\/fjala.info\/2009-2015\/#\/schema\/person\/3aa1163ef05469c496fc94e77611ada2","name":"admin","image":{"@type":"ImageObject","inLanguage":"sq-AL","@id":"https:\/\/fjala.info\/2009-2015\/wp-content\/uploads\/2012\/02\/arben_cokaj-120x150.jpg","url":"https:\/\/fjala.info\/2009-2015\/wp-content\/uploads\/2012\/02\/arben_cokaj-120x150.jpg","contentUrl":"https:\/\/fjala.info\/2009-2015\/wp-content\/uploads\/2012\/02\/arben_cokaj-120x150.jpg","caption":"admin"},"description":"Admin, Fjala e Lir\u00eb","sameAs":["https:\/\/fjala.info\/"],"url":"https:\/\/fjala.info\/2009-2015\/author\/admin\/"}]}},"_links":{"self":[{"href":"https:\/\/fjala.info\/2009-2015\/wp-json\/wp\/v2\/posts\/4244","targetHints":{"allow":["GET"]}}],"collection":[{"href":"https:\/\/fjala.info\/2009-2015\/wp-json\/wp\/v2\/posts"}],"about":[{"href":"https:\/\/fjala.info\/2009-2015\/wp-json\/wp\/v2\/types\/post"}],"author":[{"embeddable":true,"href":"https:\/\/fjala.info\/2009-2015\/wp-json\/wp\/v2\/users\/1"}],"replies":[{"embeddable":true,"href":"https:\/\/fjala.info\/2009-2015\/wp-json\/wp\/v2\/comments?post=4244"}],"version-history":[{"count":0,"href":"https:\/\/fjala.info\/2009-2015\/wp-json\/wp\/v2\/posts\/4244\/revisions"}],"wp:attachment":[{"href":"https:\/\/fjala.info\/2009-2015\/wp-json\/wp\/v2\/media?parent=4244"}],"wp:term":[{"taxonomy":"category","embeddable":true,"href":"https:\/\/fjala.info\/2009-2015\/wp-json\/wp\/v2\/categories?post=4244"},{"taxonomy":"post_tag","embeddable":true,"href":"https:\/\/fjala.info\/2009-2015\/wp-json\/wp\/v2\/tags?post=4244"}],"curies":[{"name":"wp","href":"https:\/\/api.w.org\/{rel}","templated":true}]}}