{"id":4242,"date":"2010-10-10T09:32:42","date_gmt":"2010-10-10T08:32:42","guid":{"rendered":"http:\/\/fjala.shkoder.net\/?p=4242"},"modified":"2010-10-10T09:32:42","modified_gmt":"2010-10-10T08:32:42","slug":"nje-tjeter-vrasje-nga-gjakmarrja","status":"publish","type":"post","link":"https:\/\/fjala.info\/2009-2015\/nje-tjeter-vrasje-nga-gjakmarrja\/","title":{"rendered":"Nj\u00eb tjet\u00ebr vrasje nga gjakmarrja?"},"content":{"rendered":"<p>Nga <strong>Living in Shkodra<\/strong>*<\/p>\n<p>Sot humba nj\u00eb shok, Dritan Prrojin. Ai u q\u00ebllua n\u00eb mes t\u00eb dit\u00ebs n\u00eb nj\u00eb nga zonat m\u00eb t\u00eb populluara n\u00eb Shkod\u00ebr. Do t\u00eb thoja se ai vra pa b\u00ebr\u00eb asgj\u00eb\u2026 por kjo nuk do t\u00eb ishte e v\u00ebrtet\u00eb. <\/p>\n<p>U q\u00ebllua nd\u00ebrsa po predikonte Bibl\u00ebn, librin e paqes, dashuris\u00eb, toleranc\u00ebs dhe faljes. Ai ishte i angazhuar n\u00eb ndihm\u00eb t\u00eb t\u00eb varf\u00ebrve dhe kishte qen\u00eb shum\u00eb i z\u00ebn\u00eb duke ndihmuar familjet q\u00eb vuajt\u00ebn gjat\u00eb p\u00ebrmbytjeve n\u00eb Shkod\u00ebr n\u00eb fillim t\u00eb k\u00ebtij viti. <\/p>\n<p>Arsyeja pse u q\u00ebllua ishte gjakmarrja.<\/p>\n<p>Xhaxhai i tij kishte vrar\u00eb dik\u00eb disa vite m\u00eb par\u00eb. Ai nuk kishte marr\u00eb pjes\u00eb n\u00eb vrasje, apo kishte qen\u00eb dakord p\u00ebr t\u00eb. <\/p>\n<p>Vras mendjen se si Shqip\u00ebria mund t\u00eb k\u00ebrkoj\u00eb heqjen e vizave p\u00ebr t\u00eb udh\u00ebtuar lirsh\u00ebm n\u00eb Europ\u00eb kur b\u00ebn kaq pak ose aspak p\u00ebr t\u00eb ndaluar vrasjen p\u00ebr gjakmarrje.<\/p>\n<p>P\u00ebrse vendet e tjera duhet t\u00eb lejojn\u00eb njer\u00ebz t\u00eb till\u00eb q\u00eb t\u00eb shkojn\u00eb dhe t\u00eb vizitojn\u00eb apo t\u00eb jetojn\u00eb n\u00eb vendin e tyre? (E di q\u00eb jo gjith\u00eb shqiptar\u00ebt kan\u00eb k\u00ebt\u00eb mentalitet, fal\u00eb Zotit, por n\u00eb t\u00eb njejt\u00ebn koh\u00eb, qeveria b\u00ebn shum\u00eb pak p\u00ebr t\u00eb ndaluar k\u00ebto vrasje).<\/p>\n<p>Sigurisht tani \u00ebsht\u00eb koha p\u00ebr qeverin\u00eb, n\u00eb fakt p\u00ebr t\u00eb gjitha partit\u00eb politike, t\u00eb bashkohen e t\u00eb b\u00ebjn\u00eb nj\u00eb ligj q\u00eb nd\u00ebrmerr masa t\u00eb ashpra ndaj vrasjeve p\u00ebr gjakmarrje. <\/p>\n<p>Deri m\u00eb tani shum\u00eb familje jan\u00eb t\u00eb mbyllura dhe druhen p\u00ebr jet\u00ebn e tyre. <\/p>\n<p>Kjo \u00ebsht\u00eb hera e par\u00eb, me aq sa di un\u00eb, q\u00eb nj\u00eb drejtues fetar vritet p\u00ebr gjakmarrje. <\/p>\n<p>Dritani ishte nj\u00eb pastor n\u00eb kish\u00ebn evangjelike n\u00eb Shkod\u00ebr. <\/p>\n<p>Sonte lutjet e mia jan\u00eb p\u00ebr gruan, f\u00ebmij\u00ebt dhe familjen e tij. Ata jan\u00eb ashtu si un\u00eb, t\u00eb shokuar dhe nuk arrijn\u00eb t\u00eb kuptojn\u00eb se p\u00ebrse ka ndodhur kjo gj\u00eb. <\/p>\n<p>E vetmja gj\u00eb e mir\u00eb q\u00eb doli nga kjo ishte se vdekja e Dritanit do t\u00eb kujtohet si vrasja e fundit p\u00ebr gjakmarrje. Por p\u00ebr fat t\u00eb keq nuk do t\u00eb jet\u00eb k\u00ebshtu. <\/p>\n<p>Shpresoj se media dhe grupet sociale do t\u00eb b\u00ebjn\u00eb m\u00eb shum\u00eb presion ndaj qeveris\u00eb q\u00eb t\u00eb veproj\u00eb me m\u00eb shum\u00eb forc\u00eb kund\u00ebr gjakmarrjes. <\/p>\n<p>&#8212;<br \/>\n*<em>Ky shkrim \u00ebsht\u00eb marr\u00eb nga blogu \u201cLiving in Shkod\u00ebr\u201d (T\u00eb jetosh n\u00eb Shkod\u00ebr), i nj\u00eb skocezi q\u00eb jeton n\u00eb qytetin verior<\/em><\/p>\n","protected":false},"excerpt":{"rendered":"<p>Nga Living in Shkodra* Sot humba nj\u00eb shok, Dritan Prrojin. Ai u q\u00ebllua n\u00eb mes t\u00eb dit\u00ebs n\u00eb nj\u00eb nga zonat m\u00eb t\u00eb populluara n\u00eb Shkod\u00ebr. Do t\u00eb thoja se ai vra pa b\u00ebr\u00eb asgj\u00eb\u2026 por kjo nuk do t\u00eb ishte e v\u00ebrtet\u00eb. U q\u00ebllua nd\u00ebrsa po predikonte Bibl\u00ebn, librin e paqes, dashuris\u00eb, toleranc\u00ebs dhe [&hellip;]<\/p>\n","protected":false},"author":1,"featured_media":0,"comment_status":"open","ping_status":"closed","sticky":false,"template":"","format":"standard","meta":{"footnotes":""},"categories":[2],"tags":[],"class_list":{"0":"post-4242","1":"post","2":"type-post","3":"status-publish","4":"format-standard","6":"category-artikuj"},"yoast_head":"<!-- This site is optimized with the Yoast SEO plugin v27.4 - https:\/\/yoast.com\/product\/yoast-seo-wordpress\/ -->\n<title>Nj\u00eb tjet\u00ebr vrasje nga gjakmarrja? - FjALA e LIR\u00cb - Arkivi<\/title>\n<meta name=\"robots\" content=\"index, follow, max-snippet:-1, max-image-preview:large, max-video-preview:-1\" \/>\n<link rel=\"canonical\" href=\"https:\/\/fjala.info\/2009-2015\/nje-tjeter-vrasje-nga-gjakmarrja\/\" \/>\n<meta property=\"og:locale\" content=\"sq_AL\" \/>\n<meta property=\"og:type\" content=\"article\" \/>\n<meta property=\"og:title\" content=\"Nj\u00eb tjet\u00ebr vrasje nga gjakmarrja? - FjALA e LIR\u00cb - Arkivi\" \/>\n<meta property=\"og:description\" content=\"Nga Living in Shkodra* Sot humba nj\u00eb shok, Dritan Prrojin. Ai u q\u00ebllua n\u00eb mes t\u00eb dit\u00ebs n\u00eb nj\u00eb nga zonat m\u00eb t\u00eb populluara n\u00eb Shkod\u00ebr. Do t\u00eb thoja se ai vra pa b\u00ebr\u00eb asgj\u00eb\u2026 por kjo nuk do t\u00eb ishte e v\u00ebrtet\u00eb. U q\u00ebllua nd\u00ebrsa po predikonte Bibl\u00ebn, librin e paqes, dashuris\u00eb, toleranc\u00ebs dhe [&hellip;]\" \/>\n<meta property=\"og:url\" content=\"https:\/\/fjala.info\/2009-2015\/nje-tjeter-vrasje-nga-gjakmarrja\/\" \/>\n<meta property=\"og:site_name\" content=\"FjALA e LIR\u00cb - Arkivi\" \/>\n<meta property=\"article:published_time\" content=\"2010-10-10T08:32:42+00:00\" \/>\n<meta name=\"author\" content=\"admin\" \/>\n<meta name=\"twitter:card\" content=\"summary_large_image\" \/>\n<meta name=\"twitter:label1\" content=\"Written by\" \/>\n\t<meta name=\"twitter:data1\" content=\"admin\" \/>\n\t<meta name=\"twitter:label2\" content=\"Est. reading time\" \/>\n\t<meta name=\"twitter:data2\" content=\"2 minutes\" \/>\n<script type=\"application\/ld+json\" class=\"yoast-schema-graph\">{\"@context\":\"https:\\\/\\\/schema.org\",\"@graph\":[{\"@type\":\"Article\",\"@id\":\"https:\\\/\\\/fjala.info\\\/2009-2015\\\/nje-tjeter-vrasje-nga-gjakmarrja\\\/#article\",\"isPartOf\":{\"@id\":\"https:\\\/\\\/fjala.info\\\/2009-2015\\\/nje-tjeter-vrasje-nga-gjakmarrja\\\/\"},\"author\":{\"name\":\"admin\",\"@id\":\"https:\\\/\\\/fjala.info\\\/2009-2015\\\/#\\\/schema\\\/person\\\/3aa1163ef05469c496fc94e77611ada2\"},\"headline\":\"Nj\u00eb tjet\u00ebr vrasje nga gjakmarrja?\",\"datePublished\":\"2010-10-10T08:32:42+00:00\",\"mainEntityOfPage\":{\"@id\":\"https:\\\/\\\/fjala.info\\\/2009-2015\\\/nje-tjeter-vrasje-nga-gjakmarrja\\\/\"},\"wordCount\":428,\"commentCount\":0,\"publisher\":{\"@id\":\"https:\\\/\\\/fjala.info\\\/2009-2015\\\/#organization\"},\"articleSection\":[\"Artikuj\"],\"inLanguage\":\"sq-AL\",\"potentialAction\":[{\"@type\":\"CommentAction\",\"name\":\"Comment\",\"target\":[\"https:\\\/\\\/fjala.info\\\/2009-2015\\\/nje-tjeter-vrasje-nga-gjakmarrja\\\/#respond\"]}]},{\"@type\":\"WebPage\",\"@id\":\"https:\\\/\\\/fjala.info\\\/2009-2015\\\/nje-tjeter-vrasje-nga-gjakmarrja\\\/\",\"url\":\"https:\\\/\\\/fjala.info\\\/2009-2015\\\/nje-tjeter-vrasje-nga-gjakmarrja\\\/\",\"name\":\"Nj\u00eb tjet\u00ebr vrasje nga gjakmarrja? - FjALA e LIR\u00cb - Arkivi\",\"isPartOf\":{\"@id\":\"https:\\\/\\\/fjala.info\\\/2009-2015\\\/#website\"},\"datePublished\":\"2010-10-10T08:32:42+00:00\",\"breadcrumb\":{\"@id\":\"https:\\\/\\\/fjala.info\\\/2009-2015\\\/nje-tjeter-vrasje-nga-gjakmarrja\\\/#breadcrumb\"},\"inLanguage\":\"sq-AL\",\"potentialAction\":[{\"@type\":\"ReadAction\",\"target\":[\"https:\\\/\\\/fjala.info\\\/2009-2015\\\/nje-tjeter-vrasje-nga-gjakmarrja\\\/\"]}]},{\"@type\":\"BreadcrumbList\",\"@id\":\"https:\\\/\\\/fjala.info\\\/2009-2015\\\/nje-tjeter-vrasje-nga-gjakmarrja\\\/#breadcrumb\",\"itemListElement\":[{\"@type\":\"ListItem\",\"position\":1,\"name\":\"Home\",\"item\":\"https:\\\/\\\/fjala.info\\\/2009-2015\\\/\"},{\"@type\":\"ListItem\",\"position\":2,\"name\":\"Nj\u00eb tjet\u00ebr vrasje nga gjakmarrja?\"}]},{\"@type\":\"WebSite\",\"@id\":\"https:\\\/\\\/fjala.info\\\/2009-2015\\\/#website\",\"url\":\"https:\\\/\\\/fjala.info\\\/2009-2015\\\/\",\"name\":\"FjALA e LIR\u00cb - Arkivi\",\"description\":\"Arkivi 2009-2015\",\"publisher\":{\"@id\":\"https:\\\/\\\/fjala.info\\\/2009-2015\\\/#organization\"},\"potentialAction\":[{\"@type\":\"SearchAction\",\"target\":{\"@type\":\"EntryPoint\",\"urlTemplate\":\"https:\\\/\\\/fjala.info\\\/2009-2015\\\/?s={search_term_string}\"},\"query-input\":{\"@type\":\"PropertyValueSpecification\",\"valueRequired\":true,\"valueName\":\"search_term_string\"}}],\"inLanguage\":\"sq-AL\"},{\"@type\":\"Organization\",\"@id\":\"https:\\\/\\\/fjala.info\\\/2009-2015\\\/#organization\",\"name\":\"FjALA e LIR\u00cb - Arkivi\",\"url\":\"https:\\\/\\\/fjala.info\\\/2009-2015\\\/\",\"logo\":{\"@type\":\"ImageObject\",\"inLanguage\":\"sq-AL\",\"@id\":\"https:\\\/\\\/fjala.info\\\/2009-2015\\\/#\\\/schema\\\/logo\\\/image\\\/\",\"url\":\"\",\"contentUrl\":\"\",\"caption\":\"FjALA e LIR\u00cb - Arkivi\"},\"image\":{\"@id\":\"https:\\\/\\\/fjala.info\\\/2009-2015\\\/#\\\/schema\\\/logo\\\/image\\\/\"}},{\"@type\":\"Person\",\"@id\":\"https:\\\/\\\/fjala.info\\\/2009-2015\\\/#\\\/schema\\\/person\\\/3aa1163ef05469c496fc94e77611ada2\",\"name\":\"admin\",\"image\":{\"@type\":\"ImageObject\",\"inLanguage\":\"sq-AL\",\"@id\":\"https:\\\/\\\/fjala.info\\\/2009-2015\\\/wp-content\\\/uploads\\\/2012\\\/02\\\/arben_cokaj-120x150.jpg\",\"url\":\"https:\\\/\\\/fjala.info\\\/2009-2015\\\/wp-content\\\/uploads\\\/2012\\\/02\\\/arben_cokaj-120x150.jpg\",\"contentUrl\":\"https:\\\/\\\/fjala.info\\\/2009-2015\\\/wp-content\\\/uploads\\\/2012\\\/02\\\/arben_cokaj-120x150.jpg\",\"caption\":\"admin\"},\"description\":\"Admin, Fjala e Lir\u00eb\",\"sameAs\":[\"https:\\\/\\\/fjala.info\\\/\"],\"url\":\"https:\\\/\\\/fjala.info\\\/2009-2015\\\/author\\\/admin\\\/\"}]}<\/script>\n<!-- \/ Yoast SEO plugin. -->","yoast_head_json":{"title":"Nj\u00eb tjet\u00ebr vrasje nga gjakmarrja? - FjALA e LIR\u00cb - Arkivi","robots":{"index":"index","follow":"follow","max-snippet":"max-snippet:-1","max-image-preview":"max-image-preview:large","max-video-preview":"max-video-preview:-1"},"canonical":"https:\/\/fjala.info\/2009-2015\/nje-tjeter-vrasje-nga-gjakmarrja\/","og_locale":"sq_AL","og_type":"article","og_title":"Nj\u00eb tjet\u00ebr vrasje nga gjakmarrja? - FjALA e LIR\u00cb - Arkivi","og_description":"Nga Living in Shkodra* Sot humba nj\u00eb shok, Dritan Prrojin. Ai u q\u00ebllua n\u00eb mes t\u00eb dit\u00ebs n\u00eb nj\u00eb nga zonat m\u00eb t\u00eb populluara n\u00eb Shkod\u00ebr. Do t\u00eb thoja se ai vra pa b\u00ebr\u00eb asgj\u00eb\u2026 por kjo nuk do t\u00eb ishte e v\u00ebrtet\u00eb. U q\u00ebllua nd\u00ebrsa po predikonte Bibl\u00ebn, librin e paqes, dashuris\u00eb, toleranc\u00ebs dhe [&hellip;]","og_url":"https:\/\/fjala.info\/2009-2015\/nje-tjeter-vrasje-nga-gjakmarrja\/","og_site_name":"FjALA e LIR\u00cb - Arkivi","article_published_time":"2010-10-10T08:32:42+00:00","author":"admin","twitter_card":"summary_large_image","twitter_misc":{"Written by":"admin","Est. reading time":"2 minutes"},"schema":{"@context":"https:\/\/schema.org","@graph":[{"@type":"Article","@id":"https:\/\/fjala.info\/2009-2015\/nje-tjeter-vrasje-nga-gjakmarrja\/#article","isPartOf":{"@id":"https:\/\/fjala.info\/2009-2015\/nje-tjeter-vrasje-nga-gjakmarrja\/"},"author":{"name":"admin","@id":"https:\/\/fjala.info\/2009-2015\/#\/schema\/person\/3aa1163ef05469c496fc94e77611ada2"},"headline":"Nj\u00eb tjet\u00ebr vrasje nga gjakmarrja?","datePublished":"2010-10-10T08:32:42+00:00","mainEntityOfPage":{"@id":"https:\/\/fjala.info\/2009-2015\/nje-tjeter-vrasje-nga-gjakmarrja\/"},"wordCount":428,"commentCount":0,"publisher":{"@id":"https:\/\/fjala.info\/2009-2015\/#organization"},"articleSection":["Artikuj"],"inLanguage":"sq-AL","potentialAction":[{"@type":"CommentAction","name":"Comment","target":["https:\/\/fjala.info\/2009-2015\/nje-tjeter-vrasje-nga-gjakmarrja\/#respond"]}]},{"@type":"WebPage","@id":"https:\/\/fjala.info\/2009-2015\/nje-tjeter-vrasje-nga-gjakmarrja\/","url":"https:\/\/fjala.info\/2009-2015\/nje-tjeter-vrasje-nga-gjakmarrja\/","name":"Nj\u00eb tjet\u00ebr vrasje nga gjakmarrja? - FjALA e LIR\u00cb - Arkivi","isPartOf":{"@id":"https:\/\/fjala.info\/2009-2015\/#website"},"datePublished":"2010-10-10T08:32:42+00:00","breadcrumb":{"@id":"https:\/\/fjala.info\/2009-2015\/nje-tjeter-vrasje-nga-gjakmarrja\/#breadcrumb"},"inLanguage":"sq-AL","potentialAction":[{"@type":"ReadAction","target":["https:\/\/fjala.info\/2009-2015\/nje-tjeter-vrasje-nga-gjakmarrja\/"]}]},{"@type":"BreadcrumbList","@id":"https:\/\/fjala.info\/2009-2015\/nje-tjeter-vrasje-nga-gjakmarrja\/#breadcrumb","itemListElement":[{"@type":"ListItem","position":1,"name":"Home","item":"https:\/\/fjala.info\/2009-2015\/"},{"@type":"ListItem","position":2,"name":"Nj\u00eb tjet\u00ebr vrasje nga gjakmarrja?"}]},{"@type":"WebSite","@id":"https:\/\/fjala.info\/2009-2015\/#website","url":"https:\/\/fjala.info\/2009-2015\/","name":"FjALA e LIR\u00cb - Arkivi","description":"Arkivi 2009-2015","publisher":{"@id":"https:\/\/fjala.info\/2009-2015\/#organization"},"potentialAction":[{"@type":"SearchAction","target":{"@type":"EntryPoint","urlTemplate":"https:\/\/fjala.info\/2009-2015\/?s={search_term_string}"},"query-input":{"@type":"PropertyValueSpecification","valueRequired":true,"valueName":"search_term_string"}}],"inLanguage":"sq-AL"},{"@type":"Organization","@id":"https:\/\/fjala.info\/2009-2015\/#organization","name":"FjALA e LIR\u00cb - Arkivi","url":"https:\/\/fjala.info\/2009-2015\/","logo":{"@type":"ImageObject","inLanguage":"sq-AL","@id":"https:\/\/fjala.info\/2009-2015\/#\/schema\/logo\/image\/","url":"","contentUrl":"","caption":"FjALA e LIR\u00cb - Arkivi"},"image":{"@id":"https:\/\/fjala.info\/2009-2015\/#\/schema\/logo\/image\/"}},{"@type":"Person","@id":"https:\/\/fjala.info\/2009-2015\/#\/schema\/person\/3aa1163ef05469c496fc94e77611ada2","name":"admin","image":{"@type":"ImageObject","inLanguage":"sq-AL","@id":"https:\/\/fjala.info\/2009-2015\/wp-content\/uploads\/2012\/02\/arben_cokaj-120x150.jpg","url":"https:\/\/fjala.info\/2009-2015\/wp-content\/uploads\/2012\/02\/arben_cokaj-120x150.jpg","contentUrl":"https:\/\/fjala.info\/2009-2015\/wp-content\/uploads\/2012\/02\/arben_cokaj-120x150.jpg","caption":"admin"},"description":"Admin, Fjala e Lir\u00eb","sameAs":["https:\/\/fjala.info\/"],"url":"https:\/\/fjala.info\/2009-2015\/author\/admin\/"}]}},"_links":{"self":[{"href":"https:\/\/fjala.info\/2009-2015\/wp-json\/wp\/v2\/posts\/4242","targetHints":{"allow":["GET"]}}],"collection":[{"href":"https:\/\/fjala.info\/2009-2015\/wp-json\/wp\/v2\/posts"}],"about":[{"href":"https:\/\/fjala.info\/2009-2015\/wp-json\/wp\/v2\/types\/post"}],"author":[{"embeddable":true,"href":"https:\/\/fjala.info\/2009-2015\/wp-json\/wp\/v2\/users\/1"}],"replies":[{"embeddable":true,"href":"https:\/\/fjala.info\/2009-2015\/wp-json\/wp\/v2\/comments?post=4242"}],"version-history":[{"count":0,"href":"https:\/\/fjala.info\/2009-2015\/wp-json\/wp\/v2\/posts\/4242\/revisions"}],"wp:attachment":[{"href":"https:\/\/fjala.info\/2009-2015\/wp-json\/wp\/v2\/media?parent=4242"}],"wp:term":[{"taxonomy":"category","embeddable":true,"href":"https:\/\/fjala.info\/2009-2015\/wp-json\/wp\/v2\/categories?post=4242"},{"taxonomy":"post_tag","embeddable":true,"href":"https:\/\/fjala.info\/2009-2015\/wp-json\/wp\/v2\/tags?post=4242"}],"curies":[{"name":"wp","href":"https:\/\/api.w.org\/{rel}","templated":true}]}}