{"id":424,"date":"2011-12-02T21:53:14","date_gmt":"2011-12-02T20:53:14","guid":{"rendered":"http:\/\/fjala.shkoder.net\/?p=424"},"modified":"2011-12-02T21:53:14","modified_gmt":"2011-12-02T20:53:14","slug":"saliu-dhe-liria-tamam-si-gani-dhe-shemsie-kadria","status":"publish","type":"post","link":"https:\/\/fjala.info\/2009-2015\/saliu-dhe-liria-tamam-si-gani-dhe-shemsie-kadria\/","title":{"rendered":"Saliu dhe Liria, tamam si Gani dhe Shemsie Kadria"},"content":{"rendered":"<p><img decoding=\"async\" class=\"alignright size-thumbnail wp-image-7236\" title=\"Sali e Lirie Berisha\" src=\"http:\/\/www.shkoder.net\/images\/fjala\/2010\/sali_liri_berisha.jpg\" alt=\"\" width=\"300\" \/> Nga <strong>Kledian Lula<\/strong>, <em>2 Dhjetor 2011<\/em><br \/>\n<em>kledianlula@ymail.com<\/em><\/p>\n<p>Familja kryeministrore \u201cBERISHA\u201d, po konfirmon qart\u00eb e p\u00ebrfundimisht bindjen e saj se parat\u00eb q\u00eb mblidhen rrug\u00ebve n\u00eb em\u00ebr fondacionesh fantazma \u201cjan\u00eb t\u00eb pastra\u201d. K\u00ebt\u00eb bindje, kishte SALIU edhe gjat\u00eb viteve 1992-1997, kur \u201cberish\u00ebt\u201d ishin \u201cfamilje presidenciale\u201d dhe \u201cbekuan\u201d me dekret bankar e qeveritar ngritjen dhe veprimtarin\u00eb e firmave piramidale, q\u00eb u zhvat\u00ebn shqiptar\u00ebve edhe\u2026 brek\u00ebt.<\/p>\n<p>N\u00eb ato vite, kur parat\u00eb mblidheshin me \u201cfadrom\u00eb\u201d, ish-president SALIU u b\u00ebnte thirrje shqiptar\u00ebve t\u00eb mos mbanin asnj\u00eb qindark\u00eb n\u00eb sht\u00ebpi, por t\u2019i \u00e7onin tek banka \u201cSUDE\u201d. Vet\u00ebm 8 vite pas epok\u00ebs \u201cSUDE\u201d, menj\u00ebher\u00eb pas ardhjes n\u00eb pushtet t\u00eb SALIUT, n\u00eb Shqip\u00ebri lindi nj\u00eb \u201cpiramid\u00eb\u201d e re financiare, por q\u00eb k\u00ebt\u00eb her\u00ebn ka si \u201ckrye-bankiere\u201d LIRI BERISH\u00cbN, bashk\u00ebshorten e kryeministrit SALI.<\/p>\n<p><strong>Saliu dhe Liria zhvatje me fondacion, tamam si Gani dhe Shemsie Kadria<\/strong><\/p>\n<p>Prej 6 vitesh, \u201cN\u00ebn\u00eb-madhja kryeministrore\u201d Liri Berisha, ka dal\u00eb n\u00eb ofensiv\u00eb e po vazhdon t\u00eb mbledh miliona euro, lek\u00eb, dollar\u00eb, franga, sterlina, madje dhe objekte floriri nga donator\u00eb-bizneset shqiptare e t\u00eb huaja, duke \u201cu lutur p\u00ebr humaniz\u00ebm\u201d, n\u00ebn tabel\u00ebn dhe propagand\u00ebn e Fondacionit \u201cF\u00ebmij\u00ebt Shqiptar\u00eb\u201d. Dit\u00ebn e enjte, n\u00eb nj\u00eb sall\u00eb luksi, \u201cN\u00ebn\u00eb-Madhja LIRI\u201d, ose m\u00eb sakt\u00eb pronarja e fondacionit \u201cF\u00ebmij\u00ebt Shqiptar\u00eb\u201d, organizoi aktivitetin e radh\u00ebs p\u00ebr\u2026 mbledhje lek\u00ebsh.<\/p>\n<p>Nj\u00eb president firme n\u00eb Tiran\u00eb, i cili ka paguar deri tani 5 her\u00eb \u201cgjob\u00eb humanizmi\u201d dorazi p\u00ebr \u201cf\u00ebmij\u00ebt shqiptar\u00eb\u201d tek llogaria e Liri Berish\u00ebs, m\u00eb tregoi m\u00ebnyr\u00ebn se si funksion dhe vepron fondacioni i \u201cN\u00ebn\u00eb-Madhes\u201d s\u00eb familjes kryeministrore shqiptare. Skema \u00ebsht\u00eb kjo: Familja kryeministrore disponon list\u00ebn e gjith\u00eb bizneseve \u201cVIP\u201d, vendase e t\u00eb huaja q\u00eb veprojn\u00eb n\u00eb Shqip\u00ebri, ose n\u00eb ortak\u00ebri edhe jasht\u00eb Shqip\u00ebris\u00eb. Po k\u00ebshtu, ka gjith\u00eb list\u00ebn me emrat e bizneseve, q\u00eb kan\u00eb probleme ligjore e financiare me qeverin\u00eb e ligjin. Ka gjith\u00eb adresat, emrat dhe telefonat e \u201cbos\u00ebve\u201d t\u00eb firmave, t\u00eb cilat ia jep kupola e QKR dhe e drejtoris\u00eb s\u00eb Tatim-Taksave. Bizneset shqiptare q\u00eb duhet t\u00eb paguajn\u00eb \u201cgjob\u00eb\u201d mujore, tre mujore, 6 mujore, ose vjetore tek llogaria e familjes kryeministrore \u201cp\u00ebr f\u00ebmij\u00ebt shqiptar\u00eb\u201d, piketohen nga familja \u201cSALI\u201d.<\/p>\n<p>Lista e \u201cviktimave\u201d t\u00eb piketuara p\u00ebr t\u2019u zhvatur d\u00ebrgohet tek kupola e Drejtoris\u00eb Qendrore s\u00eb Tatim-Taksave e cila varet nga ministria e krye-paramidalit BODE. K\u00ebtu nis operacioni me presione ndaj \u201cviktimave\u201d. Prej k\u00ebtu, b\u00ebhet lista me emrat p\u00ebrkat\u00ebs, t\u00eb cil\u00ebve u caktohet radha, dita e pages\u00ebs dhe vlera e \u201cgjob\u00ebs humanitare\u201d. Mandej, \u201cviktimat\u201d njoftohen me pusull\u00eb dore, nga \u201csekser\u00ebt\u201d e fondacion-familjes kryeministrore \u201cSALI\u201d, n\u00ebp\u00ebrmjet nj\u00eb \u201ckupon-takse\u201d me em\u00ebrtes\u00ebn: \u201cFTES\u00cb P\u00cbR HUMANIZ\u00cbM\u201d, me tekstin: P\u00ebr F\u00ebmij\u00ebt Shqiptar\u00eb, Me dashuri e mir\u00ebnjohje Liri Berisha dhe f\u00ebmij\u00ebt shqiptar\u00eb\u201d.<\/p>\n<p>Pas k\u00ebsaj, firmat q\u00eb e m\u00ebsojn\u00eb se kush e ka pron\u00eb k\u00ebt\u00eb \u201cfondacion bamir\u00ebsie\u201d, heqin lek\u00ebt e f\u00ebmij\u00ebve t\u00eb tyre dhe ia japin \u201cf\u00ebmij\u00ebve shqiptar\u00eb\u201d t\u00eb\u2026 Liri Berish\u00ebs. Pasi lista e biznesmen\u00eb-viktimave ka dor\u00ebzuar \u201cme d\u00ebshir\u00eb\u201d plikot e milionave t\u00eb paracaktuara n\u00eb zyrat e fondacionit, pronarja e fondacionit familjar-kryeministror \u201cN\u00ebn\u00eb-madhja\u201d LIRI BERISHA, porosit TVSH-SALIUN dhe televizionet e pushtetit, p\u00ebr t\u00eb p\u00ebrgatitur dhe publikuar kronik\u00ebn shabllone p\u00ebr \u201caktivitetin humanitar\u201d.<\/p>\n<p>Ajo flet me \u201cdashuri p\u00ebr f\u00ebmij\u00ebt\u201d n\u00eb nevoj\u00eb dhe buz\u00ebqesh, duke pozuar me biznesmen\u00ebt q\u00eb kan\u00eb paguar \u201cgjobat\u201d, madje duke i nxjerr ata n\u00eb ekrane e fotografi dhe me bashk\u00ebshortin e saj, kryeministrin SALI, i cili \u00ebsht\u00eb p\u00ebrher\u00eb prezent n\u00eb k\u00ebto akte \u201cbamir\u00ebsie\u201d, ndoshta p\u00ebr t\u00eb par\u00eb, se sa miliona \u201chidhen\u201d p\u00ebr \u201clumturin\u00eb e f\u00ebmij\u00ebve shqiptar\u00eb\u201d. Kjo prezenc\u00eb e \u00e7iftit kryeministror n\u00eb k\u00ebto \u201cspektakle milionash\u201d, na krijon p\u00ebrshtypjen, se SALIU dhe LIRIA, me fondacionin \u201cF\u00ebmij\u00ebt Shqiptar\u00eb\u201d, po veprojn\u00eb tamam si GANI dhe SHEMSIE KADRIA me ish-fondacionin \u201cGJALLICA\u201d, q\u00eb zhvatnin miliona dollar\u00eb, por edhe b\u00ebnin ndonj\u00eb bamir\u00ebsi\u2026<\/p>\n<p><strong>LIRIA mbledh miliona p\u00ebr \u201cf\u00ebmij\u00ebt shqiptar\u00eb\u201d, por i \u00e7on tek f\u00ebmij\u00ebt e saj<\/strong><\/p>\n<p>Nj\u00eb fakt: Biznesmeni 5 her\u00eb \u201cviktim\u00eb\u201d, m\u00eb konfirmoi se p\u00ebr \u201cgjob\u00ebn bamir\u00ebsi\u201d q\u00eb ka paguar tek gruaja e kryeministrit Sali Berisha, disponon vet\u00ebm 5 mandat pagesa si faturat e SUDES e XHAFERRIT, ku shkruhet vlera, em\u00ebrtesa \u201cFondacioni F\u00ebmij\u00ebt Shqiptar\u00eb\u201d dhe nj\u00eb vul\u00eb e nj\u00eb firm\u00eb posht\u00eb emrit \u201cLIRI BERISHA\u201d. Me k\u00ebt\u00eb skem\u00eb listash e \u201cgjobash humanitare\u201d t\u00eb piketuara ndaj bizneseve, u organizua nga familja kryeministrore dhe \u201cballoja humanitare\u201d e dit\u00ebs s\u00eb enjte, ku \u00e7do \u201cviktim\u00eb\u201d pagoi nga 6000 euro \u201cgjob\u00eb humanitare p\u00ebr \u201cf\u00ebmij\u00ebt shqiptar\u00eb\u201d t\u00eb\u2026 Liri Berish\u00ebs.<\/p>\n<p>N\u00eb k\u00ebt\u00eb ballo, familja kryeministrore kishte sjell\u00eb 110 \u00e7ifte biznesmen\u00ebsh p\u00ebr t\u00eb \u201ck\u00ebrcyer\u201d me tufa eurosh n\u00eb duar. Sipas vler\u00ebs s\u00eb bilet\u00ebs prej 6000 euro, n\u00eb 22 tavolinat e \u201cballos humanitare\u201d t\u00eb familjes kryeministrore u \u201chodh\u00ebn\u201d 660 mij\u00eb euro, pa llogaritur milionat e mbledhura (t\u00eb pa deklaruara) nga shitjet private me ankand n\u00eb k\u00ebt\u00eb ballo-financiare, t\u00eb disa pikturave ish-pron\u00eb e Galeris\u00eb Komb\u00ebtare t\u00eb Arteve.<\/p>\n<p>Deri sot q\u00eb flasim, megjith\u00ebse kan\u00eb kaluar 72 or\u00eb nga balloja ku \u201ck\u00ebrcyen\u201d financiarisht biznesmen\u00ebt shqiptar\u00eb e t\u00eb huaj, nga 660 mij\u00eb eurot q\u00eb mblodhi \u201cN\u00ebn\u00eb-madhja\u201d LIRI BERISHA\u201d, nuk rezulton t\u00eb jet\u00eb ark\u00ebtuar asnj\u00eb qindark\u00eb n\u00eb llogarin\u00eb e Fondacionit \u201cF\u00ebmij\u00ebt Shqiptar\u00eb\u201d n\u00eb \u201cCredis Bank\u201d. Po ku shkojn\u00eb k\u00ebto miliona euro, lek\u00eb e dollar\u00eb q\u00eb u zhvaten bizneseve me list\u00eb presionesh e gjobash pushteti? Natyrisht n\u00eb xhepin e pushtet-familjes dhe t\u00eb klaneve \u201cSALI\u201d.<\/p>\n<p>K\u00ebto nisen p\u00ebr f\u00ebmij\u00ebt shqiptar\u00eb n\u00eb nevoj\u00eb ekonomike e sh\u00ebndet\u00ebsore, por p\u00ebrfundojn\u00eb aty ku p\u00ebrfundojn\u00eb gjith\u00eb milionat e tenderave, t\u00eb koncensioneve, t\u00eb lobingjeve t\u00eb pista, t\u00eb ryshfeteve, t\u00eb aferave me trojet, tokat, plazhet, gjyqet e krimeve dhe pasurive, me minierat, naft\u00ebn, energjin\u00eb, librat, ila\u00e7et, rrug\u00ebt, shkollat, privatizimet e deri tek vjedhjet me tenderat p\u00ebr sup\u00ebn e \u00e7erdheve dhe klorin e ujit. Deri sot, sipas \u201cbllokut t\u00eb pagesave n\u00eb dor\u00eb\u201d dhe llogaris\u00eb bankare \u201cP\u00ebr f\u00ebmij\u00ebt shqiptar\u00eb\u201d, fondacioni i familjes \u201cSALI\u201d ka grumbulluar 38 milion\u00eb euro dhe 9.3 milion dollar\u00eb, duke u shfaqur ekraneve n\u00eb em\u00ebr t\u00eb k\u00ebtij fondacioni t\u00eb maskuar pas \u201chumanizmit\u201d.<\/p>\n<p>Pa llogaritur k\u00ebtu donacionet e qindra firmave vendase e t\u00eb huaja n\u00eb klering me veshje, produkte ushqimore, pajisje l\u00ebviz\u00ebse invalid\u00ebsh, kompjutera, televizor\u00eb, frigorifer\u00eb, soba, pagesa bursash studimore, kurimesh e operacionesh mjek\u00ebsore, pushime verore e dim\u00ebrore, pajisje arsimore e kulturore, ndihma me medikamente e pajisje spitalore, madje dhe me apartamente banimi. Kujtojm\u00eb, q\u00eb afro 15 dit\u00eb m\u00eb par\u00eb, Liri Berisha, njoftoi publikisht bizneset, se po \u201cmblidhen lek\u00eb n\u00eb em\u00ebr t\u00eb saj\u201d,duke i kujtuar ata, q\u00eb \u00e7do financim ta ark\u00ebtonin tek zyrat e fondacionit \u201cF\u00ebmij\u00ebt shqiptar\u00eb\u201d.<\/p>\n<p>Ne nuk e dim\u00eb sakt\u00ebsisht se sa miliona ka p\u00ebrdorur Liri Berisha nga fondet e mbledhura p\u00ebr \u201cF\u00ebmij\u00ebt shqiptar\u00eb\u201d, por 300 \u00e7anta shkolle, 200 pal\u00eb, libra, 1500 tollumbace, 1500 fishekzjarr\u00eb, 150 sandui\u00e7\u00eb, 5000 qofte, 1.5 ton oriz, sheqer e vaj, 6 komplete pune infermieresh, nj\u00eb kompjuter laptop q\u00eb iu dhurua maturantes q\u00eb shau jetim\u00ebt e t\u00eb vrar\u00ebve t\u00eb 21 janarit dhe 12 thas\u00eb me rrobe \u201cGABI\u201d q\u00eb u shp\u00ebrndan\u00eb p\u00ebr f\u00ebmij\u00ebt e G\u00ebrdecit, nuk besojm\u00eb se kushtojn\u00eb 38 milion\u00eb euro e 9.3 milion\u00eb dollar\u00eb!<\/p>\n<p>Sipas llogarive t\u00eb b\u00ebra, rezulton se \u201cN\u00ebn\u00eb-madhja\u201d LIRI, mbledh miliona p\u00ebr \u201cf\u00ebmij\u00ebt shqiptar\u00eb\u201d, por i \u00e7on tek f\u00ebmij\u00ebt e saj. N\u00ebse thot\u00eb \u201cJO\u201d, po qe se i ka \u201cduart t\u00eb pastra\u201d si qeveria e bashk\u00ebshortit t\u00eb saj, le t\u00eb publikoj\u00eb list\u00ebn me emrat dhe vlerat e \u201cbamir\u00ebsive\u201d q\u00eb ka grumbulluar k\u00ebto vite nga bizneset\u2026<\/p>\n","protected":false},"excerpt":{"rendered":"<p>Nga Kledian Lula, 2 Dhjetor 2011 kledianlula@ymail.com Familja kryeministrore \u201cBERISHA\u201d, po konfirmon qart\u00eb e p\u00ebrfundimisht bindjen e saj se parat\u00eb q\u00eb mblidhen rrug\u00ebve n\u00eb em\u00ebr fondacionesh fantazma \u201cjan\u00eb t\u00eb pastra\u201d. K\u00ebt\u00eb bindje, kishte SALIU edhe gjat\u00eb viteve 1992-1997, kur \u201cberish\u00ebt\u201d ishin \u201cfamilje presidenciale\u201d dhe \u201cbekuan\u201d me dekret bankar e qeveritar ngritjen dhe veprimtarin\u00eb e firmave [&hellip;]<\/p>\n","protected":false},"author":1,"featured_media":0,"comment_status":"open","ping_status":"closed","sticky":false,"template":"","format":"standard","meta":{"footnotes":""},"categories":[2],"tags":[],"class_list":{"0":"post-424","1":"post","2":"type-post","3":"status-publish","4":"format-standard","6":"category-artikuj"},"yoast_head":"<!-- This site is optimized with the Yoast SEO plugin v27.4 - https:\/\/yoast.com\/product\/yoast-seo-wordpress\/ -->\n<title>Saliu dhe Liria, tamam si Gani dhe Shemsie Kadria - FjALA e LIR\u00cb - Arkivi<\/title>\n<meta name=\"robots\" content=\"index, follow, max-snippet:-1, max-image-preview:large, max-video-preview:-1\" \/>\n<link rel=\"canonical\" href=\"https:\/\/fjala.info\/2009-2015\/saliu-dhe-liria-tamam-si-gani-dhe-shemsie-kadria\/\" \/>\n<meta property=\"og:locale\" content=\"sq_AL\" \/>\n<meta property=\"og:type\" content=\"article\" \/>\n<meta property=\"og:title\" content=\"Saliu dhe Liria, tamam si Gani dhe Shemsie Kadria - FjALA e LIR\u00cb - Arkivi\" \/>\n<meta property=\"og:description\" content=\"Nga Kledian Lula, 2 Dhjetor 2011 kledianlula@ymail.com Familja kryeministrore \u201cBERISHA\u201d, po konfirmon qart\u00eb e p\u00ebrfundimisht bindjen e saj se parat\u00eb q\u00eb mblidhen rrug\u00ebve n\u00eb em\u00ebr fondacionesh fantazma \u201cjan\u00eb t\u00eb pastra\u201d. K\u00ebt\u00eb bindje, kishte SALIU edhe gjat\u00eb viteve 1992-1997, kur \u201cberish\u00ebt\u201d ishin \u201cfamilje presidenciale\u201d dhe \u201cbekuan\u201d me dekret bankar e qeveritar ngritjen dhe veprimtarin\u00eb e firmave [&hellip;]\" \/>\n<meta property=\"og:url\" content=\"https:\/\/fjala.info\/2009-2015\/saliu-dhe-liria-tamam-si-gani-dhe-shemsie-kadria\/\" \/>\n<meta property=\"og:site_name\" content=\"FjALA e LIR\u00cb - Arkivi\" \/>\n<meta property=\"article:published_time\" content=\"2011-12-02T20:53:14+00:00\" \/>\n<meta property=\"og:image\" content=\"http:\/\/www.shkoder.net\/images\/fjala\/2010\/sali_liri_berisha.jpg\" \/>\n<meta name=\"author\" content=\"admin\" \/>\n<meta name=\"twitter:card\" content=\"summary_large_image\" \/>\n<meta name=\"twitter:label1\" content=\"Written by\" \/>\n\t<meta name=\"twitter:data1\" content=\"admin\" \/>\n\t<meta name=\"twitter:label2\" content=\"Est. reading time\" \/>\n\t<meta name=\"twitter:data2\" content=\"7 minutes\" \/>\n<script type=\"application\/ld+json\" class=\"yoast-schema-graph\">{\"@context\":\"https:\\\/\\\/schema.org\",\"@graph\":[{\"@type\":\"Article\",\"@id\":\"https:\\\/\\\/fjala.info\\\/2009-2015\\\/saliu-dhe-liria-tamam-si-gani-dhe-shemsie-kadria\\\/#article\",\"isPartOf\":{\"@id\":\"https:\\\/\\\/fjala.info\\\/2009-2015\\\/saliu-dhe-liria-tamam-si-gani-dhe-shemsie-kadria\\\/\"},\"author\":{\"name\":\"admin\",\"@id\":\"https:\\\/\\\/fjala.info\\\/2009-2015\\\/#\\\/schema\\\/person\\\/3aa1163ef05469c496fc94e77611ada2\"},\"headline\":\"Saliu dhe Liria, tamam si Gani dhe Shemsie Kadria\",\"datePublished\":\"2011-12-02T20:53:14+00:00\",\"mainEntityOfPage\":{\"@id\":\"https:\\\/\\\/fjala.info\\\/2009-2015\\\/saliu-dhe-liria-tamam-si-gani-dhe-shemsie-kadria\\\/\"},\"wordCount\":1332,\"commentCount\":0,\"publisher\":{\"@id\":\"https:\\\/\\\/fjala.info\\\/2009-2015\\\/#organization\"},\"image\":{\"@id\":\"https:\\\/\\\/fjala.info\\\/2009-2015\\\/saliu-dhe-liria-tamam-si-gani-dhe-shemsie-kadria\\\/#primaryimage\"},\"thumbnailUrl\":\"http:\\\/\\\/www.shkoder.net\\\/images\\\/fjala\\\/2010\\\/sali_liri_berisha.jpg\",\"articleSection\":[\"Artikuj\"],\"inLanguage\":\"sq-AL\",\"potentialAction\":[{\"@type\":\"CommentAction\",\"name\":\"Comment\",\"target\":[\"https:\\\/\\\/fjala.info\\\/2009-2015\\\/saliu-dhe-liria-tamam-si-gani-dhe-shemsie-kadria\\\/#respond\"]}]},{\"@type\":\"WebPage\",\"@id\":\"https:\\\/\\\/fjala.info\\\/2009-2015\\\/saliu-dhe-liria-tamam-si-gani-dhe-shemsie-kadria\\\/\",\"url\":\"https:\\\/\\\/fjala.info\\\/2009-2015\\\/saliu-dhe-liria-tamam-si-gani-dhe-shemsie-kadria\\\/\",\"name\":\"Saliu dhe Liria, tamam si Gani dhe Shemsie Kadria - FjALA e LIR\u00cb - Arkivi\",\"isPartOf\":{\"@id\":\"https:\\\/\\\/fjala.info\\\/2009-2015\\\/#website\"},\"primaryImageOfPage\":{\"@id\":\"https:\\\/\\\/fjala.info\\\/2009-2015\\\/saliu-dhe-liria-tamam-si-gani-dhe-shemsie-kadria\\\/#primaryimage\"},\"image\":{\"@id\":\"https:\\\/\\\/fjala.info\\\/2009-2015\\\/saliu-dhe-liria-tamam-si-gani-dhe-shemsie-kadria\\\/#primaryimage\"},\"thumbnailUrl\":\"http:\\\/\\\/www.shkoder.net\\\/images\\\/fjala\\\/2010\\\/sali_liri_berisha.jpg\",\"datePublished\":\"2011-12-02T20:53:14+00:00\",\"breadcrumb\":{\"@id\":\"https:\\\/\\\/fjala.info\\\/2009-2015\\\/saliu-dhe-liria-tamam-si-gani-dhe-shemsie-kadria\\\/#breadcrumb\"},\"inLanguage\":\"sq-AL\",\"potentialAction\":[{\"@type\":\"ReadAction\",\"target\":[\"https:\\\/\\\/fjala.info\\\/2009-2015\\\/saliu-dhe-liria-tamam-si-gani-dhe-shemsie-kadria\\\/\"]}]},{\"@type\":\"ImageObject\",\"inLanguage\":\"sq-AL\",\"@id\":\"https:\\\/\\\/fjala.info\\\/2009-2015\\\/saliu-dhe-liria-tamam-si-gani-dhe-shemsie-kadria\\\/#primaryimage\",\"url\":\"http:\\\/\\\/www.shkoder.net\\\/images\\\/fjala\\\/2010\\\/sali_liri_berisha.jpg\",\"contentUrl\":\"http:\\\/\\\/www.shkoder.net\\\/images\\\/fjala\\\/2010\\\/sali_liri_berisha.jpg\"},{\"@type\":\"BreadcrumbList\",\"@id\":\"https:\\\/\\\/fjala.info\\\/2009-2015\\\/saliu-dhe-liria-tamam-si-gani-dhe-shemsie-kadria\\\/#breadcrumb\",\"itemListElement\":[{\"@type\":\"ListItem\",\"position\":1,\"name\":\"Home\",\"item\":\"https:\\\/\\\/fjala.info\\\/2009-2015\\\/\"},{\"@type\":\"ListItem\",\"position\":2,\"name\":\"Saliu dhe Liria, tamam si Gani dhe Shemsie Kadria\"}]},{\"@type\":\"WebSite\",\"@id\":\"https:\\\/\\\/fjala.info\\\/2009-2015\\\/#website\",\"url\":\"https:\\\/\\\/fjala.info\\\/2009-2015\\\/\",\"name\":\"FjALA e LIR\u00cb - Arkivi\",\"description\":\"Arkivi 2009-2015\",\"publisher\":{\"@id\":\"https:\\\/\\\/fjala.info\\\/2009-2015\\\/#organization\"},\"potentialAction\":[{\"@type\":\"SearchAction\",\"target\":{\"@type\":\"EntryPoint\",\"urlTemplate\":\"https:\\\/\\\/fjala.info\\\/2009-2015\\\/?s={search_term_string}\"},\"query-input\":{\"@type\":\"PropertyValueSpecification\",\"valueRequired\":true,\"valueName\":\"search_term_string\"}}],\"inLanguage\":\"sq-AL\"},{\"@type\":\"Organization\",\"@id\":\"https:\\\/\\\/fjala.info\\\/2009-2015\\\/#organization\",\"name\":\"FjALA e LIR\u00cb - Arkivi\",\"url\":\"https:\\\/\\\/fjala.info\\\/2009-2015\\\/\",\"logo\":{\"@type\":\"ImageObject\",\"inLanguage\":\"sq-AL\",\"@id\":\"https:\\\/\\\/fjala.info\\\/2009-2015\\\/#\\\/schema\\\/logo\\\/image\\\/\",\"url\":\"\",\"contentUrl\":\"\",\"caption\":\"FjALA e LIR\u00cb - Arkivi\"},\"image\":{\"@id\":\"https:\\\/\\\/fjala.info\\\/2009-2015\\\/#\\\/schema\\\/logo\\\/image\\\/\"}},{\"@type\":\"Person\",\"@id\":\"https:\\\/\\\/fjala.info\\\/2009-2015\\\/#\\\/schema\\\/person\\\/3aa1163ef05469c496fc94e77611ada2\",\"name\":\"admin\",\"image\":{\"@type\":\"ImageObject\",\"inLanguage\":\"sq-AL\",\"@id\":\"https:\\\/\\\/fjala.info\\\/2009-2015\\\/wp-content\\\/uploads\\\/2012\\\/02\\\/arben_cokaj-120x150.jpg\",\"url\":\"https:\\\/\\\/fjala.info\\\/2009-2015\\\/wp-content\\\/uploads\\\/2012\\\/02\\\/arben_cokaj-120x150.jpg\",\"contentUrl\":\"https:\\\/\\\/fjala.info\\\/2009-2015\\\/wp-content\\\/uploads\\\/2012\\\/02\\\/arben_cokaj-120x150.jpg\",\"caption\":\"admin\"},\"description\":\"Admin, Fjala e Lir\u00eb\",\"sameAs\":[\"https:\\\/\\\/fjala.info\\\/\"],\"url\":\"https:\\\/\\\/fjala.info\\\/2009-2015\\\/author\\\/admin\\\/\"}]}<\/script>\n<!-- \/ Yoast SEO plugin. -->","yoast_head_json":{"title":"Saliu dhe Liria, tamam si Gani dhe Shemsie Kadria - FjALA e LIR\u00cb - Arkivi","robots":{"index":"index","follow":"follow","max-snippet":"max-snippet:-1","max-image-preview":"max-image-preview:large","max-video-preview":"max-video-preview:-1"},"canonical":"https:\/\/fjala.info\/2009-2015\/saliu-dhe-liria-tamam-si-gani-dhe-shemsie-kadria\/","og_locale":"sq_AL","og_type":"article","og_title":"Saliu dhe Liria, tamam si Gani dhe Shemsie Kadria - FjALA e LIR\u00cb - Arkivi","og_description":"Nga Kledian Lula, 2 Dhjetor 2011 kledianlula@ymail.com Familja kryeministrore \u201cBERISHA\u201d, po konfirmon qart\u00eb e p\u00ebrfundimisht bindjen e saj se parat\u00eb q\u00eb mblidhen rrug\u00ebve n\u00eb em\u00ebr fondacionesh fantazma \u201cjan\u00eb t\u00eb pastra\u201d. K\u00ebt\u00eb bindje, kishte SALIU edhe gjat\u00eb viteve 1992-1997, kur \u201cberish\u00ebt\u201d ishin \u201cfamilje presidenciale\u201d dhe \u201cbekuan\u201d me dekret bankar e qeveritar ngritjen dhe veprimtarin\u00eb e firmave [&hellip;]","og_url":"https:\/\/fjala.info\/2009-2015\/saliu-dhe-liria-tamam-si-gani-dhe-shemsie-kadria\/","og_site_name":"FjALA e LIR\u00cb - Arkivi","article_published_time":"2011-12-02T20:53:14+00:00","og_image":[{"url":"http:\/\/www.shkoder.net\/images\/fjala\/2010\/sali_liri_berisha.jpg","type":"","width":"","height":""}],"author":"admin","twitter_card":"summary_large_image","twitter_misc":{"Written by":"admin","Est. reading time":"7 minutes"},"schema":{"@context":"https:\/\/schema.org","@graph":[{"@type":"Article","@id":"https:\/\/fjala.info\/2009-2015\/saliu-dhe-liria-tamam-si-gani-dhe-shemsie-kadria\/#article","isPartOf":{"@id":"https:\/\/fjala.info\/2009-2015\/saliu-dhe-liria-tamam-si-gani-dhe-shemsie-kadria\/"},"author":{"name":"admin","@id":"https:\/\/fjala.info\/2009-2015\/#\/schema\/person\/3aa1163ef05469c496fc94e77611ada2"},"headline":"Saliu dhe Liria, tamam si Gani dhe Shemsie Kadria","datePublished":"2011-12-02T20:53:14+00:00","mainEntityOfPage":{"@id":"https:\/\/fjala.info\/2009-2015\/saliu-dhe-liria-tamam-si-gani-dhe-shemsie-kadria\/"},"wordCount":1332,"commentCount":0,"publisher":{"@id":"https:\/\/fjala.info\/2009-2015\/#organization"},"image":{"@id":"https:\/\/fjala.info\/2009-2015\/saliu-dhe-liria-tamam-si-gani-dhe-shemsie-kadria\/#primaryimage"},"thumbnailUrl":"http:\/\/www.shkoder.net\/images\/fjala\/2010\/sali_liri_berisha.jpg","articleSection":["Artikuj"],"inLanguage":"sq-AL","potentialAction":[{"@type":"CommentAction","name":"Comment","target":["https:\/\/fjala.info\/2009-2015\/saliu-dhe-liria-tamam-si-gani-dhe-shemsie-kadria\/#respond"]}]},{"@type":"WebPage","@id":"https:\/\/fjala.info\/2009-2015\/saliu-dhe-liria-tamam-si-gani-dhe-shemsie-kadria\/","url":"https:\/\/fjala.info\/2009-2015\/saliu-dhe-liria-tamam-si-gani-dhe-shemsie-kadria\/","name":"Saliu dhe Liria, tamam si Gani dhe Shemsie Kadria - FjALA e LIR\u00cb - Arkivi","isPartOf":{"@id":"https:\/\/fjala.info\/2009-2015\/#website"},"primaryImageOfPage":{"@id":"https:\/\/fjala.info\/2009-2015\/saliu-dhe-liria-tamam-si-gani-dhe-shemsie-kadria\/#primaryimage"},"image":{"@id":"https:\/\/fjala.info\/2009-2015\/saliu-dhe-liria-tamam-si-gani-dhe-shemsie-kadria\/#primaryimage"},"thumbnailUrl":"http:\/\/www.shkoder.net\/images\/fjala\/2010\/sali_liri_berisha.jpg","datePublished":"2011-12-02T20:53:14+00:00","breadcrumb":{"@id":"https:\/\/fjala.info\/2009-2015\/saliu-dhe-liria-tamam-si-gani-dhe-shemsie-kadria\/#breadcrumb"},"inLanguage":"sq-AL","potentialAction":[{"@type":"ReadAction","target":["https:\/\/fjala.info\/2009-2015\/saliu-dhe-liria-tamam-si-gani-dhe-shemsie-kadria\/"]}]},{"@type":"ImageObject","inLanguage":"sq-AL","@id":"https:\/\/fjala.info\/2009-2015\/saliu-dhe-liria-tamam-si-gani-dhe-shemsie-kadria\/#primaryimage","url":"http:\/\/www.shkoder.net\/images\/fjala\/2010\/sali_liri_berisha.jpg","contentUrl":"http:\/\/www.shkoder.net\/images\/fjala\/2010\/sali_liri_berisha.jpg"},{"@type":"BreadcrumbList","@id":"https:\/\/fjala.info\/2009-2015\/saliu-dhe-liria-tamam-si-gani-dhe-shemsie-kadria\/#breadcrumb","itemListElement":[{"@type":"ListItem","position":1,"name":"Home","item":"https:\/\/fjala.info\/2009-2015\/"},{"@type":"ListItem","position":2,"name":"Saliu dhe Liria, tamam si Gani dhe Shemsie Kadria"}]},{"@type":"WebSite","@id":"https:\/\/fjala.info\/2009-2015\/#website","url":"https:\/\/fjala.info\/2009-2015\/","name":"FjALA e LIR\u00cb - Arkivi","description":"Arkivi 2009-2015","publisher":{"@id":"https:\/\/fjala.info\/2009-2015\/#organization"},"potentialAction":[{"@type":"SearchAction","target":{"@type":"EntryPoint","urlTemplate":"https:\/\/fjala.info\/2009-2015\/?s={search_term_string}"},"query-input":{"@type":"PropertyValueSpecification","valueRequired":true,"valueName":"search_term_string"}}],"inLanguage":"sq-AL"},{"@type":"Organization","@id":"https:\/\/fjala.info\/2009-2015\/#organization","name":"FjALA e LIR\u00cb - Arkivi","url":"https:\/\/fjala.info\/2009-2015\/","logo":{"@type":"ImageObject","inLanguage":"sq-AL","@id":"https:\/\/fjala.info\/2009-2015\/#\/schema\/logo\/image\/","url":"","contentUrl":"","caption":"FjALA e LIR\u00cb - Arkivi"},"image":{"@id":"https:\/\/fjala.info\/2009-2015\/#\/schema\/logo\/image\/"}},{"@type":"Person","@id":"https:\/\/fjala.info\/2009-2015\/#\/schema\/person\/3aa1163ef05469c496fc94e77611ada2","name":"admin","image":{"@type":"ImageObject","inLanguage":"sq-AL","@id":"https:\/\/fjala.info\/2009-2015\/wp-content\/uploads\/2012\/02\/arben_cokaj-120x150.jpg","url":"https:\/\/fjala.info\/2009-2015\/wp-content\/uploads\/2012\/02\/arben_cokaj-120x150.jpg","contentUrl":"https:\/\/fjala.info\/2009-2015\/wp-content\/uploads\/2012\/02\/arben_cokaj-120x150.jpg","caption":"admin"},"description":"Admin, Fjala e Lir\u00eb","sameAs":["https:\/\/fjala.info\/"],"url":"https:\/\/fjala.info\/2009-2015\/author\/admin\/"}]}},"_links":{"self":[{"href":"https:\/\/fjala.info\/2009-2015\/wp-json\/wp\/v2\/posts\/424","targetHints":{"allow":["GET"]}}],"collection":[{"href":"https:\/\/fjala.info\/2009-2015\/wp-json\/wp\/v2\/posts"}],"about":[{"href":"https:\/\/fjala.info\/2009-2015\/wp-json\/wp\/v2\/types\/post"}],"author":[{"embeddable":true,"href":"https:\/\/fjala.info\/2009-2015\/wp-json\/wp\/v2\/users\/1"}],"replies":[{"embeddable":true,"href":"https:\/\/fjala.info\/2009-2015\/wp-json\/wp\/v2\/comments?post=424"}],"version-history":[{"count":0,"href":"https:\/\/fjala.info\/2009-2015\/wp-json\/wp\/v2\/posts\/424\/revisions"}],"wp:attachment":[{"href":"https:\/\/fjala.info\/2009-2015\/wp-json\/wp\/v2\/media?parent=424"}],"wp:term":[{"taxonomy":"category","embeddable":true,"href":"https:\/\/fjala.info\/2009-2015\/wp-json\/wp\/v2\/categories?post=424"},{"taxonomy":"post_tag","embeddable":true,"href":"https:\/\/fjala.info\/2009-2015\/wp-json\/wp\/v2\/tags?post=424"}],"curies":[{"name":"wp","href":"https:\/\/api.w.org\/{rel}","templated":true}]}}