{"id":4237,"date":"2012-08-06T21:50:16","date_gmt":"2012-08-06T20:50:16","guid":{"rendered":"http:\/\/www.fjala.info\/?p=4237"},"modified":"2012-08-06T21:50:16","modified_gmt":"2012-08-06T20:50:16","slug":"shoferi-i-sali-berishes-me-galeri-ne-bulqize-cili-imunitet-e-mbron-ate-faksimilet","status":"publish","type":"post","link":"https:\/\/fjala.info\/2009-2015\/shoferi-i-sali-berishes-me-galeri-ne-bulqize-cili-imunitet-e-mbron-ate-faksimilet\/","title":{"rendered":"\u201cShoferi i Sali Berish\u00ebs me galeri n\u00eb Bulqiz\u00eb. Cili imunitet e mbron at\u00eb?\u201d (FAKSIMILET)"},"content":{"rendered":"<p><strong>TemA<\/strong>, <em>6 Gusht 2012<\/em><\/p>\n<p>Deputeti i Partis\u00eb Socialiste, Sajmir Tahiri, duke folur n\u00eb seanc\u00ebn e Kuvendit p\u00ebr ndryshimet kushtetuese q\u00eb parashikojn\u00eb kufizimin e imunitetit, tha se socialist\u00ebt k\u00ebrkojn\u00eb heqjen e imunitetit, por duan edhe garanci nga sistemi i drejt\u00ebsis\u00eb n\u00eb Shqip\u00ebri. Tahiri solli nj\u00eb shembull, at\u00eb t\u00eb shoferit t\u00eb kryeministrit Sali Berisha, i cili ka n\u00eb pron\u00ebsi edhe nj\u00eb galeri kromi n\u00eb Bulqiz\u00eb.<\/p>\n<p><img decoding=\"async\" class=\"aligncenter size-thumbnail wp-image-7236\" title=\"Shoferi i Berish\u00ebs\" src=\"http:\/\/www.fjala.info\/2012\/shoferi_i_berishes.jpg\" alt=\"\" width=\"500\" \/><\/p>\n<p>\u201c<em>Kush \u00ebsht\u00eb Met Shkreli zoti kryeminist\u00ebr? \u00cbsht\u00eb nj\u00eb oficer n\u00eb Garde, prej m\u00eb shum\u00eb se 10 vjet\u00ebsh \u00ebsht\u00eb shofer i Berish\u00ebs. Ai ka bler\u00eb 49% t\u00eb aksioneve t\u00eb shoq\u00ebris\u00eb \u201cMiti 03\u201d dhe ka nj\u00eb galeri kromi n\u00eb Bulqiz\u00eb. Mendoni se ku \u00ebsht\u00eb katandisur pasuria komb\u00ebtare. \u00c7far\u00eb lloj imuniteti ka shoferi yt, p\u00ebrve\u00e7 t\u00eb pasurit imunitet personal prej teje. Nuk ka shofer kryeministri n\u00eb bot\u00eb q\u00eb t\u00eb ket\u00eb galeri kromi. Kemi m\u00eb shum\u00eb se 5 muaj q\u00eb k\u00ebrkojm\u00eb interpelanc\u00eb p\u00ebr masakr\u00ebn q\u00eb po ndodh n\u00eb Bulqiz\u00eb<\/em>,\u201d tha Tahiri.<\/p>\n<p><img decoding=\"async\" class=\"aligncenter size-thumbnail wp-image-7236\" title=\"Shoferi - galeri - faksimile\" src=\"http:\/\/www.fjala.info\/2012\/shoferi_galeri.jpg\" alt=\"\" width=\"500\" \/><\/p>\n<p><img decoding=\"async\" class=\"aligncenter size-thumbnail wp-image-7236\" title=\"Shoferi - galeri - faksimile\" src=\"http:\/\/www.fjala.info\/2012\/shoferi_galeri1.jpg\" alt=\"\" width=\"500\" \/><\/p>\n","protected":false},"excerpt":{"rendered":"<p>TemA, 6 Gusht 2012 Deputeti i Partis\u00eb Socialiste, Sajmir Tahiri, duke folur n\u00eb seanc\u00ebn e Kuvendit p\u00ebr ndryshimet kushtetuese q\u00eb parashikojn\u00eb kufizimin e imunitetit, tha se socialist\u00ebt k\u00ebrkojn\u00eb heqjen e imunitetit, por duan edhe garanci nga sistemi i drejt\u00ebsis\u00eb n\u00eb Shqip\u00ebri. Tahiri solli nj\u00eb shembull, at\u00eb t\u00eb shoferit t\u00eb kryeministrit Sali Berisha, i cili ka [&hellip;]<\/p>\n","protected":false},"author":1,"featured_media":0,"comment_status":"open","ping_status":"closed","sticky":false,"template":"","format":"standard","meta":{"footnotes":""},"categories":[2,5],"tags":[],"class_list":{"0":"post-4237","1":"post","2":"type-post","3":"status-publish","4":"format-standard","6":"category-artikuj","7":"category-lajme"},"yoast_head":"<!-- This site is optimized with the Yoast SEO plugin v27.4 - https:\/\/yoast.com\/product\/yoast-seo-wordpress\/ -->\n<title>\u201cShoferi i Sali Berish\u00ebs me galeri n\u00eb Bulqiz\u00eb. Cili imunitet e mbron at\u00eb?\u201d (FAKSIMILET) - FjALA e LIR\u00cb - Arkivi<\/title>\n<meta name=\"robots\" content=\"index, follow, max-snippet:-1, max-image-preview:large, max-video-preview:-1\" \/>\n<link rel=\"canonical\" href=\"https:\/\/fjala.info\/2009-2015\/shoferi-i-sali-berishes-me-galeri-ne-bulqize-cili-imunitet-e-mbron-ate-faksimilet\/\" \/>\n<meta property=\"og:locale\" content=\"sq_AL\" \/>\n<meta property=\"og:type\" content=\"article\" \/>\n<meta property=\"og:title\" content=\"\u201cShoferi i Sali Berish\u00ebs me galeri n\u00eb Bulqiz\u00eb. Cili imunitet e mbron at\u00eb?\u201d (FAKSIMILET) - FjALA e LIR\u00cb - Arkivi\" \/>\n<meta property=\"og:description\" content=\"TemA, 6 Gusht 2012 Deputeti i Partis\u00eb Socialiste, Sajmir Tahiri, duke folur n\u00eb seanc\u00ebn e Kuvendit p\u00ebr ndryshimet kushtetuese q\u00eb parashikojn\u00eb kufizimin e imunitetit, tha se socialist\u00ebt k\u00ebrkojn\u00eb heqjen e imunitetit, por duan edhe garanci nga sistemi i drejt\u00ebsis\u00eb n\u00eb Shqip\u00ebri. Tahiri solli nj\u00eb shembull, at\u00eb t\u00eb shoferit t\u00eb kryeministrit Sali Berisha, i cili ka [&hellip;]\" \/>\n<meta property=\"og:url\" content=\"https:\/\/fjala.info\/2009-2015\/shoferi-i-sali-berishes-me-galeri-ne-bulqize-cili-imunitet-e-mbron-ate-faksimilet\/\" \/>\n<meta property=\"og:site_name\" content=\"FjALA e LIR\u00cb - Arkivi\" \/>\n<meta property=\"article:published_time\" content=\"2012-08-06T20:50:16+00:00\" \/>\n<meta property=\"og:image\" content=\"http:\/\/www.fjala.info\/2012\/shoferi_i_berishes.jpg\" \/>\n<meta name=\"author\" content=\"admin\" \/>\n<meta name=\"twitter:card\" content=\"summary_large_image\" \/>\n<meta name=\"twitter:label1\" content=\"Written by\" \/>\n\t<meta name=\"twitter:data1\" content=\"admin\" \/>\n\t<meta name=\"twitter:label2\" content=\"Est. reading time\" \/>\n\t<meta name=\"twitter:data2\" content=\"1 minute\" \/>\n<script type=\"application\/ld+json\" class=\"yoast-schema-graph\">{\"@context\":\"https:\\\/\\\/schema.org\",\"@graph\":[{\"@type\":\"Article\",\"@id\":\"https:\\\/\\\/fjala.info\\\/2009-2015\\\/shoferi-i-sali-berishes-me-galeri-ne-bulqize-cili-imunitet-e-mbron-ate-faksimilet\\\/#article\",\"isPartOf\":{\"@id\":\"https:\\\/\\\/fjala.info\\\/2009-2015\\\/shoferi-i-sali-berishes-me-galeri-ne-bulqize-cili-imunitet-e-mbron-ate-faksimilet\\\/\"},\"author\":{\"name\":\"admin\",\"@id\":\"https:\\\/\\\/fjala.info\\\/2009-2015\\\/#\\\/schema\\\/person\\\/3aa1163ef05469c496fc94e77611ada2\"},\"headline\":\"\u201cShoferi i Sali Berish\u00ebs me galeri n\u00eb Bulqiz\u00eb. Cili imunitet e mbron at\u00eb?\u201d (FAKSIMILET)\",\"datePublished\":\"2012-08-06T20:50:16+00:00\",\"mainEntityOfPage\":{\"@id\":\"https:\\\/\\\/fjala.info\\\/2009-2015\\\/shoferi-i-sali-berishes-me-galeri-ne-bulqize-cili-imunitet-e-mbron-ate-faksimilet\\\/\"},\"wordCount\":175,\"commentCount\":0,\"publisher\":{\"@id\":\"https:\\\/\\\/fjala.info\\\/2009-2015\\\/#organization\"},\"image\":{\"@id\":\"https:\\\/\\\/fjala.info\\\/2009-2015\\\/shoferi-i-sali-berishes-me-galeri-ne-bulqize-cili-imunitet-e-mbron-ate-faksimilet\\\/#primaryimage\"},\"thumbnailUrl\":\"http:\\\/\\\/www.fjala.info\\\/2012\\\/shoferi_i_berishes.jpg\",\"articleSection\":[\"Artikuj\",\"Lajme\"],\"inLanguage\":\"sq-AL\",\"potentialAction\":[{\"@type\":\"CommentAction\",\"name\":\"Comment\",\"target\":[\"https:\\\/\\\/fjala.info\\\/2009-2015\\\/shoferi-i-sali-berishes-me-galeri-ne-bulqize-cili-imunitet-e-mbron-ate-faksimilet\\\/#respond\"]}]},{\"@type\":\"WebPage\",\"@id\":\"https:\\\/\\\/fjala.info\\\/2009-2015\\\/shoferi-i-sali-berishes-me-galeri-ne-bulqize-cili-imunitet-e-mbron-ate-faksimilet\\\/\",\"url\":\"https:\\\/\\\/fjala.info\\\/2009-2015\\\/shoferi-i-sali-berishes-me-galeri-ne-bulqize-cili-imunitet-e-mbron-ate-faksimilet\\\/\",\"name\":\"\u201cShoferi i Sali Berish\u00ebs me galeri n\u00eb Bulqiz\u00eb. Cili imunitet e mbron at\u00eb?\u201d (FAKSIMILET) - FjALA e LIR\u00cb - Arkivi\",\"isPartOf\":{\"@id\":\"https:\\\/\\\/fjala.info\\\/2009-2015\\\/#website\"},\"primaryImageOfPage\":{\"@id\":\"https:\\\/\\\/fjala.info\\\/2009-2015\\\/shoferi-i-sali-berishes-me-galeri-ne-bulqize-cili-imunitet-e-mbron-ate-faksimilet\\\/#primaryimage\"},\"image\":{\"@id\":\"https:\\\/\\\/fjala.info\\\/2009-2015\\\/shoferi-i-sali-berishes-me-galeri-ne-bulqize-cili-imunitet-e-mbron-ate-faksimilet\\\/#primaryimage\"},\"thumbnailUrl\":\"http:\\\/\\\/www.fjala.info\\\/2012\\\/shoferi_i_berishes.jpg\",\"datePublished\":\"2012-08-06T20:50:16+00:00\",\"breadcrumb\":{\"@id\":\"https:\\\/\\\/fjala.info\\\/2009-2015\\\/shoferi-i-sali-berishes-me-galeri-ne-bulqize-cili-imunitet-e-mbron-ate-faksimilet\\\/#breadcrumb\"},\"inLanguage\":\"sq-AL\",\"potentialAction\":[{\"@type\":\"ReadAction\",\"target\":[\"https:\\\/\\\/fjala.info\\\/2009-2015\\\/shoferi-i-sali-berishes-me-galeri-ne-bulqize-cili-imunitet-e-mbron-ate-faksimilet\\\/\"]}]},{\"@type\":\"ImageObject\",\"inLanguage\":\"sq-AL\",\"@id\":\"https:\\\/\\\/fjala.info\\\/2009-2015\\\/shoferi-i-sali-berishes-me-galeri-ne-bulqize-cili-imunitet-e-mbron-ate-faksimilet\\\/#primaryimage\",\"url\":\"http:\\\/\\\/www.fjala.info\\\/2012\\\/shoferi_i_berishes.jpg\",\"contentUrl\":\"http:\\\/\\\/www.fjala.info\\\/2012\\\/shoferi_i_berishes.jpg\"},{\"@type\":\"BreadcrumbList\",\"@id\":\"https:\\\/\\\/fjala.info\\\/2009-2015\\\/shoferi-i-sali-berishes-me-galeri-ne-bulqize-cili-imunitet-e-mbron-ate-faksimilet\\\/#breadcrumb\",\"itemListElement\":[{\"@type\":\"ListItem\",\"position\":1,\"name\":\"Home\",\"item\":\"https:\\\/\\\/fjala.info\\\/2009-2015\\\/\"},{\"@type\":\"ListItem\",\"position\":2,\"name\":\"\u201cShoferi i Sali Berish\u00ebs me galeri n\u00eb Bulqiz\u00eb. Cili imunitet e mbron at\u00eb?\u201d (FAKSIMILET)\"}]},{\"@type\":\"WebSite\",\"@id\":\"https:\\\/\\\/fjala.info\\\/2009-2015\\\/#website\",\"url\":\"https:\\\/\\\/fjala.info\\\/2009-2015\\\/\",\"name\":\"FjALA e LIR\u00cb - Arkivi\",\"description\":\"Arkivi 2009-2015\",\"publisher\":{\"@id\":\"https:\\\/\\\/fjala.info\\\/2009-2015\\\/#organization\"},\"potentialAction\":[{\"@type\":\"SearchAction\",\"target\":{\"@type\":\"EntryPoint\",\"urlTemplate\":\"https:\\\/\\\/fjala.info\\\/2009-2015\\\/?s={search_term_string}\"},\"query-input\":{\"@type\":\"PropertyValueSpecification\",\"valueRequired\":true,\"valueName\":\"search_term_string\"}}],\"inLanguage\":\"sq-AL\"},{\"@type\":\"Organization\",\"@id\":\"https:\\\/\\\/fjala.info\\\/2009-2015\\\/#organization\",\"name\":\"FjALA e LIR\u00cb - Arkivi\",\"url\":\"https:\\\/\\\/fjala.info\\\/2009-2015\\\/\",\"logo\":{\"@type\":\"ImageObject\",\"inLanguage\":\"sq-AL\",\"@id\":\"https:\\\/\\\/fjala.info\\\/2009-2015\\\/#\\\/schema\\\/logo\\\/image\\\/\",\"url\":\"\",\"contentUrl\":\"\",\"caption\":\"FjALA e LIR\u00cb - Arkivi\"},\"image\":{\"@id\":\"https:\\\/\\\/fjala.info\\\/2009-2015\\\/#\\\/schema\\\/logo\\\/image\\\/\"}},{\"@type\":\"Person\",\"@id\":\"https:\\\/\\\/fjala.info\\\/2009-2015\\\/#\\\/schema\\\/person\\\/3aa1163ef05469c496fc94e77611ada2\",\"name\":\"admin\",\"image\":{\"@type\":\"ImageObject\",\"inLanguage\":\"sq-AL\",\"@id\":\"https:\\\/\\\/fjala.info\\\/2009-2015\\\/wp-content\\\/uploads\\\/2012\\\/02\\\/arben_cokaj-120x150.jpg\",\"url\":\"https:\\\/\\\/fjala.info\\\/2009-2015\\\/wp-content\\\/uploads\\\/2012\\\/02\\\/arben_cokaj-120x150.jpg\",\"contentUrl\":\"https:\\\/\\\/fjala.info\\\/2009-2015\\\/wp-content\\\/uploads\\\/2012\\\/02\\\/arben_cokaj-120x150.jpg\",\"caption\":\"admin\"},\"description\":\"Admin, Fjala e Lir\u00eb\",\"sameAs\":[\"https:\\\/\\\/fjala.info\\\/\"],\"url\":\"https:\\\/\\\/fjala.info\\\/2009-2015\\\/author\\\/admin\\\/\"}]}<\/script>\n<!-- \/ Yoast SEO plugin. -->","yoast_head_json":{"title":"\u201cShoferi i Sali Berish\u00ebs me galeri n\u00eb Bulqiz\u00eb. Cili imunitet e mbron at\u00eb?\u201d (FAKSIMILET) - FjALA e LIR\u00cb - Arkivi","robots":{"index":"index","follow":"follow","max-snippet":"max-snippet:-1","max-image-preview":"max-image-preview:large","max-video-preview":"max-video-preview:-1"},"canonical":"https:\/\/fjala.info\/2009-2015\/shoferi-i-sali-berishes-me-galeri-ne-bulqize-cili-imunitet-e-mbron-ate-faksimilet\/","og_locale":"sq_AL","og_type":"article","og_title":"\u201cShoferi i Sali Berish\u00ebs me galeri n\u00eb Bulqiz\u00eb. Cili imunitet e mbron at\u00eb?\u201d (FAKSIMILET) - FjALA e LIR\u00cb - Arkivi","og_description":"TemA, 6 Gusht 2012 Deputeti i Partis\u00eb Socialiste, Sajmir Tahiri, duke folur n\u00eb seanc\u00ebn e Kuvendit p\u00ebr ndryshimet kushtetuese q\u00eb parashikojn\u00eb kufizimin e imunitetit, tha se socialist\u00ebt k\u00ebrkojn\u00eb heqjen e imunitetit, por duan edhe garanci nga sistemi i drejt\u00ebsis\u00eb n\u00eb Shqip\u00ebri. Tahiri solli nj\u00eb shembull, at\u00eb t\u00eb shoferit t\u00eb kryeministrit Sali Berisha, i cili ka [&hellip;]","og_url":"https:\/\/fjala.info\/2009-2015\/shoferi-i-sali-berishes-me-galeri-ne-bulqize-cili-imunitet-e-mbron-ate-faksimilet\/","og_site_name":"FjALA e LIR\u00cb - Arkivi","article_published_time":"2012-08-06T20:50:16+00:00","og_image":[{"url":"http:\/\/www.fjala.info\/2012\/shoferi_i_berishes.jpg","type":"","width":"","height":""}],"author":"admin","twitter_card":"summary_large_image","twitter_misc":{"Written by":"admin","Est. reading time":"1 minute"},"schema":{"@context":"https:\/\/schema.org","@graph":[{"@type":"Article","@id":"https:\/\/fjala.info\/2009-2015\/shoferi-i-sali-berishes-me-galeri-ne-bulqize-cili-imunitet-e-mbron-ate-faksimilet\/#article","isPartOf":{"@id":"https:\/\/fjala.info\/2009-2015\/shoferi-i-sali-berishes-me-galeri-ne-bulqize-cili-imunitet-e-mbron-ate-faksimilet\/"},"author":{"name":"admin","@id":"https:\/\/fjala.info\/2009-2015\/#\/schema\/person\/3aa1163ef05469c496fc94e77611ada2"},"headline":"\u201cShoferi i Sali Berish\u00ebs me galeri n\u00eb Bulqiz\u00eb. Cili imunitet e mbron at\u00eb?\u201d (FAKSIMILET)","datePublished":"2012-08-06T20:50:16+00:00","mainEntityOfPage":{"@id":"https:\/\/fjala.info\/2009-2015\/shoferi-i-sali-berishes-me-galeri-ne-bulqize-cili-imunitet-e-mbron-ate-faksimilet\/"},"wordCount":175,"commentCount":0,"publisher":{"@id":"https:\/\/fjala.info\/2009-2015\/#organization"},"image":{"@id":"https:\/\/fjala.info\/2009-2015\/shoferi-i-sali-berishes-me-galeri-ne-bulqize-cili-imunitet-e-mbron-ate-faksimilet\/#primaryimage"},"thumbnailUrl":"http:\/\/www.fjala.info\/2012\/shoferi_i_berishes.jpg","articleSection":["Artikuj","Lajme"],"inLanguage":"sq-AL","potentialAction":[{"@type":"CommentAction","name":"Comment","target":["https:\/\/fjala.info\/2009-2015\/shoferi-i-sali-berishes-me-galeri-ne-bulqize-cili-imunitet-e-mbron-ate-faksimilet\/#respond"]}]},{"@type":"WebPage","@id":"https:\/\/fjala.info\/2009-2015\/shoferi-i-sali-berishes-me-galeri-ne-bulqize-cili-imunitet-e-mbron-ate-faksimilet\/","url":"https:\/\/fjala.info\/2009-2015\/shoferi-i-sali-berishes-me-galeri-ne-bulqize-cili-imunitet-e-mbron-ate-faksimilet\/","name":"\u201cShoferi i Sali Berish\u00ebs me galeri n\u00eb Bulqiz\u00eb. Cili imunitet e mbron at\u00eb?\u201d (FAKSIMILET) - FjALA e LIR\u00cb - Arkivi","isPartOf":{"@id":"https:\/\/fjala.info\/2009-2015\/#website"},"primaryImageOfPage":{"@id":"https:\/\/fjala.info\/2009-2015\/shoferi-i-sali-berishes-me-galeri-ne-bulqize-cili-imunitet-e-mbron-ate-faksimilet\/#primaryimage"},"image":{"@id":"https:\/\/fjala.info\/2009-2015\/shoferi-i-sali-berishes-me-galeri-ne-bulqize-cili-imunitet-e-mbron-ate-faksimilet\/#primaryimage"},"thumbnailUrl":"http:\/\/www.fjala.info\/2012\/shoferi_i_berishes.jpg","datePublished":"2012-08-06T20:50:16+00:00","breadcrumb":{"@id":"https:\/\/fjala.info\/2009-2015\/shoferi-i-sali-berishes-me-galeri-ne-bulqize-cili-imunitet-e-mbron-ate-faksimilet\/#breadcrumb"},"inLanguage":"sq-AL","potentialAction":[{"@type":"ReadAction","target":["https:\/\/fjala.info\/2009-2015\/shoferi-i-sali-berishes-me-galeri-ne-bulqize-cili-imunitet-e-mbron-ate-faksimilet\/"]}]},{"@type":"ImageObject","inLanguage":"sq-AL","@id":"https:\/\/fjala.info\/2009-2015\/shoferi-i-sali-berishes-me-galeri-ne-bulqize-cili-imunitet-e-mbron-ate-faksimilet\/#primaryimage","url":"http:\/\/www.fjala.info\/2012\/shoferi_i_berishes.jpg","contentUrl":"http:\/\/www.fjala.info\/2012\/shoferi_i_berishes.jpg"},{"@type":"BreadcrumbList","@id":"https:\/\/fjala.info\/2009-2015\/shoferi-i-sali-berishes-me-galeri-ne-bulqize-cili-imunitet-e-mbron-ate-faksimilet\/#breadcrumb","itemListElement":[{"@type":"ListItem","position":1,"name":"Home","item":"https:\/\/fjala.info\/2009-2015\/"},{"@type":"ListItem","position":2,"name":"\u201cShoferi i Sali Berish\u00ebs me galeri n\u00eb Bulqiz\u00eb. Cili imunitet e mbron at\u00eb?\u201d (FAKSIMILET)"}]},{"@type":"WebSite","@id":"https:\/\/fjala.info\/2009-2015\/#website","url":"https:\/\/fjala.info\/2009-2015\/","name":"FjALA e LIR\u00cb - Arkivi","description":"Arkivi 2009-2015","publisher":{"@id":"https:\/\/fjala.info\/2009-2015\/#organization"},"potentialAction":[{"@type":"SearchAction","target":{"@type":"EntryPoint","urlTemplate":"https:\/\/fjala.info\/2009-2015\/?s={search_term_string}"},"query-input":{"@type":"PropertyValueSpecification","valueRequired":true,"valueName":"search_term_string"}}],"inLanguage":"sq-AL"},{"@type":"Organization","@id":"https:\/\/fjala.info\/2009-2015\/#organization","name":"FjALA e LIR\u00cb - Arkivi","url":"https:\/\/fjala.info\/2009-2015\/","logo":{"@type":"ImageObject","inLanguage":"sq-AL","@id":"https:\/\/fjala.info\/2009-2015\/#\/schema\/logo\/image\/","url":"","contentUrl":"","caption":"FjALA e LIR\u00cb - Arkivi"},"image":{"@id":"https:\/\/fjala.info\/2009-2015\/#\/schema\/logo\/image\/"}},{"@type":"Person","@id":"https:\/\/fjala.info\/2009-2015\/#\/schema\/person\/3aa1163ef05469c496fc94e77611ada2","name":"admin","image":{"@type":"ImageObject","inLanguage":"sq-AL","@id":"https:\/\/fjala.info\/2009-2015\/wp-content\/uploads\/2012\/02\/arben_cokaj-120x150.jpg","url":"https:\/\/fjala.info\/2009-2015\/wp-content\/uploads\/2012\/02\/arben_cokaj-120x150.jpg","contentUrl":"https:\/\/fjala.info\/2009-2015\/wp-content\/uploads\/2012\/02\/arben_cokaj-120x150.jpg","caption":"admin"},"description":"Admin, Fjala e Lir\u00eb","sameAs":["https:\/\/fjala.info\/"],"url":"https:\/\/fjala.info\/2009-2015\/author\/admin\/"}]}},"_links":{"self":[{"href":"https:\/\/fjala.info\/2009-2015\/wp-json\/wp\/v2\/posts\/4237","targetHints":{"allow":["GET"]}}],"collection":[{"href":"https:\/\/fjala.info\/2009-2015\/wp-json\/wp\/v2\/posts"}],"about":[{"href":"https:\/\/fjala.info\/2009-2015\/wp-json\/wp\/v2\/types\/post"}],"author":[{"embeddable":true,"href":"https:\/\/fjala.info\/2009-2015\/wp-json\/wp\/v2\/users\/1"}],"replies":[{"embeddable":true,"href":"https:\/\/fjala.info\/2009-2015\/wp-json\/wp\/v2\/comments?post=4237"}],"version-history":[{"count":0,"href":"https:\/\/fjala.info\/2009-2015\/wp-json\/wp\/v2\/posts\/4237\/revisions"}],"wp:attachment":[{"href":"https:\/\/fjala.info\/2009-2015\/wp-json\/wp\/v2\/media?parent=4237"}],"wp:term":[{"taxonomy":"category","embeddable":true,"href":"https:\/\/fjala.info\/2009-2015\/wp-json\/wp\/v2\/categories?post=4237"},{"taxonomy":"post_tag","embeddable":true,"href":"https:\/\/fjala.info\/2009-2015\/wp-json\/wp\/v2\/tags?post=4237"}],"curies":[{"name":"wp","href":"https:\/\/api.w.org\/{rel}","templated":true}]}}