{"id":4236,"date":"2010-10-09T08:46:09","date_gmt":"2010-10-09T07:46:09","guid":{"rendered":"http:\/\/fjala.shkoder.net\/?p=4236"},"modified":"2010-10-09T08:46:09","modified_gmt":"2010-10-09T07:46:09","slug":"mafia-majlinda-bregu-ne-hetim","status":"publish","type":"post","link":"https:\/\/fjala.info\/2009-2015\/mafia-majlinda-bregu-ne-hetim\/","title":{"rendered":"Mafia, Majlinda Bregu n\u00eb hetim"},"content":{"rendered":"<p><img loading=\"lazy\" decoding=\"async\" class=\"alignright size-medium wp-image-4237\" title=\"Majlinda Bregu e korruptuar - 6 tetor 2010\" src=\"http:\/\/fjala.shkoder.net\/wp-content\/uploads\/2010\/10\/majlinda_bregu_korruptuar_6_tetor_2010-300x191.jpg\" alt=\"\" width=\"300\" height=\"191\" \/><\/p>\n<p><strong>Flamur Vezaj<\/strong>, <em>09.10.2010<\/em><\/p>\n<p><em>TIRAN\u00cb <\/em>&#8211; Task-Forca e prokuroris\u00eb s\u00eb Vlor\u00ebs, nis hetimet p\u00ebr &#8220;pastrim t\u00eb parave&#8221; ndaj dy kunet\u00ebrve t\u00eb ministres s\u00eb Integrimit, znj. Majlinda Bregu, duke p\u00ebrfshir\u00eb k\u00ebt\u00eb t\u00eb fundit n\u00eb hetim pasuror n\u00eb baz\u00eb t\u00eb ligjit &#8220;Antimafia&#8221;.<\/p>\n<p>Lajmi konfirmohet nga burimet zyrtare t\u00eb Prokuroris\u00eb s\u00eb P\u00ebrgjithshme dhe nj\u00ebsis\u00eb s\u00eb p\u00ebrbashk\u00ebt hetimore n\u00eb luft\u00ebn kund\u00ebr krimit ekonomiko-financiar n\u00eb prokurorin\u00eb e Vlor\u00ebs.<\/p>\n<p>Sipas k\u00ebtyre burimeve, nga sekuestrimi i dokumenteve n\u00eb Qendr\u00ebn Komb\u00ebtare t\u00eb Regjistrimit, ka rezultuar se dy kunet\u00ebrit e ministres Bregu, shtetasit Ervis Gje\u00e7aj dhe Gani Baku, nj\u00eb dit\u00eb pas arrestimit t\u00eb Albino Prudentinos kan\u00eb kryer blerjen e aksioneve t\u00eb shoq\u00ebris\u00eb s\u00eb djalit t\u00eb t\u00eb akuzuarit si pjes\u00ebtar t\u00eb organizat\u00ebs mafioze &#8220;Sacra Corona Unita&#8221;, Angelo Prudentino.<\/p>\n<p>Ky i fundit, s\u00eb bashku me kunatin e ministres Bregu, Ervis Gje\u00e7ajn, bashk\u00ebshorti i prezantueses s\u00eb shum\u00eb emisioneve televizive, Ornela Bregu, ishin ortak\u00eb n\u00eb shoq\u00ebrin\u00eb &#8220;Betting System Albania&#8221; deri m\u00eb dat\u00eb 30 shtator, vet\u00ebm nj\u00eb dit\u00eb pas arrestimit t\u00eb 59-vje\u00e7arit Prudentino. N\u00eb ket\u00eb dat\u00eb, djali i Prudentinos ia shiti aksionet e tij prej 80 % t\u00eb shoq\u00ebris\u00eb, dy kunet\u00ebrve t\u00eb ministres nga 40 % secili me nj\u00eb vler\u00eb prej 6 milion\u00eb lek\u00eb p\u00ebr secilin.<\/p>\n<p>Blerja e aksioneve, b\u00ebri q\u00eb Task-Forca e prokuroris\u00eb s\u00eb Vlor\u00ebs t\u00eb dyshoj\u00eb se dy shtetasit Gje\u00e7aj dhe Baku kan\u00eb konsumuar element\u00eb t\u00eb vepr\u00ebs penale t\u00eb &#8220;pastrimit t\u00eb parave&#8221;.<\/p>\n<p>Mbi baz\u00ebn e k\u00ebtyre dyshimeve, prokuroria ka nisur procedimin penal edhe ndaj dy shtetasve Baku e Gje\u00e7aj, t\u00eb cil\u00ebt jan\u00eb marr\u00eb n\u00eb pyetje nga prokuroria e Vlor\u00ebs tashm\u00eb.<\/p>\n<p>Me regjistrimin e procedimit penal n\u00eb institucionin e akuz\u00ebs n\u00eb Vlor\u00eb, Prokuroria p\u00ebr Krime t\u00eb R\u00ebnda automatikisht ka nisur hetimin pasuror edhe ndaj k\u00ebtyre dy shtetasve. Sipas ligjit &#8220;Antimafia&#8221; q\u00eb tashm\u00eb \u00ebsht\u00eb n\u00eb fuqi, konkretisht nenit 3 ku p\u00ebrcaktohet fusha e zbatimit t\u00eb k\u00ebtij ligji, shpjegohet qart\u00eb se hetimi pasuror dhe sekuestrimi b\u00ebhet jo vet\u00ebm mbi pasurit\u00eb e personit t\u00eb dyshuar p\u00ebr nj\u00eb vep\u00ebr penale por edhe t\u00eb af\u00ebrmve t\u00eb tij.<\/p>\n<p>&#8220;Dispozitat e k\u00ebtij ligji zbatohen edhe ndaj pasurive t\u00eb:a) personave t\u00eb af\u00ebrm (bashk\u00ebshortit, f\u00ebmij\u00ebve, t\u00eb paralindurit, t\u00eb paslindurit, v\u00ebllez\u00ebrve, motrave, ungj\u00ebrit, emta, nip\u00ebrit, mbesat, f\u00ebmij\u00ebt e v\u00ebllez\u00ebrve dhe t\u00eb motrave, vjehrri, vjehrra, dh\u00ebndri, nusja, kunata, kunati, bashk\u00ebjetuesi, thjeshtri, thjeshtra, njerku dhe njerka) t\u00eb subjekteve t\u00eb pik\u00ebs 1 t\u00eb k\u00ebtij neni&#8221;-thuhet n\u00eb ligjin &#8220;Antimafia&#8221;.<\/p>\n<p>Sipas k\u00ebtij ligji, duke qen\u00eb se ministrja Bregu \u00ebsht\u00eb kunata e k\u00ebtyre dy personave t\u00eb dyshuar p\u00ebr &#8220;pastrim t\u00eb parave&#8221; Gje\u00e7aj e Baku, automatikisht pasuria e saj filtrohet nga Prokuroria e Krimeve t\u00eb R\u00ebnda n\u00eb kryeqytet.<\/p>\n<p>Nd\u00ebrkoh\u00eb, burimet e &#8220;Shekullit&#8221; pran\u00eb Prokuroris\u00eb s\u00eb P\u00ebrgjithshme, sqaruan se imuniteti i ministres Bregu nuk \u00ebsht\u00eb pengese p\u00ebr t\u00eb kryer hetimin pasuror pasi nuk parashikohet n\u00eb ligj. K\u00ebshtu q\u00eb, sipas k\u00ebtyre burimeve, n\u00eb dit\u00ebt n\u00eb vazhdim pritet verifikimi i pasuris\u00eb s\u00eb deputetes nj\u00ebherazi ministres s\u00eb Integrimit Majlinda Bregu dhe bashk\u00ebshortit t\u00eb saj.<\/p>\n<p>M\u00ebsohet se deri m\u00eb tani, Prokuroria e Krimeve t\u00eb R\u00ebnda ka sekuestruar tre shoq\u00ebrit\u00eb tregtare t\u00eb regjistruara n\u00eb em\u00ebr t\u00eb Albino Prudentino e djalit t\u00eb tij Angelo dhe ortak\u00ebve t\u00eb tyre n\u00eb k\u00ebt\u00eb biznes. Gjithashtu, konfirmohet se ende nuk kan\u00eb kthyer p\u00ebrgjigjie t\u00eb gjitha bankat e nivelit t\u00eb dyt\u00eb p\u00ebr llogarit\u00eb dhe transaksionet bankare t\u00eb t\u00eb hetuarve apo edhe informacionet nga Zyra e Regjistrimit t\u00eb Pasurive t\u00eb Paluajtshme p\u00ebr personat tashm\u00eb n\u00ebn hetim.<\/p>\n","protected":false},"excerpt":{"rendered":"<p>Flamur Vezaj, 09.10.2010 TIRAN\u00cb &#8211; Task-Forca e prokuroris\u00eb s\u00eb Vlor\u00ebs, nis hetimet p\u00ebr &#8220;pastrim t\u00eb parave&#8221; ndaj dy kunet\u00ebrve t\u00eb ministres s\u00eb Integrimit, znj. Majlinda Bregu, duke p\u00ebrfshir\u00eb k\u00ebt\u00eb t\u00eb fundit n\u00eb hetim pasuror n\u00eb baz\u00eb t\u00eb ligjit &#8220;Antimafia&#8221;. Lajmi konfirmohet nga burimet zyrtare t\u00eb Prokuroris\u00eb s\u00eb P\u00ebrgjithshme dhe nj\u00ebsis\u00eb s\u00eb p\u00ebrbashk\u00ebt hetimore n\u00eb luft\u00ebn [&hellip;]<\/p>\n","protected":false},"author":1,"featured_media":0,"comment_status":"open","ping_status":"closed","sticky":false,"template":"","format":"standard","meta":{"footnotes":""},"categories":[2],"tags":[],"class_list":{"0":"post-4236","1":"post","2":"type-post","3":"status-publish","4":"format-standard","6":"category-artikuj"},"yoast_head":"<!-- This site is optimized with the Yoast SEO plugin v27.4 - https:\/\/yoast.com\/product\/yoast-seo-wordpress\/ -->\n<title>Mafia, Majlinda Bregu n\u00eb hetim - FjALA e LIR\u00cb - Arkivi<\/title>\n<meta name=\"robots\" content=\"index, follow, max-snippet:-1, max-image-preview:large, max-video-preview:-1\" \/>\n<link rel=\"canonical\" href=\"https:\/\/fjala.info\/2009-2015\/mafia-majlinda-bregu-ne-hetim\/\" \/>\n<meta property=\"og:locale\" content=\"sq_AL\" \/>\n<meta property=\"og:type\" content=\"article\" \/>\n<meta property=\"og:title\" content=\"Mafia, Majlinda Bregu n\u00eb hetim - FjALA e LIR\u00cb - Arkivi\" \/>\n<meta property=\"og:description\" content=\"Flamur Vezaj, 09.10.2010 TIRAN\u00cb &#8211; Task-Forca e prokuroris\u00eb s\u00eb Vlor\u00ebs, nis hetimet p\u00ebr &#8220;pastrim t\u00eb parave&#8221; ndaj dy kunet\u00ebrve t\u00eb ministres s\u00eb Integrimit, znj. Majlinda Bregu, duke p\u00ebrfshir\u00eb k\u00ebt\u00eb t\u00eb fundit n\u00eb hetim pasuror n\u00eb baz\u00eb t\u00eb ligjit &#8220;Antimafia&#8221;. Lajmi konfirmohet nga burimet zyrtare t\u00eb Prokuroris\u00eb s\u00eb P\u00ebrgjithshme dhe nj\u00ebsis\u00eb s\u00eb p\u00ebrbashk\u00ebt hetimore n\u00eb luft\u00ebn [&hellip;]\" \/>\n<meta property=\"og:url\" content=\"https:\/\/fjala.info\/2009-2015\/mafia-majlinda-bregu-ne-hetim\/\" \/>\n<meta property=\"og:site_name\" content=\"FjALA e LIR\u00cb - Arkivi\" \/>\n<meta property=\"article:published_time\" content=\"2010-10-09T07:46:09+00:00\" \/>\n<meta property=\"og:image\" content=\"http:\/\/fjala.shkoder.net\/wp-content\/uploads\/2010\/10\/majlinda_bregu_korruptuar_6_tetor_2010-300x191.jpg\" \/>\n<meta name=\"author\" content=\"admin\" \/>\n<meta name=\"twitter:card\" content=\"summary_large_image\" \/>\n<meta name=\"twitter:label1\" content=\"Written by\" \/>\n\t<meta name=\"twitter:data1\" content=\"admin\" \/>\n\t<meta name=\"twitter:label2\" content=\"Est. reading time\" \/>\n\t<meta name=\"twitter:data2\" content=\"3 minutes\" \/>\n<script type=\"application\/ld+json\" class=\"yoast-schema-graph\">{\"@context\":\"https:\\\/\\\/schema.org\",\"@graph\":[{\"@type\":\"Article\",\"@id\":\"https:\\\/\\\/fjala.info\\\/2009-2015\\\/mafia-majlinda-bregu-ne-hetim\\\/#article\",\"isPartOf\":{\"@id\":\"https:\\\/\\\/fjala.info\\\/2009-2015\\\/mafia-majlinda-bregu-ne-hetim\\\/\"},\"author\":{\"name\":\"admin\",\"@id\":\"https:\\\/\\\/fjala.info\\\/2009-2015\\\/#\\\/schema\\\/person\\\/3aa1163ef05469c496fc94e77611ada2\"},\"headline\":\"Mafia, Majlinda Bregu n\u00eb hetim\",\"datePublished\":\"2010-10-09T07:46:09+00:00\",\"mainEntityOfPage\":{\"@id\":\"https:\\\/\\\/fjala.info\\\/2009-2015\\\/mafia-majlinda-bregu-ne-hetim\\\/\"},\"wordCount\":618,\"commentCount\":0,\"publisher\":{\"@id\":\"https:\\\/\\\/fjala.info\\\/2009-2015\\\/#organization\"},\"image\":{\"@id\":\"https:\\\/\\\/fjala.info\\\/2009-2015\\\/mafia-majlinda-bregu-ne-hetim\\\/#primaryimage\"},\"thumbnailUrl\":\"http:\\\/\\\/fjala.shkoder.net\\\/wp-content\\\/uploads\\\/2010\\\/10\\\/majlinda_bregu_korruptuar_6_tetor_2010-300x191.jpg\",\"articleSection\":[\"Artikuj\"],\"inLanguage\":\"sq-AL\",\"potentialAction\":[{\"@type\":\"CommentAction\",\"name\":\"Comment\",\"target\":[\"https:\\\/\\\/fjala.info\\\/2009-2015\\\/mafia-majlinda-bregu-ne-hetim\\\/#respond\"]}]},{\"@type\":\"WebPage\",\"@id\":\"https:\\\/\\\/fjala.info\\\/2009-2015\\\/mafia-majlinda-bregu-ne-hetim\\\/\",\"url\":\"https:\\\/\\\/fjala.info\\\/2009-2015\\\/mafia-majlinda-bregu-ne-hetim\\\/\",\"name\":\"Mafia, Majlinda Bregu n\u00eb hetim - FjALA e LIR\u00cb - Arkivi\",\"isPartOf\":{\"@id\":\"https:\\\/\\\/fjala.info\\\/2009-2015\\\/#website\"},\"primaryImageOfPage\":{\"@id\":\"https:\\\/\\\/fjala.info\\\/2009-2015\\\/mafia-majlinda-bregu-ne-hetim\\\/#primaryimage\"},\"image\":{\"@id\":\"https:\\\/\\\/fjala.info\\\/2009-2015\\\/mafia-majlinda-bregu-ne-hetim\\\/#primaryimage\"},\"thumbnailUrl\":\"http:\\\/\\\/fjala.shkoder.net\\\/wp-content\\\/uploads\\\/2010\\\/10\\\/majlinda_bregu_korruptuar_6_tetor_2010-300x191.jpg\",\"datePublished\":\"2010-10-09T07:46:09+00:00\",\"breadcrumb\":{\"@id\":\"https:\\\/\\\/fjala.info\\\/2009-2015\\\/mafia-majlinda-bregu-ne-hetim\\\/#breadcrumb\"},\"inLanguage\":\"sq-AL\",\"potentialAction\":[{\"@type\":\"ReadAction\",\"target\":[\"https:\\\/\\\/fjala.info\\\/2009-2015\\\/mafia-majlinda-bregu-ne-hetim\\\/\"]}]},{\"@type\":\"ImageObject\",\"inLanguage\":\"sq-AL\",\"@id\":\"https:\\\/\\\/fjala.info\\\/2009-2015\\\/mafia-majlinda-bregu-ne-hetim\\\/#primaryimage\",\"url\":\"http:\\\/\\\/fjala.shkoder.net\\\/wp-content\\\/uploads\\\/2010\\\/10\\\/majlinda_bregu_korruptuar_6_tetor_2010-300x191.jpg\",\"contentUrl\":\"http:\\\/\\\/fjala.shkoder.net\\\/wp-content\\\/uploads\\\/2010\\\/10\\\/majlinda_bregu_korruptuar_6_tetor_2010-300x191.jpg\"},{\"@type\":\"BreadcrumbList\",\"@id\":\"https:\\\/\\\/fjala.info\\\/2009-2015\\\/mafia-majlinda-bregu-ne-hetim\\\/#breadcrumb\",\"itemListElement\":[{\"@type\":\"ListItem\",\"position\":1,\"name\":\"Home\",\"item\":\"https:\\\/\\\/fjala.info\\\/2009-2015\\\/\"},{\"@type\":\"ListItem\",\"position\":2,\"name\":\"Mafia, Majlinda Bregu n\u00eb hetim\"}]},{\"@type\":\"WebSite\",\"@id\":\"https:\\\/\\\/fjala.info\\\/2009-2015\\\/#website\",\"url\":\"https:\\\/\\\/fjala.info\\\/2009-2015\\\/\",\"name\":\"FjALA e LIR\u00cb - Arkivi\",\"description\":\"Arkivi 2009-2015\",\"publisher\":{\"@id\":\"https:\\\/\\\/fjala.info\\\/2009-2015\\\/#organization\"},\"potentialAction\":[{\"@type\":\"SearchAction\",\"target\":{\"@type\":\"EntryPoint\",\"urlTemplate\":\"https:\\\/\\\/fjala.info\\\/2009-2015\\\/?s={search_term_string}\"},\"query-input\":{\"@type\":\"PropertyValueSpecification\",\"valueRequired\":true,\"valueName\":\"search_term_string\"}}],\"inLanguage\":\"sq-AL\"},{\"@type\":\"Organization\",\"@id\":\"https:\\\/\\\/fjala.info\\\/2009-2015\\\/#organization\",\"name\":\"FjALA e LIR\u00cb - Arkivi\",\"url\":\"https:\\\/\\\/fjala.info\\\/2009-2015\\\/\",\"logo\":{\"@type\":\"ImageObject\",\"inLanguage\":\"sq-AL\",\"@id\":\"https:\\\/\\\/fjala.info\\\/2009-2015\\\/#\\\/schema\\\/logo\\\/image\\\/\",\"url\":\"\",\"contentUrl\":\"\",\"caption\":\"FjALA e LIR\u00cb - Arkivi\"},\"image\":{\"@id\":\"https:\\\/\\\/fjala.info\\\/2009-2015\\\/#\\\/schema\\\/logo\\\/image\\\/\"}},{\"@type\":\"Person\",\"@id\":\"https:\\\/\\\/fjala.info\\\/2009-2015\\\/#\\\/schema\\\/person\\\/3aa1163ef05469c496fc94e77611ada2\",\"name\":\"admin\",\"image\":{\"@type\":\"ImageObject\",\"inLanguage\":\"sq-AL\",\"@id\":\"https:\\\/\\\/fjala.info\\\/2009-2015\\\/wp-content\\\/uploads\\\/2012\\\/02\\\/arben_cokaj-120x150.jpg\",\"url\":\"https:\\\/\\\/fjala.info\\\/2009-2015\\\/wp-content\\\/uploads\\\/2012\\\/02\\\/arben_cokaj-120x150.jpg\",\"contentUrl\":\"https:\\\/\\\/fjala.info\\\/2009-2015\\\/wp-content\\\/uploads\\\/2012\\\/02\\\/arben_cokaj-120x150.jpg\",\"caption\":\"admin\"},\"description\":\"Admin, Fjala e Lir\u00eb\",\"sameAs\":[\"https:\\\/\\\/fjala.info\\\/\"],\"url\":\"https:\\\/\\\/fjala.info\\\/2009-2015\\\/author\\\/admin\\\/\"}]}<\/script>\n<!-- \/ Yoast SEO plugin. -->","yoast_head_json":{"title":"Mafia, Majlinda Bregu n\u00eb hetim - FjALA e LIR\u00cb - Arkivi","robots":{"index":"index","follow":"follow","max-snippet":"max-snippet:-1","max-image-preview":"max-image-preview:large","max-video-preview":"max-video-preview:-1"},"canonical":"https:\/\/fjala.info\/2009-2015\/mafia-majlinda-bregu-ne-hetim\/","og_locale":"sq_AL","og_type":"article","og_title":"Mafia, Majlinda Bregu n\u00eb hetim - FjALA e LIR\u00cb - Arkivi","og_description":"Flamur Vezaj, 09.10.2010 TIRAN\u00cb &#8211; Task-Forca e prokuroris\u00eb s\u00eb Vlor\u00ebs, nis hetimet p\u00ebr &#8220;pastrim t\u00eb parave&#8221; ndaj dy kunet\u00ebrve t\u00eb ministres s\u00eb Integrimit, znj. Majlinda Bregu, duke p\u00ebrfshir\u00eb k\u00ebt\u00eb t\u00eb fundit n\u00eb hetim pasuror n\u00eb baz\u00eb t\u00eb ligjit &#8220;Antimafia&#8221;. Lajmi konfirmohet nga burimet zyrtare t\u00eb Prokuroris\u00eb s\u00eb P\u00ebrgjithshme dhe nj\u00ebsis\u00eb s\u00eb p\u00ebrbashk\u00ebt hetimore n\u00eb luft\u00ebn [&hellip;]","og_url":"https:\/\/fjala.info\/2009-2015\/mafia-majlinda-bregu-ne-hetim\/","og_site_name":"FjALA e LIR\u00cb - Arkivi","article_published_time":"2010-10-09T07:46:09+00:00","og_image":[{"url":"http:\/\/fjala.shkoder.net\/wp-content\/uploads\/2010\/10\/majlinda_bregu_korruptuar_6_tetor_2010-300x191.jpg","type":"","width":"","height":""}],"author":"admin","twitter_card":"summary_large_image","twitter_misc":{"Written by":"admin","Est. reading time":"3 minutes"},"schema":{"@context":"https:\/\/schema.org","@graph":[{"@type":"Article","@id":"https:\/\/fjala.info\/2009-2015\/mafia-majlinda-bregu-ne-hetim\/#article","isPartOf":{"@id":"https:\/\/fjala.info\/2009-2015\/mafia-majlinda-bregu-ne-hetim\/"},"author":{"name":"admin","@id":"https:\/\/fjala.info\/2009-2015\/#\/schema\/person\/3aa1163ef05469c496fc94e77611ada2"},"headline":"Mafia, Majlinda Bregu n\u00eb hetim","datePublished":"2010-10-09T07:46:09+00:00","mainEntityOfPage":{"@id":"https:\/\/fjala.info\/2009-2015\/mafia-majlinda-bregu-ne-hetim\/"},"wordCount":618,"commentCount":0,"publisher":{"@id":"https:\/\/fjala.info\/2009-2015\/#organization"},"image":{"@id":"https:\/\/fjala.info\/2009-2015\/mafia-majlinda-bregu-ne-hetim\/#primaryimage"},"thumbnailUrl":"http:\/\/fjala.shkoder.net\/wp-content\/uploads\/2010\/10\/majlinda_bregu_korruptuar_6_tetor_2010-300x191.jpg","articleSection":["Artikuj"],"inLanguage":"sq-AL","potentialAction":[{"@type":"CommentAction","name":"Comment","target":["https:\/\/fjala.info\/2009-2015\/mafia-majlinda-bregu-ne-hetim\/#respond"]}]},{"@type":"WebPage","@id":"https:\/\/fjala.info\/2009-2015\/mafia-majlinda-bregu-ne-hetim\/","url":"https:\/\/fjala.info\/2009-2015\/mafia-majlinda-bregu-ne-hetim\/","name":"Mafia, Majlinda Bregu n\u00eb hetim - FjALA e LIR\u00cb - Arkivi","isPartOf":{"@id":"https:\/\/fjala.info\/2009-2015\/#website"},"primaryImageOfPage":{"@id":"https:\/\/fjala.info\/2009-2015\/mafia-majlinda-bregu-ne-hetim\/#primaryimage"},"image":{"@id":"https:\/\/fjala.info\/2009-2015\/mafia-majlinda-bregu-ne-hetim\/#primaryimage"},"thumbnailUrl":"http:\/\/fjala.shkoder.net\/wp-content\/uploads\/2010\/10\/majlinda_bregu_korruptuar_6_tetor_2010-300x191.jpg","datePublished":"2010-10-09T07:46:09+00:00","breadcrumb":{"@id":"https:\/\/fjala.info\/2009-2015\/mafia-majlinda-bregu-ne-hetim\/#breadcrumb"},"inLanguage":"sq-AL","potentialAction":[{"@type":"ReadAction","target":["https:\/\/fjala.info\/2009-2015\/mafia-majlinda-bregu-ne-hetim\/"]}]},{"@type":"ImageObject","inLanguage":"sq-AL","@id":"https:\/\/fjala.info\/2009-2015\/mafia-majlinda-bregu-ne-hetim\/#primaryimage","url":"http:\/\/fjala.shkoder.net\/wp-content\/uploads\/2010\/10\/majlinda_bregu_korruptuar_6_tetor_2010-300x191.jpg","contentUrl":"http:\/\/fjala.shkoder.net\/wp-content\/uploads\/2010\/10\/majlinda_bregu_korruptuar_6_tetor_2010-300x191.jpg"},{"@type":"BreadcrumbList","@id":"https:\/\/fjala.info\/2009-2015\/mafia-majlinda-bregu-ne-hetim\/#breadcrumb","itemListElement":[{"@type":"ListItem","position":1,"name":"Home","item":"https:\/\/fjala.info\/2009-2015\/"},{"@type":"ListItem","position":2,"name":"Mafia, Majlinda Bregu n\u00eb hetim"}]},{"@type":"WebSite","@id":"https:\/\/fjala.info\/2009-2015\/#website","url":"https:\/\/fjala.info\/2009-2015\/","name":"FjALA e LIR\u00cb - Arkivi","description":"Arkivi 2009-2015","publisher":{"@id":"https:\/\/fjala.info\/2009-2015\/#organization"},"potentialAction":[{"@type":"SearchAction","target":{"@type":"EntryPoint","urlTemplate":"https:\/\/fjala.info\/2009-2015\/?s={search_term_string}"},"query-input":{"@type":"PropertyValueSpecification","valueRequired":true,"valueName":"search_term_string"}}],"inLanguage":"sq-AL"},{"@type":"Organization","@id":"https:\/\/fjala.info\/2009-2015\/#organization","name":"FjALA e LIR\u00cb - Arkivi","url":"https:\/\/fjala.info\/2009-2015\/","logo":{"@type":"ImageObject","inLanguage":"sq-AL","@id":"https:\/\/fjala.info\/2009-2015\/#\/schema\/logo\/image\/","url":"","contentUrl":"","caption":"FjALA e LIR\u00cb - Arkivi"},"image":{"@id":"https:\/\/fjala.info\/2009-2015\/#\/schema\/logo\/image\/"}},{"@type":"Person","@id":"https:\/\/fjala.info\/2009-2015\/#\/schema\/person\/3aa1163ef05469c496fc94e77611ada2","name":"admin","image":{"@type":"ImageObject","inLanguage":"sq-AL","@id":"https:\/\/fjala.info\/2009-2015\/wp-content\/uploads\/2012\/02\/arben_cokaj-120x150.jpg","url":"https:\/\/fjala.info\/2009-2015\/wp-content\/uploads\/2012\/02\/arben_cokaj-120x150.jpg","contentUrl":"https:\/\/fjala.info\/2009-2015\/wp-content\/uploads\/2012\/02\/arben_cokaj-120x150.jpg","caption":"admin"},"description":"Admin, Fjala e Lir\u00eb","sameAs":["https:\/\/fjala.info\/"],"url":"https:\/\/fjala.info\/2009-2015\/author\/admin\/"}]}},"_links":{"self":[{"href":"https:\/\/fjala.info\/2009-2015\/wp-json\/wp\/v2\/posts\/4236","targetHints":{"allow":["GET"]}}],"collection":[{"href":"https:\/\/fjala.info\/2009-2015\/wp-json\/wp\/v2\/posts"}],"about":[{"href":"https:\/\/fjala.info\/2009-2015\/wp-json\/wp\/v2\/types\/post"}],"author":[{"embeddable":true,"href":"https:\/\/fjala.info\/2009-2015\/wp-json\/wp\/v2\/users\/1"}],"replies":[{"embeddable":true,"href":"https:\/\/fjala.info\/2009-2015\/wp-json\/wp\/v2\/comments?post=4236"}],"version-history":[{"count":0,"href":"https:\/\/fjala.info\/2009-2015\/wp-json\/wp\/v2\/posts\/4236\/revisions"}],"wp:attachment":[{"href":"https:\/\/fjala.info\/2009-2015\/wp-json\/wp\/v2\/media?parent=4236"}],"wp:term":[{"taxonomy":"category","embeddable":true,"href":"https:\/\/fjala.info\/2009-2015\/wp-json\/wp\/v2\/categories?post=4236"},{"taxonomy":"post_tag","embeddable":true,"href":"https:\/\/fjala.info\/2009-2015\/wp-json\/wp\/v2\/tags?post=4236"}],"curies":[{"name":"wp","href":"https:\/\/api.w.org\/{rel}","templated":true}]}}