{"id":4231,"date":"2012-08-06T21:29:23","date_gmt":"2012-08-06T20:29:23","guid":{"rendered":"http:\/\/www.fjala.info\/?p=4231"},"modified":"2012-08-06T21:29:23","modified_gmt":"2012-08-06T20:29:23","slug":"rotacion-paqesor-pushteti-fjala-e-dyte-eshte-fjala-kyc","status":"publish","type":"post","link":"https:\/\/fjala.info\/2009-2015\/rotacion-paqesor-pushteti-fjala-e-dyte-eshte-fjala-kyc\/","title":{"rendered":"Rotacion paq\u00ebsor pushteti. Fjala e dyt\u00eb \u00ebsht\u00eb fjala ky\u00e7\u2026"},"content":{"rendered":"<p><img decoding=\"async\" class=\"alignright size-thumbnail wp-image-7236\" title=\"Cartoon\" src=\"http:\/\/www.fjala.info\/2012\/torn_in_two_cartoon.jpg\" alt=\"\" width=\"300\" \/> Nga <strong>Eduard Zaloshnja<\/strong>, <em>6 Gusht 2012<\/em><\/p>\n<p>Mbr\u00ebm\u00eb b\u00ebra p\u00ebr her\u00eb t\u00eb par\u00eb nj\u00eb lundrim t\u00eb gjat\u00eb e t\u00eb ngesh\u00ebm n\u00ebp\u00ebr komentet e lexuesve t\u00eb blogjeve dhe faqeve t\u00eb internetit t\u00eb gazetave shqiptare. Dhe mbres\u00ebn m\u00eb t\u00eb fort\u00eb gjat\u00eb atij lundrimi ma la dend\u00ebsia e komenteve q\u00eb shprehnin d\u00ebshir\u00ebn p\u00ebr ta zgjidhur me gjak \u00e7\u00ebshtjen e pushtetit n\u00eb Shqip\u00ebri. Dhe e pranoj se m\u00eb frik\u00ebsoi ajo dend\u00ebsi.<\/p>\n<p>Kam p\u00ebrshtypjen se komentues t\u00eb till\u00eb p\u00ebrfaq\u00ebsojn\u00eb vet\u00ebm pakicat \u201ce zhurmshme\u201d t\u00eb secilit kamp politik \u2013 shumicat e \u201cheshtura\u201d, t\u00eb cilat nuk komentojn\u00eb n\u00eb blogje e faqe interneti gazetash, nuk besoj se kan\u00eb t\u00eb nj\u00ebjt\u00ebn d\u00ebshir\u00eb . Por, sidoqoft\u00eb, t\u00eb shqet\u00ebson fakti q\u00eb kaq shum\u00eb shqiptar\u00eb k\u00ebrkojn\u00eb v\u00ebllavrasjen!<\/p>\n<p>Pas lundrimit n\u00eb bot\u00ebn e internaut\u00ebve, duke medituar p\u00ebr k\u00ebto gj\u00ebra, mendja m\u00eb shkoi n\u00eb prillin e larg\u00ebt t\u00eb vitit 1991, kur takova p\u00ebr her\u00eb t\u00eb par\u00eb nj\u00eb nga dajat e mij, i cili ishte arratisur drejt Amerik\u00ebs q\u00eb n\u00eb vitin 1944. Takimi me daj\u00ebn tim t\u00eb arratisur ndodhi fill pasi isha mbushur me zem\u00ebrim nga fitorja e Partis\u00eb s\u00eb Pun\u00ebs n\u00eb zgjedhjet e 31 marsit (sipas meje, me vota fiktive emigrant\u00ebsh e me marifete t\u00eb tjera t\u00eb pista) dhe nga vrasja n\u00eb Shkod\u00ebr e 4 demonstruesve demokrat\u00eb (nj\u00ebrin prej tyre, Arben Brocin, e kisha njohur personalisht gjat\u00eb l\u00ebvizjes studentore t\u00eb dhjetorit 1990).<\/p>\n<p>Duke e ditur q\u00eb im ungj kishte qen\u00eb komandat i nj\u00eb \u00e7ete balliste (i portretizuar n\u00eb m\u00ebnyr\u00eb tejet t\u00eb deformuar n\u00eb filmin \u201cI teti n\u00eb bronz\u201d), q\u00eb kishte qen\u00eb zv.kryeredaktor i gazet\u00ebs balliste \u201cFlamuri\u201d dhe q\u00eb ishte d\u00ebnuar me vdekje n\u00eb munges\u00eb nga pushteti komunist, mendoja se, kur t\u00eb ndaja me t\u00eb zem\u00ebrimin tim dhe t\u2019i thosha se Partia e Pun\u00ebs mund t\u00eb p\u00ebrmbysej vet\u00ebm me dhun\u00eb, do t\u00eb m\u00eb mir\u00ebkuptonte. Por, kur ia shpreha z\u00ebm\u00ebrimin dhe i tregova p\u00ebr zgjidhjen q\u00eb kisha n\u00eb mendje, u zhg\u00ebnjeva nga p\u00ebrgjigjia e tij.<\/p>\n<p>\u201cNip i dashur,\u201d m\u00eb tha, \u201cti nuk e ke jetuar koh\u00ebn pas prishjes s\u00eb Marr\u00ebveshjes s\u00eb Mukjes, kur v\u00ebllai u vra me v\u00ebllan\u00eb n\u00eb Shqip\u00ebri. Po ta kishe jetuar, do t\u00eb mundoheshe ta p\u00ebrmbaje zem\u00ebrimin t\u00ebnd\u201d.<\/p>\n<p>Dhe m\u00eb tej, im ungj m\u00eb tregoi sesi im at\u00eb (shok i tij i f\u00ebmij\u00ebris\u00eb), Margarita e Kristaq Tutulani, Ramiz Alia, tezja ime, e t\u00eb rinj t\u00eb tjer\u00eb komunist\u00eb mblidheshin n\u00eb katin e par\u00eb t\u00eb sht\u00ebpis\u00eb s\u00eb tim gjyshi, n\u00eb katin e dyt\u00eb t\u00eb s\u00eb cil\u00ebs mblidheshin ballist\u00eb t\u00eb shquar si Abaz Ermenji, Hasan Dosti, Xhevat Kallajxhi (kryeredaktor i gazet\u00ebs \u201cFlamuri\u201d) etj. \u201cPor pas prishjes s\u00eb Marr\u00ebveshjes s\u00eb Mukjes n\u00eb fund t\u00eb ver\u00ebs s\u00eb vitit 1943,\u201d tha daja im, \u201cnjer\u00ebzit e katit t\u00eb par\u00eb u b\u00ebn\u00eb armiq p\u00ebr vdekje t\u00eb njer\u00ebzve t\u00eb katit t\u00eb dyt\u00eb. Dhe mij\u00ebra shqiptar\u00eb vdiq\u00ebn si rezultat.\u201d<\/p>\n<p>Ai hamend\u00ebsoi n\u00eb retrospektiv\u00eb se Shqip\u00ebria do t\u00eb kishte qen\u00eb nj\u00eb vend goxha m\u00eb i begat\u00eb, n\u00eb qoft\u00eb se ajo gj\u00eb e tmerrshme nuk do t\u00eb kishte ndodhur dhe, m\u00eb tej, m\u00eb dha k\u00ebt\u00eb k\u00ebshill\u00eb p\u00ebr t\u00eb ardhmen: \u201cMjaft gjak kan\u00eb derdhur shqiptar\u00ebt mes vetit deri m\u00eb sot, biri im; synoni rotacionin paq\u00ebsor t\u00eb pushtetit, sado i v\u00ebshtir\u00eb t\u2019u duket ai!\u201d<\/p>\n<p>N\u00eb at\u00eb koh\u00eb, i revoltuar me m\u00ebnyr\u00ebn sesi regjimi mundohej ta mbante pushtetin, edhe pse urrehej nga shumica e shqiptar\u00ebve, e kisha t\u00eb v\u00ebshtir\u00eb ta g\u00eblltisja k\u00ebt\u00eb k\u00ebshill\u00eb t\u00eb tim ungji. Por pas dy rotacioneve traumatike t\u00eb pushtetit n\u00eb Shqip\u00ebri (1992 dhe 1997), u binda p\u00ebr urt\u00ebsin\u00eb e asaj k\u00ebshille.<\/p>\n<p>Duke u kthyer tek p\u00ebrkrah\u00ebsit e sot\u00ebm t\u00eb opozit\u00ebs q\u00eb komentojn\u00eb ashp\u00ebr n\u00eb bot\u00ebn virtuale t\u00eb blogjeve dhe faqeve t\u00eb internetit t\u00eb gazetave shqiptare (ose edhe n\u00eb bot\u00ebn reale t\u00eb kafeneve), po ua ritrasmetoj k\u00ebshill\u00ebn q\u00eb m\u00eb dha im ungj para 21 vjet\u00ebve, t\u00eb perifrazuar p\u00ebr kushtet e sotme. Ndoshta mund t\u2019u vlej\u00eb\u2026<\/p>\n<p>\u201cSado t\u00eb zem\u00ebruar t\u00eb jeni me pushtetin e Berish\u00ebs, vlen t\u00eb kujtoni se rotacionet traumatike t\u00eb pushtetit n\u00eb 100 vjet\u00ebt e fundit i kan\u00eb shkaktuar Shqip\u00ebris\u00eb gjakderdhje, humbje ekonomike, dhe d\u00ebm t\u00eb madh n\u00eb imazh. P\u00ebr k\u00ebt\u00eb, duhet t\u2019i jepni nj\u00eb shans nd\u00ebrrimit t\u00eb pushtetit me vot\u00eb n\u00eb zgjedhjet e 2013-\u00ebs! Ndoshta organizimi m\u00eb i mir\u00eb i opozit\u00ebs, kontrolli m\u00eb i rrept\u00eb i zgjedhjeve nga komuniteti nd\u00ebrkomb\u00ebtar, dhe ruajtja m\u00eb e mir\u00eb e vot\u00ebs nga komisioner\u00ebt vendas, do t\u00eb krijojn\u00eb kushtet p\u00ebr at\u00eb q\u00eb ju aq shum\u00eb e d\u00ebshironi \u2013 futjen e Berish\u00ebs n\u00eb klubin e pensionist\u00ebve politik\u00eb, t\u00eb themeluar nga Ramiz Alia dhe Fatos Nano.\u201d<\/p>\n<p>Nd\u00ebrkoh\u00eb, p\u00ebrkrah\u00ebsit e mazhoranc\u00ebs aktuale duhet t\u00eb kujtojn\u00eb se kund\u00ebrshtar\u00ebt e tyre ua dor\u00ebzuan pushtetin 7 vjet m\u00eb par\u00eb, n\u00ebp\u00ebrmjet rotacionit t\u00eb vet\u00ebm t\u00eb realizuar me zgjedhje n\u00eb kushte normale n\u00eb 100 vjet t\u00eb shtetit shqiptar. N\u00eb qoft\u00eb se do t\u00eb duhet q\u00eb edhe ata ta dor\u00ebzojn\u00eb pushtetin me zgjedhje normale, ky nuk do t\u00eb jet\u00eb fundi i bot\u00ebs. Mbajtja e pushtetit me \u00e7do kusht, eventualisht, prodhon, si kund\u00ebrveprim, edhe nj\u00eb tentativ\u00eb t\u00eb marrjes s\u00eb pushtetit me \u00e7do kusht. Dhe kjo do t\u00eb sillte p\u00ebrs\u00ebri v\u00ebllavrasje mes shqiptar\u00ebsh. Ashtu si\u00e7 ndodhi pas prishjes s\u00eb Marr\u00ebveshjes s\u00eb Mukjes\u2026<\/p>\n<p>http:\/\/respublica.al\/opinion\/2012\/08\/06\/rotacion-paqesor-pushteti-fjala-e-dyte-eshte-fjala-kyc<\/p>\n","protected":false},"excerpt":{"rendered":"<p>Nga Eduard Zaloshnja, 6 Gusht 2012 Mbr\u00ebm\u00eb b\u00ebra p\u00ebr her\u00eb t\u00eb par\u00eb nj\u00eb lundrim t\u00eb gjat\u00eb e t\u00eb ngesh\u00ebm n\u00ebp\u00ebr komentet e lexuesve t\u00eb blogjeve dhe faqeve t\u00eb internetit t\u00eb gazetave shqiptare. Dhe mbres\u00ebn m\u00eb t\u00eb fort\u00eb gjat\u00eb atij lundrimi ma la dend\u00ebsia e komenteve q\u00eb shprehnin d\u00ebshir\u00ebn p\u00ebr ta zgjidhur me gjak \u00e7\u00ebshtjen e [&hellip;]<\/p>\n","protected":false},"author":1,"featured_media":0,"comment_status":"open","ping_status":"closed","sticky":false,"template":"","format":"standard","meta":{"footnotes":""},"categories":[2],"tags":[],"class_list":{"0":"post-4231","1":"post","2":"type-post","3":"status-publish","4":"format-standard","6":"category-artikuj"},"yoast_head":"<!-- This site is optimized with the Yoast SEO plugin v27.4 - https:\/\/yoast.com\/product\/yoast-seo-wordpress\/ -->\n<title>Rotacion paq\u00ebsor pushteti. Fjala e dyt\u00eb \u00ebsht\u00eb fjala ky\u00e7\u2026 - FjALA e LIR\u00cb - Arkivi<\/title>\n<meta name=\"robots\" content=\"index, follow, max-snippet:-1, max-image-preview:large, max-video-preview:-1\" \/>\n<link rel=\"canonical\" href=\"https:\/\/fjala.info\/2009-2015\/rotacion-paqesor-pushteti-fjala-e-dyte-eshte-fjala-kyc\/\" \/>\n<meta property=\"og:locale\" content=\"sq_AL\" \/>\n<meta property=\"og:type\" content=\"article\" \/>\n<meta property=\"og:title\" content=\"Rotacion paq\u00ebsor pushteti. Fjala e dyt\u00eb \u00ebsht\u00eb fjala ky\u00e7\u2026 - FjALA e LIR\u00cb - Arkivi\" \/>\n<meta property=\"og:description\" content=\"Nga Eduard Zaloshnja, 6 Gusht 2012 Mbr\u00ebm\u00eb b\u00ebra p\u00ebr her\u00eb t\u00eb par\u00eb nj\u00eb lundrim t\u00eb gjat\u00eb e t\u00eb ngesh\u00ebm n\u00ebp\u00ebr komentet e lexuesve t\u00eb blogjeve dhe faqeve t\u00eb internetit t\u00eb gazetave shqiptare. Dhe mbres\u00ebn m\u00eb t\u00eb fort\u00eb gjat\u00eb atij lundrimi ma la dend\u00ebsia e komenteve q\u00eb shprehnin d\u00ebshir\u00ebn p\u00ebr ta zgjidhur me gjak \u00e7\u00ebshtjen e [&hellip;]\" \/>\n<meta property=\"og:url\" content=\"https:\/\/fjala.info\/2009-2015\/rotacion-paqesor-pushteti-fjala-e-dyte-eshte-fjala-kyc\/\" \/>\n<meta property=\"og:site_name\" content=\"FjALA e LIR\u00cb - Arkivi\" \/>\n<meta property=\"article:published_time\" content=\"2012-08-06T20:29:23+00:00\" \/>\n<meta property=\"og:image\" content=\"http:\/\/www.fjala.info\/2012\/torn_in_two_cartoon.jpg\" \/>\n<meta name=\"author\" content=\"admin\" \/>\n<meta name=\"twitter:card\" content=\"summary_large_image\" \/>\n<meta name=\"twitter:label1\" content=\"Written by\" \/>\n\t<meta name=\"twitter:data1\" content=\"admin\" \/>\n\t<meta name=\"twitter:label2\" content=\"Est. reading time\" \/>\n\t<meta name=\"twitter:data2\" content=\"5 minutes\" \/>\n<script type=\"application\/ld+json\" class=\"yoast-schema-graph\">{\"@context\":\"https:\\\/\\\/schema.org\",\"@graph\":[{\"@type\":\"Article\",\"@id\":\"https:\\\/\\\/fjala.info\\\/2009-2015\\\/rotacion-paqesor-pushteti-fjala-e-dyte-eshte-fjala-kyc\\\/#article\",\"isPartOf\":{\"@id\":\"https:\\\/\\\/fjala.info\\\/2009-2015\\\/rotacion-paqesor-pushteti-fjala-e-dyte-eshte-fjala-kyc\\\/\"},\"author\":{\"name\":\"admin\",\"@id\":\"https:\\\/\\\/fjala.info\\\/2009-2015\\\/#\\\/schema\\\/person\\\/3aa1163ef05469c496fc94e77611ada2\"},\"headline\":\"Rotacion paq\u00ebsor pushteti. Fjala e dyt\u00eb \u00ebsht\u00eb fjala ky\u00e7\u2026\",\"datePublished\":\"2012-08-06T20:29:23+00:00\",\"mainEntityOfPage\":{\"@id\":\"https:\\\/\\\/fjala.info\\\/2009-2015\\\/rotacion-paqesor-pushteti-fjala-e-dyte-eshte-fjala-kyc\\\/\"},\"wordCount\":954,\"commentCount\":0,\"publisher\":{\"@id\":\"https:\\\/\\\/fjala.info\\\/2009-2015\\\/#organization\"},\"image\":{\"@id\":\"https:\\\/\\\/fjala.info\\\/2009-2015\\\/rotacion-paqesor-pushteti-fjala-e-dyte-eshte-fjala-kyc\\\/#primaryimage\"},\"thumbnailUrl\":\"http:\\\/\\\/www.fjala.info\\\/2012\\\/torn_in_two_cartoon.jpg\",\"articleSection\":[\"Artikuj\"],\"inLanguage\":\"sq-AL\",\"potentialAction\":[{\"@type\":\"CommentAction\",\"name\":\"Comment\",\"target\":[\"https:\\\/\\\/fjala.info\\\/2009-2015\\\/rotacion-paqesor-pushteti-fjala-e-dyte-eshte-fjala-kyc\\\/#respond\"]}]},{\"@type\":\"WebPage\",\"@id\":\"https:\\\/\\\/fjala.info\\\/2009-2015\\\/rotacion-paqesor-pushteti-fjala-e-dyte-eshte-fjala-kyc\\\/\",\"url\":\"https:\\\/\\\/fjala.info\\\/2009-2015\\\/rotacion-paqesor-pushteti-fjala-e-dyte-eshte-fjala-kyc\\\/\",\"name\":\"Rotacion paq\u00ebsor pushteti. Fjala e dyt\u00eb \u00ebsht\u00eb fjala ky\u00e7\u2026 - FjALA e LIR\u00cb - Arkivi\",\"isPartOf\":{\"@id\":\"https:\\\/\\\/fjala.info\\\/2009-2015\\\/#website\"},\"primaryImageOfPage\":{\"@id\":\"https:\\\/\\\/fjala.info\\\/2009-2015\\\/rotacion-paqesor-pushteti-fjala-e-dyte-eshte-fjala-kyc\\\/#primaryimage\"},\"image\":{\"@id\":\"https:\\\/\\\/fjala.info\\\/2009-2015\\\/rotacion-paqesor-pushteti-fjala-e-dyte-eshte-fjala-kyc\\\/#primaryimage\"},\"thumbnailUrl\":\"http:\\\/\\\/www.fjala.info\\\/2012\\\/torn_in_two_cartoon.jpg\",\"datePublished\":\"2012-08-06T20:29:23+00:00\",\"breadcrumb\":{\"@id\":\"https:\\\/\\\/fjala.info\\\/2009-2015\\\/rotacion-paqesor-pushteti-fjala-e-dyte-eshte-fjala-kyc\\\/#breadcrumb\"},\"inLanguage\":\"sq-AL\",\"potentialAction\":[{\"@type\":\"ReadAction\",\"target\":[\"https:\\\/\\\/fjala.info\\\/2009-2015\\\/rotacion-paqesor-pushteti-fjala-e-dyte-eshte-fjala-kyc\\\/\"]}]},{\"@type\":\"ImageObject\",\"inLanguage\":\"sq-AL\",\"@id\":\"https:\\\/\\\/fjala.info\\\/2009-2015\\\/rotacion-paqesor-pushteti-fjala-e-dyte-eshte-fjala-kyc\\\/#primaryimage\",\"url\":\"http:\\\/\\\/www.fjala.info\\\/2012\\\/torn_in_two_cartoon.jpg\",\"contentUrl\":\"http:\\\/\\\/www.fjala.info\\\/2012\\\/torn_in_two_cartoon.jpg\"},{\"@type\":\"BreadcrumbList\",\"@id\":\"https:\\\/\\\/fjala.info\\\/2009-2015\\\/rotacion-paqesor-pushteti-fjala-e-dyte-eshte-fjala-kyc\\\/#breadcrumb\",\"itemListElement\":[{\"@type\":\"ListItem\",\"position\":1,\"name\":\"Home\",\"item\":\"https:\\\/\\\/fjala.info\\\/2009-2015\\\/\"},{\"@type\":\"ListItem\",\"position\":2,\"name\":\"Rotacion paq\u00ebsor pushteti. Fjala e dyt\u00eb \u00ebsht\u00eb fjala ky\u00e7\u2026\"}]},{\"@type\":\"WebSite\",\"@id\":\"https:\\\/\\\/fjala.info\\\/2009-2015\\\/#website\",\"url\":\"https:\\\/\\\/fjala.info\\\/2009-2015\\\/\",\"name\":\"FjALA e LIR\u00cb - Arkivi\",\"description\":\"Arkivi 2009-2015\",\"publisher\":{\"@id\":\"https:\\\/\\\/fjala.info\\\/2009-2015\\\/#organization\"},\"potentialAction\":[{\"@type\":\"SearchAction\",\"target\":{\"@type\":\"EntryPoint\",\"urlTemplate\":\"https:\\\/\\\/fjala.info\\\/2009-2015\\\/?s={search_term_string}\"},\"query-input\":{\"@type\":\"PropertyValueSpecification\",\"valueRequired\":true,\"valueName\":\"search_term_string\"}}],\"inLanguage\":\"sq-AL\"},{\"@type\":\"Organization\",\"@id\":\"https:\\\/\\\/fjala.info\\\/2009-2015\\\/#organization\",\"name\":\"FjALA e LIR\u00cb - Arkivi\",\"url\":\"https:\\\/\\\/fjala.info\\\/2009-2015\\\/\",\"logo\":{\"@type\":\"ImageObject\",\"inLanguage\":\"sq-AL\",\"@id\":\"https:\\\/\\\/fjala.info\\\/2009-2015\\\/#\\\/schema\\\/logo\\\/image\\\/\",\"url\":\"\",\"contentUrl\":\"\",\"caption\":\"FjALA e LIR\u00cb - Arkivi\"},\"image\":{\"@id\":\"https:\\\/\\\/fjala.info\\\/2009-2015\\\/#\\\/schema\\\/logo\\\/image\\\/\"}},{\"@type\":\"Person\",\"@id\":\"https:\\\/\\\/fjala.info\\\/2009-2015\\\/#\\\/schema\\\/person\\\/3aa1163ef05469c496fc94e77611ada2\",\"name\":\"admin\",\"image\":{\"@type\":\"ImageObject\",\"inLanguage\":\"sq-AL\",\"@id\":\"https:\\\/\\\/fjala.info\\\/2009-2015\\\/wp-content\\\/uploads\\\/2012\\\/02\\\/arben_cokaj-120x150.jpg\",\"url\":\"https:\\\/\\\/fjala.info\\\/2009-2015\\\/wp-content\\\/uploads\\\/2012\\\/02\\\/arben_cokaj-120x150.jpg\",\"contentUrl\":\"https:\\\/\\\/fjala.info\\\/2009-2015\\\/wp-content\\\/uploads\\\/2012\\\/02\\\/arben_cokaj-120x150.jpg\",\"caption\":\"admin\"},\"description\":\"Admin, Fjala e Lir\u00eb\",\"sameAs\":[\"https:\\\/\\\/fjala.info\\\/\"],\"url\":\"https:\\\/\\\/fjala.info\\\/2009-2015\\\/author\\\/admin\\\/\"}]}<\/script>\n<!-- \/ Yoast SEO plugin. -->","yoast_head_json":{"title":"Rotacion paq\u00ebsor pushteti. Fjala e dyt\u00eb \u00ebsht\u00eb fjala ky\u00e7\u2026 - FjALA e LIR\u00cb - Arkivi","robots":{"index":"index","follow":"follow","max-snippet":"max-snippet:-1","max-image-preview":"max-image-preview:large","max-video-preview":"max-video-preview:-1"},"canonical":"https:\/\/fjala.info\/2009-2015\/rotacion-paqesor-pushteti-fjala-e-dyte-eshte-fjala-kyc\/","og_locale":"sq_AL","og_type":"article","og_title":"Rotacion paq\u00ebsor pushteti. Fjala e dyt\u00eb \u00ebsht\u00eb fjala ky\u00e7\u2026 - FjALA e LIR\u00cb - Arkivi","og_description":"Nga Eduard Zaloshnja, 6 Gusht 2012 Mbr\u00ebm\u00eb b\u00ebra p\u00ebr her\u00eb t\u00eb par\u00eb nj\u00eb lundrim t\u00eb gjat\u00eb e t\u00eb ngesh\u00ebm n\u00ebp\u00ebr komentet e lexuesve t\u00eb blogjeve dhe faqeve t\u00eb internetit t\u00eb gazetave shqiptare. Dhe mbres\u00ebn m\u00eb t\u00eb fort\u00eb gjat\u00eb atij lundrimi ma la dend\u00ebsia e komenteve q\u00eb shprehnin d\u00ebshir\u00ebn p\u00ebr ta zgjidhur me gjak \u00e7\u00ebshtjen e [&hellip;]","og_url":"https:\/\/fjala.info\/2009-2015\/rotacion-paqesor-pushteti-fjala-e-dyte-eshte-fjala-kyc\/","og_site_name":"FjALA e LIR\u00cb - Arkivi","article_published_time":"2012-08-06T20:29:23+00:00","og_image":[{"url":"http:\/\/www.fjala.info\/2012\/torn_in_two_cartoon.jpg","type":"","width":"","height":""}],"author":"admin","twitter_card":"summary_large_image","twitter_misc":{"Written by":"admin","Est. reading time":"5 minutes"},"schema":{"@context":"https:\/\/schema.org","@graph":[{"@type":"Article","@id":"https:\/\/fjala.info\/2009-2015\/rotacion-paqesor-pushteti-fjala-e-dyte-eshte-fjala-kyc\/#article","isPartOf":{"@id":"https:\/\/fjala.info\/2009-2015\/rotacion-paqesor-pushteti-fjala-e-dyte-eshte-fjala-kyc\/"},"author":{"name":"admin","@id":"https:\/\/fjala.info\/2009-2015\/#\/schema\/person\/3aa1163ef05469c496fc94e77611ada2"},"headline":"Rotacion paq\u00ebsor pushteti. Fjala e dyt\u00eb \u00ebsht\u00eb fjala ky\u00e7\u2026","datePublished":"2012-08-06T20:29:23+00:00","mainEntityOfPage":{"@id":"https:\/\/fjala.info\/2009-2015\/rotacion-paqesor-pushteti-fjala-e-dyte-eshte-fjala-kyc\/"},"wordCount":954,"commentCount":0,"publisher":{"@id":"https:\/\/fjala.info\/2009-2015\/#organization"},"image":{"@id":"https:\/\/fjala.info\/2009-2015\/rotacion-paqesor-pushteti-fjala-e-dyte-eshte-fjala-kyc\/#primaryimage"},"thumbnailUrl":"http:\/\/www.fjala.info\/2012\/torn_in_two_cartoon.jpg","articleSection":["Artikuj"],"inLanguage":"sq-AL","potentialAction":[{"@type":"CommentAction","name":"Comment","target":["https:\/\/fjala.info\/2009-2015\/rotacion-paqesor-pushteti-fjala-e-dyte-eshte-fjala-kyc\/#respond"]}]},{"@type":"WebPage","@id":"https:\/\/fjala.info\/2009-2015\/rotacion-paqesor-pushteti-fjala-e-dyte-eshte-fjala-kyc\/","url":"https:\/\/fjala.info\/2009-2015\/rotacion-paqesor-pushteti-fjala-e-dyte-eshte-fjala-kyc\/","name":"Rotacion paq\u00ebsor pushteti. Fjala e dyt\u00eb \u00ebsht\u00eb fjala ky\u00e7\u2026 - FjALA e LIR\u00cb - Arkivi","isPartOf":{"@id":"https:\/\/fjala.info\/2009-2015\/#website"},"primaryImageOfPage":{"@id":"https:\/\/fjala.info\/2009-2015\/rotacion-paqesor-pushteti-fjala-e-dyte-eshte-fjala-kyc\/#primaryimage"},"image":{"@id":"https:\/\/fjala.info\/2009-2015\/rotacion-paqesor-pushteti-fjala-e-dyte-eshte-fjala-kyc\/#primaryimage"},"thumbnailUrl":"http:\/\/www.fjala.info\/2012\/torn_in_two_cartoon.jpg","datePublished":"2012-08-06T20:29:23+00:00","breadcrumb":{"@id":"https:\/\/fjala.info\/2009-2015\/rotacion-paqesor-pushteti-fjala-e-dyte-eshte-fjala-kyc\/#breadcrumb"},"inLanguage":"sq-AL","potentialAction":[{"@type":"ReadAction","target":["https:\/\/fjala.info\/2009-2015\/rotacion-paqesor-pushteti-fjala-e-dyte-eshte-fjala-kyc\/"]}]},{"@type":"ImageObject","inLanguage":"sq-AL","@id":"https:\/\/fjala.info\/2009-2015\/rotacion-paqesor-pushteti-fjala-e-dyte-eshte-fjala-kyc\/#primaryimage","url":"http:\/\/www.fjala.info\/2012\/torn_in_two_cartoon.jpg","contentUrl":"http:\/\/www.fjala.info\/2012\/torn_in_two_cartoon.jpg"},{"@type":"BreadcrumbList","@id":"https:\/\/fjala.info\/2009-2015\/rotacion-paqesor-pushteti-fjala-e-dyte-eshte-fjala-kyc\/#breadcrumb","itemListElement":[{"@type":"ListItem","position":1,"name":"Home","item":"https:\/\/fjala.info\/2009-2015\/"},{"@type":"ListItem","position":2,"name":"Rotacion paq\u00ebsor pushteti. Fjala e dyt\u00eb \u00ebsht\u00eb fjala ky\u00e7\u2026"}]},{"@type":"WebSite","@id":"https:\/\/fjala.info\/2009-2015\/#website","url":"https:\/\/fjala.info\/2009-2015\/","name":"FjALA e LIR\u00cb - Arkivi","description":"Arkivi 2009-2015","publisher":{"@id":"https:\/\/fjala.info\/2009-2015\/#organization"},"potentialAction":[{"@type":"SearchAction","target":{"@type":"EntryPoint","urlTemplate":"https:\/\/fjala.info\/2009-2015\/?s={search_term_string}"},"query-input":{"@type":"PropertyValueSpecification","valueRequired":true,"valueName":"search_term_string"}}],"inLanguage":"sq-AL"},{"@type":"Organization","@id":"https:\/\/fjala.info\/2009-2015\/#organization","name":"FjALA e LIR\u00cb - Arkivi","url":"https:\/\/fjala.info\/2009-2015\/","logo":{"@type":"ImageObject","inLanguage":"sq-AL","@id":"https:\/\/fjala.info\/2009-2015\/#\/schema\/logo\/image\/","url":"","contentUrl":"","caption":"FjALA e LIR\u00cb - Arkivi"},"image":{"@id":"https:\/\/fjala.info\/2009-2015\/#\/schema\/logo\/image\/"}},{"@type":"Person","@id":"https:\/\/fjala.info\/2009-2015\/#\/schema\/person\/3aa1163ef05469c496fc94e77611ada2","name":"admin","image":{"@type":"ImageObject","inLanguage":"sq-AL","@id":"https:\/\/fjala.info\/2009-2015\/wp-content\/uploads\/2012\/02\/arben_cokaj-120x150.jpg","url":"https:\/\/fjala.info\/2009-2015\/wp-content\/uploads\/2012\/02\/arben_cokaj-120x150.jpg","contentUrl":"https:\/\/fjala.info\/2009-2015\/wp-content\/uploads\/2012\/02\/arben_cokaj-120x150.jpg","caption":"admin"},"description":"Admin, Fjala e Lir\u00eb","sameAs":["https:\/\/fjala.info\/"],"url":"https:\/\/fjala.info\/2009-2015\/author\/admin\/"}]}},"_links":{"self":[{"href":"https:\/\/fjala.info\/2009-2015\/wp-json\/wp\/v2\/posts\/4231","targetHints":{"allow":["GET"]}}],"collection":[{"href":"https:\/\/fjala.info\/2009-2015\/wp-json\/wp\/v2\/posts"}],"about":[{"href":"https:\/\/fjala.info\/2009-2015\/wp-json\/wp\/v2\/types\/post"}],"author":[{"embeddable":true,"href":"https:\/\/fjala.info\/2009-2015\/wp-json\/wp\/v2\/users\/1"}],"replies":[{"embeddable":true,"href":"https:\/\/fjala.info\/2009-2015\/wp-json\/wp\/v2\/comments?post=4231"}],"version-history":[{"count":0,"href":"https:\/\/fjala.info\/2009-2015\/wp-json\/wp\/v2\/posts\/4231\/revisions"}],"wp:attachment":[{"href":"https:\/\/fjala.info\/2009-2015\/wp-json\/wp\/v2\/media?parent=4231"}],"wp:term":[{"taxonomy":"category","embeddable":true,"href":"https:\/\/fjala.info\/2009-2015\/wp-json\/wp\/v2\/categories?post=4231"},{"taxonomy":"post_tag","embeddable":true,"href":"https:\/\/fjala.info\/2009-2015\/wp-json\/wp\/v2\/tags?post=4231"}],"curies":[{"name":"wp","href":"https:\/\/api.w.org\/{rel}","templated":true}]}}