{"id":423,"date":"2011-12-02T22:19:27","date_gmt":"2011-12-02T21:19:27","guid":{"rendered":"http:\/\/fjala.shkoder.net\/?p=423"},"modified":"2011-12-02T22:19:27","modified_gmt":"2011-12-02T21:19:27","slug":"si-u-kremtua-dita-e-flamurit-ne-bukuresht","status":"publish","type":"post","link":"https:\/\/fjala.info\/2009-2015\/si-u-kremtua-dita-e-flamurit-ne-bukuresht\/","title":{"rendered":"SI U KREMTUA DITA E FLAMURIT N\u00cb BUKURESHT"},"content":{"rendered":"<p style=\"text-align: left;\"><img decoding=\"async\" class=\"alignright size-thumbnail wp-image-7236\" title=\"Baki Ymeri\" src=\"http:\/\/www.shkoder.net\/images\/fjala\/baki_ymeri.jpg\" alt=\"\" width=\"150\" \/> <strong>Baki Ymeri<\/strong><\/p>\n<p>Organizuar nga ambasada e Shqip\u00ebris\u00eb n\u00eb Bukuresht, shqiptar\u00ebt kremtuan para disa dit\u00ebsh Dit\u00ebn e Flamurit, q\u00eb simbolizon 99 vjetorin e shk\u00ebputjes s\u00eb Shqip\u00ebris\u00eb nga t\u00ebrbimi osman. Ambasadori Hasan Alimerko, gjat\u00eb mandatit t\u00eb tij (1958-1960), i pat tubuar 300 shqiptar\u00eb dhe dashamir\u00eb t\u00eb Shqip\u00ebris\u00eb n\u00eb Sall\u00ebn e Mermert\u00eb t\u00eb Qarkut Komb\u00ebtar Ushtarak, n\u00eb zem\u00ebr t\u00eb Bukureshtit.<\/p>\n<p>Disa ambasador\u00eb tjer\u00eb i ftonin shqiptar\u00ebt n\u00eb Sht\u00ebpin\u00eb e Njer\u00ebzve t\u00eb Shkenc\u00ebs, poashtu n\u00eb qend\u00ebr t\u00eb Bukureshtit, kurse gjat\u00eb viteve t\u00eb fundit, Dita Komb\u00ebtare e Shqip\u00ebris\u00eb kremtohet n\u00eb Klubin Diplomatik q\u00eb gjendet n\u00eb zon\u00ebn Baneasa, nj\u00eb em\u00ebr i bukur ky q\u00eb ta p\u00ebrkujton sintagm\u00ebn shqiptare \u201cbanes\u00eb\u201d, nj\u00eb pyll i dikursh\u00ebm ku delnin n\u00eb piknik boboshtar\u00ebt dhe drenovar\u00ebt e Bukureshtit me Asdrenin dhe bij tjer\u00eb t\u00eb shqipes q\u00eb kan\u00eb l\u00ebn\u00eb gjurm\u00eb t\u00eb ndritshme n\u00eb historin\u00eb e kultur\u00ebs dhe atdhetarizmit shqiptar.<\/p>\n<p style=\"text-align: center;\"><img decoding=\"async\" class=\"aligncenter size-thumbnail wp-image-7236\" title=\"Asdreni me boboshtar\u00ebt\" src=\"http:\/\/www.shkoder.net\/images\/fjala\/2011\/asdreni_me_boboshtaret.jpg\" alt=\"\" width=\"450\" \/><em>Boboshtar\u00ebt dhe drenovar\u00ebt e Bukureshtit n\u00eb piknik, me Adrenin n\u00eb mes<br \/>\n(n\u00ebn shigjet\u00eb), n\u00eb pyllin B\u00ebneasa, n\u00eb koh\u00ebn e Mbret\u00ebris\u00eb (1938).<\/em><\/p>\n<p>Me rastin e Dit\u00ebs s\u00eb Flamurit, Dr. Xhelku Maksuti, 60 vjet me rradh\u00eb, q\u00eb nga viti 1948, ka ligj\u00ebruar p\u00ebr r\u00ebnd\u00ebsin\u00eb historike t\u00eb k\u00ebsaj date t\u00eb shenjt\u00eb, n\u00eb selin\u00eb e dikurshme t\u00eb Unionit Popullor t\u00eb Shqiptar\u00ebve t\u00eb Rumanis\u00eb, dhe m\u00eb von\u00eb n\u00eb Sall\u00ebn Dalles t\u00eb Bukureshtit, rumune, n\u00eb prezenc\u00eb t\u00eb komunitetit shqiptar hebraik etj., t\u00eb oficialiteteve t\u00eb ambasad\u00ebs shqiptare, t\u00eb miqve dhe dashamir\u00ebve t\u00eb panum\u00ebrt t\u00eb kombit shqiptar. Tirana e ka nderuar para disa vitesh k\u00ebt\u00eb njeri me nj\u00eb dekorat\u00eb (Urdh\u00ebri Naim Frash\u00ebri) kurse sivjet, me rastin e 80 vjetorit t\u00eb tij, edhe me nj\u00eb mir\u00ebnjohjeje nga ambasada shqiptare dhe Bashk\u00ebsia Kulturore e Shqiptar\u00ebve t\u00eb k\u00ebtij vendi.<\/p>\n<p style=\"text-align: center;\"><img decoding=\"async\" class=\"aligncenter size-thumbnail wp-image-7236\" title=\"Takim n\u00eb amb. shqiptare, Bukuresht 2010\" src=\"http:\/\/www.shkoder.net\/images\/fjala\/2011\/takim_amb_shqip_2010.jpg\" alt=\"\" width=\"450\" \/><em>Nj\u00eb nga takimet e p\u00ebrzem\u00ebrta n\u00eb ambasad\u00ebn e Shqip\u00ebris\u00eb n\u00eb Bukuresht (2010)<\/em><\/p>\n<p>Megjithat\u00eb, qeveria shqiptare ende asgj\u00eb s-ka b\u00ebr\u00eb p\u00ebr albanologun Grigore Br\u00ebnkush q\u00eb ka ligj\u00ebruar 50 vjet me rradh\u00eb, mbi r\u00ebnd\u00ebsin\u00eb e gjuh\u00ebs shqipe p\u00ebr gjuh\u00ebn rumune, para mij\u00ebra student\u00ebve t\u00eb Universitetit t\u00eb Bukureshtit, duke theksuar se \u201cgjuha shqipe \u00ebsht\u00eb jeta ime\u201d, duke botuar dhjetra libra e qindra studime shkencore p\u00ebr k\u00ebt\u00eb subjekt.<\/p>\n<p><img decoding=\"async\" class=\"aligncenter size-thumbnail wp-image-7236\" title=\"Luigj Gurakuqi - Bukuresht 1912\" src=\"http:\/\/www.shkoder.net\/images\/fjala\/2011\/gurakuqi_bukuresht_1912.jpg\" alt=\"\" width=\"450\" \/><\/p>\n<p>P\u00ebr t\u00eb mos ikur nga tema, po theksojm\u00eb se p\u00ebr fat t\u00eb mir\u00eb, profesorin Br\u00ebnkush e solli sivjet n\u00eb ceremonin\u00eb e kremtimit t\u00eb Dit\u00ebs s\u00eb Flamurit, Dr. Luan Top\u00e7iu, nj\u00eb misionar i denj\u00eb i nd\u00ebrlidhjes s\u00eb Shqip\u00ebris\u00eb me k\u00ebt\u00eb vend, vendi i par\u00eb n\u00eb bot\u00eb q\u00eb e njohu pavar\u00ebsin\u00eb e Shqip\u00ebris\u00eb m\u00eb 1913. Me k\u00ebt\u00eb rast, vlen t\u00eb theksojm\u00eb se gjat\u00eb manifestimit t\u00eb k\u00ebtij viti, p\u00ebrve\u00e7 komunitetit shqiptar nga Bukureshti e provinca, mor\u00ebn pjes\u00eb edhe aktori i famsh\u00ebm rumun, Ion Caramitru, drejtor i teatrit Komb\u00ebtar, princesha Lia de Romania, ambasador\u00ebt e Turqis\u00eb, Italis\u00eb, Greqis\u00eb, Franc\u00ebs etj, t\u00eb akredituar n\u00eb k\u00ebt\u00eb vend, Ene Alexandru (drejtor n\u00eb Ministrin\u00eb e Pun\u00ebve t\u00eb Jashtme), Dr. Xhelku Maksuti (Dalaj Lama i shqiptar\u00ebve t\u00eb Rumanis\u00eb), diplomat\u00ebt Gjeorgje Miku (ishambasador i Rumanis\u00eb n\u00eb Shqip\u00ebri), Gjeorgje Bukura (p\u00ebrfaq\u00ebsuesi i par\u00eb i k\u00ebtij vendi n\u00eb Zyr\u00ebn rumune n\u00eb Prishtin\u00eb), filoshqiptari Tiberius Puiu, Adriana dhe Sherban Tabaku, familja e madhe e Daut Memishit nga Sllatina, student\u00eb nga Shqip\u00ebria, personalitete tjera t\u00eb jet\u00ebs kulturore dhe an\u00ebtar\u00eb t\u00eb Lidhjes s\u00eb Shkrimtar\u00ebve t\u00eb Rumanis\u00eb.<\/p>\n<p style=\"text-align: center;\"><img decoding=\"async\" class=\"aligncenter size-thumbnail wp-image-7236\" title=\"Princesa Lia de Romania me princin Paul dhe aktori Ion Caramitru\" src=\"http:\/\/www.shkoder.net\/images\/fjala\/2011\/lia_de_romania_ion_caramitru.jpg\" alt=\"\" width=\"450\" \/><em>Princesa Lia de Romania me princin Paul dhe aktori Ion Caramitru<\/em><\/p>\n<p>Manifestimit kushtuar k\u00ebtij evenimenti historik n\u00eb Bukuresht, mbahen n\u00eb drek\u00eb (p\u00ebr oficialitetet) dhe n\u00eb dark\u00eb p\u00ebr diaspor\u00ebn, rast me t\u00eb cilin u shp\u00ebrnda edhe revista Shqiptari me president\u00ebt e Shqip\u00ebris\u00eb e t\u00eb Kosov\u00ebs n\u00eb ballin\u00eb, e botuar sistematikisht n\u00eb saj\u00eb t\u00eb kontributeve vullnetare, dhe nj\u00eb her\u00eb n\u00eb vjet, me p\u00ebrkrahjen e ambasad\u00ebs shqiptare n\u00eb Bukuresht.<\/p>\n<p style=\"text-align: center;\"><img decoding=\"async\" class=\"aligncenter size-thumbnail wp-image-7236\" title=\"Diplome Shk\u00eblqesie p\u00ebr Dr. Xhelku Maksuti\" src=\"http:\/\/www.shkoder.net\/images\/fjala\/2011\/diplome_shkelqesie_xhelku_maksuti.jpg\" alt=\"\" width=\"450\" \/><em>Diplom\u00eb Shk\u00eblqesie p\u00ebr Dr. Xhelku Maksutin n\u00eb 80 vjetorin e lindjes s\u00eb tij<\/em><\/p>\n<p style=\"text-align: center;\"><img decoding=\"async\" class=\"aligncenter size-thumbnail wp-image-7236\" title=\"Vajz\u00eb romune feston me shqiptar\u00ebt\" src=\"http:\/\/www.shkoder.net\/images\/fjala\/2011\/dita_flamurit_bukuresht.jpg\" alt=\"\" width=\"450\" \/><em>Nj\u00eb vajz\u00eb romune dhe student\u00eb shqiptar\u00eb n\u00eb manifestimin e k\u00ebtij viti (2011)<\/em><\/p>\n<p style=\"text-align: center;\"><img decoding=\"async\" class=\"aligncenter size-thumbnail wp-image-7236\" title=\"Vajz\u00eb romune feston me shqiptar\u00ebt\" src=\"http:\/\/www.shkoder.net\/images\/fjala\/2011\/dita_flamurit_bukuresht1.jpg\" alt=\"\" width=\"450\" \/><em>Nj\u00eb bukuroshe rumune pran\u00eb Flamurit shqiptar n\u00eb ceremon in\u00eb e kremtimit<br \/>\nt\u00eb Dit\u00ebs s\u00eb Flamurit n\u00eb Klubin Diplomatik (2011)<\/em><\/p>\n<p style=\"text-align: center;\"><img decoding=\"async\" class=\"aligncenter size-thumbnail wp-image-7236\" title=\"Vajz\u00eb romune feston me shqiptar\u00ebt\" src=\"http:\/\/www.shkoder.net\/images\/fjala\/2011\/dita_flamurit_bukuresht2.jpg\" alt=\"\" width=\"450\" \/><em>Admirime rumune p\u00ebr flamurin shqiptar, sivjet, dhe Dr. Xhelku Maksuti,<br \/>\npara disa vitesh, me nj\u00eb p\u00ebrfaq\u00ebsues t\u00eb kom,unitetit hebraik n\u00eb Bukuresht<\/em><\/p>\n<p><img decoding=\"async\" class=\"aligncenter size-thumbnail wp-image-7236\" title=\"Albanezul - revista shqiptare n\u00eb Bukuresht\" src=\"http:\/\/www.shkoder.net\/images\/fjala\/2011\/albanezul_2010.jpg\" alt=\"\" width=\"450\" \/><\/p>\n<p><img decoding=\"async\" class=\"aligncenter size-thumbnail wp-image-7236\" title=\"Albanezul - revista shqiptare n\u00eb Bukuresht\" src=\"http:\/\/www.shkoder.net\/images\/fjala\/2011\/albanezul_2011.jpg\" alt=\"\" width=\"450\" \/><\/p>\n","protected":false},"excerpt":{"rendered":"<p>Baki Ymeri Organizuar nga ambasada e Shqip\u00ebris\u00eb n\u00eb Bukuresht, shqiptar\u00ebt kremtuan para disa dit\u00ebsh Dit\u00ebn e Flamurit, q\u00eb simbolizon 99 vjetorin e shk\u00ebputjes s\u00eb Shqip\u00ebris\u00eb nga t\u00ebrbimi osman. Ambasadori Hasan Alimerko, gjat\u00eb mandatit t\u00eb tij (1958-1960), i pat tubuar 300 shqiptar\u00eb dhe dashamir\u00eb t\u00eb Shqip\u00ebris\u00eb n\u00eb Sall\u00ebn e Mermert\u00eb t\u00eb Qarkut Komb\u00ebtar Ushtarak, n\u00eb zem\u00ebr [&hellip;]<\/p>\n","protected":false},"author":1,"featured_media":0,"comment_status":"open","ping_status":"closed","sticky":false,"template":"","format":"standard","meta":{"footnotes":""},"categories":[2],"tags":[],"class_list":{"0":"post-423","1":"post","2":"type-post","3":"status-publish","4":"format-standard","6":"category-artikuj"},"yoast_head":"<!-- This site is optimized with the Yoast SEO plugin v27.4 - https:\/\/yoast.com\/product\/yoast-seo-wordpress\/ -->\n<title>SI U KREMTUA DITA E FLAMURIT N\u00cb BUKURESHT - FjALA e LIR\u00cb - Arkivi<\/title>\n<meta name=\"robots\" content=\"index, follow, max-snippet:-1, max-image-preview:large, max-video-preview:-1\" \/>\n<link rel=\"canonical\" href=\"https:\/\/fjala.info\/2009-2015\/si-u-kremtua-dita-e-flamurit-ne-bukuresht\/\" \/>\n<meta property=\"og:locale\" content=\"sq_AL\" \/>\n<meta property=\"og:type\" content=\"article\" \/>\n<meta property=\"og:title\" content=\"SI U KREMTUA DITA E FLAMURIT N\u00cb BUKURESHT - FjALA e LIR\u00cb - Arkivi\" \/>\n<meta property=\"og:description\" content=\"Baki Ymeri Organizuar nga ambasada e Shqip\u00ebris\u00eb n\u00eb Bukuresht, shqiptar\u00ebt kremtuan para disa dit\u00ebsh Dit\u00ebn e Flamurit, q\u00eb simbolizon 99 vjetorin e shk\u00ebputjes s\u00eb Shqip\u00ebris\u00eb nga t\u00ebrbimi osman. Ambasadori Hasan Alimerko, gjat\u00eb mandatit t\u00eb tij (1958-1960), i pat tubuar 300 shqiptar\u00eb dhe dashamir\u00eb t\u00eb Shqip\u00ebris\u00eb n\u00eb Sall\u00ebn e Mermert\u00eb t\u00eb Qarkut Komb\u00ebtar Ushtarak, n\u00eb zem\u00ebr [&hellip;]\" \/>\n<meta property=\"og:url\" content=\"https:\/\/fjala.info\/2009-2015\/si-u-kremtua-dita-e-flamurit-ne-bukuresht\/\" \/>\n<meta property=\"og:site_name\" content=\"FjALA e LIR\u00cb - Arkivi\" \/>\n<meta property=\"article:published_time\" content=\"2011-12-02T21:19:27+00:00\" \/>\n<meta property=\"og:image\" content=\"http:\/\/www.shkoder.net\/images\/fjala\/baki_ymeri.jpg\" \/>\n<meta name=\"author\" content=\"admin\" \/>\n<meta name=\"twitter:card\" content=\"summary_large_image\" \/>\n<meta name=\"twitter:label1\" content=\"Written by\" \/>\n\t<meta name=\"twitter:data1\" content=\"admin\" \/>\n\t<meta name=\"twitter:label2\" content=\"Est. reading time\" \/>\n\t<meta name=\"twitter:data2\" content=\"4 minutes\" \/>\n<script type=\"application\/ld+json\" class=\"yoast-schema-graph\">{\"@context\":\"https:\\\/\\\/schema.org\",\"@graph\":[{\"@type\":\"Article\",\"@id\":\"https:\\\/\\\/fjala.info\\\/2009-2015\\\/si-u-kremtua-dita-e-flamurit-ne-bukuresht\\\/#article\",\"isPartOf\":{\"@id\":\"https:\\\/\\\/fjala.info\\\/2009-2015\\\/si-u-kremtua-dita-e-flamurit-ne-bukuresht\\\/\"},\"author\":{\"name\":\"admin\",\"@id\":\"https:\\\/\\\/fjala.info\\\/2009-2015\\\/#\\\/schema\\\/person\\\/3aa1163ef05469c496fc94e77611ada2\"},\"headline\":\"SI U KREMTUA DITA E FLAMURIT N\u00cb BUKURESHT\",\"datePublished\":\"2011-12-02T21:19:27+00:00\",\"mainEntityOfPage\":{\"@id\":\"https:\\\/\\\/fjala.info\\\/2009-2015\\\/si-u-kremtua-dita-e-flamurit-ne-bukuresht\\\/\"},\"wordCount\":743,\"commentCount\":0,\"publisher\":{\"@id\":\"https:\\\/\\\/fjala.info\\\/2009-2015\\\/#organization\"},\"image\":{\"@id\":\"https:\\\/\\\/fjala.info\\\/2009-2015\\\/si-u-kremtua-dita-e-flamurit-ne-bukuresht\\\/#primaryimage\"},\"thumbnailUrl\":\"http:\\\/\\\/www.shkoder.net\\\/images\\\/fjala\\\/baki_ymeri.jpg\",\"articleSection\":[\"Artikuj\"],\"inLanguage\":\"sq-AL\",\"potentialAction\":[{\"@type\":\"CommentAction\",\"name\":\"Comment\",\"target\":[\"https:\\\/\\\/fjala.info\\\/2009-2015\\\/si-u-kremtua-dita-e-flamurit-ne-bukuresht\\\/#respond\"]}]},{\"@type\":\"WebPage\",\"@id\":\"https:\\\/\\\/fjala.info\\\/2009-2015\\\/si-u-kremtua-dita-e-flamurit-ne-bukuresht\\\/\",\"url\":\"https:\\\/\\\/fjala.info\\\/2009-2015\\\/si-u-kremtua-dita-e-flamurit-ne-bukuresht\\\/\",\"name\":\"SI U KREMTUA DITA E FLAMURIT N\u00cb BUKURESHT - FjALA e LIR\u00cb - Arkivi\",\"isPartOf\":{\"@id\":\"https:\\\/\\\/fjala.info\\\/2009-2015\\\/#website\"},\"primaryImageOfPage\":{\"@id\":\"https:\\\/\\\/fjala.info\\\/2009-2015\\\/si-u-kremtua-dita-e-flamurit-ne-bukuresht\\\/#primaryimage\"},\"image\":{\"@id\":\"https:\\\/\\\/fjala.info\\\/2009-2015\\\/si-u-kremtua-dita-e-flamurit-ne-bukuresht\\\/#primaryimage\"},\"thumbnailUrl\":\"http:\\\/\\\/www.shkoder.net\\\/images\\\/fjala\\\/baki_ymeri.jpg\",\"datePublished\":\"2011-12-02T21:19:27+00:00\",\"breadcrumb\":{\"@id\":\"https:\\\/\\\/fjala.info\\\/2009-2015\\\/si-u-kremtua-dita-e-flamurit-ne-bukuresht\\\/#breadcrumb\"},\"inLanguage\":\"sq-AL\",\"potentialAction\":[{\"@type\":\"ReadAction\",\"target\":[\"https:\\\/\\\/fjala.info\\\/2009-2015\\\/si-u-kremtua-dita-e-flamurit-ne-bukuresht\\\/\"]}]},{\"@type\":\"ImageObject\",\"inLanguage\":\"sq-AL\",\"@id\":\"https:\\\/\\\/fjala.info\\\/2009-2015\\\/si-u-kremtua-dita-e-flamurit-ne-bukuresht\\\/#primaryimage\",\"url\":\"http:\\\/\\\/www.shkoder.net\\\/images\\\/fjala\\\/baki_ymeri.jpg\",\"contentUrl\":\"http:\\\/\\\/www.shkoder.net\\\/images\\\/fjala\\\/baki_ymeri.jpg\"},{\"@type\":\"BreadcrumbList\",\"@id\":\"https:\\\/\\\/fjala.info\\\/2009-2015\\\/si-u-kremtua-dita-e-flamurit-ne-bukuresht\\\/#breadcrumb\",\"itemListElement\":[{\"@type\":\"ListItem\",\"position\":1,\"name\":\"Home\",\"item\":\"https:\\\/\\\/fjala.info\\\/2009-2015\\\/\"},{\"@type\":\"ListItem\",\"position\":2,\"name\":\"SI U KREMTUA DITA E FLAMURIT N\u00cb BUKURESHT\"}]},{\"@type\":\"WebSite\",\"@id\":\"https:\\\/\\\/fjala.info\\\/2009-2015\\\/#website\",\"url\":\"https:\\\/\\\/fjala.info\\\/2009-2015\\\/\",\"name\":\"FjALA e LIR\u00cb - Arkivi\",\"description\":\"Arkivi 2009-2015\",\"publisher\":{\"@id\":\"https:\\\/\\\/fjala.info\\\/2009-2015\\\/#organization\"},\"potentialAction\":[{\"@type\":\"SearchAction\",\"target\":{\"@type\":\"EntryPoint\",\"urlTemplate\":\"https:\\\/\\\/fjala.info\\\/2009-2015\\\/?s={search_term_string}\"},\"query-input\":{\"@type\":\"PropertyValueSpecification\",\"valueRequired\":true,\"valueName\":\"search_term_string\"}}],\"inLanguage\":\"sq-AL\"},{\"@type\":\"Organization\",\"@id\":\"https:\\\/\\\/fjala.info\\\/2009-2015\\\/#organization\",\"name\":\"FjALA e LIR\u00cb - Arkivi\",\"url\":\"https:\\\/\\\/fjala.info\\\/2009-2015\\\/\",\"logo\":{\"@type\":\"ImageObject\",\"inLanguage\":\"sq-AL\",\"@id\":\"https:\\\/\\\/fjala.info\\\/2009-2015\\\/#\\\/schema\\\/logo\\\/image\\\/\",\"url\":\"\",\"contentUrl\":\"\",\"caption\":\"FjALA e LIR\u00cb - Arkivi\"},\"image\":{\"@id\":\"https:\\\/\\\/fjala.info\\\/2009-2015\\\/#\\\/schema\\\/logo\\\/image\\\/\"}},{\"@type\":\"Person\",\"@id\":\"https:\\\/\\\/fjala.info\\\/2009-2015\\\/#\\\/schema\\\/person\\\/3aa1163ef05469c496fc94e77611ada2\",\"name\":\"admin\",\"image\":{\"@type\":\"ImageObject\",\"inLanguage\":\"sq-AL\",\"@id\":\"https:\\\/\\\/fjala.info\\\/2009-2015\\\/wp-content\\\/uploads\\\/2012\\\/02\\\/arben_cokaj-120x150.jpg\",\"url\":\"https:\\\/\\\/fjala.info\\\/2009-2015\\\/wp-content\\\/uploads\\\/2012\\\/02\\\/arben_cokaj-120x150.jpg\",\"contentUrl\":\"https:\\\/\\\/fjala.info\\\/2009-2015\\\/wp-content\\\/uploads\\\/2012\\\/02\\\/arben_cokaj-120x150.jpg\",\"caption\":\"admin\"},\"description\":\"Admin, Fjala e Lir\u00eb\",\"sameAs\":[\"https:\\\/\\\/fjala.info\\\/\"],\"url\":\"https:\\\/\\\/fjala.info\\\/2009-2015\\\/author\\\/admin\\\/\"}]}<\/script>\n<!-- \/ Yoast SEO plugin. -->","yoast_head_json":{"title":"SI U KREMTUA DITA E FLAMURIT N\u00cb BUKURESHT - FjALA e LIR\u00cb - Arkivi","robots":{"index":"index","follow":"follow","max-snippet":"max-snippet:-1","max-image-preview":"max-image-preview:large","max-video-preview":"max-video-preview:-1"},"canonical":"https:\/\/fjala.info\/2009-2015\/si-u-kremtua-dita-e-flamurit-ne-bukuresht\/","og_locale":"sq_AL","og_type":"article","og_title":"SI U KREMTUA DITA E FLAMURIT N\u00cb BUKURESHT - FjALA e LIR\u00cb - Arkivi","og_description":"Baki Ymeri Organizuar nga ambasada e Shqip\u00ebris\u00eb n\u00eb Bukuresht, shqiptar\u00ebt kremtuan para disa dit\u00ebsh Dit\u00ebn e Flamurit, q\u00eb simbolizon 99 vjetorin e shk\u00ebputjes s\u00eb Shqip\u00ebris\u00eb nga t\u00ebrbimi osman. Ambasadori Hasan Alimerko, gjat\u00eb mandatit t\u00eb tij (1958-1960), i pat tubuar 300 shqiptar\u00eb dhe dashamir\u00eb t\u00eb Shqip\u00ebris\u00eb n\u00eb Sall\u00ebn e Mermert\u00eb t\u00eb Qarkut Komb\u00ebtar Ushtarak, n\u00eb zem\u00ebr [&hellip;]","og_url":"https:\/\/fjala.info\/2009-2015\/si-u-kremtua-dita-e-flamurit-ne-bukuresht\/","og_site_name":"FjALA e LIR\u00cb - Arkivi","article_published_time":"2011-12-02T21:19:27+00:00","og_image":[{"url":"http:\/\/www.shkoder.net\/images\/fjala\/baki_ymeri.jpg","type":"","width":"","height":""}],"author":"admin","twitter_card":"summary_large_image","twitter_misc":{"Written by":"admin","Est. reading time":"4 minutes"},"schema":{"@context":"https:\/\/schema.org","@graph":[{"@type":"Article","@id":"https:\/\/fjala.info\/2009-2015\/si-u-kremtua-dita-e-flamurit-ne-bukuresht\/#article","isPartOf":{"@id":"https:\/\/fjala.info\/2009-2015\/si-u-kremtua-dita-e-flamurit-ne-bukuresht\/"},"author":{"name":"admin","@id":"https:\/\/fjala.info\/2009-2015\/#\/schema\/person\/3aa1163ef05469c496fc94e77611ada2"},"headline":"SI U KREMTUA DITA E FLAMURIT N\u00cb BUKURESHT","datePublished":"2011-12-02T21:19:27+00:00","mainEntityOfPage":{"@id":"https:\/\/fjala.info\/2009-2015\/si-u-kremtua-dita-e-flamurit-ne-bukuresht\/"},"wordCount":743,"commentCount":0,"publisher":{"@id":"https:\/\/fjala.info\/2009-2015\/#organization"},"image":{"@id":"https:\/\/fjala.info\/2009-2015\/si-u-kremtua-dita-e-flamurit-ne-bukuresht\/#primaryimage"},"thumbnailUrl":"http:\/\/www.shkoder.net\/images\/fjala\/baki_ymeri.jpg","articleSection":["Artikuj"],"inLanguage":"sq-AL","potentialAction":[{"@type":"CommentAction","name":"Comment","target":["https:\/\/fjala.info\/2009-2015\/si-u-kremtua-dita-e-flamurit-ne-bukuresht\/#respond"]}]},{"@type":"WebPage","@id":"https:\/\/fjala.info\/2009-2015\/si-u-kremtua-dita-e-flamurit-ne-bukuresht\/","url":"https:\/\/fjala.info\/2009-2015\/si-u-kremtua-dita-e-flamurit-ne-bukuresht\/","name":"SI U KREMTUA DITA E FLAMURIT N\u00cb BUKURESHT - FjALA e LIR\u00cb - Arkivi","isPartOf":{"@id":"https:\/\/fjala.info\/2009-2015\/#website"},"primaryImageOfPage":{"@id":"https:\/\/fjala.info\/2009-2015\/si-u-kremtua-dita-e-flamurit-ne-bukuresht\/#primaryimage"},"image":{"@id":"https:\/\/fjala.info\/2009-2015\/si-u-kremtua-dita-e-flamurit-ne-bukuresht\/#primaryimage"},"thumbnailUrl":"http:\/\/www.shkoder.net\/images\/fjala\/baki_ymeri.jpg","datePublished":"2011-12-02T21:19:27+00:00","breadcrumb":{"@id":"https:\/\/fjala.info\/2009-2015\/si-u-kremtua-dita-e-flamurit-ne-bukuresht\/#breadcrumb"},"inLanguage":"sq-AL","potentialAction":[{"@type":"ReadAction","target":["https:\/\/fjala.info\/2009-2015\/si-u-kremtua-dita-e-flamurit-ne-bukuresht\/"]}]},{"@type":"ImageObject","inLanguage":"sq-AL","@id":"https:\/\/fjala.info\/2009-2015\/si-u-kremtua-dita-e-flamurit-ne-bukuresht\/#primaryimage","url":"http:\/\/www.shkoder.net\/images\/fjala\/baki_ymeri.jpg","contentUrl":"http:\/\/www.shkoder.net\/images\/fjala\/baki_ymeri.jpg"},{"@type":"BreadcrumbList","@id":"https:\/\/fjala.info\/2009-2015\/si-u-kremtua-dita-e-flamurit-ne-bukuresht\/#breadcrumb","itemListElement":[{"@type":"ListItem","position":1,"name":"Home","item":"https:\/\/fjala.info\/2009-2015\/"},{"@type":"ListItem","position":2,"name":"SI U KREMTUA DITA E FLAMURIT N\u00cb BUKURESHT"}]},{"@type":"WebSite","@id":"https:\/\/fjala.info\/2009-2015\/#website","url":"https:\/\/fjala.info\/2009-2015\/","name":"FjALA e LIR\u00cb - Arkivi","description":"Arkivi 2009-2015","publisher":{"@id":"https:\/\/fjala.info\/2009-2015\/#organization"},"potentialAction":[{"@type":"SearchAction","target":{"@type":"EntryPoint","urlTemplate":"https:\/\/fjala.info\/2009-2015\/?s={search_term_string}"},"query-input":{"@type":"PropertyValueSpecification","valueRequired":true,"valueName":"search_term_string"}}],"inLanguage":"sq-AL"},{"@type":"Organization","@id":"https:\/\/fjala.info\/2009-2015\/#organization","name":"FjALA e LIR\u00cb - Arkivi","url":"https:\/\/fjala.info\/2009-2015\/","logo":{"@type":"ImageObject","inLanguage":"sq-AL","@id":"https:\/\/fjala.info\/2009-2015\/#\/schema\/logo\/image\/","url":"","contentUrl":"","caption":"FjALA e LIR\u00cb - Arkivi"},"image":{"@id":"https:\/\/fjala.info\/2009-2015\/#\/schema\/logo\/image\/"}},{"@type":"Person","@id":"https:\/\/fjala.info\/2009-2015\/#\/schema\/person\/3aa1163ef05469c496fc94e77611ada2","name":"admin","image":{"@type":"ImageObject","inLanguage":"sq-AL","@id":"https:\/\/fjala.info\/2009-2015\/wp-content\/uploads\/2012\/02\/arben_cokaj-120x150.jpg","url":"https:\/\/fjala.info\/2009-2015\/wp-content\/uploads\/2012\/02\/arben_cokaj-120x150.jpg","contentUrl":"https:\/\/fjala.info\/2009-2015\/wp-content\/uploads\/2012\/02\/arben_cokaj-120x150.jpg","caption":"admin"},"description":"Admin, Fjala e Lir\u00eb","sameAs":["https:\/\/fjala.info\/"],"url":"https:\/\/fjala.info\/2009-2015\/author\/admin\/"}]}},"_links":{"self":[{"href":"https:\/\/fjala.info\/2009-2015\/wp-json\/wp\/v2\/posts\/423","targetHints":{"allow":["GET"]}}],"collection":[{"href":"https:\/\/fjala.info\/2009-2015\/wp-json\/wp\/v2\/posts"}],"about":[{"href":"https:\/\/fjala.info\/2009-2015\/wp-json\/wp\/v2\/types\/post"}],"author":[{"embeddable":true,"href":"https:\/\/fjala.info\/2009-2015\/wp-json\/wp\/v2\/users\/1"}],"replies":[{"embeddable":true,"href":"https:\/\/fjala.info\/2009-2015\/wp-json\/wp\/v2\/comments?post=423"}],"version-history":[{"count":0,"href":"https:\/\/fjala.info\/2009-2015\/wp-json\/wp\/v2\/posts\/423\/revisions"}],"wp:attachment":[{"href":"https:\/\/fjala.info\/2009-2015\/wp-json\/wp\/v2\/media?parent=423"}],"wp:term":[{"taxonomy":"category","embeddable":true,"href":"https:\/\/fjala.info\/2009-2015\/wp-json\/wp\/v2\/categories?post=423"},{"taxonomy":"post_tag","embeddable":true,"href":"https:\/\/fjala.info\/2009-2015\/wp-json\/wp\/v2\/tags?post=423"}],"curies":[{"name":"wp","href":"https:\/\/api.w.org\/{rel}","templated":true}]}}