{"id":4226,"date":"2012-08-06T08:43:48","date_gmt":"2012-08-06T07:43:48","guid":{"rendered":"http:\/\/www.fjala.info\/?p=4226"},"modified":"2012-08-06T08:43:48","modified_gmt":"2012-08-06T07:43:48","slug":"me-ke-matemi-ne","status":"publish","type":"post","link":"https:\/\/fjala.info\/2009-2015\/me-ke-matemi-ne\/","title":{"rendered":"Me k\u00eb matemi ne"},"content":{"rendered":"<p><img decoding=\"async\" class=\"alignright size-thumbnail wp-image-7236\" title=\"Pre\u00e7 Zogaj\" src=\"http:\/\/www.fjala.info\/2012\/prec_zogaj.jpg\" alt=\"\" width=\"150\" \/> Analize nga <strong>PRE\u00c7 ZOGAJ<\/strong><\/p>\n<p>Sporti \u00ebsht\u00eb e vetmja fush\u00eb ku jemi t\u00eb detyruar t\u00eb nxjerrim kok\u00ebn nga r\u00ebra, t\u00eb dalim nga katundi dhe t\u00eb garojm\u00eb me vendet e tjera t\u00eb kontinentit apo bot\u00ebs. K\u00ebtu vet\u00ebm humbim. M\u00eb keq. Shpartallohemi. Turp\u00ebrohemi. Rregullisht. \u00c7do ver\u00eb. Sidomos n\u00eb futboll ku skuadrat tona t\u00eb elit\u00ebs- sa komike kjo fjal\u00eb!- duhet t\u00eb ndeshen n\u00eb paraeliminator\u00ebt e kupave t\u00eb Europ\u00ebs me skuadra p\u00ebrgjith\u00ebsisht t\u00eb panjohura, duke u mundur prej tyre me rrezultate tenistike, duke i habitur e fyer kund\u00ebrshtar\u00ebt modest\u00eb me dob\u00ebsin\u00eb ton\u00eb. K\u00ebshtu vit pas viti, k\u00ebshtu edhe k\u00ebt\u00eb vit, ku skuadra jon\u00eb kampione \u201cSkenderbeu\u201d, n\u00eb mos gaboj, u mund shtat\u00eb me zero, kurse skuadra e Tiran\u00ebs u mund vet\u00ebm pes\u00eb me zero. Jan\u00eb rezultate q\u00eb \u00e7ojn\u00eb d\u00ebm gjith\u00eb at\u00eb emocion politiko-sportiv dhe gjith\u00eb at\u00eb publicitet televiziv luksoz e steril q\u00eb shoq\u00ebron kampionatin ton\u00eb pa asnj\u00eb kontekst bashkohor europian.<\/p>\n<p>\u00c7do vit, pas disfat\u00ebs s\u00eb radh\u00eb, aulat e debateve sportive, tep\u00ebr shik p\u00ebr rezultate aq mediokre, riciklojn\u00eb t\u00eb nj\u00ebjtat kritika, t\u00eb nj\u00ebjtat pohime, t\u00eb nj\u00ebjat p\u00ebrfundime, t\u00eb nj\u00ebjtat shpresa, urime dhe prognoza kthese q\u00eb nuk dalin kurr\u00eb. Nuk mungon n\u00eb festivalin e opinioneve edhe ai i kahershmi dhe i p\u00ebrhershmi p\u00ebr t\u2019u t\u00ebrhequr p\u00ebr disa koh\u00eb si vend nga kompeticione t\u00eb &#8230; tilla, si\u00e7 jan\u00eb kupat e Europ\u00ebs, pse jo edhe nga Olimpiadat; t\u00eb reflektojm\u00eb, t\u00eb mbledhim mendjen, t\u00eb rregullojm\u00eb disa gj\u00ebra, t\u00eb arrijm\u00eb nj\u00ebfar\u00eb stadi, q\u00eb kur t\u00eb kthehemi s\u00ebrish n\u00eb gar\u00eb, edhe po t\u00eb mos fitojm\u00eb, s\u00ebpaku t\u00eb humbim me dinjitet. Dhe k\u00ebshtu dora dor\u00ebs t\u00eb shkojm\u00eb edhe drejt ndonj\u00eb suksesi q\u00eb nuk \u00ebsht\u00eb e nuk ka p\u00ebrse t\u00eb jet\u00eb nj\u00eb obsesion. Paraqitje dinjitoze- kjo do t\u00eb ishte ambicia e natyrshme e Shqip\u00ebris\u00eb.<\/p>\n<p>Por nuk besoj se ka shpres\u00eb pa nj\u00eb v\u00ebshtrim t\u00eb thell\u00eb t\u00eb problemit, pa nj\u00eb p\u00ebrmbysje mendore dhe kulturore n\u00eb gjith\u00eb raportin q\u00eb kemi si vend me bot\u00ebn, me gar\u00ebn, me modestin\u00eb, me pun\u00ebn, djers\u00ebn, talentin, profesionalizmin, p\u00ebrpjekjen\u2026 Problemi pra q\u00eb nuk ka t\u00eb b\u00ebj\u00eb thjesht me vog\u00eblsin\u00eb apo prapambetjen e vendit. Problemi nuk \u00ebsht\u00eb sportiv, por shum\u00eb me shum\u00eb se sportiv. \u00cbsht\u00eb shoq\u00ebror, politik, kulturor. \u00cbsht\u00eb problemi i amatorizmit t\u00eb ngritur n\u00eb sistem.<\/p>\n<p>\u00cbsht\u00eb problemi i cil\u00ebsis\u00eb s\u00eb elit\u00ebs q\u00eb drejton vendin, i raporteve q\u00eb ka kjo elit\u00eb me vlerat, me konkurenc\u00ebn, me t\u00eb tjer\u00ebt, me bot\u00ebn; \u00ebsht\u00eb problemi i informalitetit si dukuria kryesore e jet\u00ebs n\u00eb Shqip\u00ebri; \u00ebsht\u00eb problemi i mend\u00ebsis\u00eb provinciale dhe izolacioniste n\u00eb t\u00eb cil\u00ebn jeton p\u00ebrgjith\u00ebsisht kjo elit\u00eb, nj\u00eb provincializ\u00ebm i veshur me petka metropolitane, gj\u00eb q\u00eb e b\u00ebn akoma m\u00eb t\u00eb sh\u00ebmtuar mend\u00ebsin\u00eb n\u00eb fjal\u00eb. K\u00ebtej buron gjith\u00e7ka. Sporti \u00ebsht\u00eb vet\u00ebm vitrina. Sporti \u00ebsht\u00eb vet\u00ebm viktima.<\/p>\n<p>Sporti \u00ebsht\u00eb i detyruar t\u00eb dal\u00eb nga strofkulla dhe t\u00eb ndeshet. \u00cbsht\u00eb i vetmi q\u00eb duhet t\u00eb matet me rregulla loje t\u00eb qarta dhe me arbit\u00ebr t\u00eb paansh\u00ebm. Aty t\u00eb thyhet n\u00eb mes duke nxjerr\u00eb n\u00eb pah dob\u00ebsit\u00eb e nj\u00eb vendi q\u00eb nuk jeton m\u00eb n\u00eb nj\u00eb izolim politik dhe ideologjik t\u00eb imponuar si n\u00eb koh\u00ebn e Enver Hoxh\u00ebs, por n\u00eb nj\u00eb vetizolim provincial t\u00eb neveritsh\u00ebm, q\u00eb kultivohet nga politikan\u00ebt e stamp\u00ebs s\u00eb vjet\u00ebr p\u00ebr nevoja t\u00eb pushtetit t\u00eb tyre vetjak. Po t\u00eb kishte edhe n\u00eb politik\u00eb nj\u00eb kompeticion t\u00eb dretp\u00ebrdrejt\u00eb si n\u00eb sport, kam p\u00ebrshtypjen se humbjet n\u00eb sport do t\u00eb na dukeshin lule na krahasim me humbjet n\u00eb politik\u00eb.<\/p>\n<p>Por politika jeton apo iludohet t\u00eb jetoj\u00eb n\u00eb luksin e mosp\u00ebrballjes s\u00eb drejtp\u00ebrdrejt\u00eb me t\u00eb tjer\u00ebt. Politika shqiptare matet me vetveten dhe vet\u00ebm fiton, vet\u00ebm fiton, vet\u00ebm fiton, nga fitorja n\u00eb fitorje. Natyrisht, pa trasparenc\u00eb, pa juri, pa kontroll, pa verefikim, vet\u00eb Ali e vet\u00eb Kadi. Shembulli emblematik i k\u00ebsaj autogare propagandistike \u00ebsht\u00eb rekordi qesharak vjetor q\u00eb vendos me veten e tij kryeministri Berisha kur lahet pas nj\u00eb viti n\u00eb detin Jon. Njoh shum\u00eb moshatar\u00eb t\u00eb tij q\u00eb notojn\u00eb rregullisht n\u00eb det t\u00eb hapur rreth nj\u00ebqind her\u00eb n\u00eb vit, nga maji n\u00eb shtator, nj\u00eb gj\u00eb m\u00eb se normale.<\/p>\n<p>Ata mund t\u00eb q\u00ebndrojn\u00eb n\u00eb uj\u00eb dy or\u00eb dhe m\u00eb shum\u00eb, por kjo s\u2019ka kuptim p\u00ebr nevojat e trupit. Kurse kryeministri ka shpikur \u201cnj\u00eb larje, nj\u00eb rekord n\u00eb vit\u201d, duke mos u kujtuar se n\u00eb k\u00ebt\u00eb lloj rekordi ka projektuar n\u00eb m\u00ebnyr\u00eb perfekte raportin e shprishur t\u00eb sistemit t\u00eb tij me gar\u00ebn si vler\u00eb, duke ia k\u00ebputur kok\u00ebn si zogut, si i thon\u00eb fjal\u00ebs. N\u00eb k\u00ebt\u00eb sistem gj\u00ebrat jepen ose nuk jepen, nuk fitohen. Prandaj kur ndeshemi me t\u00eb huajt n\u00eb sport \u00ebsht\u00eb nj\u00eblloj si t\u00eb dalim nga sistemi ku jetojm\u00eb.<\/p>\n<p>N\u00eb fakt kryeministri e ka prishur gar\u00ebn me vragat e pashlyeshme t\u00eb manipulimit dhe deformimit t\u00eb t\u00eb gjitha zgjedhjeve q\u00eb jan\u00eb zhvilluar n\u00ebn administrimin e tij q\u00eb nga vitit 1996 e k\u00ebndej. E ka prishur sistemin e vlerave me promovimin e pash\u00ebmbullt q\u00eb i ka b\u00ebr\u00eb mediokritetit n\u00eb sferat e larta t\u00eb pushtetit, shkenc\u00ebs, kultur\u00ebs, e tjer\u00eb. K\u00ebto jan\u00eb v\u00ebrtet\u00eb rekordet e tij. Komb\u00ebtare.<\/p>\n<p>Por edhe nd\u00ebrkomb\u00ebtare, sidomos ai i zgjedhjeve. E d\u00ebgjova nj\u00eb dit\u00eb duke folur p\u00ebr nj\u00eb artist t\u00eb mir\u00eb. P\u00ebrdorte pa dogan\u00eb superlativa t\u00eb tilla si \u201ctalent i vlerave univerale\u201d e tjere, e tjer\u00eb. Duhet t\u00eb g\u00ebzohemi kur kryeministri flet p\u00ebr artist\u00ebt. Por duhet t\u00eb dij\u00eb si t\u00eb flas\u00eb, ndryshe ekspozon padituri, hipokrizi dhe, m\u00eb keqja, ekspozon nj\u00ebsi mat\u00ebse q\u00eb nuk jan\u00eb t\u00eb standarteve t\u00eb bot\u00ebs.<\/p>\n<p>Vlerat unversale t\u00eb nj\u00eb artisti njihen n\u00eb vler\u00ebsimet e jurive t\u00eb specializuara dhe nga kritika bot\u00ebrore e artit, p\u00ebrmes njohjes s\u00eb vepr\u00ebs s\u00eb tij n\u00eb aula t\u00eb ndryshme t\u00eb bot\u00ebs nga nj\u00eb publik i gjer\u00eb. Artist\u00eb t\u00eb till\u00eb bota shqiptare num\u00ebron kat\u00ebr-pes\u00eb dhe nuk jan\u00eb pak, por kur p\u00ebrziejm\u00eb me ta edhe artist\u00eb t\u00eb mir\u00eb q\u00eb nuk kan\u00eb nivelin e k\u00ebtyre kat\u00ebr-pes\u00ebve, at\u00ebher\u00eb jemi duke c\u00ebnuar hierarkin\u00eb e vlerave q\u00eb \u00ebsht\u00eb nj\u00eb gj\u00eb e shenjt\u00eb n\u00eb art, n\u00eb sport, kudo. Etalonet e artit t\u00eb madh dhe progresit t\u00eb madh jan\u00eb objektive, nd\u00ebrkomb\u00ebtare. Nuk mund t\u00eb shpiken nga Shqip\u00ebria.<\/p>\n<p>\u00cbsht\u00eb qesharake t\u00eb mendosh t\u00eb kund\u00ebrt\u00ebn. Por injoranca guxon e guxon papushim t\u00eb shpik\u00eb e t\u00eb promovoj\u00eb standarte shqiptare t\u00eb \u201cgjenis\u00eb dhe lavdis\u00eb\u201d, \u201clegjenda\u201d t\u00eb sportit, politik\u00ebs, kultur\u00ebs dhe shkenc\u00ebs q\u00eb nuk kan\u00eb asnj\u00eb medalje, asnj\u00eb \u00e7mim, asnj\u00eb njohje nd\u00ebrkomb\u00ebtare. Na prozohet gjithnj\u00eb t\u00eb jetojm\u00eb n\u00eb k\u00ebt\u00eb vet\u00ebmashtrim tragjikomik. Dhe pastaj vjen dita kur sporti, i vetmi q\u00eb duhet t\u00eb dal\u00eb t\u00eb ndeshet me t\u00eb tjer\u00ebt, i merr n\u00eb lule t\u00eb ballit t\u00eb gjitha kusuret.<\/p>\n<p>Duhet t\u00eb ndryshojm\u00eb kryek\u00ebput m\u00ebnyr\u00ebn e t\u00eb jetuarit. Duhet t\u00eb fillojm\u00eb t\u00eb jetojm\u00eb n\u00eb modesti dhe n\u00eb ambicie, n\u00eb tradit\u00eb dhe globaliz\u00ebm, n\u00eb atdhetari dhe universalitet. Duhet t\u00eb jetojm\u00eb n\u00eb hapje dhe n\u00eb konkurenc\u00eb t\u00eb p\u00ebrditshme me t\u00eb tjer\u00ebt. Duhet t\u00eb matemi me standartet nd\u00ebrkomb\u00ebtare, vet\u00ebm me ato, sado larg tyre qofshim.<\/p>\n<p>(<em>Shkrimi u botua ne Shqiptarja.com<\/em>)<\/p>\n","protected":false},"excerpt":{"rendered":"<p>Analize nga PRE\u00c7 ZOGAJ Sporti \u00ebsht\u00eb e vetmja fush\u00eb ku jemi t\u00eb detyruar t\u00eb nxjerrim kok\u00ebn nga r\u00ebra, t\u00eb dalim nga katundi dhe t\u00eb garojm\u00eb me vendet e tjera t\u00eb kontinentit apo bot\u00ebs. K\u00ebtu vet\u00ebm humbim. M\u00eb keq. Shpartallohemi. Turp\u00ebrohemi. Rregullisht. \u00c7do ver\u00eb. Sidomos n\u00eb futboll ku skuadrat tona t\u00eb elit\u00ebs- sa komike kjo fjal\u00eb!- [&hellip;]<\/p>\n","protected":false},"author":1,"featured_media":0,"comment_status":"open","ping_status":"closed","sticky":false,"template":"","format":"standard","meta":{"footnotes":""},"categories":[2],"tags":[],"class_list":{"0":"post-4226","1":"post","2":"type-post","3":"status-publish","4":"format-standard","6":"category-artikuj"},"yoast_head":"<!-- This site is optimized with the Yoast SEO plugin v27.4 - https:\/\/yoast.com\/product\/yoast-seo-wordpress\/ -->\n<title>Me k\u00eb matemi ne - FjALA e LIR\u00cb - Arkivi<\/title>\n<meta name=\"robots\" content=\"index, follow, max-snippet:-1, max-image-preview:large, max-video-preview:-1\" \/>\n<link rel=\"canonical\" href=\"https:\/\/fjala.info\/2009-2015\/me-ke-matemi-ne\/\" \/>\n<meta property=\"og:locale\" content=\"sq_AL\" \/>\n<meta property=\"og:type\" content=\"article\" \/>\n<meta property=\"og:title\" content=\"Me k\u00eb matemi ne - FjALA e LIR\u00cb - Arkivi\" \/>\n<meta property=\"og:description\" content=\"Analize nga PRE\u00c7 ZOGAJ Sporti \u00ebsht\u00eb e vetmja fush\u00eb ku jemi t\u00eb detyruar t\u00eb nxjerrim kok\u00ebn nga r\u00ebra, t\u00eb dalim nga katundi dhe t\u00eb garojm\u00eb me vendet e tjera t\u00eb kontinentit apo bot\u00ebs. K\u00ebtu vet\u00ebm humbim. M\u00eb keq. Shpartallohemi. Turp\u00ebrohemi. Rregullisht. \u00c7do ver\u00eb. Sidomos n\u00eb futboll ku skuadrat tona t\u00eb elit\u00ebs- sa komike kjo fjal\u00eb!- [&hellip;]\" \/>\n<meta property=\"og:url\" content=\"https:\/\/fjala.info\/2009-2015\/me-ke-matemi-ne\/\" \/>\n<meta property=\"og:site_name\" content=\"FjALA e LIR\u00cb - Arkivi\" \/>\n<meta property=\"article:published_time\" content=\"2012-08-06T07:43:48+00:00\" \/>\n<meta property=\"og:image\" content=\"http:\/\/www.fjala.info\/2012\/prec_zogaj.jpg\" \/>\n<meta name=\"author\" content=\"admin\" \/>\n<meta name=\"twitter:card\" content=\"summary_large_image\" \/>\n<meta name=\"twitter:label1\" content=\"Written by\" \/>\n\t<meta name=\"twitter:data1\" content=\"admin\" \/>\n\t<meta name=\"twitter:label2\" content=\"Est. reading time\" \/>\n\t<meta name=\"twitter:data2\" content=\"6 minutes\" \/>\n<script type=\"application\/ld+json\" class=\"yoast-schema-graph\">{\"@context\":\"https:\\\/\\\/schema.org\",\"@graph\":[{\"@type\":\"Article\",\"@id\":\"https:\\\/\\\/fjala.info\\\/2009-2015\\\/me-ke-matemi-ne\\\/#article\",\"isPartOf\":{\"@id\":\"https:\\\/\\\/fjala.info\\\/2009-2015\\\/me-ke-matemi-ne\\\/\"},\"author\":{\"name\":\"admin\",\"@id\":\"https:\\\/\\\/fjala.info\\\/2009-2015\\\/#\\\/schema\\\/person\\\/3aa1163ef05469c496fc94e77611ada2\"},\"headline\":\"Me k\u00eb matemi ne\",\"datePublished\":\"2012-08-06T07:43:48+00:00\",\"mainEntityOfPage\":{\"@id\":\"https:\\\/\\\/fjala.info\\\/2009-2015\\\/me-ke-matemi-ne\\\/\"},\"wordCount\":1254,\"commentCount\":0,\"publisher\":{\"@id\":\"https:\\\/\\\/fjala.info\\\/2009-2015\\\/#organization\"},\"image\":{\"@id\":\"https:\\\/\\\/fjala.info\\\/2009-2015\\\/me-ke-matemi-ne\\\/#primaryimage\"},\"thumbnailUrl\":\"http:\\\/\\\/www.fjala.info\\\/2012\\\/prec_zogaj.jpg\",\"articleSection\":[\"Artikuj\"],\"inLanguage\":\"sq-AL\",\"potentialAction\":[{\"@type\":\"CommentAction\",\"name\":\"Comment\",\"target\":[\"https:\\\/\\\/fjala.info\\\/2009-2015\\\/me-ke-matemi-ne\\\/#respond\"]}]},{\"@type\":\"WebPage\",\"@id\":\"https:\\\/\\\/fjala.info\\\/2009-2015\\\/me-ke-matemi-ne\\\/\",\"url\":\"https:\\\/\\\/fjala.info\\\/2009-2015\\\/me-ke-matemi-ne\\\/\",\"name\":\"Me k\u00eb matemi ne - FjALA e LIR\u00cb - Arkivi\",\"isPartOf\":{\"@id\":\"https:\\\/\\\/fjala.info\\\/2009-2015\\\/#website\"},\"primaryImageOfPage\":{\"@id\":\"https:\\\/\\\/fjala.info\\\/2009-2015\\\/me-ke-matemi-ne\\\/#primaryimage\"},\"image\":{\"@id\":\"https:\\\/\\\/fjala.info\\\/2009-2015\\\/me-ke-matemi-ne\\\/#primaryimage\"},\"thumbnailUrl\":\"http:\\\/\\\/www.fjala.info\\\/2012\\\/prec_zogaj.jpg\",\"datePublished\":\"2012-08-06T07:43:48+00:00\",\"breadcrumb\":{\"@id\":\"https:\\\/\\\/fjala.info\\\/2009-2015\\\/me-ke-matemi-ne\\\/#breadcrumb\"},\"inLanguage\":\"sq-AL\",\"potentialAction\":[{\"@type\":\"ReadAction\",\"target\":[\"https:\\\/\\\/fjala.info\\\/2009-2015\\\/me-ke-matemi-ne\\\/\"]}]},{\"@type\":\"ImageObject\",\"inLanguage\":\"sq-AL\",\"@id\":\"https:\\\/\\\/fjala.info\\\/2009-2015\\\/me-ke-matemi-ne\\\/#primaryimage\",\"url\":\"http:\\\/\\\/www.fjala.info\\\/2012\\\/prec_zogaj.jpg\",\"contentUrl\":\"http:\\\/\\\/www.fjala.info\\\/2012\\\/prec_zogaj.jpg\"},{\"@type\":\"BreadcrumbList\",\"@id\":\"https:\\\/\\\/fjala.info\\\/2009-2015\\\/me-ke-matemi-ne\\\/#breadcrumb\",\"itemListElement\":[{\"@type\":\"ListItem\",\"position\":1,\"name\":\"Home\",\"item\":\"https:\\\/\\\/fjala.info\\\/2009-2015\\\/\"},{\"@type\":\"ListItem\",\"position\":2,\"name\":\"Me k\u00eb matemi ne\"}]},{\"@type\":\"WebSite\",\"@id\":\"https:\\\/\\\/fjala.info\\\/2009-2015\\\/#website\",\"url\":\"https:\\\/\\\/fjala.info\\\/2009-2015\\\/\",\"name\":\"FjALA e LIR\u00cb - Arkivi\",\"description\":\"Arkivi 2009-2015\",\"publisher\":{\"@id\":\"https:\\\/\\\/fjala.info\\\/2009-2015\\\/#organization\"},\"potentialAction\":[{\"@type\":\"SearchAction\",\"target\":{\"@type\":\"EntryPoint\",\"urlTemplate\":\"https:\\\/\\\/fjala.info\\\/2009-2015\\\/?s={search_term_string}\"},\"query-input\":{\"@type\":\"PropertyValueSpecification\",\"valueRequired\":true,\"valueName\":\"search_term_string\"}}],\"inLanguage\":\"sq-AL\"},{\"@type\":\"Organization\",\"@id\":\"https:\\\/\\\/fjala.info\\\/2009-2015\\\/#organization\",\"name\":\"FjALA e LIR\u00cb - Arkivi\",\"url\":\"https:\\\/\\\/fjala.info\\\/2009-2015\\\/\",\"logo\":{\"@type\":\"ImageObject\",\"inLanguage\":\"sq-AL\",\"@id\":\"https:\\\/\\\/fjala.info\\\/2009-2015\\\/#\\\/schema\\\/logo\\\/image\\\/\",\"url\":\"\",\"contentUrl\":\"\",\"caption\":\"FjALA e LIR\u00cb - Arkivi\"},\"image\":{\"@id\":\"https:\\\/\\\/fjala.info\\\/2009-2015\\\/#\\\/schema\\\/logo\\\/image\\\/\"}},{\"@type\":\"Person\",\"@id\":\"https:\\\/\\\/fjala.info\\\/2009-2015\\\/#\\\/schema\\\/person\\\/3aa1163ef05469c496fc94e77611ada2\",\"name\":\"admin\",\"image\":{\"@type\":\"ImageObject\",\"inLanguage\":\"sq-AL\",\"@id\":\"https:\\\/\\\/fjala.info\\\/2009-2015\\\/wp-content\\\/uploads\\\/2012\\\/02\\\/arben_cokaj-120x150.jpg\",\"url\":\"https:\\\/\\\/fjala.info\\\/2009-2015\\\/wp-content\\\/uploads\\\/2012\\\/02\\\/arben_cokaj-120x150.jpg\",\"contentUrl\":\"https:\\\/\\\/fjala.info\\\/2009-2015\\\/wp-content\\\/uploads\\\/2012\\\/02\\\/arben_cokaj-120x150.jpg\",\"caption\":\"admin\"},\"description\":\"Admin, Fjala e Lir\u00eb\",\"sameAs\":[\"https:\\\/\\\/fjala.info\\\/\"],\"url\":\"https:\\\/\\\/fjala.info\\\/2009-2015\\\/author\\\/admin\\\/\"}]}<\/script>\n<!-- \/ Yoast SEO plugin. -->","yoast_head_json":{"title":"Me k\u00eb matemi ne - FjALA e LIR\u00cb - Arkivi","robots":{"index":"index","follow":"follow","max-snippet":"max-snippet:-1","max-image-preview":"max-image-preview:large","max-video-preview":"max-video-preview:-1"},"canonical":"https:\/\/fjala.info\/2009-2015\/me-ke-matemi-ne\/","og_locale":"sq_AL","og_type":"article","og_title":"Me k\u00eb matemi ne - FjALA e LIR\u00cb - Arkivi","og_description":"Analize nga PRE\u00c7 ZOGAJ Sporti \u00ebsht\u00eb e vetmja fush\u00eb ku jemi t\u00eb detyruar t\u00eb nxjerrim kok\u00ebn nga r\u00ebra, t\u00eb dalim nga katundi dhe t\u00eb garojm\u00eb me vendet e tjera t\u00eb kontinentit apo bot\u00ebs. K\u00ebtu vet\u00ebm humbim. M\u00eb keq. Shpartallohemi. Turp\u00ebrohemi. Rregullisht. \u00c7do ver\u00eb. Sidomos n\u00eb futboll ku skuadrat tona t\u00eb elit\u00ebs- sa komike kjo fjal\u00eb!- [&hellip;]","og_url":"https:\/\/fjala.info\/2009-2015\/me-ke-matemi-ne\/","og_site_name":"FjALA e LIR\u00cb - Arkivi","article_published_time":"2012-08-06T07:43:48+00:00","og_image":[{"url":"http:\/\/www.fjala.info\/2012\/prec_zogaj.jpg","type":"","width":"","height":""}],"author":"admin","twitter_card":"summary_large_image","twitter_misc":{"Written by":"admin","Est. reading time":"6 minutes"},"schema":{"@context":"https:\/\/schema.org","@graph":[{"@type":"Article","@id":"https:\/\/fjala.info\/2009-2015\/me-ke-matemi-ne\/#article","isPartOf":{"@id":"https:\/\/fjala.info\/2009-2015\/me-ke-matemi-ne\/"},"author":{"name":"admin","@id":"https:\/\/fjala.info\/2009-2015\/#\/schema\/person\/3aa1163ef05469c496fc94e77611ada2"},"headline":"Me k\u00eb matemi ne","datePublished":"2012-08-06T07:43:48+00:00","mainEntityOfPage":{"@id":"https:\/\/fjala.info\/2009-2015\/me-ke-matemi-ne\/"},"wordCount":1254,"commentCount":0,"publisher":{"@id":"https:\/\/fjala.info\/2009-2015\/#organization"},"image":{"@id":"https:\/\/fjala.info\/2009-2015\/me-ke-matemi-ne\/#primaryimage"},"thumbnailUrl":"http:\/\/www.fjala.info\/2012\/prec_zogaj.jpg","articleSection":["Artikuj"],"inLanguage":"sq-AL","potentialAction":[{"@type":"CommentAction","name":"Comment","target":["https:\/\/fjala.info\/2009-2015\/me-ke-matemi-ne\/#respond"]}]},{"@type":"WebPage","@id":"https:\/\/fjala.info\/2009-2015\/me-ke-matemi-ne\/","url":"https:\/\/fjala.info\/2009-2015\/me-ke-matemi-ne\/","name":"Me k\u00eb matemi ne - FjALA e LIR\u00cb - Arkivi","isPartOf":{"@id":"https:\/\/fjala.info\/2009-2015\/#website"},"primaryImageOfPage":{"@id":"https:\/\/fjala.info\/2009-2015\/me-ke-matemi-ne\/#primaryimage"},"image":{"@id":"https:\/\/fjala.info\/2009-2015\/me-ke-matemi-ne\/#primaryimage"},"thumbnailUrl":"http:\/\/www.fjala.info\/2012\/prec_zogaj.jpg","datePublished":"2012-08-06T07:43:48+00:00","breadcrumb":{"@id":"https:\/\/fjala.info\/2009-2015\/me-ke-matemi-ne\/#breadcrumb"},"inLanguage":"sq-AL","potentialAction":[{"@type":"ReadAction","target":["https:\/\/fjala.info\/2009-2015\/me-ke-matemi-ne\/"]}]},{"@type":"ImageObject","inLanguage":"sq-AL","@id":"https:\/\/fjala.info\/2009-2015\/me-ke-matemi-ne\/#primaryimage","url":"http:\/\/www.fjala.info\/2012\/prec_zogaj.jpg","contentUrl":"http:\/\/www.fjala.info\/2012\/prec_zogaj.jpg"},{"@type":"BreadcrumbList","@id":"https:\/\/fjala.info\/2009-2015\/me-ke-matemi-ne\/#breadcrumb","itemListElement":[{"@type":"ListItem","position":1,"name":"Home","item":"https:\/\/fjala.info\/2009-2015\/"},{"@type":"ListItem","position":2,"name":"Me k\u00eb matemi ne"}]},{"@type":"WebSite","@id":"https:\/\/fjala.info\/2009-2015\/#website","url":"https:\/\/fjala.info\/2009-2015\/","name":"FjALA e LIR\u00cb - Arkivi","description":"Arkivi 2009-2015","publisher":{"@id":"https:\/\/fjala.info\/2009-2015\/#organization"},"potentialAction":[{"@type":"SearchAction","target":{"@type":"EntryPoint","urlTemplate":"https:\/\/fjala.info\/2009-2015\/?s={search_term_string}"},"query-input":{"@type":"PropertyValueSpecification","valueRequired":true,"valueName":"search_term_string"}}],"inLanguage":"sq-AL"},{"@type":"Organization","@id":"https:\/\/fjala.info\/2009-2015\/#organization","name":"FjALA e LIR\u00cb - Arkivi","url":"https:\/\/fjala.info\/2009-2015\/","logo":{"@type":"ImageObject","inLanguage":"sq-AL","@id":"https:\/\/fjala.info\/2009-2015\/#\/schema\/logo\/image\/","url":"","contentUrl":"","caption":"FjALA e LIR\u00cb - Arkivi"},"image":{"@id":"https:\/\/fjala.info\/2009-2015\/#\/schema\/logo\/image\/"}},{"@type":"Person","@id":"https:\/\/fjala.info\/2009-2015\/#\/schema\/person\/3aa1163ef05469c496fc94e77611ada2","name":"admin","image":{"@type":"ImageObject","inLanguage":"sq-AL","@id":"https:\/\/fjala.info\/2009-2015\/wp-content\/uploads\/2012\/02\/arben_cokaj-120x150.jpg","url":"https:\/\/fjala.info\/2009-2015\/wp-content\/uploads\/2012\/02\/arben_cokaj-120x150.jpg","contentUrl":"https:\/\/fjala.info\/2009-2015\/wp-content\/uploads\/2012\/02\/arben_cokaj-120x150.jpg","caption":"admin"},"description":"Admin, Fjala e Lir\u00eb","sameAs":["https:\/\/fjala.info\/"],"url":"https:\/\/fjala.info\/2009-2015\/author\/admin\/"}]}},"_links":{"self":[{"href":"https:\/\/fjala.info\/2009-2015\/wp-json\/wp\/v2\/posts\/4226","targetHints":{"allow":["GET"]}}],"collection":[{"href":"https:\/\/fjala.info\/2009-2015\/wp-json\/wp\/v2\/posts"}],"about":[{"href":"https:\/\/fjala.info\/2009-2015\/wp-json\/wp\/v2\/types\/post"}],"author":[{"embeddable":true,"href":"https:\/\/fjala.info\/2009-2015\/wp-json\/wp\/v2\/users\/1"}],"replies":[{"embeddable":true,"href":"https:\/\/fjala.info\/2009-2015\/wp-json\/wp\/v2\/comments?post=4226"}],"version-history":[{"count":0,"href":"https:\/\/fjala.info\/2009-2015\/wp-json\/wp\/v2\/posts\/4226\/revisions"}],"wp:attachment":[{"href":"https:\/\/fjala.info\/2009-2015\/wp-json\/wp\/v2\/media?parent=4226"}],"wp:term":[{"taxonomy":"category","embeddable":true,"href":"https:\/\/fjala.info\/2009-2015\/wp-json\/wp\/v2\/categories?post=4226"},{"taxonomy":"post_tag","embeddable":true,"href":"https:\/\/fjala.info\/2009-2015\/wp-json\/wp\/v2\/tags?post=4226"}],"curies":[{"name":"wp","href":"https:\/\/api.w.org\/{rel}","templated":true}]}}