{"id":4224,"date":"2010-10-08T23:19:56","date_gmt":"2010-10-08T22:19:56","guid":{"rendered":"http:\/\/fjala.shkoder.net\/?p=4224"},"modified":"2010-10-08T23:19:56","modified_gmt":"2010-10-08T22:19:56","slug":"matrapiku-pa-vize","status":"publish","type":"post","link":"https:\/\/fjala.info\/2009-2015\/matrapiku-pa-vize\/","title":{"rendered":"Matrapiku pa viz\u00eb"},"content":{"rendered":"<p><img loading=\"lazy\" decoding=\"async\" class=\"alignright size-full wp-image-4225\" title=\"Arben Rrozhani\" src=\"http:\/\/fjala.shkoder.net\/wp-content\/uploads\/2010\/10\/arben_rrozhani1.jpg\" alt=\"\" width=\"200\" height=\"150\" \/><\/p>\n<p><strong>Arben Rrozhani<\/strong>, <em>08.10.2010<\/em><\/p>\n<p>Sadriu \u00ebsht\u00eb shtrir\u00eb sa gjer\u00eb gjat\u00eb n\u00eb stolin e drunjt\u00eb me skelet prej hekuri t\u00eb skalitur. Dy vite m\u00eb par\u00eb kur ai shesh u rib\u00eb p\u00ebrreth statuj\u00ebs s\u00eb &#8220;Ushtarit t\u00eb Panjohur&#8221;, stoli ishte i bardh\u00eb dhe me listela t\u00eb drejta. Sot \u00ebsht\u00eb e shtremb\u00ebr dhe i zb\u00ebrdhul\u00ebt, por \u00ebsht\u00eb shtrati ditor i burrit q\u00eb flet me theks t\u00eb r\u00ebnd\u00eb verilindor.<\/p>\n<p>Pak m\u00eb tutje, ngulur pingul mes pllakave t\u00eb reja t\u00eb betonta t\u00eb trotuarit prej nga shihet kollaj Sk\u00ebnderbeu mbi kal\u00eb, selia e PD-s\u00eb, Sahati i Tiran\u00ebs dhe xhamia e Et&#8217;hem Beut, \u00ebsht\u00eb &#8220;arma&#8221; e pun\u00ebtorit t\u00eb papun\u00eb, nj\u00eb matrapik gati nj\u00eb met\u00ebr i gjat\u00eb, i mark\u00ebs &#8220;Bosch&#8221;.<\/p>\n<p>Sadriu ngrihet menj\u00ebher\u00eb sapo i afrohesh. Do pak koh\u00eb p\u00ebr t&#8217;u \u00e7mpir\u00eb nga q\u00ebndrimi i gjat\u00eb shtrir\u00eb mbi stol. Pezmatohet kur kupton se, atij q\u00eb u afrua, nuk i duhet as ai, as vegla e tij, matrapiku.<\/p>\n<p>Duhet vet\u00ebm fjala e tij, \u00e7far\u00eb do t\u00eb b\u00ebj\u00eb ai dit\u00ebn kur shqiptar\u00ebve dhe boshnjak\u00ebve, do t&#8217;iu hiqet regjimi i vizave n\u00eb kufijt\u00eb e shteteve q\u00eb kan\u00eb n\u00ebnshkruar marr\u00ebveshjen Shengen. &#8220;E shiqon at matrapik?&#8221; &#8211; thot\u00eb dhe pastaj vet\u00ebm n\u00ebnqesh.<br \/>\nSi puna e Sadriut t\u00eb papun\u00eb jan\u00eb shum\u00eb tek &#8220;Ushtari i Panjohur&#8221;, vend takimi dhe q\u00ebndrimi p\u00ebr pun\u00ebtor\u00ebt me m\u00ebditje n\u00eb Tiran\u00eb, m\u00eb s\u00eb shumti zanat\u00e7inj dhe pun\u00ebtor\u00eb krahu.<\/p>\n<p>Pun\u00eb nuk ka. Edhe dje, si \u00e7do dit\u00eb, n\u00ebse parkoje anash rrug\u00ebs q\u00eb t\u00eb \u00e7on t\u00eb &#8220;N\u00ebnt\u00ebkat\u00ebshet&#8221;, burrat e papun\u00eb brofin duke t\u00eb t\u00eb pyetur n\u00ebse ke nevoj\u00eb p\u00ebr pun\u00ebtor\u00eb.<br \/>\nAta ende nuk e kishin marr\u00eb vesh kryelajmin e dit\u00ebs; votimin n\u00eb PE q\u00eb ndoshta do t&#8217;iu jap\u00eb fund k\u00ebt\u00eb vit rropatjeve denigruese t\u00eb shqiptar\u00ebve p\u00ebrpara selive konsullore t\u00eb vendeve evropiane an\u00ebtare t\u00eb nism\u00ebs Shengen. Me shumic\u00eb votash, an\u00ebtar\u00ebt e PE-s\u00eb mb\u00ebshtet\u00ebn k\u00ebshtu apelin e eurodeputetes sllovene, Tanja Fajon.<\/p>\n<p>\u00cbsht\u00eb hapi i parafundit. I fundit pritet nj\u00eb muaj m\u00eb pas, kur ministrat e brendsh\u00ebm evropian\u00eb duhet t\u00eb miratojn\u00eb propozimin legjislativ q\u00eb propozonte n\u00eb maj Komisioni dhe n\u00ebse votohet pro, liberalizimi i vizave edhe p\u00ebr shqiptar\u00ebt mund t\u00eb hyj\u00eb n\u00eb fuqi 20 dit\u00eb pas dat\u00ebs s\u00eb publikimit t\u00eb vendimit, pra n\u00eb dit\u00ebt e fundit t\u00eb dhjetorit 2010.<\/p>\n<p>K\u00ebshtu, 20 vite pas r\u00ebnies s\u00eb perdes t\u00eb hekurt mes vendeve t\u00eb ish-lindjes komuniste dhe atyre t\u00eb Evrop\u00ebs Per\u00ebndimore, edhe shtetasit shqiptar\u00eb t\u00eb pajisur me pasaporta biometrike mund t\u00eb ken\u00eb t\u00eb drejt\u00eb t\u00eb l\u00ebvizin n\u00eb vendet e hap\u00ebsir\u00ebs Shengen, p\u00ebr nj\u00eb periudh\u00eb 90 ditore. Por, as p\u00ebr t\u00eb punuar, as p\u00ebr t\u00eb studiuar.<\/p>\n<p>Sadriu thot\u00eb se nuk e ka ende pasaport\u00ebn e re biometrike t\u00eb siguris\u00eb s\u00eb lart\u00eb q\u00eb prodhohet nga firma franceze &#8220;Sagem&#8221; p\u00ebr nj\u00eb \u00e7mim rreth 50 euro. Nuk ka pasur aq lek\u00eb, sepse \u00ebsht\u00eb &#8220;buka e pes\u00eb f\u00ebmij\u00ebve p\u00ebr nj\u00eb jav\u00eb&#8221;, &#8211; si\u00e7 thot\u00eb. Por shton se do t&#8217;i marr\u00eb borxh, n\u00ebse nuk gjen pun\u00eb dhe nuk do t\u00eb rrij\u00eb pa shkuar te nj\u00eb kush\u00ebri q\u00eb jeton prej vitesh n\u00eb rrethinat e kryeqytetit belg.<\/p>\n<p>Qeveria shqiptare ka marr\u00eb zotime para autoriteteve t\u00eb BE-s\u00eb se do t\u00eb sensibilizoj\u00eb qytetar\u00ebt e vet se liberalizimi i vizave nuk do t\u00eb thot\u00eb leje pun\u00ebsimi apo q\u00ebndrimi pa afat n\u00eb vendet e hap\u00ebsir\u00ebs Shengen. Spote promocionale dhe afishe n\u00eb rrug\u00eb tregojn\u00eb radh\u00ebt aktuale para selive konsullore t\u00eb vendeve evropiane dhe leht\u00ebsimi q\u00eb do t\u00eb vij\u00eb pas heqjes s\u00eb barrierave t\u00eb vizave.<\/p>\n<p>N\u00eb 2008-\u00ebn, gjat\u00eb nj\u00eb takimi t\u00eb UNHCR-s\u00eb, agjenci e OKB-s\u00eb, kur flitej p\u00ebr kushtet e riatdhesimit t\u00eb shqiptar\u00ebve q\u00eb rrin\u00eb pa dokumente jasht\u00eb vendit t\u00eb tyre, nj\u00eb zyrtar shqiptar tha se parashikonte nj\u00eb fluks prej 400 mij\u00eb shtetasish shqiptar\u00eb, pas heqjes s\u00eb regjimit t\u00eb vizave.<\/p>\n<p>Qeveria shqiptare ka dh\u00ebn\u00eb shum\u00eb garanci, ve\u00e7an\u00ebrisht dit\u00ebt e fundit, sidomos pas dyshimeve t\u00eb forta t\u00eb qeveris\u00eb franceze p\u00ebr aft\u00ebsit\u00eb e vendit m\u00eb t\u00eb varf\u00ebr t\u00eb Ballkanit p\u00ebr t\u00eb qen\u00eb nj\u00eb respektues i mir\u00eb i l\u00ebvizjes pa viza.<\/p>\n<p>Mesazhi \u00ebsht\u00eb sidomos p\u00ebr qeverin\u00eb shqiptare dhe nuk ka t\u00eb b\u00ebj\u00eb me sigurin\u00eb e dokumenteve t\u00eb identifikimit, q\u00eb si p\u00ebr ironi t\u00eb fatit jan\u00eb b\u00ebr\u00eb nga vet\u00eb francez\u00ebt, si nj\u00eb koncesion shum\u00ebmilion\u00ebsh, por me frik\u00ebn p\u00ebr dyndje t\u00eb reja drejt vendeve t\u00eb pasura evropiane.<\/p>\n<p>Precedenti \u00ebsht\u00eb: Rreth n\u00ebnt\u00eb muaj m\u00eb par\u00eb, vet\u00ebm pak koh\u00eb pasi BE hoqi regjimin e vizave p\u00ebr serb\u00ebt, malazez\u00ebt dhe maqedonasit, qindra familje nga lugina e Preshev\u00ebs n\u00eb Serbi, apo t\u00eb FYROM-it, shkuan me autobus\u00eb n\u00eb Bruksel dhe k\u00ebrkuan azil politik. Qeveria belge u detyrua t&#8217;i kthente mbrapsht po me autobus\u00eb.<\/p>\n<p>Pas k\u00ebtyre rasteve, skeptik\u00ebt dhe kund\u00ebrshtar\u00ebt e hapjes s\u00eb Evrop\u00ebs pat\u00ebn nj\u00eb argument m\u00eb shum\u00eb p\u00ebr t\u00eb kund\u00ebrshtuar procesin e liberalizimit t\u00eb vizave, zgjerimit t\u00eb Evrop\u00ebs s\u00eb bashkuar p\u00ebrtej kufijve t\u00eb shteteve aktuale dhe masa dragoniane shtes\u00eb ndaj emigracionit ilegal dhe krahut t\u00eb lir\u00eb t\u00eb pun\u00ebs nga Lindja.<\/p>\n<p>Qeveria shqiptare p\u00ebrdori dje ato frazat e suksesit q\u00eb priteshin lidhur me votimin e PE-s\u00eb. Vizat do t\u00eb jen\u00eb me siguri nj\u00eb kart\u00eb e fort\u00eb elektorale e partis\u00eb n\u00eb pushtet p\u00ebr zgjedhjet e ardhshme vendore t\u00eb parashikuara p\u00ebr t&#8217;u mbajtur n\u00eb 8 maj 2011. Edhe vizat, ata do t&#8217;i shohin si nj\u00eb arm\u00eb tjet\u00ebr kund\u00ebr opozit\u00ebs.<\/p>\n<p>Por qeveria duhet t\u00eb jet\u00eb gati t\u00eb p\u00ebrballet edhe me t\u00eb korrat e asaj q\u00eb ka mbjell\u00eb. K\u00ebto mund ta penalizojn\u00eb shtetasin shqiptar s\u00ebrish. I reklamuar si vendi me rritjen m\u00eb t\u00eb madhe ekonomike t\u00eb Evrop\u00eb dhe vend q\u00eb nuk u godit nga kriza, Shqip\u00ebria \u00ebsht\u00eb n\u00eb realitet shum\u00eb prapa vendeve t\u00eb tjera t\u00eb rajonit n\u00eb aspektin ekonomik.<\/p>\n<p>T\u00eb ardhurat jan\u00eb rritur me loj\u00ebrat e zakonshme t\u00eb shifrave, por n\u00eb pes\u00eb vitet e fundit shqiptar\u00ebt ndihen duksh\u00ebm m\u00eb t\u00eb varf\u00ebr dhe m\u00eb t\u00eb pashpres\u00eb se m\u00eb par\u00eb. Nga ana tjet\u00ebr \u00ebsht\u00eb shtuar nj\u00eb klas\u00eb e superkamur q\u00eb jan\u00eb pushtetar\u00ebt dhe ata af\u00ebr tyre. (p\u00ebr ironi, jan\u00eb mbajt\u00ebs t\u00eb pasaportave t\u00eb sh\u00ebrbimit apo diplomatike, q\u00eb nuk kan\u00eb pasur ndonj\u00ebher\u00eb nevoj\u00eb p\u00ebr viza).<\/p>\n<p>Edhe pse me mbi 1 milion emigrant\u00eb n\u00eb Greqi dhe rreth 450 mij\u00eb n\u00eb Itali e vende t\u00eb tjera t\u00eb BE-s\u00eb, vendi vuan r\u00ebnien e d\u00ebrgesave nga jasht\u00eb, sepse shum\u00eb familje jan\u00eb goditur nga kriza e r\u00ebnd\u00eb ekonomike q\u00eb ka prekur shtetin Helen.<\/p>\n<p>Nd\u00ebrsa thuhet zyrtarisht se papun\u00ebsia \u00ebsht\u00eb rreth 11,5 p\u00ebr qind, jo zyrtarisht, ajo \u00ebsht\u00eb n\u00eb rreth 30 p\u00ebr qind dhe ka prekur sidomos brezin e ri, i cili nuk ka hap\u00ebsir\u00eb pun\u00ebsimi n\u00eb sektorin shtet\u00ebror t\u00eb pushtuar nga militant\u00ebt partiak\u00eb dhe as n\u00eb sip\u00ebrmarrjet e m\u00ebdha q\u00eb jan\u00eb t\u00eb pakta n\u00eb vend.<\/p>\n<p>Ata do t\u00eb jen\u00eb t\u00eb par\u00ebt q\u00eb do t\u00eb ikin, sepse n\u00eb vend nuk ka asnj\u00eb shpres\u00eb dhe t\u00eb ardhme p\u00ebr ta. Por, para tyre, me siguri do t\u00eb jet\u00eb Sadriu dhe arma e tij e luft\u00ebs p\u00ebr mbijetes\u00eb, matrapiku.<\/p>\n","protected":false},"excerpt":{"rendered":"<p>Arben Rrozhani, 08.10.2010 Sadriu \u00ebsht\u00eb shtrir\u00eb sa gjer\u00eb gjat\u00eb n\u00eb stolin e drunjt\u00eb me skelet prej hekuri t\u00eb skalitur. Dy vite m\u00eb par\u00eb kur ai shesh u rib\u00eb p\u00ebrreth statuj\u00ebs s\u00eb &#8220;Ushtarit t\u00eb Panjohur&#8221;, stoli ishte i bardh\u00eb dhe me listela t\u00eb drejta. Sot \u00ebsht\u00eb e shtremb\u00ebr dhe i zb\u00ebrdhul\u00ebt, por \u00ebsht\u00eb shtrati ditor i [&hellip;]<\/p>\n","protected":false},"author":1,"featured_media":0,"comment_status":"open","ping_status":"closed","sticky":false,"template":"","format":"standard","meta":{"footnotes":""},"categories":[2],"tags":[],"class_list":{"0":"post-4224","1":"post","2":"type-post","3":"status-publish","4":"format-standard","6":"category-artikuj"},"yoast_head":"<!-- This site is optimized with the Yoast SEO plugin v27.4 - https:\/\/yoast.com\/product\/yoast-seo-wordpress\/ -->\n<title>Matrapiku pa viz\u00eb - FjALA e LIR\u00cb - Arkivi<\/title>\n<meta name=\"robots\" content=\"index, follow, max-snippet:-1, max-image-preview:large, max-video-preview:-1\" \/>\n<link rel=\"canonical\" href=\"https:\/\/fjala.info\/2009-2015\/matrapiku-pa-vize\/\" \/>\n<meta property=\"og:locale\" content=\"sq_AL\" \/>\n<meta property=\"og:type\" content=\"article\" \/>\n<meta property=\"og:title\" content=\"Matrapiku pa viz\u00eb - FjALA e LIR\u00cb - Arkivi\" \/>\n<meta property=\"og:description\" content=\"Arben Rrozhani, 08.10.2010 Sadriu \u00ebsht\u00eb shtrir\u00eb sa gjer\u00eb gjat\u00eb n\u00eb stolin e drunjt\u00eb me skelet prej hekuri t\u00eb skalitur. Dy vite m\u00eb par\u00eb kur ai shesh u rib\u00eb p\u00ebrreth statuj\u00ebs s\u00eb &#8220;Ushtarit t\u00eb Panjohur&#8221;, stoli ishte i bardh\u00eb dhe me listela t\u00eb drejta. Sot \u00ebsht\u00eb e shtremb\u00ebr dhe i zb\u00ebrdhul\u00ebt, por \u00ebsht\u00eb shtrati ditor i [&hellip;]\" \/>\n<meta property=\"og:url\" content=\"https:\/\/fjala.info\/2009-2015\/matrapiku-pa-vize\/\" \/>\n<meta property=\"og:site_name\" content=\"FjALA e LIR\u00cb - Arkivi\" \/>\n<meta property=\"article:published_time\" content=\"2010-10-08T22:19:56+00:00\" \/>\n<meta property=\"og:image\" content=\"http:\/\/fjala.shkoder.net\/wp-content\/uploads\/2010\/10\/arben_rrozhani1.jpg\" \/>\n<meta name=\"author\" content=\"admin\" \/>\n<meta name=\"twitter:card\" content=\"summary_large_image\" \/>\n<meta name=\"twitter:label1\" content=\"Written by\" \/>\n\t<meta name=\"twitter:data1\" content=\"admin\" \/>\n\t<meta name=\"twitter:label2\" content=\"Est. reading time\" \/>\n\t<meta name=\"twitter:data2\" content=\"6 minutes\" \/>\n<script type=\"application\/ld+json\" class=\"yoast-schema-graph\">{\"@context\":\"https:\\\/\\\/schema.org\",\"@graph\":[{\"@type\":\"Article\",\"@id\":\"https:\\\/\\\/fjala.info\\\/2009-2015\\\/matrapiku-pa-vize\\\/#article\",\"isPartOf\":{\"@id\":\"https:\\\/\\\/fjala.info\\\/2009-2015\\\/matrapiku-pa-vize\\\/\"},\"author\":{\"name\":\"admin\",\"@id\":\"https:\\\/\\\/fjala.info\\\/2009-2015\\\/#\\\/schema\\\/person\\\/3aa1163ef05469c496fc94e77611ada2\"},\"headline\":\"Matrapiku pa viz\u00eb\",\"datePublished\":\"2010-10-08T22:19:56+00:00\",\"mainEntityOfPage\":{\"@id\":\"https:\\\/\\\/fjala.info\\\/2009-2015\\\/matrapiku-pa-vize\\\/\"},\"wordCount\":1234,\"commentCount\":0,\"publisher\":{\"@id\":\"https:\\\/\\\/fjala.info\\\/2009-2015\\\/#organization\"},\"image\":{\"@id\":\"https:\\\/\\\/fjala.info\\\/2009-2015\\\/matrapiku-pa-vize\\\/#primaryimage\"},\"thumbnailUrl\":\"http:\\\/\\\/fjala.shkoder.net\\\/wp-content\\\/uploads\\\/2010\\\/10\\\/arben_rrozhani1.jpg\",\"articleSection\":[\"Artikuj\"],\"inLanguage\":\"sq-AL\",\"potentialAction\":[{\"@type\":\"CommentAction\",\"name\":\"Comment\",\"target\":[\"https:\\\/\\\/fjala.info\\\/2009-2015\\\/matrapiku-pa-vize\\\/#respond\"]}]},{\"@type\":\"WebPage\",\"@id\":\"https:\\\/\\\/fjala.info\\\/2009-2015\\\/matrapiku-pa-vize\\\/\",\"url\":\"https:\\\/\\\/fjala.info\\\/2009-2015\\\/matrapiku-pa-vize\\\/\",\"name\":\"Matrapiku pa viz\u00eb - FjALA e LIR\u00cb - Arkivi\",\"isPartOf\":{\"@id\":\"https:\\\/\\\/fjala.info\\\/2009-2015\\\/#website\"},\"primaryImageOfPage\":{\"@id\":\"https:\\\/\\\/fjala.info\\\/2009-2015\\\/matrapiku-pa-vize\\\/#primaryimage\"},\"image\":{\"@id\":\"https:\\\/\\\/fjala.info\\\/2009-2015\\\/matrapiku-pa-vize\\\/#primaryimage\"},\"thumbnailUrl\":\"http:\\\/\\\/fjala.shkoder.net\\\/wp-content\\\/uploads\\\/2010\\\/10\\\/arben_rrozhani1.jpg\",\"datePublished\":\"2010-10-08T22:19:56+00:00\",\"breadcrumb\":{\"@id\":\"https:\\\/\\\/fjala.info\\\/2009-2015\\\/matrapiku-pa-vize\\\/#breadcrumb\"},\"inLanguage\":\"sq-AL\",\"potentialAction\":[{\"@type\":\"ReadAction\",\"target\":[\"https:\\\/\\\/fjala.info\\\/2009-2015\\\/matrapiku-pa-vize\\\/\"]}]},{\"@type\":\"ImageObject\",\"inLanguage\":\"sq-AL\",\"@id\":\"https:\\\/\\\/fjala.info\\\/2009-2015\\\/matrapiku-pa-vize\\\/#primaryimage\",\"url\":\"http:\\\/\\\/fjala.shkoder.net\\\/wp-content\\\/uploads\\\/2010\\\/10\\\/arben_rrozhani1.jpg\",\"contentUrl\":\"http:\\\/\\\/fjala.shkoder.net\\\/wp-content\\\/uploads\\\/2010\\\/10\\\/arben_rrozhani1.jpg\"},{\"@type\":\"BreadcrumbList\",\"@id\":\"https:\\\/\\\/fjala.info\\\/2009-2015\\\/matrapiku-pa-vize\\\/#breadcrumb\",\"itemListElement\":[{\"@type\":\"ListItem\",\"position\":1,\"name\":\"Home\",\"item\":\"https:\\\/\\\/fjala.info\\\/2009-2015\\\/\"},{\"@type\":\"ListItem\",\"position\":2,\"name\":\"Matrapiku pa viz\u00eb\"}]},{\"@type\":\"WebSite\",\"@id\":\"https:\\\/\\\/fjala.info\\\/2009-2015\\\/#website\",\"url\":\"https:\\\/\\\/fjala.info\\\/2009-2015\\\/\",\"name\":\"FjALA e LIR\u00cb - Arkivi\",\"description\":\"Arkivi 2009-2015\",\"publisher\":{\"@id\":\"https:\\\/\\\/fjala.info\\\/2009-2015\\\/#organization\"},\"potentialAction\":[{\"@type\":\"SearchAction\",\"target\":{\"@type\":\"EntryPoint\",\"urlTemplate\":\"https:\\\/\\\/fjala.info\\\/2009-2015\\\/?s={search_term_string}\"},\"query-input\":{\"@type\":\"PropertyValueSpecification\",\"valueRequired\":true,\"valueName\":\"search_term_string\"}}],\"inLanguage\":\"sq-AL\"},{\"@type\":\"Organization\",\"@id\":\"https:\\\/\\\/fjala.info\\\/2009-2015\\\/#organization\",\"name\":\"FjALA e LIR\u00cb - Arkivi\",\"url\":\"https:\\\/\\\/fjala.info\\\/2009-2015\\\/\",\"logo\":{\"@type\":\"ImageObject\",\"inLanguage\":\"sq-AL\",\"@id\":\"https:\\\/\\\/fjala.info\\\/2009-2015\\\/#\\\/schema\\\/logo\\\/image\\\/\",\"url\":\"\",\"contentUrl\":\"\",\"caption\":\"FjALA e LIR\u00cb - Arkivi\"},\"image\":{\"@id\":\"https:\\\/\\\/fjala.info\\\/2009-2015\\\/#\\\/schema\\\/logo\\\/image\\\/\"}},{\"@type\":\"Person\",\"@id\":\"https:\\\/\\\/fjala.info\\\/2009-2015\\\/#\\\/schema\\\/person\\\/3aa1163ef05469c496fc94e77611ada2\",\"name\":\"admin\",\"image\":{\"@type\":\"ImageObject\",\"inLanguage\":\"sq-AL\",\"@id\":\"https:\\\/\\\/fjala.info\\\/2009-2015\\\/wp-content\\\/uploads\\\/2012\\\/02\\\/arben_cokaj-120x150.jpg\",\"url\":\"https:\\\/\\\/fjala.info\\\/2009-2015\\\/wp-content\\\/uploads\\\/2012\\\/02\\\/arben_cokaj-120x150.jpg\",\"contentUrl\":\"https:\\\/\\\/fjala.info\\\/2009-2015\\\/wp-content\\\/uploads\\\/2012\\\/02\\\/arben_cokaj-120x150.jpg\",\"caption\":\"admin\"},\"description\":\"Admin, Fjala e Lir\u00eb\",\"sameAs\":[\"https:\\\/\\\/fjala.info\\\/\"],\"url\":\"https:\\\/\\\/fjala.info\\\/2009-2015\\\/author\\\/admin\\\/\"}]}<\/script>\n<!-- \/ Yoast SEO plugin. -->","yoast_head_json":{"title":"Matrapiku pa viz\u00eb - FjALA e LIR\u00cb - Arkivi","robots":{"index":"index","follow":"follow","max-snippet":"max-snippet:-1","max-image-preview":"max-image-preview:large","max-video-preview":"max-video-preview:-1"},"canonical":"https:\/\/fjala.info\/2009-2015\/matrapiku-pa-vize\/","og_locale":"sq_AL","og_type":"article","og_title":"Matrapiku pa viz\u00eb - FjALA e LIR\u00cb - Arkivi","og_description":"Arben Rrozhani, 08.10.2010 Sadriu \u00ebsht\u00eb shtrir\u00eb sa gjer\u00eb gjat\u00eb n\u00eb stolin e drunjt\u00eb me skelet prej hekuri t\u00eb skalitur. Dy vite m\u00eb par\u00eb kur ai shesh u rib\u00eb p\u00ebrreth statuj\u00ebs s\u00eb &#8220;Ushtarit t\u00eb Panjohur&#8221;, stoli ishte i bardh\u00eb dhe me listela t\u00eb drejta. Sot \u00ebsht\u00eb e shtremb\u00ebr dhe i zb\u00ebrdhul\u00ebt, por \u00ebsht\u00eb shtrati ditor i [&hellip;]","og_url":"https:\/\/fjala.info\/2009-2015\/matrapiku-pa-vize\/","og_site_name":"FjALA e LIR\u00cb - Arkivi","article_published_time":"2010-10-08T22:19:56+00:00","og_image":[{"url":"http:\/\/fjala.shkoder.net\/wp-content\/uploads\/2010\/10\/arben_rrozhani1.jpg","type":"","width":"","height":""}],"author":"admin","twitter_card":"summary_large_image","twitter_misc":{"Written by":"admin","Est. reading time":"6 minutes"},"schema":{"@context":"https:\/\/schema.org","@graph":[{"@type":"Article","@id":"https:\/\/fjala.info\/2009-2015\/matrapiku-pa-vize\/#article","isPartOf":{"@id":"https:\/\/fjala.info\/2009-2015\/matrapiku-pa-vize\/"},"author":{"name":"admin","@id":"https:\/\/fjala.info\/2009-2015\/#\/schema\/person\/3aa1163ef05469c496fc94e77611ada2"},"headline":"Matrapiku pa viz\u00eb","datePublished":"2010-10-08T22:19:56+00:00","mainEntityOfPage":{"@id":"https:\/\/fjala.info\/2009-2015\/matrapiku-pa-vize\/"},"wordCount":1234,"commentCount":0,"publisher":{"@id":"https:\/\/fjala.info\/2009-2015\/#organization"},"image":{"@id":"https:\/\/fjala.info\/2009-2015\/matrapiku-pa-vize\/#primaryimage"},"thumbnailUrl":"http:\/\/fjala.shkoder.net\/wp-content\/uploads\/2010\/10\/arben_rrozhani1.jpg","articleSection":["Artikuj"],"inLanguage":"sq-AL","potentialAction":[{"@type":"CommentAction","name":"Comment","target":["https:\/\/fjala.info\/2009-2015\/matrapiku-pa-vize\/#respond"]}]},{"@type":"WebPage","@id":"https:\/\/fjala.info\/2009-2015\/matrapiku-pa-vize\/","url":"https:\/\/fjala.info\/2009-2015\/matrapiku-pa-vize\/","name":"Matrapiku pa viz\u00eb - FjALA e LIR\u00cb - Arkivi","isPartOf":{"@id":"https:\/\/fjala.info\/2009-2015\/#website"},"primaryImageOfPage":{"@id":"https:\/\/fjala.info\/2009-2015\/matrapiku-pa-vize\/#primaryimage"},"image":{"@id":"https:\/\/fjala.info\/2009-2015\/matrapiku-pa-vize\/#primaryimage"},"thumbnailUrl":"http:\/\/fjala.shkoder.net\/wp-content\/uploads\/2010\/10\/arben_rrozhani1.jpg","datePublished":"2010-10-08T22:19:56+00:00","breadcrumb":{"@id":"https:\/\/fjala.info\/2009-2015\/matrapiku-pa-vize\/#breadcrumb"},"inLanguage":"sq-AL","potentialAction":[{"@type":"ReadAction","target":["https:\/\/fjala.info\/2009-2015\/matrapiku-pa-vize\/"]}]},{"@type":"ImageObject","inLanguage":"sq-AL","@id":"https:\/\/fjala.info\/2009-2015\/matrapiku-pa-vize\/#primaryimage","url":"http:\/\/fjala.shkoder.net\/wp-content\/uploads\/2010\/10\/arben_rrozhani1.jpg","contentUrl":"http:\/\/fjala.shkoder.net\/wp-content\/uploads\/2010\/10\/arben_rrozhani1.jpg"},{"@type":"BreadcrumbList","@id":"https:\/\/fjala.info\/2009-2015\/matrapiku-pa-vize\/#breadcrumb","itemListElement":[{"@type":"ListItem","position":1,"name":"Home","item":"https:\/\/fjala.info\/2009-2015\/"},{"@type":"ListItem","position":2,"name":"Matrapiku pa viz\u00eb"}]},{"@type":"WebSite","@id":"https:\/\/fjala.info\/2009-2015\/#website","url":"https:\/\/fjala.info\/2009-2015\/","name":"FjALA e LIR\u00cb - Arkivi","description":"Arkivi 2009-2015","publisher":{"@id":"https:\/\/fjala.info\/2009-2015\/#organization"},"potentialAction":[{"@type":"SearchAction","target":{"@type":"EntryPoint","urlTemplate":"https:\/\/fjala.info\/2009-2015\/?s={search_term_string}"},"query-input":{"@type":"PropertyValueSpecification","valueRequired":true,"valueName":"search_term_string"}}],"inLanguage":"sq-AL"},{"@type":"Organization","@id":"https:\/\/fjala.info\/2009-2015\/#organization","name":"FjALA e LIR\u00cb - Arkivi","url":"https:\/\/fjala.info\/2009-2015\/","logo":{"@type":"ImageObject","inLanguage":"sq-AL","@id":"https:\/\/fjala.info\/2009-2015\/#\/schema\/logo\/image\/","url":"","contentUrl":"","caption":"FjALA e LIR\u00cb - Arkivi"},"image":{"@id":"https:\/\/fjala.info\/2009-2015\/#\/schema\/logo\/image\/"}},{"@type":"Person","@id":"https:\/\/fjala.info\/2009-2015\/#\/schema\/person\/3aa1163ef05469c496fc94e77611ada2","name":"admin","image":{"@type":"ImageObject","inLanguage":"sq-AL","@id":"https:\/\/fjala.info\/2009-2015\/wp-content\/uploads\/2012\/02\/arben_cokaj-120x150.jpg","url":"https:\/\/fjala.info\/2009-2015\/wp-content\/uploads\/2012\/02\/arben_cokaj-120x150.jpg","contentUrl":"https:\/\/fjala.info\/2009-2015\/wp-content\/uploads\/2012\/02\/arben_cokaj-120x150.jpg","caption":"admin"},"description":"Admin, Fjala e Lir\u00eb","sameAs":["https:\/\/fjala.info\/"],"url":"https:\/\/fjala.info\/2009-2015\/author\/admin\/"}]}},"_links":{"self":[{"href":"https:\/\/fjala.info\/2009-2015\/wp-json\/wp\/v2\/posts\/4224","targetHints":{"allow":["GET"]}}],"collection":[{"href":"https:\/\/fjala.info\/2009-2015\/wp-json\/wp\/v2\/posts"}],"about":[{"href":"https:\/\/fjala.info\/2009-2015\/wp-json\/wp\/v2\/types\/post"}],"author":[{"embeddable":true,"href":"https:\/\/fjala.info\/2009-2015\/wp-json\/wp\/v2\/users\/1"}],"replies":[{"embeddable":true,"href":"https:\/\/fjala.info\/2009-2015\/wp-json\/wp\/v2\/comments?post=4224"}],"version-history":[{"count":0,"href":"https:\/\/fjala.info\/2009-2015\/wp-json\/wp\/v2\/posts\/4224\/revisions"}],"wp:attachment":[{"href":"https:\/\/fjala.info\/2009-2015\/wp-json\/wp\/v2\/media?parent=4224"}],"wp:term":[{"taxonomy":"category","embeddable":true,"href":"https:\/\/fjala.info\/2009-2015\/wp-json\/wp\/v2\/categories?post=4224"},{"taxonomy":"post_tag","embeddable":true,"href":"https:\/\/fjala.info\/2009-2015\/wp-json\/wp\/v2\/tags?post=4224"}],"curies":[{"name":"wp","href":"https:\/\/api.w.org\/{rel}","templated":true}]}}