{"id":4222,"date":"2012-08-05T21:16:08","date_gmt":"2012-08-05T20:16:08","guid":{"rendered":"http:\/\/www.fjala.info\/?p=4222"},"modified":"2012-08-05T21:16:08","modified_gmt":"2012-08-05T20:16:08","slug":"mallkimi-i-nenes-ja-pse-grate-jetojne-me-gjate","status":"publish","type":"post","link":"https:\/\/fjala.info\/2009-2015\/mallkimi-i-nenes-ja-pse-grate-jetojne-me-gjate\/","title":{"rendered":"\u201cMallkimi i n\u00ebn\u00ebs\u201d, ja pse grat\u00eb jetojn\u00eb m\u00eb gjat\u00eb"},"content":{"rendered":"<p><img decoding=\"async\" class=\"alignright size-thumbnail wp-image-7236\" title=\"Burrat dhe grat\u00eb\" src=\"http:\/\/www.fjala.info\/2012\/burrat_dhe_grate.jpg\" alt=\"\" width=\"300\" \/> <strong>Gazeta Shqip<\/strong>, <em>5 Gusht 2012<\/em><\/p>\n<p><strong><em>Mutacioni i plakjes trash\u00ebgohet ekskluzivisht nga n\u00ebna, por ka efekt vet\u00ebm tek meshkujt<\/em><\/strong><\/p>\n<p>N\u00eb t\u00eb gjitha vendet e industrializuar, grat\u00eb jetojn\u00eb mesatarisht 5-6 vjet m\u00eb gjat\u00eb se meshkujt, t\u00eb avantazhuara sipas disa studimeve, nga faktor\u00eb hormonal\u00eb, sociologjik\u00eb dhe kulturor\u00eb. Por e nj\u00ebjta situat\u00eb p\u00ebrs\u00ebritet tek pothuaj t\u00eb gjitha qeniet e gjalla dhe sipas t\u00eb gjitha gjasave, sekreti m\u00eb tep\u00ebr se sa n\u00eb stilin e jet\u00ebs, ndodhet n\u00eb gjene.<\/p>\n<p>Sipas k\u00ebrkueseve t\u00eb \u2018Monash University\u2019, sekreti lidhet me ADN mitokondriale, nj\u00ebsia q\u00eb konverton molekulat ushqimore n\u00eb energji. Kjo ADN, n\u00eb fakt, ndryshe nga ajo normale, trash\u00ebgohet ekskluzivisht nga n\u00ebna te f\u00ebmija, por transmeton karakteristikat e plakjes vet\u00ebm tek f\u00ebmij\u00ebt meshkuj. Tendenca e femrave, q\u00eb p\u00ebr nga jet\u00ebgjat\u00ebsia ia kalojn\u00eb meshkujve, \u00ebsht\u00eb e nj\u00ebjt\u00eb edhe tek kafsh\u00ebt. Sipas disa studimeve sugjerohet se k\u00ebto mutacione mitokondriale shkaktojn\u00eb plakjen m\u00eb t\u00eb shpejt\u00eb t\u00eb gjinis\u00eb mashkullore n\u00eb t\u00ebr\u00eb mbret\u00ebrin\u00eb e kafsh\u00ebve.<\/p>\n<p>\u201cMallkimi i n\u00ebn\u00ebs\u201d, k\u00ebshtu \u00ebsht\u00eb pag\u00ebzuar fenomeni i studiuar nga shkenc\u00ebtar\u00ebt anglo-australian\u00eb, t\u00eb cil\u00ebt mor\u00ebn n\u00eb shqyrtim ADN-n\u00eb mitokondriale t\u00eb nj\u00eb lloj fluture, e p\u00ebrdorur p\u00ebr hulumtime gjenetike n\u00eb laborator\u00ebt n\u00eb mbar\u00eb bot\u00ebn. Analiza tregoi se mutacionet e d\u00ebmshme kan\u00eb tendenc\u00eb p\u00ebr t\u2019u akumuluar n\u00eb mitokondri gjithmon\u00eb n\u00eb d\u00ebm t\u00eb mashkullit, sepse, nd\u00ebrsa ADN e b\u00ebrtham\u00ebs qelizore \u00ebsht\u00eb e trash\u00ebguar 50% nga n\u00ebna dhe 50% nga babai, ADN mitokondriale \u00ebsht\u00eb trash\u00ebguar vet\u00ebm nga n\u00ebna.<\/p>\n<p>Sipas studimit t\u00eb botuar n\u00eb \u2018Current Biology\u2019, ndryshueshm\u00ebria gjenetike e mitokondrive lejon t\u00eb parashikohet n\u00eb nj\u00eb far\u00eb m\u00ebnyre pritshm\u00ebria e jet\u00ebgjat\u00ebsis\u00eb s\u00eb nj\u00eb mashkulli n\u00eb raport me nj\u00eb fem\u00ebr. Objektivi i ardhsh\u00ebm i shkenc\u00ebtar\u00ebve do t\u00eb jet\u00eb T\u00eb zbulojn\u00eb mekanizmat gjenetik\u00eb q\u00eb mund t\u00eb zbatohen p\u00ebr t\u00eb \u2018kompensuar\u2019 efektet negative t\u00eb k\u00ebtyre mutacioneve, duke mbrojtur n\u00eb k\u00ebt\u00eb m\u00ebnyr\u00eb t\u00eb ashtuquajturin \u201cseksi i fort\u00eb\u201d nga \u201cbrisht\u00ebsia\u201d e tij.<\/p>\n<p><em>5 gusht 2012<\/em> (<em>gazeta-Shqip.com<\/em>)<\/p>\n","protected":false},"excerpt":{"rendered":"<p>Gazeta Shqip, 5 Gusht 2012 Mutacioni i plakjes trash\u00ebgohet ekskluzivisht nga n\u00ebna, por ka efekt vet\u00ebm tek meshkujt N\u00eb t\u00eb gjitha vendet e industrializuar, grat\u00eb jetojn\u00eb mesatarisht 5-6 vjet m\u00eb gjat\u00eb se meshkujt, t\u00eb avantazhuara sipas disa studimeve, nga faktor\u00eb hormonal\u00eb, sociologjik\u00eb dhe kulturor\u00eb. Por e nj\u00ebjta situat\u00eb p\u00ebrs\u00ebritet tek pothuaj t\u00eb gjitha qeniet e [&hellip;]<\/p>\n","protected":false},"author":1,"featured_media":0,"comment_status":"open","ping_status":"closed","sticky":false,"template":"","format":"standard","meta":{"footnotes":""},"categories":[2],"tags":[],"class_list":{"0":"post-4222","1":"post","2":"type-post","3":"status-publish","4":"format-standard","6":"category-artikuj"},"yoast_head":"<!-- This site is optimized with the Yoast SEO plugin v27.4 - https:\/\/yoast.com\/product\/yoast-seo-wordpress\/ -->\n<title>\u201cMallkimi i n\u00ebn\u00ebs\u201d, ja pse grat\u00eb jetojn\u00eb m\u00eb gjat\u00eb - FjALA e LIR\u00cb - Arkivi<\/title>\n<meta name=\"robots\" content=\"index, follow, max-snippet:-1, max-image-preview:large, max-video-preview:-1\" \/>\n<link rel=\"canonical\" href=\"https:\/\/fjala.info\/2009-2015\/mallkimi-i-nenes-ja-pse-grate-jetojne-me-gjate\/\" \/>\n<meta property=\"og:locale\" content=\"sq_AL\" \/>\n<meta property=\"og:type\" content=\"article\" \/>\n<meta property=\"og:title\" content=\"\u201cMallkimi i n\u00ebn\u00ebs\u201d, ja pse grat\u00eb jetojn\u00eb m\u00eb gjat\u00eb - FjALA e LIR\u00cb - Arkivi\" \/>\n<meta property=\"og:description\" content=\"Gazeta Shqip, 5 Gusht 2012 Mutacioni i plakjes trash\u00ebgohet ekskluzivisht nga n\u00ebna, por ka efekt vet\u00ebm tek meshkujt N\u00eb t\u00eb gjitha vendet e industrializuar, grat\u00eb jetojn\u00eb mesatarisht 5-6 vjet m\u00eb gjat\u00eb se meshkujt, t\u00eb avantazhuara sipas disa studimeve, nga faktor\u00eb hormonal\u00eb, sociologjik\u00eb dhe kulturor\u00eb. Por e nj\u00ebjta situat\u00eb p\u00ebrs\u00ebritet tek pothuaj t\u00eb gjitha qeniet e [&hellip;]\" \/>\n<meta property=\"og:url\" content=\"https:\/\/fjala.info\/2009-2015\/mallkimi-i-nenes-ja-pse-grate-jetojne-me-gjate\/\" \/>\n<meta property=\"og:site_name\" content=\"FjALA e LIR\u00cb - Arkivi\" \/>\n<meta property=\"article:published_time\" content=\"2012-08-05T20:16:08+00:00\" \/>\n<meta property=\"og:image\" content=\"http:\/\/www.fjala.info\/2012\/burrat_dhe_grate.jpg\" \/>\n<meta name=\"author\" content=\"admin\" \/>\n<meta name=\"twitter:card\" content=\"summary_large_image\" \/>\n<meta name=\"twitter:label1\" content=\"Written by\" \/>\n\t<meta name=\"twitter:data1\" content=\"admin\" \/>\n\t<meta name=\"twitter:label2\" content=\"Est. reading time\" \/>\n\t<meta name=\"twitter:data2\" content=\"2 minutes\" \/>\n<script type=\"application\/ld+json\" class=\"yoast-schema-graph\">{\"@context\":\"https:\\\/\\\/schema.org\",\"@graph\":[{\"@type\":\"Article\",\"@id\":\"https:\\\/\\\/fjala.info\\\/2009-2015\\\/mallkimi-i-nenes-ja-pse-grate-jetojne-me-gjate\\\/#article\",\"isPartOf\":{\"@id\":\"https:\\\/\\\/fjala.info\\\/2009-2015\\\/mallkimi-i-nenes-ja-pse-grate-jetojne-me-gjate\\\/\"},\"author\":{\"name\":\"admin\",\"@id\":\"https:\\\/\\\/fjala.info\\\/2009-2015\\\/#\\\/schema\\\/person\\\/3aa1163ef05469c496fc94e77611ada2\"},\"headline\":\"\u201cMallkimi i n\u00ebn\u00ebs\u201d, ja pse grat\u00eb jetojn\u00eb m\u00eb gjat\u00eb\",\"datePublished\":\"2012-08-05T20:16:08+00:00\",\"mainEntityOfPage\":{\"@id\":\"https:\\\/\\\/fjala.info\\\/2009-2015\\\/mallkimi-i-nenes-ja-pse-grate-jetojne-me-gjate\\\/\"},\"wordCount\":364,\"commentCount\":0,\"publisher\":{\"@id\":\"https:\\\/\\\/fjala.info\\\/2009-2015\\\/#organization\"},\"image\":{\"@id\":\"https:\\\/\\\/fjala.info\\\/2009-2015\\\/mallkimi-i-nenes-ja-pse-grate-jetojne-me-gjate\\\/#primaryimage\"},\"thumbnailUrl\":\"http:\\\/\\\/www.fjala.info\\\/2012\\\/burrat_dhe_grate.jpg\",\"articleSection\":[\"Artikuj\"],\"inLanguage\":\"sq-AL\",\"potentialAction\":[{\"@type\":\"CommentAction\",\"name\":\"Comment\",\"target\":[\"https:\\\/\\\/fjala.info\\\/2009-2015\\\/mallkimi-i-nenes-ja-pse-grate-jetojne-me-gjate\\\/#respond\"]}]},{\"@type\":\"WebPage\",\"@id\":\"https:\\\/\\\/fjala.info\\\/2009-2015\\\/mallkimi-i-nenes-ja-pse-grate-jetojne-me-gjate\\\/\",\"url\":\"https:\\\/\\\/fjala.info\\\/2009-2015\\\/mallkimi-i-nenes-ja-pse-grate-jetojne-me-gjate\\\/\",\"name\":\"\u201cMallkimi i n\u00ebn\u00ebs\u201d, ja pse grat\u00eb jetojn\u00eb m\u00eb gjat\u00eb - FjALA e LIR\u00cb - Arkivi\",\"isPartOf\":{\"@id\":\"https:\\\/\\\/fjala.info\\\/2009-2015\\\/#website\"},\"primaryImageOfPage\":{\"@id\":\"https:\\\/\\\/fjala.info\\\/2009-2015\\\/mallkimi-i-nenes-ja-pse-grate-jetojne-me-gjate\\\/#primaryimage\"},\"image\":{\"@id\":\"https:\\\/\\\/fjala.info\\\/2009-2015\\\/mallkimi-i-nenes-ja-pse-grate-jetojne-me-gjate\\\/#primaryimage\"},\"thumbnailUrl\":\"http:\\\/\\\/www.fjala.info\\\/2012\\\/burrat_dhe_grate.jpg\",\"datePublished\":\"2012-08-05T20:16:08+00:00\",\"breadcrumb\":{\"@id\":\"https:\\\/\\\/fjala.info\\\/2009-2015\\\/mallkimi-i-nenes-ja-pse-grate-jetojne-me-gjate\\\/#breadcrumb\"},\"inLanguage\":\"sq-AL\",\"potentialAction\":[{\"@type\":\"ReadAction\",\"target\":[\"https:\\\/\\\/fjala.info\\\/2009-2015\\\/mallkimi-i-nenes-ja-pse-grate-jetojne-me-gjate\\\/\"]}]},{\"@type\":\"ImageObject\",\"inLanguage\":\"sq-AL\",\"@id\":\"https:\\\/\\\/fjala.info\\\/2009-2015\\\/mallkimi-i-nenes-ja-pse-grate-jetojne-me-gjate\\\/#primaryimage\",\"url\":\"http:\\\/\\\/www.fjala.info\\\/2012\\\/burrat_dhe_grate.jpg\",\"contentUrl\":\"http:\\\/\\\/www.fjala.info\\\/2012\\\/burrat_dhe_grate.jpg\"},{\"@type\":\"BreadcrumbList\",\"@id\":\"https:\\\/\\\/fjala.info\\\/2009-2015\\\/mallkimi-i-nenes-ja-pse-grate-jetojne-me-gjate\\\/#breadcrumb\",\"itemListElement\":[{\"@type\":\"ListItem\",\"position\":1,\"name\":\"Home\",\"item\":\"https:\\\/\\\/fjala.info\\\/2009-2015\\\/\"},{\"@type\":\"ListItem\",\"position\":2,\"name\":\"\u201cMallkimi i n\u00ebn\u00ebs\u201d, ja pse grat\u00eb jetojn\u00eb m\u00eb gjat\u00eb\"}]},{\"@type\":\"WebSite\",\"@id\":\"https:\\\/\\\/fjala.info\\\/2009-2015\\\/#website\",\"url\":\"https:\\\/\\\/fjala.info\\\/2009-2015\\\/\",\"name\":\"FjALA e LIR\u00cb - Arkivi\",\"description\":\"Arkivi 2009-2015\",\"publisher\":{\"@id\":\"https:\\\/\\\/fjala.info\\\/2009-2015\\\/#organization\"},\"potentialAction\":[{\"@type\":\"SearchAction\",\"target\":{\"@type\":\"EntryPoint\",\"urlTemplate\":\"https:\\\/\\\/fjala.info\\\/2009-2015\\\/?s={search_term_string}\"},\"query-input\":{\"@type\":\"PropertyValueSpecification\",\"valueRequired\":true,\"valueName\":\"search_term_string\"}}],\"inLanguage\":\"sq-AL\"},{\"@type\":\"Organization\",\"@id\":\"https:\\\/\\\/fjala.info\\\/2009-2015\\\/#organization\",\"name\":\"FjALA e LIR\u00cb - Arkivi\",\"url\":\"https:\\\/\\\/fjala.info\\\/2009-2015\\\/\",\"logo\":{\"@type\":\"ImageObject\",\"inLanguage\":\"sq-AL\",\"@id\":\"https:\\\/\\\/fjala.info\\\/2009-2015\\\/#\\\/schema\\\/logo\\\/image\\\/\",\"url\":\"\",\"contentUrl\":\"\",\"caption\":\"FjALA e LIR\u00cb - Arkivi\"},\"image\":{\"@id\":\"https:\\\/\\\/fjala.info\\\/2009-2015\\\/#\\\/schema\\\/logo\\\/image\\\/\"}},{\"@type\":\"Person\",\"@id\":\"https:\\\/\\\/fjala.info\\\/2009-2015\\\/#\\\/schema\\\/person\\\/3aa1163ef05469c496fc94e77611ada2\",\"name\":\"admin\",\"image\":{\"@type\":\"ImageObject\",\"inLanguage\":\"sq-AL\",\"@id\":\"https:\\\/\\\/fjala.info\\\/2009-2015\\\/wp-content\\\/uploads\\\/2012\\\/02\\\/arben_cokaj-120x150.jpg\",\"url\":\"https:\\\/\\\/fjala.info\\\/2009-2015\\\/wp-content\\\/uploads\\\/2012\\\/02\\\/arben_cokaj-120x150.jpg\",\"contentUrl\":\"https:\\\/\\\/fjala.info\\\/2009-2015\\\/wp-content\\\/uploads\\\/2012\\\/02\\\/arben_cokaj-120x150.jpg\",\"caption\":\"admin\"},\"description\":\"Admin, Fjala e Lir\u00eb\",\"sameAs\":[\"https:\\\/\\\/fjala.info\\\/\"],\"url\":\"https:\\\/\\\/fjala.info\\\/2009-2015\\\/author\\\/admin\\\/\"}]}<\/script>\n<!-- \/ Yoast SEO plugin. -->","yoast_head_json":{"title":"\u201cMallkimi i n\u00ebn\u00ebs\u201d, ja pse grat\u00eb jetojn\u00eb m\u00eb gjat\u00eb - FjALA e LIR\u00cb - Arkivi","robots":{"index":"index","follow":"follow","max-snippet":"max-snippet:-1","max-image-preview":"max-image-preview:large","max-video-preview":"max-video-preview:-1"},"canonical":"https:\/\/fjala.info\/2009-2015\/mallkimi-i-nenes-ja-pse-grate-jetojne-me-gjate\/","og_locale":"sq_AL","og_type":"article","og_title":"\u201cMallkimi i n\u00ebn\u00ebs\u201d, ja pse grat\u00eb jetojn\u00eb m\u00eb gjat\u00eb - FjALA e LIR\u00cb - Arkivi","og_description":"Gazeta Shqip, 5 Gusht 2012 Mutacioni i plakjes trash\u00ebgohet ekskluzivisht nga n\u00ebna, por ka efekt vet\u00ebm tek meshkujt N\u00eb t\u00eb gjitha vendet e industrializuar, grat\u00eb jetojn\u00eb mesatarisht 5-6 vjet m\u00eb gjat\u00eb se meshkujt, t\u00eb avantazhuara sipas disa studimeve, nga faktor\u00eb hormonal\u00eb, sociologjik\u00eb dhe kulturor\u00eb. Por e nj\u00ebjta situat\u00eb p\u00ebrs\u00ebritet tek pothuaj t\u00eb gjitha qeniet e [&hellip;]","og_url":"https:\/\/fjala.info\/2009-2015\/mallkimi-i-nenes-ja-pse-grate-jetojne-me-gjate\/","og_site_name":"FjALA e LIR\u00cb - Arkivi","article_published_time":"2012-08-05T20:16:08+00:00","og_image":[{"url":"http:\/\/www.fjala.info\/2012\/burrat_dhe_grate.jpg","type":"","width":"","height":""}],"author":"admin","twitter_card":"summary_large_image","twitter_misc":{"Written by":"admin","Est. reading time":"2 minutes"},"schema":{"@context":"https:\/\/schema.org","@graph":[{"@type":"Article","@id":"https:\/\/fjala.info\/2009-2015\/mallkimi-i-nenes-ja-pse-grate-jetojne-me-gjate\/#article","isPartOf":{"@id":"https:\/\/fjala.info\/2009-2015\/mallkimi-i-nenes-ja-pse-grate-jetojne-me-gjate\/"},"author":{"name":"admin","@id":"https:\/\/fjala.info\/2009-2015\/#\/schema\/person\/3aa1163ef05469c496fc94e77611ada2"},"headline":"\u201cMallkimi i n\u00ebn\u00ebs\u201d, ja pse grat\u00eb jetojn\u00eb m\u00eb gjat\u00eb","datePublished":"2012-08-05T20:16:08+00:00","mainEntityOfPage":{"@id":"https:\/\/fjala.info\/2009-2015\/mallkimi-i-nenes-ja-pse-grate-jetojne-me-gjate\/"},"wordCount":364,"commentCount":0,"publisher":{"@id":"https:\/\/fjala.info\/2009-2015\/#organization"},"image":{"@id":"https:\/\/fjala.info\/2009-2015\/mallkimi-i-nenes-ja-pse-grate-jetojne-me-gjate\/#primaryimage"},"thumbnailUrl":"http:\/\/www.fjala.info\/2012\/burrat_dhe_grate.jpg","articleSection":["Artikuj"],"inLanguage":"sq-AL","potentialAction":[{"@type":"CommentAction","name":"Comment","target":["https:\/\/fjala.info\/2009-2015\/mallkimi-i-nenes-ja-pse-grate-jetojne-me-gjate\/#respond"]}]},{"@type":"WebPage","@id":"https:\/\/fjala.info\/2009-2015\/mallkimi-i-nenes-ja-pse-grate-jetojne-me-gjate\/","url":"https:\/\/fjala.info\/2009-2015\/mallkimi-i-nenes-ja-pse-grate-jetojne-me-gjate\/","name":"\u201cMallkimi i n\u00ebn\u00ebs\u201d, ja pse grat\u00eb jetojn\u00eb m\u00eb gjat\u00eb - FjALA e LIR\u00cb - Arkivi","isPartOf":{"@id":"https:\/\/fjala.info\/2009-2015\/#website"},"primaryImageOfPage":{"@id":"https:\/\/fjala.info\/2009-2015\/mallkimi-i-nenes-ja-pse-grate-jetojne-me-gjate\/#primaryimage"},"image":{"@id":"https:\/\/fjala.info\/2009-2015\/mallkimi-i-nenes-ja-pse-grate-jetojne-me-gjate\/#primaryimage"},"thumbnailUrl":"http:\/\/www.fjala.info\/2012\/burrat_dhe_grate.jpg","datePublished":"2012-08-05T20:16:08+00:00","breadcrumb":{"@id":"https:\/\/fjala.info\/2009-2015\/mallkimi-i-nenes-ja-pse-grate-jetojne-me-gjate\/#breadcrumb"},"inLanguage":"sq-AL","potentialAction":[{"@type":"ReadAction","target":["https:\/\/fjala.info\/2009-2015\/mallkimi-i-nenes-ja-pse-grate-jetojne-me-gjate\/"]}]},{"@type":"ImageObject","inLanguage":"sq-AL","@id":"https:\/\/fjala.info\/2009-2015\/mallkimi-i-nenes-ja-pse-grate-jetojne-me-gjate\/#primaryimage","url":"http:\/\/www.fjala.info\/2012\/burrat_dhe_grate.jpg","contentUrl":"http:\/\/www.fjala.info\/2012\/burrat_dhe_grate.jpg"},{"@type":"BreadcrumbList","@id":"https:\/\/fjala.info\/2009-2015\/mallkimi-i-nenes-ja-pse-grate-jetojne-me-gjate\/#breadcrumb","itemListElement":[{"@type":"ListItem","position":1,"name":"Home","item":"https:\/\/fjala.info\/2009-2015\/"},{"@type":"ListItem","position":2,"name":"\u201cMallkimi i n\u00ebn\u00ebs\u201d, ja pse grat\u00eb jetojn\u00eb m\u00eb gjat\u00eb"}]},{"@type":"WebSite","@id":"https:\/\/fjala.info\/2009-2015\/#website","url":"https:\/\/fjala.info\/2009-2015\/","name":"FjALA e LIR\u00cb - Arkivi","description":"Arkivi 2009-2015","publisher":{"@id":"https:\/\/fjala.info\/2009-2015\/#organization"},"potentialAction":[{"@type":"SearchAction","target":{"@type":"EntryPoint","urlTemplate":"https:\/\/fjala.info\/2009-2015\/?s={search_term_string}"},"query-input":{"@type":"PropertyValueSpecification","valueRequired":true,"valueName":"search_term_string"}}],"inLanguage":"sq-AL"},{"@type":"Organization","@id":"https:\/\/fjala.info\/2009-2015\/#organization","name":"FjALA e LIR\u00cb - Arkivi","url":"https:\/\/fjala.info\/2009-2015\/","logo":{"@type":"ImageObject","inLanguage":"sq-AL","@id":"https:\/\/fjala.info\/2009-2015\/#\/schema\/logo\/image\/","url":"","contentUrl":"","caption":"FjALA e LIR\u00cb - Arkivi"},"image":{"@id":"https:\/\/fjala.info\/2009-2015\/#\/schema\/logo\/image\/"}},{"@type":"Person","@id":"https:\/\/fjala.info\/2009-2015\/#\/schema\/person\/3aa1163ef05469c496fc94e77611ada2","name":"admin","image":{"@type":"ImageObject","inLanguage":"sq-AL","@id":"https:\/\/fjala.info\/2009-2015\/wp-content\/uploads\/2012\/02\/arben_cokaj-120x150.jpg","url":"https:\/\/fjala.info\/2009-2015\/wp-content\/uploads\/2012\/02\/arben_cokaj-120x150.jpg","contentUrl":"https:\/\/fjala.info\/2009-2015\/wp-content\/uploads\/2012\/02\/arben_cokaj-120x150.jpg","caption":"admin"},"description":"Admin, Fjala e Lir\u00eb","sameAs":["https:\/\/fjala.info\/"],"url":"https:\/\/fjala.info\/2009-2015\/author\/admin\/"}]}},"_links":{"self":[{"href":"https:\/\/fjala.info\/2009-2015\/wp-json\/wp\/v2\/posts\/4222","targetHints":{"allow":["GET"]}}],"collection":[{"href":"https:\/\/fjala.info\/2009-2015\/wp-json\/wp\/v2\/posts"}],"about":[{"href":"https:\/\/fjala.info\/2009-2015\/wp-json\/wp\/v2\/types\/post"}],"author":[{"embeddable":true,"href":"https:\/\/fjala.info\/2009-2015\/wp-json\/wp\/v2\/users\/1"}],"replies":[{"embeddable":true,"href":"https:\/\/fjala.info\/2009-2015\/wp-json\/wp\/v2\/comments?post=4222"}],"version-history":[{"count":0,"href":"https:\/\/fjala.info\/2009-2015\/wp-json\/wp\/v2\/posts\/4222\/revisions"}],"wp:attachment":[{"href":"https:\/\/fjala.info\/2009-2015\/wp-json\/wp\/v2\/media?parent=4222"}],"wp:term":[{"taxonomy":"category","embeddable":true,"href":"https:\/\/fjala.info\/2009-2015\/wp-json\/wp\/v2\/categories?post=4222"},{"taxonomy":"post_tag","embeddable":true,"href":"https:\/\/fjala.info\/2009-2015\/wp-json\/wp\/v2\/tags?post=4222"}],"curies":[{"name":"wp","href":"https:\/\/api.w.org\/{rel}","templated":true}]}}