{"id":4217,"date":"2010-10-08T07:43:59","date_gmt":"2010-10-08T06:43:59","guid":{"rendered":"http:\/\/fjala.shkoder.net\/?p=4217"},"modified":"2010-10-08T07:43:59","modified_gmt":"2010-10-08T06:43:59","slug":"shkrimtari-ndue-ukaj-botohet-ne-amerike","status":"publish","type":"post","link":"https:\/\/fjala.info\/2009-2015\/shkrimtari-ndue-ukaj-botohet-ne-amerike\/","title":{"rendered":"Shkrimtari Ndue Ukaj botohet n\u00eb Amerik\u00eb"},"content":{"rendered":"<p><img loading=\"lazy\" decoding=\"async\" src=\"http:\/\/fjala.shkoder.net\/wp-content\/uploads\/2010\/10\/ndue_ukaj2.jpg\" alt=\"\" title=\"Ndue Ukaj\" width=\"168\" height=\"169\" class=\"alignright size-full wp-image-4218\" \/><\/p>\n<p>\u00cbsht\u00eb botuar n\u00eb Amerik\u00eb libri me poezi, Ithaca of the Word (Itaka e fjal\u00ebs), i poetit dhe kritikut t\u00eb let\u00ebrsis\u00eb Ndue Ukaj, me p\u00ebrkthim t\u00eb Peter Tases.  Poezia e Ukajt \u00ebsht\u00eb vler\u00ebsuar si simbol i poezis\u00eb moderne shqipe, ku ndjehet fuqish\u00ebm fryma universale e poezis\u00eb dhe k\u00ebrkesat e saj p\u00ebr t\u00eb qene pjes\u00eb e poezis\u00eb s\u00eb p\u00ebrbotshme, duke p\u00ebrcjell frym\u00ebn e ve\u00e7ant\u00eb dhe tiparet moderne t\u00eb poezis\u00eb shqiptare, tipare dhe karakteristika k\u00ebto q\u00eb ndeshen fuqish\u00ebm dhe me nj\u00eb mjesht\u00ebri n\u00eb vargjet e Ndue Ukajt. Ky lib\u00ebr, i vler\u00ebsuar p\u00ebr stilin unik nga p\u00ebrkthyesi Peter Tase, karakterizohet  p\u00ebr origjinalitetin e tij dhe \u00ebsht\u00eb nj\u00eb ngjarje e r\u00ebnd\u00ebsishme p\u00ebr poezin\u00eb shqipe dhe p\u00ebrkthimin e saj n\u00eb gjuh\u00ebn angleze.  <\/p>\n<p>Libri \u00ebsht\u00eb botuar n\u00ebn p\u00ebrkujdesjen e Piro Tases, si p\u00ebrfaq\u00ebsues i autorit n\u00eb SHBA dhe per\u00ebndim, nd\u00ebrkaq libri, brenda pak dit\u00ebs do t\u00eb jet\u00eb n\u00eb shitje, p\u00ebrve\u00e7 nga Sht\u00ebpin\u00eb botuese Lulu, edhe n\u00eb rrjetin e fuqish\u00ebm bot\u00ebror, si Amazona dhe Barnes and Nobles, ku libri do t\u00eb ket\u00eb qasje nd\u00ebrkomb\u00ebtare. <\/p>\n<p>Ky lib\u00ebr shfaqet para lexuesit amerikan me tiparet e ve\u00e7anta poetike dhe shquhet p\u00ebr nj\u00eb stilistik moderne, ku ka nj\u00eb p\u00ebrpjekje t\u00eb thyhen shabllonet e poezis\u00eb, madje duke e riaktivizuar edhe nj\u00eb form\u00eb t\u00eb poezis\u00eb s\u00eb gjat\u00eb, shkruan Petrit Palushi. At\u00eb e shquan mendimi i thell\u00eb dhe nj\u00eb ndjeshm\u00ebri e ve\u00e7ant\u00eb, e cila p\u00ebrcillet tek lexuesi amerikan dhe anglishtfol\u00ebse, me nj\u00eb p\u00ebrkthim t\u00eb bukur t\u00eb Peter Tases, i cili,  \u00ebsht\u00eb autor i disa fjalor\u00ebve, i shum\u00eb p\u00ebrkthimeve dhe autor i teksteve t\u00eb ndryshme p\u00ebr let\u00ebrsin\u00eb. <\/p>\n<p>Shkrimtari Ndue Ukaj nga kritika letrare \u00ebsht\u00eb vler\u00ebsuar si psalmit modern i poezis\u00eb shqipe, nd\u00ebrkaq poezia e tij shquhet p\u00ebr tematik\u00ebn e larmishme, ku nd\u00ebrthuret nacionale dhe universalja, p\u00ebrmes nj\u00eb stili origjinal.  Poezia \u00ebsht\u00eb pasqyrim m\u00eb i mir\u00eb i shpirtit t\u00eb nj\u00eb kombi, prandaj botimi i k\u00ebtij libri n\u00eb anglisht, \u00ebsht\u00eb nj\u00eb hap i r\u00ebnd\u00ebsish\u00ebm p\u00ebr njohjen e poezis\u00eb shqipe n\u00eb bot\u00eb. <\/p>\n","protected":false},"excerpt":{"rendered":"<p>\u00cbsht\u00eb botuar n\u00eb Amerik\u00eb libri me poezi, Ithaca of the Word (Itaka e fjal\u00ebs), i poetit dhe kritikut t\u00eb let\u00ebrsis\u00eb Ndue Ukaj, me p\u00ebrkthim t\u00eb Peter Tases. Poezia e Ukajt \u00ebsht\u00eb vler\u00ebsuar si simbol i poezis\u00eb moderne shqipe, ku ndjehet fuqish\u00ebm fryma universale e poezis\u00eb dhe k\u00ebrkesat e saj p\u00ebr t\u00eb qene pjes\u00eb e poezis\u00eb [&hellip;]<\/p>\n","protected":false},"author":1,"featured_media":0,"comment_status":"open","ping_status":"closed","sticky":false,"template":"","format":"standard","meta":{"footnotes":""},"categories":[2,7],"tags":[],"class_list":{"0":"post-4217","1":"post","2":"type-post","3":"status-publish","4":"format-standard","6":"category-artikuj","7":"category-letersi"},"yoast_head":"<!-- This site is optimized with the Yoast SEO plugin v27.4 - https:\/\/yoast.com\/product\/yoast-seo-wordpress\/ -->\n<title>Shkrimtari Ndue Ukaj botohet n\u00eb Amerik\u00eb - FjALA e LIR\u00cb - Arkivi<\/title>\n<meta name=\"robots\" content=\"index, follow, max-snippet:-1, max-image-preview:large, max-video-preview:-1\" \/>\n<link rel=\"canonical\" href=\"https:\/\/fjala.info\/2009-2015\/shkrimtari-ndue-ukaj-botohet-ne-amerike\/\" \/>\n<meta property=\"og:locale\" content=\"sq_AL\" \/>\n<meta property=\"og:type\" content=\"article\" \/>\n<meta property=\"og:title\" content=\"Shkrimtari Ndue Ukaj botohet n\u00eb Amerik\u00eb - FjALA e LIR\u00cb - Arkivi\" \/>\n<meta property=\"og:description\" content=\"\u00cbsht\u00eb botuar n\u00eb Amerik\u00eb libri me poezi, Ithaca of the Word (Itaka e fjal\u00ebs), i poetit dhe kritikut t\u00eb let\u00ebrsis\u00eb Ndue Ukaj, me p\u00ebrkthim t\u00eb Peter Tases. Poezia e Ukajt \u00ebsht\u00eb vler\u00ebsuar si simbol i poezis\u00eb moderne shqipe, ku ndjehet fuqish\u00ebm fryma universale e poezis\u00eb dhe k\u00ebrkesat e saj p\u00ebr t\u00eb qene pjes\u00eb e poezis\u00eb [&hellip;]\" \/>\n<meta property=\"og:url\" content=\"https:\/\/fjala.info\/2009-2015\/shkrimtari-ndue-ukaj-botohet-ne-amerike\/\" \/>\n<meta property=\"og:site_name\" content=\"FjALA e LIR\u00cb - Arkivi\" \/>\n<meta property=\"article:published_time\" content=\"2010-10-08T06:43:59+00:00\" \/>\n<meta property=\"og:image\" content=\"http:\/\/fjala.shkoder.net\/wp-content\/uploads\/2010\/10\/ndue_ukaj2.jpg\" \/>\n<meta name=\"author\" content=\"admin\" \/>\n<meta name=\"twitter:card\" content=\"summary_large_image\" \/>\n<meta name=\"twitter:label1\" content=\"Written by\" \/>\n\t<meta name=\"twitter:data1\" content=\"admin\" \/>\n\t<meta name=\"twitter:label2\" content=\"Est. reading time\" \/>\n\t<meta name=\"twitter:data2\" content=\"2 minutes\" \/>\n<script type=\"application\/ld+json\" class=\"yoast-schema-graph\">{\"@context\":\"https:\\\/\\\/schema.org\",\"@graph\":[{\"@type\":\"Article\",\"@id\":\"https:\\\/\\\/fjala.info\\\/2009-2015\\\/shkrimtari-ndue-ukaj-botohet-ne-amerike\\\/#article\",\"isPartOf\":{\"@id\":\"https:\\\/\\\/fjala.info\\\/2009-2015\\\/shkrimtari-ndue-ukaj-botohet-ne-amerike\\\/\"},\"author\":{\"name\":\"admin\",\"@id\":\"https:\\\/\\\/fjala.info\\\/2009-2015\\\/#\\\/schema\\\/person\\\/3aa1163ef05469c496fc94e77611ada2\"},\"headline\":\"Shkrimtari Ndue Ukaj botohet n\u00eb Amerik\u00eb\",\"datePublished\":\"2010-10-08T06:43:59+00:00\",\"mainEntityOfPage\":{\"@id\":\"https:\\\/\\\/fjala.info\\\/2009-2015\\\/shkrimtari-ndue-ukaj-botohet-ne-amerike\\\/\"},\"wordCount\":380,\"commentCount\":0,\"publisher\":{\"@id\":\"https:\\\/\\\/fjala.info\\\/2009-2015\\\/#organization\"},\"image\":{\"@id\":\"https:\\\/\\\/fjala.info\\\/2009-2015\\\/shkrimtari-ndue-ukaj-botohet-ne-amerike\\\/#primaryimage\"},\"thumbnailUrl\":\"http:\\\/\\\/fjala.shkoder.net\\\/wp-content\\\/uploads\\\/2010\\\/10\\\/ndue_ukaj2.jpg\",\"articleSection\":[\"Artikuj\",\"Let\u00ebrsi\"],\"inLanguage\":\"sq-AL\",\"potentialAction\":[{\"@type\":\"CommentAction\",\"name\":\"Comment\",\"target\":[\"https:\\\/\\\/fjala.info\\\/2009-2015\\\/shkrimtari-ndue-ukaj-botohet-ne-amerike\\\/#respond\"]}]},{\"@type\":\"WebPage\",\"@id\":\"https:\\\/\\\/fjala.info\\\/2009-2015\\\/shkrimtari-ndue-ukaj-botohet-ne-amerike\\\/\",\"url\":\"https:\\\/\\\/fjala.info\\\/2009-2015\\\/shkrimtari-ndue-ukaj-botohet-ne-amerike\\\/\",\"name\":\"Shkrimtari Ndue Ukaj botohet n\u00eb Amerik\u00eb - FjALA e LIR\u00cb - Arkivi\",\"isPartOf\":{\"@id\":\"https:\\\/\\\/fjala.info\\\/2009-2015\\\/#website\"},\"primaryImageOfPage\":{\"@id\":\"https:\\\/\\\/fjala.info\\\/2009-2015\\\/shkrimtari-ndue-ukaj-botohet-ne-amerike\\\/#primaryimage\"},\"image\":{\"@id\":\"https:\\\/\\\/fjala.info\\\/2009-2015\\\/shkrimtari-ndue-ukaj-botohet-ne-amerike\\\/#primaryimage\"},\"thumbnailUrl\":\"http:\\\/\\\/fjala.shkoder.net\\\/wp-content\\\/uploads\\\/2010\\\/10\\\/ndue_ukaj2.jpg\",\"datePublished\":\"2010-10-08T06:43:59+00:00\",\"breadcrumb\":{\"@id\":\"https:\\\/\\\/fjala.info\\\/2009-2015\\\/shkrimtari-ndue-ukaj-botohet-ne-amerike\\\/#breadcrumb\"},\"inLanguage\":\"sq-AL\",\"potentialAction\":[{\"@type\":\"ReadAction\",\"target\":[\"https:\\\/\\\/fjala.info\\\/2009-2015\\\/shkrimtari-ndue-ukaj-botohet-ne-amerike\\\/\"]}]},{\"@type\":\"ImageObject\",\"inLanguage\":\"sq-AL\",\"@id\":\"https:\\\/\\\/fjala.info\\\/2009-2015\\\/shkrimtari-ndue-ukaj-botohet-ne-amerike\\\/#primaryimage\",\"url\":\"http:\\\/\\\/fjala.shkoder.net\\\/wp-content\\\/uploads\\\/2010\\\/10\\\/ndue_ukaj2.jpg\",\"contentUrl\":\"http:\\\/\\\/fjala.shkoder.net\\\/wp-content\\\/uploads\\\/2010\\\/10\\\/ndue_ukaj2.jpg\"},{\"@type\":\"BreadcrumbList\",\"@id\":\"https:\\\/\\\/fjala.info\\\/2009-2015\\\/shkrimtari-ndue-ukaj-botohet-ne-amerike\\\/#breadcrumb\",\"itemListElement\":[{\"@type\":\"ListItem\",\"position\":1,\"name\":\"Home\",\"item\":\"https:\\\/\\\/fjala.info\\\/2009-2015\\\/\"},{\"@type\":\"ListItem\",\"position\":2,\"name\":\"Shkrimtari Ndue Ukaj botohet n\u00eb Amerik\u00eb\"}]},{\"@type\":\"WebSite\",\"@id\":\"https:\\\/\\\/fjala.info\\\/2009-2015\\\/#website\",\"url\":\"https:\\\/\\\/fjala.info\\\/2009-2015\\\/\",\"name\":\"FjALA e LIR\u00cb - Arkivi\",\"description\":\"Arkivi 2009-2015\",\"publisher\":{\"@id\":\"https:\\\/\\\/fjala.info\\\/2009-2015\\\/#organization\"},\"potentialAction\":[{\"@type\":\"SearchAction\",\"target\":{\"@type\":\"EntryPoint\",\"urlTemplate\":\"https:\\\/\\\/fjala.info\\\/2009-2015\\\/?s={search_term_string}\"},\"query-input\":{\"@type\":\"PropertyValueSpecification\",\"valueRequired\":true,\"valueName\":\"search_term_string\"}}],\"inLanguage\":\"sq-AL\"},{\"@type\":\"Organization\",\"@id\":\"https:\\\/\\\/fjala.info\\\/2009-2015\\\/#organization\",\"name\":\"FjALA e LIR\u00cb - Arkivi\",\"url\":\"https:\\\/\\\/fjala.info\\\/2009-2015\\\/\",\"logo\":{\"@type\":\"ImageObject\",\"inLanguage\":\"sq-AL\",\"@id\":\"https:\\\/\\\/fjala.info\\\/2009-2015\\\/#\\\/schema\\\/logo\\\/image\\\/\",\"url\":\"\",\"contentUrl\":\"\",\"caption\":\"FjALA e LIR\u00cb - Arkivi\"},\"image\":{\"@id\":\"https:\\\/\\\/fjala.info\\\/2009-2015\\\/#\\\/schema\\\/logo\\\/image\\\/\"}},{\"@type\":\"Person\",\"@id\":\"https:\\\/\\\/fjala.info\\\/2009-2015\\\/#\\\/schema\\\/person\\\/3aa1163ef05469c496fc94e77611ada2\",\"name\":\"admin\",\"image\":{\"@type\":\"ImageObject\",\"inLanguage\":\"sq-AL\",\"@id\":\"https:\\\/\\\/fjala.info\\\/2009-2015\\\/wp-content\\\/uploads\\\/2012\\\/02\\\/arben_cokaj-120x150.jpg\",\"url\":\"https:\\\/\\\/fjala.info\\\/2009-2015\\\/wp-content\\\/uploads\\\/2012\\\/02\\\/arben_cokaj-120x150.jpg\",\"contentUrl\":\"https:\\\/\\\/fjala.info\\\/2009-2015\\\/wp-content\\\/uploads\\\/2012\\\/02\\\/arben_cokaj-120x150.jpg\",\"caption\":\"admin\"},\"description\":\"Admin, Fjala e Lir\u00eb\",\"sameAs\":[\"https:\\\/\\\/fjala.info\\\/\"],\"url\":\"https:\\\/\\\/fjala.info\\\/2009-2015\\\/author\\\/admin\\\/\"}]}<\/script>\n<!-- \/ Yoast SEO plugin. -->","yoast_head_json":{"title":"Shkrimtari Ndue Ukaj botohet n\u00eb Amerik\u00eb - FjALA e LIR\u00cb - Arkivi","robots":{"index":"index","follow":"follow","max-snippet":"max-snippet:-1","max-image-preview":"max-image-preview:large","max-video-preview":"max-video-preview:-1"},"canonical":"https:\/\/fjala.info\/2009-2015\/shkrimtari-ndue-ukaj-botohet-ne-amerike\/","og_locale":"sq_AL","og_type":"article","og_title":"Shkrimtari Ndue Ukaj botohet n\u00eb Amerik\u00eb - FjALA e LIR\u00cb - Arkivi","og_description":"\u00cbsht\u00eb botuar n\u00eb Amerik\u00eb libri me poezi, Ithaca of the Word (Itaka e fjal\u00ebs), i poetit dhe kritikut t\u00eb let\u00ebrsis\u00eb Ndue Ukaj, me p\u00ebrkthim t\u00eb Peter Tases. Poezia e Ukajt \u00ebsht\u00eb vler\u00ebsuar si simbol i poezis\u00eb moderne shqipe, ku ndjehet fuqish\u00ebm fryma universale e poezis\u00eb dhe k\u00ebrkesat e saj p\u00ebr t\u00eb qene pjes\u00eb e poezis\u00eb [&hellip;]","og_url":"https:\/\/fjala.info\/2009-2015\/shkrimtari-ndue-ukaj-botohet-ne-amerike\/","og_site_name":"FjALA e LIR\u00cb - Arkivi","article_published_time":"2010-10-08T06:43:59+00:00","og_image":[{"url":"http:\/\/fjala.shkoder.net\/wp-content\/uploads\/2010\/10\/ndue_ukaj2.jpg","type":"","width":"","height":""}],"author":"admin","twitter_card":"summary_large_image","twitter_misc":{"Written by":"admin","Est. reading time":"2 minutes"},"schema":{"@context":"https:\/\/schema.org","@graph":[{"@type":"Article","@id":"https:\/\/fjala.info\/2009-2015\/shkrimtari-ndue-ukaj-botohet-ne-amerike\/#article","isPartOf":{"@id":"https:\/\/fjala.info\/2009-2015\/shkrimtari-ndue-ukaj-botohet-ne-amerike\/"},"author":{"name":"admin","@id":"https:\/\/fjala.info\/2009-2015\/#\/schema\/person\/3aa1163ef05469c496fc94e77611ada2"},"headline":"Shkrimtari Ndue Ukaj botohet n\u00eb Amerik\u00eb","datePublished":"2010-10-08T06:43:59+00:00","mainEntityOfPage":{"@id":"https:\/\/fjala.info\/2009-2015\/shkrimtari-ndue-ukaj-botohet-ne-amerike\/"},"wordCount":380,"commentCount":0,"publisher":{"@id":"https:\/\/fjala.info\/2009-2015\/#organization"},"image":{"@id":"https:\/\/fjala.info\/2009-2015\/shkrimtari-ndue-ukaj-botohet-ne-amerike\/#primaryimage"},"thumbnailUrl":"http:\/\/fjala.shkoder.net\/wp-content\/uploads\/2010\/10\/ndue_ukaj2.jpg","articleSection":["Artikuj","Let\u00ebrsi"],"inLanguage":"sq-AL","potentialAction":[{"@type":"CommentAction","name":"Comment","target":["https:\/\/fjala.info\/2009-2015\/shkrimtari-ndue-ukaj-botohet-ne-amerike\/#respond"]}]},{"@type":"WebPage","@id":"https:\/\/fjala.info\/2009-2015\/shkrimtari-ndue-ukaj-botohet-ne-amerike\/","url":"https:\/\/fjala.info\/2009-2015\/shkrimtari-ndue-ukaj-botohet-ne-amerike\/","name":"Shkrimtari Ndue Ukaj botohet n\u00eb Amerik\u00eb - FjALA e LIR\u00cb - Arkivi","isPartOf":{"@id":"https:\/\/fjala.info\/2009-2015\/#website"},"primaryImageOfPage":{"@id":"https:\/\/fjala.info\/2009-2015\/shkrimtari-ndue-ukaj-botohet-ne-amerike\/#primaryimage"},"image":{"@id":"https:\/\/fjala.info\/2009-2015\/shkrimtari-ndue-ukaj-botohet-ne-amerike\/#primaryimage"},"thumbnailUrl":"http:\/\/fjala.shkoder.net\/wp-content\/uploads\/2010\/10\/ndue_ukaj2.jpg","datePublished":"2010-10-08T06:43:59+00:00","breadcrumb":{"@id":"https:\/\/fjala.info\/2009-2015\/shkrimtari-ndue-ukaj-botohet-ne-amerike\/#breadcrumb"},"inLanguage":"sq-AL","potentialAction":[{"@type":"ReadAction","target":["https:\/\/fjala.info\/2009-2015\/shkrimtari-ndue-ukaj-botohet-ne-amerike\/"]}]},{"@type":"ImageObject","inLanguage":"sq-AL","@id":"https:\/\/fjala.info\/2009-2015\/shkrimtari-ndue-ukaj-botohet-ne-amerike\/#primaryimage","url":"http:\/\/fjala.shkoder.net\/wp-content\/uploads\/2010\/10\/ndue_ukaj2.jpg","contentUrl":"http:\/\/fjala.shkoder.net\/wp-content\/uploads\/2010\/10\/ndue_ukaj2.jpg"},{"@type":"BreadcrumbList","@id":"https:\/\/fjala.info\/2009-2015\/shkrimtari-ndue-ukaj-botohet-ne-amerike\/#breadcrumb","itemListElement":[{"@type":"ListItem","position":1,"name":"Home","item":"https:\/\/fjala.info\/2009-2015\/"},{"@type":"ListItem","position":2,"name":"Shkrimtari Ndue Ukaj botohet n\u00eb Amerik\u00eb"}]},{"@type":"WebSite","@id":"https:\/\/fjala.info\/2009-2015\/#website","url":"https:\/\/fjala.info\/2009-2015\/","name":"FjALA e LIR\u00cb - Arkivi","description":"Arkivi 2009-2015","publisher":{"@id":"https:\/\/fjala.info\/2009-2015\/#organization"},"potentialAction":[{"@type":"SearchAction","target":{"@type":"EntryPoint","urlTemplate":"https:\/\/fjala.info\/2009-2015\/?s={search_term_string}"},"query-input":{"@type":"PropertyValueSpecification","valueRequired":true,"valueName":"search_term_string"}}],"inLanguage":"sq-AL"},{"@type":"Organization","@id":"https:\/\/fjala.info\/2009-2015\/#organization","name":"FjALA e LIR\u00cb - Arkivi","url":"https:\/\/fjala.info\/2009-2015\/","logo":{"@type":"ImageObject","inLanguage":"sq-AL","@id":"https:\/\/fjala.info\/2009-2015\/#\/schema\/logo\/image\/","url":"","contentUrl":"","caption":"FjALA e LIR\u00cb - Arkivi"},"image":{"@id":"https:\/\/fjala.info\/2009-2015\/#\/schema\/logo\/image\/"}},{"@type":"Person","@id":"https:\/\/fjala.info\/2009-2015\/#\/schema\/person\/3aa1163ef05469c496fc94e77611ada2","name":"admin","image":{"@type":"ImageObject","inLanguage":"sq-AL","@id":"https:\/\/fjala.info\/2009-2015\/wp-content\/uploads\/2012\/02\/arben_cokaj-120x150.jpg","url":"https:\/\/fjala.info\/2009-2015\/wp-content\/uploads\/2012\/02\/arben_cokaj-120x150.jpg","contentUrl":"https:\/\/fjala.info\/2009-2015\/wp-content\/uploads\/2012\/02\/arben_cokaj-120x150.jpg","caption":"admin"},"description":"Admin, Fjala e Lir\u00eb","sameAs":["https:\/\/fjala.info\/"],"url":"https:\/\/fjala.info\/2009-2015\/author\/admin\/"}]}},"_links":{"self":[{"href":"https:\/\/fjala.info\/2009-2015\/wp-json\/wp\/v2\/posts\/4217","targetHints":{"allow":["GET"]}}],"collection":[{"href":"https:\/\/fjala.info\/2009-2015\/wp-json\/wp\/v2\/posts"}],"about":[{"href":"https:\/\/fjala.info\/2009-2015\/wp-json\/wp\/v2\/types\/post"}],"author":[{"embeddable":true,"href":"https:\/\/fjala.info\/2009-2015\/wp-json\/wp\/v2\/users\/1"}],"replies":[{"embeddable":true,"href":"https:\/\/fjala.info\/2009-2015\/wp-json\/wp\/v2\/comments?post=4217"}],"version-history":[{"count":0,"href":"https:\/\/fjala.info\/2009-2015\/wp-json\/wp\/v2\/posts\/4217\/revisions"}],"wp:attachment":[{"href":"https:\/\/fjala.info\/2009-2015\/wp-json\/wp\/v2\/media?parent=4217"}],"wp:term":[{"taxonomy":"category","embeddable":true,"href":"https:\/\/fjala.info\/2009-2015\/wp-json\/wp\/v2\/categories?post=4217"},{"taxonomy":"post_tag","embeddable":true,"href":"https:\/\/fjala.info\/2009-2015\/wp-json\/wp\/v2\/tags?post=4217"}],"curies":[{"name":"wp","href":"https:\/\/api.w.org\/{rel}","templated":true}]}}