{"id":4214,"date":"2012-08-05T20:57:11","date_gmt":"2012-08-05T19:57:11","guid":{"rendered":"http:\/\/www.fjala.info\/?p=4214"},"modified":"2012-08-05T20:57:11","modified_gmt":"2012-08-05T19:57:11","slug":"rama-korrupsioni-i-berishes-sa-100-vjet-shtet","status":"publish","type":"post","link":"https:\/\/fjala.info\/2009-2015\/rama-korrupsioni-i-berishes-sa-100-vjet-shtet\/","title":{"rendered":"Rama: Korrupsioni i Berish\u00ebs, sa 100 vjet shtet"},"content":{"rendered":"<p><img decoding=\"async\" class=\"alignright size-thumbnail wp-image-7236\" title=\"Edi Rama\" src=\"http:\/\/www.fjala.info\/2012\/edi_rama.jpg\" alt=\"\" width=\"200\" \/> <strong><em>Kreu i PS-s\u00eb sqaron arsyet e letr\u00ebs d\u00ebrguar kancelarit austriak p\u00ebr Lotarin\u00eb Komb\u00ebtare<\/em><\/strong><\/p>\n<p>Kreu i Partis\u00eb Socialiste, Edi Rama, ka sqaruar dje p\u00ebrmes nj\u00eb editoriali, arsyet e letr\u00ebs d\u00ebrguar kancelarit austriak, lidhur me procedurat e Lotaris\u00eb Komb\u00ebtare. \u201cIshte momenti p\u00ebr ta informuar kancelarin e vendit mik mbi pik\u00ebpamjen ton\u00eb lidhur me tenderin e Lotaris\u00eb Komb\u00ebtare. Q\u00ebllimi yn\u00eb i shpallur p\u00ebr ta zmbrapsur rezultatin fiktiv t\u00eb atij tenderi t\u00eb kopsitur enkas p\u00ebr kompanin\u00eb e njohur austriake, \u00ebsht\u00eb publik.<\/p>\n<p>E ky q\u00ebllim s\u2019ka asnj\u00eb lidhje me vet\u00eb kompanin\u00eb. Ne nuk kemi asgj\u00eb as me at\u00eb kompani n\u00eb k\u00ebt\u00eb rast dhe as me asnj\u00eb kompani n\u00eb \u00e7do rast kur procedura t\u00eb err\u00ebta kan\u00eb nxjerr\u00eb fitues t\u00eb parafabrikuar\u201d,- sqaron Rama. Sipas tij, letra n\u00eb fjal\u00eb ka pasur si q\u00ebllim t\u00eb heq\u00eb \u00e7do dyshim nga pala austriake mbi arsyet e opozit\u00ebs n\u00eb kund\u00ebrshtimin e Lotaris\u00eb s\u00eb organizuar nga qeveria shqiptare.<\/p>\n<p>N\u00eb vijim, mesazhi i Ram\u00ebs \u00ebsht\u00eb adresuar edhe p\u00ebr qytetar\u00ebt shqiptar\u00eb, ndaj t\u00eb cil\u00ebve ai ka n\u00ebnvizuar p\u00ebrmas\u00ebn e korrupsionit q\u00eb p\u00ebr\u00e7on kjo qeveri. \u201cS\u2019ka asnj\u00eb ekzagjerim n\u00eb shprehjen e bindjes se kusuret e k\u00ebsaj qeverie n\u00eb 7 vjet n\u00eb raport me pasurit\u00eb e k\u00ebtij vendi, nuk i kan\u00eb t\u00eb gjitha qeverit\u00eb shqiptare t\u00eb 100 viteve shtet t\u00eb mbledhura s\u00eb bashku\u201d, shprehet Edi Rama. N\u00eb p\u00ebrmbyllje, ai ka pranuar \u00e7do komentim t\u00eb editorialit, por jo barazimin e opozit\u00ebs me qeverin\u00eb n\u00eb krijimin e klim\u00ebs aktuale n\u00eb Shqip\u00ebri.<\/p>\n<p>Tanim\u00eb Sali Berisha synon p\u00ebrjet\u00ebsimin e pushtetit t\u00eb vet p\u00ebrmes marrjes s\u00eb kontrollit t\u00eb plot\u00eb mbi paran\u00eb e mbi \u00e7do institucion t\u00eb k\u00ebtij vendi. \u201cKorrupsioni shton pushtetin, korrupsioni absolut e b\u00ebn absolut edhe pushtetin.<\/p>\n","protected":false},"excerpt":{"rendered":"<p>Kreu i PS-s\u00eb sqaron arsyet e letr\u00ebs d\u00ebrguar kancelarit austriak p\u00ebr Lotarin\u00eb Komb\u00ebtare Kreu i Partis\u00eb Socialiste, Edi Rama, ka sqaruar dje p\u00ebrmes nj\u00eb editoriali, arsyet e letr\u00ebs d\u00ebrguar kancelarit austriak, lidhur me procedurat e Lotaris\u00eb Komb\u00ebtare. \u201cIshte momenti p\u00ebr ta informuar kancelarin e vendit mik mbi pik\u00ebpamjen ton\u00eb lidhur me tenderin e Lotaris\u00eb Komb\u00ebtare. [&hellip;]<\/p>\n","protected":false},"author":1,"featured_media":0,"comment_status":"open","ping_status":"closed","sticky":false,"template":"","format":"standard","meta":{"footnotes":""},"categories":[2],"tags":[],"class_list":{"0":"post-4214","1":"post","2":"type-post","3":"status-publish","4":"format-standard","6":"category-artikuj"},"yoast_head":"<!-- This site is optimized with the Yoast SEO plugin v27.4 - https:\/\/yoast.com\/product\/yoast-seo-wordpress\/ -->\n<title>Rama: Korrupsioni i Berish\u00ebs, sa 100 vjet shtet - FjALA e LIR\u00cb - Arkivi<\/title>\n<meta name=\"robots\" content=\"index, follow, max-snippet:-1, max-image-preview:large, max-video-preview:-1\" \/>\n<link rel=\"canonical\" href=\"https:\/\/fjala.info\/2009-2015\/rama-korrupsioni-i-berishes-sa-100-vjet-shtet\/\" \/>\n<meta property=\"og:locale\" content=\"sq_AL\" \/>\n<meta property=\"og:type\" content=\"article\" \/>\n<meta property=\"og:title\" content=\"Rama: Korrupsioni i Berish\u00ebs, sa 100 vjet shtet - FjALA e LIR\u00cb - Arkivi\" \/>\n<meta property=\"og:description\" content=\"Kreu i PS-s\u00eb sqaron arsyet e letr\u00ebs d\u00ebrguar kancelarit austriak p\u00ebr Lotarin\u00eb Komb\u00ebtare Kreu i Partis\u00eb Socialiste, Edi Rama, ka sqaruar dje p\u00ebrmes nj\u00eb editoriali, arsyet e letr\u00ebs d\u00ebrguar kancelarit austriak, lidhur me procedurat e Lotaris\u00eb Komb\u00ebtare. \u201cIshte momenti p\u00ebr ta informuar kancelarin e vendit mik mbi pik\u00ebpamjen ton\u00eb lidhur me tenderin e Lotaris\u00eb Komb\u00ebtare. [&hellip;]\" \/>\n<meta property=\"og:url\" content=\"https:\/\/fjala.info\/2009-2015\/rama-korrupsioni-i-berishes-sa-100-vjet-shtet\/\" \/>\n<meta property=\"og:site_name\" content=\"FjALA e LIR\u00cb - Arkivi\" \/>\n<meta property=\"article:published_time\" content=\"2012-08-05T19:57:11+00:00\" \/>\n<meta property=\"og:image\" content=\"http:\/\/www.fjala.info\/2012\/edi_rama.jpg\" \/>\n<meta name=\"author\" content=\"admin\" \/>\n<meta name=\"twitter:card\" content=\"summary_large_image\" \/>\n<meta name=\"twitter:label1\" content=\"Written by\" \/>\n\t<meta name=\"twitter:data1\" content=\"admin\" \/>\n\t<meta name=\"twitter:label2\" content=\"Est. reading time\" \/>\n\t<meta name=\"twitter:data2\" content=\"2 minutes\" \/>\n<script type=\"application\/ld+json\" class=\"yoast-schema-graph\">{\"@context\":\"https:\\\/\\\/schema.org\",\"@graph\":[{\"@type\":\"Article\",\"@id\":\"https:\\\/\\\/fjala.info\\\/2009-2015\\\/rama-korrupsioni-i-berishes-sa-100-vjet-shtet\\\/#article\",\"isPartOf\":{\"@id\":\"https:\\\/\\\/fjala.info\\\/2009-2015\\\/rama-korrupsioni-i-berishes-sa-100-vjet-shtet\\\/\"},\"author\":{\"name\":\"admin\",\"@id\":\"https:\\\/\\\/fjala.info\\\/2009-2015\\\/#\\\/schema\\\/person\\\/3aa1163ef05469c496fc94e77611ada2\"},\"headline\":\"Rama: Korrupsioni i Berish\u00ebs, sa 100 vjet shtet\",\"datePublished\":\"2012-08-05T19:57:11+00:00\",\"mainEntityOfPage\":{\"@id\":\"https:\\\/\\\/fjala.info\\\/2009-2015\\\/rama-korrupsioni-i-berishes-sa-100-vjet-shtet\\\/\"},\"wordCount\":315,\"commentCount\":0,\"publisher\":{\"@id\":\"https:\\\/\\\/fjala.info\\\/2009-2015\\\/#organization\"},\"image\":{\"@id\":\"https:\\\/\\\/fjala.info\\\/2009-2015\\\/rama-korrupsioni-i-berishes-sa-100-vjet-shtet\\\/#primaryimage\"},\"thumbnailUrl\":\"http:\\\/\\\/www.fjala.info\\\/2012\\\/edi_rama.jpg\",\"articleSection\":[\"Artikuj\"],\"inLanguage\":\"sq-AL\",\"potentialAction\":[{\"@type\":\"CommentAction\",\"name\":\"Comment\",\"target\":[\"https:\\\/\\\/fjala.info\\\/2009-2015\\\/rama-korrupsioni-i-berishes-sa-100-vjet-shtet\\\/#respond\"]}]},{\"@type\":\"WebPage\",\"@id\":\"https:\\\/\\\/fjala.info\\\/2009-2015\\\/rama-korrupsioni-i-berishes-sa-100-vjet-shtet\\\/\",\"url\":\"https:\\\/\\\/fjala.info\\\/2009-2015\\\/rama-korrupsioni-i-berishes-sa-100-vjet-shtet\\\/\",\"name\":\"Rama: Korrupsioni i Berish\u00ebs, sa 100 vjet shtet - FjALA e LIR\u00cb - Arkivi\",\"isPartOf\":{\"@id\":\"https:\\\/\\\/fjala.info\\\/2009-2015\\\/#website\"},\"primaryImageOfPage\":{\"@id\":\"https:\\\/\\\/fjala.info\\\/2009-2015\\\/rama-korrupsioni-i-berishes-sa-100-vjet-shtet\\\/#primaryimage\"},\"image\":{\"@id\":\"https:\\\/\\\/fjala.info\\\/2009-2015\\\/rama-korrupsioni-i-berishes-sa-100-vjet-shtet\\\/#primaryimage\"},\"thumbnailUrl\":\"http:\\\/\\\/www.fjala.info\\\/2012\\\/edi_rama.jpg\",\"datePublished\":\"2012-08-05T19:57:11+00:00\",\"breadcrumb\":{\"@id\":\"https:\\\/\\\/fjala.info\\\/2009-2015\\\/rama-korrupsioni-i-berishes-sa-100-vjet-shtet\\\/#breadcrumb\"},\"inLanguage\":\"sq-AL\",\"potentialAction\":[{\"@type\":\"ReadAction\",\"target\":[\"https:\\\/\\\/fjala.info\\\/2009-2015\\\/rama-korrupsioni-i-berishes-sa-100-vjet-shtet\\\/\"]}]},{\"@type\":\"ImageObject\",\"inLanguage\":\"sq-AL\",\"@id\":\"https:\\\/\\\/fjala.info\\\/2009-2015\\\/rama-korrupsioni-i-berishes-sa-100-vjet-shtet\\\/#primaryimage\",\"url\":\"http:\\\/\\\/www.fjala.info\\\/2012\\\/edi_rama.jpg\",\"contentUrl\":\"http:\\\/\\\/www.fjala.info\\\/2012\\\/edi_rama.jpg\"},{\"@type\":\"BreadcrumbList\",\"@id\":\"https:\\\/\\\/fjala.info\\\/2009-2015\\\/rama-korrupsioni-i-berishes-sa-100-vjet-shtet\\\/#breadcrumb\",\"itemListElement\":[{\"@type\":\"ListItem\",\"position\":1,\"name\":\"Home\",\"item\":\"https:\\\/\\\/fjala.info\\\/2009-2015\\\/\"},{\"@type\":\"ListItem\",\"position\":2,\"name\":\"Rama: Korrupsioni i Berish\u00ebs, sa 100 vjet shtet\"}]},{\"@type\":\"WebSite\",\"@id\":\"https:\\\/\\\/fjala.info\\\/2009-2015\\\/#website\",\"url\":\"https:\\\/\\\/fjala.info\\\/2009-2015\\\/\",\"name\":\"FjALA e LIR\u00cb - Arkivi\",\"description\":\"Arkivi 2009-2015\",\"publisher\":{\"@id\":\"https:\\\/\\\/fjala.info\\\/2009-2015\\\/#organization\"},\"potentialAction\":[{\"@type\":\"SearchAction\",\"target\":{\"@type\":\"EntryPoint\",\"urlTemplate\":\"https:\\\/\\\/fjala.info\\\/2009-2015\\\/?s={search_term_string}\"},\"query-input\":{\"@type\":\"PropertyValueSpecification\",\"valueRequired\":true,\"valueName\":\"search_term_string\"}}],\"inLanguage\":\"sq-AL\"},{\"@type\":\"Organization\",\"@id\":\"https:\\\/\\\/fjala.info\\\/2009-2015\\\/#organization\",\"name\":\"FjALA e LIR\u00cb - Arkivi\",\"url\":\"https:\\\/\\\/fjala.info\\\/2009-2015\\\/\",\"logo\":{\"@type\":\"ImageObject\",\"inLanguage\":\"sq-AL\",\"@id\":\"https:\\\/\\\/fjala.info\\\/2009-2015\\\/#\\\/schema\\\/logo\\\/image\\\/\",\"url\":\"\",\"contentUrl\":\"\",\"caption\":\"FjALA e LIR\u00cb - Arkivi\"},\"image\":{\"@id\":\"https:\\\/\\\/fjala.info\\\/2009-2015\\\/#\\\/schema\\\/logo\\\/image\\\/\"}},{\"@type\":\"Person\",\"@id\":\"https:\\\/\\\/fjala.info\\\/2009-2015\\\/#\\\/schema\\\/person\\\/3aa1163ef05469c496fc94e77611ada2\",\"name\":\"admin\",\"image\":{\"@type\":\"ImageObject\",\"inLanguage\":\"sq-AL\",\"@id\":\"https:\\\/\\\/fjala.info\\\/2009-2015\\\/wp-content\\\/uploads\\\/2012\\\/02\\\/arben_cokaj-120x150.jpg\",\"url\":\"https:\\\/\\\/fjala.info\\\/2009-2015\\\/wp-content\\\/uploads\\\/2012\\\/02\\\/arben_cokaj-120x150.jpg\",\"contentUrl\":\"https:\\\/\\\/fjala.info\\\/2009-2015\\\/wp-content\\\/uploads\\\/2012\\\/02\\\/arben_cokaj-120x150.jpg\",\"caption\":\"admin\"},\"description\":\"Admin, Fjala e Lir\u00eb\",\"sameAs\":[\"https:\\\/\\\/fjala.info\\\/\"],\"url\":\"https:\\\/\\\/fjala.info\\\/2009-2015\\\/author\\\/admin\\\/\"}]}<\/script>\n<!-- \/ Yoast SEO plugin. -->","yoast_head_json":{"title":"Rama: Korrupsioni i Berish\u00ebs, sa 100 vjet shtet - FjALA e LIR\u00cb - Arkivi","robots":{"index":"index","follow":"follow","max-snippet":"max-snippet:-1","max-image-preview":"max-image-preview:large","max-video-preview":"max-video-preview:-1"},"canonical":"https:\/\/fjala.info\/2009-2015\/rama-korrupsioni-i-berishes-sa-100-vjet-shtet\/","og_locale":"sq_AL","og_type":"article","og_title":"Rama: Korrupsioni i Berish\u00ebs, sa 100 vjet shtet - FjALA e LIR\u00cb - Arkivi","og_description":"Kreu i PS-s\u00eb sqaron arsyet e letr\u00ebs d\u00ebrguar kancelarit austriak p\u00ebr Lotarin\u00eb Komb\u00ebtare Kreu i Partis\u00eb Socialiste, Edi Rama, ka sqaruar dje p\u00ebrmes nj\u00eb editoriali, arsyet e letr\u00ebs d\u00ebrguar kancelarit austriak, lidhur me procedurat e Lotaris\u00eb Komb\u00ebtare. \u201cIshte momenti p\u00ebr ta informuar kancelarin e vendit mik mbi pik\u00ebpamjen ton\u00eb lidhur me tenderin e Lotaris\u00eb Komb\u00ebtare. [&hellip;]","og_url":"https:\/\/fjala.info\/2009-2015\/rama-korrupsioni-i-berishes-sa-100-vjet-shtet\/","og_site_name":"FjALA e LIR\u00cb - Arkivi","article_published_time":"2012-08-05T19:57:11+00:00","og_image":[{"url":"http:\/\/www.fjala.info\/2012\/edi_rama.jpg","type":"","width":"","height":""}],"author":"admin","twitter_card":"summary_large_image","twitter_misc":{"Written by":"admin","Est. reading time":"2 minutes"},"schema":{"@context":"https:\/\/schema.org","@graph":[{"@type":"Article","@id":"https:\/\/fjala.info\/2009-2015\/rama-korrupsioni-i-berishes-sa-100-vjet-shtet\/#article","isPartOf":{"@id":"https:\/\/fjala.info\/2009-2015\/rama-korrupsioni-i-berishes-sa-100-vjet-shtet\/"},"author":{"name":"admin","@id":"https:\/\/fjala.info\/2009-2015\/#\/schema\/person\/3aa1163ef05469c496fc94e77611ada2"},"headline":"Rama: Korrupsioni i Berish\u00ebs, sa 100 vjet shtet","datePublished":"2012-08-05T19:57:11+00:00","mainEntityOfPage":{"@id":"https:\/\/fjala.info\/2009-2015\/rama-korrupsioni-i-berishes-sa-100-vjet-shtet\/"},"wordCount":315,"commentCount":0,"publisher":{"@id":"https:\/\/fjala.info\/2009-2015\/#organization"},"image":{"@id":"https:\/\/fjala.info\/2009-2015\/rama-korrupsioni-i-berishes-sa-100-vjet-shtet\/#primaryimage"},"thumbnailUrl":"http:\/\/www.fjala.info\/2012\/edi_rama.jpg","articleSection":["Artikuj"],"inLanguage":"sq-AL","potentialAction":[{"@type":"CommentAction","name":"Comment","target":["https:\/\/fjala.info\/2009-2015\/rama-korrupsioni-i-berishes-sa-100-vjet-shtet\/#respond"]}]},{"@type":"WebPage","@id":"https:\/\/fjala.info\/2009-2015\/rama-korrupsioni-i-berishes-sa-100-vjet-shtet\/","url":"https:\/\/fjala.info\/2009-2015\/rama-korrupsioni-i-berishes-sa-100-vjet-shtet\/","name":"Rama: Korrupsioni i Berish\u00ebs, sa 100 vjet shtet - FjALA e LIR\u00cb - Arkivi","isPartOf":{"@id":"https:\/\/fjala.info\/2009-2015\/#website"},"primaryImageOfPage":{"@id":"https:\/\/fjala.info\/2009-2015\/rama-korrupsioni-i-berishes-sa-100-vjet-shtet\/#primaryimage"},"image":{"@id":"https:\/\/fjala.info\/2009-2015\/rama-korrupsioni-i-berishes-sa-100-vjet-shtet\/#primaryimage"},"thumbnailUrl":"http:\/\/www.fjala.info\/2012\/edi_rama.jpg","datePublished":"2012-08-05T19:57:11+00:00","breadcrumb":{"@id":"https:\/\/fjala.info\/2009-2015\/rama-korrupsioni-i-berishes-sa-100-vjet-shtet\/#breadcrumb"},"inLanguage":"sq-AL","potentialAction":[{"@type":"ReadAction","target":["https:\/\/fjala.info\/2009-2015\/rama-korrupsioni-i-berishes-sa-100-vjet-shtet\/"]}]},{"@type":"ImageObject","inLanguage":"sq-AL","@id":"https:\/\/fjala.info\/2009-2015\/rama-korrupsioni-i-berishes-sa-100-vjet-shtet\/#primaryimage","url":"http:\/\/www.fjala.info\/2012\/edi_rama.jpg","contentUrl":"http:\/\/www.fjala.info\/2012\/edi_rama.jpg"},{"@type":"BreadcrumbList","@id":"https:\/\/fjala.info\/2009-2015\/rama-korrupsioni-i-berishes-sa-100-vjet-shtet\/#breadcrumb","itemListElement":[{"@type":"ListItem","position":1,"name":"Home","item":"https:\/\/fjala.info\/2009-2015\/"},{"@type":"ListItem","position":2,"name":"Rama: Korrupsioni i Berish\u00ebs, sa 100 vjet shtet"}]},{"@type":"WebSite","@id":"https:\/\/fjala.info\/2009-2015\/#website","url":"https:\/\/fjala.info\/2009-2015\/","name":"FjALA e LIR\u00cb - Arkivi","description":"Arkivi 2009-2015","publisher":{"@id":"https:\/\/fjala.info\/2009-2015\/#organization"},"potentialAction":[{"@type":"SearchAction","target":{"@type":"EntryPoint","urlTemplate":"https:\/\/fjala.info\/2009-2015\/?s={search_term_string}"},"query-input":{"@type":"PropertyValueSpecification","valueRequired":true,"valueName":"search_term_string"}}],"inLanguage":"sq-AL"},{"@type":"Organization","@id":"https:\/\/fjala.info\/2009-2015\/#organization","name":"FjALA e LIR\u00cb - Arkivi","url":"https:\/\/fjala.info\/2009-2015\/","logo":{"@type":"ImageObject","inLanguage":"sq-AL","@id":"https:\/\/fjala.info\/2009-2015\/#\/schema\/logo\/image\/","url":"","contentUrl":"","caption":"FjALA e LIR\u00cb - Arkivi"},"image":{"@id":"https:\/\/fjala.info\/2009-2015\/#\/schema\/logo\/image\/"}},{"@type":"Person","@id":"https:\/\/fjala.info\/2009-2015\/#\/schema\/person\/3aa1163ef05469c496fc94e77611ada2","name":"admin","image":{"@type":"ImageObject","inLanguage":"sq-AL","@id":"https:\/\/fjala.info\/2009-2015\/wp-content\/uploads\/2012\/02\/arben_cokaj-120x150.jpg","url":"https:\/\/fjala.info\/2009-2015\/wp-content\/uploads\/2012\/02\/arben_cokaj-120x150.jpg","contentUrl":"https:\/\/fjala.info\/2009-2015\/wp-content\/uploads\/2012\/02\/arben_cokaj-120x150.jpg","caption":"admin"},"description":"Admin, Fjala e Lir\u00eb","sameAs":["https:\/\/fjala.info\/"],"url":"https:\/\/fjala.info\/2009-2015\/author\/admin\/"}]}},"_links":{"self":[{"href":"https:\/\/fjala.info\/2009-2015\/wp-json\/wp\/v2\/posts\/4214","targetHints":{"allow":["GET"]}}],"collection":[{"href":"https:\/\/fjala.info\/2009-2015\/wp-json\/wp\/v2\/posts"}],"about":[{"href":"https:\/\/fjala.info\/2009-2015\/wp-json\/wp\/v2\/types\/post"}],"author":[{"embeddable":true,"href":"https:\/\/fjala.info\/2009-2015\/wp-json\/wp\/v2\/users\/1"}],"replies":[{"embeddable":true,"href":"https:\/\/fjala.info\/2009-2015\/wp-json\/wp\/v2\/comments?post=4214"}],"version-history":[{"count":0,"href":"https:\/\/fjala.info\/2009-2015\/wp-json\/wp\/v2\/posts\/4214\/revisions"}],"wp:attachment":[{"href":"https:\/\/fjala.info\/2009-2015\/wp-json\/wp\/v2\/media?parent=4214"}],"wp:term":[{"taxonomy":"category","embeddable":true,"href":"https:\/\/fjala.info\/2009-2015\/wp-json\/wp\/v2\/categories?post=4214"},{"taxonomy":"post_tag","embeddable":true,"href":"https:\/\/fjala.info\/2009-2015\/wp-json\/wp\/v2\/tags?post=4214"}],"curies":[{"name":"wp","href":"https:\/\/api.w.org\/{rel}","templated":true}]}}