{"id":4212,"date":"2010-10-08T07:35:36","date_gmt":"2010-10-08T06:35:36","guid":{"rendered":"http:\/\/fjala.shkoder.net\/?p=4212"},"modified":"2010-10-08T07:35:36","modified_gmt":"2010-10-08T06:35:36","slug":"heqja-e-fotografise-se-presidentit-rugova-antikombetare","status":"publish","type":"post","link":"https:\/\/fjala.info\/2009-2015\/heqja-e-fotografise-se-presidentit-rugova-antikombetare\/","title":{"rendered":"Heqja e fotografis\u00eb s\u00eb Presidentit Rugova &#8211; antikomb\u00ebtare"},"content":{"rendered":"<p><em><strong>LDD &#8211; DEGA N\u00cb SUEDI REAGON ASHP\u00cbR<\/strong><\/em><\/p>\n<p>Heqja e fotografis\u00eb s\u00eb <strong>Kryetarit Rugova<\/strong>, ku n\u00eb rrafshin e dometh\u00ebnjes nxjerr pothuajse n\u00eb t\u00eb gjitha rastet si me t\u00eb parin nga koridori i Kuvendit dhe ky i tanishmi nga presidenca, dhe p\u00ebrfundon n\u00eb nj\u00eb nj\u00eb frymarrje me t\u00eb gj\u00ebr\u00eb antikomb\u00ebtare po aq sa edhe kuptim\u00ebsin\u00eb m\u00eb t\u00eb thell\u00eb antinjer\u00ebzore.<\/p>\n<p style=\"text-align: center;\"><img loading=\"lazy\" decoding=\"async\" class=\"alignright size-medium wp-image-4214\" title=\"Rugova - flamuri dardan\" src=\"http:\/\/fjala.shkoder.net\/wp-content\/uploads\/2010\/10\/rugova_flamuri_dardan-300x172.jpg\" alt=\"\" width=\"300\" height=\"172\" \/><\/p>\n<p>Autori, pra vetja e par\u00eb Jakup Krasniqi, q\u00eb na shfaqet si nj\u00eb individ aktiv dhe merr funksionin e nj\u00eb perzonazhi p\u00ebrqar\u00ebsi, q\u00eb din t\u00eb prek\u00eb n\u00eb shpirt\u00eb popullin e Kosov\u00ebs me zhdukjen e fogografis\u00eb s\u00eb Presidnetit t\u00eb Par\u00eb t\u00eb Republik\u00ebs s\u00eb Kosov\u00ebs Dr. Ibrahim Rugova, vet\u00ebm sa ka shkaktuar hapjen e \u00e7\u00ebshtjes shum\u00eb seriozi q\u00eb m\u00eb n\u00eb fund duhet t\u00eb merret shum\u00eb serioze ndaj k\u00ebtij n\u00ebnqmuesi me nivel tejet t\u00eb ul\u00ebt dhe t\u00eb hulumtohet m\u00eb thell\u00eb se ai ende i q\u00ebndron besnik ideologjis\u00eb s\u00eb tij enveriste, marksiste dhe leniniste. P\u00ebrderisa k\u00ebtij t\u00eb ashtuquajturi u.d. president i Kosov\u00ebs, nuk i pengon as fotografia e diktatorit Enver Hoxha t\u00eb cil\u00ebn e mban\u00eb n\u00eb sht\u00ebpin\u00eb e tij private, n\u00eb institucionet e presidenc\u00ebs i pengoka fotografia e ish-Kryetarit Rugova.<\/p>\n<p>Ky gjest i tij tejet i ul\u00ebt, do t\u2019i motivon t\u00eb gjith\u00eb pa p\u00ebrjashtuar ngritjen e z\u00ebrit edhe p\u00ebrmes protestave po qe se e k\u00ebrkon nevoja, q\u00eb t\u00eb till\u00ebt njer\u00ebz q\u00eb prekun ndjenjen e popullit n\u00eb form\u00ebn m\u00eb t\u00eb vrazhd, duke synuar q\u00eb fotografia e Presidentit Rugova t\u00eb hiqet nga holli i Prseidenc\u00ebs, apo edhe n\u00eb koridorin e Kuvendit t\u00eb Kosov\u00ebs, duhet t\u00eb dalin para drejt\u00ebsis\u00eb dhe t\u00eb largohen nga skena politike nj\u00ebher\u00eb e p\u00ebrgjithmon\u00eb.<\/p>\n<p>Heqja e fotografis\u00eb s\u00eb Kryetarit Rugova, ku n\u00eb rrafshin e dometh\u00ebnjes nxjerr pothuajse n\u00eb t\u00eb gjitha rastet si me t\u00eb parin nga koridori i Kuvendit dhe ky i tanishmi nga presidenca, dhe p\u00ebrfundon n\u00eb nj\u00eb frymarrje me t\u00eb gj\u00ebr\u00eb antikomb\u00ebtare po aq sa edhe kuptim\u00ebsin\u00eb m\u00eb t\u00eb thell\u00eb antinjer\u00ebzore.<\/p>\n<p>Mir\u00ebpo, me r\u00ebnd\u00ebsi \u00ebsht\u00eb fakti se e treguan edhe nj\u00ebher\u00eb vet\u00ebveten Krasniqi dhe krasniqat t\u00eb tjer\u00eb, n\u00eb format m\u00eb t\u00eb reja t\u00eb transformimeve t\u00eb tyre duke mbjellur urrejtje dhe p\u00ebrqarje n\u00eb popull, kur m\u00ebs\u00eb paku na duhet kjo n\u00eb k\u00ebto koh\u00ebra dhe duke dalur me anti-vlerat e tyre t\u00eb reja.<\/p>\n<p>Rruga e paknaq\u00ebsis\u00eb dhe e modifikimit t\u00eb motivit nga k\u00ebta njer\u00ebz q\u00eb kan\u00eb guxim e prekun fotografin\u00eb e Kryetarit Rugova, duhet t\u00eb na motivoj\u00eb q\u00eb t\u00eb bashkohehemi t\u00eb gjith\u00eb q\u00eb jemi n\u00eb frym\u00ebn \u201dRUGOVIANE\u201d t\u00eb reagojm\u00eb me nj\u00eb z\u00eb.<\/p>\n<p>\u00cbsht\u00eb koha q\u00eb menj\u00ebher\u00eb n\u00eb shenj\u00eb paknaq\u00ebsie t\u00eb prishet kualicioni LDK-PDK, dhe t\u00eb largohet me forc\u00eb Krasniqi nga t\u00eb dy postet q\u00eb tani i mban\u00eb. T\u00eb gjith\u00eb ministrat\u00eb e LDK-s\u00eb, t\u00eb japin dor\u00ebheqje, dhe mos tu japin shansin edhe m\u00eb tutje t\u00eb luajn\u00eb me fatet e Kosov\u00ebs t\u00eb till\u00eb njer\u00ebz dhe Kuvendi i Kosov\u00ebs t\u00eb th\u00ebrret seanc\u00eb t\u00eb jasht\u00ebzakonshme dhe t\u00eb denohet ky akt qyqar nga t\u00eb gjith\u00eb delegat\u00ebt e Kuvendit.<\/p>\n<p>Apelojm\u00eb tek t\u00eb gjith\u00eb antar\u00ebsia pa dallim q\u00eb jan\u00eb n\u00eb vij\u00ebn e filozofis\u00eb politike t\u00eb Presidentit t\u00eb Par\u00eb Historik dhe Shpirt\u00ebror t\u00eb Republik\u00ebs s\u00eb Kosov\u00ebs, Dr. Ibrahim Rugova si t\u00eb LDK-s\u00eb, t\u00eb LDD-s\u00eb, AAK-s\u00eb, AKR-s\u00eb dhe t\u00eb gjitha forcat djathtiste, t\u00eb ngrisim z\u00ebrin dhe tu b\u00ebjm\u00eb v\u00ebrejtjet e fundit m\u00eb k\u00ebta njer\u00ebz t\u00eb pap\u00ebrgjegjsh\u00ebm, q\u00eb guxojn\u00eb t\u00eb luajn\u00eb me fotografit\u00eb e Kryetarit Rugova.<\/p>\n<p>P\u00ebr k\u00ebt\u00eb arsyje, gjat\u00eb marrjes s\u00eb lajmit p\u00ebr zhdukjen e fotografis\u00eb s\u00eb Kryetarit Rugova, autor i s\u00eb cil\u00ebs \u00ebsht\u00eb z. Krasniqi, Kryesia e Lidhjes Demokratike t\u00eb Dardanis\u00eb \u2013 Dega n\u00eb Suedi, reagon ashp\u00ebr dhe k\u00ebrkon me forc\u00eb, q\u00eb fotografia t\u00eb kthehet, kurse z. Krasniqi t\u00eb largohet t\u00eb jap dor\u00ebheqje nga t\u00eb dy postet, edhe t\u00eb u.d. presidentit edhe t\u00eb kryetarit t\u00eb Kuvendit.<\/p>\n<p>Komisioni p\u00ebr Informim<\/p>\n","protected":false},"excerpt":{"rendered":"<p>LDD &#8211; DEGA N\u00cb SUEDI REAGON ASHP\u00cbR Heqja e fotografis\u00eb s\u00eb Kryetarit Rugova, ku n\u00eb rrafshin e dometh\u00ebnjes nxjerr pothuajse n\u00eb t\u00eb gjitha rastet si me t\u00eb parin nga koridori i Kuvendit dhe ky i tanishmi nga presidenca, dhe p\u00ebrfundon n\u00eb nj\u00eb nj\u00eb frymarrje me t\u00eb gj\u00ebr\u00eb antikomb\u00ebtare po aq sa edhe kuptim\u00ebsin\u00eb m\u00eb t\u00eb [&hellip;]<\/p>\n","protected":false},"author":1,"featured_media":0,"comment_status":"open","ping_status":"closed","sticky":false,"template":"","format":"standard","meta":{"footnotes":""},"categories":[2],"tags":[],"class_list":{"0":"post-4212","1":"post","2":"type-post","3":"status-publish","4":"format-standard","6":"category-artikuj"},"yoast_head":"<!-- This site is optimized with the Yoast SEO plugin v27.4 - https:\/\/yoast.com\/product\/yoast-seo-wordpress\/ -->\n<title>Heqja e fotografis\u00eb s\u00eb Presidentit Rugova - antikomb\u00ebtare - FjALA e LIR\u00cb - Arkivi<\/title>\n<meta name=\"robots\" content=\"index, follow, max-snippet:-1, max-image-preview:large, max-video-preview:-1\" \/>\n<link rel=\"canonical\" href=\"https:\/\/fjala.info\/2009-2015\/heqja-e-fotografise-se-presidentit-rugova-antikombetare\/\" \/>\n<meta property=\"og:locale\" content=\"sq_AL\" \/>\n<meta property=\"og:type\" content=\"article\" \/>\n<meta property=\"og:title\" content=\"Heqja e fotografis\u00eb s\u00eb Presidentit Rugova - antikomb\u00ebtare - FjALA e LIR\u00cb - Arkivi\" \/>\n<meta property=\"og:description\" content=\"LDD &#8211; DEGA N\u00cb SUEDI REAGON ASHP\u00cbR Heqja e fotografis\u00eb s\u00eb Kryetarit Rugova, ku n\u00eb rrafshin e dometh\u00ebnjes nxjerr pothuajse n\u00eb t\u00eb gjitha rastet si me t\u00eb parin nga koridori i Kuvendit dhe ky i tanishmi nga presidenca, dhe p\u00ebrfundon n\u00eb nj\u00eb nj\u00eb frymarrje me t\u00eb gj\u00ebr\u00eb antikomb\u00ebtare po aq sa edhe kuptim\u00ebsin\u00eb m\u00eb t\u00eb [&hellip;]\" \/>\n<meta property=\"og:url\" content=\"https:\/\/fjala.info\/2009-2015\/heqja-e-fotografise-se-presidentit-rugova-antikombetare\/\" \/>\n<meta property=\"og:site_name\" content=\"FjALA e LIR\u00cb - Arkivi\" \/>\n<meta property=\"article:published_time\" content=\"2010-10-08T06:35:36+00:00\" \/>\n<meta property=\"og:image\" content=\"http:\/\/fjala.shkoder.net\/wp-content\/uploads\/2010\/10\/rugova_flamuri_dardan-300x172.jpg\" \/>\n<meta name=\"author\" content=\"admin\" \/>\n<meta name=\"twitter:card\" content=\"summary_large_image\" \/>\n<meta name=\"twitter:label1\" content=\"Written by\" \/>\n\t<meta name=\"twitter:data1\" content=\"admin\" \/>\n\t<meta name=\"twitter:label2\" content=\"Est. reading time\" \/>\n\t<meta name=\"twitter:data2\" content=\"3 minutes\" \/>\n<script type=\"application\/ld+json\" class=\"yoast-schema-graph\">{\"@context\":\"https:\\\/\\\/schema.org\",\"@graph\":[{\"@type\":\"Article\",\"@id\":\"https:\\\/\\\/fjala.info\\\/2009-2015\\\/heqja-e-fotografise-se-presidentit-rugova-antikombetare\\\/#article\",\"isPartOf\":{\"@id\":\"https:\\\/\\\/fjala.info\\\/2009-2015\\\/heqja-e-fotografise-se-presidentit-rugova-antikombetare\\\/\"},\"author\":{\"name\":\"admin\",\"@id\":\"https:\\\/\\\/fjala.info\\\/2009-2015\\\/#\\\/schema\\\/person\\\/3aa1163ef05469c496fc94e77611ada2\"},\"headline\":\"Heqja e fotografis\u00eb s\u00eb Presidentit Rugova &#8211; antikomb\u00ebtare\",\"datePublished\":\"2010-10-08T06:35:36+00:00\",\"mainEntityOfPage\":{\"@id\":\"https:\\\/\\\/fjala.info\\\/2009-2015\\\/heqja-e-fotografise-se-presidentit-rugova-antikombetare\\\/\"},\"wordCount\":689,\"commentCount\":0,\"publisher\":{\"@id\":\"https:\\\/\\\/fjala.info\\\/2009-2015\\\/#organization\"},\"image\":{\"@id\":\"https:\\\/\\\/fjala.info\\\/2009-2015\\\/heqja-e-fotografise-se-presidentit-rugova-antikombetare\\\/#primaryimage\"},\"thumbnailUrl\":\"http:\\\/\\\/fjala.shkoder.net\\\/wp-content\\\/uploads\\\/2010\\\/10\\\/rugova_flamuri_dardan-300x172.jpg\",\"articleSection\":[\"Artikuj\"],\"inLanguage\":\"sq-AL\",\"potentialAction\":[{\"@type\":\"CommentAction\",\"name\":\"Comment\",\"target\":[\"https:\\\/\\\/fjala.info\\\/2009-2015\\\/heqja-e-fotografise-se-presidentit-rugova-antikombetare\\\/#respond\"]}]},{\"@type\":\"WebPage\",\"@id\":\"https:\\\/\\\/fjala.info\\\/2009-2015\\\/heqja-e-fotografise-se-presidentit-rugova-antikombetare\\\/\",\"url\":\"https:\\\/\\\/fjala.info\\\/2009-2015\\\/heqja-e-fotografise-se-presidentit-rugova-antikombetare\\\/\",\"name\":\"Heqja e fotografis\u00eb s\u00eb Presidentit Rugova - antikomb\u00ebtare - FjALA e LIR\u00cb - Arkivi\",\"isPartOf\":{\"@id\":\"https:\\\/\\\/fjala.info\\\/2009-2015\\\/#website\"},\"primaryImageOfPage\":{\"@id\":\"https:\\\/\\\/fjala.info\\\/2009-2015\\\/heqja-e-fotografise-se-presidentit-rugova-antikombetare\\\/#primaryimage\"},\"image\":{\"@id\":\"https:\\\/\\\/fjala.info\\\/2009-2015\\\/heqja-e-fotografise-se-presidentit-rugova-antikombetare\\\/#primaryimage\"},\"thumbnailUrl\":\"http:\\\/\\\/fjala.shkoder.net\\\/wp-content\\\/uploads\\\/2010\\\/10\\\/rugova_flamuri_dardan-300x172.jpg\",\"datePublished\":\"2010-10-08T06:35:36+00:00\",\"breadcrumb\":{\"@id\":\"https:\\\/\\\/fjala.info\\\/2009-2015\\\/heqja-e-fotografise-se-presidentit-rugova-antikombetare\\\/#breadcrumb\"},\"inLanguage\":\"sq-AL\",\"potentialAction\":[{\"@type\":\"ReadAction\",\"target\":[\"https:\\\/\\\/fjala.info\\\/2009-2015\\\/heqja-e-fotografise-se-presidentit-rugova-antikombetare\\\/\"]}]},{\"@type\":\"ImageObject\",\"inLanguage\":\"sq-AL\",\"@id\":\"https:\\\/\\\/fjala.info\\\/2009-2015\\\/heqja-e-fotografise-se-presidentit-rugova-antikombetare\\\/#primaryimage\",\"url\":\"http:\\\/\\\/fjala.shkoder.net\\\/wp-content\\\/uploads\\\/2010\\\/10\\\/rugova_flamuri_dardan-300x172.jpg\",\"contentUrl\":\"http:\\\/\\\/fjala.shkoder.net\\\/wp-content\\\/uploads\\\/2010\\\/10\\\/rugova_flamuri_dardan-300x172.jpg\"},{\"@type\":\"BreadcrumbList\",\"@id\":\"https:\\\/\\\/fjala.info\\\/2009-2015\\\/heqja-e-fotografise-se-presidentit-rugova-antikombetare\\\/#breadcrumb\",\"itemListElement\":[{\"@type\":\"ListItem\",\"position\":1,\"name\":\"Home\",\"item\":\"https:\\\/\\\/fjala.info\\\/2009-2015\\\/\"},{\"@type\":\"ListItem\",\"position\":2,\"name\":\"Heqja e fotografis\u00eb s\u00eb Presidentit Rugova &#8211; antikomb\u00ebtare\"}]},{\"@type\":\"WebSite\",\"@id\":\"https:\\\/\\\/fjala.info\\\/2009-2015\\\/#website\",\"url\":\"https:\\\/\\\/fjala.info\\\/2009-2015\\\/\",\"name\":\"FjALA e LIR\u00cb - Arkivi\",\"description\":\"Arkivi 2009-2015\",\"publisher\":{\"@id\":\"https:\\\/\\\/fjala.info\\\/2009-2015\\\/#organization\"},\"potentialAction\":[{\"@type\":\"SearchAction\",\"target\":{\"@type\":\"EntryPoint\",\"urlTemplate\":\"https:\\\/\\\/fjala.info\\\/2009-2015\\\/?s={search_term_string}\"},\"query-input\":{\"@type\":\"PropertyValueSpecification\",\"valueRequired\":true,\"valueName\":\"search_term_string\"}}],\"inLanguage\":\"sq-AL\"},{\"@type\":\"Organization\",\"@id\":\"https:\\\/\\\/fjala.info\\\/2009-2015\\\/#organization\",\"name\":\"FjALA e LIR\u00cb - Arkivi\",\"url\":\"https:\\\/\\\/fjala.info\\\/2009-2015\\\/\",\"logo\":{\"@type\":\"ImageObject\",\"inLanguage\":\"sq-AL\",\"@id\":\"https:\\\/\\\/fjala.info\\\/2009-2015\\\/#\\\/schema\\\/logo\\\/image\\\/\",\"url\":\"\",\"contentUrl\":\"\",\"caption\":\"FjALA e LIR\u00cb - Arkivi\"},\"image\":{\"@id\":\"https:\\\/\\\/fjala.info\\\/2009-2015\\\/#\\\/schema\\\/logo\\\/image\\\/\"}},{\"@type\":\"Person\",\"@id\":\"https:\\\/\\\/fjala.info\\\/2009-2015\\\/#\\\/schema\\\/person\\\/3aa1163ef05469c496fc94e77611ada2\",\"name\":\"admin\",\"image\":{\"@type\":\"ImageObject\",\"inLanguage\":\"sq-AL\",\"@id\":\"https:\\\/\\\/fjala.info\\\/2009-2015\\\/wp-content\\\/uploads\\\/2012\\\/02\\\/arben_cokaj-120x150.jpg\",\"url\":\"https:\\\/\\\/fjala.info\\\/2009-2015\\\/wp-content\\\/uploads\\\/2012\\\/02\\\/arben_cokaj-120x150.jpg\",\"contentUrl\":\"https:\\\/\\\/fjala.info\\\/2009-2015\\\/wp-content\\\/uploads\\\/2012\\\/02\\\/arben_cokaj-120x150.jpg\",\"caption\":\"admin\"},\"description\":\"Admin, Fjala e Lir\u00eb\",\"sameAs\":[\"https:\\\/\\\/fjala.info\\\/\"],\"url\":\"https:\\\/\\\/fjala.info\\\/2009-2015\\\/author\\\/admin\\\/\"}]}<\/script>\n<!-- \/ Yoast SEO plugin. -->","yoast_head_json":{"title":"Heqja e fotografis\u00eb s\u00eb Presidentit Rugova - antikomb\u00ebtare - FjALA e LIR\u00cb - Arkivi","robots":{"index":"index","follow":"follow","max-snippet":"max-snippet:-1","max-image-preview":"max-image-preview:large","max-video-preview":"max-video-preview:-1"},"canonical":"https:\/\/fjala.info\/2009-2015\/heqja-e-fotografise-se-presidentit-rugova-antikombetare\/","og_locale":"sq_AL","og_type":"article","og_title":"Heqja e fotografis\u00eb s\u00eb Presidentit Rugova - antikomb\u00ebtare - FjALA e LIR\u00cb - Arkivi","og_description":"LDD &#8211; DEGA N\u00cb SUEDI REAGON ASHP\u00cbR Heqja e fotografis\u00eb s\u00eb Kryetarit Rugova, ku n\u00eb rrafshin e dometh\u00ebnjes nxjerr pothuajse n\u00eb t\u00eb gjitha rastet si me t\u00eb parin nga koridori i Kuvendit dhe ky i tanishmi nga presidenca, dhe p\u00ebrfundon n\u00eb nj\u00eb nj\u00eb frymarrje me t\u00eb gj\u00ebr\u00eb antikomb\u00ebtare po aq sa edhe kuptim\u00ebsin\u00eb m\u00eb t\u00eb [&hellip;]","og_url":"https:\/\/fjala.info\/2009-2015\/heqja-e-fotografise-se-presidentit-rugova-antikombetare\/","og_site_name":"FjALA e LIR\u00cb - Arkivi","article_published_time":"2010-10-08T06:35:36+00:00","og_image":[{"url":"http:\/\/fjala.shkoder.net\/wp-content\/uploads\/2010\/10\/rugova_flamuri_dardan-300x172.jpg","type":"","width":"","height":""}],"author":"admin","twitter_card":"summary_large_image","twitter_misc":{"Written by":"admin","Est. reading time":"3 minutes"},"schema":{"@context":"https:\/\/schema.org","@graph":[{"@type":"Article","@id":"https:\/\/fjala.info\/2009-2015\/heqja-e-fotografise-se-presidentit-rugova-antikombetare\/#article","isPartOf":{"@id":"https:\/\/fjala.info\/2009-2015\/heqja-e-fotografise-se-presidentit-rugova-antikombetare\/"},"author":{"name":"admin","@id":"https:\/\/fjala.info\/2009-2015\/#\/schema\/person\/3aa1163ef05469c496fc94e77611ada2"},"headline":"Heqja e fotografis\u00eb s\u00eb Presidentit Rugova &#8211; antikomb\u00ebtare","datePublished":"2010-10-08T06:35:36+00:00","mainEntityOfPage":{"@id":"https:\/\/fjala.info\/2009-2015\/heqja-e-fotografise-se-presidentit-rugova-antikombetare\/"},"wordCount":689,"commentCount":0,"publisher":{"@id":"https:\/\/fjala.info\/2009-2015\/#organization"},"image":{"@id":"https:\/\/fjala.info\/2009-2015\/heqja-e-fotografise-se-presidentit-rugova-antikombetare\/#primaryimage"},"thumbnailUrl":"http:\/\/fjala.shkoder.net\/wp-content\/uploads\/2010\/10\/rugova_flamuri_dardan-300x172.jpg","articleSection":["Artikuj"],"inLanguage":"sq-AL","potentialAction":[{"@type":"CommentAction","name":"Comment","target":["https:\/\/fjala.info\/2009-2015\/heqja-e-fotografise-se-presidentit-rugova-antikombetare\/#respond"]}]},{"@type":"WebPage","@id":"https:\/\/fjala.info\/2009-2015\/heqja-e-fotografise-se-presidentit-rugova-antikombetare\/","url":"https:\/\/fjala.info\/2009-2015\/heqja-e-fotografise-se-presidentit-rugova-antikombetare\/","name":"Heqja e fotografis\u00eb s\u00eb Presidentit Rugova - antikomb\u00ebtare - FjALA e LIR\u00cb - Arkivi","isPartOf":{"@id":"https:\/\/fjala.info\/2009-2015\/#website"},"primaryImageOfPage":{"@id":"https:\/\/fjala.info\/2009-2015\/heqja-e-fotografise-se-presidentit-rugova-antikombetare\/#primaryimage"},"image":{"@id":"https:\/\/fjala.info\/2009-2015\/heqja-e-fotografise-se-presidentit-rugova-antikombetare\/#primaryimage"},"thumbnailUrl":"http:\/\/fjala.shkoder.net\/wp-content\/uploads\/2010\/10\/rugova_flamuri_dardan-300x172.jpg","datePublished":"2010-10-08T06:35:36+00:00","breadcrumb":{"@id":"https:\/\/fjala.info\/2009-2015\/heqja-e-fotografise-se-presidentit-rugova-antikombetare\/#breadcrumb"},"inLanguage":"sq-AL","potentialAction":[{"@type":"ReadAction","target":["https:\/\/fjala.info\/2009-2015\/heqja-e-fotografise-se-presidentit-rugova-antikombetare\/"]}]},{"@type":"ImageObject","inLanguage":"sq-AL","@id":"https:\/\/fjala.info\/2009-2015\/heqja-e-fotografise-se-presidentit-rugova-antikombetare\/#primaryimage","url":"http:\/\/fjala.shkoder.net\/wp-content\/uploads\/2010\/10\/rugova_flamuri_dardan-300x172.jpg","contentUrl":"http:\/\/fjala.shkoder.net\/wp-content\/uploads\/2010\/10\/rugova_flamuri_dardan-300x172.jpg"},{"@type":"BreadcrumbList","@id":"https:\/\/fjala.info\/2009-2015\/heqja-e-fotografise-se-presidentit-rugova-antikombetare\/#breadcrumb","itemListElement":[{"@type":"ListItem","position":1,"name":"Home","item":"https:\/\/fjala.info\/2009-2015\/"},{"@type":"ListItem","position":2,"name":"Heqja e fotografis\u00eb s\u00eb Presidentit Rugova &#8211; antikomb\u00ebtare"}]},{"@type":"WebSite","@id":"https:\/\/fjala.info\/2009-2015\/#website","url":"https:\/\/fjala.info\/2009-2015\/","name":"FjALA e LIR\u00cb - Arkivi","description":"Arkivi 2009-2015","publisher":{"@id":"https:\/\/fjala.info\/2009-2015\/#organization"},"potentialAction":[{"@type":"SearchAction","target":{"@type":"EntryPoint","urlTemplate":"https:\/\/fjala.info\/2009-2015\/?s={search_term_string}"},"query-input":{"@type":"PropertyValueSpecification","valueRequired":true,"valueName":"search_term_string"}}],"inLanguage":"sq-AL"},{"@type":"Organization","@id":"https:\/\/fjala.info\/2009-2015\/#organization","name":"FjALA e LIR\u00cb - Arkivi","url":"https:\/\/fjala.info\/2009-2015\/","logo":{"@type":"ImageObject","inLanguage":"sq-AL","@id":"https:\/\/fjala.info\/2009-2015\/#\/schema\/logo\/image\/","url":"","contentUrl":"","caption":"FjALA e LIR\u00cb - Arkivi"},"image":{"@id":"https:\/\/fjala.info\/2009-2015\/#\/schema\/logo\/image\/"}},{"@type":"Person","@id":"https:\/\/fjala.info\/2009-2015\/#\/schema\/person\/3aa1163ef05469c496fc94e77611ada2","name":"admin","image":{"@type":"ImageObject","inLanguage":"sq-AL","@id":"https:\/\/fjala.info\/2009-2015\/wp-content\/uploads\/2012\/02\/arben_cokaj-120x150.jpg","url":"https:\/\/fjala.info\/2009-2015\/wp-content\/uploads\/2012\/02\/arben_cokaj-120x150.jpg","contentUrl":"https:\/\/fjala.info\/2009-2015\/wp-content\/uploads\/2012\/02\/arben_cokaj-120x150.jpg","caption":"admin"},"description":"Admin, Fjala e Lir\u00eb","sameAs":["https:\/\/fjala.info\/"],"url":"https:\/\/fjala.info\/2009-2015\/author\/admin\/"}]}},"_links":{"self":[{"href":"https:\/\/fjala.info\/2009-2015\/wp-json\/wp\/v2\/posts\/4212","targetHints":{"allow":["GET"]}}],"collection":[{"href":"https:\/\/fjala.info\/2009-2015\/wp-json\/wp\/v2\/posts"}],"about":[{"href":"https:\/\/fjala.info\/2009-2015\/wp-json\/wp\/v2\/types\/post"}],"author":[{"embeddable":true,"href":"https:\/\/fjala.info\/2009-2015\/wp-json\/wp\/v2\/users\/1"}],"replies":[{"embeddable":true,"href":"https:\/\/fjala.info\/2009-2015\/wp-json\/wp\/v2\/comments?post=4212"}],"version-history":[{"count":0,"href":"https:\/\/fjala.info\/2009-2015\/wp-json\/wp\/v2\/posts\/4212\/revisions"}],"wp:attachment":[{"href":"https:\/\/fjala.info\/2009-2015\/wp-json\/wp\/v2\/media?parent=4212"}],"wp:term":[{"taxonomy":"category","embeddable":true,"href":"https:\/\/fjala.info\/2009-2015\/wp-json\/wp\/v2\/categories?post=4212"},{"taxonomy":"post_tag","embeddable":true,"href":"https:\/\/fjala.info\/2009-2015\/wp-json\/wp\/v2\/tags?post=4212"}],"curies":[{"name":"wp","href":"https:\/\/api.w.org\/{rel}","templated":true}]}}