{"id":4210,"date":"2012-08-05T20:54:22","date_gmt":"2012-08-05T19:54:22","guid":{"rendered":"http:\/\/www.fjala.info\/?p=4210"},"modified":"2012-08-05T20:54:22","modified_gmt":"2012-08-05T19:54:22","slug":"pd-ne-emer-te-popullit-shqiptar-rama-te-votoje-heqjen-e-imunitetit","status":"publish","type":"post","link":"https:\/\/fjala.info\/2009-2015\/pd-ne-emer-te-popullit-shqiptar-rama-te-votoje-heqjen-e-imunitetit\/","title":{"rendered":"PD: &#8220;N\u00eb em\u00ebr t\u00eb popullit shqiptar, Rama t\u00eb votoj\u00eb heqjen e imunitetit!&#8221;"},"content":{"rendered":"<p><img decoding=\"async\" class=\"alignright size-thumbnail wp-image-7236\" title=\"Rama dhe Berisha\" src=\"http:\/\/www.fjala.info\/2012\/rama_dhe_berisha.gif\" alt=\"\" width=\"300\" \/> <em>Shekulli Online<\/em><\/p>\n<p>Partia Demokratike n\u00eb nj\u00eb deklarat\u00eb p\u00ebr shtyp ka folur n\u00eb em\u00ebr t\u00eb popullit shqiptar, ku i k\u00ebrkon kreut t\u00eb opozit\u00ebs q\u00eb t\u00eb votoj\u00eb heqjen e imunitetit p\u00ebr zyrtar\u00ebt e lart\u00eb dit\u00ebn e nes\u00ebrme.<\/p>\n<p>\u201cNes\u00ebr syt\u00eb e mbar\u00eb shqiptar\u00ebve n\u00eb Shqip\u00ebri dhe kudo q\u00eb jetojn\u00eb jan\u00eb t\u00eb ngulur n\u00eb sall\u00ebn e Parlamentit t\u00eb vendit si kurr\u00eb m\u00eb par\u00eb. Ata me padurim presin q\u00eb nes\u00ebr deputet\u00ebt e Kuvendit q\u00eb mblidhen p\u00ebr nj\u00eb votim historik p\u00ebr Shqip\u00ebrin\u00eb dhe t\u00eb gjith\u00eb shqiptar\u00ebt t\u00eb votojn\u00eb me konsensus p\u00ebr heqjen e imunitetit, shembjen e murit t\u00eb korrupsionit dhe hapjen e dyerve p\u00ebr marrjen nga Shqip\u00ebria t\u00eb statusit t\u00eb vendit kandidat p\u00ebr vend an\u00ebtar n\u00eb Bashkimin Evropian\u201d, thuhet n\u00eb deklarat\u00ebn e PD-s\u00eb.<\/p>\n<p>Partia Demokratike ia ka b\u00ebr\u00eb s\u00ebrish ftes\u00eb kryetarit t\u00eb Partis\u00eb Socialiste, Edi Ram\u00ebs, duke vijuar me t\u00ebj q\u00eb t\u00eb mos bllokoj\u00eb nes\u00ebr heqjen e imunitetit, pasi sipas PD-s\u00eb vota e nesrm\u00eb \u00ebsht\u00eb e r\u00ebnd\u00ebsishme p\u00ebr procesin e marrjes s\u00eb statusit t\u00eb vendit kandidat p\u00ebr Shqip\u00ebrin\u00eb.<\/p>\n<p>\u201cPartia Demokratike fton kryetarin e Partis\u00eb Socialiste t\u00eb mos bllokoj\u00eb nes\u00ebr heqjen e imunitetit p\u00ebr zyrtar\u00ebt e vendit duke bllokuar k\u00ebshtu statusin e vendit kandidat, por t\u00eb lejoj\u00eb deputet\u00ebt e Partis\u00eb Socialiste q\u00eb me vot\u00ebn e tyre t\u00eb shnd\u00ebrrojn\u00eb 6 gushtin n\u00eb nj\u00eb fitore t\u00eb v\u00ebrtet\u00eb p\u00ebr t\u00eb gjith\u00eb shqiptar\u00ebt, p\u00ebrfaq\u00ebsuesit dhe forcat e tyre politike\u201d, theksohet n\u00eb deklarat\u00ebn e PD-s\u00eb.<\/p>\n<p>N\u00eb deklarat\u00eb Rama akuzohet se, duke mos votuar heqjen e imunitetit po p\u00ebrmbys kushtetut\u00ebn demokratike me kushtetut\u00ebn e sundimit t\u00eb pakic\u00ebs dhe ai d\u00ebshmon se at\u00eb q\u00eb ai nuk merr dot me vota k\u00ebrkon ta marr\u00eb me pazare shtetin p\u00ebr interesa t\u00eb ngushta t\u00eb k\u00ebshillit t\u00eb miliarder\u00ebve t\u00eb Partis\u00eb Socialiste.<\/p>\n<p>\u201cDuke ftuar dhe nj\u00ebher\u00eb Ram\u00ebn t\u00eb mos bllokoj\u00eb nes\u00ebr heqjen e imunitetit, Partia Demokratike garanton shqiptaret se asgj\u00eb nuk do t\u00eb pengoj\u00eb verdiktin e tyre p\u00ebr rr\u00ebzimin e murit t\u00eb korrupsionit me vot\u00ebn e tyre t\u00eb lir\u00eb\u201d, shprehet mazhoranca. \/E.Lata\/<\/p>\n","protected":false},"excerpt":{"rendered":"<p>Shekulli Online Partia Demokratike n\u00eb nj\u00eb deklarat\u00eb p\u00ebr shtyp ka folur n\u00eb em\u00ebr t\u00eb popullit shqiptar, ku i k\u00ebrkon kreut t\u00eb opozit\u00ebs q\u00eb t\u00eb votoj\u00eb heqjen e imunitetit p\u00ebr zyrtar\u00ebt e lart\u00eb dit\u00ebn e nes\u00ebrme. \u201cNes\u00ebr syt\u00eb e mbar\u00eb shqiptar\u00ebve n\u00eb Shqip\u00ebri dhe kudo q\u00eb jetojn\u00eb jan\u00eb t\u00eb ngulur n\u00eb sall\u00ebn e Parlamentit t\u00eb vendit [&hellip;]<\/p>\n","protected":false},"author":1,"featured_media":0,"comment_status":"open","ping_status":"closed","sticky":false,"template":"","format":"standard","meta":{"footnotes":""},"categories":[2],"tags":[],"class_list":{"0":"post-4210","1":"post","2":"type-post","3":"status-publish","4":"format-standard","6":"category-artikuj"},"yoast_head":"<!-- This site is optimized with the Yoast SEO plugin v27.4 - https:\/\/yoast.com\/product\/yoast-seo-wordpress\/ -->\n<title>PD: &quot;N\u00eb em\u00ebr t\u00eb popullit shqiptar, Rama t\u00eb votoj\u00eb heqjen e imunitetit!&quot; - FjALA e LIR\u00cb - Arkivi<\/title>\n<meta name=\"robots\" content=\"index, follow, max-snippet:-1, max-image-preview:large, max-video-preview:-1\" \/>\n<link rel=\"canonical\" href=\"https:\/\/fjala.info\/2009-2015\/pd-ne-emer-te-popullit-shqiptar-rama-te-votoje-heqjen-e-imunitetit\/\" \/>\n<meta property=\"og:locale\" content=\"sq_AL\" \/>\n<meta property=\"og:type\" content=\"article\" \/>\n<meta property=\"og:title\" content=\"PD: &quot;N\u00eb em\u00ebr t\u00eb popullit shqiptar, Rama t\u00eb votoj\u00eb heqjen e imunitetit!&quot; - FjALA e LIR\u00cb - Arkivi\" \/>\n<meta property=\"og:description\" content=\"Shekulli Online Partia Demokratike n\u00eb nj\u00eb deklarat\u00eb p\u00ebr shtyp ka folur n\u00eb em\u00ebr t\u00eb popullit shqiptar, ku i k\u00ebrkon kreut t\u00eb opozit\u00ebs q\u00eb t\u00eb votoj\u00eb heqjen e imunitetit p\u00ebr zyrtar\u00ebt e lart\u00eb dit\u00ebn e nes\u00ebrme. \u201cNes\u00ebr syt\u00eb e mbar\u00eb shqiptar\u00ebve n\u00eb Shqip\u00ebri dhe kudo q\u00eb jetojn\u00eb jan\u00eb t\u00eb ngulur n\u00eb sall\u00ebn e Parlamentit t\u00eb vendit [&hellip;]\" \/>\n<meta property=\"og:url\" content=\"https:\/\/fjala.info\/2009-2015\/pd-ne-emer-te-popullit-shqiptar-rama-te-votoje-heqjen-e-imunitetit\/\" \/>\n<meta property=\"og:site_name\" content=\"FjALA e LIR\u00cb - Arkivi\" \/>\n<meta property=\"article:published_time\" content=\"2012-08-05T19:54:22+00:00\" \/>\n<meta property=\"og:image\" content=\"http:\/\/www.fjala.info\/2012\/rama_dhe_berisha.gif\" \/>\n<meta name=\"author\" content=\"admin\" \/>\n<meta name=\"twitter:card\" content=\"summary_large_image\" \/>\n<meta name=\"twitter:label1\" content=\"Written by\" \/>\n\t<meta name=\"twitter:data1\" content=\"admin\" \/>\n\t<meta name=\"twitter:label2\" content=\"Est. reading time\" \/>\n\t<meta name=\"twitter:data2\" content=\"2 minutes\" \/>\n<script type=\"application\/ld+json\" class=\"yoast-schema-graph\">{\"@context\":\"https:\\\/\\\/schema.org\",\"@graph\":[{\"@type\":\"Article\",\"@id\":\"https:\\\/\\\/fjala.info\\\/2009-2015\\\/pd-ne-emer-te-popullit-shqiptar-rama-te-votoje-heqjen-e-imunitetit\\\/#article\",\"isPartOf\":{\"@id\":\"https:\\\/\\\/fjala.info\\\/2009-2015\\\/pd-ne-emer-te-popullit-shqiptar-rama-te-votoje-heqjen-e-imunitetit\\\/\"},\"author\":{\"name\":\"admin\",\"@id\":\"https:\\\/\\\/fjala.info\\\/2009-2015\\\/#\\\/schema\\\/person\\\/3aa1163ef05469c496fc94e77611ada2\"},\"headline\":\"PD: &#8220;N\u00eb em\u00ebr t\u00eb popullit shqiptar, Rama t\u00eb votoj\u00eb heqjen e imunitetit!&#8221;\",\"datePublished\":\"2012-08-05T19:54:22+00:00\",\"mainEntityOfPage\":{\"@id\":\"https:\\\/\\\/fjala.info\\\/2009-2015\\\/pd-ne-emer-te-popullit-shqiptar-rama-te-votoje-heqjen-e-imunitetit\\\/\"},\"wordCount\":388,\"commentCount\":0,\"publisher\":{\"@id\":\"https:\\\/\\\/fjala.info\\\/2009-2015\\\/#organization\"},\"image\":{\"@id\":\"https:\\\/\\\/fjala.info\\\/2009-2015\\\/pd-ne-emer-te-popullit-shqiptar-rama-te-votoje-heqjen-e-imunitetit\\\/#primaryimage\"},\"thumbnailUrl\":\"http:\\\/\\\/www.fjala.info\\\/2012\\\/rama_dhe_berisha.gif\",\"articleSection\":[\"Artikuj\"],\"inLanguage\":\"sq-AL\",\"potentialAction\":[{\"@type\":\"CommentAction\",\"name\":\"Comment\",\"target\":[\"https:\\\/\\\/fjala.info\\\/2009-2015\\\/pd-ne-emer-te-popullit-shqiptar-rama-te-votoje-heqjen-e-imunitetit\\\/#respond\"]}]},{\"@type\":\"WebPage\",\"@id\":\"https:\\\/\\\/fjala.info\\\/2009-2015\\\/pd-ne-emer-te-popullit-shqiptar-rama-te-votoje-heqjen-e-imunitetit\\\/\",\"url\":\"https:\\\/\\\/fjala.info\\\/2009-2015\\\/pd-ne-emer-te-popullit-shqiptar-rama-te-votoje-heqjen-e-imunitetit\\\/\",\"name\":\"PD: \\\"N\u00eb em\u00ebr t\u00eb popullit shqiptar, Rama t\u00eb votoj\u00eb heqjen e imunitetit!\\\" - FjALA e LIR\u00cb - Arkivi\",\"isPartOf\":{\"@id\":\"https:\\\/\\\/fjala.info\\\/2009-2015\\\/#website\"},\"primaryImageOfPage\":{\"@id\":\"https:\\\/\\\/fjala.info\\\/2009-2015\\\/pd-ne-emer-te-popullit-shqiptar-rama-te-votoje-heqjen-e-imunitetit\\\/#primaryimage\"},\"image\":{\"@id\":\"https:\\\/\\\/fjala.info\\\/2009-2015\\\/pd-ne-emer-te-popullit-shqiptar-rama-te-votoje-heqjen-e-imunitetit\\\/#primaryimage\"},\"thumbnailUrl\":\"http:\\\/\\\/www.fjala.info\\\/2012\\\/rama_dhe_berisha.gif\",\"datePublished\":\"2012-08-05T19:54:22+00:00\",\"breadcrumb\":{\"@id\":\"https:\\\/\\\/fjala.info\\\/2009-2015\\\/pd-ne-emer-te-popullit-shqiptar-rama-te-votoje-heqjen-e-imunitetit\\\/#breadcrumb\"},\"inLanguage\":\"sq-AL\",\"potentialAction\":[{\"@type\":\"ReadAction\",\"target\":[\"https:\\\/\\\/fjala.info\\\/2009-2015\\\/pd-ne-emer-te-popullit-shqiptar-rama-te-votoje-heqjen-e-imunitetit\\\/\"]}]},{\"@type\":\"ImageObject\",\"inLanguage\":\"sq-AL\",\"@id\":\"https:\\\/\\\/fjala.info\\\/2009-2015\\\/pd-ne-emer-te-popullit-shqiptar-rama-te-votoje-heqjen-e-imunitetit\\\/#primaryimage\",\"url\":\"http:\\\/\\\/www.fjala.info\\\/2012\\\/rama_dhe_berisha.gif\",\"contentUrl\":\"http:\\\/\\\/www.fjala.info\\\/2012\\\/rama_dhe_berisha.gif\"},{\"@type\":\"BreadcrumbList\",\"@id\":\"https:\\\/\\\/fjala.info\\\/2009-2015\\\/pd-ne-emer-te-popullit-shqiptar-rama-te-votoje-heqjen-e-imunitetit\\\/#breadcrumb\",\"itemListElement\":[{\"@type\":\"ListItem\",\"position\":1,\"name\":\"Home\",\"item\":\"https:\\\/\\\/fjala.info\\\/2009-2015\\\/\"},{\"@type\":\"ListItem\",\"position\":2,\"name\":\"PD: &#8220;N\u00eb em\u00ebr t\u00eb popullit shqiptar, Rama t\u00eb votoj\u00eb heqjen e imunitetit!&#8221;\"}]},{\"@type\":\"WebSite\",\"@id\":\"https:\\\/\\\/fjala.info\\\/2009-2015\\\/#website\",\"url\":\"https:\\\/\\\/fjala.info\\\/2009-2015\\\/\",\"name\":\"FjALA e LIR\u00cb - Arkivi\",\"description\":\"Arkivi 2009-2015\",\"publisher\":{\"@id\":\"https:\\\/\\\/fjala.info\\\/2009-2015\\\/#organization\"},\"potentialAction\":[{\"@type\":\"SearchAction\",\"target\":{\"@type\":\"EntryPoint\",\"urlTemplate\":\"https:\\\/\\\/fjala.info\\\/2009-2015\\\/?s={search_term_string}\"},\"query-input\":{\"@type\":\"PropertyValueSpecification\",\"valueRequired\":true,\"valueName\":\"search_term_string\"}}],\"inLanguage\":\"sq-AL\"},{\"@type\":\"Organization\",\"@id\":\"https:\\\/\\\/fjala.info\\\/2009-2015\\\/#organization\",\"name\":\"FjALA e LIR\u00cb - Arkivi\",\"url\":\"https:\\\/\\\/fjala.info\\\/2009-2015\\\/\",\"logo\":{\"@type\":\"ImageObject\",\"inLanguage\":\"sq-AL\",\"@id\":\"https:\\\/\\\/fjala.info\\\/2009-2015\\\/#\\\/schema\\\/logo\\\/image\\\/\",\"url\":\"\",\"contentUrl\":\"\",\"caption\":\"FjALA e LIR\u00cb - Arkivi\"},\"image\":{\"@id\":\"https:\\\/\\\/fjala.info\\\/2009-2015\\\/#\\\/schema\\\/logo\\\/image\\\/\"}},{\"@type\":\"Person\",\"@id\":\"https:\\\/\\\/fjala.info\\\/2009-2015\\\/#\\\/schema\\\/person\\\/3aa1163ef05469c496fc94e77611ada2\",\"name\":\"admin\",\"image\":{\"@type\":\"ImageObject\",\"inLanguage\":\"sq-AL\",\"@id\":\"https:\\\/\\\/fjala.info\\\/2009-2015\\\/wp-content\\\/uploads\\\/2012\\\/02\\\/arben_cokaj-120x150.jpg\",\"url\":\"https:\\\/\\\/fjala.info\\\/2009-2015\\\/wp-content\\\/uploads\\\/2012\\\/02\\\/arben_cokaj-120x150.jpg\",\"contentUrl\":\"https:\\\/\\\/fjala.info\\\/2009-2015\\\/wp-content\\\/uploads\\\/2012\\\/02\\\/arben_cokaj-120x150.jpg\",\"caption\":\"admin\"},\"description\":\"Admin, Fjala e Lir\u00eb\",\"sameAs\":[\"https:\\\/\\\/fjala.info\\\/\"],\"url\":\"https:\\\/\\\/fjala.info\\\/2009-2015\\\/author\\\/admin\\\/\"}]}<\/script>\n<!-- \/ Yoast SEO plugin. -->","yoast_head_json":{"title":"PD: \"N\u00eb em\u00ebr t\u00eb popullit shqiptar, Rama t\u00eb votoj\u00eb heqjen e imunitetit!\" - FjALA e LIR\u00cb - Arkivi","robots":{"index":"index","follow":"follow","max-snippet":"max-snippet:-1","max-image-preview":"max-image-preview:large","max-video-preview":"max-video-preview:-1"},"canonical":"https:\/\/fjala.info\/2009-2015\/pd-ne-emer-te-popullit-shqiptar-rama-te-votoje-heqjen-e-imunitetit\/","og_locale":"sq_AL","og_type":"article","og_title":"PD: \"N\u00eb em\u00ebr t\u00eb popullit shqiptar, Rama t\u00eb votoj\u00eb heqjen e imunitetit!\" - FjALA e LIR\u00cb - Arkivi","og_description":"Shekulli Online Partia Demokratike n\u00eb nj\u00eb deklarat\u00eb p\u00ebr shtyp ka folur n\u00eb em\u00ebr t\u00eb popullit shqiptar, ku i k\u00ebrkon kreut t\u00eb opozit\u00ebs q\u00eb t\u00eb votoj\u00eb heqjen e imunitetit p\u00ebr zyrtar\u00ebt e lart\u00eb dit\u00ebn e nes\u00ebrme. \u201cNes\u00ebr syt\u00eb e mbar\u00eb shqiptar\u00ebve n\u00eb Shqip\u00ebri dhe kudo q\u00eb jetojn\u00eb jan\u00eb t\u00eb ngulur n\u00eb sall\u00ebn e Parlamentit t\u00eb vendit [&hellip;]","og_url":"https:\/\/fjala.info\/2009-2015\/pd-ne-emer-te-popullit-shqiptar-rama-te-votoje-heqjen-e-imunitetit\/","og_site_name":"FjALA e LIR\u00cb - Arkivi","article_published_time":"2012-08-05T19:54:22+00:00","og_image":[{"url":"http:\/\/www.fjala.info\/2012\/rama_dhe_berisha.gif","type":"","width":"","height":""}],"author":"admin","twitter_card":"summary_large_image","twitter_misc":{"Written by":"admin","Est. reading time":"2 minutes"},"schema":{"@context":"https:\/\/schema.org","@graph":[{"@type":"Article","@id":"https:\/\/fjala.info\/2009-2015\/pd-ne-emer-te-popullit-shqiptar-rama-te-votoje-heqjen-e-imunitetit\/#article","isPartOf":{"@id":"https:\/\/fjala.info\/2009-2015\/pd-ne-emer-te-popullit-shqiptar-rama-te-votoje-heqjen-e-imunitetit\/"},"author":{"name":"admin","@id":"https:\/\/fjala.info\/2009-2015\/#\/schema\/person\/3aa1163ef05469c496fc94e77611ada2"},"headline":"PD: &#8220;N\u00eb em\u00ebr t\u00eb popullit shqiptar, Rama t\u00eb votoj\u00eb heqjen e imunitetit!&#8221;","datePublished":"2012-08-05T19:54:22+00:00","mainEntityOfPage":{"@id":"https:\/\/fjala.info\/2009-2015\/pd-ne-emer-te-popullit-shqiptar-rama-te-votoje-heqjen-e-imunitetit\/"},"wordCount":388,"commentCount":0,"publisher":{"@id":"https:\/\/fjala.info\/2009-2015\/#organization"},"image":{"@id":"https:\/\/fjala.info\/2009-2015\/pd-ne-emer-te-popullit-shqiptar-rama-te-votoje-heqjen-e-imunitetit\/#primaryimage"},"thumbnailUrl":"http:\/\/www.fjala.info\/2012\/rama_dhe_berisha.gif","articleSection":["Artikuj"],"inLanguage":"sq-AL","potentialAction":[{"@type":"CommentAction","name":"Comment","target":["https:\/\/fjala.info\/2009-2015\/pd-ne-emer-te-popullit-shqiptar-rama-te-votoje-heqjen-e-imunitetit\/#respond"]}]},{"@type":"WebPage","@id":"https:\/\/fjala.info\/2009-2015\/pd-ne-emer-te-popullit-shqiptar-rama-te-votoje-heqjen-e-imunitetit\/","url":"https:\/\/fjala.info\/2009-2015\/pd-ne-emer-te-popullit-shqiptar-rama-te-votoje-heqjen-e-imunitetit\/","name":"PD: \"N\u00eb em\u00ebr t\u00eb popullit shqiptar, Rama t\u00eb votoj\u00eb heqjen e imunitetit!\" - FjALA e LIR\u00cb - Arkivi","isPartOf":{"@id":"https:\/\/fjala.info\/2009-2015\/#website"},"primaryImageOfPage":{"@id":"https:\/\/fjala.info\/2009-2015\/pd-ne-emer-te-popullit-shqiptar-rama-te-votoje-heqjen-e-imunitetit\/#primaryimage"},"image":{"@id":"https:\/\/fjala.info\/2009-2015\/pd-ne-emer-te-popullit-shqiptar-rama-te-votoje-heqjen-e-imunitetit\/#primaryimage"},"thumbnailUrl":"http:\/\/www.fjala.info\/2012\/rama_dhe_berisha.gif","datePublished":"2012-08-05T19:54:22+00:00","breadcrumb":{"@id":"https:\/\/fjala.info\/2009-2015\/pd-ne-emer-te-popullit-shqiptar-rama-te-votoje-heqjen-e-imunitetit\/#breadcrumb"},"inLanguage":"sq-AL","potentialAction":[{"@type":"ReadAction","target":["https:\/\/fjala.info\/2009-2015\/pd-ne-emer-te-popullit-shqiptar-rama-te-votoje-heqjen-e-imunitetit\/"]}]},{"@type":"ImageObject","inLanguage":"sq-AL","@id":"https:\/\/fjala.info\/2009-2015\/pd-ne-emer-te-popullit-shqiptar-rama-te-votoje-heqjen-e-imunitetit\/#primaryimage","url":"http:\/\/www.fjala.info\/2012\/rama_dhe_berisha.gif","contentUrl":"http:\/\/www.fjala.info\/2012\/rama_dhe_berisha.gif"},{"@type":"BreadcrumbList","@id":"https:\/\/fjala.info\/2009-2015\/pd-ne-emer-te-popullit-shqiptar-rama-te-votoje-heqjen-e-imunitetit\/#breadcrumb","itemListElement":[{"@type":"ListItem","position":1,"name":"Home","item":"https:\/\/fjala.info\/2009-2015\/"},{"@type":"ListItem","position":2,"name":"PD: &#8220;N\u00eb em\u00ebr t\u00eb popullit shqiptar, Rama t\u00eb votoj\u00eb heqjen e imunitetit!&#8221;"}]},{"@type":"WebSite","@id":"https:\/\/fjala.info\/2009-2015\/#website","url":"https:\/\/fjala.info\/2009-2015\/","name":"FjALA e LIR\u00cb - Arkivi","description":"Arkivi 2009-2015","publisher":{"@id":"https:\/\/fjala.info\/2009-2015\/#organization"},"potentialAction":[{"@type":"SearchAction","target":{"@type":"EntryPoint","urlTemplate":"https:\/\/fjala.info\/2009-2015\/?s={search_term_string}"},"query-input":{"@type":"PropertyValueSpecification","valueRequired":true,"valueName":"search_term_string"}}],"inLanguage":"sq-AL"},{"@type":"Organization","@id":"https:\/\/fjala.info\/2009-2015\/#organization","name":"FjALA e LIR\u00cb - Arkivi","url":"https:\/\/fjala.info\/2009-2015\/","logo":{"@type":"ImageObject","inLanguage":"sq-AL","@id":"https:\/\/fjala.info\/2009-2015\/#\/schema\/logo\/image\/","url":"","contentUrl":"","caption":"FjALA e LIR\u00cb - Arkivi"},"image":{"@id":"https:\/\/fjala.info\/2009-2015\/#\/schema\/logo\/image\/"}},{"@type":"Person","@id":"https:\/\/fjala.info\/2009-2015\/#\/schema\/person\/3aa1163ef05469c496fc94e77611ada2","name":"admin","image":{"@type":"ImageObject","inLanguage":"sq-AL","@id":"https:\/\/fjala.info\/2009-2015\/wp-content\/uploads\/2012\/02\/arben_cokaj-120x150.jpg","url":"https:\/\/fjala.info\/2009-2015\/wp-content\/uploads\/2012\/02\/arben_cokaj-120x150.jpg","contentUrl":"https:\/\/fjala.info\/2009-2015\/wp-content\/uploads\/2012\/02\/arben_cokaj-120x150.jpg","caption":"admin"},"description":"Admin, Fjala e Lir\u00eb","sameAs":["https:\/\/fjala.info\/"],"url":"https:\/\/fjala.info\/2009-2015\/author\/admin\/"}]}},"_links":{"self":[{"href":"https:\/\/fjala.info\/2009-2015\/wp-json\/wp\/v2\/posts\/4210","targetHints":{"allow":["GET"]}}],"collection":[{"href":"https:\/\/fjala.info\/2009-2015\/wp-json\/wp\/v2\/posts"}],"about":[{"href":"https:\/\/fjala.info\/2009-2015\/wp-json\/wp\/v2\/types\/post"}],"author":[{"embeddable":true,"href":"https:\/\/fjala.info\/2009-2015\/wp-json\/wp\/v2\/users\/1"}],"replies":[{"embeddable":true,"href":"https:\/\/fjala.info\/2009-2015\/wp-json\/wp\/v2\/comments?post=4210"}],"version-history":[{"count":0,"href":"https:\/\/fjala.info\/2009-2015\/wp-json\/wp\/v2\/posts\/4210\/revisions"}],"wp:attachment":[{"href":"https:\/\/fjala.info\/2009-2015\/wp-json\/wp\/v2\/media?parent=4210"}],"wp:term":[{"taxonomy":"category","embeddable":true,"href":"https:\/\/fjala.info\/2009-2015\/wp-json\/wp\/v2\/categories?post=4210"},{"taxonomy":"post_tag","embeddable":true,"href":"https:\/\/fjala.info\/2009-2015\/wp-json\/wp\/v2\/tags?post=4210"}],"curies":[{"name":"wp","href":"https:\/\/api.w.org\/{rel}","templated":true}]}}