{"id":421,"date":"2011-12-02T09:46:57","date_gmt":"2011-12-02T08:46:57","guid":{"rendered":"http:\/\/fjala.shkoder.net\/?p=421"},"modified":"2011-12-02T09:46:57","modified_gmt":"2011-12-02T08:46:57","slug":"per-leka-zogun-ilir-dhe-sokol-hoxhen-shkelzen-berishen","status":"publish","type":"post","link":"https:\/\/fjala.info\/2009-2015\/per-leka-zogun-ilir-dhe-sokol-hoxhen-shkelzen-berishen\/","title":{"rendered":"P\u00ebr Leka Zogun, Ilir dhe Sokol Hoxh\u00ebn, Shk\u00eblzen Berish\u00ebn\u2026"},"content":{"rendered":"<p><img decoding=\"async\" class=\"alignright size-thumbnail wp-image-7236\" title=\"Mero Baze\" src=\"http:\/\/www.shkoder.net\/images\/fjala\/mero_baze1.jpg\" alt=\"\" width=\"150\" \/> Nga <strong>Mero Baze<\/strong>, <em>1 Dhjetor 2011<\/em><\/p>\n<p>Leka Zogu vdiq. I lindur si trash\u00ebgimtar i Fronit t\u00eb nj\u00eb vendi, dy dit\u00eb para se ai t\u00eb humbiste pavar\u00ebsin\u00eb, dhe i vdekur si qytetar i lir\u00eb, dy dit\u00eb pas Fest\u00ebs s\u00eb Pavar\u00ebsis\u00eb, ai nuk meriton t\u00eb keqp\u00ebrdoret kaq shum\u00eb, duke hedhur si pa t\u00eb keq lule dhe balt\u00eb mbi varrin e tij. Ai nuk ka asnj\u00eb merit\u00eb q\u00eb lindi si pasardh\u00ebs i nj\u00eb Mbreti dhe asnj\u00eb faj q\u00eb nuk u b\u00eb dot Mbret.<\/p>\n<p>Un\u00eb e kam takuar Leka Zogun dhe ruaj prej tij shijen e nj\u00eb njeriu t\u00eb paqart\u00eb p\u00ebr fatin e tij shqiptar dhe shum\u00eb t\u00eb kthjell\u00ebt p\u00ebr fatin e tij jasht\u00eb Shqip\u00ebris\u00eb, peripecit\u00eb e tij n\u00eb jet\u00eb dhe lidhjet me oborret n\u00eb vyshkje t\u00eb Lindjes s\u00eb Mesme e Per\u00ebndimit. Nuk ishte nj\u00eb hero, por nj\u00eb njeri i zakonsh\u00ebm q\u00eb jetoi me devocion pran\u00eb n\u00ebn\u00ebs s\u00eb tij dhe familjes. Nuk ishte as nj\u00eb tradhtar apo sharlatan, si\u00e7 po hedhin balt\u00eb mbi t\u00eb, por nj\u00eb pasardh\u00ebs q\u00eb i kish ngelur n\u00eb dor\u00eb misioni p\u00ebr t\u00eb mbyllur letrat e Mbret\u00ebris\u00eb shqiptare, dhe i gjendur mes uj\u00ebrave t\u00eb pista t\u00eb politik\u00ebs shqiptare pas vitit 1990, u keqp\u00ebrdor rregullisht nga t\u00eb majt\u00eb dhe t\u00eb djatht\u00eb sa her\u00eb iu duhej.<\/p>\n<p>N\u00eb vitin 1993- 1994, kur Sali Berisha mendonte se t\u00eb qenit fanolist i jepte m\u00eb shum\u00eb vota, e zboi thuajse si qen nga aeroporti i Rinasit, neser perifrazojme pershkrimin e tij, dhe festoi p\u00ebr inat t\u00eb tij me nj\u00eb pompozitet qesharak 70 vjetorin e Revolucionit Demokratik t\u00eb Qershorit, nj\u00eb ngjarje, e cila po u zhvendos nga konteksti i saj, prodhon probleme p\u00ebr historin\u00eb ton\u00eb dhe rendin kushtetues. Kur pa se fanolizmi nuk i piu uj\u00eb dhe e humbi referendumin n\u00eb n\u00ebntor, ju kthye antikomunizmit. Ai p\u00ebr\u00e7au nd\u00ebrkoh\u00eb Monarkist\u00ebt n\u00eb Shqip\u00ebri, zboi Nderim Kupin nga salla e Kongresit t\u00eb tyre, em\u00ebroi nj\u00eb t\u00eb besuarin e vet si kryetar t\u00eb nj\u00eb fraksioni tjet\u00ebr legalist dhe n\u00eb vitin 1997 e p\u00ebrfshiu Partin\u00eb e Legalitetit n\u00eb formul\u00ebn e Qeveris\u00eb s\u00eb Pajtimit Komb\u00ebtar.<\/p>\n<p>Leka Zogu me gjith\u00eb paqart\u00ebsin\u00eb p\u00ebr atdheun e tij, u rikthye n\u00eb nj\u00eb vend ku rendi kish r\u00ebn\u00eb dhe shqiptar\u00ebt kishin humbur shpresat tek partit\u00eb e tyre. Socialist\u00ebt dyshonin tek hilja e fundit e Berish\u00ebs, nd\u00ebrsa demokrat\u00ebt tek rikthimi i eg\u00ebr i ish- komunist\u00ebve dhe votat e tyre tek pyetja p\u00ebr referendumin shkuan n\u00eb shumic\u00eb p\u00ebr Monarkin\u00eb. Republika, si\u00e7 shkruante at\u00ebher\u00eb Pre\u00e7 Zogaj, ishte mall pa zot. Shqiptar\u00ebt nuk pyeteshin p\u00ebr t\u00eb.<\/p>\n<p>Leka Zogu mori m\u00eb shum\u00eb vota se \u00e7do t\u00eb merrte dhe Ahmet Zogu po t\u00eb udh\u00ebhiqte nj\u00eb referendum p\u00ebr Kushtetut\u00ebn, por jo si merita t\u00eb veta apo t\u00eb ides\u00eb s\u00eb Monarkis\u00eb, por p\u00ebr shkak t\u00eb depresionit popullor. Ky \u00ebsht\u00eb shk\u00eblqimi i tij i madh politik dhe aksidental.<\/p>\n<p>Pasi u shpall rezultati, Berisha pa humbjen e tij t\u00eb thell\u00eb dhe u kap si i mbyturi pas fijes s\u00eb kasht\u00ebs tek rezultati i Monarkis\u00eb.<\/p>\n<p>-E kan\u00eb vjedhur, tha. Ajo ka fituar, por k\u00ebta e kan\u00eb vjedhur. Leka Zogu, i thirrur me urgjenc\u00eb n\u00eb zyr\u00ebn e tij, doli me k\u00ebt\u00eb bindje nga ajo zyr\u00eb. Dhe si njeri i lir\u00eb, q\u00eb nuk mund ta pranonte posht\u00ebrimin, b\u00ebri at\u00eb q\u00eb b\u00ebri, at\u00eb p\u00ebr t\u00eb cil\u00ebn shum\u00eb shqiptar\u00eb e urrejn\u00eb, qortojn\u00eb, apo e teprojn\u00eb duke i l\u00ebvduar trim\u00ebrin\u00eb. T\u00eb gjitha ata q\u00eb nxitohen t\u00eb flasin, n\u00eb fakt Zoti i ka d\u00ebnuar nga nj\u00eb her\u00eb t\u00eb kuptojn\u00eb si ndjehet njeriu kur \u00ebsht\u00eb i bindur se i kan\u00eb vjedhur votat n\u00eb nj\u00eb vend pa rend, pa shtet dhe pa institucione. Demokrat\u00ebve t\u00eb Berish\u00ebs ua ka vjedhur s\u00eb paku dy her\u00eb Ilir Meta votat m\u00eb 2000 dhe 2001, dhe socialist\u00ebve t\u00eb Ram\u00ebs po dy her\u00eb Sali Berisha me Ilir Met\u00ebn.<\/p>\n<p>(Ky i fundit nuk mungon kurr\u00eb n\u00eb vjedhje). Socialist\u00ebt dhe demokrat\u00ebt jan\u00eb p\u00ebrmbajtur dhe s\u2019kan\u00eb marshuar pas lider\u00ebve t\u00eb tyre me revole n\u00eb brez, thjesht se s\u2019kan\u00eb pasur ndonj\u00eb lider t\u00eb till\u00eb. Por do ta b\u00ebnin n\u00ebse dikush do t\u00eb dilte n\u00eb rrug\u00eb. Dhe m\u00eb 1997, n\u00ebse ishe i bindur se t\u00eb kan\u00eb vjedhur, kur i kishe shkuar aq af\u00ebr \u00ebndrr\u00ebs, nuk mendoj se ka pasur ndonj\u00eb gj\u00eb tjet\u00ebr p\u00ebr t\u00eb b\u00ebr\u00eb ve\u00e7 asaj marr\u00ebzie q\u00eb b\u00ebri Leka Zogu.<\/p>\n<p>Sali Berisha e p\u00ebrdori p\u00ebr revansh gjestin dhe d\u00ebshp\u00ebrimin e tij. Me nj\u00eb gur ai vrau dy zogj, e detyroi Leka Zogun t\u00eb ikte nga Shqip\u00ebria dhe t\u2019i dhuronte atij mb\u00ebshtet\u00ebsit e d\u00ebshp\u00ebruar. N\u00ebse do t\u00eb shihni fotografit\u00eb, ata q\u00eb kan\u00eb qen\u00eb n\u00eb krah t\u00eb Leka Zogut at\u00eb dit\u00eb, do t\u2019i shihni n\u00eb krah t\u00eb Sali Berish\u00ebs tet\u00eb vjet n\u00eb opozit\u00eb.<\/p>\n<p>Por peripecit\u00eb e Leka Zogut nuk do t\u00eb mbaronin k\u00ebtu. Ai do t\u00eb keqp\u00ebrdorej pak vite m\u00eb von\u00eb dhe nga socialist\u00ebt. N\u00eb p\u00ebrpjekje p\u00ebr ta p\u00ebrdorur, at\u00eb n\u00eb qershor t\u00eb vitit 2002, kur n\u00eb vend kishte nj\u00eb klim\u00eb paqeje mes Berish\u00ebs dhe Fatos Nanos, familja mbret\u00ebrore u kthye p\u00ebr t\u00eb jetuar n\u00eb Shqip\u00ebri. Edhe pse paraprakisht kishte negociuar ardhjen, ai u posht\u00ebrua n\u00eb aeroport duke i sekuestruar arm\u00ebt trofe, dhe pastaj \u00e7do gj\u00eb negociohej me vota pro t\u00eb legalist\u00ebve p\u00ebr qeverin\u00eb e Fatos Nanos n\u00eb Kuvend.<\/p>\n<p>Historit\u00eb e famshme t\u00eb deputeteve t\u00eb Legalitetit, q\u00eb nj\u00ebher\u00eb i p\u00ebrdorte Meta, pastaj Nano, dhe asnj\u00ebher\u00eb opozita, kishin alibi \u201cstatusin\u201d e Leka Zogut, i cili dukej se kishte r\u00ebn\u00eb s\u00ebrish n\u00eb duar horrash. Aq i fort\u00eb ishte keqp\u00ebrdorimi i tij nga Fatos Nano, sa ai u b\u00eb pika e shpres\u00ebs p\u00ebr Fatos Nanon n\u00eb zgjedhjet e vitit 2005, duke mb\u00ebshtetur L\u00ebvizjen p\u00ebr Zhvillim Komb\u00ebtar n\u00eb krye t\u00eb s\u00eb cil\u00ebs u vu vet\u00eb si nj\u00eb koalicion i djatht\u00eb kund\u00ebr PD dhe Berish\u00ebs. Nuk ja doli dot ta ndihmonte Fatos Nanon, pasi ai shkat\u00ebrroi vet\u00eb skem\u00ebn elektorale me aleat\u00ebt e tij, por u p\u00ebrdor n\u00eb favor t\u00eb tij.<\/p>\n<p>Pas ardhjes n\u00eb pushtet t\u00eb Berish\u00ebs, u t\u00ebrhoq nga politika. Koalicioni i tij u shp\u00ebrb\u00eb, disa u b\u00ebn\u00eb me Berish\u00ebn dhe t\u00eb tjer\u00eb si Dashamir Shehi vazhduan opozit\u00ebn e tyre t\u00eb but\u00eb. Nevoja p\u00ebr votat e legalist\u00ebve dhe elektoratit historik, e detyruan Berish\u00ebn t\u00eb rikthej\u00eb syt\u00eb nga Familja Mbret\u00ebrore. Leka I-r\u00eb, djali i Leka Zogut, u pun\u00ebsua n\u00eb administrat\u00ebn publike, pran\u00eb Lul\u00ebzim Bash\u00ebs, me nj\u00eb ofiq k\u00ebshilltari q\u00eb nuk \u00ebsht\u00eb se merrej shum\u00eb seriozisht, p\u00ebrve\u00e7se shkaktonte humor n\u00eb zyra diplomatike n\u00eb Tiran\u00eb kur u d\u00ebrgonte memo q\u00eb ta respektonin si Princi Leka.<\/p>\n<p>Dhe ai \u00ebsht\u00eb nj\u00eb djal\u00eb paq\u00ebsor, i ndrojtur, naiv dhe shum\u00eb larg pellgjeve t\u00eb pista n\u00eb t\u00eb cil\u00ebn e sh\u00ebtit tutori i tij, nj\u00eb vras\u00ebs gjakftoht\u00eb i 21 Janarit dhe hajdut\u00eb ekselent i nj\u00eb \u00e7ete q\u00eb shikon vet\u00ebm xhepat e Familjes n\u00eb pushtet. S\u00ebmundja e r\u00ebndoi dhe m\u00eb shum\u00eb Leka Zogun dhe ai thuajse u stakua nga jeta publike.<\/p>\n<p>Boshll\u00ebkun e tij filloi ta z\u00ebr\u00eb pak nga pak Berisha, i cili filloi t\u00eb flas\u00eb p\u00ebr kthimin e eshtrave t\u00eb Mbretit Zog, p\u00ebruroi shtatoren e tij n\u00eb Burrel dhe po flet p\u00ebrdit\u00eb dhe p\u00ebr nj\u00eb Mbret q\u00eb nuk e njohu kurr\u00eb sa ishte gjall\u00eb, Mbretin Leka I-r\u00eb. Ky \u00ebsht\u00eb dhe keqp\u00ebrdorimi i fundit i Leka Zogut para se t\u00eb zbres\u00eb n\u00ebntok\u00eb. N\u00eb nj\u00eb komedi t\u00eb pashoqe, nj\u00eb tuf\u00eb ministrash ngrihen n\u00eb k\u00ebmb\u00eb n\u00eb mes t\u00eb mbledhjes s\u00eb qeveris\u00eb, duke fshehur te qeshur\u00ebn shpotit\u00ebse, p\u00ebr t\u00eb mbajtur zi dhe nj\u00eb bib\u00eb q\u00eb drejton parlamentin nxiton t\u2019ia kaloj\u00eb shefit t\u00eb saj duke e p\u00ebrs\u00ebritur gjestin n\u00eb Parlamentin e Republik\u00ebs, duke e fyer realisht Leka Zogun dhe kujtimin e Mbret\u00ebris\u00eb, p\u00ebr t\u00eb cil\u00ebn shqiptar\u00ebt jan\u00eb t\u00eb ndar\u00eb.<\/p>\n<p>Leka Zogu nuk \u00ebsht\u00eb m\u00eb. Si\u00e7 e thash\u00eb nuk b\u00ebri asgj\u00eb n\u00eb jet\u00ebn e tij q\u00eb ta vendoste vet\u00eb. Lindi si pasardh\u00ebs Mbreti dhe vdiq n\u00ebn nj\u00eb Monarki absolute, ku pinjolli i Mbret\u00ebris\u00eb i duhet i vdekur, pasi e kan\u00eb posht\u00ebruar p\u00ebr s\u00eb gjalli. Nuk \u00ebsht\u00eb mir\u00eb t\u00eb fyhet nj\u00eb i vdekur, i pafuqish\u00ebm p\u00ebr tu mbrojtur, dhe kur ishte i gjall\u00eb. Nuk ngjasonte me Mbretin Zog, me energjit\u00eb e tij pozitive dhe negative, me dredhit\u00eb dhe fuqit\u00eb e tij p\u00ebr aleanca dhe tradhti, p\u00ebr vrasje dhe v\u00ebllaz\u00ebri, p\u00ebr paqe dhe luft\u00eb. F\u00ebmij\u00ebt e njer\u00ebzve t\u00eb fuqish\u00ebm t\u00eb k\u00ebtij vendi p\u00ebr koincidenc\u00eb nuk u ngjajn\u00eb prind\u00ebrve t\u00eb tyre.<\/p>\n<p>Jan\u00eb aq ndryshe sa shpesh her\u00eb na duken si budallenj. Ashtu si\u00e7 nuk i ngjan Iliri dhe Sokoli- Enver Hoxh\u00ebs, ashtu si\u00e7 nuk i ngjan Shk\u00eblzeni Sali Berish\u00ebs, ashtu edhe ky nuk i ngjan Ahmet Zogut. T\u00eb gjith\u00eb k\u00ebta pasardh\u00ebs jan\u00eb t\u00eb d\u00ebnuar t\u00eb vuajn\u00eb jet\u00ebn e baballar\u00ebve t\u00eb tyre deri n\u00eb vdekje, p\u00ebr mir\u00eb apo p\u00ebr keq. I pari prej tyre iku. L\u00ebreni t\u00eb qet\u00eb n\u00eb bot\u00ebn tjet\u00ebr. S\u2019ka asnj\u00eb faj dhe asnj\u00eb merit\u00eb p\u00ebr fatin e tij. Si gjith\u00eb pasardh\u00ebsit.<\/p>\n","protected":false},"excerpt":{"rendered":"<p>Nga Mero Baze, 1 Dhjetor 2011 Leka Zogu vdiq. I lindur si trash\u00ebgimtar i Fronit t\u00eb nj\u00eb vendi, dy dit\u00eb para se ai t\u00eb humbiste pavar\u00ebsin\u00eb, dhe i vdekur si qytetar i lir\u00eb, dy dit\u00eb pas Fest\u00ebs s\u00eb Pavar\u00ebsis\u00eb, ai nuk meriton t\u00eb keqp\u00ebrdoret kaq shum\u00eb, duke hedhur si pa t\u00eb keq lule dhe balt\u00eb [&hellip;]<\/p>\n","protected":false},"author":1,"featured_media":0,"comment_status":"open","ping_status":"closed","sticky":false,"template":"","format":"standard","meta":{"footnotes":""},"categories":[2],"tags":[],"class_list":{"0":"post-421","1":"post","2":"type-post","3":"status-publish","4":"format-standard","6":"category-artikuj"},"yoast_head":"<!-- This site is optimized with the Yoast SEO plugin v27.4 - https:\/\/yoast.com\/product\/yoast-seo-wordpress\/ -->\n<title>P\u00ebr Leka Zogun, Ilir dhe Sokol Hoxh\u00ebn, Shk\u00eblzen Berish\u00ebn\u2026 - FjALA e LIR\u00cb - Arkivi<\/title>\n<meta name=\"robots\" content=\"index, follow, max-snippet:-1, max-image-preview:large, max-video-preview:-1\" \/>\n<link rel=\"canonical\" href=\"https:\/\/fjala.info\/2009-2015\/per-leka-zogun-ilir-dhe-sokol-hoxhen-shkelzen-berishen\/\" \/>\n<meta property=\"og:locale\" content=\"sq_AL\" \/>\n<meta property=\"og:type\" content=\"article\" \/>\n<meta property=\"og:title\" content=\"P\u00ebr Leka Zogun, Ilir dhe Sokol Hoxh\u00ebn, Shk\u00eblzen Berish\u00ebn\u2026 - FjALA e LIR\u00cb - Arkivi\" \/>\n<meta property=\"og:description\" content=\"Nga Mero Baze, 1 Dhjetor 2011 Leka Zogu vdiq. I lindur si trash\u00ebgimtar i Fronit t\u00eb nj\u00eb vendi, dy dit\u00eb para se ai t\u00eb humbiste pavar\u00ebsin\u00eb, dhe i vdekur si qytetar i lir\u00eb, dy dit\u00eb pas Fest\u00ebs s\u00eb Pavar\u00ebsis\u00eb, ai nuk meriton t\u00eb keqp\u00ebrdoret kaq shum\u00eb, duke hedhur si pa t\u00eb keq lule dhe balt\u00eb [&hellip;]\" \/>\n<meta property=\"og:url\" content=\"https:\/\/fjala.info\/2009-2015\/per-leka-zogun-ilir-dhe-sokol-hoxhen-shkelzen-berishen\/\" \/>\n<meta property=\"og:site_name\" content=\"FjALA e LIR\u00cb - Arkivi\" \/>\n<meta property=\"article:published_time\" content=\"2011-12-02T08:46:57+00:00\" \/>\n<meta property=\"og:image\" content=\"http:\/\/www.shkoder.net\/images\/fjala\/mero_baze1.jpg\" \/>\n<meta name=\"author\" content=\"admin\" \/>\n<meta name=\"twitter:card\" content=\"summary_large_image\" \/>\n<meta name=\"twitter:label1\" content=\"Written by\" \/>\n\t<meta name=\"twitter:data1\" content=\"admin\" \/>\n\t<meta name=\"twitter:label2\" content=\"Est. reading time\" \/>\n\t<meta name=\"twitter:data2\" content=\"8 minutes\" \/>\n<script type=\"application\/ld+json\" class=\"yoast-schema-graph\">{\"@context\":\"https:\\\/\\\/schema.org\",\"@graph\":[{\"@type\":\"Article\",\"@id\":\"https:\\\/\\\/fjala.info\\\/2009-2015\\\/per-leka-zogun-ilir-dhe-sokol-hoxhen-shkelzen-berishen\\\/#article\",\"isPartOf\":{\"@id\":\"https:\\\/\\\/fjala.info\\\/2009-2015\\\/per-leka-zogun-ilir-dhe-sokol-hoxhen-shkelzen-berishen\\\/\"},\"author\":{\"name\":\"admin\",\"@id\":\"https:\\\/\\\/fjala.info\\\/2009-2015\\\/#\\\/schema\\\/person\\\/3aa1163ef05469c496fc94e77611ada2\"},\"headline\":\"P\u00ebr Leka Zogun, Ilir dhe Sokol Hoxh\u00ebn, Shk\u00eblzen Berish\u00ebn\u2026\",\"datePublished\":\"2011-12-02T08:46:57+00:00\",\"mainEntityOfPage\":{\"@id\":\"https:\\\/\\\/fjala.info\\\/2009-2015\\\/per-leka-zogun-ilir-dhe-sokol-hoxhen-shkelzen-berishen\\\/\"},\"wordCount\":1616,\"commentCount\":0,\"publisher\":{\"@id\":\"https:\\\/\\\/fjala.info\\\/2009-2015\\\/#organization\"},\"image\":{\"@id\":\"https:\\\/\\\/fjala.info\\\/2009-2015\\\/per-leka-zogun-ilir-dhe-sokol-hoxhen-shkelzen-berishen\\\/#primaryimage\"},\"thumbnailUrl\":\"http:\\\/\\\/www.shkoder.net\\\/images\\\/fjala\\\/mero_baze1.jpg\",\"articleSection\":[\"Artikuj\"],\"inLanguage\":\"sq-AL\",\"potentialAction\":[{\"@type\":\"CommentAction\",\"name\":\"Comment\",\"target\":[\"https:\\\/\\\/fjala.info\\\/2009-2015\\\/per-leka-zogun-ilir-dhe-sokol-hoxhen-shkelzen-berishen\\\/#respond\"]}]},{\"@type\":\"WebPage\",\"@id\":\"https:\\\/\\\/fjala.info\\\/2009-2015\\\/per-leka-zogun-ilir-dhe-sokol-hoxhen-shkelzen-berishen\\\/\",\"url\":\"https:\\\/\\\/fjala.info\\\/2009-2015\\\/per-leka-zogun-ilir-dhe-sokol-hoxhen-shkelzen-berishen\\\/\",\"name\":\"P\u00ebr Leka Zogun, Ilir dhe Sokol Hoxh\u00ebn, Shk\u00eblzen Berish\u00ebn\u2026 - FjALA e LIR\u00cb - Arkivi\",\"isPartOf\":{\"@id\":\"https:\\\/\\\/fjala.info\\\/2009-2015\\\/#website\"},\"primaryImageOfPage\":{\"@id\":\"https:\\\/\\\/fjala.info\\\/2009-2015\\\/per-leka-zogun-ilir-dhe-sokol-hoxhen-shkelzen-berishen\\\/#primaryimage\"},\"image\":{\"@id\":\"https:\\\/\\\/fjala.info\\\/2009-2015\\\/per-leka-zogun-ilir-dhe-sokol-hoxhen-shkelzen-berishen\\\/#primaryimage\"},\"thumbnailUrl\":\"http:\\\/\\\/www.shkoder.net\\\/images\\\/fjala\\\/mero_baze1.jpg\",\"datePublished\":\"2011-12-02T08:46:57+00:00\",\"breadcrumb\":{\"@id\":\"https:\\\/\\\/fjala.info\\\/2009-2015\\\/per-leka-zogun-ilir-dhe-sokol-hoxhen-shkelzen-berishen\\\/#breadcrumb\"},\"inLanguage\":\"sq-AL\",\"potentialAction\":[{\"@type\":\"ReadAction\",\"target\":[\"https:\\\/\\\/fjala.info\\\/2009-2015\\\/per-leka-zogun-ilir-dhe-sokol-hoxhen-shkelzen-berishen\\\/\"]}]},{\"@type\":\"ImageObject\",\"inLanguage\":\"sq-AL\",\"@id\":\"https:\\\/\\\/fjala.info\\\/2009-2015\\\/per-leka-zogun-ilir-dhe-sokol-hoxhen-shkelzen-berishen\\\/#primaryimage\",\"url\":\"http:\\\/\\\/www.shkoder.net\\\/images\\\/fjala\\\/mero_baze1.jpg\",\"contentUrl\":\"http:\\\/\\\/www.shkoder.net\\\/images\\\/fjala\\\/mero_baze1.jpg\"},{\"@type\":\"BreadcrumbList\",\"@id\":\"https:\\\/\\\/fjala.info\\\/2009-2015\\\/per-leka-zogun-ilir-dhe-sokol-hoxhen-shkelzen-berishen\\\/#breadcrumb\",\"itemListElement\":[{\"@type\":\"ListItem\",\"position\":1,\"name\":\"Home\",\"item\":\"https:\\\/\\\/fjala.info\\\/2009-2015\\\/\"},{\"@type\":\"ListItem\",\"position\":2,\"name\":\"P\u00ebr Leka Zogun, Ilir dhe Sokol Hoxh\u00ebn, Shk\u00eblzen Berish\u00ebn\u2026\"}]},{\"@type\":\"WebSite\",\"@id\":\"https:\\\/\\\/fjala.info\\\/2009-2015\\\/#website\",\"url\":\"https:\\\/\\\/fjala.info\\\/2009-2015\\\/\",\"name\":\"FjALA e LIR\u00cb - Arkivi\",\"description\":\"Arkivi 2009-2015\",\"publisher\":{\"@id\":\"https:\\\/\\\/fjala.info\\\/2009-2015\\\/#organization\"},\"potentialAction\":[{\"@type\":\"SearchAction\",\"target\":{\"@type\":\"EntryPoint\",\"urlTemplate\":\"https:\\\/\\\/fjala.info\\\/2009-2015\\\/?s={search_term_string}\"},\"query-input\":{\"@type\":\"PropertyValueSpecification\",\"valueRequired\":true,\"valueName\":\"search_term_string\"}}],\"inLanguage\":\"sq-AL\"},{\"@type\":\"Organization\",\"@id\":\"https:\\\/\\\/fjala.info\\\/2009-2015\\\/#organization\",\"name\":\"FjALA e LIR\u00cb - Arkivi\",\"url\":\"https:\\\/\\\/fjala.info\\\/2009-2015\\\/\",\"logo\":{\"@type\":\"ImageObject\",\"inLanguage\":\"sq-AL\",\"@id\":\"https:\\\/\\\/fjala.info\\\/2009-2015\\\/#\\\/schema\\\/logo\\\/image\\\/\",\"url\":\"\",\"contentUrl\":\"\",\"caption\":\"FjALA e LIR\u00cb - Arkivi\"},\"image\":{\"@id\":\"https:\\\/\\\/fjala.info\\\/2009-2015\\\/#\\\/schema\\\/logo\\\/image\\\/\"}},{\"@type\":\"Person\",\"@id\":\"https:\\\/\\\/fjala.info\\\/2009-2015\\\/#\\\/schema\\\/person\\\/3aa1163ef05469c496fc94e77611ada2\",\"name\":\"admin\",\"image\":{\"@type\":\"ImageObject\",\"inLanguage\":\"sq-AL\",\"@id\":\"https:\\\/\\\/fjala.info\\\/2009-2015\\\/wp-content\\\/uploads\\\/2012\\\/02\\\/arben_cokaj-120x150.jpg\",\"url\":\"https:\\\/\\\/fjala.info\\\/2009-2015\\\/wp-content\\\/uploads\\\/2012\\\/02\\\/arben_cokaj-120x150.jpg\",\"contentUrl\":\"https:\\\/\\\/fjala.info\\\/2009-2015\\\/wp-content\\\/uploads\\\/2012\\\/02\\\/arben_cokaj-120x150.jpg\",\"caption\":\"admin\"},\"description\":\"Admin, Fjala e Lir\u00eb\",\"sameAs\":[\"https:\\\/\\\/fjala.info\\\/\"],\"url\":\"https:\\\/\\\/fjala.info\\\/2009-2015\\\/author\\\/admin\\\/\"}]}<\/script>\n<!-- \/ Yoast SEO plugin. -->","yoast_head_json":{"title":"P\u00ebr Leka Zogun, Ilir dhe Sokol Hoxh\u00ebn, Shk\u00eblzen Berish\u00ebn\u2026 - FjALA e LIR\u00cb - Arkivi","robots":{"index":"index","follow":"follow","max-snippet":"max-snippet:-1","max-image-preview":"max-image-preview:large","max-video-preview":"max-video-preview:-1"},"canonical":"https:\/\/fjala.info\/2009-2015\/per-leka-zogun-ilir-dhe-sokol-hoxhen-shkelzen-berishen\/","og_locale":"sq_AL","og_type":"article","og_title":"P\u00ebr Leka Zogun, Ilir dhe Sokol Hoxh\u00ebn, Shk\u00eblzen Berish\u00ebn\u2026 - FjALA e LIR\u00cb - Arkivi","og_description":"Nga Mero Baze, 1 Dhjetor 2011 Leka Zogu vdiq. I lindur si trash\u00ebgimtar i Fronit t\u00eb nj\u00eb vendi, dy dit\u00eb para se ai t\u00eb humbiste pavar\u00ebsin\u00eb, dhe i vdekur si qytetar i lir\u00eb, dy dit\u00eb pas Fest\u00ebs s\u00eb Pavar\u00ebsis\u00eb, ai nuk meriton t\u00eb keqp\u00ebrdoret kaq shum\u00eb, duke hedhur si pa t\u00eb keq lule dhe balt\u00eb [&hellip;]","og_url":"https:\/\/fjala.info\/2009-2015\/per-leka-zogun-ilir-dhe-sokol-hoxhen-shkelzen-berishen\/","og_site_name":"FjALA e LIR\u00cb - Arkivi","article_published_time":"2011-12-02T08:46:57+00:00","og_image":[{"url":"http:\/\/www.shkoder.net\/images\/fjala\/mero_baze1.jpg","type":"","width":"","height":""}],"author":"admin","twitter_card":"summary_large_image","twitter_misc":{"Written by":"admin","Est. reading time":"8 minutes"},"schema":{"@context":"https:\/\/schema.org","@graph":[{"@type":"Article","@id":"https:\/\/fjala.info\/2009-2015\/per-leka-zogun-ilir-dhe-sokol-hoxhen-shkelzen-berishen\/#article","isPartOf":{"@id":"https:\/\/fjala.info\/2009-2015\/per-leka-zogun-ilir-dhe-sokol-hoxhen-shkelzen-berishen\/"},"author":{"name":"admin","@id":"https:\/\/fjala.info\/2009-2015\/#\/schema\/person\/3aa1163ef05469c496fc94e77611ada2"},"headline":"P\u00ebr Leka Zogun, Ilir dhe Sokol Hoxh\u00ebn, Shk\u00eblzen Berish\u00ebn\u2026","datePublished":"2011-12-02T08:46:57+00:00","mainEntityOfPage":{"@id":"https:\/\/fjala.info\/2009-2015\/per-leka-zogun-ilir-dhe-sokol-hoxhen-shkelzen-berishen\/"},"wordCount":1616,"commentCount":0,"publisher":{"@id":"https:\/\/fjala.info\/2009-2015\/#organization"},"image":{"@id":"https:\/\/fjala.info\/2009-2015\/per-leka-zogun-ilir-dhe-sokol-hoxhen-shkelzen-berishen\/#primaryimage"},"thumbnailUrl":"http:\/\/www.shkoder.net\/images\/fjala\/mero_baze1.jpg","articleSection":["Artikuj"],"inLanguage":"sq-AL","potentialAction":[{"@type":"CommentAction","name":"Comment","target":["https:\/\/fjala.info\/2009-2015\/per-leka-zogun-ilir-dhe-sokol-hoxhen-shkelzen-berishen\/#respond"]}]},{"@type":"WebPage","@id":"https:\/\/fjala.info\/2009-2015\/per-leka-zogun-ilir-dhe-sokol-hoxhen-shkelzen-berishen\/","url":"https:\/\/fjala.info\/2009-2015\/per-leka-zogun-ilir-dhe-sokol-hoxhen-shkelzen-berishen\/","name":"P\u00ebr Leka Zogun, Ilir dhe Sokol Hoxh\u00ebn, Shk\u00eblzen Berish\u00ebn\u2026 - FjALA e LIR\u00cb - Arkivi","isPartOf":{"@id":"https:\/\/fjala.info\/2009-2015\/#website"},"primaryImageOfPage":{"@id":"https:\/\/fjala.info\/2009-2015\/per-leka-zogun-ilir-dhe-sokol-hoxhen-shkelzen-berishen\/#primaryimage"},"image":{"@id":"https:\/\/fjala.info\/2009-2015\/per-leka-zogun-ilir-dhe-sokol-hoxhen-shkelzen-berishen\/#primaryimage"},"thumbnailUrl":"http:\/\/www.shkoder.net\/images\/fjala\/mero_baze1.jpg","datePublished":"2011-12-02T08:46:57+00:00","breadcrumb":{"@id":"https:\/\/fjala.info\/2009-2015\/per-leka-zogun-ilir-dhe-sokol-hoxhen-shkelzen-berishen\/#breadcrumb"},"inLanguage":"sq-AL","potentialAction":[{"@type":"ReadAction","target":["https:\/\/fjala.info\/2009-2015\/per-leka-zogun-ilir-dhe-sokol-hoxhen-shkelzen-berishen\/"]}]},{"@type":"ImageObject","inLanguage":"sq-AL","@id":"https:\/\/fjala.info\/2009-2015\/per-leka-zogun-ilir-dhe-sokol-hoxhen-shkelzen-berishen\/#primaryimage","url":"http:\/\/www.shkoder.net\/images\/fjala\/mero_baze1.jpg","contentUrl":"http:\/\/www.shkoder.net\/images\/fjala\/mero_baze1.jpg"},{"@type":"BreadcrumbList","@id":"https:\/\/fjala.info\/2009-2015\/per-leka-zogun-ilir-dhe-sokol-hoxhen-shkelzen-berishen\/#breadcrumb","itemListElement":[{"@type":"ListItem","position":1,"name":"Home","item":"https:\/\/fjala.info\/2009-2015\/"},{"@type":"ListItem","position":2,"name":"P\u00ebr Leka Zogun, Ilir dhe Sokol Hoxh\u00ebn, Shk\u00eblzen Berish\u00ebn\u2026"}]},{"@type":"WebSite","@id":"https:\/\/fjala.info\/2009-2015\/#website","url":"https:\/\/fjala.info\/2009-2015\/","name":"FjALA e LIR\u00cb - Arkivi","description":"Arkivi 2009-2015","publisher":{"@id":"https:\/\/fjala.info\/2009-2015\/#organization"},"potentialAction":[{"@type":"SearchAction","target":{"@type":"EntryPoint","urlTemplate":"https:\/\/fjala.info\/2009-2015\/?s={search_term_string}"},"query-input":{"@type":"PropertyValueSpecification","valueRequired":true,"valueName":"search_term_string"}}],"inLanguage":"sq-AL"},{"@type":"Organization","@id":"https:\/\/fjala.info\/2009-2015\/#organization","name":"FjALA e LIR\u00cb - Arkivi","url":"https:\/\/fjala.info\/2009-2015\/","logo":{"@type":"ImageObject","inLanguage":"sq-AL","@id":"https:\/\/fjala.info\/2009-2015\/#\/schema\/logo\/image\/","url":"","contentUrl":"","caption":"FjALA e LIR\u00cb - Arkivi"},"image":{"@id":"https:\/\/fjala.info\/2009-2015\/#\/schema\/logo\/image\/"}},{"@type":"Person","@id":"https:\/\/fjala.info\/2009-2015\/#\/schema\/person\/3aa1163ef05469c496fc94e77611ada2","name":"admin","image":{"@type":"ImageObject","inLanguage":"sq-AL","@id":"https:\/\/fjala.info\/2009-2015\/wp-content\/uploads\/2012\/02\/arben_cokaj-120x150.jpg","url":"https:\/\/fjala.info\/2009-2015\/wp-content\/uploads\/2012\/02\/arben_cokaj-120x150.jpg","contentUrl":"https:\/\/fjala.info\/2009-2015\/wp-content\/uploads\/2012\/02\/arben_cokaj-120x150.jpg","caption":"admin"},"description":"Admin, Fjala e Lir\u00eb","sameAs":["https:\/\/fjala.info\/"],"url":"https:\/\/fjala.info\/2009-2015\/author\/admin\/"}]}},"_links":{"self":[{"href":"https:\/\/fjala.info\/2009-2015\/wp-json\/wp\/v2\/posts\/421","targetHints":{"allow":["GET"]}}],"collection":[{"href":"https:\/\/fjala.info\/2009-2015\/wp-json\/wp\/v2\/posts"}],"about":[{"href":"https:\/\/fjala.info\/2009-2015\/wp-json\/wp\/v2\/types\/post"}],"author":[{"embeddable":true,"href":"https:\/\/fjala.info\/2009-2015\/wp-json\/wp\/v2\/users\/1"}],"replies":[{"embeddable":true,"href":"https:\/\/fjala.info\/2009-2015\/wp-json\/wp\/v2\/comments?post=421"}],"version-history":[{"count":0,"href":"https:\/\/fjala.info\/2009-2015\/wp-json\/wp\/v2\/posts\/421\/revisions"}],"wp:attachment":[{"href":"https:\/\/fjala.info\/2009-2015\/wp-json\/wp\/v2\/media?parent=421"}],"wp:term":[{"taxonomy":"category","embeddable":true,"href":"https:\/\/fjala.info\/2009-2015\/wp-json\/wp\/v2\/categories?post=421"},{"taxonomy":"post_tag","embeddable":true,"href":"https:\/\/fjala.info\/2009-2015\/wp-json\/wp\/v2\/tags?post=421"}],"curies":[{"name":"wp","href":"https:\/\/api.w.org\/{rel}","templated":true}]}}