{"id":4205,"date":"2012-08-05T20:46:12","date_gmt":"2012-08-05T19:46:12","guid":{"rendered":"http:\/\/www.fjala.info\/?p=4205"},"modified":"2012-08-05T20:46:12","modified_gmt":"2012-08-05T19:46:12","slug":"per-gjirin-ku-pushojne-politikanet-femijet-e-tyre-dhe-njerez-te-zakonshem","status":"publish","type":"post","link":"https:\/\/fjala.info\/2009-2015\/per-gjirin-ku-pushojne-politikanet-femijet-e-tyre-dhe-njerez-te-zakonshem\/","title":{"rendered":"P\u00ebr gjirin ku pushojn\u00eb politikan\u00ebt, f\u00ebmij\u00ebt e tyre dhe njer\u00ebz t\u00eb zakonsh\u00ebm"},"content":{"rendered":"<p><img decoding=\"async\" class=\"alignright size-thumbnail wp-image-7236\" title=\"Gjiri i Lalzit\" src=\"http:\/\/www.fjala.info\/2012\/gjiri_lalzit.jpg\" alt=\"\" width=\"300\" \/> <em>DEBATI I SE DIELES<\/em><br \/>\nNga <strong>Eugert Aliaj<\/strong>, <em>5 Gusht 2012<\/em><\/p>\n<p><em>Gjiri i Lalzit<\/em><\/p>\n<p>T\u00eb gjith\u00eb e dim\u00eb ndyshimin midis nj\u00eb plazhi privat dhe atij publik. I pari t\u00eb jep nj\u00eb s\u00ebr\u00eb kushtesh kundrejt edhe pages\u00ebs s\u00eb kripur n\u00eb shum\u00eb raste, nd\u00ebrsa i dyti \u00ebsht\u00eb totalisht n\u00eb sh\u00ebrbim t\u00eb asaj pjese t\u00eb popullsis\u00eb e cila nuk d\u00ebshiron t\u00eb paguaj\u00eb, nuk ka mund\u00ebsi t\u00eb paguaj\u00eb, ose paguan, n\u00eb fund t\u00eb fundit \u00e7do vit p\u00ebrmes taksave q\u00eb paguan pran\u00eb pushtetit vendor dhe p\u00ebrkundrejt k\u00ebsaj ka t\u00eb drejt\u00eb t\u00eb g\u00ebzoj\u00eb nga pasuria publike.<\/p>\n<p>Por \u00e7far\u00eb ndodh kur t\u00eb dyja k\u00ebto dy sh\u00ebrbime nd\u00ebrthuren?<br \/>\nK\u00ebt\u00eb \u00e7oroditje provova edhe un\u00eb vet kur n\u00eb hyrje t\u00eb Gjirit t\u00eb Lalzit, nj\u00eb nga plazhet m\u00eb t\u00eb frekuentuar nga kryeqytetasit dhe jo vet\u00ebm, u ndaluam nga nj\u00eb grup personash t\u00eb veshur me xhaketa fosforeshente, me badge (ose dokument identifikimi) dhe me blloqe pagesash n\u00eb duar.<\/p>\n<p>Secili nga k\u00ebta individ\u00eb k\u00ebrkonte nj\u00eb pagese prej 100 Lek\u00ebsh kundrejt hyrjes n\u00eb zon\u00ebn e plazhit. Gjith\u00e7ka dukej e rregullt, p\u00ebr secil\u00ebn pages\u00eb punonj\u00ebsit l\u00ebshonin nga nj\u00eb kupon. (kjo sdo t\u00eb thot\u00eb se \u00ebsht\u00eb totalisht e v\u00ebshtir\u00eb p\u00ebr t\u00eb abuzuar me k\u00ebto 100 Lek apo destinacioni p\u00ebrfundimtar i tyre t\u00eb p\u00ebrkthehet n\u00eb sh\u00ebrbime dhe infrastruktur\u00eb p\u00ebr zon\u00ebn).<\/p>\n<p>Fillimisht menduam se kjo pages\u00eb do t\u00eb sh\u00ebrbente p\u00ebr parkimin por sapo hyjm\u00eb n\u00eb zon\u00ebn e plazhit kuptojm\u00eb se do t\u00eb na duhej t\u00eb paguanim edhe nj\u00eb 200 Lek\u00eb t\u00eb tjera p\u00ebr parkimin.<br \/>\nI habitur pyes nj\u00ebrin nga rojet e parkingut q\u00eb si shpjegohet q\u00eb paguam edhe n\u00eb hyrjen e par\u00eb.<br \/>\nDjali m\u00eb shpjegoi se komuna q\u00eb administron zon\u00ebn takson t\u00eb gjith\u00eb makinat q\u00eb hyjn\u00eb n\u00eb zon\u00ebn e plazhit por plazhi n\u00eb t\u00eb v\u00ebrtet\u00eb, ishte totalisht privat!<\/p>\n<p>E lem\u00eb pas k\u00ebt\u00eb diskutim duke dashur t\u00eb shijojm\u00eb \u00e7do cast t\u00eb k\u00ebsaj dite t\u00eb Shtun\u00eb.<br \/>\nPaguajm\u00eb \u00e7adr\u00ebn dhe shezlonet, secila \u00e7ad\u00ebr 400 Lek, normalish pa asnj\u00eb kupon tatimor ashtu si dhe n\u00eb rastin e parkingut.<\/p>\n<p>Ajo \u00e7ka m\u00eb ra n\u00eb sy ishte numri i lart\u00eb i automjeteve dhe pushuesve si dhe frekuenca e shpesht\u00eb me t\u00eb cil\u00ebn makinat i linin vendin nj\u00ebra-tjetr\u00ebs duke sjell\u00eb pushues t\u00eb rinj dhe normalisht komun\u00ebs t\u00eb tjer\u00eb 100 Leksha, parkingut t\u00eb tjer\u00eb 200 Leksha dhe pronar\u00ebve t\u00eb plazhit privat t\u00eb tjera 400 Leksha q\u00eb realisht do ju shtohen atyre q\u00eb parkuesit kishin mbledhur pasi secili plazh ka hapsir\u00ebn e vet t\u00eb parkimit.<\/p>\n<p>Po t\u00eb b\u00ebsh nj\u00eb llogari t\u00eb thjesht n\u00eb fund t\u00eb dit\u00ebs fitimet jan\u00eb tmerr\u00ebsisht t\u00eb larta duke q\u00ebn\u00eb dhe piku i sezonit.<\/p>\n<p>Por ajo \u00e7ka m\u00eb bluan p\u00ebrbr\u00ebnda \u00ebsht\u00eb se p\u00ebrse kur nje pushues paguan p\u00ebr parkingun, paguan p\u00ebr plazhin, paguan p\u00ebr t\u00eb ngr\u00ebn\u00eb dhe p\u00ebr t\u00eb pir\u00eb duhet t\u00eb taksohet edhe nga komuna?<\/p>\n<p>A nuk merr komuna taksa mjaftuesh\u00ebm nga bizneset t\u00eb cilat shfryt\u00ebzojn\u00eb plazhin?<br \/>\nA nuk duhet q\u00eb nj\u00eb plazh t\u00eb jet\u00eb ose privat dhe t\u00eb paguash edhe kripur duke q\u00ebn\u00eb se t\u00eb ofron disa kushte m\u00eb t\u00eb mira ose nj\u00eb plazh publik kundrejt pagesave modeste?<\/p>\n<p>\u00cbsht\u00eb m\u00ebse normale q\u00eb edhe n\u00eb nj\u00eb plazh publik t\u00eb ket\u00eb nj\u00eb minimum taksimi 100 Lek apo di\u00e7ka m\u00eb shum\u00eb p\u00ebr t\u00eb justifikuar kostot e mir\u00ebmbajtjes s\u00eb plazhit, rojeve bregdetare, t\u00eb nj\u00eb q\u00ebndre t\u00eb ndihm\u00ebs s\u00eb shpejt\u00eb, t\u00eb sigurimit etj por t\u00eb taksohesh e t\u00eb paguash si shtetin si privatin dhe disa sh\u00ebrbime t\u00eb jen\u00eb minimale kjo \u00ebsht\u00eb v\u00ebrtet absure dhe ndodh n\u00eb nj\u00eb vend si ky i yni.<\/p>\n<p>Ajo \u00e7ka bie n\u00eb sy \u00ebsht\u00eb indiferentizmi i vet vizitor\u00ebve, t\u00eb cil\u00ebt bien n\u00eb kompromise duke mos u p\u00ebrpjekur sado pak t\u00eb ushtrojn\u00eb t\u00eb drejt\u00ebn e tyre.<\/p>\n<p>\/<em>Historiaime.com<\/em>\/<\/p>\n","protected":false},"excerpt":{"rendered":"<p>DEBATI I SE DIELES Nga Eugert Aliaj, 5 Gusht 2012 Gjiri i Lalzit T\u00eb gjith\u00eb e dim\u00eb ndyshimin midis nj\u00eb plazhi privat dhe atij publik. I pari t\u00eb jep nj\u00eb s\u00ebr\u00eb kushtesh kundrejt edhe pages\u00ebs s\u00eb kripur n\u00eb shum\u00eb raste, nd\u00ebrsa i dyti \u00ebsht\u00eb totalisht n\u00eb sh\u00ebrbim t\u00eb asaj pjese t\u00eb popullsis\u00eb e cila nuk [&hellip;]<\/p>\n","protected":false},"author":1,"featured_media":0,"comment_status":"open","ping_status":"closed","sticky":false,"template":"","format":"standard","meta":{"footnotes":""},"categories":[2],"tags":[],"class_list":{"0":"post-4205","1":"post","2":"type-post","3":"status-publish","4":"format-standard","6":"category-artikuj"},"yoast_head":"<!-- This site is optimized with the Yoast SEO plugin v27.4 - https:\/\/yoast.com\/product\/yoast-seo-wordpress\/ -->\n<title>P\u00ebr gjirin ku pushojn\u00eb politikan\u00ebt, f\u00ebmij\u00ebt e tyre dhe njer\u00ebz t\u00eb zakonsh\u00ebm - FjALA e LIR\u00cb - Arkivi<\/title>\n<meta name=\"robots\" content=\"index, follow, max-snippet:-1, max-image-preview:large, max-video-preview:-1\" \/>\n<link rel=\"canonical\" href=\"https:\/\/fjala.info\/2009-2015\/per-gjirin-ku-pushojne-politikanet-femijet-e-tyre-dhe-njerez-te-zakonshem\/\" \/>\n<meta property=\"og:locale\" content=\"sq_AL\" \/>\n<meta property=\"og:type\" content=\"article\" \/>\n<meta property=\"og:title\" content=\"P\u00ebr gjirin ku pushojn\u00eb politikan\u00ebt, f\u00ebmij\u00ebt e tyre dhe njer\u00ebz t\u00eb zakonsh\u00ebm - FjALA e LIR\u00cb - Arkivi\" \/>\n<meta property=\"og:description\" content=\"DEBATI I SE DIELES Nga Eugert Aliaj, 5 Gusht 2012 Gjiri i Lalzit T\u00eb gjith\u00eb e dim\u00eb ndyshimin midis nj\u00eb plazhi privat dhe atij publik. I pari t\u00eb jep nj\u00eb s\u00ebr\u00eb kushtesh kundrejt edhe pages\u00ebs s\u00eb kripur n\u00eb shum\u00eb raste, nd\u00ebrsa i dyti \u00ebsht\u00eb totalisht n\u00eb sh\u00ebrbim t\u00eb asaj pjese t\u00eb popullsis\u00eb e cila nuk [&hellip;]\" \/>\n<meta property=\"og:url\" content=\"https:\/\/fjala.info\/2009-2015\/per-gjirin-ku-pushojne-politikanet-femijet-e-tyre-dhe-njerez-te-zakonshem\/\" \/>\n<meta property=\"og:site_name\" content=\"FjALA e LIR\u00cb - Arkivi\" \/>\n<meta property=\"article:published_time\" content=\"2012-08-05T19:46:12+00:00\" \/>\n<meta property=\"og:image\" content=\"http:\/\/www.fjala.info\/2012\/gjiri_lalzit.jpg\" \/>\n<meta name=\"author\" content=\"admin\" \/>\n<meta name=\"twitter:card\" content=\"summary_large_image\" \/>\n<meta name=\"twitter:label1\" content=\"Written by\" \/>\n\t<meta name=\"twitter:data1\" content=\"admin\" \/>\n\t<meta name=\"twitter:label2\" content=\"Est. reading time\" \/>\n\t<meta name=\"twitter:data2\" content=\"3 minutes\" \/>\n<script type=\"application\/ld+json\" class=\"yoast-schema-graph\">{\"@context\":\"https:\\\/\\\/schema.org\",\"@graph\":[{\"@type\":\"Article\",\"@id\":\"https:\\\/\\\/fjala.info\\\/2009-2015\\\/per-gjirin-ku-pushojne-politikanet-femijet-e-tyre-dhe-njerez-te-zakonshem\\\/#article\",\"isPartOf\":{\"@id\":\"https:\\\/\\\/fjala.info\\\/2009-2015\\\/per-gjirin-ku-pushojne-politikanet-femijet-e-tyre-dhe-njerez-te-zakonshem\\\/\"},\"author\":{\"name\":\"admin\",\"@id\":\"https:\\\/\\\/fjala.info\\\/2009-2015\\\/#\\\/schema\\\/person\\\/3aa1163ef05469c496fc94e77611ada2\"},\"headline\":\"P\u00ebr gjirin ku pushojn\u00eb politikan\u00ebt, f\u00ebmij\u00ebt e tyre dhe njer\u00ebz t\u00eb zakonsh\u00ebm\",\"datePublished\":\"2012-08-05T19:46:12+00:00\",\"mainEntityOfPage\":{\"@id\":\"https:\\\/\\\/fjala.info\\\/2009-2015\\\/per-gjirin-ku-pushojne-politikanet-femijet-e-tyre-dhe-njerez-te-zakonshem\\\/\"},\"wordCount\":668,\"commentCount\":0,\"publisher\":{\"@id\":\"https:\\\/\\\/fjala.info\\\/2009-2015\\\/#organization\"},\"image\":{\"@id\":\"https:\\\/\\\/fjala.info\\\/2009-2015\\\/per-gjirin-ku-pushojne-politikanet-femijet-e-tyre-dhe-njerez-te-zakonshem\\\/#primaryimage\"},\"thumbnailUrl\":\"http:\\\/\\\/www.fjala.info\\\/2012\\\/gjiri_lalzit.jpg\",\"articleSection\":[\"Artikuj\"],\"inLanguage\":\"sq-AL\",\"potentialAction\":[{\"@type\":\"CommentAction\",\"name\":\"Comment\",\"target\":[\"https:\\\/\\\/fjala.info\\\/2009-2015\\\/per-gjirin-ku-pushojne-politikanet-femijet-e-tyre-dhe-njerez-te-zakonshem\\\/#respond\"]}]},{\"@type\":\"WebPage\",\"@id\":\"https:\\\/\\\/fjala.info\\\/2009-2015\\\/per-gjirin-ku-pushojne-politikanet-femijet-e-tyre-dhe-njerez-te-zakonshem\\\/\",\"url\":\"https:\\\/\\\/fjala.info\\\/2009-2015\\\/per-gjirin-ku-pushojne-politikanet-femijet-e-tyre-dhe-njerez-te-zakonshem\\\/\",\"name\":\"P\u00ebr gjirin ku pushojn\u00eb politikan\u00ebt, f\u00ebmij\u00ebt e tyre dhe njer\u00ebz t\u00eb zakonsh\u00ebm - FjALA e LIR\u00cb - Arkivi\",\"isPartOf\":{\"@id\":\"https:\\\/\\\/fjala.info\\\/2009-2015\\\/#website\"},\"primaryImageOfPage\":{\"@id\":\"https:\\\/\\\/fjala.info\\\/2009-2015\\\/per-gjirin-ku-pushojne-politikanet-femijet-e-tyre-dhe-njerez-te-zakonshem\\\/#primaryimage\"},\"image\":{\"@id\":\"https:\\\/\\\/fjala.info\\\/2009-2015\\\/per-gjirin-ku-pushojne-politikanet-femijet-e-tyre-dhe-njerez-te-zakonshem\\\/#primaryimage\"},\"thumbnailUrl\":\"http:\\\/\\\/www.fjala.info\\\/2012\\\/gjiri_lalzit.jpg\",\"datePublished\":\"2012-08-05T19:46:12+00:00\",\"breadcrumb\":{\"@id\":\"https:\\\/\\\/fjala.info\\\/2009-2015\\\/per-gjirin-ku-pushojne-politikanet-femijet-e-tyre-dhe-njerez-te-zakonshem\\\/#breadcrumb\"},\"inLanguage\":\"sq-AL\",\"potentialAction\":[{\"@type\":\"ReadAction\",\"target\":[\"https:\\\/\\\/fjala.info\\\/2009-2015\\\/per-gjirin-ku-pushojne-politikanet-femijet-e-tyre-dhe-njerez-te-zakonshem\\\/\"]}]},{\"@type\":\"ImageObject\",\"inLanguage\":\"sq-AL\",\"@id\":\"https:\\\/\\\/fjala.info\\\/2009-2015\\\/per-gjirin-ku-pushojne-politikanet-femijet-e-tyre-dhe-njerez-te-zakonshem\\\/#primaryimage\",\"url\":\"http:\\\/\\\/www.fjala.info\\\/2012\\\/gjiri_lalzit.jpg\",\"contentUrl\":\"http:\\\/\\\/www.fjala.info\\\/2012\\\/gjiri_lalzit.jpg\"},{\"@type\":\"BreadcrumbList\",\"@id\":\"https:\\\/\\\/fjala.info\\\/2009-2015\\\/per-gjirin-ku-pushojne-politikanet-femijet-e-tyre-dhe-njerez-te-zakonshem\\\/#breadcrumb\",\"itemListElement\":[{\"@type\":\"ListItem\",\"position\":1,\"name\":\"Home\",\"item\":\"https:\\\/\\\/fjala.info\\\/2009-2015\\\/\"},{\"@type\":\"ListItem\",\"position\":2,\"name\":\"P\u00ebr gjirin ku pushojn\u00eb politikan\u00ebt, f\u00ebmij\u00ebt e tyre dhe njer\u00ebz t\u00eb zakonsh\u00ebm\"}]},{\"@type\":\"WebSite\",\"@id\":\"https:\\\/\\\/fjala.info\\\/2009-2015\\\/#website\",\"url\":\"https:\\\/\\\/fjala.info\\\/2009-2015\\\/\",\"name\":\"FjALA e LIR\u00cb - Arkivi\",\"description\":\"Arkivi 2009-2015\",\"publisher\":{\"@id\":\"https:\\\/\\\/fjala.info\\\/2009-2015\\\/#organization\"},\"potentialAction\":[{\"@type\":\"SearchAction\",\"target\":{\"@type\":\"EntryPoint\",\"urlTemplate\":\"https:\\\/\\\/fjala.info\\\/2009-2015\\\/?s={search_term_string}\"},\"query-input\":{\"@type\":\"PropertyValueSpecification\",\"valueRequired\":true,\"valueName\":\"search_term_string\"}}],\"inLanguage\":\"sq-AL\"},{\"@type\":\"Organization\",\"@id\":\"https:\\\/\\\/fjala.info\\\/2009-2015\\\/#organization\",\"name\":\"FjALA e LIR\u00cb - Arkivi\",\"url\":\"https:\\\/\\\/fjala.info\\\/2009-2015\\\/\",\"logo\":{\"@type\":\"ImageObject\",\"inLanguage\":\"sq-AL\",\"@id\":\"https:\\\/\\\/fjala.info\\\/2009-2015\\\/#\\\/schema\\\/logo\\\/image\\\/\",\"url\":\"\",\"contentUrl\":\"\",\"caption\":\"FjALA e LIR\u00cb - Arkivi\"},\"image\":{\"@id\":\"https:\\\/\\\/fjala.info\\\/2009-2015\\\/#\\\/schema\\\/logo\\\/image\\\/\"}},{\"@type\":\"Person\",\"@id\":\"https:\\\/\\\/fjala.info\\\/2009-2015\\\/#\\\/schema\\\/person\\\/3aa1163ef05469c496fc94e77611ada2\",\"name\":\"admin\",\"image\":{\"@type\":\"ImageObject\",\"inLanguage\":\"sq-AL\",\"@id\":\"https:\\\/\\\/fjala.info\\\/2009-2015\\\/wp-content\\\/uploads\\\/2012\\\/02\\\/arben_cokaj-120x150.jpg\",\"url\":\"https:\\\/\\\/fjala.info\\\/2009-2015\\\/wp-content\\\/uploads\\\/2012\\\/02\\\/arben_cokaj-120x150.jpg\",\"contentUrl\":\"https:\\\/\\\/fjala.info\\\/2009-2015\\\/wp-content\\\/uploads\\\/2012\\\/02\\\/arben_cokaj-120x150.jpg\",\"caption\":\"admin\"},\"description\":\"Admin, Fjala e Lir\u00eb\",\"sameAs\":[\"https:\\\/\\\/fjala.info\\\/\"],\"url\":\"https:\\\/\\\/fjala.info\\\/2009-2015\\\/author\\\/admin\\\/\"}]}<\/script>\n<!-- \/ Yoast SEO plugin. -->","yoast_head_json":{"title":"P\u00ebr gjirin ku pushojn\u00eb politikan\u00ebt, f\u00ebmij\u00ebt e tyre dhe njer\u00ebz t\u00eb zakonsh\u00ebm - FjALA e LIR\u00cb - Arkivi","robots":{"index":"index","follow":"follow","max-snippet":"max-snippet:-1","max-image-preview":"max-image-preview:large","max-video-preview":"max-video-preview:-1"},"canonical":"https:\/\/fjala.info\/2009-2015\/per-gjirin-ku-pushojne-politikanet-femijet-e-tyre-dhe-njerez-te-zakonshem\/","og_locale":"sq_AL","og_type":"article","og_title":"P\u00ebr gjirin ku pushojn\u00eb politikan\u00ebt, f\u00ebmij\u00ebt e tyre dhe njer\u00ebz t\u00eb zakonsh\u00ebm - FjALA e LIR\u00cb - Arkivi","og_description":"DEBATI I SE DIELES Nga Eugert Aliaj, 5 Gusht 2012 Gjiri i Lalzit T\u00eb gjith\u00eb e dim\u00eb ndyshimin midis nj\u00eb plazhi privat dhe atij publik. I pari t\u00eb jep nj\u00eb s\u00ebr\u00eb kushtesh kundrejt edhe pages\u00ebs s\u00eb kripur n\u00eb shum\u00eb raste, nd\u00ebrsa i dyti \u00ebsht\u00eb totalisht n\u00eb sh\u00ebrbim t\u00eb asaj pjese t\u00eb popullsis\u00eb e cila nuk [&hellip;]","og_url":"https:\/\/fjala.info\/2009-2015\/per-gjirin-ku-pushojne-politikanet-femijet-e-tyre-dhe-njerez-te-zakonshem\/","og_site_name":"FjALA e LIR\u00cb - Arkivi","article_published_time":"2012-08-05T19:46:12+00:00","og_image":[{"url":"http:\/\/www.fjala.info\/2012\/gjiri_lalzit.jpg","type":"","width":"","height":""}],"author":"admin","twitter_card":"summary_large_image","twitter_misc":{"Written by":"admin","Est. reading time":"3 minutes"},"schema":{"@context":"https:\/\/schema.org","@graph":[{"@type":"Article","@id":"https:\/\/fjala.info\/2009-2015\/per-gjirin-ku-pushojne-politikanet-femijet-e-tyre-dhe-njerez-te-zakonshem\/#article","isPartOf":{"@id":"https:\/\/fjala.info\/2009-2015\/per-gjirin-ku-pushojne-politikanet-femijet-e-tyre-dhe-njerez-te-zakonshem\/"},"author":{"name":"admin","@id":"https:\/\/fjala.info\/2009-2015\/#\/schema\/person\/3aa1163ef05469c496fc94e77611ada2"},"headline":"P\u00ebr gjirin ku pushojn\u00eb politikan\u00ebt, f\u00ebmij\u00ebt e tyre dhe njer\u00ebz t\u00eb zakonsh\u00ebm","datePublished":"2012-08-05T19:46:12+00:00","mainEntityOfPage":{"@id":"https:\/\/fjala.info\/2009-2015\/per-gjirin-ku-pushojne-politikanet-femijet-e-tyre-dhe-njerez-te-zakonshem\/"},"wordCount":668,"commentCount":0,"publisher":{"@id":"https:\/\/fjala.info\/2009-2015\/#organization"},"image":{"@id":"https:\/\/fjala.info\/2009-2015\/per-gjirin-ku-pushojne-politikanet-femijet-e-tyre-dhe-njerez-te-zakonshem\/#primaryimage"},"thumbnailUrl":"http:\/\/www.fjala.info\/2012\/gjiri_lalzit.jpg","articleSection":["Artikuj"],"inLanguage":"sq-AL","potentialAction":[{"@type":"CommentAction","name":"Comment","target":["https:\/\/fjala.info\/2009-2015\/per-gjirin-ku-pushojne-politikanet-femijet-e-tyre-dhe-njerez-te-zakonshem\/#respond"]}]},{"@type":"WebPage","@id":"https:\/\/fjala.info\/2009-2015\/per-gjirin-ku-pushojne-politikanet-femijet-e-tyre-dhe-njerez-te-zakonshem\/","url":"https:\/\/fjala.info\/2009-2015\/per-gjirin-ku-pushojne-politikanet-femijet-e-tyre-dhe-njerez-te-zakonshem\/","name":"P\u00ebr gjirin ku pushojn\u00eb politikan\u00ebt, f\u00ebmij\u00ebt e tyre dhe njer\u00ebz t\u00eb zakonsh\u00ebm - FjALA e LIR\u00cb - Arkivi","isPartOf":{"@id":"https:\/\/fjala.info\/2009-2015\/#website"},"primaryImageOfPage":{"@id":"https:\/\/fjala.info\/2009-2015\/per-gjirin-ku-pushojne-politikanet-femijet-e-tyre-dhe-njerez-te-zakonshem\/#primaryimage"},"image":{"@id":"https:\/\/fjala.info\/2009-2015\/per-gjirin-ku-pushojne-politikanet-femijet-e-tyre-dhe-njerez-te-zakonshem\/#primaryimage"},"thumbnailUrl":"http:\/\/www.fjala.info\/2012\/gjiri_lalzit.jpg","datePublished":"2012-08-05T19:46:12+00:00","breadcrumb":{"@id":"https:\/\/fjala.info\/2009-2015\/per-gjirin-ku-pushojne-politikanet-femijet-e-tyre-dhe-njerez-te-zakonshem\/#breadcrumb"},"inLanguage":"sq-AL","potentialAction":[{"@type":"ReadAction","target":["https:\/\/fjala.info\/2009-2015\/per-gjirin-ku-pushojne-politikanet-femijet-e-tyre-dhe-njerez-te-zakonshem\/"]}]},{"@type":"ImageObject","inLanguage":"sq-AL","@id":"https:\/\/fjala.info\/2009-2015\/per-gjirin-ku-pushojne-politikanet-femijet-e-tyre-dhe-njerez-te-zakonshem\/#primaryimage","url":"http:\/\/www.fjala.info\/2012\/gjiri_lalzit.jpg","contentUrl":"http:\/\/www.fjala.info\/2012\/gjiri_lalzit.jpg"},{"@type":"BreadcrumbList","@id":"https:\/\/fjala.info\/2009-2015\/per-gjirin-ku-pushojne-politikanet-femijet-e-tyre-dhe-njerez-te-zakonshem\/#breadcrumb","itemListElement":[{"@type":"ListItem","position":1,"name":"Home","item":"https:\/\/fjala.info\/2009-2015\/"},{"@type":"ListItem","position":2,"name":"P\u00ebr gjirin ku pushojn\u00eb politikan\u00ebt, f\u00ebmij\u00ebt e tyre dhe njer\u00ebz t\u00eb zakonsh\u00ebm"}]},{"@type":"WebSite","@id":"https:\/\/fjala.info\/2009-2015\/#website","url":"https:\/\/fjala.info\/2009-2015\/","name":"FjALA e LIR\u00cb - Arkivi","description":"Arkivi 2009-2015","publisher":{"@id":"https:\/\/fjala.info\/2009-2015\/#organization"},"potentialAction":[{"@type":"SearchAction","target":{"@type":"EntryPoint","urlTemplate":"https:\/\/fjala.info\/2009-2015\/?s={search_term_string}"},"query-input":{"@type":"PropertyValueSpecification","valueRequired":true,"valueName":"search_term_string"}}],"inLanguage":"sq-AL"},{"@type":"Organization","@id":"https:\/\/fjala.info\/2009-2015\/#organization","name":"FjALA e LIR\u00cb - Arkivi","url":"https:\/\/fjala.info\/2009-2015\/","logo":{"@type":"ImageObject","inLanguage":"sq-AL","@id":"https:\/\/fjala.info\/2009-2015\/#\/schema\/logo\/image\/","url":"","contentUrl":"","caption":"FjALA e LIR\u00cb - Arkivi"},"image":{"@id":"https:\/\/fjala.info\/2009-2015\/#\/schema\/logo\/image\/"}},{"@type":"Person","@id":"https:\/\/fjala.info\/2009-2015\/#\/schema\/person\/3aa1163ef05469c496fc94e77611ada2","name":"admin","image":{"@type":"ImageObject","inLanguage":"sq-AL","@id":"https:\/\/fjala.info\/2009-2015\/wp-content\/uploads\/2012\/02\/arben_cokaj-120x150.jpg","url":"https:\/\/fjala.info\/2009-2015\/wp-content\/uploads\/2012\/02\/arben_cokaj-120x150.jpg","contentUrl":"https:\/\/fjala.info\/2009-2015\/wp-content\/uploads\/2012\/02\/arben_cokaj-120x150.jpg","caption":"admin"},"description":"Admin, Fjala e Lir\u00eb","sameAs":["https:\/\/fjala.info\/"],"url":"https:\/\/fjala.info\/2009-2015\/author\/admin\/"}]}},"_links":{"self":[{"href":"https:\/\/fjala.info\/2009-2015\/wp-json\/wp\/v2\/posts\/4205","targetHints":{"allow":["GET"]}}],"collection":[{"href":"https:\/\/fjala.info\/2009-2015\/wp-json\/wp\/v2\/posts"}],"about":[{"href":"https:\/\/fjala.info\/2009-2015\/wp-json\/wp\/v2\/types\/post"}],"author":[{"embeddable":true,"href":"https:\/\/fjala.info\/2009-2015\/wp-json\/wp\/v2\/users\/1"}],"replies":[{"embeddable":true,"href":"https:\/\/fjala.info\/2009-2015\/wp-json\/wp\/v2\/comments?post=4205"}],"version-history":[{"count":0,"href":"https:\/\/fjala.info\/2009-2015\/wp-json\/wp\/v2\/posts\/4205\/revisions"}],"wp:attachment":[{"href":"https:\/\/fjala.info\/2009-2015\/wp-json\/wp\/v2\/media?parent=4205"}],"wp:term":[{"taxonomy":"category","embeddable":true,"href":"https:\/\/fjala.info\/2009-2015\/wp-json\/wp\/v2\/categories?post=4205"},{"taxonomy":"post_tag","embeddable":true,"href":"https:\/\/fjala.info\/2009-2015\/wp-json\/wp\/v2\/tags?post=4205"}],"curies":[{"name":"wp","href":"https:\/\/api.w.org\/{rel}","templated":true}]}}