{"id":4202,"date":"2012-08-05T08:03:26","date_gmt":"2012-08-05T07:03:26","guid":{"rendered":"http:\/\/www.fjala.info\/?p=4202"},"modified":"2012-08-05T08:03:26","modified_gmt":"2012-08-05T07:03:26","slug":"llotaria-kombetare-dhe-jo-vetem","status":"publish","type":"post","link":"https:\/\/fjala.info\/2009-2015\/llotaria-kombetare-dhe-jo-vetem\/","title":{"rendered":"Llotaria Komb\u00ebtare dhe jo vet\u00ebm"},"content":{"rendered":"<p><img decoding=\"async\" class=\"alignright size-thumbnail wp-image-7236\" title=\"Edi Rama\" src=\"http:\/\/www.fjala.info\/2012\/edi_rama.jpg\" alt=\"\" width=\"200\" \/> Nga <strong>Edi Rama<\/strong>, <em>www.edirama.al<\/em>, <em>4 Gusht 2012<\/em><\/p>\n<p>Letra d\u00ebrguar kancelarit austriak ishte n\u00eb respekt t\u00eb nj\u00eb vendi mik e partner dhe t\u00eb vet\u00eb kreut t\u00eb qeveris\u00eb s\u00eb Austris\u00eb. Ishte momenti p\u00ebr ta informuar kancelarin e vendit mik mbi pik\u00ebpamjen ton\u00eb lidhur me tenderin e Llotaris\u00eb Komb\u00ebtare. Q\u00ebllimi yn\u00eb i shpallur p\u00ebr ta zmbrapsur rezultatin fiktiv t\u00eb atij tenderi t\u00eb kopsitur enkas p\u00ebr kompanin\u00eb e njohur austriake, \u00ebsht\u00eb publik. E ky q\u00ebllim s\u2019ka asnj\u00eb lidhje me vet\u00eb kompanin\u00eb. Ne nuk kemi asgj\u00eb as me at\u00eb kompani n\u00eb k\u00ebt\u00eb rast dhe as me asnj\u00eb kompani n\u00eb \u00e7do rast kur procedura t\u00eb err\u00ebta kan\u00eb nxjerr\u00eb fitues t\u00eb parafabrikuar. Ne e kemi me politik\u00ebb\u00ebrjen e korruptuar q\u00eb i ka imponuar k\u00ebto far\u00eb procedurash p\u00ebr synime t\u00eb cilat bien ndesh haptaz me interesin publik \u2013 madje deri edhe me interesin e me sigurin\u00eb komb\u00ebtare n\u00eb raste t\u00eb ve\u00e7anta.<\/p>\n<p>Ne s\u2019mund ta pranojm\u00eb q\u00eb Llotaria Komb\u00ebtare t\u00eb kthehet n\u00eb nj\u00eb bixhoz ku shqiptar\u00ebt paguajn\u00eb nd\u00ebrsa pushtetar\u00ebt fitojn\u00eb. E kemi sqaruar m\u00ebse nj\u00ebher\u00eb se si duam ta organizojm\u00eb Llotarin\u00eb Komb\u00ebtare dhe ta vendosim n\u00eb funksion t\u00eb interesit publik. Llotaria Komb\u00ebtare \u00ebsht\u00eb nj\u00eb loj\u00eb q\u00eb e organizon shteti, por jo p\u00ebr t\u00eb fituar nj\u00eb fatlum e p\u00ebr t\u00eb dal\u00eb i humbur t\u00ebr\u00eb populli me q\u00ebllimin q\u00eb miliona e miliona euro t\u00eb kalojn\u00eb n\u00eb xhepat e menaxher\u00ebve t\u00eb loj\u00ebs. N\u00eb asnj\u00eb m\u00ebnyr\u00eb! Parat\u00eb e p\u00ebrfituara nga organizimi i loj\u00ebs shteti duhet t\u2019ua kthej\u00eb qytetar\u00ebve n\u00eb form\u00eb shpenzimesh kapitale p\u00ebr politika t\u00eb natyr\u00ebs sociale. Ne vet\u00eb do t\u2019i kalojm\u00eb p\u00ebr sportin dhe rinin\u00eb. Nd\u00ebrsa kompania q\u00eb do ta menaxhoj\u00eb Llotarin\u00eb Komb\u00ebtare, do t\u00eb marr\u00eb fitimin q\u00eb i takon po kurr\u00ebn e kurr\u00ebs fitimin q\u00eb i takon popullit si\u00e7 parasheh p\u00ebr fat t\u00eb keq procedura mir\u00ebfilli klienteliste e qeveris\u00eb shqiptare ku lexohej qysh n\u00eb nisje se kush do ishte fituesi n\u00eb fund.<\/p>\n<p>Kjo qeveri e nxori Shqip\u00ebrin\u00eb n\u00eb nj\u00eb ankand ku me vendime e ligje t\u00eb qepura enkas, pasuri t\u00eb panum\u00ebrta i kan\u00eb kaluar bler\u00ebsit t\u00eb paracaktuar m\u00eb par\u00eb. Jan\u00eb kaluar n\u00eb pak duar dhe p\u00ebr hi\u00e7gj\u00eb pasuri n\u00ebntok\u00ebsore e mbitok\u00ebsore, duke e p\u00ebrjashtuar brutalisht publikun nga \u00e7do p\u00ebrfitim prej tyre dhe duke e zhveshur shtetin nga t\u00eb drejta themelore. Qeveria shqiptare ka dor\u00ebzuar p\u00ebr hi\u00e7gj\u00eb n\u00eb duar familjar\u00ebsh e klient\u00ebsh t\u00eb saj, t\u00eb drejta q\u00eb kudo n\u00eb bot\u00eb i mbeten publikut dhe administrohen nga shteti p\u00ebr llogari t\u00eb publikut. S\u2019ka asnj\u00eb ekzagjerim n\u00eb shprehjen e bindjes se kusuret e k\u00ebsaj qeverie n\u00eb 7 vjet n\u00eb raport me pasurit\u00eb e k\u00ebtij vendi, nuk i kan\u00eb t\u00eb gjitha qeverit\u00eb shqiptare t\u00eb 100 viteve shtet t\u00eb mbledhura s\u00eb bashku. Jan\u00eb kusuret e nj\u00eb grabitjeje t\u00eb realizuar p\u00ebrmes v\u00ebnies s\u00eb qeveris\u00eb s\u00eb republik\u00ebs n\u00eb sh\u00ebrbim t\u00eb interesave t\u00eb qeveritar\u00ebve dhe p\u00ebrmes rr\u00ebnimit t\u00eb institucioneve t\u00eb shtetit.<\/p>\n<p>Tanim\u00eb Sali Berisha synon p\u00ebrjet\u00ebsimin e pushtetit t\u00eb vet p\u00ebrmes marrjes s\u00eb kontrollit t\u00eb plot\u00eb mbi paran\u00eb e mbi \u00e7do institucion t\u00eb k\u00ebtij vendi. \u201cKorrupsioni shton pushtetin, korrupsioni absolut e b\u00ebn absolut edhe pushtetin\u201d, thuhet n\u00eb politologji. Sot ky \u00ebsht\u00eb udh\u00ebkryqi, ose nj\u00eb rr\u00ebnim i m\u00ebtejsh\u00ebm p\u00ebrmes korrupsionit absolut q\u00eb do ta vendos\u00eb Shqip\u00ebrin\u00eb n\u00ebn nj\u00eb pushtet absolut, ose nj\u00eb Rilindje Shqiptare p\u00ebrmes nj\u00eb rruge t\u00eb re q\u00eb do ta fus\u00eb Shqip\u00ebrin\u00eb n\u00eb drejtimin e merituar. Pjes\u00eb e k\u00ebsaj rruge t\u00eb re \u00ebsht\u00eb n\u00eb k\u00ebndv\u00ebshtrimin ton\u00eb edhe nj\u00eb proces i domosdosh\u00ebm transparence p\u00ebr shitjen e Shqip\u00ebris\u00eb gjat\u00eb k\u00ebtyre viteve. Kjo nuk n\u00ebnkupton askurr\u00ebfar\u00eb gjuetie shtrigash ndaj biznesit, por mbylljen me kurajo e ligjshm\u00ebri t\u00eb rrug\u00ebs s\u00eb korrupsionit absolut ku pasurit\u00eb e k\u00ebtij vendi transferohen n\u00eb pak duar t\u00eb lidhura ngusht\u00ebsisht me k\u00ebt\u00eb qeveri, e cila synon t\u00eb kthehet n\u00eb nj\u00eb pushtet absolut.<\/p>\n<p>Ja pse ne nuk kemi asnj\u00eb ndroje, p\u00ebrkundrazi e ndjejm\u00eb p\u00ebr detyr\u00eb organike t\u00eb shpallim publikisht q\u00ebllimin p\u00ebr t\u00eb rishikuar n\u00ebn drit\u00ebn e Kushtetut\u00ebs, ligjit dhe interesit publik, \u00e7do shitje apo transferim t\u00eb dyshimt\u00eb t\u00eb pasuris\u00eb s\u00eb publikut n\u00eb duart e t\u00eb privilegjuarve t\u00eb pushtetit t\u00eb sot\u00ebm. Askush p\u00ebrve\u00e7 shit\u00ebsve t\u00eb Shqip\u00ebris\u00eb nuk duhet t\u2019i ndruhet k\u00ebsaj transparence. Ky proces do t\u00eb ket\u00eb nj\u00eb vler\u00eb t\u00eb pa\u00e7muar p\u00ebr t\u00eb krijuar nj\u00eb mjedis demokratik p\u00ebr \u00e7do sip\u00ebrmarr\u00ebs dhe p\u00ebr t\u00eb v\u00ebn\u00eb vlerat e liris\u00eb e t\u00eb konkurenc\u00ebs n\u00eb themel t\u00eb sip\u00ebrmarrjes n\u00eb k\u00ebt\u00eb vend. Ne as kemi th\u00ebn\u00eb dhe as kemi menduar ndonj\u00ebher\u00eb t\u00eb zmbrapsim \u00e7do vendim q\u00eb \u00ebsht\u00eb marr\u00eb apo t\u00eb zhb\u00ebjm\u00eb \u00e7do gj\u00eb q\u00eb \u00ebsht\u00eb b\u00ebr\u00eb. Jo, ne duam dhe do t\u00eb ndajm\u00eb qart\u00eb q\u00ebndrimin ndaj zhvillimeve t\u00eb k\u00ebtyre viteve n\u00eb ekonomi, duke i\u2019u kund\u00ebrv\u00ebn\u00eb hapur produkteve t\u00eb korrupsionit absolut n\u00eb ekonomi dhe duke vendosur n\u00eb piedestal sip\u00ebrmarrjen e zhvilluar fal\u00eb talentit e mundit t\u00eb kujtdoqoft\u00eb.<\/p>\n<p>Asnj\u00eb kompani apo individ q\u00eb ka n\u00ebnshkruar nj\u00eb kontrat\u00eb koncesionare me shtetin apo ka p\u00ebrfituar nj\u00eb pasuri publike p\u00ebrmes nj\u00eb procesi privatizimi nuk duhet t\u2019i trembet transparenc\u00ebs n\u00ebse nuk e ka shkelur kontrat\u00ebn apo nuk ka p\u00ebrfituar nga shkelja e ligjit. P\u00ebrkundrazi, duhet ta mir\u00ebpres\u00eb k\u00ebt\u00eb proces. Ashtu sikund\u00ebr edhe \u00e7do investitor i huaj n\u00eb Shqip\u00ebri nuk duhet t\u2019i friket q\u00ebndrimit ton\u00eb t\u00eb shpallur p\u00ebr t\u00eb rishikuar nj\u00eb s\u00ebr\u00eb produktesh t\u00eb akteve t\u00eb dyshimta t\u00eb qeveris\u00eb n\u00eb k\u00ebt\u00eb fush\u00eb. P\u00ebrkundrazi, duhet ta mb\u00ebshtes\u00eb k\u00ebt\u00eb q\u00ebndrim q\u00eb buron nga vet\u00ebdija jon\u00eb se niveli i investimeve t\u00eb huaja n\u00eb Shqip\u00ebri duhet rritur, por mund t\u00eb rritet vet\u00ebm p\u00ebrmes \u00e7montimit t\u00eb sistemit t\u00eb korrupsionit absolut. Po edhe asnj\u00eb shqiptar q\u00eb do pun\u00eb, mir\u00ebqenie e siguri n\u00eb k\u00ebt\u00eb vend, nuk duhet ta lexoj\u00eb k\u00ebt\u00eb q\u00ebndrim parimor e largpam\u00ebs tonin p\u00ebrmes p\u00ebrkthimit t\u00eb \u00e7artur t\u00eb kryeministrit. P\u00ebrkundrazi, duhet ta kuptoj\u00eb se n\u00eb sa m\u00eb pak duar t\u00eb jet\u00eb e p\u00ebrqendruar pasuria p\u00ebrmes sistemit t\u00eb korrupsionit absolut, aq m\u00eb shum\u00eb krah\u00eb do t\u00eb mbeten t\u00eb papun\u00eb dhe aq m\u00eb pak liri e t\u00eb drejta do t\u00eb ket\u00eb p\u00ebr \u00e7do individ.<\/p>\n<p>Un\u00eb e di fort mir\u00eb se mosbesimi \u00ebsht\u00eb rritur bashk\u00eb me korrupsionin, papun\u00ebsin\u00eb, varf\u00ebrin\u00eb. E kam fare t\u00eb qart\u00eb se shum\u00eb fjal\u00eb q\u00ebllimmira i merr era n\u00eb kushtet kur realiteti i eg\u00ebr i sprovon njer\u00ebzit me v\u00ebshtir\u00ebsira t\u00eb p\u00ebrditshme. Nuk e dyshoj fare se edhe nd\u00ebr lexuesit e k\u00ebtyre rreshtave do t\u00eb ket\u00eb sa t\u00eb duash q\u00eb do t\u00eb rrudhin buz\u00ebt apo n\u00ebnshkruajn\u00eb komente t\u00eb vrazhda. Mir\u00ebkuptim p\u00ebr t\u00eb gjitha, p\u00ebrve\u00e7se p\u00ebr nj\u00eb gj\u00eb: E pamundur t\u00eb pajtohem me ata q\u00eb t\u00eb keqen sunduese n\u00eb pushtet e relativizojn\u00eb duke th\u00ebn\u00eb se edhe opozita nj\u00ebsoj \u00ebsht\u00eb dhe prandaj mir\u00eb jemi k\u00ebshtu si jemi! K\u00ebt\u00eb jo, me k\u00ebt\u00eb as mund t\u00eb bie dakord kurr\u00eb, as mund ta mbyll pa th\u00ebn\u00eb se \u00ebsht\u00eb shprehje e pangush\u00ebllueshme e shpirtit skllav. Vet\u00ebm shpirti skllav mund t\u00eb gjej\u00eb justifikime p\u00ebr t\u00eb mbajtur n\u00eb k\u00ebmb\u00eb n\u00eb mes t\u00eb Europ\u00ebs sot, nj\u00eb pushtet q\u00eb synon t\u00eb kthehet n\u00eb absolut p\u00ebrmes korrupsionit absolut. E di q\u00eb jan\u00eb pakic\u00eb, por \u00ebsht\u00eb nj\u00eb pakic\u00eb sidoqoft\u00eb shum\u00eb e trishtueshme p\u00ebr Europ\u00ebn e shekullit XXI.<\/p>\n","protected":false},"excerpt":{"rendered":"<p>Nga Edi Rama, www.edirama.al, 4 Gusht 2012 Letra d\u00ebrguar kancelarit austriak ishte n\u00eb respekt t\u00eb nj\u00eb vendi mik e partner dhe t\u00eb vet\u00eb kreut t\u00eb qeveris\u00eb s\u00eb Austris\u00eb. Ishte momenti p\u00ebr ta informuar kancelarin e vendit mik mbi pik\u00ebpamjen ton\u00eb lidhur me tenderin e Llotaris\u00eb Komb\u00ebtare. Q\u00ebllimi yn\u00eb i shpallur p\u00ebr ta zmbrapsur rezultatin fiktiv [&hellip;]<\/p>\n","protected":false},"author":1,"featured_media":0,"comment_status":"open","ping_status":"closed","sticky":false,"template":"","format":"standard","meta":{"footnotes":""},"categories":[2],"tags":[],"class_list":{"0":"post-4202","1":"post","2":"type-post","3":"status-publish","4":"format-standard","6":"category-artikuj"},"yoast_head":"<!-- This site is optimized with the Yoast SEO plugin v27.4 - https:\/\/yoast.com\/product\/yoast-seo-wordpress\/ -->\n<title>Llotaria Komb\u00ebtare dhe jo vet\u00ebm - FjALA e LIR\u00cb - Arkivi<\/title>\n<meta name=\"robots\" content=\"index, follow, max-snippet:-1, max-image-preview:large, max-video-preview:-1\" \/>\n<link rel=\"canonical\" href=\"https:\/\/fjala.info\/2009-2015\/llotaria-kombetare-dhe-jo-vetem\/\" \/>\n<meta property=\"og:locale\" content=\"sq_AL\" \/>\n<meta property=\"og:type\" content=\"article\" \/>\n<meta property=\"og:title\" content=\"Llotaria Komb\u00ebtare dhe jo vet\u00ebm - FjALA e LIR\u00cb - Arkivi\" \/>\n<meta property=\"og:description\" content=\"Nga Edi Rama, www.edirama.al, 4 Gusht 2012 Letra d\u00ebrguar kancelarit austriak ishte n\u00eb respekt t\u00eb nj\u00eb vendi mik e partner dhe t\u00eb vet\u00eb kreut t\u00eb qeveris\u00eb s\u00eb Austris\u00eb. Ishte momenti p\u00ebr ta informuar kancelarin e vendit mik mbi pik\u00ebpamjen ton\u00eb lidhur me tenderin e Llotaris\u00eb Komb\u00ebtare. Q\u00ebllimi yn\u00eb i shpallur p\u00ebr ta zmbrapsur rezultatin fiktiv [&hellip;]\" \/>\n<meta property=\"og:url\" content=\"https:\/\/fjala.info\/2009-2015\/llotaria-kombetare-dhe-jo-vetem\/\" \/>\n<meta property=\"og:site_name\" content=\"FjALA e LIR\u00cb - Arkivi\" \/>\n<meta property=\"article:published_time\" content=\"2012-08-05T07:03:26+00:00\" \/>\n<meta property=\"og:image\" content=\"http:\/\/www.fjala.info\/2012\/edi_rama.jpg\" \/>\n<meta name=\"author\" content=\"admin\" \/>\n<meta name=\"twitter:card\" content=\"summary_large_image\" \/>\n<meta name=\"twitter:label1\" content=\"Written by\" \/>\n\t<meta name=\"twitter:data1\" content=\"admin\" \/>\n\t<meta name=\"twitter:label2\" content=\"Est. reading time\" \/>\n\t<meta name=\"twitter:data2\" content=\"7 minutes\" \/>\n<script type=\"application\/ld+json\" class=\"yoast-schema-graph\">{\"@context\":\"https:\\\/\\\/schema.org\",\"@graph\":[{\"@type\":\"Article\",\"@id\":\"https:\\\/\\\/fjala.info\\\/2009-2015\\\/llotaria-kombetare-dhe-jo-vetem\\\/#article\",\"isPartOf\":{\"@id\":\"https:\\\/\\\/fjala.info\\\/2009-2015\\\/llotaria-kombetare-dhe-jo-vetem\\\/\"},\"author\":{\"name\":\"admin\",\"@id\":\"https:\\\/\\\/fjala.info\\\/2009-2015\\\/#\\\/schema\\\/person\\\/3aa1163ef05469c496fc94e77611ada2\"},\"headline\":\"Llotaria Komb\u00ebtare dhe jo vet\u00ebm\",\"datePublished\":\"2012-08-05T07:03:26+00:00\",\"mainEntityOfPage\":{\"@id\":\"https:\\\/\\\/fjala.info\\\/2009-2015\\\/llotaria-kombetare-dhe-jo-vetem\\\/\"},\"wordCount\":1313,\"commentCount\":0,\"publisher\":{\"@id\":\"https:\\\/\\\/fjala.info\\\/2009-2015\\\/#organization\"},\"image\":{\"@id\":\"https:\\\/\\\/fjala.info\\\/2009-2015\\\/llotaria-kombetare-dhe-jo-vetem\\\/#primaryimage\"},\"thumbnailUrl\":\"http:\\\/\\\/www.fjala.info\\\/2012\\\/edi_rama.jpg\",\"articleSection\":[\"Artikuj\"],\"inLanguage\":\"sq-AL\",\"potentialAction\":[{\"@type\":\"CommentAction\",\"name\":\"Comment\",\"target\":[\"https:\\\/\\\/fjala.info\\\/2009-2015\\\/llotaria-kombetare-dhe-jo-vetem\\\/#respond\"]}]},{\"@type\":\"WebPage\",\"@id\":\"https:\\\/\\\/fjala.info\\\/2009-2015\\\/llotaria-kombetare-dhe-jo-vetem\\\/\",\"url\":\"https:\\\/\\\/fjala.info\\\/2009-2015\\\/llotaria-kombetare-dhe-jo-vetem\\\/\",\"name\":\"Llotaria Komb\u00ebtare dhe jo vet\u00ebm - FjALA e LIR\u00cb - Arkivi\",\"isPartOf\":{\"@id\":\"https:\\\/\\\/fjala.info\\\/2009-2015\\\/#website\"},\"primaryImageOfPage\":{\"@id\":\"https:\\\/\\\/fjala.info\\\/2009-2015\\\/llotaria-kombetare-dhe-jo-vetem\\\/#primaryimage\"},\"image\":{\"@id\":\"https:\\\/\\\/fjala.info\\\/2009-2015\\\/llotaria-kombetare-dhe-jo-vetem\\\/#primaryimage\"},\"thumbnailUrl\":\"http:\\\/\\\/www.fjala.info\\\/2012\\\/edi_rama.jpg\",\"datePublished\":\"2012-08-05T07:03:26+00:00\",\"breadcrumb\":{\"@id\":\"https:\\\/\\\/fjala.info\\\/2009-2015\\\/llotaria-kombetare-dhe-jo-vetem\\\/#breadcrumb\"},\"inLanguage\":\"sq-AL\",\"potentialAction\":[{\"@type\":\"ReadAction\",\"target\":[\"https:\\\/\\\/fjala.info\\\/2009-2015\\\/llotaria-kombetare-dhe-jo-vetem\\\/\"]}]},{\"@type\":\"ImageObject\",\"inLanguage\":\"sq-AL\",\"@id\":\"https:\\\/\\\/fjala.info\\\/2009-2015\\\/llotaria-kombetare-dhe-jo-vetem\\\/#primaryimage\",\"url\":\"http:\\\/\\\/www.fjala.info\\\/2012\\\/edi_rama.jpg\",\"contentUrl\":\"http:\\\/\\\/www.fjala.info\\\/2012\\\/edi_rama.jpg\"},{\"@type\":\"BreadcrumbList\",\"@id\":\"https:\\\/\\\/fjala.info\\\/2009-2015\\\/llotaria-kombetare-dhe-jo-vetem\\\/#breadcrumb\",\"itemListElement\":[{\"@type\":\"ListItem\",\"position\":1,\"name\":\"Home\",\"item\":\"https:\\\/\\\/fjala.info\\\/2009-2015\\\/\"},{\"@type\":\"ListItem\",\"position\":2,\"name\":\"Llotaria Komb\u00ebtare dhe jo vet\u00ebm\"}]},{\"@type\":\"WebSite\",\"@id\":\"https:\\\/\\\/fjala.info\\\/2009-2015\\\/#website\",\"url\":\"https:\\\/\\\/fjala.info\\\/2009-2015\\\/\",\"name\":\"FjALA e LIR\u00cb - Arkivi\",\"description\":\"Arkivi 2009-2015\",\"publisher\":{\"@id\":\"https:\\\/\\\/fjala.info\\\/2009-2015\\\/#organization\"},\"potentialAction\":[{\"@type\":\"SearchAction\",\"target\":{\"@type\":\"EntryPoint\",\"urlTemplate\":\"https:\\\/\\\/fjala.info\\\/2009-2015\\\/?s={search_term_string}\"},\"query-input\":{\"@type\":\"PropertyValueSpecification\",\"valueRequired\":true,\"valueName\":\"search_term_string\"}}],\"inLanguage\":\"sq-AL\"},{\"@type\":\"Organization\",\"@id\":\"https:\\\/\\\/fjala.info\\\/2009-2015\\\/#organization\",\"name\":\"FjALA e LIR\u00cb - Arkivi\",\"url\":\"https:\\\/\\\/fjala.info\\\/2009-2015\\\/\",\"logo\":{\"@type\":\"ImageObject\",\"inLanguage\":\"sq-AL\",\"@id\":\"https:\\\/\\\/fjala.info\\\/2009-2015\\\/#\\\/schema\\\/logo\\\/image\\\/\",\"url\":\"\",\"contentUrl\":\"\",\"caption\":\"FjALA e LIR\u00cb - Arkivi\"},\"image\":{\"@id\":\"https:\\\/\\\/fjala.info\\\/2009-2015\\\/#\\\/schema\\\/logo\\\/image\\\/\"}},{\"@type\":\"Person\",\"@id\":\"https:\\\/\\\/fjala.info\\\/2009-2015\\\/#\\\/schema\\\/person\\\/3aa1163ef05469c496fc94e77611ada2\",\"name\":\"admin\",\"image\":{\"@type\":\"ImageObject\",\"inLanguage\":\"sq-AL\",\"@id\":\"https:\\\/\\\/fjala.info\\\/2009-2015\\\/wp-content\\\/uploads\\\/2012\\\/02\\\/arben_cokaj-120x150.jpg\",\"url\":\"https:\\\/\\\/fjala.info\\\/2009-2015\\\/wp-content\\\/uploads\\\/2012\\\/02\\\/arben_cokaj-120x150.jpg\",\"contentUrl\":\"https:\\\/\\\/fjala.info\\\/2009-2015\\\/wp-content\\\/uploads\\\/2012\\\/02\\\/arben_cokaj-120x150.jpg\",\"caption\":\"admin\"},\"description\":\"Admin, Fjala e Lir\u00eb\",\"sameAs\":[\"https:\\\/\\\/fjala.info\\\/\"],\"url\":\"https:\\\/\\\/fjala.info\\\/2009-2015\\\/author\\\/admin\\\/\"}]}<\/script>\n<!-- \/ Yoast SEO plugin. -->","yoast_head_json":{"title":"Llotaria Komb\u00ebtare dhe jo vet\u00ebm - FjALA e LIR\u00cb - Arkivi","robots":{"index":"index","follow":"follow","max-snippet":"max-snippet:-1","max-image-preview":"max-image-preview:large","max-video-preview":"max-video-preview:-1"},"canonical":"https:\/\/fjala.info\/2009-2015\/llotaria-kombetare-dhe-jo-vetem\/","og_locale":"sq_AL","og_type":"article","og_title":"Llotaria Komb\u00ebtare dhe jo vet\u00ebm - FjALA e LIR\u00cb - Arkivi","og_description":"Nga Edi Rama, www.edirama.al, 4 Gusht 2012 Letra d\u00ebrguar kancelarit austriak ishte n\u00eb respekt t\u00eb nj\u00eb vendi mik e partner dhe t\u00eb vet\u00eb kreut t\u00eb qeveris\u00eb s\u00eb Austris\u00eb. Ishte momenti p\u00ebr ta informuar kancelarin e vendit mik mbi pik\u00ebpamjen ton\u00eb lidhur me tenderin e Llotaris\u00eb Komb\u00ebtare. Q\u00ebllimi yn\u00eb i shpallur p\u00ebr ta zmbrapsur rezultatin fiktiv [&hellip;]","og_url":"https:\/\/fjala.info\/2009-2015\/llotaria-kombetare-dhe-jo-vetem\/","og_site_name":"FjALA e LIR\u00cb - Arkivi","article_published_time":"2012-08-05T07:03:26+00:00","og_image":[{"url":"http:\/\/www.fjala.info\/2012\/edi_rama.jpg","type":"","width":"","height":""}],"author":"admin","twitter_card":"summary_large_image","twitter_misc":{"Written by":"admin","Est. reading time":"7 minutes"},"schema":{"@context":"https:\/\/schema.org","@graph":[{"@type":"Article","@id":"https:\/\/fjala.info\/2009-2015\/llotaria-kombetare-dhe-jo-vetem\/#article","isPartOf":{"@id":"https:\/\/fjala.info\/2009-2015\/llotaria-kombetare-dhe-jo-vetem\/"},"author":{"name":"admin","@id":"https:\/\/fjala.info\/2009-2015\/#\/schema\/person\/3aa1163ef05469c496fc94e77611ada2"},"headline":"Llotaria Komb\u00ebtare dhe jo vet\u00ebm","datePublished":"2012-08-05T07:03:26+00:00","mainEntityOfPage":{"@id":"https:\/\/fjala.info\/2009-2015\/llotaria-kombetare-dhe-jo-vetem\/"},"wordCount":1313,"commentCount":0,"publisher":{"@id":"https:\/\/fjala.info\/2009-2015\/#organization"},"image":{"@id":"https:\/\/fjala.info\/2009-2015\/llotaria-kombetare-dhe-jo-vetem\/#primaryimage"},"thumbnailUrl":"http:\/\/www.fjala.info\/2012\/edi_rama.jpg","articleSection":["Artikuj"],"inLanguage":"sq-AL","potentialAction":[{"@type":"CommentAction","name":"Comment","target":["https:\/\/fjala.info\/2009-2015\/llotaria-kombetare-dhe-jo-vetem\/#respond"]}]},{"@type":"WebPage","@id":"https:\/\/fjala.info\/2009-2015\/llotaria-kombetare-dhe-jo-vetem\/","url":"https:\/\/fjala.info\/2009-2015\/llotaria-kombetare-dhe-jo-vetem\/","name":"Llotaria Komb\u00ebtare dhe jo vet\u00ebm - FjALA e LIR\u00cb - Arkivi","isPartOf":{"@id":"https:\/\/fjala.info\/2009-2015\/#website"},"primaryImageOfPage":{"@id":"https:\/\/fjala.info\/2009-2015\/llotaria-kombetare-dhe-jo-vetem\/#primaryimage"},"image":{"@id":"https:\/\/fjala.info\/2009-2015\/llotaria-kombetare-dhe-jo-vetem\/#primaryimage"},"thumbnailUrl":"http:\/\/www.fjala.info\/2012\/edi_rama.jpg","datePublished":"2012-08-05T07:03:26+00:00","breadcrumb":{"@id":"https:\/\/fjala.info\/2009-2015\/llotaria-kombetare-dhe-jo-vetem\/#breadcrumb"},"inLanguage":"sq-AL","potentialAction":[{"@type":"ReadAction","target":["https:\/\/fjala.info\/2009-2015\/llotaria-kombetare-dhe-jo-vetem\/"]}]},{"@type":"ImageObject","inLanguage":"sq-AL","@id":"https:\/\/fjala.info\/2009-2015\/llotaria-kombetare-dhe-jo-vetem\/#primaryimage","url":"http:\/\/www.fjala.info\/2012\/edi_rama.jpg","contentUrl":"http:\/\/www.fjala.info\/2012\/edi_rama.jpg"},{"@type":"BreadcrumbList","@id":"https:\/\/fjala.info\/2009-2015\/llotaria-kombetare-dhe-jo-vetem\/#breadcrumb","itemListElement":[{"@type":"ListItem","position":1,"name":"Home","item":"https:\/\/fjala.info\/2009-2015\/"},{"@type":"ListItem","position":2,"name":"Llotaria Komb\u00ebtare dhe jo vet\u00ebm"}]},{"@type":"WebSite","@id":"https:\/\/fjala.info\/2009-2015\/#website","url":"https:\/\/fjala.info\/2009-2015\/","name":"FjALA e LIR\u00cb - Arkivi","description":"Arkivi 2009-2015","publisher":{"@id":"https:\/\/fjala.info\/2009-2015\/#organization"},"potentialAction":[{"@type":"SearchAction","target":{"@type":"EntryPoint","urlTemplate":"https:\/\/fjala.info\/2009-2015\/?s={search_term_string}"},"query-input":{"@type":"PropertyValueSpecification","valueRequired":true,"valueName":"search_term_string"}}],"inLanguage":"sq-AL"},{"@type":"Organization","@id":"https:\/\/fjala.info\/2009-2015\/#organization","name":"FjALA e LIR\u00cb - Arkivi","url":"https:\/\/fjala.info\/2009-2015\/","logo":{"@type":"ImageObject","inLanguage":"sq-AL","@id":"https:\/\/fjala.info\/2009-2015\/#\/schema\/logo\/image\/","url":"","contentUrl":"","caption":"FjALA e LIR\u00cb - Arkivi"},"image":{"@id":"https:\/\/fjala.info\/2009-2015\/#\/schema\/logo\/image\/"}},{"@type":"Person","@id":"https:\/\/fjala.info\/2009-2015\/#\/schema\/person\/3aa1163ef05469c496fc94e77611ada2","name":"admin","image":{"@type":"ImageObject","inLanguage":"sq-AL","@id":"https:\/\/fjala.info\/2009-2015\/wp-content\/uploads\/2012\/02\/arben_cokaj-120x150.jpg","url":"https:\/\/fjala.info\/2009-2015\/wp-content\/uploads\/2012\/02\/arben_cokaj-120x150.jpg","contentUrl":"https:\/\/fjala.info\/2009-2015\/wp-content\/uploads\/2012\/02\/arben_cokaj-120x150.jpg","caption":"admin"},"description":"Admin, Fjala e Lir\u00eb","sameAs":["https:\/\/fjala.info\/"],"url":"https:\/\/fjala.info\/2009-2015\/author\/admin\/"}]}},"_links":{"self":[{"href":"https:\/\/fjala.info\/2009-2015\/wp-json\/wp\/v2\/posts\/4202","targetHints":{"allow":["GET"]}}],"collection":[{"href":"https:\/\/fjala.info\/2009-2015\/wp-json\/wp\/v2\/posts"}],"about":[{"href":"https:\/\/fjala.info\/2009-2015\/wp-json\/wp\/v2\/types\/post"}],"author":[{"embeddable":true,"href":"https:\/\/fjala.info\/2009-2015\/wp-json\/wp\/v2\/users\/1"}],"replies":[{"embeddable":true,"href":"https:\/\/fjala.info\/2009-2015\/wp-json\/wp\/v2\/comments?post=4202"}],"version-history":[{"count":0,"href":"https:\/\/fjala.info\/2009-2015\/wp-json\/wp\/v2\/posts\/4202\/revisions"}],"wp:attachment":[{"href":"https:\/\/fjala.info\/2009-2015\/wp-json\/wp\/v2\/media?parent=4202"}],"wp:term":[{"taxonomy":"category","embeddable":true,"href":"https:\/\/fjala.info\/2009-2015\/wp-json\/wp\/v2\/categories?post=4202"},{"taxonomy":"post_tag","embeddable":true,"href":"https:\/\/fjala.info\/2009-2015\/wp-json\/wp\/v2\/tags?post=4202"}],"curies":[{"name":"wp","href":"https:\/\/api.w.org\/{rel}","templated":true}]}}