{"id":4200,"date":"2012-08-05T07:58:32","date_gmt":"2012-08-05T06:58:32","guid":{"rendered":"http:\/\/www.fjala.info\/?p=4200"},"modified":"2012-08-05T07:58:32","modified_gmt":"2012-08-05T06:58:32","slug":"pasiguria-e-jetes","status":"publish","type":"post","link":"https:\/\/fjala.info\/2009-2015\/pasiguria-e-jetes\/","title":{"rendered":"Pasiguria e jet\u00ebs"},"content":{"rendered":"<p><img decoding=\"async\" class=\"alignright size-thumbnail wp-image-7236\" title=\"Artan Mullaj\" src=\"http:\/\/www.fjala.info\/2012\/artan_mullaj.jpg\" alt=\"\" width=\"150\" \/> Nga <strong>Artan Mullaj<\/strong>, <em>4 Gusht 2012<\/em><\/p>\n<p>Para disa dit\u00ebsh, n\u00eb Shkod\u00ebr, ndodhi nj\u00eb aksident i r\u00ebnd\u00eb. Dy zonja dhe drejtuesi i nj\u00eb mjeti, nj\u00eb djal\u00eb n\u00eb mosh\u00eb fare t\u00eb re, dhan\u00eb frym\u00ebn e fundit n\u00eb asfalt. Duke l\u00ebvizur me shpejt\u00ebsi n\u00eb hyrje t\u00eb qytetit, vetura goditi dy grat\u00eb fatkeqe, q\u00eb sh\u00ebtisnin me bi\u00e7ikleta dhe m\u00eb pas u p\u00ebrplas edhe vet\u00eb n\u00eb hendek. Ngjarje si kjo jan\u00eb b\u00ebr\u00eb t\u00eb zakonshme. Edhe nj\u00eb her\u00eb, kamerat televizive fiksuan njollat e gjakut mbi asfalt. Kronika ishte e p\u00ebrs\u00ebritur n\u00eb llojin e vet dhe rr\u00ebqeth\u00ebse nj\u00ebher\u00ebsh. T\u00eb jesh i moshuar, t\u00eb jesh i pafajsh\u00ebm n\u00eb lirin\u00eb t\u00ebnde p\u00ebr t\u00eb sh\u00ebtitur n\u00eb m\u00ebngjesin e fresk\u00ebt, t\u00eb jesh fem\u00ebr dhe papritur, p\u00ebr nj\u00eb \u00e7ast, ndodh nj\u00eb shp\u00ebrthim fatal, q\u00eb \u00ebsht\u00eb apokalipsi vet\u00eb.<\/p>\n<p>Si ndryshon rrjedha e ngjarjeve p\u00ebr njeriun! Sa i brisht\u00eb \u00ebsht\u00eb njeriu dhe sa e pam\u00ebshirshme rast\u00ebsia. N\u00eb nj\u00eb sekond\u00eb, befas, \u00e7el\u00ebsi stakohet. Bien perdet. Shuhet drita. Nuk je m\u00eb! T\u00eb pakt\u00ebn, jo m\u00eb n\u00eb k\u00ebt\u00eb bot\u00eb t\u00eb \u00e7uditshme. At\u00eb m\u00ebngjes, zonjat e lan\u00eb n\u00eb mes bised\u00ebn rutin\u00eb sapo mbi to u derdh dhunsh\u00ebm furia e metalit. A ishin t\u00eb vet\u00ebdijshme p\u00ebr ndodhin\u00eb at\u00eb \u00e7ast, kur si me g\u00ebrsh\u00ebr\u00eb, mjeti vras\u00ebs, ju preu sakaq n\u00eb mes programin fem\u00ebror t\u00eb dit\u00ebs, fantazin\u00eb e gatimit t\u00eb drek\u00ebs apo p\u00ebrgatitjes s\u00eb \u00ebmb\u00eblsirave? A kuptuan \u00e7\u2019ju ndodhi at\u00eb \u00e7ast terrori t\u00eb beft\u00eb, kur bota shp\u00ebrtheu friksh\u00ebm jasht\u00eb, por edhe n\u00eb mendjen e tyre?<\/p>\n<p>Apo gjith\u00e7ka ndodhi m\u00eb shpejt nga \u00e7\u2019mund t\u00eb vler\u00ebsohej prej tyre? Mbase ato arrit\u00ebn t\u00eb ndjejn\u00eb p\u00ebr nj\u00eb \u00e7ast, mes tmerrit t\u00eb kalimit t\u00eb bot\u00ebve, se misteri i ekzistenc\u00ebs i kishte mb\u00ebshtjell\u00eb me nj\u00eb vorbull fatale, p\u00ebr t\u2019i \u00e7uar tjet\u00ebrkund, larg, kushedi ku. Dosja e planeve t\u00eb tyre prej zonjash t\u00eb mira dhe n\u00ebnash t\u00eb dhembshura, u mbyll. K\u00ebt\u00eb ver\u00eb nuk do t\u00eb shkojn\u00eb n\u00eb plazh me f\u00ebmij\u00ebt dhe mbesat. Nuk do t\u00eb jen\u00eb m\u00eb n\u00eb dit\u00eblindjet e tyre me dhuratat e tyre p\u00ebrmall\u00ebse dhe nuk do t\u00eb jen\u00eb d\u00ebshmitare t\u00eb rritjeve dhe arritjeve t\u00eb tyre. Nuk do t\u00eb gatuajn\u00eb lakror me pet\u00eb dhe as do t\u2019ju b\u00ebjn\u00eb surpriza, me lek\u00ebt e mundimshme, t\u00eb mbledhur tin\u00ebz, nga rrogat e vogla, vit pas viti.<\/p>\n<p>Fati, si nj\u00eb p\u00ebrbind\u00ebsh, iu k\u00ebputi fillin e mistersh\u00ebm t\u00eb jet\u00ebs, duke i shtyr\u00eb n\u00eb humner\u00ebn e fatalitetit. Ato, as nuk do t\u00eb sh\u00ebtisin m\u00eb me bi\u00e7ikleta m\u00ebngjeseve, ashtu si drejtuesi fatkeq i mjetit, shkaktari i tragjedis\u00eb, nuk do vazhdoj\u00eb t\u2019i jap\u00eb m\u00eb gabim edhe me nxitim makin\u00ebs dhe as do t\u00eb jet\u00eb m\u00eb arsyeja, se p\u00ebrse prind\u00ebrit e tij punojn\u00eb fort e luftojn\u00eb\u2026<\/p>\n<p>Raste si ky, n\u00eb t\u00eb cilin jeta humbet pa t\u00eb drejt\u00eb, ka plot. Asfaltet tona skuqen p\u00ebrdit\u00eb, me gjak f\u00ebmij\u00ebsh dhe pleqsh. Por nuk jan\u00eb ve\u00e7 aksidentet q\u00eb d\u00ebshmojn\u00eb zhvler\u00ebsimin e jet\u00ebs n\u00eb Shqip\u00ebri. Statistikat tregojn\u00eb se jemi kampion\u00eb bot\u00ebror\u00eb n\u00eb vrasje nd\u00ebrkoh\u00eb q\u00eb krimi n\u00eb Shqip\u00ebri, si p\u00ebr t\u00eb arritur nj\u00eb rekord t\u00eb kobsh\u00ebm, ka arritur nivele t\u00eb frikshme. Njer\u00ebzit vriten shpesh edhe leht\u00eb. Vriten n\u00eb rrug\u00eb aksidentalisht, por vriten edhe p\u00ebr motive t\u00eb dob\u00ebta. P\u00ebr xhelozi, p\u00ebr burr\u00ebri, p\u00ebr prona, p\u00ebr larje hesapesh, vriten nj\u00ebri me tjetrin edhe p\u00ebr shkak t\u00eb idiot\u00ebsis\u00eb, varf\u00ebris\u00eb, mentalitetit, gjakmarrjes. Kjo gj\u00eb dihet dhe pranohet qet\u00ebsisht nga t\u00eb gjith\u00eb. Vriten edhe p\u00ebr shkak se nuk ka drejt\u00ebsi t\u00eb sh\u00ebndetshme dhe gjykata t\u00eb pastra. Vriten p\u00ebr t\u00eb b\u00ebr\u00eb vet\u00ebgjyq\u00ebsi.<\/p>\n<p>Ky \u00ebsht\u00eb nj\u00eb mallkim q\u00eb nuk i kursen as t\u00eb rinjt\u00eb, as t\u00eb vjetrit, as t\u00eb pafajshmit. Rr\u00ebqethja kolektive vjen nj\u00eblloj nga vet\u00ebvrasjet e shtuara, nga menaxhimi primitiv q\u00eb i b\u00ebhet k\u00ebtij vendi dhe nga paaft\u00ebsia kolektive p\u00ebr t\u00eb marr\u00eb seriozisht jet\u00ebn si di\u00e7ka t\u00eb shtrenjt\u00eb dhe t\u00eb shenjt\u00eb. Jo rrall\u00eb d\u00ebgjojm\u00eb se dikush u dor\u00ebzua n\u00eb betej\u00ebn e trisht\u00eb me realitetin e vrazhd\u00eb, duke vrar\u00eb veten. Kjo gj\u00eb shton numrin e jetim\u00ebve. Duke shtuar numrin e jetim\u00ebve, k\u00ebta dezertor\u00eb t\u00eb ekzistenc\u00ebs, sh\u00ebnojn\u00eb p\u00ebrdit\u00eb emrin n\u00eb list\u00ebn e rritur t\u00eb viktimave t\u00eb mizerjes ku ky vend ka r\u00ebn\u00eb.<\/p>\n<p>\u00c7far\u00eb na tregon kujtesa jon\u00eb e g\u00ebrvishtur gjith\u00eb k\u00ebto vjet? E shkuara jon\u00eb e tranzicionit nuk \u00ebsht\u00eb ve\u00e7se nj\u00eb mozaik ngjarjesh t\u00eb zeza e t\u00eb pashembullta. K\u00ebto ngjarje vazhdojn\u00eb t\u00eb jen\u00eb pasoja t\u00eb marr\u00ebzis\u00eb, t\u00eb krimit ordiner, t\u00eb krimit shtet\u00ebror, t\u00eb fatkeq\u00ebsive natyrale, t\u00eb aksidenteve shokuese. Mbrapa kemi l\u00ebn\u00eb armat\u00ebn e t\u00eb humburve n\u00eb kufijt\u00eb e Shqip\u00ebris\u00eb, rinin\u00eb e vrar\u00eb t\u00eb \u201897-s, turpin dhe krimin e Otrantos, tragjedin\u00eb e Fark\u00ebs, rrallimin e minator\u00ebve n\u00eb Bulqiz\u00eb, G\u00ebrdecin me gjak ende t\u00eb pathar\u00eb, vrasje t\u00eb pazbuluara deputet\u00ebsh dhe gjykat\u00ebsish, 21 janarin dhe shum\u00eb t\u00eb tjera, p\u00ebr ta mbyllur me aksidentet e shumta n\u00eb rrug\u00ebt vras\u00ebse t\u00eb Shqip\u00ebris\u00eb, q\u00eb jan\u00eb shnd\u00ebrruar n\u00eb G\u00ebrdec\u00eb t\u00eb paduksh\u00ebm. Tek ne ndodh kaq shpesh edhe kaq r\u00ebndom humbja fluturimthi e jet\u00ebs, dhe kaq thjesht, dhe kaq pa kuptim, dhe kaq barbarisht, sa mund t\u00eb supozohet se siguria e jet\u00ebs tani \u00ebsht\u00eb shnd\u00ebrruar n\u00eb nj\u00eb sfid\u00eb rutine.<\/p>\n<p>Le t\u00eb jemi indiferent\u00eb sa t\u00eb duam dhe le ta shp\u00ebrfillim k\u00ebt\u00eb rutin\u00eb kobe! Si kurrkund tjet\u00ebr, energjia jon\u00eb qen\u00ebsore, ka aksione t\u00eb ul\u00ebta n\u00eb burs\u00ebn biologjike t\u00eb krijimit\u2026 E dim\u00eb k\u00ebt\u00eb gj\u00eb, e shohim k\u00ebt\u00eb gj\u00eb n\u00eb syt\u00eb tan\u00eb dhe e pranojm\u00eb k\u00ebt\u00eb realitet me qes\u00ebndi, me eufori, me krenarin\u00eb e sfid\u00ebs s\u00eb kot\u00eb. E konstatojm\u00eb! E dim\u00eb q\u00eb k\u00ebto ngjarje jan\u00eb m\u00eb shum\u00eb se gj\u00ebmime kambane p\u00ebr t\u00eb ardhmen e kombit. E dim\u00eb q\u00eb jan\u00eb ngasje terrori shpirt\u00ebror dhe jo vet\u00ebm kaq.<\/p>\n<p>Siguria e jet\u00ebs nuk \u00ebsht\u00eb thjesht \u00e7\u00ebshtje kualiteti, as \u00e7\u00ebshtje identiteti. Madje, p\u00ebrzier me to, as \u00e7\u00ebshtje morali! Si nj\u00eb koncept, ajo \u00ebsht\u00eb vet\u00ebdija e past\u00ebr q\u00eb intelekti njer\u00ebzor ka krijuar p\u00ebr t\u00eb bashk\u00ebshoq\u00ebruar instinktin universal t\u00eb vet\u00ebmbrojtjes, n\u00eb mb\u00ebshtetje t\u00eb vler\u00ebs maksimale, q\u00eb \u00ebsht\u00eb ekzistenca.<\/p>\n<p>Kur kjo siguri \u00ebsht\u00eb e cenuar, i cenuar \u00ebsht\u00eb koncepti themelor, psikologjia jet\u00ebsore dhe rrjedhimisht, personaliteti njer\u00ebzor.<\/p>\n<p>Por, n\u00ebse kemi personalitet t\u00eb cunguar, aq na b\u00ebn! N\u00eb shpin\u00eb kemi kallo t\u00eb ashpra durimi!<\/p>\n<p>Vuajtjet popullore t\u00eb kujtes\u00ebs do t\u00eb duhej t\u00eb kishin p\u00ebrmir\u00ebsuar kodin e siguris\u00eb dhe aksionet e jet\u00ebs shqiptare do duhej t\u00eb ishin rritur, por kjo gj\u00eb nuk ka ndodhur. T\u00eb gjitha bashk\u00eb jan\u00eb nj\u00eb dhimbje e skajshme p\u00ebr t\u2019u duruar.<\/p>\n<p>Por prap\u00eb, aq na b\u00ebn!<\/p>\n","protected":false},"excerpt":{"rendered":"<p>Nga Artan Mullaj, 4 Gusht 2012 Para disa dit\u00ebsh, n\u00eb Shkod\u00ebr, ndodhi nj\u00eb aksident i r\u00ebnd\u00eb. Dy zonja dhe drejtuesi i nj\u00eb mjeti, nj\u00eb djal\u00eb n\u00eb mosh\u00eb fare t\u00eb re, dhan\u00eb frym\u00ebn e fundit n\u00eb asfalt. Duke l\u00ebvizur me shpejt\u00ebsi n\u00eb hyrje t\u00eb qytetit, vetura goditi dy grat\u00eb fatkeqe, q\u00eb sh\u00ebtisnin me bi\u00e7ikleta dhe m\u00eb [&hellip;]<\/p>\n","protected":false},"author":1,"featured_media":0,"comment_status":"open","ping_status":"closed","sticky":false,"template":"","format":"standard","meta":{"footnotes":""},"categories":[2],"tags":[],"class_list":{"0":"post-4200","1":"post","2":"type-post","3":"status-publish","4":"format-standard","6":"category-artikuj"},"yoast_head":"<!-- This site is optimized with the Yoast SEO plugin v27.4 - https:\/\/yoast.com\/product\/yoast-seo-wordpress\/ -->\n<title>Pasiguria e jet\u00ebs - FjALA e LIR\u00cb - Arkivi<\/title>\n<meta name=\"robots\" content=\"index, follow, max-snippet:-1, max-image-preview:large, max-video-preview:-1\" \/>\n<link rel=\"canonical\" href=\"https:\/\/fjala.info\/2009-2015\/pasiguria-e-jetes\/\" \/>\n<meta property=\"og:locale\" content=\"sq_AL\" \/>\n<meta property=\"og:type\" content=\"article\" \/>\n<meta property=\"og:title\" content=\"Pasiguria e jet\u00ebs - FjALA e LIR\u00cb - Arkivi\" \/>\n<meta property=\"og:description\" content=\"Nga Artan Mullaj, 4 Gusht 2012 Para disa dit\u00ebsh, n\u00eb Shkod\u00ebr, ndodhi nj\u00eb aksident i r\u00ebnd\u00eb. Dy zonja dhe drejtuesi i nj\u00eb mjeti, nj\u00eb djal\u00eb n\u00eb mosh\u00eb fare t\u00eb re, dhan\u00eb frym\u00ebn e fundit n\u00eb asfalt. Duke l\u00ebvizur me shpejt\u00ebsi n\u00eb hyrje t\u00eb qytetit, vetura goditi dy grat\u00eb fatkeqe, q\u00eb sh\u00ebtisnin me bi\u00e7ikleta dhe m\u00eb [&hellip;]\" \/>\n<meta property=\"og:url\" content=\"https:\/\/fjala.info\/2009-2015\/pasiguria-e-jetes\/\" \/>\n<meta property=\"og:site_name\" content=\"FjALA e LIR\u00cb - Arkivi\" \/>\n<meta property=\"article:published_time\" content=\"2012-08-05T06:58:32+00:00\" \/>\n<meta property=\"og:image\" content=\"http:\/\/www.fjala.info\/2012\/artan_mullaj.jpg\" \/>\n<meta name=\"author\" content=\"admin\" \/>\n<meta name=\"twitter:card\" content=\"summary_large_image\" \/>\n<meta name=\"twitter:label1\" content=\"Written by\" \/>\n\t<meta name=\"twitter:data1\" content=\"admin\" \/>\n\t<meta name=\"twitter:label2\" content=\"Est. reading time\" \/>\n\t<meta name=\"twitter:data2\" content=\"6 minutes\" \/>\n<script type=\"application\/ld+json\" class=\"yoast-schema-graph\">{\"@context\":\"https:\\\/\\\/schema.org\",\"@graph\":[{\"@type\":\"Article\",\"@id\":\"https:\\\/\\\/fjala.info\\\/2009-2015\\\/pasiguria-e-jetes\\\/#article\",\"isPartOf\":{\"@id\":\"https:\\\/\\\/fjala.info\\\/2009-2015\\\/pasiguria-e-jetes\\\/\"},\"author\":{\"name\":\"admin\",\"@id\":\"https:\\\/\\\/fjala.info\\\/2009-2015\\\/#\\\/schema\\\/person\\\/3aa1163ef05469c496fc94e77611ada2\"},\"headline\":\"Pasiguria e jet\u00ebs\",\"datePublished\":\"2012-08-05T06:58:32+00:00\",\"mainEntityOfPage\":{\"@id\":\"https:\\\/\\\/fjala.info\\\/2009-2015\\\/pasiguria-e-jetes\\\/\"},\"wordCount\":1199,\"commentCount\":0,\"publisher\":{\"@id\":\"https:\\\/\\\/fjala.info\\\/2009-2015\\\/#organization\"},\"image\":{\"@id\":\"https:\\\/\\\/fjala.info\\\/2009-2015\\\/pasiguria-e-jetes\\\/#primaryimage\"},\"thumbnailUrl\":\"http:\\\/\\\/www.fjala.info\\\/2012\\\/artan_mullaj.jpg\",\"articleSection\":[\"Artikuj\"],\"inLanguage\":\"sq-AL\",\"potentialAction\":[{\"@type\":\"CommentAction\",\"name\":\"Comment\",\"target\":[\"https:\\\/\\\/fjala.info\\\/2009-2015\\\/pasiguria-e-jetes\\\/#respond\"]}]},{\"@type\":\"WebPage\",\"@id\":\"https:\\\/\\\/fjala.info\\\/2009-2015\\\/pasiguria-e-jetes\\\/\",\"url\":\"https:\\\/\\\/fjala.info\\\/2009-2015\\\/pasiguria-e-jetes\\\/\",\"name\":\"Pasiguria e jet\u00ebs - FjALA e LIR\u00cb - Arkivi\",\"isPartOf\":{\"@id\":\"https:\\\/\\\/fjala.info\\\/2009-2015\\\/#website\"},\"primaryImageOfPage\":{\"@id\":\"https:\\\/\\\/fjala.info\\\/2009-2015\\\/pasiguria-e-jetes\\\/#primaryimage\"},\"image\":{\"@id\":\"https:\\\/\\\/fjala.info\\\/2009-2015\\\/pasiguria-e-jetes\\\/#primaryimage\"},\"thumbnailUrl\":\"http:\\\/\\\/www.fjala.info\\\/2012\\\/artan_mullaj.jpg\",\"datePublished\":\"2012-08-05T06:58:32+00:00\",\"breadcrumb\":{\"@id\":\"https:\\\/\\\/fjala.info\\\/2009-2015\\\/pasiguria-e-jetes\\\/#breadcrumb\"},\"inLanguage\":\"sq-AL\",\"potentialAction\":[{\"@type\":\"ReadAction\",\"target\":[\"https:\\\/\\\/fjala.info\\\/2009-2015\\\/pasiguria-e-jetes\\\/\"]}]},{\"@type\":\"ImageObject\",\"inLanguage\":\"sq-AL\",\"@id\":\"https:\\\/\\\/fjala.info\\\/2009-2015\\\/pasiguria-e-jetes\\\/#primaryimage\",\"url\":\"http:\\\/\\\/www.fjala.info\\\/2012\\\/artan_mullaj.jpg\",\"contentUrl\":\"http:\\\/\\\/www.fjala.info\\\/2012\\\/artan_mullaj.jpg\"},{\"@type\":\"BreadcrumbList\",\"@id\":\"https:\\\/\\\/fjala.info\\\/2009-2015\\\/pasiguria-e-jetes\\\/#breadcrumb\",\"itemListElement\":[{\"@type\":\"ListItem\",\"position\":1,\"name\":\"Home\",\"item\":\"https:\\\/\\\/fjala.info\\\/2009-2015\\\/\"},{\"@type\":\"ListItem\",\"position\":2,\"name\":\"Pasiguria e jet\u00ebs\"}]},{\"@type\":\"WebSite\",\"@id\":\"https:\\\/\\\/fjala.info\\\/2009-2015\\\/#website\",\"url\":\"https:\\\/\\\/fjala.info\\\/2009-2015\\\/\",\"name\":\"FjALA e LIR\u00cb - Arkivi\",\"description\":\"Arkivi 2009-2015\",\"publisher\":{\"@id\":\"https:\\\/\\\/fjala.info\\\/2009-2015\\\/#organization\"},\"potentialAction\":[{\"@type\":\"SearchAction\",\"target\":{\"@type\":\"EntryPoint\",\"urlTemplate\":\"https:\\\/\\\/fjala.info\\\/2009-2015\\\/?s={search_term_string}\"},\"query-input\":{\"@type\":\"PropertyValueSpecification\",\"valueRequired\":true,\"valueName\":\"search_term_string\"}}],\"inLanguage\":\"sq-AL\"},{\"@type\":\"Organization\",\"@id\":\"https:\\\/\\\/fjala.info\\\/2009-2015\\\/#organization\",\"name\":\"FjALA e LIR\u00cb - Arkivi\",\"url\":\"https:\\\/\\\/fjala.info\\\/2009-2015\\\/\",\"logo\":{\"@type\":\"ImageObject\",\"inLanguage\":\"sq-AL\",\"@id\":\"https:\\\/\\\/fjala.info\\\/2009-2015\\\/#\\\/schema\\\/logo\\\/image\\\/\",\"url\":\"\",\"contentUrl\":\"\",\"caption\":\"FjALA e LIR\u00cb - Arkivi\"},\"image\":{\"@id\":\"https:\\\/\\\/fjala.info\\\/2009-2015\\\/#\\\/schema\\\/logo\\\/image\\\/\"}},{\"@type\":\"Person\",\"@id\":\"https:\\\/\\\/fjala.info\\\/2009-2015\\\/#\\\/schema\\\/person\\\/3aa1163ef05469c496fc94e77611ada2\",\"name\":\"admin\",\"image\":{\"@type\":\"ImageObject\",\"inLanguage\":\"sq-AL\",\"@id\":\"https:\\\/\\\/fjala.info\\\/2009-2015\\\/wp-content\\\/uploads\\\/2012\\\/02\\\/arben_cokaj-120x150.jpg\",\"url\":\"https:\\\/\\\/fjala.info\\\/2009-2015\\\/wp-content\\\/uploads\\\/2012\\\/02\\\/arben_cokaj-120x150.jpg\",\"contentUrl\":\"https:\\\/\\\/fjala.info\\\/2009-2015\\\/wp-content\\\/uploads\\\/2012\\\/02\\\/arben_cokaj-120x150.jpg\",\"caption\":\"admin\"},\"description\":\"Admin, Fjala e Lir\u00eb\",\"sameAs\":[\"https:\\\/\\\/fjala.info\\\/\"],\"url\":\"https:\\\/\\\/fjala.info\\\/2009-2015\\\/author\\\/admin\\\/\"}]}<\/script>\n<!-- \/ Yoast SEO plugin. -->","yoast_head_json":{"title":"Pasiguria e jet\u00ebs - FjALA e LIR\u00cb - Arkivi","robots":{"index":"index","follow":"follow","max-snippet":"max-snippet:-1","max-image-preview":"max-image-preview:large","max-video-preview":"max-video-preview:-1"},"canonical":"https:\/\/fjala.info\/2009-2015\/pasiguria-e-jetes\/","og_locale":"sq_AL","og_type":"article","og_title":"Pasiguria e jet\u00ebs - FjALA e LIR\u00cb - Arkivi","og_description":"Nga Artan Mullaj, 4 Gusht 2012 Para disa dit\u00ebsh, n\u00eb Shkod\u00ebr, ndodhi nj\u00eb aksident i r\u00ebnd\u00eb. Dy zonja dhe drejtuesi i nj\u00eb mjeti, nj\u00eb djal\u00eb n\u00eb mosh\u00eb fare t\u00eb re, dhan\u00eb frym\u00ebn e fundit n\u00eb asfalt. Duke l\u00ebvizur me shpejt\u00ebsi n\u00eb hyrje t\u00eb qytetit, vetura goditi dy grat\u00eb fatkeqe, q\u00eb sh\u00ebtisnin me bi\u00e7ikleta dhe m\u00eb [&hellip;]","og_url":"https:\/\/fjala.info\/2009-2015\/pasiguria-e-jetes\/","og_site_name":"FjALA e LIR\u00cb - Arkivi","article_published_time":"2012-08-05T06:58:32+00:00","og_image":[{"url":"http:\/\/www.fjala.info\/2012\/artan_mullaj.jpg","type":"","width":"","height":""}],"author":"admin","twitter_card":"summary_large_image","twitter_misc":{"Written by":"admin","Est. reading time":"6 minutes"},"schema":{"@context":"https:\/\/schema.org","@graph":[{"@type":"Article","@id":"https:\/\/fjala.info\/2009-2015\/pasiguria-e-jetes\/#article","isPartOf":{"@id":"https:\/\/fjala.info\/2009-2015\/pasiguria-e-jetes\/"},"author":{"name":"admin","@id":"https:\/\/fjala.info\/2009-2015\/#\/schema\/person\/3aa1163ef05469c496fc94e77611ada2"},"headline":"Pasiguria e jet\u00ebs","datePublished":"2012-08-05T06:58:32+00:00","mainEntityOfPage":{"@id":"https:\/\/fjala.info\/2009-2015\/pasiguria-e-jetes\/"},"wordCount":1199,"commentCount":0,"publisher":{"@id":"https:\/\/fjala.info\/2009-2015\/#organization"},"image":{"@id":"https:\/\/fjala.info\/2009-2015\/pasiguria-e-jetes\/#primaryimage"},"thumbnailUrl":"http:\/\/www.fjala.info\/2012\/artan_mullaj.jpg","articleSection":["Artikuj"],"inLanguage":"sq-AL","potentialAction":[{"@type":"CommentAction","name":"Comment","target":["https:\/\/fjala.info\/2009-2015\/pasiguria-e-jetes\/#respond"]}]},{"@type":"WebPage","@id":"https:\/\/fjala.info\/2009-2015\/pasiguria-e-jetes\/","url":"https:\/\/fjala.info\/2009-2015\/pasiguria-e-jetes\/","name":"Pasiguria e jet\u00ebs - FjALA e LIR\u00cb - Arkivi","isPartOf":{"@id":"https:\/\/fjala.info\/2009-2015\/#website"},"primaryImageOfPage":{"@id":"https:\/\/fjala.info\/2009-2015\/pasiguria-e-jetes\/#primaryimage"},"image":{"@id":"https:\/\/fjala.info\/2009-2015\/pasiguria-e-jetes\/#primaryimage"},"thumbnailUrl":"http:\/\/www.fjala.info\/2012\/artan_mullaj.jpg","datePublished":"2012-08-05T06:58:32+00:00","breadcrumb":{"@id":"https:\/\/fjala.info\/2009-2015\/pasiguria-e-jetes\/#breadcrumb"},"inLanguage":"sq-AL","potentialAction":[{"@type":"ReadAction","target":["https:\/\/fjala.info\/2009-2015\/pasiguria-e-jetes\/"]}]},{"@type":"ImageObject","inLanguage":"sq-AL","@id":"https:\/\/fjala.info\/2009-2015\/pasiguria-e-jetes\/#primaryimage","url":"http:\/\/www.fjala.info\/2012\/artan_mullaj.jpg","contentUrl":"http:\/\/www.fjala.info\/2012\/artan_mullaj.jpg"},{"@type":"BreadcrumbList","@id":"https:\/\/fjala.info\/2009-2015\/pasiguria-e-jetes\/#breadcrumb","itemListElement":[{"@type":"ListItem","position":1,"name":"Home","item":"https:\/\/fjala.info\/2009-2015\/"},{"@type":"ListItem","position":2,"name":"Pasiguria e jet\u00ebs"}]},{"@type":"WebSite","@id":"https:\/\/fjala.info\/2009-2015\/#website","url":"https:\/\/fjala.info\/2009-2015\/","name":"FjALA e LIR\u00cb - Arkivi","description":"Arkivi 2009-2015","publisher":{"@id":"https:\/\/fjala.info\/2009-2015\/#organization"},"potentialAction":[{"@type":"SearchAction","target":{"@type":"EntryPoint","urlTemplate":"https:\/\/fjala.info\/2009-2015\/?s={search_term_string}"},"query-input":{"@type":"PropertyValueSpecification","valueRequired":true,"valueName":"search_term_string"}}],"inLanguage":"sq-AL"},{"@type":"Organization","@id":"https:\/\/fjala.info\/2009-2015\/#organization","name":"FjALA e LIR\u00cb - Arkivi","url":"https:\/\/fjala.info\/2009-2015\/","logo":{"@type":"ImageObject","inLanguage":"sq-AL","@id":"https:\/\/fjala.info\/2009-2015\/#\/schema\/logo\/image\/","url":"","contentUrl":"","caption":"FjALA e LIR\u00cb - Arkivi"},"image":{"@id":"https:\/\/fjala.info\/2009-2015\/#\/schema\/logo\/image\/"}},{"@type":"Person","@id":"https:\/\/fjala.info\/2009-2015\/#\/schema\/person\/3aa1163ef05469c496fc94e77611ada2","name":"admin","image":{"@type":"ImageObject","inLanguage":"sq-AL","@id":"https:\/\/fjala.info\/2009-2015\/wp-content\/uploads\/2012\/02\/arben_cokaj-120x150.jpg","url":"https:\/\/fjala.info\/2009-2015\/wp-content\/uploads\/2012\/02\/arben_cokaj-120x150.jpg","contentUrl":"https:\/\/fjala.info\/2009-2015\/wp-content\/uploads\/2012\/02\/arben_cokaj-120x150.jpg","caption":"admin"},"description":"Admin, Fjala e Lir\u00eb","sameAs":["https:\/\/fjala.info\/"],"url":"https:\/\/fjala.info\/2009-2015\/author\/admin\/"}]}},"_links":{"self":[{"href":"https:\/\/fjala.info\/2009-2015\/wp-json\/wp\/v2\/posts\/4200","targetHints":{"allow":["GET"]}}],"collection":[{"href":"https:\/\/fjala.info\/2009-2015\/wp-json\/wp\/v2\/posts"}],"about":[{"href":"https:\/\/fjala.info\/2009-2015\/wp-json\/wp\/v2\/types\/post"}],"author":[{"embeddable":true,"href":"https:\/\/fjala.info\/2009-2015\/wp-json\/wp\/v2\/users\/1"}],"replies":[{"embeddable":true,"href":"https:\/\/fjala.info\/2009-2015\/wp-json\/wp\/v2\/comments?post=4200"}],"version-history":[{"count":0,"href":"https:\/\/fjala.info\/2009-2015\/wp-json\/wp\/v2\/posts\/4200\/revisions"}],"wp:attachment":[{"href":"https:\/\/fjala.info\/2009-2015\/wp-json\/wp\/v2\/media?parent=4200"}],"wp:term":[{"taxonomy":"category","embeddable":true,"href":"https:\/\/fjala.info\/2009-2015\/wp-json\/wp\/v2\/categories?post=4200"},{"taxonomy":"post_tag","embeddable":true,"href":"https:\/\/fjala.info\/2009-2015\/wp-json\/wp\/v2\/tags?post=4200"}],"curies":[{"name":"wp","href":"https:\/\/api.w.org\/{rel}","templated":true}]}}