{"id":4198,"date":"2012-08-05T07:56:26","date_gmt":"2012-08-05T06:56:26","guid":{"rendered":"http:\/\/www.fjala.info\/?p=4198"},"modified":"2012-08-05T07:56:26","modified_gmt":"2012-08-05T06:56:26","slug":"babezi-nepotizem-e-intriga-ne-shpellen-berisha-meta","status":"publish","type":"post","link":"https:\/\/fjala.info\/2009-2015\/babezi-nepotizem-e-intriga-ne-shpellen-berisha-meta\/","title":{"rendered":"Bab\u00ebzi, nepotiz\u00ebm e intriga n\u00eb \u201cshpell\u00ebn\u201d Berisha-Meta"},"content":{"rendered":"<p><img decoding=\"async\" class=\"alignright size-thumbnail wp-image-7236\" title=\"Berisha - Meta\" src=\"http:\/\/www.fjala.info\/2012\/berisha_meta.jpg\" alt=\"\" width=\"300\" \/> Nga <strong>P\u00ebrparim Halili<\/strong>, <em>4 Gusht 2012<\/em><\/p>\n<p>Brenda \u00e7do pushteti e qeverie ka nepotiz\u00ebm, klienteliz\u00ebm, b\u00ebhen pazare, abuzime e prapaskena p\u00ebr goditje brenda e jasht\u00eb \u201cllojit\u201d. Por nepotizmi, klientelizmi, pazaret, intrigat e prapaskenat q\u00eb po b\u00ebhen n\u00eb pushtetin dhe qeverisjen shqiptare 2009-2012 t\u00eb ortak\u00ebve politiko-ekonomik Berisha-Meta, i ka kaluar dhe praktikat banditeske t\u00eb \u00e7etave t\u00eb ka\u00e7ak\u00ebve, t\u00eb fillim-viteve t\u00eb shekullit t\u00eb kaluar 1900-1912. Tamam si \u201cka\u00e7ak\u00ebt\u201d e atyre koh\u00ebrave, Sali Berisha e Ilir Meta t\u00eb maskuar e t\u00eb bashkuar pas dy siglave politike PD-LSI, kan\u00eb ndar\u00eb n\u00eb mir\u00ebkuptim zonat e pla\u00e7kitjeve (ministrit\u00eb).<\/p>\n<p>T\u00eb strukturuar n\u00eb dy \u201cfamilje\u201d politike e qeveritare mafioze, t\u00eb mb\u00ebshtetur nga klanet e tyre p\u00ebrkat\u00ebse politike-kriminale-financiare brenda e jasht\u00eb vendit, me p\u00ebrfaq\u00ebsim e zot\u00ebrim t\u00eb p\u00ebrcaktuar pjes\u00ebsh pushteti, \u201cberish\u00ebt\u201d dhe \u201cmet\u00ebt\u201d jan\u00eb p\u00ebrfshir\u00eb e po veprojn\u00eb n\u00eb pazar interesash t\u00eb hapura mafioze, duke p\u00ebrdorur p\u00ebr vet\u00ebmbrojtje dhe strukturat e policis\u00eb e t\u00eb drejt\u00ebsis\u00eb, q\u00eb i kan\u00eb n\u00ebn kontroll qeveritar.<\/p>\n<p>Jan\u00eb mij\u00ebra fakte, q\u00eb d\u00ebshmojn\u00eb k\u00ebt\u00eb profil \u201cka\u00e7ak\u00ebsh\u201d t\u00eb familje e fiseve sunduese dhe pla\u00e7kit\u00ebse \u201cBerisha-Meta\u201d, q\u00eb nga gjyqi fals e maraton\u00eb i G\u00ebrdecit, q\u00eb nga blloku i ryshfeteve t\u00eb Ilir Met\u00ebs, q\u00eb nga vrasjet e 21 Janarit 2011, q\u00eb nga lista e bizneseve q\u00eb financojn\u00eb gruan e kryeministrit p\u00ebr nj\u00eb foandacion hije, q\u00eb nga grabitja me dhun\u00eb e falsifikime e trojeve n\u00eb bregdet prej f\u00ebmij\u00ebve, krushqive, ortak\u00ebve serb\u00eb e soj-sorollopit s\u00eb kryeministrit, q\u00eb nga vjedhjet miliard\u00ebshe n\u00eb tenderat e rrug\u00ebve, q\u00eb nga shkulja dhe shitja e ish-uzinave e kombinateve p\u00ebr skrap, q\u00eb nga vjedhja e thesarit t\u00eb shtetit (floriri), q\u00eb nga vrasja e biznesmen\u00ebve, q\u00eb nga shitja e territorit detar t\u00eb vendit n\u00eb shk\u00ebmbim t\u00eb miliardave e sundimit n\u00eb pushtet dhe deri tek represioni politiko-policor mbi k\u00ebdo individ, grup individ\u00ebsh, shoqat\u00eb, apo institucion q\u00eb i kund\u00ebrvihet k\u00ebsaj aleance e veprimtarie t\u00eb familjeve mafizoe n\u00eb pushtet \u201cBerisha-Meta\u201d. Jan\u00eb 3 fakte t\u00eb reja, t\u00eb dit\u00ebve t\u00eb fundit, q\u00eb tregojn\u00eb se kjo bab\u00ebzi, ky nepotiz\u00ebm, k\u00ebto intriga, ankth e panik i kan\u00eb p\u00ebrfshir\u00eb plot\u00ebsisht\u2026<\/p>\n<p><strong>\u201cLSI-Sh.p.k\u201d i v\u00ebrsulet presidenc\u00ebs \u201cNishani\u201d, p\u00ebr 20% t\u00eb \u201caksione-kolltuqeve\u201d<\/strong><\/p>\n<p>Fakti i par\u00eb vjen nga presidenca \u201cNishani\u201d dhe provon at\u00eb q\u00eb ka ndodhur dhe n\u00eb pazarin PD-LSI, ose m\u00eb sakt\u00eb n\u00eb ortakll\u00ebkun privat Berisha-Meta me pushtetin e vitit 2009. Ngaq\u00eb presidenc\u00ebn \u201cNishani\u201d e konceptuan, e inskenuan dhe e realizuan si struktur\u00eb partiake t\u00eb PD-LSI, dy \u201caksioner\u00ebt\u201d e plotfuqish\u00ebm t\u00eb pushtetit po e p\u00ebrdorin at\u00eb si t\u00eb till\u00eb dhe n\u00eb mas\u00ebn e p\u00ebrfaq\u00ebsimit politik brenda administrat\u00ebs s\u00eb saj.<\/p>\n<p>Nga burimet \u201cTOPI\u201d t\u00eb mbetura ende pa u spastruar nga presidenca \u201cNishani\u201d, m\u00ebsohet se dy dit\u00eb m\u00eb par\u00eb, presidenti i \u201cRepublik\u00ebs i PD-LSI\u201d, zoti Bujar Nishani (Mehmeti), ka marr\u00eb n\u00eb dor\u00eb nj\u00eb k\u00ebrkes\u00eb-kujtes\u00eb t\u00eb d\u00ebrguar prej boss-pronarit t\u00eb LSI Ilir Meta, ku i k\u00ebrkohet t\u00eb zbatohet menj\u00ebh\u00ebr\u00eb kontrata e tij me PD edhe n\u00eb presidenc\u00eb, p\u00ebr marrjen e 20% t\u00eb kolltuqeve q\u00eb nga shofer\u00ebt, kuzhinier\u00ebt, oficer\u00ebt e gard\u00ebs, pastrueset e deri tek postet qendrore t\u00eb institucionit t\u00eb kreut t\u00eb shtetit. N\u00eb fund t\u00eb k\u00ebrkes\u00ebs, zotit Nishani (Mehmeti) i \u00ebsht\u00eb b\u00ebr\u00eb e qart\u00eb n\u00eb form\u00eb kujtese dhe fakti, q\u00eb: \u201c\u2026si\u00e7 \u00ebsht\u00eb r\u00ebn\u00eb dakord me PD dhe kur bisedohej e negociohej p\u00ebr presidentin dhe pas zgjedhjes Tuaj\u201d.<\/p>\n<p>Bashk\u00ebngjitur k\u00ebrkes\u00ebs, boss-pronari i LSI, Ilir Meta, i ka p\u00ebrcaktuar n\u00eb m\u00ebnyr\u00eb t\u00eb detajuar presidentit t\u00eb mazhoranc\u00ebs PD-LSI edhe kolltuqet konkrete q\u00eb k\u00ebrkon, madje dhe disa nga emrat q\u00eb i ofron, si p.sh emrat e Luan Ram\u00ebs, Ylli Manjanit, Erisa Xhixhos, Shezai Rokajt, Petrit Vasilit, Monika Kryemadhit e deri tek nj\u00eb \u201cpionier\u201d i LRI, me emrin Endrit Brahimllari etj\u2026<\/p>\n<p><strong>Saliu hedh \u201cagjent\u00eb biznesi\u201d p\u00ebr t\u00eb futur n\u00eb kurth kryebashkiakun e Kavaj\u00ebs<\/strong><\/p>\n<p>Sali Berisha ka lindur, \u00ebsht\u00eb rritur dhe formatuar deri shpirt\u00ebrisht bashk\u00eb me intrig\u00ebn dhe hakmarrjen, duke u b\u00ebr\u00eb \u201cmaster\u201d i ideimit dhe realizimit t\u00eb tyre. Edhe n\u00eb \u201cshpirt t\u00eb fundit\u201d t\u00eb jet\u00eb, Sali Berisha nuk heq dor\u00eb nga intrigat dhe prapaskenat p\u00ebr t\u00eb sulmuar e nd\u00ebshkuar kund\u00ebrshtar\u00ebt e tij politik, ve\u00e7an\u00ebrisht kund\u00ebrshtar\u00ebt personal, sidomos ata q\u00eb e demaskojn\u00eb dhe e zhvler\u00ebsojn\u00eb publikisht. Personi q\u00eb e ka zhvler\u00ebsuar me merit\u00eb njeriun \u201cintrig\u00eb\u201d Sali Berisha \u00ebsht\u00eb Elvis Roshi. N\u00eb 8 maj 2011, ky djal\u00eb Kavaje e p\u00ebrzuri turpsh\u00ebm Sali Berish\u00ebn me vot\u00eb popullore nga Kavaja, si nj\u00eb \u201cqen t\u00eb rrahur e t\u00eb zgjebosur\u201d. K\u00ebt\u00eb gjendje t\u00eb krijuar, Sali Berisha e manifestoi publikisht, kur i merrej goja dhe i thahej p\u00ebshtyma n\u00eb fut, teksa gazetar\u00ebt e pyesnin dhe ai p\u00ebrgjigjej i zverdhur si kufom\u00eb, p\u00ebr humbjen e Kavaj\u00ebs.<\/p>\n<p>Por ata q\u00eb e njohin \u201cspecien\u201d Sali Berisha e din\u00eb mir\u00eb, q\u00eb ai jo vet\u00ebm nuk harron, por ushqen dhe realizon hakmarrje barbare. Tani pas nj\u00eb viti nga p\u00ebrz\u00ebnia nga Kavaja, m\u00ebsohet se Sali Berisha ka ideuar hakmarrjen ndaj kryebashkiakut t\u00eb Kavaj\u00ebs Elvis Roshi. Lajmi ka dal\u00eb nga brenda pushtetit \u201cBerisha\u201d, sipas t\u00eb cilit do veprohet k\u00ebshtu: N\u00eb muajin shtator, Sali Berisha n\u00eb em\u00ebr t\u00eb qeveris\u00eb do t\u2019i l\u00ebvroj bashkis\u00eb Kavaj\u00eb, 750 mij\u00eb euro fonde nga buxheti i shtetit, p\u00ebr 4 investime n\u00eb sh\u00ebrbimet publike t\u00eb qytetit. Sipas p\u00ebrcaktimit (intrig\u00ebs) q\u00eb ka b\u00ebr\u00eb qeveria (Sali Berisha), k\u00ebto fonde do t\u2019i prokuroj bashkia Kavaj\u00eb.<\/p>\n<p>Kryeministri Sali Berisha ka instruktuar nj\u00eb grup biznesmen\u00ebsh t\u00eb \u201coborrit t\u00eb tij\u201d, me \u201cmisionin\u201d p\u00ebr t\u00eb manipuluar kryebashkiakun e Kavajas Elvis Roshi me joshe me ryshfete, n\u00eb shk\u00ebmbim t\u00eb gjoja marrjes s\u00eb tenderave p\u00ebrkat\u00ebs. Pasi ta ket\u00eb futur n\u00eb kurth me prova t\u00eb dokumentuara p\u00ebr pazare e marrje rryshfeti nga prokurimet publike, Sali Berisha do b\u00ebj shkarkimin dhe m\u00eb pas \u00e7uarjen e kryebashkiakut t\u00eb Kavaj\u00ebs p\u00ebrpara drejt\u00ebsis\u00eb, madje \u201carrestimin e tij n\u00eb flagaranc\u00eb\u201d n\u00ebp\u00ebrmjet krimit ekonomik t\u00eb ministris\u00eb \u201cNOKA\u201d, si\u00e7 ua ka b\u00ebr\u00eb dhe shum\u00eb z\u00ebvend\u00ebsministrave e drejtor\u00ebve t\u00eb prokurimeve n\u00eb ministrira, t\u00eb cil\u00ebt nuk i kan\u00eb q\u00ebndruar strikt urdhrave klienteliste t\u00eb pushtet-familjes \u201cBerisha\u201d n\u00eb pazaret e tenderave.<\/p>\n<p>Nuk e dim\u00eb, se deri ku ka arritur t\u00eb realizohet kjo skem\u00eb intrige p\u00ebr hakmarrje e Sali Berish\u00ebs kund\u00ebr kryebashkiakut t\u00eb Kavaj\u00ebs Elvis Roshi, por dim\u00eb faktin, q\u00eb kryebashkiaku \u00ebsht\u00eb njoftuar tashm\u00eb, p\u00ebr k\u00ebt\u00eb skem\u00eb godit\u00ebse prej \u201c\u00e7akejve\u201d t\u00eb LSI, q\u00eb jan\u00eb pjes\u00eb e \u201cshpell\u00ebs\u201d s\u00eb pushtetit \u201cBerisha\u201d.<\/p>\n<p><strong>Dyndje tek MUL NOKA, 450 k\u00ebrkesa kuksian\u00ebsh p\u00ebr pun\u00ebsim n\u00eb polici<\/strong><\/p>\n<p>T\u00eb tre individ\u00ebt e pushtetit Nishani, Olldashi e Basha, q\u00eb kan\u00eb qen\u00eb n\u00eb bordero si \u201cministra rendi\u201d, kan\u00eb patur t\u00eb drejt\u00ebn t\u00eb mbushin ca zyra dhe me individ\u00eb t\u00eb familjeve, krushqive, shok\u00ebve, zonave, fiseve e \u201ctrimave\u201d q\u00eb mbajn\u00eb pas menderes. Por ajo q\u00eb ka ndodhur brenda 1 jave me ministrin e ri t\u00eb Rendit Flamur Noka, me k\u00ebrkesat p\u00ebr vende pune n\u00eb polici, nuk ka ndodhur me asnj\u00eb minist\u00ebr as brenda 1 viti. Sipas nj\u00eb informacioni nga brenda ministris\u00eb s\u00eb Rendit, m\u00ebsohet se q\u00eb jav\u00ebn e par\u00eb pasi Flamur Noka \u00ebsht\u00eb em\u00ebruar Minist\u00ebr Rendi, n\u00eb drejtorin\u00eb e burimeve njer\u00ebzore n\u00eb k\u00ebt\u00eb ministri, kan\u00eb v\u00ebrshuar mij\u00ebra k\u00ebrkesa p\u00ebr pun\u00ebsim n\u00eb t\u00eb gjith\u00eb sektor\u00ebt e policis\u00eb s\u00eb shtetit.<\/p>\n<p>Sipas k\u00ebtij burimi, \u201cbumi\u201d i k\u00ebrkesave p\u00ebr pun\u00ebsim n\u00eb polici i p\u00ebrkasin kuksian\u00ebve me banim n\u00eb Kuk\u00ebs, Tiran\u00eb, Bathore, Paskuqan, Durr\u00ebs, Lezh\u00eb, Shkod\u00ebr. Gjithsej, mbi tavolin\u00ebn e minist\u00ebr MULIT, jan\u00eb stivosur afro 450 k\u00ebrkesa kuksian\u00ebsh p\u00ebr vende pune e poste n\u00eb polici, pa llogaritur k\u00ebrkesat q\u00eb v\u00ebrshojn\u00eb n\u00eb sht\u00ebpin\u00eb, n\u00eb celularin, familjen, krushqin\u00eb, shok\u00ebt, koleg\u00ebt deputet\u00eb e politikan\u00eb, madje deri tek buodigard\u00ebt dhe shofer\u00ebt e ministrit.<\/p>\n<p>Faktikisht, shum\u00eb nga k\u00ebto k\u00ebrkesa kan\u00eb kaluar p\u00ebr zbatim dhe disa realizuar q\u00eb dit\u00ebn e par\u00eb t\u00eb pun\u00ebs s\u00eb minist\u00ebr MULIT. Nd\u00ebrkoh\u00eb n\u00eb sekretarin\u00eb e ministris\u00eb, vazhdojn\u00eb t\u00eb dynden pa pushim zarfe me emra me origjin\u00eb e vendbanim kuksian\u00ebsh, me k\u00ebrkesa p\u00ebr pun\u00eb n\u00eb polici. Sipas konfirmimit, shumica e kuksian\u00ebve i k\u00ebrkojn\u00eb \u201cministrit t\u00eb tyre\u201d t\u00eb pun\u00ebsohen n\u00eb qarkullimin rrugor, n\u00eb makinat e grupeve t\u00eb gatshme, tek \u201c129\u201d, n\u00eb krimin ekonomik, n\u00eb komisariate e drejtori policie rrethesh, n\u00eb sh\u00ebrbimin kufitar, n\u00eb dogana e deri n\u00eb zjarrfik\u00ebse dhe emergjencat civile.<\/p>\n","protected":false},"excerpt":{"rendered":"<p>Nga P\u00ebrparim Halili, 4 Gusht 2012 Brenda \u00e7do pushteti e qeverie ka nepotiz\u00ebm, klienteliz\u00ebm, b\u00ebhen pazare, abuzime e prapaskena p\u00ebr goditje brenda e jasht\u00eb \u201cllojit\u201d. Por nepotizmi, klientelizmi, pazaret, intrigat e prapaskenat q\u00eb po b\u00ebhen n\u00eb pushtetin dhe qeverisjen shqiptare 2009-2012 t\u00eb ortak\u00ebve politiko-ekonomik Berisha-Meta, i ka kaluar dhe praktikat banditeske t\u00eb \u00e7etave t\u00eb ka\u00e7ak\u00ebve, [&hellip;]<\/p>\n","protected":false},"author":1,"featured_media":0,"comment_status":"open","ping_status":"closed","sticky":false,"template":"","format":"standard","meta":{"footnotes":""},"categories":[2],"tags":[],"class_list":{"0":"post-4198","1":"post","2":"type-post","3":"status-publish","4":"format-standard","6":"category-artikuj"},"yoast_head":"<!-- This site is optimized with the Yoast SEO plugin v27.4 - https:\/\/yoast.com\/product\/yoast-seo-wordpress\/ -->\n<title>Bab\u00ebzi, nepotiz\u00ebm e intriga n\u00eb \u201cshpell\u00ebn\u201d Berisha-Meta - FjALA e LIR\u00cb - Arkivi<\/title>\n<meta name=\"robots\" content=\"index, follow, max-snippet:-1, max-image-preview:large, max-video-preview:-1\" \/>\n<link rel=\"canonical\" href=\"https:\/\/fjala.info\/2009-2015\/babezi-nepotizem-e-intriga-ne-shpellen-berisha-meta\/\" \/>\n<meta property=\"og:locale\" content=\"sq_AL\" \/>\n<meta property=\"og:type\" content=\"article\" \/>\n<meta property=\"og:title\" content=\"Bab\u00ebzi, nepotiz\u00ebm e intriga n\u00eb \u201cshpell\u00ebn\u201d Berisha-Meta - FjALA e LIR\u00cb - Arkivi\" \/>\n<meta property=\"og:description\" content=\"Nga P\u00ebrparim Halili, 4 Gusht 2012 Brenda \u00e7do pushteti e qeverie ka nepotiz\u00ebm, klienteliz\u00ebm, b\u00ebhen pazare, abuzime e prapaskena p\u00ebr goditje brenda e jasht\u00eb \u201cllojit\u201d. Por nepotizmi, klientelizmi, pazaret, intrigat e prapaskenat q\u00eb po b\u00ebhen n\u00eb pushtetin dhe qeverisjen shqiptare 2009-2012 t\u00eb ortak\u00ebve politiko-ekonomik Berisha-Meta, i ka kaluar dhe praktikat banditeske t\u00eb \u00e7etave t\u00eb ka\u00e7ak\u00ebve, [&hellip;]\" \/>\n<meta property=\"og:url\" content=\"https:\/\/fjala.info\/2009-2015\/babezi-nepotizem-e-intriga-ne-shpellen-berisha-meta\/\" \/>\n<meta property=\"og:site_name\" content=\"FjALA e LIR\u00cb - Arkivi\" \/>\n<meta property=\"article:published_time\" content=\"2012-08-05T06:56:26+00:00\" \/>\n<meta property=\"og:image\" content=\"http:\/\/www.fjala.info\/2012\/berisha_meta.jpg\" \/>\n<meta name=\"author\" content=\"admin\" \/>\n<meta name=\"twitter:card\" content=\"summary_large_image\" \/>\n<meta name=\"twitter:label1\" content=\"Written by\" \/>\n\t<meta name=\"twitter:data1\" content=\"admin\" \/>\n\t<meta name=\"twitter:label2\" content=\"Est. reading time\" \/>\n\t<meta name=\"twitter:data2\" content=\"7 minutes\" \/>\n<script type=\"application\/ld+json\" class=\"yoast-schema-graph\">{\"@context\":\"https:\\\/\\\/schema.org\",\"@graph\":[{\"@type\":\"Article\",\"@id\":\"https:\\\/\\\/fjala.info\\\/2009-2015\\\/babezi-nepotizem-e-intriga-ne-shpellen-berisha-meta\\\/#article\",\"isPartOf\":{\"@id\":\"https:\\\/\\\/fjala.info\\\/2009-2015\\\/babezi-nepotizem-e-intriga-ne-shpellen-berisha-meta\\\/\"},\"author\":{\"name\":\"admin\",\"@id\":\"https:\\\/\\\/fjala.info\\\/2009-2015\\\/#\\\/schema\\\/person\\\/3aa1163ef05469c496fc94e77611ada2\"},\"headline\":\"Bab\u00ebzi, nepotiz\u00ebm e intriga n\u00eb \u201cshpell\u00ebn\u201d Berisha-Meta\",\"datePublished\":\"2012-08-05T06:56:26+00:00\",\"mainEntityOfPage\":{\"@id\":\"https:\\\/\\\/fjala.info\\\/2009-2015\\\/babezi-nepotizem-e-intriga-ne-shpellen-berisha-meta\\\/\"},\"wordCount\":1477,\"commentCount\":0,\"publisher\":{\"@id\":\"https:\\\/\\\/fjala.info\\\/2009-2015\\\/#organization\"},\"image\":{\"@id\":\"https:\\\/\\\/fjala.info\\\/2009-2015\\\/babezi-nepotizem-e-intriga-ne-shpellen-berisha-meta\\\/#primaryimage\"},\"thumbnailUrl\":\"http:\\\/\\\/www.fjala.info\\\/2012\\\/berisha_meta.jpg\",\"articleSection\":[\"Artikuj\"],\"inLanguage\":\"sq-AL\",\"potentialAction\":[{\"@type\":\"CommentAction\",\"name\":\"Comment\",\"target\":[\"https:\\\/\\\/fjala.info\\\/2009-2015\\\/babezi-nepotizem-e-intriga-ne-shpellen-berisha-meta\\\/#respond\"]}]},{\"@type\":\"WebPage\",\"@id\":\"https:\\\/\\\/fjala.info\\\/2009-2015\\\/babezi-nepotizem-e-intriga-ne-shpellen-berisha-meta\\\/\",\"url\":\"https:\\\/\\\/fjala.info\\\/2009-2015\\\/babezi-nepotizem-e-intriga-ne-shpellen-berisha-meta\\\/\",\"name\":\"Bab\u00ebzi, nepotiz\u00ebm e intriga n\u00eb \u201cshpell\u00ebn\u201d Berisha-Meta - FjALA e LIR\u00cb - Arkivi\",\"isPartOf\":{\"@id\":\"https:\\\/\\\/fjala.info\\\/2009-2015\\\/#website\"},\"primaryImageOfPage\":{\"@id\":\"https:\\\/\\\/fjala.info\\\/2009-2015\\\/babezi-nepotizem-e-intriga-ne-shpellen-berisha-meta\\\/#primaryimage\"},\"image\":{\"@id\":\"https:\\\/\\\/fjala.info\\\/2009-2015\\\/babezi-nepotizem-e-intriga-ne-shpellen-berisha-meta\\\/#primaryimage\"},\"thumbnailUrl\":\"http:\\\/\\\/www.fjala.info\\\/2012\\\/berisha_meta.jpg\",\"datePublished\":\"2012-08-05T06:56:26+00:00\",\"breadcrumb\":{\"@id\":\"https:\\\/\\\/fjala.info\\\/2009-2015\\\/babezi-nepotizem-e-intriga-ne-shpellen-berisha-meta\\\/#breadcrumb\"},\"inLanguage\":\"sq-AL\",\"potentialAction\":[{\"@type\":\"ReadAction\",\"target\":[\"https:\\\/\\\/fjala.info\\\/2009-2015\\\/babezi-nepotizem-e-intriga-ne-shpellen-berisha-meta\\\/\"]}]},{\"@type\":\"ImageObject\",\"inLanguage\":\"sq-AL\",\"@id\":\"https:\\\/\\\/fjala.info\\\/2009-2015\\\/babezi-nepotizem-e-intriga-ne-shpellen-berisha-meta\\\/#primaryimage\",\"url\":\"http:\\\/\\\/www.fjala.info\\\/2012\\\/berisha_meta.jpg\",\"contentUrl\":\"http:\\\/\\\/www.fjala.info\\\/2012\\\/berisha_meta.jpg\"},{\"@type\":\"BreadcrumbList\",\"@id\":\"https:\\\/\\\/fjala.info\\\/2009-2015\\\/babezi-nepotizem-e-intriga-ne-shpellen-berisha-meta\\\/#breadcrumb\",\"itemListElement\":[{\"@type\":\"ListItem\",\"position\":1,\"name\":\"Home\",\"item\":\"https:\\\/\\\/fjala.info\\\/2009-2015\\\/\"},{\"@type\":\"ListItem\",\"position\":2,\"name\":\"Bab\u00ebzi, nepotiz\u00ebm e intriga n\u00eb \u201cshpell\u00ebn\u201d Berisha-Meta\"}]},{\"@type\":\"WebSite\",\"@id\":\"https:\\\/\\\/fjala.info\\\/2009-2015\\\/#website\",\"url\":\"https:\\\/\\\/fjala.info\\\/2009-2015\\\/\",\"name\":\"FjALA e LIR\u00cb - Arkivi\",\"description\":\"Arkivi 2009-2015\",\"publisher\":{\"@id\":\"https:\\\/\\\/fjala.info\\\/2009-2015\\\/#organization\"},\"potentialAction\":[{\"@type\":\"SearchAction\",\"target\":{\"@type\":\"EntryPoint\",\"urlTemplate\":\"https:\\\/\\\/fjala.info\\\/2009-2015\\\/?s={search_term_string}\"},\"query-input\":{\"@type\":\"PropertyValueSpecification\",\"valueRequired\":true,\"valueName\":\"search_term_string\"}}],\"inLanguage\":\"sq-AL\"},{\"@type\":\"Organization\",\"@id\":\"https:\\\/\\\/fjala.info\\\/2009-2015\\\/#organization\",\"name\":\"FjALA e LIR\u00cb - Arkivi\",\"url\":\"https:\\\/\\\/fjala.info\\\/2009-2015\\\/\",\"logo\":{\"@type\":\"ImageObject\",\"inLanguage\":\"sq-AL\",\"@id\":\"https:\\\/\\\/fjala.info\\\/2009-2015\\\/#\\\/schema\\\/logo\\\/image\\\/\",\"url\":\"\",\"contentUrl\":\"\",\"caption\":\"FjALA e LIR\u00cb - Arkivi\"},\"image\":{\"@id\":\"https:\\\/\\\/fjala.info\\\/2009-2015\\\/#\\\/schema\\\/logo\\\/image\\\/\"}},{\"@type\":\"Person\",\"@id\":\"https:\\\/\\\/fjala.info\\\/2009-2015\\\/#\\\/schema\\\/person\\\/3aa1163ef05469c496fc94e77611ada2\",\"name\":\"admin\",\"image\":{\"@type\":\"ImageObject\",\"inLanguage\":\"sq-AL\",\"@id\":\"https:\\\/\\\/fjala.info\\\/2009-2015\\\/wp-content\\\/uploads\\\/2012\\\/02\\\/arben_cokaj-120x150.jpg\",\"url\":\"https:\\\/\\\/fjala.info\\\/2009-2015\\\/wp-content\\\/uploads\\\/2012\\\/02\\\/arben_cokaj-120x150.jpg\",\"contentUrl\":\"https:\\\/\\\/fjala.info\\\/2009-2015\\\/wp-content\\\/uploads\\\/2012\\\/02\\\/arben_cokaj-120x150.jpg\",\"caption\":\"admin\"},\"description\":\"Admin, Fjala e Lir\u00eb\",\"sameAs\":[\"https:\\\/\\\/fjala.info\\\/\"],\"url\":\"https:\\\/\\\/fjala.info\\\/2009-2015\\\/author\\\/admin\\\/\"}]}<\/script>\n<!-- \/ Yoast SEO plugin. -->","yoast_head_json":{"title":"Bab\u00ebzi, nepotiz\u00ebm e intriga n\u00eb \u201cshpell\u00ebn\u201d Berisha-Meta - FjALA e LIR\u00cb - Arkivi","robots":{"index":"index","follow":"follow","max-snippet":"max-snippet:-1","max-image-preview":"max-image-preview:large","max-video-preview":"max-video-preview:-1"},"canonical":"https:\/\/fjala.info\/2009-2015\/babezi-nepotizem-e-intriga-ne-shpellen-berisha-meta\/","og_locale":"sq_AL","og_type":"article","og_title":"Bab\u00ebzi, nepotiz\u00ebm e intriga n\u00eb \u201cshpell\u00ebn\u201d Berisha-Meta - FjALA e LIR\u00cb - Arkivi","og_description":"Nga P\u00ebrparim Halili, 4 Gusht 2012 Brenda \u00e7do pushteti e qeverie ka nepotiz\u00ebm, klienteliz\u00ebm, b\u00ebhen pazare, abuzime e prapaskena p\u00ebr goditje brenda e jasht\u00eb \u201cllojit\u201d. Por nepotizmi, klientelizmi, pazaret, intrigat e prapaskenat q\u00eb po b\u00ebhen n\u00eb pushtetin dhe qeverisjen shqiptare 2009-2012 t\u00eb ortak\u00ebve politiko-ekonomik Berisha-Meta, i ka kaluar dhe praktikat banditeske t\u00eb \u00e7etave t\u00eb ka\u00e7ak\u00ebve, [&hellip;]","og_url":"https:\/\/fjala.info\/2009-2015\/babezi-nepotizem-e-intriga-ne-shpellen-berisha-meta\/","og_site_name":"FjALA e LIR\u00cb - Arkivi","article_published_time":"2012-08-05T06:56:26+00:00","og_image":[{"url":"http:\/\/www.fjala.info\/2012\/berisha_meta.jpg","type":"","width":"","height":""}],"author":"admin","twitter_card":"summary_large_image","twitter_misc":{"Written by":"admin","Est. reading time":"7 minutes"},"schema":{"@context":"https:\/\/schema.org","@graph":[{"@type":"Article","@id":"https:\/\/fjala.info\/2009-2015\/babezi-nepotizem-e-intriga-ne-shpellen-berisha-meta\/#article","isPartOf":{"@id":"https:\/\/fjala.info\/2009-2015\/babezi-nepotizem-e-intriga-ne-shpellen-berisha-meta\/"},"author":{"name":"admin","@id":"https:\/\/fjala.info\/2009-2015\/#\/schema\/person\/3aa1163ef05469c496fc94e77611ada2"},"headline":"Bab\u00ebzi, nepotiz\u00ebm e intriga n\u00eb \u201cshpell\u00ebn\u201d Berisha-Meta","datePublished":"2012-08-05T06:56:26+00:00","mainEntityOfPage":{"@id":"https:\/\/fjala.info\/2009-2015\/babezi-nepotizem-e-intriga-ne-shpellen-berisha-meta\/"},"wordCount":1477,"commentCount":0,"publisher":{"@id":"https:\/\/fjala.info\/2009-2015\/#organization"},"image":{"@id":"https:\/\/fjala.info\/2009-2015\/babezi-nepotizem-e-intriga-ne-shpellen-berisha-meta\/#primaryimage"},"thumbnailUrl":"http:\/\/www.fjala.info\/2012\/berisha_meta.jpg","articleSection":["Artikuj"],"inLanguage":"sq-AL","potentialAction":[{"@type":"CommentAction","name":"Comment","target":["https:\/\/fjala.info\/2009-2015\/babezi-nepotizem-e-intriga-ne-shpellen-berisha-meta\/#respond"]}]},{"@type":"WebPage","@id":"https:\/\/fjala.info\/2009-2015\/babezi-nepotizem-e-intriga-ne-shpellen-berisha-meta\/","url":"https:\/\/fjala.info\/2009-2015\/babezi-nepotizem-e-intriga-ne-shpellen-berisha-meta\/","name":"Bab\u00ebzi, nepotiz\u00ebm e intriga n\u00eb \u201cshpell\u00ebn\u201d Berisha-Meta - FjALA e LIR\u00cb - Arkivi","isPartOf":{"@id":"https:\/\/fjala.info\/2009-2015\/#website"},"primaryImageOfPage":{"@id":"https:\/\/fjala.info\/2009-2015\/babezi-nepotizem-e-intriga-ne-shpellen-berisha-meta\/#primaryimage"},"image":{"@id":"https:\/\/fjala.info\/2009-2015\/babezi-nepotizem-e-intriga-ne-shpellen-berisha-meta\/#primaryimage"},"thumbnailUrl":"http:\/\/www.fjala.info\/2012\/berisha_meta.jpg","datePublished":"2012-08-05T06:56:26+00:00","breadcrumb":{"@id":"https:\/\/fjala.info\/2009-2015\/babezi-nepotizem-e-intriga-ne-shpellen-berisha-meta\/#breadcrumb"},"inLanguage":"sq-AL","potentialAction":[{"@type":"ReadAction","target":["https:\/\/fjala.info\/2009-2015\/babezi-nepotizem-e-intriga-ne-shpellen-berisha-meta\/"]}]},{"@type":"ImageObject","inLanguage":"sq-AL","@id":"https:\/\/fjala.info\/2009-2015\/babezi-nepotizem-e-intriga-ne-shpellen-berisha-meta\/#primaryimage","url":"http:\/\/www.fjala.info\/2012\/berisha_meta.jpg","contentUrl":"http:\/\/www.fjala.info\/2012\/berisha_meta.jpg"},{"@type":"BreadcrumbList","@id":"https:\/\/fjala.info\/2009-2015\/babezi-nepotizem-e-intriga-ne-shpellen-berisha-meta\/#breadcrumb","itemListElement":[{"@type":"ListItem","position":1,"name":"Home","item":"https:\/\/fjala.info\/2009-2015\/"},{"@type":"ListItem","position":2,"name":"Bab\u00ebzi, nepotiz\u00ebm e intriga n\u00eb \u201cshpell\u00ebn\u201d Berisha-Meta"}]},{"@type":"WebSite","@id":"https:\/\/fjala.info\/2009-2015\/#website","url":"https:\/\/fjala.info\/2009-2015\/","name":"FjALA e LIR\u00cb - Arkivi","description":"Arkivi 2009-2015","publisher":{"@id":"https:\/\/fjala.info\/2009-2015\/#organization"},"potentialAction":[{"@type":"SearchAction","target":{"@type":"EntryPoint","urlTemplate":"https:\/\/fjala.info\/2009-2015\/?s={search_term_string}"},"query-input":{"@type":"PropertyValueSpecification","valueRequired":true,"valueName":"search_term_string"}}],"inLanguage":"sq-AL"},{"@type":"Organization","@id":"https:\/\/fjala.info\/2009-2015\/#organization","name":"FjALA e LIR\u00cb - Arkivi","url":"https:\/\/fjala.info\/2009-2015\/","logo":{"@type":"ImageObject","inLanguage":"sq-AL","@id":"https:\/\/fjala.info\/2009-2015\/#\/schema\/logo\/image\/","url":"","contentUrl":"","caption":"FjALA e LIR\u00cb - Arkivi"},"image":{"@id":"https:\/\/fjala.info\/2009-2015\/#\/schema\/logo\/image\/"}},{"@type":"Person","@id":"https:\/\/fjala.info\/2009-2015\/#\/schema\/person\/3aa1163ef05469c496fc94e77611ada2","name":"admin","image":{"@type":"ImageObject","inLanguage":"sq-AL","@id":"https:\/\/fjala.info\/2009-2015\/wp-content\/uploads\/2012\/02\/arben_cokaj-120x150.jpg","url":"https:\/\/fjala.info\/2009-2015\/wp-content\/uploads\/2012\/02\/arben_cokaj-120x150.jpg","contentUrl":"https:\/\/fjala.info\/2009-2015\/wp-content\/uploads\/2012\/02\/arben_cokaj-120x150.jpg","caption":"admin"},"description":"Admin, Fjala e Lir\u00eb","sameAs":["https:\/\/fjala.info\/"],"url":"https:\/\/fjala.info\/2009-2015\/author\/admin\/"}]}},"_links":{"self":[{"href":"https:\/\/fjala.info\/2009-2015\/wp-json\/wp\/v2\/posts\/4198","targetHints":{"allow":["GET"]}}],"collection":[{"href":"https:\/\/fjala.info\/2009-2015\/wp-json\/wp\/v2\/posts"}],"about":[{"href":"https:\/\/fjala.info\/2009-2015\/wp-json\/wp\/v2\/types\/post"}],"author":[{"embeddable":true,"href":"https:\/\/fjala.info\/2009-2015\/wp-json\/wp\/v2\/users\/1"}],"replies":[{"embeddable":true,"href":"https:\/\/fjala.info\/2009-2015\/wp-json\/wp\/v2\/comments?post=4198"}],"version-history":[{"count":0,"href":"https:\/\/fjala.info\/2009-2015\/wp-json\/wp\/v2\/posts\/4198\/revisions"}],"wp:attachment":[{"href":"https:\/\/fjala.info\/2009-2015\/wp-json\/wp\/v2\/media?parent=4198"}],"wp:term":[{"taxonomy":"category","embeddable":true,"href":"https:\/\/fjala.info\/2009-2015\/wp-json\/wp\/v2\/categories?post=4198"},{"taxonomy":"post_tag","embeddable":true,"href":"https:\/\/fjala.info\/2009-2015\/wp-json\/wp\/v2\/tags?post=4198"}],"curies":[{"name":"wp","href":"https:\/\/api.w.org\/{rel}","templated":true}]}}