{"id":4193,"date":"2012-08-05T07:38:40","date_gmt":"2012-08-05T06:38:40","guid":{"rendered":"http:\/\/www.fjala.info\/?p=4193"},"modified":"2012-08-05T07:38:40","modified_gmt":"2012-08-05T06:38:40","slug":"cfare-perfitojne-shqiptaret-nga-privatizimi-i-atdheut-prej-berishes","status":"publish","type":"post","link":"https:\/\/fjala.info\/2009-2015\/cfare-perfitojne-shqiptaret-nga-privatizimi-i-atdheut-prej-berishes\/","title":{"rendered":"\u00c7far\u00eb p\u00ebrfitojn\u00eb shqiptar\u00ebt nga privatizimi i atdheut prej Berish\u00ebs?"},"content":{"rendered":"<p><img decoding=\"async\" class=\"alignleft size-thumbnail wp-image-7236\" title=\"Sali Berisha real\" src=\"http:\/\/www.fjala.info\/2012\/sali_berisha_real.jpg\" alt=\"\" width=\"300\" \/> Nga <strong>Erjon Bra\u00e7e<\/strong>, 4 Gusht 2012<\/p>\n<p>Sali Berisha i ka hequr t\u00eb drejt\u00ebn shtetit shqiptar mbi vendburimet e naft\u00ebs!<\/p>\n<p>Pra, shteti shqiptar shfryt\u00ebzimin e pasuris\u00eb m\u00eb t\u00eb madhe komb\u00ebtare ua ka l\u00ebshuar pa lek privat\u00ebve.<\/p>\n<p>Sali Berisha \u00ebsht\u00eb ideologu i \u2018<em>atdheut privat<\/em>\u2019.<\/p>\n<p>Po mir\u00eb, \u00e7far\u00eb p\u00ebrfitojn\u00eb shqiptar\u00ebt nga privatizimi i atdheut prej Sali Berish\u00ebs? Asgj\u00eb!<\/p>\n<p>Ja shembulli: Berisha i ka dh\u00ebn\u00eb Bankers Petroleum vendburimin m\u00eb t\u00eb madh t\u00eb naft\u00ebs, Patos-Marin\u00ebz.<\/p>\n<p>P\u00ebr vitin 2011, <strong>Bankers Petroleum<\/strong> shiti 742 mij\u00eb ton naft\u00eb t\u00eb n\u00ebntok\u00ebs shqiptare.<\/p>\n<p>P\u00ebr vitin 2011, Bankers Petroleum ark\u00ebtoi t\u00eb ardhura t\u00eb tatueshme 38 miliard lek t\u00eb reja ose 350 milion dollar\u00eb.<\/p>\n<p>Po \u00e7far\u00eb p\u00ebrfituan shqiptar\u00ebt?<\/p>\n<p>Bankers Petroleum i pagoi ark\u00ebs s\u00eb shqiptar\u00ebve, buxhetit t\u00eb shtetit, \u2018<em>zero lek<\/em>\u2019 tatim fitimi!<\/p>\n<p>Mendojeni, t\u00eb shes\u00eb 742 mij\u00eb ton naft\u00eb dhe t\u00eb paguaj\u00eb\u00a00 lek tatim fitimi!<\/p>\n<p>Ky \u00ebsht\u00eb skandal! Kjo \u00ebsht\u00eb zhvatje n\u00eb mir\u00ebkuptim me Sali Berish\u00ebn, me qeverin\u00eb e tij, ministrin\u00eb e Ekonomis\u00eb, Agjencin\u00eb e Burimeve Natyrore, Drejtorin\u00eb e Tatimeve.<\/p>\n<p>Bankers \u00ebsht\u00eb n\u00eb vitin e tet\u00eb t\u00eb administrimit t\u00eb naft\u00ebs shqiptare dhe p\u00ebr tet\u00eb vite ka paguar zero lek tatim fitimi! Besoj se kjo periudh\u00eb e b\u00ebn edhe m\u00eb t\u00eb kuptueshme zhvatjen si produkt i \u2018atdheut privat\u2019\/<\/p>\n<p>Prej tre vitesh, ministrin\u00eb e Ekonomis\u00eb e drejton LSI. Dua ta pyes Luan Ram\u00ebn: po k\u00ebt\u00eb zhvatje, imuniteti e ka penguar t\u00eb hetohet!<\/p>\n<p>FUSNOTE: <em>Shifrat jan\u00eb t\u00eb fresk\u00ebta, nga tatimet e Tiran\u00ebs kan\u00eb dal\u00eb<\/em>.<\/p>\n","protected":false},"excerpt":{"rendered":"<p>Nga Erjon Bra\u00e7e, 4 Gusht 2012 Sali Berisha i ka hequr t\u00eb drejt\u00ebn shtetit shqiptar mbi vendburimet e naft\u00ebs! Pra, shteti shqiptar shfryt\u00ebzimin e pasuris\u00eb m\u00eb t\u00eb madhe komb\u00ebtare ua ka l\u00ebshuar pa lek privat\u00ebve. Sali Berisha \u00ebsht\u00eb ideologu i \u2018atdheut privat\u2019. Po mir\u00eb, \u00e7far\u00eb p\u00ebrfitojn\u00eb shqiptar\u00ebt nga privatizimi i atdheut prej Sali Berish\u00ebs? Asgj\u00eb! [&hellip;]<\/p>\n","protected":false},"author":1,"featured_media":0,"comment_status":"open","ping_status":"closed","sticky":false,"template":"","format":"standard","meta":{"footnotes":""},"categories":[2],"tags":[],"class_list":{"0":"post-4193","1":"post","2":"type-post","3":"status-publish","4":"format-standard","6":"category-artikuj"},"yoast_head":"<!-- This site is optimized with the Yoast SEO plugin v27.4 - https:\/\/yoast.com\/product\/yoast-seo-wordpress\/ -->\n<title>\u00c7far\u00eb p\u00ebrfitojn\u00eb shqiptar\u00ebt nga privatizimi i atdheut prej Berish\u00ebs? - FjALA e LIR\u00cb - Arkivi<\/title>\n<meta name=\"robots\" content=\"index, follow, max-snippet:-1, max-image-preview:large, max-video-preview:-1\" \/>\n<link rel=\"canonical\" href=\"https:\/\/fjala.info\/2009-2015\/cfare-perfitojne-shqiptaret-nga-privatizimi-i-atdheut-prej-berishes\/\" \/>\n<meta property=\"og:locale\" content=\"sq_AL\" \/>\n<meta property=\"og:type\" content=\"article\" \/>\n<meta property=\"og:title\" content=\"\u00c7far\u00eb p\u00ebrfitojn\u00eb shqiptar\u00ebt nga privatizimi i atdheut prej Berish\u00ebs? - FjALA e LIR\u00cb - Arkivi\" \/>\n<meta property=\"og:description\" content=\"Nga Erjon Bra\u00e7e, 4 Gusht 2012 Sali Berisha i ka hequr t\u00eb drejt\u00ebn shtetit shqiptar mbi vendburimet e naft\u00ebs! Pra, shteti shqiptar shfryt\u00ebzimin e pasuris\u00eb m\u00eb t\u00eb madhe komb\u00ebtare ua ka l\u00ebshuar pa lek privat\u00ebve. Sali Berisha \u00ebsht\u00eb ideologu i \u2018atdheut privat\u2019. Po mir\u00eb, \u00e7far\u00eb p\u00ebrfitojn\u00eb shqiptar\u00ebt nga privatizimi i atdheut prej Sali Berish\u00ebs? Asgj\u00eb! [&hellip;]\" \/>\n<meta property=\"og:url\" content=\"https:\/\/fjala.info\/2009-2015\/cfare-perfitojne-shqiptaret-nga-privatizimi-i-atdheut-prej-berishes\/\" \/>\n<meta property=\"og:site_name\" content=\"FjALA e LIR\u00cb - Arkivi\" \/>\n<meta property=\"article:published_time\" content=\"2012-08-05T06:38:40+00:00\" \/>\n<meta property=\"og:image\" content=\"http:\/\/www.fjala.info\/2012\/sali_berisha_real.jpg\" \/>\n<meta name=\"author\" content=\"admin\" \/>\n<meta name=\"twitter:card\" content=\"summary_large_image\" \/>\n<meta name=\"twitter:label1\" content=\"Written by\" \/>\n\t<meta name=\"twitter:data1\" content=\"admin\" \/>\n\t<meta name=\"twitter:label2\" content=\"Est. reading time\" \/>\n\t<meta name=\"twitter:data2\" content=\"1 minute\" \/>\n<script type=\"application\/ld+json\" class=\"yoast-schema-graph\">{\"@context\":\"https:\\\/\\\/schema.org\",\"@graph\":[{\"@type\":\"Article\",\"@id\":\"https:\\\/\\\/fjala.info\\\/2009-2015\\\/cfare-perfitojne-shqiptaret-nga-privatizimi-i-atdheut-prej-berishes\\\/#article\",\"isPartOf\":{\"@id\":\"https:\\\/\\\/fjala.info\\\/2009-2015\\\/cfare-perfitojne-shqiptaret-nga-privatizimi-i-atdheut-prej-berishes\\\/\"},\"author\":{\"name\":\"admin\",\"@id\":\"https:\\\/\\\/fjala.info\\\/2009-2015\\\/#\\\/schema\\\/person\\\/3aa1163ef05469c496fc94e77611ada2\"},\"headline\":\"\u00c7far\u00eb p\u00ebrfitojn\u00eb shqiptar\u00ebt nga privatizimi i atdheut prej Berish\u00ebs?\",\"datePublished\":\"2012-08-05T06:38:40+00:00\",\"mainEntityOfPage\":{\"@id\":\"https:\\\/\\\/fjala.info\\\/2009-2015\\\/cfare-perfitojne-shqiptaret-nga-privatizimi-i-atdheut-prej-berishes\\\/\"},\"wordCount\":264,\"commentCount\":0,\"publisher\":{\"@id\":\"https:\\\/\\\/fjala.info\\\/2009-2015\\\/#organization\"},\"image\":{\"@id\":\"https:\\\/\\\/fjala.info\\\/2009-2015\\\/cfare-perfitojne-shqiptaret-nga-privatizimi-i-atdheut-prej-berishes\\\/#primaryimage\"},\"thumbnailUrl\":\"http:\\\/\\\/www.fjala.info\\\/2012\\\/sali_berisha_real.jpg\",\"articleSection\":[\"Artikuj\"],\"inLanguage\":\"sq-AL\",\"potentialAction\":[{\"@type\":\"CommentAction\",\"name\":\"Comment\",\"target\":[\"https:\\\/\\\/fjala.info\\\/2009-2015\\\/cfare-perfitojne-shqiptaret-nga-privatizimi-i-atdheut-prej-berishes\\\/#respond\"]}]},{\"@type\":\"WebPage\",\"@id\":\"https:\\\/\\\/fjala.info\\\/2009-2015\\\/cfare-perfitojne-shqiptaret-nga-privatizimi-i-atdheut-prej-berishes\\\/\",\"url\":\"https:\\\/\\\/fjala.info\\\/2009-2015\\\/cfare-perfitojne-shqiptaret-nga-privatizimi-i-atdheut-prej-berishes\\\/\",\"name\":\"\u00c7far\u00eb p\u00ebrfitojn\u00eb shqiptar\u00ebt nga privatizimi i atdheut prej Berish\u00ebs? - FjALA e LIR\u00cb - Arkivi\",\"isPartOf\":{\"@id\":\"https:\\\/\\\/fjala.info\\\/2009-2015\\\/#website\"},\"primaryImageOfPage\":{\"@id\":\"https:\\\/\\\/fjala.info\\\/2009-2015\\\/cfare-perfitojne-shqiptaret-nga-privatizimi-i-atdheut-prej-berishes\\\/#primaryimage\"},\"image\":{\"@id\":\"https:\\\/\\\/fjala.info\\\/2009-2015\\\/cfare-perfitojne-shqiptaret-nga-privatizimi-i-atdheut-prej-berishes\\\/#primaryimage\"},\"thumbnailUrl\":\"http:\\\/\\\/www.fjala.info\\\/2012\\\/sali_berisha_real.jpg\",\"datePublished\":\"2012-08-05T06:38:40+00:00\",\"breadcrumb\":{\"@id\":\"https:\\\/\\\/fjala.info\\\/2009-2015\\\/cfare-perfitojne-shqiptaret-nga-privatizimi-i-atdheut-prej-berishes\\\/#breadcrumb\"},\"inLanguage\":\"sq-AL\",\"potentialAction\":[{\"@type\":\"ReadAction\",\"target\":[\"https:\\\/\\\/fjala.info\\\/2009-2015\\\/cfare-perfitojne-shqiptaret-nga-privatizimi-i-atdheut-prej-berishes\\\/\"]}]},{\"@type\":\"ImageObject\",\"inLanguage\":\"sq-AL\",\"@id\":\"https:\\\/\\\/fjala.info\\\/2009-2015\\\/cfare-perfitojne-shqiptaret-nga-privatizimi-i-atdheut-prej-berishes\\\/#primaryimage\",\"url\":\"http:\\\/\\\/www.fjala.info\\\/2012\\\/sali_berisha_real.jpg\",\"contentUrl\":\"http:\\\/\\\/www.fjala.info\\\/2012\\\/sali_berisha_real.jpg\"},{\"@type\":\"BreadcrumbList\",\"@id\":\"https:\\\/\\\/fjala.info\\\/2009-2015\\\/cfare-perfitojne-shqiptaret-nga-privatizimi-i-atdheut-prej-berishes\\\/#breadcrumb\",\"itemListElement\":[{\"@type\":\"ListItem\",\"position\":1,\"name\":\"Home\",\"item\":\"https:\\\/\\\/fjala.info\\\/2009-2015\\\/\"},{\"@type\":\"ListItem\",\"position\":2,\"name\":\"\u00c7far\u00eb p\u00ebrfitojn\u00eb shqiptar\u00ebt nga privatizimi i atdheut prej Berish\u00ebs?\"}]},{\"@type\":\"WebSite\",\"@id\":\"https:\\\/\\\/fjala.info\\\/2009-2015\\\/#website\",\"url\":\"https:\\\/\\\/fjala.info\\\/2009-2015\\\/\",\"name\":\"FjALA e LIR\u00cb - Arkivi\",\"description\":\"Arkivi 2009-2015\",\"publisher\":{\"@id\":\"https:\\\/\\\/fjala.info\\\/2009-2015\\\/#organization\"},\"potentialAction\":[{\"@type\":\"SearchAction\",\"target\":{\"@type\":\"EntryPoint\",\"urlTemplate\":\"https:\\\/\\\/fjala.info\\\/2009-2015\\\/?s={search_term_string}\"},\"query-input\":{\"@type\":\"PropertyValueSpecification\",\"valueRequired\":true,\"valueName\":\"search_term_string\"}}],\"inLanguage\":\"sq-AL\"},{\"@type\":\"Organization\",\"@id\":\"https:\\\/\\\/fjala.info\\\/2009-2015\\\/#organization\",\"name\":\"FjALA e LIR\u00cb - Arkivi\",\"url\":\"https:\\\/\\\/fjala.info\\\/2009-2015\\\/\",\"logo\":{\"@type\":\"ImageObject\",\"inLanguage\":\"sq-AL\",\"@id\":\"https:\\\/\\\/fjala.info\\\/2009-2015\\\/#\\\/schema\\\/logo\\\/image\\\/\",\"url\":\"\",\"contentUrl\":\"\",\"caption\":\"FjALA e LIR\u00cb - Arkivi\"},\"image\":{\"@id\":\"https:\\\/\\\/fjala.info\\\/2009-2015\\\/#\\\/schema\\\/logo\\\/image\\\/\"}},{\"@type\":\"Person\",\"@id\":\"https:\\\/\\\/fjala.info\\\/2009-2015\\\/#\\\/schema\\\/person\\\/3aa1163ef05469c496fc94e77611ada2\",\"name\":\"admin\",\"image\":{\"@type\":\"ImageObject\",\"inLanguage\":\"sq-AL\",\"@id\":\"https:\\\/\\\/fjala.info\\\/2009-2015\\\/wp-content\\\/uploads\\\/2012\\\/02\\\/arben_cokaj-120x150.jpg\",\"url\":\"https:\\\/\\\/fjala.info\\\/2009-2015\\\/wp-content\\\/uploads\\\/2012\\\/02\\\/arben_cokaj-120x150.jpg\",\"contentUrl\":\"https:\\\/\\\/fjala.info\\\/2009-2015\\\/wp-content\\\/uploads\\\/2012\\\/02\\\/arben_cokaj-120x150.jpg\",\"caption\":\"admin\"},\"description\":\"Admin, Fjala e Lir\u00eb\",\"sameAs\":[\"https:\\\/\\\/fjala.info\\\/\"],\"url\":\"https:\\\/\\\/fjala.info\\\/2009-2015\\\/author\\\/admin\\\/\"}]}<\/script>\n<!-- \/ Yoast SEO plugin. -->","yoast_head_json":{"title":"\u00c7far\u00eb p\u00ebrfitojn\u00eb shqiptar\u00ebt nga privatizimi i atdheut prej Berish\u00ebs? - FjALA e LIR\u00cb - Arkivi","robots":{"index":"index","follow":"follow","max-snippet":"max-snippet:-1","max-image-preview":"max-image-preview:large","max-video-preview":"max-video-preview:-1"},"canonical":"https:\/\/fjala.info\/2009-2015\/cfare-perfitojne-shqiptaret-nga-privatizimi-i-atdheut-prej-berishes\/","og_locale":"sq_AL","og_type":"article","og_title":"\u00c7far\u00eb p\u00ebrfitojn\u00eb shqiptar\u00ebt nga privatizimi i atdheut prej Berish\u00ebs? - FjALA e LIR\u00cb - Arkivi","og_description":"Nga Erjon Bra\u00e7e, 4 Gusht 2012 Sali Berisha i ka hequr t\u00eb drejt\u00ebn shtetit shqiptar mbi vendburimet e naft\u00ebs! Pra, shteti shqiptar shfryt\u00ebzimin e pasuris\u00eb m\u00eb t\u00eb madhe komb\u00ebtare ua ka l\u00ebshuar pa lek privat\u00ebve. Sali Berisha \u00ebsht\u00eb ideologu i \u2018atdheut privat\u2019. Po mir\u00eb, \u00e7far\u00eb p\u00ebrfitojn\u00eb shqiptar\u00ebt nga privatizimi i atdheut prej Sali Berish\u00ebs? Asgj\u00eb! [&hellip;]","og_url":"https:\/\/fjala.info\/2009-2015\/cfare-perfitojne-shqiptaret-nga-privatizimi-i-atdheut-prej-berishes\/","og_site_name":"FjALA e LIR\u00cb - Arkivi","article_published_time":"2012-08-05T06:38:40+00:00","og_image":[{"url":"http:\/\/www.fjala.info\/2012\/sali_berisha_real.jpg","type":"","width":"","height":""}],"author":"admin","twitter_card":"summary_large_image","twitter_misc":{"Written by":"admin","Est. reading time":"1 minute"},"schema":{"@context":"https:\/\/schema.org","@graph":[{"@type":"Article","@id":"https:\/\/fjala.info\/2009-2015\/cfare-perfitojne-shqiptaret-nga-privatizimi-i-atdheut-prej-berishes\/#article","isPartOf":{"@id":"https:\/\/fjala.info\/2009-2015\/cfare-perfitojne-shqiptaret-nga-privatizimi-i-atdheut-prej-berishes\/"},"author":{"name":"admin","@id":"https:\/\/fjala.info\/2009-2015\/#\/schema\/person\/3aa1163ef05469c496fc94e77611ada2"},"headline":"\u00c7far\u00eb p\u00ebrfitojn\u00eb shqiptar\u00ebt nga privatizimi i atdheut prej Berish\u00ebs?","datePublished":"2012-08-05T06:38:40+00:00","mainEntityOfPage":{"@id":"https:\/\/fjala.info\/2009-2015\/cfare-perfitojne-shqiptaret-nga-privatizimi-i-atdheut-prej-berishes\/"},"wordCount":264,"commentCount":0,"publisher":{"@id":"https:\/\/fjala.info\/2009-2015\/#organization"},"image":{"@id":"https:\/\/fjala.info\/2009-2015\/cfare-perfitojne-shqiptaret-nga-privatizimi-i-atdheut-prej-berishes\/#primaryimage"},"thumbnailUrl":"http:\/\/www.fjala.info\/2012\/sali_berisha_real.jpg","articleSection":["Artikuj"],"inLanguage":"sq-AL","potentialAction":[{"@type":"CommentAction","name":"Comment","target":["https:\/\/fjala.info\/2009-2015\/cfare-perfitojne-shqiptaret-nga-privatizimi-i-atdheut-prej-berishes\/#respond"]}]},{"@type":"WebPage","@id":"https:\/\/fjala.info\/2009-2015\/cfare-perfitojne-shqiptaret-nga-privatizimi-i-atdheut-prej-berishes\/","url":"https:\/\/fjala.info\/2009-2015\/cfare-perfitojne-shqiptaret-nga-privatizimi-i-atdheut-prej-berishes\/","name":"\u00c7far\u00eb p\u00ebrfitojn\u00eb shqiptar\u00ebt nga privatizimi i atdheut prej Berish\u00ebs? - FjALA e LIR\u00cb - Arkivi","isPartOf":{"@id":"https:\/\/fjala.info\/2009-2015\/#website"},"primaryImageOfPage":{"@id":"https:\/\/fjala.info\/2009-2015\/cfare-perfitojne-shqiptaret-nga-privatizimi-i-atdheut-prej-berishes\/#primaryimage"},"image":{"@id":"https:\/\/fjala.info\/2009-2015\/cfare-perfitojne-shqiptaret-nga-privatizimi-i-atdheut-prej-berishes\/#primaryimage"},"thumbnailUrl":"http:\/\/www.fjala.info\/2012\/sali_berisha_real.jpg","datePublished":"2012-08-05T06:38:40+00:00","breadcrumb":{"@id":"https:\/\/fjala.info\/2009-2015\/cfare-perfitojne-shqiptaret-nga-privatizimi-i-atdheut-prej-berishes\/#breadcrumb"},"inLanguage":"sq-AL","potentialAction":[{"@type":"ReadAction","target":["https:\/\/fjala.info\/2009-2015\/cfare-perfitojne-shqiptaret-nga-privatizimi-i-atdheut-prej-berishes\/"]}]},{"@type":"ImageObject","inLanguage":"sq-AL","@id":"https:\/\/fjala.info\/2009-2015\/cfare-perfitojne-shqiptaret-nga-privatizimi-i-atdheut-prej-berishes\/#primaryimage","url":"http:\/\/www.fjala.info\/2012\/sali_berisha_real.jpg","contentUrl":"http:\/\/www.fjala.info\/2012\/sali_berisha_real.jpg"},{"@type":"BreadcrumbList","@id":"https:\/\/fjala.info\/2009-2015\/cfare-perfitojne-shqiptaret-nga-privatizimi-i-atdheut-prej-berishes\/#breadcrumb","itemListElement":[{"@type":"ListItem","position":1,"name":"Home","item":"https:\/\/fjala.info\/2009-2015\/"},{"@type":"ListItem","position":2,"name":"\u00c7far\u00eb p\u00ebrfitojn\u00eb shqiptar\u00ebt nga privatizimi i atdheut prej Berish\u00ebs?"}]},{"@type":"WebSite","@id":"https:\/\/fjala.info\/2009-2015\/#website","url":"https:\/\/fjala.info\/2009-2015\/","name":"FjALA e LIR\u00cb - Arkivi","description":"Arkivi 2009-2015","publisher":{"@id":"https:\/\/fjala.info\/2009-2015\/#organization"},"potentialAction":[{"@type":"SearchAction","target":{"@type":"EntryPoint","urlTemplate":"https:\/\/fjala.info\/2009-2015\/?s={search_term_string}"},"query-input":{"@type":"PropertyValueSpecification","valueRequired":true,"valueName":"search_term_string"}}],"inLanguage":"sq-AL"},{"@type":"Organization","@id":"https:\/\/fjala.info\/2009-2015\/#organization","name":"FjALA e LIR\u00cb - Arkivi","url":"https:\/\/fjala.info\/2009-2015\/","logo":{"@type":"ImageObject","inLanguage":"sq-AL","@id":"https:\/\/fjala.info\/2009-2015\/#\/schema\/logo\/image\/","url":"","contentUrl":"","caption":"FjALA e LIR\u00cb - Arkivi"},"image":{"@id":"https:\/\/fjala.info\/2009-2015\/#\/schema\/logo\/image\/"}},{"@type":"Person","@id":"https:\/\/fjala.info\/2009-2015\/#\/schema\/person\/3aa1163ef05469c496fc94e77611ada2","name":"admin","image":{"@type":"ImageObject","inLanguage":"sq-AL","@id":"https:\/\/fjala.info\/2009-2015\/wp-content\/uploads\/2012\/02\/arben_cokaj-120x150.jpg","url":"https:\/\/fjala.info\/2009-2015\/wp-content\/uploads\/2012\/02\/arben_cokaj-120x150.jpg","contentUrl":"https:\/\/fjala.info\/2009-2015\/wp-content\/uploads\/2012\/02\/arben_cokaj-120x150.jpg","caption":"admin"},"description":"Admin, Fjala e Lir\u00eb","sameAs":["https:\/\/fjala.info\/"],"url":"https:\/\/fjala.info\/2009-2015\/author\/admin\/"}]}},"_links":{"self":[{"href":"https:\/\/fjala.info\/2009-2015\/wp-json\/wp\/v2\/posts\/4193","targetHints":{"allow":["GET"]}}],"collection":[{"href":"https:\/\/fjala.info\/2009-2015\/wp-json\/wp\/v2\/posts"}],"about":[{"href":"https:\/\/fjala.info\/2009-2015\/wp-json\/wp\/v2\/types\/post"}],"author":[{"embeddable":true,"href":"https:\/\/fjala.info\/2009-2015\/wp-json\/wp\/v2\/users\/1"}],"replies":[{"embeddable":true,"href":"https:\/\/fjala.info\/2009-2015\/wp-json\/wp\/v2\/comments?post=4193"}],"version-history":[{"count":0,"href":"https:\/\/fjala.info\/2009-2015\/wp-json\/wp\/v2\/posts\/4193\/revisions"}],"wp:attachment":[{"href":"https:\/\/fjala.info\/2009-2015\/wp-json\/wp\/v2\/media?parent=4193"}],"wp:term":[{"taxonomy":"category","embeddable":true,"href":"https:\/\/fjala.info\/2009-2015\/wp-json\/wp\/v2\/categories?post=4193"},{"taxonomy":"post_tag","embeddable":true,"href":"https:\/\/fjala.info\/2009-2015\/wp-json\/wp\/v2\/tags?post=4193"}],"curies":[{"name":"wp","href":"https:\/\/api.w.org\/{rel}","templated":true}]}}